{"id":2248,"date":"2018-06-21T23:17:49","date_gmt":"2018-06-21T21:17:49","guid":{"rendered":"http:\/\/snetap-fsu.fr\/comp\/pdl\/?p=2248"},"modified":"2018-09-19T21:50:31","modified_gmt":"2018-09-19T19:50:31","slug":"le-ministere-de-lagriculture-veut-il-torpiller-lenseignement-agricole-public-a-jules-rieffel-la-troisieme-seconde-cest-non-pour-la-dger","status":"publish","type":"post","link":"https:\/\/regions-snetap-fsu.fr\/pdl\/2018\/06\/21\/le-ministere-de-lagriculture-veut-il-torpiller-lenseignement-agricole-public-a-jules-rieffel-la-troisieme-seconde-cest-non-pour-la-dger\/","title":{"rendered":"Le Minist\u00e8re de l&rsquo;Agriculture affaiblit l&rsquo;enseignement agricole public en Loire Atlantique."},"content":{"rendered":"<p align=\"justify\"><span style=\"font-size: 24pt\"><strong><span style=\"font-family: arial, helvetica, sans-serif\">\u00a0\u00c0 Jules Rieffel, la troisi\u00e8me Seconde : c\u2019est NON pour la DGER<\/span><\/strong><\/span><\/p>\n<p align=\"justify\"><span style=\"color: #000000;font-family: arial, helvetica, sans-serif;font-size: 12pt\">La d\u00e9l\u00e9gation mandat\u00e9e par l&rsquo;AG des personnels et par de nombreux administrateurs du Conseil d&rsquo;Administration de Nantes Terre Atlantique portait hier 20\/06\/2018, aupr\u00e8s du Minist\u00e8re de l&rsquo;Agriculture,<strong> la demande d\u2019un moratoire sur \u00a0la fermeture de la troisi\u00e8me Seconde \u00e0 Jules Rieffel pour la rentr\u00e9e 2018<\/strong>, compte tenu de la forte hausse des inscriptions en premier voeu pour ce lyc\u00e9e. Elle s\u2019est vue confirmer l\u2019annonce faite par l\u2019autorit\u00e9 acad\u00e9mique de fermer d\u00e9finitivement cette classe lors de son entrevue avec M. Tronco, fra\u00eechement nomm\u00e9 directeur adjoint de la DGER (Direction G\u00e9n\u00e9rale de l\u2019Enseignement et de la Recherche du Minist\u00e8re de l\u2019Agriculture).<\/span><\/p>\n<p align=\"justify\"><span style=\"color: #000000;font-family: arial, helvetica, sans-serif;font-size: 12pt\"><strong>Cette d\u00e9cision, prise avant m\u00eame de recevoir la d\u00e9l\u00e9gation, nie le dialogue<\/strong> pourtant \u00e9voqu\u00e9 en d\u00e9but de r\u00e9union ainsi que les demandes faites par les diff\u00e9rents \u00e9lus du territoire,\u00a0\u00e0 savoir Mme Gessant Conseill\u00e8re R\u00e9gionale et Pr\u00e9sidente du CA de Nantes Terre Atlantique, la Mairie de Saint-Herblain avec messieurs Affil\u00e9 (Maire) et Bureau (membre du CA de l\u2019\u00e9tablissement), et les repr\u00e9sentants de l\u2019Assembl\u00e9e Nationale avec son pr\u00e9sident M. De Rugy et la d\u00e9put\u00e9e de la circonscription du lyc\u00e9e Mme Brunet. La parole des \u00e9l\u00e8ves dans ce dossier a aussi \u00e9t\u00e9 bafou\u00e9e puis qu\u2019aucune autorit\u00e9 n\u2019a daign\u00e9 r\u00e9pondre \u00e0 leur envoi de p\u00e9tition pour soutenir cette classe.<\/span><\/p>\n<p align=\"justify\"><span style=\"color: #000000;font-family: arial, helvetica, sans-serif;font-size: 12pt\"><strong>Les cons\u00e9quences directes et imm\u00e9diates sont que 20 \u00e9l\u00e8ves ne vont pas pouvoir \u00eatre scolaris\u00e9s dans l\u2019Enseignement Agricole Public<\/strong>. Vont-ils devoir rejoindre l\u2019enseignement agricole priv\u00e9 ou se r\u00e9soudre \u00e0 \u00eatre inscrits dans leur lyc\u00e9e de secteur, ou comme propos\u00e9 par l&rsquo;administration, se tourner vers des \u00e9tablissements agricoles publics de la r\u00e9gion situ\u00e9s dans un rayon de 80 kms\u2026? Cette question ne semble pas pr\u00e9occuper la DGER.<\/span><\/p>\n<p align=\"justify\"><span style=\"color: #000000;font-family: arial, helvetica, sans-serif;font-size: 12pt\">Une nouvelle fois pour la DGER,<strong> seul l\u2019argument comptable a \u00e9t\u00e9 retenu<\/strong>, sans prendre en compte la volont\u00e9 pourtant affich\u00e9e de faire une vraie analyse de la carte scolaire du bassin nantais avant de d\u00e9cider de fermer une classe. Ce lyc\u00e9e disposera de salles vides alors m\u00eame que les lyc\u00e9es proches sont satur\u00e9s, ce qui conduit le Directeur Acad\u00e9mique des Services de l\u2019\u00c9ducation Nationale et le Conseil R\u00e9gional \u00e0 s\u2019int\u00e9resser \u00e0 une extension de Jules Rieffel. <\/span><\/p>\n<p align=\"justify\"><span style=\"color: #000000;font-family: arial, helvetica, sans-serif;font-size: 12pt\"><strong>Cette fermeture est en compl\u00e8te contradiction avec le Projet R\u00e9gional de l&rsquo;Enseignement Agricole des Pays de la Loire 2018-2022 qui vise dans son ambition N\u00b02 \u00e0 une croissance du nombre d&rsquo;\u00e9l\u00e8ves sur 4 ans. Elle contredit \u00e9galement le courrier du 16 f\u00e9vrier du Ministre \u00e0 M. De Rugy qui affirmait : \u201cLe cadrage budg\u00e9taire 2018 pour l\u2019enseignement agricole permet le maintien du nombre de classes et du potentiel d\u2019accueil dans ces classes<\/strong>\u201d.<\/span><\/p>\n<p align=\"justify\"><span style=\"color: #000000;font-family: arial, helvetica, sans-serif;font-size: 12pt\">Cette d\u00e9cision, conjointe avec le refus r\u00e9current d\u2019attribuer le budget n\u00e9cessaire \u00e0 l\u2019ouverture de la fili\u00e8re Bac Pro CGEA (Conduite et Gestion d\u2019une Exploitation Agricole) au lyc\u00e9e Jules Rieffel, s\u2019ajoute aux r\u00e9formes \u00e0 venir du baccalaur\u00e9at et de l\u2019apprentissage, pour fragiliser encore plus un \u00e9tablissement et son \u00e9quipe \u00e9ducative, alors m\u00eame que les d\u00e9bats soci\u00e9taux demandent de repenser le paradigme de l\u2019alimentation et de l\u2019agriculture.<\/span><\/p>\n<p align=\"justify\"><strong><span style=\"color: #000000;font-family: arial, helvetica, sans-serif;font-size: 12pt\">Il reste d\u00e9sormais aux diff\u00e9rents acteurs \u00e0 continuer de se mobiliser pour agir contre ce centralisme d\u00e9cisionnaire froid qui nie les territoires, leurs \u00e9volutions, et l&rsquo;investissement des \u00e9quipes p\u00e9dagogiques et des partenaires du lyc\u00e9e.<\/span><\/strong><\/p>\n<p style=\"text-align: right\"><span style=\"color: #000000;font-family: arial, helvetica, sans-serif;font-size: 12pt\">A Paris le 20\/06\/2017, la d\u00e9l\u00e9gation\u00a0: <\/span><\/p>\n<p style=\"text-align: right\" align=\"justify\"><span style=\"color: #000000;font-family: arial, helvetica, sans-serif;font-size: 12pt\">Philippe Bruneau (Parents d\u2019\u00e9l\u00e8ves FCPE), Thierry Jacob (LPA le Grand Blottereau, CGT-AGRI),\u00a0<\/span><span style=\"color: #000000;font-family: arial, helvetica, sans-serif;font-size: 12pt\">Yoann Vigner (co-secr\u00e9taire R\u00e9gional SNETAP-FSU) et G\u00e9rard Richard (co-secr\u00e9taire SNETAP-FSU Lyc\u00e9e Jules Rieffel) <\/span><\/p>\n<p><span style=\"font-family: arial, helvetica, sans-serif;font-size: 12pt\">\u00a0<\/span><\/p>\n","protected":false},"excerpt":{"rendered":"<p>\u00a0\u00c0 Jules Rieffel, la troisi\u00e8me Seconde : c\u2019est NON pour la DGER La d\u00e9l\u00e9gation mandat\u00e9e par l&rsquo;AG des personnels et par de nombreux administrateurs du Conseil d&rsquo;Administration de Nantes Terre Atlantique portait hier 20\/06\/2018, aupr\u00e8s du Minist\u00e8re de l&rsquo;Agriculture, la demande d\u2019un moratoire sur \u00a0la fermeture de la troisi\u00e8me Seconde \u00e0 Jules Rieffel pour la [&hellip;]<\/p>\n","protected":false},"author":2,"featured_media":0,"comment_status":"closed","ping_status":"closed","sticky":false,"template":"","format":"standard","meta":{"ocean_post_layout":"","ocean_both_sidebars_style":"","ocean_both_sidebars_content_width":0,"ocean_both_sidebars_sidebars_width":0,"ocean_sidebar":"","ocean_second_sidebar":"","ocean_disable_margins":"enable","ocean_add_body_class":"","ocean_shortcode_before_top_bar":"","ocean_shortcode_after_top_bar":"","ocean_shortcode_before_header":"","ocean_shortcode_after_header":"","ocean_has_shortcode":"","ocean_shortcode_after_title":"","ocean_shortcode_before_footer_widgets":"","ocean_shortcode_after_footer_widgets":"","ocean_shortcode_before_footer_bottom":"","ocean_shortcode_after_footer_bottom":"","ocean_display_top_bar":"default","ocean_display_header":"default","ocean_header_style":"","ocean_center_header_left_menu":"","ocean_custom_header_template":"","ocean_custom_logo":0,"ocean_custom_retina_logo":0,"ocean_custom_logo_max_width":0,"ocean_custom_logo_tablet_max_width":0,"ocean_custom_logo_mobile_max_width":0,"ocean_custom_logo_max_height":0,"ocean_custom_logo_tablet_max_height":0,"ocean_custom_logo_mobile_max_height":0,"ocean_header_custom_menu":"","ocean_menu_typo_font_family":"","ocean_menu_typo_font_subset":"","ocean_menu_typo_font_size":0,"ocean_menu_typo_font_size_tablet":0,"ocean_menu_typo_font_size_mobile":0,"ocean_menu_typo_font_size_unit":"px","ocean_menu_typo_font_weight":"","ocean_menu_typo_font_weight_tablet":"","ocean_menu_typo_font_weight_mobile":"","ocean_menu_typo_transform":"","ocean_menu_typo_transform_tablet":"","ocean_menu_typo_transform_mobile":"","ocean_menu_typo_line_height":0,"ocean_menu_typo_line_height_tablet":0,"ocean_menu_typo_line_height_mobile":0,"ocean_menu_typo_line_height_unit":"","ocean_menu_typo_spacing":0,"ocean_menu_typo_spacing_tablet":0,"ocean_menu_typo_spacing_mobile":0,"ocean_menu_typo_spacing_unit":"","ocean_menu_link_color":"","ocean_menu_link_color_hover":"","ocean_menu_link_color_active":"","ocean_menu_link_background":"","ocean_menu_link_hover_background":"","ocean_menu_link_active_background":"","ocean_menu_social_links_bg":"","ocean_menu_social_hover_links_bg":"","ocean_menu_social_links_color":"","ocean_menu_social_hover_links_color":"","ocean_disable_title":"default","ocean_disable_heading":"default","ocean_post_title":"","ocean_post_subheading":"","ocean_post_title_style":"","ocean_post_title_background_color":"","ocean_post_title_background":0,"ocean_post_title_bg_image_position":"","ocean_post_title_bg_image_attachment":"","ocean_post_title_bg_image_repeat":"","ocean_post_title_bg_image_size":"","ocean_post_title_height":0,"ocean_post_title_bg_overlay":0.5,"ocean_post_title_bg_overlay_color":"","ocean_disable_breadcrumbs":"default","ocean_breadcrumbs_color":"","ocean_breadcrumbs_separator_color":"","ocean_breadcrumbs_links_color":"","ocean_breadcrumbs_links_hover_color":"","ocean_display_footer_widgets":"default","ocean_display_footer_bottom":"default","ocean_custom_footer_template":"","ocean_post_oembed":"","ocean_post_self_hosted_media":"","ocean_post_video_embed":"","ocean_link_format":"","ocean_link_format_target":"self","ocean_quote_format":"","ocean_quote_format_link":"post","ocean_gallery_link_images":"on","ocean_gallery_id":[],"footnotes":""},"categories":[9,24],"tags":[],"post_folder":[],"class_list":["post-2248","post","type-post","status-publish","format-standard","hentry","category-actions-et-communiques","category-nantes-terre-atlantique","entry"],"yoast_head":"<!-- This site is optimized with the Yoast SEO plugin v27.4 - https:\/\/yoast.com\/product\/yoast-seo-wordpress\/ -->\n<title>Le Minist\u00e8re de l&#039;Agriculture affaiblit l&#039;enseignement agricole public en Loire Atlantique. - PAYS DE LA LOIRE<\/title>\n<meta name=\"robots\" content=\"index, follow, max-snippet:-1, max-image-preview:large, max-video-preview:-1\" \/>\n<link rel=\"canonical\" href=\"https:\/\/regions-snetap-fsu.fr\/pdl\/2018\/06\/21\/le-ministere-de-lagriculture-veut-il-torpiller-lenseignement-agricole-public-a-jules-rieffel-la-troisieme-seconde-cest-non-pour-la-dger\/\" \/>\n<meta property=\"og:locale\" content=\"fr_FR\" \/>\n<meta property=\"og:type\" content=\"article\" \/>\n<meta property=\"og:title\" content=\"Le Minist\u00e8re de l&#039;Agriculture affaiblit l&#039;enseignement agricole public en Loire Atlantique. - PAYS DE LA LOIRE\" \/>\n<meta property=\"og:description\" content=\"\u00a0\u00c0 Jules Rieffel, la troisi\u00e8me Seconde : c\u2019est NON pour la DGER La d\u00e9l\u00e9gation mandat\u00e9e par l&rsquo;AG des personnels et par de nombreux administrateurs du Conseil d&rsquo;Administration de Nantes Terre Atlantique portait hier 20\/06\/2018, aupr\u00e8s du Minist\u00e8re de l&rsquo;Agriculture, la demande d\u2019un moratoire sur \u00a0la fermeture de la troisi\u00e8me Seconde \u00e0 Jules Rieffel pour la [&hellip;]\" \/>\n<meta property=\"og:url\" content=\"https:\/\/regions-snetap-fsu.fr\/pdl\/2018\/06\/21\/le-ministere-de-lagriculture-veut-il-torpiller-lenseignement-agricole-public-a-jules-rieffel-la-troisieme-seconde-cest-non-pour-la-dger\/\" \/>\n<meta property=\"og:site_name\" content=\"PAYS DE LA LOIRE\" \/>\n<meta property=\"article:published_time\" content=\"2018-06-21T21:17:49+00:00\" \/>\n<meta property=\"article:modified_time\" content=\"2018-09-19T19:50:31+00:00\" \/>\n<meta name=\"author\" content=\"yvigner\" \/>\n<meta name=\"twitter:card\" content=\"summary_large_image\" \/>\n<meta name=\"twitter:label1\" content=\"\u00c9crit par\" \/>\n\t<meta name=\"twitter:data1\" content=\"yvigner\" \/>\n\t<meta name=\"twitter:label2\" content=\"Dur\u00e9e de lecture estim\u00e9e\" \/>\n\t<meta name=\"twitter:data2\" content=\"3 minutes\" \/>\n<script type=\"application\/ld+json\" class=\"yoast-schema-graph\">{\"@context\":\"https:\\\/\\\/schema.org\",\"@graph\":[{\"@type\":\"Article\",\"@id\":\"https:\\\/\\\/regions-snetap-fsu.fr\\\/pdl\\\/2018\\\/06\\\/21\\\/le-ministere-de-lagriculture-veut-il-torpiller-lenseignement-agricole-public-a-jules-rieffel-la-troisieme-seconde-cest-non-pour-la-dger\\\/#article\",\"isPartOf\":{\"@id\":\"https:\\\/\\\/regions-snetap-fsu.fr\\\/pdl\\\/2018\\\/06\\\/21\\\/le-ministere-de-lagriculture-veut-il-torpiller-lenseignement-agricole-public-a-jules-rieffel-la-troisieme-seconde-cest-non-pour-la-dger\\\/\"},\"author\":{\"name\":\"yvigner\",\"@id\":\"https:\\\/\\\/regions-snetap-fsu.fr\\\/pdl\\\/#\\\/schema\\\/person\\\/d4530af043f9e8d27bdd71c468ec93b1\"},\"headline\":\"Le Minist\u00e8re de l&rsquo;Agriculture affaiblit l&rsquo;enseignement agricole public en Loire Atlantique.\",\"datePublished\":\"2018-06-21T21:17:49+00:00\",\"dateModified\":\"2018-09-19T19:50:31+00:00\",\"mainEntityOfPage\":{\"@id\":\"https:\\\/\\\/regions-snetap-fsu.fr\\\/pdl\\\/2018\\\/06\\\/21\\\/le-ministere-de-lagriculture-veut-il-torpiller-lenseignement-agricole-public-a-jules-rieffel-la-troisieme-seconde-cest-non-pour-la-dger\\\/\"},\"wordCount\":667,\"publisher\":{\"@id\":\"https:\\\/\\\/regions-snetap-fsu.fr\\\/pdl\\\/#organization\"},\"articleSection\":[\"Communiqu\u00e9s\",\"Nantes Terre Atlantique\"],\"inLanguage\":\"fr-FR\"},{\"@type\":\"WebPage\",\"@id\":\"https:\\\/\\\/regions-snetap-fsu.fr\\\/pdl\\\/2018\\\/06\\\/21\\\/le-ministere-de-lagriculture-veut-il-torpiller-lenseignement-agricole-public-a-jules-rieffel-la-troisieme-seconde-cest-non-pour-la-dger\\\/\",\"url\":\"https:\\\/\\\/regions-snetap-fsu.fr\\\/pdl\\\/2018\\\/06\\\/21\\\/le-ministere-de-lagriculture-veut-il-torpiller-lenseignement-agricole-public-a-jules-rieffel-la-troisieme-seconde-cest-non-pour-la-dger\\\/\",\"name\":\"Le Minist\u00e8re de l'Agriculture affaiblit l'enseignement agricole public en Loire Atlantique. - PAYS DE LA LOIRE\",\"isPartOf\":{\"@id\":\"https:\\\/\\\/regions-snetap-fsu.fr\\\/pdl\\\/#website\"},\"datePublished\":\"2018-06-21T21:17:49+00:00\",\"dateModified\":\"2018-09-19T19:50:31+00:00\",\"breadcrumb\":{\"@id\":\"https:\\\/\\\/regions-snetap-fsu.fr\\\/pdl\\\/2018\\\/06\\\/21\\\/le-ministere-de-lagriculture-veut-il-torpiller-lenseignement-agricole-public-a-jules-rieffel-la-troisieme-seconde-cest-non-pour-la-dger\\\/#breadcrumb\"},\"inLanguage\":\"fr-FR\",\"potentialAction\":[{\"@type\":\"ReadAction\",\"target\":[\"https:\\\/\\\/regions-snetap-fsu.fr\\\/pdl\\\/2018\\\/06\\\/21\\\/le-ministere-de-lagriculture-veut-il-torpiller-lenseignement-agricole-public-a-jules-rieffel-la-troisieme-seconde-cest-non-pour-la-dger\\\/\"]}]},{\"@type\":\"BreadcrumbList\",\"@id\":\"https:\\\/\\\/regions-snetap-fsu.fr\\\/pdl\\\/2018\\\/06\\\/21\\\/le-ministere-de-lagriculture-veut-il-torpiller-lenseignement-agricole-public-a-jules-rieffel-la-troisieme-seconde-cest-non-pour-la-dger\\\/#breadcrumb\",\"itemListElement\":[{\"@type\":\"ListItem\",\"position\":1,\"name\":\"Accueil\",\"item\":\"https:\\\/\\\/regions-snetap-fsu.fr\\\/pdl\\\/\"},{\"@type\":\"ListItem\",\"position\":2,\"name\":\"Le Minist\u00e8re de l&rsquo;Agriculture affaiblit l&rsquo;enseignement agricole public en Loire Atlantique.\"}]},{\"@type\":\"WebSite\",\"@id\":\"https:\\\/\\\/regions-snetap-fsu.fr\\\/pdl\\\/#website\",\"url\":\"https:\\\/\\\/regions-snetap-fsu.fr\\\/pdl\\\/\",\"name\":\"SNETAP-FSU PAYS DE LA LOIRE\",\"description\":\"SECTION REGIONALE\",\"publisher\":{\"@id\":\"https:\\\/\\\/regions-snetap-fsu.fr\\\/pdl\\\/#organization\"},\"potentialAction\":[{\"@type\":\"SearchAction\",\"target\":{\"@type\":\"EntryPoint\",\"urlTemplate\":\"https:\\\/\\\/regions-snetap-fsu.fr\\\/pdl\\\/?s={search_term_string}\"},\"query-input\":{\"@type\":\"PropertyValueSpecification\",\"valueRequired\":true,\"valueName\":\"search_term_string\"}}],\"inLanguage\":\"fr-FR\"},{\"@type\":\"Organization\",\"@id\":\"https:\\\/\\\/regions-snetap-fsu.fr\\\/pdl\\\/#organization\",\"name\":\"SNETAP-FSU Pays de Loire\",\"url\":\"https:\\\/\\\/regions-snetap-fsu.fr\\\/pdl\\\/\",\"logo\":{\"@type\":\"ImageObject\",\"inLanguage\":\"fr-FR\",\"@id\":\"https:\\\/\\\/regions-snetap-fsu.fr\\\/pdl\\\/#\\\/schema\\\/logo\\\/image\\\/\",\"url\":\"https:\\\/\\\/regions-snetap-fsu.fr\\\/pdl\\\/wp-content\\\/uploads\\\/sites\\\/4\\\/2020\\\/12\\\/SNETAP-Logo.jpg\",\"contentUrl\":\"https:\\\/\\\/regions-snetap-fsu.fr\\\/pdl\\\/wp-content\\\/uploads\\\/sites\\\/4\\\/2020\\\/12\\\/SNETAP-Logo.jpg\",\"width\":464,\"height\":334,\"caption\":\"SNETAP-FSU Pays de Loire\"},\"image\":{\"@id\":\"https:\\\/\\\/regions-snetap-fsu.fr\\\/pdl\\\/#\\\/schema\\\/logo\\\/image\\\/\"}},{\"@type\":\"Person\",\"@id\":\"https:\\\/\\\/regions-snetap-fsu.fr\\\/pdl\\\/#\\\/schema\\\/person\\\/d4530af043f9e8d27bdd71c468ec93b1\",\"name\":\"yvigner\",\"image\":{\"@type\":\"ImageObject\",\"inLanguage\":\"fr-FR\",\"@id\":\"https:\\\/\\\/secure.gravatar.com\\\/avatar\\\/bc72baa6f2406549aecf77a837bc4f03dbe88472c1762138f868571430a23820?s=96&d=mm&r=g\",\"url\":\"https:\\\/\\\/secure.gravatar.com\\\/avatar\\\/bc72baa6f2406549aecf77a837bc4f03dbe88472c1762138f868571430a23820?s=96&d=mm&r=g\",\"contentUrl\":\"https:\\\/\\\/secure.gravatar.com\\\/avatar\\\/bc72baa6f2406549aecf77a837bc4f03dbe88472c1762138f868571430a23820?s=96&d=mm&r=g\",\"caption\":\"yvigner\"},\"url\":\"https:\\\/\\\/regions-snetap-fsu.fr\\\/pdl\\\/author\\\/yvigner\\\/\"}]}<\/script>\n<!-- \/ Yoast SEO plugin. -->","yoast_head_json":{"title":"Le Minist\u00e8re de l'Agriculture affaiblit l'enseignement agricole public en Loire Atlantique. - PAYS DE LA LOIRE","robots":{"index":"index","follow":"follow","max-snippet":"max-snippet:-1","max-image-preview":"max-image-preview:large","max-video-preview":"max-video-preview:-1"},"canonical":"https:\/\/regions-snetap-fsu.fr\/pdl\/2018\/06\/21\/le-ministere-de-lagriculture-veut-il-torpiller-lenseignement-agricole-public-a-jules-rieffel-la-troisieme-seconde-cest-non-pour-la-dger\/","og_locale":"fr_FR","og_type":"article","og_title":"Le Minist\u00e8re de l'Agriculture affaiblit l'enseignement agricole public en Loire Atlantique. - PAYS DE LA LOIRE","og_description":"\u00a0\u00c0 Jules Rieffel, la troisi\u00e8me Seconde : c\u2019est NON pour la DGER La d\u00e9l\u00e9gation mandat\u00e9e par l&rsquo;AG des personnels et par de nombreux administrateurs du Conseil d&rsquo;Administration de Nantes Terre Atlantique portait hier 20\/06\/2018, aupr\u00e8s du Minist\u00e8re de l&rsquo;Agriculture, la demande d\u2019un moratoire sur \u00a0la fermeture de la troisi\u00e8me Seconde \u00e0 Jules Rieffel pour la [&hellip;]","og_url":"https:\/\/regions-snetap-fsu.fr\/pdl\/2018\/06\/21\/le-ministere-de-lagriculture-veut-il-torpiller-lenseignement-agricole-public-a-jules-rieffel-la-troisieme-seconde-cest-non-pour-la-dger\/","og_site_name":"PAYS DE LA LOIRE","article_published_time":"2018-06-21T21:17:49+00:00","article_modified_time":"2018-09-19T19:50:31+00:00","author":"yvigner","twitter_card":"summary_large_image","twitter_misc":{"\u00c9crit par":"yvigner","Dur\u00e9e de lecture estim\u00e9e":"3 minutes"},"schema":{"@context":"https:\/\/schema.org","@graph":[{"@type":"Article","@id":"https:\/\/regions-snetap-fsu.fr\/pdl\/2018\/06\/21\/le-ministere-de-lagriculture-veut-il-torpiller-lenseignement-agricole-public-a-jules-rieffel-la-troisieme-seconde-cest-non-pour-la-dger\/#article","isPartOf":{"@id":"https:\/\/regions-snetap-fsu.fr\/pdl\/2018\/06\/21\/le-ministere-de-lagriculture-veut-il-torpiller-lenseignement-agricole-public-a-jules-rieffel-la-troisieme-seconde-cest-non-pour-la-dger\/"},"author":{"name":"yvigner","@id":"https:\/\/regions-snetap-fsu.fr\/pdl\/#\/schema\/person\/d4530af043f9e8d27bdd71c468ec93b1"},"headline":"Le Minist\u00e8re de l&rsquo;Agriculture affaiblit l&rsquo;enseignement agricole public en Loire Atlantique.","datePublished":"2018-06-21T21:17:49+00:00","dateModified":"2018-09-19T19:50:31+00:00","mainEntityOfPage":{"@id":"https:\/\/regions-snetap-fsu.fr\/pdl\/2018\/06\/21\/le-ministere-de-lagriculture-veut-il-torpiller-lenseignement-agricole-public-a-jules-rieffel-la-troisieme-seconde-cest-non-pour-la-dger\/"},"wordCount":667,"publisher":{"@id":"https:\/\/regions-snetap-fsu.fr\/pdl\/#organization"},"articleSection":["Communiqu\u00e9s","Nantes Terre Atlantique"],"inLanguage":"fr-FR"},{"@type":"WebPage","@id":"https:\/\/regions-snetap-fsu.fr\/pdl\/2018\/06\/21\/le-ministere-de-lagriculture-veut-il-torpiller-lenseignement-agricole-public-a-jules-rieffel-la-troisieme-seconde-cest-non-pour-la-dger\/","url":"https:\/\/regions-snetap-fsu.fr\/pdl\/2018\/06\/21\/le-ministere-de-lagriculture-veut-il-torpiller-lenseignement-agricole-public-a-jules-rieffel-la-troisieme-seconde-cest-non-pour-la-dger\/","name":"Le Minist\u00e8re de l'Agriculture affaiblit l'enseignement agricole public en Loire Atlantique. - PAYS DE LA LOIRE","isPartOf":{"@id":"https:\/\/regions-snetap-fsu.fr\/pdl\/#website"},"datePublished":"2018-06-21T21:17:49+00:00","dateModified":"2018-09-19T19:50:31+00:00","breadcrumb":{"@id":"https:\/\/regions-snetap-fsu.fr\/pdl\/2018\/06\/21\/le-ministere-de-lagriculture-veut-il-torpiller-lenseignement-agricole-public-a-jules-rieffel-la-troisieme-seconde-cest-non-pour-la-dger\/#breadcrumb"},"inLanguage":"fr-FR","potentialAction":[{"@type":"ReadAction","target":["https:\/\/regions-snetap-fsu.fr\/pdl\/2018\/06\/21\/le-ministere-de-lagriculture-veut-il-torpiller-lenseignement-agricole-public-a-jules-rieffel-la-troisieme-seconde-cest-non-pour-la-dger\/"]}]},{"@type":"BreadcrumbList","@id":"https:\/\/regions-snetap-fsu.fr\/pdl\/2018\/06\/21\/le-ministere-de-lagriculture-veut-il-torpiller-lenseignement-agricole-public-a-jules-rieffel-la-troisieme-seconde-cest-non-pour-la-dger\/#breadcrumb","itemListElement":[{"@type":"ListItem","position":1,"name":"Accueil","item":"https:\/\/regions-snetap-fsu.fr\/pdl\/"},{"@type":"ListItem","position":2,"name":"Le Minist\u00e8re de l&rsquo;Agriculture affaiblit l&rsquo;enseignement agricole public en Loire Atlantique."}]},{"@type":"WebSite","@id":"https:\/\/regions-snetap-fsu.fr\/pdl\/#website","url":"https:\/\/regions-snetap-fsu.fr\/pdl\/","name":"SNETAP-FSU PAYS DE LA LOIRE","description":"SECTION REGIONALE","publisher":{"@id":"https:\/\/regions-snetap-fsu.fr\/pdl\/#organization"},"potentialAction":[{"@type":"SearchAction","target":{"@type":"EntryPoint","urlTemplate":"https:\/\/regions-snetap-fsu.fr\/pdl\/?s={search_term_string}"},"query-input":{"@type":"PropertyValueSpecification","valueRequired":true,"valueName":"search_term_string"}}],"inLanguage":"fr-FR"},{"@type":"Organization","@id":"https:\/\/regions-snetap-fsu.fr\/pdl\/#organization","name":"SNETAP-FSU Pays de Loire","url":"https:\/\/regions-snetap-fsu.fr\/pdl\/","logo":{"@type":"ImageObject","inLanguage":"fr-FR","@id":"https:\/\/regions-snetap-fsu.fr\/pdl\/#\/schema\/logo\/image\/","url":"https:\/\/regions-snetap-fsu.fr\/pdl\/wp-content\/uploads\/sites\/4\/2020\/12\/SNETAP-Logo.jpg","contentUrl":"https:\/\/regions-snetap-fsu.fr\/pdl\/wp-content\/uploads\/sites\/4\/2020\/12\/SNETAP-Logo.jpg","width":464,"height":334,"caption":"SNETAP-FSU Pays de Loire"},"image":{"@id":"https:\/\/regions-snetap-fsu.fr\/pdl\/#\/schema\/logo\/image\/"}},{"@type":"Person","@id":"https:\/\/regions-snetap-fsu.fr\/pdl\/#\/schema\/person\/d4530af043f9e8d27bdd71c468ec93b1","name":"yvigner","image":{"@type":"ImageObject","inLanguage":"fr-FR","@id":"https:\/\/secure.gravatar.com\/avatar\/bc72baa6f2406549aecf77a837bc4f03dbe88472c1762138f868571430a23820?s=96&d=mm&r=g","url":"https:\/\/secure.gravatar.com\/avatar\/bc72baa6f2406549aecf77a837bc4f03dbe88472c1762138f868571430a23820?s=96&d=mm&r=g","contentUrl":"https:\/\/secure.gravatar.com\/avatar\/bc72baa6f2406549aecf77a837bc4f03dbe88472c1762138f868571430a23820?s=96&d=mm&r=g","caption":"yvigner"},"url":"https:\/\/regions-snetap-fsu.fr\/pdl\/author\/yvigner\/"}]}},"_links":{"self":[{"href":"https:\/\/regions-snetap-fsu.fr\/pdl\/wp-json\/wp\/v2\/posts\/2248","targetHints":{"allow":["GET"]}}],"collection":[{"href":"https:\/\/regions-snetap-fsu.fr\/pdl\/wp-json\/wp\/v2\/posts"}],"about":[{"href":"https:\/\/regions-snetap-fsu.fr\/pdl\/wp-json\/wp\/v2\/types\/post"}],"author":[{"embeddable":true,"href":"https:\/\/regions-snetap-fsu.fr\/pdl\/wp-json\/wp\/v2\/users\/2"}],"replies":[{"embeddable":true,"href":"https:\/\/regions-snetap-fsu.fr\/pdl\/wp-json\/wp\/v2\/comments?post=2248"}],"version-history":[{"count":2,"href":"https:\/\/regions-snetap-fsu.fr\/pdl\/wp-json\/wp\/v2\/posts\/2248\/revisions"}],"predecessor-version":[{"id":2720,"href":"https:\/\/regions-snetap-fsu.fr\/pdl\/wp-json\/wp\/v2\/posts\/2248\/revisions\/2720"}],"wp:attachment":[{"href":"https:\/\/regions-snetap-fsu.fr\/pdl\/wp-json\/wp\/v2\/media?parent=2248"}],"wp:term":[{"taxonomy":"category","embeddable":true,"href":"https:\/\/regions-snetap-fsu.fr\/pdl\/wp-json\/wp\/v2\/categories?post=2248"},{"taxonomy":"post_tag","embeddable":true,"href":"https:\/\/regions-snetap-fsu.fr\/pdl\/wp-json\/wp\/v2\/tags?post=2248"},{"taxonomy":"post_folder","embeddable":true,"href":"https:\/\/regions-snetap-fsu.fr\/pdl\/wp-json\/wp\/v2\/post_folder?post=2248"}],"curies":[{"name":"wp","href":"https:\/\/api.w.org\/{rel}","templated":true}]}}