{"id":2049,"date":"2018-06-07T15:41:24","date_gmt":"2018-06-07T13:41:24","guid":{"rendered":"http:\/\/snetap-fsu.fr\/comp\/pdl\/?p=2049"},"modified":"2018-09-08T22:20:31","modified_gmt":"2018-09-08T20:20:31","slug":"nouvelle-victoire-contre-la-precarite-au-lycee-agricole-de-laval","status":"publish","type":"post","link":"https:\/\/regions-snetap-fsu.fr\/pdl\/2018\/06\/07\/nouvelle-victoire-contre-la-precarite-au-lycee-agricole-de-laval\/","title":{"rendered":"Nouvelle victoire contre la pr\u00e9carit\u00e9 au Lyc\u00e9e agricole de Laval"},"content":{"rendered":"<p style=\"text-align: justify\">A l&rsquo;occasion du conseil d&rsquo;administration du lyc\u00e9e agricole de Laval, le 5 juin dernier,\u00a0 les repr\u00e9sentants SNETAP-FSU des personnels, ont port\u00e9 une d\u00e9lib\u00e9ration demandant la modification du contrat des coll\u00e8gues AESH de l&rsquo;\u00e9tablissement. Pour nous, il s&rsquo;agissait tout simplement d&rsquo;une mesure de droit (simple application du d\u00e9cret qui r\u00e9git les contrats des AESH et qui fixe la dur\u00e9e des contrats \u00e0 au moins 39 semaines) et de justice sociale quand on sait que ces coll\u00e8gues, toujours \u00e0 temps partiel, priv\u00e9s de formation (une seule journ\u00e9e cette ann\u00e9e en Pays de la Loire) touchent des salaires tr\u00e8s inf\u00e9rieurs \u00e0 900 euros mensuels. Pourtant, tout le monde est unanime pour saluer leur investissement, leur professionnalisme, leur implication.<\/p>\n<p style=\"text-align: justify\">Ainsi, en attendant des contrats sans fausse note \u00e0 partir de septembre 2018, g\u00e9r\u00e9s par le SRFD ou le Minist\u00e8re (?), la d\u00e9lib\u00e9ration va permettre \u00e0 chacun de signer un avenant \u00e0 son contrat qui sera compl\u00e9t\u00e9 de 3 semaines (les contrats des AESH de Laval \u00e9taient \u00e9tablis sur 36 semaines) et ainsi voir sa r\u00e9mun\u00e9ration augment\u00e9e de pr\u00e8s d&rsquo;un mois de salaires. C&rsquo;est donc bien le budget de l&rsquo;\u00e9tablissement, qui exceptionnellement prendra en charge ces avenants.<\/p>\n<p style=\"text-align: justify\">Nous attendons donc d\u00e9sormais que le Ministre respecte les engagements pris devant les parlementaires et qu&rsquo;il assume au niveau de l&rsquo;Etat cette mission qui ne peut en aucune mani\u00e8re retomber sur les budgets des \u00e9tablissements.<\/p>\n<p style=\"text-align: justify\">RAPPELONS que le SNETAP-FSU continue de porter que ces missions d&rsquo;accompagnement des \u00e9l\u00e8ves en situation de handicap soient r\u00e9alis\u00e9es par des fonctionnaires de cat\u00e9gorie B affect\u00e9s en \u00e9tablissement.<\/p>\n<p><a href=\"https:\/\/regions-snetap-fsu.fr\/pdl\/wp-content\/uploads\/sites\/4\/2018\/06\/deliberation-AESH.odt\">deliberation AESH<\/a><\/p>\n","protected":false},"excerpt":{"rendered":"<p>A l&rsquo;occasion du conseil d&rsquo;administration du lyc\u00e9e agricole de Laval, le 5 juin dernier,\u00a0 les repr\u00e9sentants SNETAP-FSU des personnels, ont port\u00e9 une d\u00e9lib\u00e9ration demandant la modification du contrat des coll\u00e8gues AESH de l&rsquo;\u00e9tablissement. Pour nous, il s&rsquo;agissait tout simplement d&rsquo;une mesure de droit (simple application du d\u00e9cret qui r\u00e9git les contrats des AESH et qui [&hellip;]<\/p>\n","protected":false},"author":2,"featured_media":0,"comment_status":"closed","ping_status":"closed","sticky":false,"template":"","format":"standard","meta":{"ocean_post_layout":"","ocean_both_sidebars_style":"","ocean_both_sidebars_content_width":0,"ocean_both_sidebars_sidebars_width":0,"ocean_sidebar":"","ocean_second_sidebar":"","ocean_disable_margins":"enable","ocean_add_body_class":"","ocean_shortcode_before_top_bar":"","ocean_shortcode_after_top_bar":"","ocean_shortcode_before_header":"","ocean_shortcode_after_header":"","ocean_has_shortcode":"","ocean_shortcode_after_title":"","ocean_shortcode_before_footer_widgets":"","ocean_shortcode_after_footer_widgets":"","ocean_shortcode_before_footer_bottom":"","ocean_shortcode_after_footer_bottom":"","ocean_display_top_bar":"default","ocean_display_header":"default","ocean_header_style":"","ocean_center_header_left_menu":"","ocean_custom_header_template":"","ocean_custom_logo":0,"ocean_custom_retina_logo":0,"ocean_custom_logo_max_width":0,"ocean_custom_logo_tablet_max_width":0,"ocean_custom_logo_mobile_max_width":0,"ocean_custom_logo_max_height":0,"ocean_custom_logo_tablet_max_height":0,"ocean_custom_logo_mobile_max_height":0,"ocean_header_custom_menu":"","ocean_menu_typo_font_family":"","ocean_menu_typo_font_subset":"","ocean_menu_typo_font_size":0,"ocean_menu_typo_font_size_tablet":0,"ocean_menu_typo_font_size_mobile":0,"ocean_menu_typo_font_size_unit":"px","ocean_menu_typo_font_weight":"","ocean_menu_typo_font_weight_tablet":"","ocean_menu_typo_font_weight_mobile":"","ocean_menu_typo_transform":"","ocean_menu_typo_transform_tablet":"","ocean_menu_typo_transform_mobile":"","ocean_menu_typo_line_height":0,"ocean_menu_typo_line_height_tablet":0,"ocean_menu_typo_line_height_mobile":0,"ocean_menu_typo_line_height_unit":"","ocean_menu_typo_spacing":0,"ocean_menu_typo_spacing_tablet":0,"ocean_menu_typo_spacing_mobile":0,"ocean_menu_typo_spacing_unit":"","ocean_menu_link_color":"","ocean_menu_link_color_hover":"","ocean_menu_link_color_active":"","ocean_menu_link_background":"","ocean_menu_link_hover_background":"","ocean_menu_link_active_background":"","ocean_menu_social_links_bg":"","ocean_menu_social_hover_links_bg":"","ocean_menu_social_links_color":"","ocean_menu_social_hover_links_color":"","ocean_disable_title":"default","ocean_disable_heading":"default","ocean_post_title":"","ocean_post_subheading":"","ocean_post_title_style":"","ocean_post_title_background_color":"","ocean_post_title_background":0,"ocean_post_title_bg_image_position":"","ocean_post_title_bg_image_attachment":"","ocean_post_title_bg_image_repeat":"","ocean_post_title_bg_image_size":"","ocean_post_title_height":0,"ocean_post_title_bg_overlay":0.5,"ocean_post_title_bg_overlay_color":"","ocean_disable_breadcrumbs":"default","ocean_breadcrumbs_color":"","ocean_breadcrumbs_separator_color":"","ocean_breadcrumbs_links_color":"","ocean_breadcrumbs_links_hover_color":"","ocean_display_footer_widgets":"default","ocean_display_footer_bottom":"default","ocean_custom_footer_template":"","ocean_post_oembed":"","ocean_post_self_hosted_media":"","ocean_post_video_embed":"","ocean_link_format":"","ocean_link_format_target":"self","ocean_quote_format":"","ocean_quote_format_link":"post","ocean_gallery_link_images":"on","ocean_gallery_id":[],"footnotes":""},"categories":[9],"tags":[],"post_folder":[],"class_list":["post-2049","post","type-post","status-publish","format-standard","hentry","category-actions-et-communiques","entry"],"yoast_head":"<!-- This site is optimized with the Yoast SEO plugin v27.4 - https:\/\/yoast.com\/product\/yoast-seo-wordpress\/ -->\n<title>Nouvelle victoire contre la pr\u00e9carit\u00e9 au Lyc\u00e9e agricole de Laval - PAYS DE LA LOIRE<\/title>\n<meta name=\"robots\" content=\"index, follow, max-snippet:-1, max-image-preview:large, max-video-preview:-1\" \/>\n<link rel=\"canonical\" href=\"https:\/\/regions-snetap-fsu.fr\/pdl\/2018\/06\/07\/nouvelle-victoire-contre-la-precarite-au-lycee-agricole-de-laval\/\" \/>\n<meta property=\"og:locale\" content=\"fr_FR\" \/>\n<meta property=\"og:type\" content=\"article\" \/>\n<meta property=\"og:title\" content=\"Nouvelle victoire contre la pr\u00e9carit\u00e9 au Lyc\u00e9e agricole de Laval - PAYS DE LA LOIRE\" \/>\n<meta property=\"og:description\" content=\"A l&rsquo;occasion du conseil d&rsquo;administration du lyc\u00e9e agricole de Laval, le 5 juin dernier,\u00a0 les repr\u00e9sentants SNETAP-FSU des personnels, ont port\u00e9 une d\u00e9lib\u00e9ration demandant la modification du contrat des coll\u00e8gues AESH de l&rsquo;\u00e9tablissement. Pour nous, il s&rsquo;agissait tout simplement d&rsquo;une mesure de droit (simple application du d\u00e9cret qui r\u00e9git les contrats des AESH et qui [&hellip;]\" \/>\n<meta property=\"og:url\" content=\"https:\/\/regions-snetap-fsu.fr\/pdl\/2018\/06\/07\/nouvelle-victoire-contre-la-precarite-au-lycee-agricole-de-laval\/\" \/>\n<meta property=\"og:site_name\" content=\"PAYS DE LA LOIRE\" \/>\n<meta property=\"article:published_time\" content=\"2018-06-07T13:41:24+00:00\" \/>\n<meta property=\"article:modified_time\" content=\"2018-09-08T20:20:31+00:00\" \/>\n<meta name=\"author\" content=\"yvigner\" \/>\n<meta name=\"twitter:card\" content=\"summary_large_image\" \/>\n<meta name=\"twitter:label1\" content=\"\u00c9crit par\" \/>\n\t<meta name=\"twitter:data1\" content=\"yvigner\" \/>\n\t<meta name=\"twitter:label2\" content=\"Dur\u00e9e de lecture estim\u00e9e\" \/>\n\t<meta name=\"twitter:data2\" content=\"1 minute\" \/>\n<script type=\"application\/ld+json\" class=\"yoast-schema-graph\">{\"@context\":\"https:\\\/\\\/schema.org\",\"@graph\":[{\"@type\":\"Article\",\"@id\":\"https:\\\/\\\/regions-snetap-fsu.fr\\\/pdl\\\/2018\\\/06\\\/07\\\/nouvelle-victoire-contre-la-precarite-au-lycee-agricole-de-laval\\\/#article\",\"isPartOf\":{\"@id\":\"https:\\\/\\\/regions-snetap-fsu.fr\\\/pdl\\\/2018\\\/06\\\/07\\\/nouvelle-victoire-contre-la-precarite-au-lycee-agricole-de-laval\\\/\"},\"author\":{\"name\":\"yvigner\",\"@id\":\"https:\\\/\\\/regions-snetap-fsu.fr\\\/pdl\\\/#\\\/schema\\\/person\\\/d4530af043f9e8d27bdd71c468ec93b1\"},\"headline\":\"Nouvelle victoire contre la pr\u00e9carit\u00e9 au Lyc\u00e9e agricole de Laval\",\"datePublished\":\"2018-06-07T13:41:24+00:00\",\"dateModified\":\"2018-09-08T20:20:31+00:00\",\"mainEntityOfPage\":{\"@id\":\"https:\\\/\\\/regions-snetap-fsu.fr\\\/pdl\\\/2018\\\/06\\\/07\\\/nouvelle-victoire-contre-la-precarite-au-lycee-agricole-de-laval\\\/\"},\"wordCount\":298,\"publisher\":{\"@id\":\"https:\\\/\\\/regions-snetap-fsu.fr\\\/pdl\\\/#organization\"},\"articleSection\":[\"Communiqu\u00e9s\"],\"inLanguage\":\"fr-FR\"},{\"@type\":\"WebPage\",\"@id\":\"https:\\\/\\\/regions-snetap-fsu.fr\\\/pdl\\\/2018\\\/06\\\/07\\\/nouvelle-victoire-contre-la-precarite-au-lycee-agricole-de-laval\\\/\",\"url\":\"https:\\\/\\\/regions-snetap-fsu.fr\\\/pdl\\\/2018\\\/06\\\/07\\\/nouvelle-victoire-contre-la-precarite-au-lycee-agricole-de-laval\\\/\",\"name\":\"Nouvelle victoire contre la pr\u00e9carit\u00e9 au Lyc\u00e9e agricole de Laval - PAYS DE LA LOIRE\",\"isPartOf\":{\"@id\":\"https:\\\/\\\/regions-snetap-fsu.fr\\\/pdl\\\/#website\"},\"datePublished\":\"2018-06-07T13:41:24+00:00\",\"dateModified\":\"2018-09-08T20:20:31+00:00\",\"breadcrumb\":{\"@id\":\"https:\\\/\\\/regions-snetap-fsu.fr\\\/pdl\\\/2018\\\/06\\\/07\\\/nouvelle-victoire-contre-la-precarite-au-lycee-agricole-de-laval\\\/#breadcrumb\"},\"inLanguage\":\"fr-FR\",\"potentialAction\":[{\"@type\":\"ReadAction\",\"target\":[\"https:\\\/\\\/regions-snetap-fsu.fr\\\/pdl\\\/2018\\\/06\\\/07\\\/nouvelle-victoire-contre-la-precarite-au-lycee-agricole-de-laval\\\/\"]}]},{\"@type\":\"BreadcrumbList\",\"@id\":\"https:\\\/\\\/regions-snetap-fsu.fr\\\/pdl\\\/2018\\\/06\\\/07\\\/nouvelle-victoire-contre-la-precarite-au-lycee-agricole-de-laval\\\/#breadcrumb\",\"itemListElement\":[{\"@type\":\"ListItem\",\"position\":1,\"name\":\"Accueil\",\"item\":\"https:\\\/\\\/regions-snetap-fsu.fr\\\/pdl\\\/\"},{\"@type\":\"ListItem\",\"position\":2,\"name\":\"Nouvelle victoire contre la pr\u00e9carit\u00e9 au Lyc\u00e9e agricole de Laval\"}]},{\"@type\":\"WebSite\",\"@id\":\"https:\\\/\\\/regions-snetap-fsu.fr\\\/pdl\\\/#website\",\"url\":\"https:\\\/\\\/regions-snetap-fsu.fr\\\/pdl\\\/\",\"name\":\"SNETAP-FSU PAYS DE LA LOIRE\",\"description\":\"SECTION REGIONALE\",\"publisher\":{\"@id\":\"https:\\\/\\\/regions-snetap-fsu.fr\\\/pdl\\\/#organization\"},\"potentialAction\":[{\"@type\":\"SearchAction\",\"target\":{\"@type\":\"EntryPoint\",\"urlTemplate\":\"https:\\\/\\\/regions-snetap-fsu.fr\\\/pdl\\\/?s={search_term_string}\"},\"query-input\":{\"@type\":\"PropertyValueSpecification\",\"valueRequired\":true,\"valueName\":\"search_term_string\"}}],\"inLanguage\":\"fr-FR\"},{\"@type\":\"Organization\",\"@id\":\"https:\\\/\\\/regions-snetap-fsu.fr\\\/pdl\\\/#organization\",\"name\":\"SNETAP-FSU Pays de Loire\",\"url\":\"https:\\\/\\\/regions-snetap-fsu.fr\\\/pdl\\\/\",\"logo\":{\"@type\":\"ImageObject\",\"inLanguage\":\"fr-FR\",\"@id\":\"https:\\\/\\\/regions-snetap-fsu.fr\\\/pdl\\\/#\\\/schema\\\/logo\\\/image\\\/\",\"url\":\"https:\\\/\\\/regions-snetap-fsu.fr\\\/pdl\\\/wp-content\\\/uploads\\\/sites\\\/4\\\/2020\\\/12\\\/SNETAP-Logo.jpg\",\"contentUrl\":\"https:\\\/\\\/regions-snetap-fsu.fr\\\/pdl\\\/wp-content\\\/uploads\\\/sites\\\/4\\\/2020\\\/12\\\/SNETAP-Logo.jpg\",\"width\":464,\"height\":334,\"caption\":\"SNETAP-FSU Pays de Loire\"},\"image\":{\"@id\":\"https:\\\/\\\/regions-snetap-fsu.fr\\\/pdl\\\/#\\\/schema\\\/logo\\\/image\\\/\"}},{\"@type\":\"Person\",\"@id\":\"https:\\\/\\\/regions-snetap-fsu.fr\\\/pdl\\\/#\\\/schema\\\/person\\\/d4530af043f9e8d27bdd71c468ec93b1\",\"name\":\"yvigner\",\"image\":{\"@type\":\"ImageObject\",\"inLanguage\":\"fr-FR\",\"@id\":\"https:\\\/\\\/secure.gravatar.com\\\/avatar\\\/bc72baa6f2406549aecf77a837bc4f03dbe88472c1762138f868571430a23820?s=96&d=mm&r=g\",\"url\":\"https:\\\/\\\/secure.gravatar.com\\\/avatar\\\/bc72baa6f2406549aecf77a837bc4f03dbe88472c1762138f868571430a23820?s=96&d=mm&r=g\",\"contentUrl\":\"https:\\\/\\\/secure.gravatar.com\\\/avatar\\\/bc72baa6f2406549aecf77a837bc4f03dbe88472c1762138f868571430a23820?s=96&d=mm&r=g\",\"caption\":\"yvigner\"},\"url\":\"https:\\\/\\\/regions-snetap-fsu.fr\\\/pdl\\\/author\\\/yvigner\\\/\"}]}<\/script>\n<!-- \/ Yoast SEO plugin. -->","yoast_head_json":{"title":"Nouvelle victoire contre la pr\u00e9carit\u00e9 au Lyc\u00e9e agricole de Laval - PAYS DE LA LOIRE","robots":{"index":"index","follow":"follow","max-snippet":"max-snippet:-1","max-image-preview":"max-image-preview:large","max-video-preview":"max-video-preview:-1"},"canonical":"https:\/\/regions-snetap-fsu.fr\/pdl\/2018\/06\/07\/nouvelle-victoire-contre-la-precarite-au-lycee-agricole-de-laval\/","og_locale":"fr_FR","og_type":"article","og_title":"Nouvelle victoire contre la pr\u00e9carit\u00e9 au Lyc\u00e9e agricole de Laval - PAYS DE LA LOIRE","og_description":"A l&rsquo;occasion du conseil d&rsquo;administration du lyc\u00e9e agricole de Laval, le 5 juin dernier,\u00a0 les repr\u00e9sentants SNETAP-FSU des personnels, ont port\u00e9 une d\u00e9lib\u00e9ration demandant la modification du contrat des coll\u00e8gues AESH de l&rsquo;\u00e9tablissement. Pour nous, il s&rsquo;agissait tout simplement d&rsquo;une mesure de droit (simple application du d\u00e9cret qui r\u00e9git les contrats des AESH et qui [&hellip;]","og_url":"https:\/\/regions-snetap-fsu.fr\/pdl\/2018\/06\/07\/nouvelle-victoire-contre-la-precarite-au-lycee-agricole-de-laval\/","og_site_name":"PAYS DE LA LOIRE","article_published_time":"2018-06-07T13:41:24+00:00","article_modified_time":"2018-09-08T20:20:31+00:00","author":"yvigner","twitter_card":"summary_large_image","twitter_misc":{"\u00c9crit par":"yvigner","Dur\u00e9e de lecture estim\u00e9e":"1 minute"},"schema":{"@context":"https:\/\/schema.org","@graph":[{"@type":"Article","@id":"https:\/\/regions-snetap-fsu.fr\/pdl\/2018\/06\/07\/nouvelle-victoire-contre-la-precarite-au-lycee-agricole-de-laval\/#article","isPartOf":{"@id":"https:\/\/regions-snetap-fsu.fr\/pdl\/2018\/06\/07\/nouvelle-victoire-contre-la-precarite-au-lycee-agricole-de-laval\/"},"author":{"name":"yvigner","@id":"https:\/\/regions-snetap-fsu.fr\/pdl\/#\/schema\/person\/d4530af043f9e8d27bdd71c468ec93b1"},"headline":"Nouvelle victoire contre la pr\u00e9carit\u00e9 au Lyc\u00e9e agricole de Laval","datePublished":"2018-06-07T13:41:24+00:00","dateModified":"2018-09-08T20:20:31+00:00","mainEntityOfPage":{"@id":"https:\/\/regions-snetap-fsu.fr\/pdl\/2018\/06\/07\/nouvelle-victoire-contre-la-precarite-au-lycee-agricole-de-laval\/"},"wordCount":298,"publisher":{"@id":"https:\/\/regions-snetap-fsu.fr\/pdl\/#organization"},"articleSection":["Communiqu\u00e9s"],"inLanguage":"fr-FR"},{"@type":"WebPage","@id":"https:\/\/regions-snetap-fsu.fr\/pdl\/2018\/06\/07\/nouvelle-victoire-contre-la-precarite-au-lycee-agricole-de-laval\/","url":"https:\/\/regions-snetap-fsu.fr\/pdl\/2018\/06\/07\/nouvelle-victoire-contre-la-precarite-au-lycee-agricole-de-laval\/","name":"Nouvelle victoire contre la pr\u00e9carit\u00e9 au Lyc\u00e9e agricole de Laval - PAYS DE LA LOIRE","isPartOf":{"@id":"https:\/\/regions-snetap-fsu.fr\/pdl\/#website"},"datePublished":"2018-06-07T13:41:24+00:00","dateModified":"2018-09-08T20:20:31+00:00","breadcrumb":{"@id":"https:\/\/regions-snetap-fsu.fr\/pdl\/2018\/06\/07\/nouvelle-victoire-contre-la-precarite-au-lycee-agricole-de-laval\/#breadcrumb"},"inLanguage":"fr-FR","potentialAction":[{"@type":"ReadAction","target":["https:\/\/regions-snetap-fsu.fr\/pdl\/2018\/06\/07\/nouvelle-victoire-contre-la-precarite-au-lycee-agricole-de-laval\/"]}]},{"@type":"BreadcrumbList","@id":"https:\/\/regions-snetap-fsu.fr\/pdl\/2018\/06\/07\/nouvelle-victoire-contre-la-precarite-au-lycee-agricole-de-laval\/#breadcrumb","itemListElement":[{"@type":"ListItem","position":1,"name":"Accueil","item":"https:\/\/regions-snetap-fsu.fr\/pdl\/"},{"@type":"ListItem","position":2,"name":"Nouvelle victoire contre la pr\u00e9carit\u00e9 au Lyc\u00e9e agricole de Laval"}]},{"@type":"WebSite","@id":"https:\/\/regions-snetap-fsu.fr\/pdl\/#website","url":"https:\/\/regions-snetap-fsu.fr\/pdl\/","name":"SNETAP-FSU PAYS DE LA LOIRE","description":"SECTION REGIONALE","publisher":{"@id":"https:\/\/regions-snetap-fsu.fr\/pdl\/#organization"},"potentialAction":[{"@type":"SearchAction","target":{"@type":"EntryPoint","urlTemplate":"https:\/\/regions-snetap-fsu.fr\/pdl\/?s={search_term_string}"},"query-input":{"@type":"PropertyValueSpecification","valueRequired":true,"valueName":"search_term_string"}}],"inLanguage":"fr-FR"},{"@type":"Organization","@id":"https:\/\/regions-snetap-fsu.fr\/pdl\/#organization","name":"SNETAP-FSU Pays de Loire","url":"https:\/\/regions-snetap-fsu.fr\/pdl\/","logo":{"@type":"ImageObject","inLanguage":"fr-FR","@id":"https:\/\/regions-snetap-fsu.fr\/pdl\/#\/schema\/logo\/image\/","url":"https:\/\/regions-snetap-fsu.fr\/pdl\/wp-content\/uploads\/sites\/4\/2020\/12\/SNETAP-Logo.jpg","contentUrl":"https:\/\/regions-snetap-fsu.fr\/pdl\/wp-content\/uploads\/sites\/4\/2020\/12\/SNETAP-Logo.jpg","width":464,"height":334,"caption":"SNETAP-FSU Pays de Loire"},"image":{"@id":"https:\/\/regions-snetap-fsu.fr\/pdl\/#\/schema\/logo\/image\/"}},{"@type":"Person","@id":"https:\/\/regions-snetap-fsu.fr\/pdl\/#\/schema\/person\/d4530af043f9e8d27bdd71c468ec93b1","name":"yvigner","image":{"@type":"ImageObject","inLanguage":"fr-FR","@id":"https:\/\/secure.gravatar.com\/avatar\/bc72baa6f2406549aecf77a837bc4f03dbe88472c1762138f868571430a23820?s=96&d=mm&r=g","url":"https:\/\/secure.gravatar.com\/avatar\/bc72baa6f2406549aecf77a837bc4f03dbe88472c1762138f868571430a23820?s=96&d=mm&r=g","contentUrl":"https:\/\/secure.gravatar.com\/avatar\/bc72baa6f2406549aecf77a837bc4f03dbe88472c1762138f868571430a23820?s=96&d=mm&r=g","caption":"yvigner"},"url":"https:\/\/regions-snetap-fsu.fr\/pdl\/author\/yvigner\/"}]}},"_links":{"self":[{"href":"https:\/\/regions-snetap-fsu.fr\/pdl\/wp-json\/wp\/v2\/posts\/2049","targetHints":{"allow":["GET"]}}],"collection":[{"href":"https:\/\/regions-snetap-fsu.fr\/pdl\/wp-json\/wp\/v2\/posts"}],"about":[{"href":"https:\/\/regions-snetap-fsu.fr\/pdl\/wp-json\/wp\/v2\/types\/post"}],"author":[{"embeddable":true,"href":"https:\/\/regions-snetap-fsu.fr\/pdl\/wp-json\/wp\/v2\/users\/2"}],"replies":[{"embeddable":true,"href":"https:\/\/regions-snetap-fsu.fr\/pdl\/wp-json\/wp\/v2\/comments?post=2049"}],"version-history":[{"count":1,"href":"https:\/\/regions-snetap-fsu.fr\/pdl\/wp-json\/wp\/v2\/posts\/2049\/revisions"}],"predecessor-version":[{"id":2700,"href":"https:\/\/regions-snetap-fsu.fr\/pdl\/wp-json\/wp\/v2\/posts\/2049\/revisions\/2700"}],"wp:attachment":[{"href":"https:\/\/regions-snetap-fsu.fr\/pdl\/wp-json\/wp\/v2\/media?parent=2049"}],"wp:term":[{"taxonomy":"category","embeddable":true,"href":"https:\/\/regions-snetap-fsu.fr\/pdl\/wp-json\/wp\/v2\/categories?post=2049"},{"taxonomy":"post_tag","embeddable":true,"href":"https:\/\/regions-snetap-fsu.fr\/pdl\/wp-json\/wp\/v2\/tags?post=2049"},{"taxonomy":"post_folder","embeddable":true,"href":"https:\/\/regions-snetap-fsu.fr\/pdl\/wp-json\/wp\/v2\/post_folder?post=2049"}],"curies":[{"name":"wp","href":"https:\/\/api.w.org\/{rel}","templated":true}]}}