{"id":202,"date":"2016-11-02T23:46:00","date_gmt":"2016-11-02T22:46:00","guid":{"rendered":"http:\/\/snetap-fsu.fr\/comp\/pdl\/?p=202"},"modified":"2018-09-11T14:02:08","modified_gmt":"2018-09-11T12:02:08","slug":"202","status":"publish","type":"post","link":"https:\/\/regions-snetap-fsu.fr\/pdl\/2016\/11\/02\/202\/","title":{"rendered":"La DGER aux abonn\u00e9s absents au dernier CTREA (6 octobre 2016)"},"content":{"rendered":"<h2 align=\"justify\"><strong>La DGER aux abonn\u00e9s absents au dernier CTREA (6 octobre 2016)<\/strong><\/h2>\n<p style=\"text-align: justify\" align=\"justify\">\n<p align=\"justify\"><span style=\"font-family: Arial, sans-serif\">Le Comit\u00e9 technique r\u00e9gional de l&rsquo;enseignement agricole des Pays de la Loire s&rsquo;est tenu le 6 octobre dernier \u00e0 la DRAAF, voici un bref compte-rendu.<\/span><\/p>\n<p align=\"justify\"><span style=\"font-family: Arial, sans-serif\"><b>Une rentr\u00e9e 2016 toujours pas satisfaisante<\/b><\/span><\/p>\n<p align=\"justify\"><span style=\"font-family: Arial, sans-serif\"><u>Des effectifs du public en l\u00e9g\u00e8re progression mais aussi des dossiers d&rsquo;\u00e9l\u00e8ves refus\u00e9s<\/u><\/span><\/p>\n<p align=\"justify\"><span style=\"font-family: Arial, sans-serif\">Les effectifs de l&rsquo;enseignement agricole des Pays de la Loire pour la rentr\u00e9e 2016 font appara\u00eetre une baisse globale (-1,2%). Cette diminution (forte pour les 4\u00e8me 3\u00e8me) est due essentiellement au priv\u00e9 puisque l&rsquo;enseignement agricole public progresse lui de 1,6\u00a0% mais ne p\u00e8se toujours qu&rsquo;un peu plus de 20\u00a0%.<\/span><\/p>\n<p align=\"justify\"><span style=\"font-family: Arial, sans-serif\">Faute de moyens pour les accueillir, de nombreux \u00e9l\u00e8ves en Mayenne et en Sarthe n&rsquo;ont pas pu \u00eatre accueillis \u00e0 la rentr\u00e9e 2016 en lyc\u00e9e agricole public. Cette situation qui se r\u00e9p\u00e8te d&rsquo;ann\u00e9e en ann\u00e9e est insupportable mais la DGER ne s&rsquo;en \u00e9meut pas.<\/span><\/p>\n<p align=\"justify\"><span style=\"font-family: Arial, sans-serif\">Il y a aussi beaucoup d&rsquo;interrogations sur les proc\u00e9dures de recrutement et \u00e0 ce jour la r\u00e9flexion commune sur le recrutement entre l\u2019\u00e9ducation Nationale et L&rsquo;Enseignement Agricole n&rsquo;a toujours pas commenc\u00e9. De plus cette question n&rsquo;est pas un sujet pour la DGER.<\/span><\/p>\n<p align=\"justify\">\n<p align=\"justify\"><span style=\"font-family: Arial, sans-serif\"><u>Une DGH qui reste insuffisante malgr\u00e9 les mobilisations<\/u><\/span><\/p>\n<p align=\"justify\"><span style=\"font-family: Arial, sans-serif\">Les diff\u00e9rentes mobilisations de d\u00e9cembre 2015 et juillet 2016 ont permis de r\u00e9cup\u00e9rer un peu de DGH, mais la situation reste toujours fragile puisqu&rsquo;il manque 3500 heures sur la r\u00e9gion et l&rsquo;administration r\u00e9gionale a demand\u00e9 une r\u00e9faction de plus de 2000 heures aux \u00e9tablissements pour \u00e9viter un trop fort d\u00e9passement. Cette situation engendre selon les \u00e9tablissements des probl\u00e8mes de financement des options ou encore plus grave des non r\u00e9alisations d&rsquo;horaires programmes comme en pluridisciplinarit\u00e9 ou en langues. <\/span><\/p>\n<p align=\"justify\"><span style=\"font-family: Arial, sans-serif\">La DGER n&rsquo;a toujours pas pris en compte les \u00e9volutions d\u00e9mographiques de la r\u00e9gion Pays de la Loire.<\/span><\/p>\n<p align=\"justify\"><span style=\"font-family: Arial, sans-serif\">La rentr\u00e9e 2017 sera une nouvelle fois tr\u00e8s tendue.<\/span><\/p>\n<p align=\"justify\">\n<p align=\"justify\"><span style=\"font-family: Arial, sans-serif\"><u>L&rsquo;enveloppe HSE pour l&rsquo;individualisation toujours en attente.<\/u><\/span><\/p>\n<p align=\"justify\"><span style=\"font-family: Arial, sans-serif\">Plus de six semaines apr\u00e8s la rentr\u00e9e, le volume des HSE pour l&rsquo;individualisation n&rsquo;est toujours pas connu. La DGER, une nouvelle fois se moque des \u00e9quipes p\u00e9dagogiques, qui ont lanc\u00e9 des actions et qui ne savent toujours pas si elles seront pay\u00e9es.<\/span><\/p>\n<p align=\"justify\">\n<p align=\"justify\"><span style=\"font-family: Arial, sans-serif\"><u>Une gestion inadmissible des contractuels<\/u><\/span><\/p>\n<p align=\"justify\"><span style=\"font-family: Arial, sans-serif\">La gestion des contractuels en cette rentr\u00e9e 2016 est scandaleuse, de nombreux coll\u00e8gues n&rsquo;ont pas encore de contrats et plus grave encore, certains n&rsquo;ont pas \u00e9t\u00e9 pay\u00e9 en septembre. Quelques avances ont toutefois \u00e9t\u00e9 effectu\u00e9es mais les situations critiques sont nombreuses. La DGER sur ce dossier n&rsquo;a pas \u00e9t\u00e9 capable de fournir des explications \u00e0 ce jour, rejetant parfois la faute sur la Draaf-Srfd, qui n&rsquo;a pas la main sur les dossiers.<\/span><\/p>\n<p align=\"justify\"><span style=\"font-family: Arial, sans-serif\">Un recensement des coll\u00e8gues doit \u00eatre fait pour pouvoir les aider.<\/span><\/p>\n<p align=\"justify\"><span style=\"font-family: Arial, sans-serif\"><u>Le Chantier des \u00abValeurs de la R\u00e9publique\u00a0\u00bb<\/u><\/span><\/p>\n<p align=\"justify\"><span style=\"font-family: Arial, sans-serif\">Ce dossier n&rsquo;avance pas vite, pour l&rsquo;instant une premi\u00e8re phase de formation est en cours qui devra permettre d&rsquo;envisager une d\u00e9multiplication dans les mois \u00e0 venir. Rien n&rsquo;est encore d\u00e9cid\u00e9 pour la journ\u00e9e du 9 d\u00e9cembre 2016 (journ\u00e9e nationale de la la\u00efcit\u00e9).<\/span><\/p>\n<p align=\"justify\"><span style=\"font-family: Arial, sans-serif\"><u>Le Document R\u00e9gional de Formation<\/u><\/span><\/p>\n<p align=\"justify\"><span style=\"font-family: Arial, sans-serif\">Comme annonc\u00e9 en juin, il y a d\u00e9sormais la possibilit\u00e9 de s&rsquo;inscrire dans les formations de l&rsquo;Education Nationale ce qui va permettre de combler en partie le d\u00e9ficit de formation du minist\u00e8re de l&rsquo;agriculture. Le travail des correspondants locaux de formation est lourd, il devrait \u00eatre beaucoup plus pris en compte.<\/span><\/p>\n<p align=\"justify\">\n<p align=\"justify\"><span style=\"font-family: Arial, sans-serif\"><b>Flou et morosit\u00e9 pour<\/b><b> les structures 2017<\/b><\/span><\/p>\n<p align=\"justify\"><span style=\"font-family: Arial, sans-serif\">L\u00e0 encore, la DGER ne laisse pas beaucoup de marge de man\u0153uvre aux \u00e9tablissements. Derri\u00e8re une proc\u00e9dure complexe et floue pour la d\u00e9finition de la carte scolaire, il est difficile de mobiliser les \u00e9quipes pour envisager des projets quand les d\u00e9cisions sont pratiquement d\u00e9j\u00e0 prises en amont.<\/span><\/p>\n<p align=\"justify\"><span style=\"font-family: Arial, sans-serif\">Pour la r\u00e9gion Pays de la Loire, seules 2 formations sur les 13 demand\u00e9es sont retenues par la Draaf, il s&rsquo;agit du CAPA SAVER \u00e0 Brette les pins et du Bac Pro CGEA \u00e0 Saint-Herblain. Malgr\u00e9 les augmentations des effectifs dans certains lyc\u00e9es aucunes \u00e9l\u00e9vations de seuil n&rsquo;a \u00e9t\u00e9 retenue dans un premier temps.<\/span><\/p>\n<p align=\"justify\"><span style=\"font-family: Arial, sans-serif\">Aussi lors du vote sur <span style=\"font-size: medium\">la proposition d&rsquo;\u00e9volution de carte scolaire, <\/span><span style=\"font-size: medium\">la d\u00e9l\u00e9gation du SNETAP-FSU et du SYAC CGT <\/span><span style=\"font-size: medium\">a <\/span><span style=\"font-size: medium\">vot<\/span><span style=\"font-size: medium\">\u00e9<\/span><span style=\"font-size: medium\"> contre m\u00eame si elle se reconna\u00eet dans les priorit\u00e9s formul\u00e9es par la Draaf. Un double engagement est pris par le repr\u00e9sentant de la Dra<\/span><span style=\"font-size: medium\">a<\/span><span style=\"font-size: medium\">f, <\/span><span style=\"font-size: medium\">celui <\/span><span style=\"font-size: medium\">d&rsquo;informer les \u00e9quipes des demandes d&rsquo;\u00e9volution des structures et de mettre en priorit\u00e9 3 les demandes de r\u00e9vision des seuils.<\/span><\/span><\/p>\n<p align=\"right\"><span style=\"font-family: Arial, sans-serif\">G\u00e9rard RICHARD<\/span><\/p>\n<p align=\"right\"><span style=\"font-family: Arial, sans-serif\">Bureau r\u00e9gional SNETAP-FSU<\/span><\/p>\n<p style=\"text-align: justify\">\n","protected":false},"excerpt":{"rendered":"<p>La DGER aux abonn\u00e9s absents au dernier CTREA (6 octobre 2016) Le Comit\u00e9 technique r\u00e9gional de l&rsquo;enseignement agricole des Pays de la Loire s&rsquo;est tenu le 6 octobre dernier \u00e0 la DRAAF, voici un bref compte-rendu. Une rentr\u00e9e 2016 toujours pas satisfaisante Des effectifs du public en l\u00e9g\u00e8re progression mais aussi des dossiers d&rsquo;\u00e9l\u00e8ves refus\u00e9s [&hellip;]<\/p>\n","protected":false},"author":2,"featured_media":0,"comment_status":"closed","ping_status":"closed","sticky":false,"template":"","format":"standard","meta":{"ocean_post_layout":"","ocean_both_sidebars_style":"","ocean_both_sidebars_content_width":0,"ocean_both_sidebars_sidebars_width":0,"ocean_sidebar":"","ocean_second_sidebar":"","ocean_disable_margins":"enable","ocean_add_body_class":"","ocean_shortcode_before_top_bar":"","ocean_shortcode_after_top_bar":"","ocean_shortcode_before_header":"","ocean_shortcode_after_header":"","ocean_has_shortcode":"","ocean_shortcode_after_title":"","ocean_shortcode_before_footer_widgets":"","ocean_shortcode_after_footer_widgets":"","ocean_shortcode_before_footer_bottom":"","ocean_shortcode_after_footer_bottom":"","ocean_display_top_bar":"default","ocean_display_header":"default","ocean_header_style":"","ocean_center_header_left_menu":"","ocean_custom_header_template":"","ocean_custom_logo":0,"ocean_custom_retina_logo":0,"ocean_custom_logo_max_width":0,"ocean_custom_logo_tablet_max_width":0,"ocean_custom_logo_mobile_max_width":0,"ocean_custom_logo_max_height":0,"ocean_custom_logo_tablet_max_height":0,"ocean_custom_logo_mobile_max_height":0,"ocean_header_custom_menu":"","ocean_menu_typo_font_family":"","ocean_menu_typo_font_subset":"","ocean_menu_typo_font_size":0,"ocean_menu_typo_font_size_tablet":0,"ocean_menu_typo_font_size_mobile":0,"ocean_menu_typo_font_size_unit":"px","ocean_menu_typo_font_weight":"","ocean_menu_typo_font_weight_tablet":"","ocean_menu_typo_font_weight_mobile":"","ocean_menu_typo_transform":"","ocean_menu_typo_transform_tablet":"","ocean_menu_typo_transform_mobile":"","ocean_menu_typo_line_height":0,"ocean_menu_typo_line_height_tablet":0,"ocean_menu_typo_line_height_mobile":0,"ocean_menu_typo_line_height_unit":"","ocean_menu_typo_spacing":0,"ocean_menu_typo_spacing_tablet":0,"ocean_menu_typo_spacing_mobile":0,"ocean_menu_typo_spacing_unit":"","ocean_menu_link_color":"","ocean_menu_link_color_hover":"","ocean_menu_link_color_active":"","ocean_menu_link_background":"","ocean_menu_link_hover_background":"","ocean_menu_link_active_background":"","ocean_menu_social_links_bg":"","ocean_menu_social_hover_links_bg":"","ocean_menu_social_links_color":"","ocean_menu_social_hover_links_color":"","ocean_disable_title":"default","ocean_disable_heading":"default","ocean_post_title":"","ocean_post_subheading":"","ocean_post_title_style":"","ocean_post_title_background_color":"","ocean_post_title_background":0,"ocean_post_title_bg_image_position":"","ocean_post_title_bg_image_attachment":"","ocean_post_title_bg_image_repeat":"","ocean_post_title_bg_image_size":"","ocean_post_title_height":0,"ocean_post_title_bg_overlay":0.5,"ocean_post_title_bg_overlay_color":"","ocean_disable_breadcrumbs":"default","ocean_breadcrumbs_color":"","ocean_breadcrumbs_separator_color":"","ocean_breadcrumbs_links_color":"","ocean_breadcrumbs_links_hover_color":"","ocean_display_footer_widgets":"default","ocean_display_footer_bottom":"default","ocean_custom_footer_template":"","ocean_post_oembed":"","ocean_post_self_hosted_media":"","ocean_post_video_embed":"","ocean_link_format":"","ocean_link_format_target":"self","ocean_quote_format":"","ocean_quote_format_link":"post","ocean_gallery_link_images":"on","ocean_gallery_id":[],"footnotes":""},"categories":[12],"tags":[],"post_folder":[],"class_list":["post-202","post","type-post","status-publish","format-standard","hentry","category-csarea","entry"],"yoast_head":"<!-- This site is optimized with the Yoast SEO plugin v27.4 - https:\/\/yoast.com\/product\/yoast-seo-wordpress\/ -->\n<title>La DGER aux abonn\u00e9s absents au dernier CTREA (6 octobre 2016) - PAYS DE LA LOIRE<\/title>\n<meta name=\"robots\" content=\"index, follow, max-snippet:-1, max-image-preview:large, max-video-preview:-1\" \/>\n<link rel=\"canonical\" href=\"https:\/\/regions-snetap-fsu.fr\/pdl\/2016\/11\/02\/202\/\" \/>\n<meta property=\"og:locale\" content=\"fr_FR\" \/>\n<meta property=\"og:type\" content=\"article\" \/>\n<meta property=\"og:title\" content=\"La DGER aux abonn\u00e9s absents au dernier CTREA (6 octobre 2016) - PAYS DE LA LOIRE\" \/>\n<meta property=\"og:description\" content=\"La DGER aux abonn\u00e9s absents au dernier CTREA (6 octobre 2016) Le Comit\u00e9 technique r\u00e9gional de l&rsquo;enseignement agricole des Pays de la Loire s&rsquo;est tenu le 6 octobre dernier \u00e0 la DRAAF, voici un bref compte-rendu. Une rentr\u00e9e 2016 toujours pas satisfaisante Des effectifs du public en l\u00e9g\u00e8re progression mais aussi des dossiers d&rsquo;\u00e9l\u00e8ves refus\u00e9s [&hellip;]\" \/>\n<meta property=\"og:url\" content=\"https:\/\/regions-snetap-fsu.fr\/pdl\/2016\/11\/02\/202\/\" \/>\n<meta property=\"og:site_name\" content=\"PAYS DE LA LOIRE\" \/>\n<meta property=\"article:published_time\" content=\"2016-11-02T22:46:00+00:00\" \/>\n<meta property=\"article:modified_time\" content=\"2018-09-11T12:02:08+00:00\" \/>\n<meta name=\"author\" content=\"yvigner\" \/>\n<meta name=\"twitter:card\" content=\"summary_large_image\" \/>\n<meta name=\"twitter:label1\" content=\"\u00c9crit par\" \/>\n\t<meta name=\"twitter:data1\" content=\"yvigner\" \/>\n\t<meta name=\"twitter:label2\" content=\"Dur\u00e9e de lecture estim\u00e9e\" \/>\n\t<meta name=\"twitter:data2\" content=\"4 minutes\" \/>\n<script type=\"application\/ld+json\" class=\"yoast-schema-graph\">{\"@context\":\"https:\\\/\\\/schema.org\",\"@graph\":[{\"@type\":\"Article\",\"@id\":\"https:\\\/\\\/regions-snetap-fsu.fr\\\/pdl\\\/2016\\\/11\\\/02\\\/202\\\/#article\",\"isPartOf\":{\"@id\":\"https:\\\/\\\/regions-snetap-fsu.fr\\\/pdl\\\/2016\\\/11\\\/02\\\/202\\\/\"},\"author\":{\"name\":\"yvigner\",\"@id\":\"https:\\\/\\\/regions-snetap-fsu.fr\\\/pdl\\\/#\\\/schema\\\/person\\\/d4530af043f9e8d27bdd71c468ec93b1\"},\"headline\":\"La DGER aux abonn\u00e9s absents au dernier CTREA (6 octobre 2016)\",\"datePublished\":\"2016-11-02T22:46:00+00:00\",\"dateModified\":\"2018-09-11T12:02:08+00:00\",\"mainEntityOfPage\":{\"@id\":\"https:\\\/\\\/regions-snetap-fsu.fr\\\/pdl\\\/2016\\\/11\\\/02\\\/202\\\/\"},\"wordCount\":819,\"publisher\":{\"@id\":\"https:\\\/\\\/regions-snetap-fsu.fr\\\/pdl\\\/#organization\"},\"articleSection\":[\"CSA-REA (ex CTREA)\"],\"inLanguage\":\"fr-FR\"},{\"@type\":\"WebPage\",\"@id\":\"https:\\\/\\\/regions-snetap-fsu.fr\\\/pdl\\\/2016\\\/11\\\/02\\\/202\\\/\",\"url\":\"https:\\\/\\\/regions-snetap-fsu.fr\\\/pdl\\\/2016\\\/11\\\/02\\\/202\\\/\",\"name\":\"La DGER aux abonn\u00e9s absents au dernier CTREA (6 octobre 2016) - PAYS DE LA LOIRE\",\"isPartOf\":{\"@id\":\"https:\\\/\\\/regions-snetap-fsu.fr\\\/pdl\\\/#website\"},\"datePublished\":\"2016-11-02T22:46:00+00:00\",\"dateModified\":\"2018-09-11T12:02:08+00:00\",\"breadcrumb\":{\"@id\":\"https:\\\/\\\/regions-snetap-fsu.fr\\\/pdl\\\/2016\\\/11\\\/02\\\/202\\\/#breadcrumb\"},\"inLanguage\":\"fr-FR\",\"potentialAction\":[{\"@type\":\"ReadAction\",\"target\":[\"https:\\\/\\\/regions-snetap-fsu.fr\\\/pdl\\\/2016\\\/11\\\/02\\\/202\\\/\"]}]},{\"@type\":\"BreadcrumbList\",\"@id\":\"https:\\\/\\\/regions-snetap-fsu.fr\\\/pdl\\\/2016\\\/11\\\/02\\\/202\\\/#breadcrumb\",\"itemListElement\":[{\"@type\":\"ListItem\",\"position\":1,\"name\":\"Accueil\",\"item\":\"https:\\\/\\\/regions-snetap-fsu.fr\\\/pdl\\\/\"},{\"@type\":\"ListItem\",\"position\":2,\"name\":\"La DGER aux abonn\u00e9s absents au dernier CTREA (6 octobre 2016)\"}]},{\"@type\":\"WebSite\",\"@id\":\"https:\\\/\\\/regions-snetap-fsu.fr\\\/pdl\\\/#website\",\"url\":\"https:\\\/\\\/regions-snetap-fsu.fr\\\/pdl\\\/\",\"name\":\"SNETAP-FSU PAYS DE LA LOIRE\",\"description\":\"SECTION REGIONALE\",\"publisher\":{\"@id\":\"https:\\\/\\\/regions-snetap-fsu.fr\\\/pdl\\\/#organization\"},\"potentialAction\":[{\"@type\":\"SearchAction\",\"target\":{\"@type\":\"EntryPoint\",\"urlTemplate\":\"https:\\\/\\\/regions-snetap-fsu.fr\\\/pdl\\\/?s={search_term_string}\"},\"query-input\":{\"@type\":\"PropertyValueSpecification\",\"valueRequired\":true,\"valueName\":\"search_term_string\"}}],\"inLanguage\":\"fr-FR\"},{\"@type\":\"Organization\",\"@id\":\"https:\\\/\\\/regions-snetap-fsu.fr\\\/pdl\\\/#organization\",\"name\":\"SNETAP-FSU Pays de Loire\",\"url\":\"https:\\\/\\\/regions-snetap-fsu.fr\\\/pdl\\\/\",\"logo\":{\"@type\":\"ImageObject\",\"inLanguage\":\"fr-FR\",\"@id\":\"https:\\\/\\\/regions-snetap-fsu.fr\\\/pdl\\\/#\\\/schema\\\/logo\\\/image\\\/\",\"url\":\"https:\\\/\\\/regions-snetap-fsu.fr\\\/pdl\\\/wp-content\\\/uploads\\\/sites\\\/4\\\/2020\\\/12\\\/SNETAP-Logo.jpg\",\"contentUrl\":\"https:\\\/\\\/regions-snetap-fsu.fr\\\/pdl\\\/wp-content\\\/uploads\\\/sites\\\/4\\\/2020\\\/12\\\/SNETAP-Logo.jpg\",\"width\":464,\"height\":334,\"caption\":\"SNETAP-FSU Pays de Loire\"},\"image\":{\"@id\":\"https:\\\/\\\/regions-snetap-fsu.fr\\\/pdl\\\/#\\\/schema\\\/logo\\\/image\\\/\"}},{\"@type\":\"Person\",\"@id\":\"https:\\\/\\\/regions-snetap-fsu.fr\\\/pdl\\\/#\\\/schema\\\/person\\\/d4530af043f9e8d27bdd71c468ec93b1\",\"name\":\"yvigner\",\"image\":{\"@type\":\"ImageObject\",\"inLanguage\":\"fr-FR\",\"@id\":\"https:\\\/\\\/secure.gravatar.com\\\/avatar\\\/bc72baa6f2406549aecf77a837bc4f03dbe88472c1762138f868571430a23820?s=96&d=mm&r=g\",\"url\":\"https:\\\/\\\/secure.gravatar.com\\\/avatar\\\/bc72baa6f2406549aecf77a837bc4f03dbe88472c1762138f868571430a23820?s=96&d=mm&r=g\",\"contentUrl\":\"https:\\\/\\\/secure.gravatar.com\\\/avatar\\\/bc72baa6f2406549aecf77a837bc4f03dbe88472c1762138f868571430a23820?s=96&d=mm&r=g\",\"caption\":\"yvigner\"},\"url\":\"https:\\\/\\\/regions-snetap-fsu.fr\\\/pdl\\\/author\\\/yvigner\\\/\"}]}<\/script>\n<!-- \/ Yoast SEO plugin. -->","yoast_head_json":{"title":"La DGER aux abonn\u00e9s absents au dernier CTREA (6 octobre 2016) - PAYS DE LA LOIRE","robots":{"index":"index","follow":"follow","max-snippet":"max-snippet:-1","max-image-preview":"max-image-preview:large","max-video-preview":"max-video-preview:-1"},"canonical":"https:\/\/regions-snetap-fsu.fr\/pdl\/2016\/11\/02\/202\/","og_locale":"fr_FR","og_type":"article","og_title":"La DGER aux abonn\u00e9s absents au dernier CTREA (6 octobre 2016) - PAYS DE LA LOIRE","og_description":"La DGER aux abonn\u00e9s absents au dernier CTREA (6 octobre 2016) Le Comit\u00e9 technique r\u00e9gional de l&rsquo;enseignement agricole des Pays de la Loire s&rsquo;est tenu le 6 octobre dernier \u00e0 la DRAAF, voici un bref compte-rendu. Une rentr\u00e9e 2016 toujours pas satisfaisante Des effectifs du public en l\u00e9g\u00e8re progression mais aussi des dossiers d&rsquo;\u00e9l\u00e8ves refus\u00e9s [&hellip;]","og_url":"https:\/\/regions-snetap-fsu.fr\/pdl\/2016\/11\/02\/202\/","og_site_name":"PAYS DE LA LOIRE","article_published_time":"2016-11-02T22:46:00+00:00","article_modified_time":"2018-09-11T12:02:08+00:00","author":"yvigner","twitter_card":"summary_large_image","twitter_misc":{"\u00c9crit par":"yvigner","Dur\u00e9e de lecture estim\u00e9e":"4 minutes"},"schema":{"@context":"https:\/\/schema.org","@graph":[{"@type":"Article","@id":"https:\/\/regions-snetap-fsu.fr\/pdl\/2016\/11\/02\/202\/#article","isPartOf":{"@id":"https:\/\/regions-snetap-fsu.fr\/pdl\/2016\/11\/02\/202\/"},"author":{"name":"yvigner","@id":"https:\/\/regions-snetap-fsu.fr\/pdl\/#\/schema\/person\/d4530af043f9e8d27bdd71c468ec93b1"},"headline":"La DGER aux abonn\u00e9s absents au dernier CTREA (6 octobre 2016)","datePublished":"2016-11-02T22:46:00+00:00","dateModified":"2018-09-11T12:02:08+00:00","mainEntityOfPage":{"@id":"https:\/\/regions-snetap-fsu.fr\/pdl\/2016\/11\/02\/202\/"},"wordCount":819,"publisher":{"@id":"https:\/\/regions-snetap-fsu.fr\/pdl\/#organization"},"articleSection":["CSA-REA (ex CTREA)"],"inLanguage":"fr-FR"},{"@type":"WebPage","@id":"https:\/\/regions-snetap-fsu.fr\/pdl\/2016\/11\/02\/202\/","url":"https:\/\/regions-snetap-fsu.fr\/pdl\/2016\/11\/02\/202\/","name":"La DGER aux abonn\u00e9s absents au dernier CTREA (6 octobre 2016) - PAYS DE LA LOIRE","isPartOf":{"@id":"https:\/\/regions-snetap-fsu.fr\/pdl\/#website"},"datePublished":"2016-11-02T22:46:00+00:00","dateModified":"2018-09-11T12:02:08+00:00","breadcrumb":{"@id":"https:\/\/regions-snetap-fsu.fr\/pdl\/2016\/11\/02\/202\/#breadcrumb"},"inLanguage":"fr-FR","potentialAction":[{"@type":"ReadAction","target":["https:\/\/regions-snetap-fsu.fr\/pdl\/2016\/11\/02\/202\/"]}]},{"@type":"BreadcrumbList","@id":"https:\/\/regions-snetap-fsu.fr\/pdl\/2016\/11\/02\/202\/#breadcrumb","itemListElement":[{"@type":"ListItem","position":1,"name":"Accueil","item":"https:\/\/regions-snetap-fsu.fr\/pdl\/"},{"@type":"ListItem","position":2,"name":"La DGER aux abonn\u00e9s absents au dernier CTREA (6 octobre 2016)"}]},{"@type":"WebSite","@id":"https:\/\/regions-snetap-fsu.fr\/pdl\/#website","url":"https:\/\/regions-snetap-fsu.fr\/pdl\/","name":"SNETAP-FSU PAYS DE LA LOIRE","description":"SECTION REGIONALE","publisher":{"@id":"https:\/\/regions-snetap-fsu.fr\/pdl\/#organization"},"potentialAction":[{"@type":"SearchAction","target":{"@type":"EntryPoint","urlTemplate":"https:\/\/regions-snetap-fsu.fr\/pdl\/?s={search_term_string}"},"query-input":{"@type":"PropertyValueSpecification","valueRequired":true,"valueName":"search_term_string"}}],"inLanguage":"fr-FR"},{"@type":"Organization","@id":"https:\/\/regions-snetap-fsu.fr\/pdl\/#organization","name":"SNETAP-FSU Pays de Loire","url":"https:\/\/regions-snetap-fsu.fr\/pdl\/","logo":{"@type":"ImageObject","inLanguage":"fr-FR","@id":"https:\/\/regions-snetap-fsu.fr\/pdl\/#\/schema\/logo\/image\/","url":"https:\/\/regions-snetap-fsu.fr\/pdl\/wp-content\/uploads\/sites\/4\/2020\/12\/SNETAP-Logo.jpg","contentUrl":"https:\/\/regions-snetap-fsu.fr\/pdl\/wp-content\/uploads\/sites\/4\/2020\/12\/SNETAP-Logo.jpg","width":464,"height":334,"caption":"SNETAP-FSU Pays de Loire"},"image":{"@id":"https:\/\/regions-snetap-fsu.fr\/pdl\/#\/schema\/logo\/image\/"}},{"@type":"Person","@id":"https:\/\/regions-snetap-fsu.fr\/pdl\/#\/schema\/person\/d4530af043f9e8d27bdd71c468ec93b1","name":"yvigner","image":{"@type":"ImageObject","inLanguage":"fr-FR","@id":"https:\/\/secure.gravatar.com\/avatar\/bc72baa6f2406549aecf77a837bc4f03dbe88472c1762138f868571430a23820?s=96&d=mm&r=g","url":"https:\/\/secure.gravatar.com\/avatar\/bc72baa6f2406549aecf77a837bc4f03dbe88472c1762138f868571430a23820?s=96&d=mm&r=g","contentUrl":"https:\/\/secure.gravatar.com\/avatar\/bc72baa6f2406549aecf77a837bc4f03dbe88472c1762138f868571430a23820?s=96&d=mm&r=g","caption":"yvigner"},"url":"https:\/\/regions-snetap-fsu.fr\/pdl\/author\/yvigner\/"}]}},"_links":{"self":[{"href":"https:\/\/regions-snetap-fsu.fr\/pdl\/wp-json\/wp\/v2\/posts\/202","targetHints":{"allow":["GET"]}}],"collection":[{"href":"https:\/\/regions-snetap-fsu.fr\/pdl\/wp-json\/wp\/v2\/posts"}],"about":[{"href":"https:\/\/regions-snetap-fsu.fr\/pdl\/wp-json\/wp\/v2\/types\/post"}],"author":[{"embeddable":true,"href":"https:\/\/regions-snetap-fsu.fr\/pdl\/wp-json\/wp\/v2\/users\/2"}],"replies":[{"embeddable":true,"href":"https:\/\/regions-snetap-fsu.fr\/pdl\/wp-json\/wp\/v2\/comments?post=202"}],"version-history":[{"count":1,"href":"https:\/\/regions-snetap-fsu.fr\/pdl\/wp-json\/wp\/v2\/posts\/202\/revisions"}],"predecessor-version":[{"id":2780,"href":"https:\/\/regions-snetap-fsu.fr\/pdl\/wp-json\/wp\/v2\/posts\/202\/revisions\/2780"}],"wp:attachment":[{"href":"https:\/\/regions-snetap-fsu.fr\/pdl\/wp-json\/wp\/v2\/media?parent=202"}],"wp:term":[{"taxonomy":"category","embeddable":true,"href":"https:\/\/regions-snetap-fsu.fr\/pdl\/wp-json\/wp\/v2\/categories?post=202"},{"taxonomy":"post_tag","embeddable":true,"href":"https:\/\/regions-snetap-fsu.fr\/pdl\/wp-json\/wp\/v2\/tags?post=202"},{"taxonomy":"post_folder","embeddable":true,"href":"https:\/\/regions-snetap-fsu.fr\/pdl\/wp-json\/wp\/v2\/post_folder?post=202"}],"curies":[{"name":"wp","href":"https:\/\/api.w.org\/{rel}","templated":true}]}}