{"id":1275,"date":"2018-04-23T18:02:11","date_gmt":"2018-04-23T16:02:11","guid":{"rendered":"http:\/\/snetap-fsu.fr\/comp\/pdl\/?p=1275"},"modified":"2018-09-19T21:51:54","modified_gmt":"2018-09-19T19:51:54","slug":"laval-de-la-coherence-des-politiques-publiques","status":"publish","type":"post","link":"https:\/\/regions-snetap-fsu.fr\/pdl\/2018\/04\/23\/laval-de-la-coherence-des-politiques-publiques\/","title":{"rendered":"LAVAL : De la coh\u00e9rence des politiques publiques !"},"content":{"rendered":"<p style=\"text-align: justify\">C&rsquo;est aujourd&rsquo;hui lundi 23 avril (pendant les vacances scolaires) qu&rsquo;une d\u00e9l\u00e9gation de 10 coll\u00e8gues du lyc\u00e9e agricole de Laval a rencontr\u00e9 les autorit\u00e9s acad\u00e9miques de l&rsquo;enseignement agricole lig\u00e9rien : Y.LOBJOIT (DRAAF) et P.NENON (SRFD).<\/p>\n<p style=\"text-align: justify\">Nous avons rappel\u00e9 nos arguments (<a href=\"https:\/\/drive.google.com\/file\/d\/16TBd14vY_d-EHruQLIuG_5nC2HVQ6ud8\/view?usp=sharing\">Arguments ici)<\/a>\u00a0en insistant notamment sur l&rsquo;importance de cette fili\u00e8re qui int\u00e8gre, qui est demand\u00e9e, qui permet pour certains une r\u00e9orientation. Rappel\u00e9 aussi les cons\u00e9quences en terme d&#8217;emplois et comment cette fermeture envoyait (ENCORE) un message n\u00e9gatif aux familles, aux Mayennais sur la possibilit\u00e9 d&rsquo;int\u00e9grer l&rsquo;\u00e9tablissement. Rappel\u00e9 le soutien de la profession (Chambre d\u00e9partementale, FDSEA53, Conf 53), des \u00e9lus (parlementaires, \u00e9lus r\u00e9gionaux), des parents d&rsquo;\u00e9l\u00e8ves. Rappel\u00e9 enfin, la fatigue des personnels d&rsquo;\u00eatre oblig\u00e9s de perdre une journ\u00e9e de salaire pour se faire ENFIN entendre. Et tout cela pour seulement 500h de DGH&#8230;<\/p>\n<p style=\"text-align: justify\">Nous avons ensuite \u00e9cout\u00e9 le DRAAF. Il rappel\u00e9, qu&rsquo;il manquait toujours 2300 heures en r\u00e9gion (pour une DGH de 274 000 heures)\u00a0 pour faire la rentr\u00e9e prochaine&#8230;mais il a aussi insister sur la n\u00e9cessit\u00e9 de la coh\u00e9rence des politiques publiques : il n&rsquo;est pas, selon lui, coh\u00e9rent (sic-sic-sic) de fermer une classe de BAC PRO Production en Mayenne quand au m\u00eame moment, le Minist\u00e8re, la DRAAF soutiennent, valorisent des projets agricoles dans le m\u00eame d\u00e9partement (<a href=\"http:\/\/www.lecourrierdelamayenne.fr\/actualite-24973-agriculture-la-legumerie-53-et-ecla-53-recompenses.html\">Voir article Courrier de la Mayenne<\/a>) ! Rappelons que c&rsquo;est lui qui a d\u00e9cid\u00e9 de fermer cette section&#8230;<\/p>\n<p style=\"text-align: justify\">Nous avons donc cru comprendre, que notre autorit\u00e9 acad\u00e9mique portait d\u00e9sormais, comme les personnels, le projet de remise en place de la section \u00e0 la rentr\u00e9e prochaine&#8230;C&rsquo;est le message que nous porterons dans les prochains jours \u00e0 la DGER (Direction G\u00e9n\u00e9rale de l&rsquo;Enseignement et de la Recherche du Minist\u00e8re de l&rsquo;Agriculture). A suivre&#8230;<\/p>\n","protected":false},"excerpt":{"rendered":"<p>C&rsquo;est aujourd&rsquo;hui lundi 23 avril (pendant les vacances scolaires) qu&rsquo;une d\u00e9l\u00e9gation de 10 coll\u00e8gues du lyc\u00e9e agricole de Laval a rencontr\u00e9 les autorit\u00e9s acad\u00e9miques de l&rsquo;enseignement agricole lig\u00e9rien : Y.LOBJOIT (DRAAF) et P.NENON (SRFD). Nous avons rappel\u00e9 nos arguments (Arguments ici)\u00a0en insistant notamment sur l&rsquo;importance de cette fili\u00e8re qui int\u00e8gre, qui est demand\u00e9e, qui permet [&hellip;]<\/p>\n","protected":false},"author":2,"featured_media":0,"comment_status":"closed","ping_status":"closed","sticky":false,"template":"","format":"standard","meta":{"ocean_post_layout":"","ocean_both_sidebars_style":"","ocean_both_sidebars_content_width":0,"ocean_both_sidebars_sidebars_width":0,"ocean_sidebar":"","ocean_second_sidebar":"","ocean_disable_margins":"enable","ocean_add_body_class":"","ocean_shortcode_before_top_bar":"","ocean_shortcode_after_top_bar":"","ocean_shortcode_before_header":"","ocean_shortcode_after_header":"","ocean_has_shortcode":"","ocean_shortcode_after_title":"","ocean_shortcode_before_footer_widgets":"","ocean_shortcode_after_footer_widgets":"","ocean_shortcode_before_footer_bottom":"","ocean_shortcode_after_footer_bottom":"","ocean_display_top_bar":"default","ocean_display_header":"default","ocean_header_style":"","ocean_center_header_left_menu":"","ocean_custom_header_template":"","ocean_custom_logo":0,"ocean_custom_retina_logo":0,"ocean_custom_logo_max_width":0,"ocean_custom_logo_tablet_max_width":0,"ocean_custom_logo_mobile_max_width":0,"ocean_custom_logo_max_height":0,"ocean_custom_logo_tablet_max_height":0,"ocean_custom_logo_mobile_max_height":0,"ocean_header_custom_menu":"","ocean_menu_typo_font_family":"","ocean_menu_typo_font_subset":"","ocean_menu_typo_font_size":0,"ocean_menu_typo_font_size_tablet":0,"ocean_menu_typo_font_size_mobile":0,"ocean_menu_typo_font_size_unit":"px","ocean_menu_typo_font_weight":"","ocean_menu_typo_font_weight_tablet":"","ocean_menu_typo_font_weight_mobile":"","ocean_menu_typo_transform":"","ocean_menu_typo_transform_tablet":"","ocean_menu_typo_transform_mobile":"","ocean_menu_typo_line_height":0,"ocean_menu_typo_line_height_tablet":0,"ocean_menu_typo_line_height_mobile":0,"ocean_menu_typo_line_height_unit":"","ocean_menu_typo_spacing":0,"ocean_menu_typo_spacing_tablet":0,"ocean_menu_typo_spacing_mobile":0,"ocean_menu_typo_spacing_unit":"","ocean_menu_link_color":"","ocean_menu_link_color_hover":"","ocean_menu_link_color_active":"","ocean_menu_link_background":"","ocean_menu_link_hover_background":"","ocean_menu_link_active_background":"","ocean_menu_social_links_bg":"","ocean_menu_social_hover_links_bg":"","ocean_menu_social_links_color":"","ocean_menu_social_hover_links_color":"","ocean_disable_title":"default","ocean_disable_heading":"default","ocean_post_title":"","ocean_post_subheading":"","ocean_post_title_style":"","ocean_post_title_background_color":"","ocean_post_title_background":0,"ocean_post_title_bg_image_position":"","ocean_post_title_bg_image_attachment":"","ocean_post_title_bg_image_repeat":"","ocean_post_title_bg_image_size":"","ocean_post_title_height":0,"ocean_post_title_bg_overlay":0.5,"ocean_post_title_bg_overlay_color":"","ocean_disable_breadcrumbs":"default","ocean_breadcrumbs_color":"","ocean_breadcrumbs_separator_color":"","ocean_breadcrumbs_links_color":"","ocean_breadcrumbs_links_hover_color":"","ocean_display_footer_widgets":"default","ocean_display_footer_bottom":"default","ocean_custom_footer_template":"","ocean_post_oembed":"","ocean_post_self_hosted_media":"","ocean_post_video_embed":"","ocean_link_format":"","ocean_link_format_target":"self","ocean_quote_format":"","ocean_quote_format_link":"post","ocean_gallery_link_images":"on","ocean_gallery_id":[],"footnotes":""},"categories":[9,18],"tags":[],"post_folder":[],"class_list":["post-1275","post","type-post","status-publish","format-standard","hentry","category-actions-et-communiques","category-laval","entry"],"yoast_head":"<!-- This site is optimized with the Yoast SEO plugin v27.4 - https:\/\/yoast.com\/product\/yoast-seo-wordpress\/ -->\n<title>LAVAL : De la coh\u00e9rence des politiques publiques ! - PAYS DE LA LOIRE<\/title>\n<meta name=\"robots\" content=\"index, follow, max-snippet:-1, max-image-preview:large, max-video-preview:-1\" \/>\n<link rel=\"canonical\" href=\"https:\/\/regions-snetap-fsu.fr\/pdl\/2018\/04\/23\/laval-de-la-coherence-des-politiques-publiques\/\" \/>\n<meta property=\"og:locale\" content=\"fr_FR\" \/>\n<meta property=\"og:type\" content=\"article\" \/>\n<meta property=\"og:title\" content=\"LAVAL : De la coh\u00e9rence des politiques publiques ! - PAYS DE LA LOIRE\" \/>\n<meta property=\"og:description\" content=\"C&rsquo;est aujourd&rsquo;hui lundi 23 avril (pendant les vacances scolaires) qu&rsquo;une d\u00e9l\u00e9gation de 10 coll\u00e8gues du lyc\u00e9e agricole de Laval a rencontr\u00e9 les autorit\u00e9s acad\u00e9miques de l&rsquo;enseignement agricole lig\u00e9rien : Y.LOBJOIT (DRAAF) et P.NENON (SRFD). Nous avons rappel\u00e9 nos arguments (Arguments ici)\u00a0en insistant notamment sur l&rsquo;importance de cette fili\u00e8re qui int\u00e8gre, qui est demand\u00e9e, qui permet [&hellip;]\" \/>\n<meta property=\"og:url\" content=\"https:\/\/regions-snetap-fsu.fr\/pdl\/2018\/04\/23\/laval-de-la-coherence-des-politiques-publiques\/\" \/>\n<meta property=\"og:site_name\" content=\"PAYS DE LA LOIRE\" \/>\n<meta property=\"article:published_time\" content=\"2018-04-23T16:02:11+00:00\" \/>\n<meta property=\"article:modified_time\" content=\"2018-09-19T19:51:54+00:00\" \/>\n<meta name=\"author\" content=\"yvigner\" \/>\n<meta name=\"twitter:card\" content=\"summary_large_image\" \/>\n<meta name=\"twitter:label1\" content=\"\u00c9crit par\" \/>\n\t<meta name=\"twitter:data1\" content=\"yvigner\" \/>\n\t<meta name=\"twitter:label2\" content=\"Dur\u00e9e de lecture estim\u00e9e\" \/>\n\t<meta name=\"twitter:data2\" content=\"2 minutes\" \/>\n<script type=\"application\/ld+json\" class=\"yoast-schema-graph\">{\"@context\":\"https:\\\/\\\/schema.org\",\"@graph\":[{\"@type\":\"Article\",\"@id\":\"https:\\\/\\\/regions-snetap-fsu.fr\\\/pdl\\\/2018\\\/04\\\/23\\\/laval-de-la-coherence-des-politiques-publiques\\\/#article\",\"isPartOf\":{\"@id\":\"https:\\\/\\\/regions-snetap-fsu.fr\\\/pdl\\\/2018\\\/04\\\/23\\\/laval-de-la-coherence-des-politiques-publiques\\\/\"},\"author\":{\"name\":\"yvigner\",\"@id\":\"https:\\\/\\\/regions-snetap-fsu.fr\\\/pdl\\\/#\\\/schema\\\/person\\\/d4530af043f9e8d27bdd71c468ec93b1\"},\"headline\":\"LAVAL : De la coh\u00e9rence des politiques publiques !\",\"datePublished\":\"2018-04-23T16:02:11+00:00\",\"dateModified\":\"2018-09-19T19:51:54+00:00\",\"mainEntityOfPage\":{\"@id\":\"https:\\\/\\\/regions-snetap-fsu.fr\\\/pdl\\\/2018\\\/04\\\/23\\\/laval-de-la-coherence-des-politiques-publiques\\\/\"},\"wordCount\":329,\"publisher\":{\"@id\":\"https:\\\/\\\/regions-snetap-fsu.fr\\\/pdl\\\/#organization\"},\"articleSection\":[\"Communiqu\u00e9s\",\"Laval\"],\"inLanguage\":\"fr-FR\"},{\"@type\":\"WebPage\",\"@id\":\"https:\\\/\\\/regions-snetap-fsu.fr\\\/pdl\\\/2018\\\/04\\\/23\\\/laval-de-la-coherence-des-politiques-publiques\\\/\",\"url\":\"https:\\\/\\\/regions-snetap-fsu.fr\\\/pdl\\\/2018\\\/04\\\/23\\\/laval-de-la-coherence-des-politiques-publiques\\\/\",\"name\":\"LAVAL : De la coh\u00e9rence des politiques publiques ! - PAYS DE LA LOIRE\",\"isPartOf\":{\"@id\":\"https:\\\/\\\/regions-snetap-fsu.fr\\\/pdl\\\/#website\"},\"datePublished\":\"2018-04-23T16:02:11+00:00\",\"dateModified\":\"2018-09-19T19:51:54+00:00\",\"breadcrumb\":{\"@id\":\"https:\\\/\\\/regions-snetap-fsu.fr\\\/pdl\\\/2018\\\/04\\\/23\\\/laval-de-la-coherence-des-politiques-publiques\\\/#breadcrumb\"},\"inLanguage\":\"fr-FR\",\"potentialAction\":[{\"@type\":\"ReadAction\",\"target\":[\"https:\\\/\\\/regions-snetap-fsu.fr\\\/pdl\\\/2018\\\/04\\\/23\\\/laval-de-la-coherence-des-politiques-publiques\\\/\"]}]},{\"@type\":\"BreadcrumbList\",\"@id\":\"https:\\\/\\\/regions-snetap-fsu.fr\\\/pdl\\\/2018\\\/04\\\/23\\\/laval-de-la-coherence-des-politiques-publiques\\\/#breadcrumb\",\"itemListElement\":[{\"@type\":\"ListItem\",\"position\":1,\"name\":\"Accueil\",\"item\":\"https:\\\/\\\/regions-snetap-fsu.fr\\\/pdl\\\/\"},{\"@type\":\"ListItem\",\"position\":2,\"name\":\"LAVAL : De la coh\u00e9rence des politiques publiques !\"}]},{\"@type\":\"WebSite\",\"@id\":\"https:\\\/\\\/regions-snetap-fsu.fr\\\/pdl\\\/#website\",\"url\":\"https:\\\/\\\/regions-snetap-fsu.fr\\\/pdl\\\/\",\"name\":\"SNETAP-FSU PAYS DE LA LOIRE\",\"description\":\"SECTION REGIONALE\",\"publisher\":{\"@id\":\"https:\\\/\\\/regions-snetap-fsu.fr\\\/pdl\\\/#organization\"},\"potentialAction\":[{\"@type\":\"SearchAction\",\"target\":{\"@type\":\"EntryPoint\",\"urlTemplate\":\"https:\\\/\\\/regions-snetap-fsu.fr\\\/pdl\\\/?s={search_term_string}\"},\"query-input\":{\"@type\":\"PropertyValueSpecification\",\"valueRequired\":true,\"valueName\":\"search_term_string\"}}],\"inLanguage\":\"fr-FR\"},{\"@type\":\"Organization\",\"@id\":\"https:\\\/\\\/regions-snetap-fsu.fr\\\/pdl\\\/#organization\",\"name\":\"SNETAP-FSU Pays de Loire\",\"url\":\"https:\\\/\\\/regions-snetap-fsu.fr\\\/pdl\\\/\",\"logo\":{\"@type\":\"ImageObject\",\"inLanguage\":\"fr-FR\",\"@id\":\"https:\\\/\\\/regions-snetap-fsu.fr\\\/pdl\\\/#\\\/schema\\\/logo\\\/image\\\/\",\"url\":\"https:\\\/\\\/regions-snetap-fsu.fr\\\/pdl\\\/wp-content\\\/uploads\\\/sites\\\/4\\\/2020\\\/12\\\/SNETAP-Logo.jpg\",\"contentUrl\":\"https:\\\/\\\/regions-snetap-fsu.fr\\\/pdl\\\/wp-content\\\/uploads\\\/sites\\\/4\\\/2020\\\/12\\\/SNETAP-Logo.jpg\",\"width\":464,\"height\":334,\"caption\":\"SNETAP-FSU Pays de Loire\"},\"image\":{\"@id\":\"https:\\\/\\\/regions-snetap-fsu.fr\\\/pdl\\\/#\\\/schema\\\/logo\\\/image\\\/\"}},{\"@type\":\"Person\",\"@id\":\"https:\\\/\\\/regions-snetap-fsu.fr\\\/pdl\\\/#\\\/schema\\\/person\\\/d4530af043f9e8d27bdd71c468ec93b1\",\"name\":\"yvigner\",\"image\":{\"@type\":\"ImageObject\",\"inLanguage\":\"fr-FR\",\"@id\":\"https:\\\/\\\/secure.gravatar.com\\\/avatar\\\/bc72baa6f2406549aecf77a837bc4f03dbe88472c1762138f868571430a23820?s=96&d=mm&r=g\",\"url\":\"https:\\\/\\\/secure.gravatar.com\\\/avatar\\\/bc72baa6f2406549aecf77a837bc4f03dbe88472c1762138f868571430a23820?s=96&d=mm&r=g\",\"contentUrl\":\"https:\\\/\\\/secure.gravatar.com\\\/avatar\\\/bc72baa6f2406549aecf77a837bc4f03dbe88472c1762138f868571430a23820?s=96&d=mm&r=g\",\"caption\":\"yvigner\"},\"url\":\"https:\\\/\\\/regions-snetap-fsu.fr\\\/pdl\\\/author\\\/yvigner\\\/\"}]}<\/script>\n<!-- \/ Yoast SEO plugin. -->","yoast_head_json":{"title":"LAVAL : De la coh\u00e9rence des politiques publiques ! - PAYS DE LA LOIRE","robots":{"index":"index","follow":"follow","max-snippet":"max-snippet:-1","max-image-preview":"max-image-preview:large","max-video-preview":"max-video-preview:-1"},"canonical":"https:\/\/regions-snetap-fsu.fr\/pdl\/2018\/04\/23\/laval-de-la-coherence-des-politiques-publiques\/","og_locale":"fr_FR","og_type":"article","og_title":"LAVAL : De la coh\u00e9rence des politiques publiques ! - PAYS DE LA LOIRE","og_description":"C&rsquo;est aujourd&rsquo;hui lundi 23 avril (pendant les vacances scolaires) qu&rsquo;une d\u00e9l\u00e9gation de 10 coll\u00e8gues du lyc\u00e9e agricole de Laval a rencontr\u00e9 les autorit\u00e9s acad\u00e9miques de l&rsquo;enseignement agricole lig\u00e9rien : Y.LOBJOIT (DRAAF) et P.NENON (SRFD). Nous avons rappel\u00e9 nos arguments (Arguments ici)\u00a0en insistant notamment sur l&rsquo;importance de cette fili\u00e8re qui int\u00e8gre, qui est demand\u00e9e, qui permet [&hellip;]","og_url":"https:\/\/regions-snetap-fsu.fr\/pdl\/2018\/04\/23\/laval-de-la-coherence-des-politiques-publiques\/","og_site_name":"PAYS DE LA LOIRE","article_published_time":"2018-04-23T16:02:11+00:00","article_modified_time":"2018-09-19T19:51:54+00:00","author":"yvigner","twitter_card":"summary_large_image","twitter_misc":{"\u00c9crit par":"yvigner","Dur\u00e9e de lecture estim\u00e9e":"2 minutes"},"schema":{"@context":"https:\/\/schema.org","@graph":[{"@type":"Article","@id":"https:\/\/regions-snetap-fsu.fr\/pdl\/2018\/04\/23\/laval-de-la-coherence-des-politiques-publiques\/#article","isPartOf":{"@id":"https:\/\/regions-snetap-fsu.fr\/pdl\/2018\/04\/23\/laval-de-la-coherence-des-politiques-publiques\/"},"author":{"name":"yvigner","@id":"https:\/\/regions-snetap-fsu.fr\/pdl\/#\/schema\/person\/d4530af043f9e8d27bdd71c468ec93b1"},"headline":"LAVAL : De la coh\u00e9rence des politiques publiques !","datePublished":"2018-04-23T16:02:11+00:00","dateModified":"2018-09-19T19:51:54+00:00","mainEntityOfPage":{"@id":"https:\/\/regions-snetap-fsu.fr\/pdl\/2018\/04\/23\/laval-de-la-coherence-des-politiques-publiques\/"},"wordCount":329,"publisher":{"@id":"https:\/\/regions-snetap-fsu.fr\/pdl\/#organization"},"articleSection":["Communiqu\u00e9s","Laval"],"inLanguage":"fr-FR"},{"@type":"WebPage","@id":"https:\/\/regions-snetap-fsu.fr\/pdl\/2018\/04\/23\/laval-de-la-coherence-des-politiques-publiques\/","url":"https:\/\/regions-snetap-fsu.fr\/pdl\/2018\/04\/23\/laval-de-la-coherence-des-politiques-publiques\/","name":"LAVAL : De la coh\u00e9rence des politiques publiques ! - PAYS DE LA LOIRE","isPartOf":{"@id":"https:\/\/regions-snetap-fsu.fr\/pdl\/#website"},"datePublished":"2018-04-23T16:02:11+00:00","dateModified":"2018-09-19T19:51:54+00:00","breadcrumb":{"@id":"https:\/\/regions-snetap-fsu.fr\/pdl\/2018\/04\/23\/laval-de-la-coherence-des-politiques-publiques\/#breadcrumb"},"inLanguage":"fr-FR","potentialAction":[{"@type":"ReadAction","target":["https:\/\/regions-snetap-fsu.fr\/pdl\/2018\/04\/23\/laval-de-la-coherence-des-politiques-publiques\/"]}]},{"@type":"BreadcrumbList","@id":"https:\/\/regions-snetap-fsu.fr\/pdl\/2018\/04\/23\/laval-de-la-coherence-des-politiques-publiques\/#breadcrumb","itemListElement":[{"@type":"ListItem","position":1,"name":"Accueil","item":"https:\/\/regions-snetap-fsu.fr\/pdl\/"},{"@type":"ListItem","position":2,"name":"LAVAL : De la coh\u00e9rence des politiques publiques !"}]},{"@type":"WebSite","@id":"https:\/\/regions-snetap-fsu.fr\/pdl\/#website","url":"https:\/\/regions-snetap-fsu.fr\/pdl\/","name":"SNETAP-FSU PAYS DE LA LOIRE","description":"SECTION REGIONALE","publisher":{"@id":"https:\/\/regions-snetap-fsu.fr\/pdl\/#organization"},"potentialAction":[{"@type":"SearchAction","target":{"@type":"EntryPoint","urlTemplate":"https:\/\/regions-snetap-fsu.fr\/pdl\/?s={search_term_string}"},"query-input":{"@type":"PropertyValueSpecification","valueRequired":true,"valueName":"search_term_string"}}],"inLanguage":"fr-FR"},{"@type":"Organization","@id":"https:\/\/regions-snetap-fsu.fr\/pdl\/#organization","name":"SNETAP-FSU Pays de Loire","url":"https:\/\/regions-snetap-fsu.fr\/pdl\/","logo":{"@type":"ImageObject","inLanguage":"fr-FR","@id":"https:\/\/regions-snetap-fsu.fr\/pdl\/#\/schema\/logo\/image\/","url":"https:\/\/regions-snetap-fsu.fr\/pdl\/wp-content\/uploads\/sites\/4\/2020\/12\/SNETAP-Logo.jpg","contentUrl":"https:\/\/regions-snetap-fsu.fr\/pdl\/wp-content\/uploads\/sites\/4\/2020\/12\/SNETAP-Logo.jpg","width":464,"height":334,"caption":"SNETAP-FSU Pays de Loire"},"image":{"@id":"https:\/\/regions-snetap-fsu.fr\/pdl\/#\/schema\/logo\/image\/"}},{"@type":"Person","@id":"https:\/\/regions-snetap-fsu.fr\/pdl\/#\/schema\/person\/d4530af043f9e8d27bdd71c468ec93b1","name":"yvigner","image":{"@type":"ImageObject","inLanguage":"fr-FR","@id":"https:\/\/secure.gravatar.com\/avatar\/bc72baa6f2406549aecf77a837bc4f03dbe88472c1762138f868571430a23820?s=96&d=mm&r=g","url":"https:\/\/secure.gravatar.com\/avatar\/bc72baa6f2406549aecf77a837bc4f03dbe88472c1762138f868571430a23820?s=96&d=mm&r=g","contentUrl":"https:\/\/secure.gravatar.com\/avatar\/bc72baa6f2406549aecf77a837bc4f03dbe88472c1762138f868571430a23820?s=96&d=mm&r=g","caption":"yvigner"},"url":"https:\/\/regions-snetap-fsu.fr\/pdl\/author\/yvigner\/"}]}},"_links":{"self":[{"href":"https:\/\/regions-snetap-fsu.fr\/pdl\/wp-json\/wp\/v2\/posts\/1275","targetHints":{"allow":["GET"]}}],"collection":[{"href":"https:\/\/regions-snetap-fsu.fr\/pdl\/wp-json\/wp\/v2\/posts"}],"about":[{"href":"https:\/\/regions-snetap-fsu.fr\/pdl\/wp-json\/wp\/v2\/types\/post"}],"author":[{"embeddable":true,"href":"https:\/\/regions-snetap-fsu.fr\/pdl\/wp-json\/wp\/v2\/users\/2"}],"replies":[{"embeddable":true,"href":"https:\/\/regions-snetap-fsu.fr\/pdl\/wp-json\/wp\/v2\/comments?post=1275"}],"version-history":[{"count":1,"href":"https:\/\/regions-snetap-fsu.fr\/pdl\/wp-json\/wp\/v2\/posts\/1275\/revisions"}],"predecessor-version":[{"id":2705,"href":"https:\/\/regions-snetap-fsu.fr\/pdl\/wp-json\/wp\/v2\/posts\/1275\/revisions\/2705"}],"wp:attachment":[{"href":"https:\/\/regions-snetap-fsu.fr\/pdl\/wp-json\/wp\/v2\/media?parent=1275"}],"wp:term":[{"taxonomy":"category","embeddable":true,"href":"https:\/\/regions-snetap-fsu.fr\/pdl\/wp-json\/wp\/v2\/categories?post=1275"},{"taxonomy":"post_tag","embeddable":true,"href":"https:\/\/regions-snetap-fsu.fr\/pdl\/wp-json\/wp\/v2\/tags?post=1275"},{"taxonomy":"post_folder","embeddable":true,"href":"https:\/\/regions-snetap-fsu.fr\/pdl\/wp-json\/wp\/v2\/post_folder?post=1275"}],"curies":[{"name":"wp","href":"https:\/\/api.w.org\/{rel}","templated":true}]}}