{"id":1260,"date":"2018-04-23T12:28:11","date_gmt":"2018-04-23T10:28:11","guid":{"rendered":"http:\/\/snetap-fsu.fr\/comp\/pdl\/?p=1260"},"modified":"2018-09-19T21:52:01","modified_gmt":"2018-09-19T19:52:01","slug":"journee-de-greve-au-lycee-agricole-de-laval-meprises-mais-pas-abattus","status":"publish","type":"post","link":"https:\/\/regions-snetap-fsu.fr\/pdl\/2018\/04\/23\/journee-de-greve-au-lycee-agricole-de-laval-meprises-mais-pas-abattus\/","title":{"rendered":"Journ\u00e9e de gr\u00e8ve au lyc\u00e9e agricole de Laval&#8230;m\u00e9pris\u00e9s mais pas abattus !"},"content":{"rendered":"<p style=\"text-align: justify\">Le jeudi 19 avril, les personnels du lyc\u00e9e agricole de Laval \u00e9taient en gr\u00e8ve pour d\u00e9fendre le Service Public, d\u00e9fendre l&rsquo;enseignement agricole public et d\u00e9noncer la fermeture des\u00a0 sections de seconde et premi\u00e8re pro production \u00e0 la rentr\u00e9e prochaine. D\u00e8s 6h30 du matin, ils ont \u00e9chang\u00e9 avec tous les usagers pour expliquer le mouvement. A partir de 10h, ce sont les administrateurs de l&rsquo;EPL qui sont arriv\u00e9s pour le CA du jour&#8230;Enfin, ils (nous) avons rejoint le rassemblement contre les politiques gouvernementales \u00e0 Laval.<\/p>\n<div id='gallery-1' class='gallery galleryid-1260 gallery-columns-3 gallery-size-thumbnail'><figure class='gallery-item'>\n\t\t\t<div class='gallery-icon landscape'>\n\t\t\t\t<a href='https:\/\/regions-snetap-fsu.fr\/pdl\/2018\/04\/23\/journee-de-greve-au-lycee-agricole-de-laval-meprises-mais-pas-abattus\/2018-04-19-08-39-14\/'><img decoding=\"async\" width=\"150\" height=\"150\" src=\"https:\/\/regions-snetap-fsu.fr\/pdl\/wp-content\/uploads\/sites\/4\/2018\/04\/2018-04-19-08.39.14-150x150.jpg\" class=\"attachment-thumbnail size-thumbnail\" alt=\"\" \/><\/a>\n\t\t\t<\/div><\/figure><figure class='gallery-item'>\n\t\t\t<div class='gallery-icon landscape'>\n\t\t\t\t<a href='https:\/\/regions-snetap-fsu.fr\/pdl\/2018\/04\/23\/journee-de-greve-au-lycee-agricole-de-laval-meprises-mais-pas-abattus\/2018-04-19-12-01-15\/'><img decoding=\"async\" width=\"150\" height=\"150\" src=\"https:\/\/regions-snetap-fsu.fr\/pdl\/wp-content\/uploads\/sites\/4\/2018\/04\/2018-04-19-12.01.15-150x150.jpg\" class=\"attachment-thumbnail size-thumbnail\" alt=\"\" \/><\/a>\n\t\t\t<\/div><\/figure><figure class='gallery-item'>\n\t\t\t<div class='gallery-icon landscape'>\n\t\t\t\t<a href='https:\/\/regions-snetap-fsu.fr\/pdl\/2018\/04\/23\/journee-de-greve-au-lycee-agricole-de-laval-meprises-mais-pas-abattus\/2018-04-19-08-08-17\/'><img decoding=\"async\" width=\"150\" height=\"150\" src=\"https:\/\/regions-snetap-fsu.fr\/pdl\/wp-content\/uploads\/sites\/4\/2018\/04\/2018-04-19-08.08.17-150x150.jpg\" class=\"attachment-thumbnail size-thumbnail\" alt=\"\" \/><\/a>\n\t\t\t<\/div><\/figure><figure class='gallery-item'>\n\t\t\t<div class='gallery-icon landscape'>\n\t\t\t\t<a href='https:\/\/regions-snetap-fsu.fr\/pdl\/2018\/04\/23\/journee-de-greve-au-lycee-agricole-de-laval-meprises-mais-pas-abattus\/2018-04-19-08-07-23\/'><img loading=\"lazy\" decoding=\"async\" width=\"150\" height=\"150\" src=\"https:\/\/regions-snetap-fsu.fr\/pdl\/wp-content\/uploads\/sites\/4\/2018\/04\/2018-04-19-08.07.23-150x150.jpg\" class=\"attachment-thumbnail size-thumbnail\" alt=\"\" \/><\/a>\n\t\t\t<\/div><\/figure><figure class='gallery-item'>\n\t\t\t<div class='gallery-icon landscape'>\n\t\t\t\t<a href='https:\/\/regions-snetap-fsu.fr\/pdl\/2018\/04\/23\/journee-de-greve-au-lycee-agricole-de-laval-meprises-mais-pas-abattus\/2018-04-19-08-41-12\/'><img loading=\"lazy\" decoding=\"async\" width=\"150\" height=\"150\" src=\"https:\/\/regions-snetap-fsu.fr\/pdl\/wp-content\/uploads\/sites\/4\/2018\/04\/2018-04-19-08.41.12-150x150.jpg\" class=\"attachment-thumbnail size-thumbnail\" alt=\"\" \/><\/a>\n\t\t\t<\/div><\/figure><figure class='gallery-item'>\n\t\t\t<div class='gallery-icon landscape'>\n\t\t\t\t<a href='https:\/\/regions-snetap-fsu.fr\/pdl\/2018\/04\/23\/journee-de-greve-au-lycee-agricole-de-laval-meprises-mais-pas-abattus\/2018-04-19-09-00-05\/'><img loading=\"lazy\" decoding=\"async\" width=\"150\" height=\"150\" src=\"https:\/\/regions-snetap-fsu.fr\/pdl\/wp-content\/uploads\/sites\/4\/2018\/04\/2018-04-19-09.00.05-150x150.jpg\" class=\"attachment-thumbnail size-thumbnail\" alt=\"\" \/><\/a>\n\t\t\t<\/div><\/figure><figure class='gallery-item'>\n\t\t\t<div class='gallery-icon landscape'>\n\t\t\t\t<a href='https:\/\/regions-snetap-fsu.fr\/pdl\/2018\/04\/23\/journee-de-greve-au-lycee-agricole-de-laval-meprises-mais-pas-abattus\/2018-04-19-07-25-55\/'><img loading=\"lazy\" decoding=\"async\" width=\"150\" height=\"150\" src=\"https:\/\/regions-snetap-fsu.fr\/pdl\/wp-content\/uploads\/sites\/4\/2018\/04\/2018-04-19-07.25.55-150x150.jpg\" class=\"attachment-thumbnail size-thumbnail\" alt=\"\" \/><\/a>\n\t\t\t<\/div><\/figure><figure class='gallery-item'>\n\t\t\t<div class='gallery-icon landscape'>\n\t\t\t\t<a href='https:\/\/regions-snetap-fsu.fr\/pdl\/2018\/04\/23\/journee-de-greve-au-lycee-agricole-de-laval-meprises-mais-pas-abattus\/2018-04-19-07-18-58\/'><img loading=\"lazy\" decoding=\"async\" width=\"150\" height=\"150\" src=\"https:\/\/regions-snetap-fsu.fr\/pdl\/wp-content\/uploads\/sites\/4\/2018\/04\/2018-04-19-07.18.58-150x150.jpg\" class=\"attachment-thumbnail size-thumbnail\" alt=\"\" \/><\/a>\n\t\t\t<\/div><\/figure><figure class='gallery-item'>\n\t\t\t<div class='gallery-icon landscape'>\n\t\t\t\t<a href='https:\/\/regions-snetap-fsu.fr\/pdl\/2018\/04\/23\/journee-de-greve-au-lycee-agricole-de-laval-meprises-mais-pas-abattus\/2018-04-19-07-41-00\/'><img loading=\"lazy\" decoding=\"async\" width=\"150\" height=\"150\" src=\"https:\/\/regions-snetap-fsu.fr\/pdl\/wp-content\/uploads\/sites\/4\/2018\/04\/2018-04-19-07.41.00-150x150.jpg\" class=\"attachment-thumbnail size-thumbnail\" alt=\"\" \/><\/a>\n\t\t\t<\/div><\/figure>\n\t\t<\/div>\n\n<p style=\"text-align: justify\">Alors que plus de 70 \u00e9l\u00e8ves demandent chaque ann\u00e9e \u00e0 int\u00e9grer cette formation et que le lyc\u00e9e ne dispose que de 32 places, alors que l&rsquo;agriculture mayennaise manque de main d&rsquo;ouvre dans toutes les fili\u00e8res \u00e9levage&#8230;la DRAAF, le Minist\u00e8re refusent d&rsquo;entendre les personnels, soutenus par les parents d&rsquo;\u00e9l\u00e8ves, la profession agricole, la chambre d&rsquo;agriculture, les \u00e9lus (nationaux et r\u00e9gionaux). Ce refus s&rsquo;est m\u00eame traduit par une absence d&rsquo;\u00e9changes pendant le pr\u00e9avis de gr\u00e8ve, par une impossibilit\u00e9 de rencontrer les personnels ensuite (le jour de la gr\u00e8ve ou le lendemain). Et ce n&rsquo;est qu&rsquo;aujourd&rsquo;hui, lundi 23 avril, alors que l&rsquo;\u00e9tablissement est en vacances&#8230;que le DRAAF accepte de rencontrer une d\u00e9l\u00e9gation.<\/p>\n<p style=\"text-align: justify\"><span style=\"font-size: 14pt\"><strong>LES PERSONNELS SONT TOUJOURS MOBILIS\u00c9S ! ILS NE L\u00c2CHERONT PAS !<\/strong><\/span><\/p>\n","protected":false},"excerpt":{"rendered":"<p>Le jeudi 19 avril, les personnels du lyc\u00e9e agricole de Laval \u00e9taient en gr\u00e8ve pour d\u00e9fendre le Service Public, d\u00e9fendre l&rsquo;enseignement agricole public et d\u00e9noncer la fermeture des\u00a0 sections de seconde et premi\u00e8re pro production \u00e0 la rentr\u00e9e prochaine. D\u00e8s 6h30 du matin, ils ont \u00e9chang\u00e9 avec tous les usagers pour expliquer le mouvement. A [&hellip;]<\/p>\n","protected":false},"author":2,"featured_media":0,"comment_status":"closed","ping_status":"closed","sticky":false,"template":"","format":"standard","meta":{"ocean_post_layout":"","ocean_both_sidebars_style":"","ocean_both_sidebars_content_width":0,"ocean_both_sidebars_sidebars_width":0,"ocean_sidebar":"","ocean_second_sidebar":"","ocean_disable_margins":"enable","ocean_add_body_class":"","ocean_shortcode_before_top_bar":"","ocean_shortcode_after_top_bar":"","ocean_shortcode_before_header":"","ocean_shortcode_after_header":"","ocean_has_shortcode":"","ocean_shortcode_after_title":"","ocean_shortcode_before_footer_widgets":"","ocean_shortcode_after_footer_widgets":"","ocean_shortcode_before_footer_bottom":"","ocean_shortcode_after_footer_bottom":"","ocean_display_top_bar":"default","ocean_display_header":"default","ocean_header_style":"","ocean_center_header_left_menu":"","ocean_custom_header_template":"","ocean_custom_logo":0,"ocean_custom_retina_logo":0,"ocean_custom_logo_max_width":0,"ocean_custom_logo_tablet_max_width":0,"ocean_custom_logo_mobile_max_width":0,"ocean_custom_logo_max_height":0,"ocean_custom_logo_tablet_max_height":0,"ocean_custom_logo_mobile_max_height":0,"ocean_header_custom_menu":"","ocean_menu_typo_font_family":"","ocean_menu_typo_font_subset":"","ocean_menu_typo_font_size":0,"ocean_menu_typo_font_size_tablet":0,"ocean_menu_typo_font_size_mobile":0,"ocean_menu_typo_font_size_unit":"px","ocean_menu_typo_font_weight":"","ocean_menu_typo_font_weight_tablet":"","ocean_menu_typo_font_weight_mobile":"","ocean_menu_typo_transform":"","ocean_menu_typo_transform_tablet":"","ocean_menu_typo_transform_mobile":"","ocean_menu_typo_line_height":0,"ocean_menu_typo_line_height_tablet":0,"ocean_menu_typo_line_height_mobile":0,"ocean_menu_typo_line_height_unit":"","ocean_menu_typo_spacing":0,"ocean_menu_typo_spacing_tablet":0,"ocean_menu_typo_spacing_mobile":0,"ocean_menu_typo_spacing_unit":"","ocean_menu_link_color":"","ocean_menu_link_color_hover":"","ocean_menu_link_color_active":"","ocean_menu_link_background":"","ocean_menu_link_hover_background":"","ocean_menu_link_active_background":"","ocean_menu_social_links_bg":"","ocean_menu_social_hover_links_bg":"","ocean_menu_social_links_color":"","ocean_menu_social_hover_links_color":"","ocean_disable_title":"default","ocean_disable_heading":"default","ocean_post_title":"","ocean_post_subheading":"","ocean_post_title_style":"","ocean_post_title_background_color":"","ocean_post_title_background":0,"ocean_post_title_bg_image_position":"","ocean_post_title_bg_image_attachment":"","ocean_post_title_bg_image_repeat":"","ocean_post_title_bg_image_size":"","ocean_post_title_height":0,"ocean_post_title_bg_overlay":0.5,"ocean_post_title_bg_overlay_color":"","ocean_disable_breadcrumbs":"default","ocean_breadcrumbs_color":"","ocean_breadcrumbs_separator_color":"","ocean_breadcrumbs_links_color":"","ocean_breadcrumbs_links_hover_color":"","ocean_display_footer_widgets":"default","ocean_display_footer_bottom":"default","ocean_custom_footer_template":"","ocean_post_oembed":"","ocean_post_self_hosted_media":"","ocean_post_video_embed":"","ocean_link_format":"","ocean_link_format_target":"self","ocean_quote_format":"","ocean_quote_format_link":"post","ocean_gallery_link_images":"on","ocean_gallery_id":[],"footnotes":""},"categories":[9,18],"tags":[],"post_folder":[],"class_list":["post-1260","post","type-post","status-publish","format-standard","hentry","category-actions-et-communiques","category-laval","entry"],"yoast_head":"<!-- This site is optimized with the Yoast SEO plugin v27.4 - https:\/\/yoast.com\/product\/yoast-seo-wordpress\/ -->\n<title>Journ\u00e9e de gr\u00e8ve au lyc\u00e9e agricole de Laval...m\u00e9pris\u00e9s mais pas abattus ! - PAYS DE LA LOIRE<\/title>\n<meta name=\"robots\" content=\"index, follow, max-snippet:-1, max-image-preview:large, max-video-preview:-1\" \/>\n<link rel=\"canonical\" href=\"https:\/\/regions-snetap-fsu.fr\/pdl\/2018\/04\/23\/journee-de-greve-au-lycee-agricole-de-laval-meprises-mais-pas-abattus\/\" \/>\n<meta property=\"og:locale\" content=\"fr_FR\" \/>\n<meta property=\"og:type\" content=\"article\" \/>\n<meta property=\"og:title\" content=\"Journ\u00e9e de gr\u00e8ve au lyc\u00e9e agricole de Laval...m\u00e9pris\u00e9s mais pas abattus ! - PAYS DE LA LOIRE\" \/>\n<meta property=\"og:description\" content=\"Le jeudi 19 avril, les personnels du lyc\u00e9e agricole de Laval \u00e9taient en gr\u00e8ve pour d\u00e9fendre le Service Public, d\u00e9fendre l&rsquo;enseignement agricole public et d\u00e9noncer la fermeture des\u00a0 sections de seconde et premi\u00e8re pro production \u00e0 la rentr\u00e9e prochaine. D\u00e8s 6h30 du matin, ils ont \u00e9chang\u00e9 avec tous les usagers pour expliquer le mouvement. A [&hellip;]\" \/>\n<meta property=\"og:url\" content=\"https:\/\/regions-snetap-fsu.fr\/pdl\/2018\/04\/23\/journee-de-greve-au-lycee-agricole-de-laval-meprises-mais-pas-abattus\/\" \/>\n<meta property=\"og:site_name\" content=\"PAYS DE LA LOIRE\" \/>\n<meta property=\"article:published_time\" content=\"2018-04-23T10:28:11+00:00\" \/>\n<meta property=\"article:modified_time\" content=\"2018-09-19T19:52:01+00:00\" \/>\n<meta property=\"og:image\" content=\"https:\/\/regions-snetap-fsu.fr\/pdl\/wp-content\/uploads\/sites\/4\/2018\/04\/2018-04-19-08.39.14-150x150.jpg\" \/>\n<meta name=\"author\" content=\"yvigner\" \/>\n<meta name=\"twitter:card\" content=\"summary_large_image\" \/>\n<meta name=\"twitter:label1\" content=\"\u00c9crit par\" \/>\n\t<meta name=\"twitter:data1\" content=\"yvigner\" \/>\n\t<meta name=\"twitter:label2\" content=\"Dur\u00e9e de lecture estim\u00e9e\" \/>\n\t<meta name=\"twitter:data2\" content=\"1 minute\" \/>\n<script type=\"application\/ld+json\" class=\"yoast-schema-graph\">{\"@context\":\"https:\\\/\\\/schema.org\",\"@graph\":[{\"@type\":\"Article\",\"@id\":\"https:\\\/\\\/regions-snetap-fsu.fr\\\/pdl\\\/2018\\\/04\\\/23\\\/journee-de-greve-au-lycee-agricole-de-laval-meprises-mais-pas-abattus\\\/#article\",\"isPartOf\":{\"@id\":\"https:\\\/\\\/regions-snetap-fsu.fr\\\/pdl\\\/2018\\\/04\\\/23\\\/journee-de-greve-au-lycee-agricole-de-laval-meprises-mais-pas-abattus\\\/\"},\"author\":{\"name\":\"yvigner\",\"@id\":\"https:\\\/\\\/regions-snetap-fsu.fr\\\/pdl\\\/#\\\/schema\\\/person\\\/d4530af043f9e8d27bdd71c468ec93b1\"},\"headline\":\"Journ\u00e9e de gr\u00e8ve au lyc\u00e9e agricole de Laval&#8230;m\u00e9pris\u00e9s mais pas abattus !\",\"datePublished\":\"2018-04-23T10:28:11+00:00\",\"dateModified\":\"2018-09-19T19:52:01+00:00\",\"mainEntityOfPage\":{\"@id\":\"https:\\\/\\\/regions-snetap-fsu.fr\\\/pdl\\\/2018\\\/04\\\/23\\\/journee-de-greve-au-lycee-agricole-de-laval-meprises-mais-pas-abattus\\\/\"},\"wordCount\":255,\"publisher\":{\"@id\":\"https:\\\/\\\/regions-snetap-fsu.fr\\\/pdl\\\/#organization\"},\"articleSection\":[\"Communiqu\u00e9s\",\"Laval\"],\"inLanguage\":\"fr-FR\"},{\"@type\":\"WebPage\",\"@id\":\"https:\\\/\\\/regions-snetap-fsu.fr\\\/pdl\\\/2018\\\/04\\\/23\\\/journee-de-greve-au-lycee-agricole-de-laval-meprises-mais-pas-abattus\\\/\",\"url\":\"https:\\\/\\\/regions-snetap-fsu.fr\\\/pdl\\\/2018\\\/04\\\/23\\\/journee-de-greve-au-lycee-agricole-de-laval-meprises-mais-pas-abattus\\\/\",\"name\":\"Journ\u00e9e de gr\u00e8ve au lyc\u00e9e agricole de Laval...m\u00e9pris\u00e9s mais pas abattus ! - PAYS DE LA LOIRE\",\"isPartOf\":{\"@id\":\"https:\\\/\\\/regions-snetap-fsu.fr\\\/pdl\\\/#website\"},\"datePublished\":\"2018-04-23T10:28:11+00:00\",\"dateModified\":\"2018-09-19T19:52:01+00:00\",\"breadcrumb\":{\"@id\":\"https:\\\/\\\/regions-snetap-fsu.fr\\\/pdl\\\/2018\\\/04\\\/23\\\/journee-de-greve-au-lycee-agricole-de-laval-meprises-mais-pas-abattus\\\/#breadcrumb\"},\"inLanguage\":\"fr-FR\",\"potentialAction\":[{\"@type\":\"ReadAction\",\"target\":[\"https:\\\/\\\/regions-snetap-fsu.fr\\\/pdl\\\/2018\\\/04\\\/23\\\/journee-de-greve-au-lycee-agricole-de-laval-meprises-mais-pas-abattus\\\/\"]}]},{\"@type\":\"BreadcrumbList\",\"@id\":\"https:\\\/\\\/regions-snetap-fsu.fr\\\/pdl\\\/2018\\\/04\\\/23\\\/journee-de-greve-au-lycee-agricole-de-laval-meprises-mais-pas-abattus\\\/#breadcrumb\",\"itemListElement\":[{\"@type\":\"ListItem\",\"position\":1,\"name\":\"Accueil\",\"item\":\"https:\\\/\\\/regions-snetap-fsu.fr\\\/pdl\\\/\"},{\"@type\":\"ListItem\",\"position\":2,\"name\":\"Journ\u00e9e de gr\u00e8ve au lyc\u00e9e agricole de Laval&#8230;m\u00e9pris\u00e9s mais pas abattus !\"}]},{\"@type\":\"WebSite\",\"@id\":\"https:\\\/\\\/regions-snetap-fsu.fr\\\/pdl\\\/#website\",\"url\":\"https:\\\/\\\/regions-snetap-fsu.fr\\\/pdl\\\/\",\"name\":\"SNETAP-FSU PAYS DE LA LOIRE\",\"description\":\"SECTION REGIONALE\",\"publisher\":{\"@id\":\"https:\\\/\\\/regions-snetap-fsu.fr\\\/pdl\\\/#organization\"},\"potentialAction\":[{\"@type\":\"SearchAction\",\"target\":{\"@type\":\"EntryPoint\",\"urlTemplate\":\"https:\\\/\\\/regions-snetap-fsu.fr\\\/pdl\\\/?s={search_term_string}\"},\"query-input\":{\"@type\":\"PropertyValueSpecification\",\"valueRequired\":true,\"valueName\":\"search_term_string\"}}],\"inLanguage\":\"fr-FR\"},{\"@type\":\"Organization\",\"@id\":\"https:\\\/\\\/regions-snetap-fsu.fr\\\/pdl\\\/#organization\",\"name\":\"SNETAP-FSU Pays de Loire\",\"url\":\"https:\\\/\\\/regions-snetap-fsu.fr\\\/pdl\\\/\",\"logo\":{\"@type\":\"ImageObject\",\"inLanguage\":\"fr-FR\",\"@id\":\"https:\\\/\\\/regions-snetap-fsu.fr\\\/pdl\\\/#\\\/schema\\\/logo\\\/image\\\/\",\"url\":\"https:\\\/\\\/regions-snetap-fsu.fr\\\/pdl\\\/wp-content\\\/uploads\\\/sites\\\/4\\\/2020\\\/12\\\/SNETAP-Logo.jpg\",\"contentUrl\":\"https:\\\/\\\/regions-snetap-fsu.fr\\\/pdl\\\/wp-content\\\/uploads\\\/sites\\\/4\\\/2020\\\/12\\\/SNETAP-Logo.jpg\",\"width\":464,\"height\":334,\"caption\":\"SNETAP-FSU Pays de Loire\"},\"image\":{\"@id\":\"https:\\\/\\\/regions-snetap-fsu.fr\\\/pdl\\\/#\\\/schema\\\/logo\\\/image\\\/\"}},{\"@type\":\"Person\",\"@id\":\"https:\\\/\\\/regions-snetap-fsu.fr\\\/pdl\\\/#\\\/schema\\\/person\\\/d4530af043f9e8d27bdd71c468ec93b1\",\"name\":\"yvigner\",\"image\":{\"@type\":\"ImageObject\",\"inLanguage\":\"fr-FR\",\"@id\":\"https:\\\/\\\/secure.gravatar.com\\\/avatar\\\/bc72baa6f2406549aecf77a837bc4f03dbe88472c1762138f868571430a23820?s=96&d=mm&r=g\",\"url\":\"https:\\\/\\\/secure.gravatar.com\\\/avatar\\\/bc72baa6f2406549aecf77a837bc4f03dbe88472c1762138f868571430a23820?s=96&d=mm&r=g\",\"contentUrl\":\"https:\\\/\\\/secure.gravatar.com\\\/avatar\\\/bc72baa6f2406549aecf77a837bc4f03dbe88472c1762138f868571430a23820?s=96&d=mm&r=g\",\"caption\":\"yvigner\"},\"url\":\"https:\\\/\\\/regions-snetap-fsu.fr\\\/pdl\\\/author\\\/yvigner\\\/\"}]}<\/script>\n<!-- \/ Yoast SEO plugin. -->","yoast_head_json":{"title":"Journ\u00e9e de gr\u00e8ve au lyc\u00e9e agricole de Laval...m\u00e9pris\u00e9s mais pas abattus ! - PAYS DE LA LOIRE","robots":{"index":"index","follow":"follow","max-snippet":"max-snippet:-1","max-image-preview":"max-image-preview:large","max-video-preview":"max-video-preview:-1"},"canonical":"https:\/\/regions-snetap-fsu.fr\/pdl\/2018\/04\/23\/journee-de-greve-au-lycee-agricole-de-laval-meprises-mais-pas-abattus\/","og_locale":"fr_FR","og_type":"article","og_title":"Journ\u00e9e de gr\u00e8ve au lyc\u00e9e agricole de Laval...m\u00e9pris\u00e9s mais pas abattus ! - PAYS DE LA LOIRE","og_description":"Le jeudi 19 avril, les personnels du lyc\u00e9e agricole de Laval \u00e9taient en gr\u00e8ve pour d\u00e9fendre le Service Public, d\u00e9fendre l&rsquo;enseignement agricole public et d\u00e9noncer la fermeture des\u00a0 sections de seconde et premi\u00e8re pro production \u00e0 la rentr\u00e9e prochaine. D\u00e8s 6h30 du matin, ils ont \u00e9chang\u00e9 avec tous les usagers pour expliquer le mouvement. A [&hellip;]","og_url":"https:\/\/regions-snetap-fsu.fr\/pdl\/2018\/04\/23\/journee-de-greve-au-lycee-agricole-de-laval-meprises-mais-pas-abattus\/","og_site_name":"PAYS DE LA LOIRE","article_published_time":"2018-04-23T10:28:11+00:00","article_modified_time":"2018-09-19T19:52:01+00:00","og_image":[{"url":"https:\/\/regions-snetap-fsu.fr\/pdl\/wp-content\/uploads\/sites\/4\/2018\/04\/2018-04-19-08.39.14-150x150.jpg","type":"","width":"","height":""}],"author":"yvigner","twitter_card":"summary_large_image","twitter_misc":{"\u00c9crit par":"yvigner","Dur\u00e9e de lecture estim\u00e9e":"1 minute"},"schema":{"@context":"https:\/\/schema.org","@graph":[{"@type":"Article","@id":"https:\/\/regions-snetap-fsu.fr\/pdl\/2018\/04\/23\/journee-de-greve-au-lycee-agricole-de-laval-meprises-mais-pas-abattus\/#article","isPartOf":{"@id":"https:\/\/regions-snetap-fsu.fr\/pdl\/2018\/04\/23\/journee-de-greve-au-lycee-agricole-de-laval-meprises-mais-pas-abattus\/"},"author":{"name":"yvigner","@id":"https:\/\/regions-snetap-fsu.fr\/pdl\/#\/schema\/person\/d4530af043f9e8d27bdd71c468ec93b1"},"headline":"Journ\u00e9e de gr\u00e8ve au lyc\u00e9e agricole de Laval&#8230;m\u00e9pris\u00e9s mais pas abattus !","datePublished":"2018-04-23T10:28:11+00:00","dateModified":"2018-09-19T19:52:01+00:00","mainEntityOfPage":{"@id":"https:\/\/regions-snetap-fsu.fr\/pdl\/2018\/04\/23\/journee-de-greve-au-lycee-agricole-de-laval-meprises-mais-pas-abattus\/"},"wordCount":255,"publisher":{"@id":"https:\/\/regions-snetap-fsu.fr\/pdl\/#organization"},"articleSection":["Communiqu\u00e9s","Laval"],"inLanguage":"fr-FR"},{"@type":"WebPage","@id":"https:\/\/regions-snetap-fsu.fr\/pdl\/2018\/04\/23\/journee-de-greve-au-lycee-agricole-de-laval-meprises-mais-pas-abattus\/","url":"https:\/\/regions-snetap-fsu.fr\/pdl\/2018\/04\/23\/journee-de-greve-au-lycee-agricole-de-laval-meprises-mais-pas-abattus\/","name":"Journ\u00e9e de gr\u00e8ve au lyc\u00e9e agricole de Laval...m\u00e9pris\u00e9s mais pas abattus ! - PAYS DE LA LOIRE","isPartOf":{"@id":"https:\/\/regions-snetap-fsu.fr\/pdl\/#website"},"datePublished":"2018-04-23T10:28:11+00:00","dateModified":"2018-09-19T19:52:01+00:00","breadcrumb":{"@id":"https:\/\/regions-snetap-fsu.fr\/pdl\/2018\/04\/23\/journee-de-greve-au-lycee-agricole-de-laval-meprises-mais-pas-abattus\/#breadcrumb"},"inLanguage":"fr-FR","potentialAction":[{"@type":"ReadAction","target":["https:\/\/regions-snetap-fsu.fr\/pdl\/2018\/04\/23\/journee-de-greve-au-lycee-agricole-de-laval-meprises-mais-pas-abattus\/"]}]},{"@type":"BreadcrumbList","@id":"https:\/\/regions-snetap-fsu.fr\/pdl\/2018\/04\/23\/journee-de-greve-au-lycee-agricole-de-laval-meprises-mais-pas-abattus\/#breadcrumb","itemListElement":[{"@type":"ListItem","position":1,"name":"Accueil","item":"https:\/\/regions-snetap-fsu.fr\/pdl\/"},{"@type":"ListItem","position":2,"name":"Journ\u00e9e de gr\u00e8ve au lyc\u00e9e agricole de Laval&#8230;m\u00e9pris\u00e9s mais pas abattus !"}]},{"@type":"WebSite","@id":"https:\/\/regions-snetap-fsu.fr\/pdl\/#website","url":"https:\/\/regions-snetap-fsu.fr\/pdl\/","name":"SNETAP-FSU PAYS DE LA LOIRE","description":"SECTION REGIONALE","publisher":{"@id":"https:\/\/regions-snetap-fsu.fr\/pdl\/#organization"},"potentialAction":[{"@type":"SearchAction","target":{"@type":"EntryPoint","urlTemplate":"https:\/\/regions-snetap-fsu.fr\/pdl\/?s={search_term_string}"},"query-input":{"@type":"PropertyValueSpecification","valueRequired":true,"valueName":"search_term_string"}}],"inLanguage":"fr-FR"},{"@type":"Organization","@id":"https:\/\/regions-snetap-fsu.fr\/pdl\/#organization","name":"SNETAP-FSU Pays de Loire","url":"https:\/\/regions-snetap-fsu.fr\/pdl\/","logo":{"@type":"ImageObject","inLanguage":"fr-FR","@id":"https:\/\/regions-snetap-fsu.fr\/pdl\/#\/schema\/logo\/image\/","url":"https:\/\/regions-snetap-fsu.fr\/pdl\/wp-content\/uploads\/sites\/4\/2020\/12\/SNETAP-Logo.jpg","contentUrl":"https:\/\/regions-snetap-fsu.fr\/pdl\/wp-content\/uploads\/sites\/4\/2020\/12\/SNETAP-Logo.jpg","width":464,"height":334,"caption":"SNETAP-FSU Pays de Loire"},"image":{"@id":"https:\/\/regions-snetap-fsu.fr\/pdl\/#\/schema\/logo\/image\/"}},{"@type":"Person","@id":"https:\/\/regions-snetap-fsu.fr\/pdl\/#\/schema\/person\/d4530af043f9e8d27bdd71c468ec93b1","name":"yvigner","image":{"@type":"ImageObject","inLanguage":"fr-FR","@id":"https:\/\/secure.gravatar.com\/avatar\/bc72baa6f2406549aecf77a837bc4f03dbe88472c1762138f868571430a23820?s=96&d=mm&r=g","url":"https:\/\/secure.gravatar.com\/avatar\/bc72baa6f2406549aecf77a837bc4f03dbe88472c1762138f868571430a23820?s=96&d=mm&r=g","contentUrl":"https:\/\/secure.gravatar.com\/avatar\/bc72baa6f2406549aecf77a837bc4f03dbe88472c1762138f868571430a23820?s=96&d=mm&r=g","caption":"yvigner"},"url":"https:\/\/regions-snetap-fsu.fr\/pdl\/author\/yvigner\/"}]}},"_links":{"self":[{"href":"https:\/\/regions-snetap-fsu.fr\/pdl\/wp-json\/wp\/v2\/posts\/1260","targetHints":{"allow":["GET"]}}],"collection":[{"href":"https:\/\/regions-snetap-fsu.fr\/pdl\/wp-json\/wp\/v2\/posts"}],"about":[{"href":"https:\/\/regions-snetap-fsu.fr\/pdl\/wp-json\/wp\/v2\/types\/post"}],"author":[{"embeddable":true,"href":"https:\/\/regions-snetap-fsu.fr\/pdl\/wp-json\/wp\/v2\/users\/2"}],"replies":[{"embeddable":true,"href":"https:\/\/regions-snetap-fsu.fr\/pdl\/wp-json\/wp\/v2\/comments?post=1260"}],"version-history":[{"count":1,"href":"https:\/\/regions-snetap-fsu.fr\/pdl\/wp-json\/wp\/v2\/posts\/1260\/revisions"}],"predecessor-version":[{"id":2704,"href":"https:\/\/regions-snetap-fsu.fr\/pdl\/wp-json\/wp\/v2\/posts\/1260\/revisions\/2704"}],"wp:attachment":[{"href":"https:\/\/regions-snetap-fsu.fr\/pdl\/wp-json\/wp\/v2\/media?parent=1260"}],"wp:term":[{"taxonomy":"category","embeddable":true,"href":"https:\/\/regions-snetap-fsu.fr\/pdl\/wp-json\/wp\/v2\/categories?post=1260"},{"taxonomy":"post_tag","embeddable":true,"href":"https:\/\/regions-snetap-fsu.fr\/pdl\/wp-json\/wp\/v2\/tags?post=1260"},{"taxonomy":"post_folder","embeddable":true,"href":"https:\/\/regions-snetap-fsu.fr\/pdl\/wp-json\/wp\/v2\/post_folder?post=1260"}],"curies":[{"name":"wp","href":"https:\/\/api.w.org\/{rel}","templated":true}]}}