{"id":1255,"date":"2018-04-19T11:03:07","date_gmt":"2018-04-19T09:03:07","guid":{"rendered":"http:\/\/snetap-fsu.fr\/comp\/pdl\/?p=1255"},"modified":"2018-09-08T22:15:30","modified_gmt":"2018-09-08T20:15:30","slug":"aesh-paroles-paroles-et-mepris","status":"publish","type":"post","link":"https:\/\/regions-snetap-fsu.fr\/pdl\/2018\/04\/19\/aesh-paroles-paroles-et-mepris\/","title":{"rendered":"AESH, paroles, paroles&#8230;et M\u00c9PRIS !"},"content":{"rendered":"<p style=\"text-align: justify\"><img fetchpriority=\"high\" decoding=\"async\" class=\"size-full wp-image-1256 aligncenter\" src=\"https:\/\/regions-snetap-fsu.fr\/pdl\/wp-content\/uploads\/sites\/4\/2018\/04\/capturebleu-ee4c7-dcc04.jpg\" alt=\"\" width=\"300\" height=\"300\" srcset=\"https:\/\/regions-snetap-fsu.fr\/pdl\/wp-content\/uploads\/sites\/4\/2018\/04\/capturebleu-ee4c7-dcc04.jpg 300w, https:\/\/regions-snetap-fsu.fr\/pdl\/wp-content\/uploads\/sites\/4\/2018\/04\/capturebleu-ee4c7-dcc04-150x150.jpg 150w, https:\/\/regions-snetap-fsu.fr\/pdl\/wp-content\/uploads\/sites\/4\/2018\/04\/capturebleu-ee4c7-dcc04-100x100.jpg 100w, https:\/\/regions-snetap-fsu.fr\/pdl\/wp-content\/uploads\/sites\/4\/2018\/04\/capturebleu-ee4c7-dcc04-200x200.jpg 200w\" sizes=\"(max-width: 300px) 100vw, 300px\" \/><\/p>\n<p style=\"text-align: justify\"><span style=\"color: #000000\">S\u2019est tenue <span style=\"text-decoration: underline\"><strong>le 18 avril dernier, une\u00a0<\/strong><\/span><span style=\"text-decoration: underline\"><strong>commission consultative paritaire r\u00e9gionale (CCPR) des Pays de la Loire<\/strong><\/span> \u00e0 propos de la situation professionnelle d\u2019un Accompagnant d\u2019\u00e9l\u00e8ve en situation de Handicap (AESH) contestant d\u2019une part le nombre de semaines inscrit dans son contrat, sa r\u00e9mun\u00e9ration nettement inf\u00e9rieure \u00e0 celle de ses homologues de l\u2019Education Nationale et son droit \u00e0 la formation. Cette action s&rsquo;inscrivait dans notre campagne de luttre contre la pr\u00e9carit\u00e9 de nos coll\u00e8gues : p\u00e9tition, lettres aux d\u00e9put\u00e9s, questions au gouvernement&#8230;\u00a0<\/span><span style=\"color: #000000\">Les repr\u00e9sentants du SNETAP-FSU (accompagn\u00e9s d&rsquo;un expert, F.CARDON-secr\u00e9taire g\u00e9n\u00e9ral adjoint du SNETAP) ont donc accompagn\u00e9 notre coll\u00e8gue AESH lors de cette commission pour faire valoir ses droits.\u00a0<\/span><\/p>\n<p style=\"text-align: justify\"><span style=\"color: #000000\">Dans les jours pr\u00e9c\u00e9dant cette CCPR, \u00e0 la suite de la mobilisation du SNETAP-FSU au niveau r\u00e9gional, St\u00e9phane Travert, ministre de l\u2019Agriculture a adress\u00e9 une r\u00e9ponse \u00e9crite \u00e0 une question pos\u00e9e par plusieurs parlementaires sollicit\u00e9s par le SNETAP-FSU\u00a0:<\/span><\/p>\n<p style=\"text-align: justify\" align=\"justify\"><span style=\"color: #000000\"><span style=\"font-size: small\"><i> L&rsquo;enseignement agricole est particuli\u00e8rement engag\u00e9 dans la prise en charge des \u00e9l\u00e8ves et des \u00e9tudiants en situation de handicap. Son organisation sp\u00e9cifique avec des \u00e9tablissements de taille humaine, l&rsquo;importance des places en internat, une p\u00e9dagogie diff\u00e9renci\u00e9e qui laisse une place importante aux projets concrets autour de l&rsquo;exploitation agricole et de la nature, l&rsquo;autonomie importante laiss\u00e9e aux \u00e9tablissements en font un dispositif bien adapt\u00e9 aux attentes des jeunes en situation de handicap et de leur famille. Ces \u00e9l\u00e9ments expliquent en partie la part des \u00e9l\u00e8ves b\u00e9n\u00e9ficiant d&rsquo;un plan personnalis\u00e9 d&rsquo;accompagnement a plus que doubl\u00e9 depuis la rentr\u00e9e 2011 et que la part de ces \u00e9l\u00e8ves est substantiellement sup\u00e9rieure \u00e0 celle de l&rsquo;\u00e9ducation nationale. La prise en charge des \u00e9l\u00e8ves en situation de handicap fait l&rsquo;objet d&rsquo;un effort budg\u00e9taire sans pr\u00e9c\u00e9dent du minist\u00e8re de l&rsquo;agriculture et de l&rsquo;alimentation puisque les cr\u00e9dits pour les accompagnants des \u00e9l\u00e8ves en situation de handicap ont progress\u00e9 de 15 % par an depuis 2012. Les \u00e9l\u00e8ves de l&rsquo;enseignement agricole qui le n\u00e9cessitent, b\u00e9n\u00e9ficient du concours des auxiliaires de vie scolaire (AVS). Ceux-ci sont recrut\u00e9s par les \u00e9tablissements de l&rsquo;enseignement agricole, soit en contrat aid\u00e9 soit en contrat d&rsquo;accompagnants des \u00e9l\u00e8ves en situation de handicap (AESH). \u00c0 l&rsquo;instar de l&rsquo;\u00e9ducation nationale, le minist\u00e8re de l&rsquo;agriculture et de l&rsquo;alimentation est d&rsquo;ailleurs engag\u00e9 dans un plan pluriannuel de transformation des contrats aid\u00e9s en AESH afin notamment de garantir de meilleures conditions de formation et d&rsquo;exercice aux fonctions d&rsquo;AVS. Le d\u00e9cret no 2014-724 du 27 juin 2014 relatif aux conditi<\/i><\/span><\/span><i style=\"font-size: small;color: #000000\">ons de recrutement et d&#8217;emploi des accompagnants des \u00e9l\u00e8ves en situation de handicap s&rsquo;applique dans l&rsquo;enseignement agricole. <u>Son article 7 dispose que : \u00ab le travail des accompagnants des \u00e9l\u00e8ves en situation de handicap se r\u00e9partit sur une p\u00e9riode d&rsquo;une dur\u00e9e de trente-neuf \u00e0 quarante-cinq semaines \u00bb. Un rappel de ces dispositions a d&rsquo;ores et d\u00e9j\u00e0 \u00e9t\u00e9 effectu\u00e9 aupr\u00e8s de l&rsquo;ensemble des Directeurs r\u00e9gionaux de l&rsquo;alimentation, de l&rsquo;agriculture et de la for\u00eat.<\/u><\/i><!--more--><\/p>\n<p style=\"text-align: justify\"><span style=\"color: #000000\">Munis de cette r\u00e9ponse dans laquelle, Monsieur Travert parle explicitement de d\u00e9rogations \u00e0 rectifier par rapport au d\u00e9cret de 2014 et d&rsquo;alignement du nombre de semaines inscrites dans le contrat des AESH sur le nombre pr\u00e9vu dans le d\u00e9cret, les repr\u00e9sentant.es SNETAP-FSU ont entendu des r\u00e9ponses plut\u00f4t \u00e9tonnantes de la part des repr\u00e9sentants de l&rsquo;administration r\u00e9gionale :<\/span><\/p>\n<p style=\"text-align: justify\"><span style=\"color: #000000\"> &#8211; \u00e0 ce jour, aucune consigne n&rsquo;est arriv\u00e9e en DRAAF des Pays de la Loire \u00e0 ce sujet, alors que St\u00e9phane Travert indique tr\u00e8s clairement aux parlementaires que cette consigne a \u00e9t\u00e9 donn\u00e9e ; nous ne pouvons que nous interroger sur la sinc\u00e9rit\u00e9 de la r\u00e9ponse faite par le ministre aux parlementaires ou sur la transmission de cette consigne par la DGER ;<\/span><\/p>\n<p style=\"text-align: justify\"><span style=\"color: #000000\"> &#8211; que s&rsquo;il fallait ajuster le contrat de travail des AESH sur 39 semaines, comme l&rsquo;oblige la r\u00e9glementation (sic !), l&rsquo;autorit\u00e9 acad\u00e9mique se refuse \u00e0 faire supporter par le budget des EPL la rallonge budg\u00e9taire cons\u00e9cutive. Passer \u00e0 39 semaines impliquerait donc une consigne de diminution du volume horaire hebdomadaire des AESH pour rester dans l&rsquo;enveloppe budg\u00e9taire\u2026 m\u00eame si cela venait \u00e0 mettre en difficult\u00e9 les jeunes en situation de handicap qui verraient donc le temps hebdomadaire d&rsquo;accompagnement scolaire diminuer !<\/span><\/p>\n<p style=\"text-align: justify\"><span style=\"color: #000000\"> Dans les deux cas, ces r\u00e9ponses sont inacceptables ! D&rsquo;une part, parce que &#8211; et personne n\u2019est dupe non plus du jeu des acteurs -, cela signifie tr\u00e8s clairement que les consignes du ministre &#8211; \u00e0 condition qu&rsquo;elles aient \u00e9t\u00e9 effectivement donn\u00e9es &#8211; ne sont pas appliqu\u00e9es par sa propre administration et d&rsquo;autre part, que l&rsquo;administration reconna\u00eet donc que finalement par manque de moyens ce sont soit les AESH qui subissent une forme accrue de pr\u00e9carit\u00e9 soit les jeunes et leur famille qui devront en p\u00e2tir avec une baisse du volume hebdomadaire ! <\/span><\/p>\n<p style=\"text-align: justify\"><span style=\"color: #000000\"> A la demande de notre coll\u00e8gue AESH\u00a0:<\/span><\/p>\n<p style=\"text-align: justify\"><span style=\"color: #000000\"><i>\u00ab\u00a0Je demande donc le respect de la circulaire et l&rsquo;alignement de ma r\u00e9mun\u00e9ration, de mon droit \u00e0 la formation, sur les agents de l&rsquo;Education Nationale. Je demande, de plus, \u00e0 r\u00e9cup\u00e9rer la diff\u00e9rence de salaire per\u00e7u depuis mon embauche comme AESH.\u00a0\u00bb, <\/i>la CCPR s&rsquo;est prononc\u00e9e d\u00e9favorablement puisque les trois repr\u00e9sentant.es du Snetap-FSU qui ont vot\u00e9 POUR se sont vus opposer les quatre CONTRE des repr\u00e9sentants de l&rsquo;administration, ainsi qu&rsquo;une abstention d&rsquo;une repr\u00e9sentante de l&rsquo;administration qui occupait un poste laiss\u00e9 vacant depuis 2014 par la CFDT\u00a0!<\/span><\/p>\n<p style=\"text-align: justify\"><span style=\"color: #000000\"> Le SNETAP-FSU ne peut accepter que perdure cette situation, ce jeu de dupes dans lequel les perdants sont les jeunes et les AESH. Aussi, il demande :<\/span><\/p>\n<p style=\"text-align: justify\"><span style=\"color: #000000\">&#8211; <b>que soit donn\u00e9e avec vigueur et fermet\u00e9 la consigne d&rsquo;alignement sur 39 semaines de TOUS les contrats des AESH sans diminution du volume horaire hebdomadaire <\/b><b>\u00e0 compter du 1<\/b><sup><b>er<\/b><\/sup><b> septembre 2017, avec effet r\u00e9troactif pour les agent.es concern\u00e9.es avant cette ann\u00e9e scolaire.<\/b><\/span><\/p>\n<p style=\"text-align: justify\"><span style=\"color: #000000\">&#8211; <b>que le minist\u00e8re revoie pour la rentr\u00e9e 2018 le dispositif de recrutement des AESH dans son enti\u00e8ret\u00e9.<\/b> En effet, le SNETAP-FSU est surpris de d\u00e9couvrir que les repr\u00e9sentants r\u00e9gionaux de l&rsquo;administration connaissent parfaitement la fragilit\u00e9 r\u00e9glementaire du dispositif de recrutement des AESH (article 917-1 du code de l&rsquo;\u00e9ducation), ce qui ne doit donc pas \u00eatre m\u00e9connu des services centraux du minist\u00e8re. Pour le SNETAP-FSU, comme pour les AC(e)N, c&rsquo;est au minist\u00e8re d&#8217;employer ces agents et non aux \u00e9tablissements.<\/span><\/p>\n<p style=\"text-align: justify\"><span style=\"color: #000000\"> Le SNETAP-FSU va se tourner dans les plus brefs d\u00e9lais vers les associations de familles de jeunes en situation de handicap afin de les alerter car le traitement inflig\u00e9 aux AESH dans l&rsquo;enseignement agricole public et donc aux jeunes en situation de handicap est indigne \u00e0 un moment o\u00f9 comme l&rsquo;a r\u00e9affirm\u00e9 le ministre le 10 avril dernier, le handicap est une priorit\u00e9 de la mandature.<\/span><\/p>\n<p style=\"text-align: right\"><strong><span style=\"color: #000000\"> Le SNETAP-FSU demande donc des actes et pas que des paroles\u00a0minist\u00e9rielles !<\/span><\/strong><\/p>\n","protected":false},"excerpt":{"rendered":"<p>S\u2019est tenue le 18 avril dernier, une\u00a0commission consultative paritaire r\u00e9gionale (CCPR) des Pays de la Loire \u00e0 propos de la situation professionnelle d\u2019un Accompagnant d\u2019\u00e9l\u00e8ve en situation de Handicap (AESH) contestant d\u2019une part le nombre de semaines inscrit dans son contrat, sa r\u00e9mun\u00e9ration nettement inf\u00e9rieure \u00e0 celle de ses homologues de l\u2019Education Nationale et son [&hellip;]<\/p>\n","protected":false},"author":2,"featured_media":0,"comment_status":"closed","ping_status":"closed","sticky":false,"template":"","format":"standard","meta":{"ocean_post_layout":"","ocean_both_sidebars_style":"","ocean_both_sidebars_content_width":0,"ocean_both_sidebars_sidebars_width":0,"ocean_sidebar":"","ocean_second_sidebar":"","ocean_disable_margins":"enable","ocean_add_body_class":"","ocean_shortcode_before_top_bar":"","ocean_shortcode_after_top_bar":"","ocean_shortcode_before_header":"","ocean_shortcode_after_header":"","ocean_has_shortcode":"","ocean_shortcode_after_title":"","ocean_shortcode_before_footer_widgets":"","ocean_shortcode_after_footer_widgets":"","ocean_shortcode_before_footer_bottom":"","ocean_shortcode_after_footer_bottom":"","ocean_display_top_bar":"default","ocean_display_header":"default","ocean_header_style":"","ocean_center_header_left_menu":"","ocean_custom_header_template":"","ocean_custom_logo":0,"ocean_custom_retina_logo":0,"ocean_custom_logo_max_width":0,"ocean_custom_logo_tablet_max_width":0,"ocean_custom_logo_mobile_max_width":0,"ocean_custom_logo_max_height":0,"ocean_custom_logo_tablet_max_height":0,"ocean_custom_logo_mobile_max_height":0,"ocean_header_custom_menu":"","ocean_menu_typo_font_family":"","ocean_menu_typo_font_subset":"","ocean_menu_typo_font_size":0,"ocean_menu_typo_font_size_tablet":0,"ocean_menu_typo_font_size_mobile":0,"ocean_menu_typo_font_size_unit":"px","ocean_menu_typo_font_weight":"","ocean_menu_typo_font_weight_tablet":"","ocean_menu_typo_font_weight_mobile":"","ocean_menu_typo_transform":"","ocean_menu_typo_transform_tablet":"","ocean_menu_typo_transform_mobile":"","ocean_menu_typo_line_height":0,"ocean_menu_typo_line_height_tablet":0,"ocean_menu_typo_line_height_mobile":0,"ocean_menu_typo_line_height_unit":"","ocean_menu_typo_spacing":0,"ocean_menu_typo_spacing_tablet":0,"ocean_menu_typo_spacing_mobile":0,"ocean_menu_typo_spacing_unit":"","ocean_menu_link_color":"","ocean_menu_link_color_hover":"","ocean_menu_link_color_active":"","ocean_menu_link_background":"","ocean_menu_link_hover_background":"","ocean_menu_link_active_background":"","ocean_menu_social_links_bg":"","ocean_menu_social_hover_links_bg":"","ocean_menu_social_links_color":"","ocean_menu_social_hover_links_color":"","ocean_disable_title":"default","ocean_disable_heading":"default","ocean_post_title":"","ocean_post_subheading":"","ocean_post_title_style":"","ocean_post_title_background_color":"","ocean_post_title_background":0,"ocean_post_title_bg_image_position":"","ocean_post_title_bg_image_attachment":"","ocean_post_title_bg_image_repeat":"","ocean_post_title_bg_image_size":"","ocean_post_title_height":0,"ocean_post_title_bg_overlay":0.5,"ocean_post_title_bg_overlay_color":"","ocean_disable_breadcrumbs":"default","ocean_breadcrumbs_color":"","ocean_breadcrumbs_separator_color":"","ocean_breadcrumbs_links_color":"","ocean_breadcrumbs_links_hover_color":"","ocean_display_footer_widgets":"default","ocean_display_footer_bottom":"default","ocean_custom_footer_template":"","ocean_post_oembed":"","ocean_post_self_hosted_media":"","ocean_post_video_embed":"","ocean_link_format":"","ocean_link_format_target":"self","ocean_quote_format":"","ocean_quote_format_link":"post","ocean_gallery_link_images":"on","ocean_gallery_id":[],"footnotes":""},"categories":[13],"tags":[],"post_folder":[],"class_list":["post-1255","post","type-post","status-publish","format-standard","hentry","category-ccpr","entry"],"yoast_head":"<!-- This site is optimized with the Yoast SEO plugin v27.4 - https:\/\/yoast.com\/product\/yoast-seo-wordpress\/ -->\n<title>AESH, paroles, paroles...et M\u00c9PRIS ! - PAYS DE LA LOIRE<\/title>\n<meta name=\"robots\" content=\"index, follow, max-snippet:-1, max-image-preview:large, max-video-preview:-1\" \/>\n<link rel=\"canonical\" href=\"https:\/\/regions-snetap-fsu.fr\/pdl\/2018\/04\/19\/aesh-paroles-paroles-et-mepris\/\" \/>\n<meta property=\"og:locale\" content=\"fr_FR\" \/>\n<meta property=\"og:type\" content=\"article\" \/>\n<meta property=\"og:title\" content=\"AESH, paroles, paroles...et M\u00c9PRIS ! - PAYS DE LA LOIRE\" \/>\n<meta property=\"og:description\" content=\"S\u2019est tenue le 18 avril dernier, une\u00a0commission consultative paritaire r\u00e9gionale (CCPR) des Pays de la Loire \u00e0 propos de la situation professionnelle d\u2019un Accompagnant d\u2019\u00e9l\u00e8ve en situation de Handicap (AESH) contestant d\u2019une part le nombre de semaines inscrit dans son contrat, sa r\u00e9mun\u00e9ration nettement inf\u00e9rieure \u00e0 celle de ses homologues de l\u2019Education Nationale et son [&hellip;]\" \/>\n<meta property=\"og:url\" content=\"https:\/\/regions-snetap-fsu.fr\/pdl\/2018\/04\/19\/aesh-paroles-paroles-et-mepris\/\" \/>\n<meta property=\"og:site_name\" content=\"PAYS DE LA LOIRE\" \/>\n<meta property=\"article:published_time\" content=\"2018-04-19T09:03:07+00:00\" \/>\n<meta property=\"article:modified_time\" content=\"2018-09-08T20:15:30+00:00\" \/>\n<meta property=\"og:image\" content=\"https:\/\/regions-snetap-fsu.fr\/pdl\/wp-content\/uploads\/sites\/4\/2018\/04\/capturebleu-ee4c7-dcc04.jpg\" \/>\n<meta name=\"author\" content=\"yvigner\" \/>\n<meta name=\"twitter:card\" content=\"summary_large_image\" \/>\n<meta name=\"twitter:label1\" content=\"\u00c9crit par\" \/>\n\t<meta name=\"twitter:data1\" content=\"yvigner\" \/>\n\t<meta name=\"twitter:label2\" content=\"Dur\u00e9e de lecture estim\u00e9e\" \/>\n\t<meta name=\"twitter:data2\" content=\"6 minutes\" \/>\n<script type=\"application\/ld+json\" class=\"yoast-schema-graph\">{\"@context\":\"https:\\\/\\\/schema.org\",\"@graph\":[{\"@type\":\"Article\",\"@id\":\"https:\\\/\\\/regions-snetap-fsu.fr\\\/pdl\\\/2018\\\/04\\\/19\\\/aesh-paroles-paroles-et-mepris\\\/#article\",\"isPartOf\":{\"@id\":\"https:\\\/\\\/regions-snetap-fsu.fr\\\/pdl\\\/2018\\\/04\\\/19\\\/aesh-paroles-paroles-et-mepris\\\/\"},\"author\":{\"name\":\"yvigner\",\"@id\":\"https:\\\/\\\/regions-snetap-fsu.fr\\\/pdl\\\/#\\\/schema\\\/person\\\/d4530af043f9e8d27bdd71c468ec93b1\"},\"headline\":\"AESH, paroles, paroles&#8230;et M\u00c9PRIS !\",\"datePublished\":\"2018-04-19T09:03:07+00:00\",\"dateModified\":\"2018-09-08T20:15:30+00:00\",\"mainEntityOfPage\":{\"@id\":\"https:\\\/\\\/regions-snetap-fsu.fr\\\/pdl\\\/2018\\\/04\\\/19\\\/aesh-paroles-paroles-et-mepris\\\/\"},\"wordCount\":1230,\"publisher\":{\"@id\":\"https:\\\/\\\/regions-snetap-fsu.fr\\\/pdl\\\/#organization\"},\"image\":{\"@id\":\"https:\\\/\\\/regions-snetap-fsu.fr\\\/pdl\\\/2018\\\/04\\\/19\\\/aesh-paroles-paroles-et-mepris\\\/#primaryimage\"},\"thumbnailUrl\":\"https:\\\/\\\/regions-snetap-fsu.fr\\\/pdl\\\/wp-content\\\/uploads\\\/sites\\\/4\\\/2018\\\/04\\\/capturebleu-ee4c7-dcc04.jpg\",\"articleSection\":[\"CCPR\"],\"inLanguage\":\"fr-FR\"},{\"@type\":\"WebPage\",\"@id\":\"https:\\\/\\\/regions-snetap-fsu.fr\\\/pdl\\\/2018\\\/04\\\/19\\\/aesh-paroles-paroles-et-mepris\\\/\",\"url\":\"https:\\\/\\\/regions-snetap-fsu.fr\\\/pdl\\\/2018\\\/04\\\/19\\\/aesh-paroles-paroles-et-mepris\\\/\",\"name\":\"AESH, paroles, paroles...et M\u00c9PRIS ! - PAYS DE LA LOIRE\",\"isPartOf\":{\"@id\":\"https:\\\/\\\/regions-snetap-fsu.fr\\\/pdl\\\/#website\"},\"primaryImageOfPage\":{\"@id\":\"https:\\\/\\\/regions-snetap-fsu.fr\\\/pdl\\\/2018\\\/04\\\/19\\\/aesh-paroles-paroles-et-mepris\\\/#primaryimage\"},\"image\":{\"@id\":\"https:\\\/\\\/regions-snetap-fsu.fr\\\/pdl\\\/2018\\\/04\\\/19\\\/aesh-paroles-paroles-et-mepris\\\/#primaryimage\"},\"thumbnailUrl\":\"https:\\\/\\\/regions-snetap-fsu.fr\\\/pdl\\\/wp-content\\\/uploads\\\/sites\\\/4\\\/2018\\\/04\\\/capturebleu-ee4c7-dcc04.jpg\",\"datePublished\":\"2018-04-19T09:03:07+00:00\",\"dateModified\":\"2018-09-08T20:15:30+00:00\",\"breadcrumb\":{\"@id\":\"https:\\\/\\\/regions-snetap-fsu.fr\\\/pdl\\\/2018\\\/04\\\/19\\\/aesh-paroles-paroles-et-mepris\\\/#breadcrumb\"},\"inLanguage\":\"fr-FR\",\"potentialAction\":[{\"@type\":\"ReadAction\",\"target\":[\"https:\\\/\\\/regions-snetap-fsu.fr\\\/pdl\\\/2018\\\/04\\\/19\\\/aesh-paroles-paroles-et-mepris\\\/\"]}]},{\"@type\":\"ImageObject\",\"inLanguage\":\"fr-FR\",\"@id\":\"https:\\\/\\\/regions-snetap-fsu.fr\\\/pdl\\\/2018\\\/04\\\/19\\\/aesh-paroles-paroles-et-mepris\\\/#primaryimage\",\"url\":\"https:\\\/\\\/regions-snetap-fsu.fr\\\/pdl\\\/wp-content\\\/uploads\\\/sites\\\/4\\\/2018\\\/04\\\/capturebleu-ee4c7-dcc04.jpg\",\"contentUrl\":\"https:\\\/\\\/regions-snetap-fsu.fr\\\/pdl\\\/wp-content\\\/uploads\\\/sites\\\/4\\\/2018\\\/04\\\/capturebleu-ee4c7-dcc04.jpg\",\"width\":300,\"height\":300},{\"@type\":\"BreadcrumbList\",\"@id\":\"https:\\\/\\\/regions-snetap-fsu.fr\\\/pdl\\\/2018\\\/04\\\/19\\\/aesh-paroles-paroles-et-mepris\\\/#breadcrumb\",\"itemListElement\":[{\"@type\":\"ListItem\",\"position\":1,\"name\":\"Accueil\",\"item\":\"https:\\\/\\\/regions-snetap-fsu.fr\\\/pdl\\\/\"},{\"@type\":\"ListItem\",\"position\":2,\"name\":\"AESH, paroles, paroles&#8230;et M\u00c9PRIS !\"}]},{\"@type\":\"WebSite\",\"@id\":\"https:\\\/\\\/regions-snetap-fsu.fr\\\/pdl\\\/#website\",\"url\":\"https:\\\/\\\/regions-snetap-fsu.fr\\\/pdl\\\/\",\"name\":\"SNETAP-FSU PAYS DE LA LOIRE\",\"description\":\"SECTION REGIONALE\",\"publisher\":{\"@id\":\"https:\\\/\\\/regions-snetap-fsu.fr\\\/pdl\\\/#organization\"},\"potentialAction\":[{\"@type\":\"SearchAction\",\"target\":{\"@type\":\"EntryPoint\",\"urlTemplate\":\"https:\\\/\\\/regions-snetap-fsu.fr\\\/pdl\\\/?s={search_term_string}\"},\"query-input\":{\"@type\":\"PropertyValueSpecification\",\"valueRequired\":true,\"valueName\":\"search_term_string\"}}],\"inLanguage\":\"fr-FR\"},{\"@type\":\"Organization\",\"@id\":\"https:\\\/\\\/regions-snetap-fsu.fr\\\/pdl\\\/#organization\",\"name\":\"SNETAP-FSU Pays de Loire\",\"url\":\"https:\\\/\\\/regions-snetap-fsu.fr\\\/pdl\\\/\",\"logo\":{\"@type\":\"ImageObject\",\"inLanguage\":\"fr-FR\",\"@id\":\"https:\\\/\\\/regions-snetap-fsu.fr\\\/pdl\\\/#\\\/schema\\\/logo\\\/image\\\/\",\"url\":\"https:\\\/\\\/regions-snetap-fsu.fr\\\/pdl\\\/wp-content\\\/uploads\\\/sites\\\/4\\\/2020\\\/12\\\/SNETAP-Logo.jpg\",\"contentUrl\":\"https:\\\/\\\/regions-snetap-fsu.fr\\\/pdl\\\/wp-content\\\/uploads\\\/sites\\\/4\\\/2020\\\/12\\\/SNETAP-Logo.jpg\",\"width\":464,\"height\":334,\"caption\":\"SNETAP-FSU Pays de Loire\"},\"image\":{\"@id\":\"https:\\\/\\\/regions-snetap-fsu.fr\\\/pdl\\\/#\\\/schema\\\/logo\\\/image\\\/\"}},{\"@type\":\"Person\",\"@id\":\"https:\\\/\\\/regions-snetap-fsu.fr\\\/pdl\\\/#\\\/schema\\\/person\\\/d4530af043f9e8d27bdd71c468ec93b1\",\"name\":\"yvigner\",\"image\":{\"@type\":\"ImageObject\",\"inLanguage\":\"fr-FR\",\"@id\":\"https:\\\/\\\/secure.gravatar.com\\\/avatar\\\/bc72baa6f2406549aecf77a837bc4f03dbe88472c1762138f868571430a23820?s=96&d=mm&r=g\",\"url\":\"https:\\\/\\\/secure.gravatar.com\\\/avatar\\\/bc72baa6f2406549aecf77a837bc4f03dbe88472c1762138f868571430a23820?s=96&d=mm&r=g\",\"contentUrl\":\"https:\\\/\\\/secure.gravatar.com\\\/avatar\\\/bc72baa6f2406549aecf77a837bc4f03dbe88472c1762138f868571430a23820?s=96&d=mm&r=g\",\"caption\":\"yvigner\"},\"url\":\"https:\\\/\\\/regions-snetap-fsu.fr\\\/pdl\\\/author\\\/yvigner\\\/\"}]}<\/script>\n<!-- \/ Yoast SEO plugin. -->","yoast_head_json":{"title":"AESH, paroles, paroles...et M\u00c9PRIS ! - PAYS DE LA LOIRE","robots":{"index":"index","follow":"follow","max-snippet":"max-snippet:-1","max-image-preview":"max-image-preview:large","max-video-preview":"max-video-preview:-1"},"canonical":"https:\/\/regions-snetap-fsu.fr\/pdl\/2018\/04\/19\/aesh-paroles-paroles-et-mepris\/","og_locale":"fr_FR","og_type":"article","og_title":"AESH, paroles, paroles...et M\u00c9PRIS ! - PAYS DE LA LOIRE","og_description":"S\u2019est tenue le 18 avril dernier, une\u00a0commission consultative paritaire r\u00e9gionale (CCPR) des Pays de la Loire \u00e0 propos de la situation professionnelle d\u2019un Accompagnant d\u2019\u00e9l\u00e8ve en situation de Handicap (AESH) contestant d\u2019une part le nombre de semaines inscrit dans son contrat, sa r\u00e9mun\u00e9ration nettement inf\u00e9rieure \u00e0 celle de ses homologues de l\u2019Education Nationale et son [&hellip;]","og_url":"https:\/\/regions-snetap-fsu.fr\/pdl\/2018\/04\/19\/aesh-paroles-paroles-et-mepris\/","og_site_name":"PAYS DE LA LOIRE","article_published_time":"2018-04-19T09:03:07+00:00","article_modified_time":"2018-09-08T20:15:30+00:00","og_image":[{"url":"https:\/\/regions-snetap-fsu.fr\/pdl\/wp-content\/uploads\/sites\/4\/2018\/04\/capturebleu-ee4c7-dcc04.jpg","type":"","width":"","height":""}],"author":"yvigner","twitter_card":"summary_large_image","twitter_misc":{"\u00c9crit par":"yvigner","Dur\u00e9e de lecture estim\u00e9e":"6 minutes"},"schema":{"@context":"https:\/\/schema.org","@graph":[{"@type":"Article","@id":"https:\/\/regions-snetap-fsu.fr\/pdl\/2018\/04\/19\/aesh-paroles-paroles-et-mepris\/#article","isPartOf":{"@id":"https:\/\/regions-snetap-fsu.fr\/pdl\/2018\/04\/19\/aesh-paroles-paroles-et-mepris\/"},"author":{"name":"yvigner","@id":"https:\/\/regions-snetap-fsu.fr\/pdl\/#\/schema\/person\/d4530af043f9e8d27bdd71c468ec93b1"},"headline":"AESH, paroles, paroles&#8230;et M\u00c9PRIS !","datePublished":"2018-04-19T09:03:07+00:00","dateModified":"2018-09-08T20:15:30+00:00","mainEntityOfPage":{"@id":"https:\/\/regions-snetap-fsu.fr\/pdl\/2018\/04\/19\/aesh-paroles-paroles-et-mepris\/"},"wordCount":1230,"publisher":{"@id":"https:\/\/regions-snetap-fsu.fr\/pdl\/#organization"},"image":{"@id":"https:\/\/regions-snetap-fsu.fr\/pdl\/2018\/04\/19\/aesh-paroles-paroles-et-mepris\/#primaryimage"},"thumbnailUrl":"https:\/\/regions-snetap-fsu.fr\/pdl\/wp-content\/uploads\/sites\/4\/2018\/04\/capturebleu-ee4c7-dcc04.jpg","articleSection":["CCPR"],"inLanguage":"fr-FR"},{"@type":"WebPage","@id":"https:\/\/regions-snetap-fsu.fr\/pdl\/2018\/04\/19\/aesh-paroles-paroles-et-mepris\/","url":"https:\/\/regions-snetap-fsu.fr\/pdl\/2018\/04\/19\/aesh-paroles-paroles-et-mepris\/","name":"AESH, paroles, paroles...et M\u00c9PRIS ! - PAYS DE LA LOIRE","isPartOf":{"@id":"https:\/\/regions-snetap-fsu.fr\/pdl\/#website"},"primaryImageOfPage":{"@id":"https:\/\/regions-snetap-fsu.fr\/pdl\/2018\/04\/19\/aesh-paroles-paroles-et-mepris\/#primaryimage"},"image":{"@id":"https:\/\/regions-snetap-fsu.fr\/pdl\/2018\/04\/19\/aesh-paroles-paroles-et-mepris\/#primaryimage"},"thumbnailUrl":"https:\/\/regions-snetap-fsu.fr\/pdl\/wp-content\/uploads\/sites\/4\/2018\/04\/capturebleu-ee4c7-dcc04.jpg","datePublished":"2018-04-19T09:03:07+00:00","dateModified":"2018-09-08T20:15:30+00:00","breadcrumb":{"@id":"https:\/\/regions-snetap-fsu.fr\/pdl\/2018\/04\/19\/aesh-paroles-paroles-et-mepris\/#breadcrumb"},"inLanguage":"fr-FR","potentialAction":[{"@type":"ReadAction","target":["https:\/\/regions-snetap-fsu.fr\/pdl\/2018\/04\/19\/aesh-paroles-paroles-et-mepris\/"]}]},{"@type":"ImageObject","inLanguage":"fr-FR","@id":"https:\/\/regions-snetap-fsu.fr\/pdl\/2018\/04\/19\/aesh-paroles-paroles-et-mepris\/#primaryimage","url":"https:\/\/regions-snetap-fsu.fr\/pdl\/wp-content\/uploads\/sites\/4\/2018\/04\/capturebleu-ee4c7-dcc04.jpg","contentUrl":"https:\/\/regions-snetap-fsu.fr\/pdl\/wp-content\/uploads\/sites\/4\/2018\/04\/capturebleu-ee4c7-dcc04.jpg","width":300,"height":300},{"@type":"BreadcrumbList","@id":"https:\/\/regions-snetap-fsu.fr\/pdl\/2018\/04\/19\/aesh-paroles-paroles-et-mepris\/#breadcrumb","itemListElement":[{"@type":"ListItem","position":1,"name":"Accueil","item":"https:\/\/regions-snetap-fsu.fr\/pdl\/"},{"@type":"ListItem","position":2,"name":"AESH, paroles, paroles&#8230;et M\u00c9PRIS !"}]},{"@type":"WebSite","@id":"https:\/\/regions-snetap-fsu.fr\/pdl\/#website","url":"https:\/\/regions-snetap-fsu.fr\/pdl\/","name":"SNETAP-FSU PAYS DE LA LOIRE","description":"SECTION REGIONALE","publisher":{"@id":"https:\/\/regions-snetap-fsu.fr\/pdl\/#organization"},"potentialAction":[{"@type":"SearchAction","target":{"@type":"EntryPoint","urlTemplate":"https:\/\/regions-snetap-fsu.fr\/pdl\/?s={search_term_string}"},"query-input":{"@type":"PropertyValueSpecification","valueRequired":true,"valueName":"search_term_string"}}],"inLanguage":"fr-FR"},{"@type":"Organization","@id":"https:\/\/regions-snetap-fsu.fr\/pdl\/#organization","name":"SNETAP-FSU Pays de Loire","url":"https:\/\/regions-snetap-fsu.fr\/pdl\/","logo":{"@type":"ImageObject","inLanguage":"fr-FR","@id":"https:\/\/regions-snetap-fsu.fr\/pdl\/#\/schema\/logo\/image\/","url":"https:\/\/regions-snetap-fsu.fr\/pdl\/wp-content\/uploads\/sites\/4\/2020\/12\/SNETAP-Logo.jpg","contentUrl":"https:\/\/regions-snetap-fsu.fr\/pdl\/wp-content\/uploads\/sites\/4\/2020\/12\/SNETAP-Logo.jpg","width":464,"height":334,"caption":"SNETAP-FSU Pays de Loire"},"image":{"@id":"https:\/\/regions-snetap-fsu.fr\/pdl\/#\/schema\/logo\/image\/"}},{"@type":"Person","@id":"https:\/\/regions-snetap-fsu.fr\/pdl\/#\/schema\/person\/d4530af043f9e8d27bdd71c468ec93b1","name":"yvigner","image":{"@type":"ImageObject","inLanguage":"fr-FR","@id":"https:\/\/secure.gravatar.com\/avatar\/bc72baa6f2406549aecf77a837bc4f03dbe88472c1762138f868571430a23820?s=96&d=mm&r=g","url":"https:\/\/secure.gravatar.com\/avatar\/bc72baa6f2406549aecf77a837bc4f03dbe88472c1762138f868571430a23820?s=96&d=mm&r=g","contentUrl":"https:\/\/secure.gravatar.com\/avatar\/bc72baa6f2406549aecf77a837bc4f03dbe88472c1762138f868571430a23820?s=96&d=mm&r=g","caption":"yvigner"},"url":"https:\/\/regions-snetap-fsu.fr\/pdl\/author\/yvigner\/"}]}},"_links":{"self":[{"href":"https:\/\/regions-snetap-fsu.fr\/pdl\/wp-json\/wp\/v2\/posts\/1255","targetHints":{"allow":["GET"]}}],"collection":[{"href":"https:\/\/regions-snetap-fsu.fr\/pdl\/wp-json\/wp\/v2\/posts"}],"about":[{"href":"https:\/\/regions-snetap-fsu.fr\/pdl\/wp-json\/wp\/v2\/types\/post"}],"author":[{"embeddable":true,"href":"https:\/\/regions-snetap-fsu.fr\/pdl\/wp-json\/wp\/v2\/users\/2"}],"replies":[{"embeddable":true,"href":"https:\/\/regions-snetap-fsu.fr\/pdl\/wp-json\/wp\/v2\/comments?post=1255"}],"version-history":[{"count":1,"href":"https:\/\/regions-snetap-fsu.fr\/pdl\/wp-json\/wp\/v2\/posts\/1255\/revisions"}],"predecessor-version":[{"id":2715,"href":"https:\/\/regions-snetap-fsu.fr\/pdl\/wp-json\/wp\/v2\/posts\/1255\/revisions\/2715"}],"wp:attachment":[{"href":"https:\/\/regions-snetap-fsu.fr\/pdl\/wp-json\/wp\/v2\/media?parent=1255"}],"wp:term":[{"taxonomy":"category","embeddable":true,"href":"https:\/\/regions-snetap-fsu.fr\/pdl\/wp-json\/wp\/v2\/categories?post=1255"},{"taxonomy":"post_tag","embeddable":true,"href":"https:\/\/regions-snetap-fsu.fr\/pdl\/wp-json\/wp\/v2\/tags?post=1255"},{"taxonomy":"post_folder","embeddable":true,"href":"https:\/\/regions-snetap-fsu.fr\/pdl\/wp-json\/wp\/v2\/post_folder?post=1255"}],"curies":[{"name":"wp","href":"https:\/\/api.w.org\/{rel}","templated":true}]}}