{"id":1189,"date":"2018-04-10T23:17:23","date_gmt":"2018-04-10T21:17:23","guid":{"rendered":"http:\/\/snetap-fsu.fr\/comp\/pdl\/?p=1189"},"modified":"2018-09-19T21:52:09","modified_gmt":"2018-09-19T19:52:09","slug":"les-personnels-du-lycee-agricole-de-laval-ne-renoncent-et-deposent-un-preavis-de-greve","status":"publish","type":"post","link":"https:\/\/regions-snetap-fsu.fr\/pdl\/2018\/04\/10\/les-personnels-du-lycee-agricole-de-laval-ne-renoncent-et-deposent-un-preavis-de-greve\/","title":{"rendered":"Les personnels du lyc\u00e9e agricole de Laval ne renoncent et d\u00e9posent un pr\u00e9avis de gr\u00e8ve !"},"content":{"rendered":"<table width=\"683\" cellspacing=\"0\" cellpadding=\"0\">\n<colgroup>\n<col width=\"358\" \/>\n<col width=\"6\" \/>\n<col width=\"319\" \/> <\/colgroup>\n<thead>\n<tr valign=\"top\">\n<td width=\"358\"><span style=\"font-family: Arial, sans-serif\"><span style=\"font-size: xx-small\"><b><span style=\"font-size: small\">Secr\u00e9tariat G\u00e9n\u00e9ral &#8211; <\/span><\/b><span style=\"font-size: small\">Secteur Vie syndicale<\/span><\/span><\/span><\/p>\n<p align=\"left\"><span style=\"font-family: Arial, sans-serif\"><span style=\"font-size: small\"><b>Date <\/b>: 9 avril 2018<\/span><\/span><\/p>\n<p align=\"left\"><span style=\"font-family: Arial, sans-serif\"><span style=\"font-size: small\"><b>Dossier suivi par <\/b>: Fr\u00e9d\u00e9ric Chassagnette<\/span><\/span><\/p>\n<p align=\"left\"><span style=\"font-family: Arial, sans-serif\"><span style=\"font-size: small\"><b>Objet <\/b>: Pr\u00e9avis de gr\u00e8ve <span style=\"color: #000000\">LEGTA de Laval 19 04 18<\/span><\/span><\/span><\/p>\n<\/td>\n<td width=\"6\"><\/td>\n<td width=\"319\">\n<p class=\"western\" align=\"right\"><span style=\"color: #000000\"><span style=\"font-family: Arial, sans-serif\"><span style=\"font-size: small\"><b>A Monsieur S.TRAVERT<\/b><\/span><\/span><\/span><\/p>\n<p class=\"western\" align=\"right\"><span style=\"font-family: Arial, sans-serif\"><span style=\"font-size: small\">Ministre de l&rsquo;Agriculture<\/span><\/span><\/p>\n<p class=\"western\" align=\"right\"><span style=\"color: #222222\"><span style=\"font-family: Arial, sans-serif\"><span style=\"font-size: small\">78 Rue de Varenne<\/span><\/span><\/span><\/p>\n<p class=\"western\" align=\"right\"><span style=\"color: #000080\"><span lang=\"zxx\"><span style=\"color: #222222\"><span style=\"font-family: Arial, sans-serif\"><span style=\"font-size: small\">75007 Paris<\/span><\/span><\/span><\/span><\/span><\/p>\n<\/td>\n<\/tr>\n<\/thead>\n<\/table>\n<p class=\"western\" align=\"right\"><span style=\"font-family: Arial, sans-serif\"><span style=\"font-size: small\">Paris, 09 04 18<\/span><\/span><\/p>\n<p class=\"western\" align=\"justify\"><span style=\"font-family: Arial, sans-serif\"><span style=\"font-size: small\">Monsieur le Ministre, <\/span><\/span><\/p>\n<p class=\"western\" align=\"justify\"><span style=\"color: #000000\"><span style=\"font-family: Arial, sans-serif\"><span style=\"font-size: small\">Par la pr\u00e9sente, le SNETAP-<\/span><\/span><\/span><span style=\"color: #000080\"><span lang=\"zxx\"><a href=\"http:\/\/www.snetap-fsu.fr\/+-FSU-+.html\"><span style=\"color: #000000\"><span style=\"font-family: Arial, sans-serif\"><span style=\"font-size: small\">FSU<\/span><\/span><\/span><\/a><\/span><\/span><span style=\"color: #000000\"><span style=\"font-family: Arial, sans-serif\"><span style=\"font-size: small\">\u00a0d\u00e9pose \u00e0 la demande des personnels du lyc\u00e9e agricole de Laval, un\u00a0<\/span><\/span><\/span><strong><span style=\"color: #000000\"><span style=\"font-family: Arial, sans-serif\"><span style=\"font-size: small\">pr\u00e9avis de gr\u00e8ve pour le 19 avril 2018.<\/span><\/span><\/span><\/strong><\/p>\n<p class=\"western\" align=\"justify\"><span style=\"color: #000000\"><span style=\"font-family: Arial, sans-serif\"><span style=\"font-size: small\">Depuis plus de 5 ans, les administrateurs du lyc\u00e9e agricole de Laval d\u00e9posent une demande de cr\u00e9ation de classe de 2nde professionnelle production (CEC) et notamment de cr\u00e9ation d&rsquo;une deuxi\u00e8me classe (16 ou 24 \u00e9l\u00e8ves) qui permettrait d&rsquo;accueillir l&rsquo;ensemble des jeunes qui en font la demande. Cette demande est syst\u00e9matiquement refus\u00e9e par l&rsquo;Autorit\u00e9 acad\u00e9mique. Pourtant<\/span><\/span><\/span><span style=\"color: #000000\"><span style=\"font-family: Arial, sans-serif\"><span style=\"font-size: small\">, depuis 2014, ce sont plus de 20 \u00e9l\u00e8ves qui sont refus\u00e9s, chaque ann\u00e9e par l&rsquo;\u00e9tablissement pour cette formation \u00ab\u00a0c\u0153ur de m\u00e9tier de l&rsquo;enseignement agricole\u00a0\u00bb et ce dans un d\u00e9partement qui, par sa dynamique agricole, doit r\u00e9pondre \u00e0 des besoins importants en terme de renouvellement des chefs d&rsquo;exploitation , comme en terme de salari\u00e9-es<\/span><\/span><\/span><\/p>\n<p class=\"western\" align=\"justify\"><span style=\"color: #000000\"><span style=\"font-family: Arial, sans-serif\"><span style=\"font-size: small\">En<\/span><\/span><\/span><span style=\"color: #000000\"><span style=\"font-family: Arial, sans-serif\"><span style=\"font-size: small\"> 2015, l&rsquo;administration r\u00e9gionale (DRAAF) avait accept\u00e9 l&rsquo;ouverture d&rsquo;une section CEC (8 places) regroup\u00e9e avec une autre section de 24 \u00e9l\u00e8ves (Activit\u00e9s Hippiques). Il s&rsquo;agissait de maintenir des possibilit\u00e9s d\u2019accueil pour des \u00e9l\u00e8ves int\u00e9ress\u00e9s par l\u2019\u00e9levage du cheval tout en r\u00e9pondant au mieux aux demandes s&rsquo;exprimant pour les autres types d&rsquo;\u00e9levage.<\/span><\/span><\/span><\/p>\n<p class=\"western\" align=\"justify\"><span style=\"font-family: Arial, sans-serif\"><span style=\"font-size: small\">Mais \u00e0 la rentr\u00e9e derni\u00e8re (septembre 2017), l&rsquo;autorit\u00e9 acad\u00e9mique, sans aucune concertation et en opposition avec les demandes toujours croissantes d&rsquo;int\u00e9grer cette classe, a d\u00e9cid\u00e9 unilat\u00e9ralement de fermer cette section de seconde CEC (r\u00e9duisant ainsi de 8 \u00e9l\u00e8ves la capacit\u00e9 d&rsquo;accueil de l&rsquo;\u00e9tablissement en 2nd Pro CEC). <\/span><\/span><\/p>\n<p class=\"western\" align=\"justify\"><span style=\"font-family: Arial, sans-serif\"><span style=\"font-size: small\">Pour la rentr\u00e9e prochaine, la DRAAF des Pays de la Loire propose soit le maintien de la fermeture de la section (24 AH+0 CEC) soit un sc\u00e9nario 16 secondes pro AH et 16 secondes pro CEC.<\/span><\/span><!--more--><\/p>\n<p class=\"western\" align=\"justify\"><span style=\"font-family: Arial, sans-serif\"><span style=\"font-size: small\">Mais, pour les personnels et l&rsquo;ensemble des \u00e9lus, cette solution est un pi\u00e8ge. Elle fragiliserait la fili\u00e8re \u00ab\u00a0activit\u00e9s hippiques\u00a0\u00bb. Le \u00ab\u00a0public \u00e9l\u00e8ve\u00a0\u00bb dans cette fili\u00e8re est tr\u00e8s \u00ab\u00a0volatile\u00a0\u00bb entre la seconde et la terminale. R\u00e9duire la capacit\u00e9 de recrutement \u00e0 16 \u00e9l\u00e8ves en seconde pro AH risquerait d\u2019aboutir \u00e0 un effectif en terminale de moins de 10 \u00e9l\u00e8ves, fragilisant la fili\u00e8re qui serait alors menac\u00e9e de fermeture. On rajoutera aussi (et surtout) que de 60 \u00e0 80 \u00e9l\u00e8ves postulent chaque ann\u00e9e pour int\u00e9grer cette fili\u00e8re hippique. R\u00e9duire \u00e0 16 la capacit\u00e9 de recrutement en seconde pro pour cette fili\u00e8re serait aussi p\u00e9nalisant pour l&rsquo;\u00e9tablissement et les jeunes qui souhaitent l&rsquo;int\u00e9grer. <\/span><\/span><\/p>\n<p class=\"western\" align=\"justify\"><span style=\"color: #000000\"><span style=\"font-family: Arial, sans-serif\"><span style=\"font-size: small\"><span lang=\"fr-FR\"><b>Aujourd&rsquo;hui, le dialogue n&rsquo;est plus possible avec l&rsquo;autorit\u00e9 acad\u00e9mique. Ainsi, l<\/b><\/span><\/span><\/span><\/span><span style=\"color: #000000\"><span style=\"font-family: Arial, sans-serif\"><span style=\"font-size: small\"><span lang=\"fr-FR\"><b>es personnels du lyc\u00e9e agricole de Laval vous sollicitent Monsieur le Ministre pour une rencontre et demande \u00e0\u00a0: <\/b><\/span><\/span><\/span><\/span><\/p>\n<ul>\n<li>\n<p class=\"western\" align=\"justify\"><span style=\"font-family: Arial, sans-serif\"><span style=\"font-size: small\"><b>conserver la capacit\u00e9 d&rsquo;accueil en fili\u00e8re professionnelle \u00e0 savoir retrouver les 8 places en seconde pro CEC ferm\u00e9es et maintenir la capacit\u00e9 en fili\u00e8re hippique (seuil \u00e0 24 \u00e9l\u00e8ves en seconde, premi\u00e8re et terminale)\u00a0;<\/b><\/span><\/span><\/p>\n<\/li>\n<li>\n<p class=\"western\" align=\"justify\"><span style=\"font-family: Arial, sans-serif\"><span style=\"font-size: small\"><b>ouvrir \u00e0 la rentr\u00e9e 2019 une 2e classe de 2e professionnelle production CEC pour r\u00e9pondre \u00e0 la demande.<\/b><\/span><\/span><\/p>\n<\/li>\n<\/ul>\n<p class=\"western\" align=\"right\"><span style=\"font-family: Arial, sans-serif\"><span style=\"font-size: small\">Pour le Secr\u00e9tariat G\u00e9n\u00e9ral du SNETAP-FSU,<br \/>\nF.CHASSAGNETTE<\/span><\/span><\/p>\n<p class=\"western\" align=\"justify\"><span style=\"color: #000000\"><span style=\"font-family: Arial, sans-serif\"><span style=\"font-size: small\">Copie \u00e0 Monsieur P.VINCON-DGER, Monsieur Y.LOBJOIT, DRAAF Pays de la Loire, \u00e0 Monsieur NENON, Chef du SRFD et \u00e0 Monsieur P.DELAGE, Directeur de l\u2019EPL de Laval<\/span><\/span><\/span><\/p>\n","protected":false},"excerpt":{"rendered":"<p>Secr\u00e9tariat G\u00e9n\u00e9ral &#8211; Secteur Vie syndicale Date : 9 avril 2018 Dossier suivi par : Fr\u00e9d\u00e9ric Chassagnette Objet : Pr\u00e9avis de gr\u00e8ve LEGTA de Laval 19 04 18 A Monsieur S.TRAVERT Ministre de l&rsquo;Agriculture 78 Rue de Varenne 75007 Paris Paris, 09 04 18 Monsieur le Ministre, Par la pr\u00e9sente, le SNETAP-FSU\u00a0d\u00e9pose \u00e0 la demande [&hellip;]<\/p>\n","protected":false},"author":2,"featured_media":0,"comment_status":"closed","ping_status":"closed","sticky":false,"template":"","format":"standard","meta":{"ocean_post_layout":"","ocean_both_sidebars_style":"","ocean_both_sidebars_content_width":0,"ocean_both_sidebars_sidebars_width":0,"ocean_sidebar":"","ocean_second_sidebar":"","ocean_disable_margins":"enable","ocean_add_body_class":"","ocean_shortcode_before_top_bar":"","ocean_shortcode_after_top_bar":"","ocean_shortcode_before_header":"","ocean_shortcode_after_header":"","ocean_has_shortcode":"","ocean_shortcode_after_title":"","ocean_shortcode_before_footer_widgets":"","ocean_shortcode_after_footer_widgets":"","ocean_shortcode_before_footer_bottom":"","ocean_shortcode_after_footer_bottom":"","ocean_display_top_bar":"default","ocean_display_header":"default","ocean_header_style":"","ocean_center_header_left_menu":"","ocean_custom_header_template":"","ocean_custom_logo":0,"ocean_custom_retina_logo":0,"ocean_custom_logo_max_width":0,"ocean_custom_logo_tablet_max_width":0,"ocean_custom_logo_mobile_max_width":0,"ocean_custom_logo_max_height":0,"ocean_custom_logo_tablet_max_height":0,"ocean_custom_logo_mobile_max_height":0,"ocean_header_custom_menu":"","ocean_menu_typo_font_family":"","ocean_menu_typo_font_subset":"","ocean_menu_typo_font_size":0,"ocean_menu_typo_font_size_tablet":0,"ocean_menu_typo_font_size_mobile":0,"ocean_menu_typo_font_size_unit":"px","ocean_menu_typo_font_weight":"","ocean_menu_typo_font_weight_tablet":"","ocean_menu_typo_font_weight_mobile":"","ocean_menu_typo_transform":"","ocean_menu_typo_transform_tablet":"","ocean_menu_typo_transform_mobile":"","ocean_menu_typo_line_height":0,"ocean_menu_typo_line_height_tablet":0,"ocean_menu_typo_line_height_mobile":0,"ocean_menu_typo_line_height_unit":"","ocean_menu_typo_spacing":0,"ocean_menu_typo_spacing_tablet":0,"ocean_menu_typo_spacing_mobile":0,"ocean_menu_typo_spacing_unit":"","ocean_menu_link_color":"","ocean_menu_link_color_hover":"","ocean_menu_link_color_active":"","ocean_menu_link_background":"","ocean_menu_link_hover_background":"","ocean_menu_link_active_background":"","ocean_menu_social_links_bg":"","ocean_menu_social_hover_links_bg":"","ocean_menu_social_links_color":"","ocean_menu_social_hover_links_color":"","ocean_disable_title":"default","ocean_disable_heading":"default","ocean_post_title":"","ocean_post_subheading":"","ocean_post_title_style":"","ocean_post_title_background_color":"","ocean_post_title_background":0,"ocean_post_title_bg_image_position":"","ocean_post_title_bg_image_attachment":"","ocean_post_title_bg_image_repeat":"","ocean_post_title_bg_image_size":"","ocean_post_title_height":0,"ocean_post_title_bg_overlay":0.5,"ocean_post_title_bg_overlay_color":"","ocean_disable_breadcrumbs":"default","ocean_breadcrumbs_color":"","ocean_breadcrumbs_separator_color":"","ocean_breadcrumbs_links_color":"","ocean_breadcrumbs_links_hover_color":"","ocean_display_footer_widgets":"default","ocean_display_footer_bottom":"default","ocean_custom_footer_template":"","ocean_post_oembed":"","ocean_post_self_hosted_media":"","ocean_post_video_embed":"","ocean_link_format":"","ocean_link_format_target":"self","ocean_quote_format":"","ocean_quote_format_link":"post","ocean_gallery_link_images":"on","ocean_gallery_id":[],"footnotes":""},"categories":[9,18],"tags":[],"post_folder":[],"class_list":["post-1189","post","type-post","status-publish","format-standard","hentry","category-actions-et-communiques","category-laval","entry"],"yoast_head":"<!-- This site is optimized with the Yoast SEO plugin v27.4 - https:\/\/yoast.com\/product\/yoast-seo-wordpress\/ -->\n<title>Les personnels du lyc\u00e9e agricole de Laval ne renoncent et d\u00e9posent un pr\u00e9avis de gr\u00e8ve ! - PAYS DE LA LOIRE<\/title>\n<meta name=\"robots\" content=\"index, follow, max-snippet:-1, max-image-preview:large, max-video-preview:-1\" \/>\n<link rel=\"canonical\" href=\"https:\/\/regions-snetap-fsu.fr\/pdl\/2018\/04\/10\/les-personnels-du-lycee-agricole-de-laval-ne-renoncent-et-deposent-un-preavis-de-greve\/\" \/>\n<meta property=\"og:locale\" content=\"fr_FR\" \/>\n<meta property=\"og:type\" content=\"article\" \/>\n<meta property=\"og:title\" content=\"Les personnels du lyc\u00e9e agricole de Laval ne renoncent et d\u00e9posent un pr\u00e9avis de gr\u00e8ve ! - PAYS DE LA LOIRE\" \/>\n<meta property=\"og:description\" content=\"Secr\u00e9tariat G\u00e9n\u00e9ral &#8211; Secteur Vie syndicale Date : 9 avril 2018 Dossier suivi par : Fr\u00e9d\u00e9ric Chassagnette Objet : Pr\u00e9avis de gr\u00e8ve LEGTA de Laval 19 04 18 A Monsieur S.TRAVERT Ministre de l&rsquo;Agriculture 78 Rue de Varenne 75007 Paris Paris, 09 04 18 Monsieur le Ministre, Par la pr\u00e9sente, le SNETAP-FSU\u00a0d\u00e9pose \u00e0 la demande [&hellip;]\" \/>\n<meta property=\"og:url\" content=\"https:\/\/regions-snetap-fsu.fr\/pdl\/2018\/04\/10\/les-personnels-du-lycee-agricole-de-laval-ne-renoncent-et-deposent-un-preavis-de-greve\/\" \/>\n<meta property=\"og:site_name\" content=\"PAYS DE LA LOIRE\" \/>\n<meta property=\"article:published_time\" content=\"2018-04-10T21:17:23+00:00\" \/>\n<meta property=\"article:modified_time\" content=\"2018-09-19T19:52:09+00:00\" \/>\n<meta name=\"author\" content=\"yvigner\" \/>\n<meta name=\"twitter:card\" content=\"summary_large_image\" \/>\n<meta name=\"twitter:label1\" content=\"\u00c9crit par\" \/>\n\t<meta name=\"twitter:data1\" content=\"yvigner\" \/>\n\t<meta name=\"twitter:label2\" content=\"Dur\u00e9e de lecture estim\u00e9e\" \/>\n\t<meta name=\"twitter:data2\" content=\"3 minutes\" \/>\n<script type=\"application\/ld+json\" class=\"yoast-schema-graph\">{\"@context\":\"https:\\\/\\\/schema.org\",\"@graph\":[{\"@type\":\"Article\",\"@id\":\"https:\\\/\\\/regions-snetap-fsu.fr\\\/pdl\\\/2018\\\/04\\\/10\\\/les-personnels-du-lycee-agricole-de-laval-ne-renoncent-et-deposent-un-preavis-de-greve\\\/#article\",\"isPartOf\":{\"@id\":\"https:\\\/\\\/regions-snetap-fsu.fr\\\/pdl\\\/2018\\\/04\\\/10\\\/les-personnels-du-lycee-agricole-de-laval-ne-renoncent-et-deposent-un-preavis-de-greve\\\/\"},\"author\":{\"name\":\"yvigner\",\"@id\":\"https:\\\/\\\/regions-snetap-fsu.fr\\\/pdl\\\/#\\\/schema\\\/person\\\/d4530af043f9e8d27bdd71c468ec93b1\"},\"headline\":\"Les personnels du lyc\u00e9e agricole de Laval ne renoncent et d\u00e9posent un pr\u00e9avis de gr\u00e8ve !\",\"datePublished\":\"2018-04-10T21:17:23+00:00\",\"dateModified\":\"2018-09-19T19:52:09+00:00\",\"mainEntityOfPage\":{\"@id\":\"https:\\\/\\\/regions-snetap-fsu.fr\\\/pdl\\\/2018\\\/04\\\/10\\\/les-personnels-du-lycee-agricole-de-laval-ne-renoncent-et-deposent-un-preavis-de-greve\\\/\"},\"wordCount\":619,\"publisher\":{\"@id\":\"https:\\\/\\\/regions-snetap-fsu.fr\\\/pdl\\\/#organization\"},\"articleSection\":[\"Communiqu\u00e9s\",\"Laval\"],\"inLanguage\":\"fr-FR\"},{\"@type\":\"WebPage\",\"@id\":\"https:\\\/\\\/regions-snetap-fsu.fr\\\/pdl\\\/2018\\\/04\\\/10\\\/les-personnels-du-lycee-agricole-de-laval-ne-renoncent-et-deposent-un-preavis-de-greve\\\/\",\"url\":\"https:\\\/\\\/regions-snetap-fsu.fr\\\/pdl\\\/2018\\\/04\\\/10\\\/les-personnels-du-lycee-agricole-de-laval-ne-renoncent-et-deposent-un-preavis-de-greve\\\/\",\"name\":\"Les personnels du lyc\u00e9e agricole de Laval ne renoncent et d\u00e9posent un pr\u00e9avis de gr\u00e8ve ! - PAYS DE LA LOIRE\",\"isPartOf\":{\"@id\":\"https:\\\/\\\/regions-snetap-fsu.fr\\\/pdl\\\/#website\"},\"datePublished\":\"2018-04-10T21:17:23+00:00\",\"dateModified\":\"2018-09-19T19:52:09+00:00\",\"breadcrumb\":{\"@id\":\"https:\\\/\\\/regions-snetap-fsu.fr\\\/pdl\\\/2018\\\/04\\\/10\\\/les-personnels-du-lycee-agricole-de-laval-ne-renoncent-et-deposent-un-preavis-de-greve\\\/#breadcrumb\"},\"inLanguage\":\"fr-FR\",\"potentialAction\":[{\"@type\":\"ReadAction\",\"target\":[\"https:\\\/\\\/regions-snetap-fsu.fr\\\/pdl\\\/2018\\\/04\\\/10\\\/les-personnels-du-lycee-agricole-de-laval-ne-renoncent-et-deposent-un-preavis-de-greve\\\/\"]}]},{\"@type\":\"BreadcrumbList\",\"@id\":\"https:\\\/\\\/regions-snetap-fsu.fr\\\/pdl\\\/2018\\\/04\\\/10\\\/les-personnels-du-lycee-agricole-de-laval-ne-renoncent-et-deposent-un-preavis-de-greve\\\/#breadcrumb\",\"itemListElement\":[{\"@type\":\"ListItem\",\"position\":1,\"name\":\"Accueil\",\"item\":\"https:\\\/\\\/regions-snetap-fsu.fr\\\/pdl\\\/\"},{\"@type\":\"ListItem\",\"position\":2,\"name\":\"Les personnels du lyc\u00e9e agricole de Laval ne renoncent et d\u00e9posent un pr\u00e9avis de gr\u00e8ve !\"}]},{\"@type\":\"WebSite\",\"@id\":\"https:\\\/\\\/regions-snetap-fsu.fr\\\/pdl\\\/#website\",\"url\":\"https:\\\/\\\/regions-snetap-fsu.fr\\\/pdl\\\/\",\"name\":\"SNETAP-FSU PAYS DE LA LOIRE\",\"description\":\"SECTION REGIONALE\",\"publisher\":{\"@id\":\"https:\\\/\\\/regions-snetap-fsu.fr\\\/pdl\\\/#organization\"},\"potentialAction\":[{\"@type\":\"SearchAction\",\"target\":{\"@type\":\"EntryPoint\",\"urlTemplate\":\"https:\\\/\\\/regions-snetap-fsu.fr\\\/pdl\\\/?s={search_term_string}\"},\"query-input\":{\"@type\":\"PropertyValueSpecification\",\"valueRequired\":true,\"valueName\":\"search_term_string\"}}],\"inLanguage\":\"fr-FR\"},{\"@type\":\"Organization\",\"@id\":\"https:\\\/\\\/regions-snetap-fsu.fr\\\/pdl\\\/#organization\",\"name\":\"SNETAP-FSU Pays de Loire\",\"url\":\"https:\\\/\\\/regions-snetap-fsu.fr\\\/pdl\\\/\",\"logo\":{\"@type\":\"ImageObject\",\"inLanguage\":\"fr-FR\",\"@id\":\"https:\\\/\\\/regions-snetap-fsu.fr\\\/pdl\\\/#\\\/schema\\\/logo\\\/image\\\/\",\"url\":\"https:\\\/\\\/regions-snetap-fsu.fr\\\/pdl\\\/wp-content\\\/uploads\\\/sites\\\/4\\\/2020\\\/12\\\/SNETAP-Logo.jpg\",\"contentUrl\":\"https:\\\/\\\/regions-snetap-fsu.fr\\\/pdl\\\/wp-content\\\/uploads\\\/sites\\\/4\\\/2020\\\/12\\\/SNETAP-Logo.jpg\",\"width\":464,\"height\":334,\"caption\":\"SNETAP-FSU Pays de Loire\"},\"image\":{\"@id\":\"https:\\\/\\\/regions-snetap-fsu.fr\\\/pdl\\\/#\\\/schema\\\/logo\\\/image\\\/\"}},{\"@type\":\"Person\",\"@id\":\"https:\\\/\\\/regions-snetap-fsu.fr\\\/pdl\\\/#\\\/schema\\\/person\\\/d4530af043f9e8d27bdd71c468ec93b1\",\"name\":\"yvigner\",\"image\":{\"@type\":\"ImageObject\",\"inLanguage\":\"fr-FR\",\"@id\":\"https:\\\/\\\/secure.gravatar.com\\\/avatar\\\/bc72baa6f2406549aecf77a837bc4f03dbe88472c1762138f868571430a23820?s=96&d=mm&r=g\",\"url\":\"https:\\\/\\\/secure.gravatar.com\\\/avatar\\\/bc72baa6f2406549aecf77a837bc4f03dbe88472c1762138f868571430a23820?s=96&d=mm&r=g\",\"contentUrl\":\"https:\\\/\\\/secure.gravatar.com\\\/avatar\\\/bc72baa6f2406549aecf77a837bc4f03dbe88472c1762138f868571430a23820?s=96&d=mm&r=g\",\"caption\":\"yvigner\"},\"url\":\"https:\\\/\\\/regions-snetap-fsu.fr\\\/pdl\\\/author\\\/yvigner\\\/\"}]}<\/script>\n<!-- \/ Yoast SEO plugin. -->","yoast_head_json":{"title":"Les personnels du lyc\u00e9e agricole de Laval ne renoncent et d\u00e9posent un pr\u00e9avis de gr\u00e8ve ! - PAYS DE LA LOIRE","robots":{"index":"index","follow":"follow","max-snippet":"max-snippet:-1","max-image-preview":"max-image-preview:large","max-video-preview":"max-video-preview:-1"},"canonical":"https:\/\/regions-snetap-fsu.fr\/pdl\/2018\/04\/10\/les-personnels-du-lycee-agricole-de-laval-ne-renoncent-et-deposent-un-preavis-de-greve\/","og_locale":"fr_FR","og_type":"article","og_title":"Les personnels du lyc\u00e9e agricole de Laval ne renoncent et d\u00e9posent un pr\u00e9avis de gr\u00e8ve ! - PAYS DE LA LOIRE","og_description":"Secr\u00e9tariat G\u00e9n\u00e9ral &#8211; Secteur Vie syndicale Date : 9 avril 2018 Dossier suivi par : Fr\u00e9d\u00e9ric Chassagnette Objet : Pr\u00e9avis de gr\u00e8ve LEGTA de Laval 19 04 18 A Monsieur S.TRAVERT Ministre de l&rsquo;Agriculture 78 Rue de Varenne 75007 Paris Paris, 09 04 18 Monsieur le Ministre, Par la pr\u00e9sente, le SNETAP-FSU\u00a0d\u00e9pose \u00e0 la demande [&hellip;]","og_url":"https:\/\/regions-snetap-fsu.fr\/pdl\/2018\/04\/10\/les-personnels-du-lycee-agricole-de-laval-ne-renoncent-et-deposent-un-preavis-de-greve\/","og_site_name":"PAYS DE LA LOIRE","article_published_time":"2018-04-10T21:17:23+00:00","article_modified_time":"2018-09-19T19:52:09+00:00","author":"yvigner","twitter_card":"summary_large_image","twitter_misc":{"\u00c9crit par":"yvigner","Dur\u00e9e de lecture estim\u00e9e":"3 minutes"},"schema":{"@context":"https:\/\/schema.org","@graph":[{"@type":"Article","@id":"https:\/\/regions-snetap-fsu.fr\/pdl\/2018\/04\/10\/les-personnels-du-lycee-agricole-de-laval-ne-renoncent-et-deposent-un-preavis-de-greve\/#article","isPartOf":{"@id":"https:\/\/regions-snetap-fsu.fr\/pdl\/2018\/04\/10\/les-personnels-du-lycee-agricole-de-laval-ne-renoncent-et-deposent-un-preavis-de-greve\/"},"author":{"name":"yvigner","@id":"https:\/\/regions-snetap-fsu.fr\/pdl\/#\/schema\/person\/d4530af043f9e8d27bdd71c468ec93b1"},"headline":"Les personnels du lyc\u00e9e agricole de Laval ne renoncent et d\u00e9posent un pr\u00e9avis de gr\u00e8ve !","datePublished":"2018-04-10T21:17:23+00:00","dateModified":"2018-09-19T19:52:09+00:00","mainEntityOfPage":{"@id":"https:\/\/regions-snetap-fsu.fr\/pdl\/2018\/04\/10\/les-personnels-du-lycee-agricole-de-laval-ne-renoncent-et-deposent-un-preavis-de-greve\/"},"wordCount":619,"publisher":{"@id":"https:\/\/regions-snetap-fsu.fr\/pdl\/#organization"},"articleSection":["Communiqu\u00e9s","Laval"],"inLanguage":"fr-FR"},{"@type":"WebPage","@id":"https:\/\/regions-snetap-fsu.fr\/pdl\/2018\/04\/10\/les-personnels-du-lycee-agricole-de-laval-ne-renoncent-et-deposent-un-preavis-de-greve\/","url":"https:\/\/regions-snetap-fsu.fr\/pdl\/2018\/04\/10\/les-personnels-du-lycee-agricole-de-laval-ne-renoncent-et-deposent-un-preavis-de-greve\/","name":"Les personnels du lyc\u00e9e agricole de Laval ne renoncent et d\u00e9posent un pr\u00e9avis de gr\u00e8ve ! - PAYS DE LA LOIRE","isPartOf":{"@id":"https:\/\/regions-snetap-fsu.fr\/pdl\/#website"},"datePublished":"2018-04-10T21:17:23+00:00","dateModified":"2018-09-19T19:52:09+00:00","breadcrumb":{"@id":"https:\/\/regions-snetap-fsu.fr\/pdl\/2018\/04\/10\/les-personnels-du-lycee-agricole-de-laval-ne-renoncent-et-deposent-un-preavis-de-greve\/#breadcrumb"},"inLanguage":"fr-FR","potentialAction":[{"@type":"ReadAction","target":["https:\/\/regions-snetap-fsu.fr\/pdl\/2018\/04\/10\/les-personnels-du-lycee-agricole-de-laval-ne-renoncent-et-deposent-un-preavis-de-greve\/"]}]},{"@type":"BreadcrumbList","@id":"https:\/\/regions-snetap-fsu.fr\/pdl\/2018\/04\/10\/les-personnels-du-lycee-agricole-de-laval-ne-renoncent-et-deposent-un-preavis-de-greve\/#breadcrumb","itemListElement":[{"@type":"ListItem","position":1,"name":"Accueil","item":"https:\/\/regions-snetap-fsu.fr\/pdl\/"},{"@type":"ListItem","position":2,"name":"Les personnels du lyc\u00e9e agricole de Laval ne renoncent et d\u00e9posent un pr\u00e9avis de gr\u00e8ve !"}]},{"@type":"WebSite","@id":"https:\/\/regions-snetap-fsu.fr\/pdl\/#website","url":"https:\/\/regions-snetap-fsu.fr\/pdl\/","name":"SNETAP-FSU PAYS DE LA LOIRE","description":"SECTION REGIONALE","publisher":{"@id":"https:\/\/regions-snetap-fsu.fr\/pdl\/#organization"},"potentialAction":[{"@type":"SearchAction","target":{"@type":"EntryPoint","urlTemplate":"https:\/\/regions-snetap-fsu.fr\/pdl\/?s={search_term_string}"},"query-input":{"@type":"PropertyValueSpecification","valueRequired":true,"valueName":"search_term_string"}}],"inLanguage":"fr-FR"},{"@type":"Organization","@id":"https:\/\/regions-snetap-fsu.fr\/pdl\/#organization","name":"SNETAP-FSU Pays de Loire","url":"https:\/\/regions-snetap-fsu.fr\/pdl\/","logo":{"@type":"ImageObject","inLanguage":"fr-FR","@id":"https:\/\/regions-snetap-fsu.fr\/pdl\/#\/schema\/logo\/image\/","url":"https:\/\/regions-snetap-fsu.fr\/pdl\/wp-content\/uploads\/sites\/4\/2020\/12\/SNETAP-Logo.jpg","contentUrl":"https:\/\/regions-snetap-fsu.fr\/pdl\/wp-content\/uploads\/sites\/4\/2020\/12\/SNETAP-Logo.jpg","width":464,"height":334,"caption":"SNETAP-FSU Pays de Loire"},"image":{"@id":"https:\/\/regions-snetap-fsu.fr\/pdl\/#\/schema\/logo\/image\/"}},{"@type":"Person","@id":"https:\/\/regions-snetap-fsu.fr\/pdl\/#\/schema\/person\/d4530af043f9e8d27bdd71c468ec93b1","name":"yvigner","image":{"@type":"ImageObject","inLanguage":"fr-FR","@id":"https:\/\/secure.gravatar.com\/avatar\/bc72baa6f2406549aecf77a837bc4f03dbe88472c1762138f868571430a23820?s=96&d=mm&r=g","url":"https:\/\/secure.gravatar.com\/avatar\/bc72baa6f2406549aecf77a837bc4f03dbe88472c1762138f868571430a23820?s=96&d=mm&r=g","contentUrl":"https:\/\/secure.gravatar.com\/avatar\/bc72baa6f2406549aecf77a837bc4f03dbe88472c1762138f868571430a23820?s=96&d=mm&r=g","caption":"yvigner"},"url":"https:\/\/regions-snetap-fsu.fr\/pdl\/author\/yvigner\/"}]}},"_links":{"self":[{"href":"https:\/\/regions-snetap-fsu.fr\/pdl\/wp-json\/wp\/v2\/posts\/1189","targetHints":{"allow":["GET"]}}],"collection":[{"href":"https:\/\/regions-snetap-fsu.fr\/pdl\/wp-json\/wp\/v2\/posts"}],"about":[{"href":"https:\/\/regions-snetap-fsu.fr\/pdl\/wp-json\/wp\/v2\/types\/post"}],"author":[{"embeddable":true,"href":"https:\/\/regions-snetap-fsu.fr\/pdl\/wp-json\/wp\/v2\/users\/2"}],"replies":[{"embeddable":true,"href":"https:\/\/regions-snetap-fsu.fr\/pdl\/wp-json\/wp\/v2\/comments?post=1189"}],"version-history":[{"count":1,"href":"https:\/\/regions-snetap-fsu.fr\/pdl\/wp-json\/wp\/v2\/posts\/1189\/revisions"}],"predecessor-version":[{"id":2703,"href":"https:\/\/regions-snetap-fsu.fr\/pdl\/wp-json\/wp\/v2\/posts\/1189\/revisions\/2703"}],"wp:attachment":[{"href":"https:\/\/regions-snetap-fsu.fr\/pdl\/wp-json\/wp\/v2\/media?parent=1189"}],"wp:term":[{"taxonomy":"category","embeddable":true,"href":"https:\/\/regions-snetap-fsu.fr\/pdl\/wp-json\/wp\/v2\/categories?post=1189"},{"taxonomy":"post_tag","embeddable":true,"href":"https:\/\/regions-snetap-fsu.fr\/pdl\/wp-json\/wp\/v2\/tags?post=1189"},{"taxonomy":"post_folder","embeddable":true,"href":"https:\/\/regions-snetap-fsu.fr\/pdl\/wp-json\/wp\/v2\/post_folder?post=1189"}],"curies":[{"name":"wp","href":"https:\/\/api.w.org\/{rel}","templated":true}]}}