{"id":110,"date":"2016-10-09T17:26:52","date_gmt":"2016-10-09T15:26:52","guid":{"rendered":"http:\/\/snetap-fsu.fr\/comp\/pdl\/?p=110"},"modified":"2018-09-11T14:02:24","modified_gmt":"2018-09-11T12:02:24","slug":"a-lheure-du-bilan-declaration-liminaire-de-la-delegation-du-syac-cgtsnetap-fsu-au-ctrea-du-61016","status":"publish","type":"post","link":"https:\/\/regions-snetap-fsu.fr\/pdl\/2016\/10\/09\/a-lheure-du-bilan-declaration-liminaire-de-la-delegation-du-syac-cgtsnetap-fsu-au-ctrea-du-61016\/","title":{"rendered":"D\u00e9claration du  SYAC-CGT\/SNETAP-FSU au CTREA du 6\/10\/16."},"content":{"rendered":"<p>[printfriendly]<\/p>\n<h1>\u00a0<a href=\"http:\/\/snetap-fsu.fr\"><img decoding=\"async\" class=\"alignnone wp-image-104\" src=\"https:\/\/regions-snetap-fsu.fr\/pdl\/wp-content\/uploads\/sites\/4\/2016\/09\/logo-SNETAP-300x189.jpg\" alt=\"logo-snetap\" width=\"138\" height=\"87\" srcset=\"https:\/\/regions-snetap-fsu.fr\/pdl\/wp-content\/uploads\/sites\/4\/2016\/09\/logo-SNETAP-300x189.jpg 300w, https:\/\/regions-snetap-fsu.fr\/pdl\/wp-content\/uploads\/sites\/4\/2016\/09\/logo-SNETAP-100x63.jpg 100w, https:\/\/regions-snetap-fsu.fr\/pdl\/wp-content\/uploads\/sites\/4\/2016\/09\/logo-SNETAP-150x94.jpg 150w, https:\/\/regions-snetap-fsu.fr\/pdl\/wp-content\/uploads\/sites\/4\/2016\/09\/logo-SNETAP-200x126.jpg 200w, https:\/\/regions-snetap-fsu.fr\/pdl\/wp-content\/uploads\/sites\/4\/2016\/09\/logo-SNETAP-450x283.jpg 450w, https:\/\/regions-snetap-fsu.fr\/pdl\/wp-content\/uploads\/sites\/4\/2016\/09\/logo-SNETAP-600x377.jpg 600w, https:\/\/regions-snetap-fsu.fr\/pdl\/wp-content\/uploads\/sites\/4\/2016\/09\/logo-SNETAP.jpg 652w\" sizes=\"(max-width: 138px) 100vw, 138px\" \/><\/a> <img decoding=\"async\" class=\"wp-image-103 alignright\" src=\"https:\/\/regions-snetap-fsu.fr\/pdl\/wp-content\/uploads\/sites\/4\/2016\/09\/CGT-SYAC-182x300.jpg\" alt=\"cgt-syac\" width=\"90\" height=\"149\" srcset=\"https:\/\/regions-snetap-fsu.fr\/pdl\/wp-content\/uploads\/sites\/4\/2016\/09\/CGT-SYAC-182x300.jpg 182w, https:\/\/regions-snetap-fsu.fr\/pdl\/wp-content\/uploads\/sites\/4\/2016\/09\/CGT-SYAC-768x1265.jpg 768w, https:\/\/regions-snetap-fsu.fr\/pdl\/wp-content\/uploads\/sites\/4\/2016\/09\/CGT-SYAC-621x1024.jpg 621w, https:\/\/regions-snetap-fsu.fr\/pdl\/wp-content\/uploads\/sites\/4\/2016\/09\/CGT-SYAC-100x165.jpg 100w, https:\/\/regions-snetap-fsu.fr\/pdl\/wp-content\/uploads\/sites\/4\/2016\/09\/CGT-SYAC-150x247.jpg 150w, https:\/\/regions-snetap-fsu.fr\/pdl\/wp-content\/uploads\/sites\/4\/2016\/09\/CGT-SYAC-200x330.jpg 200w, https:\/\/regions-snetap-fsu.fr\/pdl\/wp-content\/uploads\/sites\/4\/2016\/09\/CGT-SYAC-300x494.jpg 300w, https:\/\/regions-snetap-fsu.fr\/pdl\/wp-content\/uploads\/sites\/4\/2016\/09\/CGT-SYAC-450x742.jpg 450w, https:\/\/regions-snetap-fsu.fr\/pdl\/wp-content\/uploads\/sites\/4\/2016\/09\/CGT-SYAC-600x989.jpg 600w, https:\/\/regions-snetap-fsu.fr\/pdl\/wp-content\/uploads\/sites\/4\/2016\/09\/CGT-SYAC-900x1483.jpg 900w, https:\/\/regions-snetap-fsu.fr\/pdl\/wp-content\/uploads\/sites\/4\/2016\/09\/CGT-SYAC.jpg 971w\" sizes=\"(max-width: 90px) 100vw, 90px\" \/><\/h1>\n<h1><span style=\"text-decoration: underline\"><strong>A l&rsquo;heure du bilan\u2026.<\/strong><\/span><\/h1>\n<h3>D\u00e9claration liminaire de la d\u00e9l\u00e9gation du \u00a0SYAC-CGT\/SNETAP-FSU au CTREA du 6\/10\/16.<\/h3>\n<p class=\"western\" align=\"justify\"><span style=\"font-family: Arial, sans-serif\"><span style=\"font-size: medium\">A cette rentr\u00e9e, une fois n&rsquo;est pas coutume, il venu le temps de faire le bilan&#8230;le bilan de la politique de ce gouvernement, du Ministre S.LE FOLL et de la DGER depuis 2012&#8230;et donc de ses effets en r\u00e9gion. <\/span><\/span><\/p>\n<p class=\"western\" align=\"justify\"><span style=\"font-family: Arial, sans-serif\"><span style=\"font-size: medium\">On se rappelera que le mandat avait commenc\u00e9 en r\u00e9gion par l&rsquo;annonce de suppression de postes d&rsquo;Assitants d&rsquo;\u00e9ducation. On se rappelera aussi que le mandat se termine par la cr\u00e9ation de 1 voire 1,5 ETP d&rsquo;AE (pour le mi temps rien n&rsquo;est encore sur 1 mois apr\u00e8s la rentr\u00e9e\u2026.). <\/span><\/span><\/p>\n<p class=\"western\" align=\"justify\"><span style=\"font-family: Arial, sans-serif\"><span style=\"font-size: medium\">Alors oui, nous avons pu observer depuis 2012, dans notre r\u00e9gion la cr\u00e9ation de postes (souvent d&rsquo;ajustement, souvent \u00e0 temps incomplet) d&rsquo;enseignants, d&rsquo;infirmi\u00e8res, rarement administratifs, jamais ou presque d&rsquo;assitant d\u00e9ducation. <\/span><\/span><\/p>\n<p class=\"western\" align=\"justify\"><span style=\"font-family: Arial, sans-serif\"><span style=\"font-size: medium\">Oui, pour la premi\u00e8re fois, nous avons assist\u00e9 \u00e0 la nationalisation d&rsquo;un lyc\u00e9e priv\u00e9&#8230;mais que cela fut dur&#8230;et que le trajet sera encore long\u2026.<\/span><\/span><\/p>\n<p class=\"western\" align=\"justify\"><span style=\"font-family: Arial, sans-serif\"><span style=\"font-size: medium\">Mais l&rsquo;heure du bilan&#8230; <\/span><\/span><\/p>\n<p class=\"western\" align=\"justify\"><span style=\"font-family: Arial, sans-serif\"><span style=\"font-size: medium\"><b>C&rsquo;est aussi \u00e9voquer un dialogue social en panne. <\/b><\/span><\/span><span style=\"font-family: Arial, sans-serif\"><span style=\"font-size: medium\">Oui en panne, car malgr\u00e9 des rencontres fr\u00e9quentes avec les services de la DRAAF, le constat est am\u00e8re\u00a0: depuis 2012, tous les votes \u00e9mis en CTREA sur la carte scolaire ont \u00e9t\u00e9 n\u00e9gatifs&#8230;mais rien n&rsquo;y a fait&#8230;et l&rsquo;\u00e9volution de la carte scolaire de l&rsquo;enseignement public est chaque ann\u00e9e plus indigente. Autre exemple, 4 ans apr\u00e8s la mise en place du CHSCTREA, la derni\u00e8re r\u00e9union de l&rsquo;instance a \u00e9t\u00e9 symptomatique de son dysfonctionnement g\u00e9n\u00e9ralis\u00e9. <\/span><\/span><\/p>\n<p class=\"western\" align=\"justify\"><span style=\"font-family: Arial, sans-serif\"><span style=\"font-size: medium\"><b>C&rsquo;est aussi \u00e9voquer un service public qui n&rsquo;a pas eu les moyens d&rsquo;assumer sa mission<\/b><\/span><\/span><span style=\"font-family: Arial, sans-serif\"><span style=\"font-size: medium\">. Ce sera aussi la marque ind\u00e9l\u00e9bile de ces ann\u00e9es LE FOLL. Il manque toujours (m\u00eame dans le budget 2017) plus de 3000\u20ac par poste d&rsquo;AE, somme qui restera \u00e0 la charge des \u00e9tablissements. Depuis 2012, plusieurs centaines de jeunes se sont vus refuser, <\/span><\/span><span style=\"font-family: Arial, sans-serif\"><span style=\"font-size: medium\">dans notre r\u00e9gion,<\/span><\/span><span style=\"font-family: Arial, sans-serif\"><span style=\"font-size: medium\"> l&rsquo;acc\u00e8s \u00e0 l&rsquo;enseignement publ<\/span><\/span><span style=\"font-family: Arial, sans-serif\"><span style=\"font-size: medium\">i<\/span><\/span><span style=\"font-family: Arial, sans-serif\"><span style=\"font-size: medium\">c, faute de places. Cette ann\u00e9e encore mais comme en 2012, 2013, 2014 et en 2015\u00a0: les options facultatives ne sont pas financ\u00e9es en r\u00e9gion <\/span><\/span><span style=\"font-family: Arial, sans-serif\"><span style=\"font-size: medium\">ET<\/span><\/span><span style=\"font-family: Arial, sans-serif\"><span style=\"font-size: medium\"> le note de service sur les langues n&rsquo;est pas appliqu\u00e9e. Quan<\/span><\/span><span style=\"font-family: Arial, sans-serif\"><span style=\"font-size: medium\">d<\/span><\/span><span style=\"font-family: Arial, sans-serif\"><span style=\"font-size: medium\"> dans le m\u00eame temps le priv\u00e9 communiquait en bafouant le code rural, ouvrait des classes&#8230;et repassait la barre des 80\u00a0% d&rsquo;\u00e9l\u00e8ves scolaris\u00e9s dans les Pays de la Loire. <\/span><\/span><\/p>\n<p class=\"western\" align=\"justify\"><span style=\"font-family: Arial, sans-serif\"><span style=\"font-size: medium\"><b>Mais l&rsquo;heure du bilan&#8230; C&rsquo;est aussi \u00e9voquer que l&rsquo;agro-\u00e9cologie, projet phare de S.LE FOLL ne peut masquer la for\u00eat d\u00e9vast\u00e9e de la p\u00e9dagogie\u00a0<\/b><\/span><\/span><span style=\"font-family: Arial, sans-serif\"><span style=\"font-size: medium\">: du d\u00e9veloppement durable, il n&rsquo;est plus question. Le plan sur les valeurs de la R\u00e9publique, sans objet-sans moyens, n&rsquo;est que poudre aux yeux. Les r\u00e9formes des diplomes qui se sont succ\u00e9d\u00e9s ont non seulement fragilis\u00e9 les \u00e9quipes p\u00e9dagogiques mais \u00e9galement les dipl<\/span><\/span><span style=\"font-family: Arial, sans-serif\"><span style=\"font-size: medium\">\u00f4<\/span><\/span><span style=\"font-family: Arial, sans-serif\"><span style=\"font-size: medium\">mes. Que ce soit tout d&rsquo;abord le BAC STAV mais aussi et surtout, la RVP. Les signaux, les clignotants qui alertent depuis des ann\u00e9es sont <\/span><\/span><span style=\"font-family: Arial, sans-serif\"><span style=\"font-size: medium\">tous au rouge<\/span><\/span><span style=\"font-family: Arial, sans-serif\"><span style=\"font-size: medium\"> mais, malgr\u00e9 les remarques des professionnels, des personnels, rien n&rsquo;est fait pour <\/span><\/span><span style=\"color: #000000\"><span style=\"font-family: Arial, sans-serif\"><span style=\"font-size: medium\">r\u00e9pondre au champ de ruines que laisse progressivement ce bac pro 3 ans. <\/span><\/span><\/span><\/p>\n<p class=\"western\" align=\"justify\"><a name=\"par_683\"><\/a> <span style=\"color: #000000\"><span style=\"font-family: Arial, sans-serif\"><span style=\"font-size: medium\">Vous <\/span><\/span><\/span><span style=\"color: #000000\"><span style=\"font-family: Arial, sans-serif\"><span style=\"font-size: medium\">nous<\/span><\/span><\/span><span style=\"color: #000000\"><span style=\"font-family: Arial, sans-serif\"><span style=\"font-size: medium\"> permettrez \u00e0 ce stade une petite devinette\u00a0: qui a dit\u00a0: \u00ab\u00a0<\/span><\/span><\/span><span style=\"color: #000000\"><span style=\"font-family: Arial, sans-serif\"><span style=\"font-size: medium\">Les circonstances dans lesquelles ce baccalaur\u00e9at professionnel en trois ans a \u00e9t\u00e9 mis en place \u00e0 l\u2019\u00e9poque \u00e9taient inacceptables (\u2026) Nous savons bien que la r\u00e9forme reposait sur une logique purement comptable et sur des suppressions de postes massives.\u00a0\u00bb&#8230;Je ne vous laisse pas trop longtemps chercher&#8230;ce n&rsquo;est pas facile&#8230;c&rsquo;est Mme Najat Vallaud-Belkacem (en mars dernier)&#8230;comprend qui pourra quand on voit ce qui a \u00e9t\u00e9 fait pour changer tout cela. Nous en parlerons cet apr\u00e8s midi lors de la 2<\/span><\/span><\/span><span style=\"color: #000000\"><sup><span style=\"font-family: Arial, sans-serif\"><span style=\"font-size: medium\">e<\/span><\/span><\/sup><\/span><span style=\"color: #000000\"><span style=\"font-family: Arial, sans-serif\"><span style=\"font-size: medium\"> rencontre du groupe de travail sur le sujet. <\/span><\/span><\/span><\/p>\n<p class=\"western\" align=\"justify\"><span style=\"font-family: Arial, sans-serif\"><span style=\"font-size: medium\"><b>C&rsquo;est aussi \u00e9voquer les laiss\u00e9s pour compte de cette politique&#8230;et ils sont nombreux.<\/b><\/span><\/span><span style=\"font-family: Arial, sans-serif\"><span style=\"font-size: medium\"> Ce sont les contractuels qui chaque ann\u00e9e doivent subir retard<\/span><\/span><span style=\"font-family: Arial, sans-serif\"><span style=\"font-size: medium\">s<\/span><\/span><span style=\"font-family: Arial, sans-serif\"><span style=\"font-size: medium\"> de paiement de salaire ou de signature de contrat. Ce sont les familles et les jeunes qui ont vu le fond social lyc\u00e9en dispara\u00eetre. Et ce sont aussi, et surtout, les agents des CFA\/CFPPA qui n&rsquo;ont pu r\u00e9ellement partic<\/span><\/span><span style=\"font-family: Arial, sans-serif\"><span style=\"font-size: medium\">i<\/span><\/span><span style=\"font-family: Arial, sans-serif\"><span style=\"font-size: medium\">per au plan de d\u00e9pr\u00e9carisation. De plus, dan<\/span><\/span><span style=\"font-family: Arial, sans-serif\"><span style=\"font-size: medium\">s notre r\u00e9gion, mais comme dans d&rsquo;autres ce sont plusieurs centaines de millier d&rsquo;euros qui ne sont plus compens\u00e9s sur les postes gag\u00e9s dans <\/span><\/span><span style=\"font-family: Arial, sans-serif\"><span style=\"font-size: medium\">l<\/span><\/span><span style=\"font-family: Arial, sans-serif\"><span style=\"font-size: medium\">es centres, les fragilisant tous, allant jusqu&rsquo;\u00e0 menacer l&rsquo;existence m\u00eame de certains. <\/span><\/span><\/p>\n<p class=\"western\" align=\"justify\"><span style=\"font-family: Arial, sans-serif\"><span style=\"font-size: medium\"><b>C&rsquo;est aussi \u00e9voquer une DGER aux abonn\u00e9s absents sur toujours plus de sujets. <\/b><\/span><\/span><span style=\"font-family: Arial, sans-serif\"><span style=\"font-size: medium\">A cette rentr\u00e9e, par exemple, et parce que nous avons d\u00e9j\u00e0 \u00e9t\u00e9 trop longs, nous n&rsquo;en \u00e9voquerons qu&rsquo;un. Celui des HSE du dispositif d&rsquo;individualisation. Alors que nous sommes d\u00e9j\u00e0 \u00e0 plus de 5 sema<\/span><\/span><span style=\"font-family: Arial, sans-serif\"><span style=\"font-size: medium\">ines de la rentr\u00e9e, le SRFD, les \u00e9tablissements n&rsquo;ont toujours pas connaissance de la notification des HSE (dispositif individualisation). C<\/span><\/span><span style=\"font-family: Arial, sans-serif\"><span style=\"font-size: medium\">e sont<\/span><\/span><span style=\"font-family: Arial, sans-serif\"><span style=\"font-size: medium\"> 67 jours de retard&#8230;si l&rsquo;on en croit la note de service&#8230;mais faut il, <\/span><\/span><span style=\"font-family: Arial, sans-serif\"><span style=\"font-size: medium\">encore, <\/span><\/span><span style=\"font-family: Arial, sans-serif\"><span style=\"font-size: medium\">croire les notes de service\u00a0? <\/span><\/span><\/p>\n<p class=\"western\" align=\"justify\"><span style=\"font-family: Arial, sans-serif\"><span style=\"font-size: medium\">Alors oui, l&rsquo;heure du bilan est arriv\u00e9<\/span><\/span><span style=\"font-family: Arial, sans-serif\"><span style=\"font-size: medium\">e<\/span><\/span><span style=\"font-family: Arial, sans-serif\"><span style=\"font-size: medium\">&#8230;et pour nous\u2026<\/span><\/span><\/p>\n<p class=\"western\" align=\"center\"><span style=\"font-family: Arial, sans-serif\"><span style=\"font-size: medium\"><i>L<\/i><\/span><\/span><span style=\"font-family: Arial, sans-serif\"><span style=\"font-size: medium\"><i>&lsquo;\u00e9tat de la pelouse est sacr\u00e9ment d\u00e9grad\u00e9\u00a0!<\/i><\/span><\/span><\/p>\n<p class=\"western\" align=\"justify\"><span style=\"font-family: Arial, sans-serif\"><span style=\"font-size: medium\">Tant pis pour nous si le professeur St\u00e9phane ne nous donne pas une bonne note\u00a0!<\/span><\/span><\/p>\n<p class=\"western\" align=\"right\"><span style=\"font-family: Arial, sans-serif\"><span style=\"font-size: medium\">La d\u00e9l\u00e9gation du SYAC-CGT et SNETAP-FSU<\/span><\/span><\/p>\n","protected":false},"excerpt":{"rendered":"<p>[printfriendly] \u00a0 A l&rsquo;heure du bilan\u2026. D\u00e9claration liminaire de la d\u00e9l\u00e9gation du \u00a0SYAC-CGT\/SNETAP-FSU au CTREA du 6\/10\/16. A cette rentr\u00e9e, une fois n&rsquo;est pas coutume, il venu le temps de faire le bilan&#8230;le bilan de la politique de ce gouvernement, du Ministre S.LE FOLL et de la DGER depuis 2012&#8230;et donc de ses effets en [&hellip;]<\/p>\n","protected":false},"author":2,"featured_media":0,"comment_status":"closed","ping_status":"closed","sticky":false,"template":"","format":"standard","meta":{"ocean_post_layout":"","ocean_both_sidebars_style":"","ocean_both_sidebars_content_width":0,"ocean_both_sidebars_sidebars_width":0,"ocean_sidebar":"","ocean_second_sidebar":"","ocean_disable_margins":"enable","ocean_add_body_class":"","ocean_shortcode_before_top_bar":"","ocean_shortcode_after_top_bar":"","ocean_shortcode_before_header":"","ocean_shortcode_after_header":"","ocean_has_shortcode":"","ocean_shortcode_after_title":"","ocean_shortcode_before_footer_widgets":"","ocean_shortcode_after_footer_widgets":"","ocean_shortcode_before_footer_bottom":"","ocean_shortcode_after_footer_bottom":"","ocean_display_top_bar":"default","ocean_display_header":"default","ocean_header_style":"","ocean_center_header_left_menu":"","ocean_custom_header_template":"","ocean_custom_logo":0,"ocean_custom_retina_logo":0,"ocean_custom_logo_max_width":0,"ocean_custom_logo_tablet_max_width":0,"ocean_custom_logo_mobile_max_width":0,"ocean_custom_logo_max_height":0,"ocean_custom_logo_tablet_max_height":0,"ocean_custom_logo_mobile_max_height":0,"ocean_header_custom_menu":"","ocean_menu_typo_font_family":"","ocean_menu_typo_font_subset":"","ocean_menu_typo_font_size":0,"ocean_menu_typo_font_size_tablet":0,"ocean_menu_typo_font_size_mobile":0,"ocean_menu_typo_font_size_unit":"px","ocean_menu_typo_font_weight":"","ocean_menu_typo_font_weight_tablet":"","ocean_menu_typo_font_weight_mobile":"","ocean_menu_typo_transform":"","ocean_menu_typo_transform_tablet":"","ocean_menu_typo_transform_mobile":"","ocean_menu_typo_line_height":0,"ocean_menu_typo_line_height_tablet":0,"ocean_menu_typo_line_height_mobile":0,"ocean_menu_typo_line_height_unit":"","ocean_menu_typo_spacing":0,"ocean_menu_typo_spacing_tablet":0,"ocean_menu_typo_spacing_mobile":0,"ocean_menu_typo_spacing_unit":"","ocean_menu_link_color":"","ocean_menu_link_color_hover":"","ocean_menu_link_color_active":"","ocean_menu_link_background":"","ocean_menu_link_hover_background":"","ocean_menu_link_active_background":"","ocean_menu_social_links_bg":"","ocean_menu_social_hover_links_bg":"","ocean_menu_social_links_color":"","ocean_menu_social_hover_links_color":"","ocean_disable_title":"default","ocean_disable_heading":"default","ocean_post_title":"","ocean_post_subheading":"","ocean_post_title_style":"","ocean_post_title_background_color":"","ocean_post_title_background":0,"ocean_post_title_bg_image_position":"","ocean_post_title_bg_image_attachment":"","ocean_post_title_bg_image_repeat":"","ocean_post_title_bg_image_size":"","ocean_post_title_height":0,"ocean_post_title_bg_overlay":0.5,"ocean_post_title_bg_overlay_color":"","ocean_disable_breadcrumbs":"default","ocean_breadcrumbs_color":"","ocean_breadcrumbs_separator_color":"","ocean_breadcrumbs_links_color":"","ocean_breadcrumbs_links_hover_color":"","ocean_display_footer_widgets":"default","ocean_display_footer_bottom":"default","ocean_custom_footer_template":"","ocean_post_oembed":"","ocean_post_self_hosted_media":"","ocean_post_video_embed":"","ocean_link_format":"","ocean_link_format_target":"self","ocean_quote_format":"","ocean_quote_format_link":"post","ocean_gallery_link_images":"on","ocean_gallery_id":[],"footnotes":""},"categories":[12],"tags":[],"post_folder":[],"class_list":["post-110","post","type-post","status-publish","format-standard","hentry","category-csarea","entry"],"yoast_head":"<!-- This site is optimized with the Yoast SEO plugin v27.4 - https:\/\/yoast.com\/product\/yoast-seo-wordpress\/ -->\n<title>D\u00e9claration du SYAC-CGT\/SNETAP-FSU au CTREA du 6\/10\/16. - PAYS DE LA LOIRE<\/title>\n<meta name=\"robots\" content=\"index, follow, max-snippet:-1, max-image-preview:large, max-video-preview:-1\" \/>\n<link rel=\"canonical\" href=\"https:\/\/regions-snetap-fsu.fr\/pdl\/2016\/10\/09\/a-lheure-du-bilan-declaration-liminaire-de-la-delegation-du-syac-cgtsnetap-fsu-au-ctrea-du-61016\/\" \/>\n<meta property=\"og:locale\" content=\"fr_FR\" \/>\n<meta property=\"og:type\" content=\"article\" \/>\n<meta property=\"og:title\" content=\"D\u00e9claration du SYAC-CGT\/SNETAP-FSU au CTREA du 6\/10\/16. - PAYS DE LA LOIRE\" \/>\n<meta property=\"og:description\" content=\"[printfriendly] \u00a0 A l&rsquo;heure du bilan\u2026. D\u00e9claration liminaire de la d\u00e9l\u00e9gation du \u00a0SYAC-CGT\/SNETAP-FSU au CTREA du 6\/10\/16. A cette rentr\u00e9e, une fois n&rsquo;est pas coutume, il venu le temps de faire le bilan&#8230;le bilan de la politique de ce gouvernement, du Ministre S.LE FOLL et de la DGER depuis 2012&#8230;et donc de ses effets en [&hellip;]\" \/>\n<meta property=\"og:url\" content=\"https:\/\/regions-snetap-fsu.fr\/pdl\/2016\/10\/09\/a-lheure-du-bilan-declaration-liminaire-de-la-delegation-du-syac-cgtsnetap-fsu-au-ctrea-du-61016\/\" \/>\n<meta property=\"og:site_name\" content=\"PAYS DE LA LOIRE\" \/>\n<meta property=\"article:published_time\" content=\"2016-10-09T15:26:52+00:00\" \/>\n<meta property=\"article:modified_time\" content=\"2018-09-11T12:02:24+00:00\" \/>\n<meta property=\"og:image\" content=\"https:\/\/regions-snetap-fsu.fr\/pdl\/wp-content\/uploads\/sites\/4\/2016\/09\/logo-SNETAP-300x189.jpg\" \/>\n<meta name=\"author\" content=\"yvigner\" \/>\n<meta name=\"twitter:card\" content=\"summary_large_image\" \/>\n<meta name=\"twitter:label1\" content=\"\u00c9crit par\" \/>\n\t<meta name=\"twitter:data1\" content=\"yvigner\" \/>\n\t<meta name=\"twitter:label2\" content=\"Dur\u00e9e de lecture estim\u00e9e\" \/>\n\t<meta name=\"twitter:data2\" content=\"4 minutes\" \/>\n<script type=\"application\/ld+json\" class=\"yoast-schema-graph\">{\"@context\":\"https:\\\/\\\/schema.org\",\"@graph\":[{\"@type\":\"Article\",\"@id\":\"https:\\\/\\\/regions-snetap-fsu.fr\\\/pdl\\\/2016\\\/10\\\/09\\\/a-lheure-du-bilan-declaration-liminaire-de-la-delegation-du-syac-cgtsnetap-fsu-au-ctrea-du-61016\\\/#article\",\"isPartOf\":{\"@id\":\"https:\\\/\\\/regions-snetap-fsu.fr\\\/pdl\\\/2016\\\/10\\\/09\\\/a-lheure-du-bilan-declaration-liminaire-de-la-delegation-du-syac-cgtsnetap-fsu-au-ctrea-du-61016\\\/\"},\"author\":{\"name\":\"yvigner\",\"@id\":\"https:\\\/\\\/regions-snetap-fsu.fr\\\/pdl\\\/#\\\/schema\\\/person\\\/d4530af043f9e8d27bdd71c468ec93b1\"},\"headline\":\"D\u00e9claration du SYAC-CGT\\\/SNETAP-FSU au CTREA du 6\\\/10\\\/16.\",\"datePublished\":\"2016-10-09T15:26:52+00:00\",\"dateModified\":\"2018-09-11T12:02:24+00:00\",\"mainEntityOfPage\":{\"@id\":\"https:\\\/\\\/regions-snetap-fsu.fr\\\/pdl\\\/2016\\\/10\\\/09\\\/a-lheure-du-bilan-declaration-liminaire-de-la-delegation-du-syac-cgtsnetap-fsu-au-ctrea-du-61016\\\/\"},\"wordCount\":950,\"publisher\":{\"@id\":\"https:\\\/\\\/regions-snetap-fsu.fr\\\/pdl\\\/#organization\"},\"image\":{\"@id\":\"https:\\\/\\\/regions-snetap-fsu.fr\\\/pdl\\\/2016\\\/10\\\/09\\\/a-lheure-du-bilan-declaration-liminaire-de-la-delegation-du-syac-cgtsnetap-fsu-au-ctrea-du-61016\\\/#primaryimage\"},\"thumbnailUrl\":\"https:\\\/\\\/regions-snetap-fsu.fr\\\/pdl\\\/wp-content\\\/uploads\\\/sites\\\/4\\\/2016\\\/09\\\/logo-SNETAP-300x189.jpg\",\"articleSection\":[\"CSA-REA (ex CTREA)\"],\"inLanguage\":\"fr-FR\"},{\"@type\":\"WebPage\",\"@id\":\"https:\\\/\\\/regions-snetap-fsu.fr\\\/pdl\\\/2016\\\/10\\\/09\\\/a-lheure-du-bilan-declaration-liminaire-de-la-delegation-du-syac-cgtsnetap-fsu-au-ctrea-du-61016\\\/\",\"url\":\"https:\\\/\\\/regions-snetap-fsu.fr\\\/pdl\\\/2016\\\/10\\\/09\\\/a-lheure-du-bilan-declaration-liminaire-de-la-delegation-du-syac-cgtsnetap-fsu-au-ctrea-du-61016\\\/\",\"name\":\"D\u00e9claration du SYAC-CGT\\\/SNETAP-FSU au CTREA du 6\\\/10\\\/16. - PAYS DE LA LOIRE\",\"isPartOf\":{\"@id\":\"https:\\\/\\\/regions-snetap-fsu.fr\\\/pdl\\\/#website\"},\"primaryImageOfPage\":{\"@id\":\"https:\\\/\\\/regions-snetap-fsu.fr\\\/pdl\\\/2016\\\/10\\\/09\\\/a-lheure-du-bilan-declaration-liminaire-de-la-delegation-du-syac-cgtsnetap-fsu-au-ctrea-du-61016\\\/#primaryimage\"},\"image\":{\"@id\":\"https:\\\/\\\/regions-snetap-fsu.fr\\\/pdl\\\/2016\\\/10\\\/09\\\/a-lheure-du-bilan-declaration-liminaire-de-la-delegation-du-syac-cgtsnetap-fsu-au-ctrea-du-61016\\\/#primaryimage\"},\"thumbnailUrl\":\"https:\\\/\\\/regions-snetap-fsu.fr\\\/pdl\\\/wp-content\\\/uploads\\\/sites\\\/4\\\/2016\\\/09\\\/logo-SNETAP-300x189.jpg\",\"datePublished\":\"2016-10-09T15:26:52+00:00\",\"dateModified\":\"2018-09-11T12:02:24+00:00\",\"breadcrumb\":{\"@id\":\"https:\\\/\\\/regions-snetap-fsu.fr\\\/pdl\\\/2016\\\/10\\\/09\\\/a-lheure-du-bilan-declaration-liminaire-de-la-delegation-du-syac-cgtsnetap-fsu-au-ctrea-du-61016\\\/#breadcrumb\"},\"inLanguage\":\"fr-FR\",\"potentialAction\":[{\"@type\":\"ReadAction\",\"target\":[\"https:\\\/\\\/regions-snetap-fsu.fr\\\/pdl\\\/2016\\\/10\\\/09\\\/a-lheure-du-bilan-declaration-liminaire-de-la-delegation-du-syac-cgtsnetap-fsu-au-ctrea-du-61016\\\/\"]}]},{\"@type\":\"ImageObject\",\"inLanguage\":\"fr-FR\",\"@id\":\"https:\\\/\\\/regions-snetap-fsu.fr\\\/pdl\\\/2016\\\/10\\\/09\\\/a-lheure-du-bilan-declaration-liminaire-de-la-delegation-du-syac-cgtsnetap-fsu-au-ctrea-du-61016\\\/#primaryimage\",\"url\":\"https:\\\/\\\/regions-snetap-fsu.fr\\\/pdl\\\/wp-content\\\/uploads\\\/sites\\\/4\\\/2016\\\/09\\\/logo-SNETAP.jpg\",\"contentUrl\":\"https:\\\/\\\/regions-snetap-fsu.fr\\\/pdl\\\/wp-content\\\/uploads\\\/sites\\\/4\\\/2016\\\/09\\\/logo-SNETAP.jpg\",\"width\":652,\"height\":410},{\"@type\":\"BreadcrumbList\",\"@id\":\"https:\\\/\\\/regions-snetap-fsu.fr\\\/pdl\\\/2016\\\/10\\\/09\\\/a-lheure-du-bilan-declaration-liminaire-de-la-delegation-du-syac-cgtsnetap-fsu-au-ctrea-du-61016\\\/#breadcrumb\",\"itemListElement\":[{\"@type\":\"ListItem\",\"position\":1,\"name\":\"Accueil\",\"item\":\"https:\\\/\\\/regions-snetap-fsu.fr\\\/pdl\\\/\"},{\"@type\":\"ListItem\",\"position\":2,\"name\":\"D\u00e9claration du SYAC-CGT\\\/SNETAP-FSU au CTREA du 6\\\/10\\\/16.\"}]},{\"@type\":\"WebSite\",\"@id\":\"https:\\\/\\\/regions-snetap-fsu.fr\\\/pdl\\\/#website\",\"url\":\"https:\\\/\\\/regions-snetap-fsu.fr\\\/pdl\\\/\",\"name\":\"SNETAP-FSU PAYS DE LA LOIRE\",\"description\":\"SECTION REGIONALE\",\"publisher\":{\"@id\":\"https:\\\/\\\/regions-snetap-fsu.fr\\\/pdl\\\/#organization\"},\"potentialAction\":[{\"@type\":\"SearchAction\",\"target\":{\"@type\":\"EntryPoint\",\"urlTemplate\":\"https:\\\/\\\/regions-snetap-fsu.fr\\\/pdl\\\/?s={search_term_string}\"},\"query-input\":{\"@type\":\"PropertyValueSpecification\",\"valueRequired\":true,\"valueName\":\"search_term_string\"}}],\"inLanguage\":\"fr-FR\"},{\"@type\":\"Organization\",\"@id\":\"https:\\\/\\\/regions-snetap-fsu.fr\\\/pdl\\\/#organization\",\"name\":\"SNETAP-FSU Pays de Loire\",\"url\":\"https:\\\/\\\/regions-snetap-fsu.fr\\\/pdl\\\/\",\"logo\":{\"@type\":\"ImageObject\",\"inLanguage\":\"fr-FR\",\"@id\":\"https:\\\/\\\/regions-snetap-fsu.fr\\\/pdl\\\/#\\\/schema\\\/logo\\\/image\\\/\",\"url\":\"https:\\\/\\\/regions-snetap-fsu.fr\\\/pdl\\\/wp-content\\\/uploads\\\/sites\\\/4\\\/2020\\\/12\\\/SNETAP-Logo.jpg\",\"contentUrl\":\"https:\\\/\\\/regions-snetap-fsu.fr\\\/pdl\\\/wp-content\\\/uploads\\\/sites\\\/4\\\/2020\\\/12\\\/SNETAP-Logo.jpg\",\"width\":464,\"height\":334,\"caption\":\"SNETAP-FSU Pays de Loire\"},\"image\":{\"@id\":\"https:\\\/\\\/regions-snetap-fsu.fr\\\/pdl\\\/#\\\/schema\\\/logo\\\/image\\\/\"}},{\"@type\":\"Person\",\"@id\":\"https:\\\/\\\/regions-snetap-fsu.fr\\\/pdl\\\/#\\\/schema\\\/person\\\/d4530af043f9e8d27bdd71c468ec93b1\",\"name\":\"yvigner\",\"image\":{\"@type\":\"ImageObject\",\"inLanguage\":\"fr-FR\",\"@id\":\"https:\\\/\\\/secure.gravatar.com\\\/avatar\\\/bc72baa6f2406549aecf77a837bc4f03dbe88472c1762138f868571430a23820?s=96&d=mm&r=g\",\"url\":\"https:\\\/\\\/secure.gravatar.com\\\/avatar\\\/bc72baa6f2406549aecf77a837bc4f03dbe88472c1762138f868571430a23820?s=96&d=mm&r=g\",\"contentUrl\":\"https:\\\/\\\/secure.gravatar.com\\\/avatar\\\/bc72baa6f2406549aecf77a837bc4f03dbe88472c1762138f868571430a23820?s=96&d=mm&r=g\",\"caption\":\"yvigner\"},\"url\":\"https:\\\/\\\/regions-snetap-fsu.fr\\\/pdl\\\/author\\\/yvigner\\\/\"}]}<\/script>\n<!-- \/ Yoast SEO plugin. -->","yoast_head_json":{"title":"D\u00e9claration du SYAC-CGT\/SNETAP-FSU au CTREA du 6\/10\/16. - PAYS DE LA LOIRE","robots":{"index":"index","follow":"follow","max-snippet":"max-snippet:-1","max-image-preview":"max-image-preview:large","max-video-preview":"max-video-preview:-1"},"canonical":"https:\/\/regions-snetap-fsu.fr\/pdl\/2016\/10\/09\/a-lheure-du-bilan-declaration-liminaire-de-la-delegation-du-syac-cgtsnetap-fsu-au-ctrea-du-61016\/","og_locale":"fr_FR","og_type":"article","og_title":"D\u00e9claration du SYAC-CGT\/SNETAP-FSU au CTREA du 6\/10\/16. - PAYS DE LA LOIRE","og_description":"[printfriendly] \u00a0 A l&rsquo;heure du bilan\u2026. D\u00e9claration liminaire de la d\u00e9l\u00e9gation du \u00a0SYAC-CGT\/SNETAP-FSU au CTREA du 6\/10\/16. A cette rentr\u00e9e, une fois n&rsquo;est pas coutume, il venu le temps de faire le bilan&#8230;le bilan de la politique de ce gouvernement, du Ministre S.LE FOLL et de la DGER depuis 2012&#8230;et donc de ses effets en [&hellip;]","og_url":"https:\/\/regions-snetap-fsu.fr\/pdl\/2016\/10\/09\/a-lheure-du-bilan-declaration-liminaire-de-la-delegation-du-syac-cgtsnetap-fsu-au-ctrea-du-61016\/","og_site_name":"PAYS DE LA LOIRE","article_published_time":"2016-10-09T15:26:52+00:00","article_modified_time":"2018-09-11T12:02:24+00:00","og_image":[{"url":"https:\/\/regions-snetap-fsu.fr\/pdl\/wp-content\/uploads\/sites\/4\/2016\/09\/logo-SNETAP-300x189.jpg","type":"","width":"","height":""}],"author":"yvigner","twitter_card":"summary_large_image","twitter_misc":{"\u00c9crit par":"yvigner","Dur\u00e9e de lecture estim\u00e9e":"4 minutes"},"schema":{"@context":"https:\/\/schema.org","@graph":[{"@type":"Article","@id":"https:\/\/regions-snetap-fsu.fr\/pdl\/2016\/10\/09\/a-lheure-du-bilan-declaration-liminaire-de-la-delegation-du-syac-cgtsnetap-fsu-au-ctrea-du-61016\/#article","isPartOf":{"@id":"https:\/\/regions-snetap-fsu.fr\/pdl\/2016\/10\/09\/a-lheure-du-bilan-declaration-liminaire-de-la-delegation-du-syac-cgtsnetap-fsu-au-ctrea-du-61016\/"},"author":{"name":"yvigner","@id":"https:\/\/regions-snetap-fsu.fr\/pdl\/#\/schema\/person\/d4530af043f9e8d27bdd71c468ec93b1"},"headline":"D\u00e9claration du SYAC-CGT\/SNETAP-FSU au CTREA du 6\/10\/16.","datePublished":"2016-10-09T15:26:52+00:00","dateModified":"2018-09-11T12:02:24+00:00","mainEntityOfPage":{"@id":"https:\/\/regions-snetap-fsu.fr\/pdl\/2016\/10\/09\/a-lheure-du-bilan-declaration-liminaire-de-la-delegation-du-syac-cgtsnetap-fsu-au-ctrea-du-61016\/"},"wordCount":950,"publisher":{"@id":"https:\/\/regions-snetap-fsu.fr\/pdl\/#organization"},"image":{"@id":"https:\/\/regions-snetap-fsu.fr\/pdl\/2016\/10\/09\/a-lheure-du-bilan-declaration-liminaire-de-la-delegation-du-syac-cgtsnetap-fsu-au-ctrea-du-61016\/#primaryimage"},"thumbnailUrl":"https:\/\/regions-snetap-fsu.fr\/pdl\/wp-content\/uploads\/sites\/4\/2016\/09\/logo-SNETAP-300x189.jpg","articleSection":["CSA-REA (ex CTREA)"],"inLanguage":"fr-FR"},{"@type":"WebPage","@id":"https:\/\/regions-snetap-fsu.fr\/pdl\/2016\/10\/09\/a-lheure-du-bilan-declaration-liminaire-de-la-delegation-du-syac-cgtsnetap-fsu-au-ctrea-du-61016\/","url":"https:\/\/regions-snetap-fsu.fr\/pdl\/2016\/10\/09\/a-lheure-du-bilan-declaration-liminaire-de-la-delegation-du-syac-cgtsnetap-fsu-au-ctrea-du-61016\/","name":"D\u00e9claration du SYAC-CGT\/SNETAP-FSU au CTREA du 6\/10\/16. - PAYS DE LA LOIRE","isPartOf":{"@id":"https:\/\/regions-snetap-fsu.fr\/pdl\/#website"},"primaryImageOfPage":{"@id":"https:\/\/regions-snetap-fsu.fr\/pdl\/2016\/10\/09\/a-lheure-du-bilan-declaration-liminaire-de-la-delegation-du-syac-cgtsnetap-fsu-au-ctrea-du-61016\/#primaryimage"},"image":{"@id":"https:\/\/regions-snetap-fsu.fr\/pdl\/2016\/10\/09\/a-lheure-du-bilan-declaration-liminaire-de-la-delegation-du-syac-cgtsnetap-fsu-au-ctrea-du-61016\/#primaryimage"},"thumbnailUrl":"https:\/\/regions-snetap-fsu.fr\/pdl\/wp-content\/uploads\/sites\/4\/2016\/09\/logo-SNETAP-300x189.jpg","datePublished":"2016-10-09T15:26:52+00:00","dateModified":"2018-09-11T12:02:24+00:00","breadcrumb":{"@id":"https:\/\/regions-snetap-fsu.fr\/pdl\/2016\/10\/09\/a-lheure-du-bilan-declaration-liminaire-de-la-delegation-du-syac-cgtsnetap-fsu-au-ctrea-du-61016\/#breadcrumb"},"inLanguage":"fr-FR","potentialAction":[{"@type":"ReadAction","target":["https:\/\/regions-snetap-fsu.fr\/pdl\/2016\/10\/09\/a-lheure-du-bilan-declaration-liminaire-de-la-delegation-du-syac-cgtsnetap-fsu-au-ctrea-du-61016\/"]}]},{"@type":"ImageObject","inLanguage":"fr-FR","@id":"https:\/\/regions-snetap-fsu.fr\/pdl\/2016\/10\/09\/a-lheure-du-bilan-declaration-liminaire-de-la-delegation-du-syac-cgtsnetap-fsu-au-ctrea-du-61016\/#primaryimage","url":"https:\/\/regions-snetap-fsu.fr\/pdl\/wp-content\/uploads\/sites\/4\/2016\/09\/logo-SNETAP.jpg","contentUrl":"https:\/\/regions-snetap-fsu.fr\/pdl\/wp-content\/uploads\/sites\/4\/2016\/09\/logo-SNETAP.jpg","width":652,"height":410},{"@type":"BreadcrumbList","@id":"https:\/\/regions-snetap-fsu.fr\/pdl\/2016\/10\/09\/a-lheure-du-bilan-declaration-liminaire-de-la-delegation-du-syac-cgtsnetap-fsu-au-ctrea-du-61016\/#breadcrumb","itemListElement":[{"@type":"ListItem","position":1,"name":"Accueil","item":"https:\/\/regions-snetap-fsu.fr\/pdl\/"},{"@type":"ListItem","position":2,"name":"D\u00e9claration du SYAC-CGT\/SNETAP-FSU au CTREA du 6\/10\/16."}]},{"@type":"WebSite","@id":"https:\/\/regions-snetap-fsu.fr\/pdl\/#website","url":"https:\/\/regions-snetap-fsu.fr\/pdl\/","name":"SNETAP-FSU PAYS DE LA LOIRE","description":"SECTION REGIONALE","publisher":{"@id":"https:\/\/regions-snetap-fsu.fr\/pdl\/#organization"},"potentialAction":[{"@type":"SearchAction","target":{"@type":"EntryPoint","urlTemplate":"https:\/\/regions-snetap-fsu.fr\/pdl\/?s={search_term_string}"},"query-input":{"@type":"PropertyValueSpecification","valueRequired":true,"valueName":"search_term_string"}}],"inLanguage":"fr-FR"},{"@type":"Organization","@id":"https:\/\/regions-snetap-fsu.fr\/pdl\/#organization","name":"SNETAP-FSU Pays de Loire","url":"https:\/\/regions-snetap-fsu.fr\/pdl\/","logo":{"@type":"ImageObject","inLanguage":"fr-FR","@id":"https:\/\/regions-snetap-fsu.fr\/pdl\/#\/schema\/logo\/image\/","url":"https:\/\/regions-snetap-fsu.fr\/pdl\/wp-content\/uploads\/sites\/4\/2020\/12\/SNETAP-Logo.jpg","contentUrl":"https:\/\/regions-snetap-fsu.fr\/pdl\/wp-content\/uploads\/sites\/4\/2020\/12\/SNETAP-Logo.jpg","width":464,"height":334,"caption":"SNETAP-FSU Pays de Loire"},"image":{"@id":"https:\/\/regions-snetap-fsu.fr\/pdl\/#\/schema\/logo\/image\/"}},{"@type":"Person","@id":"https:\/\/regions-snetap-fsu.fr\/pdl\/#\/schema\/person\/d4530af043f9e8d27bdd71c468ec93b1","name":"yvigner","image":{"@type":"ImageObject","inLanguage":"fr-FR","@id":"https:\/\/secure.gravatar.com\/avatar\/bc72baa6f2406549aecf77a837bc4f03dbe88472c1762138f868571430a23820?s=96&d=mm&r=g","url":"https:\/\/secure.gravatar.com\/avatar\/bc72baa6f2406549aecf77a837bc4f03dbe88472c1762138f868571430a23820?s=96&d=mm&r=g","contentUrl":"https:\/\/secure.gravatar.com\/avatar\/bc72baa6f2406549aecf77a837bc4f03dbe88472c1762138f868571430a23820?s=96&d=mm&r=g","caption":"yvigner"},"url":"https:\/\/regions-snetap-fsu.fr\/pdl\/author\/yvigner\/"}]}},"_links":{"self":[{"href":"https:\/\/regions-snetap-fsu.fr\/pdl\/wp-json\/wp\/v2\/posts\/110","targetHints":{"allow":["GET"]}}],"collection":[{"href":"https:\/\/regions-snetap-fsu.fr\/pdl\/wp-json\/wp\/v2\/posts"}],"about":[{"href":"https:\/\/regions-snetap-fsu.fr\/pdl\/wp-json\/wp\/v2\/types\/post"}],"author":[{"embeddable":true,"href":"https:\/\/regions-snetap-fsu.fr\/pdl\/wp-json\/wp\/v2\/users\/2"}],"replies":[{"embeddable":true,"href":"https:\/\/regions-snetap-fsu.fr\/pdl\/wp-json\/wp\/v2\/comments?post=110"}],"version-history":[{"count":1,"href":"https:\/\/regions-snetap-fsu.fr\/pdl\/wp-json\/wp\/v2\/posts\/110\/revisions"}],"predecessor-version":[{"id":2781,"href":"https:\/\/regions-snetap-fsu.fr\/pdl\/wp-json\/wp\/v2\/posts\/110\/revisions\/2781"}],"wp:attachment":[{"href":"https:\/\/regions-snetap-fsu.fr\/pdl\/wp-json\/wp\/v2\/media?parent=110"}],"wp:term":[{"taxonomy":"category","embeddable":true,"href":"https:\/\/regions-snetap-fsu.fr\/pdl\/wp-json\/wp\/v2\/categories?post=110"},{"taxonomy":"post_tag","embeddable":true,"href":"https:\/\/regions-snetap-fsu.fr\/pdl\/wp-json\/wp\/v2\/tags?post=110"},{"taxonomy":"post_folder","embeddable":true,"href":"https:\/\/regions-snetap-fsu.fr\/pdl\/wp-json\/wp\/v2\/post_folder?post=110"}],"curies":[{"name":"wp","href":"https:\/\/api.w.org\/{rel}","templated":true}]}}