{"id":101,"date":"2016-09-28T00:04:02","date_gmt":"2016-09-27T22:04:02","guid":{"rendered":"http:\/\/snetap-fsu.fr\/comp\/pdl\/?p=101"},"modified":"2018-09-08T22:28:45","modified_gmt":"2018-09-08T20:28:45","slug":"une-rentree-en-trompe-loeil-entre-hausse-des-effectifs-et-errements-de-ladministration","status":"publish","type":"post","link":"https:\/\/regions-snetap-fsu.fr\/pdl\/2016\/09\/28\/une-rentree-en-trompe-loeil-entre-hausse-des-effectifs-et-errements-de-ladministration\/","title":{"rendered":"Une rentr\u00e9e en trompe l\u2019\u0153il : entre hausse des effectifs et errements de l&#039;administration"},"content":{"rendered":"<p class=\"western\" align=\"right\"><img decoding=\"async\" class=\"wp-image-103 alignleft\" src=\"https:\/\/regions-snetap-fsu.fr\/pdl\/wp-content\/uploads\/sites\/4\/2016\/09\/CGT-SYAC-182x300.jpg\" alt=\"cgt-syac\" width=\"115\" height=\"189\" srcset=\"https:\/\/regions-snetap-fsu.fr\/pdl\/wp-content\/uploads\/sites\/4\/2016\/09\/CGT-SYAC-182x300.jpg 182w, https:\/\/regions-snetap-fsu.fr\/pdl\/wp-content\/uploads\/sites\/4\/2016\/09\/CGT-SYAC-768x1265.jpg 768w, https:\/\/regions-snetap-fsu.fr\/pdl\/wp-content\/uploads\/sites\/4\/2016\/09\/CGT-SYAC-621x1024.jpg 621w, https:\/\/regions-snetap-fsu.fr\/pdl\/wp-content\/uploads\/sites\/4\/2016\/09\/CGT-SYAC-100x165.jpg 100w, https:\/\/regions-snetap-fsu.fr\/pdl\/wp-content\/uploads\/sites\/4\/2016\/09\/CGT-SYAC-150x247.jpg 150w, https:\/\/regions-snetap-fsu.fr\/pdl\/wp-content\/uploads\/sites\/4\/2016\/09\/CGT-SYAC-200x330.jpg 200w, https:\/\/regions-snetap-fsu.fr\/pdl\/wp-content\/uploads\/sites\/4\/2016\/09\/CGT-SYAC-300x494.jpg 300w, https:\/\/regions-snetap-fsu.fr\/pdl\/wp-content\/uploads\/sites\/4\/2016\/09\/CGT-SYAC-450x742.jpg 450w, https:\/\/regions-snetap-fsu.fr\/pdl\/wp-content\/uploads\/sites\/4\/2016\/09\/CGT-SYAC-600x989.jpg 600w, https:\/\/regions-snetap-fsu.fr\/pdl\/wp-content\/uploads\/sites\/4\/2016\/09\/CGT-SYAC-900x1483.jpg 900w, https:\/\/regions-snetap-fsu.fr\/pdl\/wp-content\/uploads\/sites\/4\/2016\/09\/CGT-SYAC.jpg 971w\" sizes=\"(max-width: 115px) 100vw, 115px\" \/><img decoding=\"async\" class=\"wp-image-104 alignleft\" src=\"https:\/\/regions-snetap-fsu.fr\/pdl\/wp-content\/uploads\/sites\/4\/2016\/09\/logo-SNETAP-300x189.jpg\" alt=\"logo-snetap\" width=\"167\" height=\"105\" srcset=\"https:\/\/regions-snetap-fsu.fr\/pdl\/wp-content\/uploads\/sites\/4\/2016\/09\/logo-SNETAP-300x189.jpg 300w, https:\/\/regions-snetap-fsu.fr\/pdl\/wp-content\/uploads\/sites\/4\/2016\/09\/logo-SNETAP-100x63.jpg 100w, https:\/\/regions-snetap-fsu.fr\/pdl\/wp-content\/uploads\/sites\/4\/2016\/09\/logo-SNETAP-150x94.jpg 150w, https:\/\/regions-snetap-fsu.fr\/pdl\/wp-content\/uploads\/sites\/4\/2016\/09\/logo-SNETAP-200x126.jpg 200w, https:\/\/regions-snetap-fsu.fr\/pdl\/wp-content\/uploads\/sites\/4\/2016\/09\/logo-SNETAP-450x283.jpg 450w, https:\/\/regions-snetap-fsu.fr\/pdl\/wp-content\/uploads\/sites\/4\/2016\/09\/logo-SNETAP-600x377.jpg 600w, https:\/\/regions-snetap-fsu.fr\/pdl\/wp-content\/uploads\/sites\/4\/2016\/09\/logo-SNETAP.jpg 652w\" sizes=\"(max-width: 167px) 100vw, 167px\" \/><\/p>\n<h1 class=\"western\" style=\"text-align: right\" align=\"right\"><strong>Une rentr\u00e9e en trompe l&rsquo;oeil : entre hausse des effectifs et errements de l&rsquo;administration<\/strong><\/h1>\n<p class=\"western\" align=\"right\"><span style=\"font-family: Arial, sans-serif\"><span style=\"font-size: large\"><b>Compte rendu de la rencontre bilat\u00e9rale SYAC-CGT\/SNETAP-FSU et services de la DRAAF (16\/9\/16)<\/b><\/span><\/span><\/p>\n<p class=\"western\" align=\"left\"><span style=\"font-family: Arial, sans-serif\"><span style=\"font-size: small\"><u><b>Les moyens de la rentr\u00e9e&#8230; <\/b><\/u><u><b>quand l&rsquo;action syndicale paie\u00a0!<\/b><\/u><\/span><\/span><\/p>\n<p class=\"western\" align=\"justify\"><span style=\"font-family: Arial, sans-serif\"><span style=\"font-size: small\">Gr\u00e2ce \u00e0 l&rsquo;action syndicale tout au long de l&rsquo;ann\u00e9e, nous avons pu disposer en r\u00e9gion d&rsquo;une DGH compl\u00e9mentaire de 6200 heures (4600h notifi\u00e9es en d\u00e9cembre et 1600h en juillet). Pourtant malgr\u00e9 cela, la r\u00e9gion des Pays de la Loire est toujours en d\u00e9passement de 2000h de DGH. De plus, par la pression \u00e0 la rentr\u00e9e, la r\u00e9gion a vu sa dotation en Assistants d&rsquo;Education (AE) compl\u00e9t\u00e9e de 45000\u20ac (soit 1,5 ETP), un premier poste a \u00e9t\u00e9 attribu\u00e9 au lyc\u00e9e du Mans et le mi-temps restant devrait \u00eatre (selon notre demande) attribu\u00e9 \u00e0 celui de Lu\u00e7on P\u00e9tr\u00e9 (annonce en attente). Tout cela vient combler un manque de DGH qui ne correspond jamais aux besoins r\u00e9els.Enfin, nous avons demand\u00e9, pour toujours plus de transparence, \u00e0 ce que les tableaux de la DGH r\u00e9gionale, les effectifs par classe pour tous les \u00e9tablissements nous soient communiqu\u00e9s. <\/span><\/span><\/p>\n<p class=\"western\" align=\"justify\"><span style=\"font-family: Arial, sans-serif\"><span style=\"font-size: small\"><u><b>Une DGER aux abonn\u00e9s absents<\/b><\/u><\/span><\/span><\/p>\n<p class=\"western\" align=\"justify\"><span style=\"font-family: Arial, sans-serif\"><span style=\"font-size: small\">Alors que nous sommes d\u00e9j\u00e0 \u00e0 plus de deux semaines de la rentr\u00e9e, le SRFD, les \u00e9tablissements n&rsquo;ont toujours pas connaissance\u00a0: de la notification des ETP de la r\u00e9gion, de la notification des HSA, de la notification des HSE (dispositif individualisation).\u00a0<\/span><\/span><span style=\"font-family: Arial, sans-serif\"><span style=\"font-size: small\">Il y a eu de tr\u00e8s importants retards dans les autorisations de recrutement pour les agents contractuels toujours pour cause d&rsquo;absence de r\u00e9ponse. Intol\u00e9rable pour le bon fonctionnement de nos \u00e9tablissements.<\/span><\/span><\/p>\n<p class=\"western\" align=\"justify\"><span style=\"font-family: Arial, sans-serif\"><span style=\"font-size: small\"><u><b>Une hausse des effectifs du public en cette rentr\u00e9e<\/b><\/u><\/span><\/span><\/p>\n<p class=\"western\" align=\"justify\"><span style=\"font-family: Arial, sans-serif\"><span style=\"font-size: small\">Les chiffres de rentr\u00e9e\u00a0: baisse d&rsquo;effectifs en r\u00e9gion. Public\u00a0: +1,6\u00a0% mais le Priv\u00e9 a connu une baisse de 400 \u00e9l\u00e8ves. Catastrophe en 4<sup>e<\/sup>. BAC PRO SAPAT aussi.\u00a0<\/span><\/span><span style=\"font-size: small;font-family: Arial, sans-serif\">Il y aura bien un 3<\/span><sup style=\"font-family: Arial, sans-serif\">e<\/sup><span style=\"font-size: small;font-family: Arial, sans-serif\"> tour AFFELNET en Octobre comme l&rsquo;an pass\u00e9 car la r\u00e9gion est dans une exp\u00e9rimentation.\u00a0<\/span><span style=\"font-family: Arial, sans-serif\"><span style=\"font-size: small\">La R\u00e9gion des PDL va engager un d\u00e9mographe pour essayer d&rsquo;anticiper les situations \u00e0 venir. Les enfants de 2002 sont aussi nombreux que les 2000 et les 2001. Il y a encore quelques ann\u00e9es \u00e0 voir des effectifs importants taper aux portes des EPL du MAAF. La question se pose de comment faire pour accueillir les \u00e9l\u00e8ves, d&rsquo;une souplesse d&rsquo;accueil de l&rsquo;appareil public.<\/span><\/span><\/p>\n<p class=\"western\" align=\"justify\"><span style=\"font-family: Arial, sans-serif\"><span style=\"font-size: small\"><u><b>PREA<\/b><\/u><\/span><\/span><\/p>\n<p class=\"western\" align=\"justify\"><span style=\"font-family: Arial, sans-serif\"><span style=\"font-size: small\">Le SRFD souhaite faire un bilan, une \u00e9valuation qualitative et une relance du projet r\u00e9gional de l&rsquo;enseignement agricole. Le CARIF-OREF (GIP Etat\/ CR PDL) a \u00e9t\u00e9 sollicit\u00e9 de faire un bilan de ce PREA, une analyse, une rem\u00e9diation.<\/span><\/span><\/p>\n<p class=\"western\" align=\"justify\"><span style=\"font-family: Arial, sans-serif\"><span style=\"font-size: small\"><u><b>Calendrier des instances propos\u00e9 par la DRAAF<\/b><\/u><\/span><\/span><\/p>\n<p class=\"western\" align=\"justify\"><span style=\"font-family: Arial, sans-serif\"><span style=\"font-size: small\">CTREA le 18 octobre (13h30), CREA le 3\/11 \u00e0 14h, COPIL PREA 9\/11. <\/span><\/span><\/p>\n<p class=\"western\" align=\"justify\"><span style=\"font-family: Arial, sans-serif\"><span style=\"font-size: small\"><u><b>Graves menaces sur les CFA-CFPPA de la r\u00e9gion<\/b><\/u><\/span><\/span><\/p>\n<p class=\"western\" align=\"justify\"><span style=\"font-family: Arial, sans-serif\"><span style=\"font-size: small\">Dans notre r\u00e9gion, 800 000 \u20ac ne sont plus compens\u00e9s sur les postes gag\u00e9s. Certains centres sont particuli\u00e8rement touch\u00e9s, notamment celui de St Herblain.\u00a0<\/span><\/span><span style=\"font-family: Arial, sans-serif\"><span style=\"font-size: small\">La DGER n&rsquo;a pas d&rsquo;actions sur cette situation. C&rsquo;est une logique de budget de l&rsquo;Etat entre le MAAF et Bercy. On est sur une ligne budg\u00e9taire qui aurait d\u00fb dispara\u00eetre depuis 10 ans. Le Minist\u00e8re n&rsquo;est pas en capacit\u00e9 de couvrir ce besoin financier<\/span><\/span><\/p>\n<p class=\"western\" align=\"right\"><span style=\"font-family: Arial, sans-serif\"><span style=\"font-size: small\">La d\u00e9l\u00e9gation du SYAC-CGT et SNETAP-FSU<\/span><\/span><\/p>\n","protected":false},"excerpt":{"rendered":"<p>Une rentr\u00e9e en trompe l&rsquo;oeil : entre hausse des effectifs et errements de l&rsquo;administration Compte rendu de la rencontre bilat\u00e9rale SYAC-CGT\/SNETAP-FSU et services de la DRAAF (16\/9\/16) Les moyens de la rentr\u00e9e&#8230; quand l&rsquo;action syndicale paie\u00a0! Gr\u00e2ce \u00e0 l&rsquo;action syndicale tout au long de l&rsquo;ann\u00e9e, nous avons pu disposer en r\u00e9gion d&rsquo;une DGH compl\u00e9mentaire de [&hellip;]<\/p>\n","protected":false},"author":2,"featured_media":0,"comment_status":"closed","ping_status":"closed","sticky":false,"template":"","format":"standard","meta":{"ocean_post_layout":"","ocean_both_sidebars_style":"","ocean_both_sidebars_content_width":0,"ocean_both_sidebars_sidebars_width":0,"ocean_sidebar":"","ocean_second_sidebar":"","ocean_disable_margins":"enable","ocean_add_body_class":"","ocean_shortcode_before_top_bar":"","ocean_shortcode_after_top_bar":"","ocean_shortcode_before_header":"","ocean_shortcode_after_header":"","ocean_has_shortcode":"","ocean_shortcode_after_title":"","ocean_shortcode_before_footer_widgets":"","ocean_shortcode_after_footer_widgets":"","ocean_shortcode_before_footer_bottom":"","ocean_shortcode_after_footer_bottom":"","ocean_display_top_bar":"default","ocean_display_header":"default","ocean_header_style":"","ocean_center_header_left_menu":"","ocean_custom_header_template":"","ocean_custom_logo":0,"ocean_custom_retina_logo":0,"ocean_custom_logo_max_width":0,"ocean_custom_logo_tablet_max_width":0,"ocean_custom_logo_mobile_max_width":0,"ocean_custom_logo_max_height":0,"ocean_custom_logo_tablet_max_height":0,"ocean_custom_logo_mobile_max_height":0,"ocean_header_custom_menu":"","ocean_menu_typo_font_family":"","ocean_menu_typo_font_subset":"","ocean_menu_typo_font_size":0,"ocean_menu_typo_font_size_tablet":0,"ocean_menu_typo_font_size_mobile":0,"ocean_menu_typo_font_size_unit":"px","ocean_menu_typo_font_weight":"","ocean_menu_typo_font_weight_tablet":"","ocean_menu_typo_font_weight_mobile":"","ocean_menu_typo_transform":"","ocean_menu_typo_transform_tablet":"","ocean_menu_typo_transform_mobile":"","ocean_menu_typo_line_height":0,"ocean_menu_typo_line_height_tablet":0,"ocean_menu_typo_line_height_mobile":0,"ocean_menu_typo_line_height_unit":"","ocean_menu_typo_spacing":0,"ocean_menu_typo_spacing_tablet":0,"ocean_menu_typo_spacing_mobile":0,"ocean_menu_typo_spacing_unit":"","ocean_menu_link_color":"","ocean_menu_link_color_hover":"","ocean_menu_link_color_active":"","ocean_menu_link_background":"","ocean_menu_link_hover_background":"","ocean_menu_link_active_background":"","ocean_menu_social_links_bg":"","ocean_menu_social_hover_links_bg":"","ocean_menu_social_links_color":"","ocean_menu_social_hover_links_color":"","ocean_disable_title":"default","ocean_disable_heading":"default","ocean_post_title":"","ocean_post_subheading":"","ocean_post_title_style":"","ocean_post_title_background_color":"","ocean_post_title_background":0,"ocean_post_title_bg_image_position":"","ocean_post_title_bg_image_attachment":"","ocean_post_title_bg_image_repeat":"","ocean_post_title_bg_image_size":"","ocean_post_title_height":0,"ocean_post_title_bg_overlay":0.5,"ocean_post_title_bg_overlay_color":"","ocean_disable_breadcrumbs":"default","ocean_breadcrumbs_color":"","ocean_breadcrumbs_separator_color":"","ocean_breadcrumbs_links_color":"","ocean_breadcrumbs_links_hover_color":"","ocean_display_footer_widgets":"default","ocean_display_footer_bottom":"default","ocean_custom_footer_template":"","ocean_post_oembed":"","ocean_post_self_hosted_media":"","ocean_post_video_embed":"","ocean_link_format":"","ocean_link_format_target":"self","ocean_quote_format":"","ocean_quote_format_link":"post","ocean_gallery_link_images":"on","ocean_gallery_id":[],"footnotes":""},"categories":[9],"tags":[],"post_folder":[],"class_list":["post-101","post","type-post","status-publish","format-standard","hentry","category-actions-et-communiques","entry"],"yoast_head":"<!-- This site is optimized with the Yoast SEO plugin v27.4 - https:\/\/yoast.com\/product\/yoast-seo-wordpress\/ -->\n<title>Une rentr\u00e9e en trompe l\u2019\u0153il : entre hausse des effectifs et errements de l&#039;administration - PAYS DE LA LOIRE<\/title>\n<meta name=\"robots\" content=\"index, follow, max-snippet:-1, max-image-preview:large, max-video-preview:-1\" \/>\n<link rel=\"canonical\" href=\"https:\/\/regions-snetap-fsu.fr\/pdl\/2016\/09\/28\/une-rentree-en-trompe-loeil-entre-hausse-des-effectifs-et-errements-de-ladministration\/\" \/>\n<meta property=\"og:locale\" content=\"fr_FR\" \/>\n<meta property=\"og:type\" content=\"article\" \/>\n<meta property=\"og:title\" content=\"Une rentr\u00e9e en trompe l\u2019\u0153il : entre hausse des effectifs et errements de l&#039;administration - PAYS DE LA LOIRE\" \/>\n<meta property=\"og:description\" content=\"Une rentr\u00e9e en trompe l&rsquo;oeil : entre hausse des effectifs et errements de l&rsquo;administration Compte rendu de la rencontre bilat\u00e9rale SYAC-CGT\/SNETAP-FSU et services de la DRAAF (16\/9\/16) Les moyens de la rentr\u00e9e&#8230; quand l&rsquo;action syndicale paie\u00a0! Gr\u00e2ce \u00e0 l&rsquo;action syndicale tout au long de l&rsquo;ann\u00e9e, nous avons pu disposer en r\u00e9gion d&rsquo;une DGH compl\u00e9mentaire de [&hellip;]\" \/>\n<meta property=\"og:url\" content=\"https:\/\/regions-snetap-fsu.fr\/pdl\/2016\/09\/28\/une-rentree-en-trompe-loeil-entre-hausse-des-effectifs-et-errements-de-ladministration\/\" \/>\n<meta property=\"og:site_name\" content=\"PAYS DE LA LOIRE\" \/>\n<meta property=\"article:published_time\" content=\"2016-09-27T22:04:02+00:00\" \/>\n<meta property=\"article:modified_time\" content=\"2018-09-08T20:28:45+00:00\" \/>\n<meta property=\"og:image\" content=\"https:\/\/regions-snetap-fsu.fr\/pdl\/wp-content\/uploads\/sites\/4\/2016\/09\/CGT-SYAC-182x300.jpg\" \/>\n<meta name=\"author\" content=\"yvigner\" \/>\n<meta name=\"twitter:card\" content=\"summary_large_image\" \/>\n<meta name=\"twitter:label1\" content=\"\u00c9crit par\" \/>\n\t<meta name=\"twitter:data1\" content=\"yvigner\" \/>\n\t<meta name=\"twitter:label2\" content=\"Dur\u00e9e de lecture estim\u00e9e\" \/>\n\t<meta name=\"twitter:data2\" content=\"3 minutes\" \/>\n<script type=\"application\/ld+json\" class=\"yoast-schema-graph\">{\"@context\":\"https:\\\/\\\/schema.org\",\"@graph\":[{\"@type\":\"Article\",\"@id\":\"https:\\\/\\\/regions-snetap-fsu.fr\\\/pdl\\\/2016\\\/09\\\/28\\\/une-rentree-en-trompe-loeil-entre-hausse-des-effectifs-et-errements-de-ladministration\\\/#article\",\"isPartOf\":{\"@id\":\"https:\\\/\\\/regions-snetap-fsu.fr\\\/pdl\\\/2016\\\/09\\\/28\\\/une-rentree-en-trompe-loeil-entre-hausse-des-effectifs-et-errements-de-ladministration\\\/\"},\"author\":{\"name\":\"yvigner\",\"@id\":\"https:\\\/\\\/regions-snetap-fsu.fr\\\/pdl\\\/#\\\/schema\\\/person\\\/d4530af043f9e8d27bdd71c468ec93b1\"},\"headline\":\"Une rentr\u00e9e en trompe l\u2019\u0153il : entre hausse des effectifs et errements de l&#039;administration\",\"datePublished\":\"2016-09-27T22:04:02+00:00\",\"dateModified\":\"2018-09-08T20:28:45+00:00\",\"mainEntityOfPage\":{\"@id\":\"https:\\\/\\\/regions-snetap-fsu.fr\\\/pdl\\\/2016\\\/09\\\/28\\\/une-rentree-en-trompe-loeil-entre-hausse-des-effectifs-et-errements-de-ladministration\\\/\"},\"wordCount\":580,\"publisher\":{\"@id\":\"https:\\\/\\\/regions-snetap-fsu.fr\\\/pdl\\\/#organization\"},\"image\":{\"@id\":\"https:\\\/\\\/regions-snetap-fsu.fr\\\/pdl\\\/2016\\\/09\\\/28\\\/une-rentree-en-trompe-loeil-entre-hausse-des-effectifs-et-errements-de-ladministration\\\/#primaryimage\"},\"thumbnailUrl\":\"https:\\\/\\\/regions-snetap-fsu.fr\\\/pdl\\\/wp-content\\\/uploads\\\/sites\\\/4\\\/2016\\\/09\\\/CGT-SYAC-182x300.jpg\",\"articleSection\":[\"Communiqu\u00e9s\"],\"inLanguage\":\"fr-FR\"},{\"@type\":\"WebPage\",\"@id\":\"https:\\\/\\\/regions-snetap-fsu.fr\\\/pdl\\\/2016\\\/09\\\/28\\\/une-rentree-en-trompe-loeil-entre-hausse-des-effectifs-et-errements-de-ladministration\\\/\",\"url\":\"https:\\\/\\\/regions-snetap-fsu.fr\\\/pdl\\\/2016\\\/09\\\/28\\\/une-rentree-en-trompe-loeil-entre-hausse-des-effectifs-et-errements-de-ladministration\\\/\",\"name\":\"Une rentr\u00e9e en trompe l\u2019\u0153il : entre hausse des effectifs et errements de l&#039;administration - PAYS DE LA LOIRE\",\"isPartOf\":{\"@id\":\"https:\\\/\\\/regions-snetap-fsu.fr\\\/pdl\\\/#website\"},\"primaryImageOfPage\":{\"@id\":\"https:\\\/\\\/regions-snetap-fsu.fr\\\/pdl\\\/2016\\\/09\\\/28\\\/une-rentree-en-trompe-loeil-entre-hausse-des-effectifs-et-errements-de-ladministration\\\/#primaryimage\"},\"image\":{\"@id\":\"https:\\\/\\\/regions-snetap-fsu.fr\\\/pdl\\\/2016\\\/09\\\/28\\\/une-rentree-en-trompe-loeil-entre-hausse-des-effectifs-et-errements-de-ladministration\\\/#primaryimage\"},\"thumbnailUrl\":\"https:\\\/\\\/regions-snetap-fsu.fr\\\/pdl\\\/wp-content\\\/uploads\\\/sites\\\/4\\\/2016\\\/09\\\/CGT-SYAC-182x300.jpg\",\"datePublished\":\"2016-09-27T22:04:02+00:00\",\"dateModified\":\"2018-09-08T20:28:45+00:00\",\"breadcrumb\":{\"@id\":\"https:\\\/\\\/regions-snetap-fsu.fr\\\/pdl\\\/2016\\\/09\\\/28\\\/une-rentree-en-trompe-loeil-entre-hausse-des-effectifs-et-errements-de-ladministration\\\/#breadcrumb\"},\"inLanguage\":\"fr-FR\",\"potentialAction\":[{\"@type\":\"ReadAction\",\"target\":[\"https:\\\/\\\/regions-snetap-fsu.fr\\\/pdl\\\/2016\\\/09\\\/28\\\/une-rentree-en-trompe-loeil-entre-hausse-des-effectifs-et-errements-de-ladministration\\\/\"]}]},{\"@type\":\"ImageObject\",\"inLanguage\":\"fr-FR\",\"@id\":\"https:\\\/\\\/regions-snetap-fsu.fr\\\/pdl\\\/2016\\\/09\\\/28\\\/une-rentree-en-trompe-loeil-entre-hausse-des-effectifs-et-errements-de-ladministration\\\/#primaryimage\",\"url\":\"https:\\\/\\\/regions-snetap-fsu.fr\\\/pdl\\\/wp-content\\\/uploads\\\/sites\\\/4\\\/2016\\\/09\\\/CGT-SYAC.jpg\",\"contentUrl\":\"https:\\\/\\\/regions-snetap-fsu.fr\\\/pdl\\\/wp-content\\\/uploads\\\/sites\\\/4\\\/2016\\\/09\\\/CGT-SYAC.jpg\",\"width\":971,\"height\":1600},{\"@type\":\"BreadcrumbList\",\"@id\":\"https:\\\/\\\/regions-snetap-fsu.fr\\\/pdl\\\/2016\\\/09\\\/28\\\/une-rentree-en-trompe-loeil-entre-hausse-des-effectifs-et-errements-de-ladministration\\\/#breadcrumb\",\"itemListElement\":[{\"@type\":\"ListItem\",\"position\":1,\"name\":\"Accueil\",\"item\":\"https:\\\/\\\/regions-snetap-fsu.fr\\\/pdl\\\/\"},{\"@type\":\"ListItem\",\"position\":2,\"name\":\"Une rentr\u00e9e en trompe l\u2019\u0153il : entre hausse des effectifs et errements de l&#039;administration\"}]},{\"@type\":\"WebSite\",\"@id\":\"https:\\\/\\\/regions-snetap-fsu.fr\\\/pdl\\\/#website\",\"url\":\"https:\\\/\\\/regions-snetap-fsu.fr\\\/pdl\\\/\",\"name\":\"SNETAP-FSU PAYS DE LA LOIRE\",\"description\":\"SECTION REGIONALE\",\"publisher\":{\"@id\":\"https:\\\/\\\/regions-snetap-fsu.fr\\\/pdl\\\/#organization\"},\"potentialAction\":[{\"@type\":\"SearchAction\",\"target\":{\"@type\":\"EntryPoint\",\"urlTemplate\":\"https:\\\/\\\/regions-snetap-fsu.fr\\\/pdl\\\/?s={search_term_string}\"},\"query-input\":{\"@type\":\"PropertyValueSpecification\",\"valueRequired\":true,\"valueName\":\"search_term_string\"}}],\"inLanguage\":\"fr-FR\"},{\"@type\":\"Organization\",\"@id\":\"https:\\\/\\\/regions-snetap-fsu.fr\\\/pdl\\\/#organization\",\"name\":\"SNETAP-FSU Pays de Loire\",\"url\":\"https:\\\/\\\/regions-snetap-fsu.fr\\\/pdl\\\/\",\"logo\":{\"@type\":\"ImageObject\",\"inLanguage\":\"fr-FR\",\"@id\":\"https:\\\/\\\/regions-snetap-fsu.fr\\\/pdl\\\/#\\\/schema\\\/logo\\\/image\\\/\",\"url\":\"https:\\\/\\\/regions-snetap-fsu.fr\\\/pdl\\\/wp-content\\\/uploads\\\/sites\\\/4\\\/2020\\\/12\\\/SNETAP-Logo.jpg\",\"contentUrl\":\"https:\\\/\\\/regions-snetap-fsu.fr\\\/pdl\\\/wp-content\\\/uploads\\\/sites\\\/4\\\/2020\\\/12\\\/SNETAP-Logo.jpg\",\"width\":464,\"height\":334,\"caption\":\"SNETAP-FSU Pays de Loire\"},\"image\":{\"@id\":\"https:\\\/\\\/regions-snetap-fsu.fr\\\/pdl\\\/#\\\/schema\\\/logo\\\/image\\\/\"}},{\"@type\":\"Person\",\"@id\":\"https:\\\/\\\/regions-snetap-fsu.fr\\\/pdl\\\/#\\\/schema\\\/person\\\/d4530af043f9e8d27bdd71c468ec93b1\",\"name\":\"yvigner\",\"image\":{\"@type\":\"ImageObject\",\"inLanguage\":\"fr-FR\",\"@id\":\"https:\\\/\\\/secure.gravatar.com\\\/avatar\\\/bc72baa6f2406549aecf77a837bc4f03dbe88472c1762138f868571430a23820?s=96&d=mm&r=g\",\"url\":\"https:\\\/\\\/secure.gravatar.com\\\/avatar\\\/bc72baa6f2406549aecf77a837bc4f03dbe88472c1762138f868571430a23820?s=96&d=mm&r=g\",\"contentUrl\":\"https:\\\/\\\/secure.gravatar.com\\\/avatar\\\/bc72baa6f2406549aecf77a837bc4f03dbe88472c1762138f868571430a23820?s=96&d=mm&r=g\",\"caption\":\"yvigner\"},\"url\":\"https:\\\/\\\/regions-snetap-fsu.fr\\\/pdl\\\/author\\\/yvigner\\\/\"}]}<\/script>\n<!-- \/ Yoast SEO plugin. -->","yoast_head_json":{"title":"Une rentr\u00e9e en trompe l\u2019\u0153il : entre hausse des effectifs et errements de l&#039;administration - PAYS DE LA LOIRE","robots":{"index":"index","follow":"follow","max-snippet":"max-snippet:-1","max-image-preview":"max-image-preview:large","max-video-preview":"max-video-preview:-1"},"canonical":"https:\/\/regions-snetap-fsu.fr\/pdl\/2016\/09\/28\/une-rentree-en-trompe-loeil-entre-hausse-des-effectifs-et-errements-de-ladministration\/","og_locale":"fr_FR","og_type":"article","og_title":"Une rentr\u00e9e en trompe l\u2019\u0153il : entre hausse des effectifs et errements de l&#039;administration - PAYS DE LA LOIRE","og_description":"Une rentr\u00e9e en trompe l&rsquo;oeil : entre hausse des effectifs et errements de l&rsquo;administration Compte rendu de la rencontre bilat\u00e9rale SYAC-CGT\/SNETAP-FSU et services de la DRAAF (16\/9\/16) Les moyens de la rentr\u00e9e&#8230; quand l&rsquo;action syndicale paie\u00a0! Gr\u00e2ce \u00e0 l&rsquo;action syndicale tout au long de l&rsquo;ann\u00e9e, nous avons pu disposer en r\u00e9gion d&rsquo;une DGH compl\u00e9mentaire de [&hellip;]","og_url":"https:\/\/regions-snetap-fsu.fr\/pdl\/2016\/09\/28\/une-rentree-en-trompe-loeil-entre-hausse-des-effectifs-et-errements-de-ladministration\/","og_site_name":"PAYS DE LA LOIRE","article_published_time":"2016-09-27T22:04:02+00:00","article_modified_time":"2018-09-08T20:28:45+00:00","og_image":[{"url":"https:\/\/regions-snetap-fsu.fr\/pdl\/wp-content\/uploads\/sites\/4\/2016\/09\/CGT-SYAC-182x300.jpg","type":"","width":"","height":""}],"author":"yvigner","twitter_card":"summary_large_image","twitter_misc":{"\u00c9crit par":"yvigner","Dur\u00e9e de lecture estim\u00e9e":"3 minutes"},"schema":{"@context":"https:\/\/schema.org","@graph":[{"@type":"Article","@id":"https:\/\/regions-snetap-fsu.fr\/pdl\/2016\/09\/28\/une-rentree-en-trompe-loeil-entre-hausse-des-effectifs-et-errements-de-ladministration\/#article","isPartOf":{"@id":"https:\/\/regions-snetap-fsu.fr\/pdl\/2016\/09\/28\/une-rentree-en-trompe-loeil-entre-hausse-des-effectifs-et-errements-de-ladministration\/"},"author":{"name":"yvigner","@id":"https:\/\/regions-snetap-fsu.fr\/pdl\/#\/schema\/person\/d4530af043f9e8d27bdd71c468ec93b1"},"headline":"Une rentr\u00e9e en trompe l\u2019\u0153il : entre hausse des effectifs et errements de l&#039;administration","datePublished":"2016-09-27T22:04:02+00:00","dateModified":"2018-09-08T20:28:45+00:00","mainEntityOfPage":{"@id":"https:\/\/regions-snetap-fsu.fr\/pdl\/2016\/09\/28\/une-rentree-en-trompe-loeil-entre-hausse-des-effectifs-et-errements-de-ladministration\/"},"wordCount":580,"publisher":{"@id":"https:\/\/regions-snetap-fsu.fr\/pdl\/#organization"},"image":{"@id":"https:\/\/regions-snetap-fsu.fr\/pdl\/2016\/09\/28\/une-rentree-en-trompe-loeil-entre-hausse-des-effectifs-et-errements-de-ladministration\/#primaryimage"},"thumbnailUrl":"https:\/\/regions-snetap-fsu.fr\/pdl\/wp-content\/uploads\/sites\/4\/2016\/09\/CGT-SYAC-182x300.jpg","articleSection":["Communiqu\u00e9s"],"inLanguage":"fr-FR"},{"@type":"WebPage","@id":"https:\/\/regions-snetap-fsu.fr\/pdl\/2016\/09\/28\/une-rentree-en-trompe-loeil-entre-hausse-des-effectifs-et-errements-de-ladministration\/","url":"https:\/\/regions-snetap-fsu.fr\/pdl\/2016\/09\/28\/une-rentree-en-trompe-loeil-entre-hausse-des-effectifs-et-errements-de-ladministration\/","name":"Une rentr\u00e9e en trompe l\u2019\u0153il : entre hausse des effectifs et errements de l&#039;administration - PAYS DE LA LOIRE","isPartOf":{"@id":"https:\/\/regions-snetap-fsu.fr\/pdl\/#website"},"primaryImageOfPage":{"@id":"https:\/\/regions-snetap-fsu.fr\/pdl\/2016\/09\/28\/une-rentree-en-trompe-loeil-entre-hausse-des-effectifs-et-errements-de-ladministration\/#primaryimage"},"image":{"@id":"https:\/\/regions-snetap-fsu.fr\/pdl\/2016\/09\/28\/une-rentree-en-trompe-loeil-entre-hausse-des-effectifs-et-errements-de-ladministration\/#primaryimage"},"thumbnailUrl":"https:\/\/regions-snetap-fsu.fr\/pdl\/wp-content\/uploads\/sites\/4\/2016\/09\/CGT-SYAC-182x300.jpg","datePublished":"2016-09-27T22:04:02+00:00","dateModified":"2018-09-08T20:28:45+00:00","breadcrumb":{"@id":"https:\/\/regions-snetap-fsu.fr\/pdl\/2016\/09\/28\/une-rentree-en-trompe-loeil-entre-hausse-des-effectifs-et-errements-de-ladministration\/#breadcrumb"},"inLanguage":"fr-FR","potentialAction":[{"@type":"ReadAction","target":["https:\/\/regions-snetap-fsu.fr\/pdl\/2016\/09\/28\/une-rentree-en-trompe-loeil-entre-hausse-des-effectifs-et-errements-de-ladministration\/"]}]},{"@type":"ImageObject","inLanguage":"fr-FR","@id":"https:\/\/regions-snetap-fsu.fr\/pdl\/2016\/09\/28\/une-rentree-en-trompe-loeil-entre-hausse-des-effectifs-et-errements-de-ladministration\/#primaryimage","url":"https:\/\/regions-snetap-fsu.fr\/pdl\/wp-content\/uploads\/sites\/4\/2016\/09\/CGT-SYAC.jpg","contentUrl":"https:\/\/regions-snetap-fsu.fr\/pdl\/wp-content\/uploads\/sites\/4\/2016\/09\/CGT-SYAC.jpg","width":971,"height":1600},{"@type":"BreadcrumbList","@id":"https:\/\/regions-snetap-fsu.fr\/pdl\/2016\/09\/28\/une-rentree-en-trompe-loeil-entre-hausse-des-effectifs-et-errements-de-ladministration\/#breadcrumb","itemListElement":[{"@type":"ListItem","position":1,"name":"Accueil","item":"https:\/\/regions-snetap-fsu.fr\/pdl\/"},{"@type":"ListItem","position":2,"name":"Une rentr\u00e9e en trompe l\u2019\u0153il : entre hausse des effectifs et errements de l&#039;administration"}]},{"@type":"WebSite","@id":"https:\/\/regions-snetap-fsu.fr\/pdl\/#website","url":"https:\/\/regions-snetap-fsu.fr\/pdl\/","name":"SNETAP-FSU PAYS DE LA LOIRE","description":"SECTION REGIONALE","publisher":{"@id":"https:\/\/regions-snetap-fsu.fr\/pdl\/#organization"},"potentialAction":[{"@type":"SearchAction","target":{"@type":"EntryPoint","urlTemplate":"https:\/\/regions-snetap-fsu.fr\/pdl\/?s={search_term_string}"},"query-input":{"@type":"PropertyValueSpecification","valueRequired":true,"valueName":"search_term_string"}}],"inLanguage":"fr-FR"},{"@type":"Organization","@id":"https:\/\/regions-snetap-fsu.fr\/pdl\/#organization","name":"SNETAP-FSU Pays de Loire","url":"https:\/\/regions-snetap-fsu.fr\/pdl\/","logo":{"@type":"ImageObject","inLanguage":"fr-FR","@id":"https:\/\/regions-snetap-fsu.fr\/pdl\/#\/schema\/logo\/image\/","url":"https:\/\/regions-snetap-fsu.fr\/pdl\/wp-content\/uploads\/sites\/4\/2020\/12\/SNETAP-Logo.jpg","contentUrl":"https:\/\/regions-snetap-fsu.fr\/pdl\/wp-content\/uploads\/sites\/4\/2020\/12\/SNETAP-Logo.jpg","width":464,"height":334,"caption":"SNETAP-FSU Pays de Loire"},"image":{"@id":"https:\/\/regions-snetap-fsu.fr\/pdl\/#\/schema\/logo\/image\/"}},{"@type":"Person","@id":"https:\/\/regions-snetap-fsu.fr\/pdl\/#\/schema\/person\/d4530af043f9e8d27bdd71c468ec93b1","name":"yvigner","image":{"@type":"ImageObject","inLanguage":"fr-FR","@id":"https:\/\/secure.gravatar.com\/avatar\/bc72baa6f2406549aecf77a837bc4f03dbe88472c1762138f868571430a23820?s=96&d=mm&r=g","url":"https:\/\/secure.gravatar.com\/avatar\/bc72baa6f2406549aecf77a837bc4f03dbe88472c1762138f868571430a23820?s=96&d=mm&r=g","contentUrl":"https:\/\/secure.gravatar.com\/avatar\/bc72baa6f2406549aecf77a837bc4f03dbe88472c1762138f868571430a23820?s=96&d=mm&r=g","caption":"yvigner"},"url":"https:\/\/regions-snetap-fsu.fr\/pdl\/author\/yvigner\/"}]}},"_links":{"self":[{"href":"https:\/\/regions-snetap-fsu.fr\/pdl\/wp-json\/wp\/v2\/posts\/101","targetHints":{"allow":["GET"]}}],"collection":[{"href":"https:\/\/regions-snetap-fsu.fr\/pdl\/wp-json\/wp\/v2\/posts"}],"about":[{"href":"https:\/\/regions-snetap-fsu.fr\/pdl\/wp-json\/wp\/v2\/types\/post"}],"author":[{"embeddable":true,"href":"https:\/\/regions-snetap-fsu.fr\/pdl\/wp-json\/wp\/v2\/users\/2"}],"replies":[{"embeddable":true,"href":"https:\/\/regions-snetap-fsu.fr\/pdl\/wp-json\/wp\/v2\/comments?post=101"}],"version-history":[{"count":1,"href":"https:\/\/regions-snetap-fsu.fr\/pdl\/wp-json\/wp\/v2\/posts\/101\/revisions"}],"predecessor-version":[{"id":2770,"href":"https:\/\/regions-snetap-fsu.fr\/pdl\/wp-json\/wp\/v2\/posts\/101\/revisions\/2770"}],"wp:attachment":[{"href":"https:\/\/regions-snetap-fsu.fr\/pdl\/wp-json\/wp\/v2\/media?parent=101"}],"wp:term":[{"taxonomy":"category","embeddable":true,"href":"https:\/\/regions-snetap-fsu.fr\/pdl\/wp-json\/wp\/v2\/categories?post=101"},{"taxonomy":"post_tag","embeddable":true,"href":"https:\/\/regions-snetap-fsu.fr\/pdl\/wp-json\/wp\/v2\/tags?post=101"},{"taxonomy":"post_folder","embeddable":true,"href":"https:\/\/regions-snetap-fsu.fr\/pdl\/wp-json\/wp\/v2\/post_folder?post=101"}],"curies":[{"name":"wp","href":"https:\/\/api.w.org\/{rel}","templated":true}]}}