{"id":2857,"date":"2025-11-25T10:56:24","date_gmt":"2025-11-25T09:56:24","guid":{"rendered":"https:\/\/regions-snetap-fsu.fr\/occ\/?p=2857"},"modified":"2025-11-30T15:19:45","modified_gmt":"2025-11-30T14:19:45","slug":"declaration-liminaire-crea","status":"publish","type":"post","link":"https:\/\/regions-snetap-fsu.fr\/occ\/2025\/11\/25\/declaration-liminaire-crea\/","title":{"rendered":"D\u00e9claration liminaire CREA"},"content":{"rendered":"\t\t<div data-elementor-type=\"wp-post\" data-elementor-id=\"2857\" class=\"elementor elementor-2857\">\n\t\t\t\t<div class=\"elementor-element elementor-element-32f63eb e-flex e-con-boxed e-con e-parent\" data-id=\"32f63eb\" data-element_type=\"container\" data-e-type=\"container\">\n\t\t\t\t\t<div class=\"e-con-inner\">\n\t\t\t\t<div class=\"elementor-element elementor-element-e66e9f6 elementor-widget elementor-widget-text-editor\" data-id=\"e66e9f6\" data-element_type=\"widget\" data-e-type=\"widget\" data-widget_type=\"text-editor.default\">\n\t\t\t\t<div class=\"elementor-widget-container\">\n\t\t\t\t\t\t\t\t\t<p>Vous trouverez ci-dessous la d\u00e9claration liminaire de l&rsquo;intersyndicale, prononc\u00e9e le 21 novembre 2025 au CREA Occitanie :<\/p>\t\t\t\t\t\t\t\t<\/div>\n\t\t\t\t<\/div>\n\t\t\t\t\t<\/div>\n\t\t\t\t<\/div>\n\t\t<div class=\"elementor-element elementor-element-a29a440 e-flex e-con-boxed e-con e-parent\" data-id=\"a29a440\" data-element_type=\"container\" data-e-type=\"container\">\n\t\t\t\t\t<div class=\"e-con-inner\">\n\t\t\t\t<div class=\"elementor-element elementor-element-126f944 elementor-widget elementor-widget-shortcode\" data-id=\"126f944\" data-element_type=\"widget\" data-e-type=\"widget\" data-widget_type=\"shortcode.default\">\n\t\t\t\t<div class=\"elementor-widget-container\">\n\t\t\t\t\t\t\t<div class=\"elementor-shortcode\"><div class=\"_df_book df-lite\" id=\"df_2896\"  _slug=\"declaration-crea\" data-title=\"declaration-crea\" wpoptions=\"true\" thumbtype=\"\" ><\/div><script class=\"df-shortcode-script\" nowprocket type=\"application\/javascript\">window.option_df_2896 = {\"outline\":[],\"autoEnableOutline\":\"false\",\"autoEnableThumbnail\":\"false\",\"overwritePDFOutline\":\"false\",\"direction\":\"1\",\"pageSize\":\"0\",\"source\":\"https:\\\/\\\/regions-snetap-fsu.fr\\\/occ\\\/wp-content\\\/uploads\\\/sites\\\/7\\\/2025\\\/11\\\/DL-CREA-211125.pdf\",\"wpOptions\":\"true\"}; if(window.DFLIP && window.DFLIP.parseBooks){window.DFLIP.parseBooks();}<\/script> <\/div>\n\t\t\t\t\t\t<\/div>\n\t\t\t\t<\/div>\n\t\t\t\t\t<\/div>\n\t\t\t\t<\/div>\n\t\t\t\t<\/div>\n\t\t","protected":false},"excerpt":{"rendered":"<p>Vous trouverez ci-dessous la d\u00e9claration liminaire de l&rsquo;intersyndicale, prononc\u00e9e le 21 novembre 2025 au CREA Occitanie :<\/p>\n","protected":false},"author":137,"featured_media":2367,"comment_status":"closed","ping_status":"closed","sticky":false,"template":"","format":"standard","meta":{"ocean_post_layout":"","ocean_both_sidebars_style":"","ocean_both_sidebars_content_width":0,"ocean_both_sidebars_sidebars_width":0,"ocean_sidebar":"0","ocean_second_sidebar":"0","ocean_disable_margins":"enable","ocean_add_body_class":"","ocean_shortcode_before_top_bar":"","ocean_shortcode_after_top_bar":"","ocean_shortcode_before_header":"","ocean_shortcode_after_header":"","ocean_has_shortcode":"","ocean_shortcode_after_title":"","ocean_shortcode_before_footer_widgets":"","ocean_shortcode_after_footer_widgets":"","ocean_shortcode_before_footer_bottom":"","ocean_shortcode_after_footer_bottom":"","ocean_display_top_bar":"default","ocean_display_header":"default","ocean_header_style":"","ocean_center_header_left_menu":"0","ocean_custom_header_template":"0","ocean_custom_logo":0,"ocean_custom_retina_logo":0,"ocean_custom_logo_max_width":0,"ocean_custom_logo_tablet_max_width":0,"ocean_custom_logo_mobile_max_width":0,"ocean_custom_logo_max_height":0,"ocean_custom_logo_tablet_max_height":0,"ocean_custom_logo_mobile_max_height":0,"ocean_header_custom_menu":"0","ocean_menu_typo_font_family":"0","ocean_menu_typo_font_subset":"","ocean_menu_typo_font_size":0,"ocean_menu_typo_font_size_tablet":0,"ocean_menu_typo_font_size_mobile":0,"ocean_menu_typo_font_size_unit":"px","ocean_menu_typo_font_weight":"","ocean_menu_typo_font_weight_tablet":"","ocean_menu_typo_font_weight_mobile":"","ocean_menu_typo_transform":"","ocean_menu_typo_transform_tablet":"","ocean_menu_typo_transform_mobile":"","ocean_menu_typo_line_height":0,"ocean_menu_typo_line_height_tablet":0,"ocean_menu_typo_line_height_mobile":0,"ocean_menu_typo_line_height_unit":"","ocean_menu_typo_spacing":0,"ocean_menu_typo_spacing_tablet":0,"ocean_menu_typo_spacing_mobile":0,"ocean_menu_typo_spacing_unit":"","ocean_menu_link_color":"","ocean_menu_link_color_hover":"","ocean_menu_link_color_active":"","ocean_menu_link_background":"","ocean_menu_link_hover_background":"","ocean_menu_link_active_background":"","ocean_menu_social_links_bg":"","ocean_menu_social_hover_links_bg":"","ocean_menu_social_links_color":"","ocean_menu_social_hover_links_color":"","ocean_disable_title":"default","ocean_disable_heading":"default","ocean_post_title":"","ocean_post_subheading":"","ocean_post_title_style":"","ocean_post_title_background_color":"","ocean_post_title_background":0,"ocean_post_title_bg_image_position":"","ocean_post_title_bg_image_attachment":"","ocean_post_title_bg_image_repeat":"","ocean_post_title_bg_image_size":"","ocean_post_title_height":0,"ocean_post_title_bg_overlay":0.5,"ocean_post_title_bg_overlay_color":"","ocean_disable_breadcrumbs":"default","ocean_breadcrumbs_color":"","ocean_breadcrumbs_separator_color":"","ocean_breadcrumbs_links_color":"","ocean_breadcrumbs_links_hover_color":"","ocean_display_footer_widgets":"default","ocean_display_footer_bottom":"default","ocean_custom_footer_template":"0","ocean_post_oembed":"","ocean_post_self_hosted_media":"","ocean_post_video_embed":"","ocean_link_format":"","ocean_link_format_target":"self","ocean_quote_format":"","ocean_quote_format_link":"post","ocean_gallery_link_images":"on","ocean_gallery_id":[],"footnotes":""},"categories":[32,30],"tags":[16],"post_folder":[],"class_list":["post-2857","post","type-post","status-publish","format-standard","has-post-thumbnail","hentry","category-actualites","category-crea","tag-crea","entry","has-media"],"yoast_head":"<!-- This site is optimized with the Yoast SEO plugin v27.4 - https:\/\/yoast.com\/product\/yoast-seo-wordpress\/ -->\n<title>D\u00e9claration liminaire CREA - OCCITANIE<\/title>\n<meta name=\"robots\" content=\"index, follow, max-snippet:-1, max-image-preview:large, max-video-preview:-1\" \/>\n<link rel=\"canonical\" href=\"https:\/\/regions-snetap-fsu.fr\/occ\/2025\/11\/25\/declaration-liminaire-crea\/\" \/>\n<meta property=\"og:locale\" content=\"fr_FR\" \/>\n<meta property=\"og:type\" content=\"article\" \/>\n<meta property=\"og:title\" content=\"D\u00e9claration liminaire CREA - OCCITANIE\" \/>\n<meta property=\"og:description\" content=\"Vous trouverez ci-dessous la d\u00e9claration liminaire de l&rsquo;intersyndicale, prononc\u00e9e le 21 novembre 2025 au CREA Occitanie :\" \/>\n<meta property=\"og:url\" content=\"https:\/\/regions-snetap-fsu.fr\/occ\/2025\/11\/25\/declaration-liminaire-crea\/\" \/>\n<meta property=\"og:site_name\" content=\"OCCITANIE\" \/>\n<meta property=\"article:published_time\" content=\"2025-11-25T09:56:24+00:00\" \/>\n<meta property=\"article:modified_time\" content=\"2025-11-30T14:19:45+00:00\" \/>\n<meta property=\"og:image\" content=\"https:\/\/regions-snetap-fsu.fr\/occ\/wp-content\/uploads\/sites\/7\/2024\/12\/decla-CREA1.jpg\" \/>\n\t<meta property=\"og:image:width\" content=\"870\" \/>\n\t<meta property=\"og:image:height\" content=\"400\" \/>\n\t<meta property=\"og:image:type\" content=\"image\/jpeg\" \/>\n<meta name=\"author\" content=\"cchevallier\" \/>\n<meta name=\"twitter:card\" content=\"summary_large_image\" \/>\n<meta name=\"twitter:label1\" content=\"\u00c9crit par\" \/>\n\t<meta name=\"twitter:data1\" content=\"cchevallier\" \/>\n\t<meta name=\"twitter:label2\" content=\"Dur\u00e9e de lecture estim\u00e9e\" \/>\n\t<meta name=\"twitter:data2\" content=\"1 minute\" \/>\n<script type=\"application\/ld+json\" class=\"yoast-schema-graph\">{\"@context\":\"https:\\\/\\\/schema.org\",\"@graph\":[{\"@type\":\"Article\",\"@id\":\"https:\\\/\\\/regions-snetap-fsu.fr\\\/occ\\\/2025\\\/11\\\/25\\\/declaration-liminaire-crea\\\/#article\",\"isPartOf\":{\"@id\":\"https:\\\/\\\/regions-snetap-fsu.fr\\\/occ\\\/2025\\\/11\\\/25\\\/declaration-liminaire-crea\\\/\"},\"author\":{\"name\":\"cchevallier\",\"@id\":\"https:\\\/\\\/regions-snetap-fsu.fr\\\/occ\\\/#\\\/schema\\\/person\\\/1b3aa4d5ef822b4ad7f39edb3db92a26\"},\"headline\":\"D\u00e9claration liminaire CREA\",\"datePublished\":\"2025-11-25T09:56:24+00:00\",\"dateModified\":\"2025-11-30T14:19:45+00:00\",\"mainEntityOfPage\":{\"@id\":\"https:\\\/\\\/regions-snetap-fsu.fr\\\/occ\\\/2025\\\/11\\\/25\\\/declaration-liminaire-crea\\\/\"},\"wordCount\":24,\"publisher\":{\"@id\":\"https:\\\/\\\/regions-snetap-fsu.fr\\\/occ\\\/#organization\"},\"image\":{\"@id\":\"https:\\\/\\\/regions-snetap-fsu.fr\\\/occ\\\/2025\\\/11\\\/25\\\/declaration-liminaire-crea\\\/#primaryimage\"},\"thumbnailUrl\":\"https:\\\/\\\/regions-snetap-fsu.fr\\\/occ\\\/wp-content\\\/uploads\\\/sites\\\/7\\\/2024\\\/12\\\/decla-CREA1.jpg\",\"keywords\":[\"CREA\"],\"articleSection\":[\"Actualit\u00e9s\",\"CREA\"],\"inLanguage\":\"fr-FR\"},{\"@type\":\"WebPage\",\"@id\":\"https:\\\/\\\/regions-snetap-fsu.fr\\\/occ\\\/2025\\\/11\\\/25\\\/declaration-liminaire-crea\\\/\",\"url\":\"https:\\\/\\\/regions-snetap-fsu.fr\\\/occ\\\/2025\\\/11\\\/25\\\/declaration-liminaire-crea\\\/\",\"name\":\"D\u00e9claration liminaire CREA - OCCITANIE\",\"isPartOf\":{\"@id\":\"https:\\\/\\\/regions-snetap-fsu.fr\\\/occ\\\/#website\"},\"primaryImageOfPage\":{\"@id\":\"https:\\\/\\\/regions-snetap-fsu.fr\\\/occ\\\/2025\\\/11\\\/25\\\/declaration-liminaire-crea\\\/#primaryimage\"},\"image\":{\"@id\":\"https:\\\/\\\/regions-snetap-fsu.fr\\\/occ\\\/2025\\\/11\\\/25\\\/declaration-liminaire-crea\\\/#primaryimage\"},\"thumbnailUrl\":\"https:\\\/\\\/regions-snetap-fsu.fr\\\/occ\\\/wp-content\\\/uploads\\\/sites\\\/7\\\/2024\\\/12\\\/decla-CREA1.jpg\",\"datePublished\":\"2025-11-25T09:56:24+00:00\",\"dateModified\":\"2025-11-30T14:19:45+00:00\",\"breadcrumb\":{\"@id\":\"https:\\\/\\\/regions-snetap-fsu.fr\\\/occ\\\/2025\\\/11\\\/25\\\/declaration-liminaire-crea\\\/#breadcrumb\"},\"inLanguage\":\"fr-FR\",\"potentialAction\":[{\"@type\":\"ReadAction\",\"target\":[\"https:\\\/\\\/regions-snetap-fsu.fr\\\/occ\\\/2025\\\/11\\\/25\\\/declaration-liminaire-crea\\\/\"]}]},{\"@type\":\"ImageObject\",\"inLanguage\":\"fr-FR\",\"@id\":\"https:\\\/\\\/regions-snetap-fsu.fr\\\/occ\\\/2025\\\/11\\\/25\\\/declaration-liminaire-crea\\\/#primaryimage\",\"url\":\"https:\\\/\\\/regions-snetap-fsu.fr\\\/occ\\\/wp-content\\\/uploads\\\/sites\\\/7\\\/2024\\\/12\\\/decla-CREA1.jpg\",\"contentUrl\":\"https:\\\/\\\/regions-snetap-fsu.fr\\\/occ\\\/wp-content\\\/uploads\\\/sites\\\/7\\\/2024\\\/12\\\/decla-CREA1.jpg\",\"width\":870,\"height\":400},{\"@type\":\"BreadcrumbList\",\"@id\":\"https:\\\/\\\/regions-snetap-fsu.fr\\\/occ\\\/2025\\\/11\\\/25\\\/declaration-liminaire-crea\\\/#breadcrumb\",\"itemListElement\":[{\"@type\":\"ListItem\",\"position\":1,\"name\":\"Accueil\",\"item\":\"https:\\\/\\\/regions-snetap-fsu.fr\\\/occ\\\/\"},{\"@type\":\"ListItem\",\"position\":2,\"name\":\"D\u00e9claration liminaire CREA\"}]},{\"@type\":\"WebSite\",\"@id\":\"https:\\\/\\\/regions-snetap-fsu.fr\\\/occ\\\/#website\",\"url\":\"https:\\\/\\\/regions-snetap-fsu.fr\\\/occ\\\/\",\"name\":\"OCCITANIE\",\"description\":\"Le site de la Section R\u00e9gionale\",\"publisher\":{\"@id\":\"https:\\\/\\\/regions-snetap-fsu.fr\\\/occ\\\/#organization\"},\"potentialAction\":[{\"@type\":\"SearchAction\",\"target\":{\"@type\":\"EntryPoint\",\"urlTemplate\":\"https:\\\/\\\/regions-snetap-fsu.fr\\\/occ\\\/?s={search_term_string}\"},\"query-input\":{\"@type\":\"PropertyValueSpecification\",\"valueRequired\":true,\"valueName\":\"search_term_string\"}}],\"inLanguage\":\"fr-FR\"},{\"@type\":\"Organization\",\"@id\":\"https:\\\/\\\/regions-snetap-fsu.fr\\\/occ\\\/#organization\",\"name\":\"Snetap-FSU Occitanie\",\"url\":\"https:\\\/\\\/regions-snetap-fsu.fr\\\/occ\\\/\",\"logo\":{\"@type\":\"ImageObject\",\"inLanguage\":\"fr-FR\",\"@id\":\"https:\\\/\\\/regions-snetap-fsu.fr\\\/occ\\\/#\\\/schema\\\/logo\\\/image\\\/\",\"url\":\"https:\\\/\\\/regions-snetap-fsu.fr\\\/occ\\\/wp-content\\\/uploads\\\/sites\\\/7\\\/2019\\\/02\\\/LOGO-Snetap.jpg\",\"contentUrl\":\"https:\\\/\\\/regions-snetap-fsu.fr\\\/occ\\\/wp-content\\\/uploads\\\/sites\\\/7\\\/2019\\\/02\\\/LOGO-Snetap.jpg\",\"width\":2730,\"height\":2050,\"caption\":\"Snetap-FSU Occitanie\"},\"image\":{\"@id\":\"https:\\\/\\\/regions-snetap-fsu.fr\\\/occ\\\/#\\\/schema\\\/logo\\\/image\\\/\"}},{\"@type\":\"Person\",\"@id\":\"https:\\\/\\\/regions-snetap-fsu.fr\\\/occ\\\/#\\\/schema\\\/person\\\/1b3aa4d5ef822b4ad7f39edb3db92a26\",\"name\":\"cchevallier\",\"image\":{\"@type\":\"ImageObject\",\"inLanguage\":\"fr-FR\",\"@id\":\"https:\\\/\\\/secure.gravatar.com\\\/avatar\\\/2c6ea89ec47ac37c4bf6d46520e2ad47904ca37cb82278880b1c74ffe33a0276?s=96&d=mm&r=g\",\"url\":\"https:\\\/\\\/secure.gravatar.com\\\/avatar\\\/2c6ea89ec47ac37c4bf6d46520e2ad47904ca37cb82278880b1c74ffe33a0276?s=96&d=mm&r=g\",\"contentUrl\":\"https:\\\/\\\/secure.gravatar.com\\\/avatar\\\/2c6ea89ec47ac37c4bf6d46520e2ad47904ca37cb82278880b1c74ffe33a0276?s=96&d=mm&r=g\",\"caption\":\"cchevallier\"},\"url\":\"https:\\\/\\\/regions-snetap-fsu.fr\\\/occ\\\/author\\\/cchevallier\\\/\"}]}<\/script>\n<!-- \/ Yoast SEO plugin. -->","yoast_head_json":{"title":"D\u00e9claration liminaire CREA - OCCITANIE","robots":{"index":"index","follow":"follow","max-snippet":"max-snippet:-1","max-image-preview":"max-image-preview:large","max-video-preview":"max-video-preview:-1"},"canonical":"https:\/\/regions-snetap-fsu.fr\/occ\/2025\/11\/25\/declaration-liminaire-crea\/","og_locale":"fr_FR","og_type":"article","og_title":"D\u00e9claration liminaire CREA - OCCITANIE","og_description":"Vous trouverez ci-dessous la d\u00e9claration liminaire de l&rsquo;intersyndicale, prononc\u00e9e le 21 novembre 2025 au CREA Occitanie :","og_url":"https:\/\/regions-snetap-fsu.fr\/occ\/2025\/11\/25\/declaration-liminaire-crea\/","og_site_name":"OCCITANIE","article_published_time":"2025-11-25T09:56:24+00:00","article_modified_time":"2025-11-30T14:19:45+00:00","og_image":[{"width":870,"height":400,"url":"https:\/\/regions-snetap-fsu.fr\/occ\/wp-content\/uploads\/sites\/7\/2024\/12\/decla-CREA1.jpg","type":"image\/jpeg"}],"author":"cchevallier","twitter_card":"summary_large_image","twitter_misc":{"\u00c9crit par":"cchevallier","Dur\u00e9e de lecture estim\u00e9e":"1 minute"},"schema":{"@context":"https:\/\/schema.org","@graph":[{"@type":"Article","@id":"https:\/\/regions-snetap-fsu.fr\/occ\/2025\/11\/25\/declaration-liminaire-crea\/#article","isPartOf":{"@id":"https:\/\/regions-snetap-fsu.fr\/occ\/2025\/11\/25\/declaration-liminaire-crea\/"},"author":{"name":"cchevallier","@id":"https:\/\/regions-snetap-fsu.fr\/occ\/#\/schema\/person\/1b3aa4d5ef822b4ad7f39edb3db92a26"},"headline":"D\u00e9claration liminaire CREA","datePublished":"2025-11-25T09:56:24+00:00","dateModified":"2025-11-30T14:19:45+00:00","mainEntityOfPage":{"@id":"https:\/\/regions-snetap-fsu.fr\/occ\/2025\/11\/25\/declaration-liminaire-crea\/"},"wordCount":24,"publisher":{"@id":"https:\/\/regions-snetap-fsu.fr\/occ\/#organization"},"image":{"@id":"https:\/\/regions-snetap-fsu.fr\/occ\/2025\/11\/25\/declaration-liminaire-crea\/#primaryimage"},"thumbnailUrl":"https:\/\/regions-snetap-fsu.fr\/occ\/wp-content\/uploads\/sites\/7\/2024\/12\/decla-CREA1.jpg","keywords":["CREA"],"articleSection":["Actualit\u00e9s","CREA"],"inLanguage":"fr-FR"},{"@type":"WebPage","@id":"https:\/\/regions-snetap-fsu.fr\/occ\/2025\/11\/25\/declaration-liminaire-crea\/","url":"https:\/\/regions-snetap-fsu.fr\/occ\/2025\/11\/25\/declaration-liminaire-crea\/","name":"D\u00e9claration liminaire CREA - OCCITANIE","isPartOf":{"@id":"https:\/\/regions-snetap-fsu.fr\/occ\/#website"},"primaryImageOfPage":{"@id":"https:\/\/regions-snetap-fsu.fr\/occ\/2025\/11\/25\/declaration-liminaire-crea\/#primaryimage"},"image":{"@id":"https:\/\/regions-snetap-fsu.fr\/occ\/2025\/11\/25\/declaration-liminaire-crea\/#primaryimage"},"thumbnailUrl":"https:\/\/regions-snetap-fsu.fr\/occ\/wp-content\/uploads\/sites\/7\/2024\/12\/decla-CREA1.jpg","datePublished":"2025-11-25T09:56:24+00:00","dateModified":"2025-11-30T14:19:45+00:00","breadcrumb":{"@id":"https:\/\/regions-snetap-fsu.fr\/occ\/2025\/11\/25\/declaration-liminaire-crea\/#breadcrumb"},"inLanguage":"fr-FR","potentialAction":[{"@type":"ReadAction","target":["https:\/\/regions-snetap-fsu.fr\/occ\/2025\/11\/25\/declaration-liminaire-crea\/"]}]},{"@type":"ImageObject","inLanguage":"fr-FR","@id":"https:\/\/regions-snetap-fsu.fr\/occ\/2025\/11\/25\/declaration-liminaire-crea\/#primaryimage","url":"https:\/\/regions-snetap-fsu.fr\/occ\/wp-content\/uploads\/sites\/7\/2024\/12\/decla-CREA1.jpg","contentUrl":"https:\/\/regions-snetap-fsu.fr\/occ\/wp-content\/uploads\/sites\/7\/2024\/12\/decla-CREA1.jpg","width":870,"height":400},{"@type":"BreadcrumbList","@id":"https:\/\/regions-snetap-fsu.fr\/occ\/2025\/11\/25\/declaration-liminaire-crea\/#breadcrumb","itemListElement":[{"@type":"ListItem","position":1,"name":"Accueil","item":"https:\/\/regions-snetap-fsu.fr\/occ\/"},{"@type":"ListItem","position":2,"name":"D\u00e9claration liminaire CREA"}]},{"@type":"WebSite","@id":"https:\/\/regions-snetap-fsu.fr\/occ\/#website","url":"https:\/\/regions-snetap-fsu.fr\/occ\/","name":"OCCITANIE","description":"Le site de la Section R\u00e9gionale","publisher":{"@id":"https:\/\/regions-snetap-fsu.fr\/occ\/#organization"},"potentialAction":[{"@type":"SearchAction","target":{"@type":"EntryPoint","urlTemplate":"https:\/\/regions-snetap-fsu.fr\/occ\/?s={search_term_string}"},"query-input":{"@type":"PropertyValueSpecification","valueRequired":true,"valueName":"search_term_string"}}],"inLanguage":"fr-FR"},{"@type":"Organization","@id":"https:\/\/regions-snetap-fsu.fr\/occ\/#organization","name":"Snetap-FSU Occitanie","url":"https:\/\/regions-snetap-fsu.fr\/occ\/","logo":{"@type":"ImageObject","inLanguage":"fr-FR","@id":"https:\/\/regions-snetap-fsu.fr\/occ\/#\/schema\/logo\/image\/","url":"https:\/\/regions-snetap-fsu.fr\/occ\/wp-content\/uploads\/sites\/7\/2019\/02\/LOGO-Snetap.jpg","contentUrl":"https:\/\/regions-snetap-fsu.fr\/occ\/wp-content\/uploads\/sites\/7\/2019\/02\/LOGO-Snetap.jpg","width":2730,"height":2050,"caption":"Snetap-FSU Occitanie"},"image":{"@id":"https:\/\/regions-snetap-fsu.fr\/occ\/#\/schema\/logo\/image\/"}},{"@type":"Person","@id":"https:\/\/regions-snetap-fsu.fr\/occ\/#\/schema\/person\/1b3aa4d5ef822b4ad7f39edb3db92a26","name":"cchevallier","image":{"@type":"ImageObject","inLanguage":"fr-FR","@id":"https:\/\/secure.gravatar.com\/avatar\/2c6ea89ec47ac37c4bf6d46520e2ad47904ca37cb82278880b1c74ffe33a0276?s=96&d=mm&r=g","url":"https:\/\/secure.gravatar.com\/avatar\/2c6ea89ec47ac37c4bf6d46520e2ad47904ca37cb82278880b1c74ffe33a0276?s=96&d=mm&r=g","contentUrl":"https:\/\/secure.gravatar.com\/avatar\/2c6ea89ec47ac37c4bf6d46520e2ad47904ca37cb82278880b1c74ffe33a0276?s=96&d=mm&r=g","caption":"cchevallier"},"url":"https:\/\/regions-snetap-fsu.fr\/occ\/author\/cchevallier\/"}]}},"_links":{"self":[{"href":"https:\/\/regions-snetap-fsu.fr\/occ\/wp-json\/wp\/v2\/posts\/2857","targetHints":{"allow":["GET"]}}],"collection":[{"href":"https:\/\/regions-snetap-fsu.fr\/occ\/wp-json\/wp\/v2\/posts"}],"about":[{"href":"https:\/\/regions-snetap-fsu.fr\/occ\/wp-json\/wp\/v2\/types\/post"}],"author":[{"embeddable":true,"href":"https:\/\/regions-snetap-fsu.fr\/occ\/wp-json\/wp\/v2\/users\/137"}],"replies":[{"embeddable":true,"href":"https:\/\/regions-snetap-fsu.fr\/occ\/wp-json\/wp\/v2\/comments?post=2857"}],"version-history":[{"count":4,"href":"https:\/\/regions-snetap-fsu.fr\/occ\/wp-json\/wp\/v2\/posts\/2857\/revisions"}],"predecessor-version":[{"id":2900,"href":"https:\/\/regions-snetap-fsu.fr\/occ\/wp-json\/wp\/v2\/posts\/2857\/revisions\/2900"}],"wp:featuredmedia":[{"embeddable":true,"href":"https:\/\/regions-snetap-fsu.fr\/occ\/wp-json\/wp\/v2\/media\/2367"}],"wp:attachment":[{"href":"https:\/\/regions-snetap-fsu.fr\/occ\/wp-json\/wp\/v2\/media?parent=2857"}],"wp:term":[{"taxonomy":"category","embeddable":true,"href":"https:\/\/regions-snetap-fsu.fr\/occ\/wp-json\/wp\/v2\/categories?post=2857"},{"taxonomy":"post_tag","embeddable":true,"href":"https:\/\/regions-snetap-fsu.fr\/occ\/wp-json\/wp\/v2\/tags?post=2857"},{"taxonomy":"post_folder","embeddable":true,"href":"https:\/\/regions-snetap-fsu.fr\/occ\/wp-json\/wp\/v2\/post_folder?post=2857"}],"curies":[{"name":"wp","href":"https:\/\/api.w.org\/{rel}","templated":true}]}}