{"id":2340,"date":"2024-12-02T09:53:55","date_gmt":"2024-12-02T08:53:55","guid":{"rendered":"https:\/\/regions-snetap-fsu.fr\/occ\/?p=2340"},"modified":"2024-12-06T13:07:30","modified_gmt":"2024-12-06T12:07:30","slug":"tous-en-greve-le-5-decembre","status":"publish","type":"post","link":"https:\/\/regions-snetap-fsu.fr\/occ\/2024\/12\/02\/tous-en-greve-le-5-decembre\/","title":{"rendered":"Tous en gr\u00e8ve le 5 d\u00e9cembre !"},"content":{"rendered":"<p><a href=\"https:\/\/regions-snetap-fsu.fr\/occ\/2024\/12\/02\/tous-en-greve-le-5-decembre\/plpapng\/\" rel=\"attachment wp-att-2357\"><img fetchpriority=\"high\" decoding=\"async\" class=\"aligncenter wp-image-2357 size-large\" src=\"https:\/\/regions-snetap-fsu.fr\/occ\/wp-content\/uploads\/sites\/7\/2024\/12\/plpapng-1024x576.png\" alt=\"plpa gr\u00e8ve\" width=\"1024\" height=\"576\" srcset=\"https:\/\/regions-snetap-fsu.fr\/occ\/wp-content\/uploads\/sites\/7\/2024\/12\/plpapng-1024x576.png 1024w, https:\/\/regions-snetap-fsu.fr\/occ\/wp-content\/uploads\/sites\/7\/2024\/12\/plpapng-300x169.png 300w, https:\/\/regions-snetap-fsu.fr\/occ\/wp-content\/uploads\/sites\/7\/2024\/12\/plpapng-768x432.png 768w, https:\/\/regions-snetap-fsu.fr\/occ\/wp-content\/uploads\/sites\/7\/2024\/12\/plpapng-1536x864.png 1536w, https:\/\/regions-snetap-fsu.fr\/occ\/wp-content\/uploads\/sites\/7\/2024\/12\/plpapng-800x450.png 800w, https:\/\/regions-snetap-fsu.fr\/occ\/wp-content\/uploads\/sites\/7\/2024\/12\/plpapng.png 1600w\" sizes=\"(max-width: 1024px) 100vw, 1024px\" \/><\/a><\/p>\n\n\t\t<div class=\"wppdfemb-frame-container-1\" style=\"-webkit-overflow-scrolling:auto;\">\n\t\t\t<iframe class=\"pdfembed-iframe nonfullscreen wppdf-emb-iframe-1\"\n\t\t\t\tsrc=\"https:\/\/regions-snetap-fsu.fr\/occ\/?pdfemb-data=eyJ1cmwiOiJodHRwczpcL1wvcmVnaW9ucy1zbmV0YXAtZnN1LmZyXC9vY2NcL3dwLWNvbnRlbnRcL3VwbG9hZHNcL3NpdGVzXC83XC8yMDI0XC8xMlwvMjRfMTFfMTVfQ29tbXVuaXF1ZV9CVURHRVQtMjAyNV9FbGFuX2NvbW11bS5wZGYiLCJpbmRleCI6MSwicGRmSUQiOjIzNDV9\"\n\t\t\t\t\t\t\t\tdata-pdf-id=\"2345\"\n\t\t\t\tdata-pdf-index=\"1\"\n\t\t\t\tstyle=\"border:none;width:100%;max-width:100%;height:100vh;\"\n\t\t\t\tscrolling=\"yes\">\n\t\t\t<\/iframe>\n\t\t<\/div>\n\n\t\t\n<p>Vous voulez savoir combien vous allez perdre ? Acc\u00e9dez au <a class=\"spip_out\" href=\"https:\/\/fsu.fr\/calculateur-delai-de-carence-pour-maladie\/#\" rel=\"external\"> simulateur de calcul d\u00e9lais de carence pour maladie de la FSU.<\/a><\/p>\n<p>Voici le r\u00e9capitulatif des mobilisations pr\u00e9vues en Occitanie :<\/p>\n<p><a href=\"https:\/\/regions-snetap-fsu.fr\/occ\/2024\/12\/02\/tous-en-greve-le-5-decembre\/package-comparison-chart\/\" rel=\"attachment wp-att-2347\"><img decoding=\"async\" class=\"aligncenter wp-image-2347 size-large\" src=\"https:\/\/regions-snetap-fsu.fr\/occ\/wp-content\/uploads\/sites\/7\/2024\/12\/Package-Comparison-Chart-e1733129603911-1010x1024.png\" alt=\"R\u00e9cap rdv 05 12\" width=\"1010\" height=\"1024\" srcset=\"https:\/\/regions-snetap-fsu.fr\/occ\/wp-content\/uploads\/sites\/7\/2024\/12\/Package-Comparison-Chart-e1733129603911-1010x1024.png 1010w, https:\/\/regions-snetap-fsu.fr\/occ\/wp-content\/uploads\/sites\/7\/2024\/12\/Package-Comparison-Chart-e1733129603911-296x300.png 296w, https:\/\/regions-snetap-fsu.fr\/occ\/wp-content\/uploads\/sites\/7\/2024\/12\/Package-Comparison-Chart-e1733129603911-768x779.png 768w, https:\/\/regions-snetap-fsu.fr\/occ\/wp-content\/uploads\/sites\/7\/2024\/12\/Package-Comparison-Chart-e1733129603911.png 1413w\" sizes=\"(max-width: 1010px) 100vw, 1010px\" \/><\/a><\/p>\n","protected":false},"excerpt":{"rendered":"<p>Vous voulez savoir combien vous allez perdre ? Acc\u00e9dez au simulateur de calcul d\u00e9lais de carence pour maladie de la FSU. Voici le r\u00e9capitulatif des mobilisations pr\u00e9vues en Occitanie :<\/p>\n","protected":false},"author":137,"featured_media":2359,"comment_status":"closed","ping_status":"closed","sticky":false,"template":"","format":"standard","meta":{"ocean_post_layout":"","ocean_both_sidebars_style":"","ocean_both_sidebars_content_width":0,"ocean_both_sidebars_sidebars_width":0,"ocean_sidebar":"0","ocean_second_sidebar":"0","ocean_disable_margins":"enable","ocean_add_body_class":"","ocean_shortcode_before_top_bar":"","ocean_shortcode_after_top_bar":"","ocean_shortcode_before_header":"","ocean_shortcode_after_header":"","ocean_has_shortcode":"","ocean_shortcode_after_title":"","ocean_shortcode_before_footer_widgets":"","ocean_shortcode_after_footer_widgets":"","ocean_shortcode_before_footer_bottom":"","ocean_shortcode_after_footer_bottom":"","ocean_display_top_bar":"default","ocean_display_header":"default","ocean_header_style":"","ocean_center_header_left_menu":"0","ocean_custom_header_template":"0","ocean_custom_logo":0,"ocean_custom_retina_logo":0,"ocean_custom_logo_max_width":0,"ocean_custom_logo_tablet_max_width":0,"ocean_custom_logo_mobile_max_width":0,"ocean_custom_logo_max_height":0,"ocean_custom_logo_tablet_max_height":0,"ocean_custom_logo_mobile_max_height":0,"ocean_header_custom_menu":"0","ocean_menu_typo_font_family":"0","ocean_menu_typo_font_subset":"","ocean_menu_typo_font_size":0,"ocean_menu_typo_font_size_tablet":0,"ocean_menu_typo_font_size_mobile":0,"ocean_menu_typo_font_size_unit":"px","ocean_menu_typo_font_weight":"","ocean_menu_typo_font_weight_tablet":"","ocean_menu_typo_font_weight_mobile":"","ocean_menu_typo_transform":"","ocean_menu_typo_transform_tablet":"","ocean_menu_typo_transform_mobile":"","ocean_menu_typo_line_height":0,"ocean_menu_typo_line_height_tablet":0,"ocean_menu_typo_line_height_mobile":0,"ocean_menu_typo_line_height_unit":"","ocean_menu_typo_spacing":0,"ocean_menu_typo_spacing_tablet":0,"ocean_menu_typo_spacing_mobile":0,"ocean_menu_typo_spacing_unit":"","ocean_menu_link_color":"","ocean_menu_link_color_hover":"","ocean_menu_link_color_active":"","ocean_menu_link_background":"","ocean_menu_link_hover_background":"","ocean_menu_link_active_background":"","ocean_menu_social_links_bg":"","ocean_menu_social_hover_links_bg":"","ocean_menu_social_links_color":"","ocean_menu_social_hover_links_color":"","ocean_disable_title":"default","ocean_disable_heading":"default","ocean_post_title":"","ocean_post_subheading":"","ocean_post_title_style":"","ocean_post_title_background_color":"","ocean_post_title_background":0,"ocean_post_title_bg_image_position":"","ocean_post_title_bg_image_attachment":"","ocean_post_title_bg_image_repeat":"","ocean_post_title_bg_image_size":"","ocean_post_title_height":0,"ocean_post_title_bg_overlay":0.5,"ocean_post_title_bg_overlay_color":"","ocean_disable_breadcrumbs":"default","ocean_breadcrumbs_color":"","ocean_breadcrumbs_separator_color":"","ocean_breadcrumbs_links_color":"","ocean_breadcrumbs_links_hover_color":"","ocean_display_footer_widgets":"default","ocean_display_footer_bottom":"default","ocean_custom_footer_template":"0","ocean_post_oembed":"","ocean_post_self_hosted_media":"","ocean_post_video_embed":"","ocean_link_format":"","ocean_link_format_target":"self","ocean_quote_format":"","ocean_quote_format_link":"post","ocean_gallery_link_images":"on","ocean_gallery_id":[2341,2343],"footnotes":""},"categories":[32,43],"tags":[41],"post_folder":[],"class_list":["post-2340","post","type-post","status-publish","format-standard","has-post-thumbnail","hentry","category-actualites","category-mobilisations","tag-greve","entry","has-media"],"yoast_head":"<!-- This site is optimized with the Yoast SEO plugin v27.4 - https:\/\/yoast.com\/product\/yoast-seo-wordpress\/ -->\n<title>Tous en gr\u00e8ve le 5 d\u00e9cembre ! - OCCITANIE<\/title>\n<meta name=\"robots\" content=\"index, follow, max-snippet:-1, max-image-preview:large, max-video-preview:-1\" \/>\n<link rel=\"canonical\" href=\"https:\/\/regions-snetap-fsu.fr\/occ\/2024\/12\/02\/tous-en-greve-le-5-decembre\/\" \/>\n<meta property=\"og:locale\" content=\"fr_FR\" \/>\n<meta property=\"og:type\" content=\"article\" \/>\n<meta property=\"og:title\" content=\"Tous en gr\u00e8ve le 5 d\u00e9cembre ! - OCCITANIE\" \/>\n<meta property=\"og:description\" content=\"Vous voulez savoir combien vous allez perdre ? Acc\u00e9dez au simulateur de calcul d\u00e9lais de carence pour maladie de la FSU. Voici le r\u00e9capitulatif des mobilisations pr\u00e9vues en Occitanie :\" \/>\n<meta property=\"og:url\" content=\"https:\/\/regions-snetap-fsu.fr\/occ\/2024\/12\/02\/tous-en-greve-le-5-decembre\/\" \/>\n<meta property=\"og:site_name\" content=\"OCCITANIE\" \/>\n<meta property=\"article:published_time\" content=\"2024-12-02T08:53:55+00:00\" \/>\n<meta property=\"article:modified_time\" content=\"2024-12-06T12:07:30+00:00\" \/>\n<meta property=\"og:image\" content=\"https:\/\/regions-snetap-fsu.fr\/occ\/wp-content\/uploads\/sites\/7\/2024\/12\/jour-carence.png\" \/>\n\t<meta property=\"og:image:width\" content=\"1600\" \/>\n\t<meta property=\"og:image:height\" content=\"900\" \/>\n\t<meta property=\"og:image:type\" content=\"image\/png\" \/>\n<meta name=\"author\" content=\"cchevallier\" \/>\n<meta name=\"twitter:card\" content=\"summary_large_image\" \/>\n<meta name=\"twitter:label1\" content=\"\u00c9crit par\" \/>\n\t<meta name=\"twitter:data1\" content=\"cchevallier\" \/>\n<script type=\"application\/ld+json\" class=\"yoast-schema-graph\">{\"@context\":\"https:\\\/\\\/schema.org\",\"@graph\":[{\"@type\":\"Article\",\"@id\":\"https:\\\/\\\/regions-snetap-fsu.fr\\\/occ\\\/2024\\\/12\\\/02\\\/tous-en-greve-le-5-decembre\\\/#article\",\"isPartOf\":{\"@id\":\"https:\\\/\\\/regions-snetap-fsu.fr\\\/occ\\\/2024\\\/12\\\/02\\\/tous-en-greve-le-5-decembre\\\/\"},\"author\":{\"name\":\"cchevallier\",\"@id\":\"https:\\\/\\\/regions-snetap-fsu.fr\\\/occ\\\/#\\\/schema\\\/person\\\/1b3aa4d5ef822b4ad7f39edb3db92a26\"},\"headline\":\"Tous en gr\u00e8ve le 5 d\u00e9cembre !\",\"datePublished\":\"2024-12-02T08:53:55+00:00\",\"dateModified\":\"2024-12-06T12:07:30+00:00\",\"mainEntityOfPage\":{\"@id\":\"https:\\\/\\\/regions-snetap-fsu.fr\\\/occ\\\/2024\\\/12\\\/02\\\/tous-en-greve-le-5-decembre\\\/\"},\"wordCount\":53,\"publisher\":{\"@id\":\"https:\\\/\\\/regions-snetap-fsu.fr\\\/occ\\\/#organization\"},\"image\":{\"@id\":\"https:\\\/\\\/regions-snetap-fsu.fr\\\/occ\\\/2024\\\/12\\\/02\\\/tous-en-greve-le-5-decembre\\\/#primaryimage\"},\"thumbnailUrl\":\"https:\\\/\\\/regions-snetap-fsu.fr\\\/occ\\\/wp-content\\\/uploads\\\/sites\\\/7\\\/2024\\\/12\\\/jour-carence.png\",\"keywords\":[\"Gr\u00e8ve\"],\"articleSection\":[\"Actualit\u00e9s\",\"Mobilisations\"],\"inLanguage\":\"fr-FR\"},{\"@type\":\"WebPage\",\"@id\":\"https:\\\/\\\/regions-snetap-fsu.fr\\\/occ\\\/2024\\\/12\\\/02\\\/tous-en-greve-le-5-decembre\\\/\",\"url\":\"https:\\\/\\\/regions-snetap-fsu.fr\\\/occ\\\/2024\\\/12\\\/02\\\/tous-en-greve-le-5-decembre\\\/\",\"name\":\"Tous en gr\u00e8ve le 5 d\u00e9cembre ! - OCCITANIE\",\"isPartOf\":{\"@id\":\"https:\\\/\\\/regions-snetap-fsu.fr\\\/occ\\\/#website\"},\"primaryImageOfPage\":{\"@id\":\"https:\\\/\\\/regions-snetap-fsu.fr\\\/occ\\\/2024\\\/12\\\/02\\\/tous-en-greve-le-5-decembre\\\/#primaryimage\"},\"image\":{\"@id\":\"https:\\\/\\\/regions-snetap-fsu.fr\\\/occ\\\/2024\\\/12\\\/02\\\/tous-en-greve-le-5-decembre\\\/#primaryimage\"},\"thumbnailUrl\":\"https:\\\/\\\/regions-snetap-fsu.fr\\\/occ\\\/wp-content\\\/uploads\\\/sites\\\/7\\\/2024\\\/12\\\/jour-carence.png\",\"datePublished\":\"2024-12-02T08:53:55+00:00\",\"dateModified\":\"2024-12-06T12:07:30+00:00\",\"breadcrumb\":{\"@id\":\"https:\\\/\\\/regions-snetap-fsu.fr\\\/occ\\\/2024\\\/12\\\/02\\\/tous-en-greve-le-5-decembre\\\/#breadcrumb\"},\"inLanguage\":\"fr-FR\",\"potentialAction\":[{\"@type\":\"ReadAction\",\"target\":[\"https:\\\/\\\/regions-snetap-fsu.fr\\\/occ\\\/2024\\\/12\\\/02\\\/tous-en-greve-le-5-decembre\\\/\"]}]},{\"@type\":\"ImageObject\",\"inLanguage\":\"fr-FR\",\"@id\":\"https:\\\/\\\/regions-snetap-fsu.fr\\\/occ\\\/2024\\\/12\\\/02\\\/tous-en-greve-le-5-decembre\\\/#primaryimage\",\"url\":\"https:\\\/\\\/regions-snetap-fsu.fr\\\/occ\\\/wp-content\\\/uploads\\\/sites\\\/7\\\/2024\\\/12\\\/jour-carence.png\",\"contentUrl\":\"https:\\\/\\\/regions-snetap-fsu.fr\\\/occ\\\/wp-content\\\/uploads\\\/sites\\\/7\\\/2024\\\/12\\\/jour-carence.png\",\"width\":1600,\"height\":900,\"caption\":\"Jour carence\"},{\"@type\":\"BreadcrumbList\",\"@id\":\"https:\\\/\\\/regions-snetap-fsu.fr\\\/occ\\\/2024\\\/12\\\/02\\\/tous-en-greve-le-5-decembre\\\/#breadcrumb\",\"itemListElement\":[{\"@type\":\"ListItem\",\"position\":1,\"name\":\"Accueil\",\"item\":\"https:\\\/\\\/regions-snetap-fsu.fr\\\/occ\\\/\"},{\"@type\":\"ListItem\",\"position\":2,\"name\":\"Tous en gr\u00e8ve le 5 d\u00e9cembre !\"}]},{\"@type\":\"WebSite\",\"@id\":\"https:\\\/\\\/regions-snetap-fsu.fr\\\/occ\\\/#website\",\"url\":\"https:\\\/\\\/regions-snetap-fsu.fr\\\/occ\\\/\",\"name\":\"OCCITANIE\",\"description\":\"Le site de la Section R\u00e9gionale\",\"publisher\":{\"@id\":\"https:\\\/\\\/regions-snetap-fsu.fr\\\/occ\\\/#organization\"},\"potentialAction\":[{\"@type\":\"SearchAction\",\"target\":{\"@type\":\"EntryPoint\",\"urlTemplate\":\"https:\\\/\\\/regions-snetap-fsu.fr\\\/occ\\\/?s={search_term_string}\"},\"query-input\":{\"@type\":\"PropertyValueSpecification\",\"valueRequired\":true,\"valueName\":\"search_term_string\"}}],\"inLanguage\":\"fr-FR\"},{\"@type\":\"Organization\",\"@id\":\"https:\\\/\\\/regions-snetap-fsu.fr\\\/occ\\\/#organization\",\"name\":\"Snetap-FSU Occitanie\",\"url\":\"https:\\\/\\\/regions-snetap-fsu.fr\\\/occ\\\/\",\"logo\":{\"@type\":\"ImageObject\",\"inLanguage\":\"fr-FR\",\"@id\":\"https:\\\/\\\/regions-snetap-fsu.fr\\\/occ\\\/#\\\/schema\\\/logo\\\/image\\\/\",\"url\":\"https:\\\/\\\/regions-snetap-fsu.fr\\\/occ\\\/wp-content\\\/uploads\\\/sites\\\/7\\\/2019\\\/02\\\/LOGO-Snetap.jpg\",\"contentUrl\":\"https:\\\/\\\/regions-snetap-fsu.fr\\\/occ\\\/wp-content\\\/uploads\\\/sites\\\/7\\\/2019\\\/02\\\/LOGO-Snetap.jpg\",\"width\":2730,\"height\":2050,\"caption\":\"Snetap-FSU Occitanie\"},\"image\":{\"@id\":\"https:\\\/\\\/regions-snetap-fsu.fr\\\/occ\\\/#\\\/schema\\\/logo\\\/image\\\/\"}},{\"@type\":\"Person\",\"@id\":\"https:\\\/\\\/regions-snetap-fsu.fr\\\/occ\\\/#\\\/schema\\\/person\\\/1b3aa4d5ef822b4ad7f39edb3db92a26\",\"name\":\"cchevallier\",\"image\":{\"@type\":\"ImageObject\",\"inLanguage\":\"fr-FR\",\"@id\":\"https:\\\/\\\/secure.gravatar.com\\\/avatar\\\/2c6ea89ec47ac37c4bf6d46520e2ad47904ca37cb82278880b1c74ffe33a0276?s=96&d=mm&r=g\",\"url\":\"https:\\\/\\\/secure.gravatar.com\\\/avatar\\\/2c6ea89ec47ac37c4bf6d46520e2ad47904ca37cb82278880b1c74ffe33a0276?s=96&d=mm&r=g\",\"contentUrl\":\"https:\\\/\\\/secure.gravatar.com\\\/avatar\\\/2c6ea89ec47ac37c4bf6d46520e2ad47904ca37cb82278880b1c74ffe33a0276?s=96&d=mm&r=g\",\"caption\":\"cchevallier\"},\"url\":\"https:\\\/\\\/regions-snetap-fsu.fr\\\/occ\\\/author\\\/cchevallier\\\/\"}]}<\/script>\n<!-- \/ Yoast SEO plugin. -->","yoast_head_json":{"title":"Tous en gr\u00e8ve le 5 d\u00e9cembre ! - OCCITANIE","robots":{"index":"index","follow":"follow","max-snippet":"max-snippet:-1","max-image-preview":"max-image-preview:large","max-video-preview":"max-video-preview:-1"},"canonical":"https:\/\/regions-snetap-fsu.fr\/occ\/2024\/12\/02\/tous-en-greve-le-5-decembre\/","og_locale":"fr_FR","og_type":"article","og_title":"Tous en gr\u00e8ve le 5 d\u00e9cembre ! - OCCITANIE","og_description":"Vous voulez savoir combien vous allez perdre ? Acc\u00e9dez au simulateur de calcul d\u00e9lais de carence pour maladie de la FSU. Voici le r\u00e9capitulatif des mobilisations pr\u00e9vues en Occitanie :","og_url":"https:\/\/regions-snetap-fsu.fr\/occ\/2024\/12\/02\/tous-en-greve-le-5-decembre\/","og_site_name":"OCCITANIE","article_published_time":"2024-12-02T08:53:55+00:00","article_modified_time":"2024-12-06T12:07:30+00:00","og_image":[{"width":1600,"height":900,"url":"https:\/\/regions-snetap-fsu.fr\/occ\/wp-content\/uploads\/sites\/7\/2024\/12\/jour-carence.png","type":"image\/png"}],"author":"cchevallier","twitter_card":"summary_large_image","twitter_misc":{"\u00c9crit par":"cchevallier"},"schema":{"@context":"https:\/\/schema.org","@graph":[{"@type":"Article","@id":"https:\/\/regions-snetap-fsu.fr\/occ\/2024\/12\/02\/tous-en-greve-le-5-decembre\/#article","isPartOf":{"@id":"https:\/\/regions-snetap-fsu.fr\/occ\/2024\/12\/02\/tous-en-greve-le-5-decembre\/"},"author":{"name":"cchevallier","@id":"https:\/\/regions-snetap-fsu.fr\/occ\/#\/schema\/person\/1b3aa4d5ef822b4ad7f39edb3db92a26"},"headline":"Tous en gr\u00e8ve le 5 d\u00e9cembre !","datePublished":"2024-12-02T08:53:55+00:00","dateModified":"2024-12-06T12:07:30+00:00","mainEntityOfPage":{"@id":"https:\/\/regions-snetap-fsu.fr\/occ\/2024\/12\/02\/tous-en-greve-le-5-decembre\/"},"wordCount":53,"publisher":{"@id":"https:\/\/regions-snetap-fsu.fr\/occ\/#organization"},"image":{"@id":"https:\/\/regions-snetap-fsu.fr\/occ\/2024\/12\/02\/tous-en-greve-le-5-decembre\/#primaryimage"},"thumbnailUrl":"https:\/\/regions-snetap-fsu.fr\/occ\/wp-content\/uploads\/sites\/7\/2024\/12\/jour-carence.png","keywords":["Gr\u00e8ve"],"articleSection":["Actualit\u00e9s","Mobilisations"],"inLanguage":"fr-FR"},{"@type":"WebPage","@id":"https:\/\/regions-snetap-fsu.fr\/occ\/2024\/12\/02\/tous-en-greve-le-5-decembre\/","url":"https:\/\/regions-snetap-fsu.fr\/occ\/2024\/12\/02\/tous-en-greve-le-5-decembre\/","name":"Tous en gr\u00e8ve le 5 d\u00e9cembre ! - OCCITANIE","isPartOf":{"@id":"https:\/\/regions-snetap-fsu.fr\/occ\/#website"},"primaryImageOfPage":{"@id":"https:\/\/regions-snetap-fsu.fr\/occ\/2024\/12\/02\/tous-en-greve-le-5-decembre\/#primaryimage"},"image":{"@id":"https:\/\/regions-snetap-fsu.fr\/occ\/2024\/12\/02\/tous-en-greve-le-5-decembre\/#primaryimage"},"thumbnailUrl":"https:\/\/regions-snetap-fsu.fr\/occ\/wp-content\/uploads\/sites\/7\/2024\/12\/jour-carence.png","datePublished":"2024-12-02T08:53:55+00:00","dateModified":"2024-12-06T12:07:30+00:00","breadcrumb":{"@id":"https:\/\/regions-snetap-fsu.fr\/occ\/2024\/12\/02\/tous-en-greve-le-5-decembre\/#breadcrumb"},"inLanguage":"fr-FR","potentialAction":[{"@type":"ReadAction","target":["https:\/\/regions-snetap-fsu.fr\/occ\/2024\/12\/02\/tous-en-greve-le-5-decembre\/"]}]},{"@type":"ImageObject","inLanguage":"fr-FR","@id":"https:\/\/regions-snetap-fsu.fr\/occ\/2024\/12\/02\/tous-en-greve-le-5-decembre\/#primaryimage","url":"https:\/\/regions-snetap-fsu.fr\/occ\/wp-content\/uploads\/sites\/7\/2024\/12\/jour-carence.png","contentUrl":"https:\/\/regions-snetap-fsu.fr\/occ\/wp-content\/uploads\/sites\/7\/2024\/12\/jour-carence.png","width":1600,"height":900,"caption":"Jour carence"},{"@type":"BreadcrumbList","@id":"https:\/\/regions-snetap-fsu.fr\/occ\/2024\/12\/02\/tous-en-greve-le-5-decembre\/#breadcrumb","itemListElement":[{"@type":"ListItem","position":1,"name":"Accueil","item":"https:\/\/regions-snetap-fsu.fr\/occ\/"},{"@type":"ListItem","position":2,"name":"Tous en gr\u00e8ve le 5 d\u00e9cembre !"}]},{"@type":"WebSite","@id":"https:\/\/regions-snetap-fsu.fr\/occ\/#website","url":"https:\/\/regions-snetap-fsu.fr\/occ\/","name":"OCCITANIE","description":"Le site de la Section R\u00e9gionale","publisher":{"@id":"https:\/\/regions-snetap-fsu.fr\/occ\/#organization"},"potentialAction":[{"@type":"SearchAction","target":{"@type":"EntryPoint","urlTemplate":"https:\/\/regions-snetap-fsu.fr\/occ\/?s={search_term_string}"},"query-input":{"@type":"PropertyValueSpecification","valueRequired":true,"valueName":"search_term_string"}}],"inLanguage":"fr-FR"},{"@type":"Organization","@id":"https:\/\/regions-snetap-fsu.fr\/occ\/#organization","name":"Snetap-FSU Occitanie","url":"https:\/\/regions-snetap-fsu.fr\/occ\/","logo":{"@type":"ImageObject","inLanguage":"fr-FR","@id":"https:\/\/regions-snetap-fsu.fr\/occ\/#\/schema\/logo\/image\/","url":"https:\/\/regions-snetap-fsu.fr\/occ\/wp-content\/uploads\/sites\/7\/2019\/02\/LOGO-Snetap.jpg","contentUrl":"https:\/\/regions-snetap-fsu.fr\/occ\/wp-content\/uploads\/sites\/7\/2019\/02\/LOGO-Snetap.jpg","width":2730,"height":2050,"caption":"Snetap-FSU Occitanie"},"image":{"@id":"https:\/\/regions-snetap-fsu.fr\/occ\/#\/schema\/logo\/image\/"}},{"@type":"Person","@id":"https:\/\/regions-snetap-fsu.fr\/occ\/#\/schema\/person\/1b3aa4d5ef822b4ad7f39edb3db92a26","name":"cchevallier","image":{"@type":"ImageObject","inLanguage":"fr-FR","@id":"https:\/\/secure.gravatar.com\/avatar\/2c6ea89ec47ac37c4bf6d46520e2ad47904ca37cb82278880b1c74ffe33a0276?s=96&d=mm&r=g","url":"https:\/\/secure.gravatar.com\/avatar\/2c6ea89ec47ac37c4bf6d46520e2ad47904ca37cb82278880b1c74ffe33a0276?s=96&d=mm&r=g","contentUrl":"https:\/\/secure.gravatar.com\/avatar\/2c6ea89ec47ac37c4bf6d46520e2ad47904ca37cb82278880b1c74ffe33a0276?s=96&d=mm&r=g","caption":"cchevallier"},"url":"https:\/\/regions-snetap-fsu.fr\/occ\/author\/cchevallier\/"}]}},"_links":{"self":[{"href":"https:\/\/regions-snetap-fsu.fr\/occ\/wp-json\/wp\/v2\/posts\/2340","targetHints":{"allow":["GET"]}}],"collection":[{"href":"https:\/\/regions-snetap-fsu.fr\/occ\/wp-json\/wp\/v2\/posts"}],"about":[{"href":"https:\/\/regions-snetap-fsu.fr\/occ\/wp-json\/wp\/v2\/types\/post"}],"author":[{"embeddable":true,"href":"https:\/\/regions-snetap-fsu.fr\/occ\/wp-json\/wp\/v2\/users\/137"}],"replies":[{"embeddable":true,"href":"https:\/\/regions-snetap-fsu.fr\/occ\/wp-json\/wp\/v2\/comments?post=2340"}],"version-history":[{"count":9,"href":"https:\/\/regions-snetap-fsu.fr\/occ\/wp-json\/wp\/v2\/posts\/2340\/revisions"}],"predecessor-version":[{"id":2360,"href":"https:\/\/regions-snetap-fsu.fr\/occ\/wp-json\/wp\/v2\/posts\/2340\/revisions\/2360"}],"wp:featuredmedia":[{"embeddable":true,"href":"https:\/\/regions-snetap-fsu.fr\/occ\/wp-json\/wp\/v2\/media\/2359"}],"wp:attachment":[{"href":"https:\/\/regions-snetap-fsu.fr\/occ\/wp-json\/wp\/v2\/media?parent=2340"}],"wp:term":[{"taxonomy":"category","embeddable":true,"href":"https:\/\/regions-snetap-fsu.fr\/occ\/wp-json\/wp\/v2\/categories?post=2340"},{"taxonomy":"post_tag","embeddable":true,"href":"https:\/\/regions-snetap-fsu.fr\/occ\/wp-json\/wp\/v2\/tags?post=2340"},{"taxonomy":"post_folder","embeddable":true,"href":"https:\/\/regions-snetap-fsu.fr\/occ\/wp-json\/wp\/v2\/post_folder?post=2340"}],"curies":[{"name":"wp","href":"https:\/\/api.w.org\/{rel}","templated":true}]}}