{"id":947,"date":"2018-11-19T07:19:16","date_gmt":"2018-11-19T06:19:16","guid":{"rendered":"https:\/\/regions-snetap-fsu.fr\/na\/?p=947"},"modified":"2018-11-19T07:56:15","modified_gmt":"2018-11-19T06:56:15","slug":"le-snetap-fsu-na-interpelle-les-deputes-et-les-senateurs-de-nos-territoires","status":"publish","type":"post","link":"https:\/\/regions-snetap-fsu.fr\/na\/2018\/11\/19\/le-snetap-fsu-na-interpelle-les-deputes-et-les-senateurs-de-nos-territoires\/","title":{"rendered":"Le Snetap-Fsu NA interpelle les  d\u00e9put\u00e9s et les s\u00e9nateurs de nos territoires."},"content":{"rendered":"<p>Monsieur le s\u00e9nateur,<br \/>\nLe programme 143 \u00ab enseignement technique agricole \u00bb du projet de loi de finances 2019 renoue avec les suppressions d\u2019emplois publics. Le document pr\u00e9sent\u00e9 \u00e0 la repr\u00e9sentation nationale pr\u00e9voit la suppression de 50 emplois sans toutefois pr\u00e9ciser la r\u00e9partition entre public et priv\u00e9 des 38 suppressions d\u2019emplois d\u2019enseignants. Pour les personnels \u00ab non enseignants \u00bb, il est pr\u00e9vu 12 suppressions d\u2019emplois, qui soulignons le, concerne les seuls \u00e9tablissements publics d\u2019enseignement agricole : &#8211; 2 administratifs A,1 agent technique A, 8 administratifs B et C et 1 agent technique B et C&#8230;..<\/p>\n<p><a href=\"https:\/\/regions-snetap-fsu.fr\/na\/wp-content\/uploads\/sites\/3\/2018\/11\/courrier-s\u00e9nateur-NA-14112018-2.pdf\">T\u00e9l\u00e9charger le fichier<\/a><\/p>\n<p><!--more--><\/p>\n\n\t\t<div class=\"wppdfemb-frame-container-1\" style=\"-webkit-overflow-scrolling:auto;\">\n\t\t\t<iframe class=\"pdfembed-iframe nonfullscreen wppdf-emb-iframe-1\"\n\t\t\t\tsrc=\"https:\/\/regions-snetap-fsu.fr\/na\/?pdfemb-data=eyJ1cmwiOiJodHRwczpcL1wvcmVnaW9ucy1zbmV0YXAtZnN1LmZyXC9uYVwvd3AtY29udGVudFwvdXBsb2Fkc1wvc2l0ZXNcLzNcLzIwMThcLzExXC9jb3Vycmllci1zXHUwMGU5bmF0ZXVyLU5BLTE0MTEyMDE4LTIucGRmIiwidGl0bGUiOiJjb3VycmllciBzXHUwMGU5bmF0ZXVyIE5BIDE0MTEyMDE4LTIiLCJpbmRleCI6MSwicGRmSUQiOjk0OH0\"\n\t\t\t\ttitle=\"courrier s\u00e9nateur NA 14112018-2\"\t\t\t\tdata-pdf-id=\"948\"\n\t\t\t\tdata-pdf-index=\"1\"\n\t\t\t\tstyle=\"border:none;width:100%;max-width:100%;height:100vh;\"\n\t\t\t\tscrolling=\"yes\">\n\t\t\t<\/iframe>\n\t\t<\/div>\n\n\t\t\n<p><span style=\"color: #993366\"><em><span style=\"font-size: 8pt\">Ce travaille de sensibilisation de nos \u00e9lus n&rsquo;est possible que gr\u00e2ce \u00e0 vos cotisations et vos votes. Pour la d\u00e9fense de l&rsquo;EAP, adh\u00e9rez et votez Snetap- FSU.<\/span><\/em><\/span><\/p>\n","protected":false},"excerpt":{"rendered":"<p>Monsieur le s\u00e9nateur, Le programme 143 \u00ab enseignement technique agricole \u00bb du projet de loi de finances 2019 renoue avec les suppressions d\u2019emplois publics. Le document pr\u00e9sent\u00e9 \u00e0 la repr\u00e9sentation nationale pr\u00e9voit la suppression de 50 emplois sans toutefois pr\u00e9ciser la r\u00e9partition entre public et priv\u00e9 des 38 suppressions d\u2019emplois d\u2019enseignants. Pour les personnels \u00ab [&hellip;]<\/p>\n","protected":false},"author":99,"featured_media":0,"comment_status":"closed","ping_status":"closed","sticky":false,"template":"","format":"standard","meta":{"ocean_post_layout":"","ocean_both_sidebars_style":"","ocean_both_sidebars_content_width":0,"ocean_both_sidebars_sidebars_width":0,"ocean_sidebar":"","ocean_second_sidebar":"","ocean_disable_margins":"enable","ocean_add_body_class":"","ocean_shortcode_before_top_bar":"","ocean_shortcode_after_top_bar":"","ocean_shortcode_before_header":"","ocean_shortcode_after_header":"","ocean_has_shortcode":"","ocean_shortcode_after_title":"","ocean_shortcode_before_footer_widgets":"","ocean_shortcode_after_footer_widgets":"","ocean_shortcode_before_footer_bottom":"","ocean_shortcode_after_footer_bottom":"","ocean_display_top_bar":"default","ocean_display_header":"default","ocean_header_style":"","ocean_center_header_left_menu":"","ocean_custom_header_template":"","ocean_custom_logo":0,"ocean_custom_retina_logo":0,"ocean_custom_logo_max_width":0,"ocean_custom_logo_tablet_max_width":0,"ocean_custom_logo_mobile_max_width":0,"ocean_custom_logo_max_height":0,"ocean_custom_logo_tablet_max_height":0,"ocean_custom_logo_mobile_max_height":0,"ocean_header_custom_menu":"","ocean_menu_typo_font_family":"","ocean_menu_typo_font_subset":"","ocean_menu_typo_font_size":0,"ocean_menu_typo_font_size_tablet":0,"ocean_menu_typo_font_size_mobile":0,"ocean_menu_typo_font_size_unit":"px","ocean_menu_typo_font_weight":"","ocean_menu_typo_font_weight_tablet":"","ocean_menu_typo_font_weight_mobile":"","ocean_menu_typo_transform":"","ocean_menu_typo_transform_tablet":"","ocean_menu_typo_transform_mobile":"","ocean_menu_typo_line_height":0,"ocean_menu_typo_line_height_tablet":0,"ocean_menu_typo_line_height_mobile":0,"ocean_menu_typo_line_height_unit":"","ocean_menu_typo_spacing":0,"ocean_menu_typo_spacing_tablet":0,"ocean_menu_typo_spacing_mobile":0,"ocean_menu_typo_spacing_unit":"","ocean_menu_link_color":"","ocean_menu_link_color_hover":"","ocean_menu_link_color_active":"","ocean_menu_link_background":"","ocean_menu_link_hover_background":"","ocean_menu_link_active_background":"","ocean_menu_social_links_bg":"","ocean_menu_social_hover_links_bg":"","ocean_menu_social_links_color":"","ocean_menu_social_hover_links_color":"","ocean_disable_title":"default","ocean_disable_heading":"default","ocean_post_title":"","ocean_post_subheading":"","ocean_post_title_style":"","ocean_post_title_background_color":"","ocean_post_title_background":0,"ocean_post_title_bg_image_position":"","ocean_post_title_bg_image_attachment":"","ocean_post_title_bg_image_repeat":"","ocean_post_title_bg_image_size":"","ocean_post_title_height":0,"ocean_post_title_bg_overlay":0.5,"ocean_post_title_bg_overlay_color":"","ocean_disable_breadcrumbs":"default","ocean_breadcrumbs_color":"","ocean_breadcrumbs_separator_color":"","ocean_breadcrumbs_links_color":"","ocean_breadcrumbs_links_hover_color":"","ocean_display_footer_widgets":"default","ocean_display_footer_bottom":"default","ocean_custom_footer_template":"","ocean_post_oembed":"","ocean_post_self_hosted_media":"","ocean_post_video_embed":"","ocean_link_format":"","ocean_link_format_target":"self","ocean_quote_format":"","ocean_quote_format_link":"post","ocean_gallery_link_images":"on","ocean_gallery_id":[],"footnotes":""},"categories":[16,8],"tags":[],"post_folder":[],"class_list":["post-947","post","type-post","status-publish","format-standard","hentry","category-communiques","category-na","entry"],"yoast_head":"<!-- This site is optimized with the Yoast SEO plugin v27.4 - https:\/\/yoast.com\/product\/yoast-seo-wordpress\/ -->\n<title>Le Snetap-Fsu NA interpelle les d\u00e9put\u00e9s et les s\u00e9nateurs de nos territoires. - NOUVELLE AQUITAINE<\/title>\n<meta name=\"robots\" content=\"index, follow, max-snippet:-1, max-image-preview:large, max-video-preview:-1\" \/>\n<link rel=\"canonical\" href=\"https:\/\/regions-snetap-fsu.fr\/na\/2018\/11\/19\/le-snetap-fsu-na-interpelle-les-deputes-et-les-senateurs-de-nos-territoires\/\" \/>\n<meta property=\"og:locale\" content=\"fr_FR\" \/>\n<meta property=\"og:type\" content=\"article\" \/>\n<meta property=\"og:title\" content=\"Le Snetap-Fsu NA interpelle les d\u00e9put\u00e9s et les s\u00e9nateurs de nos territoires. - NOUVELLE AQUITAINE\" \/>\n<meta property=\"og:description\" content=\"Monsieur le s\u00e9nateur, Le programme 143 \u00ab enseignement technique agricole \u00bb du projet de loi de finances 2019 renoue avec les suppressions d\u2019emplois publics. Le document pr\u00e9sent\u00e9 \u00e0 la repr\u00e9sentation nationale pr\u00e9voit la suppression de 50 emplois sans toutefois pr\u00e9ciser la r\u00e9partition entre public et priv\u00e9 des 38 suppressions d\u2019emplois d\u2019enseignants. Pour les personnels \u00ab [&hellip;]\" \/>\n<meta property=\"og:url\" content=\"https:\/\/regions-snetap-fsu.fr\/na\/2018\/11\/19\/le-snetap-fsu-na-interpelle-les-deputes-et-les-senateurs-de-nos-territoires\/\" \/>\n<meta property=\"og:site_name\" content=\"NOUVELLE AQUITAINE\" \/>\n<meta property=\"article:published_time\" content=\"2018-11-19T06:19:16+00:00\" \/>\n<meta property=\"article:modified_time\" content=\"2018-11-19T06:56:15+00:00\" \/>\n<meta name=\"author\" content=\"Tmoos\" \/>\n<meta name=\"twitter:card\" content=\"summary_large_image\" \/>\n<meta name=\"twitter:label1\" content=\"\u00c9crit par\" \/>\n\t<meta name=\"twitter:data1\" content=\"Tmoos\" \/>\n\t<meta name=\"twitter:label2\" content=\"Dur\u00e9e de lecture estim\u00e9e\" \/>\n\t<meta name=\"twitter:data2\" content=\"1 minute\" \/>\n<script type=\"application\/ld+json\" class=\"yoast-schema-graph\">{\"@context\":\"https:\\\/\\\/schema.org\",\"@graph\":[{\"@type\":\"Article\",\"@id\":\"https:\\\/\\\/regions-snetap-fsu.fr\\\/na\\\/2018\\\/11\\\/19\\\/le-snetap-fsu-na-interpelle-les-deputes-et-les-senateurs-de-nos-territoires\\\/#article\",\"isPartOf\":{\"@id\":\"https:\\\/\\\/regions-snetap-fsu.fr\\\/na\\\/2018\\\/11\\\/19\\\/le-snetap-fsu-na-interpelle-les-deputes-et-les-senateurs-de-nos-territoires\\\/\"},\"author\":{\"name\":\"Tmoos\",\"@id\":\"https:\\\/\\\/regions-snetap-fsu.fr\\\/na\\\/#\\\/schema\\\/person\\\/200c3209e01aa8c2a287fda4d096cd22\"},\"headline\":\"Le Snetap-Fsu NA interpelle les d\u00e9put\u00e9s et les s\u00e9nateurs de nos territoires.\",\"datePublished\":\"2018-11-19T06:19:16+00:00\",\"dateModified\":\"2018-11-19T06:56:15+00:00\",\"mainEntityOfPage\":{\"@id\":\"https:\\\/\\\/regions-snetap-fsu.fr\\\/na\\\/2018\\\/11\\\/19\\\/le-snetap-fsu-na-interpelle-les-deputes-et-les-senateurs-de-nos-territoires\\\/\"},\"wordCount\":162,\"publisher\":{\"@id\":\"https:\\\/\\\/regions-snetap-fsu.fr\\\/na\\\/#organization\"},\"articleSection\":[\"Communiqu\u00e9s\",\"NA\"],\"inLanguage\":\"fr-FR\"},{\"@type\":\"WebPage\",\"@id\":\"https:\\\/\\\/regions-snetap-fsu.fr\\\/na\\\/2018\\\/11\\\/19\\\/le-snetap-fsu-na-interpelle-les-deputes-et-les-senateurs-de-nos-territoires\\\/\",\"url\":\"https:\\\/\\\/regions-snetap-fsu.fr\\\/na\\\/2018\\\/11\\\/19\\\/le-snetap-fsu-na-interpelle-les-deputes-et-les-senateurs-de-nos-territoires\\\/\",\"name\":\"Le Snetap-Fsu NA interpelle les d\u00e9put\u00e9s et les s\u00e9nateurs de nos territoires. - NOUVELLE AQUITAINE\",\"isPartOf\":{\"@id\":\"https:\\\/\\\/regions-snetap-fsu.fr\\\/na\\\/#website\"},\"datePublished\":\"2018-11-19T06:19:16+00:00\",\"dateModified\":\"2018-11-19T06:56:15+00:00\",\"breadcrumb\":{\"@id\":\"https:\\\/\\\/regions-snetap-fsu.fr\\\/na\\\/2018\\\/11\\\/19\\\/le-snetap-fsu-na-interpelle-les-deputes-et-les-senateurs-de-nos-territoires\\\/#breadcrumb\"},\"inLanguage\":\"fr-FR\",\"potentialAction\":[{\"@type\":\"ReadAction\",\"target\":[\"https:\\\/\\\/regions-snetap-fsu.fr\\\/na\\\/2018\\\/11\\\/19\\\/le-snetap-fsu-na-interpelle-les-deputes-et-les-senateurs-de-nos-territoires\\\/\"]}]},{\"@type\":\"BreadcrumbList\",\"@id\":\"https:\\\/\\\/regions-snetap-fsu.fr\\\/na\\\/2018\\\/11\\\/19\\\/le-snetap-fsu-na-interpelle-les-deputes-et-les-senateurs-de-nos-territoires\\\/#breadcrumb\",\"itemListElement\":[{\"@type\":\"ListItem\",\"position\":1,\"name\":\"Accueil\",\"item\":\"https:\\\/\\\/regions-snetap-fsu.fr\\\/na\\\/\"},{\"@type\":\"ListItem\",\"position\":2,\"name\":\"Le Snetap-Fsu NA interpelle les d\u00e9put\u00e9s et les s\u00e9nateurs de nos territoires.\"}]},{\"@type\":\"WebSite\",\"@id\":\"https:\\\/\\\/regions-snetap-fsu.fr\\\/na\\\/#website\",\"url\":\"https:\\\/\\\/regions-snetap-fsu.fr\\\/na\\\/\",\"name\":\"SNETAP-FSU NOUVELLE AQUITAINE\",\"description\":\"Blog de la Section R\u00e9gionale\",\"publisher\":{\"@id\":\"https:\\\/\\\/regions-snetap-fsu.fr\\\/na\\\/#organization\"},\"potentialAction\":[{\"@type\":\"SearchAction\",\"target\":{\"@type\":\"EntryPoint\",\"urlTemplate\":\"https:\\\/\\\/regions-snetap-fsu.fr\\\/na\\\/?s={search_term_string}\"},\"query-input\":{\"@type\":\"PropertyValueSpecification\",\"valueRequired\":true,\"valueName\":\"search_term_string\"}}],\"inLanguage\":\"fr-FR\"},{\"@type\":\"Organization\",\"@id\":\"https:\\\/\\\/regions-snetap-fsu.fr\\\/na\\\/#organization\",\"name\":\"SNETAP-FSU - Nouvelle Aquitaine\",\"url\":\"https:\\\/\\\/regions-snetap-fsu.fr\\\/na\\\/\",\"logo\":{\"@type\":\"ImageObject\",\"inLanguage\":\"fr-FR\",\"@id\":\"https:\\\/\\\/regions-snetap-fsu.fr\\\/na\\\/#\\\/schema\\\/logo\\\/image\\\/\",\"url\":\"https:\\\/\\\/regions-snetap-fsu.fr\\\/na\\\/wp-content\\\/uploads\\\/sites\\\/3\\\/2020\\\/12\\\/SNETAP-Logo.jpg\",\"contentUrl\":\"https:\\\/\\\/regions-snetap-fsu.fr\\\/na\\\/wp-content\\\/uploads\\\/sites\\\/3\\\/2020\\\/12\\\/SNETAP-Logo.jpg\",\"width\":464,\"height\":334,\"caption\":\"SNETAP-FSU - Nouvelle Aquitaine\"},\"image\":{\"@id\":\"https:\\\/\\\/regions-snetap-fsu.fr\\\/na\\\/#\\\/schema\\\/logo\\\/image\\\/\"}},{\"@type\":\"Person\",\"@id\":\"https:\\\/\\\/regions-snetap-fsu.fr\\\/na\\\/#\\\/schema\\\/person\\\/200c3209e01aa8c2a287fda4d096cd22\",\"name\":\"Tmoos\",\"image\":{\"@type\":\"ImageObject\",\"inLanguage\":\"fr-FR\",\"@id\":\"https:\\\/\\\/secure.gravatar.com\\\/avatar\\\/ee9416e21ddddd1cb4bc3f8a9a89584e0671c3184caebebe8e4de3129769a613?s=96&d=mm&r=g\",\"url\":\"https:\\\/\\\/secure.gravatar.com\\\/avatar\\\/ee9416e21ddddd1cb4bc3f8a9a89584e0671c3184caebebe8e4de3129769a613?s=96&d=mm&r=g\",\"contentUrl\":\"https:\\\/\\\/secure.gravatar.com\\\/avatar\\\/ee9416e21ddddd1cb4bc3f8a9a89584e0671c3184caebebe8e4de3129769a613?s=96&d=mm&r=g\",\"caption\":\"Tmoos\"},\"url\":\"https:\\\/\\\/regions-snetap-fsu.fr\\\/na\\\/author\\\/fthomas\\\/\"}]}<\/script>\n<!-- \/ Yoast SEO plugin. -->","yoast_head_json":{"title":"Le Snetap-Fsu NA interpelle les d\u00e9put\u00e9s et les s\u00e9nateurs de nos territoires. - NOUVELLE AQUITAINE","robots":{"index":"index","follow":"follow","max-snippet":"max-snippet:-1","max-image-preview":"max-image-preview:large","max-video-preview":"max-video-preview:-1"},"canonical":"https:\/\/regions-snetap-fsu.fr\/na\/2018\/11\/19\/le-snetap-fsu-na-interpelle-les-deputes-et-les-senateurs-de-nos-territoires\/","og_locale":"fr_FR","og_type":"article","og_title":"Le Snetap-Fsu NA interpelle les d\u00e9put\u00e9s et les s\u00e9nateurs de nos territoires. - NOUVELLE AQUITAINE","og_description":"Monsieur le s\u00e9nateur, Le programme 143 \u00ab enseignement technique agricole \u00bb du projet de loi de finances 2019 renoue avec les suppressions d\u2019emplois publics. Le document pr\u00e9sent\u00e9 \u00e0 la repr\u00e9sentation nationale pr\u00e9voit la suppression de 50 emplois sans toutefois pr\u00e9ciser la r\u00e9partition entre public et priv\u00e9 des 38 suppressions d\u2019emplois d\u2019enseignants. Pour les personnels \u00ab [&hellip;]","og_url":"https:\/\/regions-snetap-fsu.fr\/na\/2018\/11\/19\/le-snetap-fsu-na-interpelle-les-deputes-et-les-senateurs-de-nos-territoires\/","og_site_name":"NOUVELLE AQUITAINE","article_published_time":"2018-11-19T06:19:16+00:00","article_modified_time":"2018-11-19T06:56:15+00:00","author":"Tmoos","twitter_card":"summary_large_image","twitter_misc":{"\u00c9crit par":"Tmoos","Dur\u00e9e de lecture estim\u00e9e":"1 minute"},"schema":{"@context":"https:\/\/schema.org","@graph":[{"@type":"Article","@id":"https:\/\/regions-snetap-fsu.fr\/na\/2018\/11\/19\/le-snetap-fsu-na-interpelle-les-deputes-et-les-senateurs-de-nos-territoires\/#article","isPartOf":{"@id":"https:\/\/regions-snetap-fsu.fr\/na\/2018\/11\/19\/le-snetap-fsu-na-interpelle-les-deputes-et-les-senateurs-de-nos-territoires\/"},"author":{"name":"Tmoos","@id":"https:\/\/regions-snetap-fsu.fr\/na\/#\/schema\/person\/200c3209e01aa8c2a287fda4d096cd22"},"headline":"Le Snetap-Fsu NA interpelle les d\u00e9put\u00e9s et les s\u00e9nateurs de nos territoires.","datePublished":"2018-11-19T06:19:16+00:00","dateModified":"2018-11-19T06:56:15+00:00","mainEntityOfPage":{"@id":"https:\/\/regions-snetap-fsu.fr\/na\/2018\/11\/19\/le-snetap-fsu-na-interpelle-les-deputes-et-les-senateurs-de-nos-territoires\/"},"wordCount":162,"publisher":{"@id":"https:\/\/regions-snetap-fsu.fr\/na\/#organization"},"articleSection":["Communiqu\u00e9s","NA"],"inLanguage":"fr-FR"},{"@type":"WebPage","@id":"https:\/\/regions-snetap-fsu.fr\/na\/2018\/11\/19\/le-snetap-fsu-na-interpelle-les-deputes-et-les-senateurs-de-nos-territoires\/","url":"https:\/\/regions-snetap-fsu.fr\/na\/2018\/11\/19\/le-snetap-fsu-na-interpelle-les-deputes-et-les-senateurs-de-nos-territoires\/","name":"Le Snetap-Fsu NA interpelle les d\u00e9put\u00e9s et les s\u00e9nateurs de nos territoires. - NOUVELLE AQUITAINE","isPartOf":{"@id":"https:\/\/regions-snetap-fsu.fr\/na\/#website"},"datePublished":"2018-11-19T06:19:16+00:00","dateModified":"2018-11-19T06:56:15+00:00","breadcrumb":{"@id":"https:\/\/regions-snetap-fsu.fr\/na\/2018\/11\/19\/le-snetap-fsu-na-interpelle-les-deputes-et-les-senateurs-de-nos-territoires\/#breadcrumb"},"inLanguage":"fr-FR","potentialAction":[{"@type":"ReadAction","target":["https:\/\/regions-snetap-fsu.fr\/na\/2018\/11\/19\/le-snetap-fsu-na-interpelle-les-deputes-et-les-senateurs-de-nos-territoires\/"]}]},{"@type":"BreadcrumbList","@id":"https:\/\/regions-snetap-fsu.fr\/na\/2018\/11\/19\/le-snetap-fsu-na-interpelle-les-deputes-et-les-senateurs-de-nos-territoires\/#breadcrumb","itemListElement":[{"@type":"ListItem","position":1,"name":"Accueil","item":"https:\/\/regions-snetap-fsu.fr\/na\/"},{"@type":"ListItem","position":2,"name":"Le Snetap-Fsu NA interpelle les d\u00e9put\u00e9s et les s\u00e9nateurs de nos territoires."}]},{"@type":"WebSite","@id":"https:\/\/regions-snetap-fsu.fr\/na\/#website","url":"https:\/\/regions-snetap-fsu.fr\/na\/","name":"SNETAP-FSU NOUVELLE AQUITAINE","description":"Blog de la Section R\u00e9gionale","publisher":{"@id":"https:\/\/regions-snetap-fsu.fr\/na\/#organization"},"potentialAction":[{"@type":"SearchAction","target":{"@type":"EntryPoint","urlTemplate":"https:\/\/regions-snetap-fsu.fr\/na\/?s={search_term_string}"},"query-input":{"@type":"PropertyValueSpecification","valueRequired":true,"valueName":"search_term_string"}}],"inLanguage":"fr-FR"},{"@type":"Organization","@id":"https:\/\/regions-snetap-fsu.fr\/na\/#organization","name":"SNETAP-FSU - Nouvelle Aquitaine","url":"https:\/\/regions-snetap-fsu.fr\/na\/","logo":{"@type":"ImageObject","inLanguage":"fr-FR","@id":"https:\/\/regions-snetap-fsu.fr\/na\/#\/schema\/logo\/image\/","url":"https:\/\/regions-snetap-fsu.fr\/na\/wp-content\/uploads\/sites\/3\/2020\/12\/SNETAP-Logo.jpg","contentUrl":"https:\/\/regions-snetap-fsu.fr\/na\/wp-content\/uploads\/sites\/3\/2020\/12\/SNETAP-Logo.jpg","width":464,"height":334,"caption":"SNETAP-FSU - Nouvelle Aquitaine"},"image":{"@id":"https:\/\/regions-snetap-fsu.fr\/na\/#\/schema\/logo\/image\/"}},{"@type":"Person","@id":"https:\/\/regions-snetap-fsu.fr\/na\/#\/schema\/person\/200c3209e01aa8c2a287fda4d096cd22","name":"Tmoos","image":{"@type":"ImageObject","inLanguage":"fr-FR","@id":"https:\/\/secure.gravatar.com\/avatar\/ee9416e21ddddd1cb4bc3f8a9a89584e0671c3184caebebe8e4de3129769a613?s=96&d=mm&r=g","url":"https:\/\/secure.gravatar.com\/avatar\/ee9416e21ddddd1cb4bc3f8a9a89584e0671c3184caebebe8e4de3129769a613?s=96&d=mm&r=g","contentUrl":"https:\/\/secure.gravatar.com\/avatar\/ee9416e21ddddd1cb4bc3f8a9a89584e0671c3184caebebe8e4de3129769a613?s=96&d=mm&r=g","caption":"Tmoos"},"url":"https:\/\/regions-snetap-fsu.fr\/na\/author\/fthomas\/"}]}},"_links":{"self":[{"href":"https:\/\/regions-snetap-fsu.fr\/na\/wp-json\/wp\/v2\/posts\/947","targetHints":{"allow":["GET"]}}],"collection":[{"href":"https:\/\/regions-snetap-fsu.fr\/na\/wp-json\/wp\/v2\/posts"}],"about":[{"href":"https:\/\/regions-snetap-fsu.fr\/na\/wp-json\/wp\/v2\/types\/post"}],"author":[{"embeddable":true,"href":"https:\/\/regions-snetap-fsu.fr\/na\/wp-json\/wp\/v2\/users\/99"}],"replies":[{"embeddable":true,"href":"https:\/\/regions-snetap-fsu.fr\/na\/wp-json\/wp\/v2\/comments?post=947"}],"version-history":[{"count":5,"href":"https:\/\/regions-snetap-fsu.fr\/na\/wp-json\/wp\/v2\/posts\/947\/revisions"}],"predecessor-version":[{"id":966,"href":"https:\/\/regions-snetap-fsu.fr\/na\/wp-json\/wp\/v2\/posts\/947\/revisions\/966"}],"wp:attachment":[{"href":"https:\/\/regions-snetap-fsu.fr\/na\/wp-json\/wp\/v2\/media?parent=947"}],"wp:term":[{"taxonomy":"category","embeddable":true,"href":"https:\/\/regions-snetap-fsu.fr\/na\/wp-json\/wp\/v2\/categories?post=947"},{"taxonomy":"post_tag","embeddable":true,"href":"https:\/\/regions-snetap-fsu.fr\/na\/wp-json\/wp\/v2\/tags?post=947"},{"taxonomy":"post_folder","embeddable":true,"href":"https:\/\/regions-snetap-fsu.fr\/na\/wp-json\/wp\/v2\/post_folder?post=947"}],"curies":[{"name":"wp","href":"https:\/\/api.w.org\/{rel}","templated":true}]}}