{"id":804,"date":"2018-09-18T13:31:49","date_gmt":"2018-09-18T11:31:49","guid":{"rendered":"https:\/\/regions-snetap-fsu.fr\/na\/?p=804"},"modified":"2018-09-21T15:04:38","modified_gmt":"2018-09-21T13:04:38","slug":"petition-pour-le-respect-de-nos-droits-pas-touche-aux-cap-et-chsct","status":"publish","type":"post","link":"https:\/\/regions-snetap-fsu.fr\/na\/2018\/09\/18\/petition-pour-le-respect-de-nos-droits-pas-touche-aux-cap-et-chsct\/","title":{"rendered":"P\u00e9tition pour le respect de nos droits :  PAS TOUCHE AUX CAP ET CHSCT !"},"content":{"rendered":"<p><a href=\"http:\/\/fsu.fr\/Petition-pour-le-respect-de-nos-droits-PAS-TOUCHE-AUX-CAP-ET-CHSCT.html\"><img decoding=\"async\" class=\"wp-image-807 alignleft\" src=\"https:\/\/regions-snetap-fsu.fr\/na\/wp-content\/uploads\/sites\/3\/2018\/09\/arton4702-1-1-300x158.jpg\" alt=\"\" width=\"241\" height=\"127\" srcset=\"https:\/\/regions-snetap-fsu.fr\/na\/wp-content\/uploads\/sites\/3\/2018\/09\/arton4702-1-1-300x158.jpg 300w, https:\/\/regions-snetap-fsu.fr\/na\/wp-content\/uploads\/sites\/3\/2018\/09\/arton4702-1-1-100x53.jpg 100w, https:\/\/regions-snetap-fsu.fr\/na\/wp-content\/uploads\/sites\/3\/2018\/09\/arton4702-1-1-150x79.jpg 150w, https:\/\/regions-snetap-fsu.fr\/na\/wp-content\/uploads\/sites\/3\/2018\/09\/arton4702-1-1-200x105.jpg 200w, https:\/\/regions-snetap-fsu.fr\/na\/wp-content\/uploads\/sites\/3\/2018\/09\/arton4702-1-1-450x236.jpg 450w, https:\/\/regions-snetap-fsu.fr\/na\/wp-content\/uploads\/sites\/3\/2018\/09\/arton4702-1-1-600x315.jpg 600w, https:\/\/regions-snetap-fsu.fr\/na\/wp-content\/uploads\/sites\/3\/2018\/09\/arton4702-1-1.jpg 720w\" sizes=\"(max-width: 241px) 100vw, 241px\" \/><\/a>Nous avons d\u00e9cid\u00e9 un rassemblement de repr\u00e9sentants du personnel le 3 octobre prochain avec la remise de notre p\u00e9tition \u00ab<i>Pour le respect de nos droits: pas touche aux CAP et CHSCT !<\/i> \u00bb l\u2019apr\u00e8s midi au moment d\u2019un rendez-vous que nous avons demand\u00e9 au Ministre.<\/p>\n<div align=\"center\"><a href=\"http:\/\/fsu.fr\/Petition-pour-le-respect-de-nos-droits-PAS-TOUCHE-AUX-CAP-ET-CHSCT.html\"><b>La p\u00e9tition recueille actuellement 26 837 signatures.<\/b><\/a><br \/>\nNous devons monter en puissance d\u2019ici le 3 octobre !!<\/div>\n<div align=\"center\"><\/div>\n<p><!--more--><\/p>\n<p>Pour cela, nous vous proposons de relancer le m\u00eame jour, et si possible au m\u00eame moment, cette p\u00e9tition afin de donner plus d\u2019impact \u00e0 cette relance sur tous nos outils de communication en ligne (envois sur les lites internes de chacun des syndicats nationaux et des sections d\u00e9partementales, mise en place sur les sites, posts r\u00e9seaux sociaux, diffusions dans les r\u00e9unions qui se tiennent dans la p\u00e9riode avec les personnels\u2026). Il nous faut aller chercher des signatures.<\/p>\n<p>De m\u00eame au niveau national, nous pr\u00e9voyons une relance sur les r\u00e9seaux sociaux.<\/p>\n<div align=\"center\"><b>Nous vous demandons ainsi \u00e0 toutes et tous de pr\u00e9voir<\/b><br \/>\n<b>lundi prochain, 17 septembre \u00e0 14h, de cliquer pour le respect des droits des agent-es !<\/b><\/div>\n","protected":false},"excerpt":{"rendered":"<p>Nous avons d\u00e9cid\u00e9 un rassemblement de repr\u00e9sentants du personnel le 3 octobre prochain avec la remise de notre p\u00e9tition \u00abPour le respect de nos droits: pas touche aux CAP et CHSCT ! \u00bb l\u2019apr\u00e8s midi au moment d\u2019un rendez-vous que nous avons demand\u00e9 au Ministre. La p\u00e9tition recueille actuellement 26 837 signatures. Nous devons monter [&hellip;]<\/p>\n","protected":false},"author":99,"featured_media":0,"comment_status":"closed","ping_status":"closed","sticky":false,"template":"","format":"standard","meta":{"ocean_post_layout":"","ocean_both_sidebars_style":"","ocean_both_sidebars_content_width":0,"ocean_both_sidebars_sidebars_width":0,"ocean_sidebar":"","ocean_second_sidebar":"","ocean_disable_margins":"enable","ocean_add_body_class":"","ocean_shortcode_before_top_bar":"","ocean_shortcode_after_top_bar":"","ocean_shortcode_before_header":"","ocean_shortcode_after_header":"","ocean_has_shortcode":"","ocean_shortcode_after_title":"","ocean_shortcode_before_footer_widgets":"","ocean_shortcode_after_footer_widgets":"","ocean_shortcode_before_footer_bottom":"","ocean_shortcode_after_footer_bottom":"","ocean_display_top_bar":"default","ocean_display_header":"default","ocean_header_style":"","ocean_center_header_left_menu":"","ocean_custom_header_template":"","ocean_custom_logo":0,"ocean_custom_retina_logo":0,"ocean_custom_logo_max_width":0,"ocean_custom_logo_tablet_max_width":0,"ocean_custom_logo_mobile_max_width":0,"ocean_custom_logo_max_height":0,"ocean_custom_logo_tablet_max_height":0,"ocean_custom_logo_mobile_max_height":0,"ocean_header_custom_menu":"","ocean_menu_typo_font_family":"","ocean_menu_typo_font_subset":"","ocean_menu_typo_font_size":0,"ocean_menu_typo_font_size_tablet":0,"ocean_menu_typo_font_size_mobile":0,"ocean_menu_typo_font_size_unit":"px","ocean_menu_typo_font_weight":"","ocean_menu_typo_font_weight_tablet":"","ocean_menu_typo_font_weight_mobile":"","ocean_menu_typo_transform":"","ocean_menu_typo_transform_tablet":"","ocean_menu_typo_transform_mobile":"","ocean_menu_typo_line_height":0,"ocean_menu_typo_line_height_tablet":0,"ocean_menu_typo_line_height_mobile":0,"ocean_menu_typo_line_height_unit":"","ocean_menu_typo_spacing":0,"ocean_menu_typo_spacing_tablet":0,"ocean_menu_typo_spacing_mobile":0,"ocean_menu_typo_spacing_unit":"","ocean_menu_link_color":"","ocean_menu_link_color_hover":"","ocean_menu_link_color_active":"","ocean_menu_link_background":"","ocean_menu_link_hover_background":"","ocean_menu_link_active_background":"","ocean_menu_social_links_bg":"","ocean_menu_social_hover_links_bg":"","ocean_menu_social_links_color":"","ocean_menu_social_hover_links_color":"","ocean_disable_title":"default","ocean_disable_heading":"default","ocean_post_title":"","ocean_post_subheading":"","ocean_post_title_style":"","ocean_post_title_background_color":"","ocean_post_title_background":0,"ocean_post_title_bg_image_position":"","ocean_post_title_bg_image_attachment":"","ocean_post_title_bg_image_repeat":"","ocean_post_title_bg_image_size":"","ocean_post_title_height":0,"ocean_post_title_bg_overlay":0.5,"ocean_post_title_bg_overlay_color":"","ocean_disable_breadcrumbs":"default","ocean_breadcrumbs_color":"","ocean_breadcrumbs_separator_color":"","ocean_breadcrumbs_links_color":"","ocean_breadcrumbs_links_hover_color":"","ocean_display_footer_widgets":"default","ocean_display_footer_bottom":"default","ocean_custom_footer_template":"","ocean_post_oembed":"","ocean_post_self_hosted_media":"","ocean_post_video_embed":"","ocean_link_format":"","ocean_link_format_target":"self","ocean_quote_format":"","ocean_quote_format_link":"post","ocean_gallery_link_images":"on","ocean_gallery_id":[],"footnotes":""},"categories":[12,2,15],"tags":[],"post_folder":[],"class_list":["post-804","post","type-post","status-publish","format-standard","hentry","category-actions","category-actus","category-petitions","entry"],"yoast_head":"<!-- This site is optimized with the Yoast SEO plugin v27.4 - https:\/\/yoast.com\/product\/yoast-seo-wordpress\/ -->\n<title>P\u00e9tition pour le respect de nos droits : PAS TOUCHE AUX CAP ET CHSCT ! - NOUVELLE AQUITAINE<\/title>\n<meta name=\"robots\" content=\"index, follow, max-snippet:-1, max-image-preview:large, max-video-preview:-1\" \/>\n<link rel=\"canonical\" href=\"https:\/\/regions-snetap-fsu.fr\/na\/2018\/09\/18\/petition-pour-le-respect-de-nos-droits-pas-touche-aux-cap-et-chsct\/\" \/>\n<meta property=\"og:locale\" content=\"fr_FR\" \/>\n<meta property=\"og:type\" content=\"article\" \/>\n<meta property=\"og:title\" content=\"P\u00e9tition pour le respect de nos droits : PAS TOUCHE AUX CAP ET CHSCT ! - NOUVELLE AQUITAINE\" \/>\n<meta property=\"og:description\" content=\"Nous avons d\u00e9cid\u00e9 un rassemblement de repr\u00e9sentants du personnel le 3 octobre prochain avec la remise de notre p\u00e9tition \u00abPour le respect de nos droits: pas touche aux CAP et CHSCT ! \u00bb l\u2019apr\u00e8s midi au moment d\u2019un rendez-vous que nous avons demand\u00e9 au Ministre. La p\u00e9tition recueille actuellement 26 837 signatures. Nous devons monter [&hellip;]\" \/>\n<meta property=\"og:url\" content=\"https:\/\/regions-snetap-fsu.fr\/na\/2018\/09\/18\/petition-pour-le-respect-de-nos-droits-pas-touche-aux-cap-et-chsct\/\" \/>\n<meta property=\"og:site_name\" content=\"NOUVELLE AQUITAINE\" \/>\n<meta property=\"article:published_time\" content=\"2018-09-18T11:31:49+00:00\" \/>\n<meta property=\"article:modified_time\" content=\"2018-09-21T13:04:38+00:00\" \/>\n<meta property=\"og:image\" content=\"https:\/\/regions-snetap-fsu.fr\/na\/wp-content\/uploads\/sites\/3\/2018\/09\/arton4702-1-1-300x158.jpg\" \/>\n<meta name=\"author\" content=\"Tmoos\" \/>\n<meta name=\"twitter:card\" content=\"summary_large_image\" \/>\n<meta name=\"twitter:label1\" content=\"\u00c9crit par\" \/>\n\t<meta name=\"twitter:data1\" content=\"Tmoos\" \/>\n\t<meta name=\"twitter:label2\" content=\"Dur\u00e9e de lecture estim\u00e9e\" \/>\n\t<meta name=\"twitter:data2\" content=\"1 minute\" \/>\n<script type=\"application\/ld+json\" class=\"yoast-schema-graph\">{\"@context\":\"https:\\\/\\\/schema.org\",\"@graph\":[{\"@type\":\"Article\",\"@id\":\"https:\\\/\\\/regions-snetap-fsu.fr\\\/na\\\/2018\\\/09\\\/18\\\/petition-pour-le-respect-de-nos-droits-pas-touche-aux-cap-et-chsct\\\/#article\",\"isPartOf\":{\"@id\":\"https:\\\/\\\/regions-snetap-fsu.fr\\\/na\\\/2018\\\/09\\\/18\\\/petition-pour-le-respect-de-nos-droits-pas-touche-aux-cap-et-chsct\\\/\"},\"author\":{\"name\":\"Tmoos\",\"@id\":\"https:\\\/\\\/regions-snetap-fsu.fr\\\/na\\\/#\\\/schema\\\/person\\\/200c3209e01aa8c2a287fda4d096cd22\"},\"headline\":\"P\u00e9tition pour le respect de nos droits : PAS TOUCHE AUX CAP ET CHSCT !\",\"datePublished\":\"2018-09-18T11:31:49+00:00\",\"dateModified\":\"2018-09-21T13:04:38+00:00\",\"mainEntityOfPage\":{\"@id\":\"https:\\\/\\\/regions-snetap-fsu.fr\\\/na\\\/2018\\\/09\\\/18\\\/petition-pour-le-respect-de-nos-droits-pas-touche-aux-cap-et-chsct\\\/\"},\"wordCount\":200,\"publisher\":{\"@id\":\"https:\\\/\\\/regions-snetap-fsu.fr\\\/na\\\/#organization\"},\"image\":{\"@id\":\"https:\\\/\\\/regions-snetap-fsu.fr\\\/na\\\/2018\\\/09\\\/18\\\/petition-pour-le-respect-de-nos-droits-pas-touche-aux-cap-et-chsct\\\/#primaryimage\"},\"thumbnailUrl\":\"https:\\\/\\\/regions-snetap-fsu.fr\\\/na\\\/wp-content\\\/uploads\\\/sites\\\/3\\\/2018\\\/09\\\/arton4702-1-1-300x158.jpg\",\"articleSection\":[\"Actions\",\"Actus\",\"P\u00e9titions\"],\"inLanguage\":\"fr-FR\"},{\"@type\":\"WebPage\",\"@id\":\"https:\\\/\\\/regions-snetap-fsu.fr\\\/na\\\/2018\\\/09\\\/18\\\/petition-pour-le-respect-de-nos-droits-pas-touche-aux-cap-et-chsct\\\/\",\"url\":\"https:\\\/\\\/regions-snetap-fsu.fr\\\/na\\\/2018\\\/09\\\/18\\\/petition-pour-le-respect-de-nos-droits-pas-touche-aux-cap-et-chsct\\\/\",\"name\":\"P\u00e9tition pour le respect de nos droits : PAS TOUCHE AUX CAP ET CHSCT ! - NOUVELLE AQUITAINE\",\"isPartOf\":{\"@id\":\"https:\\\/\\\/regions-snetap-fsu.fr\\\/na\\\/#website\"},\"primaryImageOfPage\":{\"@id\":\"https:\\\/\\\/regions-snetap-fsu.fr\\\/na\\\/2018\\\/09\\\/18\\\/petition-pour-le-respect-de-nos-droits-pas-touche-aux-cap-et-chsct\\\/#primaryimage\"},\"image\":{\"@id\":\"https:\\\/\\\/regions-snetap-fsu.fr\\\/na\\\/2018\\\/09\\\/18\\\/petition-pour-le-respect-de-nos-droits-pas-touche-aux-cap-et-chsct\\\/#primaryimage\"},\"thumbnailUrl\":\"https:\\\/\\\/regions-snetap-fsu.fr\\\/na\\\/wp-content\\\/uploads\\\/sites\\\/3\\\/2018\\\/09\\\/arton4702-1-1-300x158.jpg\",\"datePublished\":\"2018-09-18T11:31:49+00:00\",\"dateModified\":\"2018-09-21T13:04:38+00:00\",\"breadcrumb\":{\"@id\":\"https:\\\/\\\/regions-snetap-fsu.fr\\\/na\\\/2018\\\/09\\\/18\\\/petition-pour-le-respect-de-nos-droits-pas-touche-aux-cap-et-chsct\\\/#breadcrumb\"},\"inLanguage\":\"fr-FR\",\"potentialAction\":[{\"@type\":\"ReadAction\",\"target\":[\"https:\\\/\\\/regions-snetap-fsu.fr\\\/na\\\/2018\\\/09\\\/18\\\/petition-pour-le-respect-de-nos-droits-pas-touche-aux-cap-et-chsct\\\/\"]}]},{\"@type\":\"ImageObject\",\"inLanguage\":\"fr-FR\",\"@id\":\"https:\\\/\\\/regions-snetap-fsu.fr\\\/na\\\/2018\\\/09\\\/18\\\/petition-pour-le-respect-de-nos-droits-pas-touche-aux-cap-et-chsct\\\/#primaryimage\",\"url\":\"https:\\\/\\\/regions-snetap-fsu.fr\\\/na\\\/wp-content\\\/uploads\\\/sites\\\/3\\\/2018\\\/09\\\/arton4702-1-1.jpg\",\"contentUrl\":\"https:\\\/\\\/regions-snetap-fsu.fr\\\/na\\\/wp-content\\\/uploads\\\/sites\\\/3\\\/2018\\\/09\\\/arton4702-1-1.jpg\",\"width\":720,\"height\":378},{\"@type\":\"BreadcrumbList\",\"@id\":\"https:\\\/\\\/regions-snetap-fsu.fr\\\/na\\\/2018\\\/09\\\/18\\\/petition-pour-le-respect-de-nos-droits-pas-touche-aux-cap-et-chsct\\\/#breadcrumb\",\"itemListElement\":[{\"@type\":\"ListItem\",\"position\":1,\"name\":\"Accueil\",\"item\":\"https:\\\/\\\/regions-snetap-fsu.fr\\\/na\\\/\"},{\"@type\":\"ListItem\",\"position\":2,\"name\":\"P\u00e9tition pour le respect de nos droits : PAS TOUCHE AUX CAP ET CHSCT !\"}]},{\"@type\":\"WebSite\",\"@id\":\"https:\\\/\\\/regions-snetap-fsu.fr\\\/na\\\/#website\",\"url\":\"https:\\\/\\\/regions-snetap-fsu.fr\\\/na\\\/\",\"name\":\"SNETAP-FSU NOUVELLE AQUITAINE\",\"description\":\"Blog de la Section R\u00e9gionale\",\"publisher\":{\"@id\":\"https:\\\/\\\/regions-snetap-fsu.fr\\\/na\\\/#organization\"},\"potentialAction\":[{\"@type\":\"SearchAction\",\"target\":{\"@type\":\"EntryPoint\",\"urlTemplate\":\"https:\\\/\\\/regions-snetap-fsu.fr\\\/na\\\/?s={search_term_string}\"},\"query-input\":{\"@type\":\"PropertyValueSpecification\",\"valueRequired\":true,\"valueName\":\"search_term_string\"}}],\"inLanguage\":\"fr-FR\"},{\"@type\":\"Organization\",\"@id\":\"https:\\\/\\\/regions-snetap-fsu.fr\\\/na\\\/#organization\",\"name\":\"SNETAP-FSU - Nouvelle Aquitaine\",\"url\":\"https:\\\/\\\/regions-snetap-fsu.fr\\\/na\\\/\",\"logo\":{\"@type\":\"ImageObject\",\"inLanguage\":\"fr-FR\",\"@id\":\"https:\\\/\\\/regions-snetap-fsu.fr\\\/na\\\/#\\\/schema\\\/logo\\\/image\\\/\",\"url\":\"https:\\\/\\\/regions-snetap-fsu.fr\\\/na\\\/wp-content\\\/uploads\\\/sites\\\/3\\\/2020\\\/12\\\/SNETAP-Logo.jpg\",\"contentUrl\":\"https:\\\/\\\/regions-snetap-fsu.fr\\\/na\\\/wp-content\\\/uploads\\\/sites\\\/3\\\/2020\\\/12\\\/SNETAP-Logo.jpg\",\"width\":464,\"height\":334,\"caption\":\"SNETAP-FSU - Nouvelle Aquitaine\"},\"image\":{\"@id\":\"https:\\\/\\\/regions-snetap-fsu.fr\\\/na\\\/#\\\/schema\\\/logo\\\/image\\\/\"}},{\"@type\":\"Person\",\"@id\":\"https:\\\/\\\/regions-snetap-fsu.fr\\\/na\\\/#\\\/schema\\\/person\\\/200c3209e01aa8c2a287fda4d096cd22\",\"name\":\"Tmoos\",\"image\":{\"@type\":\"ImageObject\",\"inLanguage\":\"fr-FR\",\"@id\":\"https:\\\/\\\/secure.gravatar.com\\\/avatar\\\/ee9416e21ddddd1cb4bc3f8a9a89584e0671c3184caebebe8e4de3129769a613?s=96&d=mm&r=g\",\"url\":\"https:\\\/\\\/secure.gravatar.com\\\/avatar\\\/ee9416e21ddddd1cb4bc3f8a9a89584e0671c3184caebebe8e4de3129769a613?s=96&d=mm&r=g\",\"contentUrl\":\"https:\\\/\\\/secure.gravatar.com\\\/avatar\\\/ee9416e21ddddd1cb4bc3f8a9a89584e0671c3184caebebe8e4de3129769a613?s=96&d=mm&r=g\",\"caption\":\"Tmoos\"},\"url\":\"https:\\\/\\\/regions-snetap-fsu.fr\\\/na\\\/author\\\/fthomas\\\/\"}]}<\/script>\n<!-- \/ Yoast SEO plugin. -->","yoast_head_json":{"title":"P\u00e9tition pour le respect de nos droits : PAS TOUCHE AUX CAP ET CHSCT ! - NOUVELLE AQUITAINE","robots":{"index":"index","follow":"follow","max-snippet":"max-snippet:-1","max-image-preview":"max-image-preview:large","max-video-preview":"max-video-preview:-1"},"canonical":"https:\/\/regions-snetap-fsu.fr\/na\/2018\/09\/18\/petition-pour-le-respect-de-nos-droits-pas-touche-aux-cap-et-chsct\/","og_locale":"fr_FR","og_type":"article","og_title":"P\u00e9tition pour le respect de nos droits : PAS TOUCHE AUX CAP ET CHSCT ! - NOUVELLE AQUITAINE","og_description":"Nous avons d\u00e9cid\u00e9 un rassemblement de repr\u00e9sentants du personnel le 3 octobre prochain avec la remise de notre p\u00e9tition \u00abPour le respect de nos droits: pas touche aux CAP et CHSCT ! \u00bb l\u2019apr\u00e8s midi au moment d\u2019un rendez-vous que nous avons demand\u00e9 au Ministre. La p\u00e9tition recueille actuellement 26 837 signatures. Nous devons monter [&hellip;]","og_url":"https:\/\/regions-snetap-fsu.fr\/na\/2018\/09\/18\/petition-pour-le-respect-de-nos-droits-pas-touche-aux-cap-et-chsct\/","og_site_name":"NOUVELLE AQUITAINE","article_published_time":"2018-09-18T11:31:49+00:00","article_modified_time":"2018-09-21T13:04:38+00:00","og_image":[{"url":"https:\/\/regions-snetap-fsu.fr\/na\/wp-content\/uploads\/sites\/3\/2018\/09\/arton4702-1-1-300x158.jpg","type":"","width":"","height":""}],"author":"Tmoos","twitter_card":"summary_large_image","twitter_misc":{"\u00c9crit par":"Tmoos","Dur\u00e9e de lecture estim\u00e9e":"1 minute"},"schema":{"@context":"https:\/\/schema.org","@graph":[{"@type":"Article","@id":"https:\/\/regions-snetap-fsu.fr\/na\/2018\/09\/18\/petition-pour-le-respect-de-nos-droits-pas-touche-aux-cap-et-chsct\/#article","isPartOf":{"@id":"https:\/\/regions-snetap-fsu.fr\/na\/2018\/09\/18\/petition-pour-le-respect-de-nos-droits-pas-touche-aux-cap-et-chsct\/"},"author":{"name":"Tmoos","@id":"https:\/\/regions-snetap-fsu.fr\/na\/#\/schema\/person\/200c3209e01aa8c2a287fda4d096cd22"},"headline":"P\u00e9tition pour le respect de nos droits : PAS TOUCHE AUX CAP ET CHSCT !","datePublished":"2018-09-18T11:31:49+00:00","dateModified":"2018-09-21T13:04:38+00:00","mainEntityOfPage":{"@id":"https:\/\/regions-snetap-fsu.fr\/na\/2018\/09\/18\/petition-pour-le-respect-de-nos-droits-pas-touche-aux-cap-et-chsct\/"},"wordCount":200,"publisher":{"@id":"https:\/\/regions-snetap-fsu.fr\/na\/#organization"},"image":{"@id":"https:\/\/regions-snetap-fsu.fr\/na\/2018\/09\/18\/petition-pour-le-respect-de-nos-droits-pas-touche-aux-cap-et-chsct\/#primaryimage"},"thumbnailUrl":"https:\/\/regions-snetap-fsu.fr\/na\/wp-content\/uploads\/sites\/3\/2018\/09\/arton4702-1-1-300x158.jpg","articleSection":["Actions","Actus","P\u00e9titions"],"inLanguage":"fr-FR"},{"@type":"WebPage","@id":"https:\/\/regions-snetap-fsu.fr\/na\/2018\/09\/18\/petition-pour-le-respect-de-nos-droits-pas-touche-aux-cap-et-chsct\/","url":"https:\/\/regions-snetap-fsu.fr\/na\/2018\/09\/18\/petition-pour-le-respect-de-nos-droits-pas-touche-aux-cap-et-chsct\/","name":"P\u00e9tition pour le respect de nos droits : PAS TOUCHE AUX CAP ET CHSCT ! - NOUVELLE AQUITAINE","isPartOf":{"@id":"https:\/\/regions-snetap-fsu.fr\/na\/#website"},"primaryImageOfPage":{"@id":"https:\/\/regions-snetap-fsu.fr\/na\/2018\/09\/18\/petition-pour-le-respect-de-nos-droits-pas-touche-aux-cap-et-chsct\/#primaryimage"},"image":{"@id":"https:\/\/regions-snetap-fsu.fr\/na\/2018\/09\/18\/petition-pour-le-respect-de-nos-droits-pas-touche-aux-cap-et-chsct\/#primaryimage"},"thumbnailUrl":"https:\/\/regions-snetap-fsu.fr\/na\/wp-content\/uploads\/sites\/3\/2018\/09\/arton4702-1-1-300x158.jpg","datePublished":"2018-09-18T11:31:49+00:00","dateModified":"2018-09-21T13:04:38+00:00","breadcrumb":{"@id":"https:\/\/regions-snetap-fsu.fr\/na\/2018\/09\/18\/petition-pour-le-respect-de-nos-droits-pas-touche-aux-cap-et-chsct\/#breadcrumb"},"inLanguage":"fr-FR","potentialAction":[{"@type":"ReadAction","target":["https:\/\/regions-snetap-fsu.fr\/na\/2018\/09\/18\/petition-pour-le-respect-de-nos-droits-pas-touche-aux-cap-et-chsct\/"]}]},{"@type":"ImageObject","inLanguage":"fr-FR","@id":"https:\/\/regions-snetap-fsu.fr\/na\/2018\/09\/18\/petition-pour-le-respect-de-nos-droits-pas-touche-aux-cap-et-chsct\/#primaryimage","url":"https:\/\/regions-snetap-fsu.fr\/na\/wp-content\/uploads\/sites\/3\/2018\/09\/arton4702-1-1.jpg","contentUrl":"https:\/\/regions-snetap-fsu.fr\/na\/wp-content\/uploads\/sites\/3\/2018\/09\/arton4702-1-1.jpg","width":720,"height":378},{"@type":"BreadcrumbList","@id":"https:\/\/regions-snetap-fsu.fr\/na\/2018\/09\/18\/petition-pour-le-respect-de-nos-droits-pas-touche-aux-cap-et-chsct\/#breadcrumb","itemListElement":[{"@type":"ListItem","position":1,"name":"Accueil","item":"https:\/\/regions-snetap-fsu.fr\/na\/"},{"@type":"ListItem","position":2,"name":"P\u00e9tition pour le respect de nos droits : PAS TOUCHE AUX CAP ET CHSCT !"}]},{"@type":"WebSite","@id":"https:\/\/regions-snetap-fsu.fr\/na\/#website","url":"https:\/\/regions-snetap-fsu.fr\/na\/","name":"SNETAP-FSU NOUVELLE AQUITAINE","description":"Blog de la Section R\u00e9gionale","publisher":{"@id":"https:\/\/regions-snetap-fsu.fr\/na\/#organization"},"potentialAction":[{"@type":"SearchAction","target":{"@type":"EntryPoint","urlTemplate":"https:\/\/regions-snetap-fsu.fr\/na\/?s={search_term_string}"},"query-input":{"@type":"PropertyValueSpecification","valueRequired":true,"valueName":"search_term_string"}}],"inLanguage":"fr-FR"},{"@type":"Organization","@id":"https:\/\/regions-snetap-fsu.fr\/na\/#organization","name":"SNETAP-FSU - Nouvelle Aquitaine","url":"https:\/\/regions-snetap-fsu.fr\/na\/","logo":{"@type":"ImageObject","inLanguage":"fr-FR","@id":"https:\/\/regions-snetap-fsu.fr\/na\/#\/schema\/logo\/image\/","url":"https:\/\/regions-snetap-fsu.fr\/na\/wp-content\/uploads\/sites\/3\/2020\/12\/SNETAP-Logo.jpg","contentUrl":"https:\/\/regions-snetap-fsu.fr\/na\/wp-content\/uploads\/sites\/3\/2020\/12\/SNETAP-Logo.jpg","width":464,"height":334,"caption":"SNETAP-FSU - Nouvelle Aquitaine"},"image":{"@id":"https:\/\/regions-snetap-fsu.fr\/na\/#\/schema\/logo\/image\/"}},{"@type":"Person","@id":"https:\/\/regions-snetap-fsu.fr\/na\/#\/schema\/person\/200c3209e01aa8c2a287fda4d096cd22","name":"Tmoos","image":{"@type":"ImageObject","inLanguage":"fr-FR","@id":"https:\/\/secure.gravatar.com\/avatar\/ee9416e21ddddd1cb4bc3f8a9a89584e0671c3184caebebe8e4de3129769a613?s=96&d=mm&r=g","url":"https:\/\/secure.gravatar.com\/avatar\/ee9416e21ddddd1cb4bc3f8a9a89584e0671c3184caebebe8e4de3129769a613?s=96&d=mm&r=g","contentUrl":"https:\/\/secure.gravatar.com\/avatar\/ee9416e21ddddd1cb4bc3f8a9a89584e0671c3184caebebe8e4de3129769a613?s=96&d=mm&r=g","caption":"Tmoos"},"url":"https:\/\/regions-snetap-fsu.fr\/na\/author\/fthomas\/"}]}},"_links":{"self":[{"href":"https:\/\/regions-snetap-fsu.fr\/na\/wp-json\/wp\/v2\/posts\/804","targetHints":{"allow":["GET"]}}],"collection":[{"href":"https:\/\/regions-snetap-fsu.fr\/na\/wp-json\/wp\/v2\/posts"}],"about":[{"href":"https:\/\/regions-snetap-fsu.fr\/na\/wp-json\/wp\/v2\/types\/post"}],"author":[{"embeddable":true,"href":"https:\/\/regions-snetap-fsu.fr\/na\/wp-json\/wp\/v2\/users\/99"}],"replies":[{"embeddable":true,"href":"https:\/\/regions-snetap-fsu.fr\/na\/wp-json\/wp\/v2\/comments?post=804"}],"version-history":[{"count":3,"href":"https:\/\/regions-snetap-fsu.fr\/na\/wp-json\/wp\/v2\/posts\/804\/revisions"}],"predecessor-version":[{"id":810,"href":"https:\/\/regions-snetap-fsu.fr\/na\/wp-json\/wp\/v2\/posts\/804\/revisions\/810"}],"wp:attachment":[{"href":"https:\/\/regions-snetap-fsu.fr\/na\/wp-json\/wp\/v2\/media?parent=804"}],"wp:term":[{"taxonomy":"category","embeddable":true,"href":"https:\/\/regions-snetap-fsu.fr\/na\/wp-json\/wp\/v2\/categories?post=804"},{"taxonomy":"post_tag","embeddable":true,"href":"https:\/\/regions-snetap-fsu.fr\/na\/wp-json\/wp\/v2\/tags?post=804"},{"taxonomy":"post_folder","embeddable":true,"href":"https:\/\/regions-snetap-fsu.fr\/na\/wp-json\/wp\/v2\/post_folder?post=804"}],"curies":[{"name":"wp","href":"https:\/\/api.w.org\/{rel}","templated":true}]}}