{"id":782,"date":"2018-06-26T07:09:04","date_gmt":"2018-06-26T05:09:04","guid":{"rendered":"https:\/\/regions-snetap-fsu.fr\/na\/?p=782"},"modified":"2018-09-18T07:17:18","modified_gmt":"2018-09-18T05:17:18","slug":"les-militant-es-evacue-es-par-les-forces-de-lordre-restent-en-alerte","status":"publish","type":"post","link":"https:\/\/regions-snetap-fsu.fr\/na\/2018\/06\/26\/les-militant-es-evacue-es-par-les-forces-de-lordre-restent-en-alerte\/","title":{"rendered":"Les militant.es \u00e9vacu\u00e9.es par les forces de l\u2019ordre restent en alerte"},"content":{"rendered":"<p><span style=\"color: #ff9900\"><strong>Les militant.es \u00e9vacu\u00e9.es par les forces de l\u2019ordre restent en alerte<\/strong><\/span><\/p>\n<div class=\"crayon article-texte-5302 texte surlignable clearfix\">\n<p>Apr\u00e8s avoir distribu\u00e9 des tracts et dialogu\u00e9 avec les correcteur.rices devant le centre de corrections des \u00e9preuves Bac pro au lyc\u00e9e agricole de Blanquefort, lundi, l\u2019intersyndicale Snetap-<a class=\"cs_glossaire\" href=\"https:\/\/www.snetap-fsu.fr\/+-FSU-+.html\" name=\"mot96_0\"><span class=\"gl_mot\">FSU<\/span><\/a>\u00a0\/\u00a0<a class=\"cs_glossaire\" href=\"https:\/\/www.snetap-fsu.fr\/+-CGT-+.html\" name=\"mot157_1\"><span class=\"gl_mot\">CGT<\/span><\/a>-Agri \/\u00a0<a class=\"cs_glossaire\" href=\"https:\/\/www.snetap-fsu.fr\/+-SUD-+.html\" name=\"mot178_2\"><span class=\"gl_mot\">SUD<\/span><\/a>-Rural a d\u00e9cid\u00e9, ce matin tr\u00e8s t\u00f4t, d\u2019entamer\u00a0<strong class=\"caractencadre2-spip spip\">une action de blocage du centre de correction<\/strong>\u00a0du baccalaur\u00e9at professionnel de l\u2019inter- r\u00e9gion sud-ouest.<\/p>\n<p>D\u00e8s 6 heures, une vingtaine de repr\u00e9sentant.es de l\u2019intersyndicale, des\u00a0<a class=\"cs_glossaire\" href=\"https:\/\/www.snetap-fsu.fr\/+-regions-+.html\" name=\"mot344_3\"><span class=\"gl_mot\">r\u00e9gions<\/span><\/a>\u00a0Nouvelle Aquitaine et Occitanie, ont donc bloqu\u00e9, l\u2019acc\u00e8s aux salles de corrections et de stockage des copies.<\/p>\n<div class=\"crayon article-texte-5302 texte surlignable clearfix\"><!--more--><\/div>\n<p>Cette action s\u2019inscrivait dans\u00a0<strong class=\"caractencadre2-spip spip\">l\u2019action nationale intersyndicale<\/strong>\u00a0de refus de convocation, refus des corrections et blocage des centres de corrections d\u2019examen, comme l\u2019action men\u00e9e la veille \u00e0 Rennes et le m\u00eame jour \u00e0 Blois, Troyes et Ch\u00e2teau Gonthier.<br class=\"autobr\" \/>Ces actions nationales d\u00e9noncent les trois mesures majeures du gouvernement\u00a0:<br class=\"autobr\" \/>\u2022 la r\u00e9forme de l\u2019apprentissage et de la formation professionnelle qui en transf\u00e9rant aux branches professionnelles la gestion et la gouvernance de l\u2019apprentissage livre le march\u00e9 de la formation professionnelle aux app\u00e9tits d\u2019officines priv\u00e9es au d\u00e9triment des\u00a0<a class=\"cs_glossaire\" href=\"https:\/\/www.snetap-fsu.fr\/+-CFA-+.html\" name=\"mot38_4\"><span class=\"gl_mot\">CFA<\/span><\/a>\u00a0publics et de lyc\u00e9es agricoles,<br class=\"autobr\" \/>\u2022 le projet de r\u00e9forme du bac qui condamne \u00e0 moyen terme les fili\u00e8res g\u00e9n\u00e9rale et technologique dans les lyc\u00e9es agricoles,<br class=\"autobr\" \/>\u2022 la d\u00e9gradation annonc\u00e9e des conditions de rentr\u00e9e 2018 et la perspective de suppressions d\u2019emplois pour le budget 2019,<br class=\"autobr\" \/>\u2022 et enfin la d\u00e9gradation des conditions de rentr\u00e9e 2018, la perspective de suppressions d\u2019emplois pour le budget 2019 et la menace de fermeture de petits \u00e9tablissements comme Moissac.<\/p>\n<\/div>\n<p>A 11 heures, sans que le minist\u00e8re n\u2019ait daign\u00e9 encore r\u00e9pondre \u00e0 nos revendications,\u00a0<strong class=\"caractencadre2-spip spip\">les forces de l\u2019ordre ont re\u00e7u l\u2019ordre d\u2019\u00e9vacuer les militant.es<\/strong>\u00a0qui bloquaient l\u2019acc\u00e8s \u00e0 une salle. Une \u00e9vacuation dans le calme mais muscl\u00e9e que les militant.es ne pouvaient comprendre alors que le Ministre ou ses repr\u00e9sentant.es \u00e9taient encore muet.tes 4 heures apr\u00e8s le d\u00e9but de l\u2019op\u00e9ration.<br class=\"autobr\" \/>Ce n\u2019est que quelques heures plus tard que les personnels mobilis\u00e9s ont appris l\u2019accord de la Conseill\u00e8re \u00e0 l\u2019Enseignement du Ministre, pour une rencontre avec les \u00e9lu.es des 3 organisations syndicales, le mercredi 27 juin.<\/p>\n<p><span style=\"color: #ff9900\"><strong class=\"caractencadre-spip spip\">Les militant.es ont pris acte de cette rencontre et quitt\u00e9 le site de Blanquefort.<br class=\"autobr\" \/>Elles et ils attendent les r\u00e9sultats des \u00e9changes \u00e0 venir mais restent mobilis\u00e9.es et si n\u00e9cessaire poursuivront et amplifieront les blocages des centres de correction dans les jours et les semaines \u00e0 venir.<\/strong><\/span><\/p>\n<p>Blanquefort, le 26 juin 2018<\/p>\n<p>La presse en parle\u00a0:<\/p>\n<p><a class=\"spip_out\" href=\"https:\/\/france3-regions.francetvinfo.fr\/nouvelle-aquitaine\/blanquefort-profs-perturbent-bacs-1502187.html\" rel=\"external\">France info Nouvelle Aquitaine<\/a><\/p>\n<p><a class=\"spip_out\" href=\"https:\/\/france3-regions.francetvinfo.fr\/nouvelle-aquitaine\/blanquefort-profs-perturbent-bacs-1502187.html\" rel=\"external\">France 3<\/a><\/p>\n<p>&nbsp;<\/p>\n","protected":false},"excerpt":{"rendered":"<p>Les militant.es \u00e9vacu\u00e9.es par les forces de l\u2019ordre restent en alerte Apr\u00e8s avoir distribu\u00e9 des tracts et dialogu\u00e9 avec les correcteur.rices devant le centre de corrections des \u00e9preuves Bac pro au lyc\u00e9e agricole de Blanquefort, lundi, l\u2019intersyndicale Snetap-FSU\u00a0\/\u00a0CGT-Agri \/\u00a0SUD-Rural a d\u00e9cid\u00e9, ce matin tr\u00e8s t\u00f4t, d\u2019entamer\u00a0une action de blocage du centre de correction\u00a0du baccalaur\u00e9at professionnel [&hellip;]<\/p>\n","protected":false},"author":99,"featured_media":786,"comment_status":"closed","ping_status":"closed","sticky":false,"template":"","format":"standard","meta":{"ocean_post_layout":"","ocean_both_sidebars_style":"","ocean_both_sidebars_content_width":0,"ocean_both_sidebars_sidebars_width":0,"ocean_sidebar":"","ocean_second_sidebar":"","ocean_disable_margins":"enable","ocean_add_body_class":"","ocean_shortcode_before_top_bar":"","ocean_shortcode_after_top_bar":"","ocean_shortcode_before_header":"","ocean_shortcode_after_header":"","ocean_has_shortcode":"","ocean_shortcode_after_title":"","ocean_shortcode_before_footer_widgets":"","ocean_shortcode_after_footer_widgets":"","ocean_shortcode_before_footer_bottom":"","ocean_shortcode_after_footer_bottom":"","ocean_display_top_bar":"default","ocean_display_header":"default","ocean_header_style":"","ocean_center_header_left_menu":"","ocean_custom_header_template":"","ocean_custom_logo":0,"ocean_custom_retina_logo":0,"ocean_custom_logo_max_width":0,"ocean_custom_logo_tablet_max_width":0,"ocean_custom_logo_mobile_max_width":0,"ocean_custom_logo_max_height":0,"ocean_custom_logo_tablet_max_height":0,"ocean_custom_logo_mobile_max_height":0,"ocean_header_custom_menu":"","ocean_menu_typo_font_family":"","ocean_menu_typo_font_subset":"","ocean_menu_typo_font_size":0,"ocean_menu_typo_font_size_tablet":0,"ocean_menu_typo_font_size_mobile":0,"ocean_menu_typo_font_size_unit":"px","ocean_menu_typo_font_weight":"","ocean_menu_typo_font_weight_tablet":"","ocean_menu_typo_font_weight_mobile":"","ocean_menu_typo_transform":"","ocean_menu_typo_transform_tablet":"","ocean_menu_typo_transform_mobile":"","ocean_menu_typo_line_height":0,"ocean_menu_typo_line_height_tablet":0,"ocean_menu_typo_line_height_mobile":0,"ocean_menu_typo_line_height_unit":"","ocean_menu_typo_spacing":0,"ocean_menu_typo_spacing_tablet":0,"ocean_menu_typo_spacing_mobile":0,"ocean_menu_typo_spacing_unit":"","ocean_menu_link_color":"","ocean_menu_link_color_hover":"","ocean_menu_link_color_active":"","ocean_menu_link_background":"","ocean_menu_link_hover_background":"","ocean_menu_link_active_background":"","ocean_menu_social_links_bg":"","ocean_menu_social_hover_links_bg":"","ocean_menu_social_links_color":"","ocean_menu_social_hover_links_color":"","ocean_disable_title":"default","ocean_disable_heading":"default","ocean_post_title":"","ocean_post_subheading":"","ocean_post_title_style":"","ocean_post_title_background_color":"","ocean_post_title_background":0,"ocean_post_title_bg_image_position":"","ocean_post_title_bg_image_attachment":"","ocean_post_title_bg_image_repeat":"","ocean_post_title_bg_image_size":"","ocean_post_title_height":0,"ocean_post_title_bg_overlay":0.5,"ocean_post_title_bg_overlay_color":"","ocean_disable_breadcrumbs":"default","ocean_breadcrumbs_color":"","ocean_breadcrumbs_separator_color":"","ocean_breadcrumbs_links_color":"","ocean_breadcrumbs_links_hover_color":"","ocean_display_footer_widgets":"default","ocean_display_footer_bottom":"default","ocean_custom_footer_template":"","ocean_post_oembed":"","ocean_post_self_hosted_media":"","ocean_post_video_embed":"","ocean_link_format":"","ocean_link_format_target":"self","ocean_quote_format":"","ocean_quote_format_link":"post","ocean_gallery_link_images":"on","ocean_gallery_id":[],"footnotes":""},"categories":[8],"tags":[],"post_folder":[],"class_list":["post-782","post","type-post","status-publish","format-standard","has-post-thumbnail","hentry","category-na","entry","has-media"],"yoast_head":"<!-- This site is optimized with the Yoast SEO plugin v27.4 - https:\/\/yoast.com\/product\/yoast-seo-wordpress\/ -->\n<title>Les militant.es \u00e9vacu\u00e9.es par les forces de l\u2019ordre restent en alerte - NOUVELLE AQUITAINE<\/title>\n<meta name=\"robots\" content=\"index, follow, max-snippet:-1, max-image-preview:large, max-video-preview:-1\" \/>\n<link rel=\"canonical\" href=\"https:\/\/regions-snetap-fsu.fr\/na\/2018\/06\/26\/les-militant-es-evacue-es-par-les-forces-de-lordre-restent-en-alerte\/\" \/>\n<meta property=\"og:locale\" content=\"fr_FR\" \/>\n<meta property=\"og:type\" content=\"article\" \/>\n<meta property=\"og:title\" content=\"Les militant.es \u00e9vacu\u00e9.es par les forces de l\u2019ordre restent en alerte - NOUVELLE AQUITAINE\" \/>\n<meta property=\"og:description\" content=\"Les militant.es \u00e9vacu\u00e9.es par les forces de l\u2019ordre restent en alerte Apr\u00e8s avoir distribu\u00e9 des tracts et dialogu\u00e9 avec les correcteur.rices devant le centre de corrections des \u00e9preuves Bac pro au lyc\u00e9e agricole de Blanquefort, lundi, l\u2019intersyndicale Snetap-FSU\u00a0\/\u00a0CGT-Agri \/\u00a0SUD-Rural a d\u00e9cid\u00e9, ce matin tr\u00e8s t\u00f4t, d\u2019entamer\u00a0une action de blocage du centre de correction\u00a0du baccalaur\u00e9at professionnel [&hellip;]\" \/>\n<meta property=\"og:url\" content=\"https:\/\/regions-snetap-fsu.fr\/na\/2018\/06\/26\/les-militant-es-evacue-es-par-les-forces-de-lordre-restent-en-alerte\/\" \/>\n<meta property=\"og:site_name\" content=\"NOUVELLE AQUITAINE\" \/>\n<meta property=\"article:published_time\" content=\"2018-06-26T05:09:04+00:00\" \/>\n<meta property=\"article:modified_time\" content=\"2018-09-18T05:17:18+00:00\" \/>\n<meta property=\"og:image\" content=\"https:\/\/regions-snetap-fsu.fr\/na\/wp-content\/uploads\/sites\/3\/2018\/09\/Blocus-Blanquefort.jpg\" \/>\n\t<meta property=\"og:image:width\" content=\"900\" \/>\n\t<meta property=\"og:image:height\" content=\"1200\" \/>\n\t<meta property=\"og:image:type\" content=\"image\/jpeg\" \/>\n<meta name=\"author\" content=\"Tmoos\" \/>\n<meta name=\"twitter:card\" content=\"summary_large_image\" \/>\n<meta name=\"twitter:label1\" content=\"\u00c9crit par\" \/>\n\t<meta name=\"twitter:data1\" content=\"Tmoos\" \/>\n\t<meta name=\"twitter:label2\" content=\"Dur\u00e9e de lecture estim\u00e9e\" \/>\n\t<meta name=\"twitter:data2\" content=\"2 minutes\" \/>\n<script type=\"application\/ld+json\" class=\"yoast-schema-graph\">{\"@context\":\"https:\\\/\\\/schema.org\",\"@graph\":[{\"@type\":\"Article\",\"@id\":\"https:\\\/\\\/regions-snetap-fsu.fr\\\/na\\\/2018\\\/06\\\/26\\\/les-militant-es-evacue-es-par-les-forces-de-lordre-restent-en-alerte\\\/#article\",\"isPartOf\":{\"@id\":\"https:\\\/\\\/regions-snetap-fsu.fr\\\/na\\\/2018\\\/06\\\/26\\\/les-militant-es-evacue-es-par-les-forces-de-lordre-restent-en-alerte\\\/\"},\"author\":{\"name\":\"Tmoos\",\"@id\":\"https:\\\/\\\/regions-snetap-fsu.fr\\\/na\\\/#\\\/schema\\\/person\\\/200c3209e01aa8c2a287fda4d096cd22\"},\"headline\":\"Les militant.es \u00e9vacu\u00e9.es par les forces de l\u2019ordre restent en alerte\",\"datePublished\":\"2018-06-26T05:09:04+00:00\",\"dateModified\":\"2018-09-18T05:17:18+00:00\",\"mainEntityOfPage\":{\"@id\":\"https:\\\/\\\/regions-snetap-fsu.fr\\\/na\\\/2018\\\/06\\\/26\\\/les-militant-es-evacue-es-par-les-forces-de-lordre-restent-en-alerte\\\/\"},\"wordCount\":480,\"publisher\":{\"@id\":\"https:\\\/\\\/regions-snetap-fsu.fr\\\/na\\\/#organization\"},\"image\":{\"@id\":\"https:\\\/\\\/regions-snetap-fsu.fr\\\/na\\\/2018\\\/06\\\/26\\\/les-militant-es-evacue-es-par-les-forces-de-lordre-restent-en-alerte\\\/#primaryimage\"},\"thumbnailUrl\":\"https:\\\/\\\/regions-snetap-fsu.fr\\\/na\\\/wp-content\\\/uploads\\\/sites\\\/3\\\/2018\\\/09\\\/Blocus-Blanquefort.jpg\",\"articleSection\":[\"NA\"],\"inLanguage\":\"fr-FR\"},{\"@type\":\"WebPage\",\"@id\":\"https:\\\/\\\/regions-snetap-fsu.fr\\\/na\\\/2018\\\/06\\\/26\\\/les-militant-es-evacue-es-par-les-forces-de-lordre-restent-en-alerte\\\/\",\"url\":\"https:\\\/\\\/regions-snetap-fsu.fr\\\/na\\\/2018\\\/06\\\/26\\\/les-militant-es-evacue-es-par-les-forces-de-lordre-restent-en-alerte\\\/\",\"name\":\"Les militant.es \u00e9vacu\u00e9.es par les forces de l\u2019ordre restent en alerte - NOUVELLE AQUITAINE\",\"isPartOf\":{\"@id\":\"https:\\\/\\\/regions-snetap-fsu.fr\\\/na\\\/#website\"},\"primaryImageOfPage\":{\"@id\":\"https:\\\/\\\/regions-snetap-fsu.fr\\\/na\\\/2018\\\/06\\\/26\\\/les-militant-es-evacue-es-par-les-forces-de-lordre-restent-en-alerte\\\/#primaryimage\"},\"image\":{\"@id\":\"https:\\\/\\\/regions-snetap-fsu.fr\\\/na\\\/2018\\\/06\\\/26\\\/les-militant-es-evacue-es-par-les-forces-de-lordre-restent-en-alerte\\\/#primaryimage\"},\"thumbnailUrl\":\"https:\\\/\\\/regions-snetap-fsu.fr\\\/na\\\/wp-content\\\/uploads\\\/sites\\\/3\\\/2018\\\/09\\\/Blocus-Blanquefort.jpg\",\"datePublished\":\"2018-06-26T05:09:04+00:00\",\"dateModified\":\"2018-09-18T05:17:18+00:00\",\"breadcrumb\":{\"@id\":\"https:\\\/\\\/regions-snetap-fsu.fr\\\/na\\\/2018\\\/06\\\/26\\\/les-militant-es-evacue-es-par-les-forces-de-lordre-restent-en-alerte\\\/#breadcrumb\"},\"inLanguage\":\"fr-FR\",\"potentialAction\":[{\"@type\":\"ReadAction\",\"target\":[\"https:\\\/\\\/regions-snetap-fsu.fr\\\/na\\\/2018\\\/06\\\/26\\\/les-militant-es-evacue-es-par-les-forces-de-lordre-restent-en-alerte\\\/\"]}]},{\"@type\":\"ImageObject\",\"inLanguage\":\"fr-FR\",\"@id\":\"https:\\\/\\\/regions-snetap-fsu.fr\\\/na\\\/2018\\\/06\\\/26\\\/les-militant-es-evacue-es-par-les-forces-de-lordre-restent-en-alerte\\\/#primaryimage\",\"url\":\"https:\\\/\\\/regions-snetap-fsu.fr\\\/na\\\/wp-content\\\/uploads\\\/sites\\\/3\\\/2018\\\/09\\\/Blocus-Blanquefort.jpg\",\"contentUrl\":\"https:\\\/\\\/regions-snetap-fsu.fr\\\/na\\\/wp-content\\\/uploads\\\/sites\\\/3\\\/2018\\\/09\\\/Blocus-Blanquefort.jpg\",\"width\":900,\"height\":1200},{\"@type\":\"BreadcrumbList\",\"@id\":\"https:\\\/\\\/regions-snetap-fsu.fr\\\/na\\\/2018\\\/06\\\/26\\\/les-militant-es-evacue-es-par-les-forces-de-lordre-restent-en-alerte\\\/#breadcrumb\",\"itemListElement\":[{\"@type\":\"ListItem\",\"position\":1,\"name\":\"Accueil\",\"item\":\"https:\\\/\\\/regions-snetap-fsu.fr\\\/na\\\/\"},{\"@type\":\"ListItem\",\"position\":2,\"name\":\"Les militant.es \u00e9vacu\u00e9.es par les forces de l\u2019ordre restent en alerte\"}]},{\"@type\":\"WebSite\",\"@id\":\"https:\\\/\\\/regions-snetap-fsu.fr\\\/na\\\/#website\",\"url\":\"https:\\\/\\\/regions-snetap-fsu.fr\\\/na\\\/\",\"name\":\"SNETAP-FSU NOUVELLE AQUITAINE\",\"description\":\"Blog de la Section R\u00e9gionale\",\"publisher\":{\"@id\":\"https:\\\/\\\/regions-snetap-fsu.fr\\\/na\\\/#organization\"},\"potentialAction\":[{\"@type\":\"SearchAction\",\"target\":{\"@type\":\"EntryPoint\",\"urlTemplate\":\"https:\\\/\\\/regions-snetap-fsu.fr\\\/na\\\/?s={search_term_string}\"},\"query-input\":{\"@type\":\"PropertyValueSpecification\",\"valueRequired\":true,\"valueName\":\"search_term_string\"}}],\"inLanguage\":\"fr-FR\"},{\"@type\":\"Organization\",\"@id\":\"https:\\\/\\\/regions-snetap-fsu.fr\\\/na\\\/#organization\",\"name\":\"SNETAP-FSU - Nouvelle Aquitaine\",\"url\":\"https:\\\/\\\/regions-snetap-fsu.fr\\\/na\\\/\",\"logo\":{\"@type\":\"ImageObject\",\"inLanguage\":\"fr-FR\",\"@id\":\"https:\\\/\\\/regions-snetap-fsu.fr\\\/na\\\/#\\\/schema\\\/logo\\\/image\\\/\",\"url\":\"https:\\\/\\\/regions-snetap-fsu.fr\\\/na\\\/wp-content\\\/uploads\\\/sites\\\/3\\\/2020\\\/12\\\/SNETAP-Logo.jpg\",\"contentUrl\":\"https:\\\/\\\/regions-snetap-fsu.fr\\\/na\\\/wp-content\\\/uploads\\\/sites\\\/3\\\/2020\\\/12\\\/SNETAP-Logo.jpg\",\"width\":464,\"height\":334,\"caption\":\"SNETAP-FSU - Nouvelle Aquitaine\"},\"image\":{\"@id\":\"https:\\\/\\\/regions-snetap-fsu.fr\\\/na\\\/#\\\/schema\\\/logo\\\/image\\\/\"}},{\"@type\":\"Person\",\"@id\":\"https:\\\/\\\/regions-snetap-fsu.fr\\\/na\\\/#\\\/schema\\\/person\\\/200c3209e01aa8c2a287fda4d096cd22\",\"name\":\"Tmoos\",\"image\":{\"@type\":\"ImageObject\",\"inLanguage\":\"fr-FR\",\"@id\":\"https:\\\/\\\/secure.gravatar.com\\\/avatar\\\/ee9416e21ddddd1cb4bc3f8a9a89584e0671c3184caebebe8e4de3129769a613?s=96&d=mm&r=g\",\"url\":\"https:\\\/\\\/secure.gravatar.com\\\/avatar\\\/ee9416e21ddddd1cb4bc3f8a9a89584e0671c3184caebebe8e4de3129769a613?s=96&d=mm&r=g\",\"contentUrl\":\"https:\\\/\\\/secure.gravatar.com\\\/avatar\\\/ee9416e21ddddd1cb4bc3f8a9a89584e0671c3184caebebe8e4de3129769a613?s=96&d=mm&r=g\",\"caption\":\"Tmoos\"},\"url\":\"https:\\\/\\\/regions-snetap-fsu.fr\\\/na\\\/author\\\/fthomas\\\/\"}]}<\/script>\n<!-- \/ Yoast SEO plugin. -->","yoast_head_json":{"title":"Les militant.es \u00e9vacu\u00e9.es par les forces de l\u2019ordre restent en alerte - NOUVELLE AQUITAINE","robots":{"index":"index","follow":"follow","max-snippet":"max-snippet:-1","max-image-preview":"max-image-preview:large","max-video-preview":"max-video-preview:-1"},"canonical":"https:\/\/regions-snetap-fsu.fr\/na\/2018\/06\/26\/les-militant-es-evacue-es-par-les-forces-de-lordre-restent-en-alerte\/","og_locale":"fr_FR","og_type":"article","og_title":"Les militant.es \u00e9vacu\u00e9.es par les forces de l\u2019ordre restent en alerte - NOUVELLE AQUITAINE","og_description":"Les militant.es \u00e9vacu\u00e9.es par les forces de l\u2019ordre restent en alerte Apr\u00e8s avoir distribu\u00e9 des tracts et dialogu\u00e9 avec les correcteur.rices devant le centre de corrections des \u00e9preuves Bac pro au lyc\u00e9e agricole de Blanquefort, lundi, l\u2019intersyndicale Snetap-FSU\u00a0\/\u00a0CGT-Agri \/\u00a0SUD-Rural a d\u00e9cid\u00e9, ce matin tr\u00e8s t\u00f4t, d\u2019entamer\u00a0une action de blocage du centre de correction\u00a0du baccalaur\u00e9at professionnel [&hellip;]","og_url":"https:\/\/regions-snetap-fsu.fr\/na\/2018\/06\/26\/les-militant-es-evacue-es-par-les-forces-de-lordre-restent-en-alerte\/","og_site_name":"NOUVELLE AQUITAINE","article_published_time":"2018-06-26T05:09:04+00:00","article_modified_time":"2018-09-18T05:17:18+00:00","og_image":[{"width":900,"height":1200,"url":"https:\/\/regions-snetap-fsu.fr\/na\/wp-content\/uploads\/sites\/3\/2018\/09\/Blocus-Blanquefort.jpg","type":"image\/jpeg"}],"author":"Tmoos","twitter_card":"summary_large_image","twitter_misc":{"\u00c9crit par":"Tmoos","Dur\u00e9e de lecture estim\u00e9e":"2 minutes"},"schema":{"@context":"https:\/\/schema.org","@graph":[{"@type":"Article","@id":"https:\/\/regions-snetap-fsu.fr\/na\/2018\/06\/26\/les-militant-es-evacue-es-par-les-forces-de-lordre-restent-en-alerte\/#article","isPartOf":{"@id":"https:\/\/regions-snetap-fsu.fr\/na\/2018\/06\/26\/les-militant-es-evacue-es-par-les-forces-de-lordre-restent-en-alerte\/"},"author":{"name":"Tmoos","@id":"https:\/\/regions-snetap-fsu.fr\/na\/#\/schema\/person\/200c3209e01aa8c2a287fda4d096cd22"},"headline":"Les militant.es \u00e9vacu\u00e9.es par les forces de l\u2019ordre restent en alerte","datePublished":"2018-06-26T05:09:04+00:00","dateModified":"2018-09-18T05:17:18+00:00","mainEntityOfPage":{"@id":"https:\/\/regions-snetap-fsu.fr\/na\/2018\/06\/26\/les-militant-es-evacue-es-par-les-forces-de-lordre-restent-en-alerte\/"},"wordCount":480,"publisher":{"@id":"https:\/\/regions-snetap-fsu.fr\/na\/#organization"},"image":{"@id":"https:\/\/regions-snetap-fsu.fr\/na\/2018\/06\/26\/les-militant-es-evacue-es-par-les-forces-de-lordre-restent-en-alerte\/#primaryimage"},"thumbnailUrl":"https:\/\/regions-snetap-fsu.fr\/na\/wp-content\/uploads\/sites\/3\/2018\/09\/Blocus-Blanquefort.jpg","articleSection":["NA"],"inLanguage":"fr-FR"},{"@type":"WebPage","@id":"https:\/\/regions-snetap-fsu.fr\/na\/2018\/06\/26\/les-militant-es-evacue-es-par-les-forces-de-lordre-restent-en-alerte\/","url":"https:\/\/regions-snetap-fsu.fr\/na\/2018\/06\/26\/les-militant-es-evacue-es-par-les-forces-de-lordre-restent-en-alerte\/","name":"Les militant.es \u00e9vacu\u00e9.es par les forces de l\u2019ordre restent en alerte - NOUVELLE AQUITAINE","isPartOf":{"@id":"https:\/\/regions-snetap-fsu.fr\/na\/#website"},"primaryImageOfPage":{"@id":"https:\/\/regions-snetap-fsu.fr\/na\/2018\/06\/26\/les-militant-es-evacue-es-par-les-forces-de-lordre-restent-en-alerte\/#primaryimage"},"image":{"@id":"https:\/\/regions-snetap-fsu.fr\/na\/2018\/06\/26\/les-militant-es-evacue-es-par-les-forces-de-lordre-restent-en-alerte\/#primaryimage"},"thumbnailUrl":"https:\/\/regions-snetap-fsu.fr\/na\/wp-content\/uploads\/sites\/3\/2018\/09\/Blocus-Blanquefort.jpg","datePublished":"2018-06-26T05:09:04+00:00","dateModified":"2018-09-18T05:17:18+00:00","breadcrumb":{"@id":"https:\/\/regions-snetap-fsu.fr\/na\/2018\/06\/26\/les-militant-es-evacue-es-par-les-forces-de-lordre-restent-en-alerte\/#breadcrumb"},"inLanguage":"fr-FR","potentialAction":[{"@type":"ReadAction","target":["https:\/\/regions-snetap-fsu.fr\/na\/2018\/06\/26\/les-militant-es-evacue-es-par-les-forces-de-lordre-restent-en-alerte\/"]}]},{"@type":"ImageObject","inLanguage":"fr-FR","@id":"https:\/\/regions-snetap-fsu.fr\/na\/2018\/06\/26\/les-militant-es-evacue-es-par-les-forces-de-lordre-restent-en-alerte\/#primaryimage","url":"https:\/\/regions-snetap-fsu.fr\/na\/wp-content\/uploads\/sites\/3\/2018\/09\/Blocus-Blanquefort.jpg","contentUrl":"https:\/\/regions-snetap-fsu.fr\/na\/wp-content\/uploads\/sites\/3\/2018\/09\/Blocus-Blanquefort.jpg","width":900,"height":1200},{"@type":"BreadcrumbList","@id":"https:\/\/regions-snetap-fsu.fr\/na\/2018\/06\/26\/les-militant-es-evacue-es-par-les-forces-de-lordre-restent-en-alerte\/#breadcrumb","itemListElement":[{"@type":"ListItem","position":1,"name":"Accueil","item":"https:\/\/regions-snetap-fsu.fr\/na\/"},{"@type":"ListItem","position":2,"name":"Les militant.es \u00e9vacu\u00e9.es par les forces de l\u2019ordre restent en alerte"}]},{"@type":"WebSite","@id":"https:\/\/regions-snetap-fsu.fr\/na\/#website","url":"https:\/\/regions-snetap-fsu.fr\/na\/","name":"SNETAP-FSU NOUVELLE AQUITAINE","description":"Blog de la Section R\u00e9gionale","publisher":{"@id":"https:\/\/regions-snetap-fsu.fr\/na\/#organization"},"potentialAction":[{"@type":"SearchAction","target":{"@type":"EntryPoint","urlTemplate":"https:\/\/regions-snetap-fsu.fr\/na\/?s={search_term_string}"},"query-input":{"@type":"PropertyValueSpecification","valueRequired":true,"valueName":"search_term_string"}}],"inLanguage":"fr-FR"},{"@type":"Organization","@id":"https:\/\/regions-snetap-fsu.fr\/na\/#organization","name":"SNETAP-FSU - Nouvelle Aquitaine","url":"https:\/\/regions-snetap-fsu.fr\/na\/","logo":{"@type":"ImageObject","inLanguage":"fr-FR","@id":"https:\/\/regions-snetap-fsu.fr\/na\/#\/schema\/logo\/image\/","url":"https:\/\/regions-snetap-fsu.fr\/na\/wp-content\/uploads\/sites\/3\/2020\/12\/SNETAP-Logo.jpg","contentUrl":"https:\/\/regions-snetap-fsu.fr\/na\/wp-content\/uploads\/sites\/3\/2020\/12\/SNETAP-Logo.jpg","width":464,"height":334,"caption":"SNETAP-FSU - Nouvelle Aquitaine"},"image":{"@id":"https:\/\/regions-snetap-fsu.fr\/na\/#\/schema\/logo\/image\/"}},{"@type":"Person","@id":"https:\/\/regions-snetap-fsu.fr\/na\/#\/schema\/person\/200c3209e01aa8c2a287fda4d096cd22","name":"Tmoos","image":{"@type":"ImageObject","inLanguage":"fr-FR","@id":"https:\/\/secure.gravatar.com\/avatar\/ee9416e21ddddd1cb4bc3f8a9a89584e0671c3184caebebe8e4de3129769a613?s=96&d=mm&r=g","url":"https:\/\/secure.gravatar.com\/avatar\/ee9416e21ddddd1cb4bc3f8a9a89584e0671c3184caebebe8e4de3129769a613?s=96&d=mm&r=g","contentUrl":"https:\/\/secure.gravatar.com\/avatar\/ee9416e21ddddd1cb4bc3f8a9a89584e0671c3184caebebe8e4de3129769a613?s=96&d=mm&r=g","caption":"Tmoos"},"url":"https:\/\/regions-snetap-fsu.fr\/na\/author\/fthomas\/"}]}},"_links":{"self":[{"href":"https:\/\/regions-snetap-fsu.fr\/na\/wp-json\/wp\/v2\/posts\/782","targetHints":{"allow":["GET"]}}],"collection":[{"href":"https:\/\/regions-snetap-fsu.fr\/na\/wp-json\/wp\/v2\/posts"}],"about":[{"href":"https:\/\/regions-snetap-fsu.fr\/na\/wp-json\/wp\/v2\/types\/post"}],"author":[{"embeddable":true,"href":"https:\/\/regions-snetap-fsu.fr\/na\/wp-json\/wp\/v2\/users\/99"}],"replies":[{"embeddable":true,"href":"https:\/\/regions-snetap-fsu.fr\/na\/wp-json\/wp\/v2\/comments?post=782"}],"version-history":[{"count":4,"href":"https:\/\/regions-snetap-fsu.fr\/na\/wp-json\/wp\/v2\/posts\/782\/revisions"}],"predecessor-version":[{"id":789,"href":"https:\/\/regions-snetap-fsu.fr\/na\/wp-json\/wp\/v2\/posts\/782\/revisions\/789"}],"wp:featuredmedia":[{"embeddable":true,"href":"https:\/\/regions-snetap-fsu.fr\/na\/wp-json\/wp\/v2\/media\/786"}],"wp:attachment":[{"href":"https:\/\/regions-snetap-fsu.fr\/na\/wp-json\/wp\/v2\/media?parent=782"}],"wp:term":[{"taxonomy":"category","embeddable":true,"href":"https:\/\/regions-snetap-fsu.fr\/na\/wp-json\/wp\/v2\/categories?post=782"},{"taxonomy":"post_tag","embeddable":true,"href":"https:\/\/regions-snetap-fsu.fr\/na\/wp-json\/wp\/v2\/tags?post=782"},{"taxonomy":"post_folder","embeddable":true,"href":"https:\/\/regions-snetap-fsu.fr\/na\/wp-json\/wp\/v2\/post_folder?post=782"}],"curies":[{"name":"wp","href":"https:\/\/api.w.org\/{rel}","templated":true}]}}