{"id":773,"date":"2018-06-20T08:17:51","date_gmt":"2018-06-20T06:17:51","guid":{"rendered":"https:\/\/regions-snetap-fsu.fr\/na\/?p=773"},"modified":"2018-09-19T15:32:31","modified_gmt":"2018-09-19T13:32:31","slug":"nlle-aquitaine-en-soutien-contre-la-fermeture-du-lpah-de-moissac","status":"publish","type":"post","link":"https:\/\/regions-snetap-fsu.fr\/na\/2018\/06\/20\/nlle-aquitaine-en-soutien-contre-la-fermeture-du-lpah-de-moissac\/","title":{"rendered":"Nlle Aquitaine en soutien contre la fermeture du LPAH de Moissac"},"content":{"rendered":"<div class=\"crayon article-chapo-5290 chapo surlignable\">\n<p>Mercredi 20 juin 2018, 150 personnes ont manifest\u00e9, \u00e0 l\u2019appel de l\u2019intersyndicale\u00a0<a class=\"cs_glossaire\" href=\"https:\/\/www.snetap-fsu.fr\/+-FSU-+.html\" name=\"mot96_0\"><span class=\"gl_mot\">FSU<\/span><\/a>&#8211;<a class=\"cs_glossaire\" href=\"https:\/\/www.snetap-fsu.fr\/+-CGT-+.html\" name=\"mot157_1\"><span class=\"gl_mot\">CGT<\/span><\/a>&#8211;<a class=\"cs_glossaire\" href=\"https:\/\/www.snetap-fsu.fr\/+-mot158-+.html\" name=\"mot158_2\"><span class=\"gl_mot\">FO<\/span><\/a>&#8211;<a class=\"cs_glossaire\" href=\"https:\/\/www.snetap-fsu.fr\/+-SUD-+.html\" name=\"mot178_3\"><span class=\"gl_mot\">SUD<\/span><\/a>\u00a0de l\u2019enseignement agricole public, devant le lyc\u00e9e agricole de Montauban pour le maintien des formations scolaires au LPAH de Moissac.<\/p>\n<p>Une d\u00e9l\u00e9gation du Snetap-FSU Nouvelle Aquitaine a rejoint ce rassemblement en soutien aux coll\u00e8gues de Moissac.<\/p>\n<\/div>\n<p><!--more--><\/p>\n<div class=\"crayon article-texte-5290 texte surlignable clearfix\">\n<p>Pour le Snetap-<a class=\"cs_glossaire\" href=\"https:\/\/www.snetap-fsu.fr\/+-FSU-+.html\" name=\"mot96_0\"><span class=\"gl_mot\">FSU<\/span><\/a>\u00a0Nouvelle Aquitaine, la participation \u00e0 cette action \u00e9tait importante car l\u2019annonce du transfert des formations du lyc\u00e9e de Moissac \u00e0 Montauban, sous le pr\u00e9texte notamment d\u2019effectifs trop faibles, met en p\u00e9ril bon nombre d\u2019\u00e9tablissements de la r\u00e9gion.\u00a0<br class=\"autobr\" \/>En effet sur la Nouvelle Aquitaine plusieurs \u00e9tablissements sont aujourd\u2019hui dans des conditions de recrutement et de fonctionnement identiques \u00e0 Moissac.<br class=\"autobr\" \/>Laisser fermer le lyc\u00e9e de Moissac c\u2019est accepter la fermeture demain de tous les petits \u00e9tablissements\u2026 inacceptable\u00a0!<\/p>\n<p>Le Snetap-FSU Nouvelle Aquitaine appelle donc \u00e0 poursuivre les actions de solidarit\u00e9 avec le lyc\u00e9e de Moissac, notamment lors de la manifestation organis\u00e9e le 29 juin prochain devant le lyc\u00e9e.<\/p>\n<dl class=\"spip_document_6076 spip_documents spip_documents_center\">\n<dt><img fetchpriority=\"high\" decoding=\"async\" src=\"https:\/\/www.snetap-fsu.fr\/local\/cache-vignettes\/L672xH505\/img_2788-b7e5c.jpg?1536685919\" alt=\"\" width=\"672\" height=\"505\" \/><\/dt>\n<dt class=\"crayon document-titre-6076 spip_doc_titre\"><strong>La d\u00e9l\u00e9gation Nouvelle Aquitaine \u00e0 Moissac<\/strong><\/dt>\n<\/dl>\n<\/div>\n","protected":false},"excerpt":{"rendered":"<p>Mercredi 20 juin 2018, 150 personnes ont manifest\u00e9, \u00e0 l\u2019appel de l\u2019intersyndicale\u00a0FSU&#8211;CGT&#8211;FO&#8211;SUD\u00a0de l\u2019enseignement agricole public, devant le lyc\u00e9e agricole de Montauban pour le maintien des formations scolaires au LPAH de Moissac. Une d\u00e9l\u00e9gation du Snetap-FSU Nouvelle Aquitaine a rejoint ce rassemblement en soutien aux coll\u00e8gues de Moissac.<\/p>\n","protected":false},"author":99,"featured_media":775,"comment_status":"closed","ping_status":"closed","sticky":false,"template":"","format":"standard","meta":{"ocean_post_layout":"","ocean_both_sidebars_style":"","ocean_both_sidebars_content_width":0,"ocean_both_sidebars_sidebars_width":0,"ocean_sidebar":"","ocean_second_sidebar":"","ocean_disable_margins":"enable","ocean_add_body_class":"","ocean_shortcode_before_top_bar":"","ocean_shortcode_after_top_bar":"","ocean_shortcode_before_header":"","ocean_shortcode_after_header":"","ocean_has_shortcode":"","ocean_shortcode_after_title":"","ocean_shortcode_before_footer_widgets":"","ocean_shortcode_after_footer_widgets":"","ocean_shortcode_before_footer_bottom":"","ocean_shortcode_after_footer_bottom":"","ocean_display_top_bar":"default","ocean_display_header":"default","ocean_header_style":"","ocean_center_header_left_menu":"","ocean_custom_header_template":"","ocean_custom_logo":0,"ocean_custom_retina_logo":0,"ocean_custom_logo_max_width":0,"ocean_custom_logo_tablet_max_width":0,"ocean_custom_logo_mobile_max_width":0,"ocean_custom_logo_max_height":0,"ocean_custom_logo_tablet_max_height":0,"ocean_custom_logo_mobile_max_height":0,"ocean_header_custom_menu":"","ocean_menu_typo_font_family":"","ocean_menu_typo_font_subset":"","ocean_menu_typo_font_size":0,"ocean_menu_typo_font_size_tablet":0,"ocean_menu_typo_font_size_mobile":0,"ocean_menu_typo_font_size_unit":"px","ocean_menu_typo_font_weight":"","ocean_menu_typo_font_weight_tablet":"","ocean_menu_typo_font_weight_mobile":"","ocean_menu_typo_transform":"","ocean_menu_typo_transform_tablet":"","ocean_menu_typo_transform_mobile":"","ocean_menu_typo_line_height":0,"ocean_menu_typo_line_height_tablet":0,"ocean_menu_typo_line_height_mobile":0,"ocean_menu_typo_line_height_unit":"","ocean_menu_typo_spacing":0,"ocean_menu_typo_spacing_tablet":0,"ocean_menu_typo_spacing_mobile":0,"ocean_menu_typo_spacing_unit":"","ocean_menu_link_color":"","ocean_menu_link_color_hover":"","ocean_menu_link_color_active":"","ocean_menu_link_background":"","ocean_menu_link_hover_background":"","ocean_menu_link_active_background":"","ocean_menu_social_links_bg":"","ocean_menu_social_hover_links_bg":"","ocean_menu_social_links_color":"","ocean_menu_social_hover_links_color":"","ocean_disable_title":"default","ocean_disable_heading":"default","ocean_post_title":"","ocean_post_subheading":"","ocean_post_title_style":"","ocean_post_title_background_color":"","ocean_post_title_background":0,"ocean_post_title_bg_image_position":"","ocean_post_title_bg_image_attachment":"","ocean_post_title_bg_image_repeat":"","ocean_post_title_bg_image_size":"","ocean_post_title_height":0,"ocean_post_title_bg_overlay":0.5,"ocean_post_title_bg_overlay_color":"","ocean_disable_breadcrumbs":"default","ocean_breadcrumbs_color":"","ocean_breadcrumbs_separator_color":"","ocean_breadcrumbs_links_color":"","ocean_breadcrumbs_links_hover_color":"","ocean_display_footer_widgets":"default","ocean_display_footer_bottom":"default","ocean_custom_footer_template":"","ocean_post_oembed":"","ocean_post_self_hosted_media":"","ocean_post_video_embed":"","ocean_link_format":"","ocean_link_format_target":"self","ocean_quote_format":"","ocean_quote_format_link":"post","ocean_gallery_link_images":"on","ocean_gallery_id":[],"footnotes":""},"categories":[12,2,8],"tags":[],"post_folder":[],"class_list":["post-773","post","type-post","status-publish","format-standard","has-post-thumbnail","hentry","category-actions","category-actus","category-na","entry","has-media"],"yoast_head":"<!-- This site is optimized with the Yoast SEO plugin v27.4 - https:\/\/yoast.com\/product\/yoast-seo-wordpress\/ -->\n<title>Nlle Aquitaine en soutien contre la fermeture du LPAH de Moissac - NOUVELLE AQUITAINE<\/title>\n<meta name=\"robots\" content=\"index, follow, max-snippet:-1, max-image-preview:large, max-video-preview:-1\" \/>\n<link rel=\"canonical\" href=\"https:\/\/regions-snetap-fsu.fr\/na\/2018\/06\/20\/nlle-aquitaine-en-soutien-contre-la-fermeture-du-lpah-de-moissac\/\" \/>\n<meta property=\"og:locale\" content=\"fr_FR\" \/>\n<meta property=\"og:type\" content=\"article\" \/>\n<meta property=\"og:title\" content=\"Nlle Aquitaine en soutien contre la fermeture du LPAH de Moissac - NOUVELLE AQUITAINE\" \/>\n<meta property=\"og:description\" content=\"Mercredi 20 juin 2018, 150 personnes ont manifest\u00e9, \u00e0 l\u2019appel de l\u2019intersyndicale\u00a0FSU&#8211;CGT&#8211;FO&#8211;SUD\u00a0de l\u2019enseignement agricole public, devant le lyc\u00e9e agricole de Montauban pour le maintien des formations scolaires au LPAH de Moissac. Une d\u00e9l\u00e9gation du Snetap-FSU Nouvelle Aquitaine a rejoint ce rassemblement en soutien aux coll\u00e8gues de Moissac.\" \/>\n<meta property=\"og:url\" content=\"https:\/\/regions-snetap-fsu.fr\/na\/2018\/06\/20\/nlle-aquitaine-en-soutien-contre-la-fermeture-du-lpah-de-moissac\/\" \/>\n<meta property=\"og:site_name\" content=\"NOUVELLE AQUITAINE\" \/>\n<meta property=\"article:published_time\" content=\"2018-06-20T06:17:51+00:00\" \/>\n<meta property=\"article:modified_time\" content=\"2018-09-19T13:32:31+00:00\" \/>\n<meta property=\"og:image\" content=\"https:\/\/regions-snetap-fsu.fr\/na\/wp-content\/uploads\/sites\/3\/2018\/06\/img_2788-b7e5c.jpg\" \/>\n\t<meta property=\"og:image:width\" content=\"672\" \/>\n\t<meta property=\"og:image:height\" content=\"505\" \/>\n\t<meta property=\"og:image:type\" content=\"image\/jpeg\" \/>\n<meta name=\"author\" content=\"Tmoos\" \/>\n<meta name=\"twitter:card\" content=\"summary_large_image\" \/>\n<meta name=\"twitter:label1\" content=\"\u00c9crit par\" \/>\n\t<meta name=\"twitter:data1\" content=\"Tmoos\" \/>\n\t<meta name=\"twitter:label2\" content=\"Dur\u00e9e de lecture estim\u00e9e\" \/>\n\t<meta name=\"twitter:data2\" content=\"1 minute\" \/>\n<script type=\"application\/ld+json\" class=\"yoast-schema-graph\">{\"@context\":\"https:\\\/\\\/schema.org\",\"@graph\":[{\"@type\":\"Article\",\"@id\":\"https:\\\/\\\/regions-snetap-fsu.fr\\\/na\\\/2018\\\/06\\\/20\\\/nlle-aquitaine-en-soutien-contre-la-fermeture-du-lpah-de-moissac\\\/#article\",\"isPartOf\":{\"@id\":\"https:\\\/\\\/regions-snetap-fsu.fr\\\/na\\\/2018\\\/06\\\/20\\\/nlle-aquitaine-en-soutien-contre-la-fermeture-du-lpah-de-moissac\\\/\"},\"author\":{\"name\":\"Tmoos\",\"@id\":\"https:\\\/\\\/regions-snetap-fsu.fr\\\/na\\\/#\\\/schema\\\/person\\\/200c3209e01aa8c2a287fda4d096cd22\"},\"headline\":\"Nlle Aquitaine en soutien contre la fermeture du LPAH de Moissac\",\"datePublished\":\"2018-06-20T06:17:51+00:00\",\"dateModified\":\"2018-09-19T13:32:31+00:00\",\"mainEntityOfPage\":{\"@id\":\"https:\\\/\\\/regions-snetap-fsu.fr\\\/na\\\/2018\\\/06\\\/20\\\/nlle-aquitaine-en-soutien-contre-la-fermeture-du-lpah-de-moissac\\\/\"},\"wordCount\":193,\"publisher\":{\"@id\":\"https:\\\/\\\/regions-snetap-fsu.fr\\\/na\\\/#organization\"},\"image\":{\"@id\":\"https:\\\/\\\/regions-snetap-fsu.fr\\\/na\\\/2018\\\/06\\\/20\\\/nlle-aquitaine-en-soutien-contre-la-fermeture-du-lpah-de-moissac\\\/#primaryimage\"},\"thumbnailUrl\":\"https:\\\/\\\/regions-snetap-fsu.fr\\\/na\\\/wp-content\\\/uploads\\\/sites\\\/3\\\/2018\\\/06\\\/img_2788-b7e5c.jpg\",\"articleSection\":[\"Actions\",\"Actus\",\"NA\"],\"inLanguage\":\"fr-FR\"},{\"@type\":\"WebPage\",\"@id\":\"https:\\\/\\\/regions-snetap-fsu.fr\\\/na\\\/2018\\\/06\\\/20\\\/nlle-aquitaine-en-soutien-contre-la-fermeture-du-lpah-de-moissac\\\/\",\"url\":\"https:\\\/\\\/regions-snetap-fsu.fr\\\/na\\\/2018\\\/06\\\/20\\\/nlle-aquitaine-en-soutien-contre-la-fermeture-du-lpah-de-moissac\\\/\",\"name\":\"Nlle Aquitaine en soutien contre la fermeture du LPAH de Moissac - NOUVELLE AQUITAINE\",\"isPartOf\":{\"@id\":\"https:\\\/\\\/regions-snetap-fsu.fr\\\/na\\\/#website\"},\"primaryImageOfPage\":{\"@id\":\"https:\\\/\\\/regions-snetap-fsu.fr\\\/na\\\/2018\\\/06\\\/20\\\/nlle-aquitaine-en-soutien-contre-la-fermeture-du-lpah-de-moissac\\\/#primaryimage\"},\"image\":{\"@id\":\"https:\\\/\\\/regions-snetap-fsu.fr\\\/na\\\/2018\\\/06\\\/20\\\/nlle-aquitaine-en-soutien-contre-la-fermeture-du-lpah-de-moissac\\\/#primaryimage\"},\"thumbnailUrl\":\"https:\\\/\\\/regions-snetap-fsu.fr\\\/na\\\/wp-content\\\/uploads\\\/sites\\\/3\\\/2018\\\/06\\\/img_2788-b7e5c.jpg\",\"datePublished\":\"2018-06-20T06:17:51+00:00\",\"dateModified\":\"2018-09-19T13:32:31+00:00\",\"breadcrumb\":{\"@id\":\"https:\\\/\\\/regions-snetap-fsu.fr\\\/na\\\/2018\\\/06\\\/20\\\/nlle-aquitaine-en-soutien-contre-la-fermeture-du-lpah-de-moissac\\\/#breadcrumb\"},\"inLanguage\":\"fr-FR\",\"potentialAction\":[{\"@type\":\"ReadAction\",\"target\":[\"https:\\\/\\\/regions-snetap-fsu.fr\\\/na\\\/2018\\\/06\\\/20\\\/nlle-aquitaine-en-soutien-contre-la-fermeture-du-lpah-de-moissac\\\/\"]}]},{\"@type\":\"ImageObject\",\"inLanguage\":\"fr-FR\",\"@id\":\"https:\\\/\\\/regions-snetap-fsu.fr\\\/na\\\/2018\\\/06\\\/20\\\/nlle-aquitaine-en-soutien-contre-la-fermeture-du-lpah-de-moissac\\\/#primaryimage\",\"url\":\"https:\\\/\\\/regions-snetap-fsu.fr\\\/na\\\/wp-content\\\/uploads\\\/sites\\\/3\\\/2018\\\/06\\\/img_2788-b7e5c.jpg\",\"contentUrl\":\"https:\\\/\\\/regions-snetap-fsu.fr\\\/na\\\/wp-content\\\/uploads\\\/sites\\\/3\\\/2018\\\/06\\\/img_2788-b7e5c.jpg\",\"width\":672,\"height\":505},{\"@type\":\"BreadcrumbList\",\"@id\":\"https:\\\/\\\/regions-snetap-fsu.fr\\\/na\\\/2018\\\/06\\\/20\\\/nlle-aquitaine-en-soutien-contre-la-fermeture-du-lpah-de-moissac\\\/#breadcrumb\",\"itemListElement\":[{\"@type\":\"ListItem\",\"position\":1,\"name\":\"Accueil\",\"item\":\"https:\\\/\\\/regions-snetap-fsu.fr\\\/na\\\/\"},{\"@type\":\"ListItem\",\"position\":2,\"name\":\"Nlle Aquitaine en soutien contre la fermeture du LPAH de Moissac\"}]},{\"@type\":\"WebSite\",\"@id\":\"https:\\\/\\\/regions-snetap-fsu.fr\\\/na\\\/#website\",\"url\":\"https:\\\/\\\/regions-snetap-fsu.fr\\\/na\\\/\",\"name\":\"SNETAP-FSU NOUVELLE AQUITAINE\",\"description\":\"Blog de la Section R\u00e9gionale\",\"publisher\":{\"@id\":\"https:\\\/\\\/regions-snetap-fsu.fr\\\/na\\\/#organization\"},\"potentialAction\":[{\"@type\":\"SearchAction\",\"target\":{\"@type\":\"EntryPoint\",\"urlTemplate\":\"https:\\\/\\\/regions-snetap-fsu.fr\\\/na\\\/?s={search_term_string}\"},\"query-input\":{\"@type\":\"PropertyValueSpecification\",\"valueRequired\":true,\"valueName\":\"search_term_string\"}}],\"inLanguage\":\"fr-FR\"},{\"@type\":\"Organization\",\"@id\":\"https:\\\/\\\/regions-snetap-fsu.fr\\\/na\\\/#organization\",\"name\":\"SNETAP-FSU - Nouvelle Aquitaine\",\"url\":\"https:\\\/\\\/regions-snetap-fsu.fr\\\/na\\\/\",\"logo\":{\"@type\":\"ImageObject\",\"inLanguage\":\"fr-FR\",\"@id\":\"https:\\\/\\\/regions-snetap-fsu.fr\\\/na\\\/#\\\/schema\\\/logo\\\/image\\\/\",\"url\":\"https:\\\/\\\/regions-snetap-fsu.fr\\\/na\\\/wp-content\\\/uploads\\\/sites\\\/3\\\/2020\\\/12\\\/SNETAP-Logo.jpg\",\"contentUrl\":\"https:\\\/\\\/regions-snetap-fsu.fr\\\/na\\\/wp-content\\\/uploads\\\/sites\\\/3\\\/2020\\\/12\\\/SNETAP-Logo.jpg\",\"width\":464,\"height\":334,\"caption\":\"SNETAP-FSU - Nouvelle Aquitaine\"},\"image\":{\"@id\":\"https:\\\/\\\/regions-snetap-fsu.fr\\\/na\\\/#\\\/schema\\\/logo\\\/image\\\/\"}},{\"@type\":\"Person\",\"@id\":\"https:\\\/\\\/regions-snetap-fsu.fr\\\/na\\\/#\\\/schema\\\/person\\\/200c3209e01aa8c2a287fda4d096cd22\",\"name\":\"Tmoos\",\"image\":{\"@type\":\"ImageObject\",\"inLanguage\":\"fr-FR\",\"@id\":\"https:\\\/\\\/secure.gravatar.com\\\/avatar\\\/ee9416e21ddddd1cb4bc3f8a9a89584e0671c3184caebebe8e4de3129769a613?s=96&d=mm&r=g\",\"url\":\"https:\\\/\\\/secure.gravatar.com\\\/avatar\\\/ee9416e21ddddd1cb4bc3f8a9a89584e0671c3184caebebe8e4de3129769a613?s=96&d=mm&r=g\",\"contentUrl\":\"https:\\\/\\\/secure.gravatar.com\\\/avatar\\\/ee9416e21ddddd1cb4bc3f8a9a89584e0671c3184caebebe8e4de3129769a613?s=96&d=mm&r=g\",\"caption\":\"Tmoos\"},\"url\":\"https:\\\/\\\/regions-snetap-fsu.fr\\\/na\\\/author\\\/fthomas\\\/\"}]}<\/script>\n<!-- \/ Yoast SEO plugin. -->","yoast_head_json":{"title":"Nlle Aquitaine en soutien contre la fermeture du LPAH de Moissac - NOUVELLE AQUITAINE","robots":{"index":"index","follow":"follow","max-snippet":"max-snippet:-1","max-image-preview":"max-image-preview:large","max-video-preview":"max-video-preview:-1"},"canonical":"https:\/\/regions-snetap-fsu.fr\/na\/2018\/06\/20\/nlle-aquitaine-en-soutien-contre-la-fermeture-du-lpah-de-moissac\/","og_locale":"fr_FR","og_type":"article","og_title":"Nlle Aquitaine en soutien contre la fermeture du LPAH de Moissac - NOUVELLE AQUITAINE","og_description":"Mercredi 20 juin 2018, 150 personnes ont manifest\u00e9, \u00e0 l\u2019appel de l\u2019intersyndicale\u00a0FSU&#8211;CGT&#8211;FO&#8211;SUD\u00a0de l\u2019enseignement agricole public, devant le lyc\u00e9e agricole de Montauban pour le maintien des formations scolaires au LPAH de Moissac. Une d\u00e9l\u00e9gation du Snetap-FSU Nouvelle Aquitaine a rejoint ce rassemblement en soutien aux coll\u00e8gues de Moissac.","og_url":"https:\/\/regions-snetap-fsu.fr\/na\/2018\/06\/20\/nlle-aquitaine-en-soutien-contre-la-fermeture-du-lpah-de-moissac\/","og_site_name":"NOUVELLE AQUITAINE","article_published_time":"2018-06-20T06:17:51+00:00","article_modified_time":"2018-09-19T13:32:31+00:00","og_image":[{"width":672,"height":505,"url":"https:\/\/regions-snetap-fsu.fr\/na\/wp-content\/uploads\/sites\/3\/2018\/06\/img_2788-b7e5c.jpg","type":"image\/jpeg"}],"author":"Tmoos","twitter_card":"summary_large_image","twitter_misc":{"\u00c9crit par":"Tmoos","Dur\u00e9e de lecture estim\u00e9e":"1 minute"},"schema":{"@context":"https:\/\/schema.org","@graph":[{"@type":"Article","@id":"https:\/\/regions-snetap-fsu.fr\/na\/2018\/06\/20\/nlle-aquitaine-en-soutien-contre-la-fermeture-du-lpah-de-moissac\/#article","isPartOf":{"@id":"https:\/\/regions-snetap-fsu.fr\/na\/2018\/06\/20\/nlle-aquitaine-en-soutien-contre-la-fermeture-du-lpah-de-moissac\/"},"author":{"name":"Tmoos","@id":"https:\/\/regions-snetap-fsu.fr\/na\/#\/schema\/person\/200c3209e01aa8c2a287fda4d096cd22"},"headline":"Nlle Aquitaine en soutien contre la fermeture du LPAH de Moissac","datePublished":"2018-06-20T06:17:51+00:00","dateModified":"2018-09-19T13:32:31+00:00","mainEntityOfPage":{"@id":"https:\/\/regions-snetap-fsu.fr\/na\/2018\/06\/20\/nlle-aquitaine-en-soutien-contre-la-fermeture-du-lpah-de-moissac\/"},"wordCount":193,"publisher":{"@id":"https:\/\/regions-snetap-fsu.fr\/na\/#organization"},"image":{"@id":"https:\/\/regions-snetap-fsu.fr\/na\/2018\/06\/20\/nlle-aquitaine-en-soutien-contre-la-fermeture-du-lpah-de-moissac\/#primaryimage"},"thumbnailUrl":"https:\/\/regions-snetap-fsu.fr\/na\/wp-content\/uploads\/sites\/3\/2018\/06\/img_2788-b7e5c.jpg","articleSection":["Actions","Actus","NA"],"inLanguage":"fr-FR"},{"@type":"WebPage","@id":"https:\/\/regions-snetap-fsu.fr\/na\/2018\/06\/20\/nlle-aquitaine-en-soutien-contre-la-fermeture-du-lpah-de-moissac\/","url":"https:\/\/regions-snetap-fsu.fr\/na\/2018\/06\/20\/nlle-aquitaine-en-soutien-contre-la-fermeture-du-lpah-de-moissac\/","name":"Nlle Aquitaine en soutien contre la fermeture du LPAH de Moissac - NOUVELLE AQUITAINE","isPartOf":{"@id":"https:\/\/regions-snetap-fsu.fr\/na\/#website"},"primaryImageOfPage":{"@id":"https:\/\/regions-snetap-fsu.fr\/na\/2018\/06\/20\/nlle-aquitaine-en-soutien-contre-la-fermeture-du-lpah-de-moissac\/#primaryimage"},"image":{"@id":"https:\/\/regions-snetap-fsu.fr\/na\/2018\/06\/20\/nlle-aquitaine-en-soutien-contre-la-fermeture-du-lpah-de-moissac\/#primaryimage"},"thumbnailUrl":"https:\/\/regions-snetap-fsu.fr\/na\/wp-content\/uploads\/sites\/3\/2018\/06\/img_2788-b7e5c.jpg","datePublished":"2018-06-20T06:17:51+00:00","dateModified":"2018-09-19T13:32:31+00:00","breadcrumb":{"@id":"https:\/\/regions-snetap-fsu.fr\/na\/2018\/06\/20\/nlle-aquitaine-en-soutien-contre-la-fermeture-du-lpah-de-moissac\/#breadcrumb"},"inLanguage":"fr-FR","potentialAction":[{"@type":"ReadAction","target":["https:\/\/regions-snetap-fsu.fr\/na\/2018\/06\/20\/nlle-aquitaine-en-soutien-contre-la-fermeture-du-lpah-de-moissac\/"]}]},{"@type":"ImageObject","inLanguage":"fr-FR","@id":"https:\/\/regions-snetap-fsu.fr\/na\/2018\/06\/20\/nlle-aquitaine-en-soutien-contre-la-fermeture-du-lpah-de-moissac\/#primaryimage","url":"https:\/\/regions-snetap-fsu.fr\/na\/wp-content\/uploads\/sites\/3\/2018\/06\/img_2788-b7e5c.jpg","contentUrl":"https:\/\/regions-snetap-fsu.fr\/na\/wp-content\/uploads\/sites\/3\/2018\/06\/img_2788-b7e5c.jpg","width":672,"height":505},{"@type":"BreadcrumbList","@id":"https:\/\/regions-snetap-fsu.fr\/na\/2018\/06\/20\/nlle-aquitaine-en-soutien-contre-la-fermeture-du-lpah-de-moissac\/#breadcrumb","itemListElement":[{"@type":"ListItem","position":1,"name":"Accueil","item":"https:\/\/regions-snetap-fsu.fr\/na\/"},{"@type":"ListItem","position":2,"name":"Nlle Aquitaine en soutien contre la fermeture du LPAH de Moissac"}]},{"@type":"WebSite","@id":"https:\/\/regions-snetap-fsu.fr\/na\/#website","url":"https:\/\/regions-snetap-fsu.fr\/na\/","name":"SNETAP-FSU NOUVELLE AQUITAINE","description":"Blog de la Section R\u00e9gionale","publisher":{"@id":"https:\/\/regions-snetap-fsu.fr\/na\/#organization"},"potentialAction":[{"@type":"SearchAction","target":{"@type":"EntryPoint","urlTemplate":"https:\/\/regions-snetap-fsu.fr\/na\/?s={search_term_string}"},"query-input":{"@type":"PropertyValueSpecification","valueRequired":true,"valueName":"search_term_string"}}],"inLanguage":"fr-FR"},{"@type":"Organization","@id":"https:\/\/regions-snetap-fsu.fr\/na\/#organization","name":"SNETAP-FSU - Nouvelle Aquitaine","url":"https:\/\/regions-snetap-fsu.fr\/na\/","logo":{"@type":"ImageObject","inLanguage":"fr-FR","@id":"https:\/\/regions-snetap-fsu.fr\/na\/#\/schema\/logo\/image\/","url":"https:\/\/regions-snetap-fsu.fr\/na\/wp-content\/uploads\/sites\/3\/2020\/12\/SNETAP-Logo.jpg","contentUrl":"https:\/\/regions-snetap-fsu.fr\/na\/wp-content\/uploads\/sites\/3\/2020\/12\/SNETAP-Logo.jpg","width":464,"height":334,"caption":"SNETAP-FSU - Nouvelle Aquitaine"},"image":{"@id":"https:\/\/regions-snetap-fsu.fr\/na\/#\/schema\/logo\/image\/"}},{"@type":"Person","@id":"https:\/\/regions-snetap-fsu.fr\/na\/#\/schema\/person\/200c3209e01aa8c2a287fda4d096cd22","name":"Tmoos","image":{"@type":"ImageObject","inLanguage":"fr-FR","@id":"https:\/\/secure.gravatar.com\/avatar\/ee9416e21ddddd1cb4bc3f8a9a89584e0671c3184caebebe8e4de3129769a613?s=96&d=mm&r=g","url":"https:\/\/secure.gravatar.com\/avatar\/ee9416e21ddddd1cb4bc3f8a9a89584e0671c3184caebebe8e4de3129769a613?s=96&d=mm&r=g","contentUrl":"https:\/\/secure.gravatar.com\/avatar\/ee9416e21ddddd1cb4bc3f8a9a89584e0671c3184caebebe8e4de3129769a613?s=96&d=mm&r=g","caption":"Tmoos"},"url":"https:\/\/regions-snetap-fsu.fr\/na\/author\/fthomas\/"}]}},"_links":{"self":[{"href":"https:\/\/regions-snetap-fsu.fr\/na\/wp-json\/wp\/v2\/posts\/773","targetHints":{"allow":["GET"]}}],"collection":[{"href":"https:\/\/regions-snetap-fsu.fr\/na\/wp-json\/wp\/v2\/posts"}],"about":[{"href":"https:\/\/regions-snetap-fsu.fr\/na\/wp-json\/wp\/v2\/types\/post"}],"author":[{"embeddable":true,"href":"https:\/\/regions-snetap-fsu.fr\/na\/wp-json\/wp\/v2\/users\/99"}],"replies":[{"embeddable":true,"href":"https:\/\/regions-snetap-fsu.fr\/na\/wp-json\/wp\/v2\/comments?post=773"}],"version-history":[{"count":2,"href":"https:\/\/regions-snetap-fsu.fr\/na\/wp-json\/wp\/v2\/posts\/773\/revisions"}],"predecessor-version":[{"id":790,"href":"https:\/\/regions-snetap-fsu.fr\/na\/wp-json\/wp\/v2\/posts\/773\/revisions\/790"}],"wp:featuredmedia":[{"embeddable":true,"href":"https:\/\/regions-snetap-fsu.fr\/na\/wp-json\/wp\/v2\/media\/775"}],"wp:attachment":[{"href":"https:\/\/regions-snetap-fsu.fr\/na\/wp-json\/wp\/v2\/media?parent=773"}],"wp:term":[{"taxonomy":"category","embeddable":true,"href":"https:\/\/regions-snetap-fsu.fr\/na\/wp-json\/wp\/v2\/categories?post=773"},{"taxonomy":"post_tag","embeddable":true,"href":"https:\/\/regions-snetap-fsu.fr\/na\/wp-json\/wp\/v2\/tags?post=773"},{"taxonomy":"post_folder","embeddable":true,"href":"https:\/\/regions-snetap-fsu.fr\/na\/wp-json\/wp\/v2\/post_folder?post=773"}],"curies":[{"name":"wp","href":"https:\/\/api.w.org\/{rel}","templated":true}]}}