{"id":620,"date":"2018-03-04T21:19:42","date_gmt":"2018-03-04T20:19:42","guid":{"rendered":"http:\/\/snetap-fsu.fr\/comp\/na\/?p=620"},"modified":"2018-09-11T09:42:05","modified_gmt":"2018-09-11T07:42:05","slug":"loic-prudhomme-depute-de-gironde-fait-injonction-a-stephane-travert-daligner-a-minima-les-conditions-demploi-des-avs-sur-celles-de-len","status":"publish","type":"post","link":"https:\/\/regions-snetap-fsu.fr\/na\/2018\/03\/04\/loic-prudhomme-depute-de-gironde-fait-injonction-a-stephane-travert-daligner-a-minima-les-conditions-demploi-des-avs-sur-celles-de-len\/","title":{"rendered":"Lo\u00efc Prud&rsquo;homme, D\u00e9put\u00e9 de Gironde, fait injonction \u00e0 St\u00e9phane Travert  d&rsquo;aligner \u00e0 minima les conditions d&#8217;emploi des AVS sur celles de l\u2019\u00c9ducation Nationale"},"content":{"rendered":"<p><span style=\"font-family: verdana, geneva, sans-serif;\">Le SNETAP-FSU r\u00e9gional a saisi les parlementaires de la r\u00e9gion Nouvelle Aquitaine\u00a0 de la condition inique que r\u00e9serve l&rsquo;Enseignement Agricole Public aux AVS recrut\u00e9s sur ses \u00e9tablissements.<\/span><\/p>\n<p>A Monsieur le D\u00e9put\u00e9<br \/>\nObjet : AVS dans l&rsquo;Enseignement Agricole Public, une pr\u00e9carit\u00e9 inacceptable.<br \/>\nLes membres de la communaut\u00e9 \u00e9ducative de l&rsquo;Enseignement Agricole Public (EAP) souhaitent vous alerter concernant la situation des personnels (AVS) accompagnant les \u00e9l\u00e8ves et \u00e9tudiants en situation de handicap dans leurs \u00e9tablissements.<br \/>\nCes agents sont des acteurs majeurs de l&rsquo;inclusion scolaire, priorit\u00e9 claire et affich\u00e9e du quinquennat, des jeunes en situation de handicap. Pourtant, depuis de nombreuses ann\u00e9es, leur situation n&rsquo;a pas \u00e9volu\u00e9 et ils subissent, jours apr\u00e8s jours, la pr\u00e9carit\u00e9.<br \/>\nCette pr\u00e9carit\u00e9 prend notamment la forme d&rsquo;une diff\u00e9rence de traitement, injustifi\u00e9e et inacceptable, qui est faite entre les personnels sous statut AESH dans l&rsquo;Enseignement Agricole Public et ceux qui exercent \u00e0 l&rsquo;Education Nationale (EN).<br \/>\nAinsi, pour une m\u00eame mission, leur r\u00e9mun\u00e9ration est inf\u00e9rieure de pr\u00e8s de 25% \u00e0 celle de leurs homologues de l&rsquo;EN. En effet, si le salaire des agents de l&rsquo;EN est comptabilis\u00e9 sur 39 semaines, celui des agents de l&rsquo;EAP est calcul\u00e9 sur le nombre de semaines de pr\u00e9sence r\u00e9elle du jeune accompagn\u00e9 (sans les p\u00e9riodes de stage, sans les vacances scolaires&#8230;) !<br \/>\nIl s&rsquo;ensuit des r\u00e9mun\u00e9rations indignement basses (moins de 800\u20ac net pour plus de 30 heures de travail par semaine) avec, pour corollaire, des difficult\u00e9s pour les \u00e9tablissements \u00e0 recruter des AESH et donc, un service plus difficilement rendus aux jeunes en situation de handicap scolaris\u00e9s dans l&rsquo;EAP.<br \/>\nAussi, nous demandons pour ces agents, un alignement de la r\u00e9mun\u00e9ration et du droit \u00e0 la formation, sur les agents de l\u2019\u00c9ducation Nationale.<br \/>\nDans l&rsquo;attente de votre soutien et en restant \u00e0 votre disposition pour toute pr\u00e9cision, nous vous prions d&rsquo;agr\u00e9er, Monsieur le D\u00e9put\u00e9, nos plus sinc\u00e8res salutations.<br \/>\nPour le Snetap-FSU<br \/>\nYannick LE BLANC<br \/>\nCo-secr\u00e9taire Nouvelle-Aquitaine<\/p>\n<p><span style=\"font-family: verdana, geneva, sans-serif;\">Parmi les soutiens que nous avons re\u00e7u la part de nombreux \u00e9lus, ci-dessous en r\u00e9ponse, <span style=\"text-decoration: underline;\">l&rsquo;interpellation de St\u00e9phane Travert par un D\u00e9put\u00e9 de Gironde.<\/span><\/span><br \/>\n\n\t\t<div class=\"wppdfemb-frame-container-1\" style=\"-webkit-overflow-scrolling:auto;\">\n\t\t\t<iframe class=\"pdfembed-iframe nonfullscreen wppdf-emb-iframe-1\"\n\t\t\t\tsrc=\"https:\/\/regions-snetap-fsu.fr\/na\/?pdfemb-data=eyJ1cmwiOiJodHRwczpcL1wvcmVnaW9ucy1zbmV0YXAtZnN1LmZyXC9uYVwvd3AtY29udGVudFwvdXBsb2Fkc1wvc2l0ZXNcLzNcLzIwMThcLzAzXC9Db3Vycmllci1UYXZlcnQtQVZTLS5wZGYiLCJpbmRleCI6MSwicGRmSUQiOjYyMX0\"\n\t\t\t\t\t\t\t\tdata-pdf-id=\"621\"\n\t\t\t\tdata-pdf-index=\"1\"\n\t\t\t\tstyle=\"border:none;width:100%;max-width:100%;height:100vh;\"\n\t\t\t\tscrolling=\"yes\">\n\t\t\t<\/iframe>\n\t\t<\/div>\n\n\t\t<\/p>\n","protected":false},"excerpt":{"rendered":"<p>Le SNETAP-FSU r\u00e9gional a saisi les parlementaires de la r\u00e9gion Nouvelle Aquitaine\u00a0 de la condition inique que r\u00e9serve l&rsquo;Enseignement Agricole Public aux AVS recrut\u00e9s sur ses \u00e9tablissements. A Monsieur le D\u00e9put\u00e9 Objet : AVS dans l&rsquo;Enseignement Agricole Public, une pr\u00e9carit\u00e9 inacceptable. Les membres de la communaut\u00e9 \u00e9ducative de l&rsquo;Enseignement Agricole Public (EAP) souhaitent vous alerter [&hellip;]<\/p>\n","protected":false},"author":87,"featured_media":0,"comment_status":"closed","ping_status":"closed","sticky":false,"template":"","format":"standard","meta":{"ocean_post_layout":"","ocean_both_sidebars_style":"","ocean_both_sidebars_content_width":0,"ocean_both_sidebars_sidebars_width":0,"ocean_sidebar":"","ocean_second_sidebar":"","ocean_disable_margins":"enable","ocean_add_body_class":"","ocean_shortcode_before_top_bar":"","ocean_shortcode_after_top_bar":"","ocean_shortcode_before_header":"","ocean_shortcode_after_header":"","ocean_has_shortcode":"","ocean_shortcode_after_title":"","ocean_shortcode_before_footer_widgets":"","ocean_shortcode_after_footer_widgets":"","ocean_shortcode_before_footer_bottom":"","ocean_shortcode_after_footer_bottom":"","ocean_display_top_bar":"default","ocean_display_header":"default","ocean_header_style":"","ocean_center_header_left_menu":"","ocean_custom_header_template":"","ocean_custom_logo":0,"ocean_custom_retina_logo":0,"ocean_custom_logo_max_width":0,"ocean_custom_logo_tablet_max_width":0,"ocean_custom_logo_mobile_max_width":0,"ocean_custom_logo_max_height":0,"ocean_custom_logo_tablet_max_height":0,"ocean_custom_logo_mobile_max_height":0,"ocean_header_custom_menu":"","ocean_menu_typo_font_family":"","ocean_menu_typo_font_subset":"","ocean_menu_typo_font_size":0,"ocean_menu_typo_font_size_tablet":0,"ocean_menu_typo_font_size_mobile":0,"ocean_menu_typo_font_size_unit":"px","ocean_menu_typo_font_weight":"","ocean_menu_typo_font_weight_tablet":"","ocean_menu_typo_font_weight_mobile":"","ocean_menu_typo_transform":"","ocean_menu_typo_transform_tablet":"","ocean_menu_typo_transform_mobile":"","ocean_menu_typo_line_height":0,"ocean_menu_typo_line_height_tablet":0,"ocean_menu_typo_line_height_mobile":0,"ocean_menu_typo_line_height_unit":"","ocean_menu_typo_spacing":0,"ocean_menu_typo_spacing_tablet":0,"ocean_menu_typo_spacing_mobile":0,"ocean_menu_typo_spacing_unit":"","ocean_menu_link_color":"","ocean_menu_link_color_hover":"","ocean_menu_link_color_active":"","ocean_menu_link_background":"","ocean_menu_link_hover_background":"","ocean_menu_link_active_background":"","ocean_menu_social_links_bg":"","ocean_menu_social_hover_links_bg":"","ocean_menu_social_links_color":"","ocean_menu_social_hover_links_color":"","ocean_disable_title":"default","ocean_disable_heading":"default","ocean_post_title":"","ocean_post_subheading":"","ocean_post_title_style":"","ocean_post_title_background_color":"","ocean_post_title_background":0,"ocean_post_title_bg_image_position":"","ocean_post_title_bg_image_attachment":"","ocean_post_title_bg_image_repeat":"","ocean_post_title_bg_image_size":"","ocean_post_title_height":0,"ocean_post_title_bg_overlay":0.5,"ocean_post_title_bg_overlay_color":"","ocean_disable_breadcrumbs":"default","ocean_breadcrumbs_color":"","ocean_breadcrumbs_separator_color":"","ocean_breadcrumbs_links_color":"","ocean_breadcrumbs_links_hover_color":"","ocean_display_footer_widgets":"default","ocean_display_footer_bottom":"default","ocean_custom_footer_template":"","ocean_post_oembed":"","ocean_post_self_hosted_media":"","ocean_post_video_embed":"","ocean_link_format":"","ocean_link_format_target":"self","ocean_quote_format":"","ocean_quote_format_link":"post","ocean_gallery_link_images":"on","ocean_gallery_id":[],"footnotes":""},"categories":[2,8,5],"tags":[],"post_folder":[],"class_list":["post-620","post","type-post","status-publish","format-standard","hentry","category-actus","category-na","category-exaq","entry"],"yoast_head":"<!-- This site is optimized with the Yoast SEO plugin v27.4 - https:\/\/yoast.com\/product\/yoast-seo-wordpress\/ -->\n<title>Lo\u00efc Prud&#039;homme, D\u00e9put\u00e9 de Gironde, fait injonction \u00e0 St\u00e9phane Travert d&#039;aligner \u00e0 minima les conditions d&#039;emploi des AVS sur celles de l\u2019\u00c9ducation Nationale - NOUVELLE AQUITAINE<\/title>\n<meta name=\"robots\" content=\"index, follow, max-snippet:-1, max-image-preview:large, max-video-preview:-1\" \/>\n<link rel=\"canonical\" href=\"https:\/\/regions-snetap-fsu.fr\/na\/2018\/03\/04\/loic-prudhomme-depute-de-gironde-fait-injonction-a-stephane-travert-daligner-a-minima-les-conditions-demploi-des-avs-sur-celles-de-len\/\" \/>\n<meta property=\"og:locale\" content=\"fr_FR\" \/>\n<meta property=\"og:type\" content=\"article\" \/>\n<meta property=\"og:title\" content=\"Lo\u00efc Prud&#039;homme, D\u00e9put\u00e9 de Gironde, fait injonction \u00e0 St\u00e9phane Travert d&#039;aligner \u00e0 minima les conditions d&#039;emploi des AVS sur celles de l\u2019\u00c9ducation Nationale - NOUVELLE AQUITAINE\" \/>\n<meta property=\"og:description\" content=\"Le SNETAP-FSU r\u00e9gional a saisi les parlementaires de la r\u00e9gion Nouvelle Aquitaine\u00a0 de la condition inique que r\u00e9serve l&rsquo;Enseignement Agricole Public aux AVS recrut\u00e9s sur ses \u00e9tablissements. A Monsieur le D\u00e9put\u00e9 Objet : AVS dans l&rsquo;Enseignement Agricole Public, une pr\u00e9carit\u00e9 inacceptable. Les membres de la communaut\u00e9 \u00e9ducative de l&rsquo;Enseignement Agricole Public (EAP) souhaitent vous alerter [&hellip;]\" \/>\n<meta property=\"og:url\" content=\"https:\/\/regions-snetap-fsu.fr\/na\/2018\/03\/04\/loic-prudhomme-depute-de-gironde-fait-injonction-a-stephane-travert-daligner-a-minima-les-conditions-demploi-des-avs-sur-celles-de-len\/\" \/>\n<meta property=\"og:site_name\" content=\"NOUVELLE AQUITAINE\" \/>\n<meta property=\"article:published_time\" content=\"2018-03-04T20:19:42+00:00\" \/>\n<meta property=\"article:modified_time\" content=\"2018-09-11T07:42:05+00:00\" \/>\n<meta name=\"author\" content=\"el blanco\" \/>\n<meta name=\"twitter:card\" content=\"summary_large_image\" \/>\n<meta name=\"twitter:label1\" content=\"\u00c9crit par\" \/>\n\t<meta name=\"twitter:data1\" content=\"el blanco\" \/>\n\t<meta name=\"twitter:label2\" content=\"Dur\u00e9e de lecture estim\u00e9e\" \/>\n\t<meta name=\"twitter:data2\" content=\"2 minutes\" \/>\n<script type=\"application\/ld+json\" class=\"yoast-schema-graph\">{\"@context\":\"https:\\\/\\\/schema.org\",\"@graph\":[{\"@type\":\"Article\",\"@id\":\"https:\\\/\\\/regions-snetap-fsu.fr\\\/na\\\/2018\\\/03\\\/04\\\/loic-prudhomme-depute-de-gironde-fait-injonction-a-stephane-travert-daligner-a-minima-les-conditions-demploi-des-avs-sur-celles-de-len\\\/#article\",\"isPartOf\":{\"@id\":\"https:\\\/\\\/regions-snetap-fsu.fr\\\/na\\\/2018\\\/03\\\/04\\\/loic-prudhomme-depute-de-gironde-fait-injonction-a-stephane-travert-daligner-a-minima-les-conditions-demploi-des-avs-sur-celles-de-len\\\/\"},\"author\":{\"name\":\"el blanco\",\"@id\":\"https:\\\/\\\/regions-snetap-fsu.fr\\\/na\\\/#\\\/schema\\\/person\\\/ac42fbdc9c4977a4d3a4895e2d2e68d5\"},\"headline\":\"Lo\u00efc Prud&rsquo;homme, D\u00e9put\u00e9 de Gironde, fait injonction \u00e0 St\u00e9phane Travert d&rsquo;aligner \u00e0 minima les conditions d&#8217;emploi des AVS sur celles de l\u2019\u00c9ducation Nationale\",\"datePublished\":\"2018-03-04T20:19:42+00:00\",\"dateModified\":\"2018-09-11T07:42:05+00:00\",\"mainEntityOfPage\":{\"@id\":\"https:\\\/\\\/regions-snetap-fsu.fr\\\/na\\\/2018\\\/03\\\/04\\\/loic-prudhomme-depute-de-gironde-fait-injonction-a-stephane-travert-daligner-a-minima-les-conditions-demploi-des-avs-sur-celles-de-len\\\/\"},\"wordCount\":417,\"publisher\":{\"@id\":\"https:\\\/\\\/regions-snetap-fsu.fr\\\/na\\\/#organization\"},\"articleSection\":[\"Actus\",\"NA\",\"Secteur Aquitaine\"],\"inLanguage\":\"fr-FR\"},{\"@type\":\"WebPage\",\"@id\":\"https:\\\/\\\/regions-snetap-fsu.fr\\\/na\\\/2018\\\/03\\\/04\\\/loic-prudhomme-depute-de-gironde-fait-injonction-a-stephane-travert-daligner-a-minima-les-conditions-demploi-des-avs-sur-celles-de-len\\\/\",\"url\":\"https:\\\/\\\/regions-snetap-fsu.fr\\\/na\\\/2018\\\/03\\\/04\\\/loic-prudhomme-depute-de-gironde-fait-injonction-a-stephane-travert-daligner-a-minima-les-conditions-demploi-des-avs-sur-celles-de-len\\\/\",\"name\":\"Lo\u00efc Prud'homme, D\u00e9put\u00e9 de Gironde, fait injonction \u00e0 St\u00e9phane Travert d'aligner \u00e0 minima les conditions d'emploi des AVS sur celles de l\u2019\u00c9ducation Nationale - NOUVELLE AQUITAINE\",\"isPartOf\":{\"@id\":\"https:\\\/\\\/regions-snetap-fsu.fr\\\/na\\\/#website\"},\"datePublished\":\"2018-03-04T20:19:42+00:00\",\"dateModified\":\"2018-09-11T07:42:05+00:00\",\"breadcrumb\":{\"@id\":\"https:\\\/\\\/regions-snetap-fsu.fr\\\/na\\\/2018\\\/03\\\/04\\\/loic-prudhomme-depute-de-gironde-fait-injonction-a-stephane-travert-daligner-a-minima-les-conditions-demploi-des-avs-sur-celles-de-len\\\/#breadcrumb\"},\"inLanguage\":\"fr-FR\",\"potentialAction\":[{\"@type\":\"ReadAction\",\"target\":[\"https:\\\/\\\/regions-snetap-fsu.fr\\\/na\\\/2018\\\/03\\\/04\\\/loic-prudhomme-depute-de-gironde-fait-injonction-a-stephane-travert-daligner-a-minima-les-conditions-demploi-des-avs-sur-celles-de-len\\\/\"]}]},{\"@type\":\"BreadcrumbList\",\"@id\":\"https:\\\/\\\/regions-snetap-fsu.fr\\\/na\\\/2018\\\/03\\\/04\\\/loic-prudhomme-depute-de-gironde-fait-injonction-a-stephane-travert-daligner-a-minima-les-conditions-demploi-des-avs-sur-celles-de-len\\\/#breadcrumb\",\"itemListElement\":[{\"@type\":\"ListItem\",\"position\":1,\"name\":\"Accueil\",\"item\":\"https:\\\/\\\/regions-snetap-fsu.fr\\\/na\\\/\"},{\"@type\":\"ListItem\",\"position\":2,\"name\":\"Lo\u00efc Prud&rsquo;homme, D\u00e9put\u00e9 de Gironde, fait injonction \u00e0 St\u00e9phane Travert d&rsquo;aligner \u00e0 minima les conditions d&#8217;emploi des AVS sur celles de l\u2019\u00c9ducation Nationale\"}]},{\"@type\":\"WebSite\",\"@id\":\"https:\\\/\\\/regions-snetap-fsu.fr\\\/na\\\/#website\",\"url\":\"https:\\\/\\\/regions-snetap-fsu.fr\\\/na\\\/\",\"name\":\"SNETAP-FSU NOUVELLE AQUITAINE\",\"description\":\"Blog de la Section R\u00e9gionale\",\"publisher\":{\"@id\":\"https:\\\/\\\/regions-snetap-fsu.fr\\\/na\\\/#organization\"},\"potentialAction\":[{\"@type\":\"SearchAction\",\"target\":{\"@type\":\"EntryPoint\",\"urlTemplate\":\"https:\\\/\\\/regions-snetap-fsu.fr\\\/na\\\/?s={search_term_string}\"},\"query-input\":{\"@type\":\"PropertyValueSpecification\",\"valueRequired\":true,\"valueName\":\"search_term_string\"}}],\"inLanguage\":\"fr-FR\"},{\"@type\":\"Organization\",\"@id\":\"https:\\\/\\\/regions-snetap-fsu.fr\\\/na\\\/#organization\",\"name\":\"SNETAP-FSU - Nouvelle Aquitaine\",\"url\":\"https:\\\/\\\/regions-snetap-fsu.fr\\\/na\\\/\",\"logo\":{\"@type\":\"ImageObject\",\"inLanguage\":\"fr-FR\",\"@id\":\"https:\\\/\\\/regions-snetap-fsu.fr\\\/na\\\/#\\\/schema\\\/logo\\\/image\\\/\",\"url\":\"https:\\\/\\\/regions-snetap-fsu.fr\\\/na\\\/wp-content\\\/uploads\\\/sites\\\/3\\\/2020\\\/12\\\/SNETAP-Logo.jpg\",\"contentUrl\":\"https:\\\/\\\/regions-snetap-fsu.fr\\\/na\\\/wp-content\\\/uploads\\\/sites\\\/3\\\/2020\\\/12\\\/SNETAP-Logo.jpg\",\"width\":464,\"height\":334,\"caption\":\"SNETAP-FSU - Nouvelle Aquitaine\"},\"image\":{\"@id\":\"https:\\\/\\\/regions-snetap-fsu.fr\\\/na\\\/#\\\/schema\\\/logo\\\/image\\\/\"}},{\"@type\":\"Person\",\"@id\":\"https:\\\/\\\/regions-snetap-fsu.fr\\\/na\\\/#\\\/schema\\\/person\\\/ac42fbdc9c4977a4d3a4895e2d2e68d5\",\"name\":\"el blanco\",\"image\":{\"@type\":\"ImageObject\",\"inLanguage\":\"fr-FR\",\"@id\":\"https:\\\/\\\/secure.gravatar.com\\\/avatar\\\/813cfa949421988d54b68d617a31e8b1601ad2cf76cbdfa12fc2dcdb0763888d?s=96&d=mm&r=g\",\"url\":\"https:\\\/\\\/secure.gravatar.com\\\/avatar\\\/813cfa949421988d54b68d617a31e8b1601ad2cf76cbdfa12fc2dcdb0763888d?s=96&d=mm&r=g\",\"contentUrl\":\"https:\\\/\\\/secure.gravatar.com\\\/avatar\\\/813cfa949421988d54b68d617a31e8b1601ad2cf76cbdfa12fc2dcdb0763888d?s=96&d=mm&r=g\",\"caption\":\"el blanco\"},\"url\":\"https:\\\/\\\/regions-snetap-fsu.fr\\\/na\\\/author\\\/y-le-blanc\\\/\"}]}<\/script>\n<!-- \/ Yoast SEO plugin. -->","yoast_head_json":{"title":"Lo\u00efc Prud'homme, D\u00e9put\u00e9 de Gironde, fait injonction \u00e0 St\u00e9phane Travert d'aligner \u00e0 minima les conditions d'emploi des AVS sur celles de l\u2019\u00c9ducation Nationale - NOUVELLE AQUITAINE","robots":{"index":"index","follow":"follow","max-snippet":"max-snippet:-1","max-image-preview":"max-image-preview:large","max-video-preview":"max-video-preview:-1"},"canonical":"https:\/\/regions-snetap-fsu.fr\/na\/2018\/03\/04\/loic-prudhomme-depute-de-gironde-fait-injonction-a-stephane-travert-daligner-a-minima-les-conditions-demploi-des-avs-sur-celles-de-len\/","og_locale":"fr_FR","og_type":"article","og_title":"Lo\u00efc Prud'homme, D\u00e9put\u00e9 de Gironde, fait injonction \u00e0 St\u00e9phane Travert d'aligner \u00e0 minima les conditions d'emploi des AVS sur celles de l\u2019\u00c9ducation Nationale - NOUVELLE AQUITAINE","og_description":"Le SNETAP-FSU r\u00e9gional a saisi les parlementaires de la r\u00e9gion Nouvelle Aquitaine\u00a0 de la condition inique que r\u00e9serve l&rsquo;Enseignement Agricole Public aux AVS recrut\u00e9s sur ses \u00e9tablissements. A Monsieur le D\u00e9put\u00e9 Objet : AVS dans l&rsquo;Enseignement Agricole Public, une pr\u00e9carit\u00e9 inacceptable. Les membres de la communaut\u00e9 \u00e9ducative de l&rsquo;Enseignement Agricole Public (EAP) souhaitent vous alerter [&hellip;]","og_url":"https:\/\/regions-snetap-fsu.fr\/na\/2018\/03\/04\/loic-prudhomme-depute-de-gironde-fait-injonction-a-stephane-travert-daligner-a-minima-les-conditions-demploi-des-avs-sur-celles-de-len\/","og_site_name":"NOUVELLE AQUITAINE","article_published_time":"2018-03-04T20:19:42+00:00","article_modified_time":"2018-09-11T07:42:05+00:00","author":"el blanco","twitter_card":"summary_large_image","twitter_misc":{"\u00c9crit par":"el blanco","Dur\u00e9e de lecture estim\u00e9e":"2 minutes"},"schema":{"@context":"https:\/\/schema.org","@graph":[{"@type":"Article","@id":"https:\/\/regions-snetap-fsu.fr\/na\/2018\/03\/04\/loic-prudhomme-depute-de-gironde-fait-injonction-a-stephane-travert-daligner-a-minima-les-conditions-demploi-des-avs-sur-celles-de-len\/#article","isPartOf":{"@id":"https:\/\/regions-snetap-fsu.fr\/na\/2018\/03\/04\/loic-prudhomme-depute-de-gironde-fait-injonction-a-stephane-travert-daligner-a-minima-les-conditions-demploi-des-avs-sur-celles-de-len\/"},"author":{"name":"el blanco","@id":"https:\/\/regions-snetap-fsu.fr\/na\/#\/schema\/person\/ac42fbdc9c4977a4d3a4895e2d2e68d5"},"headline":"Lo\u00efc Prud&rsquo;homme, D\u00e9put\u00e9 de Gironde, fait injonction \u00e0 St\u00e9phane Travert d&rsquo;aligner \u00e0 minima les conditions d&#8217;emploi des AVS sur celles de l\u2019\u00c9ducation Nationale","datePublished":"2018-03-04T20:19:42+00:00","dateModified":"2018-09-11T07:42:05+00:00","mainEntityOfPage":{"@id":"https:\/\/regions-snetap-fsu.fr\/na\/2018\/03\/04\/loic-prudhomme-depute-de-gironde-fait-injonction-a-stephane-travert-daligner-a-minima-les-conditions-demploi-des-avs-sur-celles-de-len\/"},"wordCount":417,"publisher":{"@id":"https:\/\/regions-snetap-fsu.fr\/na\/#organization"},"articleSection":["Actus","NA","Secteur Aquitaine"],"inLanguage":"fr-FR"},{"@type":"WebPage","@id":"https:\/\/regions-snetap-fsu.fr\/na\/2018\/03\/04\/loic-prudhomme-depute-de-gironde-fait-injonction-a-stephane-travert-daligner-a-minima-les-conditions-demploi-des-avs-sur-celles-de-len\/","url":"https:\/\/regions-snetap-fsu.fr\/na\/2018\/03\/04\/loic-prudhomme-depute-de-gironde-fait-injonction-a-stephane-travert-daligner-a-minima-les-conditions-demploi-des-avs-sur-celles-de-len\/","name":"Lo\u00efc Prud'homme, D\u00e9put\u00e9 de Gironde, fait injonction \u00e0 St\u00e9phane Travert d'aligner \u00e0 minima les conditions d'emploi des AVS sur celles de l\u2019\u00c9ducation Nationale - NOUVELLE AQUITAINE","isPartOf":{"@id":"https:\/\/regions-snetap-fsu.fr\/na\/#website"},"datePublished":"2018-03-04T20:19:42+00:00","dateModified":"2018-09-11T07:42:05+00:00","breadcrumb":{"@id":"https:\/\/regions-snetap-fsu.fr\/na\/2018\/03\/04\/loic-prudhomme-depute-de-gironde-fait-injonction-a-stephane-travert-daligner-a-minima-les-conditions-demploi-des-avs-sur-celles-de-len\/#breadcrumb"},"inLanguage":"fr-FR","potentialAction":[{"@type":"ReadAction","target":["https:\/\/regions-snetap-fsu.fr\/na\/2018\/03\/04\/loic-prudhomme-depute-de-gironde-fait-injonction-a-stephane-travert-daligner-a-minima-les-conditions-demploi-des-avs-sur-celles-de-len\/"]}]},{"@type":"BreadcrumbList","@id":"https:\/\/regions-snetap-fsu.fr\/na\/2018\/03\/04\/loic-prudhomme-depute-de-gironde-fait-injonction-a-stephane-travert-daligner-a-minima-les-conditions-demploi-des-avs-sur-celles-de-len\/#breadcrumb","itemListElement":[{"@type":"ListItem","position":1,"name":"Accueil","item":"https:\/\/regions-snetap-fsu.fr\/na\/"},{"@type":"ListItem","position":2,"name":"Lo\u00efc Prud&rsquo;homme, D\u00e9put\u00e9 de Gironde, fait injonction \u00e0 St\u00e9phane Travert d&rsquo;aligner \u00e0 minima les conditions d&#8217;emploi des AVS sur celles de l\u2019\u00c9ducation Nationale"}]},{"@type":"WebSite","@id":"https:\/\/regions-snetap-fsu.fr\/na\/#website","url":"https:\/\/regions-snetap-fsu.fr\/na\/","name":"SNETAP-FSU NOUVELLE AQUITAINE","description":"Blog de la Section R\u00e9gionale","publisher":{"@id":"https:\/\/regions-snetap-fsu.fr\/na\/#organization"},"potentialAction":[{"@type":"SearchAction","target":{"@type":"EntryPoint","urlTemplate":"https:\/\/regions-snetap-fsu.fr\/na\/?s={search_term_string}"},"query-input":{"@type":"PropertyValueSpecification","valueRequired":true,"valueName":"search_term_string"}}],"inLanguage":"fr-FR"},{"@type":"Organization","@id":"https:\/\/regions-snetap-fsu.fr\/na\/#organization","name":"SNETAP-FSU - Nouvelle Aquitaine","url":"https:\/\/regions-snetap-fsu.fr\/na\/","logo":{"@type":"ImageObject","inLanguage":"fr-FR","@id":"https:\/\/regions-snetap-fsu.fr\/na\/#\/schema\/logo\/image\/","url":"https:\/\/regions-snetap-fsu.fr\/na\/wp-content\/uploads\/sites\/3\/2020\/12\/SNETAP-Logo.jpg","contentUrl":"https:\/\/regions-snetap-fsu.fr\/na\/wp-content\/uploads\/sites\/3\/2020\/12\/SNETAP-Logo.jpg","width":464,"height":334,"caption":"SNETAP-FSU - Nouvelle Aquitaine"},"image":{"@id":"https:\/\/regions-snetap-fsu.fr\/na\/#\/schema\/logo\/image\/"}},{"@type":"Person","@id":"https:\/\/regions-snetap-fsu.fr\/na\/#\/schema\/person\/ac42fbdc9c4977a4d3a4895e2d2e68d5","name":"el blanco","image":{"@type":"ImageObject","inLanguage":"fr-FR","@id":"https:\/\/secure.gravatar.com\/avatar\/813cfa949421988d54b68d617a31e8b1601ad2cf76cbdfa12fc2dcdb0763888d?s=96&d=mm&r=g","url":"https:\/\/secure.gravatar.com\/avatar\/813cfa949421988d54b68d617a31e8b1601ad2cf76cbdfa12fc2dcdb0763888d?s=96&d=mm&r=g","contentUrl":"https:\/\/secure.gravatar.com\/avatar\/813cfa949421988d54b68d617a31e8b1601ad2cf76cbdfa12fc2dcdb0763888d?s=96&d=mm&r=g","caption":"el blanco"},"url":"https:\/\/regions-snetap-fsu.fr\/na\/author\/y-le-blanc\/"}]}},"_links":{"self":[{"href":"https:\/\/regions-snetap-fsu.fr\/na\/wp-json\/wp\/v2\/posts\/620","targetHints":{"allow":["GET"]}}],"collection":[{"href":"https:\/\/regions-snetap-fsu.fr\/na\/wp-json\/wp\/v2\/posts"}],"about":[{"href":"https:\/\/regions-snetap-fsu.fr\/na\/wp-json\/wp\/v2\/types\/post"}],"author":[{"embeddable":true,"href":"https:\/\/regions-snetap-fsu.fr\/na\/wp-json\/wp\/v2\/users\/87"}],"replies":[{"embeddable":true,"href":"https:\/\/regions-snetap-fsu.fr\/na\/wp-json\/wp\/v2\/comments?post=620"}],"version-history":[{"count":1,"href":"https:\/\/regions-snetap-fsu.fr\/na\/wp-json\/wp\/v2\/posts\/620\/revisions"}],"predecessor-version":[{"id":751,"href":"https:\/\/regions-snetap-fsu.fr\/na\/wp-json\/wp\/v2\/posts\/620\/revisions\/751"}],"wp:attachment":[{"href":"https:\/\/regions-snetap-fsu.fr\/na\/wp-json\/wp\/v2\/media?parent=620"}],"wp:term":[{"taxonomy":"category","embeddable":true,"href":"https:\/\/regions-snetap-fsu.fr\/na\/wp-json\/wp\/v2\/categories?post=620"},{"taxonomy":"post_tag","embeddable":true,"href":"https:\/\/regions-snetap-fsu.fr\/na\/wp-json\/wp\/v2\/tags?post=620"},{"taxonomy":"post_folder","embeddable":true,"href":"https:\/\/regions-snetap-fsu.fr\/na\/wp-json\/wp\/v2\/post_folder?post=620"}],"curies":[{"name":"wp","href":"https:\/\/api.w.org\/{rel}","templated":true}]}}