{"id":5895,"date":"2026-04-12T11:11:24","date_gmt":"2026-04-12T09:11:24","guid":{"rendered":"https:\/\/regions-snetap-fsu.fr\/na\/?p=5895"},"modified":"2026-04-12T11:24:46","modified_gmt":"2026-04-12T09:24:46","slug":"petition-non-au-passage-en-force-sur-le-1er-mai","status":"publish","type":"post","link":"https:\/\/regions-snetap-fsu.fr\/na\/2026\/04\/12\/petition-non-au-passage-en-force-sur-le-1er-mai\/","title":{"rendered":"P\u00e9tition : Non au passage en force sur le 1er mai"},"content":{"rendered":"\t\t<div data-elementor-type=\"wp-post\" data-elementor-id=\"5895\" class=\"elementor elementor-5895\">\n\t\t\t\t<div class=\"elementor-element elementor-element-87e94ae e-flex e-con-boxed e-con e-parent\" data-id=\"87e94ae\" data-element_type=\"container\" data-e-type=\"container\">\n\t\t\t\t\t<div class=\"e-con-inner\">\n\t\t\t\t<div class=\"elementor-element elementor-element-b9f5192 elementor-widget elementor-widget-heading\" data-id=\"b9f5192\" data-element_type=\"widget\" data-e-type=\"widget\" data-widget_type=\"heading.default\">\n\t\t\t\t<div class=\"elementor-widget-container\">\n\t\t\t\t\t<h1 class=\"elementor-heading-title elementor-size-default\"><a href=\"https:\/\/www.change.org\/p\/non-au-passage-en-force-sur-le-1er-mai?utm_source=share_petition&#038;utm_medium=mobileNativeShare&#038;utm_campaign=share_petition&#038;recruited_by_id=10e9e440-3522-11f1-b654-7bfa02bcc84e&#038;share_id=GWYcHL4Lmp\">Signez la p\u00e9tition contre le passage en force sur le 1er mai<\/a><\/h1>\t\t\t\t<\/div>\n\t\t\t\t<\/div>\n\t\t\t\t\t<\/div>\n\t\t\t\t<\/div>\n\t\t<div class=\"elementor-element elementor-element-6cd5f2f e-flex e-con-boxed e-con e-parent\" data-id=\"6cd5f2f\" data-element_type=\"container\" data-e-type=\"container\">\n\t\t\t\t\t<div class=\"e-con-inner\">\n\t\t\t\t<div class=\"elementor-element elementor-element-dd3754c elementor-widget elementor-widget-text-editor\" data-id=\"dd3754c\" data-element_type=\"widget\" data-e-type=\"widget\" data-widget_type=\"text-editor.default\">\n\t\t\t\t<div class=\"elementor-widget-container\">\n\t\t\t\t\t\t\t\t\t<p>Ce vendredi 10 avril, les d\u00e9put\u00e9s macronistes, LR et RN ont organis\u00e9 un\u00a0<strong>coup de force inacceptable<\/strong>\u00a0contre le monde du travail. Pour passer en force leur loi sur le 1er mai, ils ont fait un\u00a0<strong>49-3 parlementaire<\/strong>\u00a0en votant une motion de rejet pour annuler les 170 amendements d\u00e9pos\u00e9s. \u00a0Ainsi, la loi pourrait \u00eatre adopt\u00e9e d\u00e8s la semaine prochaine sans avoir \u00e9t\u00e9 d\u00e9battue par l\u2019assembl\u00e9e !<\/p><p><span style=\"color: #ff0000\"><strong>Ce passage en force est inacceptable.<\/strong><\/span><\/p>\t\t\t\t\t\t\t\t<\/div>\n\t\t\t\t<\/div>\n\t\t\t\t\t<\/div>\n\t\t\t\t<\/div>\n\t\t<div class=\"elementor-element elementor-element-bea33ce e-flex e-con-boxed e-con e-parent\" data-id=\"bea33ce\" data-element_type=\"container\" data-e-type=\"container\">\n\t\t\t\t\t<div class=\"e-con-inner\">\n\t\t\t\t<div class=\"elementor-element elementor-element-ba487d3 elementor-widget elementor-widget-image\" data-id=\"ba487d3\" data-element_type=\"widget\" data-e-type=\"widget\" data-widget_type=\"image.default\">\n\t\t\t\t<div class=\"elementor-widget-container\">\n\t\t\t\t\t\t\t\t\t\t\t\t\t\t\t<img fetchpriority=\"high\" decoding=\"async\" width=\"664\" height=\"405\" src=\"https:\/\/regions-snetap-fsu.fr\/na\/wp-content\/uploads\/sites\/3\/2026\/04\/logo-blog-2.png\" class=\"attachment-large size-large wp-image-5897\" alt=\"\" srcset=\"https:\/\/regions-snetap-fsu.fr\/na\/wp-content\/uploads\/sites\/3\/2026\/04\/logo-blog-2.png 664w, https:\/\/regions-snetap-fsu.fr\/na\/wp-content\/uploads\/sites\/3\/2026\/04\/logo-blog-2-300x183.png 300w\" sizes=\"(max-width: 664px) 100vw, 664px\" \/>\t\t\t\t\t\t\t\t\t\t\t\t\t\t\t<\/div>\n\t\t\t\t<\/div>\n\t\t\t\t\t<\/div>\n\t\t\t\t<\/div>\n\t\t<div class=\"elementor-element elementor-element-1ef22ec e-flex e-con-boxed e-con e-parent\" data-id=\"1ef22ec\" data-element_type=\"container\" data-e-type=\"container\">\n\t\t\t\t\t<div class=\"e-con-inner\">\n\t\t\t\t<div class=\"elementor-element elementor-element-29326b5 elementor-widget elementor-widget-text-editor\" data-id=\"29326b5\" data-element_type=\"widget\" data-e-type=\"widget\" data-widget_type=\"text-editor.default\">\n\t\t\t\t<div class=\"elementor-widget-container\">\n\t\t\t\t\t\t\t\t\t<p>Apr\u00e8s nous avoir vol\u00e9 2 ans de vie avec la r\u00e9forme des retraites, ils veulent maintenant nous voler le 1er mai.<\/p><p><span style=\"color: #ff0000\"><strong>Le 1er mai n\u2019est pas un jour comme les autres.\u00a0<\/strong><\/span>C\u2019est le seul jour f\u00e9ri\u00e9 obligatoirement ch\u00f4m\u00e9 et pay\u00e9 dans notre pays, un symbole historique des luttes des travailleurs et des travailleuses.<\/p><p>Pourtant, cette proposition de loi vise aujourd\u2019hui \u00e0 banaliser le travail ce jour-l\u00e0, en l\u2019ouvrant largement au commerce, \u00e0 l&rsquo;agroalimentaire et \u00e0 de nombreux secteurs, au b\u00e9n\u00e9fice des grandes enseignes et au d\u00e9triment de millions de salari\u00e9\u00b7es.<\/p><p>Et derri\u00e8re les promesses, il y a la r\u00e9alit\u00e9 du travail :<\/p><p>Le \u201cvolontariat\u201d ? On conna\u00eet d\u00e9j\u00e0 avec le travail du dimanche. Dans les faits, il est souvent contraint. Et cette loi ne concerne pas que \u00ab\u00a0quelques artisans\u00a0\u00bb : elle ouvre le 1er mai \u00e0 la grande distribution et aux grandes enseignes, Carrefour, Auchan, Interflora, Fnac&#8230; ce sont plus de 1,4 million de salari\u00e9\u00b7es qui seraient directement impact\u00e9s.<\/p><p>C\u2019est l\u2019engrenage : mise en concurrence des salari\u00e9\u00b7es aujourd\u2019hui, banalisation du travail le 1er mai demain.<\/p><p>Nous refusons ce hold up.\u00a0<span style=\"color: #ff0000\"><strong>Nous demandons solennellement au gouvernement de ne pas r\u00e9unir la commission mixte paritaire et de renoncer \u00e0 ce texte.<\/strong><\/span><\/p><p>Le 1er mai est un droit.<br \/>Nous ne laisserons pas faire !<\/p><p><a href=\"https:\/\/www.change.org\/p\/non-au-passage-en-force-sur-le-1er-mai?utm_source=share_petition&amp;utm_medium=mobileNativeShare&amp;utm_campaign=share_petition&amp;recruited_by_id=10e9e440-3522-11f1-b654-7bfa02bcc84e&amp;share_id=GWYcHL4Lmp\">Signons la p\u00e9tition contre le passage en force sur le 1er mai<\/a><\/p>\t\t\t\t\t\t\t\t<\/div>\n\t\t\t\t<\/div>\n\t\t\t\t\t<\/div>\n\t\t\t\t<\/div>\n\t\t<div class=\"elementor-element elementor-element-bd3d95b e-flex e-con-boxed e-con e-parent\" data-id=\"bd3d95b\" data-element_type=\"container\" data-e-type=\"container\">\n\t\t\t\t\t<div class=\"e-con-inner\">\n\t\t\t\t<div class=\"elementor-element elementor-element-cff853f elementor-widget elementor-widget-heading\" data-id=\"cff853f\" data-element_type=\"widget\" data-e-type=\"widget\" data-widget_type=\"heading.default\">\n\t\t\t\t<div class=\"elementor-widget-container\">\n\t\t\t\t\t<h2 class=\"elementor-heading-title elementor-size-default\"><a href=\"https:\/\/www.change.org\/p\/non-au-passage-en-force-sur-le-1er-mai?utm_source=share_petition&#038;utm_medium=mobileNativeShare&#038;utm_campaign=share_petition&#038;recruited_by_id=10e9e440-3522-11f1-b654-7bfa02bcc84e&#038;share_id=GWYcHL4Lmp\">Signez ici la p\u00e9tition contre le passage en force sur le 1er mai<\/a><\/h2>\t\t\t\t<\/div>\n\t\t\t\t<\/div>\n\t\t\t\t\t<\/div>\n\t\t\t\t<\/div>\n\t\t<div class=\"elementor-element elementor-element-8fa676e e-flex e-con-boxed e-con e-parent\" data-id=\"8fa676e\" data-element_type=\"container\" data-e-type=\"container\">\n\t\t\t\t\t<div class=\"e-con-inner\">\n\t\t\t\t<div class=\"elementor-element elementor-element-13f88ac elementor-widget elementor-widget-heading\" data-id=\"13f88ac\" data-element_type=\"widget\" data-e-type=\"widget\" data-widget_type=\"heading.default\">\n\t\t\t\t<div class=\"elementor-widget-container\">\n\t\t\t\t\t<h3 class=\"elementor-heading-title elementor-size-default\"><a href=\"https:\/\/regions-snetap-fsu.fr\/na\/wp-content\/uploads\/sites\/3\/2026\/04\/courrier-intersyndicale-PM-1er-mai-12042026.pdf\">Retrouvez ici le courrier de l'Intersyndicale adress\u00e9 au Premier Ministre <\/a><\/h3>\t\t\t\t<\/div>\n\t\t\t\t<\/div>\n\t\t\t\t\t<\/div>\n\t\t\t\t<\/div>\n\t\t\t\t<\/div>\n\t\t","protected":false},"excerpt":{"rendered":"<p>Signez la p\u00e9tition contre le passage en force sur le 1er mai Ce vendredi 10 avril, les d\u00e9put\u00e9s macronistes, LR et RN ont organis\u00e9 un\u00a0coup de force inacceptable\u00a0contre le monde du travail. Pour passer en force leur loi sur le 1er mai, ils ont fait un\u00a049-3 parlementaire\u00a0en votant une motion de rejet pour annuler les [&hellip;]<\/p>\n","protected":false},"author":128,"featured_media":5906,"comment_status":"closed","ping_status":"closed","sticky":false,"template":"","format":"standard","meta":{"ocean_post_layout":"","ocean_both_sidebars_style":"","ocean_both_sidebars_content_width":0,"ocean_both_sidebars_sidebars_width":0,"ocean_sidebar":"0","ocean_second_sidebar":"0","ocean_disable_margins":"enable","ocean_add_body_class":"","ocean_shortcode_before_top_bar":"","ocean_shortcode_after_top_bar":"","ocean_shortcode_before_header":"","ocean_shortcode_after_header":"","ocean_has_shortcode":"","ocean_shortcode_after_title":"","ocean_shortcode_before_footer_widgets":"","ocean_shortcode_after_footer_widgets":"","ocean_shortcode_before_footer_bottom":"","ocean_shortcode_after_footer_bottom":"","ocean_display_top_bar":"default","ocean_display_header":"default","ocean_header_style":"","ocean_center_header_left_menu":"0","ocean_custom_header_template":"0","ocean_custom_logo":0,"ocean_custom_retina_logo":0,"ocean_custom_logo_max_width":0,"ocean_custom_logo_tablet_max_width":0,"ocean_custom_logo_mobile_max_width":0,"ocean_custom_logo_max_height":0,"ocean_custom_logo_tablet_max_height":0,"ocean_custom_logo_mobile_max_height":0,"ocean_header_custom_menu":"0","ocean_menu_typo_font_family":"0","ocean_menu_typo_font_subset":"","ocean_menu_typo_font_size":0,"ocean_menu_typo_font_size_tablet":0,"ocean_menu_typo_font_size_mobile":0,"ocean_menu_typo_font_size_unit":"px","ocean_menu_typo_font_weight":"","ocean_menu_typo_font_weight_tablet":"","ocean_menu_typo_font_weight_mobile":"","ocean_menu_typo_transform":"","ocean_menu_typo_transform_tablet":"","ocean_menu_typo_transform_mobile":"","ocean_menu_typo_line_height":0,"ocean_menu_typo_line_height_tablet":0,"ocean_menu_typo_line_height_mobile":0,"ocean_menu_typo_line_height_unit":"","ocean_menu_typo_spacing":0,"ocean_menu_typo_spacing_tablet":0,"ocean_menu_typo_spacing_mobile":0,"ocean_menu_typo_spacing_unit":"","ocean_menu_link_color":"","ocean_menu_link_color_hover":"","ocean_menu_link_color_active":"","ocean_menu_link_background":"","ocean_menu_link_hover_background":"","ocean_menu_link_active_background":"","ocean_menu_social_links_bg":"","ocean_menu_social_hover_links_bg":"","ocean_menu_social_links_color":"","ocean_menu_social_hover_links_color":"","ocean_disable_title":"default","ocean_disable_heading":"default","ocean_post_title":"","ocean_post_subheading":"","ocean_post_title_style":"","ocean_post_title_background_color":"","ocean_post_title_background":0,"ocean_post_title_bg_image_position":"","ocean_post_title_bg_image_attachment":"","ocean_post_title_bg_image_repeat":"","ocean_post_title_bg_image_size":"","ocean_post_title_height":0,"ocean_post_title_bg_overlay":0.5,"ocean_post_title_bg_overlay_color":"","ocean_disable_breadcrumbs":"default","ocean_breadcrumbs_color":"","ocean_breadcrumbs_separator_color":"","ocean_breadcrumbs_links_color":"","ocean_breadcrumbs_links_hover_color":"","ocean_display_footer_widgets":"default","ocean_display_footer_bottom":"default","ocean_custom_footer_template":"0","ocean_post_oembed":"","ocean_post_self_hosted_media":"","ocean_post_video_embed":"","ocean_link_format":"","ocean_link_format_target":"self","ocean_quote_format":"","ocean_quote_format_link":"post","ocean_gallery_link_images":"on","ocean_gallery_id":[],"footnotes":""},"categories":[12,2,1],"tags":[],"post_folder":[],"class_list":["post-5895","post","type-post","status-publish","format-standard","has-post-thumbnail","hentry","category-actions","category-actus","category-message-de-service","entry","has-media"],"yoast_head":"<!-- This site is optimized with the Yoast SEO plugin v27.4 - https:\/\/yoast.com\/product\/yoast-seo-wordpress\/ -->\n<title>P\u00e9tition : Non au passage en force sur le 1er mai - NOUVELLE AQUITAINE<\/title>\n<meta name=\"robots\" content=\"index, follow, max-snippet:-1, max-image-preview:large, max-video-preview:-1\" \/>\n<link rel=\"canonical\" href=\"https:\/\/regions-snetap-fsu.fr\/na\/2026\/04\/12\/petition-non-au-passage-en-force-sur-le-1er-mai\/\" \/>\n<meta property=\"og:locale\" content=\"fr_FR\" \/>\n<meta property=\"og:type\" content=\"article\" \/>\n<meta property=\"og:title\" content=\"P\u00e9tition : Non au passage en force sur le 1er mai - NOUVELLE AQUITAINE\" \/>\n<meta property=\"og:description\" content=\"Signez la p\u00e9tition contre le passage en force sur le 1er mai Ce vendredi 10 avril, les d\u00e9put\u00e9s macronistes, LR et RN ont organis\u00e9 un\u00a0coup de force inacceptable\u00a0contre le monde du travail. Pour passer en force leur loi sur le 1er mai, ils ont fait un\u00a049-3 parlementaire\u00a0en votant une motion de rejet pour annuler les [&hellip;]\" \/>\n<meta property=\"og:url\" content=\"https:\/\/regions-snetap-fsu.fr\/na\/2026\/04\/12\/petition-non-au-passage-en-force-sur-le-1er-mai\/\" \/>\n<meta property=\"og:site_name\" content=\"NOUVELLE AQUITAINE\" \/>\n<meta property=\"article:published_time\" content=\"2026-04-12T09:11:24+00:00\" \/>\n<meta property=\"article:modified_time\" content=\"2026-04-12T09:24:46+00:00\" \/>\n<meta property=\"og:image\" content=\"https:\/\/regions-snetap-fsu.fr\/na\/wp-content\/uploads\/sites\/3\/2026\/04\/Image-blog-1er-mai.png\" \/>\n\t<meta property=\"og:image:width\" content=\"800\" \/>\n\t<meta property=\"og:image:height\" content=\"450\" \/>\n\t<meta property=\"og:image:type\" content=\"image\/png\" \/>\n<meta name=\"author\" content=\"olivierb\" \/>\n<meta name=\"twitter:card\" content=\"summary_large_image\" \/>\n<meta name=\"twitter:label1\" content=\"\u00c9crit par\" \/>\n\t<meta name=\"twitter:data1\" content=\"olivierb\" \/>\n\t<meta name=\"twitter:label2\" content=\"Dur\u00e9e de lecture estim\u00e9e\" \/>\n\t<meta name=\"twitter:data2\" content=\"2 minutes\" \/>\n<script type=\"application\/ld+json\" class=\"yoast-schema-graph\">{\"@context\":\"https:\\\/\\\/schema.org\",\"@graph\":[{\"@type\":\"Article\",\"@id\":\"https:\\\/\\\/regions-snetap-fsu.fr\\\/na\\\/2026\\\/04\\\/12\\\/petition-non-au-passage-en-force-sur-le-1er-mai\\\/#article\",\"isPartOf\":{\"@id\":\"https:\\\/\\\/regions-snetap-fsu.fr\\\/na\\\/2026\\\/04\\\/12\\\/petition-non-au-passage-en-force-sur-le-1er-mai\\\/\"},\"author\":{\"name\":\"olivierb\",\"@id\":\"https:\\\/\\\/regions-snetap-fsu.fr\\\/na\\\/#\\\/schema\\\/person\\\/bdf1c4fe149dcf915601f9de85ba379f\"},\"headline\":\"P\u00e9tition : Non au passage en force sur le 1er mai\",\"datePublished\":\"2026-04-12T09:11:24+00:00\",\"dateModified\":\"2026-04-12T09:24:46+00:00\",\"mainEntityOfPage\":{\"@id\":\"https:\\\/\\\/regions-snetap-fsu.fr\\\/na\\\/2026\\\/04\\\/12\\\/petition-non-au-passage-en-force-sur-le-1er-mai\\\/\"},\"wordCount\":364,\"publisher\":{\"@id\":\"https:\\\/\\\/regions-snetap-fsu.fr\\\/na\\\/#organization\"},\"image\":{\"@id\":\"https:\\\/\\\/regions-snetap-fsu.fr\\\/na\\\/2026\\\/04\\\/12\\\/petition-non-au-passage-en-force-sur-le-1er-mai\\\/#primaryimage\"},\"thumbnailUrl\":\"https:\\\/\\\/regions-snetap-fsu.fr\\\/na\\\/wp-content\\\/uploads\\\/sites\\\/3\\\/2026\\\/04\\\/Image-blog-1er-mai.png\",\"articleSection\":[\"Actions\",\"Actus\",\"Message de service\"],\"inLanguage\":\"fr-FR\"},{\"@type\":\"WebPage\",\"@id\":\"https:\\\/\\\/regions-snetap-fsu.fr\\\/na\\\/2026\\\/04\\\/12\\\/petition-non-au-passage-en-force-sur-le-1er-mai\\\/\",\"url\":\"https:\\\/\\\/regions-snetap-fsu.fr\\\/na\\\/2026\\\/04\\\/12\\\/petition-non-au-passage-en-force-sur-le-1er-mai\\\/\",\"name\":\"P\u00e9tition : Non au passage en force sur le 1er mai - NOUVELLE AQUITAINE\",\"isPartOf\":{\"@id\":\"https:\\\/\\\/regions-snetap-fsu.fr\\\/na\\\/#website\"},\"primaryImageOfPage\":{\"@id\":\"https:\\\/\\\/regions-snetap-fsu.fr\\\/na\\\/2026\\\/04\\\/12\\\/petition-non-au-passage-en-force-sur-le-1er-mai\\\/#primaryimage\"},\"image\":{\"@id\":\"https:\\\/\\\/regions-snetap-fsu.fr\\\/na\\\/2026\\\/04\\\/12\\\/petition-non-au-passage-en-force-sur-le-1er-mai\\\/#primaryimage\"},\"thumbnailUrl\":\"https:\\\/\\\/regions-snetap-fsu.fr\\\/na\\\/wp-content\\\/uploads\\\/sites\\\/3\\\/2026\\\/04\\\/Image-blog-1er-mai.png\",\"datePublished\":\"2026-04-12T09:11:24+00:00\",\"dateModified\":\"2026-04-12T09:24:46+00:00\",\"breadcrumb\":{\"@id\":\"https:\\\/\\\/regions-snetap-fsu.fr\\\/na\\\/2026\\\/04\\\/12\\\/petition-non-au-passage-en-force-sur-le-1er-mai\\\/#breadcrumb\"},\"inLanguage\":\"fr-FR\",\"potentialAction\":[{\"@type\":\"ReadAction\",\"target\":[\"https:\\\/\\\/regions-snetap-fsu.fr\\\/na\\\/2026\\\/04\\\/12\\\/petition-non-au-passage-en-force-sur-le-1er-mai\\\/\"]}]},{\"@type\":\"ImageObject\",\"inLanguage\":\"fr-FR\",\"@id\":\"https:\\\/\\\/regions-snetap-fsu.fr\\\/na\\\/2026\\\/04\\\/12\\\/petition-non-au-passage-en-force-sur-le-1er-mai\\\/#primaryimage\",\"url\":\"https:\\\/\\\/regions-snetap-fsu.fr\\\/na\\\/wp-content\\\/uploads\\\/sites\\\/3\\\/2026\\\/04\\\/Image-blog-1er-mai.png\",\"contentUrl\":\"https:\\\/\\\/regions-snetap-fsu.fr\\\/na\\\/wp-content\\\/uploads\\\/sites\\\/3\\\/2026\\\/04\\\/Image-blog-1er-mai.png\",\"width\":800,\"height\":450},{\"@type\":\"BreadcrumbList\",\"@id\":\"https:\\\/\\\/regions-snetap-fsu.fr\\\/na\\\/2026\\\/04\\\/12\\\/petition-non-au-passage-en-force-sur-le-1er-mai\\\/#breadcrumb\",\"itemListElement\":[{\"@type\":\"ListItem\",\"position\":1,\"name\":\"Accueil\",\"item\":\"https:\\\/\\\/regions-snetap-fsu.fr\\\/na\\\/\"},{\"@type\":\"ListItem\",\"position\":2,\"name\":\"P\u00e9tition : Non au passage en force sur le 1er mai\"}]},{\"@type\":\"WebSite\",\"@id\":\"https:\\\/\\\/regions-snetap-fsu.fr\\\/na\\\/#website\",\"url\":\"https:\\\/\\\/regions-snetap-fsu.fr\\\/na\\\/\",\"name\":\"SNETAP-FSU NOUVELLE AQUITAINE\",\"description\":\"Blog de la Section R\u00e9gionale\",\"publisher\":{\"@id\":\"https:\\\/\\\/regions-snetap-fsu.fr\\\/na\\\/#organization\"},\"potentialAction\":[{\"@type\":\"SearchAction\",\"target\":{\"@type\":\"EntryPoint\",\"urlTemplate\":\"https:\\\/\\\/regions-snetap-fsu.fr\\\/na\\\/?s={search_term_string}\"},\"query-input\":{\"@type\":\"PropertyValueSpecification\",\"valueRequired\":true,\"valueName\":\"search_term_string\"}}],\"inLanguage\":\"fr-FR\"},{\"@type\":\"Organization\",\"@id\":\"https:\\\/\\\/regions-snetap-fsu.fr\\\/na\\\/#organization\",\"name\":\"SNETAP-FSU - Nouvelle Aquitaine\",\"url\":\"https:\\\/\\\/regions-snetap-fsu.fr\\\/na\\\/\",\"logo\":{\"@type\":\"ImageObject\",\"inLanguage\":\"fr-FR\",\"@id\":\"https:\\\/\\\/regions-snetap-fsu.fr\\\/na\\\/#\\\/schema\\\/logo\\\/image\\\/\",\"url\":\"https:\\\/\\\/regions-snetap-fsu.fr\\\/na\\\/wp-content\\\/uploads\\\/sites\\\/3\\\/2020\\\/12\\\/SNETAP-Logo.jpg\",\"contentUrl\":\"https:\\\/\\\/regions-snetap-fsu.fr\\\/na\\\/wp-content\\\/uploads\\\/sites\\\/3\\\/2020\\\/12\\\/SNETAP-Logo.jpg\",\"width\":464,\"height\":334,\"caption\":\"SNETAP-FSU - Nouvelle Aquitaine\"},\"image\":{\"@id\":\"https:\\\/\\\/regions-snetap-fsu.fr\\\/na\\\/#\\\/schema\\\/logo\\\/image\\\/\"}},{\"@type\":\"Person\",\"@id\":\"https:\\\/\\\/regions-snetap-fsu.fr\\\/na\\\/#\\\/schema\\\/person\\\/bdf1c4fe149dcf915601f9de85ba379f\",\"name\":\"olivierb\",\"image\":{\"@type\":\"ImageObject\",\"inLanguage\":\"fr-FR\",\"@id\":\"https:\\\/\\\/secure.gravatar.com\\\/avatar\\\/d9cce0db1146844098d0ec7fae94551015c4ff78117aab56897823bb265a7bc9?s=96&d=mm&r=g\",\"url\":\"https:\\\/\\\/secure.gravatar.com\\\/avatar\\\/d9cce0db1146844098d0ec7fae94551015c4ff78117aab56897823bb265a7bc9?s=96&d=mm&r=g\",\"contentUrl\":\"https:\\\/\\\/secure.gravatar.com\\\/avatar\\\/d9cce0db1146844098d0ec7fae94551015c4ff78117aab56897823bb265a7bc9?s=96&d=mm&r=g\",\"caption\":\"olivierb\"},\"url\":\"https:\\\/\\\/regions-snetap-fsu.fr\\\/na\\\/author\\\/olivierb\\\/\"}]}<\/script>\n<!-- \/ Yoast SEO plugin. -->","yoast_head_json":{"title":"P\u00e9tition : Non au passage en force sur le 1er mai - NOUVELLE AQUITAINE","robots":{"index":"index","follow":"follow","max-snippet":"max-snippet:-1","max-image-preview":"max-image-preview:large","max-video-preview":"max-video-preview:-1"},"canonical":"https:\/\/regions-snetap-fsu.fr\/na\/2026\/04\/12\/petition-non-au-passage-en-force-sur-le-1er-mai\/","og_locale":"fr_FR","og_type":"article","og_title":"P\u00e9tition : Non au passage en force sur le 1er mai - NOUVELLE AQUITAINE","og_description":"Signez la p\u00e9tition contre le passage en force sur le 1er mai Ce vendredi 10 avril, les d\u00e9put\u00e9s macronistes, LR et RN ont organis\u00e9 un\u00a0coup de force inacceptable\u00a0contre le monde du travail. Pour passer en force leur loi sur le 1er mai, ils ont fait un\u00a049-3 parlementaire\u00a0en votant une motion de rejet pour annuler les [&hellip;]","og_url":"https:\/\/regions-snetap-fsu.fr\/na\/2026\/04\/12\/petition-non-au-passage-en-force-sur-le-1er-mai\/","og_site_name":"NOUVELLE AQUITAINE","article_published_time":"2026-04-12T09:11:24+00:00","article_modified_time":"2026-04-12T09:24:46+00:00","og_image":[{"width":800,"height":450,"url":"https:\/\/regions-snetap-fsu.fr\/na\/wp-content\/uploads\/sites\/3\/2026\/04\/Image-blog-1er-mai.png","type":"image\/png"}],"author":"olivierb","twitter_card":"summary_large_image","twitter_misc":{"\u00c9crit par":"olivierb","Dur\u00e9e de lecture estim\u00e9e":"2 minutes"},"schema":{"@context":"https:\/\/schema.org","@graph":[{"@type":"Article","@id":"https:\/\/regions-snetap-fsu.fr\/na\/2026\/04\/12\/petition-non-au-passage-en-force-sur-le-1er-mai\/#article","isPartOf":{"@id":"https:\/\/regions-snetap-fsu.fr\/na\/2026\/04\/12\/petition-non-au-passage-en-force-sur-le-1er-mai\/"},"author":{"name":"olivierb","@id":"https:\/\/regions-snetap-fsu.fr\/na\/#\/schema\/person\/bdf1c4fe149dcf915601f9de85ba379f"},"headline":"P\u00e9tition : Non au passage en force sur le 1er mai","datePublished":"2026-04-12T09:11:24+00:00","dateModified":"2026-04-12T09:24:46+00:00","mainEntityOfPage":{"@id":"https:\/\/regions-snetap-fsu.fr\/na\/2026\/04\/12\/petition-non-au-passage-en-force-sur-le-1er-mai\/"},"wordCount":364,"publisher":{"@id":"https:\/\/regions-snetap-fsu.fr\/na\/#organization"},"image":{"@id":"https:\/\/regions-snetap-fsu.fr\/na\/2026\/04\/12\/petition-non-au-passage-en-force-sur-le-1er-mai\/#primaryimage"},"thumbnailUrl":"https:\/\/regions-snetap-fsu.fr\/na\/wp-content\/uploads\/sites\/3\/2026\/04\/Image-blog-1er-mai.png","articleSection":["Actions","Actus","Message de service"],"inLanguage":"fr-FR"},{"@type":"WebPage","@id":"https:\/\/regions-snetap-fsu.fr\/na\/2026\/04\/12\/petition-non-au-passage-en-force-sur-le-1er-mai\/","url":"https:\/\/regions-snetap-fsu.fr\/na\/2026\/04\/12\/petition-non-au-passage-en-force-sur-le-1er-mai\/","name":"P\u00e9tition : Non au passage en force sur le 1er mai - NOUVELLE AQUITAINE","isPartOf":{"@id":"https:\/\/regions-snetap-fsu.fr\/na\/#website"},"primaryImageOfPage":{"@id":"https:\/\/regions-snetap-fsu.fr\/na\/2026\/04\/12\/petition-non-au-passage-en-force-sur-le-1er-mai\/#primaryimage"},"image":{"@id":"https:\/\/regions-snetap-fsu.fr\/na\/2026\/04\/12\/petition-non-au-passage-en-force-sur-le-1er-mai\/#primaryimage"},"thumbnailUrl":"https:\/\/regions-snetap-fsu.fr\/na\/wp-content\/uploads\/sites\/3\/2026\/04\/Image-blog-1er-mai.png","datePublished":"2026-04-12T09:11:24+00:00","dateModified":"2026-04-12T09:24:46+00:00","breadcrumb":{"@id":"https:\/\/regions-snetap-fsu.fr\/na\/2026\/04\/12\/petition-non-au-passage-en-force-sur-le-1er-mai\/#breadcrumb"},"inLanguage":"fr-FR","potentialAction":[{"@type":"ReadAction","target":["https:\/\/regions-snetap-fsu.fr\/na\/2026\/04\/12\/petition-non-au-passage-en-force-sur-le-1er-mai\/"]}]},{"@type":"ImageObject","inLanguage":"fr-FR","@id":"https:\/\/regions-snetap-fsu.fr\/na\/2026\/04\/12\/petition-non-au-passage-en-force-sur-le-1er-mai\/#primaryimage","url":"https:\/\/regions-snetap-fsu.fr\/na\/wp-content\/uploads\/sites\/3\/2026\/04\/Image-blog-1er-mai.png","contentUrl":"https:\/\/regions-snetap-fsu.fr\/na\/wp-content\/uploads\/sites\/3\/2026\/04\/Image-blog-1er-mai.png","width":800,"height":450},{"@type":"BreadcrumbList","@id":"https:\/\/regions-snetap-fsu.fr\/na\/2026\/04\/12\/petition-non-au-passage-en-force-sur-le-1er-mai\/#breadcrumb","itemListElement":[{"@type":"ListItem","position":1,"name":"Accueil","item":"https:\/\/regions-snetap-fsu.fr\/na\/"},{"@type":"ListItem","position":2,"name":"P\u00e9tition : Non au passage en force sur le 1er mai"}]},{"@type":"WebSite","@id":"https:\/\/regions-snetap-fsu.fr\/na\/#website","url":"https:\/\/regions-snetap-fsu.fr\/na\/","name":"SNETAP-FSU NOUVELLE AQUITAINE","description":"Blog de la Section R\u00e9gionale","publisher":{"@id":"https:\/\/regions-snetap-fsu.fr\/na\/#organization"},"potentialAction":[{"@type":"SearchAction","target":{"@type":"EntryPoint","urlTemplate":"https:\/\/regions-snetap-fsu.fr\/na\/?s={search_term_string}"},"query-input":{"@type":"PropertyValueSpecification","valueRequired":true,"valueName":"search_term_string"}}],"inLanguage":"fr-FR"},{"@type":"Organization","@id":"https:\/\/regions-snetap-fsu.fr\/na\/#organization","name":"SNETAP-FSU - Nouvelle Aquitaine","url":"https:\/\/regions-snetap-fsu.fr\/na\/","logo":{"@type":"ImageObject","inLanguage":"fr-FR","@id":"https:\/\/regions-snetap-fsu.fr\/na\/#\/schema\/logo\/image\/","url":"https:\/\/regions-snetap-fsu.fr\/na\/wp-content\/uploads\/sites\/3\/2020\/12\/SNETAP-Logo.jpg","contentUrl":"https:\/\/regions-snetap-fsu.fr\/na\/wp-content\/uploads\/sites\/3\/2020\/12\/SNETAP-Logo.jpg","width":464,"height":334,"caption":"SNETAP-FSU - Nouvelle Aquitaine"},"image":{"@id":"https:\/\/regions-snetap-fsu.fr\/na\/#\/schema\/logo\/image\/"}},{"@type":"Person","@id":"https:\/\/regions-snetap-fsu.fr\/na\/#\/schema\/person\/bdf1c4fe149dcf915601f9de85ba379f","name":"olivierb","image":{"@type":"ImageObject","inLanguage":"fr-FR","@id":"https:\/\/secure.gravatar.com\/avatar\/d9cce0db1146844098d0ec7fae94551015c4ff78117aab56897823bb265a7bc9?s=96&d=mm&r=g","url":"https:\/\/secure.gravatar.com\/avatar\/d9cce0db1146844098d0ec7fae94551015c4ff78117aab56897823bb265a7bc9?s=96&d=mm&r=g","contentUrl":"https:\/\/secure.gravatar.com\/avatar\/d9cce0db1146844098d0ec7fae94551015c4ff78117aab56897823bb265a7bc9?s=96&d=mm&r=g","caption":"olivierb"},"url":"https:\/\/regions-snetap-fsu.fr\/na\/author\/olivierb\/"}]}},"_links":{"self":[{"href":"https:\/\/regions-snetap-fsu.fr\/na\/wp-json\/wp\/v2\/posts\/5895","targetHints":{"allow":["GET"]}}],"collection":[{"href":"https:\/\/regions-snetap-fsu.fr\/na\/wp-json\/wp\/v2\/posts"}],"about":[{"href":"https:\/\/regions-snetap-fsu.fr\/na\/wp-json\/wp\/v2\/types\/post"}],"author":[{"embeddable":true,"href":"https:\/\/regions-snetap-fsu.fr\/na\/wp-json\/wp\/v2\/users\/128"}],"replies":[{"embeddable":true,"href":"https:\/\/regions-snetap-fsu.fr\/na\/wp-json\/wp\/v2\/comments?post=5895"}],"version-history":[{"count":16,"href":"https:\/\/regions-snetap-fsu.fr\/na\/wp-json\/wp\/v2\/posts\/5895\/revisions"}],"predecessor-version":[{"id":5917,"href":"https:\/\/regions-snetap-fsu.fr\/na\/wp-json\/wp\/v2\/posts\/5895\/revisions\/5917"}],"wp:featuredmedia":[{"embeddable":true,"href":"https:\/\/regions-snetap-fsu.fr\/na\/wp-json\/wp\/v2\/media\/5906"}],"wp:attachment":[{"href":"https:\/\/regions-snetap-fsu.fr\/na\/wp-json\/wp\/v2\/media?parent=5895"}],"wp:term":[{"taxonomy":"category","embeddable":true,"href":"https:\/\/regions-snetap-fsu.fr\/na\/wp-json\/wp\/v2\/categories?post=5895"},{"taxonomy":"post_tag","embeddable":true,"href":"https:\/\/regions-snetap-fsu.fr\/na\/wp-json\/wp\/v2\/tags?post=5895"},{"taxonomy":"post_folder","embeddable":true,"href":"https:\/\/regions-snetap-fsu.fr\/na\/wp-json\/wp\/v2\/post_folder?post=5895"}],"curies":[{"name":"wp","href":"https:\/\/api.w.org\/{rel}","templated":true}]}}