{"id":5839,"date":"2026-04-03T10:16:54","date_gmt":"2026-04-03T08:16:54","guid":{"rendered":"https:\/\/regions-snetap-fsu.fr\/na\/?p=5839"},"modified":"2026-04-03T14:18:13","modified_gmt":"2026-04-03T12:18:13","slug":"budget-2026-de-lenseignement-agricole-des-expert%c2%b7es-de-nouvelle-aquitaine-interpellent-la-dger-dans-le-cadre-du-csa-ea","status":"publish","type":"post","link":"https:\/\/regions-snetap-fsu.fr\/na\/2026\/04\/03\/budget-2026-de-lenseignement-agricole-des-expert%c2%b7es-de-nouvelle-aquitaine-interpellent-la-dger-dans-le-cadre-du-csa-ea\/","title":{"rendered":"Budget 2026 de l\u2019enseignement agricole\u00a0: des expert\u00b7es de Nouvelle Aquitaine interpellent la DGER dans le cadre du CSA EA"},"content":{"rendered":"\t\t<div data-elementor-type=\"wp-post\" data-elementor-id=\"5839\" class=\"elementor elementor-5839\">\n\t\t\t\t<div class=\"elementor-element elementor-element-a5b94af e-flex e-con-boxed e-con e-parent\" data-id=\"a5b94af\" data-element_type=\"container\" data-e-type=\"container\">\n\t\t\t\t\t<div class=\"e-con-inner\">\n\t\t\t\t<div class=\"elementor-element elementor-element-56b91f3 elementor-widget elementor-widget-text-editor\" data-id=\"56b91f3\" data-element_type=\"widget\" data-e-type=\"widget\" data-widget_type=\"text-editor.default\">\n\t\t\t\t<div class=\"elementor-widget-container\">\n\t\t\t\t\t\t\t\t\t<p align=\"justify\"><span style=\"color: #003300\"><strong><span style=\"font-family: arial, helvetica, sans-serif;color: #003300\"><span style=\"font-size: medium\">Le<\/span><\/span><span style=\"font-family: arial, helvetica, sans-serif\"><span style=\"font-size: medium\"><span style=\"color: #003300\"><strong> C<\/strong><\/span>SA EA s\u2019est r\u00e9uni ce jour afin d\u2019examiner les dotations r\u00e9gionales en emploi et en cr\u00e9dit sur le budget 2026 de l\u2019enseignement agricole.\u00a0<\/span><span style=\"font-size: medium;text-align: start\">Les r\u00e9gions Nouvelle-Aquitaine et Bourgogne\u2013Franche-Comt\u00e9 \u00e9taient pr\u00e9sentes en qualit\u00e9 d\u2019expert\u00b7es, notamment pour \u00e9voquer la baisse de la DGH qui les affecte directement.<\/span><\/span><\/strong><\/span><\/p><p align=\"justify\"><span style=\"color: #000000\"><span style=\"font-family: Arial, sans-serif\"><span style=\"font-size: medium\">Lors des \u00e9changes avec la DGER, des diff\u00e9rences notables sont apparues. Si la Bourgogne &#8211; Franche-Comt\u00e9 disposait d\u2019\u00e9l\u00e9ments pr\u00e9cis concernant sa situation, en particulier sur la r\u00e9partition des diminutions de moyens entre \u00e9tablissements, la Nouvelle-Aquitaine a, pour sa part, d\u00e9nonc\u00e9 une absence totale d\u2019informations la concernant.<\/span><\/span><\/span><\/p><p align=\"justify\"><span style=\"color: #000000\"><span style=\"font-family: Arial, sans-serif\"><span style=\"font-size: medium\">En effet, les instances de dialogue social r\u00e9gionales (CSA REA en septembre et CREA en novembre) n\u2019ont pas permis d\u2019aborder la suppression des 4,3 postes annonc\u00e9e par la DGER. <\/span><\/span><\/span><\/p><p align=\"justify\"><span style=\"color: #000000\"><span style=\"font-family: Arial, sans-serif\"><span style=\"font-size: medium\">Elles n\u2019ont pas davantage permis d\u2019obtenir d\u2019explications sur les \u00e9carts d\u2019effectifs entre les rentr\u00e9es 2025 et 2026, tels qu\u2019annonc\u00e9s respectivement par la DGER et la DRAAF \u2013 la prise en compte desdits effectifs \u00e9tant pourtant l\u2019un des deux crit\u00e8res conditionnant l\u2019allocation de moyens par r\u00e9gion.<\/span><\/span><\/span><\/p><p align=\"justify\"><span style=\"color: #000000\"><span style=\"font-family: Arial, sans-serif\"><span style=\"font-size: medium\">Nos multiples interpellations, qu\u2019elles aient \u00e9t\u00e9 adress\u00e9es directement \u00e0 l\u2019autorit\u00e9 acad\u00e9mique ou relay\u00e9es par des parlementaires, sont rest\u00e9es \u00e9galement sans r\u00e9ponse. <\/span><\/span><\/span><\/p><p align=\"justify\"><span style=\"color: #000000\"><span style=\"font-family: Arial, sans-serif\"><span style=\"font-size: medium\">Dans ces conditions, les prochaines r\u00e9unions pr\u00e9vues en juin ne sauraient suffire \u00e0 r\u00e9tablir un dialogue social digne de ce nom.<\/span><\/span><\/span><\/p><p align=\"justify\"><span style=\"color: #000000\"><span style=\"font-family: Arial, sans-serif\"><span style=\"font-size: medium\">Gr\u00e2ce \u00e0 notre pr\u00e9sence \u00e0 Paris, nous avons obtenu plusieurs confirmations pr\u00e9occupantes. D\u2019abord, qu\u2019en l\u2019\u00e9tat actuel, les <strong>4,3 postes seront bien supprim\u00e9s \u00e0 la rentr\u00e9e 2026<\/strong>. Ensuite que la DGER maintient son analyse d\u2019une baisse des effectifs, tout en reconnaissant un \u00e9cart avec nos propres constats. \u00c9galement que <strong>l\u2019enseignement priv\u00e9 ne sera pas concern\u00e9 par ces suppressions de postes<\/strong>, les modalit\u00e9s d\u2019attribution des moyens \u00e9tant diff\u00e9rentes le concernant. Enfin que la DGER n\u2019entend pas, \u00e0 ce stade, remettre en cause les choix de la DRAAF concernant la carte des formations, celle-ci relevant du niveau r\u00e9gional.<\/span><\/span><\/span><\/p><p align=\"justify\"><span style=\"color: #000000\"><span style=\"font-family: Arial, sans-serif\"><span style=\"font-size: medium\">Les repr\u00e9sentant\u00b7es des personnels de Nouvelle-Aquitaine ont vivement d\u00e9nonc\u00e9<strong> l\u2019absence de dialogue social dans la r\u00e9gion<\/strong> et exig\u00e9 sa restauration imm\u00e9diate, \u00e0 commencer par la tenue d\u2019un CSA REA dans les prochaines semaines.<\/span><\/span><\/span><\/p><p align=\"justify\"><span style=\"color: #000000\"><span style=\"font-family: Arial, sans-serif\"><span style=\"font-size: medium\">La DGER s\u2019est engag\u00e9e \u00e0 se rapprocher des directions r\u00e9gionales concern\u00e9es.<\/span><\/span><\/span><\/p><p align=\"justify\"><strong><span style=\"color: #003300\"><span style=\"font-family: Arial, sans-serif\"><span style=\"font-size: medium\"><a href=\"https:\/\/regions-snetap-fsu.fr\/na\/wp-content\/uploads\/sites\/3\/2026\/04\/2026-04-03_Courrier-SNETAP-FSU_Demnade-convocation-CSA-REA.pdf\">Le SNETAP-FSU interpelle d\u00e8s \u00e0 pr\u00e9sent la DRAAF afin d\u2019exiger la convocation urgente d\u2019un CSA REA<\/a> et une information claire, compl\u00e8te et transparente sur les choix op\u00e9r\u00e9s pour la r\u00e9partition des moyens \u00e0 la rentr\u00e9e 2026. La DRAAF-SRFD doit faire la transparence sur l\u2019utilisation des fonds publics\u00a0!<\/span><\/span><\/span><\/strong><\/p><p align=\"justify\"><span style=\"color: #000000\"><span style=\"font-family: Arial, sans-serif\"><span style=\"font-size: medium\">Dans ce contexte de baisse de cr\u00e9dits que nous d\u00e9non\u00e7ons avec la plus grande fermet\u00e9, le SNETAP-FSU reste pleinement mobilis\u00e9 pour la d\u00e9fense des postes et des moyens pour l\u2019enseignement agricole public. Il continuera notamment \u00e0 alerter et mobiliser les personnels comme les \u00e9lu.es du territoire sur les cons\u00e9quences de ces choix politiques. <\/span><\/span><\/span><\/p>\t\t\t\t\t\t\t\t<\/div>\n\t\t\t\t<\/div>\n\t\t\t\t\t<\/div>\n\t\t\t\t<\/div>\n\t\t\t\t<\/div>\n\t\t","protected":false},"excerpt":{"rendered":"<p>Le CSA EA s\u2019est r\u00e9uni ce jour afin d\u2019examiner les dotations r\u00e9gionales en emploi et en cr\u00e9dit sur le budget 2026 de l\u2019enseignement agricole.\u00a0Les r\u00e9gions Nouvelle-Aquitaine et Bourgogne\u2013Franche-Comt\u00e9 \u00e9taient pr\u00e9sentes en qualit\u00e9 d\u2019expert\u00b7es, notamment pour \u00e9voquer la baisse de la DGH qui les affecte directement. Lors des \u00e9changes avec la DGER, des diff\u00e9rences notables sont [&hellip;]<\/p>\n","protected":false},"author":128,"featured_media":5859,"comment_status":"closed","ping_status":"closed","sticky":false,"template":"","format":"standard","meta":{"ocean_post_layout":"","ocean_both_sidebars_style":"","ocean_both_sidebars_content_width":0,"ocean_both_sidebars_sidebars_width":0,"ocean_sidebar":"0","ocean_second_sidebar":"0","ocean_disable_margins":"enable","ocean_add_body_class":"","ocean_shortcode_before_top_bar":"","ocean_shortcode_after_top_bar":"","ocean_shortcode_before_header":"","ocean_shortcode_after_header":"","ocean_has_shortcode":"","ocean_shortcode_after_title":"","ocean_shortcode_before_footer_widgets":"","ocean_shortcode_after_footer_widgets":"","ocean_shortcode_before_footer_bottom":"","ocean_shortcode_after_footer_bottom":"","ocean_display_top_bar":"default","ocean_display_header":"default","ocean_header_style":"","ocean_center_header_left_menu":"0","ocean_custom_header_template":"0","ocean_custom_logo":0,"ocean_custom_retina_logo":0,"ocean_custom_logo_max_width":0,"ocean_custom_logo_tablet_max_width":0,"ocean_custom_logo_mobile_max_width":0,"ocean_custom_logo_max_height":0,"ocean_custom_logo_tablet_max_height":0,"ocean_custom_logo_mobile_max_height":0,"ocean_header_custom_menu":"0","ocean_menu_typo_font_family":"0","ocean_menu_typo_font_subset":"","ocean_menu_typo_font_size":0,"ocean_menu_typo_font_size_tablet":0,"ocean_menu_typo_font_size_mobile":0,"ocean_menu_typo_font_size_unit":"px","ocean_menu_typo_font_weight":"","ocean_menu_typo_font_weight_tablet":"","ocean_menu_typo_font_weight_mobile":"","ocean_menu_typo_transform":"","ocean_menu_typo_transform_tablet":"","ocean_menu_typo_transform_mobile":"","ocean_menu_typo_line_height":0,"ocean_menu_typo_line_height_tablet":0,"ocean_menu_typo_line_height_mobile":0,"ocean_menu_typo_line_height_unit":"","ocean_menu_typo_spacing":0,"ocean_menu_typo_spacing_tablet":0,"ocean_menu_typo_spacing_mobile":0,"ocean_menu_typo_spacing_unit":"","ocean_menu_link_color":"","ocean_menu_link_color_hover":"","ocean_menu_link_color_active":"","ocean_menu_link_background":"","ocean_menu_link_hover_background":"","ocean_menu_link_active_background":"","ocean_menu_social_links_bg":"","ocean_menu_social_hover_links_bg":"","ocean_menu_social_links_color":"","ocean_menu_social_hover_links_color":"","ocean_disable_title":"default","ocean_disable_heading":"default","ocean_post_title":"","ocean_post_subheading":"","ocean_post_title_style":"","ocean_post_title_background_color":"","ocean_post_title_background":0,"ocean_post_title_bg_image_position":"","ocean_post_title_bg_image_attachment":"","ocean_post_title_bg_image_repeat":"","ocean_post_title_bg_image_size":"","ocean_post_title_height":0,"ocean_post_title_bg_overlay":0.5,"ocean_post_title_bg_overlay_color":"","ocean_disable_breadcrumbs":"default","ocean_breadcrumbs_color":"","ocean_breadcrumbs_separator_color":"","ocean_breadcrumbs_links_color":"","ocean_breadcrumbs_links_hover_color":"","ocean_display_footer_widgets":"default","ocean_display_footer_bottom":"default","ocean_custom_footer_template":"0","ocean_post_oembed":"","ocean_post_self_hosted_media":"","ocean_post_video_embed":"","ocean_link_format":"","ocean_link_format_target":"self","ocean_quote_format":"","ocean_quote_format_link":"post","ocean_gallery_link_images":"on","ocean_gallery_id":[],"footnotes":""},"categories":[2,16,4,1],"tags":[],"post_folder":[],"class_list":["post-5839","post","type-post","status-publish","format-standard","has-post-thumbnail","hentry","category-actus","category-communiques","category-compte-rendu","category-message-de-service","entry","has-media"],"yoast_head":"<!-- This site is optimized with the Yoast SEO plugin v27.4 - https:\/\/yoast.com\/product\/yoast-seo-wordpress\/ -->\n<title>Budget 2026 de l\u2019enseignement agricole\u00a0: des expert\u00b7es de Nouvelle Aquitaine interpellent la DGER dans le cadre du CSA EA - NOUVELLE AQUITAINE<\/title>\n<meta name=\"robots\" content=\"index, follow, max-snippet:-1, max-image-preview:large, max-video-preview:-1\" \/>\n<link rel=\"canonical\" href=\"https:\/\/regions-snetap-fsu.fr\/na\/2026\/04\/03\/budget-2026-de-lenseignement-agricole-des-expert\u00b7es-de-nouvelle-aquitaine-interpellent-la-dger-dans-le-cadre-du-csa-ea\/\" \/>\n<meta property=\"og:locale\" content=\"fr_FR\" \/>\n<meta property=\"og:type\" content=\"article\" \/>\n<meta property=\"og:title\" content=\"Budget 2026 de l\u2019enseignement agricole\u00a0: des expert\u00b7es de Nouvelle Aquitaine interpellent la DGER dans le cadre du CSA EA - NOUVELLE AQUITAINE\" \/>\n<meta property=\"og:description\" content=\"Le CSA EA s\u2019est r\u00e9uni ce jour afin d\u2019examiner les dotations r\u00e9gionales en emploi et en cr\u00e9dit sur le budget 2026 de l\u2019enseignement agricole.\u00a0Les r\u00e9gions Nouvelle-Aquitaine et Bourgogne\u2013Franche-Comt\u00e9 \u00e9taient pr\u00e9sentes en qualit\u00e9 d\u2019expert\u00b7es, notamment pour \u00e9voquer la baisse de la DGH qui les affecte directement. Lors des \u00e9changes avec la DGER, des diff\u00e9rences notables sont [&hellip;]\" \/>\n<meta property=\"og:url\" content=\"https:\/\/regions-snetap-fsu.fr\/na\/2026\/04\/03\/budget-2026-de-lenseignement-agricole-des-expert\u00b7es-de-nouvelle-aquitaine-interpellent-la-dger-dans-le-cadre-du-csa-ea\/\" \/>\n<meta property=\"og:site_name\" content=\"NOUVELLE AQUITAINE\" \/>\n<meta property=\"article:published_time\" content=\"2026-04-03T08:16:54+00:00\" \/>\n<meta property=\"article:modified_time\" content=\"2026-04-03T12:18:13+00:00\" \/>\n<meta property=\"og:image\" content=\"https:\/\/regions-snetap-fsu.fr\/na\/wp-content\/uploads\/sites\/3\/2026\/04\/Visuel-blog5.png\" \/>\n\t<meta property=\"og:image:width\" content=\"728\" \/>\n\t<meta property=\"og:image:height\" content=\"465\" \/>\n\t<meta property=\"og:image:type\" content=\"image\/png\" \/>\n<meta name=\"author\" content=\"olivierb\" \/>\n<meta name=\"twitter:card\" content=\"summary_large_image\" \/>\n<meta name=\"twitter:label1\" content=\"\u00c9crit par\" \/>\n\t<meta name=\"twitter:data1\" content=\"olivierb\" \/>\n\t<meta name=\"twitter:label2\" content=\"Dur\u00e9e de lecture estim\u00e9e\" \/>\n\t<meta name=\"twitter:data2\" content=\"3 minutes\" \/>\n<script type=\"application\/ld+json\" class=\"yoast-schema-graph\">{\"@context\":\"https:\\\/\\\/schema.org\",\"@graph\":[{\"@type\":\"Article\",\"@id\":\"https:\\\/\\\/regions-snetap-fsu.fr\\\/na\\\/2026\\\/04\\\/03\\\/budget-2026-de-lenseignement-agricole-des-expert%c2%b7es-de-nouvelle-aquitaine-interpellent-la-dger-dans-le-cadre-du-csa-ea\\\/#article\",\"isPartOf\":{\"@id\":\"https:\\\/\\\/regions-snetap-fsu.fr\\\/na\\\/2026\\\/04\\\/03\\\/budget-2026-de-lenseignement-agricole-des-expert%c2%b7es-de-nouvelle-aquitaine-interpellent-la-dger-dans-le-cadre-du-csa-ea\\\/\"},\"author\":{\"name\":\"olivierb\",\"@id\":\"https:\\\/\\\/regions-snetap-fsu.fr\\\/na\\\/#\\\/schema\\\/person\\\/bdf1c4fe149dcf915601f9de85ba379f\"},\"headline\":\"Budget 2026 de l\u2019enseignement agricole\u00a0: des expert\u00b7es de Nouvelle Aquitaine interpellent la DGER dans le cadre du CSA EA\",\"datePublished\":\"2026-04-03T08:16:54+00:00\",\"dateModified\":\"2026-04-03T12:18:13+00:00\",\"mainEntityOfPage\":{\"@id\":\"https:\\\/\\\/regions-snetap-fsu.fr\\\/na\\\/2026\\\/04\\\/03\\\/budget-2026-de-lenseignement-agricole-des-expert%c2%b7es-de-nouvelle-aquitaine-interpellent-la-dger-dans-le-cadre-du-csa-ea\\\/\"},\"wordCount\":534,\"publisher\":{\"@id\":\"https:\\\/\\\/regions-snetap-fsu.fr\\\/na\\\/#organization\"},\"image\":{\"@id\":\"https:\\\/\\\/regions-snetap-fsu.fr\\\/na\\\/2026\\\/04\\\/03\\\/budget-2026-de-lenseignement-agricole-des-expert%c2%b7es-de-nouvelle-aquitaine-interpellent-la-dger-dans-le-cadre-du-csa-ea\\\/#primaryimage\"},\"thumbnailUrl\":\"https:\\\/\\\/regions-snetap-fsu.fr\\\/na\\\/wp-content\\\/uploads\\\/sites\\\/3\\\/2026\\\/04\\\/Visuel-blog5.png\",\"articleSection\":[\"Actus\",\"Communiqu\u00e9s\",\"Comptes-rendus\",\"Message de service\"],\"inLanguage\":\"fr-FR\"},{\"@type\":\"WebPage\",\"@id\":\"https:\\\/\\\/regions-snetap-fsu.fr\\\/na\\\/2026\\\/04\\\/03\\\/budget-2026-de-lenseignement-agricole-des-expert%c2%b7es-de-nouvelle-aquitaine-interpellent-la-dger-dans-le-cadre-du-csa-ea\\\/\",\"url\":\"https:\\\/\\\/regions-snetap-fsu.fr\\\/na\\\/2026\\\/04\\\/03\\\/budget-2026-de-lenseignement-agricole-des-expert%c2%b7es-de-nouvelle-aquitaine-interpellent-la-dger-dans-le-cadre-du-csa-ea\\\/\",\"name\":\"Budget 2026 de l\u2019enseignement agricole\u00a0: des expert\u00b7es de Nouvelle Aquitaine interpellent la DGER dans le cadre du CSA EA - NOUVELLE AQUITAINE\",\"isPartOf\":{\"@id\":\"https:\\\/\\\/regions-snetap-fsu.fr\\\/na\\\/#website\"},\"primaryImageOfPage\":{\"@id\":\"https:\\\/\\\/regions-snetap-fsu.fr\\\/na\\\/2026\\\/04\\\/03\\\/budget-2026-de-lenseignement-agricole-des-expert%c2%b7es-de-nouvelle-aquitaine-interpellent-la-dger-dans-le-cadre-du-csa-ea\\\/#primaryimage\"},\"image\":{\"@id\":\"https:\\\/\\\/regions-snetap-fsu.fr\\\/na\\\/2026\\\/04\\\/03\\\/budget-2026-de-lenseignement-agricole-des-expert%c2%b7es-de-nouvelle-aquitaine-interpellent-la-dger-dans-le-cadre-du-csa-ea\\\/#primaryimage\"},\"thumbnailUrl\":\"https:\\\/\\\/regions-snetap-fsu.fr\\\/na\\\/wp-content\\\/uploads\\\/sites\\\/3\\\/2026\\\/04\\\/Visuel-blog5.png\",\"datePublished\":\"2026-04-03T08:16:54+00:00\",\"dateModified\":\"2026-04-03T12:18:13+00:00\",\"breadcrumb\":{\"@id\":\"https:\\\/\\\/regions-snetap-fsu.fr\\\/na\\\/2026\\\/04\\\/03\\\/budget-2026-de-lenseignement-agricole-des-expert%c2%b7es-de-nouvelle-aquitaine-interpellent-la-dger-dans-le-cadre-du-csa-ea\\\/#breadcrumb\"},\"inLanguage\":\"fr-FR\",\"potentialAction\":[{\"@type\":\"ReadAction\",\"target\":[\"https:\\\/\\\/regions-snetap-fsu.fr\\\/na\\\/2026\\\/04\\\/03\\\/budget-2026-de-lenseignement-agricole-des-expert%c2%b7es-de-nouvelle-aquitaine-interpellent-la-dger-dans-le-cadre-du-csa-ea\\\/\"]}]},{\"@type\":\"ImageObject\",\"inLanguage\":\"fr-FR\",\"@id\":\"https:\\\/\\\/regions-snetap-fsu.fr\\\/na\\\/2026\\\/04\\\/03\\\/budget-2026-de-lenseignement-agricole-des-expert%c2%b7es-de-nouvelle-aquitaine-interpellent-la-dger-dans-le-cadre-du-csa-ea\\\/#primaryimage\",\"url\":\"https:\\\/\\\/regions-snetap-fsu.fr\\\/na\\\/wp-content\\\/uploads\\\/sites\\\/3\\\/2026\\\/04\\\/Visuel-blog5.png\",\"contentUrl\":\"https:\\\/\\\/regions-snetap-fsu.fr\\\/na\\\/wp-content\\\/uploads\\\/sites\\\/3\\\/2026\\\/04\\\/Visuel-blog5.png\",\"width\":728,\"height\":465},{\"@type\":\"BreadcrumbList\",\"@id\":\"https:\\\/\\\/regions-snetap-fsu.fr\\\/na\\\/2026\\\/04\\\/03\\\/budget-2026-de-lenseignement-agricole-des-expert%c2%b7es-de-nouvelle-aquitaine-interpellent-la-dger-dans-le-cadre-du-csa-ea\\\/#breadcrumb\",\"itemListElement\":[{\"@type\":\"ListItem\",\"position\":1,\"name\":\"Accueil\",\"item\":\"https:\\\/\\\/regions-snetap-fsu.fr\\\/na\\\/\"},{\"@type\":\"ListItem\",\"position\":2,\"name\":\"Budget 2026 de l\u2019enseignement agricole\u00a0: des expert\u00b7es de Nouvelle Aquitaine interpellent la DGER dans le cadre du CSA EA\"}]},{\"@type\":\"WebSite\",\"@id\":\"https:\\\/\\\/regions-snetap-fsu.fr\\\/na\\\/#website\",\"url\":\"https:\\\/\\\/regions-snetap-fsu.fr\\\/na\\\/\",\"name\":\"SNETAP-FSU NOUVELLE AQUITAINE\",\"description\":\"Blog de la Section R\u00e9gionale\",\"publisher\":{\"@id\":\"https:\\\/\\\/regions-snetap-fsu.fr\\\/na\\\/#organization\"},\"potentialAction\":[{\"@type\":\"SearchAction\",\"target\":{\"@type\":\"EntryPoint\",\"urlTemplate\":\"https:\\\/\\\/regions-snetap-fsu.fr\\\/na\\\/?s={search_term_string}\"},\"query-input\":{\"@type\":\"PropertyValueSpecification\",\"valueRequired\":true,\"valueName\":\"search_term_string\"}}],\"inLanguage\":\"fr-FR\"},{\"@type\":\"Organization\",\"@id\":\"https:\\\/\\\/regions-snetap-fsu.fr\\\/na\\\/#organization\",\"name\":\"SNETAP-FSU - Nouvelle Aquitaine\",\"url\":\"https:\\\/\\\/regions-snetap-fsu.fr\\\/na\\\/\",\"logo\":{\"@type\":\"ImageObject\",\"inLanguage\":\"fr-FR\",\"@id\":\"https:\\\/\\\/regions-snetap-fsu.fr\\\/na\\\/#\\\/schema\\\/logo\\\/image\\\/\",\"url\":\"https:\\\/\\\/regions-snetap-fsu.fr\\\/na\\\/wp-content\\\/uploads\\\/sites\\\/3\\\/2020\\\/12\\\/SNETAP-Logo.jpg\",\"contentUrl\":\"https:\\\/\\\/regions-snetap-fsu.fr\\\/na\\\/wp-content\\\/uploads\\\/sites\\\/3\\\/2020\\\/12\\\/SNETAP-Logo.jpg\",\"width\":464,\"height\":334,\"caption\":\"SNETAP-FSU - Nouvelle Aquitaine\"},\"image\":{\"@id\":\"https:\\\/\\\/regions-snetap-fsu.fr\\\/na\\\/#\\\/schema\\\/logo\\\/image\\\/\"}},{\"@type\":\"Person\",\"@id\":\"https:\\\/\\\/regions-snetap-fsu.fr\\\/na\\\/#\\\/schema\\\/person\\\/bdf1c4fe149dcf915601f9de85ba379f\",\"name\":\"olivierb\",\"image\":{\"@type\":\"ImageObject\",\"inLanguage\":\"fr-FR\",\"@id\":\"https:\\\/\\\/secure.gravatar.com\\\/avatar\\\/d9cce0db1146844098d0ec7fae94551015c4ff78117aab56897823bb265a7bc9?s=96&d=mm&r=g\",\"url\":\"https:\\\/\\\/secure.gravatar.com\\\/avatar\\\/d9cce0db1146844098d0ec7fae94551015c4ff78117aab56897823bb265a7bc9?s=96&d=mm&r=g\",\"contentUrl\":\"https:\\\/\\\/secure.gravatar.com\\\/avatar\\\/d9cce0db1146844098d0ec7fae94551015c4ff78117aab56897823bb265a7bc9?s=96&d=mm&r=g\",\"caption\":\"olivierb\"},\"url\":\"https:\\\/\\\/regions-snetap-fsu.fr\\\/na\\\/author\\\/olivierb\\\/\"}]}<\/script>\n<!-- \/ Yoast SEO plugin. -->","yoast_head_json":{"title":"Budget 2026 de l\u2019enseignement agricole\u00a0: des expert\u00b7es de Nouvelle Aquitaine interpellent la DGER dans le cadre du CSA EA - NOUVELLE AQUITAINE","robots":{"index":"index","follow":"follow","max-snippet":"max-snippet:-1","max-image-preview":"max-image-preview:large","max-video-preview":"max-video-preview:-1"},"canonical":"https:\/\/regions-snetap-fsu.fr\/na\/2026\/04\/03\/budget-2026-de-lenseignement-agricole-des-expert\u00b7es-de-nouvelle-aquitaine-interpellent-la-dger-dans-le-cadre-du-csa-ea\/","og_locale":"fr_FR","og_type":"article","og_title":"Budget 2026 de l\u2019enseignement agricole\u00a0: des expert\u00b7es de Nouvelle Aquitaine interpellent la DGER dans le cadre du CSA EA - NOUVELLE AQUITAINE","og_description":"Le CSA EA s\u2019est r\u00e9uni ce jour afin d\u2019examiner les dotations r\u00e9gionales en emploi et en cr\u00e9dit sur le budget 2026 de l\u2019enseignement agricole.\u00a0Les r\u00e9gions Nouvelle-Aquitaine et Bourgogne\u2013Franche-Comt\u00e9 \u00e9taient pr\u00e9sentes en qualit\u00e9 d\u2019expert\u00b7es, notamment pour \u00e9voquer la baisse de la DGH qui les affecte directement. Lors des \u00e9changes avec la DGER, des diff\u00e9rences notables sont [&hellip;]","og_url":"https:\/\/regions-snetap-fsu.fr\/na\/2026\/04\/03\/budget-2026-de-lenseignement-agricole-des-expert\u00b7es-de-nouvelle-aquitaine-interpellent-la-dger-dans-le-cadre-du-csa-ea\/","og_site_name":"NOUVELLE AQUITAINE","article_published_time":"2026-04-03T08:16:54+00:00","article_modified_time":"2026-04-03T12:18:13+00:00","og_image":[{"width":728,"height":465,"url":"https:\/\/regions-snetap-fsu.fr\/na\/wp-content\/uploads\/sites\/3\/2026\/04\/Visuel-blog5.png","type":"image\/png"}],"author":"olivierb","twitter_card":"summary_large_image","twitter_misc":{"\u00c9crit par":"olivierb","Dur\u00e9e de lecture estim\u00e9e":"3 minutes"},"schema":{"@context":"https:\/\/schema.org","@graph":[{"@type":"Article","@id":"https:\/\/regions-snetap-fsu.fr\/na\/2026\/04\/03\/budget-2026-de-lenseignement-agricole-des-expert%c2%b7es-de-nouvelle-aquitaine-interpellent-la-dger-dans-le-cadre-du-csa-ea\/#article","isPartOf":{"@id":"https:\/\/regions-snetap-fsu.fr\/na\/2026\/04\/03\/budget-2026-de-lenseignement-agricole-des-expert%c2%b7es-de-nouvelle-aquitaine-interpellent-la-dger-dans-le-cadre-du-csa-ea\/"},"author":{"name":"olivierb","@id":"https:\/\/regions-snetap-fsu.fr\/na\/#\/schema\/person\/bdf1c4fe149dcf915601f9de85ba379f"},"headline":"Budget 2026 de l\u2019enseignement agricole\u00a0: des expert\u00b7es de Nouvelle Aquitaine interpellent la DGER dans le cadre du CSA EA","datePublished":"2026-04-03T08:16:54+00:00","dateModified":"2026-04-03T12:18:13+00:00","mainEntityOfPage":{"@id":"https:\/\/regions-snetap-fsu.fr\/na\/2026\/04\/03\/budget-2026-de-lenseignement-agricole-des-expert%c2%b7es-de-nouvelle-aquitaine-interpellent-la-dger-dans-le-cadre-du-csa-ea\/"},"wordCount":534,"publisher":{"@id":"https:\/\/regions-snetap-fsu.fr\/na\/#organization"},"image":{"@id":"https:\/\/regions-snetap-fsu.fr\/na\/2026\/04\/03\/budget-2026-de-lenseignement-agricole-des-expert%c2%b7es-de-nouvelle-aquitaine-interpellent-la-dger-dans-le-cadre-du-csa-ea\/#primaryimage"},"thumbnailUrl":"https:\/\/regions-snetap-fsu.fr\/na\/wp-content\/uploads\/sites\/3\/2026\/04\/Visuel-blog5.png","articleSection":["Actus","Communiqu\u00e9s","Comptes-rendus","Message de service"],"inLanguage":"fr-FR"},{"@type":"WebPage","@id":"https:\/\/regions-snetap-fsu.fr\/na\/2026\/04\/03\/budget-2026-de-lenseignement-agricole-des-expert%c2%b7es-de-nouvelle-aquitaine-interpellent-la-dger-dans-le-cadre-du-csa-ea\/","url":"https:\/\/regions-snetap-fsu.fr\/na\/2026\/04\/03\/budget-2026-de-lenseignement-agricole-des-expert%c2%b7es-de-nouvelle-aquitaine-interpellent-la-dger-dans-le-cadre-du-csa-ea\/","name":"Budget 2026 de l\u2019enseignement agricole\u00a0: des expert\u00b7es de Nouvelle Aquitaine interpellent la DGER dans le cadre du CSA EA - NOUVELLE AQUITAINE","isPartOf":{"@id":"https:\/\/regions-snetap-fsu.fr\/na\/#website"},"primaryImageOfPage":{"@id":"https:\/\/regions-snetap-fsu.fr\/na\/2026\/04\/03\/budget-2026-de-lenseignement-agricole-des-expert%c2%b7es-de-nouvelle-aquitaine-interpellent-la-dger-dans-le-cadre-du-csa-ea\/#primaryimage"},"image":{"@id":"https:\/\/regions-snetap-fsu.fr\/na\/2026\/04\/03\/budget-2026-de-lenseignement-agricole-des-expert%c2%b7es-de-nouvelle-aquitaine-interpellent-la-dger-dans-le-cadre-du-csa-ea\/#primaryimage"},"thumbnailUrl":"https:\/\/regions-snetap-fsu.fr\/na\/wp-content\/uploads\/sites\/3\/2026\/04\/Visuel-blog5.png","datePublished":"2026-04-03T08:16:54+00:00","dateModified":"2026-04-03T12:18:13+00:00","breadcrumb":{"@id":"https:\/\/regions-snetap-fsu.fr\/na\/2026\/04\/03\/budget-2026-de-lenseignement-agricole-des-expert%c2%b7es-de-nouvelle-aquitaine-interpellent-la-dger-dans-le-cadre-du-csa-ea\/#breadcrumb"},"inLanguage":"fr-FR","potentialAction":[{"@type":"ReadAction","target":["https:\/\/regions-snetap-fsu.fr\/na\/2026\/04\/03\/budget-2026-de-lenseignement-agricole-des-expert%c2%b7es-de-nouvelle-aquitaine-interpellent-la-dger-dans-le-cadre-du-csa-ea\/"]}]},{"@type":"ImageObject","inLanguage":"fr-FR","@id":"https:\/\/regions-snetap-fsu.fr\/na\/2026\/04\/03\/budget-2026-de-lenseignement-agricole-des-expert%c2%b7es-de-nouvelle-aquitaine-interpellent-la-dger-dans-le-cadre-du-csa-ea\/#primaryimage","url":"https:\/\/regions-snetap-fsu.fr\/na\/wp-content\/uploads\/sites\/3\/2026\/04\/Visuel-blog5.png","contentUrl":"https:\/\/regions-snetap-fsu.fr\/na\/wp-content\/uploads\/sites\/3\/2026\/04\/Visuel-blog5.png","width":728,"height":465},{"@type":"BreadcrumbList","@id":"https:\/\/regions-snetap-fsu.fr\/na\/2026\/04\/03\/budget-2026-de-lenseignement-agricole-des-expert%c2%b7es-de-nouvelle-aquitaine-interpellent-la-dger-dans-le-cadre-du-csa-ea\/#breadcrumb","itemListElement":[{"@type":"ListItem","position":1,"name":"Accueil","item":"https:\/\/regions-snetap-fsu.fr\/na\/"},{"@type":"ListItem","position":2,"name":"Budget 2026 de l\u2019enseignement agricole\u00a0: des expert\u00b7es de Nouvelle Aquitaine interpellent la DGER dans le cadre du CSA EA"}]},{"@type":"WebSite","@id":"https:\/\/regions-snetap-fsu.fr\/na\/#website","url":"https:\/\/regions-snetap-fsu.fr\/na\/","name":"SNETAP-FSU NOUVELLE AQUITAINE","description":"Blog de la Section R\u00e9gionale","publisher":{"@id":"https:\/\/regions-snetap-fsu.fr\/na\/#organization"},"potentialAction":[{"@type":"SearchAction","target":{"@type":"EntryPoint","urlTemplate":"https:\/\/regions-snetap-fsu.fr\/na\/?s={search_term_string}"},"query-input":{"@type":"PropertyValueSpecification","valueRequired":true,"valueName":"search_term_string"}}],"inLanguage":"fr-FR"},{"@type":"Organization","@id":"https:\/\/regions-snetap-fsu.fr\/na\/#organization","name":"SNETAP-FSU - Nouvelle Aquitaine","url":"https:\/\/regions-snetap-fsu.fr\/na\/","logo":{"@type":"ImageObject","inLanguage":"fr-FR","@id":"https:\/\/regions-snetap-fsu.fr\/na\/#\/schema\/logo\/image\/","url":"https:\/\/regions-snetap-fsu.fr\/na\/wp-content\/uploads\/sites\/3\/2020\/12\/SNETAP-Logo.jpg","contentUrl":"https:\/\/regions-snetap-fsu.fr\/na\/wp-content\/uploads\/sites\/3\/2020\/12\/SNETAP-Logo.jpg","width":464,"height":334,"caption":"SNETAP-FSU - Nouvelle Aquitaine"},"image":{"@id":"https:\/\/regions-snetap-fsu.fr\/na\/#\/schema\/logo\/image\/"}},{"@type":"Person","@id":"https:\/\/regions-snetap-fsu.fr\/na\/#\/schema\/person\/bdf1c4fe149dcf915601f9de85ba379f","name":"olivierb","image":{"@type":"ImageObject","inLanguage":"fr-FR","@id":"https:\/\/secure.gravatar.com\/avatar\/d9cce0db1146844098d0ec7fae94551015c4ff78117aab56897823bb265a7bc9?s=96&d=mm&r=g","url":"https:\/\/secure.gravatar.com\/avatar\/d9cce0db1146844098d0ec7fae94551015c4ff78117aab56897823bb265a7bc9?s=96&d=mm&r=g","contentUrl":"https:\/\/secure.gravatar.com\/avatar\/d9cce0db1146844098d0ec7fae94551015c4ff78117aab56897823bb265a7bc9?s=96&d=mm&r=g","caption":"olivierb"},"url":"https:\/\/regions-snetap-fsu.fr\/na\/author\/olivierb\/"}]}},"_links":{"self":[{"href":"https:\/\/regions-snetap-fsu.fr\/na\/wp-json\/wp\/v2\/posts\/5839","targetHints":{"allow":["GET"]}}],"collection":[{"href":"https:\/\/regions-snetap-fsu.fr\/na\/wp-json\/wp\/v2\/posts"}],"about":[{"href":"https:\/\/regions-snetap-fsu.fr\/na\/wp-json\/wp\/v2\/types\/post"}],"author":[{"embeddable":true,"href":"https:\/\/regions-snetap-fsu.fr\/na\/wp-json\/wp\/v2\/users\/128"}],"replies":[{"embeddable":true,"href":"https:\/\/regions-snetap-fsu.fr\/na\/wp-json\/wp\/v2\/comments?post=5839"}],"version-history":[{"count":15,"href":"https:\/\/regions-snetap-fsu.fr\/na\/wp-json\/wp\/v2\/posts\/5839\/revisions"}],"predecessor-version":[{"id":5869,"href":"https:\/\/regions-snetap-fsu.fr\/na\/wp-json\/wp\/v2\/posts\/5839\/revisions\/5869"}],"wp:featuredmedia":[{"embeddable":true,"href":"https:\/\/regions-snetap-fsu.fr\/na\/wp-json\/wp\/v2\/media\/5859"}],"wp:attachment":[{"href":"https:\/\/regions-snetap-fsu.fr\/na\/wp-json\/wp\/v2\/media?parent=5839"}],"wp:term":[{"taxonomy":"category","embeddable":true,"href":"https:\/\/regions-snetap-fsu.fr\/na\/wp-json\/wp\/v2\/categories?post=5839"},{"taxonomy":"post_tag","embeddable":true,"href":"https:\/\/regions-snetap-fsu.fr\/na\/wp-json\/wp\/v2\/tags?post=5839"},{"taxonomy":"post_folder","embeddable":true,"href":"https:\/\/regions-snetap-fsu.fr\/na\/wp-json\/wp\/v2\/post_folder?post=5839"}],"curies":[{"name":"wp","href":"https:\/\/api.w.org\/{rel}","templated":true}]}}