{"id":5819,"date":"2026-04-02T22:21:27","date_gmt":"2026-04-02T20:21:27","guid":{"rendered":"https:\/\/regions-snetap-fsu.fr\/na\/?p=5819"},"modified":"2026-04-03T14:17:53","modified_gmt":"2026-04-03T12:17:53","slug":"baisse-de-moyens-pour-leap-le-snetap-fsu-alerte-les-parlementaires","status":"publish","type":"post","link":"https:\/\/regions-snetap-fsu.fr\/na\/2026\/04\/02\/baisse-de-moyens-pour-leap-le-snetap-fsu-alerte-les-parlementaires\/","title":{"rendered":"Baisse de moyens pour l&rsquo;EAP : Le SNETAP-FSU alerte les parlementaires"},"content":{"rendered":"\t\t<div data-elementor-type=\"wp-post\" data-elementor-id=\"5819\" class=\"elementor elementor-5819\">\n\t\t\t\t<div class=\"elementor-element elementor-element-749c8ac e-flex e-con-boxed e-con e-parent\" data-id=\"749c8ac\" data-element_type=\"container\" data-e-type=\"container\">\n\t\t\t\t\t<div class=\"e-con-inner\">\n\t\t\t\t<div class=\"elementor-element elementor-element-9b004b9 elementor-widget elementor-widget-text-editor\" data-id=\"9b004b9\" data-element_type=\"widget\" data-e-type=\"widget\" data-widget_type=\"text-editor.default\">\n\t\t\t\t<div class=\"elementor-widget-container\">\n\t\t\t\t\t\t\t\t\t<p><span style=\"color: #1b5e20\"><span style=\"font-family: Arial, sans-serif\"><span style=\"font-size: medium\"><b>Le SNETAP-FSU Nouvelle Aquitaine alerte les \u00e9lu.es du territoire sur les cons\u00e9quences des baisses de moyens pour l\u2019Enseignement Agricole Public en Nouvelle Aquitaine, si celles-ci devaient \u00eatre confirm\u00e9es.<\/b><\/span><\/span><\/span><\/p>\t\t\t\t\t\t\t\t<\/div>\n\t\t\t\t<\/div>\n\t\t\t\t\t<\/div>\n\t\t\t\t<\/div>\n\t\t<div class=\"elementor-element elementor-element-eac8c97 e-flex e-con-boxed e-con e-parent\" data-id=\"eac8c97\" data-element_type=\"container\" data-e-type=\"container\">\n\t\t\t\t\t<div class=\"e-con-inner\">\n\t\t\t\t<div class=\"elementor-element elementor-element-0aa3c0c elementor-widget elementor-widget-text-editor\" data-id=\"0aa3c0c\" data-element_type=\"widget\" data-e-type=\"widget\" data-widget_type=\"text-editor.default\">\n\t\t\t\t<div class=\"elementor-widget-container\">\n\t\t\t\t\t\t\t\t\t<p><span style=\"font-family: Arial, sans-serif\"><span style=\"font-size: medium\">Le SNETAP-FSU a d\u2019ores d\u00e9j\u00e0 rencontr\u00e9 en pr\u00e9sentiel ou en visioconf\u00e9rence\u00a0:<\/span><\/span><\/p><p><span style=\"font-family: Arial, sans-serif\"><span style=\"font-size: medium\">&#8211; <strong>Beno\u00eet BITEAU<\/strong> &#8211; D\u00e9put\u00e9 de Charente Maritime (\u00c9cologiste)<\/span><\/span><\/p><p><span style=\"font-family: Arial, sans-serif\"><span style=\"font-size: medium\">&#8211; <strong>Boris VALLAUD<\/strong> &#8211; D\u00e9put\u00e9 des Landes (PS)<\/span><\/span><\/p><p><span style=\"font-family: Arial, sans-serif\"><span style=\"font-size: medium\">&#8211; <strong>Pascal LECAMP<\/strong> &#8211; D\u00e9put\u00e9 de la Vienne (Groupe des D\u00e9mocrates)<\/span><\/span><\/p><p><span style=\"font-family: Arial, sans-serif\"><span style=\"font-size: medium\">&#8211; <strong>Monique LUBIN<\/strong> \u2013 S\u00e9natrice des Landes (PS)<\/span><\/span><\/p>\t\t\t\t\t\t\t\t<\/div>\n\t\t\t\t<\/div>\n\t\t\t\t\t<\/div>\n\t\t\t\t<\/div>\n\t\t<div class=\"elementor-element elementor-element-5a96a9d e-flex e-con-boxed e-con e-parent\" data-id=\"5a96a9d\" data-element_type=\"container\" data-e-type=\"container\">\n\t\t\t\t\t<div class=\"e-con-inner\">\n\t\t<div class=\"elementor-element elementor-element-796e4f8 e-con-full e-flex e-con e-child\" data-id=\"796e4f8\" data-element_type=\"container\" data-e-type=\"container\">\n\t\t\t\t<div class=\"elementor-element elementor-element-9d87ff0 elementor-widget elementor-widget-image\" data-id=\"9d87ff0\" data-element_type=\"widget\" data-e-type=\"widget\" data-widget_type=\"image.default\">\n\t\t\t\t<div class=\"elementor-widget-container\">\n\t\t\t\t\t\t\t\t\t\t\t\t\t\t\t<img fetchpriority=\"high\" decoding=\"async\" width=\"768\" height=\"1024\" src=\"https:\/\/regions-snetap-fsu.fr\/na\/wp-content\/uploads\/sites\/3\/2026\/04\/Depute-Benoit-BITEAU-768x1024.jpg\" class=\"attachment-large size-large wp-image-5820\" alt=\"\" srcset=\"https:\/\/regions-snetap-fsu.fr\/na\/wp-content\/uploads\/sites\/3\/2026\/04\/Depute-Benoit-BITEAU-768x1024.jpg 768w, https:\/\/regions-snetap-fsu.fr\/na\/wp-content\/uploads\/sites\/3\/2026\/04\/Depute-Benoit-BITEAU-225x300.jpg 225w, https:\/\/regions-snetap-fsu.fr\/na\/wp-content\/uploads\/sites\/3\/2026\/04\/Depute-Benoit-BITEAU-1152x1536.jpg 1152w, https:\/\/regions-snetap-fsu.fr\/na\/wp-content\/uploads\/sites\/3\/2026\/04\/Depute-Benoit-BITEAU.jpg 1200w\" sizes=\"(max-width: 768px) 100vw, 768px\" \/>\t\t\t\t\t\t\t\t\t\t\t\t\t\t\t<\/div>\n\t\t\t\t<\/div>\n\t\t\t\t<\/div>\n\t\t<div class=\"elementor-element elementor-element-a05bf2f e-con-full e-flex e-con e-child\" data-id=\"a05bf2f\" data-element_type=\"container\" data-e-type=\"container\">\n\t\t\t\t<div class=\"elementor-element elementor-element-b438176 elementor-widget elementor-widget-image\" data-id=\"b438176\" data-element_type=\"widget\" data-e-type=\"widget\" data-widget_type=\"image.default\">\n\t\t\t\t<div class=\"elementor-widget-container\">\n\t\t\t\t\t\t\t\t\t\t\t\t\t\t\t<img decoding=\"async\" width=\"768\" height=\"1024\" src=\"https:\/\/regions-snetap-fsu.fr\/na\/wp-content\/uploads\/sites\/3\/2026\/04\/Depute-Pascal-LECAMP-768x1024.jpg\" class=\"attachment-large size-large wp-image-5821\" alt=\"\" srcset=\"https:\/\/regions-snetap-fsu.fr\/na\/wp-content\/uploads\/sites\/3\/2026\/04\/Depute-Pascal-LECAMP-768x1024.jpg 768w, https:\/\/regions-snetap-fsu.fr\/na\/wp-content\/uploads\/sites\/3\/2026\/04\/Depute-Pascal-LECAMP-225x300.jpg 225w, https:\/\/regions-snetap-fsu.fr\/na\/wp-content\/uploads\/sites\/3\/2026\/04\/Depute-Pascal-LECAMP-1152x1536.jpg 1152w, https:\/\/regions-snetap-fsu.fr\/na\/wp-content\/uploads\/sites\/3\/2026\/04\/Depute-Pascal-LECAMP.jpg 1500w\" sizes=\"(max-width: 768px) 100vw, 768px\" \/>\t\t\t\t\t\t\t\t\t\t\t\t\t\t\t<\/div>\n\t\t\t\t<\/div>\n\t\t\t\t<\/div>\n\t\t<div class=\"elementor-element elementor-element-354b65e e-con-full e-flex e-con e-child\" data-id=\"354b65e\" data-element_type=\"container\" data-e-type=\"container\">\n\t\t\t\t<div class=\"elementor-element elementor-element-1b4d16c elementor-widget elementor-widget-image\" data-id=\"1b4d16c\" data-element_type=\"widget\" data-e-type=\"widget\" data-widget_type=\"image.default\">\n\t\t\t\t<div class=\"elementor-widget-container\">\n\t\t\t\t\t\t\t\t\t\t\t\t\t\t\t<img decoding=\"async\" width=\"762\" height=\"1024\" src=\"https:\/\/regions-snetap-fsu.fr\/na\/wp-content\/uploads\/sites\/3\/2026\/04\/ORBY9730-762x1024.jpg\" class=\"attachment-large size-large wp-image-5822\" alt=\"\" srcset=\"https:\/\/regions-snetap-fsu.fr\/na\/wp-content\/uploads\/sites\/3\/2026\/04\/ORBY9730-762x1024.jpg 762w, https:\/\/regions-snetap-fsu.fr\/na\/wp-content\/uploads\/sites\/3\/2026\/04\/ORBY9730-223x300.jpg 223w, https:\/\/regions-snetap-fsu.fr\/na\/wp-content\/uploads\/sites\/3\/2026\/04\/ORBY9730-768x1032.jpg 768w, https:\/\/regions-snetap-fsu.fr\/na\/wp-content\/uploads\/sites\/3\/2026\/04\/ORBY9730-1143x1536.jpg 1143w, https:\/\/regions-snetap-fsu.fr\/na\/wp-content\/uploads\/sites\/3\/2026\/04\/ORBY9730.jpg 1363w\" sizes=\"(max-width: 762px) 100vw, 762px\" \/>\t\t\t\t\t\t\t\t\t\t\t\t\t\t\t<\/div>\n\t\t\t\t<\/div>\n\t\t\t\t<\/div>\n\t\t<div class=\"elementor-element elementor-element-3c858c6 e-con-full e-flex e-con e-child\" data-id=\"3c858c6\" data-element_type=\"container\" data-e-type=\"container\">\n\t\t\t\t<div class=\"elementor-element elementor-element-a0c34d0 elementor-widget elementor-widget-image\" data-id=\"a0c34d0\" data-element_type=\"widget\" data-e-type=\"widget\" data-widget_type=\"image.default\">\n\t\t\t\t<div class=\"elementor-widget-container\">\n\t\t\t\t\t\t\t\t\t\t\t\t\t\t\t<img loading=\"lazy\" decoding=\"async\" width=\"768\" height=\"1024\" src=\"https:\/\/regions-snetap-fsu.fr\/na\/wp-content\/uploads\/sites\/3\/2026\/04\/Depute-Boris-VALLAUD-1-768x1024.jpg\" class=\"attachment-large size-large wp-image-5823\" alt=\"\" srcset=\"https:\/\/regions-snetap-fsu.fr\/na\/wp-content\/uploads\/sites\/3\/2026\/04\/Depute-Boris-VALLAUD-1-768x1024.jpg 768w, https:\/\/regions-snetap-fsu.fr\/na\/wp-content\/uploads\/sites\/3\/2026\/04\/Depute-Boris-VALLAUD-1-225x300.jpg 225w, https:\/\/regions-snetap-fsu.fr\/na\/wp-content\/uploads\/sites\/3\/2026\/04\/Depute-Boris-VALLAUD-1-1152x1536.jpg 1152w, https:\/\/regions-snetap-fsu.fr\/na\/wp-content\/uploads\/sites\/3\/2026\/04\/Depute-Boris-VALLAUD-1-1536x2048.jpg 1536w, https:\/\/regions-snetap-fsu.fr\/na\/wp-content\/uploads\/sites\/3\/2026\/04\/Depute-Boris-VALLAUD-1-scaled.jpg 1920w\" sizes=\"(max-width: 768px) 100vw, 768px\" \/>\t\t\t\t\t\t\t\t\t\t\t\t\t\t\t<\/div>\n\t\t\t\t<\/div>\n\t\t\t\t<\/div>\n\t\t\t\t\t<\/div>\n\t\t\t\t<\/div>\n\t\t<div class=\"elementor-element elementor-element-09b8b6c e-flex e-con-boxed e-con e-parent\" data-id=\"09b8b6c\" data-element_type=\"container\" data-e-type=\"container\">\n\t\t\t\t\t<div class=\"e-con-inner\">\n\t\t\t\t<div class=\"elementor-element elementor-element-bbbb4e1 elementor-widget elementor-widget-text-editor\" data-id=\"bbbb4e1\" data-element_type=\"widget\" data-e-type=\"widget\" data-widget_type=\"text-editor.default\">\n\t\t\t\t<div class=\"elementor-widget-container\">\n\t\t\t\t\t\t\t\t\t<p><span style=\"font-family: Arial, sans-serif\"><span style=\"font-size: medium\">Ont \u00e9galement relay\u00e9 nos demandes aupr\u00e8s du Minist\u00e8re et\/ou aupr\u00e8s de la DRAAF\u00a0:<\/span><\/span><\/p><p><span style=\"font-family: Arial, sans-serif\"><span style=\"font-size: medium\">&#8211; <strong>Fabrice BARUSSEAU<\/strong> &#8211; D\u00e9put\u00e9 de la Charente-Maritime<\/span><\/span><\/p><p><span style=\"color: #000001\"><span style=\"font-family: Arial, sans-serif\"><span style=\"font-size: medium\">&#8211; <strong>Nicole BONNEFOY<\/strong> &#8211; S\u00e9natrice de la Charente<\/span><\/span><\/span><\/p><p><span style=\"font-family: Arial, sans-serif\"><span style=\"font-size: medium\">&#8211; <strong>Colette CAPDEVIELLE<\/strong> \u2013 D\u00e9put\u00e9e des Pyr\u00e9n\u00e9es Atlantiques<\/span><\/span><\/p><p><span style=\"font-family: Arial, sans-serif\"><span style=\"font-size: medium\">&#8211; <strong>Lionel CAUSSE<\/strong> &#8211; D\u00e9put\u00e9 des Landes<\/span><\/span><\/p><p><span style=\"font-family: Arial, sans-serif\"><span style=\"font-size: medium\">&#8211; <strong>Monique De MARCO<\/strong> &#8211; S\u00e9natrice de la Gironde<\/span><\/span><\/p><p><span style=\"font-family: Arial, sans-serif\"><span style=\"font-size: medium\">&#8211; <strong>I\u00f1aki ECHANIZ<\/strong> &#8211; D\u00e9put\u00e9 des Pyr\u00e9n\u00e9es Atlantiques<\/span><\/span><\/p><p><span style=\"font-family: Arial, sans-serif\"><span style=\"font-size: medium\">&#8211; <strong>Gilbert FAVREAU<\/strong> &#8211; S\u00e9nateur des Deux-S\u00e8vres<\/span><\/span><\/p><p><span style=\"font-family: Arial, sans-serif\"><span style=\"font-size: medium\">&#8211; <\/span><\/span><span style=\"color: #000000\"><span style=\"font-family: Arial, sans-serif\"><span style=\"font-size: medium\"><strong>Pascale GOT<\/strong> &#8211; <\/span><\/span><\/span><span style=\"color: #000000\"><span style=\"font-family: Arial, sans-serif\"><span style=\"font-size: medium\">D<\/span><\/span><\/span><span style=\"color: #000000\"><span style=\"font-family: Arial, sans-serif\"><span style=\"font-size: medium\">\u00e9put\u00e9e de <\/span><\/span><\/span><span style=\"color: #000000\"><span style=\"font-family: Arial, sans-serif\"><span style=\"font-size: medium\">la <\/span><\/span><\/span><span style=\"color: #000000\"><span style=\"font-family: Arial, sans-serif\"><span style=\"font-size: medium\">Gironde<\/span><\/span><\/span><\/p><p><span style=\"color: #000001\"><span style=\"font-family: Arial, sans-serif\"><span style=\"font-size: medium\">&#8211; <strong>Manon MEUNIER<\/strong> &#8211; <\/span><\/span><\/span><span style=\"color: #000001\"><span style=\"font-family: Arial, sans-serif\"><span style=\"font-size: medium\">D<\/span><\/span><\/span><span style=\"color: #000001\"><span style=\"font-family: Arial, sans-serif\"><span style=\"font-size: medium\">\u00e9put\u00e9e de Haute-Vienne<\/span><\/span><\/span><\/p><p>\u2026<\/p>\t\t\t\t\t\t\t\t<\/div>\n\t\t\t\t<\/div>\n\t\t\t\t\t<\/div>\n\t\t\t\t<\/div>\n\t\t<div class=\"elementor-element elementor-element-9158332 e-flex e-con-boxed e-con e-parent\" data-id=\"9158332\" data-element_type=\"container\" data-e-type=\"container\">\n\t\t\t\t\t<div class=\"e-con-inner\">\n\t\t\t\t<div class=\"elementor-element elementor-element-49fd053 elementor-widget elementor-widget-text-editor\" data-id=\"49fd053\" data-element_type=\"widget\" data-e-type=\"widget\" data-widget_type=\"text-editor.default\">\n\t\t\t\t<div class=\"elementor-widget-container\">\n\t\t\t\t\t\t\t\t\t<p><span style=\"font-family: Arial, sans-serif\"><span style=\"font-size: medium\">Nous remercions l\u2019ensemble des \u00e9lu.es pour leur \u00e9coute et leurs interventions.<\/span><\/span><\/p><p><span style=\"font-family: Arial, sans-serif\"><span style=\"font-size: medium\">Ces interpellations et les questions que les parlementaires ont fait remonter aupr\u00e8s du Minist\u00e8re ou de la DRAAF ont permi de d\u00e9clencher un CSA EA sur les dotations r\u00e9gionales en emplois et en cr\u00e9dits dans le cadre du budget 2026. Le SNETAP-FSU Nouvelle Aquitaine y \u00e9tait pr\u00e9sent avec les repr\u00e9sentant.es de Bourgogne Franche Comt\u00e9.<\/span><\/span><\/p><p><strong><span style=\"font-family: Arial, sans-serif;color: #008000\"><span style=\"font-size: medium\">Le SNETAP-FSU continuera dans les prochaines semaines de porter ce dossier \u00e0 tous les niveaux.<\/span><\/span><\/strong><\/p>\t\t\t\t\t\t\t\t<\/div>\n\t\t\t\t<\/div>\n\t\t\t\t\t<\/div>\n\t\t\t\t<\/div>\n\t\t\t\t<\/div>\n\t\t","protected":false},"excerpt":{"rendered":"<p>Le SNETAP-FSU Nouvelle Aquitaine alerte les \u00e9lu.es du territoire sur les cons\u00e9quences des baisses de moyens pour l\u2019Enseignement Agricole Public en Nouvelle Aquitaine, si celles-ci devaient \u00eatre confirm\u00e9es. Le SNETAP-FSU a d\u2019ores d\u00e9j\u00e0 rencontr\u00e9 en pr\u00e9sentiel ou en visioconf\u00e9rence\u00a0: &#8211; Beno\u00eet BITEAU &#8211; D\u00e9put\u00e9 de Charente Maritime (\u00c9cologiste) &#8211; Boris VALLAUD &#8211; D\u00e9put\u00e9 des Landes [&hellip;]<\/p>\n","protected":false},"author":128,"featured_media":5835,"comment_status":"closed","ping_status":"closed","sticky":false,"template":"","format":"standard","meta":{"ocean_post_layout":"","ocean_both_sidebars_style":"","ocean_both_sidebars_content_width":0,"ocean_both_sidebars_sidebars_width":0,"ocean_sidebar":"0","ocean_second_sidebar":"0","ocean_disable_margins":"enable","ocean_add_body_class":"","ocean_shortcode_before_top_bar":"","ocean_shortcode_after_top_bar":"","ocean_shortcode_before_header":"","ocean_shortcode_after_header":"","ocean_has_shortcode":"","ocean_shortcode_after_title":"","ocean_shortcode_before_footer_widgets":"","ocean_shortcode_after_footer_widgets":"","ocean_shortcode_before_footer_bottom":"","ocean_shortcode_after_footer_bottom":"","ocean_display_top_bar":"default","ocean_display_header":"default","ocean_header_style":"","ocean_center_header_left_menu":"0","ocean_custom_header_template":"0","ocean_custom_logo":0,"ocean_custom_retina_logo":0,"ocean_custom_logo_max_width":0,"ocean_custom_logo_tablet_max_width":0,"ocean_custom_logo_mobile_max_width":0,"ocean_custom_logo_max_height":0,"ocean_custom_logo_tablet_max_height":0,"ocean_custom_logo_mobile_max_height":0,"ocean_header_custom_menu":"0","ocean_menu_typo_font_family":"0","ocean_menu_typo_font_subset":"","ocean_menu_typo_font_size":0,"ocean_menu_typo_font_size_tablet":0,"ocean_menu_typo_font_size_mobile":0,"ocean_menu_typo_font_size_unit":"px","ocean_menu_typo_font_weight":"","ocean_menu_typo_font_weight_tablet":"","ocean_menu_typo_font_weight_mobile":"","ocean_menu_typo_transform":"","ocean_menu_typo_transform_tablet":"","ocean_menu_typo_transform_mobile":"","ocean_menu_typo_line_height":0,"ocean_menu_typo_line_height_tablet":0,"ocean_menu_typo_line_height_mobile":0,"ocean_menu_typo_line_height_unit":"","ocean_menu_typo_spacing":0,"ocean_menu_typo_spacing_tablet":0,"ocean_menu_typo_spacing_mobile":0,"ocean_menu_typo_spacing_unit":"","ocean_menu_link_color":"","ocean_menu_link_color_hover":"","ocean_menu_link_color_active":"","ocean_menu_link_background":"","ocean_menu_link_hover_background":"","ocean_menu_link_active_background":"","ocean_menu_social_links_bg":"","ocean_menu_social_hover_links_bg":"","ocean_menu_social_links_color":"","ocean_menu_social_hover_links_color":"","ocean_disable_title":"default","ocean_disable_heading":"default","ocean_post_title":"","ocean_post_subheading":"","ocean_post_title_style":"","ocean_post_title_background_color":"","ocean_post_title_background":0,"ocean_post_title_bg_image_position":"","ocean_post_title_bg_image_attachment":"","ocean_post_title_bg_image_repeat":"","ocean_post_title_bg_image_size":"","ocean_post_title_height":0,"ocean_post_title_bg_overlay":0.5,"ocean_post_title_bg_overlay_color":"","ocean_disable_breadcrumbs":"default","ocean_breadcrumbs_color":"","ocean_breadcrumbs_separator_color":"","ocean_breadcrumbs_links_color":"","ocean_breadcrumbs_links_hover_color":"","ocean_display_footer_widgets":"default","ocean_display_footer_bottom":"default","ocean_custom_footer_template":"0","ocean_post_oembed":"","ocean_post_self_hosted_media":"","ocean_post_video_embed":"","ocean_link_format":"","ocean_link_format_target":"self","ocean_quote_format":"","ocean_quote_format_link":"post","ocean_gallery_link_images":"on","ocean_gallery_id":[],"footnotes":""},"categories":[2,16,1],"tags":[],"post_folder":[],"class_list":["post-5819","post","type-post","status-publish","format-standard","has-post-thumbnail","hentry","category-actus","category-communiques","category-message-de-service","entry","has-media"],"yoast_head":"<!-- This site is optimized with the Yoast SEO plugin v27.4 - https:\/\/yoast.com\/product\/yoast-seo-wordpress\/ -->\n<title>Baisse de moyens pour l&#039;EAP : Le SNETAP-FSU alerte les parlementaires - NOUVELLE AQUITAINE<\/title>\n<meta name=\"robots\" content=\"index, follow, max-snippet:-1, max-image-preview:large, max-video-preview:-1\" \/>\n<link rel=\"canonical\" href=\"https:\/\/regions-snetap-fsu.fr\/na\/2026\/04\/02\/baisse-de-moyens-pour-leap-le-snetap-fsu-alerte-les-parlementaires\/\" \/>\n<meta property=\"og:locale\" content=\"fr_FR\" \/>\n<meta property=\"og:type\" content=\"article\" \/>\n<meta property=\"og:title\" content=\"Baisse de moyens pour l&#039;EAP : Le SNETAP-FSU alerte les parlementaires - NOUVELLE AQUITAINE\" \/>\n<meta property=\"og:description\" content=\"Le SNETAP-FSU Nouvelle Aquitaine alerte les \u00e9lu.es du territoire sur les cons\u00e9quences des baisses de moyens pour l\u2019Enseignement Agricole Public en Nouvelle Aquitaine, si celles-ci devaient \u00eatre confirm\u00e9es. Le SNETAP-FSU a d\u2019ores d\u00e9j\u00e0 rencontr\u00e9 en pr\u00e9sentiel ou en visioconf\u00e9rence\u00a0: &#8211; Beno\u00eet BITEAU &#8211; D\u00e9put\u00e9 de Charente Maritime (\u00c9cologiste) &#8211; Boris VALLAUD &#8211; D\u00e9put\u00e9 des Landes [&hellip;]\" \/>\n<meta property=\"og:url\" content=\"https:\/\/regions-snetap-fsu.fr\/na\/2026\/04\/02\/baisse-de-moyens-pour-leap-le-snetap-fsu-alerte-les-parlementaires\/\" \/>\n<meta property=\"og:site_name\" content=\"NOUVELLE AQUITAINE\" \/>\n<meta property=\"article:published_time\" content=\"2026-04-02T20:21:27+00:00\" \/>\n<meta property=\"article:modified_time\" content=\"2026-04-03T12:17:53+00:00\" \/>\n<meta property=\"og:image\" content=\"https:\/\/regions-snetap-fsu.fr\/na\/wp-content\/uploads\/sites\/3\/2026\/04\/Visuel-blog-2.png\" \/>\n\t<meta property=\"og:image:width\" content=\"1269\" \/>\n\t<meta property=\"og:image:height\" content=\"1029\" \/>\n\t<meta property=\"og:image:type\" content=\"image\/png\" \/>\n<meta name=\"author\" content=\"olivierb\" \/>\n<meta name=\"twitter:card\" content=\"summary_large_image\" \/>\n<meta name=\"twitter:label1\" content=\"\u00c9crit par\" \/>\n\t<meta name=\"twitter:data1\" content=\"olivierb\" \/>\n\t<meta name=\"twitter:label2\" content=\"Dur\u00e9e de lecture estim\u00e9e\" \/>\n\t<meta name=\"twitter:data2\" content=\"3 minutes\" \/>\n<script type=\"application\/ld+json\" class=\"yoast-schema-graph\">{\"@context\":\"https:\\\/\\\/schema.org\",\"@graph\":[{\"@type\":\"Article\",\"@id\":\"https:\\\/\\\/regions-snetap-fsu.fr\\\/na\\\/2026\\\/04\\\/02\\\/baisse-de-moyens-pour-leap-le-snetap-fsu-alerte-les-parlementaires\\\/#article\",\"isPartOf\":{\"@id\":\"https:\\\/\\\/regions-snetap-fsu.fr\\\/na\\\/2026\\\/04\\\/02\\\/baisse-de-moyens-pour-leap-le-snetap-fsu-alerte-les-parlementaires\\\/\"},\"author\":{\"name\":\"olivierb\",\"@id\":\"https:\\\/\\\/regions-snetap-fsu.fr\\\/na\\\/#\\\/schema\\\/person\\\/bdf1c4fe149dcf915601f9de85ba379f\"},\"headline\":\"Baisse de moyens pour l&rsquo;EAP : Le SNETAP-FSU alerte les parlementaires\",\"datePublished\":\"2026-04-02T20:21:27+00:00\",\"dateModified\":\"2026-04-03T12:17:53+00:00\",\"mainEntityOfPage\":{\"@id\":\"https:\\\/\\\/regions-snetap-fsu.fr\\\/na\\\/2026\\\/04\\\/02\\\/baisse-de-moyens-pour-leap-le-snetap-fsu-alerte-les-parlementaires\\\/\"},\"wordCount\":291,\"publisher\":{\"@id\":\"https:\\\/\\\/regions-snetap-fsu.fr\\\/na\\\/#organization\"},\"image\":{\"@id\":\"https:\\\/\\\/regions-snetap-fsu.fr\\\/na\\\/2026\\\/04\\\/02\\\/baisse-de-moyens-pour-leap-le-snetap-fsu-alerte-les-parlementaires\\\/#primaryimage\"},\"thumbnailUrl\":\"https:\\\/\\\/regions-snetap-fsu.fr\\\/na\\\/wp-content\\\/uploads\\\/sites\\\/3\\\/2026\\\/04\\\/Visuel-blog-2.png\",\"articleSection\":[\"Actus\",\"Communiqu\u00e9s\",\"Message de service\"],\"inLanguage\":\"fr-FR\"},{\"@type\":\"WebPage\",\"@id\":\"https:\\\/\\\/regions-snetap-fsu.fr\\\/na\\\/2026\\\/04\\\/02\\\/baisse-de-moyens-pour-leap-le-snetap-fsu-alerte-les-parlementaires\\\/\",\"url\":\"https:\\\/\\\/regions-snetap-fsu.fr\\\/na\\\/2026\\\/04\\\/02\\\/baisse-de-moyens-pour-leap-le-snetap-fsu-alerte-les-parlementaires\\\/\",\"name\":\"Baisse de moyens pour l'EAP : Le SNETAP-FSU alerte les parlementaires - NOUVELLE AQUITAINE\",\"isPartOf\":{\"@id\":\"https:\\\/\\\/regions-snetap-fsu.fr\\\/na\\\/#website\"},\"primaryImageOfPage\":{\"@id\":\"https:\\\/\\\/regions-snetap-fsu.fr\\\/na\\\/2026\\\/04\\\/02\\\/baisse-de-moyens-pour-leap-le-snetap-fsu-alerte-les-parlementaires\\\/#primaryimage\"},\"image\":{\"@id\":\"https:\\\/\\\/regions-snetap-fsu.fr\\\/na\\\/2026\\\/04\\\/02\\\/baisse-de-moyens-pour-leap-le-snetap-fsu-alerte-les-parlementaires\\\/#primaryimage\"},\"thumbnailUrl\":\"https:\\\/\\\/regions-snetap-fsu.fr\\\/na\\\/wp-content\\\/uploads\\\/sites\\\/3\\\/2026\\\/04\\\/Visuel-blog-2.png\",\"datePublished\":\"2026-04-02T20:21:27+00:00\",\"dateModified\":\"2026-04-03T12:17:53+00:00\",\"breadcrumb\":{\"@id\":\"https:\\\/\\\/regions-snetap-fsu.fr\\\/na\\\/2026\\\/04\\\/02\\\/baisse-de-moyens-pour-leap-le-snetap-fsu-alerte-les-parlementaires\\\/#breadcrumb\"},\"inLanguage\":\"fr-FR\",\"potentialAction\":[{\"@type\":\"ReadAction\",\"target\":[\"https:\\\/\\\/regions-snetap-fsu.fr\\\/na\\\/2026\\\/04\\\/02\\\/baisse-de-moyens-pour-leap-le-snetap-fsu-alerte-les-parlementaires\\\/\"]}]},{\"@type\":\"ImageObject\",\"inLanguage\":\"fr-FR\",\"@id\":\"https:\\\/\\\/regions-snetap-fsu.fr\\\/na\\\/2026\\\/04\\\/02\\\/baisse-de-moyens-pour-leap-le-snetap-fsu-alerte-les-parlementaires\\\/#primaryimage\",\"url\":\"https:\\\/\\\/regions-snetap-fsu.fr\\\/na\\\/wp-content\\\/uploads\\\/sites\\\/3\\\/2026\\\/04\\\/Visuel-blog-2.png\",\"contentUrl\":\"https:\\\/\\\/regions-snetap-fsu.fr\\\/na\\\/wp-content\\\/uploads\\\/sites\\\/3\\\/2026\\\/04\\\/Visuel-blog-2.png\",\"width\":1269,\"height\":1029},{\"@type\":\"BreadcrumbList\",\"@id\":\"https:\\\/\\\/regions-snetap-fsu.fr\\\/na\\\/2026\\\/04\\\/02\\\/baisse-de-moyens-pour-leap-le-snetap-fsu-alerte-les-parlementaires\\\/#breadcrumb\",\"itemListElement\":[{\"@type\":\"ListItem\",\"position\":1,\"name\":\"Accueil\",\"item\":\"https:\\\/\\\/regions-snetap-fsu.fr\\\/na\\\/\"},{\"@type\":\"ListItem\",\"position\":2,\"name\":\"Baisse de moyens pour l&rsquo;EAP : Le SNETAP-FSU alerte les parlementaires\"}]},{\"@type\":\"WebSite\",\"@id\":\"https:\\\/\\\/regions-snetap-fsu.fr\\\/na\\\/#website\",\"url\":\"https:\\\/\\\/regions-snetap-fsu.fr\\\/na\\\/\",\"name\":\"SNETAP-FSU NOUVELLE AQUITAINE\",\"description\":\"Blog de la Section R\u00e9gionale\",\"publisher\":{\"@id\":\"https:\\\/\\\/regions-snetap-fsu.fr\\\/na\\\/#organization\"},\"potentialAction\":[{\"@type\":\"SearchAction\",\"target\":{\"@type\":\"EntryPoint\",\"urlTemplate\":\"https:\\\/\\\/regions-snetap-fsu.fr\\\/na\\\/?s={search_term_string}\"},\"query-input\":{\"@type\":\"PropertyValueSpecification\",\"valueRequired\":true,\"valueName\":\"search_term_string\"}}],\"inLanguage\":\"fr-FR\"},{\"@type\":\"Organization\",\"@id\":\"https:\\\/\\\/regions-snetap-fsu.fr\\\/na\\\/#organization\",\"name\":\"SNETAP-FSU - Nouvelle Aquitaine\",\"url\":\"https:\\\/\\\/regions-snetap-fsu.fr\\\/na\\\/\",\"logo\":{\"@type\":\"ImageObject\",\"inLanguage\":\"fr-FR\",\"@id\":\"https:\\\/\\\/regions-snetap-fsu.fr\\\/na\\\/#\\\/schema\\\/logo\\\/image\\\/\",\"url\":\"https:\\\/\\\/regions-snetap-fsu.fr\\\/na\\\/wp-content\\\/uploads\\\/sites\\\/3\\\/2020\\\/12\\\/SNETAP-Logo.jpg\",\"contentUrl\":\"https:\\\/\\\/regions-snetap-fsu.fr\\\/na\\\/wp-content\\\/uploads\\\/sites\\\/3\\\/2020\\\/12\\\/SNETAP-Logo.jpg\",\"width\":464,\"height\":334,\"caption\":\"SNETAP-FSU - Nouvelle Aquitaine\"},\"image\":{\"@id\":\"https:\\\/\\\/regions-snetap-fsu.fr\\\/na\\\/#\\\/schema\\\/logo\\\/image\\\/\"}},{\"@type\":\"Person\",\"@id\":\"https:\\\/\\\/regions-snetap-fsu.fr\\\/na\\\/#\\\/schema\\\/person\\\/bdf1c4fe149dcf915601f9de85ba379f\",\"name\":\"olivierb\",\"image\":{\"@type\":\"ImageObject\",\"inLanguage\":\"fr-FR\",\"@id\":\"https:\\\/\\\/secure.gravatar.com\\\/avatar\\\/d9cce0db1146844098d0ec7fae94551015c4ff78117aab56897823bb265a7bc9?s=96&d=mm&r=g\",\"url\":\"https:\\\/\\\/secure.gravatar.com\\\/avatar\\\/d9cce0db1146844098d0ec7fae94551015c4ff78117aab56897823bb265a7bc9?s=96&d=mm&r=g\",\"contentUrl\":\"https:\\\/\\\/secure.gravatar.com\\\/avatar\\\/d9cce0db1146844098d0ec7fae94551015c4ff78117aab56897823bb265a7bc9?s=96&d=mm&r=g\",\"caption\":\"olivierb\"},\"url\":\"https:\\\/\\\/regions-snetap-fsu.fr\\\/na\\\/author\\\/olivierb\\\/\"}]}<\/script>\n<!-- \/ Yoast SEO plugin. -->","yoast_head_json":{"title":"Baisse de moyens pour l'EAP : Le SNETAP-FSU alerte les parlementaires - NOUVELLE AQUITAINE","robots":{"index":"index","follow":"follow","max-snippet":"max-snippet:-1","max-image-preview":"max-image-preview:large","max-video-preview":"max-video-preview:-1"},"canonical":"https:\/\/regions-snetap-fsu.fr\/na\/2026\/04\/02\/baisse-de-moyens-pour-leap-le-snetap-fsu-alerte-les-parlementaires\/","og_locale":"fr_FR","og_type":"article","og_title":"Baisse de moyens pour l'EAP : Le SNETAP-FSU alerte les parlementaires - NOUVELLE AQUITAINE","og_description":"Le SNETAP-FSU Nouvelle Aquitaine alerte les \u00e9lu.es du territoire sur les cons\u00e9quences des baisses de moyens pour l\u2019Enseignement Agricole Public en Nouvelle Aquitaine, si celles-ci devaient \u00eatre confirm\u00e9es. Le SNETAP-FSU a d\u2019ores d\u00e9j\u00e0 rencontr\u00e9 en pr\u00e9sentiel ou en visioconf\u00e9rence\u00a0: &#8211; Beno\u00eet BITEAU &#8211; D\u00e9put\u00e9 de Charente Maritime (\u00c9cologiste) &#8211; Boris VALLAUD &#8211; D\u00e9put\u00e9 des Landes [&hellip;]","og_url":"https:\/\/regions-snetap-fsu.fr\/na\/2026\/04\/02\/baisse-de-moyens-pour-leap-le-snetap-fsu-alerte-les-parlementaires\/","og_site_name":"NOUVELLE AQUITAINE","article_published_time":"2026-04-02T20:21:27+00:00","article_modified_time":"2026-04-03T12:17:53+00:00","og_image":[{"width":1269,"height":1029,"url":"https:\/\/regions-snetap-fsu.fr\/na\/wp-content\/uploads\/sites\/3\/2026\/04\/Visuel-blog-2.png","type":"image\/png"}],"author":"olivierb","twitter_card":"summary_large_image","twitter_misc":{"\u00c9crit par":"olivierb","Dur\u00e9e de lecture estim\u00e9e":"3 minutes"},"schema":{"@context":"https:\/\/schema.org","@graph":[{"@type":"Article","@id":"https:\/\/regions-snetap-fsu.fr\/na\/2026\/04\/02\/baisse-de-moyens-pour-leap-le-snetap-fsu-alerte-les-parlementaires\/#article","isPartOf":{"@id":"https:\/\/regions-snetap-fsu.fr\/na\/2026\/04\/02\/baisse-de-moyens-pour-leap-le-snetap-fsu-alerte-les-parlementaires\/"},"author":{"name":"olivierb","@id":"https:\/\/regions-snetap-fsu.fr\/na\/#\/schema\/person\/bdf1c4fe149dcf915601f9de85ba379f"},"headline":"Baisse de moyens pour l&rsquo;EAP : Le SNETAP-FSU alerte les parlementaires","datePublished":"2026-04-02T20:21:27+00:00","dateModified":"2026-04-03T12:17:53+00:00","mainEntityOfPage":{"@id":"https:\/\/regions-snetap-fsu.fr\/na\/2026\/04\/02\/baisse-de-moyens-pour-leap-le-snetap-fsu-alerte-les-parlementaires\/"},"wordCount":291,"publisher":{"@id":"https:\/\/regions-snetap-fsu.fr\/na\/#organization"},"image":{"@id":"https:\/\/regions-snetap-fsu.fr\/na\/2026\/04\/02\/baisse-de-moyens-pour-leap-le-snetap-fsu-alerte-les-parlementaires\/#primaryimage"},"thumbnailUrl":"https:\/\/regions-snetap-fsu.fr\/na\/wp-content\/uploads\/sites\/3\/2026\/04\/Visuel-blog-2.png","articleSection":["Actus","Communiqu\u00e9s","Message de service"],"inLanguage":"fr-FR"},{"@type":"WebPage","@id":"https:\/\/regions-snetap-fsu.fr\/na\/2026\/04\/02\/baisse-de-moyens-pour-leap-le-snetap-fsu-alerte-les-parlementaires\/","url":"https:\/\/regions-snetap-fsu.fr\/na\/2026\/04\/02\/baisse-de-moyens-pour-leap-le-snetap-fsu-alerte-les-parlementaires\/","name":"Baisse de moyens pour l'EAP : Le SNETAP-FSU alerte les parlementaires - NOUVELLE AQUITAINE","isPartOf":{"@id":"https:\/\/regions-snetap-fsu.fr\/na\/#website"},"primaryImageOfPage":{"@id":"https:\/\/regions-snetap-fsu.fr\/na\/2026\/04\/02\/baisse-de-moyens-pour-leap-le-snetap-fsu-alerte-les-parlementaires\/#primaryimage"},"image":{"@id":"https:\/\/regions-snetap-fsu.fr\/na\/2026\/04\/02\/baisse-de-moyens-pour-leap-le-snetap-fsu-alerte-les-parlementaires\/#primaryimage"},"thumbnailUrl":"https:\/\/regions-snetap-fsu.fr\/na\/wp-content\/uploads\/sites\/3\/2026\/04\/Visuel-blog-2.png","datePublished":"2026-04-02T20:21:27+00:00","dateModified":"2026-04-03T12:17:53+00:00","breadcrumb":{"@id":"https:\/\/regions-snetap-fsu.fr\/na\/2026\/04\/02\/baisse-de-moyens-pour-leap-le-snetap-fsu-alerte-les-parlementaires\/#breadcrumb"},"inLanguage":"fr-FR","potentialAction":[{"@type":"ReadAction","target":["https:\/\/regions-snetap-fsu.fr\/na\/2026\/04\/02\/baisse-de-moyens-pour-leap-le-snetap-fsu-alerte-les-parlementaires\/"]}]},{"@type":"ImageObject","inLanguage":"fr-FR","@id":"https:\/\/regions-snetap-fsu.fr\/na\/2026\/04\/02\/baisse-de-moyens-pour-leap-le-snetap-fsu-alerte-les-parlementaires\/#primaryimage","url":"https:\/\/regions-snetap-fsu.fr\/na\/wp-content\/uploads\/sites\/3\/2026\/04\/Visuel-blog-2.png","contentUrl":"https:\/\/regions-snetap-fsu.fr\/na\/wp-content\/uploads\/sites\/3\/2026\/04\/Visuel-blog-2.png","width":1269,"height":1029},{"@type":"BreadcrumbList","@id":"https:\/\/regions-snetap-fsu.fr\/na\/2026\/04\/02\/baisse-de-moyens-pour-leap-le-snetap-fsu-alerte-les-parlementaires\/#breadcrumb","itemListElement":[{"@type":"ListItem","position":1,"name":"Accueil","item":"https:\/\/regions-snetap-fsu.fr\/na\/"},{"@type":"ListItem","position":2,"name":"Baisse de moyens pour l&rsquo;EAP : Le SNETAP-FSU alerte les parlementaires"}]},{"@type":"WebSite","@id":"https:\/\/regions-snetap-fsu.fr\/na\/#website","url":"https:\/\/regions-snetap-fsu.fr\/na\/","name":"SNETAP-FSU NOUVELLE AQUITAINE","description":"Blog de la Section R\u00e9gionale","publisher":{"@id":"https:\/\/regions-snetap-fsu.fr\/na\/#organization"},"potentialAction":[{"@type":"SearchAction","target":{"@type":"EntryPoint","urlTemplate":"https:\/\/regions-snetap-fsu.fr\/na\/?s={search_term_string}"},"query-input":{"@type":"PropertyValueSpecification","valueRequired":true,"valueName":"search_term_string"}}],"inLanguage":"fr-FR"},{"@type":"Organization","@id":"https:\/\/regions-snetap-fsu.fr\/na\/#organization","name":"SNETAP-FSU - Nouvelle Aquitaine","url":"https:\/\/regions-snetap-fsu.fr\/na\/","logo":{"@type":"ImageObject","inLanguage":"fr-FR","@id":"https:\/\/regions-snetap-fsu.fr\/na\/#\/schema\/logo\/image\/","url":"https:\/\/regions-snetap-fsu.fr\/na\/wp-content\/uploads\/sites\/3\/2020\/12\/SNETAP-Logo.jpg","contentUrl":"https:\/\/regions-snetap-fsu.fr\/na\/wp-content\/uploads\/sites\/3\/2020\/12\/SNETAP-Logo.jpg","width":464,"height":334,"caption":"SNETAP-FSU - Nouvelle Aquitaine"},"image":{"@id":"https:\/\/regions-snetap-fsu.fr\/na\/#\/schema\/logo\/image\/"}},{"@type":"Person","@id":"https:\/\/regions-snetap-fsu.fr\/na\/#\/schema\/person\/bdf1c4fe149dcf915601f9de85ba379f","name":"olivierb","image":{"@type":"ImageObject","inLanguage":"fr-FR","@id":"https:\/\/secure.gravatar.com\/avatar\/d9cce0db1146844098d0ec7fae94551015c4ff78117aab56897823bb265a7bc9?s=96&d=mm&r=g","url":"https:\/\/secure.gravatar.com\/avatar\/d9cce0db1146844098d0ec7fae94551015c4ff78117aab56897823bb265a7bc9?s=96&d=mm&r=g","contentUrl":"https:\/\/secure.gravatar.com\/avatar\/d9cce0db1146844098d0ec7fae94551015c4ff78117aab56897823bb265a7bc9?s=96&d=mm&r=g","caption":"olivierb"},"url":"https:\/\/regions-snetap-fsu.fr\/na\/author\/olivierb\/"}]}},"_links":{"self":[{"href":"https:\/\/regions-snetap-fsu.fr\/na\/wp-json\/wp\/v2\/posts\/5819","targetHints":{"allow":["GET"]}}],"collection":[{"href":"https:\/\/regions-snetap-fsu.fr\/na\/wp-json\/wp\/v2\/posts"}],"about":[{"href":"https:\/\/regions-snetap-fsu.fr\/na\/wp-json\/wp\/v2\/types\/post"}],"author":[{"embeddable":true,"href":"https:\/\/regions-snetap-fsu.fr\/na\/wp-json\/wp\/v2\/users\/128"}],"replies":[{"embeddable":true,"href":"https:\/\/regions-snetap-fsu.fr\/na\/wp-json\/wp\/v2\/comments?post=5819"}],"version-history":[{"count":11,"href":"https:\/\/regions-snetap-fsu.fr\/na\/wp-json\/wp\/v2\/posts\/5819\/revisions"}],"predecessor-version":[{"id":5868,"href":"https:\/\/regions-snetap-fsu.fr\/na\/wp-json\/wp\/v2\/posts\/5819\/revisions\/5868"}],"wp:featuredmedia":[{"embeddable":true,"href":"https:\/\/regions-snetap-fsu.fr\/na\/wp-json\/wp\/v2\/media\/5835"}],"wp:attachment":[{"href":"https:\/\/regions-snetap-fsu.fr\/na\/wp-json\/wp\/v2\/media?parent=5819"}],"wp:term":[{"taxonomy":"category","embeddable":true,"href":"https:\/\/regions-snetap-fsu.fr\/na\/wp-json\/wp\/v2\/categories?post=5819"},{"taxonomy":"post_tag","embeddable":true,"href":"https:\/\/regions-snetap-fsu.fr\/na\/wp-json\/wp\/v2\/tags?post=5819"},{"taxonomy":"post_folder","embeddable":true,"href":"https:\/\/regions-snetap-fsu.fr\/na\/wp-json\/wp\/v2\/post_folder?post=5819"}],"curies":[{"name":"wp","href":"https:\/\/api.w.org\/{rel}","templated":true}]}}