{"id":5617,"date":"2025-12-10T01:07:22","date_gmt":"2025-12-10T00:07:22","guid":{"rendered":"https:\/\/regions-snetap-fsu.fr\/na\/?p=5617"},"modified":"2026-02-02T01:47:58","modified_gmt":"2026-02-02T00:47:58","slug":"lessentiel-de-la-f3sct-du-17-novembre-2025","status":"publish","type":"post","link":"https:\/\/regions-snetap-fsu.fr\/na\/2025\/12\/10\/lessentiel-de-la-f3sct-du-17-novembre-2025\/","title":{"rendered":"L\u2019essentiel de la F3SCT du 17 novembre 2025"},"content":{"rendered":"\t\t<div data-elementor-type=\"wp-post\" data-elementor-id=\"5617\" class=\"elementor elementor-5617\">\n\t\t\t\t<div class=\"elementor-element elementor-element-02da50a e-flex e-con-boxed e-con e-parent\" data-id=\"02da50a\" data-element_type=\"container\" data-e-type=\"container\">\n\t\t\t\t\t<div class=\"e-con-inner\">\n\t\t\t\t<div class=\"elementor-element elementor-element-e39b7db elementor-widget elementor-widget-text-editor\" data-id=\"e39b7db\" data-element_type=\"widget\" data-e-type=\"widget\" data-widget_type=\"text-editor.default\">\n\t\t\t\t<div class=\"elementor-widget-container\">\n\t\t\t\t\t\t\t\t\t<p align=\"justify\"><span style=\"font-family: Arial, sans-serif\"><strong><span style=\"color: #008000\">En ouverture de la F3SCT de Nouvelle-Aquitaine, r\u00e9unie le 17 novembre \u00e0 Limoges, l\u2019\u00c9lan commun est intervenu pour d\u00e9noncer les attaques r\u00e9p\u00e9t\u00e9es de la Coordination rurale contre l\u2019enseignement agricole public, en particulier en Haute-Vienne.<\/span><\/strong> Nous avons rappel\u00e9 que les EPL sont des lieux d\u2019\u00e9mancipation, de formation citoyenne et d\u2019ouverture d\u2019esprit, et que rien ne saurait justifier les pressions exerc\u00e9es contre l\u2019EPL de Limoges. Les propos scandaleux tenus par le pr\u00e9sident du CA, assimilant une conf\u00e9rence citoyenne \u00e0 un \u00ab lavage de cerveau \u00bb, constituent une atteinte grave aux valeurs r\u00e9publicaines, \u00e0 la libert\u00e9 p\u00e9dagogique et au respect d\u00fb aux personnels. Pour l\u2019\u00c9lan commun, sa d\u00e9mission s\u2019impose. La Directrice r\u00e9gionale a confirm\u00e9 le caract\u00e8re inacceptable de ses d\u00e9clarations et indiqu\u00e9 que le minist\u00e8re examine des suites possibles.<\/span><\/p>\t\t\t\t\t\t\t\t<\/div>\n\t\t\t\t<\/div>\n\t\t\t\t\t<\/div>\n\t\t\t\t<\/div>\n\t\t<div class=\"elementor-element elementor-element-ddbf1d6 e-flex e-con-boxed e-con e-parent\" data-id=\"ddbf1d6\" data-element_type=\"container\" data-e-type=\"container\">\n\t\t\t\t\t<div class=\"e-con-inner\">\n\t\t\t\t<div class=\"elementor-element elementor-element-b785478 elementor-widget elementor-widget-text-editor\" data-id=\"b785478\" data-element_type=\"widget\" data-e-type=\"widget\" data-widget_type=\"text-editor.default\">\n\t\t\t\t<div class=\"elementor-widget-container\">\n\t\t\t\t\t\t\t\t\t<p align=\"justify\"><span style=\"color: #008000\"><strong><span style=\"font-family: Arial, sans-serif\">FONCTIONNEMENT DES COHS<\/span><\/strong><\/span><\/p><p align=\"justify\"><span style=\"font-family: Arial, sans-serif\">Sur le fonctionnement des COHS, si la DRAAF se f\u00e9licite d\u2019un engagement global des \u00e9tablissements, nous avons une nouvelle fois point\u00e9 les manquements persistants : absence de r\u00e9unions apr\u00e8s des accidents, DUERP non r\u00e9actualis\u00e9s, et surtout formation Mentor impos\u00e9e hors du temps de travail. Nous revendiquons que l&rsquo;\u00c9tat garantisse r\u00e9ellement les conditions permettant aux repr\u00e9sentant\u00b7es du personnel d\u2019exercer leurs missions. La DRAAF s\u2019est engag\u00e9e \u00e0 rappeler l\u2019obligation annuelle de r\u00e9vision du DUERP et \u00e0 fournir une trame commune, ce que nous avons act\u00e9 unanimement.<\/span><\/p>\t\t\t\t\t\t\t\t<\/div>\n\t\t\t\t<\/div>\n\t\t\t\t\t<\/div>\n\t\t\t\t<\/div>\n\t\t<div class=\"elementor-element elementor-element-ddf7e8a e-flex e-con-boxed e-con e-parent\" data-id=\"ddf7e8a\" data-element_type=\"container\" data-e-type=\"container\">\n\t\t\t\t\t<div class=\"e-con-inner\">\n\t\t\t\t<div class=\"elementor-element elementor-element-6478943 elementor-widget elementor-widget-text-editor\" data-id=\"6478943\" data-element_type=\"widget\" data-e-type=\"widget\" data-widget_type=\"text-editor.default\">\n\t\t\t\t<div class=\"elementor-widget-container\">\n\t\t\t\t\t\t\t\t\t<p align=\"justify\"><strong><span style=\"font-family: Arial, sans-serif;color: #008000\">VISITE DES ETABLISSEMENTS<\/span><\/strong><\/p><p align=\"justify\"><span style=\"font-family: Arial, sans-serif\">La visite de la F3SCT \u00e0 P\u00e9rigueux a mis en lumi\u00e8re un manque de r\u00e9activit\u00e9, laissant les personnels dans l\u2019attente de r\u00e9ponses et des suites n\u00e9cessaires. Nous avons rappel\u00e9 la n\u00e9cessit\u00e9 absolue de rendre visibles les conclusions et d\u2019assurer un suivi r\u00e9el, faute de quoi ces d\u00e9marches perdent leur sens.<\/span><\/p><p>.<\/p>\t\t\t\t\t\t\t\t<\/div>\n\t\t\t\t<\/div>\n\t\t\t\t\t<\/div>\n\t\t\t\t<\/div>\n\t\t<div class=\"elementor-element elementor-element-5b96941 e-flex e-con-boxed e-con e-parent\" data-id=\"5b96941\" data-element_type=\"container\" data-e-type=\"container\">\n\t\t\t\t\t<div class=\"e-con-inner\">\n\t\t\t\t<div class=\"elementor-element elementor-element-bb68462 elementor-widget elementor-widget-text-editor\" data-id=\"bb68462\" data-element_type=\"widget\" data-e-type=\"widget\" data-widget_type=\"text-editor.default\">\n\t\t\t\t<div class=\"elementor-widget-container\">\n\t\t\t\t\t\t\t\t\t<p align=\"justify\"><strong><span style=\"font-family: Arial, sans-serif;color: #008000\">PLANS DE SECURITE DES ETABLISSEMENTS<\/span><\/strong><\/p><p align=\"justify\"><span style=\"font-family: Arial, sans-serif\">Concernant les plans de s\u00e9curit\u00e9 et de pr\u00e9vention, apr\u00e8s l\u2019attaque au couteau au lyc\u00e9e d\u2019Antibes, l\u2019\u00c9lan commun a insist\u00e9 sur l\u2019urgence d\u2019am\u00e9liorer la protection des \u00e9quipes, en particulier de vie scolaire, trop souvent isol\u00e9e le soir \u00e0 l\u2019internat. Les formations uniquement en distanciel ne suffisent pas : les personnels ont besoin de temps lib\u00e9r\u00e9 sur le travail et de moyens.<\/span><\/p>\t\t\t\t\t\t\t\t<\/div>\n\t\t\t\t<\/div>\n\t\t\t\t\t<\/div>\n\t\t\t\t<\/div>\n\t\t<div class=\"elementor-element elementor-element-07e8d81 e-flex e-con-boxed e-con e-parent\" data-id=\"07e8d81\" data-element_type=\"container\" data-e-type=\"container\">\n\t\t\t\t\t<div class=\"e-con-inner\">\n\t\t\t\t<div class=\"elementor-element elementor-element-74bbb34 elementor-widget elementor-widget-text-editor\" data-id=\"74bbb34\" data-element_type=\"widget\" data-e-type=\"widget\" data-widget_type=\"text-editor.default\">\n\t\t\t\t<div class=\"elementor-widget-container\">\n\t\t\t\t\t\t\t\t\t<p align=\"justify\"><strong><span style=\"color: #008000\"><span style=\"font-family: Arial, sans-serif\">SITUATIONS PARTICULIERES<\/span><\/span><\/strong><\/p><p align=\"justify\"><span style=\"font-family: Arial, sans-serif\">Nous avons \u00e9galement interpell\u00e9 la DRAAF sur deux situations particuli\u00e8rement pr\u00e9occupantes :<\/span><\/p><p align=\"justify\"><span style=\"font-family: Arial, sans-serif\">&#8211; l\u2019affaire de Magnac-Laval, toujours enlis\u00e9e malgr\u00e9 les d\u00e9cisions de justice,<\/span><\/p><p align=\"justify\"><span style=\"font-family: Arial, sans-serif\">&#8211; le climat d\u00e9l\u00e9t\u00e8re \u00e0 Neuvic, o\u00f9 la souffrance au travail atteint un niveau alarmant. Nous refusons la logique du bouc \u00e9missaire et exigeons une enqu\u00eate F3SCT compl\u00e8te, ind\u00e9pendante et transparente. La DRAAF temporise, mais l\u2019\u00c9lan commun maintient sa demande avec force : la sant\u00e9 mentale des agents n\u2019attend pas.<\/span><\/p><p align=\"justify\"><span style=\"font-family: Arial, sans-serif\">Enfin, nous avons alert\u00e9 sur la d\u00e9gradation des conditions de travail des informaticiens, les dysfonctionnements concernant les AESH \u2014 une fois encore maltrait\u00e9\u00b7es \u2014 et la surcharge de travail des personnels administratifs g\u00e9n\u00e9r\u00e9e par la nouvelle tarification des repas.<\/span><\/p>\t\t\t\t\t\t\t\t<\/div>\n\t\t\t\t<\/div>\n\t\t\t\t\t<\/div>\n\t\t\t\t<\/div>\n\t\t<div class=\"elementor-element elementor-element-ad90602 e-flex e-con-boxed e-con e-parent\" data-id=\"ad90602\" data-element_type=\"container\" data-e-type=\"container\">\n\t\t\t\t\t<div class=\"e-con-inner\">\n\t\t\t\t<div class=\"elementor-element elementor-element-c59d380 elementor-widget elementor-widget-heading\" data-id=\"c59d380\" data-element_type=\"widget\" data-e-type=\"widget\" data-widget_type=\"heading.default\">\n\t\t\t\t<div class=\"elementor-widget-container\">\n\t\t\t\t\t<h2 class=\"elementor-heading-title elementor-size-default\"><a href=\"https:\/\/regions-snetap-fsu.fr\/na\/wp-content\/uploads\/sites\/3\/2025\/12\/2025-11-17_F3SCT_Compte-rendu.pdf\">Retrouvez ici le compte rendu d\u00e9taill\u00e9 de la F3SCT<\/a><\/h2>\t\t\t\t<\/div>\n\t\t\t\t<\/div>\n\t\t\t\t\t<\/div>\n\t\t\t\t<\/div>\n\t\t\t\t<\/div>\n\t\t","protected":false},"excerpt":{"rendered":"<p>En ouverture de la F3SCT de Nouvelle-Aquitaine, r\u00e9unie le 17 novembre \u00e0 Limoges, l\u2019\u00c9lan commun est intervenu pour d\u00e9noncer les attaques r\u00e9p\u00e9t\u00e9es de la Coordination rurale contre l\u2019enseignement agricole public, en particulier en Haute-Vienne. Nous avons rappel\u00e9 que les EPL sont des lieux d\u2019\u00e9mancipation, de formation citoyenne et d\u2019ouverture d\u2019esprit, et que rien ne saurait [&hellip;]<\/p>\n","protected":false},"author":128,"featured_media":3530,"comment_status":"closed","ping_status":"closed","sticky":false,"template":"","format":"standard","meta":{"ocean_post_layout":"","ocean_both_sidebars_style":"","ocean_both_sidebars_content_width":0,"ocean_both_sidebars_sidebars_width":0,"ocean_sidebar":"0","ocean_second_sidebar":"0","ocean_disable_margins":"enable","ocean_add_body_class":"","ocean_shortcode_before_top_bar":"","ocean_shortcode_after_top_bar":"","ocean_shortcode_before_header":"","ocean_shortcode_after_header":"","ocean_has_shortcode":"","ocean_shortcode_after_title":"","ocean_shortcode_before_footer_widgets":"","ocean_shortcode_after_footer_widgets":"","ocean_shortcode_before_footer_bottom":"","ocean_shortcode_after_footer_bottom":"","ocean_display_top_bar":"default","ocean_display_header":"default","ocean_header_style":"","ocean_center_header_left_menu":"0","ocean_custom_header_template":"0","ocean_custom_logo":0,"ocean_custom_retina_logo":0,"ocean_custom_logo_max_width":0,"ocean_custom_logo_tablet_max_width":0,"ocean_custom_logo_mobile_max_width":0,"ocean_custom_logo_max_height":0,"ocean_custom_logo_tablet_max_height":0,"ocean_custom_logo_mobile_max_height":0,"ocean_header_custom_menu":"0","ocean_menu_typo_font_family":"0","ocean_menu_typo_font_subset":"","ocean_menu_typo_font_size":0,"ocean_menu_typo_font_size_tablet":0,"ocean_menu_typo_font_size_mobile":0,"ocean_menu_typo_font_size_unit":"px","ocean_menu_typo_font_weight":"","ocean_menu_typo_font_weight_tablet":"","ocean_menu_typo_font_weight_mobile":"","ocean_menu_typo_transform":"","ocean_menu_typo_transform_tablet":"","ocean_menu_typo_transform_mobile":"","ocean_menu_typo_line_height":0,"ocean_menu_typo_line_height_tablet":0,"ocean_menu_typo_line_height_mobile":0,"ocean_menu_typo_line_height_unit":"","ocean_menu_typo_spacing":0,"ocean_menu_typo_spacing_tablet":0,"ocean_menu_typo_spacing_mobile":0,"ocean_menu_typo_spacing_unit":"","ocean_menu_link_color":"","ocean_menu_link_color_hover":"","ocean_menu_link_color_active":"","ocean_menu_link_background":"","ocean_menu_link_hover_background":"","ocean_menu_link_active_background":"","ocean_menu_social_links_bg":"","ocean_menu_social_hover_links_bg":"","ocean_menu_social_links_color":"","ocean_menu_social_hover_links_color":"","ocean_disable_title":"default","ocean_disable_heading":"default","ocean_post_title":"","ocean_post_subheading":"","ocean_post_title_style":"","ocean_post_title_background_color":"","ocean_post_title_background":0,"ocean_post_title_bg_image_position":"","ocean_post_title_bg_image_attachment":"","ocean_post_title_bg_image_repeat":"","ocean_post_title_bg_image_size":"","ocean_post_title_height":0,"ocean_post_title_bg_overlay":0.5,"ocean_post_title_bg_overlay_color":"","ocean_disable_breadcrumbs":"default","ocean_breadcrumbs_color":"","ocean_breadcrumbs_separator_color":"","ocean_breadcrumbs_links_color":"","ocean_breadcrumbs_links_hover_color":"","ocean_display_footer_widgets":"default","ocean_display_footer_bottom":"default","ocean_custom_footer_template":"0","ocean_post_oembed":"","ocean_post_self_hosted_media":"","ocean_post_video_embed":"","ocean_link_format":"","ocean_link_format_target":"self","ocean_quote_format":"","ocean_quote_format_link":"post","ocean_gallery_link_images":"on","ocean_gallery_id":[],"footnotes":""},"categories":[4,13,1],"tags":[],"post_folder":[],"class_list":["post-5617","post","type-post","status-publish","format-standard","has-post-thumbnail","hentry","category-compte-rendu","category-instances","category-message-de-service","entry","has-media"],"yoast_head":"<!-- This site is optimized with the Yoast SEO plugin v27.4 - https:\/\/yoast.com\/product\/yoast-seo-wordpress\/ -->\n<title>L\u2019essentiel de la F3SCT du 17 novembre 2025 - NOUVELLE AQUITAINE<\/title>\n<meta name=\"robots\" content=\"index, follow, max-snippet:-1, max-image-preview:large, max-video-preview:-1\" \/>\n<link rel=\"canonical\" href=\"https:\/\/regions-snetap-fsu.fr\/na\/2025\/12\/10\/lessentiel-de-la-f3sct-du-17-novembre-2025\/\" \/>\n<meta property=\"og:locale\" content=\"fr_FR\" \/>\n<meta property=\"og:type\" content=\"article\" \/>\n<meta property=\"og:title\" content=\"L\u2019essentiel de la F3SCT du 17 novembre 2025 - NOUVELLE AQUITAINE\" \/>\n<meta property=\"og:description\" content=\"En ouverture de la F3SCT de Nouvelle-Aquitaine, r\u00e9unie le 17 novembre \u00e0 Limoges, l\u2019\u00c9lan commun est intervenu pour d\u00e9noncer les attaques r\u00e9p\u00e9t\u00e9es de la Coordination rurale contre l\u2019enseignement agricole public, en particulier en Haute-Vienne. Nous avons rappel\u00e9 que les EPL sont des lieux d\u2019\u00e9mancipation, de formation citoyenne et d\u2019ouverture d\u2019esprit, et que rien ne saurait [&hellip;]\" \/>\n<meta property=\"og:url\" content=\"https:\/\/regions-snetap-fsu.fr\/na\/2025\/12\/10\/lessentiel-de-la-f3sct-du-17-novembre-2025\/\" \/>\n<meta property=\"og:site_name\" content=\"NOUVELLE AQUITAINE\" \/>\n<meta property=\"article:published_time\" content=\"2025-12-10T00:07:22+00:00\" \/>\n<meta property=\"article:modified_time\" content=\"2026-02-02T00:47:58+00:00\" \/>\n<meta property=\"og:image\" content=\"https:\/\/regions-snetap-fsu.fr\/na\/wp-content\/uploads\/sites\/3\/2024\/01\/Logo-site-SNETAP-1.jpg\" \/>\n\t<meta property=\"og:image:width\" content=\"479\" \/>\n\t<meta property=\"og:image:height\" content=\"287\" \/>\n\t<meta property=\"og:image:type\" content=\"image\/jpeg\" \/>\n<meta name=\"author\" content=\"olivierb\" \/>\n<meta name=\"twitter:card\" content=\"summary_large_image\" \/>\n<meta name=\"twitter:label1\" content=\"\u00c9crit par\" \/>\n\t<meta name=\"twitter:data1\" content=\"olivierb\" \/>\n\t<meta name=\"twitter:label2\" content=\"Dur\u00e9e de lecture estim\u00e9e\" \/>\n\t<meta name=\"twitter:data2\" content=\"3 minutes\" \/>\n<script type=\"application\/ld+json\" class=\"yoast-schema-graph\">{\"@context\":\"https:\\\/\\\/schema.org\",\"@graph\":[{\"@type\":\"Article\",\"@id\":\"https:\\\/\\\/regions-snetap-fsu.fr\\\/na\\\/2025\\\/12\\\/10\\\/lessentiel-de-la-f3sct-du-17-novembre-2025\\\/#article\",\"isPartOf\":{\"@id\":\"https:\\\/\\\/regions-snetap-fsu.fr\\\/na\\\/2025\\\/12\\\/10\\\/lessentiel-de-la-f3sct-du-17-novembre-2025\\\/\"},\"author\":{\"name\":\"olivierb\",\"@id\":\"https:\\\/\\\/regions-snetap-fsu.fr\\\/na\\\/#\\\/schema\\\/person\\\/bdf1c4fe149dcf915601f9de85ba379f\"},\"headline\":\"L\u2019essentiel de la F3SCT du 17 novembre 2025\",\"datePublished\":\"2025-12-10T00:07:22+00:00\",\"dateModified\":\"2026-02-02T00:47:58+00:00\",\"mainEntityOfPage\":{\"@id\":\"https:\\\/\\\/regions-snetap-fsu.fr\\\/na\\\/2025\\\/12\\\/10\\\/lessentiel-de-la-f3sct-du-17-novembre-2025\\\/\"},\"wordCount\":530,\"publisher\":{\"@id\":\"https:\\\/\\\/regions-snetap-fsu.fr\\\/na\\\/#organization\"},\"image\":{\"@id\":\"https:\\\/\\\/regions-snetap-fsu.fr\\\/na\\\/2025\\\/12\\\/10\\\/lessentiel-de-la-f3sct-du-17-novembre-2025\\\/#primaryimage\"},\"thumbnailUrl\":\"https:\\\/\\\/regions-snetap-fsu.fr\\\/na\\\/wp-content\\\/uploads\\\/sites\\\/3\\\/2024\\\/01\\\/Logo-site-SNETAP-1.jpg\",\"articleSection\":[\"Comptes-rendus\",\"Instances\",\"Message de service\"],\"inLanguage\":\"fr-FR\"},{\"@type\":\"WebPage\",\"@id\":\"https:\\\/\\\/regions-snetap-fsu.fr\\\/na\\\/2025\\\/12\\\/10\\\/lessentiel-de-la-f3sct-du-17-novembre-2025\\\/\",\"url\":\"https:\\\/\\\/regions-snetap-fsu.fr\\\/na\\\/2025\\\/12\\\/10\\\/lessentiel-de-la-f3sct-du-17-novembre-2025\\\/\",\"name\":\"L\u2019essentiel de la F3SCT du 17 novembre 2025 - NOUVELLE AQUITAINE\",\"isPartOf\":{\"@id\":\"https:\\\/\\\/regions-snetap-fsu.fr\\\/na\\\/#website\"},\"primaryImageOfPage\":{\"@id\":\"https:\\\/\\\/regions-snetap-fsu.fr\\\/na\\\/2025\\\/12\\\/10\\\/lessentiel-de-la-f3sct-du-17-novembre-2025\\\/#primaryimage\"},\"image\":{\"@id\":\"https:\\\/\\\/regions-snetap-fsu.fr\\\/na\\\/2025\\\/12\\\/10\\\/lessentiel-de-la-f3sct-du-17-novembre-2025\\\/#primaryimage\"},\"thumbnailUrl\":\"https:\\\/\\\/regions-snetap-fsu.fr\\\/na\\\/wp-content\\\/uploads\\\/sites\\\/3\\\/2024\\\/01\\\/Logo-site-SNETAP-1.jpg\",\"datePublished\":\"2025-12-10T00:07:22+00:00\",\"dateModified\":\"2026-02-02T00:47:58+00:00\",\"breadcrumb\":{\"@id\":\"https:\\\/\\\/regions-snetap-fsu.fr\\\/na\\\/2025\\\/12\\\/10\\\/lessentiel-de-la-f3sct-du-17-novembre-2025\\\/#breadcrumb\"},\"inLanguage\":\"fr-FR\",\"potentialAction\":[{\"@type\":\"ReadAction\",\"target\":[\"https:\\\/\\\/regions-snetap-fsu.fr\\\/na\\\/2025\\\/12\\\/10\\\/lessentiel-de-la-f3sct-du-17-novembre-2025\\\/\"]}]},{\"@type\":\"ImageObject\",\"inLanguage\":\"fr-FR\",\"@id\":\"https:\\\/\\\/regions-snetap-fsu.fr\\\/na\\\/2025\\\/12\\\/10\\\/lessentiel-de-la-f3sct-du-17-novembre-2025\\\/#primaryimage\",\"url\":\"https:\\\/\\\/regions-snetap-fsu.fr\\\/na\\\/wp-content\\\/uploads\\\/sites\\\/3\\\/2024\\\/01\\\/Logo-site-SNETAP-1.jpg\",\"contentUrl\":\"https:\\\/\\\/regions-snetap-fsu.fr\\\/na\\\/wp-content\\\/uploads\\\/sites\\\/3\\\/2024\\\/01\\\/Logo-site-SNETAP-1.jpg\",\"width\":479,\"height\":287},{\"@type\":\"BreadcrumbList\",\"@id\":\"https:\\\/\\\/regions-snetap-fsu.fr\\\/na\\\/2025\\\/12\\\/10\\\/lessentiel-de-la-f3sct-du-17-novembre-2025\\\/#breadcrumb\",\"itemListElement\":[{\"@type\":\"ListItem\",\"position\":1,\"name\":\"Accueil\",\"item\":\"https:\\\/\\\/regions-snetap-fsu.fr\\\/na\\\/\"},{\"@type\":\"ListItem\",\"position\":2,\"name\":\"L\u2019essentiel de la F3SCT du 17 novembre 2025\"}]},{\"@type\":\"WebSite\",\"@id\":\"https:\\\/\\\/regions-snetap-fsu.fr\\\/na\\\/#website\",\"url\":\"https:\\\/\\\/regions-snetap-fsu.fr\\\/na\\\/\",\"name\":\"SNETAP-FSU NOUVELLE AQUITAINE\",\"description\":\"Blog de la Section R\u00e9gionale\",\"publisher\":{\"@id\":\"https:\\\/\\\/regions-snetap-fsu.fr\\\/na\\\/#organization\"},\"potentialAction\":[{\"@type\":\"SearchAction\",\"target\":{\"@type\":\"EntryPoint\",\"urlTemplate\":\"https:\\\/\\\/regions-snetap-fsu.fr\\\/na\\\/?s={search_term_string}\"},\"query-input\":{\"@type\":\"PropertyValueSpecification\",\"valueRequired\":true,\"valueName\":\"search_term_string\"}}],\"inLanguage\":\"fr-FR\"},{\"@type\":\"Organization\",\"@id\":\"https:\\\/\\\/regions-snetap-fsu.fr\\\/na\\\/#organization\",\"name\":\"SNETAP-FSU - Nouvelle Aquitaine\",\"url\":\"https:\\\/\\\/regions-snetap-fsu.fr\\\/na\\\/\",\"logo\":{\"@type\":\"ImageObject\",\"inLanguage\":\"fr-FR\",\"@id\":\"https:\\\/\\\/regions-snetap-fsu.fr\\\/na\\\/#\\\/schema\\\/logo\\\/image\\\/\",\"url\":\"https:\\\/\\\/regions-snetap-fsu.fr\\\/na\\\/wp-content\\\/uploads\\\/sites\\\/3\\\/2020\\\/12\\\/SNETAP-Logo.jpg\",\"contentUrl\":\"https:\\\/\\\/regions-snetap-fsu.fr\\\/na\\\/wp-content\\\/uploads\\\/sites\\\/3\\\/2020\\\/12\\\/SNETAP-Logo.jpg\",\"width\":464,\"height\":334,\"caption\":\"SNETAP-FSU - Nouvelle Aquitaine\"},\"image\":{\"@id\":\"https:\\\/\\\/regions-snetap-fsu.fr\\\/na\\\/#\\\/schema\\\/logo\\\/image\\\/\"}},{\"@type\":\"Person\",\"@id\":\"https:\\\/\\\/regions-snetap-fsu.fr\\\/na\\\/#\\\/schema\\\/person\\\/bdf1c4fe149dcf915601f9de85ba379f\",\"name\":\"olivierb\",\"image\":{\"@type\":\"ImageObject\",\"inLanguage\":\"fr-FR\",\"@id\":\"https:\\\/\\\/secure.gravatar.com\\\/avatar\\\/d9cce0db1146844098d0ec7fae94551015c4ff78117aab56897823bb265a7bc9?s=96&d=mm&r=g\",\"url\":\"https:\\\/\\\/secure.gravatar.com\\\/avatar\\\/d9cce0db1146844098d0ec7fae94551015c4ff78117aab56897823bb265a7bc9?s=96&d=mm&r=g\",\"contentUrl\":\"https:\\\/\\\/secure.gravatar.com\\\/avatar\\\/d9cce0db1146844098d0ec7fae94551015c4ff78117aab56897823bb265a7bc9?s=96&d=mm&r=g\",\"caption\":\"olivierb\"},\"url\":\"https:\\\/\\\/regions-snetap-fsu.fr\\\/na\\\/author\\\/olivierb\\\/\"}]}<\/script>\n<!-- \/ Yoast SEO plugin. -->","yoast_head_json":{"title":"L\u2019essentiel de la F3SCT du 17 novembre 2025 - NOUVELLE AQUITAINE","robots":{"index":"index","follow":"follow","max-snippet":"max-snippet:-1","max-image-preview":"max-image-preview:large","max-video-preview":"max-video-preview:-1"},"canonical":"https:\/\/regions-snetap-fsu.fr\/na\/2025\/12\/10\/lessentiel-de-la-f3sct-du-17-novembre-2025\/","og_locale":"fr_FR","og_type":"article","og_title":"L\u2019essentiel de la F3SCT du 17 novembre 2025 - NOUVELLE AQUITAINE","og_description":"En ouverture de la F3SCT de Nouvelle-Aquitaine, r\u00e9unie le 17 novembre \u00e0 Limoges, l\u2019\u00c9lan commun est intervenu pour d\u00e9noncer les attaques r\u00e9p\u00e9t\u00e9es de la Coordination rurale contre l\u2019enseignement agricole public, en particulier en Haute-Vienne. Nous avons rappel\u00e9 que les EPL sont des lieux d\u2019\u00e9mancipation, de formation citoyenne et d\u2019ouverture d\u2019esprit, et que rien ne saurait [&hellip;]","og_url":"https:\/\/regions-snetap-fsu.fr\/na\/2025\/12\/10\/lessentiel-de-la-f3sct-du-17-novembre-2025\/","og_site_name":"NOUVELLE AQUITAINE","article_published_time":"2025-12-10T00:07:22+00:00","article_modified_time":"2026-02-02T00:47:58+00:00","og_image":[{"width":479,"height":287,"url":"https:\/\/regions-snetap-fsu.fr\/na\/wp-content\/uploads\/sites\/3\/2024\/01\/Logo-site-SNETAP-1.jpg","type":"image\/jpeg"}],"author":"olivierb","twitter_card":"summary_large_image","twitter_misc":{"\u00c9crit par":"olivierb","Dur\u00e9e de lecture estim\u00e9e":"3 minutes"},"schema":{"@context":"https:\/\/schema.org","@graph":[{"@type":"Article","@id":"https:\/\/regions-snetap-fsu.fr\/na\/2025\/12\/10\/lessentiel-de-la-f3sct-du-17-novembre-2025\/#article","isPartOf":{"@id":"https:\/\/regions-snetap-fsu.fr\/na\/2025\/12\/10\/lessentiel-de-la-f3sct-du-17-novembre-2025\/"},"author":{"name":"olivierb","@id":"https:\/\/regions-snetap-fsu.fr\/na\/#\/schema\/person\/bdf1c4fe149dcf915601f9de85ba379f"},"headline":"L\u2019essentiel de la F3SCT du 17 novembre 2025","datePublished":"2025-12-10T00:07:22+00:00","dateModified":"2026-02-02T00:47:58+00:00","mainEntityOfPage":{"@id":"https:\/\/regions-snetap-fsu.fr\/na\/2025\/12\/10\/lessentiel-de-la-f3sct-du-17-novembre-2025\/"},"wordCount":530,"publisher":{"@id":"https:\/\/regions-snetap-fsu.fr\/na\/#organization"},"image":{"@id":"https:\/\/regions-snetap-fsu.fr\/na\/2025\/12\/10\/lessentiel-de-la-f3sct-du-17-novembre-2025\/#primaryimage"},"thumbnailUrl":"https:\/\/regions-snetap-fsu.fr\/na\/wp-content\/uploads\/sites\/3\/2024\/01\/Logo-site-SNETAP-1.jpg","articleSection":["Comptes-rendus","Instances","Message de service"],"inLanguage":"fr-FR"},{"@type":"WebPage","@id":"https:\/\/regions-snetap-fsu.fr\/na\/2025\/12\/10\/lessentiel-de-la-f3sct-du-17-novembre-2025\/","url":"https:\/\/regions-snetap-fsu.fr\/na\/2025\/12\/10\/lessentiel-de-la-f3sct-du-17-novembre-2025\/","name":"L\u2019essentiel de la F3SCT du 17 novembre 2025 - NOUVELLE AQUITAINE","isPartOf":{"@id":"https:\/\/regions-snetap-fsu.fr\/na\/#website"},"primaryImageOfPage":{"@id":"https:\/\/regions-snetap-fsu.fr\/na\/2025\/12\/10\/lessentiel-de-la-f3sct-du-17-novembre-2025\/#primaryimage"},"image":{"@id":"https:\/\/regions-snetap-fsu.fr\/na\/2025\/12\/10\/lessentiel-de-la-f3sct-du-17-novembre-2025\/#primaryimage"},"thumbnailUrl":"https:\/\/regions-snetap-fsu.fr\/na\/wp-content\/uploads\/sites\/3\/2024\/01\/Logo-site-SNETAP-1.jpg","datePublished":"2025-12-10T00:07:22+00:00","dateModified":"2026-02-02T00:47:58+00:00","breadcrumb":{"@id":"https:\/\/regions-snetap-fsu.fr\/na\/2025\/12\/10\/lessentiel-de-la-f3sct-du-17-novembre-2025\/#breadcrumb"},"inLanguage":"fr-FR","potentialAction":[{"@type":"ReadAction","target":["https:\/\/regions-snetap-fsu.fr\/na\/2025\/12\/10\/lessentiel-de-la-f3sct-du-17-novembre-2025\/"]}]},{"@type":"ImageObject","inLanguage":"fr-FR","@id":"https:\/\/regions-snetap-fsu.fr\/na\/2025\/12\/10\/lessentiel-de-la-f3sct-du-17-novembre-2025\/#primaryimage","url":"https:\/\/regions-snetap-fsu.fr\/na\/wp-content\/uploads\/sites\/3\/2024\/01\/Logo-site-SNETAP-1.jpg","contentUrl":"https:\/\/regions-snetap-fsu.fr\/na\/wp-content\/uploads\/sites\/3\/2024\/01\/Logo-site-SNETAP-1.jpg","width":479,"height":287},{"@type":"BreadcrumbList","@id":"https:\/\/regions-snetap-fsu.fr\/na\/2025\/12\/10\/lessentiel-de-la-f3sct-du-17-novembre-2025\/#breadcrumb","itemListElement":[{"@type":"ListItem","position":1,"name":"Accueil","item":"https:\/\/regions-snetap-fsu.fr\/na\/"},{"@type":"ListItem","position":2,"name":"L\u2019essentiel de la F3SCT du 17 novembre 2025"}]},{"@type":"WebSite","@id":"https:\/\/regions-snetap-fsu.fr\/na\/#website","url":"https:\/\/regions-snetap-fsu.fr\/na\/","name":"SNETAP-FSU NOUVELLE AQUITAINE","description":"Blog de la Section R\u00e9gionale","publisher":{"@id":"https:\/\/regions-snetap-fsu.fr\/na\/#organization"},"potentialAction":[{"@type":"SearchAction","target":{"@type":"EntryPoint","urlTemplate":"https:\/\/regions-snetap-fsu.fr\/na\/?s={search_term_string}"},"query-input":{"@type":"PropertyValueSpecification","valueRequired":true,"valueName":"search_term_string"}}],"inLanguage":"fr-FR"},{"@type":"Organization","@id":"https:\/\/regions-snetap-fsu.fr\/na\/#organization","name":"SNETAP-FSU - Nouvelle Aquitaine","url":"https:\/\/regions-snetap-fsu.fr\/na\/","logo":{"@type":"ImageObject","inLanguage":"fr-FR","@id":"https:\/\/regions-snetap-fsu.fr\/na\/#\/schema\/logo\/image\/","url":"https:\/\/regions-snetap-fsu.fr\/na\/wp-content\/uploads\/sites\/3\/2020\/12\/SNETAP-Logo.jpg","contentUrl":"https:\/\/regions-snetap-fsu.fr\/na\/wp-content\/uploads\/sites\/3\/2020\/12\/SNETAP-Logo.jpg","width":464,"height":334,"caption":"SNETAP-FSU - Nouvelle Aquitaine"},"image":{"@id":"https:\/\/regions-snetap-fsu.fr\/na\/#\/schema\/logo\/image\/"}},{"@type":"Person","@id":"https:\/\/regions-snetap-fsu.fr\/na\/#\/schema\/person\/bdf1c4fe149dcf915601f9de85ba379f","name":"olivierb","image":{"@type":"ImageObject","inLanguage":"fr-FR","@id":"https:\/\/secure.gravatar.com\/avatar\/d9cce0db1146844098d0ec7fae94551015c4ff78117aab56897823bb265a7bc9?s=96&d=mm&r=g","url":"https:\/\/secure.gravatar.com\/avatar\/d9cce0db1146844098d0ec7fae94551015c4ff78117aab56897823bb265a7bc9?s=96&d=mm&r=g","contentUrl":"https:\/\/secure.gravatar.com\/avatar\/d9cce0db1146844098d0ec7fae94551015c4ff78117aab56897823bb265a7bc9?s=96&d=mm&r=g","caption":"olivierb"},"url":"https:\/\/regions-snetap-fsu.fr\/na\/author\/olivierb\/"}]}},"_links":{"self":[{"href":"https:\/\/regions-snetap-fsu.fr\/na\/wp-json\/wp\/v2\/posts\/5617","targetHints":{"allow":["GET"]}}],"collection":[{"href":"https:\/\/regions-snetap-fsu.fr\/na\/wp-json\/wp\/v2\/posts"}],"about":[{"href":"https:\/\/regions-snetap-fsu.fr\/na\/wp-json\/wp\/v2\/types\/post"}],"author":[{"embeddable":true,"href":"https:\/\/regions-snetap-fsu.fr\/na\/wp-json\/wp\/v2\/users\/128"}],"replies":[{"embeddable":true,"href":"https:\/\/regions-snetap-fsu.fr\/na\/wp-json\/wp\/v2\/comments?post=5617"}],"version-history":[{"count":19,"href":"https:\/\/regions-snetap-fsu.fr\/na\/wp-json\/wp\/v2\/posts\/5617\/revisions"}],"predecessor-version":[{"id":5640,"href":"https:\/\/regions-snetap-fsu.fr\/na\/wp-json\/wp\/v2\/posts\/5617\/revisions\/5640"}],"wp:featuredmedia":[{"embeddable":true,"href":"https:\/\/regions-snetap-fsu.fr\/na\/wp-json\/wp\/v2\/media\/3530"}],"wp:attachment":[{"href":"https:\/\/regions-snetap-fsu.fr\/na\/wp-json\/wp\/v2\/media?parent=5617"}],"wp:term":[{"taxonomy":"category","embeddable":true,"href":"https:\/\/regions-snetap-fsu.fr\/na\/wp-json\/wp\/v2\/categories?post=5617"},{"taxonomy":"post_tag","embeddable":true,"href":"https:\/\/regions-snetap-fsu.fr\/na\/wp-json\/wp\/v2\/tags?post=5617"},{"taxonomy":"post_folder","embeddable":true,"href":"https:\/\/regions-snetap-fsu.fr\/na\/wp-json\/wp\/v2\/post_folder?post=5617"}],"curies":[{"name":"wp","href":"https:\/\/api.w.org\/{rel}","templated":true}]}}