{"id":5444,"date":"2025-12-09T11:28:33","date_gmt":"2025-12-09T10:28:33","guid":{"rendered":"https:\/\/regions-snetap-fsu.fr\/na\/?p=5444"},"modified":"2025-12-12T00:24:47","modified_gmt":"2025-12-11T23:24:47","slug":"crea-nouvelle-aquitaine-declaration-de-lelan-commun","status":"publish","type":"post","link":"https:\/\/regions-snetap-fsu.fr\/na\/2025\/12\/09\/crea-nouvelle-aquitaine-declaration-de-lelan-commun\/","title":{"rendered":"CREA Nouvelle Aquitaine &#8211; D\u00e9claration de l&rsquo;Elan commun"},"content":{"rendered":"\t\t<div data-elementor-type=\"wp-post\" data-elementor-id=\"5444\" class=\"elementor elementor-5444\">\n\t\t\t\t<div class=\"elementor-element elementor-element-72165b9 e-flex e-con-boxed e-con e-parent\" data-id=\"72165b9\" data-element_type=\"container\" data-e-type=\"container\">\n\t\t\t\t\t<div class=\"e-con-inner\">\n\t\t\t\t<div class=\"elementor-element elementor-element-e3c2896 elementor-widget elementor-widget-image\" data-id=\"e3c2896\" data-element_type=\"widget\" data-e-type=\"widget\" data-widget_type=\"image.default\">\n\t\t\t\t<div class=\"elementor-widget-container\">\n\t\t\t\t\t\t\t\t\t\t\t\t\t\t\t<img fetchpriority=\"high\" decoding=\"async\" width=\"1024\" height=\"144\" src=\"https:\/\/regions-snetap-fsu.fr\/na\/wp-content\/uploads\/sites\/3\/2024\/12\/ELAN-COMMUN-1024x144.jpg\" class=\"attachment-large size-large wp-image-3813\" alt=\"\" srcset=\"https:\/\/regions-snetap-fsu.fr\/na\/wp-content\/uploads\/sites\/3\/2024\/12\/ELAN-COMMUN-1024x144.jpg 1024w, https:\/\/regions-snetap-fsu.fr\/na\/wp-content\/uploads\/sites\/3\/2024\/12\/ELAN-COMMUN-300x42.jpg 300w, https:\/\/regions-snetap-fsu.fr\/na\/wp-content\/uploads\/sites\/3\/2024\/12\/ELAN-COMMUN-768x108.jpg 768w, https:\/\/regions-snetap-fsu.fr\/na\/wp-content\/uploads\/sites\/3\/2024\/12\/ELAN-COMMUN-1536x217.jpg 1536w, https:\/\/regions-snetap-fsu.fr\/na\/wp-content\/uploads\/sites\/3\/2024\/12\/ELAN-COMMUN-2048x289.jpg 2048w\" sizes=\"(max-width: 1024px) 100vw, 1024px\" \/>\t\t\t\t\t\t\t\t\t\t\t\t\t\t\t<\/div>\n\t\t\t\t<\/div>\n\t\t\t\t\t<\/div>\n\t\t\t\t<\/div>\n\t\t<div class=\"elementor-element elementor-element-cff0e19 e-flex e-con-boxed e-con e-parent\" data-id=\"cff0e19\" data-element_type=\"container\" data-e-type=\"container\">\n\t\t\t\t\t<div class=\"e-con-inner\">\n\t\t\t\t<div class=\"elementor-element elementor-element-a5fad65 elementor-widget elementor-widget-text-editor\" data-id=\"a5fad65\" data-element_type=\"widget\" data-e-type=\"widget\" data-widget_type=\"text-editor.default\">\n\t\t\t\t<div class=\"elementor-widget-container\">\n\t\t\t\t\t\t\t\t\t<p align=\"justify\"><span style=\"color: #ff0000\"><strong><span style=\"font-family: Arial, sans-serif\">La<\/span><span style=\"font-family: Arial, sans-serif\"> loi d\u2019orientation agricole, promulgu\u00e9e le 25 mars dernier, <\/span><span style=\"font-family: Arial, sans-serif\">pr\u00e9voit une <\/span><span style=\"font-family: Arial, sans-serif\">augmentation de 30 % des effectifs<\/span><\/strong><\/span><span style=\"font-family: Arial, sans-serif\"> dans l\u2019enseignement agricole afin de garantir le renouvellement des g\u00e9n\u00e9rations mais aussi d\u2019accompagner la transformation n\u00e9cessaire de nos syst\u00e8mes de production et de doter les territoires de comp\u00e9tences adapt\u00e9es aux enjeux \u00e9cologiques, \u00e9conomiques et sociaux du XXI\u1d49 si\u00e8cle.<\/span><\/p><p align=\"justify\"><strong><span style=\"color: #ff0000\"><span style=\"font-family: Arial, sans-serif\">Mais <\/span><span style=\"font-family: Arial, sans-serif\">c<\/span><span style=\"font-family: Arial, sans-serif\">omment pr\u00e9tendre atteindre un tel objectif tout en affaiblissant les \u00e9quipes qui sur le terrain portent ces ambitions ?<\/span><\/span><\/strong><\/p><p align=\"justify\">\u00a0<\/p>\t\t\t\t\t\t\t\t<\/div>\n\t\t\t\t<\/div>\n\t\t\t\t\t<\/div>\n\t\t\t\t<\/div>\n\t\t<div class=\"elementor-element elementor-element-6611e50 e-flex e-con-boxed e-con e-parent\" data-id=\"6611e50\" data-element_type=\"container\" data-e-type=\"container\">\n\t\t\t\t\t<div class=\"e-con-inner\">\n\t\t\t\t<div class=\"elementor-element elementor-element-e6cd437 elementor-widget elementor-widget-heading\" data-id=\"e6cd437\" data-element_type=\"widget\" data-e-type=\"widget\" data-widget_type=\"heading.default\">\n\t\t\t\t<div class=\"elementor-widget-container\">\n\t\t\t\t\t<h2 class=\"elementor-heading-title elementor-size-default\">LA SUPPRESSION INCOMPREHENSIBLE DE 2700 HEURES DE DGH EN NOUVELLE AQUITAINE<\/h2>\t\t\t\t<\/div>\n\t\t\t\t<\/div>\n\t\t\t\t\t<\/div>\n\t\t\t\t<\/div>\n\t\t<div class=\"elementor-element elementor-element-2bdcd95 e-flex e-con-boxed e-con e-parent\" data-id=\"2bdcd95\" data-element_type=\"container\" data-e-type=\"container\">\n\t\t\t\t\t<div class=\"e-con-inner\">\n\t\t\t\t<div class=\"elementor-element elementor-element-dbd765a elementor-widget elementor-widget-text-editor\" data-id=\"dbd765a\" data-element_type=\"widget\" data-e-type=\"widget\" data-widget_type=\"text-editor.default\">\n\t\t\t\t<div class=\"elementor-widget-container\">\n\t\t\t\t\t\t\t\t\t<p align=\"justify\"><span style=\"color: #000000\"><span style=\"font-family: Arial, sans-serif\">En effet<\/span><\/span><span style=\"color: #000000\"><span style=\"font-family: Arial, sans-serif\"> l\u2019annonce de la <span style=\"color: #ff0000\"><strong>suppression de <\/strong><\/span><\/span><\/span><span style=\"color: #ff0000\"><strong><span style=\"font-family: Arial, sans-serif\">4,3 postes dans l\u2019enseignement agricole<\/span> <span style=\"font-family: Arial, sans-serif\">en Nouvelle Aquitaine <\/span><\/strong><\/span><span style=\"color: #000000\"><span style=\"font-family: Arial, sans-serif\">pour la rentr\u00e9e prochaine <\/span><\/span><span style=\"color: #000000\"><span style=\"font-family: Arial, sans-serif\">est en totale contradiction avec les ambitions affich\u00e9es<\/span><\/span><span style=\"color: #000000\"><span style=\"font-family: Arial, sans-serif\">. Ce<\/span><\/span><span style=\"font-family: Arial, sans-serif\">tte d\u00e9cision, brutale et incoh\u00e9rente, constitue un non-sens politique, p\u00e9dagogique et social \u00e0 l\u2019heure m\u00eame o\u00f9 le gouvernement affiche publiquement l\u2019ambition de relancer l\u2019enseignement agricole, de renforcer son attractivit\u00e9 et d\u2019en faire un pilier de la transition agro\u00e9cologique.<\/span><\/p><p align=\"justify\"><span style=\"color: #000000\"><span style=\"font-family: Arial, sans-serif\">Cette contradiction flagrante, dans la premi\u00e8re r\u00e9gion agricole de France met en lumi\u00e8re le d\u00e9calage persistant entre les discours minist\u00e9riels et les actes. L\u2019enseignement agricole n\u00e9o aquitain ne peut \u00eatre la variable d\u2019ajustement budg\u00e9taire d\u2019une politique qui pr\u00e9tend pourtant en faire une priorit\u00e9 strat\u00e9gique. Supprimer 4,3 postes suppl\u00e9mentaires c\u2019est implicitement\u00a0:<\/span><\/span><\/p><p><span style=\"color: #000000\"><span style=\"font-family: Arial, sans-serif\">&#8211; alourdir les charges de travail <\/span><\/span><span style=\"color: #000000\"><span style=\"font-family: Arial, sans-serif\">de personnels dont les conditions de travail sont d\u00e9j\u00e0 alarmantes comme le r\u00e9v\u00e8le la <\/span><\/span><a href=\"https:\/\/www.bing.com\/ck\/a?!&amp;&amp;p=7409d066112373b9dc9c6ae7de55b73d412eca3148fac912e6829e06c1c750d5JmltdHM9MTc2NTA2NTYwMA&amp;ptn=3&amp;ver=2&amp;hsh=4&amp;fclid=11a51428-312a-6db2-1298-028b30bf6c4e&amp;u=a1aHR0cHM6Ly93d3cuZWR1Y2F0aW9uLmdvdXYuZnIvbWVkaWEvMjI5NjcxL2Rvd25sb2Fk&amp;ntb=1\" target=\"_blank\" rel=\"noopener\"><span style=\"color: #000000\"><span style=\"font-family: Arial, sans-serif\"><span style=\"font-size: medium\">derni\u00e8re enqu\u00eate internationale TALIS, men\u00e9e par l&rsquo;OCDE,<\/span><\/span><\/span><\/a><br \/><br \/><span style=\"color: #000000\"><span style=\"font-family: Arial, sans-serif\"><span style=\"font-size: medium\">&#8211; <\/span>limiter les capacit\u00e9s d\u2019accueil de l\u2019Enseignement agricole,<\/span><\/span><br \/><br \/><span style=\"color: #000000\"><span style=\"font-family: Arial, sans-serif\">&#8211; fragiliser des formations d\u00e9j\u00e0 sous tensions,<\/span><\/span><\/p><p align=\"justify\"><span style=\"color: #000000\"><span style=\"font-family: Arial, sans-serif\">&#8211; mettre en p\u00e9ril des options, des sp\u00e9cialit\u00e9s, des accompagnements individualis\u00e9s pourtant cruciaux pour un public de plus en plus h\u00e9t\u00e9rog\u00e8ne,<\/span><\/span><\/p><p align=\"justify\"><strong><span style=\"color: #000000\"><span style=\"font-family: Arial, sans-serif\">&#8211; <\/span><\/span><\/strong><span style=\"color: #000000\"><span style=\"font-family: Arial, sans-serif\">fragiliser la capacit\u00e9 de l\u2019enseignement agricole \u00e0 remplir ses missions de service public.<\/span><\/span><\/p><p align=\"justify\"><span style=\"color: #000000\"><span style=\"font-family: Arial, sans-serif\">Loin de renforcer la r\u00e9ussite et la qualit\u00e9 de formation des \u00e9l\u00e8ves et des \u00e9tudiant\u00b7es, cette politique contribue \u00e0 affaiblir leurs chances de r\u00e9ussite et d\u2019acc\u00e8s aux m\u00e9tiers agricoles alors m\u00eame que ceux-ci connaissent une crise d\u2019attractivit\u00e9 majeure.<\/span><\/span><\/p><p align=\"justify\"><span style=\"font-family: Arial, sans-serif\">C<\/span><span style=\"font-family: Arial, sans-serif\">ette d\u00e9cision <\/span><span style=\"font-family: Arial, sans-serif\">de baisse de DGH qui touche lourdement notre r\u00e9gion <\/span><span style=\"font-family: Arial, sans-serif\">est d\u2019autant plus inacceptable que <\/span><span style=\"font-family: Arial, sans-serif\">nous avions d\u00e9j\u00e0 pay\u00e9 le plus lourd tribu sur le budget 2025, avec 8,5 postes <\/span><span style=\"font-family: Arial, sans-serif\">\u00e0 <\/span><span style=\"font-family: Arial, sans-serif\">supprim<\/span><span style=\"font-family: Arial, sans-serif\">er<\/span><span style=\"font-family: Arial, sans-serif\">, et que <\/span><span style=\"font-family: Arial, sans-serif\">l<\/span><span style=\"font-family: Arial, sans-serif\">a plupart des <\/span><span style=\"font-family: Arial, sans-serif\">autres r\u00e9gions <\/span><span style=\"font-family: Arial, sans-serif\">dans des situations similaires \u00e0 la notre <\/span><span style=\"font-family: Arial, sans-serif\">augmentent ou <\/span><span style=\"font-family: Arial, sans-serif\">maintiennent leurs effectifs <\/span><span style=\"font-family: Arial, sans-serif\">en personnel, <\/span><span style=\"font-family: Arial, sans-serif\">puisque au plan national l\u2019Enseignement Agricole gagne 14 \u00e9quivalent temps plein (ETP)<\/span><span style=\"font-family: Arial, sans-serif\">. <\/span><\/p><p align=\"justify\"><span style=\"font-family: Arial, sans-serif\">Les personnels s\u2019interrogent alors\u00a0: pourquoi la Nouvelle-Aquitaine est-elle une des seules r\u00e9gions mise \u00e0 contribution ? quels \u00e9l\u00e9ments peuvent expliquer ce choix injuste et incoh\u00e9rent ? avons-nous perdu autant d\u2019\u00e9l\u00e8ves depuis deux ans qui justifierait une telle baisse de moyens\u00a0? avons-nous \u00e9t\u00e9 si dispendieux dans notre enseignement au point de m\u00e9riter une telle sanction\u00a0? vivons-nous si richement dans l\u2019enseignement agricole en Nouvelle Aquitaine que nous pourrions nous passer de ces moyens\u00a0? \u2026 ou peut \u00eatre simplement sommes-nous si mauvais que nous devrions rendre des postes que nous ne saurions valoriser\u00a0?<\/span><\/p><p align=\"justify\"><span style=\"font-family: Arial, sans-serif\">Les personnels veulent r\u00e9affirmer <\/span><span style=\"font-family: Arial, sans-serif\">ici <\/span><span style=\"font-family: Arial, sans-serif\">que <\/span><span style=\"font-family: Arial, sans-serif\">l\u2019enseignement agricole <\/span><span style=\"font-family: Arial, sans-serif\">public<\/span> <span style=\"font-family: Arial, sans-serif\">joue un r\u00f4le essentiel pour l\u2019installation des jeunes, la reconversion professionnelle et l\u2019innovation agro\u00e9cologique <\/span><span style=\"font-family: Arial, sans-serif\">mais aussi dans la r\u00e9ussite des \u00e9l\u00e8ves et \u00e9tudiant.es, la rem\u00e9diation pour des jeunes en difficult\u00e9 <\/span><span style=\"font-family: Arial, sans-serif\">et <\/span><span style=\"font-family: Arial, sans-serif\">l\u2019\u00e9ducation \u00e0 la citoyennet\u00e9 d\u2019une jeunesse en mal de rep\u00e8re<\/span><span style=\"font-family: Arial, sans-serif\">. <\/span><span style=\"color: #000000\"><span style=\"font-family: Arial, sans-serif\">Et il<\/span><\/span><span style=\"font-family: Arial, sans-serif\"> le fait <\/span><span style=\"font-family: Arial, sans-serif\">sur<\/span><span style=\"font-family: Arial, sans-serif\"> tous les territoires <\/span><span style=\"font-family: Arial, sans-serif\">et <\/span><span style=\"font-family: Arial, sans-serif\">dans des fili\u00e8res qui exige<\/span><span style=\"font-family: Arial, sans-serif\">nt<\/span><span style=\"font-family: Arial, sans-serif\"> des enseignements avec des norme<\/span><span style=\"font-family: Arial, sans-serif\">s<\/span><span style=\"font-family: Arial, sans-serif\"> de qualit\u00e9 et de s\u00e9curit\u00e9. <\/span><span style=\"font-family: Arial, sans-serif\">Cela <\/span><span style=\"font-family: Arial, sans-serif\">constitue sa <\/span><span style=\"font-family: Arial, sans-serif\">force. <\/span><span style=\"font-family: Arial, sans-serif\">Par votre politique r\u00e9gressive, v<\/span><span style=\"font-family: Arial, sans-serif\">ous en faite une faiblesse administrative. <\/span><\/p><p align=\"justify\"><span style=\"font-family: Arial, sans-serif\">Dans ce contexte,<\/span> <span style=\"font-family: Arial, sans-serif\">cette<\/span><span style=\"font-family: Arial, sans-serif\"> baisse de DGH est une d\u00e9cision inique.<\/span><\/p>\t\t\t\t\t\t\t\t<\/div>\n\t\t\t\t<\/div>\n\t\t\t\t\t<\/div>\n\t\t\t\t<\/div>\n\t\t<div class=\"elementor-element elementor-element-b305260 e-flex e-con-boxed e-con e-parent\" data-id=\"b305260\" data-element_type=\"container\" data-e-type=\"container\">\n\t\t\t\t\t<div class=\"e-con-inner\">\n\t\t\t\t<div class=\"elementor-element elementor-element-be19d6c elementor-widget elementor-widget-heading\" data-id=\"be19d6c\" data-element_type=\"widget\" data-e-type=\"widget\" data-widget_type=\"heading.default\">\n\t\t\t\t<div class=\"elementor-widget-container\">\n\t\t\t\t\t<h2 class=\"elementor-heading-title elementor-size-default\">BACHELOR AGRO, UN NOUVEAU DIPL\u00d4ME SANS MOYENS<\/h2>\t\t\t\t<\/div>\n\t\t\t\t<\/div>\n\t\t\t\t\t<\/div>\n\t\t\t\t<\/div>\n\t\t<div class=\"elementor-element elementor-element-912af08 e-flex e-con-boxed e-con e-parent\" data-id=\"912af08\" data-element_type=\"container\" data-e-type=\"container\">\n\t\t\t\t\t<div class=\"e-con-inner\">\n\t\t\t\t<div class=\"elementor-element elementor-element-d798a36 elementor-widget elementor-widget-text-editor\" data-id=\"d798a36\" data-element_type=\"widget\" data-e-type=\"widget\" data-widget_type=\"text-editor.default\">\n\t\t\t\t<div class=\"elementor-widget-container\">\n\t\t\t\t\t\t\t\t\t<p align=\"justify\"><span style=\"font-family: Arial, sans-serif\">Et c<\/span><span style=\"font-family: Arial, sans-serif\">es suppressions interviennent de surcro\u00eet dans un contexte o\u00f9 doit se d\u00e9ployer le <\/span><strong><span style=\"font-family: Arial, sans-serif\">Bachelor Agro<\/span><\/strong><span style=\"font-family: Arial, sans-serif\">, nouvelle formation pens\u00e9e pour r\u00e9pondre, <\/span><span style=\"font-family: Arial, sans-serif\">selon la Ministre de l\u2019Agriculture, <\/span><span style=\"font-family: Arial, sans-serif\">aux besoins \u00e9mergents des fili\u00e8res agricoles et agroalimentaires, renforcer les comp\u00e9tences en agro\u00e9cologie, en innovation, en adaptation climatique et en gestion des syst\u00e8mes complexes. Comment imaginer ouvrir <\/span><span style=\"font-family: Arial, sans-serif\">et <\/span><span style=\"font-family: Arial, sans-serif\">structurer une telle formation <\/span><span style=\"font-family: Arial, sans-serif\">en limitant <\/span><span style=\"font-family: Arial, sans-serif\">s<\/span><span style=\"font-family: Arial, sans-serif\">es dotations \u00e0 <\/span><span style=\"font-family: Arial, sans-serif\">un demi <\/span><span style=\"font-family: Arial, sans-serif\">poste par Bachelor et <\/span><span style=\"font-family: Arial, sans-serif\">en amputant simultan\u00e9ment les \u00e9quipes enseignantes ? Comment assurer un encadrement p\u00e9dagogique s\u00e9rieux, une innovation r\u00e9elle et un accompagnement de qualit\u00e9 alors qu\u2019on retire des moyens humains indispensables \u00e0 leur mise en \u0153uvre ?<\/span><\/p><p align=\"justify\"><span style=\"font-family: Arial, sans-serif\">La r\u00e9gion Nouvelle Aquitaine portera \u00e0 elle seule 3 exp\u00e9rimentations de Bachelor (qui entre parenth\u00e8se n\u2019apparaissent pas dans la carte de formation qui nous est pr\u00e9sent\u00e9e aujourd\u2019hui et pour lesquelles nous souhaitons avoir une explication), \u2026 3 Bachelors donc l\u00e0 ou les autres r\u00e9gions obtiennent une ou deux ouvertures. Ici aussi on nous demande de faire plus avec moins.<\/span><\/p><p align=\"justify\"><span style=\"color: #ff0000\"><strong><span style=\"font-family: Arial, sans-serif\">Nous refusons de laisser croire qu\u2019une transformation aussi ambitieuse que celle annonc\u00e9e par la loi d\u2019orientation agricole pourra s\u2019op\u00e9rer sans un <\/span><span style=\"font-family: Arial, sans-serif\">investissement massif<\/span><\/strong><\/span><span style=\"font-family: Arial, sans-serif\"><span style=\"color: #ff0000\"><strong> dans l\u2019humain<\/strong><\/span>. Ce sont les enseignant<\/span><span style=\"font-family: Arial, sans-serif\">\u00b7e<\/span><span style=\"font-family: Arial, sans-serif\">s, les personnels \u00e9ducatifs, les agents techniques et administratifs, <\/span><span style=\"font-family: Arial, sans-serif\">les personnels de sant\u00e9 <\/span><span style=\"font-family: Arial, sans-serif\">qui font vivre les \u00e9tablissements. Ce sont <\/span><span style=\"font-family: Arial, sans-serif\">elles et <\/span><span style=\"font-family: Arial, sans-serif\">eux qui, chaque jour, <\/span><span style=\"font-family: Arial, sans-serif\">\u00e9duquent, <\/span><span style=\"font-family: Arial, sans-serif\">accompagnent, innovent, transmettent des savoirs et des valeurs, en exer\u00e7ant plusieurs missions \u00e0 la fois et en palliant d\u00e9j\u00e0 des manques d<\/span><span style=\"font-family: Arial, sans-serif\">e moyens<\/span><span style=\"font-family: Arial, sans-serif\"> chroniques. Leur retirer des postes, c\u2019est m\u00e9priser leur engagement et saboter les objectifs qu\u2019on <\/span><span style=\"font-family: Arial, sans-serif\">leur demande d\u2019<\/span><span style=\"font-family: Arial, sans-serif\">atteindre.<\/span><\/p>\t\t\t\t\t\t\t\t<\/div>\n\t\t\t\t<\/div>\n\t\t\t\t\t<\/div>\n\t\t\t\t<\/div>\n\t\t<div class=\"elementor-element elementor-element-4e6d4fe e-flex e-con-boxed e-con e-parent\" data-id=\"4e6d4fe\" data-element_type=\"container\" data-e-type=\"container\">\n\t\t\t\t\t<div class=\"e-con-inner\">\n\t\t\t\t<div class=\"elementor-element elementor-element-d4ab85b elementor-widget elementor-widget-heading\" data-id=\"d4ab85b\" data-element_type=\"widget\" data-e-type=\"widget\" data-widget_type=\"heading.default\">\n\t\t\t\t<div class=\"elementor-widget-container\">\n\t\t\t\t\t<h2 class=\"elementor-heading-title elementor-size-default\">UNE BAISSE DRASTIQUE DE MOYENS POUR LE PACTE ENSEIGNANT<\/h2>\t\t\t\t<\/div>\n\t\t\t\t<\/div>\n\t\t\t\t\t<\/div>\n\t\t\t\t<\/div>\n\t\t<div class=\"elementor-element elementor-element-f3413cc e-flex e-con-boxed e-con e-parent\" data-id=\"f3413cc\" data-element_type=\"container\" data-e-type=\"container\">\n\t\t\t\t\t<div class=\"e-con-inner\">\n\t\t\t\t<div class=\"elementor-element elementor-element-380c7a6 elementor-widget elementor-widget-text-editor\" data-id=\"380c7a6\" data-element_type=\"widget\" data-e-type=\"widget\" data-widget_type=\"text-editor.default\">\n\t\t\t\t<div class=\"elementor-widget-container\">\n\t\t\t\t\t\t\t\t\t<p align=\"justify\"><span style=\"font-family: Arial, sans-serif\">Que dire de la mesure phare du \u00ab\u00a0Pacte\u00a0\u00bb, qui devait \u00eatre synonyme de revalorisation du m\u00e9tier d\u2019enseignant\u00a0? Annonc\u00e9e \u00e0 grand renfort de communication il y a deux ans, elle se d\u00e9lite depuis dans la plus grande discr\u00e9tion au point de se voir amput\u00e9e \u00e0 cette rentr\u00e9e \u00e0 nouveau de 40\u00a0% des heures. Une perte de moyens inacceptable.<\/span><\/p><p align=\"justify\"><span style=\"font-family: Arial, sans-serif\">D\u00e8s lors se pose la question\u00a0: <span style=\"color: #ff0000\"><strong>o\u00f9 est pass\u00e9 l\u2019argent de cette r\u00e9forme annonc\u00e9e comme r\u00e9ponse \u00e0 nos demandes de revalorisations\u00a0? <\/strong><\/span><\/span><\/p><p align=\"justify\"><span style=\"font-family: Arial, sans-serif\">Nous avions contest\u00e9 cette mesure et nous continuons d\u2019exiger que ces moyens soient r\u00e9inject\u00e9s sans contrepartie dans nos salaires pour les missions que nous r\u00e9alisons toutes et tous.<\/span><\/p><p align=\"justify\"><span style=\"font-family: Arial, sans-serif\">Aujourd\u2019hui, qu\u2019allez-vous expliquer aux coll\u00e8gues pi\u00e9g\u00e9s qui avaient pris des \u00ab\u00a0briques\u00a0\u00bb pour compl\u00e9ter leur salaire\u00a0? Allez-vous reporter ces d\u00e9cisions sur les \u00e9quipes de direction \u00e0 qui vous avez demand\u00e9 depuis trois ans de promouvoir ce proc\u00e9d\u00e9\u00a0? Avez-vous conscience de ce que cela repr\u00e9sent<\/span><\/p>\t\t\t\t\t\t\t\t<\/div>\n\t\t\t\t<\/div>\n\t\t\t\t\t<\/div>\n\t\t\t\t<\/div>\n\t\t<div class=\"elementor-element elementor-element-cae9934 e-flex e-con-boxed e-con e-parent\" data-id=\"cae9934\" data-element_type=\"container\" data-e-type=\"container\">\n\t\t\t\t\t<div class=\"e-con-inner\">\n\t\t\t\t<div class=\"elementor-element elementor-element-f77bb61 elementor-widget elementor-widget-heading\" data-id=\"f77bb61\" data-element_type=\"widget\" data-e-type=\"widget\" data-widget_type=\"heading.default\">\n\t\t\t\t<div class=\"elementor-widget-container\">\n\t\t\t\t\t<h2 class=\"elementor-heading-title elementor-size-default\">DES MENACES SUR LES ENGAGEMENTS POUR L\u2019APPRENTISSAGE ET LA FORMATION ADULTE<\/h2>\t\t\t\t<\/div>\n\t\t\t\t<\/div>\n\t\t\t\t\t<\/div>\n\t\t\t\t<\/div>\n\t\t<div class=\"elementor-element elementor-element-d451342 e-flex e-con-boxed e-con e-parent\" data-id=\"d451342\" data-element_type=\"container\" data-e-type=\"container\">\n\t\t\t\t\t<div class=\"e-con-inner\">\n\t\t\t\t<div class=\"elementor-element elementor-element-ac10517 elementor-widget elementor-widget-text-editor\" data-id=\"ac10517\" data-element_type=\"widget\" data-e-type=\"widget\" data-widget_type=\"text-editor.default\">\n\t\t\t\t<div class=\"elementor-widget-container\">\n\t\t\t\t\t\t\t\t\t<p align=\"justify\"><span style=\"font-family: Arial, sans-serif\">Dans le m\u00eame temps l\u2019\u00c9tat annonce une baisse du financement des formations pour adultes et des formations par apprentissage via notamment les r\u00e9gions. Qu\u2019avez-vous pr\u00e9vu pour soutenir nos EPL alors qu\u2019il est possible qu\u2019une temp\u00eate budg\u00e9taire se pr\u00e9pare\u00a0? Avez-vous \u00e9valu\u00e9 la baisse que cela repr\u00e9sente sur la Nouvelle-Aquitaine\u00a0? Nos \u00e9tablissements n\u2019ont pas pour objectif d\u2019\u00eatre rentable mais bel et bien de r\u00e9pondre aux missions d\u2019int\u00e9r\u00eat g\u00e9n\u00e9ral qu\u2019il leurs sont donn\u00e9es.<\/span><\/p><p align=\"justify\"><span style=\"font-family: Arial, sans-serif\">Que ce soit pour la carte des formations et pour le soutien \u00e0 nos \u00e9tablissements nous demandons que la DRAAF soit plus motrice de mani\u00e8re transparente. <\/span><\/p><p align=\"justify\"><span style=\"color: #ff0000\"><strong><span style=\"font-family: Arial, sans-serif\">Nous avons plusieurs fois demand<\/span><span style=\"font-family: Arial, sans-serif\">\u00e9 u<\/span><span style=\"font-family: Arial, sans-serif\">n plan r\u00e9gional pour l\u2019enseignement agricole public afin de tracer les lignes directrice<\/span><span style=\"font-family: Arial, sans-serif\">s<\/span><span style=\"font-family: Arial, sans-serif\"> de d\u00e9veloppement coh\u00e9rent des formations agricoles par les \u00e9tablissements publics, la\u00efc<\/span><span style=\"font-family: Arial, sans-serif\">s<\/span><span style=\"font-family: Arial, sans-serif\">, avec des personnels form\u00e9<\/span><span style=\"font-family: Arial, sans-serif\">s<\/span><span style=\"font-family: Arial, sans-serif\"> et emmen\u00e9<\/span><span style=\"font-family: Arial, sans-serif\">s<\/span><span style=\"font-family: Arial, sans-serif\"> par une gouvernance rigoureuse garante de la recherche de qualit\u00e9 formative et d\u2019accueil et qui on<\/span><span style=\"font-family: Arial, sans-serif\">t<\/span><\/strong><\/span><span style=\"font-family: Arial, sans-serif\"><span style=\"color: #ff0000\"><strong> les outils pour r\u00e9pondre \u00e0 cette demande<\/strong><\/span>. Force e<\/span><span style=\"font-family: Arial, sans-serif\">s<\/span><span style=\"font-family: Arial, sans-serif\">t de constat<\/span><span style=\"font-family: Arial, sans-serif\">er<\/span><span style=\"font-family: Arial, sans-serif\"> que nous ne sommes pas \u00e9cout\u00e9<\/span><span style=\"font-family: Arial, sans-serif\">s<\/span><span style=\"font-family: Arial, sans-serif\">, et les agent.es et les \u00e9l\u00e8ves de <\/span><span style=\"font-family: Arial, sans-serif\">N<\/span><span style=\"font-family: Arial, sans-serif\">ouvelle-<\/span><span style=\"font-family: Arial, sans-serif\">A<\/span><span style=\"font-family: Arial, sans-serif\">quitaine seront les premiers touch\u00e9s.<\/span><\/p>\t\t\t\t\t\t\t\t<\/div>\n\t\t\t\t<\/div>\n\t\t\t\t\t<\/div>\n\t\t\t\t<\/div>\n\t\t<div class=\"elementor-element elementor-element-0891591 e-flex e-con-boxed e-con e-parent\" data-id=\"0891591\" data-element_type=\"container\" data-e-type=\"container\">\n\t\t\t\t\t<div class=\"e-con-inner\">\n\t\t\t\t<div class=\"elementor-element elementor-element-6bad43a elementor-widget elementor-widget-heading\" data-id=\"6bad43a\" data-element_type=\"widget\" data-e-type=\"widget\" data-widget_type=\"heading.default\">\n\t\t\t\t<div class=\"elementor-widget-container\">\n\t\t\t\t\t<h2 class=\"elementor-heading-title elementor-size-default\">DES ATTAQUES INQUIETANTES CONTRE LA LIBERT\u00c9 P\u00c9DAGOGIQUE<\/h2>\t\t\t\t<\/div>\n\t\t\t\t<\/div>\n\t\t\t\t\t<\/div>\n\t\t\t\t<\/div>\n\t\t<div class=\"elementor-element elementor-element-3077eab e-flex e-con-boxed e-con e-parent\" data-id=\"3077eab\" data-element_type=\"container\" data-e-type=\"container\">\n\t\t\t\t\t<div class=\"e-con-inner\">\n\t\t\t\t<div class=\"elementor-element elementor-element-8a9d571 elementor-widget elementor-widget-text-editor\" data-id=\"8a9d571\" data-element_type=\"widget\" data-e-type=\"widget\" data-widget_type=\"text-editor.default\">\n\t\t\t\t<div class=\"elementor-widget-container\">\n\t\t\t\t\t\t\t\t\t<p align=\"justify\"><span style=\"color: #000000\"><span style=\"font-family: Arial, sans-serif\">Depuis quelques ann\u00e9es, mais particuli\u00e8rement ces derniers mois, en Nouvelle-Aquitaine, des organisations professionnelles multiplient les pressions et les menaces sur nos \u00e9tablissements pour tenter d\u2019orienter les contenus d\u2019enseignement selon leurs visions de l\u2019agriculture et du monde rural et cela au d\u00e9triment de la mission premi\u00e8re des \u00e9tablissements publics qui est de former des citoyen\u00b7nes \u00e9clair\u00e9\u00b7es, capables de penser l\u2019avenir de l\u2019agriculture, et non pas seulement de reproduire les mod\u00e8les dominants.<\/span><\/span><\/p><p align=\"justify\"><span style=\"font-family: Arial, sans-serif\">Dans plusieurs lyc\u00e9es agricoles de la r\u00e9gion, les tentatives d\u2019ing\u00e9rences se sont multipli\u00e9es. \u00c0 Melle, \u00e0 Meymac ou encore \u00e0 Limoges des responsables syndicaux agricoles ont publiquement attaqu\u00e9 ces \u00e9tablissements remettant en cause les intervenant.es ou les th\u00e8mes abord\u00e9s en classe sur des sujets pourtant inscrits dans les r\u00e9f\u00e9rentiels officiels. Les m\u00eames organisations s\u2019emploient aussi \u00e0 peser sur les conseils d\u2019administration de nos EPL.<\/span><\/p><p align=\"justify\"><span style=\"font-family: Arial, sans-serif\">Ces attaques s\u2019inscrivent dans une strat\u00e9gie de mise au pas de l\u2019enseignement agricole public, visant \u00e0 imposer un discours uniforme niant la crise \u00e9cologique et sociale que traverse l\u2019agriculture. <\/span><span style=\"font-family: Arial, sans-serif\">Elles cherchent<\/span><span style=\"font-family: Arial, sans-serif\"> \u00e0 affaiblir un service public <\/span><span style=\"font-family: Arial, sans-serif\">d\u2019\u00e9ducation <\/span><span style=\"font-family: Arial, sans-serif\">qui forme pourtant les agricultrices et agriculteurs de demain, ouvert \u00e0 toutes et tous, et garant de la diversit\u00e9 des mod\u00e8les agricoles.<\/span><\/p><p align=\"justify\"><span style=\"font-family: Arial, sans-serif\">Nous refusons <\/span><span style=\"font-family: Arial, sans-serif\">cette vision de <\/span><span style=\"font-family: Arial, sans-serif\">la formation <\/span><span style=\"font-family: Arial, sans-serif\">professionnelle agricole, car d<\/span><span style=\"font-family: Arial, sans-serif\">\u00e9fendre l\u2019enseignement agricole public, c\u2019est d\u00e9fendre l\u2019avenir de nos territoires et le droit de chaque jeune \u00e0 une formation \u00e9mancipatrice et ind\u00e9pendante des lobbies.<\/span><\/p><p align=\"justify\"><strong><span style=\"color: #ff0000\"><span style=\"font-family: Arial, sans-serif\">Nous rappelons que <\/span><span style=\"font-family: Arial, sans-serif\">l\u2019ind\u00e9pendance des \u00e9quipes p\u00e9dagogiques<\/span> <\/span><\/strong><span style=\"font-family: Arial, sans-serif\"><strong><span style=\"color: #ff0000\">est la garantie d\u2019une formation pluraliste, ouverte, et capable d\u2019accompagner les profondes transformations que le monde agricole doit affronter<\/span><\/strong>. \u2026 <\/span><span style=\"font-family: Arial, sans-serif\">ce que confirme d\u2019ailleurs la synth\u00e8se de la consultation pr\u00e9sent\u00e9e ce matin par NeoLab dans le cadre du Pacte d\u2019actions collectives pour l\u2019enseignement agricole.<\/span><\/p>\t\t\t\t\t\t\t\t<\/div>\n\t\t\t\t<\/div>\n\t\t\t\t\t<\/div>\n\t\t\t\t<\/div>\n\t\t<div class=\"elementor-element elementor-element-0798ed7 e-flex e-con-boxed e-con e-parent\" data-id=\"0798ed7\" data-element_type=\"container\" data-e-type=\"container\">\n\t\t\t\t\t<div class=\"e-con-inner\">\n\t\t\t\t<div class=\"elementor-element elementor-element-d8f70a1 elementor-widget elementor-widget-heading\" data-id=\"d8f70a1\" data-element_type=\"widget\" data-e-type=\"widget\" data-widget_type=\"heading.default\">\n\t\t\t\t<div class=\"elementor-widget-container\">\n\t\t\t\t\t<h2 class=\"elementor-heading-title elementor-size-default\">\u2026 IL EST URGENT D\u2019AGIR ET DE CHANGER DE POLITIQUE<\/h2>\t\t\t\t<\/div>\n\t\t\t\t<\/div>\n\t\t\t\t\t<\/div>\n\t\t\t\t<\/div>\n\t\t<div class=\"elementor-element elementor-element-7ab251d e-flex e-con-boxed e-con e-parent\" data-id=\"7ab251d\" data-element_type=\"container\" data-e-type=\"container\">\n\t\t\t\t\t<div class=\"e-con-inner\">\n\t\t\t\t<div class=\"elementor-element elementor-element-0e5927f elementor-widget elementor-widget-text-editor\" data-id=\"0e5927f\" data-element_type=\"widget\" data-e-type=\"widget\" data-widget_type=\"text-editor.default\">\n\t\t\t\t<div class=\"elementor-widget-container\">\n\t\t\t\t\t\t\t\t\t<p align=\"justify\"><span style=\"font-family: Arial, sans-serif\">Lorsque les moyens <\/span><span style=\"font-family: Arial, sans-serif\">ne cessent de baisser, que les <\/span><span style=\"font-family: Arial, sans-serif\">contraintes s\u2019accumulent et que la reconnaissance <\/span><span style=\"font-family: Arial, sans-serif\">du travail r\u00e9alis\u00e9 dispara\u00eet \u2026 <\/span><span style=\"font-family: Arial, sans-serif\">comment s\u2019\u00e9tonner de la d\u00e9motivation croissante des \u00e9quipes pris<\/span><span style=\"font-family: Arial, sans-serif\">es<\/span><span style=\"font-family: Arial, sans-serif\"> entre exigences paradoxales <\/span><span style=\"font-family: Arial, sans-serif\">et<\/span><span style=\"font-family: Arial, sans-serif\"> l\u2019impression de n\u2019\u00eatre ni entendus ni soutenus\u00a0? <\/span><span style=\"font-family: Arial, sans-serif\">Comment s\u2019\u00e9tonner d<\/span><span style=\"font-family: Arial, sans-serif\">u d\u00e9couragement <\/span><span style=\"font-family: Arial, sans-serif\">ou d<\/span><span style=\"font-family: Arial, sans-serif\">u mal-\u00eatre au travail de plus en plus grand <\/span><span style=\"font-family: Arial, sans-serif\">chez<\/span><span style=\"font-family: Arial, sans-serif\"> nos coll\u00e8gues\u00a0? <\/span><span style=\"font-family: Arial, sans-serif\">Comment s\u2019\u00e9tonner <\/span><span style=\"font-family: Arial, sans-serif\">de la perte d\u2019attractivit\u00e9 de nos m\u00e9tiers <\/span><span style=\"font-family: Arial, sans-serif\">de plus en plus <\/span><span style=\"font-family: Arial, sans-serif\">d\u00e9valoris\u00e9<\/span><span style=\"font-family: Arial, sans-serif\">s<\/span><span style=\"font-family: Arial, sans-serif\">\u00a0?<\/span><\/p><p align=\"justify\"><span style=\"font-family: Arial, sans-serif\">Madame la Directrice r\u00e9gionale vous aurez compris au travers de ce<\/span><span style=\"font-family: Arial, sans-serif\">tte longue d\u00e9claration <\/span><span style=\"font-family: Arial, sans-serif\">et ce cri d\u2019alarme, notre tr\u00e8s grande inqui\u00e9tude sur l\u2019avenir de nos \u00e9tablissements et de notre travail.<\/span><\/p><p align=\"justify\"><strong><span style=\"color: #ff0000\"><span style=\"font-family: Arial, sans-serif\">Nous exigeons donc l\u2019arr\u00eat imm\u00e9diat de ces suppressions et <\/span><span style=\"font-family: Arial, sans-serif\">le maintien int\u00e9gral des postes en Nouvelle-Aquitaine.<\/span><\/span><\/strong><\/p><p align=\"justify\"><strong><span style=\"font-family: Arial, sans-serif;color: #ff0000\">Nous demandons <\/span><span style=\"color: #ff0000\"><span style=\"font-family: Arial, sans-serif\">l\u2019ouverture d\u2019un <\/span><span style=\"font-family: Arial, sans-serif\">plan pluriannuel de recrutement et de formation<\/span><\/span><\/strong><span style=\"font-family: Arial, sans-serif\"><span style=\"color: #ff0000\"><strong> des personnels<\/strong><\/span> de l\u2019enseignement agricole, coh\u00e9rent avec les ambitions affich\u00e9es par l\u2019\u00c9tat.<\/span><\/p><p align=\"justify\"><strong><span style=\"font-family: Arial, sans-serif;color: #ff0000\">Nous demandons <\/span><span style=\"font-family: Arial, sans-serif\"><strong><span style=\"color: #ff0000\">une r\u00e9partition \u00e9quitable des moyens entre les r\u00e9gions <\/span><\/strong><\/span><\/strong><span style=\"font-family: Arial, sans-serif\">et <\/span><span style=\"font-family: Arial, sans-serif\">une transparence totale sur les arbitrages budg\u00e9taires. <\/span><span style=\"font-family: Arial, sans-serif\">Enfin nous r\u00e9clamons <\/span><span style=\"font-family: Arial, sans-serif\">une politique nationale de soutien \u00e0 l\u2019enseignement agricole public, \u00e0 la hauteur des d\u00e9fis auxquels <\/span><span style=\"font-family: Arial, sans-serif\">il doit <\/span><span style=\"font-family: Arial, sans-serif\">fai<\/span><span style=\"font-family: Arial, sans-serif\">re <\/span><span style=\"font-family: Arial, sans-serif\">face.<\/span><\/p><p align=\"justify\"><span style=\"font-family: Arial, sans-serif\">L\u2019enseignement agricole m\u00e9rite mieux que des annonces contradictoires. Il m\u00e9rite des moyens \u00e0 la hauteur de sa mission d\u2019int\u00e9r\u00eat g\u00e9n\u00e9ral : former les professionnels capables de r\u00e9pondre aux d\u00e9fis environnementaux et alimentaires, accompagner les transitions, faire vivre les territoires ruraux et soutenir l\u2019innovation dans les fili\u00e8res. Il m\u00e9rite une vision durable, stable, construite avec les acteurs de terrain, et non des mesures comptables d\u00e9connect\u00e9es de la r\u00e9alit\u00e9.<\/span><\/p>\t\t\t\t\t\t\t\t<\/div>\n\t\t\t\t<\/div>\n\t\t\t\t\t<\/div>\n\t\t\t\t<\/div>\n\t\t\t\t<\/div>\n\t\t","protected":false},"excerpt":{"rendered":"<p>La loi d\u2019orientation agricole, promulgu\u00e9e le 25 mars dernier, pr\u00e9voit une augmentation de 30 % des effectifs dans l\u2019enseignement agricole afin de garantir le renouvellement des g\u00e9n\u00e9rations mais aussi d\u2019accompagner la transformation n\u00e9cessaire de nos syst\u00e8mes de production et de doter les territoires de comp\u00e9tences adapt\u00e9es aux enjeux \u00e9cologiques, \u00e9conomiques et sociaux du XXI\u1d49 si\u00e8cle. [&hellip;]<\/p>\n","protected":false},"author":128,"featured_media":3338,"comment_status":"closed","ping_status":"closed","sticky":false,"template":"","format":"standard","meta":{"ocean_post_layout":"","ocean_both_sidebars_style":"","ocean_both_sidebars_content_width":0,"ocean_both_sidebars_sidebars_width":0,"ocean_sidebar":"0","ocean_second_sidebar":"0","ocean_disable_margins":"enable","ocean_add_body_class":"","ocean_shortcode_before_top_bar":"","ocean_shortcode_after_top_bar":"","ocean_shortcode_before_header":"","ocean_shortcode_after_header":"","ocean_has_shortcode":"","ocean_shortcode_after_title":"","ocean_shortcode_before_footer_widgets":"","ocean_shortcode_after_footer_widgets":"","ocean_shortcode_before_footer_bottom":"","ocean_shortcode_after_footer_bottom":"","ocean_display_top_bar":"default","ocean_display_header":"default","ocean_header_style":"","ocean_center_header_left_menu":"0","ocean_custom_header_template":"0","ocean_custom_logo":0,"ocean_custom_retina_logo":0,"ocean_custom_logo_max_width":0,"ocean_custom_logo_tablet_max_width":0,"ocean_custom_logo_mobile_max_width":0,"ocean_custom_logo_max_height":0,"ocean_custom_logo_tablet_max_height":0,"ocean_custom_logo_mobile_max_height":0,"ocean_header_custom_menu":"0","ocean_menu_typo_font_family":"0","ocean_menu_typo_font_subset":"","ocean_menu_typo_font_size":0,"ocean_menu_typo_font_size_tablet":0,"ocean_menu_typo_font_size_mobile":0,"ocean_menu_typo_font_size_unit":"px","ocean_menu_typo_font_weight":"","ocean_menu_typo_font_weight_tablet":"","ocean_menu_typo_font_weight_mobile":"","ocean_menu_typo_transform":"","ocean_menu_typo_transform_tablet":"","ocean_menu_typo_transform_mobile":"","ocean_menu_typo_line_height":0,"ocean_menu_typo_line_height_tablet":0,"ocean_menu_typo_line_height_mobile":0,"ocean_menu_typo_line_height_unit":"","ocean_menu_typo_spacing":0,"ocean_menu_typo_spacing_tablet":0,"ocean_menu_typo_spacing_mobile":0,"ocean_menu_typo_spacing_unit":"","ocean_menu_link_color":"","ocean_menu_link_color_hover":"","ocean_menu_link_color_active":"","ocean_menu_link_background":"","ocean_menu_link_hover_background":"","ocean_menu_link_active_background":"","ocean_menu_social_links_bg":"","ocean_menu_social_hover_links_bg":"","ocean_menu_social_links_color":"","ocean_menu_social_hover_links_color":"","ocean_disable_title":"default","ocean_disable_heading":"default","ocean_post_title":"","ocean_post_subheading":"","ocean_post_title_style":"","ocean_post_title_background_color":"","ocean_post_title_background":0,"ocean_post_title_bg_image_position":"","ocean_post_title_bg_image_attachment":"","ocean_post_title_bg_image_repeat":"","ocean_post_title_bg_image_size":"","ocean_post_title_height":0,"ocean_post_title_bg_overlay":0.5,"ocean_post_title_bg_overlay_color":"","ocean_disable_breadcrumbs":"default","ocean_breadcrumbs_color":"","ocean_breadcrumbs_separator_color":"","ocean_breadcrumbs_links_color":"","ocean_breadcrumbs_links_hover_color":"","ocean_display_footer_widgets":"default","ocean_display_footer_bottom":"default","ocean_custom_footer_template":"0","ocean_post_oembed":"","ocean_post_self_hosted_media":"","ocean_post_video_embed":"","ocean_link_format":"","ocean_link_format_target":"self","ocean_quote_format":"","ocean_quote_format_link":"post","ocean_gallery_link_images":"on","ocean_gallery_id":[],"footnotes":""},"categories":[16,13,1],"tags":[],"post_folder":[],"class_list":["post-5444","post","type-post","status-publish","format-standard","has-post-thumbnail","hentry","category-communiques","category-instances","category-message-de-service","entry","has-media"],"yoast_head":"<!-- This site is optimized with the Yoast SEO plugin v27.4 - https:\/\/yoast.com\/product\/yoast-seo-wordpress\/ -->\n<title>CREA Nouvelle Aquitaine - D\u00e9claration de l&#039;Elan commun - NOUVELLE AQUITAINE<\/title>\n<meta name=\"robots\" content=\"index, follow, max-snippet:-1, max-image-preview:large, max-video-preview:-1\" \/>\n<link rel=\"canonical\" href=\"https:\/\/regions-snetap-fsu.fr\/na\/2025\/12\/09\/crea-nouvelle-aquitaine-declaration-de-lelan-commun\/\" \/>\n<meta property=\"og:locale\" content=\"fr_FR\" \/>\n<meta property=\"og:type\" content=\"article\" \/>\n<meta property=\"og:title\" content=\"CREA Nouvelle Aquitaine - D\u00e9claration de l&#039;Elan commun - NOUVELLE AQUITAINE\" \/>\n<meta property=\"og:description\" content=\"La loi d\u2019orientation agricole, promulgu\u00e9e le 25 mars dernier, pr\u00e9voit une augmentation de 30 % des effectifs dans l\u2019enseignement agricole afin de garantir le renouvellement des g\u00e9n\u00e9rations mais aussi d\u2019accompagner la transformation n\u00e9cessaire de nos syst\u00e8mes de production et de doter les territoires de comp\u00e9tences adapt\u00e9es aux enjeux \u00e9cologiques, \u00e9conomiques et sociaux du XXI\u1d49 si\u00e8cle. [&hellip;]\" \/>\n<meta property=\"og:url\" content=\"https:\/\/regions-snetap-fsu.fr\/na\/2025\/12\/09\/crea-nouvelle-aquitaine-declaration-de-lelan-commun\/\" \/>\n<meta property=\"og:site_name\" content=\"NOUVELLE AQUITAINE\" \/>\n<meta property=\"article:published_time\" content=\"2025-12-09T10:28:33+00:00\" \/>\n<meta property=\"article:modified_time\" content=\"2025-12-11T23:24:47+00:00\" \/>\n<meta property=\"og:image\" content=\"https:\/\/regions-snetap-fsu.fr\/na\/wp-content\/uploads\/sites\/3\/2023\/06\/Declaration-CREA.jpg\" \/>\n\t<meta property=\"og:image:width\" content=\"713\" \/>\n\t<meta property=\"og:image:height\" content=\"525\" \/>\n\t<meta property=\"og:image:type\" content=\"image\/jpeg\" \/>\n<meta name=\"author\" content=\"olivierb\" \/>\n<meta name=\"twitter:card\" content=\"summary_large_image\" \/>\n<meta name=\"twitter:label1\" content=\"\u00c9crit par\" \/>\n\t<meta name=\"twitter:data1\" content=\"olivierb\" \/>\n\t<meta name=\"twitter:label2\" content=\"Dur\u00e9e de lecture estim\u00e9e\" \/>\n\t<meta name=\"twitter:data2\" content=\"10 minutes\" \/>\n<script type=\"application\/ld+json\" class=\"yoast-schema-graph\">{\"@context\":\"https:\\\/\\\/schema.org\",\"@graph\":[{\"@type\":\"Article\",\"@id\":\"https:\\\/\\\/regions-snetap-fsu.fr\\\/na\\\/2025\\\/12\\\/09\\\/crea-nouvelle-aquitaine-declaration-de-lelan-commun\\\/#article\",\"isPartOf\":{\"@id\":\"https:\\\/\\\/regions-snetap-fsu.fr\\\/na\\\/2025\\\/12\\\/09\\\/crea-nouvelle-aquitaine-declaration-de-lelan-commun\\\/\"},\"author\":{\"name\":\"olivierb\",\"@id\":\"https:\\\/\\\/regions-snetap-fsu.fr\\\/na\\\/#\\\/schema\\\/person\\\/bdf1c4fe149dcf915601f9de85ba379f\"},\"headline\":\"CREA Nouvelle Aquitaine &#8211; D\u00e9claration de l&rsquo;Elan commun\",\"datePublished\":\"2025-12-09T10:28:33+00:00\",\"dateModified\":\"2025-12-11T23:24:47+00:00\",\"mainEntityOfPage\":{\"@id\":\"https:\\\/\\\/regions-snetap-fsu.fr\\\/na\\\/2025\\\/12\\\/09\\\/crea-nouvelle-aquitaine-declaration-de-lelan-commun\\\/\"},\"wordCount\":1980,\"publisher\":{\"@id\":\"https:\\\/\\\/regions-snetap-fsu.fr\\\/na\\\/#organization\"},\"image\":{\"@id\":\"https:\\\/\\\/regions-snetap-fsu.fr\\\/na\\\/2025\\\/12\\\/09\\\/crea-nouvelle-aquitaine-declaration-de-lelan-commun\\\/#primaryimage\"},\"thumbnailUrl\":\"https:\\\/\\\/regions-snetap-fsu.fr\\\/na\\\/wp-content\\\/uploads\\\/sites\\\/3\\\/2023\\\/06\\\/Declaration-CREA.jpg\",\"articleSection\":[\"Communiqu\u00e9s\",\"Instances\",\"Message de service\"],\"inLanguage\":\"fr-FR\"},{\"@type\":\"WebPage\",\"@id\":\"https:\\\/\\\/regions-snetap-fsu.fr\\\/na\\\/2025\\\/12\\\/09\\\/crea-nouvelle-aquitaine-declaration-de-lelan-commun\\\/\",\"url\":\"https:\\\/\\\/regions-snetap-fsu.fr\\\/na\\\/2025\\\/12\\\/09\\\/crea-nouvelle-aquitaine-declaration-de-lelan-commun\\\/\",\"name\":\"CREA Nouvelle Aquitaine - D\u00e9claration de l'Elan commun - NOUVELLE AQUITAINE\",\"isPartOf\":{\"@id\":\"https:\\\/\\\/regions-snetap-fsu.fr\\\/na\\\/#website\"},\"primaryImageOfPage\":{\"@id\":\"https:\\\/\\\/regions-snetap-fsu.fr\\\/na\\\/2025\\\/12\\\/09\\\/crea-nouvelle-aquitaine-declaration-de-lelan-commun\\\/#primaryimage\"},\"image\":{\"@id\":\"https:\\\/\\\/regions-snetap-fsu.fr\\\/na\\\/2025\\\/12\\\/09\\\/crea-nouvelle-aquitaine-declaration-de-lelan-commun\\\/#primaryimage\"},\"thumbnailUrl\":\"https:\\\/\\\/regions-snetap-fsu.fr\\\/na\\\/wp-content\\\/uploads\\\/sites\\\/3\\\/2023\\\/06\\\/Declaration-CREA.jpg\",\"datePublished\":\"2025-12-09T10:28:33+00:00\",\"dateModified\":\"2025-12-11T23:24:47+00:00\",\"breadcrumb\":{\"@id\":\"https:\\\/\\\/regions-snetap-fsu.fr\\\/na\\\/2025\\\/12\\\/09\\\/crea-nouvelle-aquitaine-declaration-de-lelan-commun\\\/#breadcrumb\"},\"inLanguage\":\"fr-FR\",\"potentialAction\":[{\"@type\":\"ReadAction\",\"target\":[\"https:\\\/\\\/regions-snetap-fsu.fr\\\/na\\\/2025\\\/12\\\/09\\\/crea-nouvelle-aquitaine-declaration-de-lelan-commun\\\/\"]}]},{\"@type\":\"ImageObject\",\"inLanguage\":\"fr-FR\",\"@id\":\"https:\\\/\\\/regions-snetap-fsu.fr\\\/na\\\/2025\\\/12\\\/09\\\/crea-nouvelle-aquitaine-declaration-de-lelan-commun\\\/#primaryimage\",\"url\":\"https:\\\/\\\/regions-snetap-fsu.fr\\\/na\\\/wp-content\\\/uploads\\\/sites\\\/3\\\/2023\\\/06\\\/Declaration-CREA.jpg\",\"contentUrl\":\"https:\\\/\\\/regions-snetap-fsu.fr\\\/na\\\/wp-content\\\/uploads\\\/sites\\\/3\\\/2023\\\/06\\\/Declaration-CREA.jpg\",\"width\":713,\"height\":525},{\"@type\":\"BreadcrumbList\",\"@id\":\"https:\\\/\\\/regions-snetap-fsu.fr\\\/na\\\/2025\\\/12\\\/09\\\/crea-nouvelle-aquitaine-declaration-de-lelan-commun\\\/#breadcrumb\",\"itemListElement\":[{\"@type\":\"ListItem\",\"position\":1,\"name\":\"Accueil\",\"item\":\"https:\\\/\\\/regions-snetap-fsu.fr\\\/na\\\/\"},{\"@type\":\"ListItem\",\"position\":2,\"name\":\"CREA Nouvelle Aquitaine &#8211; D\u00e9claration de l&rsquo;Elan commun\"}]},{\"@type\":\"WebSite\",\"@id\":\"https:\\\/\\\/regions-snetap-fsu.fr\\\/na\\\/#website\",\"url\":\"https:\\\/\\\/regions-snetap-fsu.fr\\\/na\\\/\",\"name\":\"SNETAP-FSU NOUVELLE AQUITAINE\",\"description\":\"Blog de la Section R\u00e9gionale\",\"publisher\":{\"@id\":\"https:\\\/\\\/regions-snetap-fsu.fr\\\/na\\\/#organization\"},\"potentialAction\":[{\"@type\":\"SearchAction\",\"target\":{\"@type\":\"EntryPoint\",\"urlTemplate\":\"https:\\\/\\\/regions-snetap-fsu.fr\\\/na\\\/?s={search_term_string}\"},\"query-input\":{\"@type\":\"PropertyValueSpecification\",\"valueRequired\":true,\"valueName\":\"search_term_string\"}}],\"inLanguage\":\"fr-FR\"},{\"@type\":\"Organization\",\"@id\":\"https:\\\/\\\/regions-snetap-fsu.fr\\\/na\\\/#organization\",\"name\":\"SNETAP-FSU - Nouvelle Aquitaine\",\"url\":\"https:\\\/\\\/regions-snetap-fsu.fr\\\/na\\\/\",\"logo\":{\"@type\":\"ImageObject\",\"inLanguage\":\"fr-FR\",\"@id\":\"https:\\\/\\\/regions-snetap-fsu.fr\\\/na\\\/#\\\/schema\\\/logo\\\/image\\\/\",\"url\":\"https:\\\/\\\/regions-snetap-fsu.fr\\\/na\\\/wp-content\\\/uploads\\\/sites\\\/3\\\/2020\\\/12\\\/SNETAP-Logo.jpg\",\"contentUrl\":\"https:\\\/\\\/regions-snetap-fsu.fr\\\/na\\\/wp-content\\\/uploads\\\/sites\\\/3\\\/2020\\\/12\\\/SNETAP-Logo.jpg\",\"width\":464,\"height\":334,\"caption\":\"SNETAP-FSU - Nouvelle Aquitaine\"},\"image\":{\"@id\":\"https:\\\/\\\/regions-snetap-fsu.fr\\\/na\\\/#\\\/schema\\\/logo\\\/image\\\/\"}},{\"@type\":\"Person\",\"@id\":\"https:\\\/\\\/regions-snetap-fsu.fr\\\/na\\\/#\\\/schema\\\/person\\\/bdf1c4fe149dcf915601f9de85ba379f\",\"name\":\"olivierb\",\"image\":{\"@type\":\"ImageObject\",\"inLanguage\":\"fr-FR\",\"@id\":\"https:\\\/\\\/secure.gravatar.com\\\/avatar\\\/d9cce0db1146844098d0ec7fae94551015c4ff78117aab56897823bb265a7bc9?s=96&d=mm&r=g\",\"url\":\"https:\\\/\\\/secure.gravatar.com\\\/avatar\\\/d9cce0db1146844098d0ec7fae94551015c4ff78117aab56897823bb265a7bc9?s=96&d=mm&r=g\",\"contentUrl\":\"https:\\\/\\\/secure.gravatar.com\\\/avatar\\\/d9cce0db1146844098d0ec7fae94551015c4ff78117aab56897823bb265a7bc9?s=96&d=mm&r=g\",\"caption\":\"olivierb\"},\"url\":\"https:\\\/\\\/regions-snetap-fsu.fr\\\/na\\\/author\\\/olivierb\\\/\"}]}<\/script>\n<!-- \/ Yoast SEO plugin. -->","yoast_head_json":{"title":"CREA Nouvelle Aquitaine - D\u00e9claration de l'Elan commun - NOUVELLE AQUITAINE","robots":{"index":"index","follow":"follow","max-snippet":"max-snippet:-1","max-image-preview":"max-image-preview:large","max-video-preview":"max-video-preview:-1"},"canonical":"https:\/\/regions-snetap-fsu.fr\/na\/2025\/12\/09\/crea-nouvelle-aquitaine-declaration-de-lelan-commun\/","og_locale":"fr_FR","og_type":"article","og_title":"CREA Nouvelle Aquitaine - D\u00e9claration de l'Elan commun - NOUVELLE AQUITAINE","og_description":"La loi d\u2019orientation agricole, promulgu\u00e9e le 25 mars dernier, pr\u00e9voit une augmentation de 30 % des effectifs dans l\u2019enseignement agricole afin de garantir le renouvellement des g\u00e9n\u00e9rations mais aussi d\u2019accompagner la transformation n\u00e9cessaire de nos syst\u00e8mes de production et de doter les territoires de comp\u00e9tences adapt\u00e9es aux enjeux \u00e9cologiques, \u00e9conomiques et sociaux du XXI\u1d49 si\u00e8cle. [&hellip;]","og_url":"https:\/\/regions-snetap-fsu.fr\/na\/2025\/12\/09\/crea-nouvelle-aquitaine-declaration-de-lelan-commun\/","og_site_name":"NOUVELLE AQUITAINE","article_published_time":"2025-12-09T10:28:33+00:00","article_modified_time":"2025-12-11T23:24:47+00:00","og_image":[{"width":713,"height":525,"url":"https:\/\/regions-snetap-fsu.fr\/na\/wp-content\/uploads\/sites\/3\/2023\/06\/Declaration-CREA.jpg","type":"image\/jpeg"}],"author":"olivierb","twitter_card":"summary_large_image","twitter_misc":{"\u00c9crit par":"olivierb","Dur\u00e9e de lecture estim\u00e9e":"10 minutes"},"schema":{"@context":"https:\/\/schema.org","@graph":[{"@type":"Article","@id":"https:\/\/regions-snetap-fsu.fr\/na\/2025\/12\/09\/crea-nouvelle-aquitaine-declaration-de-lelan-commun\/#article","isPartOf":{"@id":"https:\/\/regions-snetap-fsu.fr\/na\/2025\/12\/09\/crea-nouvelle-aquitaine-declaration-de-lelan-commun\/"},"author":{"name":"olivierb","@id":"https:\/\/regions-snetap-fsu.fr\/na\/#\/schema\/person\/bdf1c4fe149dcf915601f9de85ba379f"},"headline":"CREA Nouvelle Aquitaine &#8211; D\u00e9claration de l&rsquo;Elan commun","datePublished":"2025-12-09T10:28:33+00:00","dateModified":"2025-12-11T23:24:47+00:00","mainEntityOfPage":{"@id":"https:\/\/regions-snetap-fsu.fr\/na\/2025\/12\/09\/crea-nouvelle-aquitaine-declaration-de-lelan-commun\/"},"wordCount":1980,"publisher":{"@id":"https:\/\/regions-snetap-fsu.fr\/na\/#organization"},"image":{"@id":"https:\/\/regions-snetap-fsu.fr\/na\/2025\/12\/09\/crea-nouvelle-aquitaine-declaration-de-lelan-commun\/#primaryimage"},"thumbnailUrl":"https:\/\/regions-snetap-fsu.fr\/na\/wp-content\/uploads\/sites\/3\/2023\/06\/Declaration-CREA.jpg","articleSection":["Communiqu\u00e9s","Instances","Message de service"],"inLanguage":"fr-FR"},{"@type":"WebPage","@id":"https:\/\/regions-snetap-fsu.fr\/na\/2025\/12\/09\/crea-nouvelle-aquitaine-declaration-de-lelan-commun\/","url":"https:\/\/regions-snetap-fsu.fr\/na\/2025\/12\/09\/crea-nouvelle-aquitaine-declaration-de-lelan-commun\/","name":"CREA Nouvelle Aquitaine - D\u00e9claration de l'Elan commun - NOUVELLE AQUITAINE","isPartOf":{"@id":"https:\/\/regions-snetap-fsu.fr\/na\/#website"},"primaryImageOfPage":{"@id":"https:\/\/regions-snetap-fsu.fr\/na\/2025\/12\/09\/crea-nouvelle-aquitaine-declaration-de-lelan-commun\/#primaryimage"},"image":{"@id":"https:\/\/regions-snetap-fsu.fr\/na\/2025\/12\/09\/crea-nouvelle-aquitaine-declaration-de-lelan-commun\/#primaryimage"},"thumbnailUrl":"https:\/\/regions-snetap-fsu.fr\/na\/wp-content\/uploads\/sites\/3\/2023\/06\/Declaration-CREA.jpg","datePublished":"2025-12-09T10:28:33+00:00","dateModified":"2025-12-11T23:24:47+00:00","breadcrumb":{"@id":"https:\/\/regions-snetap-fsu.fr\/na\/2025\/12\/09\/crea-nouvelle-aquitaine-declaration-de-lelan-commun\/#breadcrumb"},"inLanguage":"fr-FR","potentialAction":[{"@type":"ReadAction","target":["https:\/\/regions-snetap-fsu.fr\/na\/2025\/12\/09\/crea-nouvelle-aquitaine-declaration-de-lelan-commun\/"]}]},{"@type":"ImageObject","inLanguage":"fr-FR","@id":"https:\/\/regions-snetap-fsu.fr\/na\/2025\/12\/09\/crea-nouvelle-aquitaine-declaration-de-lelan-commun\/#primaryimage","url":"https:\/\/regions-snetap-fsu.fr\/na\/wp-content\/uploads\/sites\/3\/2023\/06\/Declaration-CREA.jpg","contentUrl":"https:\/\/regions-snetap-fsu.fr\/na\/wp-content\/uploads\/sites\/3\/2023\/06\/Declaration-CREA.jpg","width":713,"height":525},{"@type":"BreadcrumbList","@id":"https:\/\/regions-snetap-fsu.fr\/na\/2025\/12\/09\/crea-nouvelle-aquitaine-declaration-de-lelan-commun\/#breadcrumb","itemListElement":[{"@type":"ListItem","position":1,"name":"Accueil","item":"https:\/\/regions-snetap-fsu.fr\/na\/"},{"@type":"ListItem","position":2,"name":"CREA Nouvelle Aquitaine &#8211; D\u00e9claration de l&rsquo;Elan commun"}]},{"@type":"WebSite","@id":"https:\/\/regions-snetap-fsu.fr\/na\/#website","url":"https:\/\/regions-snetap-fsu.fr\/na\/","name":"SNETAP-FSU NOUVELLE AQUITAINE","description":"Blog de la Section R\u00e9gionale","publisher":{"@id":"https:\/\/regions-snetap-fsu.fr\/na\/#organization"},"potentialAction":[{"@type":"SearchAction","target":{"@type":"EntryPoint","urlTemplate":"https:\/\/regions-snetap-fsu.fr\/na\/?s={search_term_string}"},"query-input":{"@type":"PropertyValueSpecification","valueRequired":true,"valueName":"search_term_string"}}],"inLanguage":"fr-FR"},{"@type":"Organization","@id":"https:\/\/regions-snetap-fsu.fr\/na\/#organization","name":"SNETAP-FSU - Nouvelle Aquitaine","url":"https:\/\/regions-snetap-fsu.fr\/na\/","logo":{"@type":"ImageObject","inLanguage":"fr-FR","@id":"https:\/\/regions-snetap-fsu.fr\/na\/#\/schema\/logo\/image\/","url":"https:\/\/regions-snetap-fsu.fr\/na\/wp-content\/uploads\/sites\/3\/2020\/12\/SNETAP-Logo.jpg","contentUrl":"https:\/\/regions-snetap-fsu.fr\/na\/wp-content\/uploads\/sites\/3\/2020\/12\/SNETAP-Logo.jpg","width":464,"height":334,"caption":"SNETAP-FSU - Nouvelle Aquitaine"},"image":{"@id":"https:\/\/regions-snetap-fsu.fr\/na\/#\/schema\/logo\/image\/"}},{"@type":"Person","@id":"https:\/\/regions-snetap-fsu.fr\/na\/#\/schema\/person\/bdf1c4fe149dcf915601f9de85ba379f","name":"olivierb","image":{"@type":"ImageObject","inLanguage":"fr-FR","@id":"https:\/\/secure.gravatar.com\/avatar\/d9cce0db1146844098d0ec7fae94551015c4ff78117aab56897823bb265a7bc9?s=96&d=mm&r=g","url":"https:\/\/secure.gravatar.com\/avatar\/d9cce0db1146844098d0ec7fae94551015c4ff78117aab56897823bb265a7bc9?s=96&d=mm&r=g","contentUrl":"https:\/\/secure.gravatar.com\/avatar\/d9cce0db1146844098d0ec7fae94551015c4ff78117aab56897823bb265a7bc9?s=96&d=mm&r=g","caption":"olivierb"},"url":"https:\/\/regions-snetap-fsu.fr\/na\/author\/olivierb\/"}]}},"_links":{"self":[{"href":"https:\/\/regions-snetap-fsu.fr\/na\/wp-json\/wp\/v2\/posts\/5444","targetHints":{"allow":["GET"]}}],"collection":[{"href":"https:\/\/regions-snetap-fsu.fr\/na\/wp-json\/wp\/v2\/posts"}],"about":[{"href":"https:\/\/regions-snetap-fsu.fr\/na\/wp-json\/wp\/v2\/types\/post"}],"author":[{"embeddable":true,"href":"https:\/\/regions-snetap-fsu.fr\/na\/wp-json\/wp\/v2\/users\/128"}],"replies":[{"embeddable":true,"href":"https:\/\/regions-snetap-fsu.fr\/na\/wp-json\/wp\/v2\/comments?post=5444"}],"version-history":[{"count":4,"href":"https:\/\/regions-snetap-fsu.fr\/na\/wp-json\/wp\/v2\/posts\/5444\/revisions"}],"predecessor-version":[{"id":5450,"href":"https:\/\/regions-snetap-fsu.fr\/na\/wp-json\/wp\/v2\/posts\/5444\/revisions\/5450"}],"wp:featuredmedia":[{"embeddable":true,"href":"https:\/\/regions-snetap-fsu.fr\/na\/wp-json\/wp\/v2\/media\/3338"}],"wp:attachment":[{"href":"https:\/\/regions-snetap-fsu.fr\/na\/wp-json\/wp\/v2\/media?parent=5444"}],"wp:term":[{"taxonomy":"category","embeddable":true,"href":"https:\/\/regions-snetap-fsu.fr\/na\/wp-json\/wp\/v2\/categories?post=5444"},{"taxonomy":"post_tag","embeddable":true,"href":"https:\/\/regions-snetap-fsu.fr\/na\/wp-json\/wp\/v2\/tags?post=5444"},{"taxonomy":"post_folder","embeddable":true,"href":"https:\/\/regions-snetap-fsu.fr\/na\/wp-json\/wp\/v2\/post_folder?post=5444"}],"curies":[{"name":"wp","href":"https:\/\/api.w.org\/{rel}","templated":true}]}}