{"id":5432,"date":"2025-11-09T11:06:53","date_gmt":"2025-11-09T10:06:53","guid":{"rendered":"https:\/\/regions-snetap-fsu.fr\/na\/?p=5432"},"modified":"2025-12-12T00:22:48","modified_gmt":"2025-12-11T23:22:48","slug":"csr-nouvelle-aquitaine-compte-rendu-du-16-octobre-2025","status":"publish","type":"post","link":"https:\/\/regions-snetap-fsu.fr\/na\/2025\/11\/09\/csr-nouvelle-aquitaine-compte-rendu-du-16-octobre-2025\/","title":{"rendered":"CSR Nouvelle Aquitaine &#8211; Compte rendu du 16 octobre 2025"},"content":{"rendered":"\t\t<div data-elementor-type=\"wp-post\" data-elementor-id=\"5432\" class=\"elementor elementor-5432\">\n\t\t\t\t<div class=\"elementor-element elementor-element-53f6615 e-flex e-con-boxed e-con e-parent\" data-id=\"53f6615\" data-element_type=\"container\" data-e-type=\"container\">\n\t\t\t\t\t<div class=\"e-con-inner\">\n\t\t\t\t<div class=\"elementor-element elementor-element-c129e48 elementor-widget elementor-widget-text-editor\" data-id=\"c129e48\" data-element_type=\"widget\" data-e-type=\"widget\" data-widget_type=\"text-editor.default\">\n\t\t\t\t<div class=\"elementor-widget-container\">\n\t\t\t\t\t\t\t\t\t<p align=\"justify\"><strong><span style=\"font-family: Arial, sans-serif;color: #008000\"><span style=\"font-size: medium\">Le Conseil Syndical r\u00e9gional Nouvelle Aquitaine s\u2019est r\u00e9uni le jeudi 16 octobre au lyc\u00e9e viticole de Montagne.<\/span><\/span><\/strong><\/p>\t\t\t\t\t\t\t\t<\/div>\n\t\t\t\t<\/div>\n\t\t\t\t\t<\/div>\n\t\t\t\t<\/div>\n\t\t<div class=\"elementor-element elementor-element-61880b8 e-flex e-con-boxed e-con e-parent\" data-id=\"61880b8\" data-element_type=\"container\" data-e-type=\"container\">\n\t\t\t\t\t<div class=\"e-con-inner\">\n\t\t<div class=\"elementor-element elementor-element-33c2100 e-con-full e-flex e-con e-child\" data-id=\"33c2100\" data-element_type=\"container\" data-e-type=\"container\">\n\t\t\t\t<div class=\"elementor-element elementor-element-a32d0a4 elementor-widget elementor-widget-image\" data-id=\"a32d0a4\" data-element_type=\"widget\" data-e-type=\"widget\" data-widget_type=\"image.default\">\n\t\t\t\t<div class=\"elementor-widget-container\">\n\t\t\t\t\t\t\t\t\t\t\t\t\t\t\t<img fetchpriority=\"high\" decoding=\"async\" width=\"1024\" height=\"768\" src=\"https:\/\/regions-snetap-fsu.fr\/na\/wp-content\/uploads\/sites\/3\/2025\/12\/IMG_2585-1024x768.jpg\" class=\"attachment-large size-large wp-image-5433\" alt=\"\" srcset=\"https:\/\/regions-snetap-fsu.fr\/na\/wp-content\/uploads\/sites\/3\/2025\/12\/IMG_2585-1024x768.jpg 1024w, https:\/\/regions-snetap-fsu.fr\/na\/wp-content\/uploads\/sites\/3\/2025\/12\/IMG_2585-300x225.jpg 300w, https:\/\/regions-snetap-fsu.fr\/na\/wp-content\/uploads\/sites\/3\/2025\/12\/IMG_2585-768x576.jpg 768w, https:\/\/regions-snetap-fsu.fr\/na\/wp-content\/uploads\/sites\/3\/2025\/12\/IMG_2585-1536x1152.jpg 1536w, https:\/\/regions-snetap-fsu.fr\/na\/wp-content\/uploads\/sites\/3\/2025\/12\/IMG_2585-2048x1536.jpg 2048w\" sizes=\"(max-width: 1024px) 100vw, 1024px\" \/>\t\t\t\t\t\t\t\t\t\t\t\t\t\t\t<\/div>\n\t\t\t\t<\/div>\n\t\t\t\t<\/div>\n\t\t<div class=\"elementor-element elementor-element-c796452 e-con-full e-flex e-con e-child\" data-id=\"c796452\" data-element_type=\"container\" data-e-type=\"container\">\n\t\t\t\t<div class=\"elementor-element elementor-element-b767d13 elementor-widget elementor-widget-image\" data-id=\"b767d13\" data-element_type=\"widget\" data-e-type=\"widget\" data-widget_type=\"image.default\">\n\t\t\t\t<div class=\"elementor-widget-container\">\n\t\t\t\t\t\t\t\t\t\t\t\t\t\t\t<img decoding=\"async\" width=\"1024\" height=\"768\" src=\"https:\/\/regions-snetap-fsu.fr\/na\/wp-content\/uploads\/sites\/3\/2025\/12\/IMG_2582-1024x768.jpg\" class=\"attachment-large size-large wp-image-5434\" alt=\"\" srcset=\"https:\/\/regions-snetap-fsu.fr\/na\/wp-content\/uploads\/sites\/3\/2025\/12\/IMG_2582-1024x768.jpg 1024w, https:\/\/regions-snetap-fsu.fr\/na\/wp-content\/uploads\/sites\/3\/2025\/12\/IMG_2582-300x225.jpg 300w, https:\/\/regions-snetap-fsu.fr\/na\/wp-content\/uploads\/sites\/3\/2025\/12\/IMG_2582-768x576.jpg 768w, https:\/\/regions-snetap-fsu.fr\/na\/wp-content\/uploads\/sites\/3\/2025\/12\/IMG_2582-1536x1152.jpg 1536w, https:\/\/regions-snetap-fsu.fr\/na\/wp-content\/uploads\/sites\/3\/2025\/12\/IMG_2582-2048x1536.jpg 2048w\" sizes=\"(max-width: 1024px) 100vw, 1024px\" \/>\t\t\t\t\t\t\t\t\t\t\t\t\t\t\t<\/div>\n\t\t\t\t<\/div>\n\t\t\t\t<\/div>\n\t\t\t\t\t<\/div>\n\t\t\t\t<\/div>\n\t\t<div class=\"elementor-element elementor-element-d7f7d75 e-flex e-con-boxed e-con e-parent\" data-id=\"d7f7d75\" data-element_type=\"container\" data-e-type=\"container\">\n\t\t\t\t\t<div class=\"e-con-inner\">\n\t\t\t\t<div class=\"elementor-element elementor-element-ccba069 elementor-widget elementor-widget-heading\" data-id=\"ccba069\" data-element_type=\"widget\" data-e-type=\"widget\" data-widget_type=\"heading.default\">\n\t\t\t\t<div class=\"elementor-widget-container\">\n\t\t\t\t\t<h2 class=\"elementor-heading-title elementor-size-default\">1 \u2013 Prochain Congr\u00e8s r\u00e9gional<\/h2>\t\t\t\t<\/div>\n\t\t\t\t<\/div>\n\t\t\t\t\t<\/div>\n\t\t\t\t<\/div>\n\t\t<div class=\"elementor-element elementor-element-7c47107 e-flex e-con-boxed e-con e-parent\" data-id=\"7c47107\" data-element_type=\"container\" data-e-type=\"container\">\n\t\t\t\t\t<div class=\"e-con-inner\">\n\t\t\t\t<div class=\"elementor-element elementor-element-d7820b3 elementor-widget elementor-widget-text-editor\" data-id=\"d7820b3\" data-element_type=\"widget\" data-e-type=\"widget\" data-widget_type=\"text-editor.default\">\n\t\t\t\t<div class=\"elementor-widget-container\">\n\t\t\t\t\t\t\t\t\t<p align=\"justify\"><span style=\"font-family: Arial, sans-serif\"><span style=\"font-size: medium\">Le 31<sup>\u00e8me<\/sup> Congr\u00e8s national du SNETAP-FSU se tiendra au lyc\u00e9e agricole de Brie Comte Robert du 24 au 27 mars 2026.<\/span><\/span><\/p><p align=\"justify\"><span style=\"font-family: Arial, sans-serif\"><span style=\"font-size: medium\">Comme le pr\u00e9voit nos statuts nous devrons r\u00e9unir un congr\u00e8s r\u00e9gional dans le mois qui pr\u00e9c\u00e8de le Congr\u00e8s national.<\/span><\/span><\/p><p align=\"justify\"><span style=\"font-family: Arial, sans-serif\"><span style=\"font-size: medium\">Lors de ce Congr\u00e8s r\u00e9gional pr\u00e9paratoire au Congr\u00e8s national nous renouvellerons le Secr\u00e9tariat r\u00e9gional et la tr\u00e9sorerie. Un premier appel \u00e0 candidature sera fait rapidement.<\/span><\/span><\/p><p align=\"justify\"><span style=\"font-family: Arial, sans-serif\"><span style=\"font-size: medium\"><span style=\"color: #008000\"><b>D\u00e9cision<\/b><\/span>\u00a0: Le CSR a valid\u00e9 les dates des <strong><span style=\"color: #008000\">5 et 6 mars pour r\u00e9unir ce Congr\u00e8s r\u00e9gional. <\/span><\/strong><\/span><\/span><\/p><p align=\"justify\"><span style=\"font-family: Arial, sans-serif\"><span style=\"font-size: medium\">(Le lieu reste \u00e0 confirmer avec les sections susceptibles de nous recevoir).<\/span><\/span><\/p>\t\t\t\t\t\t\t\t<\/div>\n\t\t\t\t<\/div>\n\t\t\t\t\t<\/div>\n\t\t\t\t<\/div>\n\t\t<div class=\"elementor-element elementor-element-3cfedbb e-flex e-con-boxed e-con e-parent\" data-id=\"3cfedbb\" data-element_type=\"container\" data-e-type=\"container\">\n\t\t\t\t\t<div class=\"e-con-inner\">\n\t\t\t\t<div class=\"elementor-element elementor-element-3764bf9 elementor-widget elementor-widget-heading\" data-id=\"3764bf9\" data-element_type=\"widget\" data-e-type=\"widget\" data-widget_type=\"heading.default\">\n\t\t\t\t<div class=\"elementor-widget-container\">\n\t\t\t\t\t<h2 class=\"elementor-heading-title elementor-size-default\">2 \u2013 \u00c9lection compl\u00e9mentaire au Secr\u00e9tariat r\u00e9gional<\/h2>\t\t\t\t<\/div>\n\t\t\t\t<\/div>\n\t\t\t\t\t<\/div>\n\t\t\t\t<\/div>\n\t\t<div class=\"elementor-element elementor-element-6cb6bb3 e-flex e-con-boxed e-con e-parent\" data-id=\"6cb6bb3\" data-element_type=\"container\" data-e-type=\"container\">\n\t\t\t\t\t<div class=\"e-con-inner\">\n\t\t\t\t<div class=\"elementor-element elementor-element-a08672c elementor-widget elementor-widget-text-editor\" data-id=\"a08672c\" data-element_type=\"widget\" data-e-type=\"widget\" data-widget_type=\"text-editor.default\">\n\t\t\t\t<div class=\"elementor-widget-container\">\n\t\t\t\t\t\t\t\t\t<p align=\"justify\"><span style=\"font-family: Arial, sans-serif\"><span style=\"font-size: medium\">Avant le Congr\u00e8s r\u00e9gional nous devons proc\u00e9der \u00e0 une \u00e9lection compl\u00e9mentaire au Secr\u00e9tariat r\u00e9gional, afin de remplacer Jonathan LAPORTE, qui a quitt\u00e9 la r\u00e9gion.<\/span><\/span><\/p><p align=\"justify\"><span style=\"font-family: Arial, sans-serif\"><span style=\"font-size: medium\">Une seule candidature a \u00e9t\u00e9 d\u00e9pos\u00e9e pour cette \u00e9lection.<\/span><\/span><\/p><p align=\"justify\"><strong><span style=\"font-family: Arial, sans-serif;color: #008000\"><span style=\"font-size: medium\">D\u00e9cision\u00a0: Herv\u00e9 REBIC est \u00e9lu Co-Secr\u00e9tariat r\u00e9gional <\/span><\/span><\/strong><\/p><p align=\"left\"><span style=\"font-family: Arial, sans-serif\"><span style=\"font-size: medium\">Le nouveau Co-Secr\u00e9tariat r\u00e9gional est donc compos\u00e9 de Alain GODOT (LEGTA Dax) &#8211; Patricia BLANDEL (Lyc\u00e9e de Kyoto) &#8211; Olivier BLEUNVEN (LPA Sabres) &#8211; Herv\u00e9 REBIC (LPA Montmorillon)<\/span><\/span><\/p><p align=\"left\"><span style=\"font-family: Arial, sans-serif\"><span style=\"font-size: medium\">Sandrine LAPRIE reste tr\u00e9sori\u00e8re r\u00e9gionale<\/span><\/span><\/p>\t\t\t\t\t\t\t\t<\/div>\n\t\t\t\t<\/div>\n\t\t\t\t\t<\/div>\n\t\t\t\t<\/div>\n\t\t<div class=\"elementor-element elementor-element-08cf599 e-flex e-con-boxed e-con e-parent\" data-id=\"08cf599\" data-element_type=\"container\" data-e-type=\"container\">\n\t\t\t\t\t<div class=\"e-con-inner\">\n\t\t\t\t<div class=\"elementor-element elementor-element-48e3428 elementor-widget elementor-widget-heading\" data-id=\"48e3428\" data-element_type=\"widget\" data-e-type=\"widget\" data-widget_type=\"heading.default\">\n\t\t\t\t<div class=\"elementor-widget-container\">\n\t\t\t\t\t<h2 class=\"elementor-heading-title elementor-size-default\">3 \u2013 HMI <\/h2>\t\t\t\t<\/div>\n\t\t\t\t<\/div>\n\t\t\t\t\t<\/div>\n\t\t\t\t<\/div>\n\t\t<div class=\"elementor-element elementor-element-97e68c7 e-flex e-con-boxed e-con e-parent\" data-id=\"97e68c7\" data-element_type=\"container\" data-e-type=\"container\">\n\t\t\t\t\t<div class=\"e-con-inner\">\n\t\t\t\t<div class=\"elementor-element elementor-element-5efa8ec elementor-widget elementor-widget-text-editor\" data-id=\"5efa8ec\" data-element_type=\"widget\" data-e-type=\"widget\" data-widget_type=\"text-editor.default\">\n\t\t\t\t<div class=\"elementor-widget-container\">\n\t\t\t\t\t\t\t\t\t<p align=\"justify\"><span style=\"font-family: Arial, sans-serif\"><span style=\"font-size: medium\">Depuis la rentr\u00e9e, le Secr\u00e9tariat r\u00e9gionale a r\u00e9alis\u00e9 ou programm\u00e9 plusieurs heures d\u2019information syndicale (Bazas, Dax, Hasparren, Limoges, Mugron, Neuvic). Elles r\u00e9pondent le plus souvent \u00e0 des demandes des sections ou rentrent dans le cadre de la campagne de syndicalisation. <\/span><\/span><\/p><p align=\"justify\"><span style=\"font-family: Arial, sans-serif\"><span style=\"font-size: medium\">Mais l\u2019organisation et le suivi de ces HMI reste complexe dans la r\u00e9gion la plus \u00e9tendue de France.<\/span><\/span><\/p><p align=\"justify\"><span style=\"font-family: Arial, sans-serif\"><span style=\"font-size: medium\"><strong><span style=\"color: #008000\">D\u00e9cision<\/span><\/strong>\u00a0: Quelques \u00e9tablissements sont \u00e0 programmer rapidement (St Livrade, Magnac Laval, Blanquefort, Barbezieux\u2026).<\/span><\/span><\/p>\t\t\t\t\t\t\t\t<\/div>\n\t\t\t\t<\/div>\n\t\t\t\t\t<\/div>\n\t\t\t\t<\/div>\n\t\t<div class=\"elementor-element elementor-element-7af0451 e-flex e-con-boxed e-con e-parent\" data-id=\"7af0451\" data-element_type=\"container\" data-e-type=\"container\">\n\t\t\t\t\t<div class=\"e-con-inner\">\n\t\t\t\t<div class=\"elementor-element elementor-element-66101ab elementor-widget elementor-widget-heading\" data-id=\"66101ab\" data-element_type=\"widget\" data-e-type=\"widget\" data-widget_type=\"heading.default\">\n\t\t\t\t<div class=\"elementor-widget-container\">\n\t\t\t\t\t<h2 class=\"elementor-heading-title elementor-size-default\">4 \u2013 Bilan de la F3SCT<\/h2>\t\t\t\t<\/div>\n\t\t\t\t<\/div>\n\t\t\t\t\t<\/div>\n\t\t\t\t<\/div>\n\t\t<div class=\"elementor-element elementor-element-bdd59ae e-flex e-con-boxed e-con e-parent\" data-id=\"bdd59ae\" data-element_type=\"container\" data-e-type=\"container\">\n\t\t\t\t\t<div class=\"e-con-inner\">\n\t\t\t\t<div class=\"elementor-element elementor-element-ca47390 elementor-widget elementor-widget-text-editor\" data-id=\"ca47390\" data-element_type=\"widget\" data-e-type=\"widget\" data-widget_type=\"text-editor.default\">\n\t\t\t\t<div class=\"elementor-widget-container\">\n\t\t\t\t\t\t\t\t\t<p align=\"justify\"><span style=\"font-family: Arial, sans-serif\"><span style=\"font-size: medium\">Pour m\u00e9moire, la<\/span><\/span> <span style=\"font-family: Arial, sans-serif\"><span style=\"font-size: medium\">F3SCT <\/span><\/span><span style=\"font-family: Arial, sans-serif\"><span style=\"font-size: medium\">(<\/span><\/span><span style=\"color: #000000\"><span style=\"font-family: Arial, sans-serif\"><span style=\"font-size: medium\"><em>Formation Sp\u00e9cialis\u00e9e en Sant\u00e9 S\u00e9curit\u00e9 et Conditions de travail<\/em><\/span><\/span><\/span><span style=\"color: #000000\"><span style=\"font-family: Arial, sans-serif\"><span style=\"font-size: medium\"><em>),<\/em><\/span><\/span><\/span><span style=\"color: #000000\"><span style=\"font-family: Arial, sans-serif\"><span style=\"font-size: medium\"><strong> issue du CSA <\/strong><\/span><\/span><\/span><span style=\"color: #000000\"><span style=\"font-family: Arial, sans-serif\"><span style=\"font-size: medium\"><strong>R\u00e9gional, est l\u2019<\/strong><\/span><\/span><\/span><span style=\"color: #000000\"><span style=\"font-family: Arial, sans-serif\"><span style=\"font-size: medium\"><strong>instan<\/strong><\/span><\/span><\/span><span style=\"color: #000000\"><span style=\"font-family: Arial, sans-serif\"><span style=\"font-size: medium\"><strong>ce <\/strong><\/span><\/span><\/span><span style=\"color: #000000\"><span style=\"font-family: Arial, sans-serif\"><span style=\"font-size: medium\"><strong>qui <\/strong><\/span><\/span><\/span><span style=\"color: #000000\"><span style=\"font-family: Arial, sans-serif\"><span style=\"font-size: medium\">remplace <\/span><\/span><\/span><span style=\"color: #000000\"><span style=\"font-family: Arial, sans-serif\"><span style=\"font-size: medium\">l\u2019ancien <\/span><\/span><\/span><span style=\"color: #000000\"><span style=\"font-family: Arial, sans-serif\"><span style=\"font-size: medium\">comit\u00e9 d\u2019hygi\u00e8ne, de s\u00e9curit\u00e9 et de conditions de travail (CHSCT).<\/span><\/span><\/span><\/p><p align=\"justify\"><span style=\"font-family: Arial, sans-serif\"><span style=\"font-size: medium\">Une partie des membres de la F3SCT a \u00e9t\u00e9 renouvel\u00e9e \u00e0 cette rentr\u00e9e en raison de mouvement des personnels ou d\u2019arr\u00eat maladie. La d\u00e9l\u00e9gation de l\u2019\u00c9lan commun est aujourd\u2019hui la suivante\u00a0: <\/span><\/span><\/p><p align=\"justify\"><span style=\"font-family: Arial, sans-serif\"><span style=\"font-size: medium\"><i>Titulaires\u00a0: Alain GODOT (Secr\u00e9taire), Lydie DUBOIS, Yannick LE BLANC, Diane RAFFOUR, Herv\u00e9 REBIC, Eric GUILLAUD<\/i><\/span><\/span><\/p><p align=\"justify\"><span style=\"font-family: Arial, sans-serif\"><span style=\"font-size: medium\"><i>Suppl\u00e9ant.es\u00a0: Laurent BOURHIS, Olivier BLEUNVEN, Philippe PARODI, Yolaine ROUAULT, France BOUYROU, Caroline O\u2019REILLY<\/i><\/span><\/span><\/p><p align=\"justify\"><span style=\"font-family: Arial, sans-serif\"><span style=\"font-size: medium\">Lors de l\u2019ann\u00e9e 2024-2025, la F3SCT s\u2019est r\u00e9unie \u00e0 deux reprises. L\u2019\u00c9lan commun d\u00e9nonce un nombre insuffisant de r\u00e9unions par rapport au nombre de dossiers \u00e0 traiter.<\/span><\/span><\/p><p align=\"justify\"><span style=\"font-family: Arial, sans-serif\"><span style=\"font-size: medium\">Lors de ces r\u00e9unions les principaux points d\u2019achoppement avec la DRAAF portaient sur la situation \u00e0 Magnac Laval, \u00e0 Bourcefranc et \u00e0 Surg\u00e8res.<\/span><\/span><\/p><p align=\"justify\"><span style=\"font-family: Arial, sans-serif\"><span style=\"font-size: medium\">La formation sp\u00e9cialis\u00e9e a d\u00e9clench\u00e9 la visite de deux \u00e9tablissements (Bourcefranc et P\u00e9rigueux) qui ont donn\u00e9 lieu \u00e0 la r\u00e9daction de deux rapports et un retour vers les chefs d\u2019\u00e9tablissements.<\/span><\/span><\/p><p align=\"justify\"><span style=\"font-family: Arial, sans-serif\"><span style=\"font-size: medium\">Les membres de la F3SCT ont pu suivre une formation nationale (organis\u00e9e par l\u2019\u00c9lan commun) qui s\u2019est d\u00e9clin\u00e9e dans plusieurs \u00e9tablissement en France. Pour le Grand Ouest c\u2019est le lyc\u00e9e de Blanquefort qui accueillait cette formation les 10 et 11 mars 2025.<\/span><\/span><\/p><p align=\"justify\"><span style=\"font-family: Arial, sans-serif\"><span style=\"font-size: medium\">Les \u00e9coutant.es de la cellule d\u2019\u00e9coute ont \u00e9galement pu suivre une formation les 11 et 12\/02\/25.<\/span><\/span><\/p><p align=\"justify\"><span style=\"color: #000000\"><span style=\"font-family: Arial, sans-serif\"><span style=\"font-size: medium\">Enfin \u00e0 la demande de la F3SCT les membres des CoHS locales ont pu suivre une formation sp\u00e9cifique qui s\u2019est faite dans plusieurs \u00e9tablissements en d\u00e9but d\u2019ann\u00e9e scolaire 2024-2025 (Ste Livrade, Pau, Libourne, Limoges, Bressuire, Saintes).<\/span><\/span><\/span><\/p><p align=\"justify\"><span style=\"color: #000000\"><span style=\"font-family: Arial, sans-serif\"><span style=\"font-size: medium\">Le CSR regrette l&rsquo;insuffisance (voire l&rsquo;absence) des remont\u00e9es d&rsquo;informations des CoHS des \u00e9tablissements (accidents graves, visites des locaux ..) vers la F3SCT. Un travail en direction des sections en ce sens est n\u00e9cessaire.<\/span><\/span><\/span><\/p>\t\t\t\t\t\t\t\t<\/div>\n\t\t\t\t<\/div>\n\t\t\t\t\t<\/div>\n\t\t\t\t<\/div>\n\t\t<div class=\"elementor-element elementor-element-8ddc624 e-flex e-con-boxed e-con e-parent\" data-id=\"8ddc624\" data-element_type=\"container\" data-e-type=\"container\">\n\t\t\t\t\t<div class=\"e-con-inner\">\n\t\t\t\t<div class=\"elementor-element elementor-element-c71ef03 elementor-widget elementor-widget-heading\" data-id=\"c71ef03\" data-element_type=\"widget\" data-e-type=\"widget\" data-widget_type=\"heading.default\">\n\t\t\t\t<div class=\"elementor-widget-container\">\n\t\t\t\t\t<h2 class=\"elementor-heading-title elementor-size-default\">5 \u2013 Bilan de rentr\u00e9e des sections\n<\/h2>\t\t\t\t<\/div>\n\t\t\t\t<\/div>\n\t\t\t\t\t<\/div>\n\t\t\t\t<\/div>\n\t\t<div class=\"elementor-element elementor-element-a57e458 e-flex e-con-boxed e-con e-parent\" data-id=\"a57e458\" data-element_type=\"container\" data-e-type=\"container\">\n\t\t\t\t\t<div class=\"e-con-inner\">\n\t\t\t\t<div class=\"elementor-element elementor-element-f72ba41 elementor-widget elementor-widget-text-editor\" data-id=\"f72ba41\" data-element_type=\"widget\" data-e-type=\"widget\" data-widget_type=\"text-editor.default\">\n\t\t\t\t<div class=\"elementor-widget-container\">\n\t\t\t\t\t\t\t\t\t<p align=\"justify\"><span style=\"font-family: Arial, sans-serif\"><span style=\"font-size: medium\">A l\u2019occasion de ce CSR nous avons fait un point sur les conditions de rentr\u00e9e de chaque \u00e9tablissement. Il ressort \u00e0 nouveau de ce tour de table des situations probl\u00e9matiques, voire critiques, dans certains \u00e9tablissements. Les principaux probl\u00e8mes\u00a0:<\/span><\/span><\/p><p align=\"justify\"><span style=\"color: #000000\"><span style=\"font-family: Arial, sans-serif\"><span style=\"font-size: medium\">&#8211; une non application de la note de service DGER\/SDEDC\/2024-525 du 18-09-2024 concernant les AESH. Ce d\u00e9faut d\u2019applcationdu texte r\u00e9glementaire concerne principalement les heures d\u2019accompagnement des \u00e9l\u00e8ves \u00e0 besoins particuliers.<\/span><\/span><\/span><\/p><p align=\"justify\"><span style=\"color: #000000\"><span style=\"font-family: Arial, sans-serif\"><span style=\"font-size: medium\">&#8211; une variation importante des recrutements selon les \u00e9tablissements et les territoires mais avec des effectifs en baisse sur plusieurs fili\u00e8res et\/ou niveaux (difficult\u00e9 en BTSA notamment DATR, sur les fili\u00e8res horticole et viticole, inqui\u00e9tudes sur des classes de 2nd g\u00e9n\u00e9rale). Certains \u00e9tablissements se retrouvent en grande difficult\u00e9 face au baisse d\u2019effectifs (exemple de Surg\u00e8res), <\/span><\/span><\/span><\/p><p align=\"justify\"><span style=\"font-family: Arial, sans-serif\"><span style=\"font-size: medium\"><span style=\"color: #000000\">&#8211; des postes <\/span><span style=\"color: #000000\">encore vacants dans quelques <\/span><span style=\"color: #000000\">\u00e9tablissements. <\/span><span style=\"color: #000000\">Ce sont les m\u00eames \u00e9tablissements <\/span>que l\u2019an pass\u00e9 notamment dans les disciplines professionnelles.<\/span><\/span><\/p><p align=\"justify\"><span style=\"font-family: Arial, sans-serif\"><span style=\"font-size: medium\">&#8211; des <\/span><\/span><span style=\"font-family: Arial, sans-serif\"><span style=\"font-size: medium\">probl\u00e8mes r\u00e9currents sur les fiches de services et les emplois du temps<\/span><\/span><span style=\"font-family: Arial, sans-serif\"><span style=\"font-size: medium\"> ou se repose <\/span><\/span><span style=\"font-family: Arial, sans-serif\"><span style=\"font-size: medium\">\u00e0 nouveau <\/span><\/span><span style=\"font-family: Arial, sans-serif\"><span style=\"font-size: medium\">la question de la formation des D2.<\/span><\/span><\/p><p align=\"justify\"><span style=\"font-family: Arial, sans-serif\"><span style=\"font-size: medium\">&#8211; une absence d\u2019informations et de concertation sur les projets de Bachelor Agro.<\/span><\/span><\/p><p align=\"justify\"><span style=\"font-family: Arial, sans-serif;color: #008000\"><span style=\"font-size: medium\"><b>D\u00e9cision<\/b>\u00a0: <\/span><\/span><\/p><p align=\"justify\"><span style=\"font-family: Arial, sans-serif\"><span style=\"font-size: medium\">&#8211; Demander d\u2019une rencontre bi-lat\u00e9rale avec la Directrice R\u00e9gionale<\/span><\/span><\/p><p align=\"justify\"><span style=\"font-family: Arial, sans-serif\"><span style=\"font-size: medium\">&#8211; Porter des questions diverses \u00e0 la r\u00e9union de la F3SCT qui se teindra le 17 novembre.<\/span><\/span><\/p>\t\t\t\t\t\t\t\t<\/div>\n\t\t\t\t<\/div>\n\t\t\t\t\t<\/div>\n\t\t\t\t<\/div>\n\t\t\t\t<\/div>\n\t\t","protected":false},"excerpt":{"rendered":"<p>Le Conseil Syndical r\u00e9gional Nouvelle Aquitaine s\u2019est r\u00e9uni le jeudi 16 octobre au lyc\u00e9e viticole de Montagne. 1 \u2013 Prochain Congr\u00e8s r\u00e9gional Le 31\u00e8me Congr\u00e8s national du SNETAP-FSU se tiendra au lyc\u00e9e agricole de Brie Comte Robert du 24 au 27 mars 2026. Comme le pr\u00e9voit nos statuts nous devrons r\u00e9unir un congr\u00e8s r\u00e9gional dans [&hellip;]<\/p>\n","protected":false},"author":128,"featured_media":5434,"comment_status":"closed","ping_status":"closed","sticky":false,"template":"","format":"standard","meta":{"ocean_post_layout":"","ocean_both_sidebars_style":"","ocean_both_sidebars_content_width":0,"ocean_both_sidebars_sidebars_width":0,"ocean_sidebar":"0","ocean_second_sidebar":"0","ocean_disable_margins":"enable","ocean_add_body_class":"","ocean_shortcode_before_top_bar":"","ocean_shortcode_after_top_bar":"","ocean_shortcode_before_header":"","ocean_shortcode_after_header":"","ocean_has_shortcode":"","ocean_shortcode_after_title":"","ocean_shortcode_before_footer_widgets":"","ocean_shortcode_after_footer_widgets":"","ocean_shortcode_before_footer_bottom":"","ocean_shortcode_after_footer_bottom":"","ocean_display_top_bar":"default","ocean_display_header":"default","ocean_header_style":"","ocean_center_header_left_menu":"0","ocean_custom_header_template":"0","ocean_custom_logo":0,"ocean_custom_retina_logo":0,"ocean_custom_logo_max_width":0,"ocean_custom_logo_tablet_max_width":0,"ocean_custom_logo_mobile_max_width":0,"ocean_custom_logo_max_height":0,"ocean_custom_logo_tablet_max_height":0,"ocean_custom_logo_mobile_max_height":0,"ocean_header_custom_menu":"0","ocean_menu_typo_font_family":"0","ocean_menu_typo_font_subset":"","ocean_menu_typo_font_size":0,"ocean_menu_typo_font_size_tablet":0,"ocean_menu_typo_font_size_mobile":0,"ocean_menu_typo_font_size_unit":"px","ocean_menu_typo_font_weight":"","ocean_menu_typo_font_weight_tablet":"","ocean_menu_typo_font_weight_mobile":"","ocean_menu_typo_transform":"","ocean_menu_typo_transform_tablet":"","ocean_menu_typo_transform_mobile":"","ocean_menu_typo_line_height":0,"ocean_menu_typo_line_height_tablet":0,"ocean_menu_typo_line_height_mobile":0,"ocean_menu_typo_line_height_unit":"","ocean_menu_typo_spacing":0,"ocean_menu_typo_spacing_tablet":0,"ocean_menu_typo_spacing_mobile":0,"ocean_menu_typo_spacing_unit":"","ocean_menu_link_color":"","ocean_menu_link_color_hover":"","ocean_menu_link_color_active":"","ocean_menu_link_background":"","ocean_menu_link_hover_background":"","ocean_menu_link_active_background":"","ocean_menu_social_links_bg":"","ocean_menu_social_hover_links_bg":"","ocean_menu_social_links_color":"","ocean_menu_social_hover_links_color":"","ocean_disable_title":"default","ocean_disable_heading":"default","ocean_post_title":"","ocean_post_subheading":"","ocean_post_title_style":"","ocean_post_title_background_color":"","ocean_post_title_background":0,"ocean_post_title_bg_image_position":"","ocean_post_title_bg_image_attachment":"","ocean_post_title_bg_image_repeat":"","ocean_post_title_bg_image_size":"","ocean_post_title_height":0,"ocean_post_title_bg_overlay":0.5,"ocean_post_title_bg_overlay_color":"","ocean_disable_breadcrumbs":"default","ocean_breadcrumbs_color":"","ocean_breadcrumbs_separator_color":"","ocean_breadcrumbs_links_color":"","ocean_breadcrumbs_links_hover_color":"","ocean_display_footer_widgets":"default","ocean_display_footer_bottom":"default","ocean_custom_footer_template":"0","ocean_post_oembed":"","ocean_post_self_hosted_media":"","ocean_post_video_embed":"","ocean_link_format":"","ocean_link_format_target":"self","ocean_quote_format":"","ocean_quote_format_link":"post","ocean_gallery_link_images":"on","ocean_gallery_id":[],"footnotes":""},"categories":[4,1,14],"tags":[],"post_folder":[],"class_list":["post-5432","post","type-post","status-publish","format-standard","has-post-thumbnail","hentry","category-compte-rendu","category-message-de-service","category-vie-syndicale","entry","has-media"],"yoast_head":"<!-- This site is optimized with the Yoast SEO plugin v27.4 - https:\/\/yoast.com\/product\/yoast-seo-wordpress\/ -->\n<title>CSR Nouvelle Aquitaine - Compte rendu du 16 octobre 2025 - NOUVELLE AQUITAINE<\/title>\n<meta name=\"robots\" content=\"index, follow, max-snippet:-1, max-image-preview:large, max-video-preview:-1\" \/>\n<link rel=\"canonical\" href=\"https:\/\/regions-snetap-fsu.fr\/na\/2025\/11\/09\/csr-nouvelle-aquitaine-compte-rendu-du-16-octobre-2025\/\" \/>\n<meta property=\"og:locale\" content=\"fr_FR\" \/>\n<meta property=\"og:type\" content=\"article\" \/>\n<meta property=\"og:title\" content=\"CSR Nouvelle Aquitaine - Compte rendu du 16 octobre 2025 - NOUVELLE AQUITAINE\" \/>\n<meta property=\"og:description\" content=\"Le Conseil Syndical r\u00e9gional Nouvelle Aquitaine s\u2019est r\u00e9uni le jeudi 16 octobre au lyc\u00e9e viticole de Montagne. 1 \u2013 Prochain Congr\u00e8s r\u00e9gional Le 31\u00e8me Congr\u00e8s national du SNETAP-FSU se tiendra au lyc\u00e9e agricole de Brie Comte Robert du 24 au 27 mars 2026. Comme le pr\u00e9voit nos statuts nous devrons r\u00e9unir un congr\u00e8s r\u00e9gional dans [&hellip;]\" \/>\n<meta property=\"og:url\" content=\"https:\/\/regions-snetap-fsu.fr\/na\/2025\/11\/09\/csr-nouvelle-aquitaine-compte-rendu-du-16-octobre-2025\/\" \/>\n<meta property=\"og:site_name\" content=\"NOUVELLE AQUITAINE\" \/>\n<meta property=\"article:published_time\" content=\"2025-11-09T10:06:53+00:00\" \/>\n<meta property=\"article:modified_time\" content=\"2025-12-11T23:22:48+00:00\" \/>\n<meta property=\"og:image\" content=\"https:\/\/regions-snetap-fsu.fr\/na\/wp-content\/uploads\/sites\/3\/2025\/12\/IMG_2582-scaled.jpg\" \/>\n\t<meta property=\"og:image:width\" content=\"2560\" \/>\n\t<meta property=\"og:image:height\" content=\"1920\" \/>\n\t<meta property=\"og:image:type\" content=\"image\/jpeg\" \/>\n<meta name=\"author\" content=\"olivierb\" \/>\n<meta name=\"twitter:card\" content=\"summary_large_image\" \/>\n<meta name=\"twitter:label1\" content=\"\u00c9crit par\" \/>\n\t<meta name=\"twitter:data1\" content=\"olivierb\" \/>\n\t<meta name=\"twitter:label2\" content=\"Dur\u00e9e de lecture estim\u00e9e\" \/>\n\t<meta name=\"twitter:data2\" content=\"5 minutes\" \/>\n<script type=\"application\/ld+json\" class=\"yoast-schema-graph\">{\"@context\":\"https:\\\/\\\/schema.org\",\"@graph\":[{\"@type\":\"Article\",\"@id\":\"https:\\\/\\\/regions-snetap-fsu.fr\\\/na\\\/2025\\\/11\\\/09\\\/csr-nouvelle-aquitaine-compte-rendu-du-16-octobre-2025\\\/#article\",\"isPartOf\":{\"@id\":\"https:\\\/\\\/regions-snetap-fsu.fr\\\/na\\\/2025\\\/11\\\/09\\\/csr-nouvelle-aquitaine-compte-rendu-du-16-octobre-2025\\\/\"},\"author\":{\"name\":\"olivierb\",\"@id\":\"https:\\\/\\\/regions-snetap-fsu.fr\\\/na\\\/#\\\/schema\\\/person\\\/bdf1c4fe149dcf915601f9de85ba379f\"},\"headline\":\"CSR Nouvelle Aquitaine &#8211; Compte rendu du 16 octobre 2025\",\"datePublished\":\"2025-11-09T10:06:53+00:00\",\"dateModified\":\"2025-12-11T23:22:48+00:00\",\"mainEntityOfPage\":{\"@id\":\"https:\\\/\\\/regions-snetap-fsu.fr\\\/na\\\/2025\\\/11\\\/09\\\/csr-nouvelle-aquitaine-compte-rendu-du-16-octobre-2025\\\/\"},\"wordCount\":912,\"publisher\":{\"@id\":\"https:\\\/\\\/regions-snetap-fsu.fr\\\/na\\\/#organization\"},\"image\":{\"@id\":\"https:\\\/\\\/regions-snetap-fsu.fr\\\/na\\\/2025\\\/11\\\/09\\\/csr-nouvelle-aquitaine-compte-rendu-du-16-octobre-2025\\\/#primaryimage\"},\"thumbnailUrl\":\"https:\\\/\\\/regions-snetap-fsu.fr\\\/na\\\/wp-content\\\/uploads\\\/sites\\\/3\\\/2025\\\/12\\\/IMG_2582-scaled.jpg\",\"articleSection\":[\"Comptes-rendus\",\"Message de service\",\"Vie syndicale\"],\"inLanguage\":\"fr-FR\"},{\"@type\":\"WebPage\",\"@id\":\"https:\\\/\\\/regions-snetap-fsu.fr\\\/na\\\/2025\\\/11\\\/09\\\/csr-nouvelle-aquitaine-compte-rendu-du-16-octobre-2025\\\/\",\"url\":\"https:\\\/\\\/regions-snetap-fsu.fr\\\/na\\\/2025\\\/11\\\/09\\\/csr-nouvelle-aquitaine-compte-rendu-du-16-octobre-2025\\\/\",\"name\":\"CSR Nouvelle Aquitaine - Compte rendu du 16 octobre 2025 - NOUVELLE AQUITAINE\",\"isPartOf\":{\"@id\":\"https:\\\/\\\/regions-snetap-fsu.fr\\\/na\\\/#website\"},\"primaryImageOfPage\":{\"@id\":\"https:\\\/\\\/regions-snetap-fsu.fr\\\/na\\\/2025\\\/11\\\/09\\\/csr-nouvelle-aquitaine-compte-rendu-du-16-octobre-2025\\\/#primaryimage\"},\"image\":{\"@id\":\"https:\\\/\\\/regions-snetap-fsu.fr\\\/na\\\/2025\\\/11\\\/09\\\/csr-nouvelle-aquitaine-compte-rendu-du-16-octobre-2025\\\/#primaryimage\"},\"thumbnailUrl\":\"https:\\\/\\\/regions-snetap-fsu.fr\\\/na\\\/wp-content\\\/uploads\\\/sites\\\/3\\\/2025\\\/12\\\/IMG_2582-scaled.jpg\",\"datePublished\":\"2025-11-09T10:06:53+00:00\",\"dateModified\":\"2025-12-11T23:22:48+00:00\",\"breadcrumb\":{\"@id\":\"https:\\\/\\\/regions-snetap-fsu.fr\\\/na\\\/2025\\\/11\\\/09\\\/csr-nouvelle-aquitaine-compte-rendu-du-16-octobre-2025\\\/#breadcrumb\"},\"inLanguage\":\"fr-FR\",\"potentialAction\":[{\"@type\":\"ReadAction\",\"target\":[\"https:\\\/\\\/regions-snetap-fsu.fr\\\/na\\\/2025\\\/11\\\/09\\\/csr-nouvelle-aquitaine-compte-rendu-du-16-octobre-2025\\\/\"]}]},{\"@type\":\"ImageObject\",\"inLanguage\":\"fr-FR\",\"@id\":\"https:\\\/\\\/regions-snetap-fsu.fr\\\/na\\\/2025\\\/11\\\/09\\\/csr-nouvelle-aquitaine-compte-rendu-du-16-octobre-2025\\\/#primaryimage\",\"url\":\"https:\\\/\\\/regions-snetap-fsu.fr\\\/na\\\/wp-content\\\/uploads\\\/sites\\\/3\\\/2025\\\/12\\\/IMG_2582-scaled.jpg\",\"contentUrl\":\"https:\\\/\\\/regions-snetap-fsu.fr\\\/na\\\/wp-content\\\/uploads\\\/sites\\\/3\\\/2025\\\/12\\\/IMG_2582-scaled.jpg\",\"width\":2560,\"height\":1920},{\"@type\":\"BreadcrumbList\",\"@id\":\"https:\\\/\\\/regions-snetap-fsu.fr\\\/na\\\/2025\\\/11\\\/09\\\/csr-nouvelle-aquitaine-compte-rendu-du-16-octobre-2025\\\/#breadcrumb\",\"itemListElement\":[{\"@type\":\"ListItem\",\"position\":1,\"name\":\"Accueil\",\"item\":\"https:\\\/\\\/regions-snetap-fsu.fr\\\/na\\\/\"},{\"@type\":\"ListItem\",\"position\":2,\"name\":\"CSR Nouvelle Aquitaine &#8211; Compte rendu du 16 octobre 2025\"}]},{\"@type\":\"WebSite\",\"@id\":\"https:\\\/\\\/regions-snetap-fsu.fr\\\/na\\\/#website\",\"url\":\"https:\\\/\\\/regions-snetap-fsu.fr\\\/na\\\/\",\"name\":\"SNETAP-FSU NOUVELLE AQUITAINE\",\"description\":\"Blog de la Section R\u00e9gionale\",\"publisher\":{\"@id\":\"https:\\\/\\\/regions-snetap-fsu.fr\\\/na\\\/#organization\"},\"potentialAction\":[{\"@type\":\"SearchAction\",\"target\":{\"@type\":\"EntryPoint\",\"urlTemplate\":\"https:\\\/\\\/regions-snetap-fsu.fr\\\/na\\\/?s={search_term_string}\"},\"query-input\":{\"@type\":\"PropertyValueSpecification\",\"valueRequired\":true,\"valueName\":\"search_term_string\"}}],\"inLanguage\":\"fr-FR\"},{\"@type\":\"Organization\",\"@id\":\"https:\\\/\\\/regions-snetap-fsu.fr\\\/na\\\/#organization\",\"name\":\"SNETAP-FSU - Nouvelle Aquitaine\",\"url\":\"https:\\\/\\\/regions-snetap-fsu.fr\\\/na\\\/\",\"logo\":{\"@type\":\"ImageObject\",\"inLanguage\":\"fr-FR\",\"@id\":\"https:\\\/\\\/regions-snetap-fsu.fr\\\/na\\\/#\\\/schema\\\/logo\\\/image\\\/\",\"url\":\"https:\\\/\\\/regions-snetap-fsu.fr\\\/na\\\/wp-content\\\/uploads\\\/sites\\\/3\\\/2020\\\/12\\\/SNETAP-Logo.jpg\",\"contentUrl\":\"https:\\\/\\\/regions-snetap-fsu.fr\\\/na\\\/wp-content\\\/uploads\\\/sites\\\/3\\\/2020\\\/12\\\/SNETAP-Logo.jpg\",\"width\":464,\"height\":334,\"caption\":\"SNETAP-FSU - Nouvelle Aquitaine\"},\"image\":{\"@id\":\"https:\\\/\\\/regions-snetap-fsu.fr\\\/na\\\/#\\\/schema\\\/logo\\\/image\\\/\"}},{\"@type\":\"Person\",\"@id\":\"https:\\\/\\\/regions-snetap-fsu.fr\\\/na\\\/#\\\/schema\\\/person\\\/bdf1c4fe149dcf915601f9de85ba379f\",\"name\":\"olivierb\",\"image\":{\"@type\":\"ImageObject\",\"inLanguage\":\"fr-FR\",\"@id\":\"https:\\\/\\\/secure.gravatar.com\\\/avatar\\\/d9cce0db1146844098d0ec7fae94551015c4ff78117aab56897823bb265a7bc9?s=96&d=mm&r=g\",\"url\":\"https:\\\/\\\/secure.gravatar.com\\\/avatar\\\/d9cce0db1146844098d0ec7fae94551015c4ff78117aab56897823bb265a7bc9?s=96&d=mm&r=g\",\"contentUrl\":\"https:\\\/\\\/secure.gravatar.com\\\/avatar\\\/d9cce0db1146844098d0ec7fae94551015c4ff78117aab56897823bb265a7bc9?s=96&d=mm&r=g\",\"caption\":\"olivierb\"},\"url\":\"https:\\\/\\\/regions-snetap-fsu.fr\\\/na\\\/author\\\/olivierb\\\/\"}]}<\/script>\n<!-- \/ Yoast SEO plugin. -->","yoast_head_json":{"title":"CSR Nouvelle Aquitaine - Compte rendu du 16 octobre 2025 - NOUVELLE AQUITAINE","robots":{"index":"index","follow":"follow","max-snippet":"max-snippet:-1","max-image-preview":"max-image-preview:large","max-video-preview":"max-video-preview:-1"},"canonical":"https:\/\/regions-snetap-fsu.fr\/na\/2025\/11\/09\/csr-nouvelle-aquitaine-compte-rendu-du-16-octobre-2025\/","og_locale":"fr_FR","og_type":"article","og_title":"CSR Nouvelle Aquitaine - Compte rendu du 16 octobre 2025 - NOUVELLE AQUITAINE","og_description":"Le Conseil Syndical r\u00e9gional Nouvelle Aquitaine s\u2019est r\u00e9uni le jeudi 16 octobre au lyc\u00e9e viticole de Montagne. 1 \u2013 Prochain Congr\u00e8s r\u00e9gional Le 31\u00e8me Congr\u00e8s national du SNETAP-FSU se tiendra au lyc\u00e9e agricole de Brie Comte Robert du 24 au 27 mars 2026. Comme le pr\u00e9voit nos statuts nous devrons r\u00e9unir un congr\u00e8s r\u00e9gional dans [&hellip;]","og_url":"https:\/\/regions-snetap-fsu.fr\/na\/2025\/11\/09\/csr-nouvelle-aquitaine-compte-rendu-du-16-octobre-2025\/","og_site_name":"NOUVELLE AQUITAINE","article_published_time":"2025-11-09T10:06:53+00:00","article_modified_time":"2025-12-11T23:22:48+00:00","og_image":[{"width":2560,"height":1920,"url":"https:\/\/regions-snetap-fsu.fr\/na\/wp-content\/uploads\/sites\/3\/2025\/12\/IMG_2582-scaled.jpg","type":"image\/jpeg"}],"author":"olivierb","twitter_card":"summary_large_image","twitter_misc":{"\u00c9crit par":"olivierb","Dur\u00e9e de lecture estim\u00e9e":"5 minutes"},"schema":{"@context":"https:\/\/schema.org","@graph":[{"@type":"Article","@id":"https:\/\/regions-snetap-fsu.fr\/na\/2025\/11\/09\/csr-nouvelle-aquitaine-compte-rendu-du-16-octobre-2025\/#article","isPartOf":{"@id":"https:\/\/regions-snetap-fsu.fr\/na\/2025\/11\/09\/csr-nouvelle-aquitaine-compte-rendu-du-16-octobre-2025\/"},"author":{"name":"olivierb","@id":"https:\/\/regions-snetap-fsu.fr\/na\/#\/schema\/person\/bdf1c4fe149dcf915601f9de85ba379f"},"headline":"CSR Nouvelle Aquitaine &#8211; Compte rendu du 16 octobre 2025","datePublished":"2025-11-09T10:06:53+00:00","dateModified":"2025-12-11T23:22:48+00:00","mainEntityOfPage":{"@id":"https:\/\/regions-snetap-fsu.fr\/na\/2025\/11\/09\/csr-nouvelle-aquitaine-compte-rendu-du-16-octobre-2025\/"},"wordCount":912,"publisher":{"@id":"https:\/\/regions-snetap-fsu.fr\/na\/#organization"},"image":{"@id":"https:\/\/regions-snetap-fsu.fr\/na\/2025\/11\/09\/csr-nouvelle-aquitaine-compte-rendu-du-16-octobre-2025\/#primaryimage"},"thumbnailUrl":"https:\/\/regions-snetap-fsu.fr\/na\/wp-content\/uploads\/sites\/3\/2025\/12\/IMG_2582-scaled.jpg","articleSection":["Comptes-rendus","Message de service","Vie syndicale"],"inLanguage":"fr-FR"},{"@type":"WebPage","@id":"https:\/\/regions-snetap-fsu.fr\/na\/2025\/11\/09\/csr-nouvelle-aquitaine-compte-rendu-du-16-octobre-2025\/","url":"https:\/\/regions-snetap-fsu.fr\/na\/2025\/11\/09\/csr-nouvelle-aquitaine-compte-rendu-du-16-octobre-2025\/","name":"CSR Nouvelle Aquitaine - Compte rendu du 16 octobre 2025 - NOUVELLE AQUITAINE","isPartOf":{"@id":"https:\/\/regions-snetap-fsu.fr\/na\/#website"},"primaryImageOfPage":{"@id":"https:\/\/regions-snetap-fsu.fr\/na\/2025\/11\/09\/csr-nouvelle-aquitaine-compte-rendu-du-16-octobre-2025\/#primaryimage"},"image":{"@id":"https:\/\/regions-snetap-fsu.fr\/na\/2025\/11\/09\/csr-nouvelle-aquitaine-compte-rendu-du-16-octobre-2025\/#primaryimage"},"thumbnailUrl":"https:\/\/regions-snetap-fsu.fr\/na\/wp-content\/uploads\/sites\/3\/2025\/12\/IMG_2582-scaled.jpg","datePublished":"2025-11-09T10:06:53+00:00","dateModified":"2025-12-11T23:22:48+00:00","breadcrumb":{"@id":"https:\/\/regions-snetap-fsu.fr\/na\/2025\/11\/09\/csr-nouvelle-aquitaine-compte-rendu-du-16-octobre-2025\/#breadcrumb"},"inLanguage":"fr-FR","potentialAction":[{"@type":"ReadAction","target":["https:\/\/regions-snetap-fsu.fr\/na\/2025\/11\/09\/csr-nouvelle-aquitaine-compte-rendu-du-16-octobre-2025\/"]}]},{"@type":"ImageObject","inLanguage":"fr-FR","@id":"https:\/\/regions-snetap-fsu.fr\/na\/2025\/11\/09\/csr-nouvelle-aquitaine-compte-rendu-du-16-octobre-2025\/#primaryimage","url":"https:\/\/regions-snetap-fsu.fr\/na\/wp-content\/uploads\/sites\/3\/2025\/12\/IMG_2582-scaled.jpg","contentUrl":"https:\/\/regions-snetap-fsu.fr\/na\/wp-content\/uploads\/sites\/3\/2025\/12\/IMG_2582-scaled.jpg","width":2560,"height":1920},{"@type":"BreadcrumbList","@id":"https:\/\/regions-snetap-fsu.fr\/na\/2025\/11\/09\/csr-nouvelle-aquitaine-compte-rendu-du-16-octobre-2025\/#breadcrumb","itemListElement":[{"@type":"ListItem","position":1,"name":"Accueil","item":"https:\/\/regions-snetap-fsu.fr\/na\/"},{"@type":"ListItem","position":2,"name":"CSR Nouvelle Aquitaine &#8211; Compte rendu du 16 octobre 2025"}]},{"@type":"WebSite","@id":"https:\/\/regions-snetap-fsu.fr\/na\/#website","url":"https:\/\/regions-snetap-fsu.fr\/na\/","name":"SNETAP-FSU NOUVELLE AQUITAINE","description":"Blog de la Section R\u00e9gionale","publisher":{"@id":"https:\/\/regions-snetap-fsu.fr\/na\/#organization"},"potentialAction":[{"@type":"SearchAction","target":{"@type":"EntryPoint","urlTemplate":"https:\/\/regions-snetap-fsu.fr\/na\/?s={search_term_string}"},"query-input":{"@type":"PropertyValueSpecification","valueRequired":true,"valueName":"search_term_string"}}],"inLanguage":"fr-FR"},{"@type":"Organization","@id":"https:\/\/regions-snetap-fsu.fr\/na\/#organization","name":"SNETAP-FSU - Nouvelle Aquitaine","url":"https:\/\/regions-snetap-fsu.fr\/na\/","logo":{"@type":"ImageObject","inLanguage":"fr-FR","@id":"https:\/\/regions-snetap-fsu.fr\/na\/#\/schema\/logo\/image\/","url":"https:\/\/regions-snetap-fsu.fr\/na\/wp-content\/uploads\/sites\/3\/2020\/12\/SNETAP-Logo.jpg","contentUrl":"https:\/\/regions-snetap-fsu.fr\/na\/wp-content\/uploads\/sites\/3\/2020\/12\/SNETAP-Logo.jpg","width":464,"height":334,"caption":"SNETAP-FSU - Nouvelle Aquitaine"},"image":{"@id":"https:\/\/regions-snetap-fsu.fr\/na\/#\/schema\/logo\/image\/"}},{"@type":"Person","@id":"https:\/\/regions-snetap-fsu.fr\/na\/#\/schema\/person\/bdf1c4fe149dcf915601f9de85ba379f","name":"olivierb","image":{"@type":"ImageObject","inLanguage":"fr-FR","@id":"https:\/\/secure.gravatar.com\/avatar\/d9cce0db1146844098d0ec7fae94551015c4ff78117aab56897823bb265a7bc9?s=96&d=mm&r=g","url":"https:\/\/secure.gravatar.com\/avatar\/d9cce0db1146844098d0ec7fae94551015c4ff78117aab56897823bb265a7bc9?s=96&d=mm&r=g","contentUrl":"https:\/\/secure.gravatar.com\/avatar\/d9cce0db1146844098d0ec7fae94551015c4ff78117aab56897823bb265a7bc9?s=96&d=mm&r=g","caption":"olivierb"},"url":"https:\/\/regions-snetap-fsu.fr\/na\/author\/olivierb\/"}]}},"_links":{"self":[{"href":"https:\/\/regions-snetap-fsu.fr\/na\/wp-json\/wp\/v2\/posts\/5432","targetHints":{"allow":["GET"]}}],"collection":[{"href":"https:\/\/regions-snetap-fsu.fr\/na\/wp-json\/wp\/v2\/posts"}],"about":[{"href":"https:\/\/regions-snetap-fsu.fr\/na\/wp-json\/wp\/v2\/types\/post"}],"author":[{"embeddable":true,"href":"https:\/\/regions-snetap-fsu.fr\/na\/wp-json\/wp\/v2\/users\/128"}],"replies":[{"embeddable":true,"href":"https:\/\/regions-snetap-fsu.fr\/na\/wp-json\/wp\/v2\/comments?post=5432"}],"version-history":[{"count":7,"href":"https:\/\/regions-snetap-fsu.fr\/na\/wp-json\/wp\/v2\/posts\/5432\/revisions"}],"predecessor-version":[{"id":5443,"href":"https:\/\/regions-snetap-fsu.fr\/na\/wp-json\/wp\/v2\/posts\/5432\/revisions\/5443"}],"wp:featuredmedia":[{"embeddable":true,"href":"https:\/\/regions-snetap-fsu.fr\/na\/wp-json\/wp\/v2\/media\/5434"}],"wp:attachment":[{"href":"https:\/\/regions-snetap-fsu.fr\/na\/wp-json\/wp\/v2\/media?parent=5432"}],"wp:term":[{"taxonomy":"category","embeddable":true,"href":"https:\/\/regions-snetap-fsu.fr\/na\/wp-json\/wp\/v2\/categories?post=5432"},{"taxonomy":"post_tag","embeddable":true,"href":"https:\/\/regions-snetap-fsu.fr\/na\/wp-json\/wp\/v2\/tags?post=5432"},{"taxonomy":"post_folder","embeddable":true,"href":"https:\/\/regions-snetap-fsu.fr\/na\/wp-json\/wp\/v2\/post_folder?post=5432"}],"curies":[{"name":"wp","href":"https:\/\/api.w.org\/{rel}","templated":true}]}}