{"id":5358,"date":"2025-10-06T01:15:41","date_gmt":"2025-10-05T23:15:41","guid":{"rendered":"https:\/\/regions-snetap-fsu.fr\/na\/?p=5358"},"modified":"2025-11-12T21:41:12","modified_gmt":"2025-11-12T20:41:12","slug":"csa-rea-limoges-le-23-septembre-2025","status":"publish","type":"post","link":"https:\/\/regions-snetap-fsu.fr\/na\/2025\/10\/06\/csa-rea-limoges-le-23-septembre-2025\/","title":{"rendered":"CSA REA Limoges le 23 septembre 2025"},"content":{"rendered":"\t\t<div data-elementor-type=\"wp-post\" data-elementor-id=\"5358\" class=\"elementor elementor-5358\">\n\t\t\t\t<div class=\"elementor-element elementor-element-32f9c69 e-flex e-con-boxed e-con e-parent\" data-id=\"32f9c69\" data-element_type=\"container\" data-e-type=\"container\">\n\t\t\t\t\t<div class=\"e-con-inner\">\n\t\t\t\t<div class=\"elementor-element elementor-element-e3a94bd elementor-widget elementor-widget-text-editor\" data-id=\"e3a94bd\" data-element_type=\"widget\" data-e-type=\"widget\" data-widget_type=\"text-editor.default\">\n\t\t\t\t<div class=\"elementor-widget-container\">\n\t\t\t\t\t\t\t\t\t<p align=\"justify\"><span style=\"font-family: Arial, sans-serif\">La DRAAF Nouvelle Aquitaine a convoqu\u00e9 une r\u00e9union du Comit\u00e9 Social d\u2019Administration R\u00e9gional de l\u2019Enseignement Agricole (CSA REA) le mardi 23 septembre 2025. Neuf points \u00e9taient inscrits \u00e0 l\u2019ordre du jour. La r\u00e9union s\u2019est tenue en mixte (pr\u00e9sentiel \u00e0 Limoges + distanciel).<\/span><\/p><p align=\"justify\"><span style=\"font-family: Arial, sans-serif\"><b>L<\/b><b>a DRAAF \u00e9tait<\/b><b> repr\u00e9sent\u00e9e par<\/b> : Virginie Alavoine (DRAAF visio), B\u00e9n\u00e9dicte Genin (DRAAF Adjointe), Laurent Herbreteau (Chef du SRFD), J\u00e9r\u00f4me Betoulle, V\u00e9ronique Delgoulet, Laurent Jamme (visio), C\u00e9cile Souriau (visio), Fabienne R\u00e9gondaud (visio), Lucie (expert visio), Philippe Renard (visio)<\/span><\/p><p align=\"justify\"><span style=\"font-family: Arial, sans-serif\"><b>Six r<\/b><b>epr\u00e9sentant.<\/b><b>es<\/b><b> <\/b><b>des <\/b><b>perso<\/b><span style=\"color: #000000\"><b>nnels <\/b><\/span><span style=\"color: #000000\"><b>\u00c9lan commun<\/b><\/span> : R\u00e9gis Charpentier, Lydie Dubois, Alain Godot, Yolaine Rouault, Herv\u00e9 Rebic, Yannick Le Blanc<\/span><\/p>\t\t\t\t\t\t\t\t<\/div>\n\t\t\t\t<\/div>\n\t\t\t\t\t<\/div>\n\t\t\t\t<\/div>\n\t\t<div class=\"elementor-element elementor-element-6712d39 e-flex e-con-boxed e-con e-parent\" data-id=\"6712d39\" data-element_type=\"container\" data-e-type=\"container\">\n\t\t\t\t\t<div class=\"e-con-inner\">\n\t\t\t\t<div class=\"elementor-element elementor-element-e396743 elementor-widget elementor-widget-heading\" data-id=\"e396743\" data-element_type=\"widget\" data-e-type=\"widget\" data-widget_type=\"heading.default\">\n\t\t\t\t<div class=\"elementor-widget-container\">\n\t\t\t\t\t<h2 class=\"elementor-heading-title elementor-size-default\">    1. Approbation du proc\u00e8s verbal du 12 juin 2025\n<\/h2>\t\t\t\t<\/div>\n\t\t\t\t<\/div>\n\t\t\t\t\t<\/div>\n\t\t\t\t<\/div>\n\t\t<div class=\"elementor-element elementor-element-bb9fa65 e-flex e-con-boxed e-con e-parent\" data-id=\"bb9fa65\" data-element_type=\"container\" data-e-type=\"container\">\n\t\t\t\t\t<div class=\"e-con-inner\">\n\t\t\t\t<div class=\"elementor-element elementor-element-f3bd0b6 elementor-widget elementor-widget-text-editor\" data-id=\"f3bd0b6\" data-element_type=\"widget\" data-e-type=\"widget\" data-widget_type=\"text-editor.default\">\n\t\t\t\t<div class=\"elementor-widget-container\">\n\t\t\t\t\t\t\t\t\t<p align=\"justify\"><span style=\"color: #229447\"><span style=\"font-family: Arial, sans-serif\"><b>L\u2019\u00c9lan commun demande que soit retir\u00e9e une phrase o\u00f9 une organisation syndicale s\u2019exprime au nom du SNETAP-FSU (sic). <\/b><\/span><\/span><\/p><p align=\"justify\"><span style=\"font-family: Arial, sans-serif\">L\u2019Administration refuse ignorant la diff\u00e9rence entre proc\u00e8s-verbal et verbatim. La phrase sera donc corrig\u00e9e.<\/span><\/p>\t\t\t\t\t\t\t\t<\/div>\n\t\t\t\t<\/div>\n\t\t\t\t\t<\/div>\n\t\t\t\t<\/div>\n\t\t<div class=\"elementor-element elementor-element-f6eeb7f e-flex e-con-boxed e-con e-parent\" data-id=\"f6eeb7f\" data-element_type=\"container\" data-e-type=\"container\">\n\t\t\t\t\t<div class=\"e-con-inner\">\n\t\t\t\t<div class=\"elementor-element elementor-element-01dec44 elementor-widget elementor-widget-heading\" data-id=\"01dec44\" data-element_type=\"widget\" data-e-type=\"widget\" data-widget_type=\"heading.default\">\n\t\t\t\t<div class=\"elementor-widget-container\">\n\t\t\t\t\t<h2 class=\"elementor-heading-title elementor-size-default\">2 . Bilan examens session 2025<\/h2>\t\t\t\t<\/div>\n\t\t\t\t<\/div>\n\t\t\t\t\t<\/div>\n\t\t\t\t<\/div>\n\t\t<div class=\"elementor-element elementor-element-efa146c e-flex e-con-boxed e-con e-parent\" data-id=\"efa146c\" data-element_type=\"container\" data-e-type=\"container\">\n\t\t\t\t\t<div class=\"e-con-inner\">\n\t\t\t\t<div class=\"elementor-element elementor-element-0c77cd6 elementor-widget elementor-widget-text-editor\" data-id=\"0c77cd6\" data-element_type=\"widget\" data-e-type=\"widget\" data-widget_type=\"text-editor.default\">\n\t\t\t\t<div class=\"elementor-widget-container\">\n\t\t\t\t\t\t\t\t\t<p align=\"justify\"><span style=\"font-family: Arial, sans-serif\">L\u2019Administration explique qu\u2019il y a des retards dans la publication des donn\u00e9es car certains personnels sont malades. Les donn\u00e9es ne sont pas encore consolid\u00e9es.<\/span><\/p><p align=\"justify\"><span style=\"font-family: Arial, sans-serif\">Ce que l&rsquo;on note\u00a0: une moyenne qui reste \u00e0 l\u2019identique de l&rsquo;ann\u00e9e derni\u00e8re et au niveau de la moyenne nationale. Une l\u00e9g\u00e8re augmentation des r\u00e9sultats s\u2019observe sur 3 ans. L\u2019administration renvoie vers le site de la DRAAF pour consulter les r\u00e9sultats au fur et \u00e0 mesure de leur publication.<\/span><\/p><p align=\"justify\"><span style=\"font-family: Arial, sans-serif\">Les r\u00e9sultats du Bac G\u00e9n\u00e9ral dans le public sont 10 points au dessus du priv\u00e9. <\/span><\/p><p align=\"justify\"><span style=\"color: #229447\"><span style=\"font-family: Arial, sans-serif\"><b>L\u2019\u00c9lan commun fait remarquer que cela pose question de l\u2019attribution des moyens au priv\u00e9 favoris\u00e9 (en termes d\u2019ouvertures de formation) depuis une dizaine d\u2019ann\u00e9e. <\/b><\/span><\/span><\/p><p align=\"justify\"><span style=\"font-family: Arial, sans-serif\"><b>Pour l\u2019Administration, <\/b><b>les r\u00e9sultats sont multifactoriels et <\/b><b>elle n\u2019<\/b><b>en d\u00e9duit rien. <\/b><b>Pour La DRAAF il n\u2019y a donc aucune explication \u00e0 donner \u2026 une r\u00e9ponse pour le moins \u00e9tonnante.<\/b><\/span><\/p>\t\t\t\t\t\t\t\t<\/div>\n\t\t\t\t<\/div>\n\t\t\t\t\t<\/div>\n\t\t\t\t<\/div>\n\t\t<div class=\"elementor-element elementor-element-0bb86bd e-flex e-con-boxed e-con e-parent\" data-id=\"0bb86bd\" data-element_type=\"container\" data-e-type=\"container\">\n\t\t\t\t\t<div class=\"e-con-inner\">\n\t\t\t\t<div class=\"elementor-element elementor-element-7282e5b elementor-widget elementor-widget-image\" data-id=\"7282e5b\" data-element_type=\"widget\" data-e-type=\"widget\" data-widget_type=\"image.default\">\n\t\t\t\t<div class=\"elementor-widget-container\">\n\t\t\t\t\t\t\t\t\t\t\t\t\t\t\t<img fetchpriority=\"high\" decoding=\"async\" width=\"1024\" height=\"537\" src=\"https:\/\/regions-snetap-fsu.fr\/na\/wp-content\/uploads\/sites\/3\/2025\/10\/Bilan-examens-2025-1024x537.png\" class=\"attachment-large size-large wp-image-5359\" alt=\"\" srcset=\"https:\/\/regions-snetap-fsu.fr\/na\/wp-content\/uploads\/sites\/3\/2025\/10\/Bilan-examens-2025-1024x537.png 1024w, https:\/\/regions-snetap-fsu.fr\/na\/wp-content\/uploads\/sites\/3\/2025\/10\/Bilan-examens-2025-300x157.png 300w, https:\/\/regions-snetap-fsu.fr\/na\/wp-content\/uploads\/sites\/3\/2025\/10\/Bilan-examens-2025-768x403.png 768w, https:\/\/regions-snetap-fsu.fr\/na\/wp-content\/uploads\/sites\/3\/2025\/10\/Bilan-examens-2025-1536x806.png 1536w, https:\/\/regions-snetap-fsu.fr\/na\/wp-content\/uploads\/sites\/3\/2025\/10\/Bilan-examens-2025.png 1549w\" sizes=\"(max-width: 1024px) 100vw, 1024px\" \/>\t\t\t\t\t\t\t\t\t\t\t\t\t\t\t<\/div>\n\t\t\t\t<\/div>\n\t\t\t\t\t<\/div>\n\t\t\t\t<\/div>\n\t\t<div class=\"elementor-element elementor-element-c5dd12c e-flex e-con-boxed e-con e-parent\" data-id=\"c5dd12c\" data-element_type=\"container\" data-e-type=\"container\">\n\t\t\t\t\t<div class=\"e-con-inner\">\n\t\t\t\t<div class=\"elementor-element elementor-element-02aea38 elementor-widget elementor-widget-image\" data-id=\"02aea38\" data-element_type=\"widget\" data-e-type=\"widget\" data-widget_type=\"image.default\">\n\t\t\t\t<div class=\"elementor-widget-container\">\n\t\t\t\t\t\t\t\t\t\t\t\t\t\t\t<img decoding=\"async\" width=\"1024\" height=\"655\" src=\"https:\/\/regions-snetap-fsu.fr\/na\/wp-content\/uploads\/sites\/3\/2025\/10\/Bilan-examens-2025-bis-1024x655.jpg\" class=\"attachment-large size-large wp-image-5360\" alt=\"\" srcset=\"https:\/\/regions-snetap-fsu.fr\/na\/wp-content\/uploads\/sites\/3\/2025\/10\/Bilan-examens-2025-bis-1024x655.jpg 1024w, https:\/\/regions-snetap-fsu.fr\/na\/wp-content\/uploads\/sites\/3\/2025\/10\/Bilan-examens-2025-bis-300x192.jpg 300w, https:\/\/regions-snetap-fsu.fr\/na\/wp-content\/uploads\/sites\/3\/2025\/10\/Bilan-examens-2025-bis-768x491.jpg 768w, https:\/\/regions-snetap-fsu.fr\/na\/wp-content\/uploads\/sites\/3\/2025\/10\/Bilan-examens-2025-bis.jpg 1297w\" sizes=\"(max-width: 1024px) 100vw, 1024px\" \/>\t\t\t\t\t\t\t\t\t\t\t\t\t\t\t<\/div>\n\t\t\t\t<\/div>\n\t\t\t\t\t<\/div>\n\t\t\t\t<\/div>\n\t\t<div class=\"elementor-element elementor-element-db06456 e-flex e-con-boxed e-con e-parent\" data-id=\"db06456\" data-element_type=\"container\" data-e-type=\"container\">\n\t\t\t\t\t<div class=\"e-con-inner\">\n\t\t\t\t<div class=\"elementor-element elementor-element-f07ba15 elementor-widget elementor-widget-heading\" data-id=\"f07ba15\" data-element_type=\"widget\" data-e-type=\"widget\" data-widget_type=\"heading.default\">\n\t\t\t\t<div class=\"elementor-widget-container\">\n\t\t\t\t\t<h1 class=\"elementor-heading-title elementor-size-default\">3 . Bilan de l'affectation Affelnet<\/h1>\t\t\t\t<\/div>\n\t\t\t\t<\/div>\n\t\t\t\t\t<\/div>\n\t\t\t\t<\/div>\n\t\t<div class=\"elementor-element elementor-element-449c728 e-flex e-con-boxed e-con e-parent\" data-id=\"449c728\" data-element_type=\"container\" data-e-type=\"container\">\n\t\t\t\t\t<div class=\"e-con-inner\">\n\t\t\t\t<div class=\"elementor-element elementor-element-6b9afae elementor-widget elementor-widget-text-editor\" data-id=\"6b9afae\" data-element_type=\"widget\" data-e-type=\"widget\" data-widget_type=\"text-editor.default\">\n\t\t\t\t<div class=\"elementor-widget-container\">\n\t\t\t\t\t\t\t\t\t<p align=\"justify\"><span style=\"font-family: Arial, sans-serif\">L\u2019Administration r\u00e9alise une pr\u00e9sentation d\u00e9taill\u00e9e du bilan de l\u2019affectation par fili\u00e8re dans le public en NA. <\/span><\/p><p align=\"justify\"><span style=\"font-family: Arial, sans-serif\">\u00ab\u00a03 tours\u00a0\u00bb de recrutement sont r\u00e9alis\u00e9s.<\/span><\/p><p align=\"justify\"><span style=\"font-family: Arial, sans-serif\">&#8211; Les CAP et CAPa affichent un taux de remplissage tr\u00e8s satisfaisant, sup\u00e9rieur \u00e0 93\u00a0%<\/span><\/p><p align=\"justify\"><span style=\"font-family: Arial, sans-serif\">&#8211; En seconde professionnelle NJP, il reste beaucoup de places vacantes\u00a0: seulement 397 inscrit.es pour une capacit\u00e9 de 509 places.<\/span><\/p><p align=\"justify\"><span style=\"font-family: Arial, sans-serif\">&#8211; Le SAPAT\u00a0est une fili\u00e8re o\u00f9 ou il y a plus d\u2019inscrits (233) que de places (229).<\/span><\/p><p align=\"justify\"><span style=\"font-family: Arial, sans-serif\">&#8211; En seconde professionnelles Productions, 572 inscrits pour 683 places<\/span><\/p><p align=\"justify\"><span style=\"font-family: Arial, sans-serif\">&#8211; La seconde professionnelle ABIL est fortement demand\u00e9e\u00a0: 57 places offertes et 59 inscrits au 15 septembre.<\/span><\/p><p align=\"justify\"><span style=\"font-family: Arial, sans-serif\">&#8211; En seconde GT, pas de second tour, 889 inscrits pour 1028 places <\/span><\/p><p align=\"justify\"><span style=\"font-family: Arial, sans-serif\"><b>L\u2019Administration explique que nombre d\u2019\u00e9l\u00e8ves modifient leurs v\u0153ux \u00e0 la derni\u00e8re minute et retournent dans leur lyc\u00e9e de secteur et suppose qu\u2019un certain nombre fait le choix de l\u2019apprentissage.<\/b><\/span><\/p>\t\t\t\t\t\t\t\t<\/div>\n\t\t\t\t<\/div>\n\t\t\t\t\t<\/div>\n\t\t\t\t<\/div>\n\t\t<div class=\"elementor-element elementor-element-4dcd512 e-flex e-con-boxed e-con e-parent\" data-id=\"4dcd512\" data-element_type=\"container\" data-e-type=\"container\">\n\t\t\t\t\t<div class=\"e-con-inner\">\n\t\t\t\t<div class=\"elementor-element elementor-element-42cf6c7 elementor-widget elementor-widget-image\" data-id=\"42cf6c7\" data-element_type=\"widget\" data-e-type=\"widget\" data-widget_type=\"image.default\">\n\t\t\t\t<div class=\"elementor-widget-container\">\n\t\t\t\t\t\t\t\t\t\t\t\t\t\t\t<img decoding=\"async\" width=\"1024\" height=\"528\" src=\"https:\/\/regions-snetap-fsu.fr\/na\/wp-content\/uploads\/sites\/3\/2025\/10\/Affelnet-1024x528.png\" class=\"attachment-large size-large wp-image-5361\" alt=\"\" srcset=\"https:\/\/regions-snetap-fsu.fr\/na\/wp-content\/uploads\/sites\/3\/2025\/10\/Affelnet-1024x528.png 1024w, https:\/\/regions-snetap-fsu.fr\/na\/wp-content\/uploads\/sites\/3\/2025\/10\/Affelnet-300x155.png 300w, https:\/\/regions-snetap-fsu.fr\/na\/wp-content\/uploads\/sites\/3\/2025\/10\/Affelnet-768x396.png 768w, https:\/\/regions-snetap-fsu.fr\/na\/wp-content\/uploads\/sites\/3\/2025\/10\/Affelnet-1536x792.png 1536w, https:\/\/regions-snetap-fsu.fr\/na\/wp-content\/uploads\/sites\/3\/2025\/10\/Affelnet.png 1575w\" sizes=\"(max-width: 1024px) 100vw, 1024px\" \/>\t\t\t\t\t\t\t\t\t\t\t\t\t\t\t<\/div>\n\t\t\t\t<\/div>\n\t\t\t\t\t<\/div>\n\t\t\t\t<\/div>\n\t\t<div class=\"elementor-element elementor-element-db8fc51 e-flex e-con-boxed e-con e-parent\" data-id=\"db8fc51\" data-element_type=\"container\" data-e-type=\"container\">\n\t\t\t\t\t<div class=\"e-con-inner\">\n\t\t\t\t<div class=\"elementor-element elementor-element-978bf99 elementor-widget elementor-widget-heading\" data-id=\"978bf99\" data-element_type=\"widget\" data-e-type=\"widget\" data-widget_type=\"heading.default\">\n\t\t\t\t<div class=\"elementor-widget-container\">\n\t\t\t\t\t<h2 class=\"elementor-heading-title elementor-size-default\">4 . Point effectifs rentr\u00e9e 2025 <\/h2>\t\t\t\t<\/div>\n\t\t\t\t<\/div>\n\t\t\t\t\t<\/div>\n\t\t\t\t<\/div>\n\t\t<div class=\"elementor-element elementor-element-05b5acb e-flex e-con-boxed e-con e-parent\" data-id=\"05b5acb\" data-element_type=\"container\" data-e-type=\"container\">\n\t\t\t\t\t<div class=\"e-con-inner\">\n\t\t\t\t<div class=\"elementor-element elementor-element-6266a3f elementor-widget__width-initial elementor-widget elementor-widget-text-editor\" data-id=\"6266a3f\" data-element_type=\"widget\" data-e-type=\"widget\" data-widget_type=\"text-editor.default\">\n\t\t\t\t<div class=\"elementor-widget-container\">\n\t\t\t\t\t\t\t\t\t<p align=\"justify\"><span style=\"font-family: Arial, sans-serif\">La DRAAF pr\u00e9cise que les chiffres sont encore provisoires, il est n\u00e9cessaire d\u2019\u00eatre prudent sur l&rsquo;interpr\u00e9tation que l&rsquo;on en fait.<\/span><\/p><p align=\"justify\"><span style=\"font-family: Arial, sans-serif\">&#8211; Bon recrutement pour les classes de 4\u00e8me et 3\u00e8me de l\u2019EA.<\/span><\/p><p align=\"justify\"><span style=\"font-family: Arial, sans-serif\">&#8211; Bon recrutement en CAPa mais il faut s\u2019attendre \u00e0 des d\u00e9perditions en cours d&rsquo;ann\u00e9e (r\u00e9orientation, apprentissage). <\/span><\/p><p align=\"justify\"><span style=\"font-family: Arial, sans-serif\">&#8211; Cycle Bac Pro\u00a0: on observe un fl\u00e9chissement sur les Secondes Pro et Bac Pro 1. Rien de dramatique pour l\u2019Administration, ce sont des \u00e9volutions li\u00e9es notamment \u00e0 l\u2019\u00e9volution de la carte scolaire, quelques d\u00e9perditions, ouverture d&rsquo;une seconde GT sur Poitiers<\/span><\/p><p align=\"justify\"><span style=\"font-family: Arial, sans-serif\">&#8211; Cycle Bac G\u00e9n\u00e9ral\u00a0: l\u00e9ger fl\u00e9chissement en seconde, stabilit\u00e9 en premi\u00e8re \u00e0 3 \u00e9l\u00e8ves pr\u00e8s.<\/span><\/p><p align=\"justify\"><span style=\"font-family: Arial, sans-serif\">&#8211; BTSA : effectif l\u00e9g\u00e8rement en baisse avec d\u00e9perdition en cours de formation. Difficult\u00e9 \u00e0 recruter et perte durant le cycle. Pourtant l\u2019Administration s\u2019affirme confiante et s\u2019attend, une fois les effectifs stabilis\u00e9s, \u00e0 une l\u00e9g\u00e8re progression. <\/span><\/p><p align=\"justify\"><span style=\"color: #229447\"><span style=\"font-family: Arial, sans-serif\"><b>L\u2019\u00c9lan commun interpelle l\u2019Administration sur les moyens mis en \u0153uvre pour limiter, voire enrayer, la perte d\u2019\u00e9l\u00e8ves en cours de cycle. Il y a n\u00e9cessit\u00e9 \u00e0 agir. <\/b><\/span><\/span><\/p><p align=\"justify\"><span style=\"font-family: Arial, sans-serif\"><b>L\u2019Administration renvoie \u00e0 un travail \u00ab\u00a0en interne\u00a0\u00bb <\/b><b>aux EPL<\/b><b>. <\/b><b>Circulez, <\/b><b>je n\u2019y peux rien<\/b><b>.<\/b><\/span><\/p><p align=\"justify\"><span style=\"font-family: Arial, sans-serif\">Les autres organisations syndicales enfoncent le clou, faisant remarquer que le Bachelor ne r\u00e9pondra pas \u00e0 la probl\u00e9matique et observant la concurrence de l\u2019apprentissage.<\/span><\/p>\t\t\t\t\t\t\t\t<\/div>\n\t\t\t\t<\/div>\n\t\t\t\t\t<\/div>\n\t\t\t\t<\/div>\n\t\t<div class=\"elementor-element elementor-element-f588c02 e-flex e-con-boxed e-con e-parent\" data-id=\"f588c02\" data-element_type=\"container\" data-e-type=\"container\">\n\t\t\t\t\t<div class=\"e-con-inner\">\n\t\t\t\t<div class=\"elementor-element elementor-element-c219fd2 elementor-widget elementor-widget-image\" data-id=\"c219fd2\" data-element_type=\"widget\" data-e-type=\"widget\" data-widget_type=\"image.default\">\n\t\t\t\t<div class=\"elementor-widget-container\">\n\t\t\t\t\t\t\t\t\t\t\t\t\t\t\t<img loading=\"lazy\" decoding=\"async\" width=\"1024\" height=\"541\" src=\"https:\/\/regions-snetap-fsu.fr\/na\/wp-content\/uploads\/sites\/3\/2025\/10\/Effectifs-rentree-2025-1024x541.png\" class=\"attachment-large size-large wp-image-5362\" alt=\"\" srcset=\"https:\/\/regions-snetap-fsu.fr\/na\/wp-content\/uploads\/sites\/3\/2025\/10\/Effectifs-rentree-2025-1024x541.png 1024w, https:\/\/regions-snetap-fsu.fr\/na\/wp-content\/uploads\/sites\/3\/2025\/10\/Effectifs-rentree-2025-300x158.png 300w, https:\/\/regions-snetap-fsu.fr\/na\/wp-content\/uploads\/sites\/3\/2025\/10\/Effectifs-rentree-2025-768x406.png 768w, https:\/\/regions-snetap-fsu.fr\/na\/wp-content\/uploads\/sites\/3\/2025\/10\/Effectifs-rentree-2025-1536x811.png 1536w, https:\/\/regions-snetap-fsu.fr\/na\/wp-content\/uploads\/sites\/3\/2025\/10\/Effectifs-rentree-2025.png 1570w\" sizes=\"(max-width: 1024px) 100vw, 1024px\" \/>\t\t\t\t\t\t\t\t\t\t\t\t\t\t\t<\/div>\n\t\t\t\t<\/div>\n\t\t\t\t\t<\/div>\n\t\t\t\t<\/div>\n\t\t<div class=\"elementor-element elementor-element-f10bf06 e-flex e-con-boxed e-con e-parent\" data-id=\"f10bf06\" data-element_type=\"container\" data-e-type=\"container\">\n\t\t\t\t\t<div class=\"e-con-inner\">\n\t\t\t\t<div class=\"elementor-element elementor-element-9ef1985 elementor-widget elementor-widget-heading\" data-id=\"9ef1985\" data-element_type=\"widget\" data-e-type=\"widget\" data-widget_type=\"heading.default\">\n\t\t\t\t<div class=\"elementor-widget-container\">\n\t\t\t\t\t<h1 class=\"elementor-heading-title elementor-size-default\">5 . Point sur les moyens de la rentr\u00e9e 2025<\/h1>\t\t\t\t<\/div>\n\t\t\t\t<\/div>\n\t\t\t\t\t<\/div>\n\t\t\t\t<\/div>\n\t\t<div class=\"elementor-element elementor-element-82b3724 e-flex e-con-boxed e-con e-parent\" data-id=\"82b3724\" data-element_type=\"container\" data-e-type=\"container\">\n\t\t\t\t\t<div class=\"e-con-inner\">\n\t\t\t\t<div class=\"elementor-element elementor-element-46ecfc3 elementor-widget elementor-widget-text-editor\" data-id=\"46ecfc3\" data-element_type=\"widget\" data-e-type=\"widget\" data-widget_type=\"text-editor.default\">\n\t\t\t\t<div class=\"elementor-widget-container\">\n\t\t\t\t\t\t\t\t\t<p align=\"justify\"><span style=\"font-family: Arial, sans-serif\">L\u2019Administration r\u00e9alise une pr\u00e9sentation d\u00e9taill\u00e9e de la r\u00e9partition de la DGH en pr\u00e9cisant que\u00a0<\/span><span style=\"font-family: Arial, sans-serif;font-size: 16px;text-align: start\">les chiffres sont susceptibles d&rsquo;\u00e9voluer en fonction de la r\u00e9alit\u00e9 de terrain (effectifs, seuils, options)<\/span><\/p><p align=\"justify\"><span style=\"font-family: Arial, sans-serif\">Total 727 944 heures hors compensation nationale <\/span><\/p><p align=\"justify\"><span style=\"font-family: Arial, sans-serif\">Il y a un d\u00e9passement de 2800 heures. Ce d\u00e9passement a \u00e9t\u00e9 remont\u00e9 au niveau national avec les causes qui le justifient : des\u00a0<\/span><span style=\"font-family: Arial, sans-serif;font-size: 16px;text-align: start\">missions et une compensation nationale de 4200 heures ainsi que des d\u00e9charges syndicales \u00e0 hauteur de 30 %.<\/span><\/p><p align=\"justify\"><span style=\"font-family: Arial, sans-serif\"><b>L\u2019Administration alerte que la DGER\u00a0est susceptible de demander un effort de mutualisation (\u00e0 l\u2019\u00e9chelle nationale) plus important cette ann\u00e9e. Ainsi certaines r\u00e9gions redonnent de la DGH qui est redistribu\u00e9e pour r\u00e9pondre aux besoins de classe o\u00f9 l&rsquo;on a des effectifs.<\/b><\/span><\/p><p align=\"justify\"><span style=\"font-family: Arial, sans-serif\"><b>L\u2019Administration en appelle \u00e0 la vigilance des \u00ab\u00a0\u00e9quipes\u00a0\u00bb (en EPL) qui ne doivent pas attendre le couperet de la DRAAF. \u00ab\u00a0<i>Si cela ne percole pas, je suis \u00e0 l\u2019aise pour assumer mes responsabilit\u00e9s<\/i>\u00a0\u00bb (sic)<\/b><\/span><\/p><p align=\"justify\"><span style=\"color: #229447\"><span style=\"font-family: Arial, sans-serif\"><b>L\u2019\u00c9lan commun d\u00e9nonce l\u2019\u00e9volution de la dotation \u00e0 cette rentr\u00e9e (suppression de 5 postes d\u2019enseignant titulaire) qui renforce la pr\u00e9carisation des personnels et d\u00e9grade les conditions de travail puisque les effectifs sont en augmentation. Cette orientation politique n\u2019est pas satisfaisante.<\/b><\/span><\/span><\/p><p align=\"justify\"><span style=\"color: #229447\"><span style=\"font-family: Arial, sans-serif\"><b>L\u2019 \u00c9lan commun ne comprend pas le renvoi \u00ab\u00a0aux \u00e9quipes\u00a0\u00bb et rappelle que le r\u00f4le des \u00e9quipes de direction est primordial dans le dialogue de gestion. Il existe une hi\u00e9rarchie dans les EPL.<\/b><\/span><\/span><\/p><p align=\"justify\"><span style=\"color: #229447\"><span style=\"font-family: Arial, sans-serif\"><b>L\u2019\u00c9lan commun rappelle que l\u2019EPL de Surg\u00e8res \u00e0 largement contribu\u00e9 en perdant 5 classes de BTSA en 5 ans. <\/b><\/span><\/span><\/p>\t\t\t\t\t\t\t\t<\/div>\n\t\t\t\t<\/div>\n\t\t\t\t\t<\/div>\n\t\t\t\t<\/div>\n\t\t<div class=\"elementor-element elementor-element-860051a e-flex e-con-boxed e-con e-parent\" data-id=\"860051a\" data-element_type=\"container\" data-e-type=\"container\">\n\t\t\t\t\t<div class=\"e-con-inner\">\n\t\t\t\t<div class=\"elementor-element elementor-element-10a068f elementor-widget elementor-widget-image\" data-id=\"10a068f\" data-element_type=\"widget\" data-e-type=\"widget\" data-widget_type=\"image.default\">\n\t\t\t\t<div class=\"elementor-widget-container\">\n\t\t\t\t\t\t\t\t\t\t\t\t\t\t\t<img loading=\"lazy\" decoding=\"async\" width=\"1024\" height=\"533\" src=\"https:\/\/regions-snetap-fsu.fr\/na\/wp-content\/uploads\/sites\/3\/2025\/10\/Moyens-rentree-2025-1024x533.png\" class=\"attachment-large size-large wp-image-5363\" alt=\"\" srcset=\"https:\/\/regions-snetap-fsu.fr\/na\/wp-content\/uploads\/sites\/3\/2025\/10\/Moyens-rentree-2025-1024x533.png 1024w, https:\/\/regions-snetap-fsu.fr\/na\/wp-content\/uploads\/sites\/3\/2025\/10\/Moyens-rentree-2025-300x156.png 300w, https:\/\/regions-snetap-fsu.fr\/na\/wp-content\/uploads\/sites\/3\/2025\/10\/Moyens-rentree-2025-768x400.png 768w, https:\/\/regions-snetap-fsu.fr\/na\/wp-content\/uploads\/sites\/3\/2025\/10\/Moyens-rentree-2025-1536x800.png 1536w, https:\/\/regions-snetap-fsu.fr\/na\/wp-content\/uploads\/sites\/3\/2025\/10\/Moyens-rentree-2025.png 1563w\" sizes=\"(max-width: 1024px) 100vw, 1024px\" \/>\t\t\t\t\t\t\t\t\t\t\t\t\t\t\t<\/div>\n\t\t\t\t<\/div>\n\t\t\t\t\t<\/div>\n\t\t\t\t<\/div>\n\t\t<div class=\"elementor-element elementor-element-6bd1eaf e-flex e-con-boxed e-con e-parent\" data-id=\"6bd1eaf\" data-element_type=\"container\" data-e-type=\"container\">\n\t\t\t\t\t<div class=\"e-con-inner\">\n\t\t\t\t<div class=\"elementor-element elementor-element-9ac1508 elementor-widget elementor-widget-image\" data-id=\"9ac1508\" data-element_type=\"widget\" data-e-type=\"widget\" data-widget_type=\"image.default\">\n\t\t\t\t<div class=\"elementor-widget-container\">\n\t\t\t\t\t\t\t\t\t\t\t\t\t\t\t<img loading=\"lazy\" decoding=\"async\" width=\"1024\" height=\"534\" src=\"https:\/\/regions-snetap-fsu.fr\/na\/wp-content\/uploads\/sites\/3\/2025\/10\/Moyens-rentree-2025-bis-1024x534.png\" class=\"attachment-large size-large wp-image-5364\" alt=\"\" srcset=\"https:\/\/regions-snetap-fsu.fr\/na\/wp-content\/uploads\/sites\/3\/2025\/10\/Moyens-rentree-2025-bis-1024x534.png 1024w, https:\/\/regions-snetap-fsu.fr\/na\/wp-content\/uploads\/sites\/3\/2025\/10\/Moyens-rentree-2025-bis-300x157.png 300w, https:\/\/regions-snetap-fsu.fr\/na\/wp-content\/uploads\/sites\/3\/2025\/10\/Moyens-rentree-2025-bis-768x401.png 768w, https:\/\/regions-snetap-fsu.fr\/na\/wp-content\/uploads\/sites\/3\/2025\/10\/Moyens-rentree-2025-bis.png 1531w\" sizes=\"(max-width: 1024px) 100vw, 1024px\" \/>\t\t\t\t\t\t\t\t\t\t\t\t\t\t\t<\/div>\n\t\t\t\t<\/div>\n\t\t\t\t\t<\/div>\n\t\t\t\t<\/div>\n\t\t<div class=\"elementor-element elementor-element-b0eca80 e-flex e-con-boxed e-con e-parent\" data-id=\"b0eca80\" data-element_type=\"container\" data-e-type=\"container\">\n\t\t\t\t\t<div class=\"e-con-inner\">\n\t\t\t\t<div class=\"elementor-element elementor-element-3566574 elementor-widget elementor-widget-heading\" data-id=\"3566574\" data-element_type=\"widget\" data-e-type=\"widget\" data-widget_type=\"heading.default\">\n\t\t\t\t<div class=\"elementor-widget-container\">\n\t\t\t\t\t<h1 class=\"elementor-heading-title elementor-size-default\">6 . Coop\u00e9ration internationale<\/h1>\t\t\t\t<\/div>\n\t\t\t\t<\/div>\n\t\t\t\t\t<\/div>\n\t\t\t\t<\/div>\n\t\t<div class=\"elementor-element elementor-element-78e6b8d e-flex e-con-boxed e-con e-parent\" data-id=\"78e6b8d\" data-element_type=\"container\" data-e-type=\"container\">\n\t\t\t\t\t<div class=\"e-con-inner\">\n\t\t\t\t<div class=\"elementor-element elementor-element-9f85ee2 elementor-widget elementor-widget-text-editor\" data-id=\"9f85ee2\" data-element_type=\"widget\" data-e-type=\"widget\" data-widget_type=\"text-editor.default\">\n\t\t\t\t<div class=\"elementor-widget-container\">\n\t\t\t\t\t\t\t\t\t<p align=\"justify\"><span style=\"font-family: Arial, sans-serif\">L\u2019Administration r\u00e9alise une pr\u00e9sentation d\u00e9taill\u00e9e des mobilit\u00e9s dans l\u2019Union Europ\u00e9enne et hors UE. Selon elle la dynamique est remarquable, les d\u00e9marches sont simplifi\u00e9es.<\/span><\/p><p align=\"justify\"><span style=\"color: #229447\"><span style=\"font-family: Arial, sans-serif\"><b>L\u2019\u00c9lan commun demande \u00e0 distinguer la coop\u00e9ration internationale de la mobilit\u00e9 des apprenant.es et agent.es.<\/b><\/span><\/span><\/p><p align=\"justify\"><span style=\"color: #000000\"><span style=\"font-family: Arial, sans-serif\"><b>Il n&rsquo;y a pas de sujet pour l\u2019Administration puisque la coop\u00e9ration inclut la mobilit\u00e9.<\/b><\/span><\/span><\/p>\t\t\t\t\t\t\t\t<\/div>\n\t\t\t\t<\/div>\n\t\t\t\t\t<\/div>\n\t\t\t\t<\/div>\n\t\t<div class=\"elementor-element elementor-element-a3e6e8d e-flex e-con-boxed e-con e-parent\" data-id=\"a3e6e8d\" data-element_type=\"container\" data-e-type=\"container\">\n\t\t\t\t\t<div class=\"e-con-inner\">\n\t\t\t\t<div class=\"elementor-element elementor-element-6961cc4 elementor-widget elementor-widget-heading\" data-id=\"6961cc4\" data-element_type=\"widget\" data-e-type=\"widget\" data-widget_type=\"heading.default\">\n\t\t\t\t<div class=\"elementor-widget-container\">\n\t\t\t\t\t<h1 class=\"elementor-heading-title elementor-size-default\">7 . Carte scolaire rentr\u00e9e scolaire 2026<\/h1>\t\t\t\t<\/div>\n\t\t\t\t<\/div>\n\t\t\t\t\t<\/div>\n\t\t\t\t<\/div>\n\t\t<div class=\"elementor-element elementor-element-65bd4ba e-flex e-con-boxed e-con e-parent\" data-id=\"65bd4ba\" data-element_type=\"container\" data-e-type=\"container\">\n\t\t\t\t\t<div class=\"e-con-inner\">\n\t\t\t\t<div class=\"elementor-element elementor-element-d8e5eff elementor-widget elementor-widget-text-editor\" data-id=\"d8e5eff\" data-element_type=\"widget\" data-e-type=\"widget\" data-widget_type=\"text-editor.default\">\n\t\t\t\t<div class=\"elementor-widget-container\">\n\t\t\t\t\t\t\t\t\t<p align=\"justify\"><span style=\"font-family: Arial, sans-serif\">L\u2019Administration rappelle le calendrier et les \u00e9ch\u00e9ances \u00e0 venir, et notamment la r\u00e9union avec la R\u00e9gion le 26 novembre prochain \u00e0 Angoul\u00eame.\u00a0<\/span><\/p><p align=\"justify\"><span style=\"font-family: Arial, sans-serif\">&#8211; Bourcefranc\u00a0: demande classe de 3\u00e8me formul\u00e9e sans contre partie<\/span><\/p><p align=\"justify\"><span style=\"font-family: Arial, sans-serif\">&#8211; Jonzac\u00a0: demande BTS culture et d\u00e9veloppement durable prudence sur cette demande pas de contre partie<\/span><\/p><p align=\"justify\"><span style=\"font-family: Arial, sans-serif\">&#8211; Surg\u00e8res\u00a0: ouverture de la SECTION de terminale <\/span><\/p><p align=\"justify\"><span style=\"color: #229447\"><span style=\"font-family: Arial, sans-serif\"><b>L\u2019\u00c9lan commun demande \u00e0 repr\u00e9ciser puisque cette ann\u00e9e la premi\u00e8re ouvre en CLASSE. <\/b><\/span><\/span><\/p><p align=\"justify\"><span style=\"color: #229447\"><span style=\"font-family: Arial, sans-serif\"><b><span style=\"color: #000000\">L\u2019EPL a ouvert une <\/span><span style=\"color: #000000\">CLASSE<\/span><span style=\"color: #000000\"> de premi\u00e8re en 2025 sur ses propres moyens, il s\u2019agira bien d\u2019une SECTION en terminale.<\/span><\/b><\/span><\/span><\/p><p align=\"justify\"><span style=\"font-family: Arial, sans-serif\">&#8211; Neuvic : demande BTS GPN en un an \u2013 prudence concernant le seuil <\/span><\/p><p align=\"justify\"><span style=\"font-family: Arial, sans-serif\">&#8211; Blanquefort\u00a0: BTS Anabiotec pour remplacer un BTS VO. Ouverture d&rsquo;une 2\u00e8me classe.<\/span><\/p><p align=\"justify\"><span style=\"font-family: Arial, sans-serif\">&#8211; Niort\u00a0: demande BTS AP en contre partie de la mise en section de bac pro avec le projet de mixer les apprentis et \u00e9l\u00e8ves \u2013 prudence sur la capacit\u00e9 \u00e0 remplir <\/span><\/p><p align=\"justify\"><span style=\"font-family: Arial, sans-serif\">&#8211; Poitiers Kyoto : fermeture Bac Pro pour ouverture Bac STAV<\/span><\/p><p align=\"justify\"><span style=\"font-family: Arial, sans-serif\">Thur\u00e9 CAP JP et productions V\u00e9g\u00e9tales \u2013 pas de concurrences \u2013 vigilance quant aux emplois qui sont principalement saisonniers pour les PV<\/span><\/p><p align=\"justify\"><span style=\"font-family: Arial, sans-serif\">&#8211; Poitiers Venours\u00a0: poursuite de fermeture<\/span><\/p><p align=\"justify\"><span style=\"font-family: Arial, sans-serif\">&#8211; Saint Yriex\u00a0: production animale mise en mixage le public GDEA. Sur le secteur de la production agricole, il y a des emplois<\/span><\/p><p align=\"justify\"><span style=\"font-family: Arial, sans-serif\">&#8211; Magnac Laval\u00a0: ouverture d\u2019une section de 2nde Pro canins-f\u00e9lins<\/span><\/p><p align=\"justify\"><span style=\"font-family: Arial, sans-serif\"><b>L\u2019ensemble de ces ouvertures n\u00e9cessiterait 5 000 heures de DGH suppl\u00e9mentaires \u00e0 la rentr\u00e9e 2026.<\/b><\/span><\/p><p align=\"justify\"><span style=\"font-family: Arial, sans-serif\"><b>L\u2019administration met en avant le mixage de publics pour justifier l\u2019ouverture de certaines classes \u00e0 petits effectifs.<\/b><\/span><\/p><p align=\"justify\"><span style=\"color: #229447\"><span style=\"font-family: Arial, sans-serif\"><b>L\u2019\u00c9lan commun rappelle que le mixage des publics a d\u00e9j\u00e0 \u00e9t\u00e9 exp\u00e9riment\u00e9 \u00e0 de nombreuses reprises et qu\u2019il n\u2019a jamais fait ses preuves en tant qu\u2019outil d\u2019am\u00e9lioration du recrutement.<\/b><\/span><\/span><\/p>\t\t\t\t\t\t\t\t<\/div>\n\t\t\t\t<\/div>\n\t\t\t\t\t<\/div>\n\t\t\t\t<\/div>\n\t\t<div class=\"elementor-element elementor-element-28da7ab e-flex e-con-boxed e-con e-parent\" data-id=\"28da7ab\" data-element_type=\"container\" data-e-type=\"container\">\n\t\t\t\t\t<div class=\"e-con-inner\">\n\t\t\t\t<div class=\"elementor-element elementor-element-2beeaf9 elementor-widget elementor-widget-image\" data-id=\"2beeaf9\" data-element_type=\"widget\" data-e-type=\"widget\" data-widget_type=\"image.default\">\n\t\t\t\t<div class=\"elementor-widget-container\">\n\t\t\t\t\t\t\t\t\t\t\t\t\t\t\t<img loading=\"lazy\" decoding=\"async\" width=\"1024\" height=\"529\" src=\"https:\/\/regions-snetap-fsu.fr\/na\/wp-content\/uploads\/sites\/3\/2025\/10\/Carte-scolaire-projet-2026-1024x529.png\" class=\"attachment-large size-large wp-image-5365\" alt=\"\" srcset=\"https:\/\/regions-snetap-fsu.fr\/na\/wp-content\/uploads\/sites\/3\/2025\/10\/Carte-scolaire-projet-2026-1024x529.png 1024w, https:\/\/regions-snetap-fsu.fr\/na\/wp-content\/uploads\/sites\/3\/2025\/10\/Carte-scolaire-projet-2026-300x155.png 300w, https:\/\/regions-snetap-fsu.fr\/na\/wp-content\/uploads\/sites\/3\/2025\/10\/Carte-scolaire-projet-2026-768x397.png 768w, https:\/\/regions-snetap-fsu.fr\/na\/wp-content\/uploads\/sites\/3\/2025\/10\/Carte-scolaire-projet-2026-1536x794.png 1536w, https:\/\/regions-snetap-fsu.fr\/na\/wp-content\/uploads\/sites\/3\/2025\/10\/Carte-scolaire-projet-2026.png 1571w\" sizes=\"(max-width: 1024px) 100vw, 1024px\" \/>\t\t\t\t\t\t\t\t\t\t\t\t\t\t\t<\/div>\n\t\t\t\t<\/div>\n\t\t\t\t\t<\/div>\n\t\t\t\t<\/div>\n\t\t<div class=\"elementor-element elementor-element-e023923 e-flex e-con-boxed e-con e-parent\" data-id=\"e023923\" data-element_type=\"container\" data-e-type=\"container\">\n\t\t\t\t\t<div class=\"e-con-inner\">\n\t\t\t\t<div class=\"elementor-element elementor-element-6adfaf0 elementor-widget elementor-widget-heading\" data-id=\"6adfaf0\" data-element_type=\"widget\" data-e-type=\"widget\" data-widget_type=\"heading.default\">\n\t\t\t\t<div class=\"elementor-widget-container\">\n\t\t\t\t\t<h2 class=\"elementor-heading-title elementor-size-default\">8 . Pacte d'actions collectives pour l'enseignement agricole en NA 2026-2030<\/h2>\t\t\t\t<\/div>\n\t\t\t\t<\/div>\n\t\t\t\t\t<\/div>\n\t\t\t\t<\/div>\n\t\t<div class=\"elementor-element elementor-element-e1aa779 e-flex e-con-boxed e-con e-parent\" data-id=\"e1aa779\" data-element_type=\"container\" data-e-type=\"container\">\n\t\t\t\t\t<div class=\"e-con-inner\">\n\t\t\t\t<div class=\"elementor-element elementor-element-3e3fa35 elementor-widget elementor-widget-text-editor\" data-id=\"3e3fa35\" data-element_type=\"widget\" data-e-type=\"widget\" data-widget_type=\"text-editor.default\">\n\t\t\t\t<div class=\"elementor-widget-container\">\n\t\t\t\t\t\t\t\t\t<p align=\"justify\"><span style=\"font-family: Arial, sans-serif\">L\u2019Administration pr\u00e9sente le PACEA qui se veut un programme d&rsquo;action concret. L&rsquo;id\u00e9e est de lister des actions pour que l&rsquo;agriculture affirme sa place sur le territoire (recrutement) et forme aux m\u00e9tiers de demain et accompagne les transitions. <\/span><\/p><p align=\"justify\"><span style=\"font-family: Arial, sans-serif\">La DRAAF le recueil des propositions et l&rsquo;accompagnement seront assur\u00e9s par une structure publique (NEOLAB). Un questionnaire va \u00eatre mis en ligne \u00e0 destination de l&rsquo;ensemble des \u00e9tablissements agricoles qui diffuseront \u00e0 l&rsquo;ensemble des \u00e9quipes et des familles. Des rencontres seront \u00e9galement organis\u00e9es dans les \u00e9tablissements et les r\u00e9seaux. L&rsquo;objectif est une \u00e9criture du projet \u00e0 la fin du 1er trimestre 2026.<\/span><\/p><p align=\"justify\"><span style=\"font-family: Arial, sans-serif\"><b><span style=\"color: #229447\">L\u2019\u00c9lan commun <\/span><span style=\"color: #229447\">regrette le recul politique par rapport au <\/span><span style=\"color: #229447\">PREA <\/span><span style=\"color: #229447\">(Projet R\u00e9gional de l\u2019Enseignement Agricole) qui \u00e9tait <\/span><span style=\"color: #229447\">un projet <\/span><span style=\"color: #229447\">portant des ambitions.<\/span><\/b><\/span><\/p><p align=\"justify\"><span style=\"font-family: Arial, sans-serif\"><b>Pour l\u2019Administration, cela ne sert \u00e0 rien d&rsquo;avoir de grandes ambitions si on n&rsquo;est pas capable ensuite de les mettre en \u0153uvre.<\/b><\/span><\/p><p align=\"justify\"><span style=\"font-family: Arial, sans-serif\"><span style=\"color: #229447\"><b>L\u2019\u00c9lan commun <\/b><\/span><b> <\/b><span style=\"color: #229447\"><b>rappelle que l\u2019<\/b><\/span><span style=\"color: #229447\"><b>on mangera toujours du pain <\/b><\/span><span style=\"color: #229447\"><b>entre 2026 et 2030, que la Nouvelle-Aquitaine est une grande r\u00e9gion c\u00e9r\u00e9ali\u00e8re, qu\u2019elle dispose de l\u2019outil de formation alors qu\u2019il serait pertinent de r\u00e9fl\u00e9chir \u00e0 cr\u00e9er une formation de meunerie-travail du grain.<\/b><\/span><\/span><\/p>\t\t\t\t\t\t\t\t<\/div>\n\t\t\t\t<\/div>\n\t\t\t\t\t<\/div>\n\t\t\t\t<\/div>\n\t\t<div class=\"elementor-element elementor-element-ead4cce e-flex e-con-boxed e-con e-parent\" data-id=\"ead4cce\" data-element_type=\"container\" data-e-type=\"container\">\n\t\t\t\t\t<div class=\"e-con-inner\">\n\t\t\t\t<div class=\"elementor-element elementor-element-fabbf69 elementor-widget elementor-widget-image\" data-id=\"fabbf69\" data-element_type=\"widget\" data-e-type=\"widget\" data-widget_type=\"image.default\">\n\t\t\t\t<div class=\"elementor-widget-container\">\n\t\t\t\t\t\t\t\t\t\t\t\t\t\t\t<img loading=\"lazy\" decoding=\"async\" width=\"1024\" height=\"542\" src=\"https:\/\/regions-snetap-fsu.fr\/na\/wp-content\/uploads\/sites\/3\/2025\/10\/PACEA-2026-2030-1024x542.png\" class=\"attachment-large size-large wp-image-5366\" alt=\"\" srcset=\"https:\/\/regions-snetap-fsu.fr\/na\/wp-content\/uploads\/sites\/3\/2025\/10\/PACEA-2026-2030-1024x542.png 1024w, https:\/\/regions-snetap-fsu.fr\/na\/wp-content\/uploads\/sites\/3\/2025\/10\/PACEA-2026-2030-300x159.png 300w, https:\/\/regions-snetap-fsu.fr\/na\/wp-content\/uploads\/sites\/3\/2025\/10\/PACEA-2026-2030-768x407.png 768w, https:\/\/regions-snetap-fsu.fr\/na\/wp-content\/uploads\/sites\/3\/2025\/10\/PACEA-2026-2030-1536x813.png 1536w, https:\/\/regions-snetap-fsu.fr\/na\/wp-content\/uploads\/sites\/3\/2025\/10\/PACEA-2026-2030.png 1556w\" sizes=\"(max-width: 1024px) 100vw, 1024px\" \/>\t\t\t\t\t\t\t\t\t\t\t\t\t\t\t<\/div>\n\t\t\t\t<\/div>\n\t\t\t\t\t<\/div>\n\t\t\t\t<\/div>\n\t\t<div class=\"elementor-element elementor-element-eaf665c e-flex e-con-boxed e-con e-parent\" data-id=\"eaf665c\" data-element_type=\"container\" data-e-type=\"container\">\n\t\t\t\t\t<div class=\"e-con-inner\">\n\t\t\t\t<div class=\"elementor-element elementor-element-0b0c72a elementor-widget elementor-widget-image\" data-id=\"0b0c72a\" data-element_type=\"widget\" data-e-type=\"widget\" data-widget_type=\"image.default\">\n\t\t\t\t<div class=\"elementor-widget-container\">\n\t\t\t\t\t\t\t\t\t\t\t\t\t\t\t<img loading=\"lazy\" decoding=\"async\" width=\"1024\" height=\"531\" src=\"https:\/\/regions-snetap-fsu.fr\/na\/wp-content\/uploads\/sites\/3\/2025\/10\/PACEA-2026-2030-bis-1024x531.png\" class=\"attachment-large size-large wp-image-5367\" alt=\"\" srcset=\"https:\/\/regions-snetap-fsu.fr\/na\/wp-content\/uploads\/sites\/3\/2025\/10\/PACEA-2026-2030-bis-1024x531.png 1024w, https:\/\/regions-snetap-fsu.fr\/na\/wp-content\/uploads\/sites\/3\/2025\/10\/PACEA-2026-2030-bis-300x156.png 300w, https:\/\/regions-snetap-fsu.fr\/na\/wp-content\/uploads\/sites\/3\/2025\/10\/PACEA-2026-2030-bis-768x398.png 768w, https:\/\/regions-snetap-fsu.fr\/na\/wp-content\/uploads\/sites\/3\/2025\/10\/PACEA-2026-2030-bis-1536x796.png 1536w, https:\/\/regions-snetap-fsu.fr\/na\/wp-content\/uploads\/sites\/3\/2025\/10\/PACEA-2026-2030-bis.png 1591w\" sizes=\"(max-width: 1024px) 100vw, 1024px\" \/>\t\t\t\t\t\t\t\t\t\t\t\t\t\t\t<\/div>\n\t\t\t\t<\/div>\n\t\t\t\t\t<\/div>\n\t\t\t\t<\/div>\n\t\t\t\t<\/div>\n\t\t","protected":false},"excerpt":{"rendered":"<p>La DRAAF Nouvelle Aquitaine a convoqu\u00e9 une r\u00e9union du Comit\u00e9 Social d\u2019Administration R\u00e9gional de l\u2019Enseignement Agricole (CSA REA) le mardi 23 septembre 2025. Neuf points \u00e9taient inscrits \u00e0 l\u2019ordre du jour. La r\u00e9union s\u2019est tenue en mixte (pr\u00e9sentiel \u00e0 Limoges + distanciel). La DRAAF \u00e9tait repr\u00e9sent\u00e9e par : Virginie Alavoine (DRAAF visio), B\u00e9n\u00e9dicte Genin (DRAAF [&hellip;]<\/p>\n","protected":false},"author":128,"featured_media":5377,"comment_status":"closed","ping_status":"closed","sticky":false,"template":"","format":"standard","meta":{"ocean_post_layout":"","ocean_both_sidebars_style":"","ocean_both_sidebars_content_width":0,"ocean_both_sidebars_sidebars_width":0,"ocean_sidebar":"0","ocean_second_sidebar":"0","ocean_disable_margins":"enable","ocean_add_body_class":"","ocean_shortcode_before_top_bar":"","ocean_shortcode_after_top_bar":"","ocean_shortcode_before_header":"","ocean_shortcode_after_header":"","ocean_has_shortcode":"","ocean_shortcode_after_title":"","ocean_shortcode_before_footer_widgets":"","ocean_shortcode_after_footer_widgets":"","ocean_shortcode_before_footer_bottom":"","ocean_shortcode_after_footer_bottom":"","ocean_display_top_bar":"default","ocean_display_header":"default","ocean_header_style":"","ocean_center_header_left_menu":"0","ocean_custom_header_template":"0","ocean_custom_logo":0,"ocean_custom_retina_logo":0,"ocean_custom_logo_max_width":0,"ocean_custom_logo_tablet_max_width":0,"ocean_custom_logo_mobile_max_width":0,"ocean_custom_logo_max_height":0,"ocean_custom_logo_tablet_max_height":0,"ocean_custom_logo_mobile_max_height":0,"ocean_header_custom_menu":"0","ocean_menu_typo_font_family":"0","ocean_menu_typo_font_subset":"","ocean_menu_typo_font_size":0,"ocean_menu_typo_font_size_tablet":0,"ocean_menu_typo_font_size_mobile":0,"ocean_menu_typo_font_size_unit":"px","ocean_menu_typo_font_weight":"","ocean_menu_typo_font_weight_tablet":"","ocean_menu_typo_font_weight_mobile":"","ocean_menu_typo_transform":"","ocean_menu_typo_transform_tablet":"","ocean_menu_typo_transform_mobile":"","ocean_menu_typo_line_height":0,"ocean_menu_typo_line_height_tablet":0,"ocean_menu_typo_line_height_mobile":0,"ocean_menu_typo_line_height_unit":"","ocean_menu_typo_spacing":0,"ocean_menu_typo_spacing_tablet":0,"ocean_menu_typo_spacing_mobile":0,"ocean_menu_typo_spacing_unit":"","ocean_menu_link_color":"","ocean_menu_link_color_hover":"","ocean_menu_link_color_active":"","ocean_menu_link_background":"","ocean_menu_link_hover_background":"","ocean_menu_link_active_background":"","ocean_menu_social_links_bg":"","ocean_menu_social_hover_links_bg":"","ocean_menu_social_links_color":"","ocean_menu_social_hover_links_color":"","ocean_disable_title":"default","ocean_disable_heading":"default","ocean_post_title":"","ocean_post_subheading":"","ocean_post_title_style":"","ocean_post_title_background_color":"","ocean_post_title_background":0,"ocean_post_title_bg_image_position":"","ocean_post_title_bg_image_attachment":"","ocean_post_title_bg_image_repeat":"","ocean_post_title_bg_image_size":"","ocean_post_title_height":0,"ocean_post_title_bg_overlay":0.5,"ocean_post_title_bg_overlay_color":"","ocean_disable_breadcrumbs":"default","ocean_breadcrumbs_color":"","ocean_breadcrumbs_separator_color":"","ocean_breadcrumbs_links_color":"","ocean_breadcrumbs_links_hover_color":"","ocean_display_footer_widgets":"default","ocean_display_footer_bottom":"default","ocean_custom_footer_template":"0","ocean_post_oembed":"","ocean_post_self_hosted_media":"","ocean_post_video_embed":"","ocean_link_format":"","ocean_link_format_target":"self","ocean_quote_format":"","ocean_quote_format_link":"post","ocean_gallery_link_images":"on","ocean_gallery_id":[],"footnotes":""},"categories":[2,13,1],"tags":[],"post_folder":[],"class_list":["post-5358","post","type-post","status-publish","format-standard","has-post-thumbnail","hentry","category-actus","category-instances","category-message-de-service","entry","has-media"],"yoast_head":"<!-- This site is optimized with the Yoast SEO plugin v27.4 - https:\/\/yoast.com\/product\/yoast-seo-wordpress\/ -->\n<title>CSA REA Limoges le 23 septembre 2025 - NOUVELLE AQUITAINE<\/title>\n<meta name=\"robots\" content=\"index, follow, max-snippet:-1, max-image-preview:large, max-video-preview:-1\" \/>\n<link rel=\"canonical\" href=\"https:\/\/regions-snetap-fsu.fr\/na\/2025\/10\/06\/csa-rea-limoges-le-23-septembre-2025\/\" \/>\n<meta property=\"og:locale\" content=\"fr_FR\" \/>\n<meta property=\"og:type\" content=\"article\" \/>\n<meta property=\"og:title\" content=\"CSA REA Limoges le 23 septembre 2025 - NOUVELLE AQUITAINE\" \/>\n<meta property=\"og:description\" content=\"La DRAAF Nouvelle Aquitaine a convoqu\u00e9 une r\u00e9union du Comit\u00e9 Social d\u2019Administration R\u00e9gional de l\u2019Enseignement Agricole (CSA REA) le mardi 23 septembre 2025. Neuf points \u00e9taient inscrits \u00e0 l\u2019ordre du jour. La r\u00e9union s\u2019est tenue en mixte (pr\u00e9sentiel \u00e0 Limoges + distanciel). La DRAAF \u00e9tait repr\u00e9sent\u00e9e par : Virginie Alavoine (DRAAF visio), B\u00e9n\u00e9dicte Genin (DRAAF [&hellip;]\" \/>\n<meta property=\"og:url\" content=\"https:\/\/regions-snetap-fsu.fr\/na\/2025\/10\/06\/csa-rea-limoges-le-23-septembre-2025\/\" \/>\n<meta property=\"og:site_name\" content=\"NOUVELLE AQUITAINE\" \/>\n<meta property=\"article:published_time\" content=\"2025-10-05T23:15:41+00:00\" \/>\n<meta property=\"article:modified_time\" content=\"2025-11-12T20:41:12+00:00\" \/>\n<meta property=\"og:image\" content=\"https:\/\/regions-snetap-fsu.fr\/na\/wp-content\/uploads\/sites\/3\/2025\/10\/CSA-lessentiel.jpg\" \/>\n\t<meta property=\"og:image:width\" content=\"779\" \/>\n\t<meta property=\"og:image:height\" content=\"545\" \/>\n\t<meta property=\"og:image:type\" content=\"image\/jpeg\" \/>\n<meta name=\"author\" content=\"olivierb\" \/>\n<meta name=\"twitter:card\" content=\"summary_large_image\" \/>\n<meta name=\"twitter:label1\" content=\"\u00c9crit par\" \/>\n\t<meta name=\"twitter:data1\" content=\"olivierb\" \/>\n\t<meta name=\"twitter:label2\" content=\"Dur\u00e9e de lecture estim\u00e9e\" \/>\n\t<meta name=\"twitter:data2\" content=\"10 minutes\" \/>\n<script type=\"application\/ld+json\" class=\"yoast-schema-graph\">{\"@context\":\"https:\\\/\\\/schema.org\",\"@graph\":[{\"@type\":\"Article\",\"@id\":\"https:\\\/\\\/regions-snetap-fsu.fr\\\/na\\\/2025\\\/10\\\/06\\\/csa-rea-limoges-le-23-septembre-2025\\\/#article\",\"isPartOf\":{\"@id\":\"https:\\\/\\\/regions-snetap-fsu.fr\\\/na\\\/2025\\\/10\\\/06\\\/csa-rea-limoges-le-23-septembre-2025\\\/\"},\"author\":{\"name\":\"olivierb\",\"@id\":\"https:\\\/\\\/regions-snetap-fsu.fr\\\/na\\\/#\\\/schema\\\/person\\\/bdf1c4fe149dcf915601f9de85ba379f\"},\"headline\":\"CSA REA Limoges le 23 septembre 2025\",\"datePublished\":\"2025-10-05T23:15:41+00:00\",\"dateModified\":\"2025-11-12T20:41:12+00:00\",\"mainEntityOfPage\":{\"@id\":\"https:\\\/\\\/regions-snetap-fsu.fr\\\/na\\\/2025\\\/10\\\/06\\\/csa-rea-limoges-le-23-septembre-2025\\\/\"},\"wordCount\":1601,\"publisher\":{\"@id\":\"https:\\\/\\\/regions-snetap-fsu.fr\\\/na\\\/#organization\"},\"image\":{\"@id\":\"https:\\\/\\\/regions-snetap-fsu.fr\\\/na\\\/2025\\\/10\\\/06\\\/csa-rea-limoges-le-23-septembre-2025\\\/#primaryimage\"},\"thumbnailUrl\":\"https:\\\/\\\/regions-snetap-fsu.fr\\\/na\\\/wp-content\\\/uploads\\\/sites\\\/3\\\/2025\\\/10\\\/CSA-lessentiel.jpg\",\"articleSection\":[\"Actus\",\"Instances\",\"Message de service\"],\"inLanguage\":\"fr-FR\"},{\"@type\":\"WebPage\",\"@id\":\"https:\\\/\\\/regions-snetap-fsu.fr\\\/na\\\/2025\\\/10\\\/06\\\/csa-rea-limoges-le-23-septembre-2025\\\/\",\"url\":\"https:\\\/\\\/regions-snetap-fsu.fr\\\/na\\\/2025\\\/10\\\/06\\\/csa-rea-limoges-le-23-septembre-2025\\\/\",\"name\":\"CSA REA Limoges le 23 septembre 2025 - NOUVELLE AQUITAINE\",\"isPartOf\":{\"@id\":\"https:\\\/\\\/regions-snetap-fsu.fr\\\/na\\\/#website\"},\"primaryImageOfPage\":{\"@id\":\"https:\\\/\\\/regions-snetap-fsu.fr\\\/na\\\/2025\\\/10\\\/06\\\/csa-rea-limoges-le-23-septembre-2025\\\/#primaryimage\"},\"image\":{\"@id\":\"https:\\\/\\\/regions-snetap-fsu.fr\\\/na\\\/2025\\\/10\\\/06\\\/csa-rea-limoges-le-23-septembre-2025\\\/#primaryimage\"},\"thumbnailUrl\":\"https:\\\/\\\/regions-snetap-fsu.fr\\\/na\\\/wp-content\\\/uploads\\\/sites\\\/3\\\/2025\\\/10\\\/CSA-lessentiel.jpg\",\"datePublished\":\"2025-10-05T23:15:41+00:00\",\"dateModified\":\"2025-11-12T20:41:12+00:00\",\"breadcrumb\":{\"@id\":\"https:\\\/\\\/regions-snetap-fsu.fr\\\/na\\\/2025\\\/10\\\/06\\\/csa-rea-limoges-le-23-septembre-2025\\\/#breadcrumb\"},\"inLanguage\":\"fr-FR\",\"potentialAction\":[{\"@type\":\"ReadAction\",\"target\":[\"https:\\\/\\\/regions-snetap-fsu.fr\\\/na\\\/2025\\\/10\\\/06\\\/csa-rea-limoges-le-23-septembre-2025\\\/\"]}]},{\"@type\":\"ImageObject\",\"inLanguage\":\"fr-FR\",\"@id\":\"https:\\\/\\\/regions-snetap-fsu.fr\\\/na\\\/2025\\\/10\\\/06\\\/csa-rea-limoges-le-23-septembre-2025\\\/#primaryimage\",\"url\":\"https:\\\/\\\/regions-snetap-fsu.fr\\\/na\\\/wp-content\\\/uploads\\\/sites\\\/3\\\/2025\\\/10\\\/CSA-lessentiel.jpg\",\"contentUrl\":\"https:\\\/\\\/regions-snetap-fsu.fr\\\/na\\\/wp-content\\\/uploads\\\/sites\\\/3\\\/2025\\\/10\\\/CSA-lessentiel.jpg\",\"width\":779,\"height\":545},{\"@type\":\"BreadcrumbList\",\"@id\":\"https:\\\/\\\/regions-snetap-fsu.fr\\\/na\\\/2025\\\/10\\\/06\\\/csa-rea-limoges-le-23-septembre-2025\\\/#breadcrumb\",\"itemListElement\":[{\"@type\":\"ListItem\",\"position\":1,\"name\":\"Accueil\",\"item\":\"https:\\\/\\\/regions-snetap-fsu.fr\\\/na\\\/\"},{\"@type\":\"ListItem\",\"position\":2,\"name\":\"CSA REA Limoges le 23 septembre 2025\"}]},{\"@type\":\"WebSite\",\"@id\":\"https:\\\/\\\/regions-snetap-fsu.fr\\\/na\\\/#website\",\"url\":\"https:\\\/\\\/regions-snetap-fsu.fr\\\/na\\\/\",\"name\":\"SNETAP-FSU NOUVELLE AQUITAINE\",\"description\":\"Blog de la Section R\u00e9gionale\",\"publisher\":{\"@id\":\"https:\\\/\\\/regions-snetap-fsu.fr\\\/na\\\/#organization\"},\"potentialAction\":[{\"@type\":\"SearchAction\",\"target\":{\"@type\":\"EntryPoint\",\"urlTemplate\":\"https:\\\/\\\/regions-snetap-fsu.fr\\\/na\\\/?s={search_term_string}\"},\"query-input\":{\"@type\":\"PropertyValueSpecification\",\"valueRequired\":true,\"valueName\":\"search_term_string\"}}],\"inLanguage\":\"fr-FR\"},{\"@type\":\"Organization\",\"@id\":\"https:\\\/\\\/regions-snetap-fsu.fr\\\/na\\\/#organization\",\"name\":\"SNETAP-FSU - Nouvelle Aquitaine\",\"url\":\"https:\\\/\\\/regions-snetap-fsu.fr\\\/na\\\/\",\"logo\":{\"@type\":\"ImageObject\",\"inLanguage\":\"fr-FR\",\"@id\":\"https:\\\/\\\/regions-snetap-fsu.fr\\\/na\\\/#\\\/schema\\\/logo\\\/image\\\/\",\"url\":\"https:\\\/\\\/regions-snetap-fsu.fr\\\/na\\\/wp-content\\\/uploads\\\/sites\\\/3\\\/2020\\\/12\\\/SNETAP-Logo.jpg\",\"contentUrl\":\"https:\\\/\\\/regions-snetap-fsu.fr\\\/na\\\/wp-content\\\/uploads\\\/sites\\\/3\\\/2020\\\/12\\\/SNETAP-Logo.jpg\",\"width\":464,\"height\":334,\"caption\":\"SNETAP-FSU - Nouvelle Aquitaine\"},\"image\":{\"@id\":\"https:\\\/\\\/regions-snetap-fsu.fr\\\/na\\\/#\\\/schema\\\/logo\\\/image\\\/\"}},{\"@type\":\"Person\",\"@id\":\"https:\\\/\\\/regions-snetap-fsu.fr\\\/na\\\/#\\\/schema\\\/person\\\/bdf1c4fe149dcf915601f9de85ba379f\",\"name\":\"olivierb\",\"image\":{\"@type\":\"ImageObject\",\"inLanguage\":\"fr-FR\",\"@id\":\"https:\\\/\\\/secure.gravatar.com\\\/avatar\\\/d9cce0db1146844098d0ec7fae94551015c4ff78117aab56897823bb265a7bc9?s=96&d=mm&r=g\",\"url\":\"https:\\\/\\\/secure.gravatar.com\\\/avatar\\\/d9cce0db1146844098d0ec7fae94551015c4ff78117aab56897823bb265a7bc9?s=96&d=mm&r=g\",\"contentUrl\":\"https:\\\/\\\/secure.gravatar.com\\\/avatar\\\/d9cce0db1146844098d0ec7fae94551015c4ff78117aab56897823bb265a7bc9?s=96&d=mm&r=g\",\"caption\":\"olivierb\"},\"url\":\"https:\\\/\\\/regions-snetap-fsu.fr\\\/na\\\/author\\\/olivierb\\\/\"}]}<\/script>\n<!-- \/ Yoast SEO plugin. -->","yoast_head_json":{"title":"CSA REA Limoges le 23 septembre 2025 - NOUVELLE AQUITAINE","robots":{"index":"index","follow":"follow","max-snippet":"max-snippet:-1","max-image-preview":"max-image-preview:large","max-video-preview":"max-video-preview:-1"},"canonical":"https:\/\/regions-snetap-fsu.fr\/na\/2025\/10\/06\/csa-rea-limoges-le-23-septembre-2025\/","og_locale":"fr_FR","og_type":"article","og_title":"CSA REA Limoges le 23 septembre 2025 - NOUVELLE AQUITAINE","og_description":"La DRAAF Nouvelle Aquitaine a convoqu\u00e9 une r\u00e9union du Comit\u00e9 Social d\u2019Administration R\u00e9gional de l\u2019Enseignement Agricole (CSA REA) le mardi 23 septembre 2025. Neuf points \u00e9taient inscrits \u00e0 l\u2019ordre du jour. La r\u00e9union s\u2019est tenue en mixte (pr\u00e9sentiel \u00e0 Limoges + distanciel). La DRAAF \u00e9tait repr\u00e9sent\u00e9e par : Virginie Alavoine (DRAAF visio), B\u00e9n\u00e9dicte Genin (DRAAF [&hellip;]","og_url":"https:\/\/regions-snetap-fsu.fr\/na\/2025\/10\/06\/csa-rea-limoges-le-23-septembre-2025\/","og_site_name":"NOUVELLE AQUITAINE","article_published_time":"2025-10-05T23:15:41+00:00","article_modified_time":"2025-11-12T20:41:12+00:00","og_image":[{"width":779,"height":545,"url":"https:\/\/regions-snetap-fsu.fr\/na\/wp-content\/uploads\/sites\/3\/2025\/10\/CSA-lessentiel.jpg","type":"image\/jpeg"}],"author":"olivierb","twitter_card":"summary_large_image","twitter_misc":{"\u00c9crit par":"olivierb","Dur\u00e9e de lecture estim\u00e9e":"10 minutes"},"schema":{"@context":"https:\/\/schema.org","@graph":[{"@type":"Article","@id":"https:\/\/regions-snetap-fsu.fr\/na\/2025\/10\/06\/csa-rea-limoges-le-23-septembre-2025\/#article","isPartOf":{"@id":"https:\/\/regions-snetap-fsu.fr\/na\/2025\/10\/06\/csa-rea-limoges-le-23-septembre-2025\/"},"author":{"name":"olivierb","@id":"https:\/\/regions-snetap-fsu.fr\/na\/#\/schema\/person\/bdf1c4fe149dcf915601f9de85ba379f"},"headline":"CSA REA Limoges le 23 septembre 2025","datePublished":"2025-10-05T23:15:41+00:00","dateModified":"2025-11-12T20:41:12+00:00","mainEntityOfPage":{"@id":"https:\/\/regions-snetap-fsu.fr\/na\/2025\/10\/06\/csa-rea-limoges-le-23-septembre-2025\/"},"wordCount":1601,"publisher":{"@id":"https:\/\/regions-snetap-fsu.fr\/na\/#organization"},"image":{"@id":"https:\/\/regions-snetap-fsu.fr\/na\/2025\/10\/06\/csa-rea-limoges-le-23-septembre-2025\/#primaryimage"},"thumbnailUrl":"https:\/\/regions-snetap-fsu.fr\/na\/wp-content\/uploads\/sites\/3\/2025\/10\/CSA-lessentiel.jpg","articleSection":["Actus","Instances","Message de service"],"inLanguage":"fr-FR"},{"@type":"WebPage","@id":"https:\/\/regions-snetap-fsu.fr\/na\/2025\/10\/06\/csa-rea-limoges-le-23-septembre-2025\/","url":"https:\/\/regions-snetap-fsu.fr\/na\/2025\/10\/06\/csa-rea-limoges-le-23-septembre-2025\/","name":"CSA REA Limoges le 23 septembre 2025 - NOUVELLE AQUITAINE","isPartOf":{"@id":"https:\/\/regions-snetap-fsu.fr\/na\/#website"},"primaryImageOfPage":{"@id":"https:\/\/regions-snetap-fsu.fr\/na\/2025\/10\/06\/csa-rea-limoges-le-23-septembre-2025\/#primaryimage"},"image":{"@id":"https:\/\/regions-snetap-fsu.fr\/na\/2025\/10\/06\/csa-rea-limoges-le-23-septembre-2025\/#primaryimage"},"thumbnailUrl":"https:\/\/regions-snetap-fsu.fr\/na\/wp-content\/uploads\/sites\/3\/2025\/10\/CSA-lessentiel.jpg","datePublished":"2025-10-05T23:15:41+00:00","dateModified":"2025-11-12T20:41:12+00:00","breadcrumb":{"@id":"https:\/\/regions-snetap-fsu.fr\/na\/2025\/10\/06\/csa-rea-limoges-le-23-septembre-2025\/#breadcrumb"},"inLanguage":"fr-FR","potentialAction":[{"@type":"ReadAction","target":["https:\/\/regions-snetap-fsu.fr\/na\/2025\/10\/06\/csa-rea-limoges-le-23-septembre-2025\/"]}]},{"@type":"ImageObject","inLanguage":"fr-FR","@id":"https:\/\/regions-snetap-fsu.fr\/na\/2025\/10\/06\/csa-rea-limoges-le-23-septembre-2025\/#primaryimage","url":"https:\/\/regions-snetap-fsu.fr\/na\/wp-content\/uploads\/sites\/3\/2025\/10\/CSA-lessentiel.jpg","contentUrl":"https:\/\/regions-snetap-fsu.fr\/na\/wp-content\/uploads\/sites\/3\/2025\/10\/CSA-lessentiel.jpg","width":779,"height":545},{"@type":"BreadcrumbList","@id":"https:\/\/regions-snetap-fsu.fr\/na\/2025\/10\/06\/csa-rea-limoges-le-23-septembre-2025\/#breadcrumb","itemListElement":[{"@type":"ListItem","position":1,"name":"Accueil","item":"https:\/\/regions-snetap-fsu.fr\/na\/"},{"@type":"ListItem","position":2,"name":"CSA REA Limoges le 23 septembre 2025"}]},{"@type":"WebSite","@id":"https:\/\/regions-snetap-fsu.fr\/na\/#website","url":"https:\/\/regions-snetap-fsu.fr\/na\/","name":"SNETAP-FSU NOUVELLE AQUITAINE","description":"Blog de la Section R\u00e9gionale","publisher":{"@id":"https:\/\/regions-snetap-fsu.fr\/na\/#organization"},"potentialAction":[{"@type":"SearchAction","target":{"@type":"EntryPoint","urlTemplate":"https:\/\/regions-snetap-fsu.fr\/na\/?s={search_term_string}"},"query-input":{"@type":"PropertyValueSpecification","valueRequired":true,"valueName":"search_term_string"}}],"inLanguage":"fr-FR"},{"@type":"Organization","@id":"https:\/\/regions-snetap-fsu.fr\/na\/#organization","name":"SNETAP-FSU - Nouvelle Aquitaine","url":"https:\/\/regions-snetap-fsu.fr\/na\/","logo":{"@type":"ImageObject","inLanguage":"fr-FR","@id":"https:\/\/regions-snetap-fsu.fr\/na\/#\/schema\/logo\/image\/","url":"https:\/\/regions-snetap-fsu.fr\/na\/wp-content\/uploads\/sites\/3\/2020\/12\/SNETAP-Logo.jpg","contentUrl":"https:\/\/regions-snetap-fsu.fr\/na\/wp-content\/uploads\/sites\/3\/2020\/12\/SNETAP-Logo.jpg","width":464,"height":334,"caption":"SNETAP-FSU - Nouvelle Aquitaine"},"image":{"@id":"https:\/\/regions-snetap-fsu.fr\/na\/#\/schema\/logo\/image\/"}},{"@type":"Person","@id":"https:\/\/regions-snetap-fsu.fr\/na\/#\/schema\/person\/bdf1c4fe149dcf915601f9de85ba379f","name":"olivierb","image":{"@type":"ImageObject","inLanguage":"fr-FR","@id":"https:\/\/secure.gravatar.com\/avatar\/d9cce0db1146844098d0ec7fae94551015c4ff78117aab56897823bb265a7bc9?s=96&d=mm&r=g","url":"https:\/\/secure.gravatar.com\/avatar\/d9cce0db1146844098d0ec7fae94551015c4ff78117aab56897823bb265a7bc9?s=96&d=mm&r=g","contentUrl":"https:\/\/secure.gravatar.com\/avatar\/d9cce0db1146844098d0ec7fae94551015c4ff78117aab56897823bb265a7bc9?s=96&d=mm&r=g","caption":"olivierb"},"url":"https:\/\/regions-snetap-fsu.fr\/na\/author\/olivierb\/"}]}},"_links":{"self":[{"href":"https:\/\/regions-snetap-fsu.fr\/na\/wp-json\/wp\/v2\/posts\/5358","targetHints":{"allow":["GET"]}}],"collection":[{"href":"https:\/\/regions-snetap-fsu.fr\/na\/wp-json\/wp\/v2\/posts"}],"about":[{"href":"https:\/\/regions-snetap-fsu.fr\/na\/wp-json\/wp\/v2\/types\/post"}],"author":[{"embeddable":true,"href":"https:\/\/regions-snetap-fsu.fr\/na\/wp-json\/wp\/v2\/users\/128"}],"replies":[{"embeddable":true,"href":"https:\/\/regions-snetap-fsu.fr\/na\/wp-json\/wp\/v2\/comments?post=5358"}],"version-history":[{"count":7,"href":"https:\/\/regions-snetap-fsu.fr\/na\/wp-json\/wp\/v2\/posts\/5358\/revisions"}],"predecessor-version":[{"id":5378,"href":"https:\/\/regions-snetap-fsu.fr\/na\/wp-json\/wp\/v2\/posts\/5358\/revisions\/5378"}],"wp:featuredmedia":[{"embeddable":true,"href":"https:\/\/regions-snetap-fsu.fr\/na\/wp-json\/wp\/v2\/media\/5377"}],"wp:attachment":[{"href":"https:\/\/regions-snetap-fsu.fr\/na\/wp-json\/wp\/v2\/media?parent=5358"}],"wp:term":[{"taxonomy":"category","embeddable":true,"href":"https:\/\/regions-snetap-fsu.fr\/na\/wp-json\/wp\/v2\/categories?post=5358"},{"taxonomy":"post_tag","embeddable":true,"href":"https:\/\/regions-snetap-fsu.fr\/na\/wp-json\/wp\/v2\/tags?post=5358"},{"taxonomy":"post_folder","embeddable":true,"href":"https:\/\/regions-snetap-fsu.fr\/na\/wp-json\/wp\/v2\/post_folder?post=5358"}],"curies":[{"name":"wp","href":"https:\/\/api.w.org\/{rel}","templated":true}]}}