{"id":530,"date":"2017-11-17T20:29:57","date_gmt":"2017-11-17T19:29:57","guid":{"rendered":"http:\/\/snetap-fsu.fr\/comp\/na\/?p=530"},"modified":"2017-11-17T20:29:57","modified_gmt":"2017-11-17T19:29:57","slug":"preavis-de-greve-a-ahun-pour-le-21-novembre-2107","status":"publish","type":"post","link":"https:\/\/regions-snetap-fsu.fr\/na\/2017\/11\/17\/preavis-de-greve-a-ahun-pour-le-21-novembre-2107\/","title":{"rendered":"Pr\u00e9avis de gr\u00e8ve \u00e0 Ahun pour le 21 novembre 2017"},"content":{"rendered":"<div class=\"crayon article-chapo-4879 chapo surlignable\">\nMonsieur le Directeur G\u00e9n\u00e9ral,<br \/>\nPar la pr\u00e9sente, le SNETAP-<a class=\"cs_glossaire\" href=\"http:\/\/snetap-fsu.fr\/+-FSU-+.html\" name=\"mot96_0\"><span class=\"gl_mot\">FSU<\/span><\/a> d\u00e9pose, \u00e0 la demande des Personnels de l\u2019<a class=\"cs_glossaire\" href=\"http:\/\/snetap-fsu.fr\/+-EPLEFPA-+.html\" name=\"mot81_1\"><span class=\"gl_mot\">EPLEFPA<\/span><\/a> d\u2019Ahun, un\u00a0pr\u00e9avis\u00a0de\u00a0gr\u00e8ve\u00a0reconductible \u00e0 compter du mardi 21 novembre 2017.\n<\/div>\n<div class=\"crayon article-texte-4879 texte surlignable clearfix\">\nL\u2019an dernier, quelques jours avant la Journ\u00e9e Porte Ouverte du 8 avril 2017, le Proviseur du Lyc\u00e9e Agricole d\u2019Ahun intervenait aupr\u00e8s des \u00e9l\u00e8ves de la classe de 2nde GT pour leur annoncer la <strong class=\"caractencadre-spip spip\">fermeture de l\u2019EIL \u00ab\u00a0am\u00e9nagement et valorisation des espaces\u00a0\u00bb de la fili\u00e8re Bac STAV d\u00e8s la rentr\u00e9e 2017 pour des raisons budg\u00e9taires.<\/strong><br \/>\nLors de la JPO, une <strong>p\u00e9tition<\/strong> avait alors \u00e9t\u00e9 soumise par les enseignants \u00e0 l\u2019ensemble de la communaut\u00e9 \u00e9ducative, ainsi qu\u2019aux visiteurs venus prendre des renseignements sur les formations et retirer des dossiers d\u2019inscriptions.<br \/>\n<strong class=\"caractencadre-spip spip\"> Cette p\u00e9tition avait recueilli de tr\u00e8s nombreuses signatures<\/strong>. Forte de ce soutien le SNETAP-<a class=\"cs_glossaire\" href=\"http:\/\/snetap-fsu.fr\/+-FSU-+.html\" name=\"mot96_0\"><span class=\"gl_mot\">FSU<\/span><\/a> avait aussit\u00f4t saisi l\u2019autorit\u00e9 acad\u00e9mique, <a class=\"cs_glossaire\" href=\"http:\/\/snetap-fsu.fr\/+-DRAAF-+.html\" name=\"mot66_1\"><span class=\"gl_mot\">DRAAF<\/span><\/a> Nouvelle Aquitaine, exigeant l\u2019annulation de cette modification de structure annonc\u00e9e par le Directeur.<br \/>\nSur la m\u00e9thode, c<strong>e funeste projet n\u2019avait, et il convient de le souligner, jamais \u00e9t\u00e9 \u00e9voqu\u00e9 au niveau des instances r\u00e9gionales,<\/strong> pas plus en<a class=\"cs_glossaire\" href=\"http:\/\/snetap-fsu.fr\/+-CTR-CTR-CTR-+.html\" name=\"mot315_2\"><span class=\"gl_mot\"> CTREA<\/span><\/a> qu\u2019en CREA dans le cadre de l\u2019exercice \u00ab\u00a0structures\u00a0\u00bb.<br \/>\nDe m\u00eame, <strong class=\"caractencadre-spip spip\">aucun acte n\u2019avait \u00e9t\u00e9 produit et soumis au vote du Conseil d\u2019Administration<\/strong>. Cette proposition n\u2019avait d\u2019ailleurs pas non plus \u00e9t\u00e9 pr\u00e9sent\u00e9e aux membres \u00e9lus du Conseil Int\u00e9rieur, ni de ceux du Conseil de l\u2019\u00c9ducation et de la Formation. <strong class=\"caractencadre-spip spip\">Cette n\u00e9gligence \u00e9tait autant in\u00e9dite que d\u00e9plorable. <\/strong><br \/>\nSur le fond, l\u2019importance de cette section am\u00e9nagement du Bac STAV est incontestable tant pour l\u2019orientation d\u2019\u00e9tudiants vers les formations Bac +2 de l\u2019\u00e9tablissement, <a class=\"cs_glossaire\" href=\"http:\/\/snetap-fsu.fr\/+-BTSA-+.html\" name=\"mot20_3\"><span class=\"gl_mot\">BTSA<\/span><\/a> GEMEAU et BTSA AQUA, que pour leur poursuite d\u2019\u00e9tudes dans d\u2019autres fili\u00e8res.<br \/>\nD\u2019ailleurs, apr\u00e8s avoir entendu l\u2019argumentation des personnels en faveur du maintien de cette option et \u00e0 l\u2019issue des n\u00e9gociations, la DRAAF avait annonc\u00e9, le 13 avril 2017, que cette option am\u00e9nagement du Bac STAV serait maintenue \u00e0 la rentr\u00e9e 2017, et que la pertinence de cet EIL serait r\u00e9examin\u00e9 apr\u00e8s l\u2019entr\u00e9e en fonction de la nouvelle direction de l\u2019\u00e9tablissement dans le cadre g\u00e9n\u00e9ral de l\u2019\u00e9volution des structures et de l\u2019offre de formation sur l\u2019<a class=\"cs_glossaire\" href=\"http:\/\/snetap-fsu.fr\/+-EPL-+.html\" name=\"mot79_4\"><span class=\"gl_mot\">EPL<\/span><\/a>.<br \/>\n<strong class=\"caractencadre-spip spip\">Or, le 9 novembre 2017, contre toute attente et sans aucune concertation, le nouveau Directeur en poste depuis la rentr\u00e9e 2017 a repris \u00e0 son compte les d\u00e9sastreux projets de son pr\u00e9d\u00e9cesseur, lors d\u2019une r\u00e9union pl\u00e9ni\u00e8re \u00e0 l\u2019attention de l\u2019\u00e9quipe \u00e9ducative.<\/strong><br class=\"autobr\" \/> Il adosse cette perspective \u00e0 une injonction de l\u2019autorit\u00e9 acad\u00e9mique (DRAAF), dont les repr\u00e9sentants des personnels n\u2019ont \u00e9t\u00e9 inform\u00e9s en aucune mani\u00e8re, de r\u00e9troc\u00e9der la <a class=\"cs_glossaire\" href=\"http:\/\/snetap-fsu.fr\/+-DGH-+.html\" name=\"mot215_5\"><span class=\"gl_mot\">DGH<\/span><\/a> affect\u00e9e \u00e0 cet EIL pour financer partiellement (sic) l\u2019ouverture du <a class=\"cs_glossaire\" href=\"http:\/\/snetap-fsu.fr\/+-CAPA-+.html\" name=\"mot23_6\"><span class=\"gl_mot\">CAPA<\/span><\/a> SAPVER \u00e0 la rentr\u00e9e 2017\u2026<br \/>\nLa fermeture de l\u2019EIL am\u00e9nagement d\u2019Ahun n\u2019a \u00e9t\u00e9 \u00e9voqu\u00e9e ni lors du <a class=\"cs_glossaire\" href=\"http:\/\/snetap-fsu.fr\/+-CTR-CTR-CTR-+.html\" name=\"mot315_7\"><span class=\"gl_mot\">CTREA <\/span><\/a>19 septembre, ni lors du CREA du 7 novembre 2017\u00a0: elle ne fait pas partie des \u00e9volutions de structures pr\u00e9sent\u00e9es pour la rentr\u00e9e 2018.<br \/>\n<strong>Outre les cons\u00e9quences catastrophiques qui ne manqueraient d\u2019impacter rapidement la vitalit\u00e9, les effectifs et le rayonnement g\u00e9ographique de l\u2019\u00e9tablissement, les r\u00e9percussions humaines, elles, d\u00e9j\u00e0 cyniquement calcul\u00e9es, seraient lourdes pour la communaut\u00e9 \u00e9ducative d\u2019Ahun<\/strong> &#8211; c\u2019est sans \u00e9tat d\u2019\u00e2me que la direction annonce une <strong class=\"caractencadre-spip spip\">DGH en baisse de -1288 heures<\/strong>, soit -3,65\u00a0% de baisse.<br \/>\nPar suite, Monsieur le Directeur G\u00e9n\u00e9ral, vous comprendrez que les personnels de l\u2019EPL d\u2019Ahun ne peuvent accepter qu\u2019une d\u00e9cision autoritaire et technocratique soit impos\u00e9e au m\u00e9pris des instances de concertation r\u00e9glementaires et de l\u2019int\u00e9r\u00eat des agents comme des usagers de l\u2019\u00e9tablissement. <br class=\"autobr\" \/> Ils d\u00e9posent donc un pr\u00e9avis de gr\u00e8ve reconductible \u00e0 compter du 21 Novembre \u00e0 laquelle ils ne renonceront que contre l\u2019assurance du retrait pur et simple de ce projet de fermeture.<br \/>\n<strong class=\"caractencadre-spip spip\">Comptant sur l\u2019intervention de vos services afin que le respect des proc\u00e9dures de consultation qui r\u00e9gissent l\u2019exercice \u00ab\u00a0structures\u00a0\u00bb d\u2019une part et l\u2019int\u00e9r\u00eat g\u00e9n\u00e9ral d\u2019autre part finissent par pr\u00e9valoir<\/strong> \u00e0 Ahun comme ailleurs, veuillez agr\u00e9er, Monsieur le Directeur G\u00e9n\u00e9ral, l\u2019expression de nos salutations distingu\u00e9es.<br \/>\nFr\u00e9d\u00e9ric Chassagnette,<br class=\"autobr\" \/> Secr\u00e9taire G\u00e9n\u00e9ral adjoint du SNETAP-FSU<br \/>\nSerge Pagnier,<br class=\"autobr\" \/> Secr\u00e9taire G\u00e9n\u00e9ral adjoint du SNETAP-FSU\n<\/div>\n","protected":false},"excerpt":{"rendered":"<p>Monsieur le Directeur G\u00e9n\u00e9ral, Par la pr\u00e9sente, le SNETAP-FSU d\u00e9pose, \u00e0 la demande des Personnels de l\u2019EPLEFPA d\u2019Ahun, un\u00a0pr\u00e9avis\u00a0de\u00a0gr\u00e8ve\u00a0reconductible \u00e0 compter du mardi 21 novembre 2017. L\u2019an dernier, quelques jours avant la Journ\u00e9e Porte Ouverte du 8 avril 2017, le Proviseur du Lyc\u00e9e Agricole d\u2019Ahun intervenait aupr\u00e8s des \u00e9l\u00e8ves de la classe de 2nde GT [&hellip;]<\/p>\n","protected":false},"author":1,"featured_media":0,"comment_status":"closed","ping_status":"closed","sticky":false,"template":"","format":"standard","meta":{"ocean_post_layout":"","ocean_both_sidebars_style":"","ocean_both_sidebars_content_width":0,"ocean_both_sidebars_sidebars_width":0,"ocean_sidebar":"","ocean_second_sidebar":"","ocean_disable_margins":"enable","ocean_add_body_class":"","ocean_shortcode_before_top_bar":"","ocean_shortcode_after_top_bar":"","ocean_shortcode_before_header":"","ocean_shortcode_after_header":"","ocean_has_shortcode":"","ocean_shortcode_after_title":"","ocean_shortcode_before_footer_widgets":"","ocean_shortcode_after_footer_widgets":"","ocean_shortcode_before_footer_bottom":"","ocean_shortcode_after_footer_bottom":"","ocean_display_top_bar":"default","ocean_display_header":"default","ocean_header_style":"","ocean_center_header_left_menu":"","ocean_custom_header_template":"","ocean_custom_logo":0,"ocean_custom_retina_logo":0,"ocean_custom_logo_max_width":0,"ocean_custom_logo_tablet_max_width":0,"ocean_custom_logo_mobile_max_width":0,"ocean_custom_logo_max_height":0,"ocean_custom_logo_tablet_max_height":0,"ocean_custom_logo_mobile_max_height":0,"ocean_header_custom_menu":"","ocean_menu_typo_font_family":"","ocean_menu_typo_font_subset":"","ocean_menu_typo_font_size":0,"ocean_menu_typo_font_size_tablet":0,"ocean_menu_typo_font_size_mobile":0,"ocean_menu_typo_font_size_unit":"px","ocean_menu_typo_font_weight":"","ocean_menu_typo_font_weight_tablet":"","ocean_menu_typo_font_weight_mobile":"","ocean_menu_typo_transform":"","ocean_menu_typo_transform_tablet":"","ocean_menu_typo_transform_mobile":"","ocean_menu_typo_line_height":0,"ocean_menu_typo_line_height_tablet":0,"ocean_menu_typo_line_height_mobile":0,"ocean_menu_typo_line_height_unit":"","ocean_menu_typo_spacing":0,"ocean_menu_typo_spacing_tablet":0,"ocean_menu_typo_spacing_mobile":0,"ocean_menu_typo_spacing_unit":"","ocean_menu_link_color":"","ocean_menu_link_color_hover":"","ocean_menu_link_color_active":"","ocean_menu_link_background":"","ocean_menu_link_hover_background":"","ocean_menu_link_active_background":"","ocean_menu_social_links_bg":"","ocean_menu_social_hover_links_bg":"","ocean_menu_social_links_color":"","ocean_menu_social_hover_links_color":"","ocean_disable_title":"default","ocean_disable_heading":"default","ocean_post_title":"","ocean_post_subheading":"","ocean_post_title_style":"","ocean_post_title_background_color":"","ocean_post_title_background":0,"ocean_post_title_bg_image_position":"","ocean_post_title_bg_image_attachment":"","ocean_post_title_bg_image_repeat":"","ocean_post_title_bg_image_size":"","ocean_post_title_height":0,"ocean_post_title_bg_overlay":0.5,"ocean_post_title_bg_overlay_color":"","ocean_disable_breadcrumbs":"default","ocean_breadcrumbs_color":"","ocean_breadcrumbs_separator_color":"","ocean_breadcrumbs_links_color":"","ocean_breadcrumbs_links_hover_color":"","ocean_display_footer_widgets":"default","ocean_display_footer_bottom":"default","ocean_custom_footer_template":"","ocean_post_oembed":"","ocean_post_self_hosted_media":"","ocean_post_video_embed":"","ocean_link_format":"","ocean_link_format_target":"self","ocean_quote_format":"","ocean_quote_format_link":"post","ocean_gallery_link_images":"on","ocean_gallery_id":[],"footnotes":""},"categories":[2,8],"tags":[],"post_folder":[],"class_list":["post-530","post","type-post","status-publish","format-standard","hentry","category-actus","category-na","entry"],"yoast_head":"<!-- This site is optimized with the Yoast SEO plugin v27.4 - https:\/\/yoast.com\/product\/yoast-seo-wordpress\/ -->\n<title>Pr\u00e9avis de gr\u00e8ve \u00e0 Ahun pour le 21 novembre 2017 - NOUVELLE AQUITAINE<\/title>\n<meta name=\"robots\" content=\"index, follow, max-snippet:-1, max-image-preview:large, max-video-preview:-1\" \/>\n<link rel=\"canonical\" href=\"https:\/\/regions-snetap-fsu.fr\/na\/2017\/11\/17\/preavis-de-greve-a-ahun-pour-le-21-novembre-2107\/\" \/>\n<meta property=\"og:locale\" content=\"fr_FR\" \/>\n<meta property=\"og:type\" content=\"article\" \/>\n<meta property=\"og:title\" content=\"Pr\u00e9avis de gr\u00e8ve \u00e0 Ahun pour le 21 novembre 2017 - NOUVELLE AQUITAINE\" \/>\n<meta property=\"og:description\" content=\"Monsieur le Directeur G\u00e9n\u00e9ral, Par la pr\u00e9sente, le SNETAP-FSU d\u00e9pose, \u00e0 la demande des Personnels de l\u2019EPLEFPA d\u2019Ahun, un\u00a0pr\u00e9avis\u00a0de\u00a0gr\u00e8ve\u00a0reconductible \u00e0 compter du mardi 21 novembre 2017. L\u2019an dernier, quelques jours avant la Journ\u00e9e Porte Ouverte du 8 avril 2017, le Proviseur du Lyc\u00e9e Agricole d\u2019Ahun intervenait aupr\u00e8s des \u00e9l\u00e8ves de la classe de 2nde GT [&hellip;]\" \/>\n<meta property=\"og:url\" content=\"https:\/\/regions-snetap-fsu.fr\/na\/2017\/11\/17\/preavis-de-greve-a-ahun-pour-le-21-novembre-2107\/\" \/>\n<meta property=\"og:site_name\" content=\"NOUVELLE AQUITAINE\" \/>\n<meta property=\"article:published_time\" content=\"2017-11-17T19:29:57+00:00\" \/>\n<meta name=\"author\" content=\"admin\" \/>\n<meta name=\"twitter:card\" content=\"summary_large_image\" \/>\n<meta name=\"twitter:label1\" content=\"\u00c9crit par\" \/>\n\t<meta name=\"twitter:data1\" content=\"admin\" \/>\n\t<meta name=\"twitter:label2\" content=\"Dur\u00e9e de lecture estim\u00e9e\" \/>\n\t<meta name=\"twitter:data2\" content=\"4 minutes\" \/>\n<script type=\"application\/ld+json\" class=\"yoast-schema-graph\">{\"@context\":\"https:\\\/\\\/schema.org\",\"@graph\":[{\"@type\":\"Article\",\"@id\":\"https:\\\/\\\/regions-snetap-fsu.fr\\\/na\\\/2017\\\/11\\\/17\\\/preavis-de-greve-a-ahun-pour-le-21-novembre-2107\\\/#article\",\"isPartOf\":{\"@id\":\"https:\\\/\\\/regions-snetap-fsu.fr\\\/na\\\/2017\\\/11\\\/17\\\/preavis-de-greve-a-ahun-pour-le-21-novembre-2107\\\/\"},\"author\":{\"name\":\"admin\",\"@id\":\"https:\\\/\\\/regions-snetap-fsu.fr\\\/na\\\/#\\\/schema\\\/person\\\/bde5882e4a9306621cf00489991f0068\"},\"headline\":\"Pr\u00e9avis de gr\u00e8ve \u00e0 Ahun pour le 21 novembre 2017\",\"datePublished\":\"2017-11-17T19:29:57+00:00\",\"mainEntityOfPage\":{\"@id\":\"https:\\\/\\\/regions-snetap-fsu.fr\\\/na\\\/2017\\\/11\\\/17\\\/preavis-de-greve-a-ahun-pour-le-21-novembre-2107\\\/\"},\"wordCount\":778,\"publisher\":{\"@id\":\"https:\\\/\\\/regions-snetap-fsu.fr\\\/na\\\/#organization\"},\"articleSection\":[\"Actus\",\"NA\"],\"inLanguage\":\"fr-FR\"},{\"@type\":\"WebPage\",\"@id\":\"https:\\\/\\\/regions-snetap-fsu.fr\\\/na\\\/2017\\\/11\\\/17\\\/preavis-de-greve-a-ahun-pour-le-21-novembre-2107\\\/\",\"url\":\"https:\\\/\\\/regions-snetap-fsu.fr\\\/na\\\/2017\\\/11\\\/17\\\/preavis-de-greve-a-ahun-pour-le-21-novembre-2107\\\/\",\"name\":\"Pr\u00e9avis de gr\u00e8ve \u00e0 Ahun pour le 21 novembre 2017 - NOUVELLE AQUITAINE\",\"isPartOf\":{\"@id\":\"https:\\\/\\\/regions-snetap-fsu.fr\\\/na\\\/#website\"},\"datePublished\":\"2017-11-17T19:29:57+00:00\",\"breadcrumb\":{\"@id\":\"https:\\\/\\\/regions-snetap-fsu.fr\\\/na\\\/2017\\\/11\\\/17\\\/preavis-de-greve-a-ahun-pour-le-21-novembre-2107\\\/#breadcrumb\"},\"inLanguage\":\"fr-FR\",\"potentialAction\":[{\"@type\":\"ReadAction\",\"target\":[\"https:\\\/\\\/regions-snetap-fsu.fr\\\/na\\\/2017\\\/11\\\/17\\\/preavis-de-greve-a-ahun-pour-le-21-novembre-2107\\\/\"]}]},{\"@type\":\"BreadcrumbList\",\"@id\":\"https:\\\/\\\/regions-snetap-fsu.fr\\\/na\\\/2017\\\/11\\\/17\\\/preavis-de-greve-a-ahun-pour-le-21-novembre-2107\\\/#breadcrumb\",\"itemListElement\":[{\"@type\":\"ListItem\",\"position\":1,\"name\":\"Accueil\",\"item\":\"https:\\\/\\\/regions-snetap-fsu.fr\\\/na\\\/\"},{\"@type\":\"ListItem\",\"position\":2,\"name\":\"Pr\u00e9avis de gr\u00e8ve \u00e0 Ahun pour le 21 novembre 2017\"}]},{\"@type\":\"WebSite\",\"@id\":\"https:\\\/\\\/regions-snetap-fsu.fr\\\/na\\\/#website\",\"url\":\"https:\\\/\\\/regions-snetap-fsu.fr\\\/na\\\/\",\"name\":\"SNETAP-FSU NOUVELLE AQUITAINE\",\"description\":\"Blog de la Section R\u00e9gionale\",\"publisher\":{\"@id\":\"https:\\\/\\\/regions-snetap-fsu.fr\\\/na\\\/#organization\"},\"potentialAction\":[{\"@type\":\"SearchAction\",\"target\":{\"@type\":\"EntryPoint\",\"urlTemplate\":\"https:\\\/\\\/regions-snetap-fsu.fr\\\/na\\\/?s={search_term_string}\"},\"query-input\":{\"@type\":\"PropertyValueSpecification\",\"valueRequired\":true,\"valueName\":\"search_term_string\"}}],\"inLanguage\":\"fr-FR\"},{\"@type\":\"Organization\",\"@id\":\"https:\\\/\\\/regions-snetap-fsu.fr\\\/na\\\/#organization\",\"name\":\"SNETAP-FSU - Nouvelle Aquitaine\",\"url\":\"https:\\\/\\\/regions-snetap-fsu.fr\\\/na\\\/\",\"logo\":{\"@type\":\"ImageObject\",\"inLanguage\":\"fr-FR\",\"@id\":\"https:\\\/\\\/regions-snetap-fsu.fr\\\/na\\\/#\\\/schema\\\/logo\\\/image\\\/\",\"url\":\"https:\\\/\\\/regions-snetap-fsu.fr\\\/na\\\/wp-content\\\/uploads\\\/sites\\\/3\\\/2020\\\/12\\\/SNETAP-Logo.jpg\",\"contentUrl\":\"https:\\\/\\\/regions-snetap-fsu.fr\\\/na\\\/wp-content\\\/uploads\\\/sites\\\/3\\\/2020\\\/12\\\/SNETAP-Logo.jpg\",\"width\":464,\"height\":334,\"caption\":\"SNETAP-FSU - Nouvelle Aquitaine\"},\"image\":{\"@id\":\"https:\\\/\\\/regions-snetap-fsu.fr\\\/na\\\/#\\\/schema\\\/logo\\\/image\\\/\"}},{\"@type\":\"Person\",\"@id\":\"https:\\\/\\\/regions-snetap-fsu.fr\\\/na\\\/#\\\/schema\\\/person\\\/bde5882e4a9306621cf00489991f0068\",\"name\":\"admin\",\"image\":{\"@type\":\"ImageObject\",\"inLanguage\":\"fr-FR\",\"@id\":\"https:\\\/\\\/secure.gravatar.com\\\/avatar\\\/aeec38d301f4c33ec97a6c6ed3a20500eacdfd2d625095cfca070a2402f716a4?s=96&d=mm&r=g\",\"url\":\"https:\\\/\\\/secure.gravatar.com\\\/avatar\\\/aeec38d301f4c33ec97a6c6ed3a20500eacdfd2d625095cfca070a2402f716a4?s=96&d=mm&r=g\",\"contentUrl\":\"https:\\\/\\\/secure.gravatar.com\\\/avatar\\\/aeec38d301f4c33ec97a6c6ed3a20500eacdfd2d625095cfca070a2402f716a4?s=96&d=mm&r=g\",\"caption\":\"admin\"},\"url\":\"https:\\\/\\\/regions-snetap-fsu.fr\\\/na\\\/author\\\/admin\\\/\"}]}<\/script>\n<!-- \/ Yoast SEO plugin. -->","yoast_head_json":{"title":"Pr\u00e9avis de gr\u00e8ve \u00e0 Ahun pour le 21 novembre 2017 - NOUVELLE AQUITAINE","robots":{"index":"index","follow":"follow","max-snippet":"max-snippet:-1","max-image-preview":"max-image-preview:large","max-video-preview":"max-video-preview:-1"},"canonical":"https:\/\/regions-snetap-fsu.fr\/na\/2017\/11\/17\/preavis-de-greve-a-ahun-pour-le-21-novembre-2107\/","og_locale":"fr_FR","og_type":"article","og_title":"Pr\u00e9avis de gr\u00e8ve \u00e0 Ahun pour le 21 novembre 2017 - NOUVELLE AQUITAINE","og_description":"Monsieur le Directeur G\u00e9n\u00e9ral, Par la pr\u00e9sente, le SNETAP-FSU d\u00e9pose, \u00e0 la demande des Personnels de l\u2019EPLEFPA d\u2019Ahun, un\u00a0pr\u00e9avis\u00a0de\u00a0gr\u00e8ve\u00a0reconductible \u00e0 compter du mardi 21 novembre 2017. L\u2019an dernier, quelques jours avant la Journ\u00e9e Porte Ouverte du 8 avril 2017, le Proviseur du Lyc\u00e9e Agricole d\u2019Ahun intervenait aupr\u00e8s des \u00e9l\u00e8ves de la classe de 2nde GT [&hellip;]","og_url":"https:\/\/regions-snetap-fsu.fr\/na\/2017\/11\/17\/preavis-de-greve-a-ahun-pour-le-21-novembre-2107\/","og_site_name":"NOUVELLE AQUITAINE","article_published_time":"2017-11-17T19:29:57+00:00","author":"admin","twitter_card":"summary_large_image","twitter_misc":{"\u00c9crit par":"admin","Dur\u00e9e de lecture estim\u00e9e":"4 minutes"},"schema":{"@context":"https:\/\/schema.org","@graph":[{"@type":"Article","@id":"https:\/\/regions-snetap-fsu.fr\/na\/2017\/11\/17\/preavis-de-greve-a-ahun-pour-le-21-novembre-2107\/#article","isPartOf":{"@id":"https:\/\/regions-snetap-fsu.fr\/na\/2017\/11\/17\/preavis-de-greve-a-ahun-pour-le-21-novembre-2107\/"},"author":{"name":"admin","@id":"https:\/\/regions-snetap-fsu.fr\/na\/#\/schema\/person\/bde5882e4a9306621cf00489991f0068"},"headline":"Pr\u00e9avis de gr\u00e8ve \u00e0 Ahun pour le 21 novembre 2017","datePublished":"2017-11-17T19:29:57+00:00","mainEntityOfPage":{"@id":"https:\/\/regions-snetap-fsu.fr\/na\/2017\/11\/17\/preavis-de-greve-a-ahun-pour-le-21-novembre-2107\/"},"wordCount":778,"publisher":{"@id":"https:\/\/regions-snetap-fsu.fr\/na\/#organization"},"articleSection":["Actus","NA"],"inLanguage":"fr-FR"},{"@type":"WebPage","@id":"https:\/\/regions-snetap-fsu.fr\/na\/2017\/11\/17\/preavis-de-greve-a-ahun-pour-le-21-novembre-2107\/","url":"https:\/\/regions-snetap-fsu.fr\/na\/2017\/11\/17\/preavis-de-greve-a-ahun-pour-le-21-novembre-2107\/","name":"Pr\u00e9avis de gr\u00e8ve \u00e0 Ahun pour le 21 novembre 2017 - NOUVELLE AQUITAINE","isPartOf":{"@id":"https:\/\/regions-snetap-fsu.fr\/na\/#website"},"datePublished":"2017-11-17T19:29:57+00:00","breadcrumb":{"@id":"https:\/\/regions-snetap-fsu.fr\/na\/2017\/11\/17\/preavis-de-greve-a-ahun-pour-le-21-novembre-2107\/#breadcrumb"},"inLanguage":"fr-FR","potentialAction":[{"@type":"ReadAction","target":["https:\/\/regions-snetap-fsu.fr\/na\/2017\/11\/17\/preavis-de-greve-a-ahun-pour-le-21-novembre-2107\/"]}]},{"@type":"BreadcrumbList","@id":"https:\/\/regions-snetap-fsu.fr\/na\/2017\/11\/17\/preavis-de-greve-a-ahun-pour-le-21-novembre-2107\/#breadcrumb","itemListElement":[{"@type":"ListItem","position":1,"name":"Accueil","item":"https:\/\/regions-snetap-fsu.fr\/na\/"},{"@type":"ListItem","position":2,"name":"Pr\u00e9avis de gr\u00e8ve \u00e0 Ahun pour le 21 novembre 2017"}]},{"@type":"WebSite","@id":"https:\/\/regions-snetap-fsu.fr\/na\/#website","url":"https:\/\/regions-snetap-fsu.fr\/na\/","name":"SNETAP-FSU NOUVELLE AQUITAINE","description":"Blog de la Section R\u00e9gionale","publisher":{"@id":"https:\/\/regions-snetap-fsu.fr\/na\/#organization"},"potentialAction":[{"@type":"SearchAction","target":{"@type":"EntryPoint","urlTemplate":"https:\/\/regions-snetap-fsu.fr\/na\/?s={search_term_string}"},"query-input":{"@type":"PropertyValueSpecification","valueRequired":true,"valueName":"search_term_string"}}],"inLanguage":"fr-FR"},{"@type":"Organization","@id":"https:\/\/regions-snetap-fsu.fr\/na\/#organization","name":"SNETAP-FSU - Nouvelle Aquitaine","url":"https:\/\/regions-snetap-fsu.fr\/na\/","logo":{"@type":"ImageObject","inLanguage":"fr-FR","@id":"https:\/\/regions-snetap-fsu.fr\/na\/#\/schema\/logo\/image\/","url":"https:\/\/regions-snetap-fsu.fr\/na\/wp-content\/uploads\/sites\/3\/2020\/12\/SNETAP-Logo.jpg","contentUrl":"https:\/\/regions-snetap-fsu.fr\/na\/wp-content\/uploads\/sites\/3\/2020\/12\/SNETAP-Logo.jpg","width":464,"height":334,"caption":"SNETAP-FSU - Nouvelle Aquitaine"},"image":{"@id":"https:\/\/regions-snetap-fsu.fr\/na\/#\/schema\/logo\/image\/"}},{"@type":"Person","@id":"https:\/\/regions-snetap-fsu.fr\/na\/#\/schema\/person\/bde5882e4a9306621cf00489991f0068","name":"admin","image":{"@type":"ImageObject","inLanguage":"fr-FR","@id":"https:\/\/secure.gravatar.com\/avatar\/aeec38d301f4c33ec97a6c6ed3a20500eacdfd2d625095cfca070a2402f716a4?s=96&d=mm&r=g","url":"https:\/\/secure.gravatar.com\/avatar\/aeec38d301f4c33ec97a6c6ed3a20500eacdfd2d625095cfca070a2402f716a4?s=96&d=mm&r=g","contentUrl":"https:\/\/secure.gravatar.com\/avatar\/aeec38d301f4c33ec97a6c6ed3a20500eacdfd2d625095cfca070a2402f716a4?s=96&d=mm&r=g","caption":"admin"},"url":"https:\/\/regions-snetap-fsu.fr\/na\/author\/admin\/"}]}},"_links":{"self":[{"href":"https:\/\/regions-snetap-fsu.fr\/na\/wp-json\/wp\/v2\/posts\/530","targetHints":{"allow":["GET"]}}],"collection":[{"href":"https:\/\/regions-snetap-fsu.fr\/na\/wp-json\/wp\/v2\/posts"}],"about":[{"href":"https:\/\/regions-snetap-fsu.fr\/na\/wp-json\/wp\/v2\/types\/post"}],"author":[{"embeddable":true,"href":"https:\/\/regions-snetap-fsu.fr\/na\/wp-json\/wp\/v2\/users\/1"}],"replies":[{"embeddable":true,"href":"https:\/\/regions-snetap-fsu.fr\/na\/wp-json\/wp\/v2\/comments?post=530"}],"version-history":[{"count":0,"href":"https:\/\/regions-snetap-fsu.fr\/na\/wp-json\/wp\/v2\/posts\/530\/revisions"}],"wp:attachment":[{"href":"https:\/\/regions-snetap-fsu.fr\/na\/wp-json\/wp\/v2\/media?parent=530"}],"wp:term":[{"taxonomy":"category","embeddable":true,"href":"https:\/\/regions-snetap-fsu.fr\/na\/wp-json\/wp\/v2\/categories?post=530"},{"taxonomy":"post_tag","embeddable":true,"href":"https:\/\/regions-snetap-fsu.fr\/na\/wp-json\/wp\/v2\/tags?post=530"},{"taxonomy":"post_folder","embeddable":true,"href":"https:\/\/regions-snetap-fsu.fr\/na\/wp-json\/wp\/v2\/post_folder?post=530"}],"curies":[{"name":"wp","href":"https:\/\/api.w.org\/{rel}","templated":true}]}}