{"id":5181,"date":"2025-06-05T10:38:30","date_gmt":"2025-06-05T08:38:30","guid":{"rendered":"https:\/\/regions-snetap-fsu.fr\/na\/?p=5181"},"modified":"2025-11-12T21:55:17","modified_gmt":"2025-11-12T20:55:17","slug":"dgh-nouvelle-aquitaine-les-etablissements-publics-fragilises-le-prive-renforce","status":"publish","type":"post","link":"https:\/\/regions-snetap-fsu.fr\/na\/2025\/06\/05\/dgh-nouvelle-aquitaine-les-etablissements-publics-fragilises-le-prive-renforce\/","title":{"rendered":"DGH Nouvelle Aquitaine : les \u00e9tablissements publics fragilis\u00e9s, le priv\u00e9 renforc\u00e9 !"},"content":{"rendered":"\t\t<div data-elementor-type=\"wp-post\" data-elementor-id=\"5181\" class=\"elementor elementor-5181\">\n\t\t\t\t<div class=\"elementor-element elementor-element-3bb1c23 e-flex e-con-boxed e-con e-parent\" data-id=\"3bb1c23\" data-element_type=\"container\" data-e-type=\"container\">\n\t\t\t\t\t<div class=\"e-con-inner\">\n\t\t\t\t<div class=\"elementor-element elementor-element-34a9a7f elementor-widget elementor-widget-image\" data-id=\"34a9a7f\" data-element_type=\"widget\" data-e-type=\"widget\" data-widget_type=\"image.default\">\n\t\t\t\t<div class=\"elementor-widget-container\">\n\t\t\t\t\t\t\t\t\t\t\t\t\t\t\t<img fetchpriority=\"high\" decoding=\"async\" width=\"1024\" height=\"144\" src=\"https:\/\/regions-snetap-fsu.fr\/na\/wp-content\/uploads\/sites\/3\/2024\/12\/ELAN-COMMUN-1024x144.jpg\" class=\"attachment-large size-large wp-image-3813\" alt=\"\" srcset=\"https:\/\/regions-snetap-fsu.fr\/na\/wp-content\/uploads\/sites\/3\/2024\/12\/ELAN-COMMUN-1024x144.jpg 1024w, https:\/\/regions-snetap-fsu.fr\/na\/wp-content\/uploads\/sites\/3\/2024\/12\/ELAN-COMMUN-300x42.jpg 300w, https:\/\/regions-snetap-fsu.fr\/na\/wp-content\/uploads\/sites\/3\/2024\/12\/ELAN-COMMUN-768x108.jpg 768w, https:\/\/regions-snetap-fsu.fr\/na\/wp-content\/uploads\/sites\/3\/2024\/12\/ELAN-COMMUN-1536x217.jpg 1536w, https:\/\/regions-snetap-fsu.fr\/na\/wp-content\/uploads\/sites\/3\/2024\/12\/ELAN-COMMUN-2048x289.jpg 2048w\" sizes=\"(max-width: 1024px) 100vw, 1024px\" \/>\t\t\t\t\t\t\t\t\t\t\t\t\t\t\t<\/div>\n\t\t\t\t<\/div>\n\t\t\t\t\t<\/div>\n\t\t\t\t<\/div>\n\t\t<div class=\"elementor-element elementor-element-09a7146 e-flex e-con-boxed e-con e-parent\" data-id=\"09a7146\" data-element_type=\"container\" data-e-type=\"container\">\n\t\t\t\t\t<div class=\"e-con-inner\">\n\t\t\t\t<div class=\"elementor-element elementor-element-6096fe5 elementor-widget elementor-widget-text-editor\" data-id=\"6096fe5\" data-element_type=\"widget\" data-e-type=\"widget\" data-widget_type=\"text-editor.default\">\n\t\t\t\t<div class=\"elementor-widget-container\">\n\t\t\t\t\t\t\t\t\t<table style=\"border-collapse: collapse;width: 100%\"><tbody><tr><td style=\"width: 100%;border-style: solid;border-color: #000000\"><p align=\"justify\"><span style=\"color: #4472c4\"><i><span style=\"color: #1e6a39\"><span style=\"font-size: medium\">Dans un contexte de forte mobilisation contre les coupes budg\u00e9taires visant l\u2019Enseignement Agricole Public (EAP), la DRAAF a r\u00e9uni les organisations syndicales en CSA exceptionnel pour leurs pr\u00e9senter les derniers arbitrages et la ventilation de la DGH. Le constat est sans appel : <\/span><\/span><span style=\"color: #1e6a39\"><span style=\"font-size: medium\"><b>les baisses de moyens vont frapper de plein fouet les \u00e9tablissements publics de la r\u00e9gion d\u00e9gradant les conditions d\u2019emplois, d\u2019enseignement et de travail. A l\u2019inverse les \u00e9tablissements priv\u00e9s du CNEAP voient leur dotation augmenter.<\/b><\/span><\/span><\/i><\/span><\/p><\/td><\/tr><\/tbody><\/table>\t\t\t\t\t\t\t\t<\/div>\n\t\t\t\t<\/div>\n\t\t\t\t\t<\/div>\n\t\t\t\t<\/div>\n\t\t<div class=\"elementor-element elementor-element-edd59b9 e-flex e-con-boxed e-con e-parent\" data-id=\"edd59b9\" data-element_type=\"container\" data-e-type=\"container\">\n\t\t\t\t\t<div class=\"e-con-inner\">\n\t\t\t\t<div class=\"elementor-element elementor-element-4df45af elementor-widget elementor-widget-text-editor\" data-id=\"4df45af\" data-element_type=\"widget\" data-e-type=\"widget\" data-widget_type=\"text-editor.default\">\n\t\t\t\t<div class=\"elementor-widget-container\">\n\t\t\t\t\t\t\t\t\t<p class=\"western\" align=\"justify\">\ud83d\ude21 <span style=\"font-family: Calibri, serif\"><span style=\"font-size: medium\"><b>En 2025, la DGH des 38 \u00e9tablissements publics de Nouvelle-Aquitaine passe \u00e0 725 788 heures, contre 730 600 heures en 2024<\/b><\/span><\/span><span style=\"font-family: Calibri, serif\"><span style=\"font-size: medium\">. Environ 1200 h<\/span><\/span><span style=\"font-family: Calibri, serif\"><span style=\"font-size: medium\">eures ont \u00e9t\u00e9 r\u00e9serv\u00e9es pour permettre de r\u00e9pondre aux variations impr\u00e9visibles et al\u00e9as de la rentr\u00e9e. Cette marge de man\u0153uvre extr\u00eamement modeste impose une gestion au plus serr\u00e9e en lien direct avec les effectifs , alors m\u00eame que les r\u00e9formes (comme celle du Bac Pro) rendent les organisations p\u00e9dagogiques et humaines encore plus complexes et fragiles.<\/span><\/span><\/p>\t\t\t\t\t\t\t\t<\/div>\n\t\t\t\t<\/div>\n\t\t\t\t\t<\/div>\n\t\t\t\t<\/div>\n\t\t<div class=\"elementor-element elementor-element-8d66403 e-flex e-con-boxed e-con e-parent\" data-id=\"8d66403\" data-element_type=\"container\" data-e-type=\"container\">\n\t\t\t\t\t<div class=\"e-con-inner\">\n\t\t\t\t<div class=\"elementor-element elementor-element-be63c01 elementor-widget elementor-widget-text-editor\" data-id=\"be63c01\" data-element_type=\"widget\" data-e-type=\"widget\" data-widget_type=\"text-editor.default\">\n\t\t\t\t<div class=\"elementor-widget-container\">\n\t\t\t\t\t\t\t\t\t<p class=\"western\" align=\"justify\">\ud83d\ude21<span style=\"font-family: Calibri, serif\"><span style=\"font-size: medium\"><b>Les quatre \u00e9tablissements cibl\u00e9s \u00e0 cette rentr\u00e9e, Blanquefort, Bourcefranc, Niort et Surg\u00e8res voient leurs moyens r\u00e9duits<\/b><\/span><\/span><span style=\"font-family: Calibri, serif\"><span style=\"font-size: medium\"> actant les d\u00e9cisions prises. Seul un meilleur recrutement, hypoth\u00e9qu\u00e9 par ces annonces, permettrait de demander une r\u00e9vision de leur dotation. Surg\u00e8res, \u00e9tablissement de l\u2019agroalimentaire (farine et lait), est une victime embl\u00e9matique de la contradiction entre ces choix<\/span><\/span><span style=\"font-family: Calibri, serif\"><span style=\"font-size: medium\"> et les<\/span><\/span><span style=\"font-family: Calibri, serif\"><span style=\"font-size: medium\"> objectifs affich\u00e9s de la loi d\u2019orientation agricole qui entend r\u00e9pondre aux enjeux agricoles et agroalimentaires notamment en terme de formation. La DRAAF annonce une r\u00e9union \u00e0 venir pour redynamiser cet \u00e9tablissement avec l\u2019ensemble des acteurs r\u00e9gionaux de son \u00e9cosyst\u00e8me. Nous serons attentifs \u00e0 ce que les personnels soient \u00e9cout\u00e9s mais cela d\u00e9montre que les<\/span><\/span><span style=\"font-family: Calibri, serif\"><span style=\"font-size: medium\"><b> d\u00e9cisions nationales fragilisent durablement ces structures, sans leur donner les leviers pour se d\u00e9velopper.<\/b><\/span><\/span><\/p>\t\t\t\t\t\t\t\t<\/div>\n\t\t\t\t<\/div>\n\t\t\t\t\t<\/div>\n\t\t\t\t<\/div>\n\t\t<div class=\"elementor-element elementor-element-e6855ec e-flex e-con-boxed e-con e-parent\" data-id=\"e6855ec\" data-element_type=\"container\" data-e-type=\"container\">\n\t\t\t\t\t<div class=\"e-con-inner\">\n\t\t\t\t<div class=\"elementor-element elementor-element-e25e2b8 elementor-widget elementor-widget-text-editor\" data-id=\"e25e2b8\" data-element_type=\"widget\" data-e-type=\"widget\" data-widget_type=\"text-editor.default\">\n\t\t\t\t<div class=\"elementor-widget-container\">\n\t\t\t\t\t\t\t\t\t<p class=\"western\" align=\"justify\">\ud83d\ude21<span style=\"font-family: Calibri, serif\"><span style=\"font-size: medium\"><b>Ces baisses auront des cons\u00e9quences directes sur l\u2019emploi et les conditions de travail<\/b><\/span><\/span><span style=\"font-family: Calibri, serif\"><span style=\"font-size: medium\"> : suppressions de postes par non-renouvellement des titulaires partant \u00e0 la retraite, baisse des quotit\u00e9s pour les contractuel\u00b7les, \u00e9changes de services entre centres de l\u2019EPL, complexification des emplois du temps\u2026 Le tout s\u2019accompagnant d\u2019une perte de savoir-<\/span><\/span><span style=\"font-family: Calibri, serif\"><span style=\"font-size: medium\">faire dans nos c\u0153urs de m\u00e9tiers (agroalimentaire, aquaculture, horticulture, viticulture) et se r\u00e9alisant dans un silence inqui\u00e9tant.<\/span><\/span><\/p>\t\t\t\t\t\t\t\t<\/div>\n\t\t\t\t<\/div>\n\t\t\t\t\t<\/div>\n\t\t\t\t<\/div>\n\t\t<div class=\"elementor-element elementor-element-f8f75b4 e-flex e-con-boxed e-con e-parent\" data-id=\"f8f75b4\" data-element_type=\"container\" data-e-type=\"container\">\n\t\t\t\t\t<div class=\"e-con-inner\">\n\t\t\t\t<div class=\"elementor-element elementor-element-32d390d elementor-widget elementor-widget-heading\" data-id=\"32d390d\" data-element_type=\"widget\" data-e-type=\"widget\" data-widget_type=\"heading.default\">\n\t\t\t\t<div class=\"elementor-widget-container\">\n\t\t\t\t\t<h2 class=\"elementor-heading-title elementor-size-default\">Pendant ce temps, que constate-t-on ?<\/h2>\t\t\t\t<\/div>\n\t\t\t\t<\/div>\n\t\t\t\t\t<\/div>\n\t\t\t\t<\/div>\n\t\t<div class=\"elementor-element elementor-element-2b165e4 e-flex e-con-boxed e-con e-parent\" data-id=\"2b165e4\" data-element_type=\"container\" data-e-type=\"container\">\n\t\t\t\t\t<div class=\"e-con-inner\">\n\t\t\t\t<div class=\"elementor-element elementor-element-8d1b499 elementor-widget elementor-widget-text-editor\" data-id=\"8d1b499\" data-element_type=\"widget\" data-e-type=\"widget\" data-widget_type=\"text-editor.default\">\n\t\t\t\t<div class=\"elementor-widget-container\">\n\t\t\t\t\t\t\t\t\t<p class=\"western\" align=\"justify\">\ud83e\udd1c <span style=\"font-family: Calibri, serif\"><span style=\"font-size: medium\"><b>+5 ETP pour l\u2019enseignement priv\u00e9 temps plein (confessionnel)<\/b><\/span><\/span><span style=\"font-family: Calibri, serif\"><span style=\"font-size: medium\"> en Nouvelle-Aquitaine (qui ne repr\u00e9sente que 20 % des effectifs), pendant que l\u2019enseignement public voit ses moyens amput\u00e9s. La DRAAF rappelle qu\u2019elle n\u2019intervient pas dans ces choix : c\u2019est bien le national qui op\u00e8re ces transferts.<\/span><\/span><\/p>\t\t\t\t\t\t\t\t<\/div>\n\t\t\t\t<\/div>\n\t\t\t\t\t<\/div>\n\t\t\t\t<\/div>\n\t\t<div class=\"elementor-element elementor-element-807cf8c e-flex e-con-boxed e-con e-parent\" data-id=\"807cf8c\" data-element_type=\"container\" data-e-type=\"container\">\n\t\t\t\t\t<div class=\"e-con-inner\">\n\t\t\t\t<div class=\"elementor-element elementor-element-23e9657 elementor-widget elementor-widget-text-editor\" data-id=\"23e9657\" data-element_type=\"widget\" data-e-type=\"widget\" data-widget_type=\"text-editor.default\">\n\t\t\t\t<div class=\"elementor-widget-container\">\n\t\t\t\t\t\t\t\t\t<p class=\"western\" align=\"justify\">\ud83e\udd1c <strong><span style=\"font-family: Calibri, serif\"><span style=\"font-size: medium\">Sur le d\u00e9veloppement des <\/span><\/span><span style=\"font-family: Calibri, serif\"><span style=\"font-size: medium\">Bachelors<\/span><\/span><\/strong><span style=\"font-family: Calibri, serif\"><span style=\"font-size: medium\"><strong>, m\u00eame logique<\/strong> : des \u00e9tablissements priv\u00e9s (MFR, ISNAB-IFRIA) sont soutenus, sans v\u00e9ritable cadrage national ni r\u00e9gional, et en concurrence directe avec les \u00e9tablissements publics, qui, eux, accueillent tous les publics.<\/span><\/span><\/p>\t\t\t\t\t\t\t\t<\/div>\n\t\t\t\t<\/div>\n\t\t\t\t\t<\/div>\n\t\t\t\t<\/div>\n\t\t<div class=\"elementor-element elementor-element-92399d5 e-flex e-con-boxed e-con e-parent\" data-id=\"92399d5\" data-element_type=\"container\" data-e-type=\"container\">\n\t\t\t\t\t<div class=\"e-con-inner\">\n\t\t\t\t<div class=\"elementor-element elementor-element-827db18 elementor-widget elementor-widget-text-editor\" data-id=\"827db18\" data-element_type=\"widget\" data-e-type=\"widget\" data-widget_type=\"text-editor.default\">\n\t\t\t\t<div class=\"elementor-widget-container\">\n\t\t\t\t\t\t\t\t\t<p class=\"western\" align=\"justify\">\ud83e\udd1c <span style=\"font-family: Calibri, serif\"><span style=\"font-size: medium\">Enfin, aucune garantie que les <\/span><\/span><span style=\"font-family: Calibri, serif\"><span style=\"font-size: medium\"><b>heures r\u00e9serv\u00e9es<\/b><\/span><\/span><span style=\"font-family: Calibri, serif\"><span style=\"font-size: medium\"> soient r\u00e9ellement redistribu\u00e9es aux \u00e9tablissements publics. Le SNETAP-FSU restera particuli\u00e8rement vigilant sur ce point.<\/span><\/span><\/p>\t\t\t\t\t\t\t\t<\/div>\n\t\t\t\t<\/div>\n\t\t\t\t\t<\/div>\n\t\t\t\t<\/div>\n\t\t\t\t<\/div>\n\t\t","protected":false},"excerpt":{"rendered":"<p>Dans un contexte de forte mobilisation contre les coupes budg\u00e9taires visant l\u2019Enseignement Agricole Public (EAP), la DRAAF a r\u00e9uni les organisations syndicales en CSA exceptionnel pour leurs pr\u00e9senter les derniers arbitrages et la ventilation de la DGH. Le constat est sans appel : les baisses de moyens vont frapper de plein fouet les \u00e9tablissements publics [&hellip;]<\/p>\n","protected":false},"author":128,"featured_media":5187,"comment_status":"closed","ping_status":"closed","sticky":false,"template":"","format":"standard","meta":{"ocean_post_layout":"","ocean_both_sidebars_style":"","ocean_both_sidebars_content_width":0,"ocean_both_sidebars_sidebars_width":0,"ocean_sidebar":"0","ocean_second_sidebar":"0","ocean_disable_margins":"enable","ocean_add_body_class":"","ocean_shortcode_before_top_bar":"","ocean_shortcode_after_top_bar":"","ocean_shortcode_before_header":"","ocean_shortcode_after_header":"","ocean_has_shortcode":"","ocean_shortcode_after_title":"","ocean_shortcode_before_footer_widgets":"","ocean_shortcode_after_footer_widgets":"","ocean_shortcode_before_footer_bottom":"","ocean_shortcode_after_footer_bottom":"","ocean_display_top_bar":"default","ocean_display_header":"default","ocean_header_style":"","ocean_center_header_left_menu":"0","ocean_custom_header_template":"0","ocean_custom_logo":0,"ocean_custom_retina_logo":0,"ocean_custom_logo_max_width":0,"ocean_custom_logo_tablet_max_width":0,"ocean_custom_logo_mobile_max_width":0,"ocean_custom_logo_max_height":0,"ocean_custom_logo_tablet_max_height":0,"ocean_custom_logo_mobile_max_height":0,"ocean_header_custom_menu":"0","ocean_menu_typo_font_family":"0","ocean_menu_typo_font_subset":"","ocean_menu_typo_font_size":0,"ocean_menu_typo_font_size_tablet":0,"ocean_menu_typo_font_size_mobile":0,"ocean_menu_typo_font_size_unit":"px","ocean_menu_typo_font_weight":"","ocean_menu_typo_font_weight_tablet":"","ocean_menu_typo_font_weight_mobile":"","ocean_menu_typo_transform":"","ocean_menu_typo_transform_tablet":"","ocean_menu_typo_transform_mobile":"","ocean_menu_typo_line_height":0,"ocean_menu_typo_line_height_tablet":0,"ocean_menu_typo_line_height_mobile":0,"ocean_menu_typo_line_height_unit":"","ocean_menu_typo_spacing":0,"ocean_menu_typo_spacing_tablet":0,"ocean_menu_typo_spacing_mobile":0,"ocean_menu_typo_spacing_unit":"","ocean_menu_link_color":"","ocean_menu_link_color_hover":"","ocean_menu_link_color_active":"","ocean_menu_link_background":"","ocean_menu_link_hover_background":"","ocean_menu_link_active_background":"","ocean_menu_social_links_bg":"","ocean_menu_social_hover_links_bg":"","ocean_menu_social_links_color":"","ocean_menu_social_hover_links_color":"","ocean_disable_title":"default","ocean_disable_heading":"default","ocean_post_title":"","ocean_post_subheading":"","ocean_post_title_style":"","ocean_post_title_background_color":"","ocean_post_title_background":0,"ocean_post_title_bg_image_position":"","ocean_post_title_bg_image_attachment":"","ocean_post_title_bg_image_repeat":"","ocean_post_title_bg_image_size":"","ocean_post_title_height":0,"ocean_post_title_bg_overlay":0.5,"ocean_post_title_bg_overlay_color":"","ocean_disable_breadcrumbs":"default","ocean_breadcrumbs_color":"","ocean_breadcrumbs_separator_color":"","ocean_breadcrumbs_links_color":"","ocean_breadcrumbs_links_hover_color":"","ocean_display_footer_widgets":"default","ocean_display_footer_bottom":"default","ocean_custom_footer_template":"0","ocean_post_oembed":"","ocean_post_self_hosted_media":"","ocean_post_video_embed":"","ocean_link_format":"","ocean_link_format_target":"self","ocean_quote_format":"","ocean_quote_format_link":"post","ocean_gallery_link_images":"on","ocean_gallery_id":[],"footnotes":""},"categories":[16,1],"tags":[],"post_folder":[],"class_list":["post-5181","post","type-post","status-publish","format-standard","has-post-thumbnail","hentry","category-communiques","category-message-de-service","entry","has-media"],"yoast_head":"<!-- This site is optimized with the Yoast SEO plugin v27.4 - https:\/\/yoast.com\/product\/yoast-seo-wordpress\/ -->\n<title>DGH Nouvelle Aquitaine : les \u00e9tablissements publics fragilis\u00e9s, le priv\u00e9 renforc\u00e9 ! - NOUVELLE AQUITAINE<\/title>\n<meta name=\"robots\" content=\"index, follow, max-snippet:-1, max-image-preview:large, max-video-preview:-1\" \/>\n<link rel=\"canonical\" href=\"https:\/\/regions-snetap-fsu.fr\/na\/2025\/06\/05\/dgh-nouvelle-aquitaine-les-etablissements-publics-fragilises-le-prive-renforce\/\" \/>\n<meta property=\"og:locale\" content=\"fr_FR\" \/>\n<meta property=\"og:type\" content=\"article\" \/>\n<meta property=\"og:title\" content=\"DGH Nouvelle Aquitaine : les \u00e9tablissements publics fragilis\u00e9s, le priv\u00e9 renforc\u00e9 ! - NOUVELLE AQUITAINE\" \/>\n<meta property=\"og:description\" content=\"Dans un contexte de forte mobilisation contre les coupes budg\u00e9taires visant l\u2019Enseignement Agricole Public (EAP), la DRAAF a r\u00e9uni les organisations syndicales en CSA exceptionnel pour leurs pr\u00e9senter les derniers arbitrages et la ventilation de la DGH. Le constat est sans appel : les baisses de moyens vont frapper de plein fouet les \u00e9tablissements publics [&hellip;]\" \/>\n<meta property=\"og:url\" content=\"https:\/\/regions-snetap-fsu.fr\/na\/2025\/06\/05\/dgh-nouvelle-aquitaine-les-etablissements-publics-fragilises-le-prive-renforce\/\" \/>\n<meta property=\"og:site_name\" content=\"NOUVELLE AQUITAINE\" \/>\n<meta property=\"article:published_time\" content=\"2025-06-05T08:38:30+00:00\" \/>\n<meta property=\"article:modified_time\" content=\"2025-11-12T20:55:17+00:00\" \/>\n<meta property=\"og:image\" content=\"https:\/\/regions-snetap-fsu.fr\/na\/wp-content\/uploads\/sites\/3\/2025\/06\/Photo-illustration-blog.jpg\" \/>\n\t<meta property=\"og:image:width\" content=\"955\" \/>\n\t<meta property=\"og:image:height\" content=\"757\" \/>\n\t<meta property=\"og:image:type\" content=\"image\/jpeg\" \/>\n<meta name=\"author\" content=\"olivierb\" \/>\n<meta name=\"twitter:card\" content=\"summary_large_image\" \/>\n<meta name=\"twitter:label1\" content=\"\u00c9crit par\" \/>\n\t<meta name=\"twitter:data1\" content=\"olivierb\" \/>\n\t<meta name=\"twitter:label2\" content=\"Dur\u00e9e de lecture estim\u00e9e\" \/>\n\t<meta name=\"twitter:data2\" content=\"3 minutes\" \/>\n<script type=\"application\/ld+json\" class=\"yoast-schema-graph\">{\"@context\":\"https:\\\/\\\/schema.org\",\"@graph\":[{\"@type\":\"Article\",\"@id\":\"https:\\\/\\\/regions-snetap-fsu.fr\\\/na\\\/2025\\\/06\\\/05\\\/dgh-nouvelle-aquitaine-les-etablissements-publics-fragilises-le-prive-renforce\\\/#article\",\"isPartOf\":{\"@id\":\"https:\\\/\\\/regions-snetap-fsu.fr\\\/na\\\/2025\\\/06\\\/05\\\/dgh-nouvelle-aquitaine-les-etablissements-publics-fragilises-le-prive-renforce\\\/\"},\"author\":{\"name\":\"olivierb\",\"@id\":\"https:\\\/\\\/regions-snetap-fsu.fr\\\/na\\\/#\\\/schema\\\/person\\\/bdf1c4fe149dcf915601f9de85ba379f\"},\"headline\":\"DGH Nouvelle Aquitaine : les \u00e9tablissements publics fragilis\u00e9s, le priv\u00e9 renforc\u00e9 !\",\"datePublished\":\"2025-06-05T08:38:30+00:00\",\"dateModified\":\"2025-11-12T20:55:17+00:00\",\"mainEntityOfPage\":{\"@id\":\"https:\\\/\\\/regions-snetap-fsu.fr\\\/na\\\/2025\\\/06\\\/05\\\/dgh-nouvelle-aquitaine-les-etablissements-publics-fragilises-le-prive-renforce\\\/\"},\"wordCount\":512,\"publisher\":{\"@id\":\"https:\\\/\\\/regions-snetap-fsu.fr\\\/na\\\/#organization\"},\"image\":{\"@id\":\"https:\\\/\\\/regions-snetap-fsu.fr\\\/na\\\/2025\\\/06\\\/05\\\/dgh-nouvelle-aquitaine-les-etablissements-publics-fragilises-le-prive-renforce\\\/#primaryimage\"},\"thumbnailUrl\":\"https:\\\/\\\/regions-snetap-fsu.fr\\\/na\\\/wp-content\\\/uploads\\\/sites\\\/3\\\/2025\\\/06\\\/Photo-illustration-blog.jpg\",\"articleSection\":[\"Communiqu\u00e9s\",\"Message de service\"],\"inLanguage\":\"fr-FR\"},{\"@type\":\"WebPage\",\"@id\":\"https:\\\/\\\/regions-snetap-fsu.fr\\\/na\\\/2025\\\/06\\\/05\\\/dgh-nouvelle-aquitaine-les-etablissements-publics-fragilises-le-prive-renforce\\\/\",\"url\":\"https:\\\/\\\/regions-snetap-fsu.fr\\\/na\\\/2025\\\/06\\\/05\\\/dgh-nouvelle-aquitaine-les-etablissements-publics-fragilises-le-prive-renforce\\\/\",\"name\":\"DGH Nouvelle Aquitaine : les \u00e9tablissements publics fragilis\u00e9s, le priv\u00e9 renforc\u00e9 ! - NOUVELLE AQUITAINE\",\"isPartOf\":{\"@id\":\"https:\\\/\\\/regions-snetap-fsu.fr\\\/na\\\/#website\"},\"primaryImageOfPage\":{\"@id\":\"https:\\\/\\\/regions-snetap-fsu.fr\\\/na\\\/2025\\\/06\\\/05\\\/dgh-nouvelle-aquitaine-les-etablissements-publics-fragilises-le-prive-renforce\\\/#primaryimage\"},\"image\":{\"@id\":\"https:\\\/\\\/regions-snetap-fsu.fr\\\/na\\\/2025\\\/06\\\/05\\\/dgh-nouvelle-aquitaine-les-etablissements-publics-fragilises-le-prive-renforce\\\/#primaryimage\"},\"thumbnailUrl\":\"https:\\\/\\\/regions-snetap-fsu.fr\\\/na\\\/wp-content\\\/uploads\\\/sites\\\/3\\\/2025\\\/06\\\/Photo-illustration-blog.jpg\",\"datePublished\":\"2025-06-05T08:38:30+00:00\",\"dateModified\":\"2025-11-12T20:55:17+00:00\",\"breadcrumb\":{\"@id\":\"https:\\\/\\\/regions-snetap-fsu.fr\\\/na\\\/2025\\\/06\\\/05\\\/dgh-nouvelle-aquitaine-les-etablissements-publics-fragilises-le-prive-renforce\\\/#breadcrumb\"},\"inLanguage\":\"fr-FR\",\"potentialAction\":[{\"@type\":\"ReadAction\",\"target\":[\"https:\\\/\\\/regions-snetap-fsu.fr\\\/na\\\/2025\\\/06\\\/05\\\/dgh-nouvelle-aquitaine-les-etablissements-publics-fragilises-le-prive-renforce\\\/\"]}]},{\"@type\":\"ImageObject\",\"inLanguage\":\"fr-FR\",\"@id\":\"https:\\\/\\\/regions-snetap-fsu.fr\\\/na\\\/2025\\\/06\\\/05\\\/dgh-nouvelle-aquitaine-les-etablissements-publics-fragilises-le-prive-renforce\\\/#primaryimage\",\"url\":\"https:\\\/\\\/regions-snetap-fsu.fr\\\/na\\\/wp-content\\\/uploads\\\/sites\\\/3\\\/2025\\\/06\\\/Photo-illustration-blog.jpg\",\"contentUrl\":\"https:\\\/\\\/regions-snetap-fsu.fr\\\/na\\\/wp-content\\\/uploads\\\/sites\\\/3\\\/2025\\\/06\\\/Photo-illustration-blog.jpg\",\"width\":955,\"height\":757},{\"@type\":\"BreadcrumbList\",\"@id\":\"https:\\\/\\\/regions-snetap-fsu.fr\\\/na\\\/2025\\\/06\\\/05\\\/dgh-nouvelle-aquitaine-les-etablissements-publics-fragilises-le-prive-renforce\\\/#breadcrumb\",\"itemListElement\":[{\"@type\":\"ListItem\",\"position\":1,\"name\":\"Accueil\",\"item\":\"https:\\\/\\\/regions-snetap-fsu.fr\\\/na\\\/\"},{\"@type\":\"ListItem\",\"position\":2,\"name\":\"DGH Nouvelle Aquitaine : les \u00e9tablissements publics fragilis\u00e9s, le priv\u00e9 renforc\u00e9 !\"}]},{\"@type\":\"WebSite\",\"@id\":\"https:\\\/\\\/regions-snetap-fsu.fr\\\/na\\\/#website\",\"url\":\"https:\\\/\\\/regions-snetap-fsu.fr\\\/na\\\/\",\"name\":\"SNETAP-FSU NOUVELLE AQUITAINE\",\"description\":\"Blog de la Section R\u00e9gionale\",\"publisher\":{\"@id\":\"https:\\\/\\\/regions-snetap-fsu.fr\\\/na\\\/#organization\"},\"potentialAction\":[{\"@type\":\"SearchAction\",\"target\":{\"@type\":\"EntryPoint\",\"urlTemplate\":\"https:\\\/\\\/regions-snetap-fsu.fr\\\/na\\\/?s={search_term_string}\"},\"query-input\":{\"@type\":\"PropertyValueSpecification\",\"valueRequired\":true,\"valueName\":\"search_term_string\"}}],\"inLanguage\":\"fr-FR\"},{\"@type\":\"Organization\",\"@id\":\"https:\\\/\\\/regions-snetap-fsu.fr\\\/na\\\/#organization\",\"name\":\"SNETAP-FSU - Nouvelle Aquitaine\",\"url\":\"https:\\\/\\\/regions-snetap-fsu.fr\\\/na\\\/\",\"logo\":{\"@type\":\"ImageObject\",\"inLanguage\":\"fr-FR\",\"@id\":\"https:\\\/\\\/regions-snetap-fsu.fr\\\/na\\\/#\\\/schema\\\/logo\\\/image\\\/\",\"url\":\"https:\\\/\\\/regions-snetap-fsu.fr\\\/na\\\/wp-content\\\/uploads\\\/sites\\\/3\\\/2020\\\/12\\\/SNETAP-Logo.jpg\",\"contentUrl\":\"https:\\\/\\\/regions-snetap-fsu.fr\\\/na\\\/wp-content\\\/uploads\\\/sites\\\/3\\\/2020\\\/12\\\/SNETAP-Logo.jpg\",\"width\":464,\"height\":334,\"caption\":\"SNETAP-FSU - Nouvelle Aquitaine\"},\"image\":{\"@id\":\"https:\\\/\\\/regions-snetap-fsu.fr\\\/na\\\/#\\\/schema\\\/logo\\\/image\\\/\"}},{\"@type\":\"Person\",\"@id\":\"https:\\\/\\\/regions-snetap-fsu.fr\\\/na\\\/#\\\/schema\\\/person\\\/bdf1c4fe149dcf915601f9de85ba379f\",\"name\":\"olivierb\",\"image\":{\"@type\":\"ImageObject\",\"inLanguage\":\"fr-FR\",\"@id\":\"https:\\\/\\\/secure.gravatar.com\\\/avatar\\\/d9cce0db1146844098d0ec7fae94551015c4ff78117aab56897823bb265a7bc9?s=96&d=mm&r=g\",\"url\":\"https:\\\/\\\/secure.gravatar.com\\\/avatar\\\/d9cce0db1146844098d0ec7fae94551015c4ff78117aab56897823bb265a7bc9?s=96&d=mm&r=g\",\"contentUrl\":\"https:\\\/\\\/secure.gravatar.com\\\/avatar\\\/d9cce0db1146844098d0ec7fae94551015c4ff78117aab56897823bb265a7bc9?s=96&d=mm&r=g\",\"caption\":\"olivierb\"},\"url\":\"https:\\\/\\\/regions-snetap-fsu.fr\\\/na\\\/author\\\/olivierb\\\/\"}]}<\/script>\n<!-- \/ Yoast SEO plugin. -->","yoast_head_json":{"title":"DGH Nouvelle Aquitaine : les \u00e9tablissements publics fragilis\u00e9s, le priv\u00e9 renforc\u00e9 ! - NOUVELLE AQUITAINE","robots":{"index":"index","follow":"follow","max-snippet":"max-snippet:-1","max-image-preview":"max-image-preview:large","max-video-preview":"max-video-preview:-1"},"canonical":"https:\/\/regions-snetap-fsu.fr\/na\/2025\/06\/05\/dgh-nouvelle-aquitaine-les-etablissements-publics-fragilises-le-prive-renforce\/","og_locale":"fr_FR","og_type":"article","og_title":"DGH Nouvelle Aquitaine : les \u00e9tablissements publics fragilis\u00e9s, le priv\u00e9 renforc\u00e9 ! - NOUVELLE AQUITAINE","og_description":"Dans un contexte de forte mobilisation contre les coupes budg\u00e9taires visant l\u2019Enseignement Agricole Public (EAP), la DRAAF a r\u00e9uni les organisations syndicales en CSA exceptionnel pour leurs pr\u00e9senter les derniers arbitrages et la ventilation de la DGH. Le constat est sans appel : les baisses de moyens vont frapper de plein fouet les \u00e9tablissements publics [&hellip;]","og_url":"https:\/\/regions-snetap-fsu.fr\/na\/2025\/06\/05\/dgh-nouvelle-aquitaine-les-etablissements-publics-fragilises-le-prive-renforce\/","og_site_name":"NOUVELLE AQUITAINE","article_published_time":"2025-06-05T08:38:30+00:00","article_modified_time":"2025-11-12T20:55:17+00:00","og_image":[{"width":955,"height":757,"url":"https:\/\/regions-snetap-fsu.fr\/na\/wp-content\/uploads\/sites\/3\/2025\/06\/Photo-illustration-blog.jpg","type":"image\/jpeg"}],"author":"olivierb","twitter_card":"summary_large_image","twitter_misc":{"\u00c9crit par":"olivierb","Dur\u00e9e de lecture estim\u00e9e":"3 minutes"},"schema":{"@context":"https:\/\/schema.org","@graph":[{"@type":"Article","@id":"https:\/\/regions-snetap-fsu.fr\/na\/2025\/06\/05\/dgh-nouvelle-aquitaine-les-etablissements-publics-fragilises-le-prive-renforce\/#article","isPartOf":{"@id":"https:\/\/regions-snetap-fsu.fr\/na\/2025\/06\/05\/dgh-nouvelle-aquitaine-les-etablissements-publics-fragilises-le-prive-renforce\/"},"author":{"name":"olivierb","@id":"https:\/\/regions-snetap-fsu.fr\/na\/#\/schema\/person\/bdf1c4fe149dcf915601f9de85ba379f"},"headline":"DGH Nouvelle Aquitaine : les \u00e9tablissements publics fragilis\u00e9s, le priv\u00e9 renforc\u00e9 !","datePublished":"2025-06-05T08:38:30+00:00","dateModified":"2025-11-12T20:55:17+00:00","mainEntityOfPage":{"@id":"https:\/\/regions-snetap-fsu.fr\/na\/2025\/06\/05\/dgh-nouvelle-aquitaine-les-etablissements-publics-fragilises-le-prive-renforce\/"},"wordCount":512,"publisher":{"@id":"https:\/\/regions-snetap-fsu.fr\/na\/#organization"},"image":{"@id":"https:\/\/regions-snetap-fsu.fr\/na\/2025\/06\/05\/dgh-nouvelle-aquitaine-les-etablissements-publics-fragilises-le-prive-renforce\/#primaryimage"},"thumbnailUrl":"https:\/\/regions-snetap-fsu.fr\/na\/wp-content\/uploads\/sites\/3\/2025\/06\/Photo-illustration-blog.jpg","articleSection":["Communiqu\u00e9s","Message de service"],"inLanguage":"fr-FR"},{"@type":"WebPage","@id":"https:\/\/regions-snetap-fsu.fr\/na\/2025\/06\/05\/dgh-nouvelle-aquitaine-les-etablissements-publics-fragilises-le-prive-renforce\/","url":"https:\/\/regions-snetap-fsu.fr\/na\/2025\/06\/05\/dgh-nouvelle-aquitaine-les-etablissements-publics-fragilises-le-prive-renforce\/","name":"DGH Nouvelle Aquitaine : les \u00e9tablissements publics fragilis\u00e9s, le priv\u00e9 renforc\u00e9 ! - NOUVELLE AQUITAINE","isPartOf":{"@id":"https:\/\/regions-snetap-fsu.fr\/na\/#website"},"primaryImageOfPage":{"@id":"https:\/\/regions-snetap-fsu.fr\/na\/2025\/06\/05\/dgh-nouvelle-aquitaine-les-etablissements-publics-fragilises-le-prive-renforce\/#primaryimage"},"image":{"@id":"https:\/\/regions-snetap-fsu.fr\/na\/2025\/06\/05\/dgh-nouvelle-aquitaine-les-etablissements-publics-fragilises-le-prive-renforce\/#primaryimage"},"thumbnailUrl":"https:\/\/regions-snetap-fsu.fr\/na\/wp-content\/uploads\/sites\/3\/2025\/06\/Photo-illustration-blog.jpg","datePublished":"2025-06-05T08:38:30+00:00","dateModified":"2025-11-12T20:55:17+00:00","breadcrumb":{"@id":"https:\/\/regions-snetap-fsu.fr\/na\/2025\/06\/05\/dgh-nouvelle-aquitaine-les-etablissements-publics-fragilises-le-prive-renforce\/#breadcrumb"},"inLanguage":"fr-FR","potentialAction":[{"@type":"ReadAction","target":["https:\/\/regions-snetap-fsu.fr\/na\/2025\/06\/05\/dgh-nouvelle-aquitaine-les-etablissements-publics-fragilises-le-prive-renforce\/"]}]},{"@type":"ImageObject","inLanguage":"fr-FR","@id":"https:\/\/regions-snetap-fsu.fr\/na\/2025\/06\/05\/dgh-nouvelle-aquitaine-les-etablissements-publics-fragilises-le-prive-renforce\/#primaryimage","url":"https:\/\/regions-snetap-fsu.fr\/na\/wp-content\/uploads\/sites\/3\/2025\/06\/Photo-illustration-blog.jpg","contentUrl":"https:\/\/regions-snetap-fsu.fr\/na\/wp-content\/uploads\/sites\/3\/2025\/06\/Photo-illustration-blog.jpg","width":955,"height":757},{"@type":"BreadcrumbList","@id":"https:\/\/regions-snetap-fsu.fr\/na\/2025\/06\/05\/dgh-nouvelle-aquitaine-les-etablissements-publics-fragilises-le-prive-renforce\/#breadcrumb","itemListElement":[{"@type":"ListItem","position":1,"name":"Accueil","item":"https:\/\/regions-snetap-fsu.fr\/na\/"},{"@type":"ListItem","position":2,"name":"DGH Nouvelle Aquitaine : les \u00e9tablissements publics fragilis\u00e9s, le priv\u00e9 renforc\u00e9 !"}]},{"@type":"WebSite","@id":"https:\/\/regions-snetap-fsu.fr\/na\/#website","url":"https:\/\/regions-snetap-fsu.fr\/na\/","name":"SNETAP-FSU NOUVELLE AQUITAINE","description":"Blog de la Section R\u00e9gionale","publisher":{"@id":"https:\/\/regions-snetap-fsu.fr\/na\/#organization"},"potentialAction":[{"@type":"SearchAction","target":{"@type":"EntryPoint","urlTemplate":"https:\/\/regions-snetap-fsu.fr\/na\/?s={search_term_string}"},"query-input":{"@type":"PropertyValueSpecification","valueRequired":true,"valueName":"search_term_string"}}],"inLanguage":"fr-FR"},{"@type":"Organization","@id":"https:\/\/regions-snetap-fsu.fr\/na\/#organization","name":"SNETAP-FSU - Nouvelle Aquitaine","url":"https:\/\/regions-snetap-fsu.fr\/na\/","logo":{"@type":"ImageObject","inLanguage":"fr-FR","@id":"https:\/\/regions-snetap-fsu.fr\/na\/#\/schema\/logo\/image\/","url":"https:\/\/regions-snetap-fsu.fr\/na\/wp-content\/uploads\/sites\/3\/2020\/12\/SNETAP-Logo.jpg","contentUrl":"https:\/\/regions-snetap-fsu.fr\/na\/wp-content\/uploads\/sites\/3\/2020\/12\/SNETAP-Logo.jpg","width":464,"height":334,"caption":"SNETAP-FSU - Nouvelle Aquitaine"},"image":{"@id":"https:\/\/regions-snetap-fsu.fr\/na\/#\/schema\/logo\/image\/"}},{"@type":"Person","@id":"https:\/\/regions-snetap-fsu.fr\/na\/#\/schema\/person\/bdf1c4fe149dcf915601f9de85ba379f","name":"olivierb","image":{"@type":"ImageObject","inLanguage":"fr-FR","@id":"https:\/\/secure.gravatar.com\/avatar\/d9cce0db1146844098d0ec7fae94551015c4ff78117aab56897823bb265a7bc9?s=96&d=mm&r=g","url":"https:\/\/secure.gravatar.com\/avatar\/d9cce0db1146844098d0ec7fae94551015c4ff78117aab56897823bb265a7bc9?s=96&d=mm&r=g","contentUrl":"https:\/\/secure.gravatar.com\/avatar\/d9cce0db1146844098d0ec7fae94551015c4ff78117aab56897823bb265a7bc9?s=96&d=mm&r=g","caption":"olivierb"},"url":"https:\/\/regions-snetap-fsu.fr\/na\/author\/olivierb\/"}]}},"_links":{"self":[{"href":"https:\/\/regions-snetap-fsu.fr\/na\/wp-json\/wp\/v2\/posts\/5181","targetHints":{"allow":["GET"]}}],"collection":[{"href":"https:\/\/regions-snetap-fsu.fr\/na\/wp-json\/wp\/v2\/posts"}],"about":[{"href":"https:\/\/regions-snetap-fsu.fr\/na\/wp-json\/wp\/v2\/types\/post"}],"author":[{"embeddable":true,"href":"https:\/\/regions-snetap-fsu.fr\/na\/wp-json\/wp\/v2\/users\/128"}],"replies":[{"embeddable":true,"href":"https:\/\/regions-snetap-fsu.fr\/na\/wp-json\/wp\/v2\/comments?post=5181"}],"version-history":[{"count":4,"href":"https:\/\/regions-snetap-fsu.fr\/na\/wp-json\/wp\/v2\/posts\/5181\/revisions"}],"predecessor-version":[{"id":5188,"href":"https:\/\/regions-snetap-fsu.fr\/na\/wp-json\/wp\/v2\/posts\/5181\/revisions\/5188"}],"wp:featuredmedia":[{"embeddable":true,"href":"https:\/\/regions-snetap-fsu.fr\/na\/wp-json\/wp\/v2\/media\/5187"}],"wp:attachment":[{"href":"https:\/\/regions-snetap-fsu.fr\/na\/wp-json\/wp\/v2\/media?parent=5181"}],"wp:term":[{"taxonomy":"category","embeddable":true,"href":"https:\/\/regions-snetap-fsu.fr\/na\/wp-json\/wp\/v2\/categories?post=5181"},{"taxonomy":"post_tag","embeddable":true,"href":"https:\/\/regions-snetap-fsu.fr\/na\/wp-json\/wp\/v2\/tags?post=5181"},{"taxonomy":"post_folder","embeddable":true,"href":"https:\/\/regions-snetap-fsu.fr\/na\/wp-json\/wp\/v2\/post_folder?post=5181"}],"curies":[{"name":"wp","href":"https:\/\/api.w.org\/{rel}","templated":true}]}}