{"id":5139,"date":"2025-05-14T14:12:43","date_gmt":"2025-05-14T12:12:43","guid":{"rendered":"https:\/\/regions-snetap-fsu.fr\/na\/?p=5139"},"modified":"2025-11-12T22:00:28","modified_gmt":"2025-11-12T21:00:28","slug":"21-mai-mobilisation-pour-lenseignement-agricole-public","status":"publish","type":"post","link":"https:\/\/regions-snetap-fsu.fr\/na\/2025\/05\/14\/21-mai-mobilisation-pour-lenseignement-agricole-public\/","title":{"rendered":"21 Mai &#8211; Mobilisation pour l&rsquo;Enseignement Agricole Public"},"content":{"rendered":"\t\t<div data-elementor-type=\"wp-post\" data-elementor-id=\"5139\" class=\"elementor elementor-5139\">\n\t\t\t\t<div class=\"elementor-element elementor-element-8bc3b54 e-flex e-con-boxed e-con e-parent\" data-id=\"8bc3b54\" data-element_type=\"container\" data-e-type=\"container\">\n\t\t\t\t\t<div class=\"e-con-inner\">\n\t\t\t\t<div class=\"elementor-element elementor-element-faaee87 elementor-widget elementor-widget-text-editor\" data-id=\"faaee87\" data-element_type=\"widget\" data-e-type=\"widget\" data-widget_type=\"text-editor.default\">\n\t\t\t\t<div class=\"elementor-widget-container\">\n\t\t\t\t\t\t\t\t\t<p align=\"left\"><strong><span style=\"color: #008000\"><span style=\"font-family: Arial, sans-serif\"><span style=\"font-size: medium\">L\u2019intersyndicale \u00c9lan commun (SNETAP-FSU, CGT Agri et Sud Rural Territoires) avec FO EA et le SEA UNSA, appelle \u00e0 un rassemblement national le mercredi 21 mai (la semaine prochaine) \u00e0 Paris devant la DGER pour protester contre les coupes budg\u00e9taires qui entra\u00eenent la suppression de moyens consid\u00e9rables pour l&rsquo;enseignement agricole public.<\/span><\/span><\/span><\/strong><\/p>\t\t\t\t\t\t\t\t<\/div>\n\t\t\t\t<\/div>\n\t\t\t\t\t<\/div>\n\t\t\t\t<\/div>\n\t\t<div class=\"elementor-element elementor-element-c12d201 e-flex e-con-boxed e-con e-parent\" data-id=\"c12d201\" data-element_type=\"container\" data-e-type=\"container\">\n\t\t\t\t\t<div class=\"e-con-inner\">\n\t\t\t\t<div class=\"elementor-element elementor-element-cad5a17 elementor-widget elementor-widget-image\" data-id=\"cad5a17\" data-element_type=\"widget\" data-e-type=\"widget\" data-widget_type=\"image.default\">\n\t\t\t\t<div class=\"elementor-widget-container\">\n\t\t\t\t\t\t\t\t\t\t\t\t\t\t\t<img fetchpriority=\"high\" decoding=\"async\" width=\"940\" height=\"788\" src=\"https:\/\/regions-snetap-fsu.fr\/na\/wp-content\/uploads\/sites\/3\/2025\/05\/2025-05-13_21mai2-reseaux_5313e3a18686.jpg\" class=\"attachment-large size-large wp-image-5140\" alt=\"\" srcset=\"https:\/\/regions-snetap-fsu.fr\/na\/wp-content\/uploads\/sites\/3\/2025\/05\/2025-05-13_21mai2-reseaux_5313e3a18686.jpg 940w, https:\/\/regions-snetap-fsu.fr\/na\/wp-content\/uploads\/sites\/3\/2025\/05\/2025-05-13_21mai2-reseaux_5313e3a18686-300x251.jpg 300w, https:\/\/regions-snetap-fsu.fr\/na\/wp-content\/uploads\/sites\/3\/2025\/05\/2025-05-13_21mai2-reseaux_5313e3a18686-768x644.jpg 768w\" sizes=\"(max-width: 940px) 100vw, 940px\" \/>\t\t\t\t\t\t\t\t\t\t\t\t\t\t\t<\/div>\n\t\t\t\t<\/div>\n\t\t\t\t\t<\/div>\n\t\t\t\t<\/div>\n\t\t<div class=\"elementor-element elementor-element-95f013a e-flex e-con-boxed e-con e-parent\" data-id=\"95f013a\" data-element_type=\"container\" data-e-type=\"container\">\n\t\t\t\t\t<div class=\"e-con-inner\">\n\t\t\t\t<div class=\"elementor-element elementor-element-4ec4608 elementor-widget elementor-widget-text-editor\" data-id=\"4ec4608\" data-element_type=\"widget\" data-e-type=\"widget\" data-widget_type=\"text-editor.default\">\n\t\t\t\t<div class=\"elementor-widget-container\">\n\t\t\t\t\t\t\t\t\t<p align=\"left\"><span style=\"color: #000000\"><span style=\"font-family: Arial, sans-serif\"><span style=\"font-size: medium\">Pour 2025, la Nouvelle Aquitaine est d\u00e9j\u00e0 particuli\u00e8rement touch\u00e9e par ces baisses de DGH et n&rsquo;a pas encore rendu toutes les heures que la DGER r\u00e9clame pour rentrer dans l&rsquo;enveloppe des suppressions. <\/span><\/span><\/span><\/p><p align=\"left\"><span style=\"color: #000000\"><span style=\"font-family: Arial, sans-serif\"><span style=\"font-size: medium\">Et la situation risque de s\u2019aggraver sur le budget 2026.<\/span><\/span><\/span><\/p><p align=\"left\"><span style=\"color: #000000\"><span style=\"font-family: Arial, sans-serif\"><span style=\"font-size: medium\">Pourtant malgr\u00e9 les annonces gouvernementales cette situation n\u2019est pas une fatalit\u00e9. D\u2019autres choix sont possibles \u2026 pour preuve la r\u00e9int\u00e9gration dans le budget 2025 de 4000 postes \u00e0 l\u2019\u00c9ducation nationale.<\/span><\/span><\/span><\/p><p align=\"left\"><span style=\"color: #000000\"><span style=\"font-family: Arial, sans-serif\"><span style=\"font-size: medium\">Ces \u00e9l\u00e9ments doivent nous inciter \u00e0 nous mobiliser et \u00e0 mobiliser nos coll\u00e8gues pour \u00eatre nombreux.euses \u00e0 Paris le 21 mai.<\/span><\/span><\/span><\/p>\t\t\t\t\t\t\t\t<\/div>\n\t\t\t\t<\/div>\n\t\t\t\t\t<\/div>\n\t\t\t\t<\/div>\n\t\t<div class=\"elementor-element elementor-element-a9ae78f e-flex e-con-boxed e-con e-parent\" data-id=\"a9ae78f\" data-element_type=\"container\" data-e-type=\"container\">\n\t\t\t\t\t<div class=\"e-con-inner\">\n\t\t\t\t<div class=\"elementor-element elementor-element-3c333f1 elementor-widget elementor-widget-text-editor\" data-id=\"3c333f1\" data-element_type=\"widget\" data-e-type=\"widget\" data-widget_type=\"text-editor.default\">\n\t\t\t\t<div class=\"elementor-widget-container\">\n\t\t\t\t\t\t\t\t\t<p><span style=\"color: #0000ff\"><strong>En cons\u00e9quence, l\u2019Intersyndicale appelle les personnels de l\u2019Enseignement Agricole Public \u00e0 se mobiliser pour :<\/strong><\/span><\/p><p><span style=\"color: #0000ff\"><strong>&#8211; Ensemble refuser la r\u00e9duction de la Dotation Globale Horaire (<a class=\"cs_glossaire\" style=\"color: #0000ff\" href=\"https:\/\/www.snetap-fsu.fr\/+-DGH-+.html\" name=\"mot215_9\"><span class=\"gl_mot\">DGH<\/span><\/a>) pour la rentr\u00e9e 2025\u00a0;<\/strong><\/span><\/p><p><span style=\"color: #0000ff\"><strong>&#8211; Ensemble exiger le r\u00e9tablissement des postes pour la rentr\u00e9e 2025 en loi de finances rectificative\u00a0;<\/strong><\/span><\/p><p><span style=\"color: #0000ff\"><strong>&#8211; Ensemble obtenir les moyens n\u00e9cessaires aux \u00e9tablissements de l\u2019enseignement agricole public afin de r\u00e9pondre \u00e0 l\u2019ensemble de nos missions\u00a0!<\/strong><\/span><\/p>\t\t\t\t\t\t\t\t<\/div>\n\t\t\t\t<\/div>\n\t\t\t\t\t<\/div>\n\t\t\t\t<\/div>\n\t\t\t\t<\/div>\n\t\t","protected":false},"excerpt":{"rendered":"<p>L\u2019intersyndicale \u00c9lan commun (SNETAP-FSU, CGT Agri et Sud Rural Territoires) avec FO EA et le SEA UNSA, appelle \u00e0 un rassemblement national le mercredi 21 mai (la semaine prochaine) \u00e0 Paris devant la DGER pour protester contre les coupes budg\u00e9taires qui entra\u00eenent la suppression de moyens consid\u00e9rables pour l&rsquo;enseignement agricole public. Pour 2025, la Nouvelle [&hellip;]<\/p>\n","protected":false},"author":128,"featured_media":5140,"comment_status":"closed","ping_status":"closed","sticky":false,"template":"","format":"standard","meta":{"ocean_post_layout":"","ocean_both_sidebars_style":"","ocean_both_sidebars_content_width":0,"ocean_both_sidebars_sidebars_width":0,"ocean_sidebar":"0","ocean_second_sidebar":"0","ocean_disable_margins":"enable","ocean_add_body_class":"","ocean_shortcode_before_top_bar":"","ocean_shortcode_after_top_bar":"","ocean_shortcode_before_header":"","ocean_shortcode_after_header":"","ocean_has_shortcode":"","ocean_shortcode_after_title":"","ocean_shortcode_before_footer_widgets":"","ocean_shortcode_after_footer_widgets":"","ocean_shortcode_before_footer_bottom":"","ocean_shortcode_after_footer_bottom":"","ocean_display_top_bar":"default","ocean_display_header":"default","ocean_header_style":"","ocean_center_header_left_menu":"0","ocean_custom_header_template":"0","ocean_custom_logo":0,"ocean_custom_retina_logo":0,"ocean_custom_logo_max_width":0,"ocean_custom_logo_tablet_max_width":0,"ocean_custom_logo_mobile_max_width":0,"ocean_custom_logo_max_height":0,"ocean_custom_logo_tablet_max_height":0,"ocean_custom_logo_mobile_max_height":0,"ocean_header_custom_menu":"0","ocean_menu_typo_font_family":"0","ocean_menu_typo_font_subset":"","ocean_menu_typo_font_size":0,"ocean_menu_typo_font_size_tablet":0,"ocean_menu_typo_font_size_mobile":0,"ocean_menu_typo_font_size_unit":"px","ocean_menu_typo_font_weight":"","ocean_menu_typo_font_weight_tablet":"","ocean_menu_typo_font_weight_mobile":"","ocean_menu_typo_transform":"","ocean_menu_typo_transform_tablet":"","ocean_menu_typo_transform_mobile":"","ocean_menu_typo_line_height":0,"ocean_menu_typo_line_height_tablet":0,"ocean_menu_typo_line_height_mobile":0,"ocean_menu_typo_line_height_unit":"","ocean_menu_typo_spacing":0,"ocean_menu_typo_spacing_tablet":0,"ocean_menu_typo_spacing_mobile":0,"ocean_menu_typo_spacing_unit":"","ocean_menu_link_color":"","ocean_menu_link_color_hover":"","ocean_menu_link_color_active":"","ocean_menu_link_background":"","ocean_menu_link_hover_background":"","ocean_menu_link_active_background":"","ocean_menu_social_links_bg":"","ocean_menu_social_hover_links_bg":"","ocean_menu_social_links_color":"","ocean_menu_social_hover_links_color":"","ocean_disable_title":"default","ocean_disable_heading":"default","ocean_post_title":"","ocean_post_subheading":"","ocean_post_title_style":"","ocean_post_title_background_color":"","ocean_post_title_background":0,"ocean_post_title_bg_image_position":"","ocean_post_title_bg_image_attachment":"","ocean_post_title_bg_image_repeat":"","ocean_post_title_bg_image_size":"","ocean_post_title_height":0,"ocean_post_title_bg_overlay":0.5,"ocean_post_title_bg_overlay_color":"","ocean_disable_breadcrumbs":"default","ocean_breadcrumbs_color":"","ocean_breadcrumbs_separator_color":"","ocean_breadcrumbs_links_color":"","ocean_breadcrumbs_links_hover_color":"","ocean_display_footer_widgets":"default","ocean_display_footer_bottom":"default","ocean_custom_footer_template":"0","ocean_post_oembed":"","ocean_post_self_hosted_media":"","ocean_post_video_embed":"","ocean_link_format":"","ocean_link_format_target":"self","ocean_quote_format":"","ocean_quote_format_link":"post","ocean_gallery_link_images":"on","ocean_gallery_id":[],"footnotes":""},"categories":[12,1],"tags":[],"post_folder":[],"class_list":["post-5139","post","type-post","status-publish","format-standard","has-post-thumbnail","hentry","category-actions","category-message-de-service","entry","has-media"],"yoast_head":"<!-- This site is optimized with the Yoast SEO plugin v27.4 - https:\/\/yoast.com\/product\/yoast-seo-wordpress\/ -->\n<title>21 Mai - Mobilisation pour l&#039;Enseignement Agricole Public - NOUVELLE AQUITAINE<\/title>\n<meta name=\"robots\" content=\"index, follow, max-snippet:-1, max-image-preview:large, max-video-preview:-1\" \/>\n<link rel=\"canonical\" href=\"https:\/\/regions-snetap-fsu.fr\/na\/2025\/05\/14\/21-mai-mobilisation-pour-lenseignement-agricole-public\/\" \/>\n<meta property=\"og:locale\" content=\"fr_FR\" \/>\n<meta property=\"og:type\" content=\"article\" \/>\n<meta property=\"og:title\" content=\"21 Mai - Mobilisation pour l&#039;Enseignement Agricole Public - NOUVELLE AQUITAINE\" \/>\n<meta property=\"og:description\" content=\"L\u2019intersyndicale \u00c9lan commun (SNETAP-FSU, CGT Agri et Sud Rural Territoires) avec FO EA et le SEA UNSA, appelle \u00e0 un rassemblement national le mercredi 21 mai (la semaine prochaine) \u00e0 Paris devant la DGER pour protester contre les coupes budg\u00e9taires qui entra\u00eenent la suppression de moyens consid\u00e9rables pour l&rsquo;enseignement agricole public. Pour 2025, la Nouvelle [&hellip;]\" \/>\n<meta property=\"og:url\" content=\"https:\/\/regions-snetap-fsu.fr\/na\/2025\/05\/14\/21-mai-mobilisation-pour-lenseignement-agricole-public\/\" \/>\n<meta property=\"og:site_name\" content=\"NOUVELLE AQUITAINE\" \/>\n<meta property=\"article:published_time\" content=\"2025-05-14T12:12:43+00:00\" \/>\n<meta property=\"article:modified_time\" content=\"2025-11-12T21:00:28+00:00\" \/>\n<meta property=\"og:image\" content=\"https:\/\/regions-snetap-fsu.fr\/na\/wp-content\/uploads\/sites\/3\/2025\/05\/2025-05-13_21mai2-reseaux_5313e3a18686.jpg\" \/>\n\t<meta property=\"og:image:width\" content=\"940\" \/>\n\t<meta property=\"og:image:height\" content=\"788\" \/>\n\t<meta property=\"og:image:type\" content=\"image\/jpeg\" \/>\n<meta name=\"author\" content=\"olivierb\" \/>\n<meta name=\"twitter:card\" content=\"summary_large_image\" \/>\n<meta name=\"twitter:label1\" content=\"\u00c9crit par\" \/>\n\t<meta name=\"twitter:data1\" content=\"olivierb\" \/>\n\t<meta name=\"twitter:label2\" content=\"Dur\u00e9e de lecture estim\u00e9e\" \/>\n\t<meta name=\"twitter:data2\" content=\"2 minutes\" \/>\n<script type=\"application\/ld+json\" class=\"yoast-schema-graph\">{\"@context\":\"https:\\\/\\\/schema.org\",\"@graph\":[{\"@type\":\"Article\",\"@id\":\"https:\\\/\\\/regions-snetap-fsu.fr\\\/na\\\/2025\\\/05\\\/14\\\/21-mai-mobilisation-pour-lenseignement-agricole-public\\\/#article\",\"isPartOf\":{\"@id\":\"https:\\\/\\\/regions-snetap-fsu.fr\\\/na\\\/2025\\\/05\\\/14\\\/21-mai-mobilisation-pour-lenseignement-agricole-public\\\/\"},\"author\":{\"name\":\"olivierb\",\"@id\":\"https:\\\/\\\/regions-snetap-fsu.fr\\\/na\\\/#\\\/schema\\\/person\\\/bdf1c4fe149dcf915601f9de85ba379f\"},\"headline\":\"21 Mai &#8211; Mobilisation pour l&rsquo;Enseignement Agricole Public\",\"datePublished\":\"2025-05-14T12:12:43+00:00\",\"dateModified\":\"2025-11-12T21:00:28+00:00\",\"mainEntityOfPage\":{\"@id\":\"https:\\\/\\\/regions-snetap-fsu.fr\\\/na\\\/2025\\\/05\\\/14\\\/21-mai-mobilisation-pour-lenseignement-agricole-public\\\/\"},\"wordCount\":231,\"publisher\":{\"@id\":\"https:\\\/\\\/regions-snetap-fsu.fr\\\/na\\\/#organization\"},\"image\":{\"@id\":\"https:\\\/\\\/regions-snetap-fsu.fr\\\/na\\\/2025\\\/05\\\/14\\\/21-mai-mobilisation-pour-lenseignement-agricole-public\\\/#primaryimage\"},\"thumbnailUrl\":\"https:\\\/\\\/regions-snetap-fsu.fr\\\/na\\\/wp-content\\\/uploads\\\/sites\\\/3\\\/2025\\\/05\\\/2025-05-13_21mai2-reseaux_5313e3a18686.jpg\",\"articleSection\":[\"Actions\",\"Message de service\"],\"inLanguage\":\"fr-FR\"},{\"@type\":\"WebPage\",\"@id\":\"https:\\\/\\\/regions-snetap-fsu.fr\\\/na\\\/2025\\\/05\\\/14\\\/21-mai-mobilisation-pour-lenseignement-agricole-public\\\/\",\"url\":\"https:\\\/\\\/regions-snetap-fsu.fr\\\/na\\\/2025\\\/05\\\/14\\\/21-mai-mobilisation-pour-lenseignement-agricole-public\\\/\",\"name\":\"21 Mai - Mobilisation pour l'Enseignement Agricole Public - NOUVELLE AQUITAINE\",\"isPartOf\":{\"@id\":\"https:\\\/\\\/regions-snetap-fsu.fr\\\/na\\\/#website\"},\"primaryImageOfPage\":{\"@id\":\"https:\\\/\\\/regions-snetap-fsu.fr\\\/na\\\/2025\\\/05\\\/14\\\/21-mai-mobilisation-pour-lenseignement-agricole-public\\\/#primaryimage\"},\"image\":{\"@id\":\"https:\\\/\\\/regions-snetap-fsu.fr\\\/na\\\/2025\\\/05\\\/14\\\/21-mai-mobilisation-pour-lenseignement-agricole-public\\\/#primaryimage\"},\"thumbnailUrl\":\"https:\\\/\\\/regions-snetap-fsu.fr\\\/na\\\/wp-content\\\/uploads\\\/sites\\\/3\\\/2025\\\/05\\\/2025-05-13_21mai2-reseaux_5313e3a18686.jpg\",\"datePublished\":\"2025-05-14T12:12:43+00:00\",\"dateModified\":\"2025-11-12T21:00:28+00:00\",\"breadcrumb\":{\"@id\":\"https:\\\/\\\/regions-snetap-fsu.fr\\\/na\\\/2025\\\/05\\\/14\\\/21-mai-mobilisation-pour-lenseignement-agricole-public\\\/#breadcrumb\"},\"inLanguage\":\"fr-FR\",\"potentialAction\":[{\"@type\":\"ReadAction\",\"target\":[\"https:\\\/\\\/regions-snetap-fsu.fr\\\/na\\\/2025\\\/05\\\/14\\\/21-mai-mobilisation-pour-lenseignement-agricole-public\\\/\"]}]},{\"@type\":\"ImageObject\",\"inLanguage\":\"fr-FR\",\"@id\":\"https:\\\/\\\/regions-snetap-fsu.fr\\\/na\\\/2025\\\/05\\\/14\\\/21-mai-mobilisation-pour-lenseignement-agricole-public\\\/#primaryimage\",\"url\":\"https:\\\/\\\/regions-snetap-fsu.fr\\\/na\\\/wp-content\\\/uploads\\\/sites\\\/3\\\/2025\\\/05\\\/2025-05-13_21mai2-reseaux_5313e3a18686.jpg\",\"contentUrl\":\"https:\\\/\\\/regions-snetap-fsu.fr\\\/na\\\/wp-content\\\/uploads\\\/sites\\\/3\\\/2025\\\/05\\\/2025-05-13_21mai2-reseaux_5313e3a18686.jpg\",\"width\":940,\"height\":788},{\"@type\":\"BreadcrumbList\",\"@id\":\"https:\\\/\\\/regions-snetap-fsu.fr\\\/na\\\/2025\\\/05\\\/14\\\/21-mai-mobilisation-pour-lenseignement-agricole-public\\\/#breadcrumb\",\"itemListElement\":[{\"@type\":\"ListItem\",\"position\":1,\"name\":\"Accueil\",\"item\":\"https:\\\/\\\/regions-snetap-fsu.fr\\\/na\\\/\"},{\"@type\":\"ListItem\",\"position\":2,\"name\":\"21 Mai &#8211; Mobilisation pour l&rsquo;Enseignement Agricole Public\"}]},{\"@type\":\"WebSite\",\"@id\":\"https:\\\/\\\/regions-snetap-fsu.fr\\\/na\\\/#website\",\"url\":\"https:\\\/\\\/regions-snetap-fsu.fr\\\/na\\\/\",\"name\":\"SNETAP-FSU NOUVELLE AQUITAINE\",\"description\":\"Blog de la Section R\u00e9gionale\",\"publisher\":{\"@id\":\"https:\\\/\\\/regions-snetap-fsu.fr\\\/na\\\/#organization\"},\"potentialAction\":[{\"@type\":\"SearchAction\",\"target\":{\"@type\":\"EntryPoint\",\"urlTemplate\":\"https:\\\/\\\/regions-snetap-fsu.fr\\\/na\\\/?s={search_term_string}\"},\"query-input\":{\"@type\":\"PropertyValueSpecification\",\"valueRequired\":true,\"valueName\":\"search_term_string\"}}],\"inLanguage\":\"fr-FR\"},{\"@type\":\"Organization\",\"@id\":\"https:\\\/\\\/regions-snetap-fsu.fr\\\/na\\\/#organization\",\"name\":\"SNETAP-FSU - Nouvelle Aquitaine\",\"url\":\"https:\\\/\\\/regions-snetap-fsu.fr\\\/na\\\/\",\"logo\":{\"@type\":\"ImageObject\",\"inLanguage\":\"fr-FR\",\"@id\":\"https:\\\/\\\/regions-snetap-fsu.fr\\\/na\\\/#\\\/schema\\\/logo\\\/image\\\/\",\"url\":\"https:\\\/\\\/regions-snetap-fsu.fr\\\/na\\\/wp-content\\\/uploads\\\/sites\\\/3\\\/2020\\\/12\\\/SNETAP-Logo.jpg\",\"contentUrl\":\"https:\\\/\\\/regions-snetap-fsu.fr\\\/na\\\/wp-content\\\/uploads\\\/sites\\\/3\\\/2020\\\/12\\\/SNETAP-Logo.jpg\",\"width\":464,\"height\":334,\"caption\":\"SNETAP-FSU - Nouvelle Aquitaine\"},\"image\":{\"@id\":\"https:\\\/\\\/regions-snetap-fsu.fr\\\/na\\\/#\\\/schema\\\/logo\\\/image\\\/\"}},{\"@type\":\"Person\",\"@id\":\"https:\\\/\\\/regions-snetap-fsu.fr\\\/na\\\/#\\\/schema\\\/person\\\/bdf1c4fe149dcf915601f9de85ba379f\",\"name\":\"olivierb\",\"image\":{\"@type\":\"ImageObject\",\"inLanguage\":\"fr-FR\",\"@id\":\"https:\\\/\\\/secure.gravatar.com\\\/avatar\\\/d9cce0db1146844098d0ec7fae94551015c4ff78117aab56897823bb265a7bc9?s=96&d=mm&r=g\",\"url\":\"https:\\\/\\\/secure.gravatar.com\\\/avatar\\\/d9cce0db1146844098d0ec7fae94551015c4ff78117aab56897823bb265a7bc9?s=96&d=mm&r=g\",\"contentUrl\":\"https:\\\/\\\/secure.gravatar.com\\\/avatar\\\/d9cce0db1146844098d0ec7fae94551015c4ff78117aab56897823bb265a7bc9?s=96&d=mm&r=g\",\"caption\":\"olivierb\"},\"url\":\"https:\\\/\\\/regions-snetap-fsu.fr\\\/na\\\/author\\\/olivierb\\\/\"}]}<\/script>\n<!-- \/ Yoast SEO plugin. -->","yoast_head_json":{"title":"21 Mai - Mobilisation pour l'Enseignement Agricole Public - NOUVELLE AQUITAINE","robots":{"index":"index","follow":"follow","max-snippet":"max-snippet:-1","max-image-preview":"max-image-preview:large","max-video-preview":"max-video-preview:-1"},"canonical":"https:\/\/regions-snetap-fsu.fr\/na\/2025\/05\/14\/21-mai-mobilisation-pour-lenseignement-agricole-public\/","og_locale":"fr_FR","og_type":"article","og_title":"21 Mai - Mobilisation pour l'Enseignement Agricole Public - NOUVELLE AQUITAINE","og_description":"L\u2019intersyndicale \u00c9lan commun (SNETAP-FSU, CGT Agri et Sud Rural Territoires) avec FO EA et le SEA UNSA, appelle \u00e0 un rassemblement national le mercredi 21 mai (la semaine prochaine) \u00e0 Paris devant la DGER pour protester contre les coupes budg\u00e9taires qui entra\u00eenent la suppression de moyens consid\u00e9rables pour l&rsquo;enseignement agricole public. Pour 2025, la Nouvelle [&hellip;]","og_url":"https:\/\/regions-snetap-fsu.fr\/na\/2025\/05\/14\/21-mai-mobilisation-pour-lenseignement-agricole-public\/","og_site_name":"NOUVELLE AQUITAINE","article_published_time":"2025-05-14T12:12:43+00:00","article_modified_time":"2025-11-12T21:00:28+00:00","og_image":[{"width":940,"height":788,"url":"https:\/\/regions-snetap-fsu.fr\/na\/wp-content\/uploads\/sites\/3\/2025\/05\/2025-05-13_21mai2-reseaux_5313e3a18686.jpg","type":"image\/jpeg"}],"author":"olivierb","twitter_card":"summary_large_image","twitter_misc":{"\u00c9crit par":"olivierb","Dur\u00e9e de lecture estim\u00e9e":"2 minutes"},"schema":{"@context":"https:\/\/schema.org","@graph":[{"@type":"Article","@id":"https:\/\/regions-snetap-fsu.fr\/na\/2025\/05\/14\/21-mai-mobilisation-pour-lenseignement-agricole-public\/#article","isPartOf":{"@id":"https:\/\/regions-snetap-fsu.fr\/na\/2025\/05\/14\/21-mai-mobilisation-pour-lenseignement-agricole-public\/"},"author":{"name":"olivierb","@id":"https:\/\/regions-snetap-fsu.fr\/na\/#\/schema\/person\/bdf1c4fe149dcf915601f9de85ba379f"},"headline":"21 Mai &#8211; Mobilisation pour l&rsquo;Enseignement Agricole Public","datePublished":"2025-05-14T12:12:43+00:00","dateModified":"2025-11-12T21:00:28+00:00","mainEntityOfPage":{"@id":"https:\/\/regions-snetap-fsu.fr\/na\/2025\/05\/14\/21-mai-mobilisation-pour-lenseignement-agricole-public\/"},"wordCount":231,"publisher":{"@id":"https:\/\/regions-snetap-fsu.fr\/na\/#organization"},"image":{"@id":"https:\/\/regions-snetap-fsu.fr\/na\/2025\/05\/14\/21-mai-mobilisation-pour-lenseignement-agricole-public\/#primaryimage"},"thumbnailUrl":"https:\/\/regions-snetap-fsu.fr\/na\/wp-content\/uploads\/sites\/3\/2025\/05\/2025-05-13_21mai2-reseaux_5313e3a18686.jpg","articleSection":["Actions","Message de service"],"inLanguage":"fr-FR"},{"@type":"WebPage","@id":"https:\/\/regions-snetap-fsu.fr\/na\/2025\/05\/14\/21-mai-mobilisation-pour-lenseignement-agricole-public\/","url":"https:\/\/regions-snetap-fsu.fr\/na\/2025\/05\/14\/21-mai-mobilisation-pour-lenseignement-agricole-public\/","name":"21 Mai - Mobilisation pour l'Enseignement Agricole Public - NOUVELLE AQUITAINE","isPartOf":{"@id":"https:\/\/regions-snetap-fsu.fr\/na\/#website"},"primaryImageOfPage":{"@id":"https:\/\/regions-snetap-fsu.fr\/na\/2025\/05\/14\/21-mai-mobilisation-pour-lenseignement-agricole-public\/#primaryimage"},"image":{"@id":"https:\/\/regions-snetap-fsu.fr\/na\/2025\/05\/14\/21-mai-mobilisation-pour-lenseignement-agricole-public\/#primaryimage"},"thumbnailUrl":"https:\/\/regions-snetap-fsu.fr\/na\/wp-content\/uploads\/sites\/3\/2025\/05\/2025-05-13_21mai2-reseaux_5313e3a18686.jpg","datePublished":"2025-05-14T12:12:43+00:00","dateModified":"2025-11-12T21:00:28+00:00","breadcrumb":{"@id":"https:\/\/regions-snetap-fsu.fr\/na\/2025\/05\/14\/21-mai-mobilisation-pour-lenseignement-agricole-public\/#breadcrumb"},"inLanguage":"fr-FR","potentialAction":[{"@type":"ReadAction","target":["https:\/\/regions-snetap-fsu.fr\/na\/2025\/05\/14\/21-mai-mobilisation-pour-lenseignement-agricole-public\/"]}]},{"@type":"ImageObject","inLanguage":"fr-FR","@id":"https:\/\/regions-snetap-fsu.fr\/na\/2025\/05\/14\/21-mai-mobilisation-pour-lenseignement-agricole-public\/#primaryimage","url":"https:\/\/regions-snetap-fsu.fr\/na\/wp-content\/uploads\/sites\/3\/2025\/05\/2025-05-13_21mai2-reseaux_5313e3a18686.jpg","contentUrl":"https:\/\/regions-snetap-fsu.fr\/na\/wp-content\/uploads\/sites\/3\/2025\/05\/2025-05-13_21mai2-reseaux_5313e3a18686.jpg","width":940,"height":788},{"@type":"BreadcrumbList","@id":"https:\/\/regions-snetap-fsu.fr\/na\/2025\/05\/14\/21-mai-mobilisation-pour-lenseignement-agricole-public\/#breadcrumb","itemListElement":[{"@type":"ListItem","position":1,"name":"Accueil","item":"https:\/\/regions-snetap-fsu.fr\/na\/"},{"@type":"ListItem","position":2,"name":"21 Mai &#8211; Mobilisation pour l&rsquo;Enseignement Agricole Public"}]},{"@type":"WebSite","@id":"https:\/\/regions-snetap-fsu.fr\/na\/#website","url":"https:\/\/regions-snetap-fsu.fr\/na\/","name":"SNETAP-FSU NOUVELLE AQUITAINE","description":"Blog de la Section R\u00e9gionale","publisher":{"@id":"https:\/\/regions-snetap-fsu.fr\/na\/#organization"},"potentialAction":[{"@type":"SearchAction","target":{"@type":"EntryPoint","urlTemplate":"https:\/\/regions-snetap-fsu.fr\/na\/?s={search_term_string}"},"query-input":{"@type":"PropertyValueSpecification","valueRequired":true,"valueName":"search_term_string"}}],"inLanguage":"fr-FR"},{"@type":"Organization","@id":"https:\/\/regions-snetap-fsu.fr\/na\/#organization","name":"SNETAP-FSU - Nouvelle Aquitaine","url":"https:\/\/regions-snetap-fsu.fr\/na\/","logo":{"@type":"ImageObject","inLanguage":"fr-FR","@id":"https:\/\/regions-snetap-fsu.fr\/na\/#\/schema\/logo\/image\/","url":"https:\/\/regions-snetap-fsu.fr\/na\/wp-content\/uploads\/sites\/3\/2020\/12\/SNETAP-Logo.jpg","contentUrl":"https:\/\/regions-snetap-fsu.fr\/na\/wp-content\/uploads\/sites\/3\/2020\/12\/SNETAP-Logo.jpg","width":464,"height":334,"caption":"SNETAP-FSU - Nouvelle Aquitaine"},"image":{"@id":"https:\/\/regions-snetap-fsu.fr\/na\/#\/schema\/logo\/image\/"}},{"@type":"Person","@id":"https:\/\/regions-snetap-fsu.fr\/na\/#\/schema\/person\/bdf1c4fe149dcf915601f9de85ba379f","name":"olivierb","image":{"@type":"ImageObject","inLanguage":"fr-FR","@id":"https:\/\/secure.gravatar.com\/avatar\/d9cce0db1146844098d0ec7fae94551015c4ff78117aab56897823bb265a7bc9?s=96&d=mm&r=g","url":"https:\/\/secure.gravatar.com\/avatar\/d9cce0db1146844098d0ec7fae94551015c4ff78117aab56897823bb265a7bc9?s=96&d=mm&r=g","contentUrl":"https:\/\/secure.gravatar.com\/avatar\/d9cce0db1146844098d0ec7fae94551015c4ff78117aab56897823bb265a7bc9?s=96&d=mm&r=g","caption":"olivierb"},"url":"https:\/\/regions-snetap-fsu.fr\/na\/author\/olivierb\/"}]}},"_links":{"self":[{"href":"https:\/\/regions-snetap-fsu.fr\/na\/wp-json\/wp\/v2\/posts\/5139","targetHints":{"allow":["GET"]}}],"collection":[{"href":"https:\/\/regions-snetap-fsu.fr\/na\/wp-json\/wp\/v2\/posts"}],"about":[{"href":"https:\/\/regions-snetap-fsu.fr\/na\/wp-json\/wp\/v2\/types\/post"}],"author":[{"embeddable":true,"href":"https:\/\/regions-snetap-fsu.fr\/na\/wp-json\/wp\/v2\/users\/128"}],"replies":[{"embeddable":true,"href":"https:\/\/regions-snetap-fsu.fr\/na\/wp-json\/wp\/v2\/comments?post=5139"}],"version-history":[{"count":5,"href":"https:\/\/regions-snetap-fsu.fr\/na\/wp-json\/wp\/v2\/posts\/5139\/revisions"}],"predecessor-version":[{"id":5147,"href":"https:\/\/regions-snetap-fsu.fr\/na\/wp-json\/wp\/v2\/posts\/5139\/revisions\/5147"}],"wp:featuredmedia":[{"embeddable":true,"href":"https:\/\/regions-snetap-fsu.fr\/na\/wp-json\/wp\/v2\/media\/5140"}],"wp:attachment":[{"href":"https:\/\/regions-snetap-fsu.fr\/na\/wp-json\/wp\/v2\/media?parent=5139"}],"wp:term":[{"taxonomy":"category","embeddable":true,"href":"https:\/\/regions-snetap-fsu.fr\/na\/wp-json\/wp\/v2\/categories?post=5139"},{"taxonomy":"post_tag","embeddable":true,"href":"https:\/\/regions-snetap-fsu.fr\/na\/wp-json\/wp\/v2\/tags?post=5139"},{"taxonomy":"post_folder","embeddable":true,"href":"https:\/\/regions-snetap-fsu.fr\/na\/wp-json\/wp\/v2\/post_folder?post=5139"}],"curies":[{"name":"wp","href":"https:\/\/api.w.org\/{rel}","templated":true}]}}