{"id":5117,"date":"2025-05-09T11:55:08","date_gmt":"2025-05-09T09:55:08","guid":{"rendered":"https:\/\/regions-snetap-fsu.fr\/na\/?p=5117"},"modified":"2025-11-12T22:00:54","modified_gmt":"2025-11-12T21:00:54","slug":"13-mai-en-greve-pour-la-fonction-publique","status":"publish","type":"post","link":"https:\/\/regions-snetap-fsu.fr\/na\/2025\/05\/09\/13-mai-en-greve-pour-la-fonction-publique\/","title":{"rendered":"13 mai &#8211; En gr\u00e8ve pour la Fonction Publique"},"content":{"rendered":"\t\t<div data-elementor-type=\"wp-post\" data-elementor-id=\"5117\" class=\"elementor elementor-5117\">\n\t\t\t\t<div class=\"elementor-element elementor-element-18a2be0 e-flex e-con-boxed e-con e-parent\" data-id=\"18a2be0\" data-element_type=\"container\" data-e-type=\"container\">\n\t\t\t\t\t<div class=\"e-con-inner\">\n\t\t\t\t<div class=\"elementor-element elementor-element-458dd14 elementor-widget elementor-widget-heading\" data-id=\"458dd14\" data-element_type=\"widget\" data-e-type=\"widget\" data-widget_type=\"heading.default\">\n\t\t\t\t<div class=\"elementor-widget-container\">\n\t\t\t\t\t<h2 class=\"elementor-heading-title elementor-size-default\">Mobilisation unitaire dans la Fonction Publique<br>Ne laissons pas passer de nouveaux reculs<\/h2>\t\t\t\t<\/div>\n\t\t\t\t<\/div>\n\t\t\t\t\t<\/div>\n\t\t\t\t<\/div>\n\t\t<div class=\"elementor-element elementor-element-f0579a1 e-flex e-con-boxed e-con e-parent\" data-id=\"f0579a1\" data-element_type=\"container\" data-e-type=\"container\">\n\t\t\t\t\t<div class=\"e-con-inner\">\n\t\t\t\t<div class=\"elementor-element elementor-element-e9a12db elementor-widget elementor-widget-image\" data-id=\"e9a12db\" data-element_type=\"widget\" data-e-type=\"widget\" data-widget_type=\"image.default\">\n\t\t\t\t<div class=\"elementor-widget-container\">\n\t\t\t\t\t\t\t\t\t\t\t\t\t\t\t<img fetchpriority=\"high\" decoding=\"async\" width=\"931\" height=\"256\" src=\"https:\/\/regions-snetap-fsu.fr\/na\/wp-content\/uploads\/sites\/3\/2025\/05\/En-tete.png\" class=\"attachment-large size-large wp-image-5118\" alt=\"\" srcset=\"https:\/\/regions-snetap-fsu.fr\/na\/wp-content\/uploads\/sites\/3\/2025\/05\/En-tete.png 931w, https:\/\/regions-snetap-fsu.fr\/na\/wp-content\/uploads\/sites\/3\/2025\/05\/En-tete-300x82.png 300w, https:\/\/regions-snetap-fsu.fr\/na\/wp-content\/uploads\/sites\/3\/2025\/05\/En-tete-768x211.png 768w\" sizes=\"(max-width: 931px) 100vw, 931px\" \/>\t\t\t\t\t\t\t\t\t\t\t\t\t\t\t<\/div>\n\t\t\t\t<\/div>\n\t\t\t\t\t<\/div>\n\t\t\t\t<\/div>\n\t\t<div class=\"elementor-element elementor-element-cd2787e e-flex e-con-boxed e-con e-parent\" data-id=\"cd2787e\" data-element_type=\"container\" data-e-type=\"container\">\n\t\t\t\t\t<div class=\"e-con-inner\">\n\t\t\t\t<div class=\"elementor-element elementor-element-fe9ce20 elementor-widget elementor-widget-text-editor\" data-id=\"fe9ce20\" data-element_type=\"widget\" data-e-type=\"widget\" data-widget_type=\"text-editor.default\">\n\t\t\t\t<div class=\"elementor-widget-container\">\n\t\t\t\t\t\t\t\t\t<p>Jours de carence, diminution de l\u2019indemnisation du cong\u00e9 maladie, gel du\u00a0point d\u2019indice, suppression de la GIPA, d\u00e9gradation des conditions de\u00a0travail&#8230; : les gouvernements successifs maltraitent les agent\u22c5es de la\u00a0Fonction publique, aggravant la crise d\u2019attractivit\u00e9 de nos m\u00e9tiers.<br \/>Mais la mobilisation peut payer : le succ\u00e8s de la gr\u00e8ve du 5 d\u00e9cembre a\u00a0contraint le gouvernement \u00e0 abandonner l\u2019allongement du d\u00e9lai de carence\u00a0de un \u00e0 trois jours.<br \/>C\u2019est la preuve que le rapport de force par la gr\u00e8ve et la manifestation,\u00a0permet de se faire entendre et qu\u2019il nous faut encore hausser le niveau de\u00a0mobilisation face aux nouvelles annonces du gouvernement Bayrou !<\/p>\t\t\t\t\t\t\t\t<\/div>\n\t\t\t\t<\/div>\n\t\t\t\t\t<\/div>\n\t\t\t\t<\/div>\n\t\t<div class=\"elementor-element elementor-element-02d46a6 e-flex e-con-boxed e-con e-parent\" data-id=\"02d46a6\" data-element_type=\"container\" data-e-type=\"container\">\n\t\t\t\t\t<div class=\"e-con-inner\">\n\t\t\t\t<div class=\"elementor-element elementor-element-beab295 elementor-widget elementor-widget-image\" data-id=\"beab295\" data-element_type=\"widget\" data-e-type=\"widget\" data-widget_type=\"image.default\">\n\t\t\t\t<div class=\"elementor-widget-container\">\n\t\t\t\t\t\t\t\t\t\t\t\t\t\t\t<img decoding=\"async\" width=\"907\" height=\"472\" src=\"https:\/\/regions-snetap-fsu.fr\/na\/wp-content\/uploads\/sites\/3\/2025\/05\/Arguments.png\" class=\"attachment-large size-large wp-image-5119\" alt=\"\" srcset=\"https:\/\/regions-snetap-fsu.fr\/na\/wp-content\/uploads\/sites\/3\/2025\/05\/Arguments.png 907w, https:\/\/regions-snetap-fsu.fr\/na\/wp-content\/uploads\/sites\/3\/2025\/05\/Arguments-300x156.png 300w, https:\/\/regions-snetap-fsu.fr\/na\/wp-content\/uploads\/sites\/3\/2025\/05\/Arguments-768x400.png 768w\" sizes=\"(max-width: 907px) 100vw, 907px\" \/>\t\t\t\t\t\t\t\t\t\t\t\t\t\t\t<\/div>\n\t\t\t\t<\/div>\n\t\t\t\t\t<\/div>\n\t\t\t\t<\/div>\n\t\t<div class=\"elementor-element elementor-element-beff25a e-flex e-con-boxed e-con e-parent\" data-id=\"beff25a\" data-element_type=\"container\" data-e-type=\"container\">\n\t\t\t\t\t<div class=\"e-con-inner\">\n\t\t\t\t<div class=\"elementor-element elementor-element-c9759ec elementor-widget elementor-widget-text-editor\" data-id=\"c9759ec\" data-element_type=\"widget\" data-e-type=\"widget\" data-widget_type=\"text-editor.default\">\n\t\t\t\t<div class=\"elementor-widget-container\">\n\t\t\t\t\t\t\t\t\t<p style=\"text-align: center\"><span style=\"font-family: 'arial black', sans-serif;font-size: 14pt\">\u00c0 l\u2019appel de la FSU, de la CGT, de l\u2019UNSA, de Solidaires et de la CFE-CGC<\/span><br \/><span style=\"font-family: 'arial black', sans-serif;font-size: 14pt;color: #ff0000\">le 13 mai, toutes et tous mobilis\u00e9\u22c5es !<\/span><\/p>\t\t\t\t\t\t\t\t<\/div>\n\t\t\t\t<\/div>\n\t\t\t\t\t<\/div>\n\t\t\t\t<\/div>\n\t\t<div class=\"elementor-element elementor-element-b6eb21a e-flex e-con-boxed e-con e-parent\" data-id=\"b6eb21a\" data-element_type=\"container\" data-e-type=\"container\">\n\t\t\t\t\t<div class=\"e-con-inner\">\n\t\t\t\t<div class=\"elementor-element elementor-element-630b56c elementor-widget elementor-widget-image\" data-id=\"630b56c\" data-element_type=\"widget\" data-e-type=\"widget\" data-widget_type=\"image.default\">\n\t\t\t\t<div class=\"elementor-widget-container\">\n\t\t\t\t\t\t\t\t\t\t\t\t\t\t\t<img decoding=\"async\" width=\"605\" height=\"59\" src=\"https:\/\/regions-snetap-fsu.fr\/na\/wp-content\/uploads\/sites\/3\/2025\/05\/100-salaire.png\" class=\"attachment-large size-large wp-image-5120\" alt=\"\" srcset=\"https:\/\/regions-snetap-fsu.fr\/na\/wp-content\/uploads\/sites\/3\/2025\/05\/100-salaire.png 605w, https:\/\/regions-snetap-fsu.fr\/na\/wp-content\/uploads\/sites\/3\/2025\/05\/100-salaire-300x29.png 300w, https:\/\/regions-snetap-fsu.fr\/na\/wp-content\/uploads\/sites\/3\/2025\/05\/100-salaire-600x59.png 600w\" sizes=\"(max-width: 605px) 100vw, 605px\" \/>\t\t\t\t\t\t\t\t\t\t\t\t\t\t\t<\/div>\n\t\t\t\t<\/div>\n\t\t\t\t\t<\/div>\n\t\t\t\t<\/div>\n\t\t<div class=\"elementor-element elementor-element-5616d5c e-flex e-con-boxed e-con e-parent\" data-id=\"5616d5c\" data-element_type=\"container\" data-e-type=\"container\">\n\t\t\t\t\t<div class=\"e-con-inner\">\n\t\t\t\t<div class=\"elementor-element elementor-element-6e404a6 elementor-widget elementor-widget-text-editor\" data-id=\"6e404a6\" data-element_type=\"widget\" data-e-type=\"widget\" data-widget_type=\"text-editor.default\">\n\t\t\t\t<div class=\"elementor-widget-container\">\n\t\t\t\t\t\t\t\t\t<p>Le ministre de la Fonction publique, Laurent Marcangeli, a maintenu la d\u00e9cision de raboter de 10 % la r\u00e9mun\u00e9ration en cong\u00e9 de maladie et les fonctionnaires subissent encore un jour de carence. Inacceptable !<br \/>*<strong> une mesure injuste, brutale et stigmatisante<\/strong> sur le dos des agent.es malades !<br \/>* <strong>une mesure qui d\u00e9grade encore plus le pouvoir d\u2019achat<\/strong> des fonctionnaires<br \/>* <strong>une mesure embl\u00e9matique de la politique de ce gouvernement<\/strong> : pour faire des \u00e9conomies, s\u2019en prendre aux fonctionnaires, pas aux actionnaires<\/p>\t\t\t\t\t\t\t\t<\/div>\n\t\t\t\t<\/div>\n\t\t\t\t\t<\/div>\n\t\t\t\t<\/div>\n\t\t<div class=\"elementor-element elementor-element-c21cd34 e-flex e-con-boxed e-con e-parent\" data-id=\"c21cd34\" data-element_type=\"container\" data-e-type=\"container\">\n\t\t\t\t\t<div class=\"e-con-inner\">\n\t\t\t\t<div class=\"elementor-element elementor-element-0b1be9c elementor-widget elementor-widget-image\" data-id=\"0b1be9c\" data-element_type=\"widget\" data-e-type=\"widget\" data-widget_type=\"image.default\">\n\t\t\t\t<div class=\"elementor-widget-container\">\n\t\t\t\t\t\t\t\t\t\t\t\t\t\t\t<img loading=\"lazy\" decoding=\"async\" width=\"896\" height=\"355\" src=\"https:\/\/regions-snetap-fsu.fr\/na\/wp-content\/uploads\/sites\/3\/2025\/05\/lien-vers-petition.png\" class=\"attachment-large size-large wp-image-5121\" alt=\"\" srcset=\"https:\/\/regions-snetap-fsu.fr\/na\/wp-content\/uploads\/sites\/3\/2025\/05\/lien-vers-petition.png 896w, https:\/\/regions-snetap-fsu.fr\/na\/wp-content\/uploads\/sites\/3\/2025\/05\/lien-vers-petition-300x119.png 300w, https:\/\/regions-snetap-fsu.fr\/na\/wp-content\/uploads\/sites\/3\/2025\/05\/lien-vers-petition-768x304.png 768w\" sizes=\"(max-width: 896px) 100vw, 896px\" \/>\t\t\t\t\t\t\t\t\t\t\t\t\t\t\t<\/div>\n\t\t\t\t<\/div>\n\t\t\t\t\t<\/div>\n\t\t\t\t<\/div>\n\t\t<div class=\"elementor-element elementor-element-59221c6 e-flex e-con-boxed e-con e-parent\" data-id=\"59221c6\" data-element_type=\"container\" data-e-type=\"container\">\n\t\t\t\t\t<div class=\"e-con-inner\">\n\t\t\t\t<div class=\"elementor-element elementor-element-ab31a1d elementor-widget elementor-widget-text-editor\" data-id=\"ab31a1d\" data-element_type=\"widget\" data-e-type=\"widget\" data-widget_type=\"text-editor.default\">\n\t\t\t\t<div class=\"elementor-widget-container\">\n\t\t\t\t\t\t\t\t\t<p><a href=\"https:\/\/www.lespetitions.fr\/petition\/org\/intersyndicale\/maintien_remuneration_cmo\"><span style=\"font-family: 'arial black', sans-serif;font-size: 12pt\">Signer ici la p\u00e9tition \u00ab\u00a0<\/span><span style=\"font-family: 'arial black', sans-serif;font-size: 12pt\">Maintien de la r\u00e9mun\u00e9ration \u00e0 100% &#8211; Abrogation du jour de carence\u00a0\u00bb<\/span><\/a><\/p>\t\t\t\t\t\t\t\t<\/div>\n\t\t\t\t<\/div>\n\t\t\t\t\t<\/div>\n\t\t\t\t<\/div>\n\t\t<div class=\"elementor-element elementor-element-5f60adb e-flex e-con-boxed e-con e-parent\" data-id=\"5f60adb\" data-element_type=\"container\" data-e-type=\"container\">\n\t\t\t\t\t<div class=\"e-con-inner\">\n\t\t\t\t<div class=\"elementor-element elementor-element-e6e9d68 elementor-widget elementor-widget-image\" data-id=\"e6e9d68\" data-element_type=\"widget\" data-e-type=\"widget\" data-widget_type=\"image.default\">\n\t\t\t\t<div class=\"elementor-widget-container\">\n\t\t\t\t\t\t\t\t\t\t\t\t\t\t\t<img loading=\"lazy\" decoding=\"async\" width=\"577\" height=\"66\" src=\"https:\/\/regions-snetap-fsu.fr\/na\/wp-content\/uploads\/sites\/3\/2025\/05\/Pour-nos-salaire.png\" class=\"attachment-large size-large wp-image-5122\" alt=\"\" srcset=\"https:\/\/regions-snetap-fsu.fr\/na\/wp-content\/uploads\/sites\/3\/2025\/05\/Pour-nos-salaire.png 577w, https:\/\/regions-snetap-fsu.fr\/na\/wp-content\/uploads\/sites\/3\/2025\/05\/Pour-nos-salaire-300x34.png 300w\" sizes=\"(max-width: 577px) 100vw, 577px\" \/>\t\t\t\t\t\t\t\t\t\t\t\t\t\t\t<\/div>\n\t\t\t\t<\/div>\n\t\t\t\t\t<\/div>\n\t\t\t\t<\/div>\n\t\t<div class=\"elementor-element elementor-element-d8632d5 e-flex e-con-boxed e-con e-parent\" data-id=\"d8632d5\" data-element_type=\"container\" data-e-type=\"container\">\n\t\t\t\t\t<div class=\"e-con-inner\">\n\t\t\t\t<div class=\"elementor-element elementor-element-6165d48 elementor-widget elementor-widget-text-editor\" data-id=\"6165d48\" data-element_type=\"widget\" data-e-type=\"widget\" data-widget_type=\"text-editor.default\">\n\t\t\t\t<div class=\"elementor-widget-container\">\n\t\t\t\t\t\t\t\t\t<p>A la recherche de 40 milliards d\u2019\u00e9conomies, le gouvernement a confirm\u00e9 lors d\u2019une \u00abconf\u00e9rence des finances publiques \u00bb sa volont\u00e9 de poursuivre une politique qui a pourtant fait la preuve de son inefficacit\u00e9 !<br \/>* <strong>la poursuite du gel de la valeur du point d\u2019indice<\/strong> qui implique une nouvelle d\u00e9gradation du pouvoir d\u2019achat des fonctionnaires d\u00e9j\u00e0 mis \u00e0 mal par l\u2019inflation et l\u2019aust\u00e9rit\u00e9 salariale des derni\u00e8res ann\u00e9es.<br \/>* <strong>les suppressions massives de postes dans la Fonction publique d\u2019\u00c9tat<\/strong> <br \/>* <strong>la baisse des moyens allou\u00e9s<\/strong> dans les collectivit\u00e9s territoriales<\/p><p>D\u2019un c\u00f4t\u00e9, l\u2019obsession de r\u00e9duction de la d\u00e9pense publique qui cible les fonctionnaires,<br \/>les usagers des services publics, de l\u2019autre, le dogme d\u2019une politique fiscale, injuste et<br \/>in\u00e9galitaire et d\u2019une \u00ab politique de l\u2019offre \u00bb qui vise \u00e0 distribuer des milliards d\u2019argent public pour des int\u00e9r\u00eats priv\u00e9s, au b\u00e9n\u00e9fice des actionnaires.<br \/>Par exemple, sur la p\u00e9riode 2018 \u00e0 2023, le co\u00fbt des diverses baisses d\u2019exon\u00e9rations et aides fiscales repr\u00e9sente un manque \u00e0 gagner cumul\u00e9 de plus de 300 milliards d\u2019euros pour l\u2019\u00c9tat. Sortir de cette perspective aust\u00e9ritaire est possible, notamment en imposant la justice fiscale et l\u2019investissement massif pour satisfaire les besoins sociaux<br \/>et \u00e9cologiques.<\/p>\t\t\t\t\t\t\t\t<\/div>\n\t\t\t\t<\/div>\n\t\t\t\t\t<\/div>\n\t\t\t\t<\/div>\n\t\t\t\t<\/div>\n\t\t","protected":false},"excerpt":{"rendered":"<p>Mobilisation unitaire dans la Fonction Publique Ne laissons pas passer de nouveaux reculs Jours de carence, diminution de l\u2019indemnisation du cong\u00e9 maladie, gel du\u00a0point d\u2019indice, suppression de la GIPA, d\u00e9gradation des conditions de\u00a0travail&#8230; : les gouvernements successifs maltraitent les agent\u22c5es de la\u00a0Fonction publique, aggravant la crise d\u2019attractivit\u00e9 de nos m\u00e9tiers. Mais la mobilisation peut payer [&hellip;]<\/p>\n","protected":false},"author":128,"featured_media":5133,"comment_status":"closed","ping_status":"closed","sticky":false,"template":"","format":"standard","meta":{"ocean_post_layout":"","ocean_both_sidebars_style":"","ocean_both_sidebars_content_width":0,"ocean_both_sidebars_sidebars_width":0,"ocean_sidebar":"0","ocean_second_sidebar":"0","ocean_disable_margins":"enable","ocean_add_body_class":"","ocean_shortcode_before_top_bar":"","ocean_shortcode_after_top_bar":"","ocean_shortcode_before_header":"","ocean_shortcode_after_header":"","ocean_has_shortcode":"","ocean_shortcode_after_title":"","ocean_shortcode_before_footer_widgets":"","ocean_shortcode_after_footer_widgets":"","ocean_shortcode_before_footer_bottom":"","ocean_shortcode_after_footer_bottom":"","ocean_display_top_bar":"default","ocean_display_header":"default","ocean_header_style":"","ocean_center_header_left_menu":"0","ocean_custom_header_template":"0","ocean_custom_logo":0,"ocean_custom_retina_logo":0,"ocean_custom_logo_max_width":0,"ocean_custom_logo_tablet_max_width":0,"ocean_custom_logo_mobile_max_width":0,"ocean_custom_logo_max_height":0,"ocean_custom_logo_tablet_max_height":0,"ocean_custom_logo_mobile_max_height":0,"ocean_header_custom_menu":"0","ocean_menu_typo_font_family":"0","ocean_menu_typo_font_subset":"","ocean_menu_typo_font_size":0,"ocean_menu_typo_font_size_tablet":0,"ocean_menu_typo_font_size_mobile":0,"ocean_menu_typo_font_size_unit":"px","ocean_menu_typo_font_weight":"","ocean_menu_typo_font_weight_tablet":"","ocean_menu_typo_font_weight_mobile":"","ocean_menu_typo_transform":"","ocean_menu_typo_transform_tablet":"","ocean_menu_typo_transform_mobile":"","ocean_menu_typo_line_height":0,"ocean_menu_typo_line_height_tablet":0,"ocean_menu_typo_line_height_mobile":0,"ocean_menu_typo_line_height_unit":"","ocean_menu_typo_spacing":0,"ocean_menu_typo_spacing_tablet":0,"ocean_menu_typo_spacing_mobile":0,"ocean_menu_typo_spacing_unit":"","ocean_menu_link_color":"","ocean_menu_link_color_hover":"","ocean_menu_link_color_active":"","ocean_menu_link_background":"","ocean_menu_link_hover_background":"","ocean_menu_link_active_background":"","ocean_menu_social_links_bg":"","ocean_menu_social_hover_links_bg":"","ocean_menu_social_links_color":"","ocean_menu_social_hover_links_color":"","ocean_disable_title":"default","ocean_disable_heading":"default","ocean_post_title":"","ocean_post_subheading":"","ocean_post_title_style":"","ocean_post_title_background_color":"","ocean_post_title_background":0,"ocean_post_title_bg_image_position":"","ocean_post_title_bg_image_attachment":"","ocean_post_title_bg_image_repeat":"","ocean_post_title_bg_image_size":"","ocean_post_title_height":0,"ocean_post_title_bg_overlay":0.5,"ocean_post_title_bg_overlay_color":"","ocean_disable_breadcrumbs":"default","ocean_breadcrumbs_color":"","ocean_breadcrumbs_separator_color":"","ocean_breadcrumbs_links_color":"","ocean_breadcrumbs_links_hover_color":"","ocean_display_footer_widgets":"default","ocean_display_footer_bottom":"default","ocean_custom_footer_template":"0","ocean_post_oembed":"","ocean_post_self_hosted_media":"","ocean_post_video_embed":"","ocean_link_format":"","ocean_link_format_target":"self","ocean_quote_format":"","ocean_quote_format_link":"post","ocean_gallery_link_images":"on","ocean_gallery_id":[],"footnotes":""},"categories":[12,1],"tags":[],"post_folder":[],"class_list":["post-5117","post","type-post","status-publish","format-standard","has-post-thumbnail","hentry","category-actions","category-message-de-service","entry","has-media"],"yoast_head":"<!-- This site is optimized with the Yoast SEO plugin v27.4 - https:\/\/yoast.com\/product\/yoast-seo-wordpress\/ -->\n<title>13 mai - En gr\u00e8ve pour la Fonction Publique - NOUVELLE AQUITAINE<\/title>\n<meta name=\"robots\" content=\"index, follow, max-snippet:-1, max-image-preview:large, max-video-preview:-1\" \/>\n<link rel=\"canonical\" href=\"https:\/\/regions-snetap-fsu.fr\/na\/2025\/05\/09\/13-mai-en-greve-pour-la-fonction-publique\/\" \/>\n<meta property=\"og:locale\" content=\"fr_FR\" \/>\n<meta property=\"og:type\" content=\"article\" \/>\n<meta property=\"og:title\" content=\"13 mai - En gr\u00e8ve pour la Fonction Publique - NOUVELLE AQUITAINE\" \/>\n<meta property=\"og:description\" content=\"Mobilisation unitaire dans la Fonction Publique Ne laissons pas passer de nouveaux reculs Jours de carence, diminution de l\u2019indemnisation du cong\u00e9 maladie, gel du\u00a0point d\u2019indice, suppression de la GIPA, d\u00e9gradation des conditions de\u00a0travail&#8230; : les gouvernements successifs maltraitent les agent\u22c5es de la\u00a0Fonction publique, aggravant la crise d\u2019attractivit\u00e9 de nos m\u00e9tiers. Mais la mobilisation peut payer [&hellip;]\" \/>\n<meta property=\"og:url\" content=\"https:\/\/regions-snetap-fsu.fr\/na\/2025\/05\/09\/13-mai-en-greve-pour-la-fonction-publique\/\" \/>\n<meta property=\"og:site_name\" content=\"NOUVELLE AQUITAINE\" \/>\n<meta property=\"article:published_time\" content=\"2025-05-09T09:55:08+00:00\" \/>\n<meta property=\"article:modified_time\" content=\"2025-11-12T21:00:54+00:00\" \/>\n<meta property=\"og:image\" content=\"https:\/\/regions-snetap-fsu.fr\/na\/wp-content\/uploads\/sites\/3\/2025\/05\/Illustratio-13-mai-ter.jpg\" \/>\n\t<meta property=\"og:image:width\" content=\"397\" \/>\n\t<meta property=\"og:image:height\" content=\"267\" \/>\n\t<meta property=\"og:image:type\" content=\"image\/jpeg\" \/>\n<meta name=\"author\" content=\"olivierb\" \/>\n<meta name=\"twitter:card\" content=\"summary_large_image\" \/>\n<meta name=\"twitter:label1\" content=\"\u00c9crit par\" \/>\n\t<meta name=\"twitter:data1\" content=\"olivierb\" \/>\n\t<meta name=\"twitter:label2\" content=\"Dur\u00e9e de lecture estim\u00e9e\" \/>\n\t<meta name=\"twitter:data2\" content=\"4 minutes\" \/>\n<script type=\"application\/ld+json\" class=\"yoast-schema-graph\">{\"@context\":\"https:\\\/\\\/schema.org\",\"@graph\":[{\"@type\":\"Article\",\"@id\":\"https:\\\/\\\/regions-snetap-fsu.fr\\\/na\\\/2025\\\/05\\\/09\\\/13-mai-en-greve-pour-la-fonction-publique\\\/#article\",\"isPartOf\":{\"@id\":\"https:\\\/\\\/regions-snetap-fsu.fr\\\/na\\\/2025\\\/05\\\/09\\\/13-mai-en-greve-pour-la-fonction-publique\\\/\"},\"author\":{\"name\":\"olivierb\",\"@id\":\"https:\\\/\\\/regions-snetap-fsu.fr\\\/na\\\/#\\\/schema\\\/person\\\/bdf1c4fe149dcf915601f9de85ba379f\"},\"headline\":\"13 mai &#8211; En gr\u00e8ve pour la Fonction Publique\",\"datePublished\":\"2025-05-09T09:55:08+00:00\",\"dateModified\":\"2025-11-12T21:00:54+00:00\",\"mainEntityOfPage\":{\"@id\":\"https:\\\/\\\/regions-snetap-fsu.fr\\\/na\\\/2025\\\/05\\\/09\\\/13-mai-en-greve-pour-la-fonction-publique\\\/\"},\"wordCount\":478,\"publisher\":{\"@id\":\"https:\\\/\\\/regions-snetap-fsu.fr\\\/na\\\/#organization\"},\"image\":{\"@id\":\"https:\\\/\\\/regions-snetap-fsu.fr\\\/na\\\/2025\\\/05\\\/09\\\/13-mai-en-greve-pour-la-fonction-publique\\\/#primaryimage\"},\"thumbnailUrl\":\"https:\\\/\\\/regions-snetap-fsu.fr\\\/na\\\/wp-content\\\/uploads\\\/sites\\\/3\\\/2025\\\/05\\\/Illustratio-13-mai-ter.jpg\",\"articleSection\":[\"Actions\",\"Message de service\"],\"inLanguage\":\"fr-FR\"},{\"@type\":\"WebPage\",\"@id\":\"https:\\\/\\\/regions-snetap-fsu.fr\\\/na\\\/2025\\\/05\\\/09\\\/13-mai-en-greve-pour-la-fonction-publique\\\/\",\"url\":\"https:\\\/\\\/regions-snetap-fsu.fr\\\/na\\\/2025\\\/05\\\/09\\\/13-mai-en-greve-pour-la-fonction-publique\\\/\",\"name\":\"13 mai - En gr\u00e8ve pour la Fonction Publique - NOUVELLE AQUITAINE\",\"isPartOf\":{\"@id\":\"https:\\\/\\\/regions-snetap-fsu.fr\\\/na\\\/#website\"},\"primaryImageOfPage\":{\"@id\":\"https:\\\/\\\/regions-snetap-fsu.fr\\\/na\\\/2025\\\/05\\\/09\\\/13-mai-en-greve-pour-la-fonction-publique\\\/#primaryimage\"},\"image\":{\"@id\":\"https:\\\/\\\/regions-snetap-fsu.fr\\\/na\\\/2025\\\/05\\\/09\\\/13-mai-en-greve-pour-la-fonction-publique\\\/#primaryimage\"},\"thumbnailUrl\":\"https:\\\/\\\/regions-snetap-fsu.fr\\\/na\\\/wp-content\\\/uploads\\\/sites\\\/3\\\/2025\\\/05\\\/Illustratio-13-mai-ter.jpg\",\"datePublished\":\"2025-05-09T09:55:08+00:00\",\"dateModified\":\"2025-11-12T21:00:54+00:00\",\"breadcrumb\":{\"@id\":\"https:\\\/\\\/regions-snetap-fsu.fr\\\/na\\\/2025\\\/05\\\/09\\\/13-mai-en-greve-pour-la-fonction-publique\\\/#breadcrumb\"},\"inLanguage\":\"fr-FR\",\"potentialAction\":[{\"@type\":\"ReadAction\",\"target\":[\"https:\\\/\\\/regions-snetap-fsu.fr\\\/na\\\/2025\\\/05\\\/09\\\/13-mai-en-greve-pour-la-fonction-publique\\\/\"]}]},{\"@type\":\"ImageObject\",\"inLanguage\":\"fr-FR\",\"@id\":\"https:\\\/\\\/regions-snetap-fsu.fr\\\/na\\\/2025\\\/05\\\/09\\\/13-mai-en-greve-pour-la-fonction-publique\\\/#primaryimage\",\"url\":\"https:\\\/\\\/regions-snetap-fsu.fr\\\/na\\\/wp-content\\\/uploads\\\/sites\\\/3\\\/2025\\\/05\\\/Illustratio-13-mai-ter.jpg\",\"contentUrl\":\"https:\\\/\\\/regions-snetap-fsu.fr\\\/na\\\/wp-content\\\/uploads\\\/sites\\\/3\\\/2025\\\/05\\\/Illustratio-13-mai-ter.jpg\",\"width\":397,\"height\":267},{\"@type\":\"BreadcrumbList\",\"@id\":\"https:\\\/\\\/regions-snetap-fsu.fr\\\/na\\\/2025\\\/05\\\/09\\\/13-mai-en-greve-pour-la-fonction-publique\\\/#breadcrumb\",\"itemListElement\":[{\"@type\":\"ListItem\",\"position\":1,\"name\":\"Accueil\",\"item\":\"https:\\\/\\\/regions-snetap-fsu.fr\\\/na\\\/\"},{\"@type\":\"ListItem\",\"position\":2,\"name\":\"13 mai &#8211; En gr\u00e8ve pour la Fonction Publique\"}]},{\"@type\":\"WebSite\",\"@id\":\"https:\\\/\\\/regions-snetap-fsu.fr\\\/na\\\/#website\",\"url\":\"https:\\\/\\\/regions-snetap-fsu.fr\\\/na\\\/\",\"name\":\"SNETAP-FSU NOUVELLE AQUITAINE\",\"description\":\"Blog de la Section R\u00e9gionale\",\"publisher\":{\"@id\":\"https:\\\/\\\/regions-snetap-fsu.fr\\\/na\\\/#organization\"},\"potentialAction\":[{\"@type\":\"SearchAction\",\"target\":{\"@type\":\"EntryPoint\",\"urlTemplate\":\"https:\\\/\\\/regions-snetap-fsu.fr\\\/na\\\/?s={search_term_string}\"},\"query-input\":{\"@type\":\"PropertyValueSpecification\",\"valueRequired\":true,\"valueName\":\"search_term_string\"}}],\"inLanguage\":\"fr-FR\"},{\"@type\":\"Organization\",\"@id\":\"https:\\\/\\\/regions-snetap-fsu.fr\\\/na\\\/#organization\",\"name\":\"SNETAP-FSU - Nouvelle Aquitaine\",\"url\":\"https:\\\/\\\/regions-snetap-fsu.fr\\\/na\\\/\",\"logo\":{\"@type\":\"ImageObject\",\"inLanguage\":\"fr-FR\",\"@id\":\"https:\\\/\\\/regions-snetap-fsu.fr\\\/na\\\/#\\\/schema\\\/logo\\\/image\\\/\",\"url\":\"https:\\\/\\\/regions-snetap-fsu.fr\\\/na\\\/wp-content\\\/uploads\\\/sites\\\/3\\\/2020\\\/12\\\/SNETAP-Logo.jpg\",\"contentUrl\":\"https:\\\/\\\/regions-snetap-fsu.fr\\\/na\\\/wp-content\\\/uploads\\\/sites\\\/3\\\/2020\\\/12\\\/SNETAP-Logo.jpg\",\"width\":464,\"height\":334,\"caption\":\"SNETAP-FSU - Nouvelle Aquitaine\"},\"image\":{\"@id\":\"https:\\\/\\\/regions-snetap-fsu.fr\\\/na\\\/#\\\/schema\\\/logo\\\/image\\\/\"}},{\"@type\":\"Person\",\"@id\":\"https:\\\/\\\/regions-snetap-fsu.fr\\\/na\\\/#\\\/schema\\\/person\\\/bdf1c4fe149dcf915601f9de85ba379f\",\"name\":\"olivierb\",\"image\":{\"@type\":\"ImageObject\",\"inLanguage\":\"fr-FR\",\"@id\":\"https:\\\/\\\/secure.gravatar.com\\\/avatar\\\/d9cce0db1146844098d0ec7fae94551015c4ff78117aab56897823bb265a7bc9?s=96&d=mm&r=g\",\"url\":\"https:\\\/\\\/secure.gravatar.com\\\/avatar\\\/d9cce0db1146844098d0ec7fae94551015c4ff78117aab56897823bb265a7bc9?s=96&d=mm&r=g\",\"contentUrl\":\"https:\\\/\\\/secure.gravatar.com\\\/avatar\\\/d9cce0db1146844098d0ec7fae94551015c4ff78117aab56897823bb265a7bc9?s=96&d=mm&r=g\",\"caption\":\"olivierb\"},\"url\":\"https:\\\/\\\/regions-snetap-fsu.fr\\\/na\\\/author\\\/olivierb\\\/\"}]}<\/script>\n<!-- \/ Yoast SEO plugin. -->","yoast_head_json":{"title":"13 mai - En gr\u00e8ve pour la Fonction Publique - NOUVELLE AQUITAINE","robots":{"index":"index","follow":"follow","max-snippet":"max-snippet:-1","max-image-preview":"max-image-preview:large","max-video-preview":"max-video-preview:-1"},"canonical":"https:\/\/regions-snetap-fsu.fr\/na\/2025\/05\/09\/13-mai-en-greve-pour-la-fonction-publique\/","og_locale":"fr_FR","og_type":"article","og_title":"13 mai - En gr\u00e8ve pour la Fonction Publique - NOUVELLE AQUITAINE","og_description":"Mobilisation unitaire dans la Fonction Publique Ne laissons pas passer de nouveaux reculs Jours de carence, diminution de l\u2019indemnisation du cong\u00e9 maladie, gel du\u00a0point d\u2019indice, suppression de la GIPA, d\u00e9gradation des conditions de\u00a0travail&#8230; : les gouvernements successifs maltraitent les agent\u22c5es de la\u00a0Fonction publique, aggravant la crise d\u2019attractivit\u00e9 de nos m\u00e9tiers. Mais la mobilisation peut payer [&hellip;]","og_url":"https:\/\/regions-snetap-fsu.fr\/na\/2025\/05\/09\/13-mai-en-greve-pour-la-fonction-publique\/","og_site_name":"NOUVELLE AQUITAINE","article_published_time":"2025-05-09T09:55:08+00:00","article_modified_time":"2025-11-12T21:00:54+00:00","og_image":[{"width":397,"height":267,"url":"https:\/\/regions-snetap-fsu.fr\/na\/wp-content\/uploads\/sites\/3\/2025\/05\/Illustratio-13-mai-ter.jpg","type":"image\/jpeg"}],"author":"olivierb","twitter_card":"summary_large_image","twitter_misc":{"\u00c9crit par":"olivierb","Dur\u00e9e de lecture estim\u00e9e":"4 minutes"},"schema":{"@context":"https:\/\/schema.org","@graph":[{"@type":"Article","@id":"https:\/\/regions-snetap-fsu.fr\/na\/2025\/05\/09\/13-mai-en-greve-pour-la-fonction-publique\/#article","isPartOf":{"@id":"https:\/\/regions-snetap-fsu.fr\/na\/2025\/05\/09\/13-mai-en-greve-pour-la-fonction-publique\/"},"author":{"name":"olivierb","@id":"https:\/\/regions-snetap-fsu.fr\/na\/#\/schema\/person\/bdf1c4fe149dcf915601f9de85ba379f"},"headline":"13 mai &#8211; En gr\u00e8ve pour la Fonction Publique","datePublished":"2025-05-09T09:55:08+00:00","dateModified":"2025-11-12T21:00:54+00:00","mainEntityOfPage":{"@id":"https:\/\/regions-snetap-fsu.fr\/na\/2025\/05\/09\/13-mai-en-greve-pour-la-fonction-publique\/"},"wordCount":478,"publisher":{"@id":"https:\/\/regions-snetap-fsu.fr\/na\/#organization"},"image":{"@id":"https:\/\/regions-snetap-fsu.fr\/na\/2025\/05\/09\/13-mai-en-greve-pour-la-fonction-publique\/#primaryimage"},"thumbnailUrl":"https:\/\/regions-snetap-fsu.fr\/na\/wp-content\/uploads\/sites\/3\/2025\/05\/Illustratio-13-mai-ter.jpg","articleSection":["Actions","Message de service"],"inLanguage":"fr-FR"},{"@type":"WebPage","@id":"https:\/\/regions-snetap-fsu.fr\/na\/2025\/05\/09\/13-mai-en-greve-pour-la-fonction-publique\/","url":"https:\/\/regions-snetap-fsu.fr\/na\/2025\/05\/09\/13-mai-en-greve-pour-la-fonction-publique\/","name":"13 mai - En gr\u00e8ve pour la Fonction Publique - NOUVELLE AQUITAINE","isPartOf":{"@id":"https:\/\/regions-snetap-fsu.fr\/na\/#website"},"primaryImageOfPage":{"@id":"https:\/\/regions-snetap-fsu.fr\/na\/2025\/05\/09\/13-mai-en-greve-pour-la-fonction-publique\/#primaryimage"},"image":{"@id":"https:\/\/regions-snetap-fsu.fr\/na\/2025\/05\/09\/13-mai-en-greve-pour-la-fonction-publique\/#primaryimage"},"thumbnailUrl":"https:\/\/regions-snetap-fsu.fr\/na\/wp-content\/uploads\/sites\/3\/2025\/05\/Illustratio-13-mai-ter.jpg","datePublished":"2025-05-09T09:55:08+00:00","dateModified":"2025-11-12T21:00:54+00:00","breadcrumb":{"@id":"https:\/\/regions-snetap-fsu.fr\/na\/2025\/05\/09\/13-mai-en-greve-pour-la-fonction-publique\/#breadcrumb"},"inLanguage":"fr-FR","potentialAction":[{"@type":"ReadAction","target":["https:\/\/regions-snetap-fsu.fr\/na\/2025\/05\/09\/13-mai-en-greve-pour-la-fonction-publique\/"]}]},{"@type":"ImageObject","inLanguage":"fr-FR","@id":"https:\/\/regions-snetap-fsu.fr\/na\/2025\/05\/09\/13-mai-en-greve-pour-la-fonction-publique\/#primaryimage","url":"https:\/\/regions-snetap-fsu.fr\/na\/wp-content\/uploads\/sites\/3\/2025\/05\/Illustratio-13-mai-ter.jpg","contentUrl":"https:\/\/regions-snetap-fsu.fr\/na\/wp-content\/uploads\/sites\/3\/2025\/05\/Illustratio-13-mai-ter.jpg","width":397,"height":267},{"@type":"BreadcrumbList","@id":"https:\/\/regions-snetap-fsu.fr\/na\/2025\/05\/09\/13-mai-en-greve-pour-la-fonction-publique\/#breadcrumb","itemListElement":[{"@type":"ListItem","position":1,"name":"Accueil","item":"https:\/\/regions-snetap-fsu.fr\/na\/"},{"@type":"ListItem","position":2,"name":"13 mai &#8211; En gr\u00e8ve pour la Fonction Publique"}]},{"@type":"WebSite","@id":"https:\/\/regions-snetap-fsu.fr\/na\/#website","url":"https:\/\/regions-snetap-fsu.fr\/na\/","name":"SNETAP-FSU NOUVELLE AQUITAINE","description":"Blog de la Section R\u00e9gionale","publisher":{"@id":"https:\/\/regions-snetap-fsu.fr\/na\/#organization"},"potentialAction":[{"@type":"SearchAction","target":{"@type":"EntryPoint","urlTemplate":"https:\/\/regions-snetap-fsu.fr\/na\/?s={search_term_string}"},"query-input":{"@type":"PropertyValueSpecification","valueRequired":true,"valueName":"search_term_string"}}],"inLanguage":"fr-FR"},{"@type":"Organization","@id":"https:\/\/regions-snetap-fsu.fr\/na\/#organization","name":"SNETAP-FSU - Nouvelle Aquitaine","url":"https:\/\/regions-snetap-fsu.fr\/na\/","logo":{"@type":"ImageObject","inLanguage":"fr-FR","@id":"https:\/\/regions-snetap-fsu.fr\/na\/#\/schema\/logo\/image\/","url":"https:\/\/regions-snetap-fsu.fr\/na\/wp-content\/uploads\/sites\/3\/2020\/12\/SNETAP-Logo.jpg","contentUrl":"https:\/\/regions-snetap-fsu.fr\/na\/wp-content\/uploads\/sites\/3\/2020\/12\/SNETAP-Logo.jpg","width":464,"height":334,"caption":"SNETAP-FSU - Nouvelle Aquitaine"},"image":{"@id":"https:\/\/regions-snetap-fsu.fr\/na\/#\/schema\/logo\/image\/"}},{"@type":"Person","@id":"https:\/\/regions-snetap-fsu.fr\/na\/#\/schema\/person\/bdf1c4fe149dcf915601f9de85ba379f","name":"olivierb","image":{"@type":"ImageObject","inLanguage":"fr-FR","@id":"https:\/\/secure.gravatar.com\/avatar\/d9cce0db1146844098d0ec7fae94551015c4ff78117aab56897823bb265a7bc9?s=96&d=mm&r=g","url":"https:\/\/secure.gravatar.com\/avatar\/d9cce0db1146844098d0ec7fae94551015c4ff78117aab56897823bb265a7bc9?s=96&d=mm&r=g","contentUrl":"https:\/\/secure.gravatar.com\/avatar\/d9cce0db1146844098d0ec7fae94551015c4ff78117aab56897823bb265a7bc9?s=96&d=mm&r=g","caption":"olivierb"},"url":"https:\/\/regions-snetap-fsu.fr\/na\/author\/olivierb\/"}]}},"_links":{"self":[{"href":"https:\/\/regions-snetap-fsu.fr\/na\/wp-json\/wp\/v2\/posts\/5117","targetHints":{"allow":["GET"]}}],"collection":[{"href":"https:\/\/regions-snetap-fsu.fr\/na\/wp-json\/wp\/v2\/posts"}],"about":[{"href":"https:\/\/regions-snetap-fsu.fr\/na\/wp-json\/wp\/v2\/types\/post"}],"author":[{"embeddable":true,"href":"https:\/\/regions-snetap-fsu.fr\/na\/wp-json\/wp\/v2\/users\/128"}],"replies":[{"embeddable":true,"href":"https:\/\/regions-snetap-fsu.fr\/na\/wp-json\/wp\/v2\/comments?post=5117"}],"version-history":[{"count":8,"href":"https:\/\/regions-snetap-fsu.fr\/na\/wp-json\/wp\/v2\/posts\/5117\/revisions"}],"predecessor-version":[{"id":5137,"href":"https:\/\/regions-snetap-fsu.fr\/na\/wp-json\/wp\/v2\/posts\/5117\/revisions\/5137"}],"wp:featuredmedia":[{"embeddable":true,"href":"https:\/\/regions-snetap-fsu.fr\/na\/wp-json\/wp\/v2\/media\/5133"}],"wp:attachment":[{"href":"https:\/\/regions-snetap-fsu.fr\/na\/wp-json\/wp\/v2\/media?parent=5117"}],"wp:term":[{"taxonomy":"category","embeddable":true,"href":"https:\/\/regions-snetap-fsu.fr\/na\/wp-json\/wp\/v2\/categories?post=5117"},{"taxonomy":"post_tag","embeddable":true,"href":"https:\/\/regions-snetap-fsu.fr\/na\/wp-json\/wp\/v2\/tags?post=5117"},{"taxonomy":"post_folder","embeddable":true,"href":"https:\/\/regions-snetap-fsu.fr\/na\/wp-json\/wp\/v2\/post_folder?post=5117"}],"curies":[{"name":"wp","href":"https:\/\/api.w.org\/{rel}","templated":true}]}}