{"id":5095,"date":"2025-04-20T16:16:37","date_gmt":"2025-04-20T14:16:37","guid":{"rendered":"https:\/\/regions-snetap-fsu.fr\/na\/?p=5095"},"modified":"2025-11-12T22:01:34","modified_gmt":"2025-11-12T21:01:34","slug":"commission-regionale-du-suivi-des-conditions-demploi-des-acb-en-cfa-cfppa","status":"publish","type":"post","link":"https:\/\/regions-snetap-fsu.fr\/na\/2025\/04\/20\/commission-regionale-du-suivi-des-conditions-demploi-des-acb-en-cfa-cfppa\/","title":{"rendered":"Commission r\u00e9gionale du suivi des conditions d\u2019emploi des ACB en CFA CFPPA &#8211; 9 avril 2025"},"content":{"rendered":"\t\t<div data-elementor-type=\"wp-post\" data-elementor-id=\"5095\" class=\"elementor elementor-5095\">\n\t\t\t\t<div class=\"elementor-element elementor-element-ec5e5d5 e-flex e-con-boxed e-con e-parent\" data-id=\"ec5e5d5\" data-element_type=\"container\" data-e-type=\"container\">\n\t\t\t\t\t<div class=\"e-con-inner\">\n\t\t\t\t<div class=\"elementor-element elementor-element-b7a9fcb elementor-widget elementor-widget-heading\" data-id=\"b7a9fcb\" data-element_type=\"widget\" data-e-type=\"widget\" data-widget_type=\"heading.default\">\n\t\t\t\t<div class=\"elementor-widget-container\">\n\t\t\t\t\t<h1 class=\"elementor-heading-title elementor-size-default\">Commission r\u00e9gionale du suivi des conditions d\u2019emploi des personnels contractuels r\u00e9mun\u00e9r\u00e9s sur les budgets des CFA et CFPPA en Nouvelle-Aquitaine<\/h1>\t\t\t\t<\/div>\n\t\t\t\t<\/div>\n\t\t\t\t\t<\/div>\n\t\t\t\t<\/div>\n\t\t<div class=\"elementor-element elementor-element-da2ba63 e-flex e-con-boxed e-con e-parent\" data-id=\"da2ba63\" data-element_type=\"container\" data-e-type=\"container\">\n\t\t\t\t\t<div class=\"e-con-inner\">\n\t\t\t\t<div class=\"elementor-element elementor-element-88568bc elementor-widget elementor-widget-heading\" data-id=\"88568bc\" data-element_type=\"widget\" data-e-type=\"widget\" data-widget_type=\"heading.default\">\n\t\t\t\t<div class=\"elementor-widget-container\">\n\t\t\t\t\t<h2 class=\"elementor-heading-title elementor-size-default\">Compte rendu  - Mercredi 9 avril 2025<\/h2>\t\t\t\t<\/div>\n\t\t\t\t<\/div>\n\t\t\t\t\t<\/div>\n\t\t\t\t<\/div>\n\t\t<div class=\"elementor-element elementor-element-8026cda e-flex e-con-boxed e-con e-parent\" data-id=\"8026cda\" data-element_type=\"container\" data-e-type=\"container\">\n\t\t\t\t\t<div class=\"e-con-inner\">\n\t\t<div class=\"elementor-element elementor-element-613a0ab e-con-full e-flex e-con e-child\" data-id=\"613a0ab\" data-element_type=\"container\" data-e-type=\"container\">\n\t\t\t\t<div class=\"elementor-element elementor-element-b137cdb elementor-widget elementor-widget-text-editor\" data-id=\"b137cdb\" data-element_type=\"widget\" data-e-type=\"widget\" data-widget_type=\"text-editor.default\">\n\t\t\t\t<div class=\"elementor-widget-container\">\n\t\t\t\t\t\t\t\t\t<p align=\"left\"><span style=\"color: #1e6a39\"><span style=\"font-family: Arial, sans-serif\"><i><b>1. Mise \u00e0 jour des contrats de travail<\/b><\/i><\/span><\/span><\/p><p align=\"justify\"><span style=\"font-family: Arial, sans-serif\">La cat\u00e9gorie (A, B ou C) de chaque agent doit \u00eatre mentionn\u00e9e sur son contrat de travail. La DRAAF rappelle donc qu\u2019un avenant au contrat de travail doit \u00eatre propos\u00e9 aux agent.es dont la cat\u00e9gorie statutaire (A, B ou C) n\u2019est pas mentionn\u00e9e dans leur contrat actuel.<br \/>\u27a1\ufe0f Cette obligation est en vigueur depuis septembre 2023. Ce point est important en cas de changement de service ou d\u2019\u00e9tablissement, voire une titularisation ult\u00e9rieure, pour la reprise d\u2019anciennet\u00e9<\/span><\/p>\t\t\t\t\t\t\t\t<\/div>\n\t\t\t\t<\/div>\n\t\t\t\t<\/div>\n\t\t<div class=\"elementor-element elementor-element-19f0c5f e-con-full e-flex e-con e-child\" data-id=\"19f0c5f\" data-element_type=\"container\" data-e-type=\"container\">\n\t\t\t\t<div class=\"elementor-element elementor-element-b03fde0 elementor-widget elementor-widget-image\" data-id=\"b03fde0\" data-element_type=\"widget\" data-e-type=\"widget\" data-widget_type=\"image.default\">\n\t\t\t\t<div class=\"elementor-widget-container\">\n\t\t\t\t\t\t\t\t\t\t\t\t\t\t\t<img fetchpriority=\"high\" decoding=\"async\" width=\"1024\" height=\"680\" src=\"https:\/\/regions-snetap-fsu.fr\/na\/wp-content\/uploads\/sites\/3\/2025\/04\/Contrat-de-travail-comment-le-rediger-1024x680.jpg\" class=\"attachment-large size-large wp-image-5096\" alt=\"\" srcset=\"https:\/\/regions-snetap-fsu.fr\/na\/wp-content\/uploads\/sites\/3\/2025\/04\/Contrat-de-travail-comment-le-rediger-1024x680.jpg 1024w, https:\/\/regions-snetap-fsu.fr\/na\/wp-content\/uploads\/sites\/3\/2025\/04\/Contrat-de-travail-comment-le-rediger-300x199.jpg 300w, https:\/\/regions-snetap-fsu.fr\/na\/wp-content\/uploads\/sites\/3\/2025\/04\/Contrat-de-travail-comment-le-rediger-768x510.jpg 768w, https:\/\/regions-snetap-fsu.fr\/na\/wp-content\/uploads\/sites\/3\/2025\/04\/Contrat-de-travail-comment-le-rediger-1536x1020.jpg 1536w, https:\/\/regions-snetap-fsu.fr\/na\/wp-content\/uploads\/sites\/3\/2025\/04\/Contrat-de-travail-comment-le-rediger.jpg 1691w\" sizes=\"(max-width: 1024px) 100vw, 1024px\" \/>\t\t\t\t\t\t\t\t\t\t\t\t\t\t\t<\/div>\n\t\t\t\t<\/div>\n\t\t\t\t<\/div>\n\t\t\t\t\t<\/div>\n\t\t\t\t<\/div>\n\t\t<div class=\"elementor-element elementor-element-5d854d5 e-flex e-con-boxed e-con e-parent\" data-id=\"5d854d5\" data-element_type=\"container\" data-e-type=\"container\">\n\t\t\t\t\t<div class=\"e-con-inner\">\n\t\t<div class=\"elementor-element elementor-element-a515276 e-con-full e-flex e-con e-child\" data-id=\"a515276\" data-element_type=\"container\" data-e-type=\"container\">\n\t\t\t\t<div class=\"elementor-element elementor-element-5d7dd52 elementor-widget elementor-widget-image\" data-id=\"5d7dd52\" data-element_type=\"widget\" data-e-type=\"widget\" data-widget_type=\"image.default\">\n\t\t\t\t<div class=\"elementor-widget-container\">\n\t\t\t\t\t\t\t\t\t\t\t\t\t\t\t<img decoding=\"async\" width=\"566\" height=\"343\" src=\"https:\/\/regions-snetap-fsu.fr\/na\/wp-content\/uploads\/sites\/3\/2025\/04\/prime.jpg\" class=\"attachment-large size-large wp-image-5097\" alt=\"\" srcset=\"https:\/\/regions-snetap-fsu.fr\/na\/wp-content\/uploads\/sites\/3\/2025\/04\/prime.jpg 566w, https:\/\/regions-snetap-fsu.fr\/na\/wp-content\/uploads\/sites\/3\/2025\/04\/prime-300x182.jpg 300w\" sizes=\"(max-width: 566px) 100vw, 566px\" \/>\t\t\t\t\t\t\t\t\t\t\t\t\t\t\t<\/div>\n\t\t\t\t<\/div>\n\t\t\t\t<\/div>\n\t\t<div class=\"elementor-element elementor-element-cf33006 e-con-full e-flex e-con e-child\" data-id=\"cf33006\" data-element_type=\"container\" data-e-type=\"container\">\n\t\t\t\t<div class=\"elementor-element elementor-element-b2f56a1 elementor-widget elementor-widget-text-editor\" data-id=\"b2f56a1\" data-element_type=\"widget\" data-e-type=\"widget\" data-widget_type=\"text-editor.default\">\n\t\t\t\t<div class=\"elementor-widget-container\">\n\t\t\t\t\t\t\t\t\t<p align=\"left\"><span style=\"color: #1e6a39\"><span style=\"font-family: Arial, sans-serif\"><i><b>2<\/b><\/i><i><b>. Prime IAT pour les personnels administratifs<\/b><\/i><\/span><\/span><\/p><p align=\"justify\"><span style=\"font-family: Arial, sans-serif\">La prime IAT <span style=\"font-size: medium\">(I<\/span><strong><span style=\"color: #111111\"><span style=\"font-size: medium\">ndemnit\u00e9 d&rsquo;Administration et de <\/span><\/span><\/strong><strong><span style=\"color: #111111\"><span style=\"font-size: medium\">T<\/span><\/span><\/strong><strong><span style=\"color: #111111\"><span style=\"font-size: medium\">echnicit\u00e9<\/span><\/span><\/strong><strong><span style=\"color: #111111\"><span style=\"font-size: medium\">) <\/span><\/span><\/strong>\u00e9volue pour les personnels administratifs. Celle-ci est appel\u00e9 \u00e0 dispara\u00eetre depuis la mise en \u0153uvre de la prime RIFSEEP. Les \u00e9tablissements sont donc appel\u00e9s \u00e0 modifier leurs d\u00e9lib\u00e9rations et appliquer un nouveau r\u00e9gime indemnitaire.<\/span><\/p><p align=\"justify\">\u27a1\ufe0f <span style=\"font-family: Arial, sans-serif\">Des pr\u00e9cisions sont \u00e0 retrouver sur Chlorofil <a href=\"https:\/\/chlorofil.fr\/fileadmin\/user_upload\/01-systeme\/structuration\/epl\/EPLEFPA\/grh\/f01-revalorisation-iat.pdf\">https:\/\/chlorofil.fr\/fileadmin\/user_upload\/01-systeme\/structuration\/epl\/EPLEFPA\/grh\/f01-revalorisation-iat.pdf<\/a><\/span><\/p>\t\t\t\t\t\t\t\t<\/div>\n\t\t\t\t<\/div>\n\t\t\t\t<\/div>\n\t\t\t\t\t<\/div>\n\t\t\t\t<\/div>\n\t\t<div class=\"elementor-element elementor-element-460c900 e-flex e-con-boxed e-con e-parent\" data-id=\"460c900\" data-element_type=\"container\" data-e-type=\"container\">\n\t\t\t\t\t<div class=\"e-con-inner\">\n\t\t\t\t<div class=\"elementor-element elementor-element-dd9be99 elementor-widget elementor-widget-text-editor\" data-id=\"dd9be99\" data-element_type=\"widget\" data-e-type=\"widget\" data-widget_type=\"text-editor.default\">\n\t\t\t\t<div class=\"elementor-widget-container\">\n\t\t\t\t\t\t\t\t\t<p align=\"left\"><span style=\"color: #1e6a39\"><span style=\"font-family: Arial, sans-serif\"><i><b>3<\/b><\/i><i><b>. Organisation des permanences<\/b><\/i><\/span><\/span><\/p><p align=\"justify\"><span style=\"font-family: Arial, sans-serif\"><span style=\"color: #000000\">Le <\/span><span style=\"color: #000000\"><span style=\"font-family: Arial, Helvetica, sans-serif\"><span style=\"font-size: medium\">Directeur du CFA 47 <\/span><\/span><\/span><span style=\"color: #000000\">a \u00e9voqu\u00e9 une culture de permanences <\/span><span style=\"color: #000000\">de s\u00e9curit\u00e9 <\/span><span style=\"color: #000000\">pour les personnels admin<\/span><span style=\"color: #000000\">ist<\/span><span style=\"color: #000000\">ratifs. <\/span><span style=\"color: #000000\">Mais <\/span><span style=\"color: #000000\">Mme Aubrun, <\/span><span style=\"color: #000000\">du service juridique, <\/span><span style=\"color: #000000\">a rappel\u00e9 que seuls les membres de l\u2019\u00e9quipe de direction assurent des \u00ab\u00a0permanences de s\u00e9curit\u00e9\u00a0\u00bb pendant les vacances scolaires. Pour les personnels administratifs cela rel\u00e8ve de l&rsquo;organisation des services pendant ces p\u00e9riodes.<\/span><\/span><\/p>\t\t\t\t\t\t\t\t<\/div>\n\t\t\t\t<\/div>\n\t\t\t\t\t<\/div>\n\t\t\t\t<\/div>\n\t\t<div class=\"elementor-element elementor-element-caf7a81 e-flex e-con-boxed e-con e-parent\" data-id=\"caf7a81\" data-element_type=\"container\" data-e-type=\"container\">\n\t\t\t\t\t<div class=\"e-con-inner\">\n\t\t<div class=\"elementor-element elementor-element-21c4d6f e-con-full e-flex e-con e-child\" data-id=\"21c4d6f\" data-element_type=\"container\" data-e-type=\"container\">\n\t\t\t\t<div class=\"elementor-element elementor-element-70401ea elementor-widget elementor-widget-text-editor\" data-id=\"70401ea\" data-element_type=\"widget\" data-e-type=\"widget\" data-widget_type=\"text-editor.default\">\n\t\t\t\t<div class=\"elementor-widget-container\">\n\t\t\t\t\t\t\t\t\t<p align=\"left\"><span style=\"color: #1e6a39\"><span style=\"font-family: Arial, sans-serif\"><i><b>4<\/b><\/i><i><b>. Observatoire des conditions d\u2019emploi des ACB<\/b><\/i><\/span><\/span><\/p><p align=\"justify\"><span style=\"font-family: Arial, sans-serif\"><span style=\"color: #000000\"><span style=\"font-size: medium\">L<\/span><\/span><span style=\"color: #000000\"><span style=\"font-size: medium\">a DGER, avec le <\/span><\/span><span style=\"color: #000000\"><span style=\"font-size: medium\">CGAAER, a <\/span><\/span><span style=\"color: #000000\"><span style=\"font-size: medium\">cr\u00e9\u00e9 <\/span><\/span><span style=\"color: #000000\"><span style=\"font-size: medium\">un observatoire <\/span><\/span><span style=\"color: #000000\"><span style=\"font-size: medium\">des conditions d\u2019emploi de ACB, <\/span><\/span><span style=\"color: #000000\"><span style=\"font-size: medium\">permettant de conna\u00eetre et de comparer les conditions de recrutement et d\u2019emploi des agents contractuels sur budget dans les <\/span><\/span><span style=\"color: #000000\"><span style=\"font-size: medium\">CFA et CFPPA<\/span><\/span><span style=\"color: #000000\"><span style=\"font-size: medium\">.<\/span><\/span><\/span><\/p><p align=\"justify\"><span style=\"font-family: Arial, sans-serif\"><span style=\"color: #000000\"><span style=\"font-size: medium\">En 2024, u<\/span><\/span><span style=\"color: #000000\"><span style=\"font-size: medium\">n outil en ligne a \u00e9t\u00e9 mis en place <\/span><\/span><span style=\"color: #000000\"><span style=\"font-size: medium\">afin de <\/span><\/span><span style=\"color: #000000\"><span style=\"font-size: medium\">faciliter le traitement des donn\u00e9es et l\u2019accessibilit\u00e9 aux donn\u00e9es par rapport \u00e0 l\u2019ancien outil (tableur). <\/span><\/span><span style=\"color: #000000\"><span style=\"font-size: medium\">Ce nouvel outil doit s<\/span><\/span><span style=\"color: #000000\">implifier le travail des agents. <\/span><span style=\"color: #000000\">La <\/span><span style=\"color: #000000\"><span style=\"font-size: medium\">Plateforme <\/span><\/span><span style=\"color: #000000\"><span style=\"font-size: medium\">est <\/span><\/span><span style=\"color: #000000\"><span style=\"font-size: medium\">ouverte du 1<\/span><\/span><span style=\"color: #000000\"><sup><span style=\"font-size: medium\">er<\/span><\/sup><\/span><span style=\"color: #000000\"><span style=\"font-size: medium\"> avril au 30 juin 2025.<\/span><\/span><\/span><\/p><p align=\"justify\"><span style=\"font-family: Arial, sans-serif\"><span style=\"color: #000000\">Le <\/span><span style=\"color: #000000\">Directeur adjoint <\/span><span style=\"color: #000000\">de l\u2019<\/span><span style=\"color: #000000\">EPL Bordeaux-Gironde a indiqu\u00e9 que <\/span><span style=\"color: #000000\">son<\/span><span style=\"color: #000000\"> \u00e9tablissement pr\u00e9voit une connexion \u00e0 la plateforme d\u00e9but de semaine prochaine.<\/span><\/span><\/p>\t\t\t\t\t\t\t\t<\/div>\n\t\t\t\t<\/div>\n\t\t\t\t<\/div>\n\t\t<div class=\"elementor-element elementor-element-1a8d7be e-con-full e-flex e-con e-child\" data-id=\"1a8d7be\" data-element_type=\"container\" data-e-type=\"container\">\n\t\t\t\t<div class=\"elementor-element elementor-element-a6b1be3 elementor-widget elementor-widget-image\" data-id=\"a6b1be3\" data-element_type=\"widget\" data-e-type=\"widget\" data-widget_type=\"image.default\">\n\t\t\t\t<div class=\"elementor-widget-container\">\n\t\t\t\t\t\t\t\t\t\t\t\t\t\t\t<img decoding=\"async\" width=\"1024\" height=\"1024\" src=\"https:\/\/regions-snetap-fsu.fr\/na\/wp-content\/uploads\/sites\/3\/2025\/04\/Observatoire-ACB.png\" class=\"attachment-large size-large wp-image-5099\" alt=\"\" srcset=\"https:\/\/regions-snetap-fsu.fr\/na\/wp-content\/uploads\/sites\/3\/2025\/04\/Observatoire-ACB.png 1024w, https:\/\/regions-snetap-fsu.fr\/na\/wp-content\/uploads\/sites\/3\/2025\/04\/Observatoire-ACB-300x300.png 300w, https:\/\/regions-snetap-fsu.fr\/na\/wp-content\/uploads\/sites\/3\/2025\/04\/Observatoire-ACB-150x150.png 150w, https:\/\/regions-snetap-fsu.fr\/na\/wp-content\/uploads\/sites\/3\/2025\/04\/Observatoire-ACB-768x768.png 768w, https:\/\/regions-snetap-fsu.fr\/na\/wp-content\/uploads\/sites\/3\/2025\/04\/Observatoire-ACB-600x600.png 600w\" sizes=\"(max-width: 1024px) 100vw, 1024px\" \/>\t\t\t\t\t\t\t\t\t\t\t\t\t\t\t<\/div>\n\t\t\t\t<\/div>\n\t\t\t\t<\/div>\n\t\t\t\t\t<\/div>\n\t\t\t\t<\/div>\n\t\t<div class=\"elementor-element elementor-element-0d41067 e-flex e-con-boxed e-con e-parent\" data-id=\"0d41067\" data-element_type=\"container\" data-e-type=\"container\">\n\t\t\t\t\t<div class=\"e-con-inner\">\n\t\t<div class=\"elementor-element elementor-element-0bd0da8 e-con-full e-flex e-con e-child\" data-id=\"0bd0da8\" data-element_type=\"container\" data-e-type=\"container\">\n\t\t\t\t<div class=\"elementor-element elementor-element-a446e00 elementor-widget elementor-widget-text-editor\" data-id=\"a446e00\" data-element_type=\"widget\" data-e-type=\"widget\" data-widget_type=\"text-editor.default\">\n\t\t\t\t<div class=\"elementor-widget-container\">\n\t\t\t\t\t\t\t\t\t<p align=\"left\"><span style=\"color: #1e6a39\"><span style=\"font-family: Arial, sans-serif\"><i><b>5<\/b><\/i><\/span><span style=\"font-family: Arial, sans-serif\"><i><b>. Report des cong\u00e9s en cas d&rsquo;arr\u00eat maladie<\/b><\/i><\/span><\/span><\/p><p align=\"justify\"><span style=\"color: #000000\"><span style=\"font-family: Arial, sans-serif\">La DRAAF <\/span><\/span><span style=\"color: #000000\"><span style=\"font-family: Arial, sans-serif\">rappel<\/span><\/span><span style=\"color: #000000\"><span style=\"font-family: Arial, sans-serif\">le l\u2019\u00e9volution du<\/span><\/span><span style=\"color: #000000\"><span style=\"font-family: Arial, sans-serif\"> report des cong\u00e9s <\/span><\/span><span style=\"color: #000000\"><span style=\"font-family: Arial, sans-serif\">en cas d\u2019arr\u00eat maladie<\/span><\/span><span style=\"color: #000000\"><span style=\"font-family: Arial, sans-serif\">. <\/span><\/span><span style=\"color: #000000\"><span style=\"font-family: Marianne, arial, sans-serif\"><span style=\"font-size: medium\">Le salari\u00e9 en arr\u00eat maladie <\/span><\/span><\/span><span style=\"color: #000000\"><span style=\"font-family: Marianne, arial, sans-serif\"><span style=\"font-size: medium\">avant son d\u00e9part <\/span><\/span><\/span><span style=\"color: #000000\"><span style=\"font-family: Marianne, arial, sans-serif\"><span style=\"font-size: medium\">en cong\u00e9 a <\/span><\/span><\/span><span style=\"color: #000000\"><span style=\"font-family: Marianne, arial, sans-serif\"><span style=\"font-size: medium\">droit au report <\/span><\/span><\/span><span style=\"color: #000000\"><span style=\"font-family: Marianne, arial, sans-serif\"><span style=\"font-size: medium\">de ses cong\u00e9s pay\u00e9s apr\u00e8s la date de reprise du travail. Les cong\u00e9s pay\u00e9s acquis mais non pris ne sont donc pas perdus. <\/span><\/span><\/span><span style=\"color: #000000\"><span style=\"font-family: Arial, sans-serif\">La p\u00e9riode de report est de 15 mois \u00e0 compter du 1<\/span><\/span><span style=\"color: #000000\"><sup><span style=\"font-family: Arial, sans-serif\">er<\/span><\/sup><\/span><span style=\"color: #000000\"><span style=\"font-family: Arial, sans-serif\"> septembre <\/span><\/span><span style=\"color: #000000\"><span style=\"font-family: Arial, sans-serif\">et l<\/span><\/span><span style=\"color: #000000\"><span style=\"font-family: Arial, sans-serif\">e report est limit\u00e9 \u00e0 20 jours.<\/span><\/span><\/p>\t\t\t\t\t\t\t\t<\/div>\n\t\t\t\t<\/div>\n\t\t\t\t<\/div>\n\t\t\t\t\t<\/div>\n\t\t\t\t<\/div>\n\t\t<div class=\"elementor-element elementor-element-ae558f3 e-flex e-con-boxed e-con e-parent\" data-id=\"ae558f3\" data-element_type=\"container\" data-e-type=\"container\">\n\t\t\t\t\t<div class=\"e-con-inner\">\n\t\t<div class=\"elementor-element elementor-element-d4d29bb e-con-full e-flex e-con e-child\" data-id=\"d4d29bb\" data-element_type=\"container\" data-e-type=\"container\">\n\t\t\t\t<div class=\"elementor-element elementor-element-90866cf elementor-widget elementor-widget-text-editor\" data-id=\"90866cf\" data-element_type=\"widget\" data-e-type=\"widget\" data-widget_type=\"text-editor.default\">\n\t\t\t\t<div class=\"elementor-widget-container\">\n\t\t\t\t\t\t\t\t\t<p align=\"left\"><span style=\"color: #1e6a39\"><span style=\"font-family: Arial, sans-serif\"><i><b>6<\/b><\/i><\/span><span style=\"font-family: Arial, sans-serif\"><i><b>. <\/b><\/i><\/span><span style=\"font-family: Arial, sans-serif\"><i><b>Commission nationale<\/b><\/i><\/span><\/span><\/p><p align=\"justify\"><span style=\"font-family: Arial, sans-serif\">Le <\/span><span style=\"font-family: Arial, sans-serif\">Directeur CFA 19 <\/span><span style=\"font-family: Arial, sans-serif\">(<\/span><span style=\"font-family: Arial, sans-serif\">membre du GT national) a signal\u00e9 que certains \u00e9l\u00e9ments transmis dans le cadre du compte rendu national arrivent trop tardivement pour permettre une exploitation efficace avant les commissions.<\/span><\/p>\t\t\t\t\t\t\t\t<\/div>\n\t\t\t\t<\/div>\n\t\t\t\t<\/div>\n\t\t<div class=\"elementor-element elementor-element-39b4628 e-con-full e-flex e-con e-child\" data-id=\"39b4628\" data-element_type=\"container\" data-e-type=\"container\">\n\t\t\t\t<div class=\"elementor-element elementor-element-6f7e6a3 elementor-widget elementor-widget-image\" data-id=\"6f7e6a3\" data-element_type=\"widget\" data-e-type=\"widget\" data-widget_type=\"image.default\">\n\t\t\t\t<div class=\"elementor-widget-container\">\n\t\t\t\t\t\t\t\t\t\t\t\t\t\t\t<img loading=\"lazy\" decoding=\"async\" width=\"1024\" height=\"628\" src=\"https:\/\/regions-snetap-fsu.fr\/na\/wp-content\/uploads\/sites\/3\/2025\/04\/Couuissipn-nationale-ACB-1024x628.jpg\" class=\"attachment-large size-large wp-image-5098\" alt=\"\" srcset=\"https:\/\/regions-snetap-fsu.fr\/na\/wp-content\/uploads\/sites\/3\/2025\/04\/Couuissipn-nationale-ACB-1024x628.jpg 1024w, https:\/\/regions-snetap-fsu.fr\/na\/wp-content\/uploads\/sites\/3\/2025\/04\/Couuissipn-nationale-ACB-300x184.jpg 300w, https:\/\/regions-snetap-fsu.fr\/na\/wp-content\/uploads\/sites\/3\/2025\/04\/Couuissipn-nationale-ACB-768x471.jpg 768w, https:\/\/regions-snetap-fsu.fr\/na\/wp-content\/uploads\/sites\/3\/2025\/04\/Couuissipn-nationale-ACB.jpg 1075w\" sizes=\"(max-width: 1024px) 100vw, 1024px\" \/>\t\t\t\t\t\t\t\t\t\t\t\t\t\t\t<\/div>\n\t\t\t\t<\/div>\n\t\t\t\t<\/div>\n\t\t\t\t\t<\/div>\n\t\t\t\t<\/div>\n\t\t<div class=\"elementor-element elementor-element-8b01c98 e-flex e-con-boxed e-con e-parent\" data-id=\"8b01c98\" data-element_type=\"container\" data-e-type=\"container\">\n\t\t\t\t\t<div class=\"e-con-inner\">\n\t\t\t\t<div class=\"elementor-element elementor-element-711da15 elementor-widget elementor-widget-text-editor\" data-id=\"711da15\" data-element_type=\"widget\" data-e-type=\"widget\" data-widget_type=\"text-editor.default\">\n\t\t\t\t<div class=\"elementor-widget-container\">\n\t\t\t\t\t\t\t\t\t<p align=\"left\"><span style=\"color: #1e6a39\"><span style=\"font-family: Arial, sans-serif\"><i><b>7<\/b><\/i><\/span><span style=\"font-family: Arial, sans-serif\"><i><b>. Nouvelle trame locale\u00a0: rappel de la DRAAF<\/b><\/i><\/span><\/span><\/p><p><span style=\"font-family: Arial, sans-serif\">Monsieur <\/span><span style=\"font-family: Arial, sans-serif\">le Chef du SRFD<\/span><span style=\"font-family: Arial, sans-serif\"> a pr\u00e9cis\u00e9 plusieurs points \u00e0 destination des \u00e9quipes de directions d\u2019EPL :<\/span><\/p><p><span style=\"font-family: Arial, sans-serif\">&#8211; <\/span><span style=\"font-family: Arial, sans-serif\">l<\/span><span style=\"font-family: Arial, sans-serif\">a nouvelle trame locale ne doit en aucun cas \u00eatre r\u00e9alis\u00e9e sans concertation avec les repr\u00e9sentant.<\/span><span style=\"font-family: Arial, sans-serif\">e<\/span><span style=\"font-family: Arial, sans-serif\">s du personnel.<\/span><\/p><p><span style=\"font-family: Arial, sans-serif\">&#8211; conform\u00e9ment \u00e0 la note de service sur l\u2019organisation des instances des EPL, <\/span><span style=\"font-family: Arial, sans-serif\">l<\/span><span style=\"font-family: Arial, sans-serif\">a trame doit \u00eatre pr\u00e9sent\u00e9e en toute transparence :<\/span><\/p><p><span style=\"font-family: Arial, sans-serif\">* <\/span><span style=\"font-family: Arial, sans-serif\">Au conseil de centre des CFPPA,<\/span><\/p><p><span style=\"font-family: Arial, sans-serif\"> *<\/span><span style=\"font-family: Arial, sans-serif\"> Au conseil de perfectionnement des CFA<\/span><\/p>\t\t\t\t\t\t\t\t<\/div>\n\t\t\t\t<\/div>\n\t\t\t\t\t<\/div>\n\t\t\t\t<\/div>\n\t\t<div class=\"elementor-element elementor-element-4807fcd e-flex e-con-boxed e-con e-parent\" data-id=\"4807fcd\" data-element_type=\"container\" data-e-type=\"container\">\n\t\t\t\t\t<div class=\"e-con-inner\">\n\t\t\t\t<div class=\"elementor-element elementor-element-432d727 elementor-widget elementor-widget-text-editor\" data-id=\"432d727\" data-element_type=\"widget\" data-e-type=\"widget\" data-widget_type=\"text-editor.default\">\n\t\t\t\t<div class=\"elementor-widget-container\">\n\t\t\t\t\t\t\t\t\t<p align=\"left\"><span style=\"color: #1e6a39\"><span style=\"font-family: Arial, sans-serif\"><i><b>8. <\/b><\/i><\/span><span style=\"font-family: Arial, sans-serif\"><i><b>Point sur l\u2019avanc\u00e9e des commissions locales sur les protocoles locaux<\/b><\/i><\/span><\/span><\/p><p align=\"justify\"><span style=\"font-family: Arial, sans-serif\">Seuls <\/span><span style=\"font-family: Arial, sans-serif\">21 EPL <\/span><span style=\"font-family: Arial, sans-serif\">sont <\/span><span style=\"font-family: Arial, sans-serif\">concern\u00e9s <\/span><span style=\"font-family: Arial, sans-serif\">par cette nouvelle trame nationale <\/span><span style=\"font-family: Arial, sans-serif\">en Nouvelle-Aquitaine <\/span><span style=\"font-family: Arial, sans-serif\">(i<\/span><span style=\"font-family: Arial, sans-serif\">l n\u2019y a pas d\u2019agents ACB sur l\u2019EPL de Kyoto<\/span><span style=\"font-family: Arial, sans-serif\">)<\/span><span style=\"font-family: Arial, sans-serif\">.<\/span><\/p><p align=\"justify\"><span style=\"font-family: Arial, sans-serif\">L<\/span><span style=\"font-family: Arial, sans-serif\">\u2019administration <\/span><span style=\"font-family: Arial, sans-serif\">d\u00e9crit<\/span> <span style=\"font-family: Arial, sans-serif\">l<\/span><span style=\"font-family: Arial, sans-serif\">es n\u00e9gociations <\/span><span style=\"font-family: Arial, sans-serif\">au sein des EPL <\/span><span style=\"font-family: Arial, sans-serif\">:<\/span><\/p><p align=\"justify\"><span style=\"font-family: Arial, sans-serif\">&#8211; <\/span><span style=\"font-family: Arial, sans-serif\">dans <\/span><span style=\"font-family: Arial, sans-serif\">86\u00a0% des <\/span><span style=\"font-family: Arial, sans-serif\">EPL<\/span><span style=\"font-family: Arial, sans-serif\"> un groupe restreint a \u00e9t\u00e9 constitu\u00e9 avec D1, D3, SG <\/span><span style=\"font-family: Arial, sans-serif\">et des <\/span><span style=\"font-family: Arial, sans-serif\">repr\u00e9sentant.<\/span><span style=\"font-family: Arial, sans-serif\">e<\/span><span style=\"font-family: Arial, sans-serif\">s des personnels pour travailler sur <\/span><span style=\"font-family: Arial, sans-serif\">la <\/span><span style=\"font-family: Arial, sans-serif\">trame nationale. <\/span><span style=\"font-family: Arial, sans-serif\">Sur ces 86\u00a0%, <\/span><span style=\"font-family: Arial, sans-serif\">40\u00a0% ont d\u00e9marr\u00e9 en 2024\u00a0; <\/span><span style=\"font-family: Arial, sans-serif\">30\u00a0% en janvier f\u00e9vrier 2025 et 30\u00a0% en mars avril.<\/span><\/p><p align=\"justify\"><span style=\"font-family: Arial, sans-serif\">&#8211; <\/span><span style=\"font-family: Arial, sans-serif\">dans <\/span><span style=\"font-family: Arial, sans-serif\">14\u00a0% des cas <\/span><span style=\"font-family: Arial, sans-serif\">(<\/span><span style=\"font-family: Arial, sans-serif\">donc 3 EPL<\/span><span style=\"font-family: Arial, sans-serif\">)<\/span><span style=\"font-family: Arial, sans-serif\">, <\/span><span style=\"font-family: Arial, sans-serif\">seuls <\/span><span style=\"font-family: Arial, sans-serif\">les D1, D3 <\/span><span style=\"font-family: Arial, sans-serif\">et SG se sont rencontr\u00e9s en amont afin de pr\u00e9senter une mouture locale d\u2019ici fin avril <\/span><span style=\"font-family: Arial, sans-serif\">aux personnels<\/span><span style=\"font-family: Arial, sans-serif\">. <\/span><span style=\"font-family: Arial, sans-serif\">Ils ne respectent d<\/span><span style=\"font-family: Arial, sans-serif\">onc <\/span><span style=\"font-family: Arial, sans-serif\">pas<\/span><span style=\"font-family: Arial, sans-serif\"> l\u2019esprit de la note de service nationale, puis pr\u00e9voient des r\u00e9unions en fonction des retours des personnels.<\/span><\/p><p align=\"justify\"><span style=\"font-family: Arial, sans-serif\">Globalement, d\u2019apr\u00e8s la DRAAF, le travail se passe<\/span><span style=\"font-family: Arial, sans-serif\">rait donc <\/span><span style=\"font-family: Arial, sans-serif\">dans de bonnes conditions <\/span><span style=\"font-family: Arial, sans-serif\">au niveau r\u00e9gional.<\/span><\/p>\t\t\t\t\t\t\t\t<\/div>\n\t\t\t\t<\/div>\n\t\t\t\t\t<\/div>\n\t\t\t\t<\/div>\n\t\t<div class=\"elementor-element elementor-element-0163e4e e-flex e-con-boxed e-con e-parent\" data-id=\"0163e4e\" data-element_type=\"container\" data-e-type=\"container\">\n\t\t\t\t\t<div class=\"e-con-inner\">\n\t\t\t\t<div class=\"elementor-element elementor-element-665db5a elementor-widget elementor-widget-image\" data-id=\"665db5a\" data-element_type=\"widget\" data-e-type=\"widget\" data-widget_type=\"image.default\">\n\t\t\t\t<div class=\"elementor-widget-container\">\n\t\t\t\t\t\t\t\t\t\t\t\t\t\t\t<img loading=\"lazy\" decoding=\"async\" width=\"1024\" height=\"144\" src=\"https:\/\/regions-snetap-fsu.fr\/na\/wp-content\/uploads\/sites\/3\/2024\/12\/ELAN-COMMUN-1024x144.jpg\" class=\"attachment-large size-large wp-image-3813\" alt=\"\" srcset=\"https:\/\/regions-snetap-fsu.fr\/na\/wp-content\/uploads\/sites\/3\/2024\/12\/ELAN-COMMUN-1024x144.jpg 1024w, https:\/\/regions-snetap-fsu.fr\/na\/wp-content\/uploads\/sites\/3\/2024\/12\/ELAN-COMMUN-300x42.jpg 300w, https:\/\/regions-snetap-fsu.fr\/na\/wp-content\/uploads\/sites\/3\/2024\/12\/ELAN-COMMUN-768x108.jpg 768w, https:\/\/regions-snetap-fsu.fr\/na\/wp-content\/uploads\/sites\/3\/2024\/12\/ELAN-COMMUN-1536x217.jpg 1536w, https:\/\/regions-snetap-fsu.fr\/na\/wp-content\/uploads\/sites\/3\/2024\/12\/ELAN-COMMUN-2048x289.jpg 2048w\" sizes=\"(max-width: 1024px) 100vw, 1024px\" \/>\t\t\t\t\t\t\t\t\t\t\t\t\t\t\t<\/div>\n\t\t\t\t<\/div>\n\t\t\t\t\t<\/div>\n\t\t\t\t<\/div>\n\t\t<div class=\"elementor-element elementor-element-c00d41d e-flex e-con-boxed e-con e-parent\" data-id=\"c00d41d\" data-element_type=\"container\" data-e-type=\"container\">\n\t\t\t\t\t<div class=\"e-con-inner\">\n\t\t\t\t<div class=\"elementor-element elementor-element-68de9fe elementor-widget elementor-widget-text-editor\" data-id=\"68de9fe\" data-element_type=\"widget\" data-e-type=\"widget\" data-widget_type=\"text-editor.default\">\n\t\t\t\t<div class=\"elementor-widget-container\">\n\t\t\t\t\t\t\t\t\t<p align=\"justify\"><span style=\"color: #ff6600\"><span style=\"font-family: Arial, sans-serif\"><b>Les repr\u00e9sentant.<\/b><\/span><span style=\"font-family: Arial, sans-serif\"><b>e<\/b><\/span><span style=\"font-family: Arial, sans-serif\"><b>s de <\/b><\/span><span style=\"font-family: Arial, sans-serif\"><b>l\u2019\u00c9lan<\/b><\/span><span style=\"font-family: Arial, sans-serif\"><b> Commun d\u00e9nonc<\/b><\/span><span style=\"font-family: Arial, sans-serif\"><b>ent<\/b><\/span><span style=\"font-family: Arial, sans-serif\"><b> cette vision <\/b><\/span><span style=\"font-family: Arial, sans-serif\"><b>trompeuse et illusoire<\/b><\/span><b> <\/b><span style=\"font-family: Arial, sans-serif\"><b>car de <\/b><\/span><span style=\"font-family: Arial, sans-serif\"><b>trop <\/b><\/span><span style=\"font-family: Arial, sans-serif\"><b>nombreux probl\u00e8mes sont signal\u00e9s dans plusieurs EPL\u00a0:<\/b><\/span><\/span><\/p><p align=\"justify\"><span style=\"color: #ff6600\"><span style=\"font-family: Arial, sans-serif\"><b>&#8211;<\/b><\/span><span style=\"font-family: Arial, sans-serif\"> des <\/span><span style=\"font-family: Arial, sans-serif\"><b>probl\u00e8mes <\/b><\/span><span style=\"font-family: Arial, sans-serif\"><b>dans la d<\/b><\/span><span style=\"font-family: Arial, sans-serif\"><b>\u00e9sign<\/b><\/span><span style=\"font-family: Arial, sans-serif\"><b>ation<\/b><\/span><span style=\"font-family: Arial, sans-serif\"><b> les repr\u00e9sentant.<\/b><\/span><span style=\"font-family: Arial, sans-serif\"><b>e<\/b><\/span><span style=\"font-family: Arial, sans-serif\"><b>s des personnels <\/b><\/span><span style=\"font-family: Arial, sans-serif\"><b>sont signaler <\/b><\/span><span style=\"font-family: Arial, sans-serif\"><b>au sein d<\/b><\/span><span style=\"font-family: Arial, sans-serif\"><b>e<\/b><\/span><span style=\"font-family: Arial, sans-serif\"><b> groupe<\/b><\/span><span style=\"font-family: Arial, sans-serif\"><b>s<\/b><\/span><span style=\"font-family: Arial, sans-serif\"><b> de travail<\/b><\/span><span style=\"font-family: Arial, sans-serif\">. Certains personnels sont refus\u00e9s de repr\u00e9sentation au sein des groupes de travail <\/span><span style=\"font-family: Arial, sans-serif\">et<\/span><span style=\"font-family: Arial, sans-serif\"> des centres ne sont pas du to<\/span><span style=\"font-family: Arial, sans-serif\">ut repr\u00e9sent\u00e9s.<\/span><\/span><\/p><p align=\"justify\"><span style=\"color: #ff6600\"><span style=\"font-family: Arial, sans-serif\">&#8211; la planification du travail s\u2019est fait correctement dans <\/span><span style=\"font-family: Arial, sans-serif\">seulement<\/span><span style=\"font-family: Arial, sans-serif\"> un tiers des cas, <\/span><span style=\"font-family: Arial, sans-serif\">c<\/span><span style=\"font-family: Arial, sans-serif\">\u2019est \u00e0 dire en <\/span><span style=\"font-family: Arial, sans-serif\">r\u00e9unissant les groupe<\/span><span style=\"font-family: Arial, sans-serif\">s<\/span><span style=\"font-family: Arial, sans-serif\"> de travail, et<\/span><span style=\"font-family: Arial, sans-serif\"> l\u2019analyse de la note de service, avant la pause de d\u00e9cembre.<\/span><\/span><\/p><p align=\"justify\"><span style=\"color: #ff6600\"><span style=\"font-family: Arial, sans-serif\"><b>&#8211; <\/b><\/span><span style=\"font-family: Arial, sans-serif\"><b>l<\/b><\/span><span style=\"font-family: Arial, sans-serif\"><b>es EPL o\u00f9 le travail <\/b><\/span><span style=\"font-family: Arial, sans-serif\"><b>n\u2019<\/b><\/span><span style=\"font-family: Arial, sans-serif\"><b>a commenc\u00e9 <\/b><\/span><span style=\"font-family: Arial, sans-serif\"><b>qu\u2019<\/b><\/span><span style=\"font-family: Arial, sans-serif\"><b>en mars \/ avril sont tr\u00e8s nombreux. <\/b><\/span><span style=\"font-family: Arial, sans-serif\"><b>Pour ces EPL il sera tr\u00e8s compliqu\u00e9 d\u2019achever, dans des conditions correctes, le dialogue sur la nouvelle trame. <\/b><\/span><span style=\"font-family: Arial, sans-serif\">L<\/span><span style=\"font-family: Arial, sans-serif\">e<\/span><span style=\"font-family: Arial, sans-serif\">s vacances <\/span><span style=\"font-family: Arial, sans-serif\">qui arrivent <\/span><span style=\"font-family: Arial, sans-serif\">\u00e0 partir du 18 avril <\/span><span style=\"font-family: Arial, sans-serif\">et le mois de mai tronqu\u00e9 <\/span><span style=\"font-family: Arial, sans-serif\">limite<\/span><span style=\"font-family: Arial, sans-serif\">ro<\/span><span style=\"font-family: Arial, sans-serif\">nt le nombre de rencontres possibles.<\/span><\/span><\/p><p align=\"justify\"><span style=\"color: #ff6600\"><span style=\"font-family: Arial, sans-serif\">&#8211; <\/span><span style=\"font-family: Arial, sans-serif\">l<\/span><span style=\"font-family: Arial, sans-serif\"><b>e<\/b><\/span><span style=\"font-family: Arial, sans-serif\"><b>s<\/b><\/span><span style=\"font-family: Arial, sans-serif\"><b> 3 EPL o\u00f9 les directions travaillent en amont <\/b><\/span><span style=\"font-family: Arial, sans-serif\"><b>sans les personnels <\/b><\/span><span style=\"font-family: Arial, sans-serif\"><b>ne respectent pas la note de service et impose<\/b><\/span><span style=\"font-family: Arial, sans-serif\"><b>nt ainsi <\/b><\/span><span style=\"font-family: Arial, sans-serif\"><b>la <\/b><\/span><span style=\"font-family: Arial, sans-serif\"><b>seule <\/b><\/span><span style=\"font-family: Arial, sans-serif\"><b>vision de la direction aux personnels.<\/b><\/span><\/span><\/p><p align=\"justify\"><span style=\"color: #ff6600\"><span style=\"font-family: Arial, sans-serif\">Sachant que les protocoles doivent \u00eatre valid\u00e9s en <\/span><span style=\"font-family: Arial, sans-serif\">C<\/span><span style=\"font-family: Arial, sans-serif\">onseil<\/span><span style=\"font-family: Arial, sans-serif\">s<\/span><span style=\"font-family: Arial, sans-serif\"> de perfectionnement et de centre avant le <\/span><span style=\"font-family: Arial, sans-serif\">Co<\/span><span style=\"font-family: Arial, sans-serif\">nseil d\u2019administration, le d\u00e9lai para\u00eet ridicule pour \u00e9tudier correctement le document. La DRAAF rappelle que le 30 juin est une date imp\u00e9rative.<\/span><\/span><\/p><p align=\"justify\"><span style=\"color: #ff6600\"><span style=\"font-family: Arial, sans-serif\">&#8211; <\/span><span style=\"font-family: Arial, sans-serif\"><b>certains<\/b><\/span><span style=\"font-family: Arial, sans-serif\"><b> comptes rendus <\/b><\/span><span style=\"font-family: Arial, sans-serif\"><b>de<\/b><\/span><span style=\"font-family: Arial, sans-serif\"><b> r\u00e9unions ne sont pas conforme<\/b><\/span><span style=\"font-family: Arial, sans-serif\"><b>s<\/b><\/span> <span style=\"font-family: Arial, sans-serif\">\u00e0 ce qui avait \u00e9t\u00e9 avalis\u00e9 <\/span><span style=\"font-family: Arial, sans-serif\">par les membres des groupes de travail.<\/span><\/span><\/p><p align=\"justify\"><span style=\"color: #ff6600\"><span style=\"font-family: Arial, sans-serif\"><b>L\u2019<\/b><\/span><span style=\"font-family: Arial, sans-serif\"><b>\u00c9lan Commun condamne la mani\u00e8re de faire de certaines directions qui <\/b><\/span><span style=\"font-family: Arial, sans-serif\"><b>refus<\/b><\/span><span style=\"font-family: Arial, sans-serif\"><b>ent l<\/b><\/span><span style=\"font-family: Arial, sans-serif\"><b>e dialogue social et toute<\/b><\/span><span style=\"font-family: Arial, sans-serif\"><b> concertation et imposent leur vision sans respect de la voix des personnels. <\/b><\/span><\/span><\/p><p align=\"justify\"><span style=\"color: #1e6a39\"><span style=\"font-family: Arial, sans-serif\"><b>Il demande \u00e0 nouveau \u00e0 la DRAAF de rappeler \u00e0 l\u2019ordre ces directions.<\/b><\/span><\/span><\/p>\t\t\t\t\t\t\t\t<\/div>\n\t\t\t\t<\/div>\n\t\t\t\t\t<\/div>\n\t\t\t\t<\/div>\n\t\t\t\t<\/div>\n\t\t","protected":false},"excerpt":{"rendered":"<p>Commission r\u00e9gionale du suivi des conditions d\u2019emploi des personnels contractuels r\u00e9mun\u00e9r\u00e9s sur les budgets des CFA et CFPPA en Nouvelle-Aquitaine Compte rendu &#8211; Mercredi 9 avril 2025 1. Mise \u00e0 jour des contrats de travail La cat\u00e9gorie (A, B ou C) de chaque agent doit \u00eatre mentionn\u00e9e sur son contrat de travail. La DRAAF rappelle [&hellip;]<\/p>\n","protected":false},"author":128,"featured_media":5108,"comment_status":"closed","ping_status":"closed","sticky":false,"template":"","format":"standard","meta":{"ocean_post_layout":"","ocean_both_sidebars_style":"","ocean_both_sidebars_content_width":0,"ocean_both_sidebars_sidebars_width":0,"ocean_sidebar":"0","ocean_second_sidebar":"0","ocean_disable_margins":"enable","ocean_add_body_class":"","ocean_shortcode_before_top_bar":"","ocean_shortcode_after_top_bar":"","ocean_shortcode_before_header":"","ocean_shortcode_after_header":"","ocean_has_shortcode":"","ocean_shortcode_after_title":"","ocean_shortcode_before_footer_widgets":"","ocean_shortcode_after_footer_widgets":"","ocean_shortcode_before_footer_bottom":"","ocean_shortcode_after_footer_bottom":"","ocean_display_top_bar":"default","ocean_display_header":"default","ocean_header_style":"","ocean_center_header_left_menu":"0","ocean_custom_header_template":"0","ocean_custom_logo":0,"ocean_custom_retina_logo":0,"ocean_custom_logo_max_width":0,"ocean_custom_logo_tablet_max_width":0,"ocean_custom_logo_mobile_max_width":0,"ocean_custom_logo_max_height":0,"ocean_custom_logo_tablet_max_height":0,"ocean_custom_logo_mobile_max_height":0,"ocean_header_custom_menu":"0","ocean_menu_typo_font_family":"0","ocean_menu_typo_font_subset":"","ocean_menu_typo_font_size":0,"ocean_menu_typo_font_size_tablet":0,"ocean_menu_typo_font_size_mobile":0,"ocean_menu_typo_font_size_unit":"px","ocean_menu_typo_font_weight":"","ocean_menu_typo_font_weight_tablet":"","ocean_menu_typo_font_weight_mobile":"","ocean_menu_typo_transform":"","ocean_menu_typo_transform_tablet":"","ocean_menu_typo_transform_mobile":"","ocean_menu_typo_line_height":0,"ocean_menu_typo_line_height_tablet":0,"ocean_menu_typo_line_height_mobile":0,"ocean_menu_typo_line_height_unit":"","ocean_menu_typo_spacing":0,"ocean_menu_typo_spacing_tablet":0,"ocean_menu_typo_spacing_mobile":0,"ocean_menu_typo_spacing_unit":"","ocean_menu_link_color":"","ocean_menu_link_color_hover":"","ocean_menu_link_color_active":"","ocean_menu_link_background":"","ocean_menu_link_hover_background":"","ocean_menu_link_active_background":"","ocean_menu_social_links_bg":"","ocean_menu_social_hover_links_bg":"","ocean_menu_social_links_color":"","ocean_menu_social_hover_links_color":"","ocean_disable_title":"default","ocean_disable_heading":"default","ocean_post_title":"","ocean_post_subheading":"","ocean_post_title_style":"","ocean_post_title_background_color":"","ocean_post_title_background":0,"ocean_post_title_bg_image_position":"","ocean_post_title_bg_image_attachment":"","ocean_post_title_bg_image_repeat":"","ocean_post_title_bg_image_size":"","ocean_post_title_height":0,"ocean_post_title_bg_overlay":0.5,"ocean_post_title_bg_overlay_color":"","ocean_disable_breadcrumbs":"default","ocean_breadcrumbs_color":"","ocean_breadcrumbs_separator_color":"","ocean_breadcrumbs_links_color":"","ocean_breadcrumbs_links_hover_color":"","ocean_display_footer_widgets":"default","ocean_display_footer_bottom":"default","ocean_custom_footer_template":"0","ocean_post_oembed":"","ocean_post_self_hosted_media":"","ocean_post_video_embed":"","ocean_link_format":"","ocean_link_format_target":"self","ocean_quote_format":"","ocean_quote_format_link":"post","ocean_gallery_link_images":"on","ocean_gallery_id":[5106],"footnotes":""},"categories":[13,1],"tags":[],"post_folder":[],"class_list":["post-5095","post","type-post","status-publish","format-standard","has-post-thumbnail","hentry","category-instances","category-message-de-service","entry","has-media"],"yoast_head":"<!-- This site is optimized with the Yoast SEO plugin v27.4 - https:\/\/yoast.com\/product\/yoast-seo-wordpress\/ -->\n<title>Commission r\u00e9gionale du suivi des conditions d\u2019emploi des ACB en CFA CFPPA - 9 avril 2025 - NOUVELLE AQUITAINE<\/title>\n<meta name=\"robots\" content=\"index, follow, max-snippet:-1, max-image-preview:large, max-video-preview:-1\" \/>\n<link rel=\"canonical\" href=\"https:\/\/regions-snetap-fsu.fr\/na\/2025\/04\/20\/commission-regionale-du-suivi-des-conditions-demploi-des-acb-en-cfa-cfppa\/\" \/>\n<meta property=\"og:locale\" content=\"fr_FR\" \/>\n<meta property=\"og:type\" content=\"article\" \/>\n<meta property=\"og:title\" content=\"Commission r\u00e9gionale du suivi des conditions d\u2019emploi des ACB en CFA CFPPA - 9 avril 2025 - NOUVELLE AQUITAINE\" \/>\n<meta property=\"og:description\" content=\"Commission r\u00e9gionale du suivi des conditions d\u2019emploi des personnels contractuels r\u00e9mun\u00e9r\u00e9s sur les budgets des CFA et CFPPA en Nouvelle-Aquitaine Compte rendu &#8211; Mercredi 9 avril 2025 1. Mise \u00e0 jour des contrats de travail La cat\u00e9gorie (A, B ou C) de chaque agent doit \u00eatre mentionn\u00e9e sur son contrat de travail. La DRAAF rappelle [&hellip;]\" \/>\n<meta property=\"og:url\" content=\"https:\/\/regions-snetap-fsu.fr\/na\/2025\/04\/20\/commission-regionale-du-suivi-des-conditions-demploi-des-acb-en-cfa-cfppa\/\" \/>\n<meta property=\"og:site_name\" content=\"NOUVELLE AQUITAINE\" \/>\n<meta property=\"article:published_time\" content=\"2025-04-20T14:16:37+00:00\" \/>\n<meta property=\"article:modified_time\" content=\"2025-11-12T21:01:34+00:00\" \/>\n<meta property=\"og:image\" content=\"https:\/\/regions-snetap-fsu.fr\/na\/wp-content\/uploads\/sites\/3\/2025\/04\/Coommission-regionale-ACB.jpg\" \/>\n\t<meta property=\"og:image:width\" content=\"226\" \/>\n\t<meta property=\"og:image:height\" content=\"186\" \/>\n\t<meta property=\"og:image:type\" content=\"image\/jpeg\" \/>\n<meta name=\"author\" content=\"olivierb\" \/>\n<meta name=\"twitter:card\" content=\"summary_large_image\" \/>\n<meta name=\"twitter:label1\" content=\"\u00c9crit par\" \/>\n\t<meta name=\"twitter:data1\" content=\"olivierb\" \/>\n\t<meta name=\"twitter:label2\" content=\"Dur\u00e9e de lecture estim\u00e9e\" \/>\n\t<meta name=\"twitter:data2\" content=\"7 minutes\" \/>\n<script type=\"application\/ld+json\" class=\"yoast-schema-graph\">{\"@context\":\"https:\\\/\\\/schema.org\",\"@graph\":[{\"@type\":\"Article\",\"@id\":\"https:\\\/\\\/regions-snetap-fsu.fr\\\/na\\\/2025\\\/04\\\/20\\\/commission-regionale-du-suivi-des-conditions-demploi-des-acb-en-cfa-cfppa\\\/#article\",\"isPartOf\":{\"@id\":\"https:\\\/\\\/regions-snetap-fsu.fr\\\/na\\\/2025\\\/04\\\/20\\\/commission-regionale-du-suivi-des-conditions-demploi-des-acb-en-cfa-cfppa\\\/\"},\"author\":{\"name\":\"olivierb\",\"@id\":\"https:\\\/\\\/regions-snetap-fsu.fr\\\/na\\\/#\\\/schema\\\/person\\\/bdf1c4fe149dcf915601f9de85ba379f\"},\"headline\":\"Commission r\u00e9gionale du suivi des conditions d\u2019emploi des ACB en CFA CFPPA &#8211; 9 avril 2025\",\"datePublished\":\"2025-04-20T14:16:37+00:00\",\"dateModified\":\"2025-11-12T21:01:34+00:00\",\"mainEntityOfPage\":{\"@id\":\"https:\\\/\\\/regions-snetap-fsu.fr\\\/na\\\/2025\\\/04\\\/20\\\/commission-regionale-du-suivi-des-conditions-demploi-des-acb-en-cfa-cfppa\\\/\"},\"wordCount\":1077,\"publisher\":{\"@id\":\"https:\\\/\\\/regions-snetap-fsu.fr\\\/na\\\/#organization\"},\"image\":{\"@id\":\"https:\\\/\\\/regions-snetap-fsu.fr\\\/na\\\/2025\\\/04\\\/20\\\/commission-regionale-du-suivi-des-conditions-demploi-des-acb-en-cfa-cfppa\\\/#primaryimage\"},\"thumbnailUrl\":\"https:\\\/\\\/regions-snetap-fsu.fr\\\/na\\\/wp-content\\\/uploads\\\/sites\\\/3\\\/2025\\\/04\\\/Coommission-regionale-ACB.jpg\",\"articleSection\":[\"Instances\",\"Message de service\"],\"inLanguage\":\"fr-FR\"},{\"@type\":\"WebPage\",\"@id\":\"https:\\\/\\\/regions-snetap-fsu.fr\\\/na\\\/2025\\\/04\\\/20\\\/commission-regionale-du-suivi-des-conditions-demploi-des-acb-en-cfa-cfppa\\\/\",\"url\":\"https:\\\/\\\/regions-snetap-fsu.fr\\\/na\\\/2025\\\/04\\\/20\\\/commission-regionale-du-suivi-des-conditions-demploi-des-acb-en-cfa-cfppa\\\/\",\"name\":\"Commission r\u00e9gionale du suivi des conditions d\u2019emploi des ACB en CFA CFPPA - 9 avril 2025 - NOUVELLE AQUITAINE\",\"isPartOf\":{\"@id\":\"https:\\\/\\\/regions-snetap-fsu.fr\\\/na\\\/#website\"},\"primaryImageOfPage\":{\"@id\":\"https:\\\/\\\/regions-snetap-fsu.fr\\\/na\\\/2025\\\/04\\\/20\\\/commission-regionale-du-suivi-des-conditions-demploi-des-acb-en-cfa-cfppa\\\/#primaryimage\"},\"image\":{\"@id\":\"https:\\\/\\\/regions-snetap-fsu.fr\\\/na\\\/2025\\\/04\\\/20\\\/commission-regionale-du-suivi-des-conditions-demploi-des-acb-en-cfa-cfppa\\\/#primaryimage\"},\"thumbnailUrl\":\"https:\\\/\\\/regions-snetap-fsu.fr\\\/na\\\/wp-content\\\/uploads\\\/sites\\\/3\\\/2025\\\/04\\\/Coommission-regionale-ACB.jpg\",\"datePublished\":\"2025-04-20T14:16:37+00:00\",\"dateModified\":\"2025-11-12T21:01:34+00:00\",\"breadcrumb\":{\"@id\":\"https:\\\/\\\/regions-snetap-fsu.fr\\\/na\\\/2025\\\/04\\\/20\\\/commission-regionale-du-suivi-des-conditions-demploi-des-acb-en-cfa-cfppa\\\/#breadcrumb\"},\"inLanguage\":\"fr-FR\",\"potentialAction\":[{\"@type\":\"ReadAction\",\"target\":[\"https:\\\/\\\/regions-snetap-fsu.fr\\\/na\\\/2025\\\/04\\\/20\\\/commission-regionale-du-suivi-des-conditions-demploi-des-acb-en-cfa-cfppa\\\/\"]}]},{\"@type\":\"ImageObject\",\"inLanguage\":\"fr-FR\",\"@id\":\"https:\\\/\\\/regions-snetap-fsu.fr\\\/na\\\/2025\\\/04\\\/20\\\/commission-regionale-du-suivi-des-conditions-demploi-des-acb-en-cfa-cfppa\\\/#primaryimage\",\"url\":\"https:\\\/\\\/regions-snetap-fsu.fr\\\/na\\\/wp-content\\\/uploads\\\/sites\\\/3\\\/2025\\\/04\\\/Coommission-regionale-ACB.jpg\",\"contentUrl\":\"https:\\\/\\\/regions-snetap-fsu.fr\\\/na\\\/wp-content\\\/uploads\\\/sites\\\/3\\\/2025\\\/04\\\/Coommission-regionale-ACB.jpg\",\"width\":226,\"height\":186},{\"@type\":\"BreadcrumbList\",\"@id\":\"https:\\\/\\\/regions-snetap-fsu.fr\\\/na\\\/2025\\\/04\\\/20\\\/commission-regionale-du-suivi-des-conditions-demploi-des-acb-en-cfa-cfppa\\\/#breadcrumb\",\"itemListElement\":[{\"@type\":\"ListItem\",\"position\":1,\"name\":\"Accueil\",\"item\":\"https:\\\/\\\/regions-snetap-fsu.fr\\\/na\\\/\"},{\"@type\":\"ListItem\",\"position\":2,\"name\":\"Commission r\u00e9gionale du suivi des conditions d\u2019emploi des ACB en CFA CFPPA &#8211; 9 avril 2025\"}]},{\"@type\":\"WebSite\",\"@id\":\"https:\\\/\\\/regions-snetap-fsu.fr\\\/na\\\/#website\",\"url\":\"https:\\\/\\\/regions-snetap-fsu.fr\\\/na\\\/\",\"name\":\"SNETAP-FSU NOUVELLE AQUITAINE\",\"description\":\"Blog de la Section R\u00e9gionale\",\"publisher\":{\"@id\":\"https:\\\/\\\/regions-snetap-fsu.fr\\\/na\\\/#organization\"},\"potentialAction\":[{\"@type\":\"SearchAction\",\"target\":{\"@type\":\"EntryPoint\",\"urlTemplate\":\"https:\\\/\\\/regions-snetap-fsu.fr\\\/na\\\/?s={search_term_string}\"},\"query-input\":{\"@type\":\"PropertyValueSpecification\",\"valueRequired\":true,\"valueName\":\"search_term_string\"}}],\"inLanguage\":\"fr-FR\"},{\"@type\":\"Organization\",\"@id\":\"https:\\\/\\\/regions-snetap-fsu.fr\\\/na\\\/#organization\",\"name\":\"SNETAP-FSU - Nouvelle Aquitaine\",\"url\":\"https:\\\/\\\/regions-snetap-fsu.fr\\\/na\\\/\",\"logo\":{\"@type\":\"ImageObject\",\"inLanguage\":\"fr-FR\",\"@id\":\"https:\\\/\\\/regions-snetap-fsu.fr\\\/na\\\/#\\\/schema\\\/logo\\\/image\\\/\",\"url\":\"https:\\\/\\\/regions-snetap-fsu.fr\\\/na\\\/wp-content\\\/uploads\\\/sites\\\/3\\\/2020\\\/12\\\/SNETAP-Logo.jpg\",\"contentUrl\":\"https:\\\/\\\/regions-snetap-fsu.fr\\\/na\\\/wp-content\\\/uploads\\\/sites\\\/3\\\/2020\\\/12\\\/SNETAP-Logo.jpg\",\"width\":464,\"height\":334,\"caption\":\"SNETAP-FSU - Nouvelle Aquitaine\"},\"image\":{\"@id\":\"https:\\\/\\\/regions-snetap-fsu.fr\\\/na\\\/#\\\/schema\\\/logo\\\/image\\\/\"}},{\"@type\":\"Person\",\"@id\":\"https:\\\/\\\/regions-snetap-fsu.fr\\\/na\\\/#\\\/schema\\\/person\\\/bdf1c4fe149dcf915601f9de85ba379f\",\"name\":\"olivierb\",\"image\":{\"@type\":\"ImageObject\",\"inLanguage\":\"fr-FR\",\"@id\":\"https:\\\/\\\/secure.gravatar.com\\\/avatar\\\/d9cce0db1146844098d0ec7fae94551015c4ff78117aab56897823bb265a7bc9?s=96&d=mm&r=g\",\"url\":\"https:\\\/\\\/secure.gravatar.com\\\/avatar\\\/d9cce0db1146844098d0ec7fae94551015c4ff78117aab56897823bb265a7bc9?s=96&d=mm&r=g\",\"contentUrl\":\"https:\\\/\\\/secure.gravatar.com\\\/avatar\\\/d9cce0db1146844098d0ec7fae94551015c4ff78117aab56897823bb265a7bc9?s=96&d=mm&r=g\",\"caption\":\"olivierb\"},\"url\":\"https:\\\/\\\/regions-snetap-fsu.fr\\\/na\\\/author\\\/olivierb\\\/\"}]}<\/script>\n<!-- \/ Yoast SEO plugin. -->","yoast_head_json":{"title":"Commission r\u00e9gionale du suivi des conditions d\u2019emploi des ACB en CFA CFPPA - 9 avril 2025 - NOUVELLE AQUITAINE","robots":{"index":"index","follow":"follow","max-snippet":"max-snippet:-1","max-image-preview":"max-image-preview:large","max-video-preview":"max-video-preview:-1"},"canonical":"https:\/\/regions-snetap-fsu.fr\/na\/2025\/04\/20\/commission-regionale-du-suivi-des-conditions-demploi-des-acb-en-cfa-cfppa\/","og_locale":"fr_FR","og_type":"article","og_title":"Commission r\u00e9gionale du suivi des conditions d\u2019emploi des ACB en CFA CFPPA - 9 avril 2025 - NOUVELLE AQUITAINE","og_description":"Commission r\u00e9gionale du suivi des conditions d\u2019emploi des personnels contractuels r\u00e9mun\u00e9r\u00e9s sur les budgets des CFA et CFPPA en Nouvelle-Aquitaine Compte rendu &#8211; Mercredi 9 avril 2025 1. Mise \u00e0 jour des contrats de travail La cat\u00e9gorie (A, B ou C) de chaque agent doit \u00eatre mentionn\u00e9e sur son contrat de travail. La DRAAF rappelle [&hellip;]","og_url":"https:\/\/regions-snetap-fsu.fr\/na\/2025\/04\/20\/commission-regionale-du-suivi-des-conditions-demploi-des-acb-en-cfa-cfppa\/","og_site_name":"NOUVELLE AQUITAINE","article_published_time":"2025-04-20T14:16:37+00:00","article_modified_time":"2025-11-12T21:01:34+00:00","og_image":[{"width":226,"height":186,"url":"https:\/\/regions-snetap-fsu.fr\/na\/wp-content\/uploads\/sites\/3\/2025\/04\/Coommission-regionale-ACB.jpg","type":"image\/jpeg"}],"author":"olivierb","twitter_card":"summary_large_image","twitter_misc":{"\u00c9crit par":"olivierb","Dur\u00e9e de lecture estim\u00e9e":"7 minutes"},"schema":{"@context":"https:\/\/schema.org","@graph":[{"@type":"Article","@id":"https:\/\/regions-snetap-fsu.fr\/na\/2025\/04\/20\/commission-regionale-du-suivi-des-conditions-demploi-des-acb-en-cfa-cfppa\/#article","isPartOf":{"@id":"https:\/\/regions-snetap-fsu.fr\/na\/2025\/04\/20\/commission-regionale-du-suivi-des-conditions-demploi-des-acb-en-cfa-cfppa\/"},"author":{"name":"olivierb","@id":"https:\/\/regions-snetap-fsu.fr\/na\/#\/schema\/person\/bdf1c4fe149dcf915601f9de85ba379f"},"headline":"Commission r\u00e9gionale du suivi des conditions d\u2019emploi des ACB en CFA CFPPA &#8211; 9 avril 2025","datePublished":"2025-04-20T14:16:37+00:00","dateModified":"2025-11-12T21:01:34+00:00","mainEntityOfPage":{"@id":"https:\/\/regions-snetap-fsu.fr\/na\/2025\/04\/20\/commission-regionale-du-suivi-des-conditions-demploi-des-acb-en-cfa-cfppa\/"},"wordCount":1077,"publisher":{"@id":"https:\/\/regions-snetap-fsu.fr\/na\/#organization"},"image":{"@id":"https:\/\/regions-snetap-fsu.fr\/na\/2025\/04\/20\/commission-regionale-du-suivi-des-conditions-demploi-des-acb-en-cfa-cfppa\/#primaryimage"},"thumbnailUrl":"https:\/\/regions-snetap-fsu.fr\/na\/wp-content\/uploads\/sites\/3\/2025\/04\/Coommission-regionale-ACB.jpg","articleSection":["Instances","Message de service"],"inLanguage":"fr-FR"},{"@type":"WebPage","@id":"https:\/\/regions-snetap-fsu.fr\/na\/2025\/04\/20\/commission-regionale-du-suivi-des-conditions-demploi-des-acb-en-cfa-cfppa\/","url":"https:\/\/regions-snetap-fsu.fr\/na\/2025\/04\/20\/commission-regionale-du-suivi-des-conditions-demploi-des-acb-en-cfa-cfppa\/","name":"Commission r\u00e9gionale du suivi des conditions d\u2019emploi des ACB en CFA CFPPA - 9 avril 2025 - NOUVELLE AQUITAINE","isPartOf":{"@id":"https:\/\/regions-snetap-fsu.fr\/na\/#website"},"primaryImageOfPage":{"@id":"https:\/\/regions-snetap-fsu.fr\/na\/2025\/04\/20\/commission-regionale-du-suivi-des-conditions-demploi-des-acb-en-cfa-cfppa\/#primaryimage"},"image":{"@id":"https:\/\/regions-snetap-fsu.fr\/na\/2025\/04\/20\/commission-regionale-du-suivi-des-conditions-demploi-des-acb-en-cfa-cfppa\/#primaryimage"},"thumbnailUrl":"https:\/\/regions-snetap-fsu.fr\/na\/wp-content\/uploads\/sites\/3\/2025\/04\/Coommission-regionale-ACB.jpg","datePublished":"2025-04-20T14:16:37+00:00","dateModified":"2025-11-12T21:01:34+00:00","breadcrumb":{"@id":"https:\/\/regions-snetap-fsu.fr\/na\/2025\/04\/20\/commission-regionale-du-suivi-des-conditions-demploi-des-acb-en-cfa-cfppa\/#breadcrumb"},"inLanguage":"fr-FR","potentialAction":[{"@type":"ReadAction","target":["https:\/\/regions-snetap-fsu.fr\/na\/2025\/04\/20\/commission-regionale-du-suivi-des-conditions-demploi-des-acb-en-cfa-cfppa\/"]}]},{"@type":"ImageObject","inLanguage":"fr-FR","@id":"https:\/\/regions-snetap-fsu.fr\/na\/2025\/04\/20\/commission-regionale-du-suivi-des-conditions-demploi-des-acb-en-cfa-cfppa\/#primaryimage","url":"https:\/\/regions-snetap-fsu.fr\/na\/wp-content\/uploads\/sites\/3\/2025\/04\/Coommission-regionale-ACB.jpg","contentUrl":"https:\/\/regions-snetap-fsu.fr\/na\/wp-content\/uploads\/sites\/3\/2025\/04\/Coommission-regionale-ACB.jpg","width":226,"height":186},{"@type":"BreadcrumbList","@id":"https:\/\/regions-snetap-fsu.fr\/na\/2025\/04\/20\/commission-regionale-du-suivi-des-conditions-demploi-des-acb-en-cfa-cfppa\/#breadcrumb","itemListElement":[{"@type":"ListItem","position":1,"name":"Accueil","item":"https:\/\/regions-snetap-fsu.fr\/na\/"},{"@type":"ListItem","position":2,"name":"Commission r\u00e9gionale du suivi des conditions d\u2019emploi des ACB en CFA CFPPA &#8211; 9 avril 2025"}]},{"@type":"WebSite","@id":"https:\/\/regions-snetap-fsu.fr\/na\/#website","url":"https:\/\/regions-snetap-fsu.fr\/na\/","name":"SNETAP-FSU NOUVELLE AQUITAINE","description":"Blog de la Section R\u00e9gionale","publisher":{"@id":"https:\/\/regions-snetap-fsu.fr\/na\/#organization"},"potentialAction":[{"@type":"SearchAction","target":{"@type":"EntryPoint","urlTemplate":"https:\/\/regions-snetap-fsu.fr\/na\/?s={search_term_string}"},"query-input":{"@type":"PropertyValueSpecification","valueRequired":true,"valueName":"search_term_string"}}],"inLanguage":"fr-FR"},{"@type":"Organization","@id":"https:\/\/regions-snetap-fsu.fr\/na\/#organization","name":"SNETAP-FSU - Nouvelle Aquitaine","url":"https:\/\/regions-snetap-fsu.fr\/na\/","logo":{"@type":"ImageObject","inLanguage":"fr-FR","@id":"https:\/\/regions-snetap-fsu.fr\/na\/#\/schema\/logo\/image\/","url":"https:\/\/regions-snetap-fsu.fr\/na\/wp-content\/uploads\/sites\/3\/2020\/12\/SNETAP-Logo.jpg","contentUrl":"https:\/\/regions-snetap-fsu.fr\/na\/wp-content\/uploads\/sites\/3\/2020\/12\/SNETAP-Logo.jpg","width":464,"height":334,"caption":"SNETAP-FSU - Nouvelle Aquitaine"},"image":{"@id":"https:\/\/regions-snetap-fsu.fr\/na\/#\/schema\/logo\/image\/"}},{"@type":"Person","@id":"https:\/\/regions-snetap-fsu.fr\/na\/#\/schema\/person\/bdf1c4fe149dcf915601f9de85ba379f","name":"olivierb","image":{"@type":"ImageObject","inLanguage":"fr-FR","@id":"https:\/\/secure.gravatar.com\/avatar\/d9cce0db1146844098d0ec7fae94551015c4ff78117aab56897823bb265a7bc9?s=96&d=mm&r=g","url":"https:\/\/secure.gravatar.com\/avatar\/d9cce0db1146844098d0ec7fae94551015c4ff78117aab56897823bb265a7bc9?s=96&d=mm&r=g","contentUrl":"https:\/\/secure.gravatar.com\/avatar\/d9cce0db1146844098d0ec7fae94551015c4ff78117aab56897823bb265a7bc9?s=96&d=mm&r=g","caption":"olivierb"},"url":"https:\/\/regions-snetap-fsu.fr\/na\/author\/olivierb\/"}]}},"_links":{"self":[{"href":"https:\/\/regions-snetap-fsu.fr\/na\/wp-json\/wp\/v2\/posts\/5095","targetHints":{"allow":["GET"]}}],"collection":[{"href":"https:\/\/regions-snetap-fsu.fr\/na\/wp-json\/wp\/v2\/posts"}],"about":[{"href":"https:\/\/regions-snetap-fsu.fr\/na\/wp-json\/wp\/v2\/types\/post"}],"author":[{"embeddable":true,"href":"https:\/\/regions-snetap-fsu.fr\/na\/wp-json\/wp\/v2\/users\/128"}],"replies":[{"embeddable":true,"href":"https:\/\/regions-snetap-fsu.fr\/na\/wp-json\/wp\/v2\/comments?post=5095"}],"version-history":[{"count":4,"href":"https:\/\/regions-snetap-fsu.fr\/na\/wp-json\/wp\/v2\/posts\/5095\/revisions"}],"predecessor-version":[{"id":5105,"href":"https:\/\/regions-snetap-fsu.fr\/na\/wp-json\/wp\/v2\/posts\/5095\/revisions\/5105"}],"wp:featuredmedia":[{"embeddable":true,"href":"https:\/\/regions-snetap-fsu.fr\/na\/wp-json\/wp\/v2\/media\/5108"}],"wp:attachment":[{"href":"https:\/\/regions-snetap-fsu.fr\/na\/wp-json\/wp\/v2\/media?parent=5095"}],"wp:term":[{"taxonomy":"category","embeddable":true,"href":"https:\/\/regions-snetap-fsu.fr\/na\/wp-json\/wp\/v2\/categories?post=5095"},{"taxonomy":"post_tag","embeddable":true,"href":"https:\/\/regions-snetap-fsu.fr\/na\/wp-json\/wp\/v2\/tags?post=5095"},{"taxonomy":"post_folder","embeddable":true,"href":"https:\/\/regions-snetap-fsu.fr\/na\/wp-json\/wp\/v2\/post_folder?post=5095"}],"curies":[{"name":"wp","href":"https:\/\/api.w.org\/{rel}","templated":true}]}}