{"id":4997,"date":"2025-04-17T14:37:19","date_gmt":"2025-04-17T12:37:19","guid":{"rendered":"https:\/\/regions-snetap-fsu.fr\/na\/?p=4997"},"modified":"2025-04-19T13:48:49","modified_gmt":"2025-04-19T11:48:49","slug":"formation-specialisee-f3sct-07-04-2025-2","status":"publish","type":"post","link":"https:\/\/regions-snetap-fsu.fr\/na\/2025\/04\/17\/formation-specialisee-f3sct-07-04-2025-2\/","title":{"rendered":"FORMATION SPECIALISEE \u2013 F3SCT \u2013 07 04 2025"},"content":{"rendered":"\t\t<div data-elementor-type=\"wp-post\" data-elementor-id=\"4997\" class=\"elementor elementor-4997\">\n\t\t\t\t<div class=\"elementor-element elementor-element-8221fda e-flex e-con-boxed e-con e-parent\" data-id=\"8221fda\" data-element_type=\"container\" data-e-type=\"container\">\n\t\t\t\t\t<div class=\"e-con-inner\">\n\t\t\t\t<div class=\"elementor-element elementor-element-2c8a328 elementor-widget elementor-widget-heading\" data-id=\"2c8a328\" data-element_type=\"widget\" data-e-type=\"widget\" data-widget_type=\"heading.default\">\n\t\t\t\t<div class=\"elementor-widget-container\">\n\t\t\t\t\t<h2 class=\"elementor-heading-title elementor-size-default\">FORMATION SPECIALISEE \u2013 F3SCT \u2013 07 04 2025<\/h2>\t\t\t\t<\/div>\n\t\t\t\t<\/div>\n\t\t\t\t\t<\/div>\n\t\t\t\t<\/div>\n\t\t<div class=\"elementor-element elementor-element-dcadc8f e-flex e-con-boxed e-con e-parent\" data-id=\"dcadc8f\" data-element_type=\"container\" data-e-type=\"container\">\n\t\t\t\t\t<div class=\"e-con-inner\">\n\t\t\t\t<div class=\"elementor-element elementor-element-c2c413c elementor-widget elementor-widget-text-editor\" data-id=\"c2c413c\" data-element_type=\"widget\" data-e-type=\"widget\" data-widget_type=\"text-editor.default\">\n\t\t\t\t<div class=\"elementor-widget-container\">\n\t\t\t\t\t\t\t\t\t<p align=\"justify\"><span style=\"font-size: 12pt\"><strong>La\u00a0F3SCT\u00a0Nouvelle Aquitaine (Formation sp\u00e9cialis\u00e9e en mati\u00e8re de sant\u00e9, de s\u00e9curit\u00e9 et des conditions de travail) \u00e9tait convoqu\u00e9e pour une r\u00e9union le lundi 7 avril 2025\u00a0\u00e0 la DRAAF de Limoges.<\/strong><\/span><\/p><p align=\"justify\"><span style=\"font-size: 12pt\">Pour l\u2019\u00c9lan\u00a0commun,\u00a0ont si\u00e9g\u00e9\u00a0Laurent Bourhis, Lydie Dubois,\u00a0Alain Godot,\u00a0Yannick Le Blanc, Philippe Parodi, Diane Raffour.<\/span><\/p>\t\t\t\t\t\t\t\t<\/div>\n\t\t\t\t<\/div>\n\t\t\t\t\t<\/div>\n\t\t\t\t<\/div>\n\t\t<div class=\"elementor-element elementor-element-545623e e-flex e-con-boxed e-con e-parent\" data-id=\"545623e\" data-element_type=\"container\" data-e-type=\"container\">\n\t\t\t\t\t<div class=\"e-con-inner\">\n\t\t<div class=\"elementor-element elementor-element-384dc2c e-con-full e-flex e-con e-child\" data-id=\"384dc2c\" data-element_type=\"container\" data-e-type=\"container\">\n\t\t\t\t<div class=\"elementor-element elementor-element-9772db7 elementor-widget elementor-widget-text-editor\" data-id=\"9772db7\" data-element_type=\"widget\" data-e-type=\"widget\" data-widget_type=\"text-editor.default\">\n\t\t\t\t<div class=\"elementor-widget-container\">\n\t\t\t\t\t\t\t\t\t<p align=\"justify\">Six points figuraient \u00e0 l\u2019ordre du jour\u00a0:<\/p><p align=\"left\">1 \u2013 Approbation du projet de PV de la s\u00e9ance du 12 novembre 2024<br \/>2 \u2013 CoHS remont\u00e9e des \u00e9tablissements<br \/>3 \u2013 Cellule d\u2019\u00e9coute<br \/>4 \u2013 Visite de locaux<br \/>5 \u2013 D\u00e9marche \u00c9galit\u00e9 \/ Diversit\u00e9 dans l\u2019enseignement agricole<br \/>6 \u2013 Questions diverses<\/p>\t\t\t\t\t\t\t\t<\/div>\n\t\t\t\t<\/div>\n\t\t\t\t<\/div>\n\t\t<div class=\"elementor-element elementor-element-3b5c16a e-con-full e-flex e-con e-child\" data-id=\"3b5c16a\" data-element_type=\"container\" data-e-type=\"container\">\n\t\t\t\t<div class=\"elementor-element elementor-element-e22423f elementor-widget elementor-widget-image\" data-id=\"e22423f\" data-element_type=\"widget\" data-e-type=\"widget\" data-widget_type=\"image.default\">\n\t\t\t\t<div class=\"elementor-widget-container\">\n\t\t\t\t\t\t\t\t\t\t\t\t\t\t\t<img fetchpriority=\"high\" decoding=\"async\" width=\"939\" height=\"612\" src=\"https:\/\/regions-snetap-fsu.fr\/na\/wp-content\/uploads\/sites\/3\/2025\/04\/Ordre-du-jour.jpg\" class=\"attachment-large size-large wp-image-5019\" alt=\"\" srcset=\"https:\/\/regions-snetap-fsu.fr\/na\/wp-content\/uploads\/sites\/3\/2025\/04\/Ordre-du-jour.jpg 939w, https:\/\/regions-snetap-fsu.fr\/na\/wp-content\/uploads\/sites\/3\/2025\/04\/Ordre-du-jour-300x196.jpg 300w, https:\/\/regions-snetap-fsu.fr\/na\/wp-content\/uploads\/sites\/3\/2025\/04\/Ordre-du-jour-768x501.jpg 768w\" sizes=\"(max-width: 939px) 100vw, 939px\" \/>\t\t\t\t\t\t\t\t\t\t\t\t\t\t\t<\/div>\n\t\t\t\t<\/div>\n\t\t\t\t<\/div>\n\t\t\t\t\t<\/div>\n\t\t\t\t<\/div>\n\t\t<div class=\"elementor-element elementor-element-b9ea673 e-flex e-con-boxed e-con e-parent\" data-id=\"b9ea673\" data-element_type=\"container\" data-e-type=\"container\">\n\t\t\t\t\t<div class=\"e-con-inner\">\n\t\t\t\t<div class=\"elementor-element elementor-element-70e7531 elementor-widget elementor-widget-text-editor\" data-id=\"70e7531\" data-element_type=\"widget\" data-e-type=\"widget\" data-widget_type=\"text-editor.default\">\n\t\t\t\t<div class=\"elementor-widget-container\">\n\t\t\t\t\t\t\t\t\t<p>Madame la DRAAF adjointe ouvre la s\u00e9ance en rappelant le vote\u00a0r\u00e9cent\u00a0de la\u00a0loi d\u2019orientation pour la souverainet\u00e9 agricole et le renouvellement des g\u00e9n\u00e9rations en agriculture.\u00a0Elle souligne les objectifs\u00a0de cette loi\u00a0en rapport direct avec l\u2019enseignement\u00a0: augmentation des effectifs de 30\u00a0%, cr\u00e9ation d\u2019un \u00ab\u00a0DASEN agri\u00a0\u00bb et du \u00ab\u00a0Bachelor Agro\u00a0\u00bb. Toutefois, aucune pr\u00e9cision r\u00e9gionale n\u2019est apport\u00e9e notamment quant aux EPL concern\u00e9s par ce nouveau dipl\u00f4me.<\/p>\t\t\t\t\t\t\t\t<\/div>\n\t\t\t\t<\/div>\n\t\t\t\t\t<\/div>\n\t\t\t\t<\/div>\n\t\t<div class=\"elementor-element elementor-element-94a0694 e-flex e-con-boxed e-con e-parent\" data-id=\"94a0694\" data-element_type=\"container\" data-e-type=\"container\">\n\t\t\t\t\t<div class=\"e-con-inner\">\n\t\t\t\t<div class=\"elementor-element elementor-element-2bf2723 elementor-widget elementor-widget-heading\" data-id=\"2bf2723\" data-element_type=\"widget\" data-e-type=\"widget\" data-widget_type=\"heading.default\">\n\t\t\t\t<div class=\"elementor-widget-container\">\n\t\t\t\t\t<h3 class=\"elementor-heading-title elementor-size-default\">1 \u2013 Approbation du projet de PV de la s\u00e9ance du 12 novembre 2024<\/h3>\t\t\t\t<\/div>\n\t\t\t\t<\/div>\n\t\t\t\t\t<\/div>\n\t\t\t\t<\/div>\n\t\t<div class=\"elementor-element elementor-element-875ce2d e-flex e-con-boxed e-con e-parent\" data-id=\"875ce2d\" data-element_type=\"container\" data-e-type=\"container\">\n\t\t\t\t\t<div class=\"e-con-inner\">\n\t\t\t\t<div class=\"elementor-element elementor-element-999fd23 elementor-widget elementor-widget-text-editor\" data-id=\"999fd23\" data-element_type=\"widget\" data-e-type=\"widget\" data-widget_type=\"text-editor.default\">\n\t\t\t\t<div class=\"elementor-widget-container\">\n\t\t\t\t\t\t\t\t\t<p align=\"justify\">L\u2019\u00c9lan commun a profit\u00e9 de l\u2019approbation du projet de PV de la r\u00e9union pr\u00e9c\u00e9dente pour interroger la DRAAF sur les suites donn\u00e9es \u00e0 l\u2019enqu\u00eate\u00a0\u00ab\u00a0Article\u00a064\u00a0\u00bb\u00a0au LEGTPA\u00a0de\u00a0Magnac-Laval.<\/p><p align=\"justify\">Sur ce dossier, l\u2019Administration s\u2019obstine \u00e0 refuser la reconnaissance de l\u2019accident de travail de l\u2019agent. De ce fait, elle ne reconna\u00eet pas la comp\u00e9tence de la F3SCT et refuse sa saisine\u2026 Cette saisine a pourtant \u00e9t\u00e9 ordonn\u00e9e par une d\u00e9cision de justice et appliqu\u00e9e en juillet dernier. Interpr\u00e9tant de mani\u00e8re incompr\u00e9hensible le jugement en appel, elle d\u00e9cide maintenant unilat\u00e9ralement de la nullit\u00e9 juridique de la proc\u00e9dure enclench\u00e9e\u00a0! Elle affirme que les requ\u00e9rants n\u2019ont pas introduit de nouvelles \u00e9critures suite \u00e0 l\u2019appel en Conseil d\u2019\u00c9tat. Pour elle le dossier est donc clos et la d\u00e9cision du CE fait jurisprudence.<\/p><p align=\"justify\">L\u2019\u00c9lan commun rappelle que le Conseil d\u2019\u00c9tat n\u2019a pas jug\u00e9 cette affaire sur le fond mais n\u2019a r\u00e9pondu qu\u2019\u00e0 la demande de r\u00e9f\u00e9r\u00e9. La r\u00e9ponse de la DRAAF est donc simplement hors sujet.<\/p><p align=\"justify\">En revanche,\u00a0la DRAAF\u00a0reconna\u00eet implicitement sa difficult\u00e9 sur ce dossier en\u00a0proposant que\u00a0l\u2019Inspection\u00a0en Sant\u00e9 et S\u00e9curit\u00e9 au Travail (ISST)\u00a0soit saisie du\u00a0d\u00e9saccord profond et s\u00e9rieux sur\u00a0le refus de l\u2019administration r\u00e9gionale de laisser la F3SCT se saisir du dossier et \u00e0 enqu\u00eater.<\/p><p align=\"justify\">L\u2019\u00c9lan commun d\u00e9nonce cette position incompr\u00e9hensible puisque le d\u00e9saccord profond et s\u00e9rieux ne porte pas sur la comp\u00e9tence de la commission mais bien sur les conclusions de l\u2019enqu\u00eate r\u00e9alis\u00e9e. Il demande que l\u2019Inspection du Travail soit maintenant saisie.<\/p><p align=\"justify\">Suite \u00e0 cette situation, l\u2019\u00c9lan commun porte \u00e0 la connaissance de la F3SCT le \u00ab\u00a0p<i>rotocole\u00a0<\/i><i>de traitement d\u2019une<\/i><i>\u00a0alerte suicidaire\u00a0<\/i><i>d\u2019un personnel<\/i>\u00a0\u00bb utilis\u00e9 par l\u2019acad\u00e9mie de Strasbourg et demande qu\u2019un travail soit engag\u00e9 sur le sujet afin d\u2019avoir une proc\u00e9dure en place pour guider les personnels face \u00e0 une alerte de cette nature.<\/p><p align=\"justify\">L\u2019ISST a connaissance de ce protocole mais les repr\u00e9sentant.es de la DRAAF s\u2019interrogent sur l\u2019existence d\u2019une r\u00e9flexion nationale alors que diff\u00e9rentes situations remontent r\u00e9guli\u00e8rement sur le sujet, notamment au travers des cellules d\u2019\u00e9coute.<\/p>\t\t\t\t\t\t\t\t<\/div>\n\t\t\t\t<\/div>\n\t\t\t\t\t<\/div>\n\t\t\t\t<\/div>\n\t\t<div class=\"elementor-element elementor-element-cc65bab e-flex e-con-boxed e-con e-parent\" data-id=\"cc65bab\" data-element_type=\"container\" data-e-type=\"container\">\n\t\t\t\t\t<div class=\"e-con-inner\">\n\t\t\t\t<div class=\"elementor-element elementor-element-c3148f6 elementor-widget elementor-widget-heading\" data-id=\"c3148f6\" data-element_type=\"widget\" data-e-type=\"widget\" data-widget_type=\"heading.default\">\n\t\t\t\t<div class=\"elementor-widget-container\">\n\t\t\t\t\t<h3 class=\"elementor-heading-title elementor-size-default\">2 \u2013 COHS \u2013 remont\u00e9e des \u00e9tablissements<\/h3>\t\t\t\t<\/div>\n\t\t\t\t<\/div>\n\t\t\t\t\t<\/div>\n\t\t\t\t<\/div>\n\t\t<div class=\"elementor-element elementor-element-2e30fa7 e-flex e-con-boxed e-con e-parent\" data-id=\"2e30fa7\" data-element_type=\"container\" data-e-type=\"container\">\n\t\t\t\t\t<div class=\"e-con-inner\">\n\t\t\t\t<div class=\"elementor-element elementor-element-de24980 elementor-widget elementor-widget-text-editor\" data-id=\"de24980\" data-element_type=\"widget\" data-e-type=\"widget\" data-widget_type=\"text-editor.default\">\n\t\t\t\t<div class=\"elementor-widget-container\">\n\t\t\t\t\t\t\t\t\t<p align=\"justify\">Une remont\u00e9e statistique des avis des CoHS est pr\u00e9sent\u00e9e aux membres de la F3S sans d\u00e9tails sur la gravit\u00e9 des situations, ni sur les EPL concern\u00e9s.<\/p><p align=\"justify\">Pour l\u2019\u00c9lan commun ces \u00e9l\u00e9ments sont insuffisants. Il demande \u00e0 \u00eatre destinataire des avis de chaque CoHS et rappelle que l\u2019article 20 du\u00a0d\u00e9cret n\u00b0 2021-1316 du 8 octobre 2021 relatif\u00a0aux CoHS\u00a0pr\u00e9voit que \u00ab\u00a0<i>l<\/i><i>es avis de la commission d\u2019hygi\u00e8ne et de s\u00e9curit\u00e9 pr\u00e9vus par le pr\u00e9sent d\u00e9cret sont transmis au comit\u00e9 social d\u2019administration comp\u00e9tent<\/i>.\u00a0\u00bb<\/p><p align=\"justify\">Une formation des \u00e9lu.es est pr\u00e9vue du 16 au 23 septembre 25 \u00e0 Pau, Libourne, Limoges et Bressuire et Saintes. L\u2019\u00c9lan commun encourage cette formation mais regrette le calendrier retenu puisqu\u2019elle concernera les CoHS \u00ab\u00a0sortantes\u00a0\u00bb et pas les nouveaux membres qui sont nomm\u00e9s \u00e0 partir d\u2019octobre.<\/p><p align=\"justify\">L\u2019\u00c9lan commun demande que la formation des membres de CoHS soit rendue obligatoire et sur le temps de travail et pr\u00e9conise un suivi en groupe et sur site de la formation \u00ab\u00a0CoHS-Mentor\u00a0\u00bb.<\/p><p align=\"justify\">Deux assistant.es de pr\u00e9vention sont nomm\u00e9.es \u00e0 Bourcefranc. L\u2019\u00c9lan commun demande la liste de l\u2019ensemble des Assistant.es de Pr\u00e9vention.<\/p>\t\t\t\t\t\t\t\t<\/div>\n\t\t\t\t<\/div>\n\t\t\t\t\t<\/div>\n\t\t\t\t<\/div>\n\t\t<div class=\"elementor-element elementor-element-2dc7711 e-flex e-con-boxed e-con e-parent\" data-id=\"2dc7711\" data-element_type=\"container\" data-e-type=\"container\">\n\t\t\t\t\t<div class=\"e-con-inner\">\n\t\t<div class=\"elementor-element elementor-element-a5b8931 e-con-full e-flex e-con e-child\" data-id=\"a5b8931\" data-element_type=\"container\" data-e-type=\"container\">\n\t\t\t\t<div class=\"elementor-element elementor-element-8dc273a elementor-widget elementor-widget-image\" data-id=\"8dc273a\" data-element_type=\"widget\" data-e-type=\"widget\" data-widget_type=\"image.default\">\n\t\t\t\t<div class=\"elementor-widget-container\">\n\t\t\t\t\t\t\t\t\t\t\t\t\t\t\t<img decoding=\"async\" width=\"1024\" height=\"683\" src=\"https:\/\/regions-snetap-fsu.fr\/na\/wp-content\/uploads\/sites\/3\/2025\/04\/Les-avis-de-la-F3SCT-1024x683.jpg\" class=\"attachment-large size-large wp-image-5025\" alt=\"\" srcset=\"https:\/\/regions-snetap-fsu.fr\/na\/wp-content\/uploads\/sites\/3\/2025\/04\/Les-avis-de-la-F3SCT-1024x683.jpg 1024w, https:\/\/regions-snetap-fsu.fr\/na\/wp-content\/uploads\/sites\/3\/2025\/04\/Les-avis-de-la-F3SCT-300x200.jpg 300w, https:\/\/regions-snetap-fsu.fr\/na\/wp-content\/uploads\/sites\/3\/2025\/04\/Les-avis-de-la-F3SCT-768x512.jpg 768w, https:\/\/regions-snetap-fsu.fr\/na\/wp-content\/uploads\/sites\/3\/2025\/04\/Les-avis-de-la-F3SCT.jpg 1536w\" sizes=\"(max-width: 1024px) 100vw, 1024px\" \/>\t\t\t\t\t\t\t\t\t\t\t\t\t\t\t<\/div>\n\t\t\t\t<\/div>\n\t\t\t\t<\/div>\n\t\t<div class=\"elementor-element elementor-element-dcd486a e-con-full e-flex e-con e-child\" data-id=\"dcd486a\" data-element_type=\"container\" data-e-type=\"container\">\n\t\t\t\t<div class=\"elementor-element elementor-element-92db714 elementor-widget elementor-widget-text-editor\" data-id=\"92db714\" data-element_type=\"widget\" data-e-type=\"widget\" data-widget_type=\"text-editor.default\">\n\t\t\t\t<div class=\"elementor-widget-container\">\n\t\t\t\t\t\t\t\t\t<p align=\"justify\"><span style=\"color: #ff6600\"><strong>Suite \u00e0 ces d\u00e9bats, la F3SCT, \u00e0 l\u2019unanimit\u00e9, prend deux avis\u00a0:<\/strong><\/span><\/p><p align=\"justify\"><span style=\"color: #ff6600\"><strong>1 \u2013 Concernant la formation des membres des COHS, la F3SCT demande \u00e0 ce que les membres des COHS soient fortement incit\u00e9s \u00e0 participer \u00e0 la formation, dans le cadre de la formation continue professionnelle, sur leur temps de travail.<\/strong><\/span><\/p><p align=\"justify\"><span style=\"color: #ff6600\"><strong>2 \u2013 Concernant les registres SST, la F3SCT demande que les directions des \u00e9tablissements s\u2019assurent, \u00e0 chaque rentr\u00e9e scolaire, de la localisation et de la facilit\u00e9 d\u2019acc\u00e8s au registre sant\u00e9 et s\u00e9curit\u00e9 au travail et que les directions s\u2019assurent de la communication de cette information \u00e0 tous les personnels.<\/strong><\/span><\/p>\t\t\t\t\t\t\t\t<\/div>\n\t\t\t\t<\/div>\n\t\t\t\t<\/div>\n\t\t\t\t\t<\/div>\n\t\t\t\t<\/div>\n\t\t<div class=\"elementor-element elementor-element-700e8e0 e-flex e-con-boxed e-con e-parent\" data-id=\"700e8e0\" data-element_type=\"container\" data-e-type=\"container\">\n\t\t\t\t\t<div class=\"e-con-inner\">\n\t\t\t\t<div class=\"elementor-element elementor-element-a090553 elementor-widget elementor-widget-heading\" data-id=\"a090553\" data-element_type=\"widget\" data-e-type=\"widget\" data-widget_type=\"heading.default\">\n\t\t\t\t<div class=\"elementor-widget-container\">\n\t\t\t\t\t<h2 class=\"elementor-heading-title elementor-size-default\">3 \u2013 Cellule d\u2019\u00e9coute<\/h2>\t\t\t\t<\/div>\n\t\t\t\t<\/div>\n\t\t\t\t\t<\/div>\n\t\t\t\t<\/div>\n\t\t<div class=\"elementor-element elementor-element-d50a507 e-flex e-con-boxed e-con e-parent\" data-id=\"d50a507\" data-element_type=\"container\" data-e-type=\"container\">\n\t\t\t\t\t<div class=\"e-con-inner\">\n\t\t\t\t<div class=\"elementor-element elementor-element-c87d930 elementor-widget elementor-widget-text-editor\" data-id=\"c87d930\" data-element_type=\"widget\" data-e-type=\"widget\" data-widget_type=\"text-editor.default\">\n\t\t\t\t<div class=\"elementor-widget-container\">\n\t\t\t\t\t\t\t\t\t<p align=\"justify\">Deux agents ont \u00e9t\u00e9 \u00e9cout\u00e9s depuis la derni\u00e8re r\u00e9union de la F3S. Ce sont des situations difficiles puisqu\u2019il y a une alerte suicidaire.<\/p><p align=\"justify\">L\u2019\u00c9lan commun rappelle que la saisine de la cellule d\u2019\u00e9coute ne doit pas emp\u00eacher ou limiter celle du CSA-F3SCT pour une \u00e9ventuelle enqu\u00eate.<\/p>\t\t\t\t\t\t\t\t<\/div>\n\t\t\t\t<\/div>\n\t\t\t\t\t<\/div>\n\t\t\t\t<\/div>\n\t\t<div class=\"elementor-element elementor-element-e563356 e-flex e-con-boxed e-con e-parent\" data-id=\"e563356\" data-element_type=\"container\" data-e-type=\"container\">\n\t\t\t\t\t<div class=\"e-con-inner\">\n\t\t\t\t<div class=\"elementor-element elementor-element-628d732 elementor-widget elementor-widget-heading\" data-id=\"628d732\" data-element_type=\"widget\" data-e-type=\"widget\" data-widget_type=\"heading.default\">\n\t\t\t\t<div class=\"elementor-widget-container\">\n\t\t\t\t\t<h2 class=\"elementor-heading-title elementor-size-default\">4 \u2013 Visite de locaux<\/h2>\t\t\t\t<\/div>\n\t\t\t\t<\/div>\n\t\t\t\t\t<\/div>\n\t\t\t\t<\/div>\n\t\t<div class=\"elementor-element elementor-element-7d4cea9 e-flex e-con-boxed e-con e-parent\" data-id=\"7d4cea9\" data-element_type=\"container\" data-e-type=\"container\">\n\t\t\t\t\t<div class=\"e-con-inner\">\n\t\t\t\t<div class=\"elementor-element elementor-element-49ac1dc elementor-widget elementor-widget-text-editor\" data-id=\"49ac1dc\" data-element_type=\"widget\" data-e-type=\"widget\" data-widget_type=\"text-editor.default\">\n\t\t\t\t<div class=\"elementor-widget-container\">\n\t\t\t\t\t\t\t\t\t<p align=\"justify\">Concernant la visite \u00e0 Bourcefranc, le travail du SRFD est remarqu\u00e9 avec notamment la cr\u00e9ation d\u2019un poste de D2 pour la partie agricole de l\u2019\u00e9tablissement. Toutefois, des difficult\u00e9s subsistent malgr\u00e9 l\u2019instauration de nouvelles pratiques visant \u00e0 plus d\u2019efficience administrative et \u00e0 restaurer de la convivialit\u00e9 au sein de la communaut\u00e9 \u00e9ducative.<\/p><p align=\"justify\">Par contre, l\u2019\u00c9lan commun regrette qu\u2019aucun poste administratif suppl\u00e9mentaire ne soit cr\u00e9\u00e9\u00a0; la DRAAF n\u2019\u00e9tant en capacit\u00e9 de s\u2019engager que pour un demi poste d\u2019ajustement.<\/p><p align=\"justify\">L\u2019\u00c9lan commun souligne les \u00e9l\u00e9ments suivants :<\/p><p align=\"justify\">\u2013 \u00e0 la vie scolaire des quotit\u00e9s de travail, voire des emplois, sont en jeu. Le SRFD appuie cette remarque,<\/p><p align=\"justify\">\u2013 au service administratif la secr\u00e9taire cat\u00e9gorie C (\u00c9ducation Nationale) r\u00e9alise un travail \u00e9norme, devant ma\u00eetriser les proc\u00e9dures des deux minist\u00e8res. Le SRFD reconna\u00eet la n\u00e9cessit\u00e9 d\u2019un meilleur affichage des postes,<\/p><p align=\"justify\">\u2013 les d\u00e9cisions du SRFD concernant la DGH pour la rentr\u00e9e 2025 vont cr\u00e9er \u00e0 nouveaux des tensions et d\u00e9t\u00e9riorer les conditions de travail avec notamment la situation du poste actuel 100% en aquaculture transform\u00e9 en 50% AE.<\/p><p align=\"justify\">La prochaine visite est pr\u00e9vue \u00e0 P\u00e9rigueux le 20 mai 2025.<\/p>\t\t\t\t\t\t\t\t<\/div>\n\t\t\t\t<\/div>\n\t\t\t\t\t<\/div>\n\t\t\t\t<\/div>\n\t\t<div class=\"elementor-element elementor-element-286cd0e e-flex e-con-boxed e-con e-parent\" data-id=\"286cd0e\" data-element_type=\"container\" data-e-type=\"container\">\n\t\t\t\t\t<div class=\"e-con-inner\">\n\t\t\t\t<div class=\"elementor-element elementor-element-87f85d5 elementor-widget elementor-widget-heading\" data-id=\"87f85d5\" data-element_type=\"widget\" data-e-type=\"widget\" data-widget_type=\"heading.default\">\n\t\t\t\t<div class=\"elementor-widget-container\">\n\t\t\t\t\t<h2 class=\"elementor-heading-title elementor-size-default\">5 \u2013 D\u00e9marche \u00e9galit\u00e9 \/ diversit\u00e9<\/h2>\t\t\t\t<\/div>\n\t\t\t\t<\/div>\n\t\t\t\t\t<\/div>\n\t\t\t\t<\/div>\n\t\t<div class=\"elementor-element elementor-element-1910d28 e-flex e-con-boxed e-con e-parent\" data-id=\"1910d28\" data-element_type=\"container\" data-e-type=\"container\">\n\t\t\t\t\t<div class=\"e-con-inner\">\n\t\t\t\t<div class=\"elementor-element elementor-element-d6ecc75 elementor-widget elementor-widget-text-editor\" data-id=\"d6ecc75\" data-element_type=\"widget\" data-e-type=\"widget\" data-widget_type=\"text-editor.default\">\n\t\t\t\t<div class=\"elementor-widget-container\">\n\t\t\t\t\t\t\t\t\t<p align=\"justify\">La DRAAF fait une pr\u00e9sentation de l\u2019action de labellisation nationale en partenariat avec l\u2019AFNOR et SIA Partners. Quelques EPL sont concern\u00e9s en Nouvelle Aquitaine pour la rentr\u00e9e prochaine, tous les EPL seront concern\u00e9s d\u2019ici 2029.<\/p><p align=\"justify\">L\u2019\u00c9lan commun rappelle que la promotion de l\u2019\u00e9galit\u00e9, de la mixit\u00e9 professionnelle et la lutte contre les discriminations sont des valeurs port\u00e9es par la R\u00e9publique, les Services Publics et particuli\u00e8rement l\u2019Enseignement Agricole Public. Il d\u00e9nonce cette politique de labellisation et rappelle que l\u2019Administration Publique n\u2019est pas une entreprise. Il souligne aussi le co\u00fbt et le temps \u00e0 y consacrer.<\/p><p align=\"justify\">Selon la DRAAF, le co\u00fbt sera support\u00e9 par le Minist\u00e8re directement.<\/p>\t\t\t\t\t\t\t\t<\/div>\n\t\t\t\t<\/div>\n\t\t\t\t\t<\/div>\n\t\t\t\t<\/div>\n\t\t<div class=\"elementor-element elementor-element-88a2c07 e-flex e-con-boxed e-con e-parent\" data-id=\"88a2c07\" data-element_type=\"container\" data-e-type=\"container\">\n\t\t\t\t\t<div class=\"e-con-inner\">\n\t\t\t\t<div class=\"elementor-element elementor-element-84a9e23 elementor-widget elementor-widget-heading\" data-id=\"84a9e23\" data-element_type=\"widget\" data-e-type=\"widget\" data-widget_type=\"heading.default\">\n\t\t\t\t<div class=\"elementor-widget-container\">\n\t\t\t\t\t<h2 class=\"elementor-heading-title elementor-size-default\">6 \u2013 Questions diverses<\/h2>\t\t\t\t<\/div>\n\t\t\t\t<\/div>\n\t\t\t\t\t<\/div>\n\t\t\t\t<\/div>\n\t\t<div class=\"elementor-element elementor-element-bca123b e-flex e-con-boxed e-con e-parent\" data-id=\"bca123b\" data-element_type=\"container\" data-e-type=\"container\">\n\t\t\t\t\t<div class=\"e-con-inner\">\n\t\t\t\t<div class=\"elementor-element elementor-element-2955e10 elementor-widget elementor-widget-text-editor\" data-id=\"2955e10\" data-element_type=\"widget\" data-e-type=\"widget\" data-widget_type=\"text-editor.default\">\n\t\t\t\t<div class=\"elementor-widget-container\">\n\t\t\t\t\t\t\t\t\t<p align=\"justify\">61 \u2013 L\u2019\u00c9lan commun alerte sur la situation de l\u2019EPL de Surg\u00e8res o\u00f9 l\u2019on compte de nombreux arr\u00eats de travail et des d\u00e9cisions administratives qui posent question quant \u00e0 la s\u00e9curit\u00e9 des agents.<\/p><p align=\"justify\">La DRAAF se contente d\u2019indiquer le nombre d\u2019arr\u00eats de longue dur\u00e9e et d\u2019accident du travail et va se rapprocher de l\u2019\u00e9tablissement.<\/p><p align=\"justify\">62 \u2013 L\u2019\u00c9lan commun alerte sur l\u2019application du statut d\u2019emploi au DEA-AT issus du corps de IAE. Le manque de reconnaissance financi\u00e8re am\u00e8ne certains agents \u00e0 quitter leurs fonctions ce qui entra\u00eene une perte de comp\u00e9tences importante. Pour la DRAAF, il n\u2019y a pas d\u2019effet financier n\u00e9gatif, seules les contraintes li\u00e9es \u00e0 la mobilit\u00e9 expliquent ces d\u00e9parts.<\/p>\t\t\t\t\t\t\t\t<\/div>\n\t\t\t\t<\/div>\n\t\t\t\t\t<\/div>\n\t\t\t\t<\/div>\n\t\t\t\t<\/div>\n\t\t","protected":false},"excerpt":{"rendered":"<p>FORMATION SPECIALISEE \u2013 F3SCT \u2013 07 04 2025 La\u00a0F3SCT\u00a0Nouvelle Aquitaine (Formation sp\u00e9cialis\u00e9e en mati\u00e8re de sant\u00e9, de s\u00e9curit\u00e9 et des conditions de travail) \u00e9tait convoqu\u00e9e pour une r\u00e9union le lundi 7 avril 2025\u00a0\u00e0 la DRAAF de Limoges. Pour l\u2019\u00c9lan\u00a0commun,\u00a0ont si\u00e9g\u00e9\u00a0Laurent Bourhis, Lydie Dubois,\u00a0Alain Godot,\u00a0Yannick Le Blanc, Philippe Parodi, Diane Raffour. Six points figuraient \u00e0 l\u2019ordre [&hellip;]<\/p>\n","protected":false},"author":128,"featured_media":5038,"comment_status":"closed","ping_status":"closed","sticky":false,"template":"","format":"standard","meta":{"ocean_post_layout":"","ocean_both_sidebars_style":"","ocean_both_sidebars_content_width":0,"ocean_both_sidebars_sidebars_width":0,"ocean_sidebar":"0","ocean_second_sidebar":"0","ocean_disable_margins":"enable","ocean_add_body_class":"","ocean_shortcode_before_top_bar":"","ocean_shortcode_after_top_bar":"","ocean_shortcode_before_header":"","ocean_shortcode_after_header":"","ocean_has_shortcode":"","ocean_shortcode_after_title":"","ocean_shortcode_before_footer_widgets":"","ocean_shortcode_after_footer_widgets":"","ocean_shortcode_before_footer_bottom":"","ocean_shortcode_after_footer_bottom":"","ocean_display_top_bar":"default","ocean_display_header":"default","ocean_header_style":"","ocean_center_header_left_menu":"0","ocean_custom_header_template":"0","ocean_custom_logo":0,"ocean_custom_retina_logo":0,"ocean_custom_logo_max_width":0,"ocean_custom_logo_tablet_max_width":0,"ocean_custom_logo_mobile_max_width":0,"ocean_custom_logo_max_height":0,"ocean_custom_logo_tablet_max_height":0,"ocean_custom_logo_mobile_max_height":0,"ocean_header_custom_menu":"0","ocean_menu_typo_font_family":"0","ocean_menu_typo_font_subset":"","ocean_menu_typo_font_size":0,"ocean_menu_typo_font_size_tablet":0,"ocean_menu_typo_font_size_mobile":0,"ocean_menu_typo_font_size_unit":"px","ocean_menu_typo_font_weight":"","ocean_menu_typo_font_weight_tablet":"","ocean_menu_typo_font_weight_mobile":"","ocean_menu_typo_transform":"","ocean_menu_typo_transform_tablet":"","ocean_menu_typo_transform_mobile":"","ocean_menu_typo_line_height":0,"ocean_menu_typo_line_height_tablet":0,"ocean_menu_typo_line_height_mobile":0,"ocean_menu_typo_line_height_unit":"","ocean_menu_typo_spacing":0,"ocean_menu_typo_spacing_tablet":0,"ocean_menu_typo_spacing_mobile":0,"ocean_menu_typo_spacing_unit":"","ocean_menu_link_color":"","ocean_menu_link_color_hover":"","ocean_menu_link_color_active":"","ocean_menu_link_background":"","ocean_menu_link_hover_background":"","ocean_menu_link_active_background":"","ocean_menu_social_links_bg":"","ocean_menu_social_hover_links_bg":"","ocean_menu_social_links_color":"","ocean_menu_social_hover_links_color":"","ocean_disable_title":"default","ocean_disable_heading":"default","ocean_post_title":"","ocean_post_subheading":"","ocean_post_title_style":"","ocean_post_title_background_color":"","ocean_post_title_background":0,"ocean_post_title_bg_image_position":"","ocean_post_title_bg_image_attachment":"","ocean_post_title_bg_image_repeat":"","ocean_post_title_bg_image_size":"","ocean_post_title_height":0,"ocean_post_title_bg_overlay":0.5,"ocean_post_title_bg_overlay_color":"","ocean_disable_breadcrumbs":"default","ocean_breadcrumbs_color":"","ocean_breadcrumbs_separator_color":"","ocean_breadcrumbs_links_color":"","ocean_breadcrumbs_links_hover_color":"","ocean_display_footer_widgets":"default","ocean_display_footer_bottom":"default","ocean_custom_footer_template":"0","ocean_post_oembed":"","ocean_post_self_hosted_media":"","ocean_post_video_embed":"","ocean_link_format":"","ocean_link_format_target":"self","ocean_quote_format":"","ocean_quote_format_link":"post","ocean_gallery_link_images":"on","ocean_gallery_id":[],"footnotes":""},"categories":[4,13,1],"tags":[],"post_folder":[],"class_list":["post-4997","post","type-post","status-publish","format-standard","has-post-thumbnail","hentry","category-compte-rendu","category-instances","category-message-de-service","entry","has-media"],"yoast_head":"<!-- This site is optimized with the Yoast SEO plugin v27.4 - https:\/\/yoast.com\/product\/yoast-seo-wordpress\/ -->\n<title>FORMATION SPECIALISEE \u2013 F3SCT \u2013 07 04 2025 - NOUVELLE AQUITAINE<\/title>\n<meta name=\"robots\" content=\"index, follow, max-snippet:-1, max-image-preview:large, max-video-preview:-1\" \/>\n<link rel=\"canonical\" href=\"https:\/\/regions-snetap-fsu.fr\/na\/?p=4997\" \/>\n<meta property=\"og:locale\" content=\"fr_FR\" \/>\n<meta property=\"og:type\" content=\"article\" \/>\n<meta property=\"og:title\" content=\"FORMATION SPECIALISEE \u2013 F3SCT \u2013 07 04 2025 - NOUVELLE AQUITAINE\" \/>\n<meta property=\"og:description\" content=\"FORMATION SPECIALISEE \u2013 F3SCT \u2013 07 04 2025 La\u00a0F3SCT\u00a0Nouvelle Aquitaine (Formation sp\u00e9cialis\u00e9e en mati\u00e8re de sant\u00e9, de s\u00e9curit\u00e9 et des conditions de travail) \u00e9tait convoqu\u00e9e pour une r\u00e9union le lundi 7 avril 2025\u00a0\u00e0 la DRAAF de Limoges. Pour l\u2019\u00c9lan\u00a0commun,\u00a0ont si\u00e9g\u00e9\u00a0Laurent Bourhis, Lydie Dubois,\u00a0Alain Godot,\u00a0Yannick Le Blanc, Philippe Parodi, Diane Raffour. Six points figuraient \u00e0 l\u2019ordre [&hellip;]\" \/>\n<meta property=\"og:url\" content=\"https:\/\/regions-snetap-fsu.fr\/na\/?p=4997\" \/>\n<meta property=\"og:site_name\" content=\"NOUVELLE AQUITAINE\" \/>\n<meta property=\"article:published_time\" content=\"2025-04-17T12:37:19+00:00\" \/>\n<meta property=\"article:modified_time\" content=\"2025-04-19T11:48:49+00:00\" \/>\n<meta name=\"author\" content=\"olivierb\" \/>\n<meta name=\"twitter:card\" content=\"summary_large_image\" \/>\n<meta name=\"twitter:label1\" content=\"\u00c9crit par\" \/>\n\t<meta name=\"twitter:data1\" content=\"olivierb\" \/>\n\t<meta name=\"twitter:label2\" content=\"Dur\u00e9e de lecture estim\u00e9e\" \/>\n\t<meta name=\"twitter:data2\" content=\"7 minutes\" \/>\n<script type=\"application\/ld+json\" class=\"yoast-schema-graph\">{\"@context\":\"https:\\\/\\\/schema.org\",\"@graph\":[{\"@type\":\"Article\",\"@id\":\"https:\\\/\\\/regions-snetap-fsu.fr\\\/na\\\/?p=4997#article\",\"isPartOf\":{\"@id\":\"https:\\\/\\\/regions-snetap-fsu.fr\\\/na\\\/?p=4997\"},\"author\":{\"name\":\"olivierb\",\"@id\":\"https:\\\/\\\/regions-snetap-fsu.fr\\\/na\\\/#\\\/schema\\\/person\\\/bdf1c4fe149dcf915601f9de85ba379f\"},\"headline\":\"FORMATION SPECIALISEE \u2013 F3SCT \u2013 07 04 2025\",\"datePublished\":\"2025-04-17T12:37:19+00:00\",\"dateModified\":\"2025-04-19T11:48:49+00:00\",\"mainEntityOfPage\":{\"@id\":\"https:\\\/\\\/regions-snetap-fsu.fr\\\/na\\\/?p=4997\"},\"wordCount\":1423,\"publisher\":{\"@id\":\"https:\\\/\\\/regions-snetap-fsu.fr\\\/na\\\/#organization\"},\"image\":{\"@id\":\"https:\\\/\\\/regions-snetap-fsu.fr\\\/na\\\/?p=4997#primaryimage\"},\"thumbnailUrl\":\"https:\\\/\\\/regions-snetap-fsu.fr\\\/na\\\/wp-content\\\/uploads\\\/sites\\\/3\\\/2025\\\/04\\\/Nuage-de-Mots-F3SCT.jpg\",\"articleSection\":[\"Comptes-rendus\",\"Instances\",\"Message de service\"],\"inLanguage\":\"fr-FR\"},{\"@type\":\"WebPage\",\"@id\":\"https:\\\/\\\/regions-snetap-fsu.fr\\\/na\\\/?p=4997\",\"url\":\"https:\\\/\\\/regions-snetap-fsu.fr\\\/na\\\/?p=4997\",\"name\":\"FORMATION SPECIALISEE \u2013 F3SCT \u2013 07 04 2025 - NOUVELLE AQUITAINE\",\"isPartOf\":{\"@id\":\"https:\\\/\\\/regions-snetap-fsu.fr\\\/na\\\/#website\"},\"primaryImageOfPage\":{\"@id\":\"https:\\\/\\\/regions-snetap-fsu.fr\\\/na\\\/?p=4997#primaryimage\"},\"image\":{\"@id\":\"https:\\\/\\\/regions-snetap-fsu.fr\\\/na\\\/?p=4997#primaryimage\"},\"thumbnailUrl\":\"https:\\\/\\\/regions-snetap-fsu.fr\\\/na\\\/wp-content\\\/uploads\\\/sites\\\/3\\\/2025\\\/04\\\/Nuage-de-Mots-F3SCT.jpg\",\"datePublished\":\"2025-04-17T12:37:19+00:00\",\"dateModified\":\"2025-04-19T11:48:49+00:00\",\"breadcrumb\":{\"@id\":\"https:\\\/\\\/regions-snetap-fsu.fr\\\/na\\\/?p=4997#breadcrumb\"},\"inLanguage\":\"fr-FR\",\"potentialAction\":[{\"@type\":\"ReadAction\",\"target\":[\"https:\\\/\\\/regions-snetap-fsu.fr\\\/na\\\/?p=4997\"]}]},{\"@type\":\"ImageObject\",\"inLanguage\":\"fr-FR\",\"@id\":\"https:\\\/\\\/regions-snetap-fsu.fr\\\/na\\\/?p=4997#primaryimage\",\"url\":\"https:\\\/\\\/regions-snetap-fsu.fr\\\/na\\\/wp-content\\\/uploads\\\/sites\\\/3\\\/2025\\\/04\\\/Nuage-de-Mots-F3SCT.jpg\",\"contentUrl\":\"https:\\\/\\\/regions-snetap-fsu.fr\\\/na\\\/wp-content\\\/uploads\\\/sites\\\/3\\\/2025\\\/04\\\/Nuage-de-Mots-F3SCT.jpg\",\"width\":397,\"height\":277},{\"@type\":\"BreadcrumbList\",\"@id\":\"https:\\\/\\\/regions-snetap-fsu.fr\\\/na\\\/?p=4997#breadcrumb\",\"itemListElement\":[{\"@type\":\"ListItem\",\"position\":1,\"name\":\"Accueil\",\"item\":\"https:\\\/\\\/regions-snetap-fsu.fr\\\/na\\\/\"},{\"@type\":\"ListItem\",\"position\":2,\"name\":\"FORMATION SPECIALISEE \u2013 F3SCT \u2013 07 04 2025\"}]},{\"@type\":\"WebSite\",\"@id\":\"https:\\\/\\\/regions-snetap-fsu.fr\\\/na\\\/#website\",\"url\":\"https:\\\/\\\/regions-snetap-fsu.fr\\\/na\\\/\",\"name\":\"SNETAP-FSU NOUVELLE AQUITAINE\",\"description\":\"Blog de la Section R\u00e9gionale\",\"publisher\":{\"@id\":\"https:\\\/\\\/regions-snetap-fsu.fr\\\/na\\\/#organization\"},\"potentialAction\":[{\"@type\":\"SearchAction\",\"target\":{\"@type\":\"EntryPoint\",\"urlTemplate\":\"https:\\\/\\\/regions-snetap-fsu.fr\\\/na\\\/?s={search_term_string}\"},\"query-input\":{\"@type\":\"PropertyValueSpecification\",\"valueRequired\":true,\"valueName\":\"search_term_string\"}}],\"inLanguage\":\"fr-FR\"},{\"@type\":\"Organization\",\"@id\":\"https:\\\/\\\/regions-snetap-fsu.fr\\\/na\\\/#organization\",\"name\":\"SNETAP-FSU - Nouvelle Aquitaine\",\"url\":\"https:\\\/\\\/regions-snetap-fsu.fr\\\/na\\\/\",\"logo\":{\"@type\":\"ImageObject\",\"inLanguage\":\"fr-FR\",\"@id\":\"https:\\\/\\\/regions-snetap-fsu.fr\\\/na\\\/#\\\/schema\\\/logo\\\/image\\\/\",\"url\":\"https:\\\/\\\/regions-snetap-fsu.fr\\\/na\\\/wp-content\\\/uploads\\\/sites\\\/3\\\/2020\\\/12\\\/SNETAP-Logo.jpg\",\"contentUrl\":\"https:\\\/\\\/regions-snetap-fsu.fr\\\/na\\\/wp-content\\\/uploads\\\/sites\\\/3\\\/2020\\\/12\\\/SNETAP-Logo.jpg\",\"width\":464,\"height\":334,\"caption\":\"SNETAP-FSU - Nouvelle Aquitaine\"},\"image\":{\"@id\":\"https:\\\/\\\/regions-snetap-fsu.fr\\\/na\\\/#\\\/schema\\\/logo\\\/image\\\/\"}},{\"@type\":\"Person\",\"@id\":\"https:\\\/\\\/regions-snetap-fsu.fr\\\/na\\\/#\\\/schema\\\/person\\\/bdf1c4fe149dcf915601f9de85ba379f\",\"name\":\"olivierb\",\"image\":{\"@type\":\"ImageObject\",\"inLanguage\":\"fr-FR\",\"@id\":\"https:\\\/\\\/secure.gravatar.com\\\/avatar\\\/d9cce0db1146844098d0ec7fae94551015c4ff78117aab56897823bb265a7bc9?s=96&d=mm&r=g\",\"url\":\"https:\\\/\\\/secure.gravatar.com\\\/avatar\\\/d9cce0db1146844098d0ec7fae94551015c4ff78117aab56897823bb265a7bc9?s=96&d=mm&r=g\",\"contentUrl\":\"https:\\\/\\\/secure.gravatar.com\\\/avatar\\\/d9cce0db1146844098d0ec7fae94551015c4ff78117aab56897823bb265a7bc9?s=96&d=mm&r=g\",\"caption\":\"olivierb\"},\"url\":\"https:\\\/\\\/regions-snetap-fsu.fr\\\/na\\\/author\\\/olivierb\\\/\"}]}<\/script>\n<!-- \/ Yoast SEO plugin. -->","yoast_head_json":{"title":"FORMATION SPECIALISEE \u2013 F3SCT \u2013 07 04 2025 - NOUVELLE AQUITAINE","robots":{"index":"index","follow":"follow","max-snippet":"max-snippet:-1","max-image-preview":"max-image-preview:large","max-video-preview":"max-video-preview:-1"},"canonical":"https:\/\/regions-snetap-fsu.fr\/na\/?p=4997","og_locale":"fr_FR","og_type":"article","og_title":"FORMATION SPECIALISEE \u2013 F3SCT \u2013 07 04 2025 - NOUVELLE AQUITAINE","og_description":"FORMATION SPECIALISEE \u2013 F3SCT \u2013 07 04 2025 La\u00a0F3SCT\u00a0Nouvelle Aquitaine (Formation sp\u00e9cialis\u00e9e en mati\u00e8re de sant\u00e9, de s\u00e9curit\u00e9 et des conditions de travail) \u00e9tait convoqu\u00e9e pour une r\u00e9union le lundi 7 avril 2025\u00a0\u00e0 la DRAAF de Limoges. Pour l\u2019\u00c9lan\u00a0commun,\u00a0ont si\u00e9g\u00e9\u00a0Laurent Bourhis, Lydie Dubois,\u00a0Alain Godot,\u00a0Yannick Le Blanc, Philippe Parodi, Diane Raffour. Six points figuraient \u00e0 l\u2019ordre [&hellip;]","og_url":"https:\/\/regions-snetap-fsu.fr\/na\/?p=4997","og_site_name":"NOUVELLE AQUITAINE","article_published_time":"2025-04-17T12:37:19+00:00","article_modified_time":"2025-04-19T11:48:49+00:00","author":"olivierb","twitter_card":"summary_large_image","twitter_misc":{"\u00c9crit par":"olivierb","Dur\u00e9e de lecture estim\u00e9e":"7 minutes"},"schema":{"@context":"https:\/\/schema.org","@graph":[{"@type":"Article","@id":"https:\/\/regions-snetap-fsu.fr\/na\/?p=4997#article","isPartOf":{"@id":"https:\/\/regions-snetap-fsu.fr\/na\/?p=4997"},"author":{"name":"olivierb","@id":"https:\/\/regions-snetap-fsu.fr\/na\/#\/schema\/person\/bdf1c4fe149dcf915601f9de85ba379f"},"headline":"FORMATION SPECIALISEE \u2013 F3SCT \u2013 07 04 2025","datePublished":"2025-04-17T12:37:19+00:00","dateModified":"2025-04-19T11:48:49+00:00","mainEntityOfPage":{"@id":"https:\/\/regions-snetap-fsu.fr\/na\/?p=4997"},"wordCount":1423,"publisher":{"@id":"https:\/\/regions-snetap-fsu.fr\/na\/#organization"},"image":{"@id":"https:\/\/regions-snetap-fsu.fr\/na\/?p=4997#primaryimage"},"thumbnailUrl":"https:\/\/regions-snetap-fsu.fr\/na\/wp-content\/uploads\/sites\/3\/2025\/04\/Nuage-de-Mots-F3SCT.jpg","articleSection":["Comptes-rendus","Instances","Message de service"],"inLanguage":"fr-FR"},{"@type":"WebPage","@id":"https:\/\/regions-snetap-fsu.fr\/na\/?p=4997","url":"https:\/\/regions-snetap-fsu.fr\/na\/?p=4997","name":"FORMATION SPECIALISEE \u2013 F3SCT \u2013 07 04 2025 - NOUVELLE AQUITAINE","isPartOf":{"@id":"https:\/\/regions-snetap-fsu.fr\/na\/#website"},"primaryImageOfPage":{"@id":"https:\/\/regions-snetap-fsu.fr\/na\/?p=4997#primaryimage"},"image":{"@id":"https:\/\/regions-snetap-fsu.fr\/na\/?p=4997#primaryimage"},"thumbnailUrl":"https:\/\/regions-snetap-fsu.fr\/na\/wp-content\/uploads\/sites\/3\/2025\/04\/Nuage-de-Mots-F3SCT.jpg","datePublished":"2025-04-17T12:37:19+00:00","dateModified":"2025-04-19T11:48:49+00:00","breadcrumb":{"@id":"https:\/\/regions-snetap-fsu.fr\/na\/?p=4997#breadcrumb"},"inLanguage":"fr-FR","potentialAction":[{"@type":"ReadAction","target":["https:\/\/regions-snetap-fsu.fr\/na\/?p=4997"]}]},{"@type":"ImageObject","inLanguage":"fr-FR","@id":"https:\/\/regions-snetap-fsu.fr\/na\/?p=4997#primaryimage","url":"https:\/\/regions-snetap-fsu.fr\/na\/wp-content\/uploads\/sites\/3\/2025\/04\/Nuage-de-Mots-F3SCT.jpg","contentUrl":"https:\/\/regions-snetap-fsu.fr\/na\/wp-content\/uploads\/sites\/3\/2025\/04\/Nuage-de-Mots-F3SCT.jpg","width":397,"height":277},{"@type":"BreadcrumbList","@id":"https:\/\/regions-snetap-fsu.fr\/na\/?p=4997#breadcrumb","itemListElement":[{"@type":"ListItem","position":1,"name":"Accueil","item":"https:\/\/regions-snetap-fsu.fr\/na\/"},{"@type":"ListItem","position":2,"name":"FORMATION SPECIALISEE \u2013 F3SCT \u2013 07 04 2025"}]},{"@type":"WebSite","@id":"https:\/\/regions-snetap-fsu.fr\/na\/#website","url":"https:\/\/regions-snetap-fsu.fr\/na\/","name":"SNETAP-FSU NOUVELLE AQUITAINE","description":"Blog de la Section R\u00e9gionale","publisher":{"@id":"https:\/\/regions-snetap-fsu.fr\/na\/#organization"},"potentialAction":[{"@type":"SearchAction","target":{"@type":"EntryPoint","urlTemplate":"https:\/\/regions-snetap-fsu.fr\/na\/?s={search_term_string}"},"query-input":{"@type":"PropertyValueSpecification","valueRequired":true,"valueName":"search_term_string"}}],"inLanguage":"fr-FR"},{"@type":"Organization","@id":"https:\/\/regions-snetap-fsu.fr\/na\/#organization","name":"SNETAP-FSU - Nouvelle Aquitaine","url":"https:\/\/regions-snetap-fsu.fr\/na\/","logo":{"@type":"ImageObject","inLanguage":"fr-FR","@id":"https:\/\/regions-snetap-fsu.fr\/na\/#\/schema\/logo\/image\/","url":"https:\/\/regions-snetap-fsu.fr\/na\/wp-content\/uploads\/sites\/3\/2020\/12\/SNETAP-Logo.jpg","contentUrl":"https:\/\/regions-snetap-fsu.fr\/na\/wp-content\/uploads\/sites\/3\/2020\/12\/SNETAP-Logo.jpg","width":464,"height":334,"caption":"SNETAP-FSU - Nouvelle Aquitaine"},"image":{"@id":"https:\/\/regions-snetap-fsu.fr\/na\/#\/schema\/logo\/image\/"}},{"@type":"Person","@id":"https:\/\/regions-snetap-fsu.fr\/na\/#\/schema\/person\/bdf1c4fe149dcf915601f9de85ba379f","name":"olivierb","image":{"@type":"ImageObject","inLanguage":"fr-FR","@id":"https:\/\/secure.gravatar.com\/avatar\/d9cce0db1146844098d0ec7fae94551015c4ff78117aab56897823bb265a7bc9?s=96&d=mm&r=g","url":"https:\/\/secure.gravatar.com\/avatar\/d9cce0db1146844098d0ec7fae94551015c4ff78117aab56897823bb265a7bc9?s=96&d=mm&r=g","contentUrl":"https:\/\/secure.gravatar.com\/avatar\/d9cce0db1146844098d0ec7fae94551015c4ff78117aab56897823bb265a7bc9?s=96&d=mm&r=g","caption":"olivierb"},"url":"https:\/\/regions-snetap-fsu.fr\/na\/author\/olivierb\/"}]}},"_links":{"self":[{"href":"https:\/\/regions-snetap-fsu.fr\/na\/wp-json\/wp\/v2\/posts\/4997","targetHints":{"allow":["GET"]}}],"collection":[{"href":"https:\/\/regions-snetap-fsu.fr\/na\/wp-json\/wp\/v2\/posts"}],"about":[{"href":"https:\/\/regions-snetap-fsu.fr\/na\/wp-json\/wp\/v2\/types\/post"}],"author":[{"embeddable":true,"href":"https:\/\/regions-snetap-fsu.fr\/na\/wp-json\/wp\/v2\/users\/128"}],"replies":[{"embeddable":true,"href":"https:\/\/regions-snetap-fsu.fr\/na\/wp-json\/wp\/v2\/comments?post=4997"}],"version-history":[{"count":4,"href":"https:\/\/regions-snetap-fsu.fr\/na\/wp-json\/wp\/v2\/posts\/4997\/revisions"}],"predecessor-version":[{"id":5033,"href":"https:\/\/regions-snetap-fsu.fr\/na\/wp-json\/wp\/v2\/posts\/4997\/revisions\/5033"}],"wp:featuredmedia":[{"embeddable":true,"href":"https:\/\/regions-snetap-fsu.fr\/na\/wp-json\/wp\/v2\/media\/5038"}],"wp:attachment":[{"href":"https:\/\/regions-snetap-fsu.fr\/na\/wp-json\/wp\/v2\/media?parent=4997"}],"wp:term":[{"taxonomy":"category","embeddable":true,"href":"https:\/\/regions-snetap-fsu.fr\/na\/wp-json\/wp\/v2\/categories?post=4997"},{"taxonomy":"post_tag","embeddable":true,"href":"https:\/\/regions-snetap-fsu.fr\/na\/wp-json\/wp\/v2\/tags?post=4997"},{"taxonomy":"post_folder","embeddable":true,"href":"https:\/\/regions-snetap-fsu.fr\/na\/wp-json\/wp\/v2\/post_folder?post=4997"}],"curies":[{"name":"wp","href":"https:\/\/api.w.org\/{rel}","templated":true}]}}