{"id":4934,"date":"2025-03-28T22:55:20","date_gmt":"2025-03-28T21:55:20","guid":{"rendered":"https:\/\/regions-snetap-fsu.fr\/na\/?p=4934"},"modified":"2025-03-29T10:16:37","modified_gmt":"2025-03-29T09:16:37","slug":"la-cr87-attaque-lenseignement-des-sa-premiere-prise-de-parole-a-la-presidence-du-ca-de-limoges","status":"publish","type":"post","link":"https:\/\/regions-snetap-fsu.fr\/na\/2025\/03\/28\/la-cr87-attaque-lenseignement-des-sa-premiere-prise-de-parole-a-la-presidence-du-ca-de-limoges\/","title":{"rendered":"La CR87 attaque l&rsquo;enseignement d\u00e8s sa premi\u00e8re prise de parole \u00e0 la pr\u00e9sidence du CA de Limoges"},"content":{"rendered":"<p align=\"center\"><span style=\"color: #ff6600\"><span style=\"font-family: Arial, sans-serif\"><span style=\"font-size: large\"><b>LA COORDINATION RURALE GARDE<\/b><\/span><\/span><\/span><\/p>\n<p align=\"center\"><span style=\"color: #ff6600\"><span style=\"font-family: Arial, sans-serif\"><span style=\"font-size: large\"><b>LA PR\u00c9SIDENCE DU CA DE L\u2019EPL DE HAUTE VIENNE<\/b><\/span><\/span><\/span><\/p>\n<p align=\"center\"><span style=\"color: #ff6600\"><span style=\"font-family: Arial, sans-serif\"><span style=\"font-size: large\"><b>Premier CA, premi\u00e8re attaque !<\/b><\/span><\/span><\/span><\/p>\n<p align=\"justify\"><span style=\"color: #008000\"><span style=\"font-family: Arial, sans-serif\"><span style=\"font-size: medium\"><br \/>\n<strong>C&rsquo;est avec consternation et inqui\u00e9tude que la section r\u00e9gionale SNETAP-FSU Nouvelle-Aquitaine a pris connaissance du r\u00e9sultat de l&rsquo;\u00e9lection \u00e0 la pr\u00e9sidence et \u00e0 la vice-pr\u00e9sidence du Conseil d&rsquo;administration de l&rsquo;EPL de Limoges et du Nord Haute-Vienne, le mercredi 26 mars 2025.<\/strong><\/span><\/span><\/span><\/p>\n<p align=\"justify\"><span style=\"color: #000000\"><span style=\"font-family: Arial, sans-serif\"><span style=\"font-size: medium\">Si le nom du pr\u00e9sident change, c\u2019est bien la Coordination rurale qui garde les deux postes de pr\u00e9sidence et vice pr\u00e9sidence.<\/span><\/span><\/span><\/p>\n<p align=\"justify\"><span style=\"color: #000000\"><span style=\"font-family: Arial, sans-serif\"><span style=\"font-size: medium\">C\u2019est d\u2019abord la concentration de ces deux postes au main d\u2019une seule organisation qui nous interroge.<\/span><\/span><\/span><\/p>\n<p align=\"justify\"><span style=\"color: #000000\"><span style=\"font-family: Arial, sans-serif\"><span style=\"font-size: medium\">Mais apr\u00e8s les prises de positions et les actions r\u00e9centes de cette organisation, au niveau national comme au niveau local, et notamment des attaques contre des agent.es du service public, le SNETAP-FSU s\u2019inqui\u00e8te aussi du respect des valeurs d\u2019\u00e9ducation et de transmission qui nous animent.<\/span><\/span><\/span><\/p>\n<p align=\"justify\"><span style=\"color: #000000\"><span style=\"font-family: Arial, sans-serif\"><span style=\"font-size: medium\">Nous prenons acte des r\u00e9sultats de cette \u00e9lection. <\/span><\/span><\/span><\/p>\n<p align=\"justify\"><span style=\"color: #000000\"><span style=\"font-family: Arial, sans-serif\"><span style=\"font-size: medium\">En revanche nous d\u00e9non\u00e7ons vivement les propos tenus par le pr\u00e9sident tout juste \u00e9lu qui dit vouloir \u00ab\u00a0<i>lutter contre les d\u00e9rives de l\u2019enseignement\u00a0<\/i>\u00bb. De quelles d\u00e9rives parle-t-il quand un \u00e9tablissement d\u2019enseignement agricole public ne fait qu\u2019appliquer une politique publique au service de toutes et tous?<\/span><\/span><\/span><\/p>\n<p align=\"justify\"><span style=\"color: #000000\"><span style=\"font-family: Arial, sans-serif\"><span style=\"font-size: medium\">Le SNETAP-FSU tient \u00e0 rappeler qu\u2019un.e pr\u00e9sident.e de CA se doit d\u2019agir dans l\u2019int\u00e9r\u00eat de l\u2019EPL et assurer une position neutre et int\u00e8gre. Il ou elle doit \u00eatre porteur.se de consensus, afin de garantir un travail serein et constructif au service de nos \u00e9l\u00e8ves, des \u00e9quipes et de l\u2019ensemble des acteurs du monde agricole.<\/span><\/span><\/span><\/p>\n<p align=\"justify\"><span style=\"color: #000000\"><span style=\"font-family: Arial, sans-serif\"><span style=\"font-size: medium\">Il rappelle que le pluralisme d\u00e9mocratique ne doit pas limiter la libert\u00e9 p\u00e9dagogique ni affaiblir la pens\u00e9e scientifique.<\/span><\/span><\/span><\/p>\n<p align=\"justify\"><strong><span style=\"color: #ff6600\"><span style=\"font-family: Arial, sans-serif\"><span style=\"font-size: medium\">Le SNETAP-FSU apporte son soutien plein et entier aux personnels de l\u2019EPL 87 qui ont \u00e9t\u00e9 attaqu\u00e9.es d\u00e9s la premi\u00e8re instance dans leur fonction d\u2019agent.e de l\u2019\u00c9tat par l\u2019affirmation infond\u00e9e qu\u2019elles et ils conduisent l\u2019enseignement agricole public \u00e0 la d\u00e9rive. Il a d&rsquo;ores et d\u00e9j\u00e0 \u00e9crit \u00e0 la Directrice r\u00e9gionale de la DRAAF pour d\u00e9noncer ces propos.<\/span><\/span><\/span><\/strong><\/p>\n<p align=\"justify\"><strong><span style=\"color: #ff6600\"><span style=\"font-family: Arial, sans-serif\"><span style=\"font-size: medium\">Notre organisation sera donc tr\u00e8s attentive au fonctionnement du Conseil d\u2019Administration de l&rsquo;EPL de Haute Vienne et interviendra aupr\u00e8s de l\u2019autorit\u00e9 acad\u00e9mique ou de la Ministre \u00e0 chaque fois qu\u2019elle le jugera n\u00e9cessaire.<\/span><\/span><\/span><\/strong><\/p>\n<p align=\"justify\">\n","protected":false},"excerpt":{"rendered":"<p>LA COORDINATION RURALE GARDE LA PR\u00c9SIDENCE DU CA DE L\u2019EPL DE HAUTE VIENNE Premier CA, premi\u00e8re attaque ! C&rsquo;est avec consternation et inqui\u00e9tude que la section r\u00e9gionale SNETAP-FSU Nouvelle-Aquitaine a pris connaissance du r\u00e9sultat de l&rsquo;\u00e9lection \u00e0 la pr\u00e9sidence et \u00e0 la vice-pr\u00e9sidence du Conseil d&rsquo;administration de l&rsquo;EPL de Limoges et du Nord Haute-Vienne, le [&hellip;]<\/p>\n","protected":false},"author":128,"featured_media":4937,"comment_status":"closed","ping_status":"closed","sticky":false,"template":"","format":"standard","meta":{"ocean_post_layout":"","ocean_both_sidebars_style":"","ocean_both_sidebars_content_width":0,"ocean_both_sidebars_sidebars_width":0,"ocean_sidebar":"","ocean_second_sidebar":"","ocean_disable_margins":"enable","ocean_add_body_class":"","ocean_shortcode_before_top_bar":"","ocean_shortcode_after_top_bar":"","ocean_shortcode_before_header":"","ocean_shortcode_after_header":"","ocean_has_shortcode":"","ocean_shortcode_after_title":"","ocean_shortcode_before_footer_widgets":"","ocean_shortcode_after_footer_widgets":"","ocean_shortcode_before_footer_bottom":"","ocean_shortcode_after_footer_bottom":"","ocean_display_top_bar":"default","ocean_display_header":"default","ocean_header_style":"","ocean_center_header_left_menu":"","ocean_custom_header_template":"","ocean_custom_logo":0,"ocean_custom_retina_logo":0,"ocean_custom_logo_max_width":0,"ocean_custom_logo_tablet_max_width":0,"ocean_custom_logo_mobile_max_width":0,"ocean_custom_logo_max_height":0,"ocean_custom_logo_tablet_max_height":0,"ocean_custom_logo_mobile_max_height":0,"ocean_header_custom_menu":"","ocean_menu_typo_font_family":"","ocean_menu_typo_font_subset":"","ocean_menu_typo_font_size":0,"ocean_menu_typo_font_size_tablet":0,"ocean_menu_typo_font_size_mobile":0,"ocean_menu_typo_font_size_unit":"px","ocean_menu_typo_font_weight":"","ocean_menu_typo_font_weight_tablet":"","ocean_menu_typo_font_weight_mobile":"","ocean_menu_typo_transform":"","ocean_menu_typo_transform_tablet":"","ocean_menu_typo_transform_mobile":"","ocean_menu_typo_line_height":0,"ocean_menu_typo_line_height_tablet":0,"ocean_menu_typo_line_height_mobile":0,"ocean_menu_typo_line_height_unit":"","ocean_menu_typo_spacing":0,"ocean_menu_typo_spacing_tablet":0,"ocean_menu_typo_spacing_mobile":0,"ocean_menu_typo_spacing_unit":"","ocean_menu_link_color":"","ocean_menu_link_color_hover":"","ocean_menu_link_color_active":"","ocean_menu_link_background":"","ocean_menu_link_hover_background":"","ocean_menu_link_active_background":"","ocean_menu_social_links_bg":"","ocean_menu_social_hover_links_bg":"","ocean_menu_social_links_color":"","ocean_menu_social_hover_links_color":"","ocean_disable_title":"default","ocean_disable_heading":"default","ocean_post_title":"","ocean_post_subheading":"","ocean_post_title_style":"","ocean_post_title_background_color":"","ocean_post_title_background":0,"ocean_post_title_bg_image_position":"","ocean_post_title_bg_image_attachment":"","ocean_post_title_bg_image_repeat":"","ocean_post_title_bg_image_size":"","ocean_post_title_height":0,"ocean_post_title_bg_overlay":0.5,"ocean_post_title_bg_overlay_color":"","ocean_disable_breadcrumbs":"default","ocean_breadcrumbs_color":"","ocean_breadcrumbs_separator_color":"","ocean_breadcrumbs_links_color":"","ocean_breadcrumbs_links_hover_color":"","ocean_display_footer_widgets":"default","ocean_display_footer_bottom":"default","ocean_custom_footer_template":"","ocean_post_oembed":"","ocean_post_self_hosted_media":"","ocean_post_video_embed":"","ocean_link_format":"","ocean_link_format_target":"self","ocean_quote_format":"","ocean_quote_format_link":"post","ocean_gallery_link_images":"on","ocean_gallery_id":[4937],"footnotes":""},"categories":[1],"tags":[],"post_folder":[],"class_list":["post-4934","post","type-post","status-publish","format-standard","has-post-thumbnail","hentry","category-message-de-service","entry","has-media"],"yoast_head":"<!-- This site is optimized with the Yoast SEO plugin v27.4 - https:\/\/yoast.com\/product\/yoast-seo-wordpress\/ -->\n<title>La CR87 attaque l&#039;enseignement d\u00e8s sa premi\u00e8re prise de parole \u00e0 la pr\u00e9sidence du CA de Limoges - NOUVELLE AQUITAINE<\/title>\n<meta name=\"robots\" content=\"index, follow, max-snippet:-1, max-image-preview:large, max-video-preview:-1\" \/>\n<link rel=\"canonical\" href=\"https:\/\/regions-snetap-fsu.fr\/na\/2025\/03\/28\/la-cr87-attaque-lenseignement-des-sa-premiere-prise-de-parole-a-la-presidence-du-ca-de-limoges\/\" \/>\n<meta property=\"og:locale\" content=\"fr_FR\" \/>\n<meta property=\"og:type\" content=\"article\" \/>\n<meta property=\"og:title\" content=\"La CR87 attaque l&#039;enseignement d\u00e8s sa premi\u00e8re prise de parole \u00e0 la pr\u00e9sidence du CA de Limoges - NOUVELLE AQUITAINE\" \/>\n<meta property=\"og:description\" content=\"LA COORDINATION RURALE GARDE LA PR\u00c9SIDENCE DU CA DE L\u2019EPL DE HAUTE VIENNE Premier CA, premi\u00e8re attaque ! C&rsquo;est avec consternation et inqui\u00e9tude que la section r\u00e9gionale SNETAP-FSU Nouvelle-Aquitaine a pris connaissance du r\u00e9sultat de l&rsquo;\u00e9lection \u00e0 la pr\u00e9sidence et \u00e0 la vice-pr\u00e9sidence du Conseil d&rsquo;administration de l&rsquo;EPL de Limoges et du Nord Haute-Vienne, le [&hellip;]\" \/>\n<meta property=\"og:url\" content=\"https:\/\/regions-snetap-fsu.fr\/na\/2025\/03\/28\/la-cr87-attaque-lenseignement-des-sa-premiere-prise-de-parole-a-la-presidence-du-ca-de-limoges\/\" \/>\n<meta property=\"og:site_name\" content=\"NOUVELLE AQUITAINE\" \/>\n<meta property=\"article:published_time\" content=\"2025-03-28T21:55:20+00:00\" \/>\n<meta property=\"article:modified_time\" content=\"2025-03-29T09:16:37+00:00\" \/>\n<meta property=\"og:image\" content=\"https:\/\/regions-snetap-fsu.fr\/na\/wp-content\/uploads\/sites\/3\/2025\/03\/B3303DA5-D84C-480C-90D2-66E5240772E9.jpg\" \/>\n\t<meta property=\"og:image:width\" content=\"640\" \/>\n\t<meta property=\"og:image:height\" content=\"640\" \/>\n\t<meta property=\"og:image:type\" content=\"image\/jpeg\" \/>\n<meta name=\"author\" content=\"olivierb\" \/>\n<meta name=\"twitter:card\" content=\"summary_large_image\" \/>\n<meta name=\"twitter:label1\" content=\"\u00c9crit par\" \/>\n\t<meta name=\"twitter:data1\" content=\"olivierb\" \/>\n\t<meta name=\"twitter:label2\" content=\"Dur\u00e9e de lecture estim\u00e9e\" \/>\n\t<meta name=\"twitter:data2\" content=\"2 minutes\" \/>\n<script type=\"application\/ld+json\" class=\"yoast-schema-graph\">{\"@context\":\"https:\\\/\\\/schema.org\",\"@graph\":[{\"@type\":\"Article\",\"@id\":\"https:\\\/\\\/regions-snetap-fsu.fr\\\/na\\\/2025\\\/03\\\/28\\\/la-cr87-attaque-lenseignement-des-sa-premiere-prise-de-parole-a-la-presidence-du-ca-de-limoges\\\/#article\",\"isPartOf\":{\"@id\":\"https:\\\/\\\/regions-snetap-fsu.fr\\\/na\\\/2025\\\/03\\\/28\\\/la-cr87-attaque-lenseignement-des-sa-premiere-prise-de-parole-a-la-presidence-du-ca-de-limoges\\\/\"},\"author\":{\"name\":\"olivierb\",\"@id\":\"https:\\\/\\\/regions-snetap-fsu.fr\\\/na\\\/#\\\/schema\\\/person\\\/bdf1c4fe149dcf915601f9de85ba379f\"},\"headline\":\"La CR87 attaque l&rsquo;enseignement d\u00e8s sa premi\u00e8re prise de parole \u00e0 la pr\u00e9sidence du CA de Limoges\",\"datePublished\":\"2025-03-28T21:55:20+00:00\",\"dateModified\":\"2025-03-29T09:16:37+00:00\",\"mainEntityOfPage\":{\"@id\":\"https:\\\/\\\/regions-snetap-fsu.fr\\\/na\\\/2025\\\/03\\\/28\\\/la-cr87-attaque-lenseignement-des-sa-premiere-prise-de-parole-a-la-presidence-du-ca-de-limoges\\\/\"},\"wordCount\":440,\"publisher\":{\"@id\":\"https:\\\/\\\/regions-snetap-fsu.fr\\\/na\\\/#organization\"},\"image\":{\"@id\":\"https:\\\/\\\/regions-snetap-fsu.fr\\\/na\\\/2025\\\/03\\\/28\\\/la-cr87-attaque-lenseignement-des-sa-premiere-prise-de-parole-a-la-presidence-du-ca-de-limoges\\\/#primaryimage\"},\"thumbnailUrl\":\"https:\\\/\\\/regions-snetap-fsu.fr\\\/na\\\/wp-content\\\/uploads\\\/sites\\\/3\\\/2025\\\/03\\\/B3303DA5-D84C-480C-90D2-66E5240772E9.jpg\",\"articleSection\":[\"Message de service\"],\"inLanguage\":\"fr-FR\"},{\"@type\":\"WebPage\",\"@id\":\"https:\\\/\\\/regions-snetap-fsu.fr\\\/na\\\/2025\\\/03\\\/28\\\/la-cr87-attaque-lenseignement-des-sa-premiere-prise-de-parole-a-la-presidence-du-ca-de-limoges\\\/\",\"url\":\"https:\\\/\\\/regions-snetap-fsu.fr\\\/na\\\/2025\\\/03\\\/28\\\/la-cr87-attaque-lenseignement-des-sa-premiere-prise-de-parole-a-la-presidence-du-ca-de-limoges\\\/\",\"name\":\"La CR87 attaque l'enseignement d\u00e8s sa premi\u00e8re prise de parole \u00e0 la pr\u00e9sidence du CA de Limoges - NOUVELLE AQUITAINE\",\"isPartOf\":{\"@id\":\"https:\\\/\\\/regions-snetap-fsu.fr\\\/na\\\/#website\"},\"primaryImageOfPage\":{\"@id\":\"https:\\\/\\\/regions-snetap-fsu.fr\\\/na\\\/2025\\\/03\\\/28\\\/la-cr87-attaque-lenseignement-des-sa-premiere-prise-de-parole-a-la-presidence-du-ca-de-limoges\\\/#primaryimage\"},\"image\":{\"@id\":\"https:\\\/\\\/regions-snetap-fsu.fr\\\/na\\\/2025\\\/03\\\/28\\\/la-cr87-attaque-lenseignement-des-sa-premiere-prise-de-parole-a-la-presidence-du-ca-de-limoges\\\/#primaryimage\"},\"thumbnailUrl\":\"https:\\\/\\\/regions-snetap-fsu.fr\\\/na\\\/wp-content\\\/uploads\\\/sites\\\/3\\\/2025\\\/03\\\/B3303DA5-D84C-480C-90D2-66E5240772E9.jpg\",\"datePublished\":\"2025-03-28T21:55:20+00:00\",\"dateModified\":\"2025-03-29T09:16:37+00:00\",\"breadcrumb\":{\"@id\":\"https:\\\/\\\/regions-snetap-fsu.fr\\\/na\\\/2025\\\/03\\\/28\\\/la-cr87-attaque-lenseignement-des-sa-premiere-prise-de-parole-a-la-presidence-du-ca-de-limoges\\\/#breadcrumb\"},\"inLanguage\":\"fr-FR\",\"potentialAction\":[{\"@type\":\"ReadAction\",\"target\":[\"https:\\\/\\\/regions-snetap-fsu.fr\\\/na\\\/2025\\\/03\\\/28\\\/la-cr87-attaque-lenseignement-des-sa-premiere-prise-de-parole-a-la-presidence-du-ca-de-limoges\\\/\"]}]},{\"@type\":\"ImageObject\",\"inLanguage\":\"fr-FR\",\"@id\":\"https:\\\/\\\/regions-snetap-fsu.fr\\\/na\\\/2025\\\/03\\\/28\\\/la-cr87-attaque-lenseignement-des-sa-premiere-prise-de-parole-a-la-presidence-du-ca-de-limoges\\\/#primaryimage\",\"url\":\"https:\\\/\\\/regions-snetap-fsu.fr\\\/na\\\/wp-content\\\/uploads\\\/sites\\\/3\\\/2025\\\/03\\\/B3303DA5-D84C-480C-90D2-66E5240772E9.jpg\",\"contentUrl\":\"https:\\\/\\\/regions-snetap-fsu.fr\\\/na\\\/wp-content\\\/uploads\\\/sites\\\/3\\\/2025\\\/03\\\/B3303DA5-D84C-480C-90D2-66E5240772E9.jpg\",\"width\":640,\"height\":640},{\"@type\":\"BreadcrumbList\",\"@id\":\"https:\\\/\\\/regions-snetap-fsu.fr\\\/na\\\/2025\\\/03\\\/28\\\/la-cr87-attaque-lenseignement-des-sa-premiere-prise-de-parole-a-la-presidence-du-ca-de-limoges\\\/#breadcrumb\",\"itemListElement\":[{\"@type\":\"ListItem\",\"position\":1,\"name\":\"Accueil\",\"item\":\"https:\\\/\\\/regions-snetap-fsu.fr\\\/na\\\/\"},{\"@type\":\"ListItem\",\"position\":2,\"name\":\"La CR87 attaque l&rsquo;enseignement d\u00e8s sa premi\u00e8re prise de parole \u00e0 la pr\u00e9sidence du CA de Limoges\"}]},{\"@type\":\"WebSite\",\"@id\":\"https:\\\/\\\/regions-snetap-fsu.fr\\\/na\\\/#website\",\"url\":\"https:\\\/\\\/regions-snetap-fsu.fr\\\/na\\\/\",\"name\":\"SNETAP-FSU NOUVELLE AQUITAINE\",\"description\":\"Blog de la Section R\u00e9gionale\",\"publisher\":{\"@id\":\"https:\\\/\\\/regions-snetap-fsu.fr\\\/na\\\/#organization\"},\"potentialAction\":[{\"@type\":\"SearchAction\",\"target\":{\"@type\":\"EntryPoint\",\"urlTemplate\":\"https:\\\/\\\/regions-snetap-fsu.fr\\\/na\\\/?s={search_term_string}\"},\"query-input\":{\"@type\":\"PropertyValueSpecification\",\"valueRequired\":true,\"valueName\":\"search_term_string\"}}],\"inLanguage\":\"fr-FR\"},{\"@type\":\"Organization\",\"@id\":\"https:\\\/\\\/regions-snetap-fsu.fr\\\/na\\\/#organization\",\"name\":\"SNETAP-FSU - Nouvelle Aquitaine\",\"url\":\"https:\\\/\\\/regions-snetap-fsu.fr\\\/na\\\/\",\"logo\":{\"@type\":\"ImageObject\",\"inLanguage\":\"fr-FR\",\"@id\":\"https:\\\/\\\/regions-snetap-fsu.fr\\\/na\\\/#\\\/schema\\\/logo\\\/image\\\/\",\"url\":\"https:\\\/\\\/regions-snetap-fsu.fr\\\/na\\\/wp-content\\\/uploads\\\/sites\\\/3\\\/2020\\\/12\\\/SNETAP-Logo.jpg\",\"contentUrl\":\"https:\\\/\\\/regions-snetap-fsu.fr\\\/na\\\/wp-content\\\/uploads\\\/sites\\\/3\\\/2020\\\/12\\\/SNETAP-Logo.jpg\",\"width\":464,\"height\":334,\"caption\":\"SNETAP-FSU - Nouvelle Aquitaine\"},\"image\":{\"@id\":\"https:\\\/\\\/regions-snetap-fsu.fr\\\/na\\\/#\\\/schema\\\/logo\\\/image\\\/\"}},{\"@type\":\"Person\",\"@id\":\"https:\\\/\\\/regions-snetap-fsu.fr\\\/na\\\/#\\\/schema\\\/person\\\/bdf1c4fe149dcf915601f9de85ba379f\",\"name\":\"olivierb\",\"image\":{\"@type\":\"ImageObject\",\"inLanguage\":\"fr-FR\",\"@id\":\"https:\\\/\\\/secure.gravatar.com\\\/avatar\\\/d9cce0db1146844098d0ec7fae94551015c4ff78117aab56897823bb265a7bc9?s=96&d=mm&r=g\",\"url\":\"https:\\\/\\\/secure.gravatar.com\\\/avatar\\\/d9cce0db1146844098d0ec7fae94551015c4ff78117aab56897823bb265a7bc9?s=96&d=mm&r=g\",\"contentUrl\":\"https:\\\/\\\/secure.gravatar.com\\\/avatar\\\/d9cce0db1146844098d0ec7fae94551015c4ff78117aab56897823bb265a7bc9?s=96&d=mm&r=g\",\"caption\":\"olivierb\"},\"url\":\"https:\\\/\\\/regions-snetap-fsu.fr\\\/na\\\/author\\\/olivierb\\\/\"}]}<\/script>\n<!-- \/ Yoast SEO plugin. -->","yoast_head_json":{"title":"La CR87 attaque l'enseignement d\u00e8s sa premi\u00e8re prise de parole \u00e0 la pr\u00e9sidence du CA de Limoges - NOUVELLE AQUITAINE","robots":{"index":"index","follow":"follow","max-snippet":"max-snippet:-1","max-image-preview":"max-image-preview:large","max-video-preview":"max-video-preview:-1"},"canonical":"https:\/\/regions-snetap-fsu.fr\/na\/2025\/03\/28\/la-cr87-attaque-lenseignement-des-sa-premiere-prise-de-parole-a-la-presidence-du-ca-de-limoges\/","og_locale":"fr_FR","og_type":"article","og_title":"La CR87 attaque l'enseignement d\u00e8s sa premi\u00e8re prise de parole \u00e0 la pr\u00e9sidence du CA de Limoges - NOUVELLE AQUITAINE","og_description":"LA COORDINATION RURALE GARDE LA PR\u00c9SIDENCE DU CA DE L\u2019EPL DE HAUTE VIENNE Premier CA, premi\u00e8re attaque ! C&rsquo;est avec consternation et inqui\u00e9tude que la section r\u00e9gionale SNETAP-FSU Nouvelle-Aquitaine a pris connaissance du r\u00e9sultat de l&rsquo;\u00e9lection \u00e0 la pr\u00e9sidence et \u00e0 la vice-pr\u00e9sidence du Conseil d&rsquo;administration de l&rsquo;EPL de Limoges et du Nord Haute-Vienne, le [&hellip;]","og_url":"https:\/\/regions-snetap-fsu.fr\/na\/2025\/03\/28\/la-cr87-attaque-lenseignement-des-sa-premiere-prise-de-parole-a-la-presidence-du-ca-de-limoges\/","og_site_name":"NOUVELLE AQUITAINE","article_published_time":"2025-03-28T21:55:20+00:00","article_modified_time":"2025-03-29T09:16:37+00:00","og_image":[{"width":640,"height":640,"url":"https:\/\/regions-snetap-fsu.fr\/na\/wp-content\/uploads\/sites\/3\/2025\/03\/B3303DA5-D84C-480C-90D2-66E5240772E9.jpg","type":"image\/jpeg"}],"author":"olivierb","twitter_card":"summary_large_image","twitter_misc":{"\u00c9crit par":"olivierb","Dur\u00e9e de lecture estim\u00e9e":"2 minutes"},"schema":{"@context":"https:\/\/schema.org","@graph":[{"@type":"Article","@id":"https:\/\/regions-snetap-fsu.fr\/na\/2025\/03\/28\/la-cr87-attaque-lenseignement-des-sa-premiere-prise-de-parole-a-la-presidence-du-ca-de-limoges\/#article","isPartOf":{"@id":"https:\/\/regions-snetap-fsu.fr\/na\/2025\/03\/28\/la-cr87-attaque-lenseignement-des-sa-premiere-prise-de-parole-a-la-presidence-du-ca-de-limoges\/"},"author":{"name":"olivierb","@id":"https:\/\/regions-snetap-fsu.fr\/na\/#\/schema\/person\/bdf1c4fe149dcf915601f9de85ba379f"},"headline":"La CR87 attaque l&rsquo;enseignement d\u00e8s sa premi\u00e8re prise de parole \u00e0 la pr\u00e9sidence du CA de Limoges","datePublished":"2025-03-28T21:55:20+00:00","dateModified":"2025-03-29T09:16:37+00:00","mainEntityOfPage":{"@id":"https:\/\/regions-snetap-fsu.fr\/na\/2025\/03\/28\/la-cr87-attaque-lenseignement-des-sa-premiere-prise-de-parole-a-la-presidence-du-ca-de-limoges\/"},"wordCount":440,"publisher":{"@id":"https:\/\/regions-snetap-fsu.fr\/na\/#organization"},"image":{"@id":"https:\/\/regions-snetap-fsu.fr\/na\/2025\/03\/28\/la-cr87-attaque-lenseignement-des-sa-premiere-prise-de-parole-a-la-presidence-du-ca-de-limoges\/#primaryimage"},"thumbnailUrl":"https:\/\/regions-snetap-fsu.fr\/na\/wp-content\/uploads\/sites\/3\/2025\/03\/B3303DA5-D84C-480C-90D2-66E5240772E9.jpg","articleSection":["Message de service"],"inLanguage":"fr-FR"},{"@type":"WebPage","@id":"https:\/\/regions-snetap-fsu.fr\/na\/2025\/03\/28\/la-cr87-attaque-lenseignement-des-sa-premiere-prise-de-parole-a-la-presidence-du-ca-de-limoges\/","url":"https:\/\/regions-snetap-fsu.fr\/na\/2025\/03\/28\/la-cr87-attaque-lenseignement-des-sa-premiere-prise-de-parole-a-la-presidence-du-ca-de-limoges\/","name":"La CR87 attaque l'enseignement d\u00e8s sa premi\u00e8re prise de parole \u00e0 la pr\u00e9sidence du CA de Limoges - NOUVELLE AQUITAINE","isPartOf":{"@id":"https:\/\/regions-snetap-fsu.fr\/na\/#website"},"primaryImageOfPage":{"@id":"https:\/\/regions-snetap-fsu.fr\/na\/2025\/03\/28\/la-cr87-attaque-lenseignement-des-sa-premiere-prise-de-parole-a-la-presidence-du-ca-de-limoges\/#primaryimage"},"image":{"@id":"https:\/\/regions-snetap-fsu.fr\/na\/2025\/03\/28\/la-cr87-attaque-lenseignement-des-sa-premiere-prise-de-parole-a-la-presidence-du-ca-de-limoges\/#primaryimage"},"thumbnailUrl":"https:\/\/regions-snetap-fsu.fr\/na\/wp-content\/uploads\/sites\/3\/2025\/03\/B3303DA5-D84C-480C-90D2-66E5240772E9.jpg","datePublished":"2025-03-28T21:55:20+00:00","dateModified":"2025-03-29T09:16:37+00:00","breadcrumb":{"@id":"https:\/\/regions-snetap-fsu.fr\/na\/2025\/03\/28\/la-cr87-attaque-lenseignement-des-sa-premiere-prise-de-parole-a-la-presidence-du-ca-de-limoges\/#breadcrumb"},"inLanguage":"fr-FR","potentialAction":[{"@type":"ReadAction","target":["https:\/\/regions-snetap-fsu.fr\/na\/2025\/03\/28\/la-cr87-attaque-lenseignement-des-sa-premiere-prise-de-parole-a-la-presidence-du-ca-de-limoges\/"]}]},{"@type":"ImageObject","inLanguage":"fr-FR","@id":"https:\/\/regions-snetap-fsu.fr\/na\/2025\/03\/28\/la-cr87-attaque-lenseignement-des-sa-premiere-prise-de-parole-a-la-presidence-du-ca-de-limoges\/#primaryimage","url":"https:\/\/regions-snetap-fsu.fr\/na\/wp-content\/uploads\/sites\/3\/2025\/03\/B3303DA5-D84C-480C-90D2-66E5240772E9.jpg","contentUrl":"https:\/\/regions-snetap-fsu.fr\/na\/wp-content\/uploads\/sites\/3\/2025\/03\/B3303DA5-D84C-480C-90D2-66E5240772E9.jpg","width":640,"height":640},{"@type":"BreadcrumbList","@id":"https:\/\/regions-snetap-fsu.fr\/na\/2025\/03\/28\/la-cr87-attaque-lenseignement-des-sa-premiere-prise-de-parole-a-la-presidence-du-ca-de-limoges\/#breadcrumb","itemListElement":[{"@type":"ListItem","position":1,"name":"Accueil","item":"https:\/\/regions-snetap-fsu.fr\/na\/"},{"@type":"ListItem","position":2,"name":"La CR87 attaque l&rsquo;enseignement d\u00e8s sa premi\u00e8re prise de parole \u00e0 la pr\u00e9sidence du CA de Limoges"}]},{"@type":"WebSite","@id":"https:\/\/regions-snetap-fsu.fr\/na\/#website","url":"https:\/\/regions-snetap-fsu.fr\/na\/","name":"SNETAP-FSU NOUVELLE AQUITAINE","description":"Blog de la Section R\u00e9gionale","publisher":{"@id":"https:\/\/regions-snetap-fsu.fr\/na\/#organization"},"potentialAction":[{"@type":"SearchAction","target":{"@type":"EntryPoint","urlTemplate":"https:\/\/regions-snetap-fsu.fr\/na\/?s={search_term_string}"},"query-input":{"@type":"PropertyValueSpecification","valueRequired":true,"valueName":"search_term_string"}}],"inLanguage":"fr-FR"},{"@type":"Organization","@id":"https:\/\/regions-snetap-fsu.fr\/na\/#organization","name":"SNETAP-FSU - Nouvelle Aquitaine","url":"https:\/\/regions-snetap-fsu.fr\/na\/","logo":{"@type":"ImageObject","inLanguage":"fr-FR","@id":"https:\/\/regions-snetap-fsu.fr\/na\/#\/schema\/logo\/image\/","url":"https:\/\/regions-snetap-fsu.fr\/na\/wp-content\/uploads\/sites\/3\/2020\/12\/SNETAP-Logo.jpg","contentUrl":"https:\/\/regions-snetap-fsu.fr\/na\/wp-content\/uploads\/sites\/3\/2020\/12\/SNETAP-Logo.jpg","width":464,"height":334,"caption":"SNETAP-FSU - Nouvelle Aquitaine"},"image":{"@id":"https:\/\/regions-snetap-fsu.fr\/na\/#\/schema\/logo\/image\/"}},{"@type":"Person","@id":"https:\/\/regions-snetap-fsu.fr\/na\/#\/schema\/person\/bdf1c4fe149dcf915601f9de85ba379f","name":"olivierb","image":{"@type":"ImageObject","inLanguage":"fr-FR","@id":"https:\/\/secure.gravatar.com\/avatar\/d9cce0db1146844098d0ec7fae94551015c4ff78117aab56897823bb265a7bc9?s=96&d=mm&r=g","url":"https:\/\/secure.gravatar.com\/avatar\/d9cce0db1146844098d0ec7fae94551015c4ff78117aab56897823bb265a7bc9?s=96&d=mm&r=g","contentUrl":"https:\/\/secure.gravatar.com\/avatar\/d9cce0db1146844098d0ec7fae94551015c4ff78117aab56897823bb265a7bc9?s=96&d=mm&r=g","caption":"olivierb"},"url":"https:\/\/regions-snetap-fsu.fr\/na\/author\/olivierb\/"}]}},"_links":{"self":[{"href":"https:\/\/regions-snetap-fsu.fr\/na\/wp-json\/wp\/v2\/posts\/4934","targetHints":{"allow":["GET"]}}],"collection":[{"href":"https:\/\/regions-snetap-fsu.fr\/na\/wp-json\/wp\/v2\/posts"}],"about":[{"href":"https:\/\/regions-snetap-fsu.fr\/na\/wp-json\/wp\/v2\/types\/post"}],"author":[{"embeddable":true,"href":"https:\/\/regions-snetap-fsu.fr\/na\/wp-json\/wp\/v2\/users\/128"}],"replies":[{"embeddable":true,"href":"https:\/\/regions-snetap-fsu.fr\/na\/wp-json\/wp\/v2\/comments?post=4934"}],"version-history":[{"count":4,"href":"https:\/\/regions-snetap-fsu.fr\/na\/wp-json\/wp\/v2\/posts\/4934\/revisions"}],"predecessor-version":[{"id":4940,"href":"https:\/\/regions-snetap-fsu.fr\/na\/wp-json\/wp\/v2\/posts\/4934\/revisions\/4940"}],"wp:featuredmedia":[{"embeddable":true,"href":"https:\/\/regions-snetap-fsu.fr\/na\/wp-json\/wp\/v2\/media\/4937"}],"wp:attachment":[{"href":"https:\/\/regions-snetap-fsu.fr\/na\/wp-json\/wp\/v2\/media?parent=4934"}],"wp:term":[{"taxonomy":"category","embeddable":true,"href":"https:\/\/regions-snetap-fsu.fr\/na\/wp-json\/wp\/v2\/categories?post=4934"},{"taxonomy":"post_tag","embeddable":true,"href":"https:\/\/regions-snetap-fsu.fr\/na\/wp-json\/wp\/v2\/tags?post=4934"},{"taxonomy":"post_folder","embeddable":true,"href":"https:\/\/regions-snetap-fsu.fr\/na\/wp-json\/wp\/v2\/post_folder?post=4934"}],"curies":[{"name":"wp","href":"https:\/\/api.w.org\/{rel}","templated":true}]}}