{"id":4911,"date":"2025-03-26T16:55:24","date_gmt":"2025-03-26T15:55:24","guid":{"rendered":"https:\/\/regions-snetap-fsu.fr\/na\/?p=4911"},"modified":"2025-04-20T13:54:23","modified_gmt":"2025-04-20T11:54:23","slug":"25-mars-mobilisation-devant-la-draaf-a-limoges","status":"publish","type":"post","link":"https:\/\/regions-snetap-fsu.fr\/na\/2025\/03\/26\/25-mars-mobilisation-devant-la-draaf-a-limoges\/","title":{"rendered":"25 mars, mobilisation devant la DRAAF \u00e0 Limoges"},"content":{"rendered":"<p><strong><span style=\"color: #ff6600\">Mardi 25 mars 2025, \u00e0 l\u2019appel de l\u2019intersyndicale de l\u2019Enseignement Agricole Public et avec le soutien de la Conf\u00e9d\u00e9ration paysanne et de la FCPE, les personnels des lyc\u00e9es agricoles de Nouvelle Aquitaine se sont mobilis\u00e9s devant la DRAAF \u00e0 Limoges pour refuser la casse de l\u2019Enseignement Agricole Public. Une d\u00e9l\u00e9gation intersyndicale a rencontr\u00e9 la Directrice r\u00e9gionale adjointe en fin de matin\u00e9e.<\/span><\/strong><\/p>\n<p>La DRAAF Nouvelle-Aquitaine annonce une diminution des moyens allou\u00e9s \u00e0 l\u2019EAP au niveau r\u00e9gional. Ce sont au moins 5 500 heures de dotation globale horaire (DGH) qui devraient dispara\u00eetre pour notre r\u00e9gion.<\/p>\n<p>3 300 heures sont d&rsquo;ores et d\u00e9j\u00e0 supprim\u00e9es. Cette baisse de moyens aura pour cons\u00e9quences tr\u00e8s concr\u00e8tes la suppressions de 8 postes (ETP) et la disparition de 4 classes \u00e0 Niort, Bourcefranc, Surg\u00e8res et Blanquefort.<\/p>\n<p>Il reste donc 2 200 heures qui ne sont pas encore cibl\u00e9es. Si la DRAAF a voulu \u00eatre rassurante sur ces moyens qu&rsquo;elle pense pouvoir garder, elle n&rsquo;a malheureusement pas \u00e9t\u00e9 capable de nous apporter des garanties et de contredire nos arguments plus pessimistes.<\/p>\n<p><span style=\"color: #008000\"><strong>Cinq autres rassemblements avaient lieu en m\u00eame temps que celui de Limoges dans des r\u00e9gions particuli\u00e8rement touch\u00e9es par les baisses de cr\u00e9dits. Aucun des rendez vous avec les autorit\u00e9s acad\u00e9miques n&rsquo;ont permis d&rsquo;apporter davantage de r\u00e9ponses \u00e0 nos revendications.<\/strong><\/span><\/p>\n<p><span style=\"color: #008000\"><strong>L\u2019Intersyndicale se retrouvera donc rapidement pour envisager les suites \u00e0 donner \u00e0 <a href=\"https:\/\/regions-snetap-fsu.fr\/na\/2025\/02\/15\/13-fevrier-une-tres-forte-mobilisation-regionale-pour-la-defense-de-leap\/\">notre mobilisation commenc\u00e9e le 13 f\u00e9vrier<\/a>.\u00a0<\/strong><\/span><\/p>\n<p><strong><span style=\"color: #ff6600\">Retrouvez ici<a style=\"color: #ff6600\" href=\"https:\/\/regions-snetap-fsu.fr\/na\/wp-content\/uploads\/sites\/3\/2025\/03\/2025-03-25_Compte-rendu-daudience-intersyndicale.pdf\"> le compte rendu de l&rsquo;audience avec la Directrice r\u00e9gionale adjointe\u00a0<\/a><\/span><\/strong><\/p>\n<p>Retrouvez cette mobilisation dans les m\u00e9dias r\u00e9gionaux :<\/p>\n<ul>\n<li><a href=\"https:\/\/www.francebleu.fr\/infos\/education\/limoges-des-enseignants-des-lycees-agricoles-vent-debout-contre-la-baisse-des-moyens-en-nouvelle-aquitaine-3357031\">Ici Limousin<\/a><\/li>\n<li><a href=\"https:\/\/www.lepopulaire.fr\/limoges-87000\/economie\/manifestation-a-limoges-contre-les-suppressions-de-postes-dans-les-lycees-agricoles_14660722\/\">Populaire du Centre<\/a><\/li>\n<\/ul>\n<p>&nbsp;<\/p>\n<table style=\"border-collapse: collapse;width: 100%;height: 825px\">\n<tbody>\n<tr style=\"height: 225px\">\n<td style=\"width: 50%;height: 225px\"><img fetchpriority=\"high\" decoding=\"async\" class=\" wp-image-4916 aligncenter\" src=\"https:\/\/regions-snetap-fsu.fr\/na\/wp-content\/uploads\/sites\/3\/2025\/03\/486109402_1204572328336905_8613660194380424441_n-300x225.jpg\" alt=\"\" width=\"376\" height=\"282\" srcset=\"https:\/\/regions-snetap-fsu.fr\/na\/wp-content\/uploads\/sites\/3\/2025\/03\/486109402_1204572328336905_8613660194380424441_n-300x225.jpg 300w, https:\/\/regions-snetap-fsu.fr\/na\/wp-content\/uploads\/sites\/3\/2025\/03\/486109402_1204572328336905_8613660194380424441_n-1024x768.jpg 1024w, https:\/\/regions-snetap-fsu.fr\/na\/wp-content\/uploads\/sites\/3\/2025\/03\/486109402_1204572328336905_8613660194380424441_n-768x576.jpg 768w, https:\/\/regions-snetap-fsu.fr\/na\/wp-content\/uploads\/sites\/3\/2025\/03\/486109402_1204572328336905_8613660194380424441_n-1536x1152.jpg 1536w, https:\/\/regions-snetap-fsu.fr\/na\/wp-content\/uploads\/sites\/3\/2025\/03\/486109402_1204572328336905_8613660194380424441_n.jpg 2048w\" sizes=\"(max-width: 376px) 100vw, 376px\" \/><\/p>\n<p>&nbsp;<\/td>\n<td style=\"width: 50%;height: 225px\"><img decoding=\"async\" class=\" wp-image-4914 aligncenter\" src=\"https:\/\/regions-snetap-fsu.fr\/na\/wp-content\/uploads\/sites\/3\/2025\/03\/486023758_1204572515003553_8228118746186263853_n-300x169.jpg\" alt=\"\" width=\"379\" height=\"214\" srcset=\"https:\/\/regions-snetap-fsu.fr\/na\/wp-content\/uploads\/sites\/3\/2025\/03\/486023758_1204572515003553_8228118746186263853_n-300x169.jpg 300w, https:\/\/regions-snetap-fsu.fr\/na\/wp-content\/uploads\/sites\/3\/2025\/03\/486023758_1204572515003553_8228118746186263853_n-1024x576.jpg 1024w, https:\/\/regions-snetap-fsu.fr\/na\/wp-content\/uploads\/sites\/3\/2025\/03\/486023758_1204572515003553_8228118746186263853_n-768x432.jpg 768w, https:\/\/regions-snetap-fsu.fr\/na\/wp-content\/uploads\/sites\/3\/2025\/03\/486023758_1204572515003553_8228118746186263853_n-1536x864.jpg 1536w, https:\/\/regions-snetap-fsu.fr\/na\/wp-content\/uploads\/sites\/3\/2025\/03\/486023758_1204572515003553_8228118746186263853_n-800x450.jpg 800w, https:\/\/regions-snetap-fsu.fr\/na\/wp-content\/uploads\/sites\/3\/2025\/03\/486023758_1204572515003553_8228118746186263853_n.jpg 2048w\" sizes=\"(max-width: 379px) 100vw, 379px\" \/><\/td>\n<\/tr>\n<tr style=\"height: 300px\">\n<td style=\"width: 50%;height: 300px\"><img decoding=\"async\" class=\" wp-image-4913 aligncenter\" src=\"https:\/\/regions-snetap-fsu.fr\/na\/wp-content\/uploads\/sites\/3\/2025\/03\/485345628_1204572631670208_54307858870141308_n-225x300.jpg\" alt=\"\" width=\"275\" height=\"367\" srcset=\"https:\/\/regions-snetap-fsu.fr\/na\/wp-content\/uploads\/sites\/3\/2025\/03\/485345628_1204572631670208_54307858870141308_n-225x300.jpg 225w, https:\/\/regions-snetap-fsu.fr\/na\/wp-content\/uploads\/sites\/3\/2025\/03\/485345628_1204572631670208_54307858870141308_n-769x1024.jpg 769w, https:\/\/regions-snetap-fsu.fr\/na\/wp-content\/uploads\/sites\/3\/2025\/03\/485345628_1204572631670208_54307858870141308_n-768x1023.jpg 768w, https:\/\/regions-snetap-fsu.fr\/na\/wp-content\/uploads\/sites\/3\/2025\/03\/485345628_1204572631670208_54307858870141308_n-1154x1536.jpg 1154w, https:\/\/regions-snetap-fsu.fr\/na\/wp-content\/uploads\/sites\/3\/2025\/03\/485345628_1204572631670208_54307858870141308_n.jpg 1538w\" sizes=\"(max-width: 275px) 100vw, 275px\" \/><\/p>\n<p>&nbsp;<\/td>\n<td style=\"width: 50%;height: 300px\"><img loading=\"lazy\" decoding=\"async\" class=\" wp-image-4917 aligncenter\" src=\"https:\/\/regions-snetap-fsu.fr\/na\/wp-content\/uploads\/sites\/3\/2025\/03\/IQHH2623-225x300.jpg\" alt=\"\" width=\"258\" height=\"344\" srcset=\"https:\/\/regions-snetap-fsu.fr\/na\/wp-content\/uploads\/sites\/3\/2025\/03\/IQHH2623-225x300.jpg 225w, https:\/\/regions-snetap-fsu.fr\/na\/wp-content\/uploads\/sites\/3\/2025\/03\/IQHH2623-768x1024.jpg 768w, https:\/\/regions-snetap-fsu.fr\/na\/wp-content\/uploads\/sites\/3\/2025\/03\/IQHH2623-1152x1536.jpg 1152w, https:\/\/regions-snetap-fsu.fr\/na\/wp-content\/uploads\/sites\/3\/2025\/03\/IQHH2623.jpg 1200w\" sizes=\"(max-width: 258px) 100vw, 258px\" \/><\/td>\n<\/tr>\n<tr style=\"height: 300px\">\n<td style=\"width: 50%;height: 300px\"><img loading=\"lazy\" decoding=\"async\" class=\" wp-image-4915 aligncenter\" src=\"https:\/\/regions-snetap-fsu.fr\/na\/wp-content\/uploads\/sites\/3\/2025\/03\/486067549_1204572721670199_3984523716258235901_n-300x225.jpg\" alt=\"\" width=\"383\" height=\"287\" srcset=\"https:\/\/regions-snetap-fsu.fr\/na\/wp-content\/uploads\/sites\/3\/2025\/03\/486067549_1204572721670199_3984523716258235901_n-300x225.jpg 300w, https:\/\/regions-snetap-fsu.fr\/na\/wp-content\/uploads\/sites\/3\/2025\/03\/486067549_1204572721670199_3984523716258235901_n-1024x769.jpg 1024w, https:\/\/regions-snetap-fsu.fr\/na\/wp-content\/uploads\/sites\/3\/2025\/03\/486067549_1204572721670199_3984523716258235901_n-768x577.jpg 768w, https:\/\/regions-snetap-fsu.fr\/na\/wp-content\/uploads\/sites\/3\/2025\/03\/486067549_1204572721670199_3984523716258235901_n-1536x1154.jpg 1536w, https:\/\/regions-snetap-fsu.fr\/na\/wp-content\/uploads\/sites\/3\/2025\/03\/486067549_1204572721670199_3984523716258235901_n.jpg 2048w\" sizes=\"(max-width: 383px) 100vw, 383px\" \/><\/td>\n<td style=\"width: 50%;height: 300px\"><img loading=\"lazy\" decoding=\"async\" class=\" wp-image-4922 aligncenter\" src=\"https:\/\/regions-snetap-fsu.fr\/na\/wp-content\/uploads\/sites\/3\/2025\/03\/signal-2025-03-25-123807-300x225.jpeg\" alt=\"\" width=\"383\" height=\"287\" srcset=\"https:\/\/regions-snetap-fsu.fr\/na\/wp-content\/uploads\/sites\/3\/2025\/03\/signal-2025-03-25-123807-300x225.jpeg 300w, https:\/\/regions-snetap-fsu.fr\/na\/wp-content\/uploads\/sites\/3\/2025\/03\/signal-2025-03-25-123807-1024x769.jpeg 1024w, https:\/\/regions-snetap-fsu.fr\/na\/wp-content\/uploads\/sites\/3\/2025\/03\/signal-2025-03-25-123807-768x577.jpeg 768w, https:\/\/regions-snetap-fsu.fr\/na\/wp-content\/uploads\/sites\/3\/2025\/03\/signal-2025-03-25-123807-1536x1154.jpeg 1536w, https:\/\/regions-snetap-fsu.fr\/na\/wp-content\/uploads\/sites\/3\/2025\/03\/signal-2025-03-25-123807.jpeg 2048w\" sizes=\"(max-width: 383px) 100vw, 383px\" \/><\/td>\n<\/tr>\n<\/tbody>\n<\/table>\n<p>&nbsp;<\/p>\n<table style=\"border-collapse: collapse;width: 100%\">\n<tbody>\n<tr>\n<td style=\"width: 50%\"><img loading=\"lazy\" decoding=\"async\" class=\"alignnone wp-image-4928\" src=\"https:\/\/regions-snetap-fsu.fr\/na\/wp-content\/uploads\/sites\/3\/2025\/03\/QLGE5818-bis-290x300.jpg\" alt=\"\" width=\"423\" height=\"438\" srcset=\"https:\/\/regions-snetap-fsu.fr\/na\/wp-content\/uploads\/sites\/3\/2025\/03\/QLGE5818-bis-290x300.jpg 290w, https:\/\/regions-snetap-fsu.fr\/na\/wp-content\/uploads\/sites\/3\/2025\/03\/QLGE5818-bis-991x1024.jpg 991w, https:\/\/regions-snetap-fsu.fr\/na\/wp-content\/uploads\/sites\/3\/2025\/03\/QLGE5818-bis-768x794.jpg 768w, https:\/\/regions-snetap-fsu.fr\/na\/wp-content\/uploads\/sites\/3\/2025\/03\/QLGE5818-bis.jpg 1198w\" sizes=\"(max-width: 423px) 100vw, 423px\" \/><\/td>\n<td style=\"width: 50%\"><img loading=\"lazy\" decoding=\"async\" class=\" wp-image-4931 aligncenter\" src=\"https:\/\/regions-snetap-fsu.fr\/na\/wp-content\/uploads\/sites\/3\/2025\/03\/NUCS7515-bis-288x300.jpg\" alt=\"\" width=\"381\" height=\"397\" srcset=\"https:\/\/regions-snetap-fsu.fr\/na\/wp-content\/uploads\/sites\/3\/2025\/03\/NUCS7515-bis-288x300.jpg 288w, https:\/\/regions-snetap-fsu.fr\/na\/wp-content\/uploads\/sites\/3\/2025\/03\/NUCS7515-bis-983x1024.jpg 983w, https:\/\/regions-snetap-fsu.fr\/na\/wp-content\/uploads\/sites\/3\/2025\/03\/NUCS7515-bis-768x800.jpg 768w, https:\/\/regions-snetap-fsu.fr\/na\/wp-content\/uploads\/sites\/3\/2025\/03\/NUCS7515-bis.jpg 1199w\" sizes=\"(max-width: 381px) 100vw, 381px\" \/><\/td>\n<\/tr>\n<\/tbody>\n<\/table>\n<p>&nbsp;<\/p>\n<p>&nbsp;<\/p>\n<p>&nbsp;<\/p>\n<p>&nbsp;<\/p>\n","protected":false},"excerpt":{"rendered":"<p>Mardi 25 mars 2025, \u00e0 l\u2019appel de l\u2019intersyndicale de l\u2019Enseignement Agricole Public et avec le soutien de la Conf\u00e9d\u00e9ration paysanne et de la FCPE, les personnels des lyc\u00e9es agricoles de Nouvelle Aquitaine se sont mobilis\u00e9s devant la DRAAF \u00e0 Limoges pour refuser la casse de l\u2019Enseignement Agricole Public. Une d\u00e9l\u00e9gation intersyndicale a rencontr\u00e9 la Directrice [&hellip;]<\/p>\n","protected":false},"author":128,"featured_media":4927,"comment_status":"closed","ping_status":"closed","sticky":false,"template":"","format":"standard","meta":{"ocean_post_layout":"","ocean_both_sidebars_style":"","ocean_both_sidebars_content_width":0,"ocean_both_sidebars_sidebars_width":0,"ocean_sidebar":"0","ocean_second_sidebar":"0","ocean_disable_margins":"enable","ocean_add_body_class":"","ocean_shortcode_before_top_bar":"","ocean_shortcode_after_top_bar":"","ocean_shortcode_before_header":"","ocean_shortcode_after_header":"","ocean_has_shortcode":"","ocean_shortcode_after_title":"","ocean_shortcode_before_footer_widgets":"","ocean_shortcode_after_footer_widgets":"","ocean_shortcode_before_footer_bottom":"","ocean_shortcode_after_footer_bottom":"","ocean_display_top_bar":"default","ocean_display_header":"default","ocean_header_style":"","ocean_center_header_left_menu":"0","ocean_custom_header_template":"0","ocean_custom_logo":0,"ocean_custom_retina_logo":0,"ocean_custom_logo_max_width":0,"ocean_custom_logo_tablet_max_width":0,"ocean_custom_logo_mobile_max_width":0,"ocean_custom_logo_max_height":0,"ocean_custom_logo_tablet_max_height":0,"ocean_custom_logo_mobile_max_height":0,"ocean_header_custom_menu":"0","ocean_menu_typo_font_family":"0","ocean_menu_typo_font_subset":"","ocean_menu_typo_font_size":0,"ocean_menu_typo_font_size_tablet":0,"ocean_menu_typo_font_size_mobile":0,"ocean_menu_typo_font_size_unit":"px","ocean_menu_typo_font_weight":"","ocean_menu_typo_font_weight_tablet":"","ocean_menu_typo_font_weight_mobile":"","ocean_menu_typo_transform":"","ocean_menu_typo_transform_tablet":"","ocean_menu_typo_transform_mobile":"","ocean_menu_typo_line_height":0,"ocean_menu_typo_line_height_tablet":0,"ocean_menu_typo_line_height_mobile":0,"ocean_menu_typo_line_height_unit":"","ocean_menu_typo_spacing":0,"ocean_menu_typo_spacing_tablet":0,"ocean_menu_typo_spacing_mobile":0,"ocean_menu_typo_spacing_unit":"","ocean_menu_link_color":"","ocean_menu_link_color_hover":"","ocean_menu_link_color_active":"","ocean_menu_link_background":"","ocean_menu_link_hover_background":"","ocean_menu_link_active_background":"","ocean_menu_social_links_bg":"","ocean_menu_social_hover_links_bg":"","ocean_menu_social_links_color":"","ocean_menu_social_hover_links_color":"","ocean_disable_title":"default","ocean_disable_heading":"default","ocean_post_title":"","ocean_post_subheading":"","ocean_post_title_style":"","ocean_post_title_background_color":"","ocean_post_title_background":0,"ocean_post_title_bg_image_position":"","ocean_post_title_bg_image_attachment":"","ocean_post_title_bg_image_repeat":"","ocean_post_title_bg_image_size":"","ocean_post_title_height":0,"ocean_post_title_bg_overlay":0.5,"ocean_post_title_bg_overlay_color":"","ocean_disable_breadcrumbs":"default","ocean_breadcrumbs_color":"","ocean_breadcrumbs_separator_color":"","ocean_breadcrumbs_links_color":"","ocean_breadcrumbs_links_hover_color":"","ocean_display_footer_widgets":"default","ocean_display_footer_bottom":"default","ocean_custom_footer_template":"0","ocean_post_oembed":"","ocean_post_self_hosted_media":"","ocean_post_video_embed":"","ocean_link_format":"","ocean_link_format_target":"self","ocean_quote_format":"","ocean_quote_format_link":"post","ocean_gallery_link_images":"on","ocean_gallery_id":[4922,4919,4921,4915,4917,4918,4913,4920,4914],"footnotes":""},"categories":[12,1],"tags":[],"post_folder":[],"class_list":["post-4911","post","type-post","status-publish","format-standard","has-post-thumbnail","hentry","category-actions","category-message-de-service","entry","has-media"],"yoast_head":"<!-- This site is optimized with the Yoast SEO plugin v27.4 - https:\/\/yoast.com\/product\/yoast-seo-wordpress\/ -->\n<title>25 mars, mobilisation devant la DRAAF \u00e0 Limoges - NOUVELLE AQUITAINE<\/title>\n<meta name=\"robots\" content=\"index, follow, max-snippet:-1, max-image-preview:large, max-video-preview:-1\" \/>\n<link rel=\"canonical\" href=\"https:\/\/regions-snetap-fsu.fr\/na\/2025\/03\/26\/25-mars-mobilisation-devant-la-draaf-a-limoges\/\" \/>\n<meta property=\"og:locale\" content=\"fr_FR\" \/>\n<meta property=\"og:type\" content=\"article\" \/>\n<meta property=\"og:title\" content=\"25 mars, mobilisation devant la DRAAF \u00e0 Limoges - NOUVELLE AQUITAINE\" \/>\n<meta property=\"og:description\" content=\"Mardi 25 mars 2025, \u00e0 l\u2019appel de l\u2019intersyndicale de l\u2019Enseignement Agricole Public et avec le soutien de la Conf\u00e9d\u00e9ration paysanne et de la FCPE, les personnels des lyc\u00e9es agricoles de Nouvelle Aquitaine se sont mobilis\u00e9s devant la DRAAF \u00e0 Limoges pour refuser la casse de l\u2019Enseignement Agricole Public. Une d\u00e9l\u00e9gation intersyndicale a rencontr\u00e9 la Directrice [&hellip;]\" \/>\n<meta property=\"og:url\" content=\"https:\/\/regions-snetap-fsu.fr\/na\/2025\/03\/26\/25-mars-mobilisation-devant-la-draaf-a-limoges\/\" \/>\n<meta property=\"og:site_name\" content=\"NOUVELLE AQUITAINE\" \/>\n<meta property=\"article:published_time\" content=\"2025-03-26T15:55:24+00:00\" \/>\n<meta property=\"article:modified_time\" content=\"2025-04-20T11:54:23+00:00\" \/>\n<meta property=\"og:image\" content=\"https:\/\/regions-snetap-fsu.fr\/na\/wp-content\/uploads\/sites\/3\/2025\/03\/WZBY6672-1.jpg\" \/>\n\t<meta property=\"og:image:width\" content=\"1200\" \/>\n\t<meta property=\"og:image:height\" content=\"1600\" \/>\n\t<meta property=\"og:image:type\" content=\"image\/jpeg\" \/>\n<meta name=\"author\" content=\"olivierb\" \/>\n<meta name=\"twitter:card\" content=\"summary_large_image\" \/>\n<meta name=\"twitter:label1\" content=\"\u00c9crit par\" \/>\n\t<meta name=\"twitter:data1\" content=\"olivierb\" \/>\n\t<meta name=\"twitter:label2\" content=\"Dur\u00e9e de lecture estim\u00e9e\" \/>\n\t<meta name=\"twitter:data2\" content=\"1 minute\" \/>\n<script type=\"application\/ld+json\" class=\"yoast-schema-graph\">{\"@context\":\"https:\\\/\\\/schema.org\",\"@graph\":[{\"@type\":\"Article\",\"@id\":\"https:\\\/\\\/regions-snetap-fsu.fr\\\/na\\\/2025\\\/03\\\/26\\\/25-mars-mobilisation-devant-la-draaf-a-limoges\\\/#article\",\"isPartOf\":{\"@id\":\"https:\\\/\\\/regions-snetap-fsu.fr\\\/na\\\/2025\\\/03\\\/26\\\/25-mars-mobilisation-devant-la-draaf-a-limoges\\\/\"},\"author\":{\"name\":\"olivierb\",\"@id\":\"https:\\\/\\\/regions-snetap-fsu.fr\\\/na\\\/#\\\/schema\\\/person\\\/bdf1c4fe149dcf915601f9de85ba379f\"},\"headline\":\"25 mars, mobilisation devant la DRAAF \u00e0 Limoges\",\"datePublished\":\"2025-03-26T15:55:24+00:00\",\"dateModified\":\"2025-04-20T11:54:23+00:00\",\"mainEntityOfPage\":{\"@id\":\"https:\\\/\\\/regions-snetap-fsu.fr\\\/na\\\/2025\\\/03\\\/26\\\/25-mars-mobilisation-devant-la-draaf-a-limoges\\\/\"},\"wordCount\":293,\"publisher\":{\"@id\":\"https:\\\/\\\/regions-snetap-fsu.fr\\\/na\\\/#organization\"},\"image\":{\"@id\":\"https:\\\/\\\/regions-snetap-fsu.fr\\\/na\\\/2025\\\/03\\\/26\\\/25-mars-mobilisation-devant-la-draaf-a-limoges\\\/#primaryimage\"},\"thumbnailUrl\":\"https:\\\/\\\/regions-snetap-fsu.fr\\\/na\\\/wp-content\\\/uploads\\\/sites\\\/3\\\/2025\\\/03\\\/WZBY6672-1.jpg\",\"articleSection\":[\"Actions\",\"Message de service\"],\"inLanguage\":\"fr-FR\"},{\"@type\":\"WebPage\",\"@id\":\"https:\\\/\\\/regions-snetap-fsu.fr\\\/na\\\/2025\\\/03\\\/26\\\/25-mars-mobilisation-devant-la-draaf-a-limoges\\\/\",\"url\":\"https:\\\/\\\/regions-snetap-fsu.fr\\\/na\\\/2025\\\/03\\\/26\\\/25-mars-mobilisation-devant-la-draaf-a-limoges\\\/\",\"name\":\"25 mars, mobilisation devant la DRAAF \u00e0 Limoges - NOUVELLE AQUITAINE\",\"isPartOf\":{\"@id\":\"https:\\\/\\\/regions-snetap-fsu.fr\\\/na\\\/#website\"},\"primaryImageOfPage\":{\"@id\":\"https:\\\/\\\/regions-snetap-fsu.fr\\\/na\\\/2025\\\/03\\\/26\\\/25-mars-mobilisation-devant-la-draaf-a-limoges\\\/#primaryimage\"},\"image\":{\"@id\":\"https:\\\/\\\/regions-snetap-fsu.fr\\\/na\\\/2025\\\/03\\\/26\\\/25-mars-mobilisation-devant-la-draaf-a-limoges\\\/#primaryimage\"},\"thumbnailUrl\":\"https:\\\/\\\/regions-snetap-fsu.fr\\\/na\\\/wp-content\\\/uploads\\\/sites\\\/3\\\/2025\\\/03\\\/WZBY6672-1.jpg\",\"datePublished\":\"2025-03-26T15:55:24+00:00\",\"dateModified\":\"2025-04-20T11:54:23+00:00\",\"breadcrumb\":{\"@id\":\"https:\\\/\\\/regions-snetap-fsu.fr\\\/na\\\/2025\\\/03\\\/26\\\/25-mars-mobilisation-devant-la-draaf-a-limoges\\\/#breadcrumb\"},\"inLanguage\":\"fr-FR\",\"potentialAction\":[{\"@type\":\"ReadAction\",\"target\":[\"https:\\\/\\\/regions-snetap-fsu.fr\\\/na\\\/2025\\\/03\\\/26\\\/25-mars-mobilisation-devant-la-draaf-a-limoges\\\/\"]}]},{\"@type\":\"ImageObject\",\"inLanguage\":\"fr-FR\",\"@id\":\"https:\\\/\\\/regions-snetap-fsu.fr\\\/na\\\/2025\\\/03\\\/26\\\/25-mars-mobilisation-devant-la-draaf-a-limoges\\\/#primaryimage\",\"url\":\"https:\\\/\\\/regions-snetap-fsu.fr\\\/na\\\/wp-content\\\/uploads\\\/sites\\\/3\\\/2025\\\/03\\\/WZBY6672-1.jpg\",\"contentUrl\":\"https:\\\/\\\/regions-snetap-fsu.fr\\\/na\\\/wp-content\\\/uploads\\\/sites\\\/3\\\/2025\\\/03\\\/WZBY6672-1.jpg\",\"width\":1200,\"height\":1600},{\"@type\":\"BreadcrumbList\",\"@id\":\"https:\\\/\\\/regions-snetap-fsu.fr\\\/na\\\/2025\\\/03\\\/26\\\/25-mars-mobilisation-devant-la-draaf-a-limoges\\\/#breadcrumb\",\"itemListElement\":[{\"@type\":\"ListItem\",\"position\":1,\"name\":\"Accueil\",\"item\":\"https:\\\/\\\/regions-snetap-fsu.fr\\\/na\\\/\"},{\"@type\":\"ListItem\",\"position\":2,\"name\":\"25 mars, mobilisation devant la DRAAF \u00e0 Limoges\"}]},{\"@type\":\"WebSite\",\"@id\":\"https:\\\/\\\/regions-snetap-fsu.fr\\\/na\\\/#website\",\"url\":\"https:\\\/\\\/regions-snetap-fsu.fr\\\/na\\\/\",\"name\":\"SNETAP-FSU NOUVELLE AQUITAINE\",\"description\":\"Blog de la Section R\u00e9gionale\",\"publisher\":{\"@id\":\"https:\\\/\\\/regions-snetap-fsu.fr\\\/na\\\/#organization\"},\"potentialAction\":[{\"@type\":\"SearchAction\",\"target\":{\"@type\":\"EntryPoint\",\"urlTemplate\":\"https:\\\/\\\/regions-snetap-fsu.fr\\\/na\\\/?s={search_term_string}\"},\"query-input\":{\"@type\":\"PropertyValueSpecification\",\"valueRequired\":true,\"valueName\":\"search_term_string\"}}],\"inLanguage\":\"fr-FR\"},{\"@type\":\"Organization\",\"@id\":\"https:\\\/\\\/regions-snetap-fsu.fr\\\/na\\\/#organization\",\"name\":\"SNETAP-FSU - Nouvelle Aquitaine\",\"url\":\"https:\\\/\\\/regions-snetap-fsu.fr\\\/na\\\/\",\"logo\":{\"@type\":\"ImageObject\",\"inLanguage\":\"fr-FR\",\"@id\":\"https:\\\/\\\/regions-snetap-fsu.fr\\\/na\\\/#\\\/schema\\\/logo\\\/image\\\/\",\"url\":\"https:\\\/\\\/regions-snetap-fsu.fr\\\/na\\\/wp-content\\\/uploads\\\/sites\\\/3\\\/2020\\\/12\\\/SNETAP-Logo.jpg\",\"contentUrl\":\"https:\\\/\\\/regions-snetap-fsu.fr\\\/na\\\/wp-content\\\/uploads\\\/sites\\\/3\\\/2020\\\/12\\\/SNETAP-Logo.jpg\",\"width\":464,\"height\":334,\"caption\":\"SNETAP-FSU - Nouvelle Aquitaine\"},\"image\":{\"@id\":\"https:\\\/\\\/regions-snetap-fsu.fr\\\/na\\\/#\\\/schema\\\/logo\\\/image\\\/\"}},{\"@type\":\"Person\",\"@id\":\"https:\\\/\\\/regions-snetap-fsu.fr\\\/na\\\/#\\\/schema\\\/person\\\/bdf1c4fe149dcf915601f9de85ba379f\",\"name\":\"olivierb\",\"image\":{\"@type\":\"ImageObject\",\"inLanguage\":\"fr-FR\",\"@id\":\"https:\\\/\\\/secure.gravatar.com\\\/avatar\\\/d9cce0db1146844098d0ec7fae94551015c4ff78117aab56897823bb265a7bc9?s=96&d=mm&r=g\",\"url\":\"https:\\\/\\\/secure.gravatar.com\\\/avatar\\\/d9cce0db1146844098d0ec7fae94551015c4ff78117aab56897823bb265a7bc9?s=96&d=mm&r=g\",\"contentUrl\":\"https:\\\/\\\/secure.gravatar.com\\\/avatar\\\/d9cce0db1146844098d0ec7fae94551015c4ff78117aab56897823bb265a7bc9?s=96&d=mm&r=g\",\"caption\":\"olivierb\"},\"url\":\"https:\\\/\\\/regions-snetap-fsu.fr\\\/na\\\/author\\\/olivierb\\\/\"}]}<\/script>\n<!-- \/ Yoast SEO plugin. -->","yoast_head_json":{"title":"25 mars, mobilisation devant la DRAAF \u00e0 Limoges - NOUVELLE AQUITAINE","robots":{"index":"index","follow":"follow","max-snippet":"max-snippet:-1","max-image-preview":"max-image-preview:large","max-video-preview":"max-video-preview:-1"},"canonical":"https:\/\/regions-snetap-fsu.fr\/na\/2025\/03\/26\/25-mars-mobilisation-devant-la-draaf-a-limoges\/","og_locale":"fr_FR","og_type":"article","og_title":"25 mars, mobilisation devant la DRAAF \u00e0 Limoges - NOUVELLE AQUITAINE","og_description":"Mardi 25 mars 2025, \u00e0 l\u2019appel de l\u2019intersyndicale de l\u2019Enseignement Agricole Public et avec le soutien de la Conf\u00e9d\u00e9ration paysanne et de la FCPE, les personnels des lyc\u00e9es agricoles de Nouvelle Aquitaine se sont mobilis\u00e9s devant la DRAAF \u00e0 Limoges pour refuser la casse de l\u2019Enseignement Agricole Public. Une d\u00e9l\u00e9gation intersyndicale a rencontr\u00e9 la Directrice [&hellip;]","og_url":"https:\/\/regions-snetap-fsu.fr\/na\/2025\/03\/26\/25-mars-mobilisation-devant-la-draaf-a-limoges\/","og_site_name":"NOUVELLE AQUITAINE","article_published_time":"2025-03-26T15:55:24+00:00","article_modified_time":"2025-04-20T11:54:23+00:00","og_image":[{"width":1200,"height":1600,"url":"https:\/\/regions-snetap-fsu.fr\/na\/wp-content\/uploads\/sites\/3\/2025\/03\/WZBY6672-1.jpg","type":"image\/jpeg"}],"author":"olivierb","twitter_card":"summary_large_image","twitter_misc":{"\u00c9crit par":"olivierb","Dur\u00e9e de lecture estim\u00e9e":"1 minute"},"schema":{"@context":"https:\/\/schema.org","@graph":[{"@type":"Article","@id":"https:\/\/regions-snetap-fsu.fr\/na\/2025\/03\/26\/25-mars-mobilisation-devant-la-draaf-a-limoges\/#article","isPartOf":{"@id":"https:\/\/regions-snetap-fsu.fr\/na\/2025\/03\/26\/25-mars-mobilisation-devant-la-draaf-a-limoges\/"},"author":{"name":"olivierb","@id":"https:\/\/regions-snetap-fsu.fr\/na\/#\/schema\/person\/bdf1c4fe149dcf915601f9de85ba379f"},"headline":"25 mars, mobilisation devant la DRAAF \u00e0 Limoges","datePublished":"2025-03-26T15:55:24+00:00","dateModified":"2025-04-20T11:54:23+00:00","mainEntityOfPage":{"@id":"https:\/\/regions-snetap-fsu.fr\/na\/2025\/03\/26\/25-mars-mobilisation-devant-la-draaf-a-limoges\/"},"wordCount":293,"publisher":{"@id":"https:\/\/regions-snetap-fsu.fr\/na\/#organization"},"image":{"@id":"https:\/\/regions-snetap-fsu.fr\/na\/2025\/03\/26\/25-mars-mobilisation-devant-la-draaf-a-limoges\/#primaryimage"},"thumbnailUrl":"https:\/\/regions-snetap-fsu.fr\/na\/wp-content\/uploads\/sites\/3\/2025\/03\/WZBY6672-1.jpg","articleSection":["Actions","Message de service"],"inLanguage":"fr-FR"},{"@type":"WebPage","@id":"https:\/\/regions-snetap-fsu.fr\/na\/2025\/03\/26\/25-mars-mobilisation-devant-la-draaf-a-limoges\/","url":"https:\/\/regions-snetap-fsu.fr\/na\/2025\/03\/26\/25-mars-mobilisation-devant-la-draaf-a-limoges\/","name":"25 mars, mobilisation devant la DRAAF \u00e0 Limoges - NOUVELLE AQUITAINE","isPartOf":{"@id":"https:\/\/regions-snetap-fsu.fr\/na\/#website"},"primaryImageOfPage":{"@id":"https:\/\/regions-snetap-fsu.fr\/na\/2025\/03\/26\/25-mars-mobilisation-devant-la-draaf-a-limoges\/#primaryimage"},"image":{"@id":"https:\/\/regions-snetap-fsu.fr\/na\/2025\/03\/26\/25-mars-mobilisation-devant-la-draaf-a-limoges\/#primaryimage"},"thumbnailUrl":"https:\/\/regions-snetap-fsu.fr\/na\/wp-content\/uploads\/sites\/3\/2025\/03\/WZBY6672-1.jpg","datePublished":"2025-03-26T15:55:24+00:00","dateModified":"2025-04-20T11:54:23+00:00","breadcrumb":{"@id":"https:\/\/regions-snetap-fsu.fr\/na\/2025\/03\/26\/25-mars-mobilisation-devant-la-draaf-a-limoges\/#breadcrumb"},"inLanguage":"fr-FR","potentialAction":[{"@type":"ReadAction","target":["https:\/\/regions-snetap-fsu.fr\/na\/2025\/03\/26\/25-mars-mobilisation-devant-la-draaf-a-limoges\/"]}]},{"@type":"ImageObject","inLanguage":"fr-FR","@id":"https:\/\/regions-snetap-fsu.fr\/na\/2025\/03\/26\/25-mars-mobilisation-devant-la-draaf-a-limoges\/#primaryimage","url":"https:\/\/regions-snetap-fsu.fr\/na\/wp-content\/uploads\/sites\/3\/2025\/03\/WZBY6672-1.jpg","contentUrl":"https:\/\/regions-snetap-fsu.fr\/na\/wp-content\/uploads\/sites\/3\/2025\/03\/WZBY6672-1.jpg","width":1200,"height":1600},{"@type":"BreadcrumbList","@id":"https:\/\/regions-snetap-fsu.fr\/na\/2025\/03\/26\/25-mars-mobilisation-devant-la-draaf-a-limoges\/#breadcrumb","itemListElement":[{"@type":"ListItem","position":1,"name":"Accueil","item":"https:\/\/regions-snetap-fsu.fr\/na\/"},{"@type":"ListItem","position":2,"name":"25 mars, mobilisation devant la DRAAF \u00e0 Limoges"}]},{"@type":"WebSite","@id":"https:\/\/regions-snetap-fsu.fr\/na\/#website","url":"https:\/\/regions-snetap-fsu.fr\/na\/","name":"SNETAP-FSU NOUVELLE AQUITAINE","description":"Blog de la Section R\u00e9gionale","publisher":{"@id":"https:\/\/regions-snetap-fsu.fr\/na\/#organization"},"potentialAction":[{"@type":"SearchAction","target":{"@type":"EntryPoint","urlTemplate":"https:\/\/regions-snetap-fsu.fr\/na\/?s={search_term_string}"},"query-input":{"@type":"PropertyValueSpecification","valueRequired":true,"valueName":"search_term_string"}}],"inLanguage":"fr-FR"},{"@type":"Organization","@id":"https:\/\/regions-snetap-fsu.fr\/na\/#organization","name":"SNETAP-FSU - Nouvelle Aquitaine","url":"https:\/\/regions-snetap-fsu.fr\/na\/","logo":{"@type":"ImageObject","inLanguage":"fr-FR","@id":"https:\/\/regions-snetap-fsu.fr\/na\/#\/schema\/logo\/image\/","url":"https:\/\/regions-snetap-fsu.fr\/na\/wp-content\/uploads\/sites\/3\/2020\/12\/SNETAP-Logo.jpg","contentUrl":"https:\/\/regions-snetap-fsu.fr\/na\/wp-content\/uploads\/sites\/3\/2020\/12\/SNETAP-Logo.jpg","width":464,"height":334,"caption":"SNETAP-FSU - Nouvelle Aquitaine"},"image":{"@id":"https:\/\/regions-snetap-fsu.fr\/na\/#\/schema\/logo\/image\/"}},{"@type":"Person","@id":"https:\/\/regions-snetap-fsu.fr\/na\/#\/schema\/person\/bdf1c4fe149dcf915601f9de85ba379f","name":"olivierb","image":{"@type":"ImageObject","inLanguage":"fr-FR","@id":"https:\/\/secure.gravatar.com\/avatar\/d9cce0db1146844098d0ec7fae94551015c4ff78117aab56897823bb265a7bc9?s=96&d=mm&r=g","url":"https:\/\/secure.gravatar.com\/avatar\/d9cce0db1146844098d0ec7fae94551015c4ff78117aab56897823bb265a7bc9?s=96&d=mm&r=g","contentUrl":"https:\/\/secure.gravatar.com\/avatar\/d9cce0db1146844098d0ec7fae94551015c4ff78117aab56897823bb265a7bc9?s=96&d=mm&r=g","caption":"olivierb"},"url":"https:\/\/regions-snetap-fsu.fr\/na\/author\/olivierb\/"}]}},"_links":{"self":[{"href":"https:\/\/regions-snetap-fsu.fr\/na\/wp-json\/wp\/v2\/posts\/4911","targetHints":{"allow":["GET"]}}],"collection":[{"href":"https:\/\/regions-snetap-fsu.fr\/na\/wp-json\/wp\/v2\/posts"}],"about":[{"href":"https:\/\/regions-snetap-fsu.fr\/na\/wp-json\/wp\/v2\/types\/post"}],"author":[{"embeddable":true,"href":"https:\/\/regions-snetap-fsu.fr\/na\/wp-json\/wp\/v2\/users\/128"}],"replies":[{"embeddable":true,"href":"https:\/\/regions-snetap-fsu.fr\/na\/wp-json\/wp\/v2\/comments?post=4911"}],"version-history":[{"count":9,"href":"https:\/\/regions-snetap-fsu.fr\/na\/wp-json\/wp\/v2\/posts\/4911\/revisions"}],"predecessor-version":[{"id":4944,"href":"https:\/\/regions-snetap-fsu.fr\/na\/wp-json\/wp\/v2\/posts\/4911\/revisions\/4944"}],"wp:featuredmedia":[{"embeddable":true,"href":"https:\/\/regions-snetap-fsu.fr\/na\/wp-json\/wp\/v2\/media\/4927"}],"wp:attachment":[{"href":"https:\/\/regions-snetap-fsu.fr\/na\/wp-json\/wp\/v2\/media?parent=4911"}],"wp:term":[{"taxonomy":"category","embeddable":true,"href":"https:\/\/regions-snetap-fsu.fr\/na\/wp-json\/wp\/v2\/categories?post=4911"},{"taxonomy":"post_tag","embeddable":true,"href":"https:\/\/regions-snetap-fsu.fr\/na\/wp-json\/wp\/v2\/tags?post=4911"},{"taxonomy":"post_folder","embeddable":true,"href":"https:\/\/regions-snetap-fsu.fr\/na\/wp-json\/wp\/v2\/post_folder?post=4911"}],"curies":[{"name":"wp","href":"https:\/\/api.w.org\/{rel}","templated":true}]}}