{"id":4906,"date":"2025-03-19T14:48:56","date_gmt":"2025-03-19T13:48:56","guid":{"rendered":"https:\/\/regions-snetap-fsu.fr\/na\/?p=4906"},"modified":"2025-03-19T14:50:14","modified_gmt":"2025-03-19T13:50:14","slug":"lycee-de-meymac-pressions-de-la-fdsea-contre-les-choix-pedagogiques-des-enseignant-es","status":"publish","type":"post","link":"https:\/\/regions-snetap-fsu.fr\/na\/2025\/03\/19\/lycee-de-meymac-pressions-de-la-fdsea-contre-les-choix-pedagogiques-des-enseignant-es\/","title":{"rendered":"Lyc\u00e9e de Meymac &#8211; Pressions de la FDSEA contre les choix p\u00e9dagogiques des enseignant.es"},"content":{"rendered":"<div class=\"main\">\n<div class=\"wrapper hfeed col-xs-12 col-sm-8\">\n<div id=\"content\" class=\"content hentry\">\n<div class=\"crayon article-texte-8969 texte surlignable clearfix\">\n<p><strong>Le 26 mars prochain, l\u2019association FERUS (\u00ab\u00a0ce qui est sauvage\u00a0\u00bb en latin), association nationale de protection et de conservation de l\u2019ours, du loup et du lynx (<a class=\"spip_url spip_out auto\" href=\"https:\/\/www.ferus.fr\/a-propos-de-ferus\/association\" rel=\"nofollow external\">https:\/\/www.ferus.fr\/a-propos-de-ferus\/association<\/a>) devait intervenir au lyc\u00e9e forestier de Meymac. Une matin\u00e9e d\u2019\u00e9changes, dans le cadre d\u2019une s\u00e9quence p\u00e9dagogique, avec des \u00e9tudiant.es de\u00a0<a class=\"cs_glossaire\" href=\"https:\/\/www.snetap-fsu.fr\/+-BTSA-+.html\" name=\"mot20_0\"><span class=\"gl_mot\">BTSA<\/span><\/a>\u00a0(Gestion foresti\u00e8re) sur les enjeux de la cohabitation entre faune sauvage et activit\u00e9s foresti\u00e8res. Mais les pressions de la part de la FDSEA et les\u00a0<a class=\"cs_glossaire\" href=\"https:\/\/www.snetap-fsu.fr\/+-mot104-+.html\" name=\"mot104_1\"><span class=\"gl_mot\">JA<\/span><\/a>\u00a019 ont conduit les autorit\u00e9s pr\u00e9fectorales \u00e0 alerter l\u2019\u00e9quipe de direction sur une \u00e9ventuelle intrusion de ces organisations, entra\u00eenant un report sine die d\u00e9cid\u00e9 par l\u2019\u00e9tablissement.<\/strong><\/p>\n<h3 class=\"spip\"><span style=\"color: #339966\">UNE ATTEINTE INACCEPTABLE A LA LIBERT\u00c9 P\u00c9DAGOGIQUE\u00a0!<\/span><\/h3>\n<p><strong>Face \u00e0 ces menaces, le SNETAP-<a class=\"cs_glossaire\" href=\"https:\/\/www.snetap-fsu.fr\/+-FSU-+.html\" name=\"mot96_2\"><span class=\"gl_mot\">FSU<\/span><\/a>\u00a0apporte son soutien plein et entier \u00e0 l\u2019ensemble de l\u2019\u00e9quipe \u00e9ducative du lyc\u00e9e forestier de Meymac et sera extr\u00eamement vigilant aux suites qui leur seront donn\u00e9es.<\/strong><\/p>\n<p>Depuis de nombreuses ann\u00e9es, les personnels, les \u00e9l\u00e8ves, \u00e9tudiant.es, apprenti.es et stagiaires, de l\u2019enseignement subissent des pressions de syndicats agricoles contre des projets p\u00e9dagogiques qu\u2019ils et elles m\u00e8nent dans le cadre des programmes officiels des formations de l\u2019enseignement agricole. Ainsi, nous personnels de l\u2019enseignement agricole public, avons subi des interdictions de la part de certaines directions, de certaines autorit\u00e9s acad\u00e9miques ou d\u2019autorit\u00e9s pr\u00e9fectorales d\u2019aborder certains sujets, de projeter certains films\u2026\u00a0<strong>INACCEPTABLE<\/strong>.<\/p>\n<p>Ce r\u00e9cent \u00e9pisode est une nouvelle atteinte \u00e0 la libert\u00e9 d\u2019enseigner. Une contradiction claire au principe \u00e9voqu\u00e9 \u00e0 l\u2019article 12 de la Charte de la La\u00efcit\u00e9 \u00e0 l\u2019\u00c9cole. \u201c Les enseignements sont la\u00efques. Afin de garantir aux \u00e9l\u00e8ves l\u2019ouverture la plus objective possible \u00e0 la diversit\u00e9 des visions du monde ainsi qu\u2019\u00e0 l\u2019\u00e9tendue et \u00e0 la pr\u00e9cision des savoirs, aucun sujet n\u2019est a priori exclu du questionnement scientifique et p\u00e9dagogique \u201c. Les articles L912-1-1 du code de l\u2019\u00e9ducation et L811 du Code rural garantissent \u00e9galement cette libert\u00e9 p\u00e9dagogique.<\/p>\n<p>Alors que l\u2019on f\u00eate cette ann\u00e9e les 60 ans de l\u2019<a class=\"cs_glossaire\" href=\"https:\/\/www.snetap-fsu.fr\/+-ESC-+.html\" name=\"mot85_3\"><span class=\"gl_mot\">ESC<\/span><\/a>, discipline \u00f4 combien concern\u00e9e par les questions d\u2019ouverture d\u2019esprit, de construction d\u2019un esprit critique. Alors que nos \u00e9l\u00e8ves, de STAV, par exemple, sont amen\u00e9.es \u00e0 travailler sur des questions socialement vives parce qu\u2019objet d\u2019\u00e9tude obligatoire dans les programmes. Alors que les \u00e9tudiant.es en BTSA sont invit\u00e9.es \u201c\u00e0 confronter des points de vue sur des questions de soci\u00e9t\u00e9 pour en d\u00e9gager les enjeux\u201d,\u00a0<strong>le blocage de tout d\u00e9bat par ces organisations professionnelles est INACCEPTABLE et INCOMPR\u00c9HENSIBLE.<\/strong><\/p>\n<p>En entravant une pr\u00e9sentation de ce sujet, \u00e0 cause d\u2019une vision plus ancr\u00e9e dans des pr\u00e9jug\u00e9s historiques que dans une analyse contemporaine et scientifique des \u00e9cosyst\u00e8mes, ces organisations s\u2019opposent non seulement \u00e0 la libert\u00e9 p\u00e9dagogique fondamentale, mais \u00e9galement \u00e0 la formation de futur.es professionnel.les capables d\u2019appr\u00e9hender ici la complexit\u00e9 \u00e9cologique des espaces forestiers.<\/p>\n<p>Le SNETAP-FSU a d\u00e9j\u00e0 d\u00e9nonc\u00e9 ces pressions au plus haut niveau de notre minist\u00e8re lors de la pr\u00e9c\u00e9dente p\u00e9riode minist\u00e9rielle. Malheureusement, il n\u2019a re\u00e7u aucun soutien, ni m\u00eame une r\u00e9ponse \u00e0 son alerte.<\/p>\n<p><span style=\"color: #339966\"><strong>Par cons\u00e9quent, compte tenu des r\u00e9sultats aux \u00e9lections en Chambres d\u2019agriculture et consid\u00e9rant encore plus l\u00e9gitimes les craintes exprim\u00e9es sur la libert\u00e9 p\u00e9dagogique, il interpelle la Ministre de l\u2019Agriculture et r\u00e9clame d\u2019urgence une r\u00e9ponse de la\u00a0<a class=\"cs_glossaire\" style=\"color: #339966\" href=\"https:\/\/www.snetap-fsu.fr\/+-DGER-+.html\" name=\"mot63_4\"><span class=\"gl_mot\">DGER<\/span><\/a>\u00a0face \u00e0 cette inacceptable atteinte \u00e0 la libert\u00e9 p\u00e9dagogique.<br class=\"autobr\" \/>Il demande \u00e0 ce que, comme s\u2019y est engag\u00e9e la DGER \u00e0 de nombreuses reprises, soit mis \u00e0 l\u2019ordre du jour d\u2019un\u00a0<a class=\"cs_glossaire\" style=\"color: #339966\" href=\"https:\/\/www.snetap-fsu.fr\/+-CNEA-+.html\" name=\"mot42_5\"><span class=\"gl_mot\">CNEA<\/span><\/a>\u00a0le sujet de la Libert\u00e9 p\u00e9dagogique dans l\u2019enseignement agricole (point annuel \u00e0 l\u2019ODJ de l\u2019instance). Il est clair que la mise en place d\u2019un observatoire national de la libert\u00e9 p\u00e9dagogique dans l\u2019enseignement agricole, dont la pertinence a d\u00e9j\u00e0 \u00e9t\u00e9 reconnue par le minist\u00e8re, est plus que n\u00e9cessaire.<\/strong><\/span><\/p>\n<p><strong><br class=\"autobr\" \/>Paris le 15 mars 2025<\/strong><\/p>\n<\/div>\n<\/div>\n<\/div>\n<\/div>\n","protected":false},"excerpt":{"rendered":"<p>Le 26 mars prochain, l\u2019association FERUS (\u00ab\u00a0ce qui est sauvage\u00a0\u00bb en latin), association nationale de protection et de conservation de l\u2019ours, du loup et du lynx (https:\/\/www.ferus.fr\/a-propos-de-ferus\/association) devait intervenir au lyc\u00e9e forestier de Meymac. Une matin\u00e9e d\u2019\u00e9changes, dans le cadre d\u2019une s\u00e9quence p\u00e9dagogique, avec des \u00e9tudiant.es de\u00a0BTSA\u00a0(Gestion foresti\u00e8re) sur les enjeux de la cohabitation entre [&hellip;]<\/p>\n","protected":false},"author":128,"featured_media":4908,"comment_status":"closed","ping_status":"closed","sticky":false,"template":"","format":"standard","meta":{"ocean_post_layout":"","ocean_both_sidebars_style":"","ocean_both_sidebars_content_width":0,"ocean_both_sidebars_sidebars_width":0,"ocean_sidebar":"","ocean_second_sidebar":"","ocean_disable_margins":"enable","ocean_add_body_class":"","ocean_shortcode_before_top_bar":"","ocean_shortcode_after_top_bar":"","ocean_shortcode_before_header":"","ocean_shortcode_after_header":"","ocean_has_shortcode":"","ocean_shortcode_after_title":"","ocean_shortcode_before_footer_widgets":"","ocean_shortcode_after_footer_widgets":"","ocean_shortcode_before_footer_bottom":"","ocean_shortcode_after_footer_bottom":"","ocean_display_top_bar":"default","ocean_display_header":"default","ocean_header_style":"","ocean_center_header_left_menu":"","ocean_custom_header_template":"","ocean_custom_logo":0,"ocean_custom_retina_logo":0,"ocean_custom_logo_max_width":0,"ocean_custom_logo_tablet_max_width":0,"ocean_custom_logo_mobile_max_width":0,"ocean_custom_logo_max_height":0,"ocean_custom_logo_tablet_max_height":0,"ocean_custom_logo_mobile_max_height":0,"ocean_header_custom_menu":"","ocean_menu_typo_font_family":"","ocean_menu_typo_font_subset":"","ocean_menu_typo_font_size":0,"ocean_menu_typo_font_size_tablet":0,"ocean_menu_typo_font_size_mobile":0,"ocean_menu_typo_font_size_unit":"px","ocean_menu_typo_font_weight":"","ocean_menu_typo_font_weight_tablet":"","ocean_menu_typo_font_weight_mobile":"","ocean_menu_typo_transform":"","ocean_menu_typo_transform_tablet":"","ocean_menu_typo_transform_mobile":"","ocean_menu_typo_line_height":0,"ocean_menu_typo_line_height_tablet":0,"ocean_menu_typo_line_height_mobile":0,"ocean_menu_typo_line_height_unit":"","ocean_menu_typo_spacing":0,"ocean_menu_typo_spacing_tablet":0,"ocean_menu_typo_spacing_mobile":0,"ocean_menu_typo_spacing_unit":"","ocean_menu_link_color":"","ocean_menu_link_color_hover":"","ocean_menu_link_color_active":"","ocean_menu_link_background":"","ocean_menu_link_hover_background":"","ocean_menu_link_active_background":"","ocean_menu_social_links_bg":"","ocean_menu_social_hover_links_bg":"","ocean_menu_social_links_color":"","ocean_menu_social_hover_links_color":"","ocean_disable_title":"default","ocean_disable_heading":"default","ocean_post_title":"","ocean_post_subheading":"","ocean_post_title_style":"","ocean_post_title_background_color":"","ocean_post_title_background":0,"ocean_post_title_bg_image_position":"","ocean_post_title_bg_image_attachment":"","ocean_post_title_bg_image_repeat":"","ocean_post_title_bg_image_size":"","ocean_post_title_height":0,"ocean_post_title_bg_overlay":0.5,"ocean_post_title_bg_overlay_color":"","ocean_disable_breadcrumbs":"default","ocean_breadcrumbs_color":"","ocean_breadcrumbs_separator_color":"","ocean_breadcrumbs_links_color":"","ocean_breadcrumbs_links_hover_color":"","ocean_display_footer_widgets":"default","ocean_display_footer_bottom":"default","ocean_custom_footer_template":"","ocean_post_oembed":"","ocean_post_self_hosted_media":"","ocean_post_video_embed":"","ocean_link_format":"","ocean_link_format_target":"self","ocean_quote_format":"","ocean_quote_format_link":"post","ocean_gallery_link_images":"on","ocean_gallery_id":[],"footnotes":""},"categories":[1],"tags":[],"post_folder":[],"class_list":["post-4906","post","type-post","status-publish","format-standard","has-post-thumbnail","hentry","category-message-de-service","entry","has-media"],"yoast_head":"<!-- This site is optimized with the Yoast SEO plugin v27.4 - https:\/\/yoast.com\/product\/yoast-seo-wordpress\/ -->\n<title>Lyc\u00e9e de Meymac - Pressions de la FDSEA contre les choix p\u00e9dagogiques des enseignant.es - NOUVELLE AQUITAINE<\/title>\n<meta name=\"robots\" content=\"index, follow, max-snippet:-1, max-image-preview:large, max-video-preview:-1\" \/>\n<link rel=\"canonical\" href=\"https:\/\/regions-snetap-fsu.fr\/na\/2025\/03\/19\/lycee-de-meymac-pressions-de-la-fdsea-contre-les-choix-pedagogiques-des-enseignant-es\/\" \/>\n<meta property=\"og:locale\" content=\"fr_FR\" \/>\n<meta property=\"og:type\" content=\"article\" \/>\n<meta property=\"og:title\" content=\"Lyc\u00e9e de Meymac - Pressions de la FDSEA contre les choix p\u00e9dagogiques des enseignant.es - NOUVELLE AQUITAINE\" \/>\n<meta property=\"og:description\" content=\"Le 26 mars prochain, l\u2019association FERUS (\u00ab\u00a0ce qui est sauvage\u00a0\u00bb en latin), association nationale de protection et de conservation de l\u2019ours, du loup et du lynx (https:\/\/www.ferus.fr\/a-propos-de-ferus\/association) devait intervenir au lyc\u00e9e forestier de Meymac. Une matin\u00e9e d\u2019\u00e9changes, dans le cadre d\u2019une s\u00e9quence p\u00e9dagogique, avec des \u00e9tudiant.es de\u00a0BTSA\u00a0(Gestion foresti\u00e8re) sur les enjeux de la cohabitation entre [&hellip;]\" \/>\n<meta property=\"og:url\" content=\"https:\/\/regions-snetap-fsu.fr\/na\/2025\/03\/19\/lycee-de-meymac-pressions-de-la-fdsea-contre-les-choix-pedagogiques-des-enseignant-es\/\" \/>\n<meta property=\"og:site_name\" content=\"NOUVELLE AQUITAINE\" \/>\n<meta property=\"article:published_time\" content=\"2025-03-19T13:48:56+00:00\" \/>\n<meta property=\"article:modified_time\" content=\"2025-03-19T13:50:14+00:00\" \/>\n<meta property=\"og:image\" content=\"https:\/\/regions-snetap-fsu.fr\/na\/wp-content\/uploads\/sites\/3\/2025\/03\/wolf-725388_1280-65488.jpg\" \/>\n\t<meta property=\"og:image:width\" content=\"672\" \/>\n\t<meta property=\"og:image:height\" content=\"448\" \/>\n\t<meta property=\"og:image:type\" content=\"image\/jpeg\" \/>\n<meta name=\"author\" content=\"olivierb\" \/>\n<meta name=\"twitter:card\" content=\"summary_large_image\" \/>\n<meta name=\"twitter:label1\" content=\"\u00c9crit par\" \/>\n\t<meta name=\"twitter:data1\" content=\"olivierb\" \/>\n\t<meta name=\"twitter:label2\" content=\"Dur\u00e9e de lecture estim\u00e9e\" \/>\n\t<meta name=\"twitter:data2\" content=\"3 minutes\" \/>\n<script type=\"application\/ld+json\" class=\"yoast-schema-graph\">{\"@context\":\"https:\\\/\\\/schema.org\",\"@graph\":[{\"@type\":\"Article\",\"@id\":\"https:\\\/\\\/regions-snetap-fsu.fr\\\/na\\\/2025\\\/03\\\/19\\\/lycee-de-meymac-pressions-de-la-fdsea-contre-les-choix-pedagogiques-des-enseignant-es\\\/#article\",\"isPartOf\":{\"@id\":\"https:\\\/\\\/regions-snetap-fsu.fr\\\/na\\\/2025\\\/03\\\/19\\\/lycee-de-meymac-pressions-de-la-fdsea-contre-les-choix-pedagogiques-des-enseignant-es\\\/\"},\"author\":{\"name\":\"olivierb\",\"@id\":\"https:\\\/\\\/regions-snetap-fsu.fr\\\/na\\\/#\\\/schema\\\/person\\\/bdf1c4fe149dcf915601f9de85ba379f\"},\"headline\":\"Lyc\u00e9e de Meymac &#8211; Pressions de la FDSEA contre les choix p\u00e9dagogiques des enseignant.es\",\"datePublished\":\"2025-03-19T13:48:56+00:00\",\"dateModified\":\"2025-03-19T13:50:14+00:00\",\"mainEntityOfPage\":{\"@id\":\"https:\\\/\\\/regions-snetap-fsu.fr\\\/na\\\/2025\\\/03\\\/19\\\/lycee-de-meymac-pressions-de-la-fdsea-contre-les-choix-pedagogiques-des-enseignant-es\\\/\"},\"wordCount\":708,\"publisher\":{\"@id\":\"https:\\\/\\\/regions-snetap-fsu.fr\\\/na\\\/#organization\"},\"image\":{\"@id\":\"https:\\\/\\\/regions-snetap-fsu.fr\\\/na\\\/2025\\\/03\\\/19\\\/lycee-de-meymac-pressions-de-la-fdsea-contre-les-choix-pedagogiques-des-enseignant-es\\\/#primaryimage\"},\"thumbnailUrl\":\"https:\\\/\\\/regions-snetap-fsu.fr\\\/na\\\/wp-content\\\/uploads\\\/sites\\\/3\\\/2025\\\/03\\\/wolf-725388_1280-65488.jpg\",\"articleSection\":[\"Message de service\"],\"inLanguage\":\"fr-FR\"},{\"@type\":\"WebPage\",\"@id\":\"https:\\\/\\\/regions-snetap-fsu.fr\\\/na\\\/2025\\\/03\\\/19\\\/lycee-de-meymac-pressions-de-la-fdsea-contre-les-choix-pedagogiques-des-enseignant-es\\\/\",\"url\":\"https:\\\/\\\/regions-snetap-fsu.fr\\\/na\\\/2025\\\/03\\\/19\\\/lycee-de-meymac-pressions-de-la-fdsea-contre-les-choix-pedagogiques-des-enseignant-es\\\/\",\"name\":\"Lyc\u00e9e de Meymac - Pressions de la FDSEA contre les choix p\u00e9dagogiques des enseignant.es - NOUVELLE AQUITAINE\",\"isPartOf\":{\"@id\":\"https:\\\/\\\/regions-snetap-fsu.fr\\\/na\\\/#website\"},\"primaryImageOfPage\":{\"@id\":\"https:\\\/\\\/regions-snetap-fsu.fr\\\/na\\\/2025\\\/03\\\/19\\\/lycee-de-meymac-pressions-de-la-fdsea-contre-les-choix-pedagogiques-des-enseignant-es\\\/#primaryimage\"},\"image\":{\"@id\":\"https:\\\/\\\/regions-snetap-fsu.fr\\\/na\\\/2025\\\/03\\\/19\\\/lycee-de-meymac-pressions-de-la-fdsea-contre-les-choix-pedagogiques-des-enseignant-es\\\/#primaryimage\"},\"thumbnailUrl\":\"https:\\\/\\\/regions-snetap-fsu.fr\\\/na\\\/wp-content\\\/uploads\\\/sites\\\/3\\\/2025\\\/03\\\/wolf-725388_1280-65488.jpg\",\"datePublished\":\"2025-03-19T13:48:56+00:00\",\"dateModified\":\"2025-03-19T13:50:14+00:00\",\"breadcrumb\":{\"@id\":\"https:\\\/\\\/regions-snetap-fsu.fr\\\/na\\\/2025\\\/03\\\/19\\\/lycee-de-meymac-pressions-de-la-fdsea-contre-les-choix-pedagogiques-des-enseignant-es\\\/#breadcrumb\"},\"inLanguage\":\"fr-FR\",\"potentialAction\":[{\"@type\":\"ReadAction\",\"target\":[\"https:\\\/\\\/regions-snetap-fsu.fr\\\/na\\\/2025\\\/03\\\/19\\\/lycee-de-meymac-pressions-de-la-fdsea-contre-les-choix-pedagogiques-des-enseignant-es\\\/\"]}]},{\"@type\":\"ImageObject\",\"inLanguage\":\"fr-FR\",\"@id\":\"https:\\\/\\\/regions-snetap-fsu.fr\\\/na\\\/2025\\\/03\\\/19\\\/lycee-de-meymac-pressions-de-la-fdsea-contre-les-choix-pedagogiques-des-enseignant-es\\\/#primaryimage\",\"url\":\"https:\\\/\\\/regions-snetap-fsu.fr\\\/na\\\/wp-content\\\/uploads\\\/sites\\\/3\\\/2025\\\/03\\\/wolf-725388_1280-65488.jpg\",\"contentUrl\":\"https:\\\/\\\/regions-snetap-fsu.fr\\\/na\\\/wp-content\\\/uploads\\\/sites\\\/3\\\/2025\\\/03\\\/wolf-725388_1280-65488.jpg\",\"width\":672,\"height\":448},{\"@type\":\"BreadcrumbList\",\"@id\":\"https:\\\/\\\/regions-snetap-fsu.fr\\\/na\\\/2025\\\/03\\\/19\\\/lycee-de-meymac-pressions-de-la-fdsea-contre-les-choix-pedagogiques-des-enseignant-es\\\/#breadcrumb\",\"itemListElement\":[{\"@type\":\"ListItem\",\"position\":1,\"name\":\"Accueil\",\"item\":\"https:\\\/\\\/regions-snetap-fsu.fr\\\/na\\\/\"},{\"@type\":\"ListItem\",\"position\":2,\"name\":\"Lyc\u00e9e de Meymac &#8211; Pressions de la FDSEA contre les choix p\u00e9dagogiques des enseignant.es\"}]},{\"@type\":\"WebSite\",\"@id\":\"https:\\\/\\\/regions-snetap-fsu.fr\\\/na\\\/#website\",\"url\":\"https:\\\/\\\/regions-snetap-fsu.fr\\\/na\\\/\",\"name\":\"SNETAP-FSU NOUVELLE AQUITAINE\",\"description\":\"Blog de la Section R\u00e9gionale\",\"publisher\":{\"@id\":\"https:\\\/\\\/regions-snetap-fsu.fr\\\/na\\\/#organization\"},\"potentialAction\":[{\"@type\":\"SearchAction\",\"target\":{\"@type\":\"EntryPoint\",\"urlTemplate\":\"https:\\\/\\\/regions-snetap-fsu.fr\\\/na\\\/?s={search_term_string}\"},\"query-input\":{\"@type\":\"PropertyValueSpecification\",\"valueRequired\":true,\"valueName\":\"search_term_string\"}}],\"inLanguage\":\"fr-FR\"},{\"@type\":\"Organization\",\"@id\":\"https:\\\/\\\/regions-snetap-fsu.fr\\\/na\\\/#organization\",\"name\":\"SNETAP-FSU - Nouvelle Aquitaine\",\"url\":\"https:\\\/\\\/regions-snetap-fsu.fr\\\/na\\\/\",\"logo\":{\"@type\":\"ImageObject\",\"inLanguage\":\"fr-FR\",\"@id\":\"https:\\\/\\\/regions-snetap-fsu.fr\\\/na\\\/#\\\/schema\\\/logo\\\/image\\\/\",\"url\":\"https:\\\/\\\/regions-snetap-fsu.fr\\\/na\\\/wp-content\\\/uploads\\\/sites\\\/3\\\/2020\\\/12\\\/SNETAP-Logo.jpg\",\"contentUrl\":\"https:\\\/\\\/regions-snetap-fsu.fr\\\/na\\\/wp-content\\\/uploads\\\/sites\\\/3\\\/2020\\\/12\\\/SNETAP-Logo.jpg\",\"width\":464,\"height\":334,\"caption\":\"SNETAP-FSU - Nouvelle Aquitaine\"},\"image\":{\"@id\":\"https:\\\/\\\/regions-snetap-fsu.fr\\\/na\\\/#\\\/schema\\\/logo\\\/image\\\/\"}},{\"@type\":\"Person\",\"@id\":\"https:\\\/\\\/regions-snetap-fsu.fr\\\/na\\\/#\\\/schema\\\/person\\\/bdf1c4fe149dcf915601f9de85ba379f\",\"name\":\"olivierb\",\"image\":{\"@type\":\"ImageObject\",\"inLanguage\":\"fr-FR\",\"@id\":\"https:\\\/\\\/secure.gravatar.com\\\/avatar\\\/d9cce0db1146844098d0ec7fae94551015c4ff78117aab56897823bb265a7bc9?s=96&d=mm&r=g\",\"url\":\"https:\\\/\\\/secure.gravatar.com\\\/avatar\\\/d9cce0db1146844098d0ec7fae94551015c4ff78117aab56897823bb265a7bc9?s=96&d=mm&r=g\",\"contentUrl\":\"https:\\\/\\\/secure.gravatar.com\\\/avatar\\\/d9cce0db1146844098d0ec7fae94551015c4ff78117aab56897823bb265a7bc9?s=96&d=mm&r=g\",\"caption\":\"olivierb\"},\"url\":\"https:\\\/\\\/regions-snetap-fsu.fr\\\/na\\\/author\\\/olivierb\\\/\"}]}<\/script>\n<!-- \/ Yoast SEO plugin. -->","yoast_head_json":{"title":"Lyc\u00e9e de Meymac - Pressions de la FDSEA contre les choix p\u00e9dagogiques des enseignant.es - NOUVELLE AQUITAINE","robots":{"index":"index","follow":"follow","max-snippet":"max-snippet:-1","max-image-preview":"max-image-preview:large","max-video-preview":"max-video-preview:-1"},"canonical":"https:\/\/regions-snetap-fsu.fr\/na\/2025\/03\/19\/lycee-de-meymac-pressions-de-la-fdsea-contre-les-choix-pedagogiques-des-enseignant-es\/","og_locale":"fr_FR","og_type":"article","og_title":"Lyc\u00e9e de Meymac - Pressions de la FDSEA contre les choix p\u00e9dagogiques des enseignant.es - NOUVELLE AQUITAINE","og_description":"Le 26 mars prochain, l\u2019association FERUS (\u00ab\u00a0ce qui est sauvage\u00a0\u00bb en latin), association nationale de protection et de conservation de l\u2019ours, du loup et du lynx (https:\/\/www.ferus.fr\/a-propos-de-ferus\/association) devait intervenir au lyc\u00e9e forestier de Meymac. Une matin\u00e9e d\u2019\u00e9changes, dans le cadre d\u2019une s\u00e9quence p\u00e9dagogique, avec des \u00e9tudiant.es de\u00a0BTSA\u00a0(Gestion foresti\u00e8re) sur les enjeux de la cohabitation entre [&hellip;]","og_url":"https:\/\/regions-snetap-fsu.fr\/na\/2025\/03\/19\/lycee-de-meymac-pressions-de-la-fdsea-contre-les-choix-pedagogiques-des-enseignant-es\/","og_site_name":"NOUVELLE AQUITAINE","article_published_time":"2025-03-19T13:48:56+00:00","article_modified_time":"2025-03-19T13:50:14+00:00","og_image":[{"width":672,"height":448,"url":"https:\/\/regions-snetap-fsu.fr\/na\/wp-content\/uploads\/sites\/3\/2025\/03\/wolf-725388_1280-65488.jpg","type":"image\/jpeg"}],"author":"olivierb","twitter_card":"summary_large_image","twitter_misc":{"\u00c9crit par":"olivierb","Dur\u00e9e de lecture estim\u00e9e":"3 minutes"},"schema":{"@context":"https:\/\/schema.org","@graph":[{"@type":"Article","@id":"https:\/\/regions-snetap-fsu.fr\/na\/2025\/03\/19\/lycee-de-meymac-pressions-de-la-fdsea-contre-les-choix-pedagogiques-des-enseignant-es\/#article","isPartOf":{"@id":"https:\/\/regions-snetap-fsu.fr\/na\/2025\/03\/19\/lycee-de-meymac-pressions-de-la-fdsea-contre-les-choix-pedagogiques-des-enseignant-es\/"},"author":{"name":"olivierb","@id":"https:\/\/regions-snetap-fsu.fr\/na\/#\/schema\/person\/bdf1c4fe149dcf915601f9de85ba379f"},"headline":"Lyc\u00e9e de Meymac &#8211; Pressions de la FDSEA contre les choix p\u00e9dagogiques des enseignant.es","datePublished":"2025-03-19T13:48:56+00:00","dateModified":"2025-03-19T13:50:14+00:00","mainEntityOfPage":{"@id":"https:\/\/regions-snetap-fsu.fr\/na\/2025\/03\/19\/lycee-de-meymac-pressions-de-la-fdsea-contre-les-choix-pedagogiques-des-enseignant-es\/"},"wordCount":708,"publisher":{"@id":"https:\/\/regions-snetap-fsu.fr\/na\/#organization"},"image":{"@id":"https:\/\/regions-snetap-fsu.fr\/na\/2025\/03\/19\/lycee-de-meymac-pressions-de-la-fdsea-contre-les-choix-pedagogiques-des-enseignant-es\/#primaryimage"},"thumbnailUrl":"https:\/\/regions-snetap-fsu.fr\/na\/wp-content\/uploads\/sites\/3\/2025\/03\/wolf-725388_1280-65488.jpg","articleSection":["Message de service"],"inLanguage":"fr-FR"},{"@type":"WebPage","@id":"https:\/\/regions-snetap-fsu.fr\/na\/2025\/03\/19\/lycee-de-meymac-pressions-de-la-fdsea-contre-les-choix-pedagogiques-des-enseignant-es\/","url":"https:\/\/regions-snetap-fsu.fr\/na\/2025\/03\/19\/lycee-de-meymac-pressions-de-la-fdsea-contre-les-choix-pedagogiques-des-enseignant-es\/","name":"Lyc\u00e9e de Meymac - Pressions de la FDSEA contre les choix p\u00e9dagogiques des enseignant.es - NOUVELLE AQUITAINE","isPartOf":{"@id":"https:\/\/regions-snetap-fsu.fr\/na\/#website"},"primaryImageOfPage":{"@id":"https:\/\/regions-snetap-fsu.fr\/na\/2025\/03\/19\/lycee-de-meymac-pressions-de-la-fdsea-contre-les-choix-pedagogiques-des-enseignant-es\/#primaryimage"},"image":{"@id":"https:\/\/regions-snetap-fsu.fr\/na\/2025\/03\/19\/lycee-de-meymac-pressions-de-la-fdsea-contre-les-choix-pedagogiques-des-enseignant-es\/#primaryimage"},"thumbnailUrl":"https:\/\/regions-snetap-fsu.fr\/na\/wp-content\/uploads\/sites\/3\/2025\/03\/wolf-725388_1280-65488.jpg","datePublished":"2025-03-19T13:48:56+00:00","dateModified":"2025-03-19T13:50:14+00:00","breadcrumb":{"@id":"https:\/\/regions-snetap-fsu.fr\/na\/2025\/03\/19\/lycee-de-meymac-pressions-de-la-fdsea-contre-les-choix-pedagogiques-des-enseignant-es\/#breadcrumb"},"inLanguage":"fr-FR","potentialAction":[{"@type":"ReadAction","target":["https:\/\/regions-snetap-fsu.fr\/na\/2025\/03\/19\/lycee-de-meymac-pressions-de-la-fdsea-contre-les-choix-pedagogiques-des-enseignant-es\/"]}]},{"@type":"ImageObject","inLanguage":"fr-FR","@id":"https:\/\/regions-snetap-fsu.fr\/na\/2025\/03\/19\/lycee-de-meymac-pressions-de-la-fdsea-contre-les-choix-pedagogiques-des-enseignant-es\/#primaryimage","url":"https:\/\/regions-snetap-fsu.fr\/na\/wp-content\/uploads\/sites\/3\/2025\/03\/wolf-725388_1280-65488.jpg","contentUrl":"https:\/\/regions-snetap-fsu.fr\/na\/wp-content\/uploads\/sites\/3\/2025\/03\/wolf-725388_1280-65488.jpg","width":672,"height":448},{"@type":"BreadcrumbList","@id":"https:\/\/regions-snetap-fsu.fr\/na\/2025\/03\/19\/lycee-de-meymac-pressions-de-la-fdsea-contre-les-choix-pedagogiques-des-enseignant-es\/#breadcrumb","itemListElement":[{"@type":"ListItem","position":1,"name":"Accueil","item":"https:\/\/regions-snetap-fsu.fr\/na\/"},{"@type":"ListItem","position":2,"name":"Lyc\u00e9e de Meymac &#8211; Pressions de la FDSEA contre les choix p\u00e9dagogiques des enseignant.es"}]},{"@type":"WebSite","@id":"https:\/\/regions-snetap-fsu.fr\/na\/#website","url":"https:\/\/regions-snetap-fsu.fr\/na\/","name":"SNETAP-FSU NOUVELLE AQUITAINE","description":"Blog de la Section R\u00e9gionale","publisher":{"@id":"https:\/\/regions-snetap-fsu.fr\/na\/#organization"},"potentialAction":[{"@type":"SearchAction","target":{"@type":"EntryPoint","urlTemplate":"https:\/\/regions-snetap-fsu.fr\/na\/?s={search_term_string}"},"query-input":{"@type":"PropertyValueSpecification","valueRequired":true,"valueName":"search_term_string"}}],"inLanguage":"fr-FR"},{"@type":"Organization","@id":"https:\/\/regions-snetap-fsu.fr\/na\/#organization","name":"SNETAP-FSU - Nouvelle Aquitaine","url":"https:\/\/regions-snetap-fsu.fr\/na\/","logo":{"@type":"ImageObject","inLanguage":"fr-FR","@id":"https:\/\/regions-snetap-fsu.fr\/na\/#\/schema\/logo\/image\/","url":"https:\/\/regions-snetap-fsu.fr\/na\/wp-content\/uploads\/sites\/3\/2020\/12\/SNETAP-Logo.jpg","contentUrl":"https:\/\/regions-snetap-fsu.fr\/na\/wp-content\/uploads\/sites\/3\/2020\/12\/SNETAP-Logo.jpg","width":464,"height":334,"caption":"SNETAP-FSU - Nouvelle Aquitaine"},"image":{"@id":"https:\/\/regions-snetap-fsu.fr\/na\/#\/schema\/logo\/image\/"}},{"@type":"Person","@id":"https:\/\/regions-snetap-fsu.fr\/na\/#\/schema\/person\/bdf1c4fe149dcf915601f9de85ba379f","name":"olivierb","image":{"@type":"ImageObject","inLanguage":"fr-FR","@id":"https:\/\/secure.gravatar.com\/avatar\/d9cce0db1146844098d0ec7fae94551015c4ff78117aab56897823bb265a7bc9?s=96&d=mm&r=g","url":"https:\/\/secure.gravatar.com\/avatar\/d9cce0db1146844098d0ec7fae94551015c4ff78117aab56897823bb265a7bc9?s=96&d=mm&r=g","contentUrl":"https:\/\/secure.gravatar.com\/avatar\/d9cce0db1146844098d0ec7fae94551015c4ff78117aab56897823bb265a7bc9?s=96&d=mm&r=g","caption":"olivierb"},"url":"https:\/\/regions-snetap-fsu.fr\/na\/author\/olivierb\/"}]}},"_links":{"self":[{"href":"https:\/\/regions-snetap-fsu.fr\/na\/wp-json\/wp\/v2\/posts\/4906","targetHints":{"allow":["GET"]}}],"collection":[{"href":"https:\/\/regions-snetap-fsu.fr\/na\/wp-json\/wp\/v2\/posts"}],"about":[{"href":"https:\/\/regions-snetap-fsu.fr\/na\/wp-json\/wp\/v2\/types\/post"}],"author":[{"embeddable":true,"href":"https:\/\/regions-snetap-fsu.fr\/na\/wp-json\/wp\/v2\/users\/128"}],"replies":[{"embeddable":true,"href":"https:\/\/regions-snetap-fsu.fr\/na\/wp-json\/wp\/v2\/comments?post=4906"}],"version-history":[{"count":1,"href":"https:\/\/regions-snetap-fsu.fr\/na\/wp-json\/wp\/v2\/posts\/4906\/revisions"}],"predecessor-version":[{"id":4907,"href":"https:\/\/regions-snetap-fsu.fr\/na\/wp-json\/wp\/v2\/posts\/4906\/revisions\/4907"}],"wp:featuredmedia":[{"embeddable":true,"href":"https:\/\/regions-snetap-fsu.fr\/na\/wp-json\/wp\/v2\/media\/4908"}],"wp:attachment":[{"href":"https:\/\/regions-snetap-fsu.fr\/na\/wp-json\/wp\/v2\/media?parent=4906"}],"wp:term":[{"taxonomy":"category","embeddable":true,"href":"https:\/\/regions-snetap-fsu.fr\/na\/wp-json\/wp\/v2\/categories?post=4906"},{"taxonomy":"post_tag","embeddable":true,"href":"https:\/\/regions-snetap-fsu.fr\/na\/wp-json\/wp\/v2\/tags?post=4906"},{"taxonomy":"post_folder","embeddable":true,"href":"https:\/\/regions-snetap-fsu.fr\/na\/wp-json\/wp\/v2\/post_folder?post=4906"}],"curies":[{"name":"wp","href":"https:\/\/api.w.org\/{rel}","templated":true}]}}