{"id":4903,"date":"2025-03-19T11:07:25","date_gmt":"2025-03-19T10:07:25","guid":{"rendered":"https:\/\/regions-snetap-fsu.fr\/na\/?p=4903"},"modified":"2025-03-19T11:11:06","modified_gmt":"2025-03-19T10:11:06","slug":"25-mars-mobilisation-contre-la-baisse-de-moyens-dans-leap","status":"publish","type":"post","link":"https:\/\/regions-snetap-fsu.fr\/na\/2025\/03\/19\/25-mars-mobilisation-contre-la-baisse-de-moyens-dans-leap\/","title":{"rendered":"25 mars &#8211; Mobilisation contre la baisse de moyens dans l&rsquo;EAP"},"content":{"rendered":"<p style=\"text-align: justify\">D\u00e9but janvier, la DRAAF Nouvelle-Aquitaine annon\u00e7ait une diminution drastique des moyens allou\u00e9s \u00e0 l\u2019enseignement agricole public (EAP) au niveau national et les restrictions impos\u00e9es \u00e0 notre r\u00e9gion. Selon notre autorit\u00e9 acad\u00e9mique, ce sont au moins 5500 heures de dotation globale horaire (DGH) qui seront amen\u00e9es \u00e0 dispara\u00eetre pour la Nouvelle Aquitaine, quelle que soit la forme finale retenue par le Minist\u00e8re de l\u2019Agriculture (au niveau national 28 830 heures seraient supprim\u00e9es).<\/p>\n<p style=\"text-align: justify\">L\u2019intersyndicale a communiqu\u00e9 tr\u00e8s largement sur les cons\u00e9quences tr\u00e8s concr\u00e8tes que ces d\u00e9cisions allaient avoir non seulement au niveau national, mais aussi au niveau de la r\u00e9gion Nouvelle-Aquitaine, avec, \u00e0 plus ou moins br\u00e8ve \u00e9ch\u00e9ance, des \u00e9tablissements menac\u00e9s dans leur existence m\u00eame (Surg\u00e8res, Niort\u2026).<\/p>\n<p style=\"text-align: justify\">Dans un contexte ou la nouvelle loi agricole, fra\u00eechement vot\u00e9e, fixe un objectif de plus 30 % d\u2019effectifs pour l\u2019enseignement agricole et ou les d\u00e9fis climatiques, environnementaux et alimentaires n\u2019ont jamais \u00e9t\u00e9 aussi grands de telles d\u00e9cisions sont incompr\u00e9hensibles et inacceptables. Le 13 f\u00e9vrier, les personnels se sont largement mobilis\u00e9s pour faire part de leur m\u00e9contentement. Depuis, le silence r\u00e8gne en ma\u00eetre au minist\u00e8re de l\u2019agriculture. Non seulement la ministre ignore les organisations syndicales lors de sa visite au SIA, mais elle ne donne aucun signe de consid\u00e9ration pour les personnels mobilis\u00e9s, aucune r\u00e9ponse aux arguments \u00e9nonc\u00e9s par l\u2019intersyndicale.<br \/>\nFace \u00e0 un tel m\u00e9pris, nous appelons l\u2019ensemble des personnels de l\u2019enseignement agricole public \u00e0 se mobiliser \u00e0 nouveau le mardi 25 mars dans une nouvelle grande journ\u00e9e d\u2019actions. Nous demandons \u00e0 \u00eatre re\u00e7us par la Directrice R\u00e9gionale de l\u2019Alimentation, l\u2019Agriculture et de la For\u00eat Nouvelle-Aquitaine.<\/p>\n<p style=\"text-align: justify\"><span style=\"color: #008000\"><strong>L\u2019Intersyndicale r\u00e9gionale appelle l\u2019ensemble des personnels \u00e0 se rassembler \u00e0 partir de 10 h 30 devant la DRAAF de Limoges pour une manifestation joyeuse et bruyante o\u00f9 nous pourrons poursuivre l\u2019action par un pique-nique revendicatif. Elle appelle \u00e9galement \u00e0 se rassembler devant l\u2019ensemble des \u00e9tablissements de Nouvelle-<\/strong><\/span><br \/>\n<span style=\"color: #008000\"><strong>Aquitaine concern\u00e9s par ces baisses de moyens d\u00e8s 8 h 00, pour les personnels qui ne peuvent pas se rendre \u00e0 Limoges, afin d\u2019informer largement les familles par des op\u00e9rations de tractage.<\/strong><\/span><\/p>\n<p style=\"text-align: center\"><span style=\"font-size: 14pt;color: #ff0000\"><strong>TOUTES ET TOUS A LA DRAAF DE LIMOGES<\/strong><\/span><br \/>\n<span style=\"font-size: 14pt;color: #ff0000\"><strong>MANIFESTATION &#8211; MARDI 25 MARS 2025 &#8211; A PARTIR DE 10H30<\/strong><\/span><\/p>\n","protected":false},"excerpt":{"rendered":"<p>D\u00e9but janvier, la DRAAF Nouvelle-Aquitaine annon\u00e7ait une diminution drastique des moyens allou\u00e9s \u00e0 l\u2019enseignement agricole public (EAP) au niveau national et les restrictions impos\u00e9es \u00e0 notre r\u00e9gion. Selon notre autorit\u00e9 acad\u00e9mique, ce sont au moins 5500 heures de dotation globale horaire (DGH) qui seront amen\u00e9es \u00e0 dispara\u00eetre pour la Nouvelle Aquitaine, quelle que soit la [&hellip;]<\/p>\n","protected":false},"author":128,"featured_media":4905,"comment_status":"closed","ping_status":"closed","sticky":false,"template":"","format":"standard","meta":{"ocean_post_layout":"","ocean_both_sidebars_style":"","ocean_both_sidebars_content_width":0,"ocean_both_sidebars_sidebars_width":0,"ocean_sidebar":"","ocean_second_sidebar":"","ocean_disable_margins":"enable","ocean_add_body_class":"","ocean_shortcode_before_top_bar":"","ocean_shortcode_after_top_bar":"","ocean_shortcode_before_header":"","ocean_shortcode_after_header":"","ocean_has_shortcode":"","ocean_shortcode_after_title":"","ocean_shortcode_before_footer_widgets":"","ocean_shortcode_after_footer_widgets":"","ocean_shortcode_before_footer_bottom":"","ocean_shortcode_after_footer_bottom":"","ocean_display_top_bar":"default","ocean_display_header":"default","ocean_header_style":"","ocean_center_header_left_menu":"","ocean_custom_header_template":"","ocean_custom_logo":0,"ocean_custom_retina_logo":0,"ocean_custom_logo_max_width":0,"ocean_custom_logo_tablet_max_width":0,"ocean_custom_logo_mobile_max_width":0,"ocean_custom_logo_max_height":0,"ocean_custom_logo_tablet_max_height":0,"ocean_custom_logo_mobile_max_height":0,"ocean_header_custom_menu":"","ocean_menu_typo_font_family":"","ocean_menu_typo_font_subset":"","ocean_menu_typo_font_size":0,"ocean_menu_typo_font_size_tablet":0,"ocean_menu_typo_font_size_mobile":0,"ocean_menu_typo_font_size_unit":"px","ocean_menu_typo_font_weight":"","ocean_menu_typo_font_weight_tablet":"","ocean_menu_typo_font_weight_mobile":"","ocean_menu_typo_transform":"","ocean_menu_typo_transform_tablet":"","ocean_menu_typo_transform_mobile":"","ocean_menu_typo_line_height":0,"ocean_menu_typo_line_height_tablet":0,"ocean_menu_typo_line_height_mobile":0,"ocean_menu_typo_line_height_unit":"","ocean_menu_typo_spacing":0,"ocean_menu_typo_spacing_tablet":0,"ocean_menu_typo_spacing_mobile":0,"ocean_menu_typo_spacing_unit":"","ocean_menu_link_color":"","ocean_menu_link_color_hover":"","ocean_menu_link_color_active":"","ocean_menu_link_background":"","ocean_menu_link_hover_background":"","ocean_menu_link_active_background":"","ocean_menu_social_links_bg":"","ocean_menu_social_hover_links_bg":"","ocean_menu_social_links_color":"","ocean_menu_social_hover_links_color":"","ocean_disable_title":"default","ocean_disable_heading":"default","ocean_post_title":"","ocean_post_subheading":"","ocean_post_title_style":"","ocean_post_title_background_color":"","ocean_post_title_background":0,"ocean_post_title_bg_image_position":"","ocean_post_title_bg_image_attachment":"","ocean_post_title_bg_image_repeat":"","ocean_post_title_bg_image_size":"","ocean_post_title_height":0,"ocean_post_title_bg_overlay":0.5,"ocean_post_title_bg_overlay_color":"","ocean_disable_breadcrumbs":"default","ocean_breadcrumbs_color":"","ocean_breadcrumbs_separator_color":"","ocean_breadcrumbs_links_color":"","ocean_breadcrumbs_links_hover_color":"","ocean_display_footer_widgets":"default","ocean_display_footer_bottom":"default","ocean_custom_footer_template":"","ocean_post_oembed":"","ocean_post_self_hosted_media":"","ocean_post_video_embed":"","ocean_link_format":"","ocean_link_format_target":"self","ocean_quote_format":"","ocean_quote_format_link":"post","ocean_gallery_link_images":"on","ocean_gallery_id":[],"footnotes":""},"categories":[1],"tags":[],"post_folder":[],"class_list":["post-4903","post","type-post","status-publish","format-standard","has-post-thumbnail","hentry","category-message-de-service","entry","has-media"],"yoast_head":"<!-- This site is optimized with the Yoast SEO plugin v27.4 - https:\/\/yoast.com\/product\/yoast-seo-wordpress\/ -->\n<title>25 mars - Mobilisation contre la baisse de moyens dans l&#039;EAP - NOUVELLE AQUITAINE<\/title>\n<meta name=\"robots\" content=\"index, follow, max-snippet:-1, max-image-preview:large, max-video-preview:-1\" \/>\n<link rel=\"canonical\" href=\"https:\/\/regions-snetap-fsu.fr\/na\/2025\/03\/19\/25-mars-mobilisation-contre-la-baisse-de-moyens-dans-leap\/\" \/>\n<meta property=\"og:locale\" content=\"fr_FR\" \/>\n<meta property=\"og:type\" content=\"article\" \/>\n<meta property=\"og:title\" content=\"25 mars - Mobilisation contre la baisse de moyens dans l&#039;EAP - NOUVELLE AQUITAINE\" \/>\n<meta property=\"og:description\" content=\"D\u00e9but janvier, la DRAAF Nouvelle-Aquitaine annon\u00e7ait une diminution drastique des moyens allou\u00e9s \u00e0 l\u2019enseignement agricole public (EAP) au niveau national et les restrictions impos\u00e9es \u00e0 notre r\u00e9gion. Selon notre autorit\u00e9 acad\u00e9mique, ce sont au moins 5500 heures de dotation globale horaire (DGH) qui seront amen\u00e9es \u00e0 dispara\u00eetre pour la Nouvelle Aquitaine, quelle que soit la [&hellip;]\" \/>\n<meta property=\"og:url\" content=\"https:\/\/regions-snetap-fsu.fr\/na\/2025\/03\/19\/25-mars-mobilisation-contre-la-baisse-de-moyens-dans-leap\/\" \/>\n<meta property=\"og:site_name\" content=\"NOUVELLE AQUITAINE\" \/>\n<meta property=\"article:published_time\" content=\"2025-03-19T10:07:25+00:00\" \/>\n<meta property=\"article:modified_time\" content=\"2025-03-19T10:11:06+00:00\" \/>\n<meta property=\"og:image\" content=\"https:\/\/regions-snetap-fsu.fr\/na\/wp-content\/uploads\/sites\/3\/2025\/03\/affiche_A3-25-mars-2025-scaled.jpg\" \/>\n\t<meta property=\"og:image:width\" content=\"1810\" \/>\n\t<meta property=\"og:image:height\" content=\"2560\" \/>\n\t<meta property=\"og:image:type\" content=\"image\/jpeg\" \/>\n<meta name=\"author\" content=\"olivierb\" \/>\n<meta name=\"twitter:card\" content=\"summary_large_image\" \/>\n<meta name=\"twitter:label1\" content=\"\u00c9crit par\" \/>\n\t<meta name=\"twitter:data1\" content=\"olivierb\" \/>\n\t<meta name=\"twitter:label2\" content=\"Dur\u00e9e de lecture estim\u00e9e\" \/>\n\t<meta name=\"twitter:data2\" content=\"2 minutes\" \/>\n<script type=\"application\/ld+json\" class=\"yoast-schema-graph\">{\"@context\":\"https:\\\/\\\/schema.org\",\"@graph\":[{\"@type\":\"Article\",\"@id\":\"https:\\\/\\\/regions-snetap-fsu.fr\\\/na\\\/2025\\\/03\\\/19\\\/25-mars-mobilisation-contre-la-baisse-de-moyens-dans-leap\\\/#article\",\"isPartOf\":{\"@id\":\"https:\\\/\\\/regions-snetap-fsu.fr\\\/na\\\/2025\\\/03\\\/19\\\/25-mars-mobilisation-contre-la-baisse-de-moyens-dans-leap\\\/\"},\"author\":{\"name\":\"olivierb\",\"@id\":\"https:\\\/\\\/regions-snetap-fsu.fr\\\/na\\\/#\\\/schema\\\/person\\\/bdf1c4fe149dcf915601f9de85ba379f\"},\"headline\":\"25 mars &#8211; Mobilisation contre la baisse de moyens dans l&rsquo;EAP\",\"datePublished\":\"2025-03-19T10:07:25+00:00\",\"dateModified\":\"2025-03-19T10:11:06+00:00\",\"mainEntityOfPage\":{\"@id\":\"https:\\\/\\\/regions-snetap-fsu.fr\\\/na\\\/2025\\\/03\\\/19\\\/25-mars-mobilisation-contre-la-baisse-de-moyens-dans-leap\\\/\"},\"wordCount\":407,\"publisher\":{\"@id\":\"https:\\\/\\\/regions-snetap-fsu.fr\\\/na\\\/#organization\"},\"image\":{\"@id\":\"https:\\\/\\\/regions-snetap-fsu.fr\\\/na\\\/2025\\\/03\\\/19\\\/25-mars-mobilisation-contre-la-baisse-de-moyens-dans-leap\\\/#primaryimage\"},\"thumbnailUrl\":\"https:\\\/\\\/regions-snetap-fsu.fr\\\/na\\\/wp-content\\\/uploads\\\/sites\\\/3\\\/2025\\\/03\\\/affiche_A3-25-mars-2025-scaled.jpg\",\"articleSection\":[\"Message de service\"],\"inLanguage\":\"fr-FR\"},{\"@type\":\"WebPage\",\"@id\":\"https:\\\/\\\/regions-snetap-fsu.fr\\\/na\\\/2025\\\/03\\\/19\\\/25-mars-mobilisation-contre-la-baisse-de-moyens-dans-leap\\\/\",\"url\":\"https:\\\/\\\/regions-snetap-fsu.fr\\\/na\\\/2025\\\/03\\\/19\\\/25-mars-mobilisation-contre-la-baisse-de-moyens-dans-leap\\\/\",\"name\":\"25 mars - Mobilisation contre la baisse de moyens dans l'EAP - NOUVELLE AQUITAINE\",\"isPartOf\":{\"@id\":\"https:\\\/\\\/regions-snetap-fsu.fr\\\/na\\\/#website\"},\"primaryImageOfPage\":{\"@id\":\"https:\\\/\\\/regions-snetap-fsu.fr\\\/na\\\/2025\\\/03\\\/19\\\/25-mars-mobilisation-contre-la-baisse-de-moyens-dans-leap\\\/#primaryimage\"},\"image\":{\"@id\":\"https:\\\/\\\/regions-snetap-fsu.fr\\\/na\\\/2025\\\/03\\\/19\\\/25-mars-mobilisation-contre-la-baisse-de-moyens-dans-leap\\\/#primaryimage\"},\"thumbnailUrl\":\"https:\\\/\\\/regions-snetap-fsu.fr\\\/na\\\/wp-content\\\/uploads\\\/sites\\\/3\\\/2025\\\/03\\\/affiche_A3-25-mars-2025-scaled.jpg\",\"datePublished\":\"2025-03-19T10:07:25+00:00\",\"dateModified\":\"2025-03-19T10:11:06+00:00\",\"breadcrumb\":{\"@id\":\"https:\\\/\\\/regions-snetap-fsu.fr\\\/na\\\/2025\\\/03\\\/19\\\/25-mars-mobilisation-contre-la-baisse-de-moyens-dans-leap\\\/#breadcrumb\"},\"inLanguage\":\"fr-FR\",\"potentialAction\":[{\"@type\":\"ReadAction\",\"target\":[\"https:\\\/\\\/regions-snetap-fsu.fr\\\/na\\\/2025\\\/03\\\/19\\\/25-mars-mobilisation-contre-la-baisse-de-moyens-dans-leap\\\/\"]}]},{\"@type\":\"ImageObject\",\"inLanguage\":\"fr-FR\",\"@id\":\"https:\\\/\\\/regions-snetap-fsu.fr\\\/na\\\/2025\\\/03\\\/19\\\/25-mars-mobilisation-contre-la-baisse-de-moyens-dans-leap\\\/#primaryimage\",\"url\":\"https:\\\/\\\/regions-snetap-fsu.fr\\\/na\\\/wp-content\\\/uploads\\\/sites\\\/3\\\/2025\\\/03\\\/affiche_A3-25-mars-2025-scaled.jpg\",\"contentUrl\":\"https:\\\/\\\/regions-snetap-fsu.fr\\\/na\\\/wp-content\\\/uploads\\\/sites\\\/3\\\/2025\\\/03\\\/affiche_A3-25-mars-2025-scaled.jpg\",\"width\":1810,\"height\":2560},{\"@type\":\"BreadcrumbList\",\"@id\":\"https:\\\/\\\/regions-snetap-fsu.fr\\\/na\\\/2025\\\/03\\\/19\\\/25-mars-mobilisation-contre-la-baisse-de-moyens-dans-leap\\\/#breadcrumb\",\"itemListElement\":[{\"@type\":\"ListItem\",\"position\":1,\"name\":\"Accueil\",\"item\":\"https:\\\/\\\/regions-snetap-fsu.fr\\\/na\\\/\"},{\"@type\":\"ListItem\",\"position\":2,\"name\":\"25 mars &#8211; Mobilisation contre la baisse de moyens dans l&rsquo;EAP\"}]},{\"@type\":\"WebSite\",\"@id\":\"https:\\\/\\\/regions-snetap-fsu.fr\\\/na\\\/#website\",\"url\":\"https:\\\/\\\/regions-snetap-fsu.fr\\\/na\\\/\",\"name\":\"SNETAP-FSU NOUVELLE AQUITAINE\",\"description\":\"Blog de la Section R\u00e9gionale\",\"publisher\":{\"@id\":\"https:\\\/\\\/regions-snetap-fsu.fr\\\/na\\\/#organization\"},\"potentialAction\":[{\"@type\":\"SearchAction\",\"target\":{\"@type\":\"EntryPoint\",\"urlTemplate\":\"https:\\\/\\\/regions-snetap-fsu.fr\\\/na\\\/?s={search_term_string}\"},\"query-input\":{\"@type\":\"PropertyValueSpecification\",\"valueRequired\":true,\"valueName\":\"search_term_string\"}}],\"inLanguage\":\"fr-FR\"},{\"@type\":\"Organization\",\"@id\":\"https:\\\/\\\/regions-snetap-fsu.fr\\\/na\\\/#organization\",\"name\":\"SNETAP-FSU - Nouvelle Aquitaine\",\"url\":\"https:\\\/\\\/regions-snetap-fsu.fr\\\/na\\\/\",\"logo\":{\"@type\":\"ImageObject\",\"inLanguage\":\"fr-FR\",\"@id\":\"https:\\\/\\\/regions-snetap-fsu.fr\\\/na\\\/#\\\/schema\\\/logo\\\/image\\\/\",\"url\":\"https:\\\/\\\/regions-snetap-fsu.fr\\\/na\\\/wp-content\\\/uploads\\\/sites\\\/3\\\/2020\\\/12\\\/SNETAP-Logo.jpg\",\"contentUrl\":\"https:\\\/\\\/regions-snetap-fsu.fr\\\/na\\\/wp-content\\\/uploads\\\/sites\\\/3\\\/2020\\\/12\\\/SNETAP-Logo.jpg\",\"width\":464,\"height\":334,\"caption\":\"SNETAP-FSU - Nouvelle Aquitaine\"},\"image\":{\"@id\":\"https:\\\/\\\/regions-snetap-fsu.fr\\\/na\\\/#\\\/schema\\\/logo\\\/image\\\/\"}},{\"@type\":\"Person\",\"@id\":\"https:\\\/\\\/regions-snetap-fsu.fr\\\/na\\\/#\\\/schema\\\/person\\\/bdf1c4fe149dcf915601f9de85ba379f\",\"name\":\"olivierb\",\"image\":{\"@type\":\"ImageObject\",\"inLanguage\":\"fr-FR\",\"@id\":\"https:\\\/\\\/secure.gravatar.com\\\/avatar\\\/d9cce0db1146844098d0ec7fae94551015c4ff78117aab56897823bb265a7bc9?s=96&d=mm&r=g\",\"url\":\"https:\\\/\\\/secure.gravatar.com\\\/avatar\\\/d9cce0db1146844098d0ec7fae94551015c4ff78117aab56897823bb265a7bc9?s=96&d=mm&r=g\",\"contentUrl\":\"https:\\\/\\\/secure.gravatar.com\\\/avatar\\\/d9cce0db1146844098d0ec7fae94551015c4ff78117aab56897823bb265a7bc9?s=96&d=mm&r=g\",\"caption\":\"olivierb\"},\"url\":\"https:\\\/\\\/regions-snetap-fsu.fr\\\/na\\\/author\\\/olivierb\\\/\"}]}<\/script>\n<!-- \/ Yoast SEO plugin. -->","yoast_head_json":{"title":"25 mars - Mobilisation contre la baisse de moyens dans l'EAP - NOUVELLE AQUITAINE","robots":{"index":"index","follow":"follow","max-snippet":"max-snippet:-1","max-image-preview":"max-image-preview:large","max-video-preview":"max-video-preview:-1"},"canonical":"https:\/\/regions-snetap-fsu.fr\/na\/2025\/03\/19\/25-mars-mobilisation-contre-la-baisse-de-moyens-dans-leap\/","og_locale":"fr_FR","og_type":"article","og_title":"25 mars - Mobilisation contre la baisse de moyens dans l'EAP - NOUVELLE AQUITAINE","og_description":"D\u00e9but janvier, la DRAAF Nouvelle-Aquitaine annon\u00e7ait une diminution drastique des moyens allou\u00e9s \u00e0 l\u2019enseignement agricole public (EAP) au niveau national et les restrictions impos\u00e9es \u00e0 notre r\u00e9gion. Selon notre autorit\u00e9 acad\u00e9mique, ce sont au moins 5500 heures de dotation globale horaire (DGH) qui seront amen\u00e9es \u00e0 dispara\u00eetre pour la Nouvelle Aquitaine, quelle que soit la [&hellip;]","og_url":"https:\/\/regions-snetap-fsu.fr\/na\/2025\/03\/19\/25-mars-mobilisation-contre-la-baisse-de-moyens-dans-leap\/","og_site_name":"NOUVELLE AQUITAINE","article_published_time":"2025-03-19T10:07:25+00:00","article_modified_time":"2025-03-19T10:11:06+00:00","og_image":[{"width":1810,"height":2560,"url":"https:\/\/regions-snetap-fsu.fr\/na\/wp-content\/uploads\/sites\/3\/2025\/03\/affiche_A3-25-mars-2025-scaled.jpg","type":"image\/jpeg"}],"author":"olivierb","twitter_card":"summary_large_image","twitter_misc":{"\u00c9crit par":"olivierb","Dur\u00e9e de lecture estim\u00e9e":"2 minutes"},"schema":{"@context":"https:\/\/schema.org","@graph":[{"@type":"Article","@id":"https:\/\/regions-snetap-fsu.fr\/na\/2025\/03\/19\/25-mars-mobilisation-contre-la-baisse-de-moyens-dans-leap\/#article","isPartOf":{"@id":"https:\/\/regions-snetap-fsu.fr\/na\/2025\/03\/19\/25-mars-mobilisation-contre-la-baisse-de-moyens-dans-leap\/"},"author":{"name":"olivierb","@id":"https:\/\/regions-snetap-fsu.fr\/na\/#\/schema\/person\/bdf1c4fe149dcf915601f9de85ba379f"},"headline":"25 mars &#8211; Mobilisation contre la baisse de moyens dans l&rsquo;EAP","datePublished":"2025-03-19T10:07:25+00:00","dateModified":"2025-03-19T10:11:06+00:00","mainEntityOfPage":{"@id":"https:\/\/regions-snetap-fsu.fr\/na\/2025\/03\/19\/25-mars-mobilisation-contre-la-baisse-de-moyens-dans-leap\/"},"wordCount":407,"publisher":{"@id":"https:\/\/regions-snetap-fsu.fr\/na\/#organization"},"image":{"@id":"https:\/\/regions-snetap-fsu.fr\/na\/2025\/03\/19\/25-mars-mobilisation-contre-la-baisse-de-moyens-dans-leap\/#primaryimage"},"thumbnailUrl":"https:\/\/regions-snetap-fsu.fr\/na\/wp-content\/uploads\/sites\/3\/2025\/03\/affiche_A3-25-mars-2025-scaled.jpg","articleSection":["Message de service"],"inLanguage":"fr-FR"},{"@type":"WebPage","@id":"https:\/\/regions-snetap-fsu.fr\/na\/2025\/03\/19\/25-mars-mobilisation-contre-la-baisse-de-moyens-dans-leap\/","url":"https:\/\/regions-snetap-fsu.fr\/na\/2025\/03\/19\/25-mars-mobilisation-contre-la-baisse-de-moyens-dans-leap\/","name":"25 mars - Mobilisation contre la baisse de moyens dans l'EAP - NOUVELLE AQUITAINE","isPartOf":{"@id":"https:\/\/regions-snetap-fsu.fr\/na\/#website"},"primaryImageOfPage":{"@id":"https:\/\/regions-snetap-fsu.fr\/na\/2025\/03\/19\/25-mars-mobilisation-contre-la-baisse-de-moyens-dans-leap\/#primaryimage"},"image":{"@id":"https:\/\/regions-snetap-fsu.fr\/na\/2025\/03\/19\/25-mars-mobilisation-contre-la-baisse-de-moyens-dans-leap\/#primaryimage"},"thumbnailUrl":"https:\/\/regions-snetap-fsu.fr\/na\/wp-content\/uploads\/sites\/3\/2025\/03\/affiche_A3-25-mars-2025-scaled.jpg","datePublished":"2025-03-19T10:07:25+00:00","dateModified":"2025-03-19T10:11:06+00:00","breadcrumb":{"@id":"https:\/\/regions-snetap-fsu.fr\/na\/2025\/03\/19\/25-mars-mobilisation-contre-la-baisse-de-moyens-dans-leap\/#breadcrumb"},"inLanguage":"fr-FR","potentialAction":[{"@type":"ReadAction","target":["https:\/\/regions-snetap-fsu.fr\/na\/2025\/03\/19\/25-mars-mobilisation-contre-la-baisse-de-moyens-dans-leap\/"]}]},{"@type":"ImageObject","inLanguage":"fr-FR","@id":"https:\/\/regions-snetap-fsu.fr\/na\/2025\/03\/19\/25-mars-mobilisation-contre-la-baisse-de-moyens-dans-leap\/#primaryimage","url":"https:\/\/regions-snetap-fsu.fr\/na\/wp-content\/uploads\/sites\/3\/2025\/03\/affiche_A3-25-mars-2025-scaled.jpg","contentUrl":"https:\/\/regions-snetap-fsu.fr\/na\/wp-content\/uploads\/sites\/3\/2025\/03\/affiche_A3-25-mars-2025-scaled.jpg","width":1810,"height":2560},{"@type":"BreadcrumbList","@id":"https:\/\/regions-snetap-fsu.fr\/na\/2025\/03\/19\/25-mars-mobilisation-contre-la-baisse-de-moyens-dans-leap\/#breadcrumb","itemListElement":[{"@type":"ListItem","position":1,"name":"Accueil","item":"https:\/\/regions-snetap-fsu.fr\/na\/"},{"@type":"ListItem","position":2,"name":"25 mars &#8211; Mobilisation contre la baisse de moyens dans l&rsquo;EAP"}]},{"@type":"WebSite","@id":"https:\/\/regions-snetap-fsu.fr\/na\/#website","url":"https:\/\/regions-snetap-fsu.fr\/na\/","name":"SNETAP-FSU NOUVELLE AQUITAINE","description":"Blog de la Section R\u00e9gionale","publisher":{"@id":"https:\/\/regions-snetap-fsu.fr\/na\/#organization"},"potentialAction":[{"@type":"SearchAction","target":{"@type":"EntryPoint","urlTemplate":"https:\/\/regions-snetap-fsu.fr\/na\/?s={search_term_string}"},"query-input":{"@type":"PropertyValueSpecification","valueRequired":true,"valueName":"search_term_string"}}],"inLanguage":"fr-FR"},{"@type":"Organization","@id":"https:\/\/regions-snetap-fsu.fr\/na\/#organization","name":"SNETAP-FSU - Nouvelle Aquitaine","url":"https:\/\/regions-snetap-fsu.fr\/na\/","logo":{"@type":"ImageObject","inLanguage":"fr-FR","@id":"https:\/\/regions-snetap-fsu.fr\/na\/#\/schema\/logo\/image\/","url":"https:\/\/regions-snetap-fsu.fr\/na\/wp-content\/uploads\/sites\/3\/2020\/12\/SNETAP-Logo.jpg","contentUrl":"https:\/\/regions-snetap-fsu.fr\/na\/wp-content\/uploads\/sites\/3\/2020\/12\/SNETAP-Logo.jpg","width":464,"height":334,"caption":"SNETAP-FSU - Nouvelle Aquitaine"},"image":{"@id":"https:\/\/regions-snetap-fsu.fr\/na\/#\/schema\/logo\/image\/"}},{"@type":"Person","@id":"https:\/\/regions-snetap-fsu.fr\/na\/#\/schema\/person\/bdf1c4fe149dcf915601f9de85ba379f","name":"olivierb","image":{"@type":"ImageObject","inLanguage":"fr-FR","@id":"https:\/\/secure.gravatar.com\/avatar\/d9cce0db1146844098d0ec7fae94551015c4ff78117aab56897823bb265a7bc9?s=96&d=mm&r=g","url":"https:\/\/secure.gravatar.com\/avatar\/d9cce0db1146844098d0ec7fae94551015c4ff78117aab56897823bb265a7bc9?s=96&d=mm&r=g","contentUrl":"https:\/\/secure.gravatar.com\/avatar\/d9cce0db1146844098d0ec7fae94551015c4ff78117aab56897823bb265a7bc9?s=96&d=mm&r=g","caption":"olivierb"},"url":"https:\/\/regions-snetap-fsu.fr\/na\/author\/olivierb\/"}]}},"_links":{"self":[{"href":"https:\/\/regions-snetap-fsu.fr\/na\/wp-json\/wp\/v2\/posts\/4903","targetHints":{"allow":["GET"]}}],"collection":[{"href":"https:\/\/regions-snetap-fsu.fr\/na\/wp-json\/wp\/v2\/posts"}],"about":[{"href":"https:\/\/regions-snetap-fsu.fr\/na\/wp-json\/wp\/v2\/types\/post"}],"author":[{"embeddable":true,"href":"https:\/\/regions-snetap-fsu.fr\/na\/wp-json\/wp\/v2\/users\/128"}],"replies":[{"embeddable":true,"href":"https:\/\/regions-snetap-fsu.fr\/na\/wp-json\/wp\/v2\/comments?post=4903"}],"version-history":[{"count":1,"href":"https:\/\/regions-snetap-fsu.fr\/na\/wp-json\/wp\/v2\/posts\/4903\/revisions"}],"predecessor-version":[{"id":4904,"href":"https:\/\/regions-snetap-fsu.fr\/na\/wp-json\/wp\/v2\/posts\/4903\/revisions\/4904"}],"wp:featuredmedia":[{"embeddable":true,"href":"https:\/\/regions-snetap-fsu.fr\/na\/wp-json\/wp\/v2\/media\/4905"}],"wp:attachment":[{"href":"https:\/\/regions-snetap-fsu.fr\/na\/wp-json\/wp\/v2\/media?parent=4903"}],"wp:term":[{"taxonomy":"category","embeddable":true,"href":"https:\/\/regions-snetap-fsu.fr\/na\/wp-json\/wp\/v2\/categories?post=4903"},{"taxonomy":"post_tag","embeddable":true,"href":"https:\/\/regions-snetap-fsu.fr\/na\/wp-json\/wp\/v2\/tags?post=4903"},{"taxonomy":"post_folder","embeddable":true,"href":"https:\/\/regions-snetap-fsu.fr\/na\/wp-json\/wp\/v2\/post_folder?post=4903"}],"curies":[{"name":"wp","href":"https:\/\/api.w.org\/{rel}","templated":true}]}}