{"id":4877,"date":"2025-02-15T17:20:05","date_gmt":"2025-02-15T16:20:05","guid":{"rendered":"https:\/\/regions-snetap-fsu.fr\/na\/?p=4877"},"modified":"2025-04-20T13:54:59","modified_gmt":"2025-04-20T11:54:59","slug":"13-fevrier-une-tres-forte-mobilisation-regionale-pour-la-defense-de-leap","status":"publish","type":"post","link":"https:\/\/regions-snetap-fsu.fr\/na\/2025\/02\/15\/13-fevrier-une-tres-forte-mobilisation-regionale-pour-la-defense-de-leap\/","title":{"rendered":"13 f\u00e9vrier &#8211; Une tr\u00e8s forte mobilisation r\u00e9gionale pour la d\u00e9fense de l\u2019EAP"},"content":{"rendered":"<p><span style=\"color: #ff6600\">Jeudi 13 f\u00e9vrier, l\u2019Intersyndicale r\u00e9gionale de l\u2019enseignement agricole public \u00e9tait mobilis\u00e9e pour d\u00e9noncer la baisse de cr\u00e9dits pour les lyc\u00e9es agricoles annonc\u00e9e par la DRAAF au d\u00e9but du mois de janvier.<\/span><\/p>\n<p>La journ\u00e9e a d\u00e9but\u00e9 par des op\u00e9rations de tractage devant les \u00e9tablissements de Blanquefort, Niort et Bourcefranc pour alerter les familles et les citoyen.nes des cons\u00e9quences de ces baisses de moyens.<\/p>\n<p><img fetchpriority=\"high\" decoding=\"async\" class=\" wp-image-4891 aligncenter\" src=\"https:\/\/regions-snetap-fsu.fr\/na\/wp-content\/uploads\/sites\/3\/2025\/02\/IMG_9686-bis-300x241.jpg\" alt=\"\" width=\"360\" height=\"289\" srcset=\"https:\/\/regions-snetap-fsu.fr\/na\/wp-content\/uploads\/sites\/3\/2025\/02\/IMG_9686-bis-300x241.jpg 300w, https:\/\/regions-snetap-fsu.fr\/na\/wp-content\/uploads\/sites\/3\/2025\/02\/IMG_9686-bis-1024x824.jpg 1024w, https:\/\/regions-snetap-fsu.fr\/na\/wp-content\/uploads\/sites\/3\/2025\/02\/IMG_9686-bis-768x618.jpg 768w, https:\/\/regions-snetap-fsu.fr\/na\/wp-content\/uploads\/sites\/3\/2025\/02\/IMG_9686-bis-1536x1236.jpg 1536w, https:\/\/regions-snetap-fsu.fr\/na\/wp-content\/uploads\/sites\/3\/2025\/02\/IMG_9686-bis-2048x1648.jpg 2048w\" sizes=\"(max-width: 360px) 100vw, 360px\" \/><\/p>\n<p style=\"text-align: center\"><span style=\"color: #339966\"><strong>OPERATION ESCAGRGOT ET TRACTAGE A BOURCEFRANC<\/strong><\/span><\/p>\n<p>Dans la matin\u00e9e, pr\u00e8s de 150 personnes, venues des \u00e9tablissements de la r\u00e9gion, se sont ensuite rassembl\u00e9es devant les \u00e9tablissements de Bourcefranc et Niort pour dire leur refus des suppressions de postes et des fermetures de classes, cons\u00e9quences de la perte de 5500 heures de dotation horaire.<\/p>\n<p><img decoding=\"async\" class=\"wp-image-4883 aligncenter\" src=\"https:\/\/regions-snetap-fsu.fr\/na\/wp-content\/uploads\/sites\/3\/2025\/02\/Bourcefranc-bis-300x202.png\" alt=\"\" width=\"569\" height=\"383\" srcset=\"https:\/\/regions-snetap-fsu.fr\/na\/wp-content\/uploads\/sites\/3\/2025\/02\/Bourcefranc-bis-300x202.png 300w, https:\/\/regions-snetap-fsu.fr\/na\/wp-content\/uploads\/sites\/3\/2025\/02\/Bourcefranc-bis.png 741w\" sizes=\"(max-width: 569px) 100vw, 569px\" \/><\/p>\n<p><img decoding=\"async\" class=\" wp-image-4898 aligncenter\" src=\"https:\/\/regions-snetap-fsu.fr\/na\/wp-content\/uploads\/sites\/3\/2025\/02\/IMG_9641-300x225.jpg\" alt=\"\" width=\"576\" height=\"432\" srcset=\"https:\/\/regions-snetap-fsu.fr\/na\/wp-content\/uploads\/sites\/3\/2025\/02\/IMG_9641-300x225.jpg 300w, https:\/\/regions-snetap-fsu.fr\/na\/wp-content\/uploads\/sites\/3\/2025\/02\/IMG_9641-1024x768.jpg 1024w, https:\/\/regions-snetap-fsu.fr\/na\/wp-content\/uploads\/sites\/3\/2025\/02\/IMG_9641-768x576.jpg 768w, https:\/\/regions-snetap-fsu.fr\/na\/wp-content\/uploads\/sites\/3\/2025\/02\/IMG_9641-1536x1152.jpg 1536w, https:\/\/regions-snetap-fsu.fr\/na\/wp-content\/uploads\/sites\/3\/2025\/02\/IMG_9641-2048x1536.jpg 2048w\" sizes=\"(max-width: 576px) 100vw, 576px\" \/><\/p>\n<p style=\"text-align: center\"><strong><span style=\"color: #339966\">BOURCEFRANC<\/span><\/strong><\/p>\n<p>&nbsp;<\/p>\n<p><img loading=\"lazy\" decoding=\"async\" class=\"wp-image-4884 aligncenter\" src=\"https:\/\/regions-snetap-fsu.fr\/na\/wp-content\/uploads\/sites\/3\/2025\/02\/JOLC4171-300x169.jpg\" alt=\"\" width=\"506\" height=\"285\" srcset=\"https:\/\/regions-snetap-fsu.fr\/na\/wp-content\/uploads\/sites\/3\/2025\/02\/JOLC4171-300x169.jpg 300w, https:\/\/regions-snetap-fsu.fr\/na\/wp-content\/uploads\/sites\/3\/2025\/02\/JOLC4171-1024x576.jpg 1024w, https:\/\/regions-snetap-fsu.fr\/na\/wp-content\/uploads\/sites\/3\/2025\/02\/JOLC4171-768x432.jpg 768w, https:\/\/regions-snetap-fsu.fr\/na\/wp-content\/uploads\/sites\/3\/2025\/02\/JOLC4171-1536x864.jpg 1536w, https:\/\/regions-snetap-fsu.fr\/na\/wp-content\/uploads\/sites\/3\/2025\/02\/JOLC4171-800x450.jpg 800w, https:\/\/regions-snetap-fsu.fr\/na\/wp-content\/uploads\/sites\/3\/2025\/02\/JOLC4171.jpg 2040w\" sizes=\"(max-width: 506px) 100vw, 506px\" \/><\/p>\n<p style=\"text-align: center\"><strong><span style=\"color: #339966\"><img loading=\"lazy\" decoding=\"async\" class=\"wp-image-4896 aligncenter\" src=\"https:\/\/regions-snetap-fsu.fr\/na\/wp-content\/uploads\/sites\/3\/2025\/02\/MEMI1489-300x169.jpg\" alt=\"\" width=\"508\" height=\"286\" srcset=\"https:\/\/regions-snetap-fsu.fr\/na\/wp-content\/uploads\/sites\/3\/2025\/02\/MEMI1489-300x169.jpg 300w, https:\/\/regions-snetap-fsu.fr\/na\/wp-content\/uploads\/sites\/3\/2025\/02\/MEMI1489-1024x576.jpg 1024w, https:\/\/regions-snetap-fsu.fr\/na\/wp-content\/uploads\/sites\/3\/2025\/02\/MEMI1489-768x432.jpg 768w, https:\/\/regions-snetap-fsu.fr\/na\/wp-content\/uploads\/sites\/3\/2025\/02\/MEMI1489-1536x864.jpg 1536w, https:\/\/regions-snetap-fsu.fr\/na\/wp-content\/uploads\/sites\/3\/2025\/02\/MEMI1489-800x450.jpg 800w, https:\/\/regions-snetap-fsu.fr\/na\/wp-content\/uploads\/sites\/3\/2025\/02\/MEMI1489.jpg 2040w\" sizes=\"(max-width: 508px) 100vw, 508px\" \/><\/span><\/strong><\/p>\n<p><img loading=\"lazy\" decoding=\"async\" class=\" wp-image-4897 aligncenter\" src=\"https:\/\/regions-snetap-fsu.fr\/na\/wp-content\/uploads\/sites\/3\/2025\/02\/Niort-300x169.png\" alt=\"\" width=\"512\" height=\"288\" srcset=\"https:\/\/regions-snetap-fsu.fr\/na\/wp-content\/uploads\/sites\/3\/2025\/02\/Niort-300x169.png 300w, https:\/\/regions-snetap-fsu.fr\/na\/wp-content\/uploads\/sites\/3\/2025\/02\/Niort.png 629w\" sizes=\"(max-width: 512px) 100vw, 512px\" \/><\/p>\n<p style=\"text-align: center\"><strong><span style=\"color: #339966\">NIORT<\/span><\/strong><\/p>\n<p>Cette mobilisation \u00e9tait soutenue par plusieurs \u00e9lu.es du territoire dont Beno\u00eet BITEAU &#8211; D\u00e9put\u00e9 de Charente maritime &#8211; pr\u00e9sent \u00e0 la manifestation de Bourcefranc et auteur avec le d\u00e9put\u00e9 Fabrice BARUSSEAU et le s\u00e9nateur Micka\u00ebl VALLET <a href=\"https:\/\/www.sudouest.fr\/charente-maritime\/surgeres\/charente-maritime-trois-parlementaires-prennent-la-plume-pour-defendre-l-enseignement-agricole-23115135.php\">d&rsquo;une tribune adress\u00e9e \u00e0 la Ministre de l&rsquo;Agriculture<\/a>.<\/p>\n<p><img loading=\"lazy\" decoding=\"async\" class=\" wp-image-4894 aligncenter\" src=\"https:\/\/regions-snetap-fsu.fr\/na\/wp-content\/uploads\/sites\/3\/2025\/02\/IMG_9625-300x225.jpg\" alt=\"\" width=\"396\" height=\"297\" srcset=\"https:\/\/regions-snetap-fsu.fr\/na\/wp-content\/uploads\/sites\/3\/2025\/02\/IMG_9625-300x225.jpg 300w, https:\/\/regions-snetap-fsu.fr\/na\/wp-content\/uploads\/sites\/3\/2025\/02\/IMG_9625-1024x768.jpg 1024w, https:\/\/regions-snetap-fsu.fr\/na\/wp-content\/uploads\/sites\/3\/2025\/02\/IMG_9625-768x576.jpg 768w, https:\/\/regions-snetap-fsu.fr\/na\/wp-content\/uploads\/sites\/3\/2025\/02\/IMG_9625-1536x1152.jpg 1536w, https:\/\/regions-snetap-fsu.fr\/na\/wp-content\/uploads\/sites\/3\/2025\/02\/IMG_9625-2048x1536.jpg 2048w\" sizes=\"(max-width: 396px) 100vw, 396px\" \/><\/p>\n<p style=\"text-align: center\"><span style=\"color: #339966\"><strong>Benoit BITEAU (au centre) avec Guy PROTEAU (Maire de Bourcefranc Chapus)<\/strong><\/span><\/p>\n<p>Dans le m\u00eame temps \u00e0 Paris, plusieurs \u00e9lu.es de l\u2019Intersyndicale interpellaient la DGER sur les risques que font peser ces coupes budg\u00e9taires sur la qualit\u00e9 de nos enseignements, sur les conditions de travail des personnels et l\u2019avenir de certains \u00e9tablissements.<\/p>\n<p><img loading=\"lazy\" decoding=\"async\" class=\" wp-image-4885 aligncenter\" src=\"https:\/\/regions-snetap-fsu.fr\/na\/wp-content\/uploads\/sites\/3\/2025\/02\/signal-2025-02-13-122819-7ea8c-300x225.jpg\" alt=\"\" width=\"448\" height=\"336\" srcset=\"https:\/\/regions-snetap-fsu.fr\/na\/wp-content\/uploads\/sites\/3\/2025\/02\/signal-2025-02-13-122819-7ea8c-300x225.jpg 300w, https:\/\/regions-snetap-fsu.fr\/na\/wp-content\/uploads\/sites\/3\/2025\/02\/signal-2025-02-13-122819-7ea8c.jpg 672w\" sizes=\"(max-width: 448px) 100vw, 448px\" \/><\/p>\n<p style=\"text-align: center\"><strong><span style=\"color: #339966\">PARIS<\/span><\/strong><\/p>\n<p><strong><span style=\"color: #ff6600\">Cette mobilisation est un premier coup de semonce que les personnels sont pr\u00eats \u00e0 reproduire et \u00e0 accentuer dans les semaines \u00e0 venir si la Ministre de l\u2019Agriculture reste sourde \u00e0 nos arguments et refuse de revoir ses arbitrages.<\/span><\/strong><\/p>\n<p>Retrouvez notre mobilisation sur les m\u00e9dias r\u00e9gionaux et locaux :<\/p>\n<ul>\n<li><a href=\"https:\/\/www.sudouest.fr\/charente-maritime\/bourcefranc-le-chapus\/bourcefranc-le-chapus-une-forte-mobilisation-pour-soutenir-l-enseignement-agricole-23242510.php\">Sud Ouest Charente maritime<\/a><\/li>\n<li><a href=\"https:\/\/www.ouest-france.fr\/nouvelle-aquitaine\/niort-79000\/le-personnel-du-lycee-horticole-de-niort-mobilise-pour-preserver-ses-eleves-8ba6b306-ea10-11ef-995e-b071f34de180\">Ouest France Nouvelle Aquitaine<\/a><\/li>\n<li><a href=\"https:\/\/www.lanouvellerepublique.fr\/deux-sevres\/video-le-lycee-horticole-de-niort-en-greve-contre-son-projet-de-fermeture-1739472351\">La Nouvelle R\u00e9publique<\/a><\/li>\n<li><a href=\"https:\/\/www.le-littoral.com\/actualite-21759-les-enseignants-s-inquietent-pour-leurs-eleves\">Le littoral<\/a><\/li>\n<li><a href=\"https:\/\/www.helenefm.com\/?p=64219\">Radio Helen<\/a><\/li>\n<li><a href=\"https:\/\/www.vogradio.fr\/2025\/02\/14\/bourcefranc-le-chapus-forte-mobilisation-pour-la-defense-de-lenseignement-agricole-public\/\">Radio Vog<\/a><\/li>\n<\/ul>\n","protected":false},"excerpt":{"rendered":"<p>Jeudi 13 f\u00e9vrier, l\u2019Intersyndicale r\u00e9gionale de l\u2019enseignement agricole public \u00e9tait mobilis\u00e9e pour d\u00e9noncer la baisse de cr\u00e9dits pour les lyc\u00e9es agricoles annonc\u00e9e par la DRAAF au d\u00e9but du mois de janvier. La journ\u00e9e a d\u00e9but\u00e9 par des op\u00e9rations de tractage devant les \u00e9tablissements de Blanquefort, Niort et Bourcefranc pour alerter les familles et les citoyen.nes [&hellip;]<\/p>\n","protected":false},"author":128,"featured_media":4897,"comment_status":"closed","ping_status":"closed","sticky":false,"template":"","format":"standard","meta":{"ocean_post_layout":"","ocean_both_sidebars_style":"","ocean_both_sidebars_content_width":0,"ocean_both_sidebars_sidebars_width":0,"ocean_sidebar":"0","ocean_second_sidebar":"0","ocean_disable_margins":"enable","ocean_add_body_class":"","ocean_shortcode_before_top_bar":"","ocean_shortcode_after_top_bar":"","ocean_shortcode_before_header":"","ocean_shortcode_after_header":"","ocean_has_shortcode":"","ocean_shortcode_after_title":"","ocean_shortcode_before_footer_widgets":"","ocean_shortcode_after_footer_widgets":"","ocean_shortcode_before_footer_bottom":"","ocean_shortcode_after_footer_bottom":"","ocean_display_top_bar":"default","ocean_display_header":"default","ocean_header_style":"","ocean_center_header_left_menu":"0","ocean_custom_header_template":"0","ocean_custom_logo":0,"ocean_custom_retina_logo":0,"ocean_custom_logo_max_width":0,"ocean_custom_logo_tablet_max_width":0,"ocean_custom_logo_mobile_max_width":0,"ocean_custom_logo_max_height":0,"ocean_custom_logo_tablet_max_height":0,"ocean_custom_logo_mobile_max_height":0,"ocean_header_custom_menu":"0","ocean_menu_typo_font_family":"0","ocean_menu_typo_font_subset":"","ocean_menu_typo_font_size":0,"ocean_menu_typo_font_size_tablet":0,"ocean_menu_typo_font_size_mobile":0,"ocean_menu_typo_font_size_unit":"px","ocean_menu_typo_font_weight":"","ocean_menu_typo_font_weight_tablet":"","ocean_menu_typo_font_weight_mobile":"","ocean_menu_typo_transform":"","ocean_menu_typo_transform_tablet":"","ocean_menu_typo_transform_mobile":"","ocean_menu_typo_line_height":0,"ocean_menu_typo_line_height_tablet":0,"ocean_menu_typo_line_height_mobile":0,"ocean_menu_typo_line_height_unit":"","ocean_menu_typo_spacing":0,"ocean_menu_typo_spacing_tablet":0,"ocean_menu_typo_spacing_mobile":0,"ocean_menu_typo_spacing_unit":"","ocean_menu_link_color":"","ocean_menu_link_color_hover":"","ocean_menu_link_color_active":"","ocean_menu_link_background":"","ocean_menu_link_hover_background":"","ocean_menu_link_active_background":"","ocean_menu_social_links_bg":"","ocean_menu_social_hover_links_bg":"","ocean_menu_social_links_color":"","ocean_menu_social_hover_links_color":"","ocean_disable_title":"default","ocean_disable_heading":"default","ocean_post_title":"","ocean_post_subheading":"","ocean_post_title_style":"","ocean_post_title_background_color":"","ocean_post_title_background":0,"ocean_post_title_bg_image_position":"","ocean_post_title_bg_image_attachment":"","ocean_post_title_bg_image_repeat":"","ocean_post_title_bg_image_size":"","ocean_post_title_height":0,"ocean_post_title_bg_overlay":0.5,"ocean_post_title_bg_overlay_color":"","ocean_disable_breadcrumbs":"default","ocean_breadcrumbs_color":"","ocean_breadcrumbs_separator_color":"","ocean_breadcrumbs_links_color":"","ocean_breadcrumbs_links_hover_color":"","ocean_display_footer_widgets":"default","ocean_display_footer_bottom":"default","ocean_custom_footer_template":"0","ocean_post_oembed":"","ocean_post_self_hosted_media":"","ocean_post_video_embed":"","ocean_link_format":"","ocean_link_format_target":"self","ocean_quote_format":"","ocean_quote_format_link":"post","ocean_gallery_link_images":"on","ocean_gallery_id":[],"footnotes":""},"categories":[12,1],"tags":[],"post_folder":[],"class_list":["post-4877","post","type-post","status-publish","format-standard","has-post-thumbnail","hentry","category-actions","category-message-de-service","entry","has-media"],"yoast_head":"<!-- This site is optimized with the Yoast SEO plugin v27.4 - https:\/\/yoast.com\/product\/yoast-seo-wordpress\/ -->\n<title>13 f\u00e9vrier - Une tr\u00e8s forte mobilisation r\u00e9gionale pour la d\u00e9fense de l\u2019EAP - NOUVELLE AQUITAINE<\/title>\n<meta name=\"robots\" content=\"index, follow, max-snippet:-1, max-image-preview:large, max-video-preview:-1\" \/>\n<link rel=\"canonical\" href=\"https:\/\/regions-snetap-fsu.fr\/na\/2025\/02\/15\/13-fevrier-une-tres-forte-mobilisation-regionale-pour-la-defense-de-leap\/\" \/>\n<meta property=\"og:locale\" content=\"fr_FR\" \/>\n<meta property=\"og:type\" content=\"article\" \/>\n<meta property=\"og:title\" content=\"13 f\u00e9vrier - Une tr\u00e8s forte mobilisation r\u00e9gionale pour la d\u00e9fense de l\u2019EAP - NOUVELLE AQUITAINE\" \/>\n<meta property=\"og:description\" content=\"Jeudi 13 f\u00e9vrier, l\u2019Intersyndicale r\u00e9gionale de l\u2019enseignement agricole public \u00e9tait mobilis\u00e9e pour d\u00e9noncer la baisse de cr\u00e9dits pour les lyc\u00e9es agricoles annonc\u00e9e par la DRAAF au d\u00e9but du mois de janvier. La journ\u00e9e a d\u00e9but\u00e9 par des op\u00e9rations de tractage devant les \u00e9tablissements de Blanquefort, Niort et Bourcefranc pour alerter les familles et les citoyen.nes [&hellip;]\" \/>\n<meta property=\"og:url\" content=\"https:\/\/regions-snetap-fsu.fr\/na\/2025\/02\/15\/13-fevrier-une-tres-forte-mobilisation-regionale-pour-la-defense-de-leap\/\" \/>\n<meta property=\"og:site_name\" content=\"NOUVELLE AQUITAINE\" \/>\n<meta property=\"article:published_time\" content=\"2025-02-15T16:20:05+00:00\" \/>\n<meta property=\"article:modified_time\" content=\"2025-04-20T11:54:59+00:00\" \/>\n<meta property=\"og:image\" content=\"https:\/\/regions-snetap-fsu.fr\/na\/wp-content\/uploads\/sites\/3\/2025\/02\/Niort.png\" \/>\n\t<meta property=\"og:image:width\" content=\"629\" \/>\n\t<meta property=\"og:image:height\" content=\"354\" \/>\n\t<meta property=\"og:image:type\" content=\"image\/png\" \/>\n<meta name=\"author\" content=\"olivierb\" \/>\n<meta name=\"twitter:card\" content=\"summary_large_image\" \/>\n<meta name=\"twitter:label1\" content=\"\u00c9crit par\" \/>\n\t<meta name=\"twitter:data1\" content=\"olivierb\" \/>\n\t<meta name=\"twitter:label2\" content=\"Dur\u00e9e de lecture estim\u00e9e\" \/>\n\t<meta name=\"twitter:data2\" content=\"2 minutes\" \/>\n<script type=\"application\/ld+json\" class=\"yoast-schema-graph\">{\"@context\":\"https:\\\/\\\/schema.org\",\"@graph\":[{\"@type\":\"Article\",\"@id\":\"https:\\\/\\\/regions-snetap-fsu.fr\\\/na\\\/2025\\\/02\\\/15\\\/13-fevrier-une-tres-forte-mobilisation-regionale-pour-la-defense-de-leap\\\/#article\",\"isPartOf\":{\"@id\":\"https:\\\/\\\/regions-snetap-fsu.fr\\\/na\\\/2025\\\/02\\\/15\\\/13-fevrier-une-tres-forte-mobilisation-regionale-pour-la-defense-de-leap\\\/\"},\"author\":{\"name\":\"olivierb\",\"@id\":\"https:\\\/\\\/regions-snetap-fsu.fr\\\/na\\\/#\\\/schema\\\/person\\\/bdf1c4fe149dcf915601f9de85ba379f\"},\"headline\":\"13 f\u00e9vrier &#8211; Une tr\u00e8s forte mobilisation r\u00e9gionale pour la d\u00e9fense de l\u2019EAP\",\"datePublished\":\"2025-02-15T16:20:05+00:00\",\"dateModified\":\"2025-04-20T11:54:59+00:00\",\"mainEntityOfPage\":{\"@id\":\"https:\\\/\\\/regions-snetap-fsu.fr\\\/na\\\/2025\\\/02\\\/15\\\/13-fevrier-une-tres-forte-mobilisation-regionale-pour-la-defense-de-leap\\\/\"},\"wordCount\":326,\"publisher\":{\"@id\":\"https:\\\/\\\/regions-snetap-fsu.fr\\\/na\\\/#organization\"},\"image\":{\"@id\":\"https:\\\/\\\/regions-snetap-fsu.fr\\\/na\\\/2025\\\/02\\\/15\\\/13-fevrier-une-tres-forte-mobilisation-regionale-pour-la-defense-de-leap\\\/#primaryimage\"},\"thumbnailUrl\":\"https:\\\/\\\/regions-snetap-fsu.fr\\\/na\\\/wp-content\\\/uploads\\\/sites\\\/3\\\/2025\\\/02\\\/Niort.png\",\"articleSection\":[\"Actions\",\"Message de service\"],\"inLanguage\":\"fr-FR\"},{\"@type\":\"WebPage\",\"@id\":\"https:\\\/\\\/regions-snetap-fsu.fr\\\/na\\\/2025\\\/02\\\/15\\\/13-fevrier-une-tres-forte-mobilisation-regionale-pour-la-defense-de-leap\\\/\",\"url\":\"https:\\\/\\\/regions-snetap-fsu.fr\\\/na\\\/2025\\\/02\\\/15\\\/13-fevrier-une-tres-forte-mobilisation-regionale-pour-la-defense-de-leap\\\/\",\"name\":\"13 f\u00e9vrier - Une tr\u00e8s forte mobilisation r\u00e9gionale pour la d\u00e9fense de l\u2019EAP - NOUVELLE AQUITAINE\",\"isPartOf\":{\"@id\":\"https:\\\/\\\/regions-snetap-fsu.fr\\\/na\\\/#website\"},\"primaryImageOfPage\":{\"@id\":\"https:\\\/\\\/regions-snetap-fsu.fr\\\/na\\\/2025\\\/02\\\/15\\\/13-fevrier-une-tres-forte-mobilisation-regionale-pour-la-defense-de-leap\\\/#primaryimage\"},\"image\":{\"@id\":\"https:\\\/\\\/regions-snetap-fsu.fr\\\/na\\\/2025\\\/02\\\/15\\\/13-fevrier-une-tres-forte-mobilisation-regionale-pour-la-defense-de-leap\\\/#primaryimage\"},\"thumbnailUrl\":\"https:\\\/\\\/regions-snetap-fsu.fr\\\/na\\\/wp-content\\\/uploads\\\/sites\\\/3\\\/2025\\\/02\\\/Niort.png\",\"datePublished\":\"2025-02-15T16:20:05+00:00\",\"dateModified\":\"2025-04-20T11:54:59+00:00\",\"breadcrumb\":{\"@id\":\"https:\\\/\\\/regions-snetap-fsu.fr\\\/na\\\/2025\\\/02\\\/15\\\/13-fevrier-une-tres-forte-mobilisation-regionale-pour-la-defense-de-leap\\\/#breadcrumb\"},\"inLanguage\":\"fr-FR\",\"potentialAction\":[{\"@type\":\"ReadAction\",\"target\":[\"https:\\\/\\\/regions-snetap-fsu.fr\\\/na\\\/2025\\\/02\\\/15\\\/13-fevrier-une-tres-forte-mobilisation-regionale-pour-la-defense-de-leap\\\/\"]}]},{\"@type\":\"ImageObject\",\"inLanguage\":\"fr-FR\",\"@id\":\"https:\\\/\\\/regions-snetap-fsu.fr\\\/na\\\/2025\\\/02\\\/15\\\/13-fevrier-une-tres-forte-mobilisation-regionale-pour-la-defense-de-leap\\\/#primaryimage\",\"url\":\"https:\\\/\\\/regions-snetap-fsu.fr\\\/na\\\/wp-content\\\/uploads\\\/sites\\\/3\\\/2025\\\/02\\\/Niort.png\",\"contentUrl\":\"https:\\\/\\\/regions-snetap-fsu.fr\\\/na\\\/wp-content\\\/uploads\\\/sites\\\/3\\\/2025\\\/02\\\/Niort.png\",\"width\":629,\"height\":354},{\"@type\":\"BreadcrumbList\",\"@id\":\"https:\\\/\\\/regions-snetap-fsu.fr\\\/na\\\/2025\\\/02\\\/15\\\/13-fevrier-une-tres-forte-mobilisation-regionale-pour-la-defense-de-leap\\\/#breadcrumb\",\"itemListElement\":[{\"@type\":\"ListItem\",\"position\":1,\"name\":\"Accueil\",\"item\":\"https:\\\/\\\/regions-snetap-fsu.fr\\\/na\\\/\"},{\"@type\":\"ListItem\",\"position\":2,\"name\":\"13 f\u00e9vrier &#8211; Une tr\u00e8s forte mobilisation r\u00e9gionale pour la d\u00e9fense de l\u2019EAP\"}]},{\"@type\":\"WebSite\",\"@id\":\"https:\\\/\\\/regions-snetap-fsu.fr\\\/na\\\/#website\",\"url\":\"https:\\\/\\\/regions-snetap-fsu.fr\\\/na\\\/\",\"name\":\"SNETAP-FSU NOUVELLE AQUITAINE\",\"description\":\"Blog de la Section R\u00e9gionale\",\"publisher\":{\"@id\":\"https:\\\/\\\/regions-snetap-fsu.fr\\\/na\\\/#organization\"},\"potentialAction\":[{\"@type\":\"SearchAction\",\"target\":{\"@type\":\"EntryPoint\",\"urlTemplate\":\"https:\\\/\\\/regions-snetap-fsu.fr\\\/na\\\/?s={search_term_string}\"},\"query-input\":{\"@type\":\"PropertyValueSpecification\",\"valueRequired\":true,\"valueName\":\"search_term_string\"}}],\"inLanguage\":\"fr-FR\"},{\"@type\":\"Organization\",\"@id\":\"https:\\\/\\\/regions-snetap-fsu.fr\\\/na\\\/#organization\",\"name\":\"SNETAP-FSU - Nouvelle Aquitaine\",\"url\":\"https:\\\/\\\/regions-snetap-fsu.fr\\\/na\\\/\",\"logo\":{\"@type\":\"ImageObject\",\"inLanguage\":\"fr-FR\",\"@id\":\"https:\\\/\\\/regions-snetap-fsu.fr\\\/na\\\/#\\\/schema\\\/logo\\\/image\\\/\",\"url\":\"https:\\\/\\\/regions-snetap-fsu.fr\\\/na\\\/wp-content\\\/uploads\\\/sites\\\/3\\\/2020\\\/12\\\/SNETAP-Logo.jpg\",\"contentUrl\":\"https:\\\/\\\/regions-snetap-fsu.fr\\\/na\\\/wp-content\\\/uploads\\\/sites\\\/3\\\/2020\\\/12\\\/SNETAP-Logo.jpg\",\"width\":464,\"height\":334,\"caption\":\"SNETAP-FSU - Nouvelle Aquitaine\"},\"image\":{\"@id\":\"https:\\\/\\\/regions-snetap-fsu.fr\\\/na\\\/#\\\/schema\\\/logo\\\/image\\\/\"}},{\"@type\":\"Person\",\"@id\":\"https:\\\/\\\/regions-snetap-fsu.fr\\\/na\\\/#\\\/schema\\\/person\\\/bdf1c4fe149dcf915601f9de85ba379f\",\"name\":\"olivierb\",\"image\":{\"@type\":\"ImageObject\",\"inLanguage\":\"fr-FR\",\"@id\":\"https:\\\/\\\/secure.gravatar.com\\\/avatar\\\/d9cce0db1146844098d0ec7fae94551015c4ff78117aab56897823bb265a7bc9?s=96&d=mm&r=g\",\"url\":\"https:\\\/\\\/secure.gravatar.com\\\/avatar\\\/d9cce0db1146844098d0ec7fae94551015c4ff78117aab56897823bb265a7bc9?s=96&d=mm&r=g\",\"contentUrl\":\"https:\\\/\\\/secure.gravatar.com\\\/avatar\\\/d9cce0db1146844098d0ec7fae94551015c4ff78117aab56897823bb265a7bc9?s=96&d=mm&r=g\",\"caption\":\"olivierb\"},\"url\":\"https:\\\/\\\/regions-snetap-fsu.fr\\\/na\\\/author\\\/olivierb\\\/\"}]}<\/script>\n<!-- \/ Yoast SEO plugin. -->","yoast_head_json":{"title":"13 f\u00e9vrier - Une tr\u00e8s forte mobilisation r\u00e9gionale pour la d\u00e9fense de l\u2019EAP - NOUVELLE AQUITAINE","robots":{"index":"index","follow":"follow","max-snippet":"max-snippet:-1","max-image-preview":"max-image-preview:large","max-video-preview":"max-video-preview:-1"},"canonical":"https:\/\/regions-snetap-fsu.fr\/na\/2025\/02\/15\/13-fevrier-une-tres-forte-mobilisation-regionale-pour-la-defense-de-leap\/","og_locale":"fr_FR","og_type":"article","og_title":"13 f\u00e9vrier - Une tr\u00e8s forte mobilisation r\u00e9gionale pour la d\u00e9fense de l\u2019EAP - NOUVELLE AQUITAINE","og_description":"Jeudi 13 f\u00e9vrier, l\u2019Intersyndicale r\u00e9gionale de l\u2019enseignement agricole public \u00e9tait mobilis\u00e9e pour d\u00e9noncer la baisse de cr\u00e9dits pour les lyc\u00e9es agricoles annonc\u00e9e par la DRAAF au d\u00e9but du mois de janvier. La journ\u00e9e a d\u00e9but\u00e9 par des op\u00e9rations de tractage devant les \u00e9tablissements de Blanquefort, Niort et Bourcefranc pour alerter les familles et les citoyen.nes [&hellip;]","og_url":"https:\/\/regions-snetap-fsu.fr\/na\/2025\/02\/15\/13-fevrier-une-tres-forte-mobilisation-regionale-pour-la-defense-de-leap\/","og_site_name":"NOUVELLE AQUITAINE","article_published_time":"2025-02-15T16:20:05+00:00","article_modified_time":"2025-04-20T11:54:59+00:00","og_image":[{"width":629,"height":354,"url":"https:\/\/regions-snetap-fsu.fr\/na\/wp-content\/uploads\/sites\/3\/2025\/02\/Niort.png","type":"image\/png"}],"author":"olivierb","twitter_card":"summary_large_image","twitter_misc":{"\u00c9crit par":"olivierb","Dur\u00e9e de lecture estim\u00e9e":"2 minutes"},"schema":{"@context":"https:\/\/schema.org","@graph":[{"@type":"Article","@id":"https:\/\/regions-snetap-fsu.fr\/na\/2025\/02\/15\/13-fevrier-une-tres-forte-mobilisation-regionale-pour-la-defense-de-leap\/#article","isPartOf":{"@id":"https:\/\/regions-snetap-fsu.fr\/na\/2025\/02\/15\/13-fevrier-une-tres-forte-mobilisation-regionale-pour-la-defense-de-leap\/"},"author":{"name":"olivierb","@id":"https:\/\/regions-snetap-fsu.fr\/na\/#\/schema\/person\/bdf1c4fe149dcf915601f9de85ba379f"},"headline":"13 f\u00e9vrier &#8211; Une tr\u00e8s forte mobilisation r\u00e9gionale pour la d\u00e9fense de l\u2019EAP","datePublished":"2025-02-15T16:20:05+00:00","dateModified":"2025-04-20T11:54:59+00:00","mainEntityOfPage":{"@id":"https:\/\/regions-snetap-fsu.fr\/na\/2025\/02\/15\/13-fevrier-une-tres-forte-mobilisation-regionale-pour-la-defense-de-leap\/"},"wordCount":326,"publisher":{"@id":"https:\/\/regions-snetap-fsu.fr\/na\/#organization"},"image":{"@id":"https:\/\/regions-snetap-fsu.fr\/na\/2025\/02\/15\/13-fevrier-une-tres-forte-mobilisation-regionale-pour-la-defense-de-leap\/#primaryimage"},"thumbnailUrl":"https:\/\/regions-snetap-fsu.fr\/na\/wp-content\/uploads\/sites\/3\/2025\/02\/Niort.png","articleSection":["Actions","Message de service"],"inLanguage":"fr-FR"},{"@type":"WebPage","@id":"https:\/\/regions-snetap-fsu.fr\/na\/2025\/02\/15\/13-fevrier-une-tres-forte-mobilisation-regionale-pour-la-defense-de-leap\/","url":"https:\/\/regions-snetap-fsu.fr\/na\/2025\/02\/15\/13-fevrier-une-tres-forte-mobilisation-regionale-pour-la-defense-de-leap\/","name":"13 f\u00e9vrier - Une tr\u00e8s forte mobilisation r\u00e9gionale pour la d\u00e9fense de l\u2019EAP - NOUVELLE AQUITAINE","isPartOf":{"@id":"https:\/\/regions-snetap-fsu.fr\/na\/#website"},"primaryImageOfPage":{"@id":"https:\/\/regions-snetap-fsu.fr\/na\/2025\/02\/15\/13-fevrier-une-tres-forte-mobilisation-regionale-pour-la-defense-de-leap\/#primaryimage"},"image":{"@id":"https:\/\/regions-snetap-fsu.fr\/na\/2025\/02\/15\/13-fevrier-une-tres-forte-mobilisation-regionale-pour-la-defense-de-leap\/#primaryimage"},"thumbnailUrl":"https:\/\/regions-snetap-fsu.fr\/na\/wp-content\/uploads\/sites\/3\/2025\/02\/Niort.png","datePublished":"2025-02-15T16:20:05+00:00","dateModified":"2025-04-20T11:54:59+00:00","breadcrumb":{"@id":"https:\/\/regions-snetap-fsu.fr\/na\/2025\/02\/15\/13-fevrier-une-tres-forte-mobilisation-regionale-pour-la-defense-de-leap\/#breadcrumb"},"inLanguage":"fr-FR","potentialAction":[{"@type":"ReadAction","target":["https:\/\/regions-snetap-fsu.fr\/na\/2025\/02\/15\/13-fevrier-une-tres-forte-mobilisation-regionale-pour-la-defense-de-leap\/"]}]},{"@type":"ImageObject","inLanguage":"fr-FR","@id":"https:\/\/regions-snetap-fsu.fr\/na\/2025\/02\/15\/13-fevrier-une-tres-forte-mobilisation-regionale-pour-la-defense-de-leap\/#primaryimage","url":"https:\/\/regions-snetap-fsu.fr\/na\/wp-content\/uploads\/sites\/3\/2025\/02\/Niort.png","contentUrl":"https:\/\/regions-snetap-fsu.fr\/na\/wp-content\/uploads\/sites\/3\/2025\/02\/Niort.png","width":629,"height":354},{"@type":"BreadcrumbList","@id":"https:\/\/regions-snetap-fsu.fr\/na\/2025\/02\/15\/13-fevrier-une-tres-forte-mobilisation-regionale-pour-la-defense-de-leap\/#breadcrumb","itemListElement":[{"@type":"ListItem","position":1,"name":"Accueil","item":"https:\/\/regions-snetap-fsu.fr\/na\/"},{"@type":"ListItem","position":2,"name":"13 f\u00e9vrier &#8211; Une tr\u00e8s forte mobilisation r\u00e9gionale pour la d\u00e9fense de l\u2019EAP"}]},{"@type":"WebSite","@id":"https:\/\/regions-snetap-fsu.fr\/na\/#website","url":"https:\/\/regions-snetap-fsu.fr\/na\/","name":"SNETAP-FSU NOUVELLE AQUITAINE","description":"Blog de la Section R\u00e9gionale","publisher":{"@id":"https:\/\/regions-snetap-fsu.fr\/na\/#organization"},"potentialAction":[{"@type":"SearchAction","target":{"@type":"EntryPoint","urlTemplate":"https:\/\/regions-snetap-fsu.fr\/na\/?s={search_term_string}"},"query-input":{"@type":"PropertyValueSpecification","valueRequired":true,"valueName":"search_term_string"}}],"inLanguage":"fr-FR"},{"@type":"Organization","@id":"https:\/\/regions-snetap-fsu.fr\/na\/#organization","name":"SNETAP-FSU - Nouvelle Aquitaine","url":"https:\/\/regions-snetap-fsu.fr\/na\/","logo":{"@type":"ImageObject","inLanguage":"fr-FR","@id":"https:\/\/regions-snetap-fsu.fr\/na\/#\/schema\/logo\/image\/","url":"https:\/\/regions-snetap-fsu.fr\/na\/wp-content\/uploads\/sites\/3\/2020\/12\/SNETAP-Logo.jpg","contentUrl":"https:\/\/regions-snetap-fsu.fr\/na\/wp-content\/uploads\/sites\/3\/2020\/12\/SNETAP-Logo.jpg","width":464,"height":334,"caption":"SNETAP-FSU - Nouvelle Aquitaine"},"image":{"@id":"https:\/\/regions-snetap-fsu.fr\/na\/#\/schema\/logo\/image\/"}},{"@type":"Person","@id":"https:\/\/regions-snetap-fsu.fr\/na\/#\/schema\/person\/bdf1c4fe149dcf915601f9de85ba379f","name":"olivierb","image":{"@type":"ImageObject","inLanguage":"fr-FR","@id":"https:\/\/secure.gravatar.com\/avatar\/d9cce0db1146844098d0ec7fae94551015c4ff78117aab56897823bb265a7bc9?s=96&d=mm&r=g","url":"https:\/\/secure.gravatar.com\/avatar\/d9cce0db1146844098d0ec7fae94551015c4ff78117aab56897823bb265a7bc9?s=96&d=mm&r=g","contentUrl":"https:\/\/secure.gravatar.com\/avatar\/d9cce0db1146844098d0ec7fae94551015c4ff78117aab56897823bb265a7bc9?s=96&d=mm&r=g","caption":"olivierb"},"url":"https:\/\/regions-snetap-fsu.fr\/na\/author\/olivierb\/"}]}},"_links":{"self":[{"href":"https:\/\/regions-snetap-fsu.fr\/na\/wp-json\/wp\/v2\/posts\/4877","targetHints":{"allow":["GET"]}}],"collection":[{"href":"https:\/\/regions-snetap-fsu.fr\/na\/wp-json\/wp\/v2\/posts"}],"about":[{"href":"https:\/\/regions-snetap-fsu.fr\/na\/wp-json\/wp\/v2\/types\/post"}],"author":[{"embeddable":true,"href":"https:\/\/regions-snetap-fsu.fr\/na\/wp-json\/wp\/v2\/users\/128"}],"replies":[{"embeddable":true,"href":"https:\/\/regions-snetap-fsu.fr\/na\/wp-json\/wp\/v2\/comments?post=4877"}],"version-history":[{"count":12,"href":"https:\/\/regions-snetap-fsu.fr\/na\/wp-json\/wp\/v2\/posts\/4877\/revisions"}],"predecessor-version":[{"id":4901,"href":"https:\/\/regions-snetap-fsu.fr\/na\/wp-json\/wp\/v2\/posts\/4877\/revisions\/4901"}],"wp:featuredmedia":[{"embeddable":true,"href":"https:\/\/regions-snetap-fsu.fr\/na\/wp-json\/wp\/v2\/media\/4897"}],"wp:attachment":[{"href":"https:\/\/regions-snetap-fsu.fr\/na\/wp-json\/wp\/v2\/media?parent=4877"}],"wp:term":[{"taxonomy":"category","embeddable":true,"href":"https:\/\/regions-snetap-fsu.fr\/na\/wp-json\/wp\/v2\/categories?post=4877"},{"taxonomy":"post_tag","embeddable":true,"href":"https:\/\/regions-snetap-fsu.fr\/na\/wp-json\/wp\/v2\/tags?post=4877"},{"taxonomy":"post_folder","embeddable":true,"href":"https:\/\/regions-snetap-fsu.fr\/na\/wp-json\/wp\/v2\/post_folder?post=4877"}],"curies":[{"name":"wp","href":"https:\/\/api.w.org\/{rel}","templated":true}]}}