{"id":470,"date":"2017-12-08T20:17:31","date_gmt":"2017-12-08T19:17:31","guid":{"rendered":"http:\/\/snetap-fsu.fr\/comp\/na\/?p=470"},"modified":"2017-12-08T20:17:31","modified_gmt":"2017-12-08T19:17:31","slug":"depot-dun-preavis-de-greve-a-sabres-2","status":"publish","type":"post","link":"https:\/\/regions-snetap-fsu.fr\/na\/2017\/12\/08\/depot-dun-preavis-de-greve-a-sabres-2\/","title":{"rendered":"D\u00e9p\u00f4t d\u2019un pr\u00e9avis de gr\u00e8ve \u00e0 Sabres"},"content":{"rendered":"<div class=\"crayon article-chapo-4936 chapo surlignable\">\nLe Snetap-<a class=\"cs_glossaire\" href=\"http:\/\/snetap-fsu.fr\/+-FSU-+.html\" name=\"mot96_0\"><span class=\"gl_mot\">FSU<\/span><\/a> a d\u00e9pos\u00e9, \u00e0 la demande des personnels du lyc\u00e9e agricole de Sabres, un pr\u00e9avis de gr\u00e8ve couvrant l\u2019ensemble des personnels de l\u2019<a class=\"cs_glossaire\" href=\"http:\/\/snetap-fsu.fr\/+-EPLEFPA-+.html\" name=\"mot81_1\"><span class=\"gl_mot\">EPLEFPA<\/span><\/a> des Landes, pour le jeudi 14 d\u00e9cembre 2017.\n<\/div>\n<div class=\"crayon article-texte-4936 texte surlignable clearfix\">\nDepuis plusieurs ann\u00e9es, les repr\u00e9sentant.es des personnels alertent sur les difficult\u00e9s rencontr\u00e9es par les services administratifs du site de Sabres (<a class=\"cs_glossaire\" href=\"http:\/\/snetap-fsu.fr\/+-EPLEFPA-+.html\" name=\"mot81_0\"><span class=\"gl_mot\">EPLEFPA<\/span><\/a> des Landes). L\u2019an dernier le courrier adress\u00e9 au Directeur R\u00e9gional est rest\u00e9 sans r\u00e9ponse officielle. Cette ann\u00e9e nos autorit\u00e9s locales et r\u00e9gionales ont \u00e0 nouveau \u00e9t\u00e9 interpell\u00e9es en CI et en CA. Elles ont r\u00e9pondu oralement que si la situation \u00e9tait connue et les difficult\u00e9s reconnues, aucune solution ne pouvait \u00eatre apport\u00e9e par manque de moyen. Les services de la <a class=\"cs_glossaire\" href=\"http:\/\/snetap-fsu.fr\/+-DRAAF-+.html\" name=\"mot66_1\"><span class=\"gl_mot\">DRAAF<\/span><\/a> sont donc parfaitement inform\u00e9s de cette situation et de ses cons\u00e9quences probables et laissent la direction locale sans les moyens n\u00e9cessaires pour r\u00e9soudre les difficult\u00e9s.<br \/>\nPour rappel, le site de Sabres est pass\u00e9 de 5 <a class=\"cs_glossaire\" href=\"http:\/\/snetap-fsu.fr\/+-ETP-+.html\" name=\"mot86_2\"><span class=\"gl_mot\">ETP<\/span><\/a> il y a quelques ann\u00e9es (1 secr\u00e9tariat p\u00e9dagogique, 1 secr\u00e9taire de l\u2019exploitation, 1 gestionnaire pour le CFAFR, 1 gestionnaire et 1 secr\u00e9tariat pour le <a class=\"cs_glossaire\" href=\"http:\/\/snetap-fsu.fr\/+-LPA-+.html\" name=\"mot107_3\"><span class=\"gl_mot\">LPA<\/span><\/a>) pour remplir des fonctions administratives de 3 centres \u00e0 2,1 ETP pr\u00e9sents sur place au premier janvier 2018 dont seulement 1,6 ETP pour le LPA.<br \/>\nPlusieurs missions ont certes \u00e9t\u00e9 redistribu\u00e9es sur les autres sites de l\u2019<a class=\"cs_glossaire\" href=\"http:\/\/snetap-fsu.fr\/+-EPL-+.html\" name=\"mot79_4\"><span class=\"gl_mot\">EPL<\/span><\/a> (surchargeant d\u2019ailleurs ceux-ci), mais la multiplicit\u00e9 des missions restantes et leur technicit\u00e9 n\u2019ont, elles, pas disparues du LPA. Ces solutions organisationnelles ont montr\u00e9 leur limite et se r\u00e9v\u00e8lent insuffisantes. Les deux personnels administratifs du lyc\u00e9e ont demand\u00e9 un 80%, et l\u2019un des deux est tr\u00e8s souvent absent en raison de difficult\u00e9s personnelles durables.<strong class=\"caractencadre-spip spip\"> Il n\u2019est pas possible d\u2019ignorer que les conditions de travail ont eu une influence sur les choix et l\u2019accentuation du mal-\u00eatre des agents sur place.<\/strong><br \/>\n<strong class=\"caractencadre-spip spip\">Les personnels du site de Sabres, r\u00e9unis en assembl\u00e9e g\u00e9n\u00e9rale le mardi 5 d\u00e9cembre, estiment \u00e0 l\u2019unanimit\u00e9 des personnes pr\u00e9sentes que si les missions essentielles au bon fonctionnement du LPA sont encore remplies, ceci ne tient qu\u2019au prix d\u2019une surcharge de travail de plus en plus lourde et support\u00e9e en premier lieu par le proviseur, la vie scolaire et l\u2019informaticien<\/strong>. Cela se fait au d\u00e9triment d\u2019autres missions et du d\u00e9veloppement \u00e0 long terme de l\u2019\u00e9tablissement. Ils constatent surtout une augmentation des tensions entre les personnes et une accentuation inacceptable du sentiment de fatigue et de souffrance au travail de certaines d\u2019entre elles. En ce d\u00e9but d\u2019ann\u00e9e, nous avons pu \u00eatre t\u00e9moin de ces cons\u00e9quences dans notre travail quotidien ainsi qu\u2019en r\u00e9union ou lors du Conseil Int\u00e9rieur.<br \/>\n<strong class=\"caractencadre-spip spip\">Face \u00e0 l\u2019incapacit\u00e9 de l\u2019autorit\u00e9 r\u00e9gionale de r\u00e9pondre aux difficult\u00e9s des agents et des services par des solutions p\u00e9rennes, les personnels r\u00e9pondent qu\u2019elle a d\u00e9sormais obligation de prot\u00e9ger ses agents<\/strong> et donc de d\u00e9bloquer les moyens n\u00e9cessaires \u00e0 la dotation d\u2019un emploi administratif suppl\u00e9mentaire sur le LPA pour pallier \u00e0 ces difficult\u00e9s.<br \/>\n<strong class=\"caractencadre-spip spip\">Les personnels ont par suite d\u00e9cid\u00e9 en responsabilit\u00e9 du d\u00e9p\u00f4t d\u2019un pr\u00e9avis de gr\u00e8ve pour le jeudi 14 d\u00e9cembre 2017.<\/strong><br \/>\nIls attendent de la part de la <a class=\"cs_glossaire\" href=\"http:\/\/snetap-fsu.fr\/+-DGER-+.html\" name=\"mot63_5\"><span class=\"gl_mot\">DGER<\/span><\/a> et de la DRAAF des solutions p\u00e9rennes afin de permettre \u00e0 chacun sur le site de Sabres de remplir ses missions pleinement et sereinement sans que cela n\u2019ait de cons\u00e9quences sur leur sant\u00e9. Ils m\u00e8neront les actions qu\u2019ils jugeront n\u00e9cessaires pour faire conna\u00eetre et faire avancer leurs revendications.\n<\/div>\n","protected":false},"excerpt":{"rendered":"<p>Le Snetap-FSU a d\u00e9pos\u00e9, \u00e0 la demande des personnels du lyc\u00e9e agricole de Sabres, un pr\u00e9avis de gr\u00e8ve couvrant l\u2019ensemble des personnels de l\u2019EPLEFPA des Landes, pour le jeudi 14 d\u00e9cembre 2017. Depuis plusieurs ann\u00e9es, les repr\u00e9sentant.es des personnels alertent sur les difficult\u00e9s rencontr\u00e9es par les services administratifs du site de Sabres (EPLEFPA des Landes). [&hellip;]<\/p>\n","protected":false},"author":1,"featured_media":0,"comment_status":"closed","ping_status":"closed","sticky":false,"template":"","format":"standard","meta":{"ocean_post_layout":"","ocean_both_sidebars_style":"","ocean_both_sidebars_content_width":0,"ocean_both_sidebars_sidebars_width":0,"ocean_sidebar":"","ocean_second_sidebar":"","ocean_disable_margins":"enable","ocean_add_body_class":"","ocean_shortcode_before_top_bar":"","ocean_shortcode_after_top_bar":"","ocean_shortcode_before_header":"","ocean_shortcode_after_header":"","ocean_has_shortcode":"","ocean_shortcode_after_title":"","ocean_shortcode_before_footer_widgets":"","ocean_shortcode_after_footer_widgets":"","ocean_shortcode_before_footer_bottom":"","ocean_shortcode_after_footer_bottom":"","ocean_display_top_bar":"default","ocean_display_header":"default","ocean_header_style":"","ocean_center_header_left_menu":"","ocean_custom_header_template":"","ocean_custom_logo":0,"ocean_custom_retina_logo":0,"ocean_custom_logo_max_width":0,"ocean_custom_logo_tablet_max_width":0,"ocean_custom_logo_mobile_max_width":0,"ocean_custom_logo_max_height":0,"ocean_custom_logo_tablet_max_height":0,"ocean_custom_logo_mobile_max_height":0,"ocean_header_custom_menu":"","ocean_menu_typo_font_family":"","ocean_menu_typo_font_subset":"","ocean_menu_typo_font_size":0,"ocean_menu_typo_font_size_tablet":0,"ocean_menu_typo_font_size_mobile":0,"ocean_menu_typo_font_size_unit":"px","ocean_menu_typo_font_weight":"","ocean_menu_typo_font_weight_tablet":"","ocean_menu_typo_font_weight_mobile":"","ocean_menu_typo_transform":"","ocean_menu_typo_transform_tablet":"","ocean_menu_typo_transform_mobile":"","ocean_menu_typo_line_height":0,"ocean_menu_typo_line_height_tablet":0,"ocean_menu_typo_line_height_mobile":0,"ocean_menu_typo_line_height_unit":"","ocean_menu_typo_spacing":0,"ocean_menu_typo_spacing_tablet":0,"ocean_menu_typo_spacing_mobile":0,"ocean_menu_typo_spacing_unit":"","ocean_menu_link_color":"","ocean_menu_link_color_hover":"","ocean_menu_link_color_active":"","ocean_menu_link_background":"","ocean_menu_link_hover_background":"","ocean_menu_link_active_background":"","ocean_menu_social_links_bg":"","ocean_menu_social_hover_links_bg":"","ocean_menu_social_links_color":"","ocean_menu_social_hover_links_color":"","ocean_disable_title":"default","ocean_disable_heading":"default","ocean_post_title":"","ocean_post_subheading":"","ocean_post_title_style":"","ocean_post_title_background_color":"","ocean_post_title_background":0,"ocean_post_title_bg_image_position":"","ocean_post_title_bg_image_attachment":"","ocean_post_title_bg_image_repeat":"","ocean_post_title_bg_image_size":"","ocean_post_title_height":0,"ocean_post_title_bg_overlay":0.5,"ocean_post_title_bg_overlay_color":"","ocean_disable_breadcrumbs":"default","ocean_breadcrumbs_color":"","ocean_breadcrumbs_separator_color":"","ocean_breadcrumbs_links_color":"","ocean_breadcrumbs_links_hover_color":"","ocean_display_footer_widgets":"default","ocean_display_footer_bottom":"default","ocean_custom_footer_template":"","ocean_post_oembed":"","ocean_post_self_hosted_media":"","ocean_post_video_embed":"","ocean_link_format":"","ocean_link_format_target":"self","ocean_quote_format":"","ocean_quote_format_link":"post","ocean_gallery_link_images":"on","ocean_gallery_id":[],"footnotes":""},"categories":[2,8],"tags":[],"post_folder":[],"class_list":["post-470","post","type-post","status-publish","format-standard","hentry","category-actus","category-na","entry"],"yoast_head":"<!-- This site is optimized with the Yoast SEO plugin v27.4 - https:\/\/yoast.com\/product\/yoast-seo-wordpress\/ -->\n<title>D\u00e9p\u00f4t d\u2019un pr\u00e9avis de gr\u00e8ve \u00e0 Sabres - NOUVELLE AQUITAINE<\/title>\n<meta name=\"robots\" content=\"index, follow, max-snippet:-1, max-image-preview:large, max-video-preview:-1\" \/>\n<link rel=\"canonical\" href=\"https:\/\/regions-snetap-fsu.fr\/na\/2017\/12\/08\/depot-dun-preavis-de-greve-a-sabres-2\/\" \/>\n<meta property=\"og:locale\" content=\"fr_FR\" \/>\n<meta property=\"og:type\" content=\"article\" \/>\n<meta property=\"og:title\" content=\"D\u00e9p\u00f4t d\u2019un pr\u00e9avis de gr\u00e8ve \u00e0 Sabres - NOUVELLE AQUITAINE\" \/>\n<meta property=\"og:description\" content=\"Le Snetap-FSU a d\u00e9pos\u00e9, \u00e0 la demande des personnels du lyc\u00e9e agricole de Sabres, un pr\u00e9avis de gr\u00e8ve couvrant l\u2019ensemble des personnels de l\u2019EPLEFPA des Landes, pour le jeudi 14 d\u00e9cembre 2017. Depuis plusieurs ann\u00e9es, les repr\u00e9sentant.es des personnels alertent sur les difficult\u00e9s rencontr\u00e9es par les services administratifs du site de Sabres (EPLEFPA des Landes). [&hellip;]\" \/>\n<meta property=\"og:url\" content=\"https:\/\/regions-snetap-fsu.fr\/na\/2017\/12\/08\/depot-dun-preavis-de-greve-a-sabres-2\/\" \/>\n<meta property=\"og:site_name\" content=\"NOUVELLE AQUITAINE\" \/>\n<meta property=\"article:published_time\" content=\"2017-12-08T19:17:31+00:00\" \/>\n<meta name=\"author\" content=\"admin\" \/>\n<meta name=\"twitter:card\" content=\"summary_large_image\" \/>\n<meta name=\"twitter:label1\" content=\"\u00c9crit par\" \/>\n\t<meta name=\"twitter:data1\" content=\"admin\" \/>\n\t<meta name=\"twitter:label2\" content=\"Dur\u00e9e de lecture estim\u00e9e\" \/>\n\t<meta name=\"twitter:data2\" content=\"3 minutes\" \/>\n<script type=\"application\/ld+json\" class=\"yoast-schema-graph\">{\"@context\":\"https:\\\/\\\/schema.org\",\"@graph\":[{\"@type\":\"Article\",\"@id\":\"https:\\\/\\\/regions-snetap-fsu.fr\\\/na\\\/2017\\\/12\\\/08\\\/depot-dun-preavis-de-greve-a-sabres-2\\\/#article\",\"isPartOf\":{\"@id\":\"https:\\\/\\\/regions-snetap-fsu.fr\\\/na\\\/2017\\\/12\\\/08\\\/depot-dun-preavis-de-greve-a-sabres-2\\\/\"},\"author\":{\"name\":\"admin\",\"@id\":\"https:\\\/\\\/regions-snetap-fsu.fr\\\/na\\\/#\\\/schema\\\/person\\\/bde5882e4a9306621cf00489991f0068\"},\"headline\":\"D\u00e9p\u00f4t d\u2019un pr\u00e9avis de gr\u00e8ve \u00e0 Sabres\",\"datePublished\":\"2017-12-08T19:17:31+00:00\",\"mainEntityOfPage\":{\"@id\":\"https:\\\/\\\/regions-snetap-fsu.fr\\\/na\\\/2017\\\/12\\\/08\\\/depot-dun-preavis-de-greve-a-sabres-2\\\/\"},\"wordCount\":632,\"publisher\":{\"@id\":\"https:\\\/\\\/regions-snetap-fsu.fr\\\/na\\\/#organization\"},\"articleSection\":[\"Actus\",\"NA\"],\"inLanguage\":\"fr-FR\"},{\"@type\":\"WebPage\",\"@id\":\"https:\\\/\\\/regions-snetap-fsu.fr\\\/na\\\/2017\\\/12\\\/08\\\/depot-dun-preavis-de-greve-a-sabres-2\\\/\",\"url\":\"https:\\\/\\\/regions-snetap-fsu.fr\\\/na\\\/2017\\\/12\\\/08\\\/depot-dun-preavis-de-greve-a-sabres-2\\\/\",\"name\":\"D\u00e9p\u00f4t d\u2019un pr\u00e9avis de gr\u00e8ve \u00e0 Sabres - NOUVELLE AQUITAINE\",\"isPartOf\":{\"@id\":\"https:\\\/\\\/regions-snetap-fsu.fr\\\/na\\\/#website\"},\"datePublished\":\"2017-12-08T19:17:31+00:00\",\"breadcrumb\":{\"@id\":\"https:\\\/\\\/regions-snetap-fsu.fr\\\/na\\\/2017\\\/12\\\/08\\\/depot-dun-preavis-de-greve-a-sabres-2\\\/#breadcrumb\"},\"inLanguage\":\"fr-FR\",\"potentialAction\":[{\"@type\":\"ReadAction\",\"target\":[\"https:\\\/\\\/regions-snetap-fsu.fr\\\/na\\\/2017\\\/12\\\/08\\\/depot-dun-preavis-de-greve-a-sabres-2\\\/\"]}]},{\"@type\":\"BreadcrumbList\",\"@id\":\"https:\\\/\\\/regions-snetap-fsu.fr\\\/na\\\/2017\\\/12\\\/08\\\/depot-dun-preavis-de-greve-a-sabres-2\\\/#breadcrumb\",\"itemListElement\":[{\"@type\":\"ListItem\",\"position\":1,\"name\":\"Accueil\",\"item\":\"https:\\\/\\\/regions-snetap-fsu.fr\\\/na\\\/\"},{\"@type\":\"ListItem\",\"position\":2,\"name\":\"D\u00e9p\u00f4t d\u2019un pr\u00e9avis de gr\u00e8ve \u00e0 Sabres\"}]},{\"@type\":\"WebSite\",\"@id\":\"https:\\\/\\\/regions-snetap-fsu.fr\\\/na\\\/#website\",\"url\":\"https:\\\/\\\/regions-snetap-fsu.fr\\\/na\\\/\",\"name\":\"SNETAP-FSU NOUVELLE AQUITAINE\",\"description\":\"Blog de la Section R\u00e9gionale\",\"publisher\":{\"@id\":\"https:\\\/\\\/regions-snetap-fsu.fr\\\/na\\\/#organization\"},\"potentialAction\":[{\"@type\":\"SearchAction\",\"target\":{\"@type\":\"EntryPoint\",\"urlTemplate\":\"https:\\\/\\\/regions-snetap-fsu.fr\\\/na\\\/?s={search_term_string}\"},\"query-input\":{\"@type\":\"PropertyValueSpecification\",\"valueRequired\":true,\"valueName\":\"search_term_string\"}}],\"inLanguage\":\"fr-FR\"},{\"@type\":\"Organization\",\"@id\":\"https:\\\/\\\/regions-snetap-fsu.fr\\\/na\\\/#organization\",\"name\":\"SNETAP-FSU - Nouvelle Aquitaine\",\"url\":\"https:\\\/\\\/regions-snetap-fsu.fr\\\/na\\\/\",\"logo\":{\"@type\":\"ImageObject\",\"inLanguage\":\"fr-FR\",\"@id\":\"https:\\\/\\\/regions-snetap-fsu.fr\\\/na\\\/#\\\/schema\\\/logo\\\/image\\\/\",\"url\":\"https:\\\/\\\/regions-snetap-fsu.fr\\\/na\\\/wp-content\\\/uploads\\\/sites\\\/3\\\/2020\\\/12\\\/SNETAP-Logo.jpg\",\"contentUrl\":\"https:\\\/\\\/regions-snetap-fsu.fr\\\/na\\\/wp-content\\\/uploads\\\/sites\\\/3\\\/2020\\\/12\\\/SNETAP-Logo.jpg\",\"width\":464,\"height\":334,\"caption\":\"SNETAP-FSU - Nouvelle Aquitaine\"},\"image\":{\"@id\":\"https:\\\/\\\/regions-snetap-fsu.fr\\\/na\\\/#\\\/schema\\\/logo\\\/image\\\/\"}},{\"@type\":\"Person\",\"@id\":\"https:\\\/\\\/regions-snetap-fsu.fr\\\/na\\\/#\\\/schema\\\/person\\\/bde5882e4a9306621cf00489991f0068\",\"name\":\"admin\",\"image\":{\"@type\":\"ImageObject\",\"inLanguage\":\"fr-FR\",\"@id\":\"https:\\\/\\\/secure.gravatar.com\\\/avatar\\\/aeec38d301f4c33ec97a6c6ed3a20500eacdfd2d625095cfca070a2402f716a4?s=96&d=mm&r=g\",\"url\":\"https:\\\/\\\/secure.gravatar.com\\\/avatar\\\/aeec38d301f4c33ec97a6c6ed3a20500eacdfd2d625095cfca070a2402f716a4?s=96&d=mm&r=g\",\"contentUrl\":\"https:\\\/\\\/secure.gravatar.com\\\/avatar\\\/aeec38d301f4c33ec97a6c6ed3a20500eacdfd2d625095cfca070a2402f716a4?s=96&d=mm&r=g\",\"caption\":\"admin\"},\"url\":\"https:\\\/\\\/regions-snetap-fsu.fr\\\/na\\\/author\\\/admin\\\/\"}]}<\/script>\n<!-- \/ Yoast SEO plugin. -->","yoast_head_json":{"title":"D\u00e9p\u00f4t d\u2019un pr\u00e9avis de gr\u00e8ve \u00e0 Sabres - NOUVELLE AQUITAINE","robots":{"index":"index","follow":"follow","max-snippet":"max-snippet:-1","max-image-preview":"max-image-preview:large","max-video-preview":"max-video-preview:-1"},"canonical":"https:\/\/regions-snetap-fsu.fr\/na\/2017\/12\/08\/depot-dun-preavis-de-greve-a-sabres-2\/","og_locale":"fr_FR","og_type":"article","og_title":"D\u00e9p\u00f4t d\u2019un pr\u00e9avis de gr\u00e8ve \u00e0 Sabres - NOUVELLE AQUITAINE","og_description":"Le Snetap-FSU a d\u00e9pos\u00e9, \u00e0 la demande des personnels du lyc\u00e9e agricole de Sabres, un pr\u00e9avis de gr\u00e8ve couvrant l\u2019ensemble des personnels de l\u2019EPLEFPA des Landes, pour le jeudi 14 d\u00e9cembre 2017. Depuis plusieurs ann\u00e9es, les repr\u00e9sentant.es des personnels alertent sur les difficult\u00e9s rencontr\u00e9es par les services administratifs du site de Sabres (EPLEFPA des Landes). [&hellip;]","og_url":"https:\/\/regions-snetap-fsu.fr\/na\/2017\/12\/08\/depot-dun-preavis-de-greve-a-sabres-2\/","og_site_name":"NOUVELLE AQUITAINE","article_published_time":"2017-12-08T19:17:31+00:00","author":"admin","twitter_card":"summary_large_image","twitter_misc":{"\u00c9crit par":"admin","Dur\u00e9e de lecture estim\u00e9e":"3 minutes"},"schema":{"@context":"https:\/\/schema.org","@graph":[{"@type":"Article","@id":"https:\/\/regions-snetap-fsu.fr\/na\/2017\/12\/08\/depot-dun-preavis-de-greve-a-sabres-2\/#article","isPartOf":{"@id":"https:\/\/regions-snetap-fsu.fr\/na\/2017\/12\/08\/depot-dun-preavis-de-greve-a-sabres-2\/"},"author":{"name":"admin","@id":"https:\/\/regions-snetap-fsu.fr\/na\/#\/schema\/person\/bde5882e4a9306621cf00489991f0068"},"headline":"D\u00e9p\u00f4t d\u2019un pr\u00e9avis de gr\u00e8ve \u00e0 Sabres","datePublished":"2017-12-08T19:17:31+00:00","mainEntityOfPage":{"@id":"https:\/\/regions-snetap-fsu.fr\/na\/2017\/12\/08\/depot-dun-preavis-de-greve-a-sabres-2\/"},"wordCount":632,"publisher":{"@id":"https:\/\/regions-snetap-fsu.fr\/na\/#organization"},"articleSection":["Actus","NA"],"inLanguage":"fr-FR"},{"@type":"WebPage","@id":"https:\/\/regions-snetap-fsu.fr\/na\/2017\/12\/08\/depot-dun-preavis-de-greve-a-sabres-2\/","url":"https:\/\/regions-snetap-fsu.fr\/na\/2017\/12\/08\/depot-dun-preavis-de-greve-a-sabres-2\/","name":"D\u00e9p\u00f4t d\u2019un pr\u00e9avis de gr\u00e8ve \u00e0 Sabres - NOUVELLE AQUITAINE","isPartOf":{"@id":"https:\/\/regions-snetap-fsu.fr\/na\/#website"},"datePublished":"2017-12-08T19:17:31+00:00","breadcrumb":{"@id":"https:\/\/regions-snetap-fsu.fr\/na\/2017\/12\/08\/depot-dun-preavis-de-greve-a-sabres-2\/#breadcrumb"},"inLanguage":"fr-FR","potentialAction":[{"@type":"ReadAction","target":["https:\/\/regions-snetap-fsu.fr\/na\/2017\/12\/08\/depot-dun-preavis-de-greve-a-sabres-2\/"]}]},{"@type":"BreadcrumbList","@id":"https:\/\/regions-snetap-fsu.fr\/na\/2017\/12\/08\/depot-dun-preavis-de-greve-a-sabres-2\/#breadcrumb","itemListElement":[{"@type":"ListItem","position":1,"name":"Accueil","item":"https:\/\/regions-snetap-fsu.fr\/na\/"},{"@type":"ListItem","position":2,"name":"D\u00e9p\u00f4t d\u2019un pr\u00e9avis de gr\u00e8ve \u00e0 Sabres"}]},{"@type":"WebSite","@id":"https:\/\/regions-snetap-fsu.fr\/na\/#website","url":"https:\/\/regions-snetap-fsu.fr\/na\/","name":"SNETAP-FSU NOUVELLE AQUITAINE","description":"Blog de la Section R\u00e9gionale","publisher":{"@id":"https:\/\/regions-snetap-fsu.fr\/na\/#organization"},"potentialAction":[{"@type":"SearchAction","target":{"@type":"EntryPoint","urlTemplate":"https:\/\/regions-snetap-fsu.fr\/na\/?s={search_term_string}"},"query-input":{"@type":"PropertyValueSpecification","valueRequired":true,"valueName":"search_term_string"}}],"inLanguage":"fr-FR"},{"@type":"Organization","@id":"https:\/\/regions-snetap-fsu.fr\/na\/#organization","name":"SNETAP-FSU - Nouvelle Aquitaine","url":"https:\/\/regions-snetap-fsu.fr\/na\/","logo":{"@type":"ImageObject","inLanguage":"fr-FR","@id":"https:\/\/regions-snetap-fsu.fr\/na\/#\/schema\/logo\/image\/","url":"https:\/\/regions-snetap-fsu.fr\/na\/wp-content\/uploads\/sites\/3\/2020\/12\/SNETAP-Logo.jpg","contentUrl":"https:\/\/regions-snetap-fsu.fr\/na\/wp-content\/uploads\/sites\/3\/2020\/12\/SNETAP-Logo.jpg","width":464,"height":334,"caption":"SNETAP-FSU - Nouvelle Aquitaine"},"image":{"@id":"https:\/\/regions-snetap-fsu.fr\/na\/#\/schema\/logo\/image\/"}},{"@type":"Person","@id":"https:\/\/regions-snetap-fsu.fr\/na\/#\/schema\/person\/bde5882e4a9306621cf00489991f0068","name":"admin","image":{"@type":"ImageObject","inLanguage":"fr-FR","@id":"https:\/\/secure.gravatar.com\/avatar\/aeec38d301f4c33ec97a6c6ed3a20500eacdfd2d625095cfca070a2402f716a4?s=96&d=mm&r=g","url":"https:\/\/secure.gravatar.com\/avatar\/aeec38d301f4c33ec97a6c6ed3a20500eacdfd2d625095cfca070a2402f716a4?s=96&d=mm&r=g","contentUrl":"https:\/\/secure.gravatar.com\/avatar\/aeec38d301f4c33ec97a6c6ed3a20500eacdfd2d625095cfca070a2402f716a4?s=96&d=mm&r=g","caption":"admin"},"url":"https:\/\/regions-snetap-fsu.fr\/na\/author\/admin\/"}]}},"_links":{"self":[{"href":"https:\/\/regions-snetap-fsu.fr\/na\/wp-json\/wp\/v2\/posts\/470","targetHints":{"allow":["GET"]}}],"collection":[{"href":"https:\/\/regions-snetap-fsu.fr\/na\/wp-json\/wp\/v2\/posts"}],"about":[{"href":"https:\/\/regions-snetap-fsu.fr\/na\/wp-json\/wp\/v2\/types\/post"}],"author":[{"embeddable":true,"href":"https:\/\/regions-snetap-fsu.fr\/na\/wp-json\/wp\/v2\/users\/1"}],"replies":[{"embeddable":true,"href":"https:\/\/regions-snetap-fsu.fr\/na\/wp-json\/wp\/v2\/comments?post=470"}],"version-history":[{"count":0,"href":"https:\/\/regions-snetap-fsu.fr\/na\/wp-json\/wp\/v2\/posts\/470\/revisions"}],"wp:attachment":[{"href":"https:\/\/regions-snetap-fsu.fr\/na\/wp-json\/wp\/v2\/media?parent=470"}],"wp:term":[{"taxonomy":"category","embeddable":true,"href":"https:\/\/regions-snetap-fsu.fr\/na\/wp-json\/wp\/v2\/categories?post=470"},{"taxonomy":"post_tag","embeddable":true,"href":"https:\/\/regions-snetap-fsu.fr\/na\/wp-json\/wp\/v2\/tags?post=470"},{"taxonomy":"post_folder","embeddable":true,"href":"https:\/\/regions-snetap-fsu.fr\/na\/wp-json\/wp\/v2\/post_folder?post=470"}],"curies":[{"name":"wp","href":"https:\/\/api.w.org\/{rel}","templated":true}]}}