{"id":468,"date":"2017-12-18T20:13:45","date_gmt":"2017-12-18T19:13:45","guid":{"rendered":"http:\/\/snetap-fsu.fr\/comp\/na\/?p=468"},"modified":"2017-12-18T20:13:45","modified_gmt":"2017-12-18T19:13:45","slug":"sabres-les-personnels-obtiennent-un-1-2-poste-en-urgence","status":"publish","type":"post","link":"https:\/\/regions-snetap-fsu.fr\/na\/2017\/12\/18\/sabres-les-personnels-obtiennent-un-1-2-poste-en-urgence\/","title":{"rendered":"Sabres : les personnels obtiennent un 1\/2 poste en urgence"},"content":{"rendered":"<div class=\"main\">\n<div class=\"wrapper hfeed col-xs-12 col-sm-8\">\n<div id=\"content\" class=\"content hentry\">\n<div class=\"crayon article-chapo-4945 chapo surlignable\">\nAction des personnels des lyc\u00e9e et CFAFR de Sabres<\/p>\n<h3 class=\"spip\">Nous prenons acte d\u2019une mesure d\u2019urgence mais attendons des mesures p\u00e9rennes<\/h3>\n<\/div>\n<div class=\"crayon article-texte-4945 texte surlignable clearfix\">\nLes personnels du lyc\u00e9e et du <a class=\"cs_glossaire\" href=\"http:\/\/snetap-fsu.fr\/+-CFA-+.html\" name=\"mot38_0\"><span class=\"gl_mot\">CFA<\/span><\/a> de Sabres avaient d\u00e9pos\u00e9 un pr\u00e9avis de gr\u00e8ve pour le jeudi 14 d\u00e9cembre 2017. Au travers de leur action, ils d\u00e9non\u00e7aient un manque de personnels administratifs sur le site de Sabres et des conditions de travail d\u00e9grad\u00e9es du fait d\u2019un effectif insuffisant pour assumer correctement une charge de travail trop lourde.<br \/>\nComme les personnels le demandaient, avant la mise \u00e0 ex\u00e9cution de ce pr\u00e9avis, le Directeur R\u00e9gional Adjoint de Nouvelle Aquitaine s\u2019est engag\u00e9 par \u00e9crit \u00e0 n\u00e9gocier sur des moyens de la <a class=\"cs_glossaire\" href=\"http:\/\/snetap-fsu.fr\/+-DRAAF-+.html\" name=\"mot66_1\"><span class=\"gl_mot\">DRAAF<\/span><\/a> et s\u2019est d\u00e9plac\u00e9 \u00e0 Sabres le jeudi 14 d\u00e9cembre pour pr\u00e9ciser la hauteur de ces moyens. Cet engagement avait permis de lever le pr\u00e9avis de gr\u00e8ve et d\u2019engager des n\u00e9gociations.<br \/>\nL\u2019action des personnels a ainsi oblig\u00e9 la DRAAF \u00e0 reconna\u00eetre de vrais besoins sur le lyc\u00e9e de Sabres et \u00e0 d\u00e9gager un mi-temps pour 6 mois renouvelables (jusqu\u2019au 30 juin 2018). Elle r\u00e9pond ainsi en urgence aux difficult\u00e9s rencontr\u00e9es par le service administratif.<br \/>\n<strong class=\"caractencadre2-spip spip\">Les personnels du lyc\u00e9e et du CFA de Sabres, r\u00e9unis en Assembl\u00e9e G\u00e9n\u00e9rale ce jour, prennent acte de cette proposition de leur autorit\u00e9 acad\u00e9mique, mais ils soulignent que cette mesure ne r\u00e9pond que partiellement \u00e0 la probl\u00e9matique qu\u2019ils portent maintenant depuis plusieurs ann\u00e9es<\/strong>. Les souffrances et les difficult\u00e9s engendr\u00e9es par la surcharge de travail n\u00e9cessitent mieux et plus.<br \/>\n<strong class=\"caractencadre2-spip spip\">Ils\/elles maintiennent leur exigence d\u2019une dotation p\u00e9renne qui couvre les besoins r\u00e9els de l\u2019\u00e9tablissement<\/strong>. Ils\/elles exigent donc la cr\u00e9ation d\u2019un poste entier de fonctionnaire, d\u00e8s la rentr\u00e9e 2018.<br \/>\nIls\/elles continueront \u00e0 porter ce dossier dans les mois \u00e0 venir aupr\u00e8s des services r\u00e9gionaux et centraux du Minist\u00e8re afin que dans les dialogues de gestion \u00e0 venir une solution durable soit trouv\u00e9e.<br \/>\n<strong class=\"caractencadre-spip spip\">D\u2019ores et d\u00e9j\u00e0, ils\/elles donnent rendez-vous \u00e0 leur autorit\u00e9 acad\u00e9mique d\u00e8s le mois de juin prochain pour les r\u00e9ponses attendues \u2026 au risque sinon d\u2019engager une rentr\u00e9e 2018 2019 conflictuelle.<\/strong><br \/>\nSabres, le 14 d\u00e9cembre 2017<br \/>\nLes personnels du site de Sabres de l\u2019<a class=\"cs_glossaire\" href=\"http:\/\/snetap-fsu.fr\/+-EPLEFPA-+.html\" name=\"mot81_2\"><span class=\"gl_mot\">EPLEFPA<\/span><\/a> des Landes\n<\/div>\n<\/div>\n<\/div>\n<div class=\"aside col-xs-12 col-sm-4\">\n<div class=\"tree-box\">\n<div class=\"box-publications accordeon ui-accordion ui-widget ui-helper-reset\" role=\"tablist\"><\/div>\n<div class=\"box-contact accordeon ui-accordion ui-widget ui-helper-reset\" role=\"tablist\">\n<h2 id=\"ui-id-5\" class=\"ui-accordion-header ui-state-default ui-corner-all ui-accordion-icons\" role=\"tab\"><\/h2>\n<\/div>\n<\/div>\n<\/div>\n<\/div>\n<div class=\"footer clearfix\"><\/div>\n","protected":false},"excerpt":{"rendered":"<p>Action des personnels des lyc\u00e9e et CFAFR de Sabres Nous prenons acte d\u2019une mesure d\u2019urgence mais attendons des mesures p\u00e9rennes Les personnels du lyc\u00e9e et du CFA de Sabres avaient d\u00e9pos\u00e9 un pr\u00e9avis de gr\u00e8ve pour le jeudi 14 d\u00e9cembre 2017. Au travers de leur action, ils d\u00e9non\u00e7aient un manque de personnels administratifs sur le [&hellip;]<\/p>\n","protected":false},"author":1,"featured_media":0,"comment_status":"closed","ping_status":"closed","sticky":false,"template":"","format":"standard","meta":{"ocean_post_layout":"","ocean_both_sidebars_style":"","ocean_both_sidebars_content_width":0,"ocean_both_sidebars_sidebars_width":0,"ocean_sidebar":"","ocean_second_sidebar":"","ocean_disable_margins":"enable","ocean_add_body_class":"","ocean_shortcode_before_top_bar":"","ocean_shortcode_after_top_bar":"","ocean_shortcode_before_header":"","ocean_shortcode_after_header":"","ocean_has_shortcode":"","ocean_shortcode_after_title":"","ocean_shortcode_before_footer_widgets":"","ocean_shortcode_after_footer_widgets":"","ocean_shortcode_before_footer_bottom":"","ocean_shortcode_after_footer_bottom":"","ocean_display_top_bar":"default","ocean_display_header":"default","ocean_header_style":"","ocean_center_header_left_menu":"","ocean_custom_header_template":"","ocean_custom_logo":0,"ocean_custom_retina_logo":0,"ocean_custom_logo_max_width":0,"ocean_custom_logo_tablet_max_width":0,"ocean_custom_logo_mobile_max_width":0,"ocean_custom_logo_max_height":0,"ocean_custom_logo_tablet_max_height":0,"ocean_custom_logo_mobile_max_height":0,"ocean_header_custom_menu":"","ocean_menu_typo_font_family":"","ocean_menu_typo_font_subset":"","ocean_menu_typo_font_size":0,"ocean_menu_typo_font_size_tablet":0,"ocean_menu_typo_font_size_mobile":0,"ocean_menu_typo_font_size_unit":"px","ocean_menu_typo_font_weight":"","ocean_menu_typo_font_weight_tablet":"","ocean_menu_typo_font_weight_mobile":"","ocean_menu_typo_transform":"","ocean_menu_typo_transform_tablet":"","ocean_menu_typo_transform_mobile":"","ocean_menu_typo_line_height":0,"ocean_menu_typo_line_height_tablet":0,"ocean_menu_typo_line_height_mobile":0,"ocean_menu_typo_line_height_unit":"","ocean_menu_typo_spacing":0,"ocean_menu_typo_spacing_tablet":0,"ocean_menu_typo_spacing_mobile":0,"ocean_menu_typo_spacing_unit":"","ocean_menu_link_color":"","ocean_menu_link_color_hover":"","ocean_menu_link_color_active":"","ocean_menu_link_background":"","ocean_menu_link_hover_background":"","ocean_menu_link_active_background":"","ocean_menu_social_links_bg":"","ocean_menu_social_hover_links_bg":"","ocean_menu_social_links_color":"","ocean_menu_social_hover_links_color":"","ocean_disable_title":"default","ocean_disable_heading":"default","ocean_post_title":"","ocean_post_subheading":"","ocean_post_title_style":"","ocean_post_title_background_color":"","ocean_post_title_background":0,"ocean_post_title_bg_image_position":"","ocean_post_title_bg_image_attachment":"","ocean_post_title_bg_image_repeat":"","ocean_post_title_bg_image_size":"","ocean_post_title_height":0,"ocean_post_title_bg_overlay":0.5,"ocean_post_title_bg_overlay_color":"","ocean_disable_breadcrumbs":"default","ocean_breadcrumbs_color":"","ocean_breadcrumbs_separator_color":"","ocean_breadcrumbs_links_color":"","ocean_breadcrumbs_links_hover_color":"","ocean_display_footer_widgets":"default","ocean_display_footer_bottom":"default","ocean_custom_footer_template":"","ocean_post_oembed":"","ocean_post_self_hosted_media":"","ocean_post_video_embed":"","ocean_link_format":"","ocean_link_format_target":"self","ocean_quote_format":"","ocean_quote_format_link":"post","ocean_gallery_link_images":"on","ocean_gallery_id":[],"footnotes":""},"categories":[2,8],"tags":[],"post_folder":[],"class_list":["post-468","post","type-post","status-publish","format-standard","hentry","category-actus","category-na","entry"],"yoast_head":"<!-- This site is optimized with the Yoast SEO plugin v27.4 - https:\/\/yoast.com\/product\/yoast-seo-wordpress\/ -->\n<title>Sabres : les personnels obtiennent un 1\/2 poste en urgence - NOUVELLE AQUITAINE<\/title>\n<meta name=\"robots\" content=\"index, follow, max-snippet:-1, max-image-preview:large, max-video-preview:-1\" \/>\n<link rel=\"canonical\" href=\"https:\/\/regions-snetap-fsu.fr\/na\/2017\/12\/18\/sabres-les-personnels-obtiennent-un-1-2-poste-en-urgence\/\" \/>\n<meta property=\"og:locale\" content=\"fr_FR\" \/>\n<meta property=\"og:type\" content=\"article\" \/>\n<meta property=\"og:title\" content=\"Sabres : les personnels obtiennent un 1\/2 poste en urgence - NOUVELLE AQUITAINE\" \/>\n<meta property=\"og:description\" content=\"Action des personnels des lyc\u00e9e et CFAFR de Sabres Nous prenons acte d\u2019une mesure d\u2019urgence mais attendons des mesures p\u00e9rennes Les personnels du lyc\u00e9e et du CFA de Sabres avaient d\u00e9pos\u00e9 un pr\u00e9avis de gr\u00e8ve pour le jeudi 14 d\u00e9cembre 2017. Au travers de leur action, ils d\u00e9non\u00e7aient un manque de personnels administratifs sur le [&hellip;]\" \/>\n<meta property=\"og:url\" content=\"https:\/\/regions-snetap-fsu.fr\/na\/2017\/12\/18\/sabres-les-personnels-obtiennent-un-1-2-poste-en-urgence\/\" \/>\n<meta property=\"og:site_name\" content=\"NOUVELLE AQUITAINE\" \/>\n<meta property=\"article:published_time\" content=\"2017-12-18T19:13:45+00:00\" \/>\n<meta name=\"author\" content=\"admin\" \/>\n<meta name=\"twitter:card\" content=\"summary_large_image\" \/>\n<meta name=\"twitter:label1\" content=\"\u00c9crit par\" \/>\n\t<meta name=\"twitter:data1\" content=\"admin\" \/>\n\t<meta name=\"twitter:label2\" content=\"Dur\u00e9e de lecture estim\u00e9e\" \/>\n\t<meta name=\"twitter:data2\" content=\"2 minutes\" \/>\n<script type=\"application\/ld+json\" class=\"yoast-schema-graph\">{\"@context\":\"https:\\\/\\\/schema.org\",\"@graph\":[{\"@type\":\"Article\",\"@id\":\"https:\\\/\\\/regions-snetap-fsu.fr\\\/na\\\/2017\\\/12\\\/18\\\/sabres-les-personnels-obtiennent-un-1-2-poste-en-urgence\\\/#article\",\"isPartOf\":{\"@id\":\"https:\\\/\\\/regions-snetap-fsu.fr\\\/na\\\/2017\\\/12\\\/18\\\/sabres-les-personnels-obtiennent-un-1-2-poste-en-urgence\\\/\"},\"author\":{\"name\":\"admin\",\"@id\":\"https:\\\/\\\/regions-snetap-fsu.fr\\\/na\\\/#\\\/schema\\\/person\\\/bde5882e4a9306621cf00489991f0068\"},\"headline\":\"Sabres : les personnels obtiennent un 1\\\/2 poste en urgence\",\"datePublished\":\"2017-12-18T19:13:45+00:00\",\"mainEntityOfPage\":{\"@id\":\"https:\\\/\\\/regions-snetap-fsu.fr\\\/na\\\/2017\\\/12\\\/18\\\/sabres-les-personnels-obtiennent-un-1-2-poste-en-urgence\\\/\"},\"wordCount\":406,\"publisher\":{\"@id\":\"https:\\\/\\\/regions-snetap-fsu.fr\\\/na\\\/#organization\"},\"articleSection\":[\"Actus\",\"NA\"],\"inLanguage\":\"fr-FR\"},{\"@type\":\"WebPage\",\"@id\":\"https:\\\/\\\/regions-snetap-fsu.fr\\\/na\\\/2017\\\/12\\\/18\\\/sabres-les-personnels-obtiennent-un-1-2-poste-en-urgence\\\/\",\"url\":\"https:\\\/\\\/regions-snetap-fsu.fr\\\/na\\\/2017\\\/12\\\/18\\\/sabres-les-personnels-obtiennent-un-1-2-poste-en-urgence\\\/\",\"name\":\"Sabres : les personnels obtiennent un 1\\\/2 poste en urgence - NOUVELLE AQUITAINE\",\"isPartOf\":{\"@id\":\"https:\\\/\\\/regions-snetap-fsu.fr\\\/na\\\/#website\"},\"datePublished\":\"2017-12-18T19:13:45+00:00\",\"breadcrumb\":{\"@id\":\"https:\\\/\\\/regions-snetap-fsu.fr\\\/na\\\/2017\\\/12\\\/18\\\/sabres-les-personnels-obtiennent-un-1-2-poste-en-urgence\\\/#breadcrumb\"},\"inLanguage\":\"fr-FR\",\"potentialAction\":[{\"@type\":\"ReadAction\",\"target\":[\"https:\\\/\\\/regions-snetap-fsu.fr\\\/na\\\/2017\\\/12\\\/18\\\/sabres-les-personnels-obtiennent-un-1-2-poste-en-urgence\\\/\"]}]},{\"@type\":\"BreadcrumbList\",\"@id\":\"https:\\\/\\\/regions-snetap-fsu.fr\\\/na\\\/2017\\\/12\\\/18\\\/sabres-les-personnels-obtiennent-un-1-2-poste-en-urgence\\\/#breadcrumb\",\"itemListElement\":[{\"@type\":\"ListItem\",\"position\":1,\"name\":\"Accueil\",\"item\":\"https:\\\/\\\/regions-snetap-fsu.fr\\\/na\\\/\"},{\"@type\":\"ListItem\",\"position\":2,\"name\":\"Sabres : les personnels obtiennent un 1\\\/2 poste en urgence\"}]},{\"@type\":\"WebSite\",\"@id\":\"https:\\\/\\\/regions-snetap-fsu.fr\\\/na\\\/#website\",\"url\":\"https:\\\/\\\/regions-snetap-fsu.fr\\\/na\\\/\",\"name\":\"SNETAP-FSU NOUVELLE AQUITAINE\",\"description\":\"Blog de la Section R\u00e9gionale\",\"publisher\":{\"@id\":\"https:\\\/\\\/regions-snetap-fsu.fr\\\/na\\\/#organization\"},\"potentialAction\":[{\"@type\":\"SearchAction\",\"target\":{\"@type\":\"EntryPoint\",\"urlTemplate\":\"https:\\\/\\\/regions-snetap-fsu.fr\\\/na\\\/?s={search_term_string}\"},\"query-input\":{\"@type\":\"PropertyValueSpecification\",\"valueRequired\":true,\"valueName\":\"search_term_string\"}}],\"inLanguage\":\"fr-FR\"},{\"@type\":\"Organization\",\"@id\":\"https:\\\/\\\/regions-snetap-fsu.fr\\\/na\\\/#organization\",\"name\":\"SNETAP-FSU - Nouvelle Aquitaine\",\"url\":\"https:\\\/\\\/regions-snetap-fsu.fr\\\/na\\\/\",\"logo\":{\"@type\":\"ImageObject\",\"inLanguage\":\"fr-FR\",\"@id\":\"https:\\\/\\\/regions-snetap-fsu.fr\\\/na\\\/#\\\/schema\\\/logo\\\/image\\\/\",\"url\":\"https:\\\/\\\/regions-snetap-fsu.fr\\\/na\\\/wp-content\\\/uploads\\\/sites\\\/3\\\/2020\\\/12\\\/SNETAP-Logo.jpg\",\"contentUrl\":\"https:\\\/\\\/regions-snetap-fsu.fr\\\/na\\\/wp-content\\\/uploads\\\/sites\\\/3\\\/2020\\\/12\\\/SNETAP-Logo.jpg\",\"width\":464,\"height\":334,\"caption\":\"SNETAP-FSU - Nouvelle Aquitaine\"},\"image\":{\"@id\":\"https:\\\/\\\/regions-snetap-fsu.fr\\\/na\\\/#\\\/schema\\\/logo\\\/image\\\/\"}},{\"@type\":\"Person\",\"@id\":\"https:\\\/\\\/regions-snetap-fsu.fr\\\/na\\\/#\\\/schema\\\/person\\\/bde5882e4a9306621cf00489991f0068\",\"name\":\"admin\",\"image\":{\"@type\":\"ImageObject\",\"inLanguage\":\"fr-FR\",\"@id\":\"https:\\\/\\\/secure.gravatar.com\\\/avatar\\\/aeec38d301f4c33ec97a6c6ed3a20500eacdfd2d625095cfca070a2402f716a4?s=96&d=mm&r=g\",\"url\":\"https:\\\/\\\/secure.gravatar.com\\\/avatar\\\/aeec38d301f4c33ec97a6c6ed3a20500eacdfd2d625095cfca070a2402f716a4?s=96&d=mm&r=g\",\"contentUrl\":\"https:\\\/\\\/secure.gravatar.com\\\/avatar\\\/aeec38d301f4c33ec97a6c6ed3a20500eacdfd2d625095cfca070a2402f716a4?s=96&d=mm&r=g\",\"caption\":\"admin\"},\"url\":\"https:\\\/\\\/regions-snetap-fsu.fr\\\/na\\\/author\\\/admin\\\/\"}]}<\/script>\n<!-- \/ Yoast SEO plugin. -->","yoast_head_json":{"title":"Sabres : les personnels obtiennent un 1\/2 poste en urgence - NOUVELLE AQUITAINE","robots":{"index":"index","follow":"follow","max-snippet":"max-snippet:-1","max-image-preview":"max-image-preview:large","max-video-preview":"max-video-preview:-1"},"canonical":"https:\/\/regions-snetap-fsu.fr\/na\/2017\/12\/18\/sabres-les-personnels-obtiennent-un-1-2-poste-en-urgence\/","og_locale":"fr_FR","og_type":"article","og_title":"Sabres : les personnels obtiennent un 1\/2 poste en urgence - NOUVELLE AQUITAINE","og_description":"Action des personnels des lyc\u00e9e et CFAFR de Sabres Nous prenons acte d\u2019une mesure d\u2019urgence mais attendons des mesures p\u00e9rennes Les personnels du lyc\u00e9e et du CFA de Sabres avaient d\u00e9pos\u00e9 un pr\u00e9avis de gr\u00e8ve pour le jeudi 14 d\u00e9cembre 2017. Au travers de leur action, ils d\u00e9non\u00e7aient un manque de personnels administratifs sur le [&hellip;]","og_url":"https:\/\/regions-snetap-fsu.fr\/na\/2017\/12\/18\/sabres-les-personnels-obtiennent-un-1-2-poste-en-urgence\/","og_site_name":"NOUVELLE AQUITAINE","article_published_time":"2017-12-18T19:13:45+00:00","author":"admin","twitter_card":"summary_large_image","twitter_misc":{"\u00c9crit par":"admin","Dur\u00e9e de lecture estim\u00e9e":"2 minutes"},"schema":{"@context":"https:\/\/schema.org","@graph":[{"@type":"Article","@id":"https:\/\/regions-snetap-fsu.fr\/na\/2017\/12\/18\/sabres-les-personnels-obtiennent-un-1-2-poste-en-urgence\/#article","isPartOf":{"@id":"https:\/\/regions-snetap-fsu.fr\/na\/2017\/12\/18\/sabres-les-personnels-obtiennent-un-1-2-poste-en-urgence\/"},"author":{"name":"admin","@id":"https:\/\/regions-snetap-fsu.fr\/na\/#\/schema\/person\/bde5882e4a9306621cf00489991f0068"},"headline":"Sabres : les personnels obtiennent un 1\/2 poste en urgence","datePublished":"2017-12-18T19:13:45+00:00","mainEntityOfPage":{"@id":"https:\/\/regions-snetap-fsu.fr\/na\/2017\/12\/18\/sabres-les-personnels-obtiennent-un-1-2-poste-en-urgence\/"},"wordCount":406,"publisher":{"@id":"https:\/\/regions-snetap-fsu.fr\/na\/#organization"},"articleSection":["Actus","NA"],"inLanguage":"fr-FR"},{"@type":"WebPage","@id":"https:\/\/regions-snetap-fsu.fr\/na\/2017\/12\/18\/sabres-les-personnels-obtiennent-un-1-2-poste-en-urgence\/","url":"https:\/\/regions-snetap-fsu.fr\/na\/2017\/12\/18\/sabres-les-personnels-obtiennent-un-1-2-poste-en-urgence\/","name":"Sabres : les personnels obtiennent un 1\/2 poste en urgence - NOUVELLE AQUITAINE","isPartOf":{"@id":"https:\/\/regions-snetap-fsu.fr\/na\/#website"},"datePublished":"2017-12-18T19:13:45+00:00","breadcrumb":{"@id":"https:\/\/regions-snetap-fsu.fr\/na\/2017\/12\/18\/sabres-les-personnels-obtiennent-un-1-2-poste-en-urgence\/#breadcrumb"},"inLanguage":"fr-FR","potentialAction":[{"@type":"ReadAction","target":["https:\/\/regions-snetap-fsu.fr\/na\/2017\/12\/18\/sabres-les-personnels-obtiennent-un-1-2-poste-en-urgence\/"]}]},{"@type":"BreadcrumbList","@id":"https:\/\/regions-snetap-fsu.fr\/na\/2017\/12\/18\/sabres-les-personnels-obtiennent-un-1-2-poste-en-urgence\/#breadcrumb","itemListElement":[{"@type":"ListItem","position":1,"name":"Accueil","item":"https:\/\/regions-snetap-fsu.fr\/na\/"},{"@type":"ListItem","position":2,"name":"Sabres : les personnels obtiennent un 1\/2 poste en urgence"}]},{"@type":"WebSite","@id":"https:\/\/regions-snetap-fsu.fr\/na\/#website","url":"https:\/\/regions-snetap-fsu.fr\/na\/","name":"SNETAP-FSU NOUVELLE AQUITAINE","description":"Blog de la Section R\u00e9gionale","publisher":{"@id":"https:\/\/regions-snetap-fsu.fr\/na\/#organization"},"potentialAction":[{"@type":"SearchAction","target":{"@type":"EntryPoint","urlTemplate":"https:\/\/regions-snetap-fsu.fr\/na\/?s={search_term_string}"},"query-input":{"@type":"PropertyValueSpecification","valueRequired":true,"valueName":"search_term_string"}}],"inLanguage":"fr-FR"},{"@type":"Organization","@id":"https:\/\/regions-snetap-fsu.fr\/na\/#organization","name":"SNETAP-FSU - Nouvelle Aquitaine","url":"https:\/\/regions-snetap-fsu.fr\/na\/","logo":{"@type":"ImageObject","inLanguage":"fr-FR","@id":"https:\/\/regions-snetap-fsu.fr\/na\/#\/schema\/logo\/image\/","url":"https:\/\/regions-snetap-fsu.fr\/na\/wp-content\/uploads\/sites\/3\/2020\/12\/SNETAP-Logo.jpg","contentUrl":"https:\/\/regions-snetap-fsu.fr\/na\/wp-content\/uploads\/sites\/3\/2020\/12\/SNETAP-Logo.jpg","width":464,"height":334,"caption":"SNETAP-FSU - Nouvelle Aquitaine"},"image":{"@id":"https:\/\/regions-snetap-fsu.fr\/na\/#\/schema\/logo\/image\/"}},{"@type":"Person","@id":"https:\/\/regions-snetap-fsu.fr\/na\/#\/schema\/person\/bde5882e4a9306621cf00489991f0068","name":"admin","image":{"@type":"ImageObject","inLanguage":"fr-FR","@id":"https:\/\/secure.gravatar.com\/avatar\/aeec38d301f4c33ec97a6c6ed3a20500eacdfd2d625095cfca070a2402f716a4?s=96&d=mm&r=g","url":"https:\/\/secure.gravatar.com\/avatar\/aeec38d301f4c33ec97a6c6ed3a20500eacdfd2d625095cfca070a2402f716a4?s=96&d=mm&r=g","contentUrl":"https:\/\/secure.gravatar.com\/avatar\/aeec38d301f4c33ec97a6c6ed3a20500eacdfd2d625095cfca070a2402f716a4?s=96&d=mm&r=g","caption":"admin"},"url":"https:\/\/regions-snetap-fsu.fr\/na\/author\/admin\/"}]}},"_links":{"self":[{"href":"https:\/\/regions-snetap-fsu.fr\/na\/wp-json\/wp\/v2\/posts\/468","targetHints":{"allow":["GET"]}}],"collection":[{"href":"https:\/\/regions-snetap-fsu.fr\/na\/wp-json\/wp\/v2\/posts"}],"about":[{"href":"https:\/\/regions-snetap-fsu.fr\/na\/wp-json\/wp\/v2\/types\/post"}],"author":[{"embeddable":true,"href":"https:\/\/regions-snetap-fsu.fr\/na\/wp-json\/wp\/v2\/users\/1"}],"replies":[{"embeddable":true,"href":"https:\/\/regions-snetap-fsu.fr\/na\/wp-json\/wp\/v2\/comments?post=468"}],"version-history":[{"count":0,"href":"https:\/\/regions-snetap-fsu.fr\/na\/wp-json\/wp\/v2\/posts\/468\/revisions"}],"wp:attachment":[{"href":"https:\/\/regions-snetap-fsu.fr\/na\/wp-json\/wp\/v2\/media?parent=468"}],"wp:term":[{"taxonomy":"category","embeddable":true,"href":"https:\/\/regions-snetap-fsu.fr\/na\/wp-json\/wp\/v2\/categories?post=468"},{"taxonomy":"post_tag","embeddable":true,"href":"https:\/\/regions-snetap-fsu.fr\/na\/wp-json\/wp\/v2\/tags?post=468"},{"taxonomy":"post_folder","embeddable":true,"href":"https:\/\/regions-snetap-fsu.fr\/na\/wp-json\/wp\/v2\/post_folder?post=468"}],"curies":[{"name":"wp","href":"https:\/\/api.w.org\/{rel}","templated":true}]}}