{"id":461,"date":"2017-12-22T19:59:16","date_gmt":"2017-12-22T18:59:16","guid":{"rendered":"http:\/\/snetap-fsu.fr\/comp\/na\/?p=461"},"modified":"2017-12-22T19:59:16","modified_gmt":"2017-12-22T18:59:16","slug":"nlle-aquitaine-snetap-fsu-quitte-la-reunion-de-concertation-sur-le-prea","status":"publish","type":"post","link":"https:\/\/regions-snetap-fsu.fr\/na\/2017\/12\/22\/nlle-aquitaine-snetap-fsu-quitte-la-reunion-de-concertation-sur-le-prea\/","title":{"rendered":"Le SNETAP-FSU NA quitte la r\u00e9union de concertation sur le PREA"},"content":{"rendered":"<div class=\"crayon article-chapo-4956 chapo surlignable\">\nLa <a class=\"cs_glossaire\" href=\"http:\/\/snetap-fsu.fr\/+-DRAAF-+.html\" name=\"mot66_0\"><span class=\"gl_mot\">DRAAF<\/span><\/a> Nouvelle Aquitaine organisait le jeudi 14 d\u00e9cembre 2017 une r\u00e9union de concertation sur le Projet R\u00e9gional de l\u2019Enseignement Agricole (PREA). Les repr\u00e9sentant.es du Snetap-<a class=\"cs_glossaire\" href=\"http:\/\/snetap-fsu.fr\/+-FSU-+.html\" name=\"mot96_1\"><span class=\"gl_mot\">FSU<\/span><\/a> ont d\u00e9cid\u00e9 de se retirer de la r\u00e9union pour d\u00e9noncer les axes retenus par l\u2019administration pour ce projet r\u00e9gional et l\u2019absence de r\u00e9ponse \u00e0 la demande d\u2019un PREA Public.<br \/>\n&nbsp;\n<\/div>\n<p><!--more--><\/p>\n<div class=\"crayon article-texte-4956 texte surlignable clearfix\">\n<strong class=\"caractencadre2-spip spip\">Des axes de ce projet contre l\u2019Enseignement Agricole Public<\/strong><br class=\"autobr\" \/> Le PREA pr\u00e9sent\u00e9 par la Direction R\u00e9gional de l\u2019Agriculture, l\u2019Agroalimentaire et la For\u00eat (<a class=\"cs_glossaire\" href=\"http:\/\/snetap-fsu.fr\/+-DRAAF-+.html\" name=\"mot66_0\"><span class=\"gl_mot\">DRAAF<\/span><\/a>) comportent 5 axes principaux. Sur les 5 axes, 2 sont inacceptables pour le Snetap-<a class=\"cs_glossaire\" href=\"http:\/\/snetap-fsu.fr\/+-FSU-+.html\" name=\"mot96_1\"><span class=\"gl_mot\">FSU<\/span><\/a>\u00a0:<br class=\"autobr\" \/> le 1er pr\u00e9voit un d\u00e9veloppement de partenariats public\/priv\u00e9. Le Snetap-FSU consid\u00e8re que l\u2019inscription dans le PREA de partenariats public\/priv\u00e9 \u00e9quivaut \u00e0 brader l\u2019outil public au profit du priv\u00e9. L\u2019utilisation des outils et des moyens publics ne peuvent pas \u00eatre au service des \u00e9tablissements priv\u00e9s.<br class=\"autobr\" \/> le 2nd porte sur l\u2019adaptation de l\u2019offre de formation aux besoins des bassins du territoire. Le Snetap-FSU d\u00e9fend une id\u00e9e du service public et de formations qui vont au del\u00e0 des fronti\u00e8res d\u2019une r\u00e9gion. Il conteste la volont\u00e9 sous-jacente de r\u00e9gionalisation de la formation port\u00e9e par le Conseil R\u00e9gional.<br \/>\n<strong class=\"caractencadre2-spip spip\">La demande d\u2019un PREA Public ignor\u00e9e<\/strong><br class=\"autobr\" \/> Le Snetap-FSU demande, depuis l\u2019annonce du nouveau projet r\u00e9gional, l\u2019\u00e9criture d\u2019un PREA Public comme le pr\u00e9voit le 6\u00e8me sch\u00e9ma national de l\u2019enseignement agricole. Il avait d\u2019ailleurs conditionn\u00e9 sa participation au PREA \u00e0 la garantie de l\u2019\u00e9criture d\u2019un PREA Public. A cette heure la DRAAF n\u2019a toujours pas de r\u00e9ponse<br \/>\n<strong class=\"caractencadre2-spip spip\">Une r\u00e9union de concertation en trompe l\u2019oeil<\/strong><br class=\"autobr\" \/> Le 14 d\u00e9cembre, une r\u00e9union de concertation avec les organisations syndicales de l\u2019enseignement agricole public \u00e9tait organis\u00e9e en visio-conf\u00e9rence. Sur la forme, le Snetap-FSU a d\u00e9plor\u00e9 le choix de ce proc\u00e9d\u00e9 pour cette premi\u00e8re concertation et rappel\u00e9 que la visio-conf\u00e9rence faisait l\u2019objet d\u2019une note restrictive. Mais ceci n\u2019est pas l\u2019\u00e9l\u00e9ment central.<br class=\"autobr\" \/> D\u00e9s l\u2019ouverture de la r\u00e9union, il a \u00e9t\u00e9 annonc\u00e9 qu\u2019elle serait anim\u00e9e par 3 <a class=\"cs_glossaire\" href=\"http:\/\/snetap-fsu.fr\/+-DRIF-+.html\" name=\"mot67_2\"><span class=\"gl_mot\">DRIF<\/span><\/a> et qu\u2019il s\u2019agissait d\u2019un espace de \u00ab\u00a0parole libre sur ce qui fait sens pour abonder la feuille de route du PREA\u00a0\u00bb (intitul\u00e9 d\u2019un des objets de l\u2019ordre du jour). C\u2019est tr\u00e8s pr\u00e9cis\u00e9ment ce qui ne fait pas sens pour le Snetap-FSU. Que signifie \u00ab\u00a0parole libre\u00a0\u00bb en l\u2019absence de l\u2019autorit\u00e9 acad\u00e9mique seule l\u00e9gitime \u00e0 apporter des r\u00e9ponses \u00e0 nos questions sur l\u2019\u00e9criture d\u2019un PREA Public\u00a0?<br \/>\n<strong class=\"caractencadre2-spip spip\">Un pseudo dialogue social<\/strong><br class=\"autobr\" \/> Pour le Snetap-FSU, l\u2019organisation de cette concertation ne pouvait permettre aux r\u00e9ponses politiques d\u2019\u00e9merger comme l\u2019ont pr\u00e9cis\u00e9 les 3 animateurs. Cette concertation n\u2019est en ce sens que le reflet d\u2019un dialogue et d\u2019une consultation qui ne cessent de se restreindre depuis la mise en place du gouvernement Macron. L\u2019absence de garantie sur l\u2019\u00e9criture du PREA Public, le simulacre de dialogue et les enjeux que repr\u00e9sentent les 2 premiers axes qui font la part belle au priv\u00e9 et \u00e0 la r\u00e9gionalisation des formations ont d\u00e9finitivement motiv\u00e9 notre retrait.<br \/>\n<strong class=\"caractencadre-spip spip\">Le Snetap-FSU ne peut cautionner plus longtemps la casse du service public de formation et la pr\u00e9f\u00e9rence donn\u00e9e et affich\u00e9e pour l\u2019enseignement agricole priv\u00e9 pour qui les partenariats publics \/priv\u00e9s repr\u00e9sentent une formidable aubaine.<br class=\"autobr\" \/> Il r\u00e9digera donc un \u00ab\u00a0contre PREA Public\u00a0\u00bb dans lequel il dessinera des chemins ambitieux pour les jeunes, les familles et la d\u00e9fense de l\u2019enseignement agricole public.<\/strong><br \/>\nCi-dessous la d\u00e9claration pr\u00e9alable du Snetap-FSU Nouvelle Aquitaine\n<\/div>\n<div id=\"documents_joints\" class=\"menu documents_joints\">\n<h3>Documents joints<\/h3>\n<p>[su_document url=\u00a0\u00bbhttps:\/\/regions-snetap-fsu.fr\/na\/wp-content\/uploads\/sites\/3\/2018\/01\/2017_12_14_declaration_prealable_concertation_prea.pdf\u00a0\u00bb]<br \/>\n[su_document url=\u00a0\u00bbhttps:\/\/regions-snetap-fsu.fr\/na\/wp-content\/uploads\/sites\/3\/2018\/01\/2017_12_14_communique_concertation_prea.pdf\u00a0\u00bb]\n<\/p><\/div>\n<p>&nbsp;<\/p>\n","protected":false},"excerpt":{"rendered":"<p>La DRAAF Nouvelle Aquitaine organisait le jeudi 14 d\u00e9cembre 2017 une r\u00e9union de concertation sur le Projet R\u00e9gional de l\u2019Enseignement Agricole (PREA). Les repr\u00e9sentant.es du Snetap-FSU ont d\u00e9cid\u00e9 de se retirer de la r\u00e9union pour d\u00e9noncer les axes retenus par l\u2019administration pour ce projet r\u00e9gional et l\u2019absence de r\u00e9ponse \u00e0 la demande d\u2019un PREA Public. [&hellip;]<\/p>\n","protected":false},"author":1,"featured_media":0,"comment_status":"closed","ping_status":"closed","sticky":false,"template":"","format":"standard","meta":{"ocean_post_layout":"","ocean_both_sidebars_style":"","ocean_both_sidebars_content_width":0,"ocean_both_sidebars_sidebars_width":0,"ocean_sidebar":"","ocean_second_sidebar":"","ocean_disable_margins":"enable","ocean_add_body_class":"","ocean_shortcode_before_top_bar":"","ocean_shortcode_after_top_bar":"","ocean_shortcode_before_header":"","ocean_shortcode_after_header":"","ocean_has_shortcode":"","ocean_shortcode_after_title":"","ocean_shortcode_before_footer_widgets":"","ocean_shortcode_after_footer_widgets":"","ocean_shortcode_before_footer_bottom":"","ocean_shortcode_after_footer_bottom":"","ocean_display_top_bar":"default","ocean_display_header":"default","ocean_header_style":"","ocean_center_header_left_menu":"","ocean_custom_header_template":"","ocean_custom_logo":0,"ocean_custom_retina_logo":0,"ocean_custom_logo_max_width":0,"ocean_custom_logo_tablet_max_width":0,"ocean_custom_logo_mobile_max_width":0,"ocean_custom_logo_max_height":0,"ocean_custom_logo_tablet_max_height":0,"ocean_custom_logo_mobile_max_height":0,"ocean_header_custom_menu":"","ocean_menu_typo_font_family":"","ocean_menu_typo_font_subset":"","ocean_menu_typo_font_size":0,"ocean_menu_typo_font_size_tablet":0,"ocean_menu_typo_font_size_mobile":0,"ocean_menu_typo_font_size_unit":"px","ocean_menu_typo_font_weight":"","ocean_menu_typo_font_weight_tablet":"","ocean_menu_typo_font_weight_mobile":"","ocean_menu_typo_transform":"","ocean_menu_typo_transform_tablet":"","ocean_menu_typo_transform_mobile":"","ocean_menu_typo_line_height":0,"ocean_menu_typo_line_height_tablet":0,"ocean_menu_typo_line_height_mobile":0,"ocean_menu_typo_line_height_unit":"","ocean_menu_typo_spacing":0,"ocean_menu_typo_spacing_tablet":0,"ocean_menu_typo_spacing_mobile":0,"ocean_menu_typo_spacing_unit":"","ocean_menu_link_color":"","ocean_menu_link_color_hover":"","ocean_menu_link_color_active":"","ocean_menu_link_background":"","ocean_menu_link_hover_background":"","ocean_menu_link_active_background":"","ocean_menu_social_links_bg":"","ocean_menu_social_hover_links_bg":"","ocean_menu_social_links_color":"","ocean_menu_social_hover_links_color":"","ocean_disable_title":"default","ocean_disable_heading":"default","ocean_post_title":"","ocean_post_subheading":"","ocean_post_title_style":"","ocean_post_title_background_color":"","ocean_post_title_background":0,"ocean_post_title_bg_image_position":"","ocean_post_title_bg_image_attachment":"","ocean_post_title_bg_image_repeat":"","ocean_post_title_bg_image_size":"","ocean_post_title_height":0,"ocean_post_title_bg_overlay":0.5,"ocean_post_title_bg_overlay_color":"","ocean_disable_breadcrumbs":"default","ocean_breadcrumbs_color":"","ocean_breadcrumbs_separator_color":"","ocean_breadcrumbs_links_color":"","ocean_breadcrumbs_links_hover_color":"","ocean_display_footer_widgets":"default","ocean_display_footer_bottom":"default","ocean_custom_footer_template":"","ocean_post_oembed":"","ocean_post_self_hosted_media":"","ocean_post_video_embed":"","ocean_link_format":"","ocean_link_format_target":"self","ocean_quote_format":"","ocean_quote_format_link":"post","ocean_gallery_link_images":"on","ocean_gallery_id":[],"footnotes":""},"categories":[2,8],"tags":[],"post_folder":[],"class_list":["post-461","post","type-post","status-publish","format-standard","hentry","category-actus","category-na","entry"],"yoast_head":"<!-- This site is optimized with the Yoast SEO plugin v27.4 - https:\/\/yoast.com\/product\/yoast-seo-wordpress\/ -->\n<title>Le SNETAP-FSU NA quitte la r\u00e9union de concertation sur le PREA - NOUVELLE AQUITAINE<\/title>\n<meta name=\"robots\" content=\"index, follow, max-snippet:-1, max-image-preview:large, max-video-preview:-1\" \/>\n<link rel=\"canonical\" href=\"https:\/\/regions-snetap-fsu.fr\/na\/2017\/12\/22\/nlle-aquitaine-snetap-fsu-quitte-la-reunion-de-concertation-sur-le-prea\/\" \/>\n<meta property=\"og:locale\" content=\"fr_FR\" \/>\n<meta property=\"og:type\" content=\"article\" \/>\n<meta property=\"og:title\" content=\"Le SNETAP-FSU NA quitte la r\u00e9union de concertation sur le PREA - NOUVELLE AQUITAINE\" \/>\n<meta property=\"og:description\" content=\"La DRAAF Nouvelle Aquitaine organisait le jeudi 14 d\u00e9cembre 2017 une r\u00e9union de concertation sur le Projet R\u00e9gional de l\u2019Enseignement Agricole (PREA). Les repr\u00e9sentant.es du Snetap-FSU ont d\u00e9cid\u00e9 de se retirer de la r\u00e9union pour d\u00e9noncer les axes retenus par l\u2019administration pour ce projet r\u00e9gional et l\u2019absence de r\u00e9ponse \u00e0 la demande d\u2019un PREA Public. [&hellip;]\" \/>\n<meta property=\"og:url\" content=\"https:\/\/regions-snetap-fsu.fr\/na\/2017\/12\/22\/nlle-aquitaine-snetap-fsu-quitte-la-reunion-de-concertation-sur-le-prea\/\" \/>\n<meta property=\"og:site_name\" content=\"NOUVELLE AQUITAINE\" \/>\n<meta property=\"article:published_time\" content=\"2017-12-22T18:59:16+00:00\" \/>\n<meta name=\"author\" content=\"admin\" \/>\n<meta name=\"twitter:card\" content=\"summary_large_image\" \/>\n<meta name=\"twitter:label1\" content=\"\u00c9crit par\" \/>\n\t<meta name=\"twitter:data1\" content=\"admin\" \/>\n\t<meta name=\"twitter:label2\" content=\"Dur\u00e9e de lecture estim\u00e9e\" \/>\n\t<meta name=\"twitter:data2\" content=\"3 minutes\" \/>\n<script type=\"application\/ld+json\" class=\"yoast-schema-graph\">{\"@context\":\"https:\\\/\\\/schema.org\",\"@graph\":[{\"@type\":\"Article\",\"@id\":\"https:\\\/\\\/regions-snetap-fsu.fr\\\/na\\\/2017\\\/12\\\/22\\\/nlle-aquitaine-snetap-fsu-quitte-la-reunion-de-concertation-sur-le-prea\\\/#article\",\"isPartOf\":{\"@id\":\"https:\\\/\\\/regions-snetap-fsu.fr\\\/na\\\/2017\\\/12\\\/22\\\/nlle-aquitaine-snetap-fsu-quitte-la-reunion-de-concertation-sur-le-prea\\\/\"},\"author\":{\"name\":\"admin\",\"@id\":\"https:\\\/\\\/regions-snetap-fsu.fr\\\/na\\\/#\\\/schema\\\/person\\\/bde5882e4a9306621cf00489991f0068\"},\"headline\":\"Le SNETAP-FSU NA quitte la r\u00e9union de concertation sur le PREA\",\"datePublished\":\"2017-12-22T18:59:16+00:00\",\"mainEntityOfPage\":{\"@id\":\"https:\\\/\\\/regions-snetap-fsu.fr\\\/na\\\/2017\\\/12\\\/22\\\/nlle-aquitaine-snetap-fsu-quitte-la-reunion-de-concertation-sur-le-prea\\\/\"},\"wordCount\":683,\"publisher\":{\"@id\":\"https:\\\/\\\/regions-snetap-fsu.fr\\\/na\\\/#organization\"},\"articleSection\":[\"Actus\",\"NA\"],\"inLanguage\":\"fr-FR\"},{\"@type\":\"WebPage\",\"@id\":\"https:\\\/\\\/regions-snetap-fsu.fr\\\/na\\\/2017\\\/12\\\/22\\\/nlle-aquitaine-snetap-fsu-quitte-la-reunion-de-concertation-sur-le-prea\\\/\",\"url\":\"https:\\\/\\\/regions-snetap-fsu.fr\\\/na\\\/2017\\\/12\\\/22\\\/nlle-aquitaine-snetap-fsu-quitte-la-reunion-de-concertation-sur-le-prea\\\/\",\"name\":\"Le SNETAP-FSU NA quitte la r\u00e9union de concertation sur le PREA - NOUVELLE AQUITAINE\",\"isPartOf\":{\"@id\":\"https:\\\/\\\/regions-snetap-fsu.fr\\\/na\\\/#website\"},\"datePublished\":\"2017-12-22T18:59:16+00:00\",\"breadcrumb\":{\"@id\":\"https:\\\/\\\/regions-snetap-fsu.fr\\\/na\\\/2017\\\/12\\\/22\\\/nlle-aquitaine-snetap-fsu-quitte-la-reunion-de-concertation-sur-le-prea\\\/#breadcrumb\"},\"inLanguage\":\"fr-FR\",\"potentialAction\":[{\"@type\":\"ReadAction\",\"target\":[\"https:\\\/\\\/regions-snetap-fsu.fr\\\/na\\\/2017\\\/12\\\/22\\\/nlle-aquitaine-snetap-fsu-quitte-la-reunion-de-concertation-sur-le-prea\\\/\"]}]},{\"@type\":\"BreadcrumbList\",\"@id\":\"https:\\\/\\\/regions-snetap-fsu.fr\\\/na\\\/2017\\\/12\\\/22\\\/nlle-aquitaine-snetap-fsu-quitte-la-reunion-de-concertation-sur-le-prea\\\/#breadcrumb\",\"itemListElement\":[{\"@type\":\"ListItem\",\"position\":1,\"name\":\"Accueil\",\"item\":\"https:\\\/\\\/regions-snetap-fsu.fr\\\/na\\\/\"},{\"@type\":\"ListItem\",\"position\":2,\"name\":\"Le SNETAP-FSU NA quitte la r\u00e9union de concertation sur le PREA\"}]},{\"@type\":\"WebSite\",\"@id\":\"https:\\\/\\\/regions-snetap-fsu.fr\\\/na\\\/#website\",\"url\":\"https:\\\/\\\/regions-snetap-fsu.fr\\\/na\\\/\",\"name\":\"SNETAP-FSU NOUVELLE AQUITAINE\",\"description\":\"Blog de la Section R\u00e9gionale\",\"publisher\":{\"@id\":\"https:\\\/\\\/regions-snetap-fsu.fr\\\/na\\\/#organization\"},\"potentialAction\":[{\"@type\":\"SearchAction\",\"target\":{\"@type\":\"EntryPoint\",\"urlTemplate\":\"https:\\\/\\\/regions-snetap-fsu.fr\\\/na\\\/?s={search_term_string}\"},\"query-input\":{\"@type\":\"PropertyValueSpecification\",\"valueRequired\":true,\"valueName\":\"search_term_string\"}}],\"inLanguage\":\"fr-FR\"},{\"@type\":\"Organization\",\"@id\":\"https:\\\/\\\/regions-snetap-fsu.fr\\\/na\\\/#organization\",\"name\":\"SNETAP-FSU - Nouvelle Aquitaine\",\"url\":\"https:\\\/\\\/regions-snetap-fsu.fr\\\/na\\\/\",\"logo\":{\"@type\":\"ImageObject\",\"inLanguage\":\"fr-FR\",\"@id\":\"https:\\\/\\\/regions-snetap-fsu.fr\\\/na\\\/#\\\/schema\\\/logo\\\/image\\\/\",\"url\":\"https:\\\/\\\/regions-snetap-fsu.fr\\\/na\\\/wp-content\\\/uploads\\\/sites\\\/3\\\/2020\\\/12\\\/SNETAP-Logo.jpg\",\"contentUrl\":\"https:\\\/\\\/regions-snetap-fsu.fr\\\/na\\\/wp-content\\\/uploads\\\/sites\\\/3\\\/2020\\\/12\\\/SNETAP-Logo.jpg\",\"width\":464,\"height\":334,\"caption\":\"SNETAP-FSU - Nouvelle Aquitaine\"},\"image\":{\"@id\":\"https:\\\/\\\/regions-snetap-fsu.fr\\\/na\\\/#\\\/schema\\\/logo\\\/image\\\/\"}},{\"@type\":\"Person\",\"@id\":\"https:\\\/\\\/regions-snetap-fsu.fr\\\/na\\\/#\\\/schema\\\/person\\\/bde5882e4a9306621cf00489991f0068\",\"name\":\"admin\",\"image\":{\"@type\":\"ImageObject\",\"inLanguage\":\"fr-FR\",\"@id\":\"https:\\\/\\\/secure.gravatar.com\\\/avatar\\\/aeec38d301f4c33ec97a6c6ed3a20500eacdfd2d625095cfca070a2402f716a4?s=96&d=mm&r=g\",\"url\":\"https:\\\/\\\/secure.gravatar.com\\\/avatar\\\/aeec38d301f4c33ec97a6c6ed3a20500eacdfd2d625095cfca070a2402f716a4?s=96&d=mm&r=g\",\"contentUrl\":\"https:\\\/\\\/secure.gravatar.com\\\/avatar\\\/aeec38d301f4c33ec97a6c6ed3a20500eacdfd2d625095cfca070a2402f716a4?s=96&d=mm&r=g\",\"caption\":\"admin\"},\"url\":\"https:\\\/\\\/regions-snetap-fsu.fr\\\/na\\\/author\\\/admin\\\/\"}]}<\/script>\n<!-- \/ Yoast SEO plugin. -->","yoast_head_json":{"title":"Le SNETAP-FSU NA quitte la r\u00e9union de concertation sur le PREA - NOUVELLE AQUITAINE","robots":{"index":"index","follow":"follow","max-snippet":"max-snippet:-1","max-image-preview":"max-image-preview:large","max-video-preview":"max-video-preview:-1"},"canonical":"https:\/\/regions-snetap-fsu.fr\/na\/2017\/12\/22\/nlle-aquitaine-snetap-fsu-quitte-la-reunion-de-concertation-sur-le-prea\/","og_locale":"fr_FR","og_type":"article","og_title":"Le SNETAP-FSU NA quitte la r\u00e9union de concertation sur le PREA - NOUVELLE AQUITAINE","og_description":"La DRAAF Nouvelle Aquitaine organisait le jeudi 14 d\u00e9cembre 2017 une r\u00e9union de concertation sur le Projet R\u00e9gional de l\u2019Enseignement Agricole (PREA). Les repr\u00e9sentant.es du Snetap-FSU ont d\u00e9cid\u00e9 de se retirer de la r\u00e9union pour d\u00e9noncer les axes retenus par l\u2019administration pour ce projet r\u00e9gional et l\u2019absence de r\u00e9ponse \u00e0 la demande d\u2019un PREA Public. [&hellip;]","og_url":"https:\/\/regions-snetap-fsu.fr\/na\/2017\/12\/22\/nlle-aquitaine-snetap-fsu-quitte-la-reunion-de-concertation-sur-le-prea\/","og_site_name":"NOUVELLE AQUITAINE","article_published_time":"2017-12-22T18:59:16+00:00","author":"admin","twitter_card":"summary_large_image","twitter_misc":{"\u00c9crit par":"admin","Dur\u00e9e de lecture estim\u00e9e":"3 minutes"},"schema":{"@context":"https:\/\/schema.org","@graph":[{"@type":"Article","@id":"https:\/\/regions-snetap-fsu.fr\/na\/2017\/12\/22\/nlle-aquitaine-snetap-fsu-quitte-la-reunion-de-concertation-sur-le-prea\/#article","isPartOf":{"@id":"https:\/\/regions-snetap-fsu.fr\/na\/2017\/12\/22\/nlle-aquitaine-snetap-fsu-quitte-la-reunion-de-concertation-sur-le-prea\/"},"author":{"name":"admin","@id":"https:\/\/regions-snetap-fsu.fr\/na\/#\/schema\/person\/bde5882e4a9306621cf00489991f0068"},"headline":"Le SNETAP-FSU NA quitte la r\u00e9union de concertation sur le PREA","datePublished":"2017-12-22T18:59:16+00:00","mainEntityOfPage":{"@id":"https:\/\/regions-snetap-fsu.fr\/na\/2017\/12\/22\/nlle-aquitaine-snetap-fsu-quitte-la-reunion-de-concertation-sur-le-prea\/"},"wordCount":683,"publisher":{"@id":"https:\/\/regions-snetap-fsu.fr\/na\/#organization"},"articleSection":["Actus","NA"],"inLanguage":"fr-FR"},{"@type":"WebPage","@id":"https:\/\/regions-snetap-fsu.fr\/na\/2017\/12\/22\/nlle-aquitaine-snetap-fsu-quitte-la-reunion-de-concertation-sur-le-prea\/","url":"https:\/\/regions-snetap-fsu.fr\/na\/2017\/12\/22\/nlle-aquitaine-snetap-fsu-quitte-la-reunion-de-concertation-sur-le-prea\/","name":"Le SNETAP-FSU NA quitte la r\u00e9union de concertation sur le PREA - NOUVELLE AQUITAINE","isPartOf":{"@id":"https:\/\/regions-snetap-fsu.fr\/na\/#website"},"datePublished":"2017-12-22T18:59:16+00:00","breadcrumb":{"@id":"https:\/\/regions-snetap-fsu.fr\/na\/2017\/12\/22\/nlle-aquitaine-snetap-fsu-quitte-la-reunion-de-concertation-sur-le-prea\/#breadcrumb"},"inLanguage":"fr-FR","potentialAction":[{"@type":"ReadAction","target":["https:\/\/regions-snetap-fsu.fr\/na\/2017\/12\/22\/nlle-aquitaine-snetap-fsu-quitte-la-reunion-de-concertation-sur-le-prea\/"]}]},{"@type":"BreadcrumbList","@id":"https:\/\/regions-snetap-fsu.fr\/na\/2017\/12\/22\/nlle-aquitaine-snetap-fsu-quitte-la-reunion-de-concertation-sur-le-prea\/#breadcrumb","itemListElement":[{"@type":"ListItem","position":1,"name":"Accueil","item":"https:\/\/regions-snetap-fsu.fr\/na\/"},{"@type":"ListItem","position":2,"name":"Le SNETAP-FSU NA quitte la r\u00e9union de concertation sur le PREA"}]},{"@type":"WebSite","@id":"https:\/\/regions-snetap-fsu.fr\/na\/#website","url":"https:\/\/regions-snetap-fsu.fr\/na\/","name":"SNETAP-FSU NOUVELLE AQUITAINE","description":"Blog de la Section R\u00e9gionale","publisher":{"@id":"https:\/\/regions-snetap-fsu.fr\/na\/#organization"},"potentialAction":[{"@type":"SearchAction","target":{"@type":"EntryPoint","urlTemplate":"https:\/\/regions-snetap-fsu.fr\/na\/?s={search_term_string}"},"query-input":{"@type":"PropertyValueSpecification","valueRequired":true,"valueName":"search_term_string"}}],"inLanguage":"fr-FR"},{"@type":"Organization","@id":"https:\/\/regions-snetap-fsu.fr\/na\/#organization","name":"SNETAP-FSU - Nouvelle Aquitaine","url":"https:\/\/regions-snetap-fsu.fr\/na\/","logo":{"@type":"ImageObject","inLanguage":"fr-FR","@id":"https:\/\/regions-snetap-fsu.fr\/na\/#\/schema\/logo\/image\/","url":"https:\/\/regions-snetap-fsu.fr\/na\/wp-content\/uploads\/sites\/3\/2020\/12\/SNETAP-Logo.jpg","contentUrl":"https:\/\/regions-snetap-fsu.fr\/na\/wp-content\/uploads\/sites\/3\/2020\/12\/SNETAP-Logo.jpg","width":464,"height":334,"caption":"SNETAP-FSU - Nouvelle Aquitaine"},"image":{"@id":"https:\/\/regions-snetap-fsu.fr\/na\/#\/schema\/logo\/image\/"}},{"@type":"Person","@id":"https:\/\/regions-snetap-fsu.fr\/na\/#\/schema\/person\/bde5882e4a9306621cf00489991f0068","name":"admin","image":{"@type":"ImageObject","inLanguage":"fr-FR","@id":"https:\/\/secure.gravatar.com\/avatar\/aeec38d301f4c33ec97a6c6ed3a20500eacdfd2d625095cfca070a2402f716a4?s=96&d=mm&r=g","url":"https:\/\/secure.gravatar.com\/avatar\/aeec38d301f4c33ec97a6c6ed3a20500eacdfd2d625095cfca070a2402f716a4?s=96&d=mm&r=g","contentUrl":"https:\/\/secure.gravatar.com\/avatar\/aeec38d301f4c33ec97a6c6ed3a20500eacdfd2d625095cfca070a2402f716a4?s=96&d=mm&r=g","caption":"admin"},"url":"https:\/\/regions-snetap-fsu.fr\/na\/author\/admin\/"}]}},"_links":{"self":[{"href":"https:\/\/regions-snetap-fsu.fr\/na\/wp-json\/wp\/v2\/posts\/461","targetHints":{"allow":["GET"]}}],"collection":[{"href":"https:\/\/regions-snetap-fsu.fr\/na\/wp-json\/wp\/v2\/posts"}],"about":[{"href":"https:\/\/regions-snetap-fsu.fr\/na\/wp-json\/wp\/v2\/types\/post"}],"author":[{"embeddable":true,"href":"https:\/\/regions-snetap-fsu.fr\/na\/wp-json\/wp\/v2\/users\/1"}],"replies":[{"embeddable":true,"href":"https:\/\/regions-snetap-fsu.fr\/na\/wp-json\/wp\/v2\/comments?post=461"}],"version-history":[{"count":0,"href":"https:\/\/regions-snetap-fsu.fr\/na\/wp-json\/wp\/v2\/posts\/461\/revisions"}],"wp:attachment":[{"href":"https:\/\/regions-snetap-fsu.fr\/na\/wp-json\/wp\/v2\/media?parent=461"}],"wp:term":[{"taxonomy":"category","embeddable":true,"href":"https:\/\/regions-snetap-fsu.fr\/na\/wp-json\/wp\/v2\/categories?post=461"},{"taxonomy":"post_tag","embeddable":true,"href":"https:\/\/regions-snetap-fsu.fr\/na\/wp-json\/wp\/v2\/tags?post=461"},{"taxonomy":"post_folder","embeddable":true,"href":"https:\/\/regions-snetap-fsu.fr\/na\/wp-json\/wp\/v2\/post_folder?post=461"}],"curies":[{"name":"wp","href":"https:\/\/api.w.org\/{rel}","templated":true}]}}