{"id":455,"date":"2018-01-24T19:46:08","date_gmt":"2018-01-24T18:46:08","guid":{"rendered":"http:\/\/snetap-fsu.fr\/comp\/na\/?p=455"},"modified":"2018-01-24T19:46:08","modified_gmt":"2018-01-24T18:46:08","slug":"epl-de-bressuire-refus-du-bts-acse-les-personnels-en-greve","status":"publish","type":"post","link":"https:\/\/regions-snetap-fsu.fr\/na\/2018\/01\/24\/epl-de-bressuire-refus-du-bts-acse-les-personnels-en-greve\/","title":{"rendered":"EPL de Bressuire &#8211; Refus du BTS ACSE &#8211; Les personnels en gr\u00e8ve"},"content":{"rendered":"<div class=\"crayon article-chapo-4993 chapo surlignable\">\n<img decoding=\"async\" class=\" wp-image-526 alignleft\" src=\"https:\/\/regions-snetap-fsu.fr\/na\/wp-content\/uploads\/sites\/3\/2018\/01\/bressuire_DSC_0846-retaill\u00e9-1-239x300.jpg\" alt=\"\" width=\"192\" height=\"241\" srcset=\"https:\/\/regions-snetap-fsu.fr\/na\/wp-content\/uploads\/sites\/3\/2018\/01\/bressuire_DSC_0846-retaill\u00e9-1-239x300.jpg 239w, https:\/\/regions-snetap-fsu.fr\/na\/wp-content\/uploads\/sites\/3\/2018\/01\/bressuire_DSC_0846-retaill\u00e9-1-768x963.jpg 768w, https:\/\/regions-snetap-fsu.fr\/na\/wp-content\/uploads\/sites\/3\/2018\/01\/bressuire_DSC_0846-retaill\u00e9-1-817x1024.jpg 817w, https:\/\/regions-snetap-fsu.fr\/na\/wp-content\/uploads\/sites\/3\/2018\/01\/bressuire_DSC_0846-retaill\u00e9-1-100x125.jpg 100w, https:\/\/regions-snetap-fsu.fr\/na\/wp-content\/uploads\/sites\/3\/2018\/01\/bressuire_DSC_0846-retaill\u00e9-1-150x188.jpg 150w, https:\/\/regions-snetap-fsu.fr\/na\/wp-content\/uploads\/sites\/3\/2018\/01\/bressuire_DSC_0846-retaill\u00e9-1-200x251.jpg 200w, https:\/\/regions-snetap-fsu.fr\/na\/wp-content\/uploads\/sites\/3\/2018\/01\/bressuire_DSC_0846-retaill\u00e9-1-300x376.jpg 300w, https:\/\/regions-snetap-fsu.fr\/na\/wp-content\/uploads\/sites\/3\/2018\/01\/bressuire_DSC_0846-retaill\u00e9-1-450x564.jpg 450w, https:\/\/regions-snetap-fsu.fr\/na\/wp-content\/uploads\/sites\/3\/2018\/01\/bressuire_DSC_0846-retaill\u00e9-1-600x752.jpg 600w, https:\/\/regions-snetap-fsu.fr\/na\/wp-content\/uploads\/sites\/3\/2018\/01\/bressuire_DSC_0846-retaill\u00e9-1-900x1129.jpg 900w, https:\/\/regions-snetap-fsu.fr\/na\/wp-content\/uploads\/sites\/3\/2018\/01\/bressuire_DSC_0846-retaill\u00e9-1.jpg 1024w\" sizes=\"(max-width: 192px) 100vw, 192px\" \/><br \/>\nLe lundi 22 janvier 2018, le directeur de l\u2019<a class=\"cs_glossaire\" href=\"http:\/\/snetap-fsu.fr\/+-EPL-+.html\" name=\"mot79_0\"><span class=\"gl_mot\">EPL<\/span><\/a> de Bressuire a r\u00e9uni les \u00e9lu.es du personnel au Conseil d\u2019Administration pour les avertir que le <a class=\"cs_glossaire\" href=\"http:\/\/snetap-fsu.fr\/+-BTSA-+.html\" name=\"mot20_1\"><span class=\"gl_mot\">BTSA<\/span><\/a> ACSE, annonc\u00e9 \u00e0 l\u2019automne dernier, n\u2019ouvrirait pas \u00e0 la rentr\u00e9e 2018.\n<\/div>\n<div class=\"crayon article-texte-4993 texte surlignable clearfix\">\nLa demande d\u2019ouverture de cette formation avait \u00e9t\u00e9 pr\u00e9sent\u00e9e dans les diff\u00e9rentes instances (<a class=\"cs_glossaire\" href=\"http:\/\/snetap-fsu.fr\/+-CTR-CTR-CTR-+.html\" name=\"mot315_0\"><span class=\"gl_mot\">CTREA <\/span><\/a>du 19 septembre 2017 et CREA du 07 novembre 2017). Elle avait \u00e9t\u00e9 qualifi\u00e9e de prioritaire par la Direction R\u00e9gionale de l\u2019Alimentation et de l\u2019Agriculture et \u00e9tait port\u00e9e et pl\u00e9biscit\u00e9e par la direction, les \u00e9lu.es du CA et les personnels du site.<br \/>\nCe <a class=\"cs_glossaire\" href=\"http:\/\/snetap-fsu.fr\/+-BTSA-+.html\" name=\"mot20_1\"><span class=\"gl_mot\">BTSA<\/span><\/a> ACSE devait \u00eatre un des axes principaux du d\u00e9veloppement n\u00e9cessaire de l\u2019\u00e9tablissement dans les prochaines ann\u00e9es et trouvait naturellement sa place sur le territoire.<br \/>\nDevant ce d\u00e9ni de la d\u00e9mocratie sociale, la section locale du Snetap-<a class=\"cs_glossaire\" href=\"http:\/\/snetap-fsu.fr\/+-FSU-+.html\" name=\"mot96_2\"><span class=\"gl_mot\">FSU<\/span><\/a> a \u00e9t\u00e9 amen\u00e9 a d\u00e9poser un pr\u00e9avis de gr\u00e8ve \u00e0 compter du lundi 29 janvier et m\u00e8nera les actions qu\u2019elle jugera opportune pour faire modifier cette d\u00e9cision injuste.\n<\/div>\n<div class=\"crayon article-texte-4993 texte surlignable clearfix\">\n<img fetchpriority=\"high\" decoding=\"async\" class=\"wp-image-522 size-large alignnone\" src=\"https:\/\/regions-snetap-fsu.fr\/na\/wp-content\/uploads\/sites\/3\/2018\/01\/DSC_0858-1024-flout\u00e9e-1024x640.jpg\" alt=\"\" width=\"605\" height=\"378\" srcset=\"https:\/\/regions-snetap-fsu.fr\/na\/wp-content\/uploads\/sites\/3\/2018\/01\/DSC_0858-1024-flout\u00e9e.jpg 1024w, https:\/\/regions-snetap-fsu.fr\/na\/wp-content\/uploads\/sites\/3\/2018\/01\/DSC_0858-1024-flout\u00e9e-300x188.jpg 300w, https:\/\/regions-snetap-fsu.fr\/na\/wp-content\/uploads\/sites\/3\/2018\/01\/DSC_0858-1024-flout\u00e9e-768x480.jpg 768w, https:\/\/regions-snetap-fsu.fr\/na\/wp-content\/uploads\/sites\/3\/2018\/01\/DSC_0858-1024-flout\u00e9e-100x63.jpg 100w, https:\/\/regions-snetap-fsu.fr\/na\/wp-content\/uploads\/sites\/3\/2018\/01\/DSC_0858-1024-flout\u00e9e-150x94.jpg 150w, https:\/\/regions-snetap-fsu.fr\/na\/wp-content\/uploads\/sites\/3\/2018\/01\/DSC_0858-1024-flout\u00e9e-200x125.jpg 200w, https:\/\/regions-snetap-fsu.fr\/na\/wp-content\/uploads\/sites\/3\/2018\/01\/DSC_0858-1024-flout\u00e9e-450x281.jpg 450w, https:\/\/regions-snetap-fsu.fr\/na\/wp-content\/uploads\/sites\/3\/2018\/01\/DSC_0858-1024-flout\u00e9e-600x375.jpg 600w, https:\/\/regions-snetap-fsu.fr\/na\/wp-content\/uploads\/sites\/3\/2018\/01\/DSC_0858-1024-flout\u00e9e-900x563.jpg 900w\" sizes=\"(max-width: 605px) 100vw, 605px\" \/><br \/>\nAfin de signifier leur exasp\u00e9ration, les personnels interpelleront les membres du Conseil d\u2019Administration convoqu\u00e9 en r\u00e9union extraordinaire le lundi 29 janvier. Ils \/ elles demandent d\u00e8s \u00e0 pr\u00e9sent \u00e0 \u00eatre re\u00e7u de toute urgence par le Cabinet du Ministre.\n<\/div>\n","protected":false},"excerpt":{"rendered":"<p>Le lundi 22 janvier 2018, le directeur de l\u2019EPL de Bressuire a r\u00e9uni les \u00e9lu.es du personnel au Conseil d\u2019Administration pour les avertir que le BTSA ACSE, annonc\u00e9 \u00e0 l\u2019automne dernier, n\u2019ouvrirait pas \u00e0 la rentr\u00e9e 2018. La demande d\u2019ouverture de cette formation avait \u00e9t\u00e9 pr\u00e9sent\u00e9e dans les diff\u00e9rentes instances (CTREA du 19 septembre 2017 [&hellip;]<\/p>\n","protected":false},"author":87,"featured_media":0,"comment_status":"closed","ping_status":"closed","sticky":false,"template":"","format":"standard","meta":{"ocean_post_layout":"","ocean_both_sidebars_style":"","ocean_both_sidebars_content_width":0,"ocean_both_sidebars_sidebars_width":0,"ocean_sidebar":"","ocean_second_sidebar":"","ocean_disable_margins":"enable","ocean_add_body_class":"","ocean_shortcode_before_top_bar":"","ocean_shortcode_after_top_bar":"","ocean_shortcode_before_header":"","ocean_shortcode_after_header":"","ocean_has_shortcode":"","ocean_shortcode_after_title":"","ocean_shortcode_before_footer_widgets":"","ocean_shortcode_after_footer_widgets":"","ocean_shortcode_before_footer_bottom":"","ocean_shortcode_after_footer_bottom":"","ocean_display_top_bar":"default","ocean_display_header":"default","ocean_header_style":"","ocean_center_header_left_menu":"","ocean_custom_header_template":"","ocean_custom_logo":0,"ocean_custom_retina_logo":0,"ocean_custom_logo_max_width":0,"ocean_custom_logo_tablet_max_width":0,"ocean_custom_logo_mobile_max_width":0,"ocean_custom_logo_max_height":0,"ocean_custom_logo_tablet_max_height":0,"ocean_custom_logo_mobile_max_height":0,"ocean_header_custom_menu":"","ocean_menu_typo_font_family":"","ocean_menu_typo_font_subset":"","ocean_menu_typo_font_size":0,"ocean_menu_typo_font_size_tablet":0,"ocean_menu_typo_font_size_mobile":0,"ocean_menu_typo_font_size_unit":"px","ocean_menu_typo_font_weight":"","ocean_menu_typo_font_weight_tablet":"","ocean_menu_typo_font_weight_mobile":"","ocean_menu_typo_transform":"","ocean_menu_typo_transform_tablet":"","ocean_menu_typo_transform_mobile":"","ocean_menu_typo_line_height":0,"ocean_menu_typo_line_height_tablet":0,"ocean_menu_typo_line_height_mobile":0,"ocean_menu_typo_line_height_unit":"","ocean_menu_typo_spacing":0,"ocean_menu_typo_spacing_tablet":0,"ocean_menu_typo_spacing_mobile":0,"ocean_menu_typo_spacing_unit":"","ocean_menu_link_color":"","ocean_menu_link_color_hover":"","ocean_menu_link_color_active":"","ocean_menu_link_background":"","ocean_menu_link_hover_background":"","ocean_menu_link_active_background":"","ocean_menu_social_links_bg":"","ocean_menu_social_hover_links_bg":"","ocean_menu_social_links_color":"","ocean_menu_social_hover_links_color":"","ocean_disable_title":"default","ocean_disable_heading":"default","ocean_post_title":"","ocean_post_subheading":"","ocean_post_title_style":"","ocean_post_title_background_color":"","ocean_post_title_background":0,"ocean_post_title_bg_image_position":"","ocean_post_title_bg_image_attachment":"","ocean_post_title_bg_image_repeat":"","ocean_post_title_bg_image_size":"","ocean_post_title_height":0,"ocean_post_title_bg_overlay":0.5,"ocean_post_title_bg_overlay_color":"","ocean_disable_breadcrumbs":"default","ocean_breadcrumbs_color":"","ocean_breadcrumbs_separator_color":"","ocean_breadcrumbs_links_color":"","ocean_breadcrumbs_links_hover_color":"","ocean_display_footer_widgets":"default","ocean_display_footer_bottom":"default","ocean_custom_footer_template":"","ocean_post_oembed":"","ocean_post_self_hosted_media":"","ocean_post_video_embed":"","ocean_link_format":"","ocean_link_format_target":"self","ocean_quote_format":"","ocean_quote_format_link":"post","ocean_gallery_link_images":"on","ocean_gallery_id":[],"footnotes":""},"categories":[2,8],"tags":[],"post_folder":[],"class_list":["post-455","post","type-post","status-publish","format-standard","hentry","category-actus","category-na","entry"],"yoast_head":"<!-- This site is optimized with the Yoast SEO plugin v27.4 - https:\/\/yoast.com\/product\/yoast-seo-wordpress\/ -->\n<title>EPL de Bressuire - Refus du BTS ACSE - Les personnels en gr\u00e8ve - NOUVELLE AQUITAINE<\/title>\n<meta name=\"robots\" content=\"index, follow, max-snippet:-1, max-image-preview:large, max-video-preview:-1\" \/>\n<link rel=\"canonical\" href=\"https:\/\/regions-snetap-fsu.fr\/na\/2018\/01\/24\/epl-de-bressuire-refus-du-bts-acse-les-personnels-en-greve\/\" \/>\n<meta property=\"og:locale\" content=\"fr_FR\" \/>\n<meta property=\"og:type\" content=\"article\" \/>\n<meta property=\"og:title\" content=\"EPL de Bressuire - Refus du BTS ACSE - Les personnels en gr\u00e8ve - NOUVELLE AQUITAINE\" \/>\n<meta property=\"og:description\" content=\"Le lundi 22 janvier 2018, le directeur de l\u2019EPL de Bressuire a r\u00e9uni les \u00e9lu.es du personnel au Conseil d\u2019Administration pour les avertir que le BTSA ACSE, annonc\u00e9 \u00e0 l\u2019automne dernier, n\u2019ouvrirait pas \u00e0 la rentr\u00e9e 2018. La demande d\u2019ouverture de cette formation avait \u00e9t\u00e9 pr\u00e9sent\u00e9e dans les diff\u00e9rentes instances (CTREA du 19 septembre 2017 [&hellip;]\" \/>\n<meta property=\"og:url\" content=\"https:\/\/regions-snetap-fsu.fr\/na\/2018\/01\/24\/epl-de-bressuire-refus-du-bts-acse-les-personnels-en-greve\/\" \/>\n<meta property=\"og:site_name\" content=\"NOUVELLE AQUITAINE\" \/>\n<meta property=\"article:published_time\" content=\"2018-01-24T18:46:08+00:00\" \/>\n<meta property=\"og:image\" content=\"https:\/\/regions-snetap-fsu.fr\/na\/wp-content\/uploads\/sites\/3\/2018\/01\/bressuire_DSC_0846-retaill\u00e9-1-239x300.jpg\" \/>\n<meta name=\"author\" content=\"el blanco\" \/>\n<meta name=\"twitter:card\" content=\"summary_large_image\" \/>\n<meta name=\"twitter:label1\" content=\"\u00c9crit par\" \/>\n\t<meta name=\"twitter:data1\" content=\"el blanco\" \/>\n\t<meta name=\"twitter:label2\" content=\"Dur\u00e9e de lecture estim\u00e9e\" \/>\n\t<meta name=\"twitter:data2\" content=\"1 minute\" \/>\n<script type=\"application\/ld+json\" class=\"yoast-schema-graph\">{\"@context\":\"https:\\\/\\\/schema.org\",\"@graph\":[{\"@type\":\"Article\",\"@id\":\"https:\\\/\\\/regions-snetap-fsu.fr\\\/na\\\/2018\\\/01\\\/24\\\/epl-de-bressuire-refus-du-bts-acse-les-personnels-en-greve\\\/#article\",\"isPartOf\":{\"@id\":\"https:\\\/\\\/regions-snetap-fsu.fr\\\/na\\\/2018\\\/01\\\/24\\\/epl-de-bressuire-refus-du-bts-acse-les-personnels-en-greve\\\/\"},\"author\":{\"name\":\"el blanco\",\"@id\":\"https:\\\/\\\/regions-snetap-fsu.fr\\\/na\\\/#\\\/schema\\\/person\\\/ac42fbdc9c4977a4d3a4895e2d2e68d5\"},\"headline\":\"EPL de Bressuire &#8211; Refus du BTS ACSE &#8211; Les personnels en gr\u00e8ve\",\"datePublished\":\"2018-01-24T18:46:08+00:00\",\"mainEntityOfPage\":{\"@id\":\"https:\\\/\\\/regions-snetap-fsu.fr\\\/na\\\/2018\\\/01\\\/24\\\/epl-de-bressuire-refus-du-bts-acse-les-personnels-en-greve\\\/\"},\"wordCount\":235,\"publisher\":{\"@id\":\"https:\\\/\\\/regions-snetap-fsu.fr\\\/na\\\/#organization\"},\"articleSection\":[\"Actus\",\"NA\"],\"inLanguage\":\"fr-FR\"},{\"@type\":\"WebPage\",\"@id\":\"https:\\\/\\\/regions-snetap-fsu.fr\\\/na\\\/2018\\\/01\\\/24\\\/epl-de-bressuire-refus-du-bts-acse-les-personnels-en-greve\\\/\",\"url\":\"https:\\\/\\\/regions-snetap-fsu.fr\\\/na\\\/2018\\\/01\\\/24\\\/epl-de-bressuire-refus-du-bts-acse-les-personnels-en-greve\\\/\",\"name\":\"EPL de Bressuire - Refus du BTS ACSE - Les personnels en gr\u00e8ve - NOUVELLE AQUITAINE\",\"isPartOf\":{\"@id\":\"https:\\\/\\\/regions-snetap-fsu.fr\\\/na\\\/#website\"},\"datePublished\":\"2018-01-24T18:46:08+00:00\",\"breadcrumb\":{\"@id\":\"https:\\\/\\\/regions-snetap-fsu.fr\\\/na\\\/2018\\\/01\\\/24\\\/epl-de-bressuire-refus-du-bts-acse-les-personnels-en-greve\\\/#breadcrumb\"},\"inLanguage\":\"fr-FR\",\"potentialAction\":[{\"@type\":\"ReadAction\",\"target\":[\"https:\\\/\\\/regions-snetap-fsu.fr\\\/na\\\/2018\\\/01\\\/24\\\/epl-de-bressuire-refus-du-bts-acse-les-personnels-en-greve\\\/\"]}]},{\"@type\":\"BreadcrumbList\",\"@id\":\"https:\\\/\\\/regions-snetap-fsu.fr\\\/na\\\/2018\\\/01\\\/24\\\/epl-de-bressuire-refus-du-bts-acse-les-personnels-en-greve\\\/#breadcrumb\",\"itemListElement\":[{\"@type\":\"ListItem\",\"position\":1,\"name\":\"Accueil\",\"item\":\"https:\\\/\\\/regions-snetap-fsu.fr\\\/na\\\/\"},{\"@type\":\"ListItem\",\"position\":2,\"name\":\"EPL de Bressuire &#8211; Refus du BTS ACSE &#8211; Les personnels en gr\u00e8ve\"}]},{\"@type\":\"WebSite\",\"@id\":\"https:\\\/\\\/regions-snetap-fsu.fr\\\/na\\\/#website\",\"url\":\"https:\\\/\\\/regions-snetap-fsu.fr\\\/na\\\/\",\"name\":\"SNETAP-FSU NOUVELLE AQUITAINE\",\"description\":\"Blog de la Section R\u00e9gionale\",\"publisher\":{\"@id\":\"https:\\\/\\\/regions-snetap-fsu.fr\\\/na\\\/#organization\"},\"potentialAction\":[{\"@type\":\"SearchAction\",\"target\":{\"@type\":\"EntryPoint\",\"urlTemplate\":\"https:\\\/\\\/regions-snetap-fsu.fr\\\/na\\\/?s={search_term_string}\"},\"query-input\":{\"@type\":\"PropertyValueSpecification\",\"valueRequired\":true,\"valueName\":\"search_term_string\"}}],\"inLanguage\":\"fr-FR\"},{\"@type\":\"Organization\",\"@id\":\"https:\\\/\\\/regions-snetap-fsu.fr\\\/na\\\/#organization\",\"name\":\"SNETAP-FSU - Nouvelle Aquitaine\",\"url\":\"https:\\\/\\\/regions-snetap-fsu.fr\\\/na\\\/\",\"logo\":{\"@type\":\"ImageObject\",\"inLanguage\":\"fr-FR\",\"@id\":\"https:\\\/\\\/regions-snetap-fsu.fr\\\/na\\\/#\\\/schema\\\/logo\\\/image\\\/\",\"url\":\"https:\\\/\\\/regions-snetap-fsu.fr\\\/na\\\/wp-content\\\/uploads\\\/sites\\\/3\\\/2020\\\/12\\\/SNETAP-Logo.jpg\",\"contentUrl\":\"https:\\\/\\\/regions-snetap-fsu.fr\\\/na\\\/wp-content\\\/uploads\\\/sites\\\/3\\\/2020\\\/12\\\/SNETAP-Logo.jpg\",\"width\":464,\"height\":334,\"caption\":\"SNETAP-FSU - Nouvelle Aquitaine\"},\"image\":{\"@id\":\"https:\\\/\\\/regions-snetap-fsu.fr\\\/na\\\/#\\\/schema\\\/logo\\\/image\\\/\"}},{\"@type\":\"Person\",\"@id\":\"https:\\\/\\\/regions-snetap-fsu.fr\\\/na\\\/#\\\/schema\\\/person\\\/ac42fbdc9c4977a4d3a4895e2d2e68d5\",\"name\":\"el blanco\",\"image\":{\"@type\":\"ImageObject\",\"inLanguage\":\"fr-FR\",\"@id\":\"https:\\\/\\\/secure.gravatar.com\\\/avatar\\\/813cfa949421988d54b68d617a31e8b1601ad2cf76cbdfa12fc2dcdb0763888d?s=96&d=mm&r=g\",\"url\":\"https:\\\/\\\/secure.gravatar.com\\\/avatar\\\/813cfa949421988d54b68d617a31e8b1601ad2cf76cbdfa12fc2dcdb0763888d?s=96&d=mm&r=g\",\"contentUrl\":\"https:\\\/\\\/secure.gravatar.com\\\/avatar\\\/813cfa949421988d54b68d617a31e8b1601ad2cf76cbdfa12fc2dcdb0763888d?s=96&d=mm&r=g\",\"caption\":\"el blanco\"},\"url\":\"https:\\\/\\\/regions-snetap-fsu.fr\\\/na\\\/author\\\/y-le-blanc\\\/\"}]}<\/script>\n<!-- \/ Yoast SEO plugin. -->","yoast_head_json":{"title":"EPL de Bressuire - Refus du BTS ACSE - Les personnels en gr\u00e8ve - NOUVELLE AQUITAINE","robots":{"index":"index","follow":"follow","max-snippet":"max-snippet:-1","max-image-preview":"max-image-preview:large","max-video-preview":"max-video-preview:-1"},"canonical":"https:\/\/regions-snetap-fsu.fr\/na\/2018\/01\/24\/epl-de-bressuire-refus-du-bts-acse-les-personnels-en-greve\/","og_locale":"fr_FR","og_type":"article","og_title":"EPL de Bressuire - Refus du BTS ACSE - Les personnels en gr\u00e8ve - NOUVELLE AQUITAINE","og_description":"Le lundi 22 janvier 2018, le directeur de l\u2019EPL de Bressuire a r\u00e9uni les \u00e9lu.es du personnel au Conseil d\u2019Administration pour les avertir que le BTSA ACSE, annonc\u00e9 \u00e0 l\u2019automne dernier, n\u2019ouvrirait pas \u00e0 la rentr\u00e9e 2018. La demande d\u2019ouverture de cette formation avait \u00e9t\u00e9 pr\u00e9sent\u00e9e dans les diff\u00e9rentes instances (CTREA du 19 septembre 2017 [&hellip;]","og_url":"https:\/\/regions-snetap-fsu.fr\/na\/2018\/01\/24\/epl-de-bressuire-refus-du-bts-acse-les-personnels-en-greve\/","og_site_name":"NOUVELLE AQUITAINE","article_published_time":"2018-01-24T18:46:08+00:00","og_image":[{"url":"https:\/\/regions-snetap-fsu.fr\/na\/wp-content\/uploads\/sites\/3\/2018\/01\/bressuire_DSC_0846-retaill\u00e9-1-239x300.jpg","type":"","width":"","height":""}],"author":"el blanco","twitter_card":"summary_large_image","twitter_misc":{"\u00c9crit par":"el blanco","Dur\u00e9e de lecture estim\u00e9e":"1 minute"},"schema":{"@context":"https:\/\/schema.org","@graph":[{"@type":"Article","@id":"https:\/\/regions-snetap-fsu.fr\/na\/2018\/01\/24\/epl-de-bressuire-refus-du-bts-acse-les-personnels-en-greve\/#article","isPartOf":{"@id":"https:\/\/regions-snetap-fsu.fr\/na\/2018\/01\/24\/epl-de-bressuire-refus-du-bts-acse-les-personnels-en-greve\/"},"author":{"name":"el blanco","@id":"https:\/\/regions-snetap-fsu.fr\/na\/#\/schema\/person\/ac42fbdc9c4977a4d3a4895e2d2e68d5"},"headline":"EPL de Bressuire &#8211; Refus du BTS ACSE &#8211; Les personnels en gr\u00e8ve","datePublished":"2018-01-24T18:46:08+00:00","mainEntityOfPage":{"@id":"https:\/\/regions-snetap-fsu.fr\/na\/2018\/01\/24\/epl-de-bressuire-refus-du-bts-acse-les-personnels-en-greve\/"},"wordCount":235,"publisher":{"@id":"https:\/\/regions-snetap-fsu.fr\/na\/#organization"},"articleSection":["Actus","NA"],"inLanguage":"fr-FR"},{"@type":"WebPage","@id":"https:\/\/regions-snetap-fsu.fr\/na\/2018\/01\/24\/epl-de-bressuire-refus-du-bts-acse-les-personnels-en-greve\/","url":"https:\/\/regions-snetap-fsu.fr\/na\/2018\/01\/24\/epl-de-bressuire-refus-du-bts-acse-les-personnels-en-greve\/","name":"EPL de Bressuire - Refus du BTS ACSE - Les personnels en gr\u00e8ve - NOUVELLE AQUITAINE","isPartOf":{"@id":"https:\/\/regions-snetap-fsu.fr\/na\/#website"},"datePublished":"2018-01-24T18:46:08+00:00","breadcrumb":{"@id":"https:\/\/regions-snetap-fsu.fr\/na\/2018\/01\/24\/epl-de-bressuire-refus-du-bts-acse-les-personnels-en-greve\/#breadcrumb"},"inLanguage":"fr-FR","potentialAction":[{"@type":"ReadAction","target":["https:\/\/regions-snetap-fsu.fr\/na\/2018\/01\/24\/epl-de-bressuire-refus-du-bts-acse-les-personnels-en-greve\/"]}]},{"@type":"BreadcrumbList","@id":"https:\/\/regions-snetap-fsu.fr\/na\/2018\/01\/24\/epl-de-bressuire-refus-du-bts-acse-les-personnels-en-greve\/#breadcrumb","itemListElement":[{"@type":"ListItem","position":1,"name":"Accueil","item":"https:\/\/regions-snetap-fsu.fr\/na\/"},{"@type":"ListItem","position":2,"name":"EPL de Bressuire &#8211; Refus du BTS ACSE &#8211; Les personnels en gr\u00e8ve"}]},{"@type":"WebSite","@id":"https:\/\/regions-snetap-fsu.fr\/na\/#website","url":"https:\/\/regions-snetap-fsu.fr\/na\/","name":"SNETAP-FSU NOUVELLE AQUITAINE","description":"Blog de la Section R\u00e9gionale","publisher":{"@id":"https:\/\/regions-snetap-fsu.fr\/na\/#organization"},"potentialAction":[{"@type":"SearchAction","target":{"@type":"EntryPoint","urlTemplate":"https:\/\/regions-snetap-fsu.fr\/na\/?s={search_term_string}"},"query-input":{"@type":"PropertyValueSpecification","valueRequired":true,"valueName":"search_term_string"}}],"inLanguage":"fr-FR"},{"@type":"Organization","@id":"https:\/\/regions-snetap-fsu.fr\/na\/#organization","name":"SNETAP-FSU - Nouvelle Aquitaine","url":"https:\/\/regions-snetap-fsu.fr\/na\/","logo":{"@type":"ImageObject","inLanguage":"fr-FR","@id":"https:\/\/regions-snetap-fsu.fr\/na\/#\/schema\/logo\/image\/","url":"https:\/\/regions-snetap-fsu.fr\/na\/wp-content\/uploads\/sites\/3\/2020\/12\/SNETAP-Logo.jpg","contentUrl":"https:\/\/regions-snetap-fsu.fr\/na\/wp-content\/uploads\/sites\/3\/2020\/12\/SNETAP-Logo.jpg","width":464,"height":334,"caption":"SNETAP-FSU - Nouvelle Aquitaine"},"image":{"@id":"https:\/\/regions-snetap-fsu.fr\/na\/#\/schema\/logo\/image\/"}},{"@type":"Person","@id":"https:\/\/regions-snetap-fsu.fr\/na\/#\/schema\/person\/ac42fbdc9c4977a4d3a4895e2d2e68d5","name":"el blanco","image":{"@type":"ImageObject","inLanguage":"fr-FR","@id":"https:\/\/secure.gravatar.com\/avatar\/813cfa949421988d54b68d617a31e8b1601ad2cf76cbdfa12fc2dcdb0763888d?s=96&d=mm&r=g","url":"https:\/\/secure.gravatar.com\/avatar\/813cfa949421988d54b68d617a31e8b1601ad2cf76cbdfa12fc2dcdb0763888d?s=96&d=mm&r=g","contentUrl":"https:\/\/secure.gravatar.com\/avatar\/813cfa949421988d54b68d617a31e8b1601ad2cf76cbdfa12fc2dcdb0763888d?s=96&d=mm&r=g","caption":"el blanco"},"url":"https:\/\/regions-snetap-fsu.fr\/na\/author\/y-le-blanc\/"}]}},"_links":{"self":[{"href":"https:\/\/regions-snetap-fsu.fr\/na\/wp-json\/wp\/v2\/posts\/455","targetHints":{"allow":["GET"]}}],"collection":[{"href":"https:\/\/regions-snetap-fsu.fr\/na\/wp-json\/wp\/v2\/posts"}],"about":[{"href":"https:\/\/regions-snetap-fsu.fr\/na\/wp-json\/wp\/v2\/types\/post"}],"author":[{"embeddable":true,"href":"https:\/\/regions-snetap-fsu.fr\/na\/wp-json\/wp\/v2\/users\/87"}],"replies":[{"embeddable":true,"href":"https:\/\/regions-snetap-fsu.fr\/na\/wp-json\/wp\/v2\/comments?post=455"}],"version-history":[{"count":0,"href":"https:\/\/regions-snetap-fsu.fr\/na\/wp-json\/wp\/v2\/posts\/455\/revisions"}],"wp:attachment":[{"href":"https:\/\/regions-snetap-fsu.fr\/na\/wp-json\/wp\/v2\/media?parent=455"}],"wp:term":[{"taxonomy":"category","embeddable":true,"href":"https:\/\/regions-snetap-fsu.fr\/na\/wp-json\/wp\/v2\/categories?post=455"},{"taxonomy":"post_tag","embeddable":true,"href":"https:\/\/regions-snetap-fsu.fr\/na\/wp-json\/wp\/v2\/tags?post=455"},{"taxonomy":"post_folder","embeddable":true,"href":"https:\/\/regions-snetap-fsu.fr\/na\/wp-json\/wp\/v2\/post_folder?post=455"}],"curies":[{"name":"wp","href":"https:\/\/api.w.org\/{rel}","templated":true}]}}