{"id":3866,"date":"2025-02-06T09:18:52","date_gmt":"2025-02-06T08:18:52","guid":{"rendered":"https:\/\/regions-snetap-fsu.fr\/na\/?p=3866"},"modified":"2025-04-20T14:03:07","modified_gmt":"2025-04-20T12:03:07","slug":"jeudi-13-fevrier-resistons-aux-attaques-sur-les-moyens-de-leap","status":"publish","type":"post","link":"https:\/\/regions-snetap-fsu.fr\/na\/2025\/02\/06\/jeudi-13-fevrier-resistons-aux-attaques-sur-les-moyens-de-leap\/","title":{"rendered":"Jeudi 13 f\u00e9vrier, r\u00e9sistons aux attaques sur les moyens de l&rsquo;EAP !"},"content":{"rendered":"<p align=\"justify\"><img fetchpriority=\"high\" decoding=\"async\" class=\"alignnone wp-image-3870\" src=\"https:\/\/regions-snetap-fsu.fr\/na\/wp-content\/uploads\/sites\/3\/2025\/02\/bandeau-intersyndical-300x58.jpg\" alt=\"\" width=\"817\" height=\"158\" srcset=\"https:\/\/regions-snetap-fsu.fr\/na\/wp-content\/uploads\/sites\/3\/2025\/02\/bandeau-intersyndical-300x58.jpg 300w, https:\/\/regions-snetap-fsu.fr\/na\/wp-content\/uploads\/sites\/3\/2025\/02\/bandeau-intersyndical-768x149.jpg 768w, https:\/\/regions-snetap-fsu.fr\/na\/wp-content\/uploads\/sites\/3\/2025\/02\/bandeau-intersyndical.jpg 830w\" sizes=\"(max-width: 817px) 100vw, 817px\" \/><\/p>\n<p align=\"justify\"><span style=\"font-family: Arial, sans-serif\"><span style=\"font-size: medium\"><span style=\"color: #000000\">Face \u00e0 l\u2019attaque sans pr\u00e9c\u00e9dent que le Minist\u00e8re de l\u2019Agriculture s\u2019appr\u00eate \u00e0 faire subir \u00e0 l\u2019Enseignement agricole public pour la rentr\u00e9e 2025, l\u2019Intersyndicale Elan Commun, FO-Enseignement agricole et SEA-UNSA a d\u00e9cid\u00e9 d\u2019<span style=\"color: #ff6600\"><strong>u<\/strong><\/span><\/span><span style=\"color: #000000\"><span style=\"color: #ff6600\"><strong>ne action nationale le jeudi 13 f\u00e9vrier qui se d\u00e9clinera dans chaque r\u00e9gion<\/strong><\/span>.<\/span><\/span><\/span><\/p>\n<p align=\"justify\"><span style=\"font-family: Arial, sans-serif\"><span style=\"font-size: medium\"><span style=\"color: #000000\">En effet, a<\/span><span style=\"color: #000000\">u niveau national, l<\/span><span style=\"color: #000000\">e budget 2025, pass\u00e9 au 49.3 il y a quelques jours, pr\u00e9voit une baisse de 19 millions d&rsquo;euros de cr\u00e9dits pour l&rsquo;enseignement agricole \u2026 \u00e0 l\u2019exception des seules MFR, \u00e9tablissements priv\u00e9s, qui voient leurs cr\u00e9dits augmenter de 12 millions d\u2019euros par amendement gouvernemental.<\/span><\/span><\/span><\/p>\n<p align=\"justify\"><span style=\"font-family: Arial, sans-serif\"><span style=\"font-size: medium\"><span style=\"color: #000000\">En Nouvelle Aquitaine, ou ces baisses se traduiront par la suppression de 8,5 ETP et la fermeture de plusieurs classes dans le public, nous avons d\u00e9cid\u00e9 de mener cette action r\u00e9gionale devant les lyc\u00e9es de Bourcefranc et Niort compte tenu des risques tr\u00e8s directs qui p\u00e8sent sur ces \u00e9tablissements et d\u00e9noncer le sort que leur r\u00e9serve la DRAAF. Les lyc\u00e9es de Surg\u00e8res et Blanquefort \u00e9galement concern\u00e9s par des fusions, gels ou fermetures de formations sont appel\u00e9s \u00e0 rejoindre ces points de rassemblement.<\/span><\/span><\/span><\/p>\n<p align=\"justify\"><span style=\"color: #000000\"><span style=\"font-family: Arial, sans-serif\"><span style=\"font-size: medium\">Nous devons \u00eatre nombreux.euses devant ces deux \u00e9tablissements entre 11 h 00 et 15 h 00 afin d\u2019alerter les \u00e9lu.es, les parents d\u2019\u00e9l\u00e8ves et les professionnels mais aussi d\u2019interpeller notre autorit\u00e9 acad\u00e9mique et les \u00e9quipes de direction, sur les risques que font peser de telles baisses de cr\u00e9dits sur l\u2019avenir de nos \u00e9tablissements et de nos formations.<\/span><\/span><\/span><\/p>\n<p align=\"justify\"><span style=\"color: #c9211e\"><span style=\"font-family: Arial, sans-serif\"><span style=\"font-size: medium\"><b>L\u2019Intersyndicale r\u00e9gionale appelle l\u2019ensemble des personnels \u00e0 se mobiliser le jeudi 13 f\u00e9vrier 2025 et \u00e0 se rassembler \u00e0 partir de 11 h 00 devant le lyc\u00e9e de la mer \u00e0 Bourcefranc et le lyc\u00e9e horticole \u00e0 Niort. Elle appelle \u00e9galement \u00e0 se rassembler et tracter devant l\u2019ensemble des \u00e9tablissements de Nouvelle-Aquitaine concern\u00e9s par ces baisses de moyens d\u00e8s 8 h 00 afin d\u2019informer largement les familles.<\/b><\/span><\/span><\/span><\/p>\n<p align=\"right\"><span style=\"color: #000000\"><span style=\"font-family: Arial, sans-serif\"><span style=\"font-size: medium\">Le 6 f\u00e9vrier 2025<\/span><\/span><\/span><\/p>\n<p style=\"text-align: left\" align=\"right\"><span style=\"color: #339966\"><strong>COMMUNIQUE DE PRESSE<\/strong><\/span><\/p>\n<p style=\"text-align: left\" align=\"right\">\n\t\t<div class=\"wppdfemb-frame-container-1\" style=\"-webkit-overflow-scrolling:auto;\">\n\t\t\t<iframe class=\"pdfembed-iframe nonfullscreen wppdf-emb-iframe-1\"\n\t\t\t\tsrc=\"https:\/\/regions-snetap-fsu.fr\/na\/?pdfemb-data=eyJ1cmwiOiJodHRwczpcL1wvcmVnaW9ucy1zbmV0YXAtZnN1LmZyXC9uYVwvd3AtY29udGVudFwvdXBsb2Fkc1wvc2l0ZXNcLzNcLzIwMjVcLzAyXC8yMDI1LTAyLTEzX0NvbW11bmlxdWUtZGUtcHJlc3NlX0JhaXNzZS1ER0gtRW5zZWlnbmVtZW50LWFncmljb2xlLnBkZiIsInRpdGxlIjoiMjAyNSAwMiAxM19Db21tdW5pcXVcdTAwZTkgZGUgcHJlc3NlX0JhaXNzZSBER0ggRW5zZWlnbmVtZW50IGFncmljb2xlIiwiaW5kZXgiOjEsInBkZklEIjozODczfQ\"\n\t\t\t\ttitle=\"2025 02 13_Communiqu\u00e9 de presse_Baisse DGH Enseignement agricole\"\t\t\t\tdata-pdf-id=\"3873\"\n\t\t\t\tdata-pdf-index=\"1\"\n\t\t\t\tstyle=\"border:none;width:100%;max-width:100%;height:100vh;\"\n\t\t\t\tscrolling=\"yes\">\n\t\t\t<\/iframe>\n\t\t<\/div>\n\n\t\t<\/p>\n","protected":false},"excerpt":{"rendered":"<p>Face \u00e0 l\u2019attaque sans pr\u00e9c\u00e9dent que le Minist\u00e8re de l\u2019Agriculture s\u2019appr\u00eate \u00e0 faire subir \u00e0 l\u2019Enseignement agricole public pour la rentr\u00e9e 2025, l\u2019Intersyndicale Elan Commun, FO-Enseignement agricole et SEA-UNSA a d\u00e9cid\u00e9 d\u2019une action nationale le jeudi 13 f\u00e9vrier qui se d\u00e9clinera dans chaque r\u00e9gion. En effet, au niveau national, le budget 2025, pass\u00e9 au 49.3 [&hellip;]<\/p>\n","protected":false},"author":128,"featured_media":3867,"comment_status":"closed","ping_status":"closed","sticky":false,"template":"","format":"standard","meta":{"ocean_post_layout":"","ocean_both_sidebars_style":"","ocean_both_sidebars_content_width":0,"ocean_both_sidebars_sidebars_width":0,"ocean_sidebar":"0","ocean_second_sidebar":"0","ocean_disable_margins":"enable","ocean_add_body_class":"","ocean_shortcode_before_top_bar":"","ocean_shortcode_after_top_bar":"","ocean_shortcode_before_header":"","ocean_shortcode_after_header":"","ocean_has_shortcode":"","ocean_shortcode_after_title":"","ocean_shortcode_before_footer_widgets":"","ocean_shortcode_after_footer_widgets":"","ocean_shortcode_before_footer_bottom":"","ocean_shortcode_after_footer_bottom":"","ocean_display_top_bar":"default","ocean_display_header":"default","ocean_header_style":"","ocean_center_header_left_menu":"0","ocean_custom_header_template":"0","ocean_custom_logo":0,"ocean_custom_retina_logo":0,"ocean_custom_logo_max_width":0,"ocean_custom_logo_tablet_max_width":0,"ocean_custom_logo_mobile_max_width":0,"ocean_custom_logo_max_height":0,"ocean_custom_logo_tablet_max_height":0,"ocean_custom_logo_mobile_max_height":0,"ocean_header_custom_menu":"0","ocean_menu_typo_font_family":"0","ocean_menu_typo_font_subset":"","ocean_menu_typo_font_size":0,"ocean_menu_typo_font_size_tablet":0,"ocean_menu_typo_font_size_mobile":0,"ocean_menu_typo_font_size_unit":"px","ocean_menu_typo_font_weight":"","ocean_menu_typo_font_weight_tablet":"","ocean_menu_typo_font_weight_mobile":"","ocean_menu_typo_transform":"","ocean_menu_typo_transform_tablet":"","ocean_menu_typo_transform_mobile":"","ocean_menu_typo_line_height":0,"ocean_menu_typo_line_height_tablet":0,"ocean_menu_typo_line_height_mobile":0,"ocean_menu_typo_line_height_unit":"","ocean_menu_typo_spacing":0,"ocean_menu_typo_spacing_tablet":0,"ocean_menu_typo_spacing_mobile":0,"ocean_menu_typo_spacing_unit":"","ocean_menu_link_color":"","ocean_menu_link_color_hover":"","ocean_menu_link_color_active":"","ocean_menu_link_background":"","ocean_menu_link_hover_background":"","ocean_menu_link_active_background":"","ocean_menu_social_links_bg":"","ocean_menu_social_hover_links_bg":"","ocean_menu_social_links_color":"","ocean_menu_social_hover_links_color":"","ocean_disable_title":"default","ocean_disable_heading":"default","ocean_post_title":"","ocean_post_subheading":"","ocean_post_title_style":"","ocean_post_title_background_color":"","ocean_post_title_background":0,"ocean_post_title_bg_image_position":"","ocean_post_title_bg_image_attachment":"","ocean_post_title_bg_image_repeat":"","ocean_post_title_bg_image_size":"","ocean_post_title_height":0,"ocean_post_title_bg_overlay":0.5,"ocean_post_title_bg_overlay_color":"","ocean_disable_breadcrumbs":"default","ocean_breadcrumbs_color":"","ocean_breadcrumbs_separator_color":"","ocean_breadcrumbs_links_color":"","ocean_breadcrumbs_links_hover_color":"","ocean_display_footer_widgets":"default","ocean_display_footer_bottom":"default","ocean_custom_footer_template":"0","ocean_post_oembed":"","ocean_post_self_hosted_media":"","ocean_post_video_embed":"","ocean_link_format":"","ocean_link_format_target":"self","ocean_quote_format":"","ocean_quote_format_link":"post","ocean_gallery_link_images":"on","ocean_gallery_id":[],"footnotes":""},"categories":[12,1],"tags":[],"post_folder":[],"class_list":["post-3866","post","type-post","status-publish","format-standard","has-post-thumbnail","hentry","category-actions","category-message-de-service","entry","has-media"],"yoast_head":"<!-- This site is optimized with the Yoast SEO plugin v27.4 - https:\/\/yoast.com\/product\/yoast-seo-wordpress\/ -->\n<title>Jeudi 13 f\u00e9vrier, r\u00e9sistons aux attaques sur les moyens de l&#039;EAP ! - NOUVELLE AQUITAINE<\/title>\n<meta name=\"robots\" content=\"index, follow, max-snippet:-1, max-image-preview:large, max-video-preview:-1\" \/>\n<link rel=\"canonical\" href=\"https:\/\/regions-snetap-fsu.fr\/na\/2025\/02\/06\/jeudi-13-fevrier-resistons-aux-attaques-sur-les-moyens-de-leap\/\" \/>\n<meta property=\"og:locale\" content=\"fr_FR\" \/>\n<meta property=\"og:type\" content=\"article\" \/>\n<meta property=\"og:title\" content=\"Jeudi 13 f\u00e9vrier, r\u00e9sistons aux attaques sur les moyens de l&#039;EAP ! - NOUVELLE AQUITAINE\" \/>\n<meta property=\"og:description\" content=\"Face \u00e0 l\u2019attaque sans pr\u00e9c\u00e9dent que le Minist\u00e8re de l\u2019Agriculture s\u2019appr\u00eate \u00e0 faire subir \u00e0 l\u2019Enseignement agricole public pour la rentr\u00e9e 2025, l\u2019Intersyndicale Elan Commun, FO-Enseignement agricole et SEA-UNSA a d\u00e9cid\u00e9 d\u2019une action nationale le jeudi 13 f\u00e9vrier qui se d\u00e9clinera dans chaque r\u00e9gion. En effet, au niveau national, le budget 2025, pass\u00e9 au 49.3 [&hellip;]\" \/>\n<meta property=\"og:url\" content=\"https:\/\/regions-snetap-fsu.fr\/na\/2025\/02\/06\/jeudi-13-fevrier-resistons-aux-attaques-sur-les-moyens-de-leap\/\" \/>\n<meta property=\"og:site_name\" content=\"NOUVELLE AQUITAINE\" \/>\n<meta property=\"article:published_time\" content=\"2025-02-06T08:18:52+00:00\" \/>\n<meta property=\"article:modified_time\" content=\"2025-04-20T12:03:07+00:00\" \/>\n<meta property=\"og:image\" content=\"https:\/\/regions-snetap-fsu.fr\/na\/wp-content\/uploads\/sites\/3\/2025\/02\/Affiche-baisse-DGH.png\" \/>\n\t<meta property=\"og:image:width\" content=\"939\" \/>\n\t<meta property=\"og:image:height\" content=\"1328\" \/>\n\t<meta property=\"og:image:type\" content=\"image\/png\" \/>\n<meta name=\"author\" content=\"olivierb\" \/>\n<meta name=\"twitter:card\" content=\"summary_large_image\" \/>\n<meta name=\"twitter:label1\" content=\"\u00c9crit par\" \/>\n\t<meta name=\"twitter:data1\" content=\"olivierb\" \/>\n\t<meta name=\"twitter:label2\" content=\"Dur\u00e9e de lecture estim\u00e9e\" \/>\n\t<meta name=\"twitter:data2\" content=\"2 minutes\" \/>\n<script type=\"application\/ld+json\" class=\"yoast-schema-graph\">{\"@context\":\"https:\\\/\\\/schema.org\",\"@graph\":[{\"@type\":\"Article\",\"@id\":\"https:\\\/\\\/regions-snetap-fsu.fr\\\/na\\\/2025\\\/02\\\/06\\\/jeudi-13-fevrier-resistons-aux-attaques-sur-les-moyens-de-leap\\\/#article\",\"isPartOf\":{\"@id\":\"https:\\\/\\\/regions-snetap-fsu.fr\\\/na\\\/2025\\\/02\\\/06\\\/jeudi-13-fevrier-resistons-aux-attaques-sur-les-moyens-de-leap\\\/\"},\"author\":{\"name\":\"olivierb\",\"@id\":\"https:\\\/\\\/regions-snetap-fsu.fr\\\/na\\\/#\\\/schema\\\/person\\\/bdf1c4fe149dcf915601f9de85ba379f\"},\"headline\":\"Jeudi 13 f\u00e9vrier, r\u00e9sistons aux attaques sur les moyens de l&rsquo;EAP !\",\"datePublished\":\"2025-02-06T08:18:52+00:00\",\"dateModified\":\"2025-04-20T12:03:07+00:00\",\"mainEntityOfPage\":{\"@id\":\"https:\\\/\\\/regions-snetap-fsu.fr\\\/na\\\/2025\\\/02\\\/06\\\/jeudi-13-fevrier-resistons-aux-attaques-sur-les-moyens-de-leap\\\/\"},\"wordCount\":366,\"publisher\":{\"@id\":\"https:\\\/\\\/regions-snetap-fsu.fr\\\/na\\\/#organization\"},\"image\":{\"@id\":\"https:\\\/\\\/regions-snetap-fsu.fr\\\/na\\\/2025\\\/02\\\/06\\\/jeudi-13-fevrier-resistons-aux-attaques-sur-les-moyens-de-leap\\\/#primaryimage\"},\"thumbnailUrl\":\"https:\\\/\\\/regions-snetap-fsu.fr\\\/na\\\/wp-content\\\/uploads\\\/sites\\\/3\\\/2025\\\/02\\\/Affiche-baisse-DGH.png\",\"articleSection\":[\"Actions\",\"Message de service\"],\"inLanguage\":\"fr-FR\"},{\"@type\":\"WebPage\",\"@id\":\"https:\\\/\\\/regions-snetap-fsu.fr\\\/na\\\/2025\\\/02\\\/06\\\/jeudi-13-fevrier-resistons-aux-attaques-sur-les-moyens-de-leap\\\/\",\"url\":\"https:\\\/\\\/regions-snetap-fsu.fr\\\/na\\\/2025\\\/02\\\/06\\\/jeudi-13-fevrier-resistons-aux-attaques-sur-les-moyens-de-leap\\\/\",\"name\":\"Jeudi 13 f\u00e9vrier, r\u00e9sistons aux attaques sur les moyens de l'EAP ! - NOUVELLE AQUITAINE\",\"isPartOf\":{\"@id\":\"https:\\\/\\\/regions-snetap-fsu.fr\\\/na\\\/#website\"},\"primaryImageOfPage\":{\"@id\":\"https:\\\/\\\/regions-snetap-fsu.fr\\\/na\\\/2025\\\/02\\\/06\\\/jeudi-13-fevrier-resistons-aux-attaques-sur-les-moyens-de-leap\\\/#primaryimage\"},\"image\":{\"@id\":\"https:\\\/\\\/regions-snetap-fsu.fr\\\/na\\\/2025\\\/02\\\/06\\\/jeudi-13-fevrier-resistons-aux-attaques-sur-les-moyens-de-leap\\\/#primaryimage\"},\"thumbnailUrl\":\"https:\\\/\\\/regions-snetap-fsu.fr\\\/na\\\/wp-content\\\/uploads\\\/sites\\\/3\\\/2025\\\/02\\\/Affiche-baisse-DGH.png\",\"datePublished\":\"2025-02-06T08:18:52+00:00\",\"dateModified\":\"2025-04-20T12:03:07+00:00\",\"breadcrumb\":{\"@id\":\"https:\\\/\\\/regions-snetap-fsu.fr\\\/na\\\/2025\\\/02\\\/06\\\/jeudi-13-fevrier-resistons-aux-attaques-sur-les-moyens-de-leap\\\/#breadcrumb\"},\"inLanguage\":\"fr-FR\",\"potentialAction\":[{\"@type\":\"ReadAction\",\"target\":[\"https:\\\/\\\/regions-snetap-fsu.fr\\\/na\\\/2025\\\/02\\\/06\\\/jeudi-13-fevrier-resistons-aux-attaques-sur-les-moyens-de-leap\\\/\"]}]},{\"@type\":\"ImageObject\",\"inLanguage\":\"fr-FR\",\"@id\":\"https:\\\/\\\/regions-snetap-fsu.fr\\\/na\\\/2025\\\/02\\\/06\\\/jeudi-13-fevrier-resistons-aux-attaques-sur-les-moyens-de-leap\\\/#primaryimage\",\"url\":\"https:\\\/\\\/regions-snetap-fsu.fr\\\/na\\\/wp-content\\\/uploads\\\/sites\\\/3\\\/2025\\\/02\\\/Affiche-baisse-DGH.png\",\"contentUrl\":\"https:\\\/\\\/regions-snetap-fsu.fr\\\/na\\\/wp-content\\\/uploads\\\/sites\\\/3\\\/2025\\\/02\\\/Affiche-baisse-DGH.png\",\"width\":939,\"height\":1328},{\"@type\":\"BreadcrumbList\",\"@id\":\"https:\\\/\\\/regions-snetap-fsu.fr\\\/na\\\/2025\\\/02\\\/06\\\/jeudi-13-fevrier-resistons-aux-attaques-sur-les-moyens-de-leap\\\/#breadcrumb\",\"itemListElement\":[{\"@type\":\"ListItem\",\"position\":1,\"name\":\"Accueil\",\"item\":\"https:\\\/\\\/regions-snetap-fsu.fr\\\/na\\\/\"},{\"@type\":\"ListItem\",\"position\":2,\"name\":\"Jeudi 13 f\u00e9vrier, r\u00e9sistons aux attaques sur les moyens de l&rsquo;EAP !\"}]},{\"@type\":\"WebSite\",\"@id\":\"https:\\\/\\\/regions-snetap-fsu.fr\\\/na\\\/#website\",\"url\":\"https:\\\/\\\/regions-snetap-fsu.fr\\\/na\\\/\",\"name\":\"SNETAP-FSU NOUVELLE AQUITAINE\",\"description\":\"Blog de la Section R\u00e9gionale\",\"publisher\":{\"@id\":\"https:\\\/\\\/regions-snetap-fsu.fr\\\/na\\\/#organization\"},\"potentialAction\":[{\"@type\":\"SearchAction\",\"target\":{\"@type\":\"EntryPoint\",\"urlTemplate\":\"https:\\\/\\\/regions-snetap-fsu.fr\\\/na\\\/?s={search_term_string}\"},\"query-input\":{\"@type\":\"PropertyValueSpecification\",\"valueRequired\":true,\"valueName\":\"search_term_string\"}}],\"inLanguage\":\"fr-FR\"},{\"@type\":\"Organization\",\"@id\":\"https:\\\/\\\/regions-snetap-fsu.fr\\\/na\\\/#organization\",\"name\":\"SNETAP-FSU - Nouvelle Aquitaine\",\"url\":\"https:\\\/\\\/regions-snetap-fsu.fr\\\/na\\\/\",\"logo\":{\"@type\":\"ImageObject\",\"inLanguage\":\"fr-FR\",\"@id\":\"https:\\\/\\\/regions-snetap-fsu.fr\\\/na\\\/#\\\/schema\\\/logo\\\/image\\\/\",\"url\":\"https:\\\/\\\/regions-snetap-fsu.fr\\\/na\\\/wp-content\\\/uploads\\\/sites\\\/3\\\/2020\\\/12\\\/SNETAP-Logo.jpg\",\"contentUrl\":\"https:\\\/\\\/regions-snetap-fsu.fr\\\/na\\\/wp-content\\\/uploads\\\/sites\\\/3\\\/2020\\\/12\\\/SNETAP-Logo.jpg\",\"width\":464,\"height\":334,\"caption\":\"SNETAP-FSU - Nouvelle Aquitaine\"},\"image\":{\"@id\":\"https:\\\/\\\/regions-snetap-fsu.fr\\\/na\\\/#\\\/schema\\\/logo\\\/image\\\/\"}},{\"@type\":\"Person\",\"@id\":\"https:\\\/\\\/regions-snetap-fsu.fr\\\/na\\\/#\\\/schema\\\/person\\\/bdf1c4fe149dcf915601f9de85ba379f\",\"name\":\"olivierb\",\"image\":{\"@type\":\"ImageObject\",\"inLanguage\":\"fr-FR\",\"@id\":\"https:\\\/\\\/secure.gravatar.com\\\/avatar\\\/d9cce0db1146844098d0ec7fae94551015c4ff78117aab56897823bb265a7bc9?s=96&d=mm&r=g\",\"url\":\"https:\\\/\\\/secure.gravatar.com\\\/avatar\\\/d9cce0db1146844098d0ec7fae94551015c4ff78117aab56897823bb265a7bc9?s=96&d=mm&r=g\",\"contentUrl\":\"https:\\\/\\\/secure.gravatar.com\\\/avatar\\\/d9cce0db1146844098d0ec7fae94551015c4ff78117aab56897823bb265a7bc9?s=96&d=mm&r=g\",\"caption\":\"olivierb\"},\"url\":\"https:\\\/\\\/regions-snetap-fsu.fr\\\/na\\\/author\\\/olivierb\\\/\"}]}<\/script>\n<!-- \/ Yoast SEO plugin. -->","yoast_head_json":{"title":"Jeudi 13 f\u00e9vrier, r\u00e9sistons aux attaques sur les moyens de l'EAP ! - NOUVELLE AQUITAINE","robots":{"index":"index","follow":"follow","max-snippet":"max-snippet:-1","max-image-preview":"max-image-preview:large","max-video-preview":"max-video-preview:-1"},"canonical":"https:\/\/regions-snetap-fsu.fr\/na\/2025\/02\/06\/jeudi-13-fevrier-resistons-aux-attaques-sur-les-moyens-de-leap\/","og_locale":"fr_FR","og_type":"article","og_title":"Jeudi 13 f\u00e9vrier, r\u00e9sistons aux attaques sur les moyens de l'EAP ! - NOUVELLE AQUITAINE","og_description":"Face \u00e0 l\u2019attaque sans pr\u00e9c\u00e9dent que le Minist\u00e8re de l\u2019Agriculture s\u2019appr\u00eate \u00e0 faire subir \u00e0 l\u2019Enseignement agricole public pour la rentr\u00e9e 2025, l\u2019Intersyndicale Elan Commun, FO-Enseignement agricole et SEA-UNSA a d\u00e9cid\u00e9 d\u2019une action nationale le jeudi 13 f\u00e9vrier qui se d\u00e9clinera dans chaque r\u00e9gion. En effet, au niveau national, le budget 2025, pass\u00e9 au 49.3 [&hellip;]","og_url":"https:\/\/regions-snetap-fsu.fr\/na\/2025\/02\/06\/jeudi-13-fevrier-resistons-aux-attaques-sur-les-moyens-de-leap\/","og_site_name":"NOUVELLE AQUITAINE","article_published_time":"2025-02-06T08:18:52+00:00","article_modified_time":"2025-04-20T12:03:07+00:00","og_image":[{"width":939,"height":1328,"url":"https:\/\/regions-snetap-fsu.fr\/na\/wp-content\/uploads\/sites\/3\/2025\/02\/Affiche-baisse-DGH.png","type":"image\/png"}],"author":"olivierb","twitter_card":"summary_large_image","twitter_misc":{"\u00c9crit par":"olivierb","Dur\u00e9e de lecture estim\u00e9e":"2 minutes"},"schema":{"@context":"https:\/\/schema.org","@graph":[{"@type":"Article","@id":"https:\/\/regions-snetap-fsu.fr\/na\/2025\/02\/06\/jeudi-13-fevrier-resistons-aux-attaques-sur-les-moyens-de-leap\/#article","isPartOf":{"@id":"https:\/\/regions-snetap-fsu.fr\/na\/2025\/02\/06\/jeudi-13-fevrier-resistons-aux-attaques-sur-les-moyens-de-leap\/"},"author":{"name":"olivierb","@id":"https:\/\/regions-snetap-fsu.fr\/na\/#\/schema\/person\/bdf1c4fe149dcf915601f9de85ba379f"},"headline":"Jeudi 13 f\u00e9vrier, r\u00e9sistons aux attaques sur les moyens de l&rsquo;EAP !","datePublished":"2025-02-06T08:18:52+00:00","dateModified":"2025-04-20T12:03:07+00:00","mainEntityOfPage":{"@id":"https:\/\/regions-snetap-fsu.fr\/na\/2025\/02\/06\/jeudi-13-fevrier-resistons-aux-attaques-sur-les-moyens-de-leap\/"},"wordCount":366,"publisher":{"@id":"https:\/\/regions-snetap-fsu.fr\/na\/#organization"},"image":{"@id":"https:\/\/regions-snetap-fsu.fr\/na\/2025\/02\/06\/jeudi-13-fevrier-resistons-aux-attaques-sur-les-moyens-de-leap\/#primaryimage"},"thumbnailUrl":"https:\/\/regions-snetap-fsu.fr\/na\/wp-content\/uploads\/sites\/3\/2025\/02\/Affiche-baisse-DGH.png","articleSection":["Actions","Message de service"],"inLanguage":"fr-FR"},{"@type":"WebPage","@id":"https:\/\/regions-snetap-fsu.fr\/na\/2025\/02\/06\/jeudi-13-fevrier-resistons-aux-attaques-sur-les-moyens-de-leap\/","url":"https:\/\/regions-snetap-fsu.fr\/na\/2025\/02\/06\/jeudi-13-fevrier-resistons-aux-attaques-sur-les-moyens-de-leap\/","name":"Jeudi 13 f\u00e9vrier, r\u00e9sistons aux attaques sur les moyens de l'EAP ! - NOUVELLE AQUITAINE","isPartOf":{"@id":"https:\/\/regions-snetap-fsu.fr\/na\/#website"},"primaryImageOfPage":{"@id":"https:\/\/regions-snetap-fsu.fr\/na\/2025\/02\/06\/jeudi-13-fevrier-resistons-aux-attaques-sur-les-moyens-de-leap\/#primaryimage"},"image":{"@id":"https:\/\/regions-snetap-fsu.fr\/na\/2025\/02\/06\/jeudi-13-fevrier-resistons-aux-attaques-sur-les-moyens-de-leap\/#primaryimage"},"thumbnailUrl":"https:\/\/regions-snetap-fsu.fr\/na\/wp-content\/uploads\/sites\/3\/2025\/02\/Affiche-baisse-DGH.png","datePublished":"2025-02-06T08:18:52+00:00","dateModified":"2025-04-20T12:03:07+00:00","breadcrumb":{"@id":"https:\/\/regions-snetap-fsu.fr\/na\/2025\/02\/06\/jeudi-13-fevrier-resistons-aux-attaques-sur-les-moyens-de-leap\/#breadcrumb"},"inLanguage":"fr-FR","potentialAction":[{"@type":"ReadAction","target":["https:\/\/regions-snetap-fsu.fr\/na\/2025\/02\/06\/jeudi-13-fevrier-resistons-aux-attaques-sur-les-moyens-de-leap\/"]}]},{"@type":"ImageObject","inLanguage":"fr-FR","@id":"https:\/\/regions-snetap-fsu.fr\/na\/2025\/02\/06\/jeudi-13-fevrier-resistons-aux-attaques-sur-les-moyens-de-leap\/#primaryimage","url":"https:\/\/regions-snetap-fsu.fr\/na\/wp-content\/uploads\/sites\/3\/2025\/02\/Affiche-baisse-DGH.png","contentUrl":"https:\/\/regions-snetap-fsu.fr\/na\/wp-content\/uploads\/sites\/3\/2025\/02\/Affiche-baisse-DGH.png","width":939,"height":1328},{"@type":"BreadcrumbList","@id":"https:\/\/regions-snetap-fsu.fr\/na\/2025\/02\/06\/jeudi-13-fevrier-resistons-aux-attaques-sur-les-moyens-de-leap\/#breadcrumb","itemListElement":[{"@type":"ListItem","position":1,"name":"Accueil","item":"https:\/\/regions-snetap-fsu.fr\/na\/"},{"@type":"ListItem","position":2,"name":"Jeudi 13 f\u00e9vrier, r\u00e9sistons aux attaques sur les moyens de l&rsquo;EAP !"}]},{"@type":"WebSite","@id":"https:\/\/regions-snetap-fsu.fr\/na\/#website","url":"https:\/\/regions-snetap-fsu.fr\/na\/","name":"SNETAP-FSU NOUVELLE AQUITAINE","description":"Blog de la Section R\u00e9gionale","publisher":{"@id":"https:\/\/regions-snetap-fsu.fr\/na\/#organization"},"potentialAction":[{"@type":"SearchAction","target":{"@type":"EntryPoint","urlTemplate":"https:\/\/regions-snetap-fsu.fr\/na\/?s={search_term_string}"},"query-input":{"@type":"PropertyValueSpecification","valueRequired":true,"valueName":"search_term_string"}}],"inLanguage":"fr-FR"},{"@type":"Organization","@id":"https:\/\/regions-snetap-fsu.fr\/na\/#organization","name":"SNETAP-FSU - Nouvelle Aquitaine","url":"https:\/\/regions-snetap-fsu.fr\/na\/","logo":{"@type":"ImageObject","inLanguage":"fr-FR","@id":"https:\/\/regions-snetap-fsu.fr\/na\/#\/schema\/logo\/image\/","url":"https:\/\/regions-snetap-fsu.fr\/na\/wp-content\/uploads\/sites\/3\/2020\/12\/SNETAP-Logo.jpg","contentUrl":"https:\/\/regions-snetap-fsu.fr\/na\/wp-content\/uploads\/sites\/3\/2020\/12\/SNETAP-Logo.jpg","width":464,"height":334,"caption":"SNETAP-FSU - Nouvelle Aquitaine"},"image":{"@id":"https:\/\/regions-snetap-fsu.fr\/na\/#\/schema\/logo\/image\/"}},{"@type":"Person","@id":"https:\/\/regions-snetap-fsu.fr\/na\/#\/schema\/person\/bdf1c4fe149dcf915601f9de85ba379f","name":"olivierb","image":{"@type":"ImageObject","inLanguage":"fr-FR","@id":"https:\/\/secure.gravatar.com\/avatar\/d9cce0db1146844098d0ec7fae94551015c4ff78117aab56897823bb265a7bc9?s=96&d=mm&r=g","url":"https:\/\/secure.gravatar.com\/avatar\/d9cce0db1146844098d0ec7fae94551015c4ff78117aab56897823bb265a7bc9?s=96&d=mm&r=g","contentUrl":"https:\/\/secure.gravatar.com\/avatar\/d9cce0db1146844098d0ec7fae94551015c4ff78117aab56897823bb265a7bc9?s=96&d=mm&r=g","caption":"olivierb"},"url":"https:\/\/regions-snetap-fsu.fr\/na\/author\/olivierb\/"}]}},"_links":{"self":[{"href":"https:\/\/regions-snetap-fsu.fr\/na\/wp-json\/wp\/v2\/posts\/3866","targetHints":{"allow":["GET"]}}],"collection":[{"href":"https:\/\/regions-snetap-fsu.fr\/na\/wp-json\/wp\/v2\/posts"}],"about":[{"href":"https:\/\/regions-snetap-fsu.fr\/na\/wp-json\/wp\/v2\/types\/post"}],"author":[{"embeddable":true,"href":"https:\/\/regions-snetap-fsu.fr\/na\/wp-json\/wp\/v2\/users\/128"}],"replies":[{"embeddable":true,"href":"https:\/\/regions-snetap-fsu.fr\/na\/wp-json\/wp\/v2\/comments?post=3866"}],"version-history":[{"count":6,"href":"https:\/\/regions-snetap-fsu.fr\/na\/wp-json\/wp\/v2\/posts\/3866\/revisions"}],"predecessor-version":[{"id":3877,"href":"https:\/\/regions-snetap-fsu.fr\/na\/wp-json\/wp\/v2\/posts\/3866\/revisions\/3877"}],"wp:featuredmedia":[{"embeddable":true,"href":"https:\/\/regions-snetap-fsu.fr\/na\/wp-json\/wp\/v2\/media\/3867"}],"wp:attachment":[{"href":"https:\/\/regions-snetap-fsu.fr\/na\/wp-json\/wp\/v2\/media?parent=3866"}],"wp:term":[{"taxonomy":"category","embeddable":true,"href":"https:\/\/regions-snetap-fsu.fr\/na\/wp-json\/wp\/v2\/categories?post=3866"},{"taxonomy":"post_tag","embeddable":true,"href":"https:\/\/regions-snetap-fsu.fr\/na\/wp-json\/wp\/v2\/tags?post=3866"},{"taxonomy":"post_folder","embeddable":true,"href":"https:\/\/regions-snetap-fsu.fr\/na\/wp-json\/wp\/v2\/post_folder?post=3866"}],"curies":[{"name":"wp","href":"https:\/\/api.w.org\/{rel}","templated":true}]}}