{"id":3845,"date":"2025-01-08T12:25:05","date_gmt":"2025-01-08T11:25:05","guid":{"rendered":"https:\/\/regions-snetap-fsu.fr\/na\/?p=3845"},"modified":"2025-01-08T19:37:43","modified_gmt":"2025-01-08T18:37:43","slug":"baisse-inacceptable-de-dgh-en-nouvelle-aquitaine","status":"publish","type":"post","link":"https:\/\/regions-snetap-fsu.fr\/na\/2025\/01\/08\/baisse-inacceptable-de-dgh-en-nouvelle-aquitaine\/","title":{"rendered":"Baisse inacceptable de DGH en Nouvelle Aquitaine"},"content":{"rendered":"<p align=\"center\"><span style=\"color: #168253\"><span style=\"font-family: Arial, sans-serif\"><span style=\"font-size: x-large\"><b>V\u0152UX DE LA DRAAF POUR L\u2019ENSEIGNEMENT PUBLIC\u00a0:<\/b><\/span><\/span><\/span><\/p>\n<p align=\"center\"><span style=\"color: #c9211e\"><span style=\"font-family: Arial, sans-serif\"><span style=\"font-size: x-large\"><b>une baisse de la DGH pour l\u2019Enseignement Agricole Public<\/b><\/span><\/span><\/span><\/p>\n<p align=\"justify\"><span style=\"color: #000000\"><span style=\"font-family: Arial, sans-serif\"><span style=\"font-size: medium\"><b>L\u2019\u00c9lan commun \u00e9tait convi\u00e9, <\/b><\/span><\/span><\/span><span style=\"color: #000000\"><span style=\"font-family: Arial, sans-serif\"><span style=\"font-size: medium\"><b>le 7 janvier<\/b><\/span><\/span><\/span><span style=\"color: #000000\"><span style=\"font-family: Arial, sans-serif\"><span style=\"font-size: medium\"><b> \u00e0 une rencontre <\/b><\/span><\/span><\/span><span style=\"color: #000000\"><span style=\"font-family: Arial, sans-serif\"><span style=\"font-size: medium\"><b>en visioconf\u00e9rence avec la DRAAF <\/b><\/span><\/span><\/span><span style=\"color: #000000\"><span style=\"font-family: Arial, sans-serif\"><span style=\"font-size: medium\"><b>p<\/b><\/span><\/span><\/span><span style=\"color: #000000\"><span style=\"font-family: Arial, sans-serif\"><span style=\"font-size: medium\"><b>our l\u2019annonce <\/b><\/span><\/span><\/span><span style=\"color: #000000\"><span style=\"font-family: Arial, sans-serif\"><span style=\"font-size: medium\"><b>d\u2019<\/b><\/span><\/span><\/span><span style=\"color: #000000\"><span style=\"font-family: Arial, sans-serif\"><span style=\"font-size: medium\"><b>une forte baisse des moyens allou\u00e9s <\/b><\/span><\/span><\/span><span style=\"color: #000000\"><span style=\"font-family: Arial, sans-serif\"><span style=\"font-size: medium\"><b>\u00e0 l\u2019enseignement agricole public, <\/b><\/span><\/span><\/span><span style=\"color: #000000\"><span style=\"font-family: Arial, sans-serif\"><span style=\"font-size: medium\"><b>pour la rentr\u00e9e scolaire 2025 en Nouvelle-Aquitaine.<\/b><\/span><\/span><\/span><\/p>\n<p align=\"justify\"><span style=\"color: #000000\"><span style=\"font-family: Arial, sans-serif\"><span style=\"font-size: medium\">L\u2019\u00c9lan commun \u00e9tait repr\u00e9sent\u00e9 par Ang\u00e9lique Bourdall\u00e9, Yannick Le Blanc, Patricia Blandel, Alain Godot, Eric Guillaud et Jonathan Laporte.<\/span><\/span><\/span><\/p>\n<p align=\"justify\"><span style=\"color: #ff8000\"><span style=\"font-family: Arial, sans-serif\"><span style=\"font-size: large\"><u><b>Une baisse drastique annonc\u00e9e des moyens en Nouvelle-Aquitaine pour 2025<\/b><\/u><\/span><\/span><\/span><\/p>\n<p align=\"justify\"><span style=\"color: #000000\"><span style=\"font-family: Arial, sans-serif\"><span style=\"font-size: medium\">La <\/span><\/span><\/span><span style=\"color: #000000\"><span style=\"font-family: Arial, sans-serif\"><span style=\"font-size: medium\">D<\/span><\/span><\/span><span style=\"color: #000000\"><span style=\"font-family: Arial, sans-serif\"><span style=\"font-size: medium\">irectrice <\/span><\/span><\/span><span style=\"color: #000000\"><span style=\"font-family: Arial, sans-serif\"><span style=\"font-size: medium\">R<\/span><\/span><\/span><span style=\"color: #000000\"><span style=\"font-family: Arial, sans-serif\"><span style=\"font-size: medium\">\u00e9gionale a <\/span><\/span><\/span><span style=\"color: #000000\"><span style=\"font-family: Arial, sans-serif\"><span style=\"font-size: medium\">donc <\/span><\/span><\/span><span style=\"color: #000000\"><span style=\"font-family: Arial, sans-serif\"><span style=\"font-size: medium\">bel et bien confirm\u00e9 les remont\u00e9es issues de diff\u00e9rentes r\u00e9unions <\/span><\/span><\/span><span style=\"color: #000000\"><span style=\"font-family: Arial, sans-serif\"><span style=\"font-size: medium\">minist\u00e9rielles en fin d\u2019ann\u00e9e 2024 <\/span><\/span><\/span><span style=\"color: #000000\"><span style=\"font-family: Arial, sans-serif\"><span style=\"font-size: medium\">(<\/span><\/span><\/span><span style=\"color: #000000\"><span style=\"font-family: Arial, sans-serif\"><span style=\"font-size: medium\">en de<\/span><\/span><\/span><span style=\"color: #000000\"><span style=\"font-family: Arial, sans-serif\"><span style=\"font-size: medium\">hors <\/span><\/span><\/span><span style=\"color: #000000\"><span style=\"font-family: Arial, sans-serif\"><span style=\"font-size: medium\">de toutes <\/span><\/span><\/span><span style=\"color: #000000\"><span style=\"font-family: Arial, sans-serif\"><span style=\"font-size: medium\">instances r\u00e9gionales et nationales).<\/span><\/span><\/span><\/p>\n<table style=\"width: 99.3432%\" width=\"684\" cellspacing=\"0\" cellpadding=\"4\">\n<tbody>\n<tr>\n<td style=\"width: 100%\" valign=\"top\" bgcolor=\"#cccccc\" width=\"676\">\n<p align=\"justify\"><span style=\"color: #ff0000\"><span style=\"font-family: Arial, sans-serif\"><span style=\"font-size: large\"><b>C<\/b><\/span><\/span><\/span><span style=\"color: #ff0000\"><span style=\"font-family: Arial, sans-serif\"><span style=\"font-size: large\"><b>e s<\/b><\/span><\/span><\/span><span style=\"color: #ff0000\"><span style=\"font-family: Arial, sans-serif\"><span style=\"font-size: large\"><b>er<\/b><\/span><\/span><\/span><span style=\"color: #ff0000\"><span style=\"font-family: Arial, sans-serif\"><span style=\"font-size: large\"><b>ont 5500 heures <\/b><\/span><\/span><\/span><span style=\"color: #ff0000\"><span style=\"font-family: Arial, sans-serif\"><span style=\"font-size: large\"><b>de DGH <\/b><\/span><\/span><\/span><span style=\"color: #ff0000\"><span style=\"font-family: Arial, sans-serif\"><span style=\"font-size: large\"><b>qui sont amen\u00e9es \u00e0 dispara\u00eetre, quelle que soit la f<\/b><\/span><\/span><\/span><span style=\"color: #ff0000\"><span style=\"font-family: Arial, sans-serif\"><span style=\"font-size: large\"><b>orme finale retenue.<\/b><\/span><\/span><\/span><\/p>\n<\/td>\n<\/tr>\n<\/tbody>\n<\/table>\n<p align=\"justify\"><span style=\"color: #000000\"><span style=\"font-family: Arial, sans-serif\"><span style=\"font-size: medium\">Issue de calculs \u00e9minemment technocratiques, d\u2019indicateurs discutables et d\u2019\u00e9changes entre la DRAAF et la DGER, cette baisse se r\u00e9percutera en termes d\u2019ETP et de r\u00e9ductions de moyens.<\/span><\/span><\/span><\/p>\n<table style=\"width: 99.7116%\" width=\"684\" cellspacing=\"0\" cellpadding=\"4\">\n<tbody>\n<tr>\n<td style=\"width: 100%\" valign=\"top\" bgcolor=\"#cccccc\" width=\"676\">\n<p align=\"justify\"><span style=\"color: #ff0000\"><span style=\"font-family: Arial, sans-serif\"><span style=\"font-size: large\"><b><strong>L<\/strong><strong>a Nouvelle Aquitaine perdrait a elle seule 8,5 ETP. (45 ETP seraient supprim\u00e9s au niveau national, dont 25 pour l\u2019Enseignement agricole public).<\/strong><\/b><\/span><\/span><\/span><\/p>\n<\/td>\n<\/tr>\n<\/tbody>\n<\/table>\n<p align=\"justify\"><span style=\"color: #000000\"><span style=\"font-family: Arial, sans-serif\"><span style=\"font-size: medium\">Une v\u00e9ritable h\u00e9catombe, sans pr\u00e9c\u00e9dent, et qui serait accompagn\u00e9e de menaces sur les classes \u00e0 petits effectifs.<\/span><\/span><\/span><\/p>\n<p align=\"justify\"><span style=\"color: #000000\"><span style=\"font-family: Arial, sans-serif\"><span style=\"font-size: medium\">En l\u2019\u00e9tat, <\/span><\/span><\/span><span style=\"color: #000000\"><span style=\"font-family: Arial, sans-serif\"><span style=\"font-size: medium\">la DRAAF assure s\u2019\u00eatre content\u00e9e de rendre 3300 heures \u00e0 la DGER, avec <\/span><\/span><\/span><span style=\"color: #000000\"><span style=\"font-family: Arial, sans-serif\"><span style=\"font-size: medium\">quatre \u00e9tablissements publics <\/span><\/span><\/span><span style=\"color: #000000\"><span style=\"font-family: Arial, sans-serif\"><span style=\"font-size: medium\">d\u2019ores et d\u00e9j\u00e0 <\/span><\/span><\/span><span style=\"color: #000000\"><span style=\"font-family: Arial, sans-serif\"><span style=\"font-size: medium\">particuli\u00e8rement cibl<\/span><\/span><\/span><span style=\"color: #000000\"><span style=\"font-family: Arial, sans-serif\"><span style=\"font-size: medium\">\u00e9s\u00a0: le lyc\u00e9e de <\/span><\/span><\/span><span style=\"color: #ff0000\"><span style=\"font-family: Arial, sans-serif\"><span style=\"font-size: medium\"><b>Bourcefranc<\/b><\/span><\/span><\/span><span style=\"color: #000000\"><span style=\"font-family: Arial, sans-serif\"><span style=\"font-size: medium\"> (<\/span><\/span><\/span><span style=\"color: #000000\"><span style=\"font-family: Arial, sans-serif\"><span style=\"font-size: medium\">550h<\/span><\/span><\/span><span style=\"color: #000000\"><span style=\"font-family: Arial, sans-serif\"><span style=\"font-size: medium\"> &#8211; fusion de classe<\/span><\/span><\/span><span style=\"color: #000000\"><span style=\"font-family: Arial, sans-serif\"><span style=\"font-size: medium\">s<\/span><\/span><\/span><span style=\"color: #000000\"><span style=\"font-family: Arial, sans-serif\"><span style=\"font-size: medium\"> de 1<\/span><\/span><\/span><span style=\"color: #000000\"><sup><span style=\"font-family: Arial, sans-serif\"><span style=\"font-size: medium\">\u00e8re<\/span><\/span><\/sup><\/span> <span style=\"color: #000000\"><span style=\"font-family: Arial, sans-serif\"><span style=\"font-size: medium\">B<\/span><\/span><\/span><span style=\"color: #000000\"><span style=\"font-family: Arial, sans-serif\"><span style=\"font-size: medium\">ac <\/span><\/span><\/span><span style=\"color: #000000\"><span style=\"font-family: Arial, sans-serif\"><span style=\"font-size: medium\">P<\/span><\/span><\/span><span style=\"color: #000000\"><span style=\"font-family: Arial, sans-serif\"><span style=\"font-size: medium\">ro), le lyc\u00e9e de <\/span><\/span><\/span><span style=\"color: #ff0000\"><span style=\"font-family: Arial, sans-serif\"><span style=\"font-size: medium\"><b>Niort <\/b><\/span><\/span><\/span><span style=\"color: #000000\"><span style=\"font-family: Arial, sans-serif\"><span style=\"font-size: medium\">(<\/span><\/span><\/span><span style=\"color: #000000\"><span style=\"font-family: Arial, sans-serif\"><span style=\"font-size: medium\">550h<\/span><\/span><\/span><span style=\"color: #000000\"><span style=\"font-family: Arial, sans-serif\"><span style=\"font-size: medium\"> &#8211; fusion de classe<\/span><\/span><\/span><span style=\"color: #000000\"><span style=\"font-family: Arial, sans-serif\"><span style=\"font-size: medium\">s<\/span><\/span><\/span><span style=\"color: #000000\"><span style=\"font-family: Arial, sans-serif\"><span style=\"font-size: medium\"> de 1<\/span><\/span><\/span><span style=\"color: #000000\"><sup><span style=\"font-family: Arial, sans-serif\"><span style=\"font-size: medium\">\u00e8re<\/span><\/span><\/sup><\/span> <span style=\"color: #000000\"><span style=\"font-family: Arial, sans-serif\"><span style=\"font-size: medium\">B<\/span><\/span><\/span><span style=\"color: #000000\"><span style=\"font-family: Arial, sans-serif\"><span style=\"font-size: medium\">ac <\/span><\/span><\/span><span style=\"color: #000000\"><span style=\"font-family: Arial, sans-serif\"><span style=\"font-size: medium\">P<\/span><\/span><\/span><span style=\"color: #000000\"><span style=\"font-family: Arial, sans-serif\"><span style=\"font-size: medium\">ro), le lyc\u00e9e de <\/span><\/span><\/span><span style=\"color: #ff0000\"><span style=\"font-family: Arial, sans-serif\"><span style=\"font-size: medium\"><b>Surg\u00e8res<\/b><\/span><\/span><\/span><span style=\"color: #000000\"><span style=\"font-family: Arial, sans-serif\"><span style=\"font-size: medium\"> (<\/span><\/span><\/span><span style=\"color: #000000\"><span style=\"font-family: Arial, sans-serif\"><span style=\"font-size: medium\">700h<\/span><\/span><\/span><span style=\"color: #000000\"><span style=\"font-family: Arial, sans-serif\"><span style=\"font-size: medium\"> &#8211; gel du BTSA Bioqualim, \u00ab\u00a0compens\u00e9\u00a0\u00bb par l\u2019ouverture d\u2019un <\/span><\/span><\/span><span style=\"color: #000000\"><span style=\"font-family: Arial, sans-serif\"><span style=\"font-size: medium\">B<\/span><\/span><\/span><span style=\"color: #000000\"><span style=\"font-family: Arial, sans-serif\"><span style=\"font-size: medium\">ac <\/span><\/span><\/span><span style=\"color: #000000\"><span style=\"font-family: Arial, sans-serif\"><span style=\"font-size: medium\">P<\/span><\/span><\/span><span style=\"color: #000000\"><span style=\"font-family: Arial, sans-serif\"><span style=\"font-size: medium\">ro Vente, \u00e0 confirmer dans le dialogue avec l\u2019\u00c9ducation nationale) et le lyc\u00e9e de <\/span><\/span><\/span><span style=\"color: #ff0000\"><span style=\"font-family: Arial, sans-serif\"><span style=\"font-size: medium\"><b>Blanquefort<\/b><\/span><\/span><\/span><span style=\"color: #000000\"><span style=\"font-family: Arial, sans-serif\"><span style=\"font-size: medium\"> (<\/span><\/span><\/span><span style=\"color: #000000\"><span style=\"font-family: Arial, sans-serif\"><span style=\"font-size: medium\">1100h &#8211; <\/span><\/span><\/span><span style=\"color: #000000\"><span style=\"font-family: Arial, sans-serif\"><span style=\"font-size: medium\">fusion des deux classes de BTSA Viticulture-oenologie).<\/span><\/span><\/span><\/p>\n<p align=\"justify\"><span style=\"color: #000000\"><span style=\"font-family: Arial, sans-serif\"><span style=\"font-size: medium\">Enfin restent <\/span><\/span><\/span><span style=\"color: #000000\"><span style=\"font-family: Arial, sans-serif\"><span style=\"font-size: medium\">400 heures <\/span><\/span><\/span><span style=\"color: #000000\"><span style=\"font-family: Arial, sans-serif\"><span style=\"font-size: medium\">qui <\/span><\/span><\/span><span style=\"color: #000000\"><span style=\"font-family: Arial, sans-serif\"><span style=\"font-size: medium\">seraient supprim\u00e9es via les ajustements entre les pr\u00e9visions et les faits apr\u00e8s la rentr\u00e9e.<\/span><\/span><\/span><\/p>\n<p align=\"justify\"><span style=\"color: #000000\"><span style=\"font-family: Arial, sans-serif\"><span style=\"font-size: medium\">Pour les quelques 2000 heures restantes, l\u2019arbitrage final sera effectu\u00e9 par la DRAAF en fonction des demandes de la DGER.<\/span><\/span><\/span><\/p>\n<p align=\"justify\"><span style=\"color: #ff8000\"><span style=\"font-family: Arial, sans-serif\"><span style=\"font-size: large\"><u><b>Une d\u00e9nonciation sans ambigu\u00eft\u00e9 de l\u2019\u00c9lan commun<\/b><\/u><\/span><\/span><\/span><\/p>\n<p align=\"justify\"><span style=\"color: #000000\"><span style=\"font-family: Arial, sans-serif\"><span style=\"font-size: medium\">Dans un contexte ou le nouveau gouvernement n\u2019a pas encore pr\u00e9sent\u00e9 de budget pour 2025 et ou les parlementaires ne se sont pas prononc\u00e9s sur la loi de finance, une telle d\u00e9cision est incompr\u00e9hensible et <span style=\"color: #ff0000\"><b>inacceptable<\/b><\/span><span style=\"color: #ff0000\">.<\/span><\/span><\/span><\/span><\/p>\n<p align=\"justify\"><span style=\"color: #000000\"><span style=\"font-family: Arial, sans-serif\"><span style=\"font-size: medium\">Alors que cette annonce, est faite en dehors de tout dialogue social et que la r\u00e9union du CNEA de d\u00e9cembre a \u00e9t\u00e9 annul\u00e9e \u00ab\u00a0<i>faute de sujet \u00e0 traiter<\/i>\u00a0\u00bb, cette annonce sonne comme une provocation <span style=\"color: #ff0000\"><b>inacceptable<\/b><\/span>.<\/span><\/span><\/span><\/p>\n<p align=\"justify\"><span style=\"color: #000000\"><span style=\"font-family: Arial, sans-serif\"><span style=\"font-size: medium\">Avec un calendrier qui \u00ab\u00a0enjambe\u00a0\u00bb le CREFOP, instance r\u00e9gionale qui doit finaliser la carte des formations, et alors que Parcoursup a d\u00e9j\u00e0 ouvert, la pression mise sur les directions d\u2019EPLEFPA par la DGER fait peser la responsabilit\u00e9 des annonces sur l\u2019\u00e9chelon r\u00e9gional, charg\u00e9 des basses \u0153uvres. Une position <span style=\"color: #ff0000\"><b>inacceptable<\/b><\/span><\/span><\/span><\/span><\/p>\n<p align=\"justify\"><span style=\"color: #000000\"><span style=\"font-family: Arial, sans-serif\"><span style=\"font-size: medium\">L\u2019\u00c9lan commun <\/span><\/span><\/span><span style=\"color: #000000\"><span style=\"font-family: Arial, sans-serif\"><span style=\"font-size: medium\">d\u00e9non<\/span><\/span><\/span><span style=\"color: #000000\"><span style=\"font-family: Arial, sans-serif\"><span style=\"font-size: medium\">ce<\/span><\/span><\/span><span style=\"color: #000000\"><span style=\"font-family: Arial, sans-serif\"><span style=\"font-size: medium\"> l\u2019attaque que <\/span><\/span><\/span><span style=\"color: #000000\"><span style=\"font-family: Arial, sans-serif\"><span style=\"font-size: medium\">de telles d\u00e9cisions feraient peser sur <\/span><\/span><\/span><span style=\"color: #000000\"><span style=\"font-family: Arial, sans-serif\"><span style=\"font-size: medium\">les conditions de travail des personnels de la r\u00e9gion, d\u00e9j\u00e0 d\u00e9grad\u00e9es apr\u00e8s une s\u00e9rie de r\u00e9formes iniques (r\u00e9forme des retraites, r\u00e9forme de la voie professionnelle, r\u00e9forme des seuils, Pacte enseignant\u2026). <\/span><\/span><\/span><span style=\"color: #000000\"><span style=\"font-family: Arial, sans-serif\"><span style=\"font-size: medium\">Une perspective <\/span><\/span><\/span><span style=\"color: #ff0000\"><span style=\"font-family: Arial, sans-serif\"><span style=\"font-size: medium\"><b>inacceptable<\/b><\/span><\/span><\/span><span style=\"color: #000000\"><span style=\"font-family: Arial, sans-serif\"><span style=\"font-size: medium\">.<\/span><\/span><\/span><\/p>\n<p align=\"justify\"><span style=\"color: #000000\"><span style=\"font-family: Arial, sans-serif\"><span style=\"font-size: medium\">Que des \u00e9tablissements soient vis\u00e9s en particulier alors que plusieurs d\u2019entre eux sont d\u00e9j\u00e0 fragilis\u00e9s est<span style=\"color: #ff0000\"><b> inacceptable<\/b><\/span>. Au contraire nous exigeons un plan de soutien ambitieux pour ces derniers.<\/span><\/span><\/span><\/p>\n<p align=\"justify\"><span style=\"font-family: Arial, sans-serif\"><span style=\"color: #000000\"><span style=\"font-size: medium\">L\u2019\u00c9lan Commun d\u00e9nonce <\/span><\/span><span style=\"color: #000000\"><span style=\"font-size: medium\">aussi <\/span><\/span><span style=\"color: #000000\"><span style=\"font-size: medium\">l\u2019hypocrisie vis-\u00e0-vis d\u2019une profession agricole en difficult\u00e9 et dont le renouvellement de g\u00e9n\u00e9rations est annonc\u00e9 comme une priorit\u00e9. Nous r\u00e9affirmons au contraire que la situation de la fili\u00e8re <\/span><\/span><span style=\"color: #000000\"><span style=\"font-size: medium\">et les changements de modes de production indispensables <\/span><\/span><span style=\"color: #000000\"><span style=\"font-size: medium\">n\u00e9cessite<\/span><\/span><span style=\"color: #000000\"><span style=\"font-size: medium\">nt<\/span><\/span><span style=\"color: #000000\"><span style=\"font-size: medium\"> une attractivit\u00e9 accrue et une offre de formation valoris\u00e9e dans nos \u00e9tablissements publics.<\/span><\/span><\/span><\/p>\n<p align=\"justify\"><span style=\"font-family: Arial, sans-serif\"><span style=\"color: #000000\"><span style=\"font-size: medium\">Nous rappelons que \u00ab\u00a0l\u2019ex-futur Bachelor maison\u00a0\u00bb, qui dans sa forme actuelle ne donne pas les garanties d\u2019\u00eatre un dipl\u00f4me national de Premier cycle en Sciences et Techniques de l\u2019agronomie reconnu, n\u2019a d\u2019int\u00e9r\u00eat que s\u2019il se d\u00e9veloppe avec une politique volontariste et ambitieuse du minist\u00e8re de l\u2019agriculture en concertation avec l\u2019enseignement sup\u00e9rieur et avec des moyens d\u00e9di\u00e9s et suppl\u00e9mentaires. \u2026 dans le projet de la DGER ce nouveau dipl\u00f4me serait mis en \u0153uvre avec des moyens pr\u00e9lev\u00e9<\/span><\/span><span style=\"color: #000000\"><span style=\"font-size: medium\">s<\/span><\/span><span style=\"color: #000000\"><span style=\"font-size: medium\"> sur l\u2019enseignement technique. <\/span><\/span><span style=\"color: #ff0000\"><span style=\"font-size: medium\"><b>Inacceptable<\/b><\/span><\/span><span style=\"color: #000000\"><span style=\"font-size: medium\">.<\/span><\/span><\/span><\/p>\n<p align=\"justify\"><span style=\"color: #000000\"><span style=\"font-family: Arial, sans-serif\"><span style=\"font-size: medium\">Enfin nous d\u00e9non\u00e7ons le choix politique en Nouvelle Aquitaine de faire peser sur le seul enseignement agricole public ces restrictions budg\u00e9taires. Car malgr\u00e9 nos demandes r\u00e9it\u00e9r\u00e9es, la DRAAF ne nous a pas communiqu\u00e9 le nombre de postes et de moyens supprim\u00e9s pour l\u2019enseignement priv\u00e9.<b> <\/b><span style=\"color: #ff0000\"><b>Inacceptable<\/b><\/span><\/span><\/span><\/span><\/p>\n<table width=\"100%\" cellspacing=\"0\" cellpadding=\"4\">\n<tbody>\n<tr>\n<td valign=\"top\" bgcolor=\"#cccccc\" width=\"100%\">\n<p align=\"justify\"><span style=\"color: #ff0000\"><span style=\"font-family: Arial, sans-serif\"><span style=\"font-size: large\"><b>L\u2019\u00c9lan commun rejette en bloc ces annonces et d\u00e9nonce des d\u00e9cisions strat\u00e9giques pour l\u2019enseignement agricole public prises sans concertation politique et en dehors de tout dialogue social. Il alerte d\u00e8s aujourd\u2019hui les \u00e9lu.es nationaux et r\u00e9gionaux, ainsi que l\u2019ensemble des acteur.rices de l\u2019enseignement agricole pour emp\u00eacher le projet funeste de la DRAAF et la DGER. <\/b><\/span><\/span><\/span><\/p>\n<\/td>\n<\/tr>\n<\/tbody>\n<\/table>\n","protected":false},"excerpt":{"rendered":"<p>V\u0152UX DE LA DRAAF POUR L\u2019ENSEIGNEMENT PUBLIC\u00a0: une baisse de la DGH pour l\u2019Enseignement Agricole Public L\u2019\u00c9lan commun \u00e9tait convi\u00e9, le 7 janvier \u00e0 une rencontre en visioconf\u00e9rence avec la DRAAF pour l\u2019annonce d\u2019une forte baisse des moyens allou\u00e9s \u00e0 l\u2019enseignement agricole public, pour la rentr\u00e9e scolaire 2025 en Nouvelle-Aquitaine. L\u2019\u00c9lan commun \u00e9tait repr\u00e9sent\u00e9 par [&hellip;]<\/p>\n","protected":false},"author":128,"featured_media":3847,"comment_status":"closed","ping_status":"closed","sticky":false,"template":"","format":"standard","meta":{"ocean_post_layout":"","ocean_both_sidebars_style":"","ocean_both_sidebars_content_width":0,"ocean_both_sidebars_sidebars_width":0,"ocean_sidebar":"","ocean_second_sidebar":"","ocean_disable_margins":"enable","ocean_add_body_class":"","ocean_shortcode_before_top_bar":"","ocean_shortcode_after_top_bar":"","ocean_shortcode_before_header":"","ocean_shortcode_after_header":"","ocean_has_shortcode":"","ocean_shortcode_after_title":"","ocean_shortcode_before_footer_widgets":"","ocean_shortcode_after_footer_widgets":"","ocean_shortcode_before_footer_bottom":"","ocean_shortcode_after_footer_bottom":"","ocean_display_top_bar":"default","ocean_display_header":"default","ocean_header_style":"","ocean_center_header_left_menu":"","ocean_custom_header_template":"","ocean_custom_logo":0,"ocean_custom_retina_logo":0,"ocean_custom_logo_max_width":0,"ocean_custom_logo_tablet_max_width":0,"ocean_custom_logo_mobile_max_width":0,"ocean_custom_logo_max_height":0,"ocean_custom_logo_tablet_max_height":0,"ocean_custom_logo_mobile_max_height":0,"ocean_header_custom_menu":"","ocean_menu_typo_font_family":"","ocean_menu_typo_font_subset":"","ocean_menu_typo_font_size":0,"ocean_menu_typo_font_size_tablet":0,"ocean_menu_typo_font_size_mobile":0,"ocean_menu_typo_font_size_unit":"px","ocean_menu_typo_font_weight":"","ocean_menu_typo_font_weight_tablet":"","ocean_menu_typo_font_weight_mobile":"","ocean_menu_typo_transform":"","ocean_menu_typo_transform_tablet":"","ocean_menu_typo_transform_mobile":"","ocean_menu_typo_line_height":0,"ocean_menu_typo_line_height_tablet":0,"ocean_menu_typo_line_height_mobile":0,"ocean_menu_typo_line_height_unit":"","ocean_menu_typo_spacing":0,"ocean_menu_typo_spacing_tablet":0,"ocean_menu_typo_spacing_mobile":0,"ocean_menu_typo_spacing_unit":"","ocean_menu_link_color":"","ocean_menu_link_color_hover":"","ocean_menu_link_color_active":"","ocean_menu_link_background":"","ocean_menu_link_hover_background":"","ocean_menu_link_active_background":"","ocean_menu_social_links_bg":"","ocean_menu_social_hover_links_bg":"","ocean_menu_social_links_color":"","ocean_menu_social_hover_links_color":"","ocean_disable_title":"default","ocean_disable_heading":"default","ocean_post_title":"","ocean_post_subheading":"","ocean_post_title_style":"","ocean_post_title_background_color":"","ocean_post_title_background":0,"ocean_post_title_bg_image_position":"","ocean_post_title_bg_image_attachment":"","ocean_post_title_bg_image_repeat":"","ocean_post_title_bg_image_size":"","ocean_post_title_height":0,"ocean_post_title_bg_overlay":0.5,"ocean_post_title_bg_overlay_color":"","ocean_disable_breadcrumbs":"default","ocean_breadcrumbs_color":"","ocean_breadcrumbs_separator_color":"","ocean_breadcrumbs_links_color":"","ocean_breadcrumbs_links_hover_color":"","ocean_display_footer_widgets":"default","ocean_display_footer_bottom":"default","ocean_custom_footer_template":"","ocean_post_oembed":"","ocean_post_self_hosted_media":"","ocean_post_video_embed":"","ocean_link_format":"","ocean_link_format_target":"self","ocean_quote_format":"","ocean_quote_format_link":"post","ocean_gallery_link_images":"on","ocean_gallery_id":[],"footnotes":""},"categories":[1],"tags":[],"post_folder":[],"class_list":["post-3845","post","type-post","status-publish","format-standard","has-post-thumbnail","hentry","category-message-de-service","entry","has-media"],"yoast_head":"<!-- This site is optimized with the Yoast SEO plugin v27.4 - https:\/\/yoast.com\/product\/yoast-seo-wordpress\/ -->\n<title>Baisse inacceptable de DGH en Nouvelle Aquitaine - NOUVELLE AQUITAINE<\/title>\n<meta name=\"robots\" content=\"index, follow, max-snippet:-1, max-image-preview:large, max-video-preview:-1\" \/>\n<link rel=\"canonical\" href=\"https:\/\/regions-snetap-fsu.fr\/na\/2025\/01\/08\/baisse-inacceptable-de-dgh-en-nouvelle-aquitaine\/\" \/>\n<meta property=\"og:locale\" content=\"fr_FR\" \/>\n<meta property=\"og:type\" content=\"article\" \/>\n<meta property=\"og:title\" content=\"Baisse inacceptable de DGH en Nouvelle Aquitaine - NOUVELLE AQUITAINE\" \/>\n<meta property=\"og:description\" content=\"V\u0152UX DE LA DRAAF POUR L\u2019ENSEIGNEMENT PUBLIC\u00a0: une baisse de la DGH pour l\u2019Enseignement Agricole Public L\u2019\u00c9lan commun \u00e9tait convi\u00e9, le 7 janvier \u00e0 une rencontre en visioconf\u00e9rence avec la DRAAF pour l\u2019annonce d\u2019une forte baisse des moyens allou\u00e9s \u00e0 l\u2019enseignement agricole public, pour la rentr\u00e9e scolaire 2025 en Nouvelle-Aquitaine. L\u2019\u00c9lan commun \u00e9tait repr\u00e9sent\u00e9 par [&hellip;]\" \/>\n<meta property=\"og:url\" content=\"https:\/\/regions-snetap-fsu.fr\/na\/2025\/01\/08\/baisse-inacceptable-de-dgh-en-nouvelle-aquitaine\/\" \/>\n<meta property=\"og:site_name\" content=\"NOUVELLE AQUITAINE\" \/>\n<meta property=\"article:published_time\" content=\"2025-01-08T11:25:05+00:00\" \/>\n<meta property=\"article:modified_time\" content=\"2025-01-08T18:37:43+00:00\" \/>\n<meta property=\"og:image\" content=\"https:\/\/regions-snetap-fsu.fr\/na\/wp-content\/uploads\/sites\/3\/2025\/01\/Partie-affiche.png\" \/>\n\t<meta property=\"og:image:width\" content=\"988\" \/>\n\t<meta property=\"og:image:height\" content=\"1054\" \/>\n\t<meta property=\"og:image:type\" content=\"image\/png\" \/>\n<meta name=\"author\" content=\"olivierb\" \/>\n<meta name=\"twitter:card\" content=\"summary_large_image\" \/>\n<meta name=\"twitter:label1\" content=\"\u00c9crit par\" \/>\n\t<meta name=\"twitter:data1\" content=\"olivierb\" \/>\n\t<meta name=\"twitter:label2\" content=\"Dur\u00e9e de lecture estim\u00e9e\" \/>\n\t<meta name=\"twitter:data2\" content=\"4 minutes\" \/>\n<script type=\"application\/ld+json\" class=\"yoast-schema-graph\">{\"@context\":\"https:\\\/\\\/schema.org\",\"@graph\":[{\"@type\":\"Article\",\"@id\":\"https:\\\/\\\/regions-snetap-fsu.fr\\\/na\\\/2025\\\/01\\\/08\\\/baisse-inacceptable-de-dgh-en-nouvelle-aquitaine\\\/#article\",\"isPartOf\":{\"@id\":\"https:\\\/\\\/regions-snetap-fsu.fr\\\/na\\\/2025\\\/01\\\/08\\\/baisse-inacceptable-de-dgh-en-nouvelle-aquitaine\\\/\"},\"author\":{\"name\":\"olivierb\",\"@id\":\"https:\\\/\\\/regions-snetap-fsu.fr\\\/na\\\/#\\\/schema\\\/person\\\/bdf1c4fe149dcf915601f9de85ba379f\"},\"headline\":\"Baisse inacceptable de DGH en Nouvelle Aquitaine\",\"datePublished\":\"2025-01-08T11:25:05+00:00\",\"dateModified\":\"2025-01-08T18:37:43+00:00\",\"mainEntityOfPage\":{\"@id\":\"https:\\\/\\\/regions-snetap-fsu.fr\\\/na\\\/2025\\\/01\\\/08\\\/baisse-inacceptable-de-dgh-en-nouvelle-aquitaine\\\/\"},\"wordCount\":900,\"publisher\":{\"@id\":\"https:\\\/\\\/regions-snetap-fsu.fr\\\/na\\\/#organization\"},\"image\":{\"@id\":\"https:\\\/\\\/regions-snetap-fsu.fr\\\/na\\\/2025\\\/01\\\/08\\\/baisse-inacceptable-de-dgh-en-nouvelle-aquitaine\\\/#primaryimage\"},\"thumbnailUrl\":\"https:\\\/\\\/regions-snetap-fsu.fr\\\/na\\\/wp-content\\\/uploads\\\/sites\\\/3\\\/2025\\\/01\\\/Partie-affiche.png\",\"articleSection\":[\"Message de service\"],\"inLanguage\":\"fr-FR\"},{\"@type\":\"WebPage\",\"@id\":\"https:\\\/\\\/regions-snetap-fsu.fr\\\/na\\\/2025\\\/01\\\/08\\\/baisse-inacceptable-de-dgh-en-nouvelle-aquitaine\\\/\",\"url\":\"https:\\\/\\\/regions-snetap-fsu.fr\\\/na\\\/2025\\\/01\\\/08\\\/baisse-inacceptable-de-dgh-en-nouvelle-aquitaine\\\/\",\"name\":\"Baisse inacceptable de DGH en Nouvelle Aquitaine - NOUVELLE AQUITAINE\",\"isPartOf\":{\"@id\":\"https:\\\/\\\/regions-snetap-fsu.fr\\\/na\\\/#website\"},\"primaryImageOfPage\":{\"@id\":\"https:\\\/\\\/regions-snetap-fsu.fr\\\/na\\\/2025\\\/01\\\/08\\\/baisse-inacceptable-de-dgh-en-nouvelle-aquitaine\\\/#primaryimage\"},\"image\":{\"@id\":\"https:\\\/\\\/regions-snetap-fsu.fr\\\/na\\\/2025\\\/01\\\/08\\\/baisse-inacceptable-de-dgh-en-nouvelle-aquitaine\\\/#primaryimage\"},\"thumbnailUrl\":\"https:\\\/\\\/regions-snetap-fsu.fr\\\/na\\\/wp-content\\\/uploads\\\/sites\\\/3\\\/2025\\\/01\\\/Partie-affiche.png\",\"datePublished\":\"2025-01-08T11:25:05+00:00\",\"dateModified\":\"2025-01-08T18:37:43+00:00\",\"breadcrumb\":{\"@id\":\"https:\\\/\\\/regions-snetap-fsu.fr\\\/na\\\/2025\\\/01\\\/08\\\/baisse-inacceptable-de-dgh-en-nouvelle-aquitaine\\\/#breadcrumb\"},\"inLanguage\":\"fr-FR\",\"potentialAction\":[{\"@type\":\"ReadAction\",\"target\":[\"https:\\\/\\\/regions-snetap-fsu.fr\\\/na\\\/2025\\\/01\\\/08\\\/baisse-inacceptable-de-dgh-en-nouvelle-aquitaine\\\/\"]}]},{\"@type\":\"ImageObject\",\"inLanguage\":\"fr-FR\",\"@id\":\"https:\\\/\\\/regions-snetap-fsu.fr\\\/na\\\/2025\\\/01\\\/08\\\/baisse-inacceptable-de-dgh-en-nouvelle-aquitaine\\\/#primaryimage\",\"url\":\"https:\\\/\\\/regions-snetap-fsu.fr\\\/na\\\/wp-content\\\/uploads\\\/sites\\\/3\\\/2025\\\/01\\\/Partie-affiche.png\",\"contentUrl\":\"https:\\\/\\\/regions-snetap-fsu.fr\\\/na\\\/wp-content\\\/uploads\\\/sites\\\/3\\\/2025\\\/01\\\/Partie-affiche.png\",\"width\":988,\"height\":1054},{\"@type\":\"BreadcrumbList\",\"@id\":\"https:\\\/\\\/regions-snetap-fsu.fr\\\/na\\\/2025\\\/01\\\/08\\\/baisse-inacceptable-de-dgh-en-nouvelle-aquitaine\\\/#breadcrumb\",\"itemListElement\":[{\"@type\":\"ListItem\",\"position\":1,\"name\":\"Accueil\",\"item\":\"https:\\\/\\\/regions-snetap-fsu.fr\\\/na\\\/\"},{\"@type\":\"ListItem\",\"position\":2,\"name\":\"Baisse inacceptable de DGH en Nouvelle Aquitaine\"}]},{\"@type\":\"WebSite\",\"@id\":\"https:\\\/\\\/regions-snetap-fsu.fr\\\/na\\\/#website\",\"url\":\"https:\\\/\\\/regions-snetap-fsu.fr\\\/na\\\/\",\"name\":\"SNETAP-FSU NOUVELLE AQUITAINE\",\"description\":\"Blog de la Section R\u00e9gionale\",\"publisher\":{\"@id\":\"https:\\\/\\\/regions-snetap-fsu.fr\\\/na\\\/#organization\"},\"potentialAction\":[{\"@type\":\"SearchAction\",\"target\":{\"@type\":\"EntryPoint\",\"urlTemplate\":\"https:\\\/\\\/regions-snetap-fsu.fr\\\/na\\\/?s={search_term_string}\"},\"query-input\":{\"@type\":\"PropertyValueSpecification\",\"valueRequired\":true,\"valueName\":\"search_term_string\"}}],\"inLanguage\":\"fr-FR\"},{\"@type\":\"Organization\",\"@id\":\"https:\\\/\\\/regions-snetap-fsu.fr\\\/na\\\/#organization\",\"name\":\"SNETAP-FSU - Nouvelle Aquitaine\",\"url\":\"https:\\\/\\\/regions-snetap-fsu.fr\\\/na\\\/\",\"logo\":{\"@type\":\"ImageObject\",\"inLanguage\":\"fr-FR\",\"@id\":\"https:\\\/\\\/regions-snetap-fsu.fr\\\/na\\\/#\\\/schema\\\/logo\\\/image\\\/\",\"url\":\"https:\\\/\\\/regions-snetap-fsu.fr\\\/na\\\/wp-content\\\/uploads\\\/sites\\\/3\\\/2020\\\/12\\\/SNETAP-Logo.jpg\",\"contentUrl\":\"https:\\\/\\\/regions-snetap-fsu.fr\\\/na\\\/wp-content\\\/uploads\\\/sites\\\/3\\\/2020\\\/12\\\/SNETAP-Logo.jpg\",\"width\":464,\"height\":334,\"caption\":\"SNETAP-FSU - Nouvelle Aquitaine\"},\"image\":{\"@id\":\"https:\\\/\\\/regions-snetap-fsu.fr\\\/na\\\/#\\\/schema\\\/logo\\\/image\\\/\"}},{\"@type\":\"Person\",\"@id\":\"https:\\\/\\\/regions-snetap-fsu.fr\\\/na\\\/#\\\/schema\\\/person\\\/bdf1c4fe149dcf915601f9de85ba379f\",\"name\":\"olivierb\",\"image\":{\"@type\":\"ImageObject\",\"inLanguage\":\"fr-FR\",\"@id\":\"https:\\\/\\\/secure.gravatar.com\\\/avatar\\\/d9cce0db1146844098d0ec7fae94551015c4ff78117aab56897823bb265a7bc9?s=96&d=mm&r=g\",\"url\":\"https:\\\/\\\/secure.gravatar.com\\\/avatar\\\/d9cce0db1146844098d0ec7fae94551015c4ff78117aab56897823bb265a7bc9?s=96&d=mm&r=g\",\"contentUrl\":\"https:\\\/\\\/secure.gravatar.com\\\/avatar\\\/d9cce0db1146844098d0ec7fae94551015c4ff78117aab56897823bb265a7bc9?s=96&d=mm&r=g\",\"caption\":\"olivierb\"},\"url\":\"https:\\\/\\\/regions-snetap-fsu.fr\\\/na\\\/author\\\/olivierb\\\/\"}]}<\/script>\n<!-- \/ Yoast SEO plugin. -->","yoast_head_json":{"title":"Baisse inacceptable de DGH en Nouvelle Aquitaine - NOUVELLE AQUITAINE","robots":{"index":"index","follow":"follow","max-snippet":"max-snippet:-1","max-image-preview":"max-image-preview:large","max-video-preview":"max-video-preview:-1"},"canonical":"https:\/\/regions-snetap-fsu.fr\/na\/2025\/01\/08\/baisse-inacceptable-de-dgh-en-nouvelle-aquitaine\/","og_locale":"fr_FR","og_type":"article","og_title":"Baisse inacceptable de DGH en Nouvelle Aquitaine - NOUVELLE AQUITAINE","og_description":"V\u0152UX DE LA DRAAF POUR L\u2019ENSEIGNEMENT PUBLIC\u00a0: une baisse de la DGH pour l\u2019Enseignement Agricole Public L\u2019\u00c9lan commun \u00e9tait convi\u00e9, le 7 janvier \u00e0 une rencontre en visioconf\u00e9rence avec la DRAAF pour l\u2019annonce d\u2019une forte baisse des moyens allou\u00e9s \u00e0 l\u2019enseignement agricole public, pour la rentr\u00e9e scolaire 2025 en Nouvelle-Aquitaine. L\u2019\u00c9lan commun \u00e9tait repr\u00e9sent\u00e9 par [&hellip;]","og_url":"https:\/\/regions-snetap-fsu.fr\/na\/2025\/01\/08\/baisse-inacceptable-de-dgh-en-nouvelle-aquitaine\/","og_site_name":"NOUVELLE AQUITAINE","article_published_time":"2025-01-08T11:25:05+00:00","article_modified_time":"2025-01-08T18:37:43+00:00","og_image":[{"width":988,"height":1054,"url":"https:\/\/regions-snetap-fsu.fr\/na\/wp-content\/uploads\/sites\/3\/2025\/01\/Partie-affiche.png","type":"image\/png"}],"author":"olivierb","twitter_card":"summary_large_image","twitter_misc":{"\u00c9crit par":"olivierb","Dur\u00e9e de lecture estim\u00e9e":"4 minutes"},"schema":{"@context":"https:\/\/schema.org","@graph":[{"@type":"Article","@id":"https:\/\/regions-snetap-fsu.fr\/na\/2025\/01\/08\/baisse-inacceptable-de-dgh-en-nouvelle-aquitaine\/#article","isPartOf":{"@id":"https:\/\/regions-snetap-fsu.fr\/na\/2025\/01\/08\/baisse-inacceptable-de-dgh-en-nouvelle-aquitaine\/"},"author":{"name":"olivierb","@id":"https:\/\/regions-snetap-fsu.fr\/na\/#\/schema\/person\/bdf1c4fe149dcf915601f9de85ba379f"},"headline":"Baisse inacceptable de DGH en Nouvelle Aquitaine","datePublished":"2025-01-08T11:25:05+00:00","dateModified":"2025-01-08T18:37:43+00:00","mainEntityOfPage":{"@id":"https:\/\/regions-snetap-fsu.fr\/na\/2025\/01\/08\/baisse-inacceptable-de-dgh-en-nouvelle-aquitaine\/"},"wordCount":900,"publisher":{"@id":"https:\/\/regions-snetap-fsu.fr\/na\/#organization"},"image":{"@id":"https:\/\/regions-snetap-fsu.fr\/na\/2025\/01\/08\/baisse-inacceptable-de-dgh-en-nouvelle-aquitaine\/#primaryimage"},"thumbnailUrl":"https:\/\/regions-snetap-fsu.fr\/na\/wp-content\/uploads\/sites\/3\/2025\/01\/Partie-affiche.png","articleSection":["Message de service"],"inLanguage":"fr-FR"},{"@type":"WebPage","@id":"https:\/\/regions-snetap-fsu.fr\/na\/2025\/01\/08\/baisse-inacceptable-de-dgh-en-nouvelle-aquitaine\/","url":"https:\/\/regions-snetap-fsu.fr\/na\/2025\/01\/08\/baisse-inacceptable-de-dgh-en-nouvelle-aquitaine\/","name":"Baisse inacceptable de DGH en Nouvelle Aquitaine - NOUVELLE AQUITAINE","isPartOf":{"@id":"https:\/\/regions-snetap-fsu.fr\/na\/#website"},"primaryImageOfPage":{"@id":"https:\/\/regions-snetap-fsu.fr\/na\/2025\/01\/08\/baisse-inacceptable-de-dgh-en-nouvelle-aquitaine\/#primaryimage"},"image":{"@id":"https:\/\/regions-snetap-fsu.fr\/na\/2025\/01\/08\/baisse-inacceptable-de-dgh-en-nouvelle-aquitaine\/#primaryimage"},"thumbnailUrl":"https:\/\/regions-snetap-fsu.fr\/na\/wp-content\/uploads\/sites\/3\/2025\/01\/Partie-affiche.png","datePublished":"2025-01-08T11:25:05+00:00","dateModified":"2025-01-08T18:37:43+00:00","breadcrumb":{"@id":"https:\/\/regions-snetap-fsu.fr\/na\/2025\/01\/08\/baisse-inacceptable-de-dgh-en-nouvelle-aquitaine\/#breadcrumb"},"inLanguage":"fr-FR","potentialAction":[{"@type":"ReadAction","target":["https:\/\/regions-snetap-fsu.fr\/na\/2025\/01\/08\/baisse-inacceptable-de-dgh-en-nouvelle-aquitaine\/"]}]},{"@type":"ImageObject","inLanguage":"fr-FR","@id":"https:\/\/regions-snetap-fsu.fr\/na\/2025\/01\/08\/baisse-inacceptable-de-dgh-en-nouvelle-aquitaine\/#primaryimage","url":"https:\/\/regions-snetap-fsu.fr\/na\/wp-content\/uploads\/sites\/3\/2025\/01\/Partie-affiche.png","contentUrl":"https:\/\/regions-snetap-fsu.fr\/na\/wp-content\/uploads\/sites\/3\/2025\/01\/Partie-affiche.png","width":988,"height":1054},{"@type":"BreadcrumbList","@id":"https:\/\/regions-snetap-fsu.fr\/na\/2025\/01\/08\/baisse-inacceptable-de-dgh-en-nouvelle-aquitaine\/#breadcrumb","itemListElement":[{"@type":"ListItem","position":1,"name":"Accueil","item":"https:\/\/regions-snetap-fsu.fr\/na\/"},{"@type":"ListItem","position":2,"name":"Baisse inacceptable de DGH en Nouvelle Aquitaine"}]},{"@type":"WebSite","@id":"https:\/\/regions-snetap-fsu.fr\/na\/#website","url":"https:\/\/regions-snetap-fsu.fr\/na\/","name":"SNETAP-FSU NOUVELLE AQUITAINE","description":"Blog de la Section R\u00e9gionale","publisher":{"@id":"https:\/\/regions-snetap-fsu.fr\/na\/#organization"},"potentialAction":[{"@type":"SearchAction","target":{"@type":"EntryPoint","urlTemplate":"https:\/\/regions-snetap-fsu.fr\/na\/?s={search_term_string}"},"query-input":{"@type":"PropertyValueSpecification","valueRequired":true,"valueName":"search_term_string"}}],"inLanguage":"fr-FR"},{"@type":"Organization","@id":"https:\/\/regions-snetap-fsu.fr\/na\/#organization","name":"SNETAP-FSU - Nouvelle Aquitaine","url":"https:\/\/regions-snetap-fsu.fr\/na\/","logo":{"@type":"ImageObject","inLanguage":"fr-FR","@id":"https:\/\/regions-snetap-fsu.fr\/na\/#\/schema\/logo\/image\/","url":"https:\/\/regions-snetap-fsu.fr\/na\/wp-content\/uploads\/sites\/3\/2020\/12\/SNETAP-Logo.jpg","contentUrl":"https:\/\/regions-snetap-fsu.fr\/na\/wp-content\/uploads\/sites\/3\/2020\/12\/SNETAP-Logo.jpg","width":464,"height":334,"caption":"SNETAP-FSU - Nouvelle Aquitaine"},"image":{"@id":"https:\/\/regions-snetap-fsu.fr\/na\/#\/schema\/logo\/image\/"}},{"@type":"Person","@id":"https:\/\/regions-snetap-fsu.fr\/na\/#\/schema\/person\/bdf1c4fe149dcf915601f9de85ba379f","name":"olivierb","image":{"@type":"ImageObject","inLanguage":"fr-FR","@id":"https:\/\/secure.gravatar.com\/avatar\/d9cce0db1146844098d0ec7fae94551015c4ff78117aab56897823bb265a7bc9?s=96&d=mm&r=g","url":"https:\/\/secure.gravatar.com\/avatar\/d9cce0db1146844098d0ec7fae94551015c4ff78117aab56897823bb265a7bc9?s=96&d=mm&r=g","contentUrl":"https:\/\/secure.gravatar.com\/avatar\/d9cce0db1146844098d0ec7fae94551015c4ff78117aab56897823bb265a7bc9?s=96&d=mm&r=g","caption":"olivierb"},"url":"https:\/\/regions-snetap-fsu.fr\/na\/author\/olivierb\/"}]}},"_links":{"self":[{"href":"https:\/\/regions-snetap-fsu.fr\/na\/wp-json\/wp\/v2\/posts\/3845","targetHints":{"allow":["GET"]}}],"collection":[{"href":"https:\/\/regions-snetap-fsu.fr\/na\/wp-json\/wp\/v2\/posts"}],"about":[{"href":"https:\/\/regions-snetap-fsu.fr\/na\/wp-json\/wp\/v2\/types\/post"}],"author":[{"embeddable":true,"href":"https:\/\/regions-snetap-fsu.fr\/na\/wp-json\/wp\/v2\/users\/128"}],"replies":[{"embeddable":true,"href":"https:\/\/regions-snetap-fsu.fr\/na\/wp-json\/wp\/v2\/comments?post=3845"}],"version-history":[{"count":5,"href":"https:\/\/regions-snetap-fsu.fr\/na\/wp-json\/wp\/v2\/posts\/3845\/revisions"}],"predecessor-version":[{"id":3851,"href":"https:\/\/regions-snetap-fsu.fr\/na\/wp-json\/wp\/v2\/posts\/3845\/revisions\/3851"}],"wp:featuredmedia":[{"embeddable":true,"href":"https:\/\/regions-snetap-fsu.fr\/na\/wp-json\/wp\/v2\/media\/3847"}],"wp:attachment":[{"href":"https:\/\/regions-snetap-fsu.fr\/na\/wp-json\/wp\/v2\/media?parent=3845"}],"wp:term":[{"taxonomy":"category","embeddable":true,"href":"https:\/\/regions-snetap-fsu.fr\/na\/wp-json\/wp\/v2\/categories?post=3845"},{"taxonomy":"post_tag","embeddable":true,"href":"https:\/\/regions-snetap-fsu.fr\/na\/wp-json\/wp\/v2\/tags?post=3845"},{"taxonomy":"post_folder","embeddable":true,"href":"https:\/\/regions-snetap-fsu.fr\/na\/wp-json\/wp\/v2\/post_folder?post=3845"}],"curies":[{"name":"wp","href":"https:\/\/api.w.org\/{rel}","templated":true}]}}