{"id":3767,"date":"2024-10-24T11:10:06","date_gmt":"2024-10-24T09:10:06","guid":{"rendered":"https:\/\/regions-snetap-fsu.fr\/na\/?p=3767"},"modified":"2024-10-24T12:01:49","modified_gmt":"2024-10-24T10:01:49","slug":"le-snetap-fsu-nouvelle-aquitaine-demande-un-bilan-sincere-du-pacte-2023-2024","status":"publish","type":"post","link":"https:\/\/regions-snetap-fsu.fr\/na\/2024\/10\/24\/le-snetap-fsu-nouvelle-aquitaine-demande-un-bilan-sincere-du-pacte-2023-2024\/","title":{"rendered":"Le SNETAP-FSU Nouvelle Aquitaine demande un bilan sinc\u00e8re du Pacte 2023 2024"},"content":{"rendered":"<p><span style=\"color: #ff6600\"><strong>Le 12 octobre 2024, le SNETAP-FSU Nouvelle Aquitaine s&rsquo;est adress\u00e9, par courrier,\u00a0 \u00e0 la Directrice R\u00e9gionale pour lui rappeler son engagement d&rsquo;un bilan pr\u00e9cis du Pacte 2023 2024 d\u00e8s cette rentr\u00e9e et comme le pr\u00e9voit la note de service DGER\/SDEDC\/2023-543 du 24 ao\u00fbt 2023, relative aux missions compl\u00e9mentaires propos\u00e9es au titre du \u00ab Pacte \u00bb.<\/strong><\/span><\/p>\n<p>En effet, pour le SNETAP-FSU le tableau inventoriant la r\u00e9partition des briques par \u00e9tablissement pr\u00e9sent\u00e9 lors du dernier CSA REA, ne peut faire office de seul bilan car il ne r\u00e9ponds pas \u00e0 nos nombreuses interrogations :<\/p>\n<p>&#8211; <strong><span style=\"color: #008000\">quels ont \u00e9t\u00e9 vos crit\u00e8res de choix pour l\u2019affectation initiale des briques dans chaque \u00e9tablissement<\/span> ?<\/strong> Comment s\u2019explique par exemple la diff\u00e9rence d\u2019affectation initiale des briques entre deux \u00e9tablissements comme Melle et Dax ? Ni leur DGH, ni leurs effectifs, ni leurs formations assez similaires ne semblent expliquer une diff\u00e9rence d\u2019affectation du simple au double (54 briques pour Dax &#8211; 100 briques pour Melle).<\/p>\n<p>&#8211;<span style=\"color: #008000\"><strong> comment s\u2019explique les affectations des briques RCD par \u00e9tablissements ?<\/strong><\/span> Nous nous \u00e9tonnons de diff\u00e9rences importantes entre certains \u00e9tablissements. Par exemple entre les \u00e9tablissements de Niort et Saint-Yrieix, similaires en DGH et effectifs, comment se justifie l\u2019affectation de 43 briques RCD \u00e0 Niort et uniquement 5 briques RCD \u00e0 Saint-Yrieix ? Nous craignons ici aussi un manque d\u2019\u00e9quit\u00e9 pour les \u00e9l\u00e8ves.<\/p>\n<p>&#8211; comment se justifie l\u2019affectation de 41 briques d\u2019orientation dans un \u00e9tablissement comme Blanquefort ?<\/p>\n<p>La note de service DGER\/SDEDC\/2023-543 pr\u00e9voyait que pour le remplacement de courte dur\u00e9e, les deux indicateurs \u00e0 observer seraient le nombre et le taux d\u2019heures de cours non remplac\u00e9es au titre des absences de courte dur\u00e9e. En fin d\u2019ann\u00e9e scolaire 2023-2024, les valeurs de ces deux indicateurs sur l\u2019ann\u00e9e devaient \u00eatre compar\u00e9es \u00e0 celles de l\u2019ann\u00e9e scolaire 2022- 2023. Or nous n\u2019avons eu aucun \u00e9l\u00e9ment sur ce point.<\/p>\n<p>La note de service DGER\/SDEDC\/2023-543 du 24 ao\u00fbt 2023 pr\u00e9voyait aussi que \u00ab &#8230; <em>Les <\/em><em>missions confi\u00e9es doivent se traduire par des actions concr\u00e8tes, mesurables et par des r\u00e9sultats qui <\/em><em>seront d\u00e9finis au sein d\u2019une lettre de mission sign\u00e9e en d\u00e9but d\u2019ann\u00e9e scolaire par le chef <\/em><em>d\u2019\u00e9tablissement<\/em>. \u00bb<br \/>\n&#8211; <span style=\"color: #008000\"><strong>les lettres de mission<\/strong> <\/span>ont-elles \u00e9t\u00e9 sign\u00e9es dans tous les \u00e9tablissements et par tou.tes les enseignant.es concern\u00e9.es comme le pr\u00e9voit la note de service ?<br \/>\n&#8211; si oui, combien d\u2019enseignant.es et CPE ont sign\u00e9 ces lettres de mission par \u00e9tablissement ?<br \/>\n&#8211; pour les enseignant.es et CPE qui ont accept\u00e9 de signer les lettres de mission, quel est le nombre<br \/>\nmoyen de briques par enseignant.e signataire ?<\/p>\n<p>&#8211; quel est <strong><span style=\"color: #008000\">le nombre maximum de briques<\/span><\/strong> prises par un.e seul.e enseignant.e ou un.e seul.e CPE ?<\/p>\n<p>&#8211; quelle est <span style=\"color: #008000\"><strong>la r\u00e9partition de ces briques<\/strong><\/span> entre hommes et femmes, entre titulaires et contractuels ?<br \/>\n&#8211; quelle analyse qualitative faites-vous de ces actions mesurables et de ces r\u00e9sultats qui vous sont<br \/>\nremont\u00e9s par les chefs d\u2019\u00e9tablissement ?<\/p>\n<p>&#8211; quelles difficult\u00e9s les \u00e9tablissements et les personnels ont-ils rencontr\u00e9 dans la r\u00e9alisation des<br \/>\nbriques ?<\/p>\n<p>&#8211; <strong>quel contr\u00f4le r\u00e9gional<\/strong> avez-vous appliqu\u00e9 pour v\u00e9rifier la r\u00e9alisation r\u00e9elle de ces briques ?<br \/>\nQuelles mesures avez-vous pris lorsque des briques n\u2019ont pas \u00e9t\u00e9 r\u00e9alis\u00e9es (en totalit\u00e9 ou en partie) avec \u00ab <em>des actions concr\u00e8tes, mesurables<\/em> \u00bb et avec des r\u00e9sultats ?<br \/>\n&#8211; quelle mesure comptez-vous prendre contre les \u00e9tablissements qui n\u2019ont pas assur\u00e9 une totale transparence sur l\u2019affectation des briques ?<\/p>\n<p>&#8211; <strong><span style=\"color: #008000\">quel est le co\u00fbt r\u00e9gional<\/span> <\/strong>au final pour la mise en place du Pacte en Nouvelle Aquitaine ?<\/p>\n<p>Au del\u00e0 de ce bilan pr\u00e9cis le SNETAP-FSU demande la strat\u00e9gie r\u00e9gionale pour l\u2019ann\u00e9e 2024\/2025.<br \/>\nEn effet nous constatons une baisse de la dotation pour cette nouvelle rentr\u00e9e (1907 briques cette ann\u00e9e contre 2819 briques l\u2019an pass\u00e9) &#8211; comment s\u2019explique cette perte de 912 briques entre 2023\/2024 et 2024\/2025 ? Que sont devenues ces briques et surtout les moyens qui les accompagnent ?<\/p>\n<p>Le SNETAP-FSU entend dans certains \u00e9tablissements des d\u00e9rives inqui\u00e9tantes sur l\u2019utilisation des briques (utilisation de briques pour r\u00e9alisation d\u2019heures de cours, r\u00e9alisation non contr\u00f4l\u00e9e de briques, incitations \u00e0 prendre le pacte contre la promesse qu\u2019il n\u2019y aura aucun contr\u00f4le du service r\u00e9ellement fait, paiement d\u2019arri\u00e9r\u00e9 sur des heures suppl\u00e9mentaires, \u2026). Quelles mesures seront prises prendre contre ces d\u00e9rives ?<\/p>\n<p>Le SNETAP-FSU rappelle enfin\u00a0 qu\u2019\u00e0 compter de cette ann\u00e9e scolaire 2024-2025, la phase de\u00a0recueil de l\u2019avis du conseil int\u00e9rieur puis du conseil d\u2019administration est obligatoire sur les missions compl\u00e9mentaires ainsi que leurs modalit\u00e9s de mise en \u0153uvre. Il rappelle \u00e9galement que la nouvelle note de service du 29 mai 2024 pr\u00e9cise que les missions font l&rsquo;objet d&rsquo;une concertation.<\/p>\n","protected":false},"excerpt":{"rendered":"<p>Le 12 octobre 2024, le SNETAP-FSU Nouvelle Aquitaine s&rsquo;est adress\u00e9, par courrier,\u00a0 \u00e0 la Directrice R\u00e9gionale pour lui rappeler son engagement d&rsquo;un bilan pr\u00e9cis du Pacte 2023 2024 d\u00e8s cette rentr\u00e9e et comme le pr\u00e9voit la note de service DGER\/SDEDC\/2023-543 du 24 ao\u00fbt 2023, relative aux missions compl\u00e9mentaires propos\u00e9es au titre du \u00ab Pacte \u00bb. [&hellip;]<\/p>\n","protected":false},"author":128,"featured_media":3769,"comment_status":"closed","ping_status":"closed","sticky":false,"template":"","format":"standard","meta":{"ocean_post_layout":"","ocean_both_sidebars_style":"","ocean_both_sidebars_content_width":0,"ocean_both_sidebars_sidebars_width":0,"ocean_sidebar":"","ocean_second_sidebar":"","ocean_disable_margins":"enable","ocean_add_body_class":"","ocean_shortcode_before_top_bar":"","ocean_shortcode_after_top_bar":"","ocean_shortcode_before_header":"","ocean_shortcode_after_header":"","ocean_has_shortcode":"","ocean_shortcode_after_title":"","ocean_shortcode_before_footer_widgets":"","ocean_shortcode_after_footer_widgets":"","ocean_shortcode_before_footer_bottom":"","ocean_shortcode_after_footer_bottom":"","ocean_display_top_bar":"default","ocean_display_header":"default","ocean_header_style":"","ocean_center_header_left_menu":"","ocean_custom_header_template":"","ocean_custom_logo":0,"ocean_custom_retina_logo":0,"ocean_custom_logo_max_width":0,"ocean_custom_logo_tablet_max_width":0,"ocean_custom_logo_mobile_max_width":0,"ocean_custom_logo_max_height":0,"ocean_custom_logo_tablet_max_height":0,"ocean_custom_logo_mobile_max_height":0,"ocean_header_custom_menu":"","ocean_menu_typo_font_family":"","ocean_menu_typo_font_subset":"","ocean_menu_typo_font_size":0,"ocean_menu_typo_font_size_tablet":0,"ocean_menu_typo_font_size_mobile":0,"ocean_menu_typo_font_size_unit":"px","ocean_menu_typo_font_weight":"","ocean_menu_typo_font_weight_tablet":"","ocean_menu_typo_font_weight_mobile":"","ocean_menu_typo_transform":"","ocean_menu_typo_transform_tablet":"","ocean_menu_typo_transform_mobile":"","ocean_menu_typo_line_height":0,"ocean_menu_typo_line_height_tablet":0,"ocean_menu_typo_line_height_mobile":0,"ocean_menu_typo_line_height_unit":"","ocean_menu_typo_spacing":0,"ocean_menu_typo_spacing_tablet":0,"ocean_menu_typo_spacing_mobile":0,"ocean_menu_typo_spacing_unit":"","ocean_menu_link_color":"","ocean_menu_link_color_hover":"","ocean_menu_link_color_active":"","ocean_menu_link_background":"","ocean_menu_link_hover_background":"","ocean_menu_link_active_background":"","ocean_menu_social_links_bg":"","ocean_menu_social_hover_links_bg":"","ocean_menu_social_links_color":"","ocean_menu_social_hover_links_color":"","ocean_disable_title":"default","ocean_disable_heading":"default","ocean_post_title":"","ocean_post_subheading":"","ocean_post_title_style":"","ocean_post_title_background_color":"","ocean_post_title_background":0,"ocean_post_title_bg_image_position":"","ocean_post_title_bg_image_attachment":"","ocean_post_title_bg_image_repeat":"","ocean_post_title_bg_image_size":"","ocean_post_title_height":0,"ocean_post_title_bg_overlay":0.5,"ocean_post_title_bg_overlay_color":"","ocean_disable_breadcrumbs":"default","ocean_breadcrumbs_color":"","ocean_breadcrumbs_separator_color":"","ocean_breadcrumbs_links_color":"","ocean_breadcrumbs_links_hover_color":"","ocean_display_footer_widgets":"default","ocean_display_footer_bottom":"default","ocean_custom_footer_template":"","ocean_post_oembed":"","ocean_post_self_hosted_media":"","ocean_post_video_embed":"","ocean_link_format":"","ocean_link_format_target":"self","ocean_quote_format":"","ocean_quote_format_link":"post","ocean_gallery_link_images":"on","ocean_gallery_id":[],"footnotes":""},"categories":[1],"tags":[],"post_folder":[],"class_list":["post-3767","post","type-post","status-publish","format-standard","has-post-thumbnail","hentry","category-message-de-service","entry","has-media"],"yoast_head":"<!-- This site is optimized with the Yoast SEO plugin v27.4 - https:\/\/yoast.com\/product\/yoast-seo-wordpress\/ -->\n<title>Le SNETAP-FSU Nouvelle Aquitaine demande un bilan sinc\u00e8re du Pacte 2023 2024 - NOUVELLE AQUITAINE<\/title>\n<meta name=\"robots\" content=\"index, follow, max-snippet:-1, max-image-preview:large, max-video-preview:-1\" \/>\n<link rel=\"canonical\" href=\"https:\/\/regions-snetap-fsu.fr\/na\/2024\/10\/24\/le-snetap-fsu-nouvelle-aquitaine-demande-un-bilan-sincere-du-pacte-2023-2024\/\" \/>\n<meta property=\"og:locale\" content=\"fr_FR\" \/>\n<meta property=\"og:type\" content=\"article\" \/>\n<meta property=\"og:title\" content=\"Le SNETAP-FSU Nouvelle Aquitaine demande un bilan sinc\u00e8re du Pacte 2023 2024 - NOUVELLE AQUITAINE\" \/>\n<meta property=\"og:description\" content=\"Le 12 octobre 2024, le SNETAP-FSU Nouvelle Aquitaine s&rsquo;est adress\u00e9, par courrier,\u00a0 \u00e0 la Directrice R\u00e9gionale pour lui rappeler son engagement d&rsquo;un bilan pr\u00e9cis du Pacte 2023 2024 d\u00e8s cette rentr\u00e9e et comme le pr\u00e9voit la note de service DGER\/SDEDC\/2023-543 du 24 ao\u00fbt 2023, relative aux missions compl\u00e9mentaires propos\u00e9es au titre du \u00ab Pacte \u00bb. [&hellip;]\" \/>\n<meta property=\"og:url\" content=\"https:\/\/regions-snetap-fsu.fr\/na\/2024\/10\/24\/le-snetap-fsu-nouvelle-aquitaine-demande-un-bilan-sincere-du-pacte-2023-2024\/\" \/>\n<meta property=\"og:site_name\" content=\"NOUVELLE AQUITAINE\" \/>\n<meta property=\"article:published_time\" content=\"2024-10-24T09:10:06+00:00\" \/>\n<meta property=\"article:modified_time\" content=\"2024-10-24T10:01:49+00:00\" \/>\n<meta property=\"og:image\" content=\"https:\/\/regions-snetap-fsu.fr\/na\/wp-content\/uploads\/sites\/3\/2024\/10\/mur-de-brique-ancienne-avec-grande-fissure-vieux-253720772.jpg\" \/>\n\t<meta property=\"og:image:width\" content=\"1197\" \/>\n\t<meta property=\"og:image:height\" content=\"751\" \/>\n\t<meta property=\"og:image:type\" content=\"image\/jpeg\" \/>\n<meta name=\"author\" content=\"olivierb\" \/>\n<meta name=\"twitter:card\" content=\"summary_large_image\" \/>\n<meta name=\"twitter:label1\" content=\"\u00c9crit par\" \/>\n\t<meta name=\"twitter:data1\" content=\"olivierb\" \/>\n\t<meta name=\"twitter:label2\" content=\"Dur\u00e9e de lecture estim\u00e9e\" \/>\n\t<meta name=\"twitter:data2\" content=\"4 minutes\" \/>\n<script type=\"application\/ld+json\" class=\"yoast-schema-graph\">{\"@context\":\"https:\\\/\\\/schema.org\",\"@graph\":[{\"@type\":\"Article\",\"@id\":\"https:\\\/\\\/regions-snetap-fsu.fr\\\/na\\\/2024\\\/10\\\/24\\\/le-snetap-fsu-nouvelle-aquitaine-demande-un-bilan-sincere-du-pacte-2023-2024\\\/#article\",\"isPartOf\":{\"@id\":\"https:\\\/\\\/regions-snetap-fsu.fr\\\/na\\\/2024\\\/10\\\/24\\\/le-snetap-fsu-nouvelle-aquitaine-demande-un-bilan-sincere-du-pacte-2023-2024\\\/\"},\"author\":{\"name\":\"olivierb\",\"@id\":\"https:\\\/\\\/regions-snetap-fsu.fr\\\/na\\\/#\\\/schema\\\/person\\\/bdf1c4fe149dcf915601f9de85ba379f\"},\"headline\":\"Le SNETAP-FSU Nouvelle Aquitaine demande un bilan sinc\u00e8re du Pacte 2023 2024\",\"datePublished\":\"2024-10-24T09:10:06+00:00\",\"dateModified\":\"2024-10-24T10:01:49+00:00\",\"mainEntityOfPage\":{\"@id\":\"https:\\\/\\\/regions-snetap-fsu.fr\\\/na\\\/2024\\\/10\\\/24\\\/le-snetap-fsu-nouvelle-aquitaine-demande-un-bilan-sincere-du-pacte-2023-2024\\\/\"},\"wordCount\":835,\"publisher\":{\"@id\":\"https:\\\/\\\/regions-snetap-fsu.fr\\\/na\\\/#organization\"},\"image\":{\"@id\":\"https:\\\/\\\/regions-snetap-fsu.fr\\\/na\\\/2024\\\/10\\\/24\\\/le-snetap-fsu-nouvelle-aquitaine-demande-un-bilan-sincere-du-pacte-2023-2024\\\/#primaryimage\"},\"thumbnailUrl\":\"https:\\\/\\\/regions-snetap-fsu.fr\\\/na\\\/wp-content\\\/uploads\\\/sites\\\/3\\\/2024\\\/10\\\/mur-de-brique-ancienne-avec-grande-fissure-vieux-253720772.jpg\",\"articleSection\":[\"Message de service\"],\"inLanguage\":\"fr-FR\"},{\"@type\":\"WebPage\",\"@id\":\"https:\\\/\\\/regions-snetap-fsu.fr\\\/na\\\/2024\\\/10\\\/24\\\/le-snetap-fsu-nouvelle-aquitaine-demande-un-bilan-sincere-du-pacte-2023-2024\\\/\",\"url\":\"https:\\\/\\\/regions-snetap-fsu.fr\\\/na\\\/2024\\\/10\\\/24\\\/le-snetap-fsu-nouvelle-aquitaine-demande-un-bilan-sincere-du-pacte-2023-2024\\\/\",\"name\":\"Le SNETAP-FSU Nouvelle Aquitaine demande un bilan sinc\u00e8re du Pacte 2023 2024 - NOUVELLE AQUITAINE\",\"isPartOf\":{\"@id\":\"https:\\\/\\\/regions-snetap-fsu.fr\\\/na\\\/#website\"},\"primaryImageOfPage\":{\"@id\":\"https:\\\/\\\/regions-snetap-fsu.fr\\\/na\\\/2024\\\/10\\\/24\\\/le-snetap-fsu-nouvelle-aquitaine-demande-un-bilan-sincere-du-pacte-2023-2024\\\/#primaryimage\"},\"image\":{\"@id\":\"https:\\\/\\\/regions-snetap-fsu.fr\\\/na\\\/2024\\\/10\\\/24\\\/le-snetap-fsu-nouvelle-aquitaine-demande-un-bilan-sincere-du-pacte-2023-2024\\\/#primaryimage\"},\"thumbnailUrl\":\"https:\\\/\\\/regions-snetap-fsu.fr\\\/na\\\/wp-content\\\/uploads\\\/sites\\\/3\\\/2024\\\/10\\\/mur-de-brique-ancienne-avec-grande-fissure-vieux-253720772.jpg\",\"datePublished\":\"2024-10-24T09:10:06+00:00\",\"dateModified\":\"2024-10-24T10:01:49+00:00\",\"breadcrumb\":{\"@id\":\"https:\\\/\\\/regions-snetap-fsu.fr\\\/na\\\/2024\\\/10\\\/24\\\/le-snetap-fsu-nouvelle-aquitaine-demande-un-bilan-sincere-du-pacte-2023-2024\\\/#breadcrumb\"},\"inLanguage\":\"fr-FR\",\"potentialAction\":[{\"@type\":\"ReadAction\",\"target\":[\"https:\\\/\\\/regions-snetap-fsu.fr\\\/na\\\/2024\\\/10\\\/24\\\/le-snetap-fsu-nouvelle-aquitaine-demande-un-bilan-sincere-du-pacte-2023-2024\\\/\"]}]},{\"@type\":\"ImageObject\",\"inLanguage\":\"fr-FR\",\"@id\":\"https:\\\/\\\/regions-snetap-fsu.fr\\\/na\\\/2024\\\/10\\\/24\\\/le-snetap-fsu-nouvelle-aquitaine-demande-un-bilan-sincere-du-pacte-2023-2024\\\/#primaryimage\",\"url\":\"https:\\\/\\\/regions-snetap-fsu.fr\\\/na\\\/wp-content\\\/uploads\\\/sites\\\/3\\\/2024\\\/10\\\/mur-de-brique-ancienne-avec-grande-fissure-vieux-253720772.jpg\",\"contentUrl\":\"https:\\\/\\\/regions-snetap-fsu.fr\\\/na\\\/wp-content\\\/uploads\\\/sites\\\/3\\\/2024\\\/10\\\/mur-de-brique-ancienne-avec-grande-fissure-vieux-253720772.jpg\",\"width\":1197,\"height\":751},{\"@type\":\"BreadcrumbList\",\"@id\":\"https:\\\/\\\/regions-snetap-fsu.fr\\\/na\\\/2024\\\/10\\\/24\\\/le-snetap-fsu-nouvelle-aquitaine-demande-un-bilan-sincere-du-pacte-2023-2024\\\/#breadcrumb\",\"itemListElement\":[{\"@type\":\"ListItem\",\"position\":1,\"name\":\"Accueil\",\"item\":\"https:\\\/\\\/regions-snetap-fsu.fr\\\/na\\\/\"},{\"@type\":\"ListItem\",\"position\":2,\"name\":\"Le SNETAP-FSU Nouvelle Aquitaine demande un bilan sinc\u00e8re du Pacte 2023 2024\"}]},{\"@type\":\"WebSite\",\"@id\":\"https:\\\/\\\/regions-snetap-fsu.fr\\\/na\\\/#website\",\"url\":\"https:\\\/\\\/regions-snetap-fsu.fr\\\/na\\\/\",\"name\":\"SNETAP-FSU NOUVELLE AQUITAINE\",\"description\":\"Blog de la Section R\u00e9gionale\",\"publisher\":{\"@id\":\"https:\\\/\\\/regions-snetap-fsu.fr\\\/na\\\/#organization\"},\"potentialAction\":[{\"@type\":\"SearchAction\",\"target\":{\"@type\":\"EntryPoint\",\"urlTemplate\":\"https:\\\/\\\/regions-snetap-fsu.fr\\\/na\\\/?s={search_term_string}\"},\"query-input\":{\"@type\":\"PropertyValueSpecification\",\"valueRequired\":true,\"valueName\":\"search_term_string\"}}],\"inLanguage\":\"fr-FR\"},{\"@type\":\"Organization\",\"@id\":\"https:\\\/\\\/regions-snetap-fsu.fr\\\/na\\\/#organization\",\"name\":\"SNETAP-FSU - Nouvelle Aquitaine\",\"url\":\"https:\\\/\\\/regions-snetap-fsu.fr\\\/na\\\/\",\"logo\":{\"@type\":\"ImageObject\",\"inLanguage\":\"fr-FR\",\"@id\":\"https:\\\/\\\/regions-snetap-fsu.fr\\\/na\\\/#\\\/schema\\\/logo\\\/image\\\/\",\"url\":\"https:\\\/\\\/regions-snetap-fsu.fr\\\/na\\\/wp-content\\\/uploads\\\/sites\\\/3\\\/2020\\\/12\\\/SNETAP-Logo.jpg\",\"contentUrl\":\"https:\\\/\\\/regions-snetap-fsu.fr\\\/na\\\/wp-content\\\/uploads\\\/sites\\\/3\\\/2020\\\/12\\\/SNETAP-Logo.jpg\",\"width\":464,\"height\":334,\"caption\":\"SNETAP-FSU - Nouvelle Aquitaine\"},\"image\":{\"@id\":\"https:\\\/\\\/regions-snetap-fsu.fr\\\/na\\\/#\\\/schema\\\/logo\\\/image\\\/\"}},{\"@type\":\"Person\",\"@id\":\"https:\\\/\\\/regions-snetap-fsu.fr\\\/na\\\/#\\\/schema\\\/person\\\/bdf1c4fe149dcf915601f9de85ba379f\",\"name\":\"olivierb\",\"image\":{\"@type\":\"ImageObject\",\"inLanguage\":\"fr-FR\",\"@id\":\"https:\\\/\\\/secure.gravatar.com\\\/avatar\\\/d9cce0db1146844098d0ec7fae94551015c4ff78117aab56897823bb265a7bc9?s=96&d=mm&r=g\",\"url\":\"https:\\\/\\\/secure.gravatar.com\\\/avatar\\\/d9cce0db1146844098d0ec7fae94551015c4ff78117aab56897823bb265a7bc9?s=96&d=mm&r=g\",\"contentUrl\":\"https:\\\/\\\/secure.gravatar.com\\\/avatar\\\/d9cce0db1146844098d0ec7fae94551015c4ff78117aab56897823bb265a7bc9?s=96&d=mm&r=g\",\"caption\":\"olivierb\"},\"url\":\"https:\\\/\\\/regions-snetap-fsu.fr\\\/na\\\/author\\\/olivierb\\\/\"}]}<\/script>\n<!-- \/ Yoast SEO plugin. -->","yoast_head_json":{"title":"Le SNETAP-FSU Nouvelle Aquitaine demande un bilan sinc\u00e8re du Pacte 2023 2024 - NOUVELLE AQUITAINE","robots":{"index":"index","follow":"follow","max-snippet":"max-snippet:-1","max-image-preview":"max-image-preview:large","max-video-preview":"max-video-preview:-1"},"canonical":"https:\/\/regions-snetap-fsu.fr\/na\/2024\/10\/24\/le-snetap-fsu-nouvelle-aquitaine-demande-un-bilan-sincere-du-pacte-2023-2024\/","og_locale":"fr_FR","og_type":"article","og_title":"Le SNETAP-FSU Nouvelle Aquitaine demande un bilan sinc\u00e8re du Pacte 2023 2024 - NOUVELLE AQUITAINE","og_description":"Le 12 octobre 2024, le SNETAP-FSU Nouvelle Aquitaine s&rsquo;est adress\u00e9, par courrier,\u00a0 \u00e0 la Directrice R\u00e9gionale pour lui rappeler son engagement d&rsquo;un bilan pr\u00e9cis du Pacte 2023 2024 d\u00e8s cette rentr\u00e9e et comme le pr\u00e9voit la note de service DGER\/SDEDC\/2023-543 du 24 ao\u00fbt 2023, relative aux missions compl\u00e9mentaires propos\u00e9es au titre du \u00ab Pacte \u00bb. [&hellip;]","og_url":"https:\/\/regions-snetap-fsu.fr\/na\/2024\/10\/24\/le-snetap-fsu-nouvelle-aquitaine-demande-un-bilan-sincere-du-pacte-2023-2024\/","og_site_name":"NOUVELLE AQUITAINE","article_published_time":"2024-10-24T09:10:06+00:00","article_modified_time":"2024-10-24T10:01:49+00:00","og_image":[{"width":1197,"height":751,"url":"https:\/\/regions-snetap-fsu.fr\/na\/wp-content\/uploads\/sites\/3\/2024\/10\/mur-de-brique-ancienne-avec-grande-fissure-vieux-253720772.jpg","type":"image\/jpeg"}],"author":"olivierb","twitter_card":"summary_large_image","twitter_misc":{"\u00c9crit par":"olivierb","Dur\u00e9e de lecture estim\u00e9e":"4 minutes"},"schema":{"@context":"https:\/\/schema.org","@graph":[{"@type":"Article","@id":"https:\/\/regions-snetap-fsu.fr\/na\/2024\/10\/24\/le-snetap-fsu-nouvelle-aquitaine-demande-un-bilan-sincere-du-pacte-2023-2024\/#article","isPartOf":{"@id":"https:\/\/regions-snetap-fsu.fr\/na\/2024\/10\/24\/le-snetap-fsu-nouvelle-aquitaine-demande-un-bilan-sincere-du-pacte-2023-2024\/"},"author":{"name":"olivierb","@id":"https:\/\/regions-snetap-fsu.fr\/na\/#\/schema\/person\/bdf1c4fe149dcf915601f9de85ba379f"},"headline":"Le SNETAP-FSU Nouvelle Aquitaine demande un bilan sinc\u00e8re du Pacte 2023 2024","datePublished":"2024-10-24T09:10:06+00:00","dateModified":"2024-10-24T10:01:49+00:00","mainEntityOfPage":{"@id":"https:\/\/regions-snetap-fsu.fr\/na\/2024\/10\/24\/le-snetap-fsu-nouvelle-aquitaine-demande-un-bilan-sincere-du-pacte-2023-2024\/"},"wordCount":835,"publisher":{"@id":"https:\/\/regions-snetap-fsu.fr\/na\/#organization"},"image":{"@id":"https:\/\/regions-snetap-fsu.fr\/na\/2024\/10\/24\/le-snetap-fsu-nouvelle-aquitaine-demande-un-bilan-sincere-du-pacte-2023-2024\/#primaryimage"},"thumbnailUrl":"https:\/\/regions-snetap-fsu.fr\/na\/wp-content\/uploads\/sites\/3\/2024\/10\/mur-de-brique-ancienne-avec-grande-fissure-vieux-253720772.jpg","articleSection":["Message de service"],"inLanguage":"fr-FR"},{"@type":"WebPage","@id":"https:\/\/regions-snetap-fsu.fr\/na\/2024\/10\/24\/le-snetap-fsu-nouvelle-aquitaine-demande-un-bilan-sincere-du-pacte-2023-2024\/","url":"https:\/\/regions-snetap-fsu.fr\/na\/2024\/10\/24\/le-snetap-fsu-nouvelle-aquitaine-demande-un-bilan-sincere-du-pacte-2023-2024\/","name":"Le SNETAP-FSU Nouvelle Aquitaine demande un bilan sinc\u00e8re du Pacte 2023 2024 - NOUVELLE AQUITAINE","isPartOf":{"@id":"https:\/\/regions-snetap-fsu.fr\/na\/#website"},"primaryImageOfPage":{"@id":"https:\/\/regions-snetap-fsu.fr\/na\/2024\/10\/24\/le-snetap-fsu-nouvelle-aquitaine-demande-un-bilan-sincere-du-pacte-2023-2024\/#primaryimage"},"image":{"@id":"https:\/\/regions-snetap-fsu.fr\/na\/2024\/10\/24\/le-snetap-fsu-nouvelle-aquitaine-demande-un-bilan-sincere-du-pacte-2023-2024\/#primaryimage"},"thumbnailUrl":"https:\/\/regions-snetap-fsu.fr\/na\/wp-content\/uploads\/sites\/3\/2024\/10\/mur-de-brique-ancienne-avec-grande-fissure-vieux-253720772.jpg","datePublished":"2024-10-24T09:10:06+00:00","dateModified":"2024-10-24T10:01:49+00:00","breadcrumb":{"@id":"https:\/\/regions-snetap-fsu.fr\/na\/2024\/10\/24\/le-snetap-fsu-nouvelle-aquitaine-demande-un-bilan-sincere-du-pacte-2023-2024\/#breadcrumb"},"inLanguage":"fr-FR","potentialAction":[{"@type":"ReadAction","target":["https:\/\/regions-snetap-fsu.fr\/na\/2024\/10\/24\/le-snetap-fsu-nouvelle-aquitaine-demande-un-bilan-sincere-du-pacte-2023-2024\/"]}]},{"@type":"ImageObject","inLanguage":"fr-FR","@id":"https:\/\/regions-snetap-fsu.fr\/na\/2024\/10\/24\/le-snetap-fsu-nouvelle-aquitaine-demande-un-bilan-sincere-du-pacte-2023-2024\/#primaryimage","url":"https:\/\/regions-snetap-fsu.fr\/na\/wp-content\/uploads\/sites\/3\/2024\/10\/mur-de-brique-ancienne-avec-grande-fissure-vieux-253720772.jpg","contentUrl":"https:\/\/regions-snetap-fsu.fr\/na\/wp-content\/uploads\/sites\/3\/2024\/10\/mur-de-brique-ancienne-avec-grande-fissure-vieux-253720772.jpg","width":1197,"height":751},{"@type":"BreadcrumbList","@id":"https:\/\/regions-snetap-fsu.fr\/na\/2024\/10\/24\/le-snetap-fsu-nouvelle-aquitaine-demande-un-bilan-sincere-du-pacte-2023-2024\/#breadcrumb","itemListElement":[{"@type":"ListItem","position":1,"name":"Accueil","item":"https:\/\/regions-snetap-fsu.fr\/na\/"},{"@type":"ListItem","position":2,"name":"Le SNETAP-FSU Nouvelle Aquitaine demande un bilan sinc\u00e8re du Pacte 2023 2024"}]},{"@type":"WebSite","@id":"https:\/\/regions-snetap-fsu.fr\/na\/#website","url":"https:\/\/regions-snetap-fsu.fr\/na\/","name":"SNETAP-FSU NOUVELLE AQUITAINE","description":"Blog de la Section R\u00e9gionale","publisher":{"@id":"https:\/\/regions-snetap-fsu.fr\/na\/#organization"},"potentialAction":[{"@type":"SearchAction","target":{"@type":"EntryPoint","urlTemplate":"https:\/\/regions-snetap-fsu.fr\/na\/?s={search_term_string}"},"query-input":{"@type":"PropertyValueSpecification","valueRequired":true,"valueName":"search_term_string"}}],"inLanguage":"fr-FR"},{"@type":"Organization","@id":"https:\/\/regions-snetap-fsu.fr\/na\/#organization","name":"SNETAP-FSU - Nouvelle Aquitaine","url":"https:\/\/regions-snetap-fsu.fr\/na\/","logo":{"@type":"ImageObject","inLanguage":"fr-FR","@id":"https:\/\/regions-snetap-fsu.fr\/na\/#\/schema\/logo\/image\/","url":"https:\/\/regions-snetap-fsu.fr\/na\/wp-content\/uploads\/sites\/3\/2020\/12\/SNETAP-Logo.jpg","contentUrl":"https:\/\/regions-snetap-fsu.fr\/na\/wp-content\/uploads\/sites\/3\/2020\/12\/SNETAP-Logo.jpg","width":464,"height":334,"caption":"SNETAP-FSU - Nouvelle Aquitaine"},"image":{"@id":"https:\/\/regions-snetap-fsu.fr\/na\/#\/schema\/logo\/image\/"}},{"@type":"Person","@id":"https:\/\/regions-snetap-fsu.fr\/na\/#\/schema\/person\/bdf1c4fe149dcf915601f9de85ba379f","name":"olivierb","image":{"@type":"ImageObject","inLanguage":"fr-FR","@id":"https:\/\/secure.gravatar.com\/avatar\/d9cce0db1146844098d0ec7fae94551015c4ff78117aab56897823bb265a7bc9?s=96&d=mm&r=g","url":"https:\/\/secure.gravatar.com\/avatar\/d9cce0db1146844098d0ec7fae94551015c4ff78117aab56897823bb265a7bc9?s=96&d=mm&r=g","contentUrl":"https:\/\/secure.gravatar.com\/avatar\/d9cce0db1146844098d0ec7fae94551015c4ff78117aab56897823bb265a7bc9?s=96&d=mm&r=g","caption":"olivierb"},"url":"https:\/\/regions-snetap-fsu.fr\/na\/author\/olivierb\/"}]}},"_links":{"self":[{"href":"https:\/\/regions-snetap-fsu.fr\/na\/wp-json\/wp\/v2\/posts\/3767","targetHints":{"allow":["GET"]}}],"collection":[{"href":"https:\/\/regions-snetap-fsu.fr\/na\/wp-json\/wp\/v2\/posts"}],"about":[{"href":"https:\/\/regions-snetap-fsu.fr\/na\/wp-json\/wp\/v2\/types\/post"}],"author":[{"embeddable":true,"href":"https:\/\/regions-snetap-fsu.fr\/na\/wp-json\/wp\/v2\/users\/128"}],"replies":[{"embeddable":true,"href":"https:\/\/regions-snetap-fsu.fr\/na\/wp-json\/wp\/v2\/comments?post=3767"}],"version-history":[{"count":1,"href":"https:\/\/regions-snetap-fsu.fr\/na\/wp-json\/wp\/v2\/posts\/3767\/revisions"}],"predecessor-version":[{"id":3768,"href":"https:\/\/regions-snetap-fsu.fr\/na\/wp-json\/wp\/v2\/posts\/3767\/revisions\/3768"}],"wp:featuredmedia":[{"embeddable":true,"href":"https:\/\/regions-snetap-fsu.fr\/na\/wp-json\/wp\/v2\/media\/3769"}],"wp:attachment":[{"href":"https:\/\/regions-snetap-fsu.fr\/na\/wp-json\/wp\/v2\/media?parent=3767"}],"wp:term":[{"taxonomy":"category","embeddable":true,"href":"https:\/\/regions-snetap-fsu.fr\/na\/wp-json\/wp\/v2\/categories?post=3767"},{"taxonomy":"post_tag","embeddable":true,"href":"https:\/\/regions-snetap-fsu.fr\/na\/wp-json\/wp\/v2\/tags?post=3767"},{"taxonomy":"post_folder","embeddable":true,"href":"https:\/\/regions-snetap-fsu.fr\/na\/wp-json\/wp\/v2\/post_folder?post=3767"}],"curies":[{"name":"wp","href":"https:\/\/api.w.org\/{rel}","templated":true}]}}