{"id":3740,"date":"2024-10-02T10:45:54","date_gmt":"2024-10-02T08:45:54","guid":{"rendered":"https:\/\/regions-snetap-fsu.fr\/na\/?p=3740"},"modified":"2024-10-02T10:47:14","modified_gmt":"2024-10-02T08:47:14","slug":"1er-octobre-le-snetap-fsu-dans-la-rue-pour-le-salaires-et-les-services-publics","status":"publish","type":"post","link":"https:\/\/regions-snetap-fsu.fr\/na\/2024\/10\/02\/1er-octobre-le-snetap-fsu-dans-la-rue-pour-le-salaires-et-les-services-publics\/","title":{"rendered":"1er octobre : le SNETAP-FSU dans la rue pour le salaires et les services publics"},"content":{"rendered":"<p>Les organisations syndicales et de jeunesse appelaient les personnels \u00e0 se mobiliser et \u00e0 faire gr\u00e8ve le 1<sup>er<\/sup> octobre pour exiger d<strong>es salaires dignes<\/strong> et la reconnaissance de notre travail, l<strong>e renforcement des services publics<\/strong>, piliers de l\u2019\u00e9galit\u00e9 et de la solidarit\u00e9 et l<strong>\u2019abrogation de la r\u00e9forme des retraites<\/strong>\u00a0qui pr\u00e9carise des millions de travailleurs.<\/p>\n<p><img fetchpriority=\"high\" decoding=\"async\" class=\" wp-image-3741 aligncenter\" src=\"https:\/\/regions-snetap-fsu.fr\/na\/wp-content\/uploads\/sites\/3\/2024\/10\/IMG_5158-225x300.jpg\" alt=\"\" width=\"268\" height=\"357\" srcset=\"https:\/\/regions-snetap-fsu.fr\/na\/wp-content\/uploads\/sites\/3\/2024\/10\/IMG_5158-225x300.jpg 225w, https:\/\/regions-snetap-fsu.fr\/na\/wp-content\/uploads\/sites\/3\/2024\/10\/IMG_5158-768x1024.jpg 768w, https:\/\/regions-snetap-fsu.fr\/na\/wp-content\/uploads\/sites\/3\/2024\/10\/IMG_5158-1152x1536.jpg 1152w, https:\/\/regions-snetap-fsu.fr\/na\/wp-content\/uploads\/sites\/3\/2024\/10\/IMG_5158-1536x2048.jpg 1536w, https:\/\/regions-snetap-fsu.fr\/na\/wp-content\/uploads\/sites\/3\/2024\/10\/IMG_5158-scaled.jpg 1920w\" sizes=\"(max-width: 268px) 100vw, 268px\" \/><\/p>\n<p style=\"text-align: center\"><span style=\"font-family: arial, helvetica, sans-serif\">BORDEAUX<\/span><\/p>\n<p>&nbsp;<\/p>\n<p><img decoding=\"async\" class=\" wp-image-3742 aligncenter\" src=\"https:\/\/regions-snetap-fsu.fr\/na\/wp-content\/uploads\/sites\/3\/2024\/10\/YLDU6787-225x300.jpg\" alt=\"\" width=\"286\" height=\"381\" srcset=\"https:\/\/regions-snetap-fsu.fr\/na\/wp-content\/uploads\/sites\/3\/2024\/10\/YLDU6787-225x300.jpg 225w, https:\/\/regions-snetap-fsu.fr\/na\/wp-content\/uploads\/sites\/3\/2024\/10\/YLDU6787-768x1024.jpg 768w, https:\/\/regions-snetap-fsu.fr\/na\/wp-content\/uploads\/sites\/3\/2024\/10\/YLDU6787-1152x1536.jpg 1152w, https:\/\/regions-snetap-fsu.fr\/na\/wp-content\/uploads\/sites\/3\/2024\/10\/YLDU6787.jpg 1500w\" sizes=\"(max-width: 286px) 100vw, 286px\" \/><\/p>\n<p style=\"text-align: center\"><span style=\"font-family: arial, helvetica, sans-serif\">POITIERS<\/span><\/p>\n<p>&nbsp;<\/p>\n<p><img decoding=\"async\" class=\" wp-image-3743 aligncenter\" src=\"https:\/\/regions-snetap-fsu.fr\/na\/wp-content\/uploads\/sites\/3\/2024\/10\/PNTS0144-300x226.jpg\" alt=\"\" width=\"419\" height=\"316\" srcset=\"https:\/\/regions-snetap-fsu.fr\/na\/wp-content\/uploads\/sites\/3\/2024\/10\/PNTS0144-300x226.jpg 300w, https:\/\/regions-snetap-fsu.fr\/na\/wp-content\/uploads\/sites\/3\/2024\/10\/PNTS0144-1024x771.jpg 1024w, https:\/\/regions-snetap-fsu.fr\/na\/wp-content\/uploads\/sites\/3\/2024\/10\/PNTS0144-768x578.jpg 768w, https:\/\/regions-snetap-fsu.fr\/na\/wp-content\/uploads\/sites\/3\/2024\/10\/PNTS0144-1536x1156.jpg 1536w, https:\/\/regions-snetap-fsu.fr\/na\/wp-content\/uploads\/sites\/3\/2024\/10\/PNTS0144.jpg 1600w\" sizes=\"(max-width: 419px) 100vw, 419px\" \/><\/p>\n<p style=\"text-align: center\"><span style=\"font-family: arial, helvetica, sans-serif\">MONT DE MARSAN<\/span><\/p>\n<p>&nbsp;<\/p>\n<p><img loading=\"lazy\" decoding=\"async\" class=\" wp-image-3746 aligncenter\" src=\"https:\/\/regions-snetap-fsu.fr\/na\/wp-content\/uploads\/sites\/3\/2024\/10\/IMG_5178-300x224.jpg\" alt=\"\" width=\"388\" height=\"290\" srcset=\"https:\/\/regions-snetap-fsu.fr\/na\/wp-content\/uploads\/sites\/3\/2024\/10\/IMG_5178-300x224.jpg 300w, https:\/\/regions-snetap-fsu.fr\/na\/wp-content\/uploads\/sites\/3\/2024\/10\/IMG_5178.jpg 668w\" sizes=\"(max-width: 388px) 100vw, 388px\" \/><\/p>\n<p style=\"text-align: center\"><span style=\"font-family: arial, helvetica, sans-serif\">LA ROCHELLE<\/span><\/p>\n<p>&nbsp;<\/p>\n<p style=\"text-align: center\"><img loading=\"lazy\" decoding=\"async\" class=\" wp-image-3745 aligncenter\" src=\"https:\/\/regions-snetap-fsu.fr\/na\/wp-content\/uploads\/sites\/3\/2024\/10\/IMG_5180-300x227.jpg\" alt=\"\" width=\"379\" height=\"287\" srcset=\"https:\/\/regions-snetap-fsu.fr\/na\/wp-content\/uploads\/sites\/3\/2024\/10\/IMG_5180-300x227.jpg 300w, https:\/\/regions-snetap-fsu.fr\/na\/wp-content\/uploads\/sites\/3\/2024\/10\/IMG_5180.jpg 587w\" sizes=\"(max-width: 379px) 100vw, 379px\" \/><\/p>\n<p style=\"text-align: center\"><span style=\"font-family: arial, helvetica, sans-serif\">PAU<\/span><\/p>\n<p>&nbsp;<\/p>\n<p>&nbsp;<\/p>\n<p>&nbsp;<\/p>\n<p>&nbsp;<\/p>\n<p>&nbsp;<\/p>\n<p>&nbsp;<\/p>\n<p>&nbsp;<\/p>\n","protected":false},"excerpt":{"rendered":"<p>Les organisations syndicales et de jeunesse appelaient les personnels \u00e0 se mobiliser et \u00e0 faire gr\u00e8ve le 1er octobre pour exiger des salaires dignes et la reconnaissance de notre travail, le renforcement des services publics, piliers de l\u2019\u00e9galit\u00e9 et de la solidarit\u00e9 et l\u2019abrogation de la r\u00e9forme des retraites\u00a0qui pr\u00e9carise des millions de travailleurs. BORDEAUX [&hellip;]<\/p>\n","protected":false},"author":128,"featured_media":3741,"comment_status":"closed","ping_status":"closed","sticky":false,"template":"","format":"standard","meta":{"ocean_post_layout":"","ocean_both_sidebars_style":"","ocean_both_sidebars_content_width":0,"ocean_both_sidebars_sidebars_width":0,"ocean_sidebar":"","ocean_second_sidebar":"","ocean_disable_margins":"enable","ocean_add_body_class":"","ocean_shortcode_before_top_bar":"","ocean_shortcode_after_top_bar":"","ocean_shortcode_before_header":"","ocean_shortcode_after_header":"","ocean_has_shortcode":"","ocean_shortcode_after_title":"","ocean_shortcode_before_footer_widgets":"","ocean_shortcode_after_footer_widgets":"","ocean_shortcode_before_footer_bottom":"","ocean_shortcode_after_footer_bottom":"","ocean_display_top_bar":"default","ocean_display_header":"default","ocean_header_style":"","ocean_center_header_left_menu":"","ocean_custom_header_template":"","ocean_custom_logo":0,"ocean_custom_retina_logo":0,"ocean_custom_logo_max_width":0,"ocean_custom_logo_tablet_max_width":0,"ocean_custom_logo_mobile_max_width":0,"ocean_custom_logo_max_height":0,"ocean_custom_logo_tablet_max_height":0,"ocean_custom_logo_mobile_max_height":0,"ocean_header_custom_menu":"","ocean_menu_typo_font_family":"","ocean_menu_typo_font_subset":"","ocean_menu_typo_font_size":0,"ocean_menu_typo_font_size_tablet":0,"ocean_menu_typo_font_size_mobile":0,"ocean_menu_typo_font_size_unit":"px","ocean_menu_typo_font_weight":"","ocean_menu_typo_font_weight_tablet":"","ocean_menu_typo_font_weight_mobile":"","ocean_menu_typo_transform":"","ocean_menu_typo_transform_tablet":"","ocean_menu_typo_transform_mobile":"","ocean_menu_typo_line_height":0,"ocean_menu_typo_line_height_tablet":0,"ocean_menu_typo_line_height_mobile":0,"ocean_menu_typo_line_height_unit":"","ocean_menu_typo_spacing":0,"ocean_menu_typo_spacing_tablet":0,"ocean_menu_typo_spacing_mobile":0,"ocean_menu_typo_spacing_unit":"","ocean_menu_link_color":"","ocean_menu_link_color_hover":"","ocean_menu_link_color_active":"","ocean_menu_link_background":"","ocean_menu_link_hover_background":"","ocean_menu_link_active_background":"","ocean_menu_social_links_bg":"","ocean_menu_social_hover_links_bg":"","ocean_menu_social_links_color":"","ocean_menu_social_hover_links_color":"","ocean_disable_title":"default","ocean_disable_heading":"default","ocean_post_title":"","ocean_post_subheading":"","ocean_post_title_style":"","ocean_post_title_background_color":"","ocean_post_title_background":0,"ocean_post_title_bg_image_position":"","ocean_post_title_bg_image_attachment":"","ocean_post_title_bg_image_repeat":"","ocean_post_title_bg_image_size":"","ocean_post_title_height":0,"ocean_post_title_bg_overlay":0.5,"ocean_post_title_bg_overlay_color":"","ocean_disable_breadcrumbs":"default","ocean_breadcrumbs_color":"","ocean_breadcrumbs_separator_color":"","ocean_breadcrumbs_links_color":"","ocean_breadcrumbs_links_hover_color":"","ocean_display_footer_widgets":"default","ocean_display_footer_bottom":"default","ocean_custom_footer_template":"","ocean_post_oembed":"","ocean_post_self_hosted_media":"","ocean_post_video_embed":"","ocean_link_format":"","ocean_link_format_target":"self","ocean_quote_format":"","ocean_quote_format_link":"post","ocean_gallery_link_images":"on","ocean_gallery_id":[],"footnotes":""},"categories":[1],"tags":[],"post_folder":[],"class_list":["post-3740","post","type-post","status-publish","format-standard","has-post-thumbnail","hentry","category-message-de-service","entry","has-media"],"yoast_head":"<!-- This site is optimized with the Yoast SEO plugin v27.4 - https:\/\/yoast.com\/product\/yoast-seo-wordpress\/ -->\n<title>1er octobre : le SNETAP-FSU dans la rue pour le salaires et les services publics - NOUVELLE AQUITAINE<\/title>\n<meta name=\"robots\" content=\"index, follow, max-snippet:-1, max-image-preview:large, max-video-preview:-1\" \/>\n<link rel=\"canonical\" href=\"https:\/\/regions-snetap-fsu.fr\/na\/2024\/10\/02\/1er-octobre-le-snetap-fsu-dans-la-rue-pour-le-salaires-et-les-services-publics\/\" \/>\n<meta property=\"og:locale\" content=\"fr_FR\" \/>\n<meta property=\"og:type\" content=\"article\" \/>\n<meta property=\"og:title\" content=\"1er octobre : le SNETAP-FSU dans la rue pour le salaires et les services publics - NOUVELLE AQUITAINE\" \/>\n<meta property=\"og:description\" content=\"Les organisations syndicales et de jeunesse appelaient les personnels \u00e0 se mobiliser et \u00e0 faire gr\u00e8ve le 1er octobre pour exiger des salaires dignes et la reconnaissance de notre travail, le renforcement des services publics, piliers de l\u2019\u00e9galit\u00e9 et de la solidarit\u00e9 et l\u2019abrogation de la r\u00e9forme des retraites\u00a0qui pr\u00e9carise des millions de travailleurs. BORDEAUX [&hellip;]\" \/>\n<meta property=\"og:url\" content=\"https:\/\/regions-snetap-fsu.fr\/na\/2024\/10\/02\/1er-octobre-le-snetap-fsu-dans-la-rue-pour-le-salaires-et-les-services-publics\/\" \/>\n<meta property=\"og:site_name\" content=\"NOUVELLE AQUITAINE\" \/>\n<meta property=\"article:published_time\" content=\"2024-10-02T08:45:54+00:00\" \/>\n<meta property=\"article:modified_time\" content=\"2024-10-02T08:47:14+00:00\" \/>\n<meta property=\"og:image\" content=\"https:\/\/regions-snetap-fsu.fr\/na\/wp-content\/uploads\/sites\/3\/2024\/10\/IMG_5158-scaled.jpg\" \/>\n\t<meta property=\"og:image:width\" content=\"1920\" \/>\n\t<meta property=\"og:image:height\" content=\"2560\" \/>\n\t<meta property=\"og:image:type\" content=\"image\/jpeg\" \/>\n<meta name=\"author\" content=\"olivierb\" \/>\n<meta name=\"twitter:card\" content=\"summary_large_image\" \/>\n<meta name=\"twitter:label1\" content=\"\u00c9crit par\" \/>\n\t<meta name=\"twitter:data1\" content=\"olivierb\" \/>\n<script type=\"application\/ld+json\" class=\"yoast-schema-graph\">{\"@context\":\"https:\\\/\\\/schema.org\",\"@graph\":[{\"@type\":\"Article\",\"@id\":\"https:\\\/\\\/regions-snetap-fsu.fr\\\/na\\\/2024\\\/10\\\/02\\\/1er-octobre-le-snetap-fsu-dans-la-rue-pour-le-salaires-et-les-services-publics\\\/#article\",\"isPartOf\":{\"@id\":\"https:\\\/\\\/regions-snetap-fsu.fr\\\/na\\\/2024\\\/10\\\/02\\\/1er-octobre-le-snetap-fsu-dans-la-rue-pour-le-salaires-et-les-services-publics\\\/\"},\"author\":{\"name\":\"olivierb\",\"@id\":\"https:\\\/\\\/regions-snetap-fsu.fr\\\/na\\\/#\\\/schema\\\/person\\\/bdf1c4fe149dcf915601f9de85ba379f\"},\"headline\":\"1er octobre : le SNETAP-FSU dans la rue pour le salaires et les services publics\",\"datePublished\":\"2024-10-02T08:45:54+00:00\",\"dateModified\":\"2024-10-02T08:47:14+00:00\",\"mainEntityOfPage\":{\"@id\":\"https:\\\/\\\/regions-snetap-fsu.fr\\\/na\\\/2024\\\/10\\\/02\\\/1er-octobre-le-snetap-fsu-dans-la-rue-pour-le-salaires-et-les-services-publics\\\/\"},\"wordCount\":91,\"publisher\":{\"@id\":\"https:\\\/\\\/regions-snetap-fsu.fr\\\/na\\\/#organization\"},\"image\":{\"@id\":\"https:\\\/\\\/regions-snetap-fsu.fr\\\/na\\\/2024\\\/10\\\/02\\\/1er-octobre-le-snetap-fsu-dans-la-rue-pour-le-salaires-et-les-services-publics\\\/#primaryimage\"},\"thumbnailUrl\":\"https:\\\/\\\/regions-snetap-fsu.fr\\\/na\\\/wp-content\\\/uploads\\\/sites\\\/3\\\/2024\\\/10\\\/IMG_5158-scaled.jpg\",\"articleSection\":[\"Message de service\"],\"inLanguage\":\"fr-FR\"},{\"@type\":\"WebPage\",\"@id\":\"https:\\\/\\\/regions-snetap-fsu.fr\\\/na\\\/2024\\\/10\\\/02\\\/1er-octobre-le-snetap-fsu-dans-la-rue-pour-le-salaires-et-les-services-publics\\\/\",\"url\":\"https:\\\/\\\/regions-snetap-fsu.fr\\\/na\\\/2024\\\/10\\\/02\\\/1er-octobre-le-snetap-fsu-dans-la-rue-pour-le-salaires-et-les-services-publics\\\/\",\"name\":\"1er octobre : le SNETAP-FSU dans la rue pour le salaires et les services publics - NOUVELLE AQUITAINE\",\"isPartOf\":{\"@id\":\"https:\\\/\\\/regions-snetap-fsu.fr\\\/na\\\/#website\"},\"primaryImageOfPage\":{\"@id\":\"https:\\\/\\\/regions-snetap-fsu.fr\\\/na\\\/2024\\\/10\\\/02\\\/1er-octobre-le-snetap-fsu-dans-la-rue-pour-le-salaires-et-les-services-publics\\\/#primaryimage\"},\"image\":{\"@id\":\"https:\\\/\\\/regions-snetap-fsu.fr\\\/na\\\/2024\\\/10\\\/02\\\/1er-octobre-le-snetap-fsu-dans-la-rue-pour-le-salaires-et-les-services-publics\\\/#primaryimage\"},\"thumbnailUrl\":\"https:\\\/\\\/regions-snetap-fsu.fr\\\/na\\\/wp-content\\\/uploads\\\/sites\\\/3\\\/2024\\\/10\\\/IMG_5158-scaled.jpg\",\"datePublished\":\"2024-10-02T08:45:54+00:00\",\"dateModified\":\"2024-10-02T08:47:14+00:00\",\"breadcrumb\":{\"@id\":\"https:\\\/\\\/regions-snetap-fsu.fr\\\/na\\\/2024\\\/10\\\/02\\\/1er-octobre-le-snetap-fsu-dans-la-rue-pour-le-salaires-et-les-services-publics\\\/#breadcrumb\"},\"inLanguage\":\"fr-FR\",\"potentialAction\":[{\"@type\":\"ReadAction\",\"target\":[\"https:\\\/\\\/regions-snetap-fsu.fr\\\/na\\\/2024\\\/10\\\/02\\\/1er-octobre-le-snetap-fsu-dans-la-rue-pour-le-salaires-et-les-services-publics\\\/\"]}]},{\"@type\":\"ImageObject\",\"inLanguage\":\"fr-FR\",\"@id\":\"https:\\\/\\\/regions-snetap-fsu.fr\\\/na\\\/2024\\\/10\\\/02\\\/1er-octobre-le-snetap-fsu-dans-la-rue-pour-le-salaires-et-les-services-publics\\\/#primaryimage\",\"url\":\"https:\\\/\\\/regions-snetap-fsu.fr\\\/na\\\/wp-content\\\/uploads\\\/sites\\\/3\\\/2024\\\/10\\\/IMG_5158-scaled.jpg\",\"contentUrl\":\"https:\\\/\\\/regions-snetap-fsu.fr\\\/na\\\/wp-content\\\/uploads\\\/sites\\\/3\\\/2024\\\/10\\\/IMG_5158-scaled.jpg\",\"width\":1920,\"height\":2560},{\"@type\":\"BreadcrumbList\",\"@id\":\"https:\\\/\\\/regions-snetap-fsu.fr\\\/na\\\/2024\\\/10\\\/02\\\/1er-octobre-le-snetap-fsu-dans-la-rue-pour-le-salaires-et-les-services-publics\\\/#breadcrumb\",\"itemListElement\":[{\"@type\":\"ListItem\",\"position\":1,\"name\":\"Accueil\",\"item\":\"https:\\\/\\\/regions-snetap-fsu.fr\\\/na\\\/\"},{\"@type\":\"ListItem\",\"position\":2,\"name\":\"1er octobre : le SNETAP-FSU dans la rue pour le salaires et les services publics\"}]},{\"@type\":\"WebSite\",\"@id\":\"https:\\\/\\\/regions-snetap-fsu.fr\\\/na\\\/#website\",\"url\":\"https:\\\/\\\/regions-snetap-fsu.fr\\\/na\\\/\",\"name\":\"SNETAP-FSU NOUVELLE AQUITAINE\",\"description\":\"Blog de la Section R\u00e9gionale\",\"publisher\":{\"@id\":\"https:\\\/\\\/regions-snetap-fsu.fr\\\/na\\\/#organization\"},\"potentialAction\":[{\"@type\":\"SearchAction\",\"target\":{\"@type\":\"EntryPoint\",\"urlTemplate\":\"https:\\\/\\\/regions-snetap-fsu.fr\\\/na\\\/?s={search_term_string}\"},\"query-input\":{\"@type\":\"PropertyValueSpecification\",\"valueRequired\":true,\"valueName\":\"search_term_string\"}}],\"inLanguage\":\"fr-FR\"},{\"@type\":\"Organization\",\"@id\":\"https:\\\/\\\/regions-snetap-fsu.fr\\\/na\\\/#organization\",\"name\":\"SNETAP-FSU - Nouvelle Aquitaine\",\"url\":\"https:\\\/\\\/regions-snetap-fsu.fr\\\/na\\\/\",\"logo\":{\"@type\":\"ImageObject\",\"inLanguage\":\"fr-FR\",\"@id\":\"https:\\\/\\\/regions-snetap-fsu.fr\\\/na\\\/#\\\/schema\\\/logo\\\/image\\\/\",\"url\":\"https:\\\/\\\/regions-snetap-fsu.fr\\\/na\\\/wp-content\\\/uploads\\\/sites\\\/3\\\/2020\\\/12\\\/SNETAP-Logo.jpg\",\"contentUrl\":\"https:\\\/\\\/regions-snetap-fsu.fr\\\/na\\\/wp-content\\\/uploads\\\/sites\\\/3\\\/2020\\\/12\\\/SNETAP-Logo.jpg\",\"width\":464,\"height\":334,\"caption\":\"SNETAP-FSU - Nouvelle Aquitaine\"},\"image\":{\"@id\":\"https:\\\/\\\/regions-snetap-fsu.fr\\\/na\\\/#\\\/schema\\\/logo\\\/image\\\/\"}},{\"@type\":\"Person\",\"@id\":\"https:\\\/\\\/regions-snetap-fsu.fr\\\/na\\\/#\\\/schema\\\/person\\\/bdf1c4fe149dcf915601f9de85ba379f\",\"name\":\"olivierb\",\"image\":{\"@type\":\"ImageObject\",\"inLanguage\":\"fr-FR\",\"@id\":\"https:\\\/\\\/secure.gravatar.com\\\/avatar\\\/d9cce0db1146844098d0ec7fae94551015c4ff78117aab56897823bb265a7bc9?s=96&d=mm&r=g\",\"url\":\"https:\\\/\\\/secure.gravatar.com\\\/avatar\\\/d9cce0db1146844098d0ec7fae94551015c4ff78117aab56897823bb265a7bc9?s=96&d=mm&r=g\",\"contentUrl\":\"https:\\\/\\\/secure.gravatar.com\\\/avatar\\\/d9cce0db1146844098d0ec7fae94551015c4ff78117aab56897823bb265a7bc9?s=96&d=mm&r=g\",\"caption\":\"olivierb\"},\"url\":\"https:\\\/\\\/regions-snetap-fsu.fr\\\/na\\\/author\\\/olivierb\\\/\"}]}<\/script>\n<!-- \/ Yoast SEO plugin. -->","yoast_head_json":{"title":"1er octobre : le SNETAP-FSU dans la rue pour le salaires et les services publics - NOUVELLE AQUITAINE","robots":{"index":"index","follow":"follow","max-snippet":"max-snippet:-1","max-image-preview":"max-image-preview:large","max-video-preview":"max-video-preview:-1"},"canonical":"https:\/\/regions-snetap-fsu.fr\/na\/2024\/10\/02\/1er-octobre-le-snetap-fsu-dans-la-rue-pour-le-salaires-et-les-services-publics\/","og_locale":"fr_FR","og_type":"article","og_title":"1er octobre : le SNETAP-FSU dans la rue pour le salaires et les services publics - NOUVELLE AQUITAINE","og_description":"Les organisations syndicales et de jeunesse appelaient les personnels \u00e0 se mobiliser et \u00e0 faire gr\u00e8ve le 1er octobre pour exiger des salaires dignes et la reconnaissance de notre travail, le renforcement des services publics, piliers de l\u2019\u00e9galit\u00e9 et de la solidarit\u00e9 et l\u2019abrogation de la r\u00e9forme des retraites\u00a0qui pr\u00e9carise des millions de travailleurs. BORDEAUX [&hellip;]","og_url":"https:\/\/regions-snetap-fsu.fr\/na\/2024\/10\/02\/1er-octobre-le-snetap-fsu-dans-la-rue-pour-le-salaires-et-les-services-publics\/","og_site_name":"NOUVELLE AQUITAINE","article_published_time":"2024-10-02T08:45:54+00:00","article_modified_time":"2024-10-02T08:47:14+00:00","og_image":[{"width":1920,"height":2560,"url":"https:\/\/regions-snetap-fsu.fr\/na\/wp-content\/uploads\/sites\/3\/2024\/10\/IMG_5158-scaled.jpg","type":"image\/jpeg"}],"author":"olivierb","twitter_card":"summary_large_image","twitter_misc":{"\u00c9crit par":"olivierb"},"schema":{"@context":"https:\/\/schema.org","@graph":[{"@type":"Article","@id":"https:\/\/regions-snetap-fsu.fr\/na\/2024\/10\/02\/1er-octobre-le-snetap-fsu-dans-la-rue-pour-le-salaires-et-les-services-publics\/#article","isPartOf":{"@id":"https:\/\/regions-snetap-fsu.fr\/na\/2024\/10\/02\/1er-octobre-le-snetap-fsu-dans-la-rue-pour-le-salaires-et-les-services-publics\/"},"author":{"name":"olivierb","@id":"https:\/\/regions-snetap-fsu.fr\/na\/#\/schema\/person\/bdf1c4fe149dcf915601f9de85ba379f"},"headline":"1er octobre : le SNETAP-FSU dans la rue pour le salaires et les services publics","datePublished":"2024-10-02T08:45:54+00:00","dateModified":"2024-10-02T08:47:14+00:00","mainEntityOfPage":{"@id":"https:\/\/regions-snetap-fsu.fr\/na\/2024\/10\/02\/1er-octobre-le-snetap-fsu-dans-la-rue-pour-le-salaires-et-les-services-publics\/"},"wordCount":91,"publisher":{"@id":"https:\/\/regions-snetap-fsu.fr\/na\/#organization"},"image":{"@id":"https:\/\/regions-snetap-fsu.fr\/na\/2024\/10\/02\/1er-octobre-le-snetap-fsu-dans-la-rue-pour-le-salaires-et-les-services-publics\/#primaryimage"},"thumbnailUrl":"https:\/\/regions-snetap-fsu.fr\/na\/wp-content\/uploads\/sites\/3\/2024\/10\/IMG_5158-scaled.jpg","articleSection":["Message de service"],"inLanguage":"fr-FR"},{"@type":"WebPage","@id":"https:\/\/regions-snetap-fsu.fr\/na\/2024\/10\/02\/1er-octobre-le-snetap-fsu-dans-la-rue-pour-le-salaires-et-les-services-publics\/","url":"https:\/\/regions-snetap-fsu.fr\/na\/2024\/10\/02\/1er-octobre-le-snetap-fsu-dans-la-rue-pour-le-salaires-et-les-services-publics\/","name":"1er octobre : le SNETAP-FSU dans la rue pour le salaires et les services publics - NOUVELLE AQUITAINE","isPartOf":{"@id":"https:\/\/regions-snetap-fsu.fr\/na\/#website"},"primaryImageOfPage":{"@id":"https:\/\/regions-snetap-fsu.fr\/na\/2024\/10\/02\/1er-octobre-le-snetap-fsu-dans-la-rue-pour-le-salaires-et-les-services-publics\/#primaryimage"},"image":{"@id":"https:\/\/regions-snetap-fsu.fr\/na\/2024\/10\/02\/1er-octobre-le-snetap-fsu-dans-la-rue-pour-le-salaires-et-les-services-publics\/#primaryimage"},"thumbnailUrl":"https:\/\/regions-snetap-fsu.fr\/na\/wp-content\/uploads\/sites\/3\/2024\/10\/IMG_5158-scaled.jpg","datePublished":"2024-10-02T08:45:54+00:00","dateModified":"2024-10-02T08:47:14+00:00","breadcrumb":{"@id":"https:\/\/regions-snetap-fsu.fr\/na\/2024\/10\/02\/1er-octobre-le-snetap-fsu-dans-la-rue-pour-le-salaires-et-les-services-publics\/#breadcrumb"},"inLanguage":"fr-FR","potentialAction":[{"@type":"ReadAction","target":["https:\/\/regions-snetap-fsu.fr\/na\/2024\/10\/02\/1er-octobre-le-snetap-fsu-dans-la-rue-pour-le-salaires-et-les-services-publics\/"]}]},{"@type":"ImageObject","inLanguage":"fr-FR","@id":"https:\/\/regions-snetap-fsu.fr\/na\/2024\/10\/02\/1er-octobre-le-snetap-fsu-dans-la-rue-pour-le-salaires-et-les-services-publics\/#primaryimage","url":"https:\/\/regions-snetap-fsu.fr\/na\/wp-content\/uploads\/sites\/3\/2024\/10\/IMG_5158-scaled.jpg","contentUrl":"https:\/\/regions-snetap-fsu.fr\/na\/wp-content\/uploads\/sites\/3\/2024\/10\/IMG_5158-scaled.jpg","width":1920,"height":2560},{"@type":"BreadcrumbList","@id":"https:\/\/regions-snetap-fsu.fr\/na\/2024\/10\/02\/1er-octobre-le-snetap-fsu-dans-la-rue-pour-le-salaires-et-les-services-publics\/#breadcrumb","itemListElement":[{"@type":"ListItem","position":1,"name":"Accueil","item":"https:\/\/regions-snetap-fsu.fr\/na\/"},{"@type":"ListItem","position":2,"name":"1er octobre : le SNETAP-FSU dans la rue pour le salaires et les services publics"}]},{"@type":"WebSite","@id":"https:\/\/regions-snetap-fsu.fr\/na\/#website","url":"https:\/\/regions-snetap-fsu.fr\/na\/","name":"SNETAP-FSU NOUVELLE AQUITAINE","description":"Blog de la Section R\u00e9gionale","publisher":{"@id":"https:\/\/regions-snetap-fsu.fr\/na\/#organization"},"potentialAction":[{"@type":"SearchAction","target":{"@type":"EntryPoint","urlTemplate":"https:\/\/regions-snetap-fsu.fr\/na\/?s={search_term_string}"},"query-input":{"@type":"PropertyValueSpecification","valueRequired":true,"valueName":"search_term_string"}}],"inLanguage":"fr-FR"},{"@type":"Organization","@id":"https:\/\/regions-snetap-fsu.fr\/na\/#organization","name":"SNETAP-FSU - Nouvelle Aquitaine","url":"https:\/\/regions-snetap-fsu.fr\/na\/","logo":{"@type":"ImageObject","inLanguage":"fr-FR","@id":"https:\/\/regions-snetap-fsu.fr\/na\/#\/schema\/logo\/image\/","url":"https:\/\/regions-snetap-fsu.fr\/na\/wp-content\/uploads\/sites\/3\/2020\/12\/SNETAP-Logo.jpg","contentUrl":"https:\/\/regions-snetap-fsu.fr\/na\/wp-content\/uploads\/sites\/3\/2020\/12\/SNETAP-Logo.jpg","width":464,"height":334,"caption":"SNETAP-FSU - Nouvelle Aquitaine"},"image":{"@id":"https:\/\/regions-snetap-fsu.fr\/na\/#\/schema\/logo\/image\/"}},{"@type":"Person","@id":"https:\/\/regions-snetap-fsu.fr\/na\/#\/schema\/person\/bdf1c4fe149dcf915601f9de85ba379f","name":"olivierb","image":{"@type":"ImageObject","inLanguage":"fr-FR","@id":"https:\/\/secure.gravatar.com\/avatar\/d9cce0db1146844098d0ec7fae94551015c4ff78117aab56897823bb265a7bc9?s=96&d=mm&r=g","url":"https:\/\/secure.gravatar.com\/avatar\/d9cce0db1146844098d0ec7fae94551015c4ff78117aab56897823bb265a7bc9?s=96&d=mm&r=g","contentUrl":"https:\/\/secure.gravatar.com\/avatar\/d9cce0db1146844098d0ec7fae94551015c4ff78117aab56897823bb265a7bc9?s=96&d=mm&r=g","caption":"olivierb"},"url":"https:\/\/regions-snetap-fsu.fr\/na\/author\/olivierb\/"}]}},"_links":{"self":[{"href":"https:\/\/regions-snetap-fsu.fr\/na\/wp-json\/wp\/v2\/posts\/3740","targetHints":{"allow":["GET"]}}],"collection":[{"href":"https:\/\/regions-snetap-fsu.fr\/na\/wp-json\/wp\/v2\/posts"}],"about":[{"href":"https:\/\/regions-snetap-fsu.fr\/na\/wp-json\/wp\/v2\/types\/post"}],"author":[{"embeddable":true,"href":"https:\/\/regions-snetap-fsu.fr\/na\/wp-json\/wp\/v2\/users\/128"}],"replies":[{"embeddable":true,"href":"https:\/\/regions-snetap-fsu.fr\/na\/wp-json\/wp\/v2\/comments?post=3740"}],"version-history":[{"count":3,"href":"https:\/\/regions-snetap-fsu.fr\/na\/wp-json\/wp\/v2\/posts\/3740\/revisions"}],"predecessor-version":[{"id":3749,"href":"https:\/\/regions-snetap-fsu.fr\/na\/wp-json\/wp\/v2\/posts\/3740\/revisions\/3749"}],"wp:featuredmedia":[{"embeddable":true,"href":"https:\/\/regions-snetap-fsu.fr\/na\/wp-json\/wp\/v2\/media\/3741"}],"wp:attachment":[{"href":"https:\/\/regions-snetap-fsu.fr\/na\/wp-json\/wp\/v2\/media?parent=3740"}],"wp:term":[{"taxonomy":"category","embeddable":true,"href":"https:\/\/regions-snetap-fsu.fr\/na\/wp-json\/wp\/v2\/categories?post=3740"},{"taxonomy":"post_tag","embeddable":true,"href":"https:\/\/regions-snetap-fsu.fr\/na\/wp-json\/wp\/v2\/tags?post=3740"},{"taxonomy":"post_folder","embeddable":true,"href":"https:\/\/regions-snetap-fsu.fr\/na\/wp-json\/wp\/v2\/post_folder?post=3740"}],"curies":[{"name":"wp","href":"https:\/\/api.w.org\/{rel}","templated":true}]}}