{"id":3737,"date":"2024-10-01T00:26:11","date_gmt":"2024-09-30T22:26:11","guid":{"rendered":"https:\/\/regions-snetap-fsu.fr\/na\/?p=3737"},"modified":"2024-10-01T00:40:50","modified_gmt":"2024-09-30T22:40:50","slug":"declaration-de-lelan-commun-au-csa-nouvelle-aquitaine","status":"publish","type":"post","link":"https:\/\/regions-snetap-fsu.fr\/na\/2024\/10\/01\/declaration-de-lelan-commun-au-csa-nouvelle-aquitaine\/","title":{"rendered":"D\u00e9claration de l&rsquo;Elan commun au CSA Nouvelle Aquitaine"},"content":{"rendered":"<p style=\"text-align: center\"><span style=\"color: #ff6600;font-family: arial, helvetica, sans-serif;font-size: 18pt\"><strong>CSA REA NOUVELLE AQUITAINE<\/strong><\/span><br \/>\n<span style=\"color: #ff6600;font-family: arial, helvetica, sans-serif;font-size: 18pt\"><strong>26 SEPTEMBRE 2024<\/strong><\/span><\/p>\n<p style=\"text-align: center\"><span style=\"color: #ff6600;font-family: arial, helvetica, sans-serif;font-size: 18pt\"><strong>DECLARATION LIMINAIRE \u00c9LAN COMMUN<\/strong><\/span><\/p>\n<p style=\"text-align: justify\"><span style=\"font-family: arial, helvetica, sans-serif\">Apr\u00e8s des mois d\u2019attente, et au m\u00e9pris du r\u00e9sultats des \u00e9lections l\u00e9gislatives,<strong><span style=\"color: #008000\"> la <\/span><\/strong><\/span><strong><span style=\"font-family: arial, helvetica, sans-serif;color: #008000\">nomination du nouveau gouvernement est une douche froide pour les citoyen.nes qui se <\/span><\/strong><span style=\"font-family: arial, helvetica, sans-serif\"><strong><span style=\"color: #008000\">sont mobilis\u00e9.es lors des derni\u00e8res \u00e9lections<\/span><\/strong>.. Le nouveau casting gouvernemental <\/span><span style=\"font-family: arial, helvetica, sans-serif\">pr\u00e9sent\u00e9 ce samedi 23 septembre, certes sans surprise dans le virage pris tr\u00e8s \u00e0 droite, <\/span><span style=\"font-family: arial, helvetica, sans-serif\">nous laisse craindre le pire, avec une politique de courte vue \u00e0 rebours de la d\u00e9fense et du<\/span><br \/>\n<span style=\"font-family: arial, helvetica, sans-serif\">n\u00e9cessaire soutien financier aux services publics, \u00e0 l\u2019\u00e9cole gratuite la\u00efque, au soutien de <\/span><span style=\"font-family: arial, helvetica, sans-serif\">politiques publiques de l\u2019agriculture, de l\u2019alimentation et de la for\u00eat pour toutes et tous, <\/span><span style=\"font-family: arial, helvetica, sans-serif\">comme de la revalorisation salariale de tous et toutes les agent.es et de l\u2019am\u00e9lioration <\/span><span style=\"font-family: arial, helvetica, sans-serif\">g\u00e9n\u00e9rale des conditions de travail. Autant de sujets qui demandent pourtant \u00e0 \u00eatre trait\u00e9s <\/span><span style=\"font-family: arial, helvetica, sans-serif\">en urgence pour \u00e9viter l\u2019effondrement du syst\u00e8me.<\/span><\/p>\n<p style=\"text-align: justify\"><span style=\"font-family: arial, helvetica, sans-serif\">Pour l\u2019\u00c9ducation et l\u2019Enseignement agricole, nous ne pouvons que nous inqui\u00e9ter de la <\/span><span style=\"font-family: arial, helvetica, sans-serif\">nomination de deux profils politiques illustrant le marchandage politique sans <\/span><span style=\"font-family: arial, helvetica, sans-serif\">consid\u00e9ration pour les dossiers qu\u2019elles devront porter.<\/span><\/p>\n<p style=\"text-align: justify\"><strong><span style=\"font-family: arial, helvetica, sans-serif;color: #008000\">Au Minist\u00e8re de l\u2019Agriculture, de la Souverainet\u00e9 alimentaire et de la For\u00eat, la d\u00e9signation <\/span><\/strong><span style=\"font-family: arial, helvetica, sans-serif\"><strong><span style=\"color: #008000\">de Madame Annie Genevard est pr\u00e9occupante<\/span><\/strong> pour un secteur qui doit op\u00e9rer une <\/span><span style=\"font-family: arial, helvetica, sans-serif\">bifurcation urgente de ses modes de production et de transformation. Pour le SNETAP-<\/span><span style=\"font-family: arial, helvetica, sans-serif\">FSU, ses positions en faveur d\u201c<em>un moratoire sur la suppression d\u2019outils phytosanitaires<\/em>\u201d ou <\/span><span style=\"font-family: arial, helvetica, sans-serif\">encore \u201c<em>moins de charges et moins de norme<\/em>s\u201d sont un signal inqui\u00e9tant.<\/span><br \/>\n<span style=\"font-family: arial, helvetica, sans-serif\">De m\u00eame, lors de son mandat de d\u00e9put\u00e9e, elle a ardemment d\u00e9fendu l\u2019enseignement <\/span><span style=\"font-family: arial, helvetica, sans-serif\">agricole priv\u00e9, oubliant semble-t-il qu\u2019il existe aussi un Enseignement Agricole Public. <\/span><span style=\"font-family: arial, helvetica, sans-serif\">Nous attendons ses premiers actes envers l\u2019Enseignement Agricole pour voir sa position <\/span><span style=\"font-family: arial, helvetica, sans-serif\">de Ministre \u2026 mais nous lui rappellerons autant que de besoin l&rsquo;existence du service <\/span><span style=\"font-family: arial, helvetica, sans-serif\">public d\u2019\u00e9ducation au sein de son minist\u00e8re.<\/span><\/p>\n<p style=\"text-align: justify\"><span style=\"font-family: arial, helvetica, sans-serif\">Cette rentr\u00e9e 2024 s\u2019est donc faite avec des ministres d\u00e9missionnaires. Elle marque une <\/span><span style=\"font-family: arial, helvetica, sans-serif\">\u00e9tape suppl\u00e9mentaire dans la <strong><span style=\"color: #008000\">d\u00e9gradation du service public d\u2019\u00c9ducation avec des coupes <\/span><\/strong><\/span><span style=\"font-family: arial, helvetica, sans-serif\"><strong><span style=\"color: #008000\">budg\u00e9taires<\/span><\/strong> dans une Ecole d\u00e9j\u00e0 \u00e0 l\u2019os, avec une p\u00e9nurie de postes, avec une crise du <\/span><span style=\"font-family: arial, helvetica, sans-serif\">recrutement des personnels qui se confirme aussi dans l\u2019EAP, avec des conditions de <\/span><span style=\"font-family: arial, helvetica, sans-serif\">travail qui ne cessent de se d\u00e9grader pour l\u2019ensemble des personnels, avec le maintien <\/span><span style=\"font-family: arial, helvetica, sans-serif\">d\u2019un Pacte qui ne r\u00e9pond en rien aux besoins de revalorisation salariale et cr\u00e9ation de <\/span><span style=\"font-family: arial, helvetica, sans-serif\">postes \u2026<\/span><\/p>\n<p style=\"text-align: justify\"><span style=\"font-family: arial, helvetica, sans-serif\">Et le nouveau gouvernement d\u00e9j\u00e0 plac\u00e9 sous le signe de l\u2019aust\u00e9rit\u00e9 budg\u00e9taire renforc\u00e9e, <\/span><span style=\"font-family: arial, helvetica, sans-serif\">impos\u00e9e dans des lettres \u00ab\u00a0plafond\u00a0\u00bb transmises par <strong><span style=\"color: #008000\">Matignon pour le budget 2025 risque <\/span><\/strong><\/span><span style=\"font-family: arial, helvetica, sans-serif\"><strong><span style=\"color: #008000\">de poursuivre une politique de d\u00e9mant\u00e8lement du service public d\u2019\u00e9ducation<\/span><\/strong>. <\/span><span style=\"font-family: arial, helvetica, sans-serif\">C\u00f4t\u00e9 cr\u00e9dits, en l&rsquo;\u00e9tat, pour le MASA, pour le programme 143 (enseignement technique <\/span><span style=\"font-family: arial, helvetica, sans-serif\">agricole), la lettre \u00ab\u00a0plafond\u00a0\u00bb fait \u00e9tat de &#8211; 16 millions et pour le 142 (enseignement <\/span><span style=\"font-family: arial, helvetica, sans-serif\">sup\u00e9rieur agricole), c&rsquo;est &#8211; 6,2 millions ! Cette copie budg\u00e9taire n&rsquo;est pas acceptable <\/span><span style=\"font-family: arial, helvetica, sans-serif\">car cela ne peut que se traduire par des moyens de fonctionnement en moins ! <\/span><span style=\"font-family: arial, helvetica, sans-serif\">Pour l\u2019Enseignement agricole, cette rentr\u00e9e scolaire est d\u2019autant plus incertaine qu\u2019elle <\/span><span style=\"font-family: arial, helvetica, sans-serif\">intervient apr\u00e8s une dissolution de l\u2019Assembl\u00e9e Nationale qui a \u201centerr\u00e9\u201d le projet de loi <\/span><span style=\"font-family: arial, helvetica, sans-serif\">d\u2019avenir agricole. Pourtant ce texte \u00e9tait attendu pour fixer les directives qui seraient <\/span><span style=\"font-family: arial, helvetica, sans-serif\">donn\u00e9es aux autorit\u00e9s acad\u00e9miques et aux \u00e9tablissements pour notamment conforter les <\/span><span style=\"font-family: arial, helvetica, sans-serif\">formations et les classes de l\u2019EAP et r\u00e9pondre au d\u00e9fi du renouvellement des g\u00e9n\u00e9rations <\/span><span style=\"font-family: arial, helvetica, sans-serif\">en agriculture.<\/span><\/p>\n<p style=\"text-align: justify\"><span style=\"font-family: arial, helvetica, sans-serif\">En Nouvelle Aquitaine, nous sommes ainsi sans PREA depuis plusieurs ann\u00e9es, dans <\/span><span style=\"font-family: arial, helvetica, sans-serif\">l\u2019attente d\u2019un texte de niveau national sur lequel s\u2019appuyer. Cette attente n\u2019est plus <\/span><span style=\"font-family: arial, helvetica, sans-serif\">tenable !<\/span><\/p>\n<p style=\"text-align: justify\"><span style=\"font-family: arial, helvetica, sans-serif\">Dans ce contexte de rentr\u00e9e politique et scolaire morose, comment pouvons-nous relever <\/span><span style=\"font-family: arial, helvetica, sans-serif\">les d\u00e9fis soci\u00e9taux et environnementaux, qui s\u2019imposent \u00e0 nous et qui devraient \u00eatre les\u00a0 <\/span><span style=\"font-family: arial, helvetica, sans-serif\">priorit\u00e9s de nos \u00e9lu.es quel qu\u2019ils\/elles soient ? Dans ce sc\u00e9nario, comment penser <\/span><span style=\"font-family: arial, helvetica, sans-serif\">l\u2019attractivit\u00e9 de nos m\u00e9tiers, comment porter la n\u00e9cessit\u00e9 du renouvellement des <\/span><span style=\"font-family: arial, helvetica, sans-serif\">g\u00e9n\u00e9rations d&rsquo;agriculteurs.trices et celle de la transition agro\u00e9cologique ?<\/span><\/p>\n<p style=\"text-align: justify\"><span style=\"font-family: arial, helvetica, sans-serif\">Sur les points plus sp\u00e9cifiques de ce CSA, l\u2019<strong><span style=\"color: #008000\">\u00c9lan Commun avait exig\u00e9 l\u2019an pass\u00e9 un bilan <\/span><\/strong><\/span><span style=\"font-family: arial, helvetica, sans-serif\"><strong><span style=\"color: #008000\">r\u00e9gional pr\u00e9cis du Pacte et de ses cons\u00e9quences<\/span><\/strong>. Le tableau que vous nous pr\u00e9sentez <\/span><span style=\"font-family: arial, helvetica, sans-serif\">pour cette r\u00e9union ne r\u00e9pond pas \u00e0 cette demande. En effet, nous attendons des r\u00e9ponses <\/span><span style=\"font-family: arial, helvetica, sans-serif\">sur le nombre d&rsquo;enseignant.es concern\u00e9.es, le nombre moyen de briques par <\/span><span style=\"font-family: arial, helvetica, sans-serif\">enseignant.e, le nombre de briques distribu\u00e9es et non r\u00e9alis\u00e9.es, les missions les plus <\/span><span style=\"font-family: arial, helvetica, sans-serif\">demand\u00e9es, &#8230; Nous souhaitons \u00e9galement savoir ou est pass\u00e9 l&rsquo;argent des 912 briques <\/span><span style=\"font-family: arial, helvetica, sans-serif\">qui n&rsquo;ont pas \u00e9t\u00e9 consomm\u00e9es l&rsquo;an pass\u00e9 et qui ne sont pas propos\u00e9es aux <\/span><span style=\"font-family: arial, helvetica, sans-serif\">\u00e9tablissements publics cette ann\u00e9e. Sont-elles all\u00e9es vers le priv\u00e9 ?<\/span><br \/>\n<span style=\"font-family: arial, helvetica, sans-serif\">Nous r\u00e9it\u00e9rons donc notre exigence d&rsquo;un bilan pr\u00e9cis. En refusant massivement de <\/span><span style=\"font-family: arial, helvetica, sans-serif\">s&rsquo;inscrire dans la contractualisation impos\u00e9 par le mod\u00e8le du Pacte, les personnels de <\/span><span style=\"font-family: arial, helvetica, sans-serif\">l&rsquo;EAP ont rappel\u00e9 leur attachement \u00e0 leur statut et leur mission premi\u00e8re d&rsquo;enseignement. <\/span><span style=\"font-family: arial, helvetica, sans-serif\">Les obligations de services actuelles et les missions suppl\u00e9mentaires impos\u00e9es ces <\/span><span style=\"font-family: arial, helvetica, sans-serif\">derni\u00e8res ann\u00e9es sont d\u00e9j\u00e0 trop lourdes. Nous exigeons que les budgets qui ont <\/span><span style=\"font-family: arial, helvetica, sans-serif\">permis le d\u00e9ploiement du Pacte soient int\u00e9gr\u00e9s dans une augmentation du point <\/span><span style=\"font-family: arial, helvetica, sans-serif\">d&rsquo;indice au profit des salaires de tous\u00b7tes les agent.es.de nos \u00e9tablissements : <\/span><span style=\"font-family: arial, helvetica, sans-serif\">administratifs, techniciens de laboratoire et agents de sant\u00e9.<\/span><\/p>\n<p style=\"text-align: justify\"><span style=\"font-family: arial, helvetica, sans-serif\">De plus, \u00e0 Angoul\u00eame, les fiches de service des enseignant.es ne respectent pas les <\/span><span style=\"font-family: arial, helvetica, sans-serif\">grilles horaires des diff\u00e9rents dipl\u00f4mes. En effet, l&#8217;emploi du temps des 1\u00e8re et terminale <\/span><span style=\"font-family: arial, helvetica, sans-serif\">STAV ainsi que celui des 2nd Pro sont r\u00e9partis sur 32 semaines. Pour les BTSA, l&#8217;emploi <\/span><span style=\"font-family: arial, helvetica, sans-serif\">du temps est r\u00e9parti sur 30 semaines.<\/span><br \/>\n<span style=\"font-family: arial, helvetica, sans-serif\">Cette r\u00e9partition impacte bien le service des enseignant.es, aussi bien pour la pluri que <\/span><span style=\"font-family: arial, helvetica, sans-serif\">pour les TP \/ TD.<\/span><br \/>\n<span style=\"font-family: arial, helvetica, sans-serif\">Nous attendons imm\u00e9diatement l&rsquo;arr\u00eat de ce dysfonctionnement et la correction des <\/span><span style=\"font-family: arial, helvetica, sans-serif\">fiches de service de nos coll\u00e8gues dans le respect des textes officiels. La consigne <\/span><span style=\"font-family: arial, helvetica, sans-serif\">de la DGER est pourtant claire : il n&rsquo;y a pas d&rsquo;\u00e9quivoque ; il faut respecter les grilles <\/span><span style=\"font-family: arial, helvetica, sans-serif\">horaires des diff\u00e9rents dipl\u00f4mes.<\/span><\/p>\n<p style=\"text-align: justify\"><span style=\"font-family: arial, helvetica, sans-serif\">Nous nous interrogeons \u00e0 nouveau sur la situation de nos coll\u00e8gues <strong><span style=\"color: #008000\">AESH<\/span><\/strong> qui attendent <\/span><span style=\"font-family: arial, helvetica, sans-serif\">toujours la revalorisation de leur traitement. Alors que dans les autres r\u00e9gions les dossiers <\/span><span style=\"font-family: arial, helvetica, sans-serif\">similaires ont \u00e9t\u00e9 r\u00e9gl\u00e9s et alors que la DGER et la DRAAF ont valid\u00e9 ces revalorisations, <\/span><span style=\"font-family: arial, helvetica, sans-serif\">les \u00e9tablissements doivent maintenant r\u00e9gler le d\u00fb sans attendre \u2026<\/span><\/p>\n<p style=\"text-align: justify\"><span style=\"font-family: arial, helvetica, sans-serif\">Nous voulons rappeler \u00e0 nouveau la situation d\u00e9grad\u00e9e <strong><span style=\"color: #008000\">des personnels administratifs<\/span><\/strong> : on <\/span><span style=\"font-family: arial, helvetica, sans-serif\">compte des postes vacants et des arr\u00eats de travail. Les charges ne cessent de cro\u00eetre <\/span><span style=\"font-family: arial, helvetica, sans-serif\">sans aucun moyen humain suppl\u00e9mentaire. Nous avions demand\u00e9, en avril 2024, la <\/span><span style=\"font-family: arial, helvetica, sans-serif\">r\u00e9union de la F3SCT. Force est de constater que les conditions de travail des <\/span><span style=\"font-family: arial, helvetica, sans-serif\">administratifs ne se sont pas am\u00e9lior\u00e9es : RIB \u00e0 rentrer dans Aplypro, attestations de <\/span><span style=\"font-family: arial, helvetica, sans-serif\">stages \u00e0 r\u00e9cup\u00e9rer, dossiers de bourses de stage \u00e0 instruire chaque ann\u00e9e, tarification\u00a0 <\/span><span style=\"font-family: arial, helvetica, sans-serif\">des repas \u00e0 actualiser, frais de d\u00e9placement \u00e0 traiter &#8230;. Quel temps alors reste t-il pour se\u00a0 <\/span><span style=\"font-family: arial, helvetica, sans-serif\">former aux nouvelles CO-HS et pour les convoquer ? Aussi, nous r\u00e9affirmons que la <\/span><span style=\"font-family: arial, helvetica, sans-serif\">revalorisation de l&rsquo;IFSE, pour les personnels autres qu&rsquo;enseignants et CPE doit \u00eatre <\/span><span style=\"font-family: arial, helvetica, sans-serif\">une priorit\u00e9.<\/span><\/p>\n<p style=\"text-align: justify\"><span style=\"font-family: arial, helvetica, sans-serif\">Concernant les <strong><span style=\"color: #008000\">personnels de direction<\/span><\/strong>, force est de constater de nombreux <\/span><span style=\"font-family: arial, helvetica, sans-serif\">dysfonctionnements, conflits internes \u00e0 certaines \u00e9quipes d&rsquo;encadrement ou avec les <\/span><span style=\"font-family: arial, helvetica, sans-serif\">personnels, comportements paradoxaux, m\u00e9connaissance des instructions <\/span><span style=\"font-family: arial, helvetica, sans-serif\">r\u00e9glementaires, etc&#8230; Aussi, nous r\u00e9affirmons le besoin d&rsquo;une v\u00e9ritable formation et la <\/span><span style=\"font-family: arial, helvetica, sans-serif\">r\u00e9ouverture du GT dialogue social&#8230;<\/span><\/p>\n<p style=\"text-align: justify\"><span style=\"font-family: arial, helvetica, sans-serif\">Enfin, les difficult\u00e9s financi\u00e8res des EPL devaient faire l&rsquo;objet d&rsquo;un groupe de travail <\/span><span style=\"font-family: arial, helvetica, sans-serif\">national qui h\u00e9las ne s&rsquo;est toujours pas tenu &#8230; Et pourtant &#8230; En esp\u00e9rant que vous <\/span><span style=\"font-family: arial, helvetica, sans-serif\">comprendrez ENFIN notre d\u00e9sappointement !<\/span><\/p>\n","protected":false},"excerpt":{"rendered":"<p>CSA REA NOUVELLE AQUITAINE 26 SEPTEMBRE 2024 DECLARATION LIMINAIRE \u00c9LAN COMMUN Apr\u00e8s des mois d\u2019attente, et au m\u00e9pris du r\u00e9sultats des \u00e9lections l\u00e9gislatives, la nomination du nouveau gouvernement est une douche froide pour les citoyen.nes qui se sont mobilis\u00e9.es lors des derni\u00e8res \u00e9lections.. Le nouveau casting gouvernemental pr\u00e9sent\u00e9 ce samedi 23 septembre, certes sans surprise [&hellip;]<\/p>\n","protected":false},"author":128,"featured_media":3440,"comment_status":"closed","ping_status":"closed","sticky":false,"template":"","format":"standard","meta":{"ocean_post_layout":"","ocean_both_sidebars_style":"","ocean_both_sidebars_content_width":0,"ocean_both_sidebars_sidebars_width":0,"ocean_sidebar":"","ocean_second_sidebar":"","ocean_disable_margins":"enable","ocean_add_body_class":"","ocean_shortcode_before_top_bar":"","ocean_shortcode_after_top_bar":"","ocean_shortcode_before_header":"","ocean_shortcode_after_header":"","ocean_has_shortcode":"","ocean_shortcode_after_title":"","ocean_shortcode_before_footer_widgets":"","ocean_shortcode_after_footer_widgets":"","ocean_shortcode_before_footer_bottom":"","ocean_shortcode_after_footer_bottom":"","ocean_display_top_bar":"default","ocean_display_header":"default","ocean_header_style":"","ocean_center_header_left_menu":"","ocean_custom_header_template":"","ocean_custom_logo":0,"ocean_custom_retina_logo":0,"ocean_custom_logo_max_width":0,"ocean_custom_logo_tablet_max_width":0,"ocean_custom_logo_mobile_max_width":0,"ocean_custom_logo_max_height":0,"ocean_custom_logo_tablet_max_height":0,"ocean_custom_logo_mobile_max_height":0,"ocean_header_custom_menu":"","ocean_menu_typo_font_family":"","ocean_menu_typo_font_subset":"","ocean_menu_typo_font_size":0,"ocean_menu_typo_font_size_tablet":0,"ocean_menu_typo_font_size_mobile":0,"ocean_menu_typo_font_size_unit":"px","ocean_menu_typo_font_weight":"","ocean_menu_typo_font_weight_tablet":"","ocean_menu_typo_font_weight_mobile":"","ocean_menu_typo_transform":"","ocean_menu_typo_transform_tablet":"","ocean_menu_typo_transform_mobile":"","ocean_menu_typo_line_height":0,"ocean_menu_typo_line_height_tablet":0,"ocean_menu_typo_line_height_mobile":0,"ocean_menu_typo_line_height_unit":"","ocean_menu_typo_spacing":0,"ocean_menu_typo_spacing_tablet":0,"ocean_menu_typo_spacing_mobile":0,"ocean_menu_typo_spacing_unit":"","ocean_menu_link_color":"","ocean_menu_link_color_hover":"","ocean_menu_link_color_active":"","ocean_menu_link_background":"","ocean_menu_link_hover_background":"","ocean_menu_link_active_background":"","ocean_menu_social_links_bg":"","ocean_menu_social_hover_links_bg":"","ocean_menu_social_links_color":"","ocean_menu_social_hover_links_color":"","ocean_disable_title":"default","ocean_disable_heading":"default","ocean_post_title":"","ocean_post_subheading":"","ocean_post_title_style":"","ocean_post_title_background_color":"","ocean_post_title_background":0,"ocean_post_title_bg_image_position":"","ocean_post_title_bg_image_attachment":"","ocean_post_title_bg_image_repeat":"","ocean_post_title_bg_image_size":"","ocean_post_title_height":0,"ocean_post_title_bg_overlay":0.5,"ocean_post_title_bg_overlay_color":"","ocean_disable_breadcrumbs":"default","ocean_breadcrumbs_color":"","ocean_breadcrumbs_separator_color":"","ocean_breadcrumbs_links_color":"","ocean_breadcrumbs_links_hover_color":"","ocean_display_footer_widgets":"default","ocean_display_footer_bottom":"default","ocean_custom_footer_template":"","ocean_post_oembed":"","ocean_post_self_hosted_media":"","ocean_post_video_embed":"","ocean_link_format":"","ocean_link_format_target":"self","ocean_quote_format":"","ocean_quote_format_link":"post","ocean_gallery_link_images":"on","ocean_gallery_id":[],"footnotes":""},"categories":[1],"tags":[],"post_folder":[],"class_list":["post-3737","post","type-post","status-publish","format-standard","has-post-thumbnail","hentry","category-message-de-service","entry","has-media"],"yoast_head":"<!-- This site is optimized with the Yoast SEO plugin v27.4 - https:\/\/yoast.com\/product\/yoast-seo-wordpress\/ -->\n<title>D\u00e9claration de l&#039;Elan commun au CSA Nouvelle Aquitaine - NOUVELLE AQUITAINE<\/title>\n<meta name=\"robots\" content=\"index, follow, max-snippet:-1, max-image-preview:large, max-video-preview:-1\" \/>\n<link rel=\"canonical\" href=\"https:\/\/regions-snetap-fsu.fr\/na\/2024\/10\/01\/declaration-de-lelan-commun-au-csa-nouvelle-aquitaine\/\" \/>\n<meta property=\"og:locale\" content=\"fr_FR\" \/>\n<meta property=\"og:type\" content=\"article\" \/>\n<meta property=\"og:title\" content=\"D\u00e9claration de l&#039;Elan commun au CSA Nouvelle Aquitaine - NOUVELLE AQUITAINE\" \/>\n<meta property=\"og:description\" content=\"CSA REA NOUVELLE AQUITAINE 26 SEPTEMBRE 2024 DECLARATION LIMINAIRE \u00c9LAN COMMUN Apr\u00e8s des mois d\u2019attente, et au m\u00e9pris du r\u00e9sultats des \u00e9lections l\u00e9gislatives, la nomination du nouveau gouvernement est une douche froide pour les citoyen.nes qui se sont mobilis\u00e9.es lors des derni\u00e8res \u00e9lections.. Le nouveau casting gouvernemental pr\u00e9sent\u00e9 ce samedi 23 septembre, certes sans surprise [&hellip;]\" \/>\n<meta property=\"og:url\" content=\"https:\/\/regions-snetap-fsu.fr\/na\/2024\/10\/01\/declaration-de-lelan-commun-au-csa-nouvelle-aquitaine\/\" \/>\n<meta property=\"og:site_name\" content=\"NOUVELLE AQUITAINE\" \/>\n<meta property=\"article:published_time\" content=\"2024-09-30T22:26:11+00:00\" \/>\n<meta property=\"article:modified_time\" content=\"2024-09-30T22:40:50+00:00\" \/>\n<meta property=\"og:image\" content=\"https:\/\/regions-snetap-fsu.fr\/na\/wp-content\/uploads\/sites\/3\/2023\/10\/Declaration-CSA.jpg\" \/>\n\t<meta property=\"og:image:width\" content=\"713\" \/>\n\t<meta property=\"og:image:height\" content=\"525\" \/>\n\t<meta property=\"og:image:type\" content=\"image\/jpeg\" \/>\n<meta name=\"author\" content=\"olivierb\" \/>\n<meta name=\"twitter:card\" content=\"summary_large_image\" \/>\n<meta name=\"twitter:label1\" content=\"\u00c9crit par\" \/>\n\t<meta name=\"twitter:data1\" content=\"olivierb\" \/>\n\t<meta name=\"twitter:label2\" content=\"Dur\u00e9e de lecture estim\u00e9e\" \/>\n\t<meta name=\"twitter:data2\" content=\"7 minutes\" \/>\n<script type=\"application\/ld+json\" class=\"yoast-schema-graph\">{\"@context\":\"https:\\\/\\\/schema.org\",\"@graph\":[{\"@type\":\"Article\",\"@id\":\"https:\\\/\\\/regions-snetap-fsu.fr\\\/na\\\/2024\\\/10\\\/01\\\/declaration-de-lelan-commun-au-csa-nouvelle-aquitaine\\\/#article\",\"isPartOf\":{\"@id\":\"https:\\\/\\\/regions-snetap-fsu.fr\\\/na\\\/2024\\\/10\\\/01\\\/declaration-de-lelan-commun-au-csa-nouvelle-aquitaine\\\/\"},\"author\":{\"name\":\"olivierb\",\"@id\":\"https:\\\/\\\/regions-snetap-fsu.fr\\\/na\\\/#\\\/schema\\\/person\\\/bdf1c4fe149dcf915601f9de85ba379f\"},\"headline\":\"D\u00e9claration de l&rsquo;Elan commun au CSA Nouvelle Aquitaine\",\"datePublished\":\"2024-09-30T22:26:11+00:00\",\"dateModified\":\"2024-09-30T22:40:50+00:00\",\"mainEntityOfPage\":{\"@id\":\"https:\\\/\\\/regions-snetap-fsu.fr\\\/na\\\/2024\\\/10\\\/01\\\/declaration-de-lelan-commun-au-csa-nouvelle-aquitaine\\\/\"},\"wordCount\":1375,\"publisher\":{\"@id\":\"https:\\\/\\\/regions-snetap-fsu.fr\\\/na\\\/#organization\"},\"image\":{\"@id\":\"https:\\\/\\\/regions-snetap-fsu.fr\\\/na\\\/2024\\\/10\\\/01\\\/declaration-de-lelan-commun-au-csa-nouvelle-aquitaine\\\/#primaryimage\"},\"thumbnailUrl\":\"https:\\\/\\\/regions-snetap-fsu.fr\\\/na\\\/wp-content\\\/uploads\\\/sites\\\/3\\\/2023\\\/10\\\/Declaration-CSA.jpg\",\"articleSection\":[\"Message de service\"],\"inLanguage\":\"fr-FR\"},{\"@type\":\"WebPage\",\"@id\":\"https:\\\/\\\/regions-snetap-fsu.fr\\\/na\\\/2024\\\/10\\\/01\\\/declaration-de-lelan-commun-au-csa-nouvelle-aquitaine\\\/\",\"url\":\"https:\\\/\\\/regions-snetap-fsu.fr\\\/na\\\/2024\\\/10\\\/01\\\/declaration-de-lelan-commun-au-csa-nouvelle-aquitaine\\\/\",\"name\":\"D\u00e9claration de l'Elan commun au CSA Nouvelle Aquitaine - NOUVELLE AQUITAINE\",\"isPartOf\":{\"@id\":\"https:\\\/\\\/regions-snetap-fsu.fr\\\/na\\\/#website\"},\"primaryImageOfPage\":{\"@id\":\"https:\\\/\\\/regions-snetap-fsu.fr\\\/na\\\/2024\\\/10\\\/01\\\/declaration-de-lelan-commun-au-csa-nouvelle-aquitaine\\\/#primaryimage\"},\"image\":{\"@id\":\"https:\\\/\\\/regions-snetap-fsu.fr\\\/na\\\/2024\\\/10\\\/01\\\/declaration-de-lelan-commun-au-csa-nouvelle-aquitaine\\\/#primaryimage\"},\"thumbnailUrl\":\"https:\\\/\\\/regions-snetap-fsu.fr\\\/na\\\/wp-content\\\/uploads\\\/sites\\\/3\\\/2023\\\/10\\\/Declaration-CSA.jpg\",\"datePublished\":\"2024-09-30T22:26:11+00:00\",\"dateModified\":\"2024-09-30T22:40:50+00:00\",\"breadcrumb\":{\"@id\":\"https:\\\/\\\/regions-snetap-fsu.fr\\\/na\\\/2024\\\/10\\\/01\\\/declaration-de-lelan-commun-au-csa-nouvelle-aquitaine\\\/#breadcrumb\"},\"inLanguage\":\"fr-FR\",\"potentialAction\":[{\"@type\":\"ReadAction\",\"target\":[\"https:\\\/\\\/regions-snetap-fsu.fr\\\/na\\\/2024\\\/10\\\/01\\\/declaration-de-lelan-commun-au-csa-nouvelle-aquitaine\\\/\"]}]},{\"@type\":\"ImageObject\",\"inLanguage\":\"fr-FR\",\"@id\":\"https:\\\/\\\/regions-snetap-fsu.fr\\\/na\\\/2024\\\/10\\\/01\\\/declaration-de-lelan-commun-au-csa-nouvelle-aquitaine\\\/#primaryimage\",\"url\":\"https:\\\/\\\/regions-snetap-fsu.fr\\\/na\\\/wp-content\\\/uploads\\\/sites\\\/3\\\/2023\\\/10\\\/Declaration-CSA.jpg\",\"contentUrl\":\"https:\\\/\\\/regions-snetap-fsu.fr\\\/na\\\/wp-content\\\/uploads\\\/sites\\\/3\\\/2023\\\/10\\\/Declaration-CSA.jpg\",\"width\":713,\"height\":525},{\"@type\":\"BreadcrumbList\",\"@id\":\"https:\\\/\\\/regions-snetap-fsu.fr\\\/na\\\/2024\\\/10\\\/01\\\/declaration-de-lelan-commun-au-csa-nouvelle-aquitaine\\\/#breadcrumb\",\"itemListElement\":[{\"@type\":\"ListItem\",\"position\":1,\"name\":\"Accueil\",\"item\":\"https:\\\/\\\/regions-snetap-fsu.fr\\\/na\\\/\"},{\"@type\":\"ListItem\",\"position\":2,\"name\":\"D\u00e9claration de l&rsquo;Elan commun au CSA Nouvelle Aquitaine\"}]},{\"@type\":\"WebSite\",\"@id\":\"https:\\\/\\\/regions-snetap-fsu.fr\\\/na\\\/#website\",\"url\":\"https:\\\/\\\/regions-snetap-fsu.fr\\\/na\\\/\",\"name\":\"SNETAP-FSU NOUVELLE AQUITAINE\",\"description\":\"Blog de la Section R\u00e9gionale\",\"publisher\":{\"@id\":\"https:\\\/\\\/regions-snetap-fsu.fr\\\/na\\\/#organization\"},\"potentialAction\":[{\"@type\":\"SearchAction\",\"target\":{\"@type\":\"EntryPoint\",\"urlTemplate\":\"https:\\\/\\\/regions-snetap-fsu.fr\\\/na\\\/?s={search_term_string}\"},\"query-input\":{\"@type\":\"PropertyValueSpecification\",\"valueRequired\":true,\"valueName\":\"search_term_string\"}}],\"inLanguage\":\"fr-FR\"},{\"@type\":\"Organization\",\"@id\":\"https:\\\/\\\/regions-snetap-fsu.fr\\\/na\\\/#organization\",\"name\":\"SNETAP-FSU - Nouvelle Aquitaine\",\"url\":\"https:\\\/\\\/regions-snetap-fsu.fr\\\/na\\\/\",\"logo\":{\"@type\":\"ImageObject\",\"inLanguage\":\"fr-FR\",\"@id\":\"https:\\\/\\\/regions-snetap-fsu.fr\\\/na\\\/#\\\/schema\\\/logo\\\/image\\\/\",\"url\":\"https:\\\/\\\/regions-snetap-fsu.fr\\\/na\\\/wp-content\\\/uploads\\\/sites\\\/3\\\/2020\\\/12\\\/SNETAP-Logo.jpg\",\"contentUrl\":\"https:\\\/\\\/regions-snetap-fsu.fr\\\/na\\\/wp-content\\\/uploads\\\/sites\\\/3\\\/2020\\\/12\\\/SNETAP-Logo.jpg\",\"width\":464,\"height\":334,\"caption\":\"SNETAP-FSU - Nouvelle Aquitaine\"},\"image\":{\"@id\":\"https:\\\/\\\/regions-snetap-fsu.fr\\\/na\\\/#\\\/schema\\\/logo\\\/image\\\/\"}},{\"@type\":\"Person\",\"@id\":\"https:\\\/\\\/regions-snetap-fsu.fr\\\/na\\\/#\\\/schema\\\/person\\\/bdf1c4fe149dcf915601f9de85ba379f\",\"name\":\"olivierb\",\"image\":{\"@type\":\"ImageObject\",\"inLanguage\":\"fr-FR\",\"@id\":\"https:\\\/\\\/secure.gravatar.com\\\/avatar\\\/d9cce0db1146844098d0ec7fae94551015c4ff78117aab56897823bb265a7bc9?s=96&d=mm&r=g\",\"url\":\"https:\\\/\\\/secure.gravatar.com\\\/avatar\\\/d9cce0db1146844098d0ec7fae94551015c4ff78117aab56897823bb265a7bc9?s=96&d=mm&r=g\",\"contentUrl\":\"https:\\\/\\\/secure.gravatar.com\\\/avatar\\\/d9cce0db1146844098d0ec7fae94551015c4ff78117aab56897823bb265a7bc9?s=96&d=mm&r=g\",\"caption\":\"olivierb\"},\"url\":\"https:\\\/\\\/regions-snetap-fsu.fr\\\/na\\\/author\\\/olivierb\\\/\"}]}<\/script>\n<!-- \/ Yoast SEO plugin. -->","yoast_head_json":{"title":"D\u00e9claration de l'Elan commun au CSA Nouvelle Aquitaine - NOUVELLE AQUITAINE","robots":{"index":"index","follow":"follow","max-snippet":"max-snippet:-1","max-image-preview":"max-image-preview:large","max-video-preview":"max-video-preview:-1"},"canonical":"https:\/\/regions-snetap-fsu.fr\/na\/2024\/10\/01\/declaration-de-lelan-commun-au-csa-nouvelle-aquitaine\/","og_locale":"fr_FR","og_type":"article","og_title":"D\u00e9claration de l'Elan commun au CSA Nouvelle Aquitaine - NOUVELLE AQUITAINE","og_description":"CSA REA NOUVELLE AQUITAINE 26 SEPTEMBRE 2024 DECLARATION LIMINAIRE \u00c9LAN COMMUN Apr\u00e8s des mois d\u2019attente, et au m\u00e9pris du r\u00e9sultats des \u00e9lections l\u00e9gislatives, la nomination du nouveau gouvernement est une douche froide pour les citoyen.nes qui se sont mobilis\u00e9.es lors des derni\u00e8res \u00e9lections.. Le nouveau casting gouvernemental pr\u00e9sent\u00e9 ce samedi 23 septembre, certes sans surprise [&hellip;]","og_url":"https:\/\/regions-snetap-fsu.fr\/na\/2024\/10\/01\/declaration-de-lelan-commun-au-csa-nouvelle-aquitaine\/","og_site_name":"NOUVELLE AQUITAINE","article_published_time":"2024-09-30T22:26:11+00:00","article_modified_time":"2024-09-30T22:40:50+00:00","og_image":[{"width":713,"height":525,"url":"https:\/\/regions-snetap-fsu.fr\/na\/wp-content\/uploads\/sites\/3\/2023\/10\/Declaration-CSA.jpg","type":"image\/jpeg"}],"author":"olivierb","twitter_card":"summary_large_image","twitter_misc":{"\u00c9crit par":"olivierb","Dur\u00e9e de lecture estim\u00e9e":"7 minutes"},"schema":{"@context":"https:\/\/schema.org","@graph":[{"@type":"Article","@id":"https:\/\/regions-snetap-fsu.fr\/na\/2024\/10\/01\/declaration-de-lelan-commun-au-csa-nouvelle-aquitaine\/#article","isPartOf":{"@id":"https:\/\/regions-snetap-fsu.fr\/na\/2024\/10\/01\/declaration-de-lelan-commun-au-csa-nouvelle-aquitaine\/"},"author":{"name":"olivierb","@id":"https:\/\/regions-snetap-fsu.fr\/na\/#\/schema\/person\/bdf1c4fe149dcf915601f9de85ba379f"},"headline":"D\u00e9claration de l&rsquo;Elan commun au CSA Nouvelle Aquitaine","datePublished":"2024-09-30T22:26:11+00:00","dateModified":"2024-09-30T22:40:50+00:00","mainEntityOfPage":{"@id":"https:\/\/regions-snetap-fsu.fr\/na\/2024\/10\/01\/declaration-de-lelan-commun-au-csa-nouvelle-aquitaine\/"},"wordCount":1375,"publisher":{"@id":"https:\/\/regions-snetap-fsu.fr\/na\/#organization"},"image":{"@id":"https:\/\/regions-snetap-fsu.fr\/na\/2024\/10\/01\/declaration-de-lelan-commun-au-csa-nouvelle-aquitaine\/#primaryimage"},"thumbnailUrl":"https:\/\/regions-snetap-fsu.fr\/na\/wp-content\/uploads\/sites\/3\/2023\/10\/Declaration-CSA.jpg","articleSection":["Message de service"],"inLanguage":"fr-FR"},{"@type":"WebPage","@id":"https:\/\/regions-snetap-fsu.fr\/na\/2024\/10\/01\/declaration-de-lelan-commun-au-csa-nouvelle-aquitaine\/","url":"https:\/\/regions-snetap-fsu.fr\/na\/2024\/10\/01\/declaration-de-lelan-commun-au-csa-nouvelle-aquitaine\/","name":"D\u00e9claration de l'Elan commun au CSA Nouvelle Aquitaine - NOUVELLE AQUITAINE","isPartOf":{"@id":"https:\/\/regions-snetap-fsu.fr\/na\/#website"},"primaryImageOfPage":{"@id":"https:\/\/regions-snetap-fsu.fr\/na\/2024\/10\/01\/declaration-de-lelan-commun-au-csa-nouvelle-aquitaine\/#primaryimage"},"image":{"@id":"https:\/\/regions-snetap-fsu.fr\/na\/2024\/10\/01\/declaration-de-lelan-commun-au-csa-nouvelle-aquitaine\/#primaryimage"},"thumbnailUrl":"https:\/\/regions-snetap-fsu.fr\/na\/wp-content\/uploads\/sites\/3\/2023\/10\/Declaration-CSA.jpg","datePublished":"2024-09-30T22:26:11+00:00","dateModified":"2024-09-30T22:40:50+00:00","breadcrumb":{"@id":"https:\/\/regions-snetap-fsu.fr\/na\/2024\/10\/01\/declaration-de-lelan-commun-au-csa-nouvelle-aquitaine\/#breadcrumb"},"inLanguage":"fr-FR","potentialAction":[{"@type":"ReadAction","target":["https:\/\/regions-snetap-fsu.fr\/na\/2024\/10\/01\/declaration-de-lelan-commun-au-csa-nouvelle-aquitaine\/"]}]},{"@type":"ImageObject","inLanguage":"fr-FR","@id":"https:\/\/regions-snetap-fsu.fr\/na\/2024\/10\/01\/declaration-de-lelan-commun-au-csa-nouvelle-aquitaine\/#primaryimage","url":"https:\/\/regions-snetap-fsu.fr\/na\/wp-content\/uploads\/sites\/3\/2023\/10\/Declaration-CSA.jpg","contentUrl":"https:\/\/regions-snetap-fsu.fr\/na\/wp-content\/uploads\/sites\/3\/2023\/10\/Declaration-CSA.jpg","width":713,"height":525},{"@type":"BreadcrumbList","@id":"https:\/\/regions-snetap-fsu.fr\/na\/2024\/10\/01\/declaration-de-lelan-commun-au-csa-nouvelle-aquitaine\/#breadcrumb","itemListElement":[{"@type":"ListItem","position":1,"name":"Accueil","item":"https:\/\/regions-snetap-fsu.fr\/na\/"},{"@type":"ListItem","position":2,"name":"D\u00e9claration de l&rsquo;Elan commun au CSA Nouvelle Aquitaine"}]},{"@type":"WebSite","@id":"https:\/\/regions-snetap-fsu.fr\/na\/#website","url":"https:\/\/regions-snetap-fsu.fr\/na\/","name":"SNETAP-FSU NOUVELLE AQUITAINE","description":"Blog de la Section R\u00e9gionale","publisher":{"@id":"https:\/\/regions-snetap-fsu.fr\/na\/#organization"},"potentialAction":[{"@type":"SearchAction","target":{"@type":"EntryPoint","urlTemplate":"https:\/\/regions-snetap-fsu.fr\/na\/?s={search_term_string}"},"query-input":{"@type":"PropertyValueSpecification","valueRequired":true,"valueName":"search_term_string"}}],"inLanguage":"fr-FR"},{"@type":"Organization","@id":"https:\/\/regions-snetap-fsu.fr\/na\/#organization","name":"SNETAP-FSU - Nouvelle Aquitaine","url":"https:\/\/regions-snetap-fsu.fr\/na\/","logo":{"@type":"ImageObject","inLanguage":"fr-FR","@id":"https:\/\/regions-snetap-fsu.fr\/na\/#\/schema\/logo\/image\/","url":"https:\/\/regions-snetap-fsu.fr\/na\/wp-content\/uploads\/sites\/3\/2020\/12\/SNETAP-Logo.jpg","contentUrl":"https:\/\/regions-snetap-fsu.fr\/na\/wp-content\/uploads\/sites\/3\/2020\/12\/SNETAP-Logo.jpg","width":464,"height":334,"caption":"SNETAP-FSU - Nouvelle Aquitaine"},"image":{"@id":"https:\/\/regions-snetap-fsu.fr\/na\/#\/schema\/logo\/image\/"}},{"@type":"Person","@id":"https:\/\/regions-snetap-fsu.fr\/na\/#\/schema\/person\/bdf1c4fe149dcf915601f9de85ba379f","name":"olivierb","image":{"@type":"ImageObject","inLanguage":"fr-FR","@id":"https:\/\/secure.gravatar.com\/avatar\/d9cce0db1146844098d0ec7fae94551015c4ff78117aab56897823bb265a7bc9?s=96&d=mm&r=g","url":"https:\/\/secure.gravatar.com\/avatar\/d9cce0db1146844098d0ec7fae94551015c4ff78117aab56897823bb265a7bc9?s=96&d=mm&r=g","contentUrl":"https:\/\/secure.gravatar.com\/avatar\/d9cce0db1146844098d0ec7fae94551015c4ff78117aab56897823bb265a7bc9?s=96&d=mm&r=g","caption":"olivierb"},"url":"https:\/\/regions-snetap-fsu.fr\/na\/author\/olivierb\/"}]}},"_links":{"self":[{"href":"https:\/\/regions-snetap-fsu.fr\/na\/wp-json\/wp\/v2\/posts\/3737","targetHints":{"allow":["GET"]}}],"collection":[{"href":"https:\/\/regions-snetap-fsu.fr\/na\/wp-json\/wp\/v2\/posts"}],"about":[{"href":"https:\/\/regions-snetap-fsu.fr\/na\/wp-json\/wp\/v2\/types\/post"}],"author":[{"embeddable":true,"href":"https:\/\/regions-snetap-fsu.fr\/na\/wp-json\/wp\/v2\/users\/128"}],"replies":[{"embeddable":true,"href":"https:\/\/regions-snetap-fsu.fr\/na\/wp-json\/wp\/v2\/comments?post=3737"}],"version-history":[{"count":2,"href":"https:\/\/regions-snetap-fsu.fr\/na\/wp-json\/wp\/v2\/posts\/3737\/revisions"}],"predecessor-version":[{"id":3739,"href":"https:\/\/regions-snetap-fsu.fr\/na\/wp-json\/wp\/v2\/posts\/3737\/revisions\/3739"}],"wp:featuredmedia":[{"embeddable":true,"href":"https:\/\/regions-snetap-fsu.fr\/na\/wp-json\/wp\/v2\/media\/3440"}],"wp:attachment":[{"href":"https:\/\/regions-snetap-fsu.fr\/na\/wp-json\/wp\/v2\/media?parent=3737"}],"wp:term":[{"taxonomy":"category","embeddable":true,"href":"https:\/\/regions-snetap-fsu.fr\/na\/wp-json\/wp\/v2\/categories?post=3737"},{"taxonomy":"post_tag","embeddable":true,"href":"https:\/\/regions-snetap-fsu.fr\/na\/wp-json\/wp\/v2\/tags?post=3737"},{"taxonomy":"post_folder","embeddable":true,"href":"https:\/\/regions-snetap-fsu.fr\/na\/wp-json\/wp\/v2\/post_folder?post=3737"}],"curies":[{"name":"wp","href":"https:\/\/api.w.org\/{rel}","templated":true}]}}