{"id":3731,"date":"2024-09-30T11:40:53","date_gmt":"2024-09-30T09:40:53","guid":{"rendered":"https:\/\/regions-snetap-fsu.fr\/na\/?p=3731"},"modified":"2024-09-30T23:54:11","modified_gmt":"2024-09-30T21:54:11","slug":"3731","status":"publish","type":"post","link":"https:\/\/regions-snetap-fsu.fr\/na\/2024\/09\/30\/3731\/","title":{"rendered":"1er octobre 2024 &#8211; Appel \u00e0 la mobilisation pour les salaires, les services publics et l&rsquo;abrogation de la loi retraites"},"content":{"rendered":"<h2 style=\"text-align: center\"><span style=\"color: #ff6600\">Appel \u00e0 la mobilisation le 1er octobre 2024,<\/span><\/h2>\n<h2 style=\"text-align: center\"><span style=\"color: #ff6600\">Pour les salaires, les services publics, l\u2019abrogation de la loi retraites<\/span><\/h2>\n<p>Face \u00e0 une situation sociale et \u00e9conomique de plus en plus intenable, nos organisations syndicales et de jeunesse vous appellent \u00e0 vous mobiliser et \u00e0 faire gr\u00e8ve le 1<sup>er<\/sup>\u00a0octobre. Les urgences sociales, que ce soit dans la rue ou lors des scrutins, doivent enfin \u00eatre entendues.\u00a0<strong>C\u2019est le moment de faire bouger les choses<\/strong>.<\/p>\n<p>Salaires bloqu\u00e9s, retraites menac\u00e9es, services publics en p\u00e9ril : nous avons le pouvoir de changer la donne.\u00a0<strong>Le gouvernement, men\u00e9 par Emmanuel Macron et son Premier ministre<\/strong>, reste sourd aux revendications l\u00e9gitimes de la population, tout en imposant des politiques autoritaires et lib\u00e9rales, en d\u00e9calage total avec la r\u00e9alit\u00e9. Pourtant, les r\u00e9centes d\u00e9clarations du Premier ministre sur une \u00ab\u00a0contribution solidaire\u00a0\u00bb des plus riches et des multinationales montrent qu\u2019ils ressentent la pression.\u00a0<strong>Nous devons l\u2019amplifier !<\/strong><\/p>\n<p>Le 1<sup>er<\/sup>\u00a0octobre sera une date cl\u00e9 : c\u2019est le d\u00e9but des discussions sur le budget de l\u2019\u00c9tat et de la S\u00e9curit\u00e9 sociale \u00e0 l\u2019Assembl\u00e9e nationale.\u00a0<strong>Ce moment est crucial pour peser sur les d\u00e9cisions \u00e0 venir<\/strong>. Nous devons, par une mobilisation massive, exiger :<\/p>\n<ul>\n<li><strong>Des salaires dignes<\/strong>\u00a0et la reconnaissance de notre travail,<\/li>\n<li><strong>Le renforcement des services publics<\/strong>, piliers de l\u2019\u00e9galit\u00e9 et de la solidarit\u00e9,<\/li>\n<li><strong>L\u2019abrogation de la r\u00e9forme des retraites<\/strong>\u00a0qui pr\u00e9carise des millions de travailleurs.<\/li>\n<\/ul>\n<p><strong>Plus que jamais, la force de notre mobilisation sera d\u00e9cisive. Seul un rapport de force clair et massif nous permettra de remporter des victoires. Le Premier ministre semble d\u00e9j\u00e0 craindre la mont\u00e9e de la col\u00e8re populaire.<\/strong><\/p>\n<p>Le 1<sup>er<\/sup>\u00a0octobre, soyons nombreuses et nombreux \u00e0 faire entendre notre voix. Ensemble, nous pouvons gagner !<\/p>\n<p><strong>Tous et toutes en gr\u00e8ve et dans la rue le 1<sup>er<\/sup>\u00a0octobre !<\/strong><\/p>\n<p><a href=\"https:\/\/www.snetap-fsu.fr\/Pour-les-salaires-les-services-publics-l-abrogation-de-la-loi-retraites-Le-1er.html\" target=\"_blank\" rel=\"noopener\">Lien : Communiqu\u00e9 intersyndical f\u00e9d\u00e9ral public\/priv\u00e9 \u2013 Pour les salaires, les services publics, l\u2019abrogation de la loi retraites : Le 1er octobre en gr\u00e8ve et en manifestation pour nos droits !<\/a><\/p>\n<p><a href=\"https:\/\/fsu.fr\/communique-intersyndical-1er-octobre\/\" target=\"_blank\" rel=\"noopener\">Lien : Communiqu\u00e9 intersyndical de la fonction publique \u2013 R\u00e9mun\u00e9rations, emplois, budgets : Se mobiliser pour la Fonction publique et les services publics le mardi 1er octobre !<\/a><\/p>\n<p><a href=\"https:\/\/fsu.fr\/le-deficit-public-et-la-dette-publique-cest-grave-docteur\/\" target=\"_blank\" rel=\"noopener\">Lien : FSU \u2013 Le d\u00e9ficit public et la dette publique, c\u2019est grave, docteur ?<\/a><\/p>\n<p><a href=\"https:\/\/www.snetap-fsu.fr\/Lettres-plafond-MASA-de-nouvelles-raisons-de-mobilisations-le-1er-octobre.html\" target=\"_blank\" rel=\"noopener\">Lien : SNETAP-FSU \u2013 Lettres-plafond MASA : de nouvelles raisons de mobilisations le 1er octobre !<\/a><\/p>\n<h3>Les mobilisations dans les Hauts-de-France<\/h3>\n<ul>\n<li><strong>Bordeaux<\/strong>, 11h,30 Place de la R\u00e9publique.<\/li>\n<li><strong>Mont de Marsan<\/strong>, 10h30, Pr\u00e9fecture.<\/li>\n<li><strong>Pau<\/strong>, 13h30, Place de Verdun.<\/li>\n<li><strong>Bayonne<\/strong>, 10h30, Place Saint Ursule.<\/li>\n<li><strong>Agen<\/strong>, 10h30, Place des Jasmins.<\/li>\n<li><strong>P\u00e9rigueux,<\/strong> 10 h 30, Palais de justice.<\/li>\n<li><strong>Bergerac<\/strong>, 15h, Palais de justice.<\/li>\n<li>Sarlat, 15h, Place de la grande Rigaudie.<\/li>\n<li><strong>La Rochelle<\/strong>, 17h30, H\u00f4tel de ville.<\/li>\n<li><strong>Saintes<\/strong>, 10h30, Palais de justice.<\/li>\n<li><strong>Rochefort<\/strong>, 10h30, Place Colbert.<\/li>\n<li><strong>Jonzac<\/strong>, 10h30, Jardin public.<\/li>\n<li><strong>Angoul\u00eame<\/strong>, 10h, Gare.<\/li>\n<li><strong>Cognac<\/strong>, 17h30, Sou Pr\u00e9fecture.<\/li>\n<li><strong>Niort<\/strong>, 11h, Place de la Br\u00e8che.<\/li>\n<li><strong>Thouars<\/strong>, 11h, Place Lavault.<\/li>\n<li><strong>Bressuire<\/strong>, 14h, Place Saint Jacques.<\/li>\n<li><strong>Ch\u00e2tellerault<\/strong>, 10h, Kiosque.<\/li>\n<li><strong>Poitiers<\/strong>, 14h, Gare.<\/li>\n<li><strong>Limoges<\/strong>, 10h30, Carrefour Tourny.<\/li>\n<li><strong>Brive La Gaillarde<\/strong>, 14h, Place du 14 juillet.<\/li>\n<li><strong>Tulle<\/strong>, 10h30, Pace Smolensk.<\/li>\n<li><strong>Gu\u00e9re<\/strong>t, 10h30, Pr\u00e9fecture.<\/li>\n<\/ul>\n<p>&nbsp;<\/p>\n","protected":false},"excerpt":{"rendered":"<p>Appel \u00e0 la mobilisation le 1er octobre 2024, Pour les salaires, les services publics, l\u2019abrogation de la loi retraites Face \u00e0 une situation sociale et \u00e9conomique de plus en plus intenable, nos organisations syndicales et de jeunesse vous appellent \u00e0 vous mobiliser et \u00e0 faire gr\u00e8ve le 1er\u00a0octobre. Les urgences sociales, que ce soit dans [&hellip;]<\/p>\n","protected":false},"author":128,"featured_media":3733,"comment_status":"closed","ping_status":"closed","sticky":false,"template":"","format":"standard","meta":{"ocean_post_layout":"","ocean_both_sidebars_style":"","ocean_both_sidebars_content_width":0,"ocean_both_sidebars_sidebars_width":0,"ocean_sidebar":"","ocean_second_sidebar":"","ocean_disable_margins":"enable","ocean_add_body_class":"","ocean_shortcode_before_top_bar":"","ocean_shortcode_after_top_bar":"","ocean_shortcode_before_header":"","ocean_shortcode_after_header":"","ocean_has_shortcode":"","ocean_shortcode_after_title":"","ocean_shortcode_before_footer_widgets":"","ocean_shortcode_after_footer_widgets":"","ocean_shortcode_before_footer_bottom":"","ocean_shortcode_after_footer_bottom":"","ocean_display_top_bar":"default","ocean_display_header":"default","ocean_header_style":"","ocean_center_header_left_menu":"","ocean_custom_header_template":"","ocean_custom_logo":0,"ocean_custom_retina_logo":0,"ocean_custom_logo_max_width":0,"ocean_custom_logo_tablet_max_width":0,"ocean_custom_logo_mobile_max_width":0,"ocean_custom_logo_max_height":0,"ocean_custom_logo_tablet_max_height":0,"ocean_custom_logo_mobile_max_height":0,"ocean_header_custom_menu":"","ocean_menu_typo_font_family":"","ocean_menu_typo_font_subset":"","ocean_menu_typo_font_size":0,"ocean_menu_typo_font_size_tablet":0,"ocean_menu_typo_font_size_mobile":0,"ocean_menu_typo_font_size_unit":"px","ocean_menu_typo_font_weight":"","ocean_menu_typo_font_weight_tablet":"","ocean_menu_typo_font_weight_mobile":"","ocean_menu_typo_transform":"","ocean_menu_typo_transform_tablet":"","ocean_menu_typo_transform_mobile":"","ocean_menu_typo_line_height":0,"ocean_menu_typo_line_height_tablet":0,"ocean_menu_typo_line_height_mobile":0,"ocean_menu_typo_line_height_unit":"","ocean_menu_typo_spacing":0,"ocean_menu_typo_spacing_tablet":0,"ocean_menu_typo_spacing_mobile":0,"ocean_menu_typo_spacing_unit":"","ocean_menu_link_color":"","ocean_menu_link_color_hover":"","ocean_menu_link_color_active":"","ocean_menu_link_background":"","ocean_menu_link_hover_background":"","ocean_menu_link_active_background":"","ocean_menu_social_links_bg":"","ocean_menu_social_hover_links_bg":"","ocean_menu_social_links_color":"","ocean_menu_social_hover_links_color":"","ocean_disable_title":"default","ocean_disable_heading":"default","ocean_post_title":"","ocean_post_subheading":"","ocean_post_title_style":"","ocean_post_title_background_color":"","ocean_post_title_background":0,"ocean_post_title_bg_image_position":"","ocean_post_title_bg_image_attachment":"","ocean_post_title_bg_image_repeat":"","ocean_post_title_bg_image_size":"","ocean_post_title_height":0,"ocean_post_title_bg_overlay":0.5,"ocean_post_title_bg_overlay_color":"","ocean_disable_breadcrumbs":"default","ocean_breadcrumbs_color":"","ocean_breadcrumbs_separator_color":"","ocean_breadcrumbs_links_color":"","ocean_breadcrumbs_links_hover_color":"","ocean_display_footer_widgets":"default","ocean_display_footer_bottom":"default","ocean_custom_footer_template":"","ocean_post_oembed":"","ocean_post_self_hosted_media":"","ocean_post_video_embed":"","ocean_link_format":"","ocean_link_format_target":"self","ocean_quote_format":"","ocean_quote_format_link":"post","ocean_gallery_link_images":"on","ocean_gallery_id":[],"footnotes":""},"categories":[1],"tags":[],"post_folder":[],"class_list":["post-3731","post","type-post","status-publish","format-standard","has-post-thumbnail","hentry","category-message-de-service","entry","has-media"],"yoast_head":"<!-- This site is optimized with the Yoast SEO plugin v27.4 - https:\/\/yoast.com\/product\/yoast-seo-wordpress\/ -->\n<title>1er octobre 2024 - Appel \u00e0 la mobilisation pour les salaires, les services publics et l&#039;abrogation de la loi retraites - NOUVELLE AQUITAINE<\/title>\n<meta name=\"robots\" content=\"index, follow, max-snippet:-1, max-image-preview:large, max-video-preview:-1\" \/>\n<link rel=\"canonical\" href=\"https:\/\/regions-snetap-fsu.fr\/na\/2024\/09\/30\/3731\/\" \/>\n<meta property=\"og:locale\" content=\"fr_FR\" \/>\n<meta property=\"og:type\" content=\"article\" \/>\n<meta property=\"og:title\" content=\"1er octobre 2024 - Appel \u00e0 la mobilisation pour les salaires, les services publics et l&#039;abrogation de la loi retraites - NOUVELLE AQUITAINE\" \/>\n<meta property=\"og:description\" content=\"Appel \u00e0 la mobilisation le 1er octobre 2024, Pour les salaires, les services publics, l\u2019abrogation de la loi retraites Face \u00e0 une situation sociale et \u00e9conomique de plus en plus intenable, nos organisations syndicales et de jeunesse vous appellent \u00e0 vous mobiliser et \u00e0 faire gr\u00e8ve le 1er\u00a0octobre. Les urgences sociales, que ce soit dans [&hellip;]\" \/>\n<meta property=\"og:url\" content=\"https:\/\/regions-snetap-fsu.fr\/na\/2024\/09\/30\/3731\/\" \/>\n<meta property=\"og:site_name\" content=\"NOUVELLE AQUITAINE\" \/>\n<meta property=\"article:published_time\" content=\"2024-09-30T09:40:53+00:00\" \/>\n<meta property=\"article:modified_time\" content=\"2024-09-30T21:54:11+00:00\" \/>\n<meta property=\"og:image\" content=\"https:\/\/regions-snetap-fsu.fr\/na\/wp-content\/uploads\/sites\/3\/2024\/09\/13262a31ebebb870433e0bbde6d2ce.png\" \/>\n\t<meta property=\"og:image:width\" content=\"745\" \/>\n\t<meta property=\"og:image:height\" content=\"306\" \/>\n\t<meta property=\"og:image:type\" content=\"image\/png\" \/>\n<meta name=\"author\" content=\"olivierb\" \/>\n<meta name=\"twitter:card\" content=\"summary_large_image\" \/>\n<meta name=\"twitter:label1\" content=\"\u00c9crit par\" \/>\n\t<meta name=\"twitter:data1\" content=\"olivierb\" \/>\n\t<meta name=\"twitter:label2\" content=\"Dur\u00e9e de lecture estim\u00e9e\" \/>\n\t<meta name=\"twitter:data2\" content=\"3 minutes\" \/>\n<script type=\"application\/ld+json\" class=\"yoast-schema-graph\">{\"@context\":\"https:\\\/\\\/schema.org\",\"@graph\":[{\"@type\":\"Article\",\"@id\":\"https:\\\/\\\/regions-snetap-fsu.fr\\\/na\\\/2024\\\/09\\\/30\\\/3731\\\/#article\",\"isPartOf\":{\"@id\":\"https:\\\/\\\/regions-snetap-fsu.fr\\\/na\\\/2024\\\/09\\\/30\\\/3731\\\/\"},\"author\":{\"name\":\"olivierb\",\"@id\":\"https:\\\/\\\/regions-snetap-fsu.fr\\\/na\\\/#\\\/schema\\\/person\\\/bdf1c4fe149dcf915601f9de85ba379f\"},\"headline\":\"1er octobre 2024 &#8211; Appel \u00e0 la mobilisation pour les salaires, les services publics et l&rsquo;abrogation de la loi retraites\",\"datePublished\":\"2024-09-30T09:40:53+00:00\",\"dateModified\":\"2024-09-30T21:54:11+00:00\",\"mainEntityOfPage\":{\"@id\":\"https:\\\/\\\/regions-snetap-fsu.fr\\\/na\\\/2024\\\/09\\\/30\\\/3731\\\/\"},\"wordCount\":536,\"publisher\":{\"@id\":\"https:\\\/\\\/regions-snetap-fsu.fr\\\/na\\\/#organization\"},\"image\":{\"@id\":\"https:\\\/\\\/regions-snetap-fsu.fr\\\/na\\\/2024\\\/09\\\/30\\\/3731\\\/#primaryimage\"},\"thumbnailUrl\":\"https:\\\/\\\/regions-snetap-fsu.fr\\\/na\\\/wp-content\\\/uploads\\\/sites\\\/3\\\/2024\\\/09\\\/13262a31ebebb870433e0bbde6d2ce.png\",\"articleSection\":[\"Message de service\"],\"inLanguage\":\"fr-FR\"},{\"@type\":\"WebPage\",\"@id\":\"https:\\\/\\\/regions-snetap-fsu.fr\\\/na\\\/2024\\\/09\\\/30\\\/3731\\\/\",\"url\":\"https:\\\/\\\/regions-snetap-fsu.fr\\\/na\\\/2024\\\/09\\\/30\\\/3731\\\/\",\"name\":\"1er octobre 2024 - Appel \u00e0 la mobilisation pour les salaires, les services publics et l'abrogation de la loi retraites - NOUVELLE AQUITAINE\",\"isPartOf\":{\"@id\":\"https:\\\/\\\/regions-snetap-fsu.fr\\\/na\\\/#website\"},\"primaryImageOfPage\":{\"@id\":\"https:\\\/\\\/regions-snetap-fsu.fr\\\/na\\\/2024\\\/09\\\/30\\\/3731\\\/#primaryimage\"},\"image\":{\"@id\":\"https:\\\/\\\/regions-snetap-fsu.fr\\\/na\\\/2024\\\/09\\\/30\\\/3731\\\/#primaryimage\"},\"thumbnailUrl\":\"https:\\\/\\\/regions-snetap-fsu.fr\\\/na\\\/wp-content\\\/uploads\\\/sites\\\/3\\\/2024\\\/09\\\/13262a31ebebb870433e0bbde6d2ce.png\",\"datePublished\":\"2024-09-30T09:40:53+00:00\",\"dateModified\":\"2024-09-30T21:54:11+00:00\",\"breadcrumb\":{\"@id\":\"https:\\\/\\\/regions-snetap-fsu.fr\\\/na\\\/2024\\\/09\\\/30\\\/3731\\\/#breadcrumb\"},\"inLanguage\":\"fr-FR\",\"potentialAction\":[{\"@type\":\"ReadAction\",\"target\":[\"https:\\\/\\\/regions-snetap-fsu.fr\\\/na\\\/2024\\\/09\\\/30\\\/3731\\\/\"]}]},{\"@type\":\"ImageObject\",\"inLanguage\":\"fr-FR\",\"@id\":\"https:\\\/\\\/regions-snetap-fsu.fr\\\/na\\\/2024\\\/09\\\/30\\\/3731\\\/#primaryimage\",\"url\":\"https:\\\/\\\/regions-snetap-fsu.fr\\\/na\\\/wp-content\\\/uploads\\\/sites\\\/3\\\/2024\\\/09\\\/13262a31ebebb870433e0bbde6d2ce.png\",\"contentUrl\":\"https:\\\/\\\/regions-snetap-fsu.fr\\\/na\\\/wp-content\\\/uploads\\\/sites\\\/3\\\/2024\\\/09\\\/13262a31ebebb870433e0bbde6d2ce.png\",\"width\":745,\"height\":306},{\"@type\":\"BreadcrumbList\",\"@id\":\"https:\\\/\\\/regions-snetap-fsu.fr\\\/na\\\/2024\\\/09\\\/30\\\/3731\\\/#breadcrumb\",\"itemListElement\":[{\"@type\":\"ListItem\",\"position\":1,\"name\":\"Accueil\",\"item\":\"https:\\\/\\\/regions-snetap-fsu.fr\\\/na\\\/\"},{\"@type\":\"ListItem\",\"position\":2,\"name\":\"1er octobre 2024 &#8211; Appel \u00e0 la mobilisation pour les salaires, les services publics et l&rsquo;abrogation de la loi retraites\"}]},{\"@type\":\"WebSite\",\"@id\":\"https:\\\/\\\/regions-snetap-fsu.fr\\\/na\\\/#website\",\"url\":\"https:\\\/\\\/regions-snetap-fsu.fr\\\/na\\\/\",\"name\":\"SNETAP-FSU NOUVELLE AQUITAINE\",\"description\":\"Blog de la Section R\u00e9gionale\",\"publisher\":{\"@id\":\"https:\\\/\\\/regions-snetap-fsu.fr\\\/na\\\/#organization\"},\"potentialAction\":[{\"@type\":\"SearchAction\",\"target\":{\"@type\":\"EntryPoint\",\"urlTemplate\":\"https:\\\/\\\/regions-snetap-fsu.fr\\\/na\\\/?s={search_term_string}\"},\"query-input\":{\"@type\":\"PropertyValueSpecification\",\"valueRequired\":true,\"valueName\":\"search_term_string\"}}],\"inLanguage\":\"fr-FR\"},{\"@type\":\"Organization\",\"@id\":\"https:\\\/\\\/regions-snetap-fsu.fr\\\/na\\\/#organization\",\"name\":\"SNETAP-FSU - Nouvelle Aquitaine\",\"url\":\"https:\\\/\\\/regions-snetap-fsu.fr\\\/na\\\/\",\"logo\":{\"@type\":\"ImageObject\",\"inLanguage\":\"fr-FR\",\"@id\":\"https:\\\/\\\/regions-snetap-fsu.fr\\\/na\\\/#\\\/schema\\\/logo\\\/image\\\/\",\"url\":\"https:\\\/\\\/regions-snetap-fsu.fr\\\/na\\\/wp-content\\\/uploads\\\/sites\\\/3\\\/2020\\\/12\\\/SNETAP-Logo.jpg\",\"contentUrl\":\"https:\\\/\\\/regions-snetap-fsu.fr\\\/na\\\/wp-content\\\/uploads\\\/sites\\\/3\\\/2020\\\/12\\\/SNETAP-Logo.jpg\",\"width\":464,\"height\":334,\"caption\":\"SNETAP-FSU - Nouvelle Aquitaine\"},\"image\":{\"@id\":\"https:\\\/\\\/regions-snetap-fsu.fr\\\/na\\\/#\\\/schema\\\/logo\\\/image\\\/\"}},{\"@type\":\"Person\",\"@id\":\"https:\\\/\\\/regions-snetap-fsu.fr\\\/na\\\/#\\\/schema\\\/person\\\/bdf1c4fe149dcf915601f9de85ba379f\",\"name\":\"olivierb\",\"image\":{\"@type\":\"ImageObject\",\"inLanguage\":\"fr-FR\",\"@id\":\"https:\\\/\\\/secure.gravatar.com\\\/avatar\\\/d9cce0db1146844098d0ec7fae94551015c4ff78117aab56897823bb265a7bc9?s=96&d=mm&r=g\",\"url\":\"https:\\\/\\\/secure.gravatar.com\\\/avatar\\\/d9cce0db1146844098d0ec7fae94551015c4ff78117aab56897823bb265a7bc9?s=96&d=mm&r=g\",\"contentUrl\":\"https:\\\/\\\/secure.gravatar.com\\\/avatar\\\/d9cce0db1146844098d0ec7fae94551015c4ff78117aab56897823bb265a7bc9?s=96&d=mm&r=g\",\"caption\":\"olivierb\"},\"url\":\"https:\\\/\\\/regions-snetap-fsu.fr\\\/na\\\/author\\\/olivierb\\\/\"}]}<\/script>\n<!-- \/ Yoast SEO plugin. -->","yoast_head_json":{"title":"1er octobre 2024 - Appel \u00e0 la mobilisation pour les salaires, les services publics et l'abrogation de la loi retraites - NOUVELLE AQUITAINE","robots":{"index":"index","follow":"follow","max-snippet":"max-snippet:-1","max-image-preview":"max-image-preview:large","max-video-preview":"max-video-preview:-1"},"canonical":"https:\/\/regions-snetap-fsu.fr\/na\/2024\/09\/30\/3731\/","og_locale":"fr_FR","og_type":"article","og_title":"1er octobre 2024 - Appel \u00e0 la mobilisation pour les salaires, les services publics et l'abrogation de la loi retraites - NOUVELLE AQUITAINE","og_description":"Appel \u00e0 la mobilisation le 1er octobre 2024, Pour les salaires, les services publics, l\u2019abrogation de la loi retraites Face \u00e0 une situation sociale et \u00e9conomique de plus en plus intenable, nos organisations syndicales et de jeunesse vous appellent \u00e0 vous mobiliser et \u00e0 faire gr\u00e8ve le 1er\u00a0octobre. Les urgences sociales, que ce soit dans [&hellip;]","og_url":"https:\/\/regions-snetap-fsu.fr\/na\/2024\/09\/30\/3731\/","og_site_name":"NOUVELLE AQUITAINE","article_published_time":"2024-09-30T09:40:53+00:00","article_modified_time":"2024-09-30T21:54:11+00:00","og_image":[{"width":745,"height":306,"url":"https:\/\/regions-snetap-fsu.fr\/na\/wp-content\/uploads\/sites\/3\/2024\/09\/13262a31ebebb870433e0bbde6d2ce.png","type":"image\/png"}],"author":"olivierb","twitter_card":"summary_large_image","twitter_misc":{"\u00c9crit par":"olivierb","Dur\u00e9e de lecture estim\u00e9e":"3 minutes"},"schema":{"@context":"https:\/\/schema.org","@graph":[{"@type":"Article","@id":"https:\/\/regions-snetap-fsu.fr\/na\/2024\/09\/30\/3731\/#article","isPartOf":{"@id":"https:\/\/regions-snetap-fsu.fr\/na\/2024\/09\/30\/3731\/"},"author":{"name":"olivierb","@id":"https:\/\/regions-snetap-fsu.fr\/na\/#\/schema\/person\/bdf1c4fe149dcf915601f9de85ba379f"},"headline":"1er octobre 2024 &#8211; Appel \u00e0 la mobilisation pour les salaires, les services publics et l&rsquo;abrogation de la loi retraites","datePublished":"2024-09-30T09:40:53+00:00","dateModified":"2024-09-30T21:54:11+00:00","mainEntityOfPage":{"@id":"https:\/\/regions-snetap-fsu.fr\/na\/2024\/09\/30\/3731\/"},"wordCount":536,"publisher":{"@id":"https:\/\/regions-snetap-fsu.fr\/na\/#organization"},"image":{"@id":"https:\/\/regions-snetap-fsu.fr\/na\/2024\/09\/30\/3731\/#primaryimage"},"thumbnailUrl":"https:\/\/regions-snetap-fsu.fr\/na\/wp-content\/uploads\/sites\/3\/2024\/09\/13262a31ebebb870433e0bbde6d2ce.png","articleSection":["Message de service"],"inLanguage":"fr-FR"},{"@type":"WebPage","@id":"https:\/\/regions-snetap-fsu.fr\/na\/2024\/09\/30\/3731\/","url":"https:\/\/regions-snetap-fsu.fr\/na\/2024\/09\/30\/3731\/","name":"1er octobre 2024 - Appel \u00e0 la mobilisation pour les salaires, les services publics et l'abrogation de la loi retraites - NOUVELLE AQUITAINE","isPartOf":{"@id":"https:\/\/regions-snetap-fsu.fr\/na\/#website"},"primaryImageOfPage":{"@id":"https:\/\/regions-snetap-fsu.fr\/na\/2024\/09\/30\/3731\/#primaryimage"},"image":{"@id":"https:\/\/regions-snetap-fsu.fr\/na\/2024\/09\/30\/3731\/#primaryimage"},"thumbnailUrl":"https:\/\/regions-snetap-fsu.fr\/na\/wp-content\/uploads\/sites\/3\/2024\/09\/13262a31ebebb870433e0bbde6d2ce.png","datePublished":"2024-09-30T09:40:53+00:00","dateModified":"2024-09-30T21:54:11+00:00","breadcrumb":{"@id":"https:\/\/regions-snetap-fsu.fr\/na\/2024\/09\/30\/3731\/#breadcrumb"},"inLanguage":"fr-FR","potentialAction":[{"@type":"ReadAction","target":["https:\/\/regions-snetap-fsu.fr\/na\/2024\/09\/30\/3731\/"]}]},{"@type":"ImageObject","inLanguage":"fr-FR","@id":"https:\/\/regions-snetap-fsu.fr\/na\/2024\/09\/30\/3731\/#primaryimage","url":"https:\/\/regions-snetap-fsu.fr\/na\/wp-content\/uploads\/sites\/3\/2024\/09\/13262a31ebebb870433e0bbde6d2ce.png","contentUrl":"https:\/\/regions-snetap-fsu.fr\/na\/wp-content\/uploads\/sites\/3\/2024\/09\/13262a31ebebb870433e0bbde6d2ce.png","width":745,"height":306},{"@type":"BreadcrumbList","@id":"https:\/\/regions-snetap-fsu.fr\/na\/2024\/09\/30\/3731\/#breadcrumb","itemListElement":[{"@type":"ListItem","position":1,"name":"Accueil","item":"https:\/\/regions-snetap-fsu.fr\/na\/"},{"@type":"ListItem","position":2,"name":"1er octobre 2024 &#8211; Appel \u00e0 la mobilisation pour les salaires, les services publics et l&rsquo;abrogation de la loi retraites"}]},{"@type":"WebSite","@id":"https:\/\/regions-snetap-fsu.fr\/na\/#website","url":"https:\/\/regions-snetap-fsu.fr\/na\/","name":"SNETAP-FSU NOUVELLE AQUITAINE","description":"Blog de la Section R\u00e9gionale","publisher":{"@id":"https:\/\/regions-snetap-fsu.fr\/na\/#organization"},"potentialAction":[{"@type":"SearchAction","target":{"@type":"EntryPoint","urlTemplate":"https:\/\/regions-snetap-fsu.fr\/na\/?s={search_term_string}"},"query-input":{"@type":"PropertyValueSpecification","valueRequired":true,"valueName":"search_term_string"}}],"inLanguage":"fr-FR"},{"@type":"Organization","@id":"https:\/\/regions-snetap-fsu.fr\/na\/#organization","name":"SNETAP-FSU - Nouvelle Aquitaine","url":"https:\/\/regions-snetap-fsu.fr\/na\/","logo":{"@type":"ImageObject","inLanguage":"fr-FR","@id":"https:\/\/regions-snetap-fsu.fr\/na\/#\/schema\/logo\/image\/","url":"https:\/\/regions-snetap-fsu.fr\/na\/wp-content\/uploads\/sites\/3\/2020\/12\/SNETAP-Logo.jpg","contentUrl":"https:\/\/regions-snetap-fsu.fr\/na\/wp-content\/uploads\/sites\/3\/2020\/12\/SNETAP-Logo.jpg","width":464,"height":334,"caption":"SNETAP-FSU - Nouvelle Aquitaine"},"image":{"@id":"https:\/\/regions-snetap-fsu.fr\/na\/#\/schema\/logo\/image\/"}},{"@type":"Person","@id":"https:\/\/regions-snetap-fsu.fr\/na\/#\/schema\/person\/bdf1c4fe149dcf915601f9de85ba379f","name":"olivierb","image":{"@type":"ImageObject","inLanguage":"fr-FR","@id":"https:\/\/secure.gravatar.com\/avatar\/d9cce0db1146844098d0ec7fae94551015c4ff78117aab56897823bb265a7bc9?s=96&d=mm&r=g","url":"https:\/\/secure.gravatar.com\/avatar\/d9cce0db1146844098d0ec7fae94551015c4ff78117aab56897823bb265a7bc9?s=96&d=mm&r=g","contentUrl":"https:\/\/secure.gravatar.com\/avatar\/d9cce0db1146844098d0ec7fae94551015c4ff78117aab56897823bb265a7bc9?s=96&d=mm&r=g","caption":"olivierb"},"url":"https:\/\/regions-snetap-fsu.fr\/na\/author\/olivierb\/"}]}},"_links":{"self":[{"href":"https:\/\/regions-snetap-fsu.fr\/na\/wp-json\/wp\/v2\/posts\/3731","targetHints":{"allow":["GET"]}}],"collection":[{"href":"https:\/\/regions-snetap-fsu.fr\/na\/wp-json\/wp\/v2\/posts"}],"about":[{"href":"https:\/\/regions-snetap-fsu.fr\/na\/wp-json\/wp\/v2\/types\/post"}],"author":[{"embeddable":true,"href":"https:\/\/regions-snetap-fsu.fr\/na\/wp-json\/wp\/v2\/users\/128"}],"replies":[{"embeddable":true,"href":"https:\/\/regions-snetap-fsu.fr\/na\/wp-json\/wp\/v2\/comments?post=3731"}],"version-history":[{"count":4,"href":"https:\/\/regions-snetap-fsu.fr\/na\/wp-json\/wp\/v2\/posts\/3731\/revisions"}],"predecessor-version":[{"id":3736,"href":"https:\/\/regions-snetap-fsu.fr\/na\/wp-json\/wp\/v2\/posts\/3731\/revisions\/3736"}],"wp:featuredmedia":[{"embeddable":true,"href":"https:\/\/regions-snetap-fsu.fr\/na\/wp-json\/wp\/v2\/media\/3733"}],"wp:attachment":[{"href":"https:\/\/regions-snetap-fsu.fr\/na\/wp-json\/wp\/v2\/media?parent=3731"}],"wp:term":[{"taxonomy":"category","embeddable":true,"href":"https:\/\/regions-snetap-fsu.fr\/na\/wp-json\/wp\/v2\/categories?post=3731"},{"taxonomy":"post_tag","embeddable":true,"href":"https:\/\/regions-snetap-fsu.fr\/na\/wp-json\/wp\/v2\/tags?post=3731"},{"taxonomy":"post_folder","embeddable":true,"href":"https:\/\/regions-snetap-fsu.fr\/na\/wp-json\/wp\/v2\/post_folder?post=3731"}],"curies":[{"name":"wp","href":"https:\/\/api.w.org\/{rel}","templated":true}]}}