{"id":3726,"date":"2024-09-25T14:17:27","date_gmt":"2024-09-25T12:17:27","guid":{"rendered":"https:\/\/regions-snetap-fsu.fr\/na\/?p=3726"},"modified":"2024-09-25T14:17:27","modified_gmt":"2024-09-25T12:17:27","slug":"le-snetap-fsu-rencontre-la-draaf-pour-un-point-de-rentree-2024","status":"publish","type":"post","link":"https:\/\/regions-snetap-fsu.fr\/na\/2024\/09\/25\/le-snetap-fsu-rencontre-la-draaf-pour-un-point-de-rentree-2024\/","title":{"rendered":"Le SNETAP-FSU rencontre la DRAAF pour un point de rentr\u00e9e 2024"},"content":{"rendered":"<p><span style=\"color: #ff6600;font-family: arial, helvetica, sans-serif\"><strong>Le SNETAP-FSU a rencontr\u00e9 la Directrice R\u00e9gionale en bilat\u00e9rale le 17 septembre 2024 afin d\u2019aborder les conditions de rentr\u00e9e 2024.<\/strong><\/span><\/p>\n<p><em><span style=\"font-family: arial, helvetica, sans-serif\"><strong>\u00c9taient pr\u00e9sent.es pour l\u2019administration<\/strong> : Mme ALAVOINE (Directrice R\u00e9gionale) et M. HERBRETEAU (Chef du SRFD) &#8211; <\/span><\/em><em><span style=\"font-family: arial, helvetica, sans-serif\"><strong>\u00c9taient pr\u00e9sent.es pour le SNETAP-FSU<\/strong>\u00a0: Patricia BLANDEL, Alain GODOT et Jonathan LAPORTE<\/span><\/em><\/p>\n<p><span style=\"font-family: arial, helvetica, sans-serif\">Cette rencontre s\u2019est d\u00e9roul\u00e9e en visioconf\u00e9rence.<\/span><\/p>\n<p><span style=\"font-family: arial, helvetica, sans-serif\">En introduction, la Directrice G\u00e9n\u00e9rale souligne d\u2019abord les bons r\u00e9sultats globaux aux examens 2024.<\/span><br \/>\n<span style=\"font-family: arial, helvetica, sans-serif\">Elle rappelle la reconduction du pacte enseignant.<\/span><br \/>\n<span style=\"font-family: arial, helvetica, sans-serif\">Elle estime que le choc des savoirs n\u2019est pas finan\u00e7able.<\/span><br \/>\n<span style=\"font-family: arial, helvetica, sans-serif\">Pour la DRAAF, il faut avancer sur le bachelor et les contrats territoriaux.<\/span><br \/>\n<span style=\"font-family: arial, helvetica, sans-serif\">Elle alerte sur la situation financi\u00e8re des \u00e9tablissements, tr\u00e8s probl\u00e9matique pour certains.<\/span><br \/>\n<span style=\"font-family: arial, helvetica, sans-serif\">Elle r\u00e9affirme le choix du Ministre d\u2019une mobilisation de l&rsquo;enseignement agricole en faveur des Valeurs de la R\u00e9publique comme priorit\u00e9 pour l&rsquo;ann\u00e9e scolaire 2024-2025.<\/span><br \/>\n<span style=\"font-family: arial, helvetica, sans-serif\">Elle estime n\u00e9cessaire d\u2019am\u00e9liorer l\u2019attractivit\u00e9 de nos formations, surtout au niveau des outils de com\u2019<\/span><\/p>\n<p><strong><span style=\"font-family: arial, helvetica, sans-serif;color: #ff6600\">EFFECTIFS DE RENTR\u00c9E<\/span><\/strong><\/p>\n<p><span style=\"font-family: arial, helvetica, sans-serif\">L\u2019administration rappelle qu\u2019il n\u2018y a plus d\u2019enqu\u00eate partielle sur les effectifs en septembre. Il faut donc attendre l\u2019enqu\u00eate d\u2019octobre, pour avoir les r\u00e9sultats d\u00e9finitifs. Mais selon les premiers \u00e9l\u00e9ments en possession de la DRAAF :<\/span><br \/>\n<span style=\"font-family: arial, helvetica, sans-serif\">&#8211; public : + 1,1 % &#8211; Il y a + de 2de GT, bon recrutement en Bac Pro CGEA, baisse en BTS sauf GPN<\/span><br \/>\n<span style=\"font-family: arial, helvetica, sans-serif\">&#8211; priv\u00e9 : + 3 ou 4 % pour le priv\u00e9 CNEAP &#8211; MFR avec notamment des ouvertures en CAPa qui semble avoir un impact sur la hausse des effectifs. Idem pour les 3\u00e8me.<\/span><\/p>\n<p><span style=\"font-family: arial, helvetica, sans-serif\">De son c\u00f4t\u00e9 le SNETAP-FSU, apr\u00e8s l\u2019enqu\u00eate aupr\u00e8s des secr\u00e9taires de sections, s\u2019inqui\u00e8te d\u2019une baisse qui se confirme pour la quasi totalit\u00e9 des BTSA et d\u2019un effet de forte concurrence des formations par apprentissage sur les formations voie scolaire.<\/span><\/p>\n<p><strong><span style=\"font-family: arial, helvetica, sans-serif;color: #ff6600\">PERSONNELS<\/span><\/strong><\/p>\n<p><span style=\"font-family: arial, helvetica, sans-serif\">Le SNETAP-FSU a alert\u00e9 la DRAAF sur les probl\u00e8mes que posent aujourd\u2019hui la surcharge de travail des personnels administratifs et les non remplacements des personnels administratifs en arr\u00eat.<\/span><\/p>\n<p><span style=\"font-family: arial, helvetica, sans-serif\">Pour la DRAAF, il n\u2019y a pas de probl\u00e8me de moyens. Selon l\u2019administration il faut juste que la SRFD soit inform\u00e9 des besoins par les \u00e9quipes de direction concern\u00e9es.<\/span><br \/>\n<span style=\"font-family: arial, helvetica, sans-serif\">Elle pr\u00e9cise que ce sont 7 \u00e0 8 administratifs qui sont remplac\u00e9s et elle dispose de 29 ETP pour les remplacements.<\/span><br \/>\n<span style=\"font-family: arial, helvetica, sans-serif\">A Limoges, le recrutement du SG se fera en d\u00e9cembre.<\/span><br \/>\n<span style=\"font-family: arial, helvetica, sans-serif\">En Nouvelle Aquitaine, ce sont 300 postes de renouvellement cette ann\u00e9e, sur lesquels il y a 66 nouveaux contrats. Elle reconna\u00eet que pour 20 d\u2019entre eux\/elles, c\u2019est compliqu\u00e9 en raison notamment de dossiers incomplets.<\/span><br \/>\n<span style=\"font-family: arial, helvetica, sans-serif\">Elle confirme que certains ont d\u00e9missionn\u00e9 mais assure que la situation est moins tendue que les ann\u00e9es pr\u00e9c\u00e9dentes.<\/span><br \/>\n<span style=\"font-family: arial, helvetica, sans-serif\">Elle regrette que le 3\u00e8me mouvement en juillet est trop tardif et cela complique le travail des services pendant les vacances.<\/span><\/p>\n<p><span style=\"font-family: arial, helvetica, sans-serif\">Le SNETAP-FSU est \u00e9galement intervenu pour exiger la r\u00e9gularisation sans d\u00e9lai de plusieurs dossiers d\u2019AESH de la r\u00e9gion toujours en attente depuis l\u2019an pass\u00e9.<\/span><br \/>\n<span style=\"font-family: arial, helvetica, sans-serif\">La DRAAF assure qu\u2019un message est parti \u00e0 destination des chefs d\u2019\u00e9tablissement concern\u00e9s et les coll\u00e8gues devraient \u00eatre pay\u00e9es rapidement.<\/span><\/p>\n<p><span style=\"font-family: arial, helvetica, sans-serif\">Le SNETAP-FSU a de nouveau signal\u00e9 des difficult\u00e9s dans l\u2019encadrement et le pilotage de certains \u00e9tablissements. <\/span><span style=\"font-family: arial, helvetica, sans-serif\">Plusieurs \u00e9quipes de direction sont en souffrance, en particulier des D2. Les difficult\u00e9s soulev\u00e9es sont li\u00e9es \u00e0 la difficult\u00e9 de gestion DGH, des emplois du temps, de la mise en place des stages collectifs dans le cadre de la r\u00e9forme du Bac Pro.<\/span><\/p>\n<p><span style=\"color: #008000\"><strong><span style=\"font-family: arial, helvetica, sans-serif\">A l\u2019issue de cette rencontre, le SNETAP-FSU Nouvelle Aquitaine a adress\u00e9 un courrier faisant \u00e9tat des probl\u00e9matiques pr\u00e9cises par \u00e9tablissement et les situations individuelles en attente de r\u00e9ponse.<\/span><\/strong><\/span><\/p>\n<p><span style=\"font-family: arial, helvetica, sans-serif\">La DRAAF annonce que le CREA initialement pr\u00e9vu le 17 octobre pourrait \u00eatre repouss\u00e9 car la R\u00e9gion reporte l\u2019\u00e9tude de la carte scolaire au mois de f\u00e9vrier (vote pr\u00e9vu le 17 f\u00e9vrier). De plus le 17 octobre est aussi la date des Olympiades des m\u00e9tiers.<\/span><\/p>\n<p>&nbsp;<\/p>\n","protected":false},"excerpt":{"rendered":"<p>Le SNETAP-FSU a rencontr\u00e9 la Directrice R\u00e9gionale en bilat\u00e9rale le 17 septembre 2024 afin d\u2019aborder les conditions de rentr\u00e9e 2024. \u00c9taient pr\u00e9sent.es pour l\u2019administration : Mme ALAVOINE (Directrice R\u00e9gionale) et M. HERBRETEAU (Chef du SRFD) &#8211; \u00c9taient pr\u00e9sent.es pour le SNETAP-FSU\u00a0: Patricia BLANDEL, Alain GODOT et Jonathan LAPORTE Cette rencontre s\u2019est d\u00e9roul\u00e9e en visioconf\u00e9rence. En [&hellip;]<\/p>\n","protected":false},"author":128,"featured_media":3728,"comment_status":"closed","ping_status":"closed","sticky":false,"template":"","format":"standard","meta":{"ocean_post_layout":"","ocean_both_sidebars_style":"","ocean_both_sidebars_content_width":0,"ocean_both_sidebars_sidebars_width":0,"ocean_sidebar":"","ocean_second_sidebar":"","ocean_disable_margins":"enable","ocean_add_body_class":"","ocean_shortcode_before_top_bar":"","ocean_shortcode_after_top_bar":"","ocean_shortcode_before_header":"","ocean_shortcode_after_header":"","ocean_has_shortcode":"","ocean_shortcode_after_title":"","ocean_shortcode_before_footer_widgets":"","ocean_shortcode_after_footer_widgets":"","ocean_shortcode_before_footer_bottom":"","ocean_shortcode_after_footer_bottom":"","ocean_display_top_bar":"default","ocean_display_header":"default","ocean_header_style":"","ocean_center_header_left_menu":"","ocean_custom_header_template":"","ocean_custom_logo":0,"ocean_custom_retina_logo":0,"ocean_custom_logo_max_width":0,"ocean_custom_logo_tablet_max_width":0,"ocean_custom_logo_mobile_max_width":0,"ocean_custom_logo_max_height":0,"ocean_custom_logo_tablet_max_height":0,"ocean_custom_logo_mobile_max_height":0,"ocean_header_custom_menu":"","ocean_menu_typo_font_family":"","ocean_menu_typo_font_subset":"","ocean_menu_typo_font_size":0,"ocean_menu_typo_font_size_tablet":0,"ocean_menu_typo_font_size_mobile":0,"ocean_menu_typo_font_size_unit":"px","ocean_menu_typo_font_weight":"","ocean_menu_typo_font_weight_tablet":"","ocean_menu_typo_font_weight_mobile":"","ocean_menu_typo_transform":"","ocean_menu_typo_transform_tablet":"","ocean_menu_typo_transform_mobile":"","ocean_menu_typo_line_height":0,"ocean_menu_typo_line_height_tablet":0,"ocean_menu_typo_line_height_mobile":0,"ocean_menu_typo_line_height_unit":"","ocean_menu_typo_spacing":0,"ocean_menu_typo_spacing_tablet":0,"ocean_menu_typo_spacing_mobile":0,"ocean_menu_typo_spacing_unit":"","ocean_menu_link_color":"","ocean_menu_link_color_hover":"","ocean_menu_link_color_active":"","ocean_menu_link_background":"","ocean_menu_link_hover_background":"","ocean_menu_link_active_background":"","ocean_menu_social_links_bg":"","ocean_menu_social_hover_links_bg":"","ocean_menu_social_links_color":"","ocean_menu_social_hover_links_color":"","ocean_disable_title":"default","ocean_disable_heading":"default","ocean_post_title":"","ocean_post_subheading":"","ocean_post_title_style":"","ocean_post_title_background_color":"","ocean_post_title_background":0,"ocean_post_title_bg_image_position":"","ocean_post_title_bg_image_attachment":"","ocean_post_title_bg_image_repeat":"","ocean_post_title_bg_image_size":"","ocean_post_title_height":0,"ocean_post_title_bg_overlay":0.5,"ocean_post_title_bg_overlay_color":"","ocean_disable_breadcrumbs":"default","ocean_breadcrumbs_color":"","ocean_breadcrumbs_separator_color":"","ocean_breadcrumbs_links_color":"","ocean_breadcrumbs_links_hover_color":"","ocean_display_footer_widgets":"default","ocean_display_footer_bottom":"default","ocean_custom_footer_template":"","ocean_post_oembed":"","ocean_post_self_hosted_media":"","ocean_post_video_embed":"","ocean_link_format":"","ocean_link_format_target":"self","ocean_quote_format":"","ocean_quote_format_link":"post","ocean_gallery_link_images":"on","ocean_gallery_id":[3727],"footnotes":""},"categories":[1],"tags":[],"post_folder":[],"class_list":["post-3726","post","type-post","status-publish","format-standard","has-post-thumbnail","hentry","category-message-de-service","entry","has-media"],"yoast_head":"<!-- This site is optimized with the Yoast SEO plugin v27.4 - https:\/\/yoast.com\/product\/yoast-seo-wordpress\/ -->\n<title>Le SNETAP-FSU rencontre la DRAAF pour un point de rentr\u00e9e 2024 - NOUVELLE AQUITAINE<\/title>\n<meta name=\"robots\" content=\"index, follow, max-snippet:-1, max-image-preview:large, max-video-preview:-1\" \/>\n<link rel=\"canonical\" href=\"https:\/\/regions-snetap-fsu.fr\/na\/2024\/09\/25\/le-snetap-fsu-rencontre-la-draaf-pour-un-point-de-rentree-2024\/\" \/>\n<meta property=\"og:locale\" content=\"fr_FR\" \/>\n<meta property=\"og:type\" content=\"article\" \/>\n<meta property=\"og:title\" content=\"Le SNETAP-FSU rencontre la DRAAF pour un point de rentr\u00e9e 2024 - NOUVELLE AQUITAINE\" \/>\n<meta property=\"og:description\" content=\"Le SNETAP-FSU a rencontr\u00e9 la Directrice R\u00e9gionale en bilat\u00e9rale le 17 septembre 2024 afin d\u2019aborder les conditions de rentr\u00e9e 2024. \u00c9taient pr\u00e9sent.es pour l\u2019administration : Mme ALAVOINE (Directrice R\u00e9gionale) et M. HERBRETEAU (Chef du SRFD) &#8211; \u00c9taient pr\u00e9sent.es pour le SNETAP-FSU\u00a0: Patricia BLANDEL, Alain GODOT et Jonathan LAPORTE Cette rencontre s\u2019est d\u00e9roul\u00e9e en visioconf\u00e9rence. En [&hellip;]\" \/>\n<meta property=\"og:url\" content=\"https:\/\/regions-snetap-fsu.fr\/na\/2024\/09\/25\/le-snetap-fsu-rencontre-la-draaf-pour-un-point-de-rentree-2024\/\" \/>\n<meta property=\"og:site_name\" content=\"NOUVELLE AQUITAINE\" \/>\n<meta property=\"article:published_time\" content=\"2024-09-25T12:17:27+00:00\" \/>\n<meta property=\"og:image\" content=\"https:\/\/regions-snetap-fsu.fr\/na\/wp-content\/uploads\/sites\/3\/2024\/09\/Post-Instagram-Moderne-Illustree-Avec-Mission-Accomplie-2.jpg\" \/>\n\t<meta property=\"og:image:width\" content=\"1080\" \/>\n\t<meta property=\"og:image:height\" content=\"1080\" \/>\n\t<meta property=\"og:image:type\" content=\"image\/jpeg\" \/>\n<meta name=\"author\" content=\"olivierb\" \/>\n<meta name=\"twitter:card\" content=\"summary_large_image\" \/>\n<meta name=\"twitter:label1\" content=\"\u00c9crit par\" \/>\n\t<meta name=\"twitter:data1\" content=\"olivierb\" \/>\n\t<meta name=\"twitter:label2\" content=\"Dur\u00e9e de lecture estim\u00e9e\" \/>\n\t<meta name=\"twitter:data2\" content=\"3 minutes\" \/>\n<script type=\"application\/ld+json\" class=\"yoast-schema-graph\">{\"@context\":\"https:\\\/\\\/schema.org\",\"@graph\":[{\"@type\":\"Article\",\"@id\":\"https:\\\/\\\/regions-snetap-fsu.fr\\\/na\\\/2024\\\/09\\\/25\\\/le-snetap-fsu-rencontre-la-draaf-pour-un-point-de-rentree-2024\\\/#article\",\"isPartOf\":{\"@id\":\"https:\\\/\\\/regions-snetap-fsu.fr\\\/na\\\/2024\\\/09\\\/25\\\/le-snetap-fsu-rencontre-la-draaf-pour-un-point-de-rentree-2024\\\/\"},\"author\":{\"name\":\"olivierb\",\"@id\":\"https:\\\/\\\/regions-snetap-fsu.fr\\\/na\\\/#\\\/schema\\\/person\\\/bdf1c4fe149dcf915601f9de85ba379f\"},\"headline\":\"Le SNETAP-FSU rencontre la DRAAF pour un point de rentr\u00e9e 2024\",\"datePublished\":\"2024-09-25T12:17:27+00:00\",\"mainEntityOfPage\":{\"@id\":\"https:\\\/\\\/regions-snetap-fsu.fr\\\/na\\\/2024\\\/09\\\/25\\\/le-snetap-fsu-rencontre-la-draaf-pour-un-point-de-rentree-2024\\\/\"},\"wordCount\":708,\"publisher\":{\"@id\":\"https:\\\/\\\/regions-snetap-fsu.fr\\\/na\\\/#organization\"},\"image\":{\"@id\":\"https:\\\/\\\/regions-snetap-fsu.fr\\\/na\\\/2024\\\/09\\\/25\\\/le-snetap-fsu-rencontre-la-draaf-pour-un-point-de-rentree-2024\\\/#primaryimage\"},\"thumbnailUrl\":\"https:\\\/\\\/regions-snetap-fsu.fr\\\/na\\\/wp-content\\\/uploads\\\/sites\\\/3\\\/2024\\\/09\\\/Post-Instagram-Moderne-Illustree-Avec-Mission-Accomplie-2.jpg\",\"articleSection\":[\"Message de service\"],\"inLanguage\":\"fr-FR\"},{\"@type\":\"WebPage\",\"@id\":\"https:\\\/\\\/regions-snetap-fsu.fr\\\/na\\\/2024\\\/09\\\/25\\\/le-snetap-fsu-rencontre-la-draaf-pour-un-point-de-rentree-2024\\\/\",\"url\":\"https:\\\/\\\/regions-snetap-fsu.fr\\\/na\\\/2024\\\/09\\\/25\\\/le-snetap-fsu-rencontre-la-draaf-pour-un-point-de-rentree-2024\\\/\",\"name\":\"Le SNETAP-FSU rencontre la DRAAF pour un point de rentr\u00e9e 2024 - NOUVELLE AQUITAINE\",\"isPartOf\":{\"@id\":\"https:\\\/\\\/regions-snetap-fsu.fr\\\/na\\\/#website\"},\"primaryImageOfPage\":{\"@id\":\"https:\\\/\\\/regions-snetap-fsu.fr\\\/na\\\/2024\\\/09\\\/25\\\/le-snetap-fsu-rencontre-la-draaf-pour-un-point-de-rentree-2024\\\/#primaryimage\"},\"image\":{\"@id\":\"https:\\\/\\\/regions-snetap-fsu.fr\\\/na\\\/2024\\\/09\\\/25\\\/le-snetap-fsu-rencontre-la-draaf-pour-un-point-de-rentree-2024\\\/#primaryimage\"},\"thumbnailUrl\":\"https:\\\/\\\/regions-snetap-fsu.fr\\\/na\\\/wp-content\\\/uploads\\\/sites\\\/3\\\/2024\\\/09\\\/Post-Instagram-Moderne-Illustree-Avec-Mission-Accomplie-2.jpg\",\"datePublished\":\"2024-09-25T12:17:27+00:00\",\"breadcrumb\":{\"@id\":\"https:\\\/\\\/regions-snetap-fsu.fr\\\/na\\\/2024\\\/09\\\/25\\\/le-snetap-fsu-rencontre-la-draaf-pour-un-point-de-rentree-2024\\\/#breadcrumb\"},\"inLanguage\":\"fr-FR\",\"potentialAction\":[{\"@type\":\"ReadAction\",\"target\":[\"https:\\\/\\\/regions-snetap-fsu.fr\\\/na\\\/2024\\\/09\\\/25\\\/le-snetap-fsu-rencontre-la-draaf-pour-un-point-de-rentree-2024\\\/\"]}]},{\"@type\":\"ImageObject\",\"inLanguage\":\"fr-FR\",\"@id\":\"https:\\\/\\\/regions-snetap-fsu.fr\\\/na\\\/2024\\\/09\\\/25\\\/le-snetap-fsu-rencontre-la-draaf-pour-un-point-de-rentree-2024\\\/#primaryimage\",\"url\":\"https:\\\/\\\/regions-snetap-fsu.fr\\\/na\\\/wp-content\\\/uploads\\\/sites\\\/3\\\/2024\\\/09\\\/Post-Instagram-Moderne-Illustree-Avec-Mission-Accomplie-2.jpg\",\"contentUrl\":\"https:\\\/\\\/regions-snetap-fsu.fr\\\/na\\\/wp-content\\\/uploads\\\/sites\\\/3\\\/2024\\\/09\\\/Post-Instagram-Moderne-Illustree-Avec-Mission-Accomplie-2.jpg\",\"width\":1080,\"height\":1080},{\"@type\":\"BreadcrumbList\",\"@id\":\"https:\\\/\\\/regions-snetap-fsu.fr\\\/na\\\/2024\\\/09\\\/25\\\/le-snetap-fsu-rencontre-la-draaf-pour-un-point-de-rentree-2024\\\/#breadcrumb\",\"itemListElement\":[{\"@type\":\"ListItem\",\"position\":1,\"name\":\"Accueil\",\"item\":\"https:\\\/\\\/regions-snetap-fsu.fr\\\/na\\\/\"},{\"@type\":\"ListItem\",\"position\":2,\"name\":\"Le SNETAP-FSU rencontre la DRAAF pour un point de rentr\u00e9e 2024\"}]},{\"@type\":\"WebSite\",\"@id\":\"https:\\\/\\\/regions-snetap-fsu.fr\\\/na\\\/#website\",\"url\":\"https:\\\/\\\/regions-snetap-fsu.fr\\\/na\\\/\",\"name\":\"SNETAP-FSU NOUVELLE AQUITAINE\",\"description\":\"Blog de la Section R\u00e9gionale\",\"publisher\":{\"@id\":\"https:\\\/\\\/regions-snetap-fsu.fr\\\/na\\\/#organization\"},\"potentialAction\":[{\"@type\":\"SearchAction\",\"target\":{\"@type\":\"EntryPoint\",\"urlTemplate\":\"https:\\\/\\\/regions-snetap-fsu.fr\\\/na\\\/?s={search_term_string}\"},\"query-input\":{\"@type\":\"PropertyValueSpecification\",\"valueRequired\":true,\"valueName\":\"search_term_string\"}}],\"inLanguage\":\"fr-FR\"},{\"@type\":\"Organization\",\"@id\":\"https:\\\/\\\/regions-snetap-fsu.fr\\\/na\\\/#organization\",\"name\":\"SNETAP-FSU - Nouvelle Aquitaine\",\"url\":\"https:\\\/\\\/regions-snetap-fsu.fr\\\/na\\\/\",\"logo\":{\"@type\":\"ImageObject\",\"inLanguage\":\"fr-FR\",\"@id\":\"https:\\\/\\\/regions-snetap-fsu.fr\\\/na\\\/#\\\/schema\\\/logo\\\/image\\\/\",\"url\":\"https:\\\/\\\/regions-snetap-fsu.fr\\\/na\\\/wp-content\\\/uploads\\\/sites\\\/3\\\/2020\\\/12\\\/SNETAP-Logo.jpg\",\"contentUrl\":\"https:\\\/\\\/regions-snetap-fsu.fr\\\/na\\\/wp-content\\\/uploads\\\/sites\\\/3\\\/2020\\\/12\\\/SNETAP-Logo.jpg\",\"width\":464,\"height\":334,\"caption\":\"SNETAP-FSU - Nouvelle Aquitaine\"},\"image\":{\"@id\":\"https:\\\/\\\/regions-snetap-fsu.fr\\\/na\\\/#\\\/schema\\\/logo\\\/image\\\/\"}},{\"@type\":\"Person\",\"@id\":\"https:\\\/\\\/regions-snetap-fsu.fr\\\/na\\\/#\\\/schema\\\/person\\\/bdf1c4fe149dcf915601f9de85ba379f\",\"name\":\"olivierb\",\"image\":{\"@type\":\"ImageObject\",\"inLanguage\":\"fr-FR\",\"@id\":\"https:\\\/\\\/secure.gravatar.com\\\/avatar\\\/d9cce0db1146844098d0ec7fae94551015c4ff78117aab56897823bb265a7bc9?s=96&d=mm&r=g\",\"url\":\"https:\\\/\\\/secure.gravatar.com\\\/avatar\\\/d9cce0db1146844098d0ec7fae94551015c4ff78117aab56897823bb265a7bc9?s=96&d=mm&r=g\",\"contentUrl\":\"https:\\\/\\\/secure.gravatar.com\\\/avatar\\\/d9cce0db1146844098d0ec7fae94551015c4ff78117aab56897823bb265a7bc9?s=96&d=mm&r=g\",\"caption\":\"olivierb\"},\"url\":\"https:\\\/\\\/regions-snetap-fsu.fr\\\/na\\\/author\\\/olivierb\\\/\"}]}<\/script>\n<!-- \/ Yoast SEO plugin. -->","yoast_head_json":{"title":"Le SNETAP-FSU rencontre la DRAAF pour un point de rentr\u00e9e 2024 - NOUVELLE AQUITAINE","robots":{"index":"index","follow":"follow","max-snippet":"max-snippet:-1","max-image-preview":"max-image-preview:large","max-video-preview":"max-video-preview:-1"},"canonical":"https:\/\/regions-snetap-fsu.fr\/na\/2024\/09\/25\/le-snetap-fsu-rencontre-la-draaf-pour-un-point-de-rentree-2024\/","og_locale":"fr_FR","og_type":"article","og_title":"Le SNETAP-FSU rencontre la DRAAF pour un point de rentr\u00e9e 2024 - NOUVELLE AQUITAINE","og_description":"Le SNETAP-FSU a rencontr\u00e9 la Directrice R\u00e9gionale en bilat\u00e9rale le 17 septembre 2024 afin d\u2019aborder les conditions de rentr\u00e9e 2024. \u00c9taient pr\u00e9sent.es pour l\u2019administration : Mme ALAVOINE (Directrice R\u00e9gionale) et M. HERBRETEAU (Chef du SRFD) &#8211; \u00c9taient pr\u00e9sent.es pour le SNETAP-FSU\u00a0: Patricia BLANDEL, Alain GODOT et Jonathan LAPORTE Cette rencontre s\u2019est d\u00e9roul\u00e9e en visioconf\u00e9rence. En [&hellip;]","og_url":"https:\/\/regions-snetap-fsu.fr\/na\/2024\/09\/25\/le-snetap-fsu-rencontre-la-draaf-pour-un-point-de-rentree-2024\/","og_site_name":"NOUVELLE AQUITAINE","article_published_time":"2024-09-25T12:17:27+00:00","og_image":[{"width":1080,"height":1080,"url":"https:\/\/regions-snetap-fsu.fr\/na\/wp-content\/uploads\/sites\/3\/2024\/09\/Post-Instagram-Moderne-Illustree-Avec-Mission-Accomplie-2.jpg","type":"image\/jpeg"}],"author":"olivierb","twitter_card":"summary_large_image","twitter_misc":{"\u00c9crit par":"olivierb","Dur\u00e9e de lecture estim\u00e9e":"3 minutes"},"schema":{"@context":"https:\/\/schema.org","@graph":[{"@type":"Article","@id":"https:\/\/regions-snetap-fsu.fr\/na\/2024\/09\/25\/le-snetap-fsu-rencontre-la-draaf-pour-un-point-de-rentree-2024\/#article","isPartOf":{"@id":"https:\/\/regions-snetap-fsu.fr\/na\/2024\/09\/25\/le-snetap-fsu-rencontre-la-draaf-pour-un-point-de-rentree-2024\/"},"author":{"name":"olivierb","@id":"https:\/\/regions-snetap-fsu.fr\/na\/#\/schema\/person\/bdf1c4fe149dcf915601f9de85ba379f"},"headline":"Le SNETAP-FSU rencontre la DRAAF pour un point de rentr\u00e9e 2024","datePublished":"2024-09-25T12:17:27+00:00","mainEntityOfPage":{"@id":"https:\/\/regions-snetap-fsu.fr\/na\/2024\/09\/25\/le-snetap-fsu-rencontre-la-draaf-pour-un-point-de-rentree-2024\/"},"wordCount":708,"publisher":{"@id":"https:\/\/regions-snetap-fsu.fr\/na\/#organization"},"image":{"@id":"https:\/\/regions-snetap-fsu.fr\/na\/2024\/09\/25\/le-snetap-fsu-rencontre-la-draaf-pour-un-point-de-rentree-2024\/#primaryimage"},"thumbnailUrl":"https:\/\/regions-snetap-fsu.fr\/na\/wp-content\/uploads\/sites\/3\/2024\/09\/Post-Instagram-Moderne-Illustree-Avec-Mission-Accomplie-2.jpg","articleSection":["Message de service"],"inLanguage":"fr-FR"},{"@type":"WebPage","@id":"https:\/\/regions-snetap-fsu.fr\/na\/2024\/09\/25\/le-snetap-fsu-rencontre-la-draaf-pour-un-point-de-rentree-2024\/","url":"https:\/\/regions-snetap-fsu.fr\/na\/2024\/09\/25\/le-snetap-fsu-rencontre-la-draaf-pour-un-point-de-rentree-2024\/","name":"Le SNETAP-FSU rencontre la DRAAF pour un point de rentr\u00e9e 2024 - NOUVELLE AQUITAINE","isPartOf":{"@id":"https:\/\/regions-snetap-fsu.fr\/na\/#website"},"primaryImageOfPage":{"@id":"https:\/\/regions-snetap-fsu.fr\/na\/2024\/09\/25\/le-snetap-fsu-rencontre-la-draaf-pour-un-point-de-rentree-2024\/#primaryimage"},"image":{"@id":"https:\/\/regions-snetap-fsu.fr\/na\/2024\/09\/25\/le-snetap-fsu-rencontre-la-draaf-pour-un-point-de-rentree-2024\/#primaryimage"},"thumbnailUrl":"https:\/\/regions-snetap-fsu.fr\/na\/wp-content\/uploads\/sites\/3\/2024\/09\/Post-Instagram-Moderne-Illustree-Avec-Mission-Accomplie-2.jpg","datePublished":"2024-09-25T12:17:27+00:00","breadcrumb":{"@id":"https:\/\/regions-snetap-fsu.fr\/na\/2024\/09\/25\/le-snetap-fsu-rencontre-la-draaf-pour-un-point-de-rentree-2024\/#breadcrumb"},"inLanguage":"fr-FR","potentialAction":[{"@type":"ReadAction","target":["https:\/\/regions-snetap-fsu.fr\/na\/2024\/09\/25\/le-snetap-fsu-rencontre-la-draaf-pour-un-point-de-rentree-2024\/"]}]},{"@type":"ImageObject","inLanguage":"fr-FR","@id":"https:\/\/regions-snetap-fsu.fr\/na\/2024\/09\/25\/le-snetap-fsu-rencontre-la-draaf-pour-un-point-de-rentree-2024\/#primaryimage","url":"https:\/\/regions-snetap-fsu.fr\/na\/wp-content\/uploads\/sites\/3\/2024\/09\/Post-Instagram-Moderne-Illustree-Avec-Mission-Accomplie-2.jpg","contentUrl":"https:\/\/regions-snetap-fsu.fr\/na\/wp-content\/uploads\/sites\/3\/2024\/09\/Post-Instagram-Moderne-Illustree-Avec-Mission-Accomplie-2.jpg","width":1080,"height":1080},{"@type":"BreadcrumbList","@id":"https:\/\/regions-snetap-fsu.fr\/na\/2024\/09\/25\/le-snetap-fsu-rencontre-la-draaf-pour-un-point-de-rentree-2024\/#breadcrumb","itemListElement":[{"@type":"ListItem","position":1,"name":"Accueil","item":"https:\/\/regions-snetap-fsu.fr\/na\/"},{"@type":"ListItem","position":2,"name":"Le SNETAP-FSU rencontre la DRAAF pour un point de rentr\u00e9e 2024"}]},{"@type":"WebSite","@id":"https:\/\/regions-snetap-fsu.fr\/na\/#website","url":"https:\/\/regions-snetap-fsu.fr\/na\/","name":"SNETAP-FSU NOUVELLE AQUITAINE","description":"Blog de la Section R\u00e9gionale","publisher":{"@id":"https:\/\/regions-snetap-fsu.fr\/na\/#organization"},"potentialAction":[{"@type":"SearchAction","target":{"@type":"EntryPoint","urlTemplate":"https:\/\/regions-snetap-fsu.fr\/na\/?s={search_term_string}"},"query-input":{"@type":"PropertyValueSpecification","valueRequired":true,"valueName":"search_term_string"}}],"inLanguage":"fr-FR"},{"@type":"Organization","@id":"https:\/\/regions-snetap-fsu.fr\/na\/#organization","name":"SNETAP-FSU - Nouvelle Aquitaine","url":"https:\/\/regions-snetap-fsu.fr\/na\/","logo":{"@type":"ImageObject","inLanguage":"fr-FR","@id":"https:\/\/regions-snetap-fsu.fr\/na\/#\/schema\/logo\/image\/","url":"https:\/\/regions-snetap-fsu.fr\/na\/wp-content\/uploads\/sites\/3\/2020\/12\/SNETAP-Logo.jpg","contentUrl":"https:\/\/regions-snetap-fsu.fr\/na\/wp-content\/uploads\/sites\/3\/2020\/12\/SNETAP-Logo.jpg","width":464,"height":334,"caption":"SNETAP-FSU - Nouvelle Aquitaine"},"image":{"@id":"https:\/\/regions-snetap-fsu.fr\/na\/#\/schema\/logo\/image\/"}},{"@type":"Person","@id":"https:\/\/regions-snetap-fsu.fr\/na\/#\/schema\/person\/bdf1c4fe149dcf915601f9de85ba379f","name":"olivierb","image":{"@type":"ImageObject","inLanguage":"fr-FR","@id":"https:\/\/secure.gravatar.com\/avatar\/d9cce0db1146844098d0ec7fae94551015c4ff78117aab56897823bb265a7bc9?s=96&d=mm&r=g","url":"https:\/\/secure.gravatar.com\/avatar\/d9cce0db1146844098d0ec7fae94551015c4ff78117aab56897823bb265a7bc9?s=96&d=mm&r=g","contentUrl":"https:\/\/secure.gravatar.com\/avatar\/d9cce0db1146844098d0ec7fae94551015c4ff78117aab56897823bb265a7bc9?s=96&d=mm&r=g","caption":"olivierb"},"url":"https:\/\/regions-snetap-fsu.fr\/na\/author\/olivierb\/"}]}},"_links":{"self":[{"href":"https:\/\/regions-snetap-fsu.fr\/na\/wp-json\/wp\/v2\/posts\/3726","targetHints":{"allow":["GET"]}}],"collection":[{"href":"https:\/\/regions-snetap-fsu.fr\/na\/wp-json\/wp\/v2\/posts"}],"about":[{"href":"https:\/\/regions-snetap-fsu.fr\/na\/wp-json\/wp\/v2\/types\/post"}],"author":[{"embeddable":true,"href":"https:\/\/regions-snetap-fsu.fr\/na\/wp-json\/wp\/v2\/users\/128"}],"replies":[{"embeddable":true,"href":"https:\/\/regions-snetap-fsu.fr\/na\/wp-json\/wp\/v2\/comments?post=3726"}],"version-history":[{"count":1,"href":"https:\/\/regions-snetap-fsu.fr\/na\/wp-json\/wp\/v2\/posts\/3726\/revisions"}],"predecessor-version":[{"id":3729,"href":"https:\/\/regions-snetap-fsu.fr\/na\/wp-json\/wp\/v2\/posts\/3726\/revisions\/3729"}],"wp:featuredmedia":[{"embeddable":true,"href":"https:\/\/regions-snetap-fsu.fr\/na\/wp-json\/wp\/v2\/media\/3728"}],"wp:attachment":[{"href":"https:\/\/regions-snetap-fsu.fr\/na\/wp-json\/wp\/v2\/media?parent=3726"}],"wp:term":[{"taxonomy":"category","embeddable":true,"href":"https:\/\/regions-snetap-fsu.fr\/na\/wp-json\/wp\/v2\/categories?post=3726"},{"taxonomy":"post_tag","embeddable":true,"href":"https:\/\/regions-snetap-fsu.fr\/na\/wp-json\/wp\/v2\/tags?post=3726"},{"taxonomy":"post_folder","embeddable":true,"href":"https:\/\/regions-snetap-fsu.fr\/na\/wp-json\/wp\/v2\/post_folder?post=3726"}],"curies":[{"name":"wp","href":"https:\/\/api.w.org\/{rel}","templated":true}]}}