{"id":3722,"date":"2024-09-23T23:15:09","date_gmt":"2024-09-23T21:15:09","guid":{"rendered":"https:\/\/regions-snetap-fsu.fr\/na\/?p=3722"},"modified":"2024-09-23T23:15:09","modified_gmt":"2024-09-23T21:15:09","slug":"le-snetap-fsu-rencontre-le-dger-a-pau-montardon","status":"publish","type":"post","link":"https:\/\/regions-snetap-fsu.fr\/na\/2024\/09\/23\/le-snetap-fsu-rencontre-le-dger-a-pau-montardon\/","title":{"rendered":"Le SNETAP-FSU rencontre le DGER \u00e0 Pau Montardon"},"content":{"rendered":"<p>Dans le cadre de son d\u00e9placement au Salon national les Pyr\u00e9n\u00e9ennes en Comminges, le Directeur G\u00e9n\u00e9ral de l&rsquo;Enseignement et de la Recherche, Beno\u00eet Bonaim\u00e9 est venu au LEGTA de Pau-Montardon, accompagn\u00e9 de la Directrice R\u00e9gionale de l&rsquo;Alimentation, de l&rsquo;Agriculture et de la For\u00eat, Virginie Alavoine, et du sous-directeur aux \u00e9tablissements, des dotations et des comp\u00e9tences.<\/p>\n<p>Les repr\u00e9sentant.es des personnels SNETAP-FSU de l&rsquo;Agrocampus 64 ont rencontr\u00e9 le DGER pour un \u00e9change autour des perspectives majeures de l&rsquo;\u00e9tablissement et plus globalement de la rentr\u00e9e dans l&rsquo;Enseignement agricole public.<\/p>\n<p>Les remont\u00e9es de terrain ont permis de fixer la conversation notamment autour du taux d&rsquo;encadrement des apprenant.es.<br \/>\nLe DGER a reconnu que pour les personnels de vie scolaire et les ATLS, il y avait de r\u00e9els efforts \u00e0 faire, se montrant moins convaincant en ce qui concerne les personnels enseignants&#8230;<br \/>\nLes baisses d&rsquo;effectif de certaines fili\u00e8res ne devant pas se traduire par des suppressions d&#8217;emplois \u00e0 notre sens.<\/p>\n<p>La lourdeur, si ce n&rsquo;est le caract\u00e8re kafka\u00efen de certaines t\u00e2ches administratives, sur tous les centres, a \u00e9t\u00e9 abord\u00e9e, ce fait entra\u00eenant une surcharge de travail tr\u00e8s pr\u00e9judiciable pour les personnes qui doivent accomplir certaines missions, au gr\u00e9 de r\u00e9formes qui ne s&rsquo;accompagnent pas de moyens suppl\u00e9mentaires&#8230;<\/p>\n<p>L&rsquo;\u00e9volution de la carte scolaire du LPA d&rsquo;Oloron est fortement esp\u00e9r\u00e9e en B\u00e9arn, tous les personnels mobilis\u00e9s autour de ce projet pouvant t\u00e9moigner des caract\u00e9ristiques de ce qu&rsquo;est un \u00e9tablissement agricole sur un territoire de montagne, et les n\u00e9cessaires mutations pour les professions tant historiques que nouvelles des vall\u00e9es b\u00e9arnaises et basques.<\/p>\n<p>Enfin les questions autour du protocole de gestion des personnels ont \u00e9galement \u00e9t\u00e9 abord\u00e9es au cours de cet entretien (d\u00e9compte du travail \u00e9gal, r\u00e9mun\u00e9ration diff\u00e9rentes selon les centres, &#8230;).<\/p>\n","protected":false},"excerpt":{"rendered":"<p>Dans le cadre de son d\u00e9placement au Salon national les Pyr\u00e9n\u00e9ennes en Comminges, le Directeur G\u00e9n\u00e9ral de l&rsquo;Enseignement et de la Recherche, Beno\u00eet Bonaim\u00e9 est venu au LEGTA de Pau-Montardon, accompagn\u00e9 de la Directrice R\u00e9gionale de l&rsquo;Alimentation, de l&rsquo;Agriculture et de la For\u00eat, Virginie Alavoine, et du sous-directeur aux \u00e9tablissements, des dotations et des comp\u00e9tences. [&hellip;]<\/p>\n","protected":false},"author":128,"featured_media":3724,"comment_status":"closed","ping_status":"closed","sticky":false,"template":"","format":"standard","meta":{"ocean_post_layout":"","ocean_both_sidebars_style":"","ocean_both_sidebars_content_width":0,"ocean_both_sidebars_sidebars_width":0,"ocean_sidebar":"","ocean_second_sidebar":"","ocean_disable_margins":"enable","ocean_add_body_class":"","ocean_shortcode_before_top_bar":"","ocean_shortcode_after_top_bar":"","ocean_shortcode_before_header":"","ocean_shortcode_after_header":"","ocean_has_shortcode":"","ocean_shortcode_after_title":"","ocean_shortcode_before_footer_widgets":"","ocean_shortcode_after_footer_widgets":"","ocean_shortcode_before_footer_bottom":"","ocean_shortcode_after_footer_bottom":"","ocean_display_top_bar":"default","ocean_display_header":"default","ocean_header_style":"","ocean_center_header_left_menu":"","ocean_custom_header_template":"","ocean_custom_logo":0,"ocean_custom_retina_logo":0,"ocean_custom_logo_max_width":0,"ocean_custom_logo_tablet_max_width":0,"ocean_custom_logo_mobile_max_width":0,"ocean_custom_logo_max_height":0,"ocean_custom_logo_tablet_max_height":0,"ocean_custom_logo_mobile_max_height":0,"ocean_header_custom_menu":"","ocean_menu_typo_font_family":"","ocean_menu_typo_font_subset":"","ocean_menu_typo_font_size":0,"ocean_menu_typo_font_size_tablet":0,"ocean_menu_typo_font_size_mobile":0,"ocean_menu_typo_font_size_unit":"px","ocean_menu_typo_font_weight":"","ocean_menu_typo_font_weight_tablet":"","ocean_menu_typo_font_weight_mobile":"","ocean_menu_typo_transform":"","ocean_menu_typo_transform_tablet":"","ocean_menu_typo_transform_mobile":"","ocean_menu_typo_line_height":0,"ocean_menu_typo_line_height_tablet":0,"ocean_menu_typo_line_height_mobile":0,"ocean_menu_typo_line_height_unit":"","ocean_menu_typo_spacing":0,"ocean_menu_typo_spacing_tablet":0,"ocean_menu_typo_spacing_mobile":0,"ocean_menu_typo_spacing_unit":"","ocean_menu_link_color":"","ocean_menu_link_color_hover":"","ocean_menu_link_color_active":"","ocean_menu_link_background":"","ocean_menu_link_hover_background":"","ocean_menu_link_active_background":"","ocean_menu_social_links_bg":"","ocean_menu_social_hover_links_bg":"","ocean_menu_social_links_color":"","ocean_menu_social_hover_links_color":"","ocean_disable_title":"default","ocean_disable_heading":"default","ocean_post_title":"","ocean_post_subheading":"","ocean_post_title_style":"","ocean_post_title_background_color":"","ocean_post_title_background":0,"ocean_post_title_bg_image_position":"","ocean_post_title_bg_image_attachment":"","ocean_post_title_bg_image_repeat":"","ocean_post_title_bg_image_size":"","ocean_post_title_height":0,"ocean_post_title_bg_overlay":0.5,"ocean_post_title_bg_overlay_color":"","ocean_disable_breadcrumbs":"default","ocean_breadcrumbs_color":"","ocean_breadcrumbs_separator_color":"","ocean_breadcrumbs_links_color":"","ocean_breadcrumbs_links_hover_color":"","ocean_display_footer_widgets":"default","ocean_display_footer_bottom":"default","ocean_custom_footer_template":"","ocean_post_oembed":"","ocean_post_self_hosted_media":"","ocean_post_video_embed":"","ocean_link_format":"","ocean_link_format_target":"self","ocean_quote_format":"","ocean_quote_format_link":"post","ocean_gallery_link_images":"on","ocean_gallery_id":[],"footnotes":""},"categories":[1],"tags":[],"post_folder":[],"class_list":["post-3722","post","type-post","status-publish","format-standard","has-post-thumbnail","hentry","category-message-de-service","entry","has-media"],"yoast_head":"<!-- This site is optimized with the Yoast SEO plugin v27.4 - https:\/\/yoast.com\/product\/yoast-seo-wordpress\/ -->\n<title>Le SNETAP-FSU rencontre le DGER \u00e0 Pau Montardon - NOUVELLE AQUITAINE<\/title>\n<meta name=\"robots\" content=\"index, follow, max-snippet:-1, max-image-preview:large, max-video-preview:-1\" \/>\n<link rel=\"canonical\" href=\"https:\/\/regions-snetap-fsu.fr\/na\/2024\/09\/23\/le-snetap-fsu-rencontre-le-dger-a-pau-montardon\/\" \/>\n<meta property=\"og:locale\" content=\"fr_FR\" \/>\n<meta property=\"og:type\" content=\"article\" \/>\n<meta property=\"og:title\" content=\"Le SNETAP-FSU rencontre le DGER \u00e0 Pau Montardon - NOUVELLE AQUITAINE\" \/>\n<meta property=\"og:description\" content=\"Dans le cadre de son d\u00e9placement au Salon national les Pyr\u00e9n\u00e9ennes en Comminges, le Directeur G\u00e9n\u00e9ral de l&rsquo;Enseignement et de la Recherche, Beno\u00eet Bonaim\u00e9 est venu au LEGTA de Pau-Montardon, accompagn\u00e9 de la Directrice R\u00e9gionale de l&rsquo;Alimentation, de l&rsquo;Agriculture et de la For\u00eat, Virginie Alavoine, et du sous-directeur aux \u00e9tablissements, des dotations et des comp\u00e9tences. [&hellip;]\" \/>\n<meta property=\"og:url\" content=\"https:\/\/regions-snetap-fsu.fr\/na\/2024\/09\/23\/le-snetap-fsu-rencontre-le-dger-a-pau-montardon\/\" \/>\n<meta property=\"og:site_name\" content=\"NOUVELLE AQUITAINE\" \/>\n<meta property=\"article:published_time\" content=\"2024-09-23T21:15:09+00:00\" \/>\n<meta property=\"og:image\" content=\"https:\/\/regions-snetap-fsu.fr\/na\/wp-content\/uploads\/sites\/3\/2024\/09\/Pau-montardon-ter.jpg\" \/>\n\t<meta property=\"og:image:width\" content=\"1800\" \/>\n\t<meta property=\"og:image:height\" content=\"2486\" \/>\n\t<meta property=\"og:image:type\" content=\"image\/jpeg\" \/>\n<meta name=\"author\" content=\"olivierb\" \/>\n<meta name=\"twitter:card\" content=\"summary_large_image\" \/>\n<meta name=\"twitter:label1\" content=\"\u00c9crit par\" \/>\n\t<meta name=\"twitter:data1\" content=\"olivierb\" \/>\n\t<meta name=\"twitter:label2\" content=\"Dur\u00e9e de lecture estim\u00e9e\" \/>\n\t<meta name=\"twitter:data2\" content=\"2 minutes\" \/>\n<script type=\"application\/ld+json\" class=\"yoast-schema-graph\">{\"@context\":\"https:\\\/\\\/schema.org\",\"@graph\":[{\"@type\":\"Article\",\"@id\":\"https:\\\/\\\/regions-snetap-fsu.fr\\\/na\\\/2024\\\/09\\\/23\\\/le-snetap-fsu-rencontre-le-dger-a-pau-montardon\\\/#article\",\"isPartOf\":{\"@id\":\"https:\\\/\\\/regions-snetap-fsu.fr\\\/na\\\/2024\\\/09\\\/23\\\/le-snetap-fsu-rencontre-le-dger-a-pau-montardon\\\/\"},\"author\":{\"name\":\"olivierb\",\"@id\":\"https:\\\/\\\/regions-snetap-fsu.fr\\\/na\\\/#\\\/schema\\\/person\\\/bdf1c4fe149dcf915601f9de85ba379f\"},\"headline\":\"Le SNETAP-FSU rencontre le DGER \u00e0 Pau Montardon\",\"datePublished\":\"2024-09-23T21:15:09+00:00\",\"mainEntityOfPage\":{\"@id\":\"https:\\\/\\\/regions-snetap-fsu.fr\\\/na\\\/2024\\\/09\\\/23\\\/le-snetap-fsu-rencontre-le-dger-a-pau-montardon\\\/\"},\"wordCount\":338,\"publisher\":{\"@id\":\"https:\\\/\\\/regions-snetap-fsu.fr\\\/na\\\/#organization\"},\"image\":{\"@id\":\"https:\\\/\\\/regions-snetap-fsu.fr\\\/na\\\/2024\\\/09\\\/23\\\/le-snetap-fsu-rencontre-le-dger-a-pau-montardon\\\/#primaryimage\"},\"thumbnailUrl\":\"https:\\\/\\\/regions-snetap-fsu.fr\\\/na\\\/wp-content\\\/uploads\\\/sites\\\/3\\\/2024\\\/09\\\/Pau-montardon-ter.jpg\",\"articleSection\":[\"Message de service\"],\"inLanguage\":\"fr-FR\"},{\"@type\":\"WebPage\",\"@id\":\"https:\\\/\\\/regions-snetap-fsu.fr\\\/na\\\/2024\\\/09\\\/23\\\/le-snetap-fsu-rencontre-le-dger-a-pau-montardon\\\/\",\"url\":\"https:\\\/\\\/regions-snetap-fsu.fr\\\/na\\\/2024\\\/09\\\/23\\\/le-snetap-fsu-rencontre-le-dger-a-pau-montardon\\\/\",\"name\":\"Le SNETAP-FSU rencontre le DGER \u00e0 Pau Montardon - NOUVELLE AQUITAINE\",\"isPartOf\":{\"@id\":\"https:\\\/\\\/regions-snetap-fsu.fr\\\/na\\\/#website\"},\"primaryImageOfPage\":{\"@id\":\"https:\\\/\\\/regions-snetap-fsu.fr\\\/na\\\/2024\\\/09\\\/23\\\/le-snetap-fsu-rencontre-le-dger-a-pau-montardon\\\/#primaryimage\"},\"image\":{\"@id\":\"https:\\\/\\\/regions-snetap-fsu.fr\\\/na\\\/2024\\\/09\\\/23\\\/le-snetap-fsu-rencontre-le-dger-a-pau-montardon\\\/#primaryimage\"},\"thumbnailUrl\":\"https:\\\/\\\/regions-snetap-fsu.fr\\\/na\\\/wp-content\\\/uploads\\\/sites\\\/3\\\/2024\\\/09\\\/Pau-montardon-ter.jpg\",\"datePublished\":\"2024-09-23T21:15:09+00:00\",\"breadcrumb\":{\"@id\":\"https:\\\/\\\/regions-snetap-fsu.fr\\\/na\\\/2024\\\/09\\\/23\\\/le-snetap-fsu-rencontre-le-dger-a-pau-montardon\\\/#breadcrumb\"},\"inLanguage\":\"fr-FR\",\"potentialAction\":[{\"@type\":\"ReadAction\",\"target\":[\"https:\\\/\\\/regions-snetap-fsu.fr\\\/na\\\/2024\\\/09\\\/23\\\/le-snetap-fsu-rencontre-le-dger-a-pau-montardon\\\/\"]}]},{\"@type\":\"ImageObject\",\"inLanguage\":\"fr-FR\",\"@id\":\"https:\\\/\\\/regions-snetap-fsu.fr\\\/na\\\/2024\\\/09\\\/23\\\/le-snetap-fsu-rencontre-le-dger-a-pau-montardon\\\/#primaryimage\",\"url\":\"https:\\\/\\\/regions-snetap-fsu.fr\\\/na\\\/wp-content\\\/uploads\\\/sites\\\/3\\\/2024\\\/09\\\/Pau-montardon-ter.jpg\",\"contentUrl\":\"https:\\\/\\\/regions-snetap-fsu.fr\\\/na\\\/wp-content\\\/uploads\\\/sites\\\/3\\\/2024\\\/09\\\/Pau-montardon-ter.jpg\",\"width\":1800,\"height\":2486},{\"@type\":\"BreadcrumbList\",\"@id\":\"https:\\\/\\\/regions-snetap-fsu.fr\\\/na\\\/2024\\\/09\\\/23\\\/le-snetap-fsu-rencontre-le-dger-a-pau-montardon\\\/#breadcrumb\",\"itemListElement\":[{\"@type\":\"ListItem\",\"position\":1,\"name\":\"Accueil\",\"item\":\"https:\\\/\\\/regions-snetap-fsu.fr\\\/na\\\/\"},{\"@type\":\"ListItem\",\"position\":2,\"name\":\"Le SNETAP-FSU rencontre le DGER \u00e0 Pau Montardon\"}]},{\"@type\":\"WebSite\",\"@id\":\"https:\\\/\\\/regions-snetap-fsu.fr\\\/na\\\/#website\",\"url\":\"https:\\\/\\\/regions-snetap-fsu.fr\\\/na\\\/\",\"name\":\"SNETAP-FSU NOUVELLE AQUITAINE\",\"description\":\"Blog de la Section R\u00e9gionale\",\"publisher\":{\"@id\":\"https:\\\/\\\/regions-snetap-fsu.fr\\\/na\\\/#organization\"},\"potentialAction\":[{\"@type\":\"SearchAction\",\"target\":{\"@type\":\"EntryPoint\",\"urlTemplate\":\"https:\\\/\\\/regions-snetap-fsu.fr\\\/na\\\/?s={search_term_string}\"},\"query-input\":{\"@type\":\"PropertyValueSpecification\",\"valueRequired\":true,\"valueName\":\"search_term_string\"}}],\"inLanguage\":\"fr-FR\"},{\"@type\":\"Organization\",\"@id\":\"https:\\\/\\\/regions-snetap-fsu.fr\\\/na\\\/#organization\",\"name\":\"SNETAP-FSU - Nouvelle Aquitaine\",\"url\":\"https:\\\/\\\/regions-snetap-fsu.fr\\\/na\\\/\",\"logo\":{\"@type\":\"ImageObject\",\"inLanguage\":\"fr-FR\",\"@id\":\"https:\\\/\\\/regions-snetap-fsu.fr\\\/na\\\/#\\\/schema\\\/logo\\\/image\\\/\",\"url\":\"https:\\\/\\\/regions-snetap-fsu.fr\\\/na\\\/wp-content\\\/uploads\\\/sites\\\/3\\\/2020\\\/12\\\/SNETAP-Logo.jpg\",\"contentUrl\":\"https:\\\/\\\/regions-snetap-fsu.fr\\\/na\\\/wp-content\\\/uploads\\\/sites\\\/3\\\/2020\\\/12\\\/SNETAP-Logo.jpg\",\"width\":464,\"height\":334,\"caption\":\"SNETAP-FSU - Nouvelle Aquitaine\"},\"image\":{\"@id\":\"https:\\\/\\\/regions-snetap-fsu.fr\\\/na\\\/#\\\/schema\\\/logo\\\/image\\\/\"}},{\"@type\":\"Person\",\"@id\":\"https:\\\/\\\/regions-snetap-fsu.fr\\\/na\\\/#\\\/schema\\\/person\\\/bdf1c4fe149dcf915601f9de85ba379f\",\"name\":\"olivierb\",\"image\":{\"@type\":\"ImageObject\",\"inLanguage\":\"fr-FR\",\"@id\":\"https:\\\/\\\/secure.gravatar.com\\\/avatar\\\/d9cce0db1146844098d0ec7fae94551015c4ff78117aab56897823bb265a7bc9?s=96&d=mm&r=g\",\"url\":\"https:\\\/\\\/secure.gravatar.com\\\/avatar\\\/d9cce0db1146844098d0ec7fae94551015c4ff78117aab56897823bb265a7bc9?s=96&d=mm&r=g\",\"contentUrl\":\"https:\\\/\\\/secure.gravatar.com\\\/avatar\\\/d9cce0db1146844098d0ec7fae94551015c4ff78117aab56897823bb265a7bc9?s=96&d=mm&r=g\",\"caption\":\"olivierb\"},\"url\":\"https:\\\/\\\/regions-snetap-fsu.fr\\\/na\\\/author\\\/olivierb\\\/\"}]}<\/script>\n<!-- \/ Yoast SEO plugin. -->","yoast_head_json":{"title":"Le SNETAP-FSU rencontre le DGER \u00e0 Pau Montardon - NOUVELLE AQUITAINE","robots":{"index":"index","follow":"follow","max-snippet":"max-snippet:-1","max-image-preview":"max-image-preview:large","max-video-preview":"max-video-preview:-1"},"canonical":"https:\/\/regions-snetap-fsu.fr\/na\/2024\/09\/23\/le-snetap-fsu-rencontre-le-dger-a-pau-montardon\/","og_locale":"fr_FR","og_type":"article","og_title":"Le SNETAP-FSU rencontre le DGER \u00e0 Pau Montardon - NOUVELLE AQUITAINE","og_description":"Dans le cadre de son d\u00e9placement au Salon national les Pyr\u00e9n\u00e9ennes en Comminges, le Directeur G\u00e9n\u00e9ral de l&rsquo;Enseignement et de la Recherche, Beno\u00eet Bonaim\u00e9 est venu au LEGTA de Pau-Montardon, accompagn\u00e9 de la Directrice R\u00e9gionale de l&rsquo;Alimentation, de l&rsquo;Agriculture et de la For\u00eat, Virginie Alavoine, et du sous-directeur aux \u00e9tablissements, des dotations et des comp\u00e9tences. [&hellip;]","og_url":"https:\/\/regions-snetap-fsu.fr\/na\/2024\/09\/23\/le-snetap-fsu-rencontre-le-dger-a-pau-montardon\/","og_site_name":"NOUVELLE AQUITAINE","article_published_time":"2024-09-23T21:15:09+00:00","og_image":[{"width":1800,"height":2486,"url":"https:\/\/regions-snetap-fsu.fr\/na\/wp-content\/uploads\/sites\/3\/2024\/09\/Pau-montardon-ter.jpg","type":"image\/jpeg"}],"author":"olivierb","twitter_card":"summary_large_image","twitter_misc":{"\u00c9crit par":"olivierb","Dur\u00e9e de lecture estim\u00e9e":"2 minutes"},"schema":{"@context":"https:\/\/schema.org","@graph":[{"@type":"Article","@id":"https:\/\/regions-snetap-fsu.fr\/na\/2024\/09\/23\/le-snetap-fsu-rencontre-le-dger-a-pau-montardon\/#article","isPartOf":{"@id":"https:\/\/regions-snetap-fsu.fr\/na\/2024\/09\/23\/le-snetap-fsu-rencontre-le-dger-a-pau-montardon\/"},"author":{"name":"olivierb","@id":"https:\/\/regions-snetap-fsu.fr\/na\/#\/schema\/person\/bdf1c4fe149dcf915601f9de85ba379f"},"headline":"Le SNETAP-FSU rencontre le DGER \u00e0 Pau Montardon","datePublished":"2024-09-23T21:15:09+00:00","mainEntityOfPage":{"@id":"https:\/\/regions-snetap-fsu.fr\/na\/2024\/09\/23\/le-snetap-fsu-rencontre-le-dger-a-pau-montardon\/"},"wordCount":338,"publisher":{"@id":"https:\/\/regions-snetap-fsu.fr\/na\/#organization"},"image":{"@id":"https:\/\/regions-snetap-fsu.fr\/na\/2024\/09\/23\/le-snetap-fsu-rencontre-le-dger-a-pau-montardon\/#primaryimage"},"thumbnailUrl":"https:\/\/regions-snetap-fsu.fr\/na\/wp-content\/uploads\/sites\/3\/2024\/09\/Pau-montardon-ter.jpg","articleSection":["Message de service"],"inLanguage":"fr-FR"},{"@type":"WebPage","@id":"https:\/\/regions-snetap-fsu.fr\/na\/2024\/09\/23\/le-snetap-fsu-rencontre-le-dger-a-pau-montardon\/","url":"https:\/\/regions-snetap-fsu.fr\/na\/2024\/09\/23\/le-snetap-fsu-rencontre-le-dger-a-pau-montardon\/","name":"Le SNETAP-FSU rencontre le DGER \u00e0 Pau Montardon - NOUVELLE AQUITAINE","isPartOf":{"@id":"https:\/\/regions-snetap-fsu.fr\/na\/#website"},"primaryImageOfPage":{"@id":"https:\/\/regions-snetap-fsu.fr\/na\/2024\/09\/23\/le-snetap-fsu-rencontre-le-dger-a-pau-montardon\/#primaryimage"},"image":{"@id":"https:\/\/regions-snetap-fsu.fr\/na\/2024\/09\/23\/le-snetap-fsu-rencontre-le-dger-a-pau-montardon\/#primaryimage"},"thumbnailUrl":"https:\/\/regions-snetap-fsu.fr\/na\/wp-content\/uploads\/sites\/3\/2024\/09\/Pau-montardon-ter.jpg","datePublished":"2024-09-23T21:15:09+00:00","breadcrumb":{"@id":"https:\/\/regions-snetap-fsu.fr\/na\/2024\/09\/23\/le-snetap-fsu-rencontre-le-dger-a-pau-montardon\/#breadcrumb"},"inLanguage":"fr-FR","potentialAction":[{"@type":"ReadAction","target":["https:\/\/regions-snetap-fsu.fr\/na\/2024\/09\/23\/le-snetap-fsu-rencontre-le-dger-a-pau-montardon\/"]}]},{"@type":"ImageObject","inLanguage":"fr-FR","@id":"https:\/\/regions-snetap-fsu.fr\/na\/2024\/09\/23\/le-snetap-fsu-rencontre-le-dger-a-pau-montardon\/#primaryimage","url":"https:\/\/regions-snetap-fsu.fr\/na\/wp-content\/uploads\/sites\/3\/2024\/09\/Pau-montardon-ter.jpg","contentUrl":"https:\/\/regions-snetap-fsu.fr\/na\/wp-content\/uploads\/sites\/3\/2024\/09\/Pau-montardon-ter.jpg","width":1800,"height":2486},{"@type":"BreadcrumbList","@id":"https:\/\/regions-snetap-fsu.fr\/na\/2024\/09\/23\/le-snetap-fsu-rencontre-le-dger-a-pau-montardon\/#breadcrumb","itemListElement":[{"@type":"ListItem","position":1,"name":"Accueil","item":"https:\/\/regions-snetap-fsu.fr\/na\/"},{"@type":"ListItem","position":2,"name":"Le SNETAP-FSU rencontre le DGER \u00e0 Pau Montardon"}]},{"@type":"WebSite","@id":"https:\/\/regions-snetap-fsu.fr\/na\/#website","url":"https:\/\/regions-snetap-fsu.fr\/na\/","name":"SNETAP-FSU NOUVELLE AQUITAINE","description":"Blog de la Section R\u00e9gionale","publisher":{"@id":"https:\/\/regions-snetap-fsu.fr\/na\/#organization"},"potentialAction":[{"@type":"SearchAction","target":{"@type":"EntryPoint","urlTemplate":"https:\/\/regions-snetap-fsu.fr\/na\/?s={search_term_string}"},"query-input":{"@type":"PropertyValueSpecification","valueRequired":true,"valueName":"search_term_string"}}],"inLanguage":"fr-FR"},{"@type":"Organization","@id":"https:\/\/regions-snetap-fsu.fr\/na\/#organization","name":"SNETAP-FSU - Nouvelle Aquitaine","url":"https:\/\/regions-snetap-fsu.fr\/na\/","logo":{"@type":"ImageObject","inLanguage":"fr-FR","@id":"https:\/\/regions-snetap-fsu.fr\/na\/#\/schema\/logo\/image\/","url":"https:\/\/regions-snetap-fsu.fr\/na\/wp-content\/uploads\/sites\/3\/2020\/12\/SNETAP-Logo.jpg","contentUrl":"https:\/\/regions-snetap-fsu.fr\/na\/wp-content\/uploads\/sites\/3\/2020\/12\/SNETAP-Logo.jpg","width":464,"height":334,"caption":"SNETAP-FSU - Nouvelle Aquitaine"},"image":{"@id":"https:\/\/regions-snetap-fsu.fr\/na\/#\/schema\/logo\/image\/"}},{"@type":"Person","@id":"https:\/\/regions-snetap-fsu.fr\/na\/#\/schema\/person\/bdf1c4fe149dcf915601f9de85ba379f","name":"olivierb","image":{"@type":"ImageObject","inLanguage":"fr-FR","@id":"https:\/\/secure.gravatar.com\/avatar\/d9cce0db1146844098d0ec7fae94551015c4ff78117aab56897823bb265a7bc9?s=96&d=mm&r=g","url":"https:\/\/secure.gravatar.com\/avatar\/d9cce0db1146844098d0ec7fae94551015c4ff78117aab56897823bb265a7bc9?s=96&d=mm&r=g","contentUrl":"https:\/\/secure.gravatar.com\/avatar\/d9cce0db1146844098d0ec7fae94551015c4ff78117aab56897823bb265a7bc9?s=96&d=mm&r=g","caption":"olivierb"},"url":"https:\/\/regions-snetap-fsu.fr\/na\/author\/olivierb\/"}]}},"_links":{"self":[{"href":"https:\/\/regions-snetap-fsu.fr\/na\/wp-json\/wp\/v2\/posts\/3722","targetHints":{"allow":["GET"]}}],"collection":[{"href":"https:\/\/regions-snetap-fsu.fr\/na\/wp-json\/wp\/v2\/posts"}],"about":[{"href":"https:\/\/regions-snetap-fsu.fr\/na\/wp-json\/wp\/v2\/types\/post"}],"author":[{"embeddable":true,"href":"https:\/\/regions-snetap-fsu.fr\/na\/wp-json\/wp\/v2\/users\/128"}],"replies":[{"embeddable":true,"href":"https:\/\/regions-snetap-fsu.fr\/na\/wp-json\/wp\/v2\/comments?post=3722"}],"version-history":[{"count":1,"href":"https:\/\/regions-snetap-fsu.fr\/na\/wp-json\/wp\/v2\/posts\/3722\/revisions"}],"predecessor-version":[{"id":3725,"href":"https:\/\/regions-snetap-fsu.fr\/na\/wp-json\/wp\/v2\/posts\/3722\/revisions\/3725"}],"wp:featuredmedia":[{"embeddable":true,"href":"https:\/\/regions-snetap-fsu.fr\/na\/wp-json\/wp\/v2\/media\/3724"}],"wp:attachment":[{"href":"https:\/\/regions-snetap-fsu.fr\/na\/wp-json\/wp\/v2\/media?parent=3722"}],"wp:term":[{"taxonomy":"category","embeddable":true,"href":"https:\/\/regions-snetap-fsu.fr\/na\/wp-json\/wp\/v2\/categories?post=3722"},{"taxonomy":"post_tag","embeddable":true,"href":"https:\/\/regions-snetap-fsu.fr\/na\/wp-json\/wp\/v2\/tags?post=3722"},{"taxonomy":"post_folder","embeddable":true,"href":"https:\/\/regions-snetap-fsu.fr\/na\/wp-json\/wp\/v2\/post_folder?post=3722"}],"curies":[{"name":"wp","href":"https:\/\/api.w.org\/{rel}","templated":true}]}}