{"id":3678,"date":"2024-06-14T20:25:48","date_gmt":"2024-06-14T18:25:48","guid":{"rendered":"https:\/\/regions-snetap-fsu.fr\/na\/?p=3678"},"modified":"2024-06-14T20:32:07","modified_gmt":"2024-06-14T18:32:07","slug":"face-a-lurgence-se-mobiliser-contre-lextreme-droite","status":"publish","type":"post","link":"https:\/\/regions-snetap-fsu.fr\/na\/2024\/06\/14\/face-a-lurgence-se-mobiliser-contre-lextreme-droite\/","title":{"rendered":"FACE A L&rsquo;URGENCE : SE MOBILISER CONTRE L&rsquo;EXTREME DROITE"},"content":{"rendered":"<p><img fetchpriority=\"high\" decoding=\"async\" class=\"wp-image-3679 aligncenter\" src=\"https:\/\/regions-snetap-fsu.fr\/na\/wp-content\/uploads\/sites\/3\/2024\/06\/VS-ED-VISUEL-X-800x450-1-300x169.png\" alt=\"\" width=\"685\" height=\"386\" srcset=\"https:\/\/regions-snetap-fsu.fr\/na\/wp-content\/uploads\/sites\/3\/2024\/06\/VS-ED-VISUEL-X-800x450-1-300x169.png 300w, https:\/\/regions-snetap-fsu.fr\/na\/wp-content\/uploads\/sites\/3\/2024\/06\/VS-ED-VISUEL-X-800x450-1-768x432.png 768w, https:\/\/regions-snetap-fsu.fr\/na\/wp-content\/uploads\/sites\/3\/2024\/06\/VS-ED-VISUEL-X-800x450-1.png 800w\" sizes=\"(max-width: 685px) 100vw, 685px\" \/><\/p>\n<p>&nbsp;<\/p>\n<p><span style=\"color: #000000\"><span style=\"font-family: Arial, sans-serif\"><span style=\"font-size: medium\">Les r\u00e9sultats de l\u2019extr\u00eame droite aux \u00e9lections europ\u00e9ennes de dimanche et la d\u00e9cision pr\u00e9sidentielle de dissoudre l\u2019Assembl\u00e9e Nationale ont sonn\u00e9 comme un coup de tonnerre.<\/span><\/span><\/span><\/p>\n<p><span style=\"color: #000000\"><span style=\"font-family: Arial, sans-serif\"><span style=\"font-size: medium\"><strong><span style=\"color: #ff6600\">Le SNETAP-FSU avec la FSU, aux c\u00f4t\u00e9s des organisations syndicales et du mouvement social, pointent l\u2019urgence d\u2019agir ensemble pour conjurer l\u2019arriv\u00e9e de l\u2019extr\u00eame droite<\/span><\/strong> aux plus hautes responsabilit\u00e9s du pays. Pour la FSU, le 8 juillet au matin ne peut pas \u00eatre le jour de la victoire de l\u2019extr\u00eame droite et elle mettra tout en \u0153uvre pour obtenir la victoire du camp du progr\u00e8s social <\/span><\/span><\/span><\/p>\n<p><span style=\"color: #000000\"><span style=\"font-family: Arial, sans-serif\"><span style=\"font-size: medium\">Si la bataille se jouera dans les urnes le 30 juin et le 7 juillet, il est n\u00e9cessaire de se mobiliser d\u00e8s \u00e0 pr\u00e9sent pour faire entendre notre voix.<\/span><\/span><\/span><\/p>\n<p><span style=\"color: #000000\"><span style=\"font-family: Arial, sans-serif\"><span style=\"font-size: medium\"><span style=\"color: #ff6600\"><strong>C\u2019est pourquoi le SNETAP et la FSU appellent les agent.e.s \u00e0 manifester le plus largement possible ce week-end<\/strong><\/span> pour porter la n\u00e9cessit\u00e9 d\u2019alternatives de progr\u00e8s, pour les services publics, l\u2019annulation de la r\u00e9forme des retraite, de l\u2019assurance ch\u00f4mage et l\u2019augmentation des salaires. <\/span><\/span><\/span><\/p>\n<h2 class=\"western\"><span style=\"color: #ff0000;font-family: Arial, sans-serif\"><span style=\"font-size: medium\"><b>Retrouvez ci-dessous les lieux et horaires des principales manifestations dans le Sud Ouest :<\/b><\/span><\/span><span style=\"color: #ff0000;font-family: Arial, sans-serif\"><span style=\"font-size: medium\"><b><br \/>\n<\/b><\/span><\/span> <span style=\"color: #000000\"><b><span style=\"font-family: Arial, sans-serif;font-size: medium\">&#8211;<\/span><\/b><span style=\"font-family: Arial, sans-serif\"><span style=\"font-size: medium\"><b> Agen<\/b>, samedi 15 juin \u00e0 14 heures, place Jasmin<\/span><\/span><\/span><br \/>\n<b><span style=\"color: #000000\"><span style=\"font-family: Arial, sans-serif\"><span style=\"font-size: medium\">&#8211; <\/span><\/span><\/span><\/b><span style=\"color: #000000\"><span style=\"font-family: Arial, sans-serif\"><span style=\"font-size: medium\"><b>Bayonne, <\/b>samedi 15 juin \u00e0 11h, place Sainte-Ursule, pr\u00e8s de la gare<\/span><\/span><\/span><br \/>\n<span style=\"color: #000000\"><span style=\"font-family: Arial, sans-serif\"><span style=\"font-size: medium\"><b>&#8211; Bordeaux<\/b>, samedi 15 juin \u00e0 14 heures place de la Bourse<\/span><\/span><\/span><br \/>\n<span style=\"color: #000000\"><span style=\"font-family: Arial, sans-serif\"><span style=\"font-size: medium\"><b>&#8211; <\/b><b>Dax<\/b>, samedi 15 juin \u00e0 11 heures devant la mairie<\/span><\/span><\/span><br \/>\n<span style=\"color: #000000\"><span style=\"font-family: Arial, sans-serif\"><span style=\"font-size: medium\"><b>&#8211; La Rochelle<\/b>, samedi15 juin \u00e0 10 h 30, place de l\u2019h\u00f4tel de ville<\/span><\/span><\/span><br \/>\n<span style=\"color: #000000\"><span style=\"font-family: Arial, sans-serif\"><span style=\"font-size: medium\"><b>&#8211; Pau<\/b>, samedi 15 juin \u00e0 11 heures place de Verdun<\/span><\/span><\/span><br \/>\n<span style=\"color: #000000\"><span style=\"font-family: Arial, sans-serif\"><span style=\"font-size: medium\"><b>&#8211; P\u00e9rigueux<\/b>, samedi 15 juin \u00e0 10 h 30 devant le palais de justice<\/span><\/span><\/span><br \/>\n<span style=\"color: #000000\"><span style=\"font-family: Arial, sans-serif\"><span style=\"font-size: medium\"><b>&#8211; Saintes<\/b>, samedi15 juin \u00e0 10 h 30 devant le palais de justice<\/span><\/span><\/span><\/h2>\n<p>&nbsp;<\/p>\n<h2 class=\"western\"><\/h2>\n","protected":false},"excerpt":{"rendered":"<p>&nbsp; Les r\u00e9sultats de l\u2019extr\u00eame droite aux \u00e9lections europ\u00e9ennes de dimanche et la d\u00e9cision pr\u00e9sidentielle de dissoudre l\u2019Assembl\u00e9e Nationale ont sonn\u00e9 comme un coup de tonnerre. Le SNETAP-FSU avec la FSU, aux c\u00f4t\u00e9s des organisations syndicales et du mouvement social, pointent l\u2019urgence d\u2019agir ensemble pour conjurer l\u2019arriv\u00e9e de l\u2019extr\u00eame droite aux plus hautes responsabilit\u00e9s du [&hellip;]<\/p>\n","protected":false},"author":128,"featured_media":3681,"comment_status":"closed","ping_status":"closed","sticky":false,"template":"","format":"standard","meta":{"ocean_post_layout":"","ocean_both_sidebars_style":"","ocean_both_sidebars_content_width":0,"ocean_both_sidebars_sidebars_width":0,"ocean_sidebar":"","ocean_second_sidebar":"","ocean_disable_margins":"enable","ocean_add_body_class":"","ocean_shortcode_before_top_bar":"","ocean_shortcode_after_top_bar":"","ocean_shortcode_before_header":"","ocean_shortcode_after_header":"","ocean_has_shortcode":"","ocean_shortcode_after_title":"","ocean_shortcode_before_footer_widgets":"","ocean_shortcode_after_footer_widgets":"","ocean_shortcode_before_footer_bottom":"","ocean_shortcode_after_footer_bottom":"","ocean_display_top_bar":"default","ocean_display_header":"default","ocean_header_style":"","ocean_center_header_left_menu":"","ocean_custom_header_template":"","ocean_custom_logo":0,"ocean_custom_retina_logo":0,"ocean_custom_logo_max_width":0,"ocean_custom_logo_tablet_max_width":0,"ocean_custom_logo_mobile_max_width":0,"ocean_custom_logo_max_height":0,"ocean_custom_logo_tablet_max_height":0,"ocean_custom_logo_mobile_max_height":0,"ocean_header_custom_menu":"","ocean_menu_typo_font_family":"","ocean_menu_typo_font_subset":"","ocean_menu_typo_font_size":0,"ocean_menu_typo_font_size_tablet":0,"ocean_menu_typo_font_size_mobile":0,"ocean_menu_typo_font_size_unit":"px","ocean_menu_typo_font_weight":"","ocean_menu_typo_font_weight_tablet":"","ocean_menu_typo_font_weight_mobile":"","ocean_menu_typo_transform":"","ocean_menu_typo_transform_tablet":"","ocean_menu_typo_transform_mobile":"","ocean_menu_typo_line_height":0,"ocean_menu_typo_line_height_tablet":0,"ocean_menu_typo_line_height_mobile":0,"ocean_menu_typo_line_height_unit":"","ocean_menu_typo_spacing":0,"ocean_menu_typo_spacing_tablet":0,"ocean_menu_typo_spacing_mobile":0,"ocean_menu_typo_spacing_unit":"","ocean_menu_link_color":"","ocean_menu_link_color_hover":"","ocean_menu_link_color_active":"","ocean_menu_link_background":"","ocean_menu_link_hover_background":"","ocean_menu_link_active_background":"","ocean_menu_social_links_bg":"","ocean_menu_social_hover_links_bg":"","ocean_menu_social_links_color":"","ocean_menu_social_hover_links_color":"","ocean_disable_title":"default","ocean_disable_heading":"default","ocean_post_title":"","ocean_post_subheading":"","ocean_post_title_style":"","ocean_post_title_background_color":"","ocean_post_title_background":0,"ocean_post_title_bg_image_position":"","ocean_post_title_bg_image_attachment":"","ocean_post_title_bg_image_repeat":"","ocean_post_title_bg_image_size":"","ocean_post_title_height":0,"ocean_post_title_bg_overlay":0.5,"ocean_post_title_bg_overlay_color":"","ocean_disable_breadcrumbs":"default","ocean_breadcrumbs_color":"","ocean_breadcrumbs_separator_color":"","ocean_breadcrumbs_links_color":"","ocean_breadcrumbs_links_hover_color":"","ocean_display_footer_widgets":"default","ocean_display_footer_bottom":"default","ocean_custom_footer_template":"","ocean_post_oembed":"","ocean_post_self_hosted_media":"","ocean_post_video_embed":"","ocean_link_format":"","ocean_link_format_target":"self","ocean_quote_format":"","ocean_quote_format_link":"post","ocean_gallery_link_images":"on","ocean_gallery_id":[],"footnotes":""},"categories":[1],"tags":[],"post_folder":[],"class_list":["post-3678","post","type-post","status-publish","format-standard","has-post-thumbnail","hentry","category-message-de-service","entry","has-media"],"yoast_head":"<!-- This site is optimized with the Yoast SEO plugin v27.4 - https:\/\/yoast.com\/product\/yoast-seo-wordpress\/ -->\n<title>FACE A L&#039;URGENCE : SE MOBILISER CONTRE L&#039;EXTREME DROITE - NOUVELLE AQUITAINE<\/title>\n<meta name=\"robots\" content=\"index, follow, max-snippet:-1, max-image-preview:large, max-video-preview:-1\" \/>\n<link rel=\"canonical\" href=\"https:\/\/regions-snetap-fsu.fr\/na\/2024\/06\/14\/face-a-lurgence-se-mobiliser-contre-lextreme-droite\/\" \/>\n<meta property=\"og:locale\" content=\"fr_FR\" \/>\n<meta property=\"og:type\" content=\"article\" \/>\n<meta property=\"og:title\" content=\"FACE A L&#039;URGENCE : SE MOBILISER CONTRE L&#039;EXTREME DROITE - NOUVELLE AQUITAINE\" \/>\n<meta property=\"og:description\" content=\"&nbsp; Les r\u00e9sultats de l\u2019extr\u00eame droite aux \u00e9lections europ\u00e9ennes de dimanche et la d\u00e9cision pr\u00e9sidentielle de dissoudre l\u2019Assembl\u00e9e Nationale ont sonn\u00e9 comme un coup de tonnerre. Le SNETAP-FSU avec la FSU, aux c\u00f4t\u00e9s des organisations syndicales et du mouvement social, pointent l\u2019urgence d\u2019agir ensemble pour conjurer l\u2019arriv\u00e9e de l\u2019extr\u00eame droite aux plus hautes responsabilit\u00e9s du [&hellip;]\" \/>\n<meta property=\"og:url\" content=\"https:\/\/regions-snetap-fsu.fr\/na\/2024\/06\/14\/face-a-lurgence-se-mobiliser-contre-lextreme-droite\/\" \/>\n<meta property=\"og:site_name\" content=\"NOUVELLE AQUITAINE\" \/>\n<meta property=\"article:published_time\" content=\"2024-06-14T18:25:48+00:00\" \/>\n<meta property=\"article:modified_time\" content=\"2024-06-14T18:32:07+00:00\" \/>\n<meta property=\"og:image\" content=\"https:\/\/regions-snetap-fsu.fr\/na\/wp-content\/uploads\/sites\/3\/2024\/06\/VS-ED-VISUEL-X-bis.jpg\" \/>\n\t<meta property=\"og:image:width\" content=\"417\" \/>\n\t<meta property=\"og:image:height\" content=\"322\" \/>\n\t<meta property=\"og:image:type\" content=\"image\/jpeg\" \/>\n<meta name=\"author\" content=\"olivierb\" \/>\n<meta name=\"twitter:card\" content=\"summary_large_image\" \/>\n<meta name=\"twitter:label1\" content=\"\u00c9crit par\" \/>\n\t<meta name=\"twitter:data1\" content=\"olivierb\" \/>\n\t<meta name=\"twitter:label2\" content=\"Dur\u00e9e de lecture estim\u00e9e\" \/>\n\t<meta name=\"twitter:data2\" content=\"1 minute\" \/>\n<script type=\"application\/ld+json\" class=\"yoast-schema-graph\">{\"@context\":\"https:\\\/\\\/schema.org\",\"@graph\":[{\"@type\":\"Article\",\"@id\":\"https:\\\/\\\/regions-snetap-fsu.fr\\\/na\\\/2024\\\/06\\\/14\\\/face-a-lurgence-se-mobiliser-contre-lextreme-droite\\\/#article\",\"isPartOf\":{\"@id\":\"https:\\\/\\\/regions-snetap-fsu.fr\\\/na\\\/2024\\\/06\\\/14\\\/face-a-lurgence-se-mobiliser-contre-lextreme-droite\\\/\"},\"author\":{\"name\":\"olivierb\",\"@id\":\"https:\\\/\\\/regions-snetap-fsu.fr\\\/na\\\/#\\\/schema\\\/person\\\/bdf1c4fe149dcf915601f9de85ba379f\"},\"headline\":\"FACE A L&rsquo;URGENCE : SE MOBILISER CONTRE L&rsquo;EXTREME DROITE\",\"datePublished\":\"2024-06-14T18:25:48+00:00\",\"dateModified\":\"2024-06-14T18:32:07+00:00\",\"mainEntityOfPage\":{\"@id\":\"https:\\\/\\\/regions-snetap-fsu.fr\\\/na\\\/2024\\\/06\\\/14\\\/face-a-lurgence-se-mobiliser-contre-lextreme-droite\\\/\"},\"wordCount\":293,\"publisher\":{\"@id\":\"https:\\\/\\\/regions-snetap-fsu.fr\\\/na\\\/#organization\"},\"image\":{\"@id\":\"https:\\\/\\\/regions-snetap-fsu.fr\\\/na\\\/2024\\\/06\\\/14\\\/face-a-lurgence-se-mobiliser-contre-lextreme-droite\\\/#primaryimage\"},\"thumbnailUrl\":\"https:\\\/\\\/regions-snetap-fsu.fr\\\/na\\\/wp-content\\\/uploads\\\/sites\\\/3\\\/2024\\\/06\\\/VS-ED-VISUEL-X-bis.jpg\",\"articleSection\":[\"Message de service\"],\"inLanguage\":\"fr-FR\"},{\"@type\":\"WebPage\",\"@id\":\"https:\\\/\\\/regions-snetap-fsu.fr\\\/na\\\/2024\\\/06\\\/14\\\/face-a-lurgence-se-mobiliser-contre-lextreme-droite\\\/\",\"url\":\"https:\\\/\\\/regions-snetap-fsu.fr\\\/na\\\/2024\\\/06\\\/14\\\/face-a-lurgence-se-mobiliser-contre-lextreme-droite\\\/\",\"name\":\"FACE A L'URGENCE : SE MOBILISER CONTRE L'EXTREME DROITE - NOUVELLE AQUITAINE\",\"isPartOf\":{\"@id\":\"https:\\\/\\\/regions-snetap-fsu.fr\\\/na\\\/#website\"},\"primaryImageOfPage\":{\"@id\":\"https:\\\/\\\/regions-snetap-fsu.fr\\\/na\\\/2024\\\/06\\\/14\\\/face-a-lurgence-se-mobiliser-contre-lextreme-droite\\\/#primaryimage\"},\"image\":{\"@id\":\"https:\\\/\\\/regions-snetap-fsu.fr\\\/na\\\/2024\\\/06\\\/14\\\/face-a-lurgence-se-mobiliser-contre-lextreme-droite\\\/#primaryimage\"},\"thumbnailUrl\":\"https:\\\/\\\/regions-snetap-fsu.fr\\\/na\\\/wp-content\\\/uploads\\\/sites\\\/3\\\/2024\\\/06\\\/VS-ED-VISUEL-X-bis.jpg\",\"datePublished\":\"2024-06-14T18:25:48+00:00\",\"dateModified\":\"2024-06-14T18:32:07+00:00\",\"breadcrumb\":{\"@id\":\"https:\\\/\\\/regions-snetap-fsu.fr\\\/na\\\/2024\\\/06\\\/14\\\/face-a-lurgence-se-mobiliser-contre-lextreme-droite\\\/#breadcrumb\"},\"inLanguage\":\"fr-FR\",\"potentialAction\":[{\"@type\":\"ReadAction\",\"target\":[\"https:\\\/\\\/regions-snetap-fsu.fr\\\/na\\\/2024\\\/06\\\/14\\\/face-a-lurgence-se-mobiliser-contre-lextreme-droite\\\/\"]}]},{\"@type\":\"ImageObject\",\"inLanguage\":\"fr-FR\",\"@id\":\"https:\\\/\\\/regions-snetap-fsu.fr\\\/na\\\/2024\\\/06\\\/14\\\/face-a-lurgence-se-mobiliser-contre-lextreme-droite\\\/#primaryimage\",\"url\":\"https:\\\/\\\/regions-snetap-fsu.fr\\\/na\\\/wp-content\\\/uploads\\\/sites\\\/3\\\/2024\\\/06\\\/VS-ED-VISUEL-X-bis.jpg\",\"contentUrl\":\"https:\\\/\\\/regions-snetap-fsu.fr\\\/na\\\/wp-content\\\/uploads\\\/sites\\\/3\\\/2024\\\/06\\\/VS-ED-VISUEL-X-bis.jpg\",\"width\":417,\"height\":322},{\"@type\":\"BreadcrumbList\",\"@id\":\"https:\\\/\\\/regions-snetap-fsu.fr\\\/na\\\/2024\\\/06\\\/14\\\/face-a-lurgence-se-mobiliser-contre-lextreme-droite\\\/#breadcrumb\",\"itemListElement\":[{\"@type\":\"ListItem\",\"position\":1,\"name\":\"Accueil\",\"item\":\"https:\\\/\\\/regions-snetap-fsu.fr\\\/na\\\/\"},{\"@type\":\"ListItem\",\"position\":2,\"name\":\"FACE A L&rsquo;URGENCE : SE MOBILISER CONTRE L&rsquo;EXTREME DROITE\"}]},{\"@type\":\"WebSite\",\"@id\":\"https:\\\/\\\/regions-snetap-fsu.fr\\\/na\\\/#website\",\"url\":\"https:\\\/\\\/regions-snetap-fsu.fr\\\/na\\\/\",\"name\":\"SNETAP-FSU NOUVELLE AQUITAINE\",\"description\":\"Blog de la Section R\u00e9gionale\",\"publisher\":{\"@id\":\"https:\\\/\\\/regions-snetap-fsu.fr\\\/na\\\/#organization\"},\"potentialAction\":[{\"@type\":\"SearchAction\",\"target\":{\"@type\":\"EntryPoint\",\"urlTemplate\":\"https:\\\/\\\/regions-snetap-fsu.fr\\\/na\\\/?s={search_term_string}\"},\"query-input\":{\"@type\":\"PropertyValueSpecification\",\"valueRequired\":true,\"valueName\":\"search_term_string\"}}],\"inLanguage\":\"fr-FR\"},{\"@type\":\"Organization\",\"@id\":\"https:\\\/\\\/regions-snetap-fsu.fr\\\/na\\\/#organization\",\"name\":\"SNETAP-FSU - Nouvelle Aquitaine\",\"url\":\"https:\\\/\\\/regions-snetap-fsu.fr\\\/na\\\/\",\"logo\":{\"@type\":\"ImageObject\",\"inLanguage\":\"fr-FR\",\"@id\":\"https:\\\/\\\/regions-snetap-fsu.fr\\\/na\\\/#\\\/schema\\\/logo\\\/image\\\/\",\"url\":\"https:\\\/\\\/regions-snetap-fsu.fr\\\/na\\\/wp-content\\\/uploads\\\/sites\\\/3\\\/2020\\\/12\\\/SNETAP-Logo.jpg\",\"contentUrl\":\"https:\\\/\\\/regions-snetap-fsu.fr\\\/na\\\/wp-content\\\/uploads\\\/sites\\\/3\\\/2020\\\/12\\\/SNETAP-Logo.jpg\",\"width\":464,\"height\":334,\"caption\":\"SNETAP-FSU - Nouvelle Aquitaine\"},\"image\":{\"@id\":\"https:\\\/\\\/regions-snetap-fsu.fr\\\/na\\\/#\\\/schema\\\/logo\\\/image\\\/\"}},{\"@type\":\"Person\",\"@id\":\"https:\\\/\\\/regions-snetap-fsu.fr\\\/na\\\/#\\\/schema\\\/person\\\/bdf1c4fe149dcf915601f9de85ba379f\",\"name\":\"olivierb\",\"image\":{\"@type\":\"ImageObject\",\"inLanguage\":\"fr-FR\",\"@id\":\"https:\\\/\\\/secure.gravatar.com\\\/avatar\\\/d9cce0db1146844098d0ec7fae94551015c4ff78117aab56897823bb265a7bc9?s=96&d=mm&r=g\",\"url\":\"https:\\\/\\\/secure.gravatar.com\\\/avatar\\\/d9cce0db1146844098d0ec7fae94551015c4ff78117aab56897823bb265a7bc9?s=96&d=mm&r=g\",\"contentUrl\":\"https:\\\/\\\/secure.gravatar.com\\\/avatar\\\/d9cce0db1146844098d0ec7fae94551015c4ff78117aab56897823bb265a7bc9?s=96&d=mm&r=g\",\"caption\":\"olivierb\"},\"url\":\"https:\\\/\\\/regions-snetap-fsu.fr\\\/na\\\/author\\\/olivierb\\\/\"}]}<\/script>\n<!-- \/ Yoast SEO plugin. -->","yoast_head_json":{"title":"FACE A L'URGENCE : SE MOBILISER CONTRE L'EXTREME DROITE - NOUVELLE AQUITAINE","robots":{"index":"index","follow":"follow","max-snippet":"max-snippet:-1","max-image-preview":"max-image-preview:large","max-video-preview":"max-video-preview:-1"},"canonical":"https:\/\/regions-snetap-fsu.fr\/na\/2024\/06\/14\/face-a-lurgence-se-mobiliser-contre-lextreme-droite\/","og_locale":"fr_FR","og_type":"article","og_title":"FACE A L'URGENCE : SE MOBILISER CONTRE L'EXTREME DROITE - NOUVELLE AQUITAINE","og_description":"&nbsp; Les r\u00e9sultats de l\u2019extr\u00eame droite aux \u00e9lections europ\u00e9ennes de dimanche et la d\u00e9cision pr\u00e9sidentielle de dissoudre l\u2019Assembl\u00e9e Nationale ont sonn\u00e9 comme un coup de tonnerre. Le SNETAP-FSU avec la FSU, aux c\u00f4t\u00e9s des organisations syndicales et du mouvement social, pointent l\u2019urgence d\u2019agir ensemble pour conjurer l\u2019arriv\u00e9e de l\u2019extr\u00eame droite aux plus hautes responsabilit\u00e9s du [&hellip;]","og_url":"https:\/\/regions-snetap-fsu.fr\/na\/2024\/06\/14\/face-a-lurgence-se-mobiliser-contre-lextreme-droite\/","og_site_name":"NOUVELLE AQUITAINE","article_published_time":"2024-06-14T18:25:48+00:00","article_modified_time":"2024-06-14T18:32:07+00:00","og_image":[{"width":417,"height":322,"url":"https:\/\/regions-snetap-fsu.fr\/na\/wp-content\/uploads\/sites\/3\/2024\/06\/VS-ED-VISUEL-X-bis.jpg","type":"image\/jpeg"}],"author":"olivierb","twitter_card":"summary_large_image","twitter_misc":{"\u00c9crit par":"olivierb","Dur\u00e9e de lecture estim\u00e9e":"1 minute"},"schema":{"@context":"https:\/\/schema.org","@graph":[{"@type":"Article","@id":"https:\/\/regions-snetap-fsu.fr\/na\/2024\/06\/14\/face-a-lurgence-se-mobiliser-contre-lextreme-droite\/#article","isPartOf":{"@id":"https:\/\/regions-snetap-fsu.fr\/na\/2024\/06\/14\/face-a-lurgence-se-mobiliser-contre-lextreme-droite\/"},"author":{"name":"olivierb","@id":"https:\/\/regions-snetap-fsu.fr\/na\/#\/schema\/person\/bdf1c4fe149dcf915601f9de85ba379f"},"headline":"FACE A L&rsquo;URGENCE : SE MOBILISER CONTRE L&rsquo;EXTREME DROITE","datePublished":"2024-06-14T18:25:48+00:00","dateModified":"2024-06-14T18:32:07+00:00","mainEntityOfPage":{"@id":"https:\/\/regions-snetap-fsu.fr\/na\/2024\/06\/14\/face-a-lurgence-se-mobiliser-contre-lextreme-droite\/"},"wordCount":293,"publisher":{"@id":"https:\/\/regions-snetap-fsu.fr\/na\/#organization"},"image":{"@id":"https:\/\/regions-snetap-fsu.fr\/na\/2024\/06\/14\/face-a-lurgence-se-mobiliser-contre-lextreme-droite\/#primaryimage"},"thumbnailUrl":"https:\/\/regions-snetap-fsu.fr\/na\/wp-content\/uploads\/sites\/3\/2024\/06\/VS-ED-VISUEL-X-bis.jpg","articleSection":["Message de service"],"inLanguage":"fr-FR"},{"@type":"WebPage","@id":"https:\/\/regions-snetap-fsu.fr\/na\/2024\/06\/14\/face-a-lurgence-se-mobiliser-contre-lextreme-droite\/","url":"https:\/\/regions-snetap-fsu.fr\/na\/2024\/06\/14\/face-a-lurgence-se-mobiliser-contre-lextreme-droite\/","name":"FACE A L'URGENCE : SE MOBILISER CONTRE L'EXTREME DROITE - NOUVELLE AQUITAINE","isPartOf":{"@id":"https:\/\/regions-snetap-fsu.fr\/na\/#website"},"primaryImageOfPage":{"@id":"https:\/\/regions-snetap-fsu.fr\/na\/2024\/06\/14\/face-a-lurgence-se-mobiliser-contre-lextreme-droite\/#primaryimage"},"image":{"@id":"https:\/\/regions-snetap-fsu.fr\/na\/2024\/06\/14\/face-a-lurgence-se-mobiliser-contre-lextreme-droite\/#primaryimage"},"thumbnailUrl":"https:\/\/regions-snetap-fsu.fr\/na\/wp-content\/uploads\/sites\/3\/2024\/06\/VS-ED-VISUEL-X-bis.jpg","datePublished":"2024-06-14T18:25:48+00:00","dateModified":"2024-06-14T18:32:07+00:00","breadcrumb":{"@id":"https:\/\/regions-snetap-fsu.fr\/na\/2024\/06\/14\/face-a-lurgence-se-mobiliser-contre-lextreme-droite\/#breadcrumb"},"inLanguage":"fr-FR","potentialAction":[{"@type":"ReadAction","target":["https:\/\/regions-snetap-fsu.fr\/na\/2024\/06\/14\/face-a-lurgence-se-mobiliser-contre-lextreme-droite\/"]}]},{"@type":"ImageObject","inLanguage":"fr-FR","@id":"https:\/\/regions-snetap-fsu.fr\/na\/2024\/06\/14\/face-a-lurgence-se-mobiliser-contre-lextreme-droite\/#primaryimage","url":"https:\/\/regions-snetap-fsu.fr\/na\/wp-content\/uploads\/sites\/3\/2024\/06\/VS-ED-VISUEL-X-bis.jpg","contentUrl":"https:\/\/regions-snetap-fsu.fr\/na\/wp-content\/uploads\/sites\/3\/2024\/06\/VS-ED-VISUEL-X-bis.jpg","width":417,"height":322},{"@type":"BreadcrumbList","@id":"https:\/\/regions-snetap-fsu.fr\/na\/2024\/06\/14\/face-a-lurgence-se-mobiliser-contre-lextreme-droite\/#breadcrumb","itemListElement":[{"@type":"ListItem","position":1,"name":"Accueil","item":"https:\/\/regions-snetap-fsu.fr\/na\/"},{"@type":"ListItem","position":2,"name":"FACE A L&rsquo;URGENCE : SE MOBILISER CONTRE L&rsquo;EXTREME DROITE"}]},{"@type":"WebSite","@id":"https:\/\/regions-snetap-fsu.fr\/na\/#website","url":"https:\/\/regions-snetap-fsu.fr\/na\/","name":"SNETAP-FSU NOUVELLE AQUITAINE","description":"Blog de la Section R\u00e9gionale","publisher":{"@id":"https:\/\/regions-snetap-fsu.fr\/na\/#organization"},"potentialAction":[{"@type":"SearchAction","target":{"@type":"EntryPoint","urlTemplate":"https:\/\/regions-snetap-fsu.fr\/na\/?s={search_term_string}"},"query-input":{"@type":"PropertyValueSpecification","valueRequired":true,"valueName":"search_term_string"}}],"inLanguage":"fr-FR"},{"@type":"Organization","@id":"https:\/\/regions-snetap-fsu.fr\/na\/#organization","name":"SNETAP-FSU - Nouvelle Aquitaine","url":"https:\/\/regions-snetap-fsu.fr\/na\/","logo":{"@type":"ImageObject","inLanguage":"fr-FR","@id":"https:\/\/regions-snetap-fsu.fr\/na\/#\/schema\/logo\/image\/","url":"https:\/\/regions-snetap-fsu.fr\/na\/wp-content\/uploads\/sites\/3\/2020\/12\/SNETAP-Logo.jpg","contentUrl":"https:\/\/regions-snetap-fsu.fr\/na\/wp-content\/uploads\/sites\/3\/2020\/12\/SNETAP-Logo.jpg","width":464,"height":334,"caption":"SNETAP-FSU - Nouvelle Aquitaine"},"image":{"@id":"https:\/\/regions-snetap-fsu.fr\/na\/#\/schema\/logo\/image\/"}},{"@type":"Person","@id":"https:\/\/regions-snetap-fsu.fr\/na\/#\/schema\/person\/bdf1c4fe149dcf915601f9de85ba379f","name":"olivierb","image":{"@type":"ImageObject","inLanguage":"fr-FR","@id":"https:\/\/secure.gravatar.com\/avatar\/d9cce0db1146844098d0ec7fae94551015c4ff78117aab56897823bb265a7bc9?s=96&d=mm&r=g","url":"https:\/\/secure.gravatar.com\/avatar\/d9cce0db1146844098d0ec7fae94551015c4ff78117aab56897823bb265a7bc9?s=96&d=mm&r=g","contentUrl":"https:\/\/secure.gravatar.com\/avatar\/d9cce0db1146844098d0ec7fae94551015c4ff78117aab56897823bb265a7bc9?s=96&d=mm&r=g","caption":"olivierb"},"url":"https:\/\/regions-snetap-fsu.fr\/na\/author\/olivierb\/"}]}},"_links":{"self":[{"href":"https:\/\/regions-snetap-fsu.fr\/na\/wp-json\/wp\/v2\/posts\/3678","targetHints":{"allow":["GET"]}}],"collection":[{"href":"https:\/\/regions-snetap-fsu.fr\/na\/wp-json\/wp\/v2\/posts"}],"about":[{"href":"https:\/\/regions-snetap-fsu.fr\/na\/wp-json\/wp\/v2\/types\/post"}],"author":[{"embeddable":true,"href":"https:\/\/regions-snetap-fsu.fr\/na\/wp-json\/wp\/v2\/users\/128"}],"replies":[{"embeddable":true,"href":"https:\/\/regions-snetap-fsu.fr\/na\/wp-json\/wp\/v2\/comments?post=3678"}],"version-history":[{"count":1,"href":"https:\/\/regions-snetap-fsu.fr\/na\/wp-json\/wp\/v2\/posts\/3678\/revisions"}],"predecessor-version":[{"id":3680,"href":"https:\/\/regions-snetap-fsu.fr\/na\/wp-json\/wp\/v2\/posts\/3678\/revisions\/3680"}],"wp:featuredmedia":[{"embeddable":true,"href":"https:\/\/regions-snetap-fsu.fr\/na\/wp-json\/wp\/v2\/media\/3681"}],"wp:attachment":[{"href":"https:\/\/regions-snetap-fsu.fr\/na\/wp-json\/wp\/v2\/media?parent=3678"}],"wp:term":[{"taxonomy":"category","embeddable":true,"href":"https:\/\/regions-snetap-fsu.fr\/na\/wp-json\/wp\/v2\/categories?post=3678"},{"taxonomy":"post_tag","embeddable":true,"href":"https:\/\/regions-snetap-fsu.fr\/na\/wp-json\/wp\/v2\/tags?post=3678"},{"taxonomy":"post_folder","embeddable":true,"href":"https:\/\/regions-snetap-fsu.fr\/na\/wp-json\/wp\/v2\/post_folder?post=3678"}],"curies":[{"name":"wp","href":"https:\/\/api.w.org\/{rel}","templated":true}]}}