{"id":3668,"date":"2024-06-03T01:42:43","date_gmt":"2024-06-02T23:42:43","guid":{"rendered":"https:\/\/regions-snetap-fsu.fr\/na\/?p=3668"},"modified":"2024-06-03T02:07:31","modified_gmt":"2024-06-03T00:07:31","slug":"poste-eac-en-danger-le-snetap-fsu-ecrit-a-la-draaf","status":"publish","type":"post","link":"https:\/\/regions-snetap-fsu.fr\/na\/2024\/06\/03\/poste-eac-en-danger-le-snetap-fsu-ecrit-a-la-draaf\/","title":{"rendered":"Poste EAC en danger &#8211; Le SNETAP-FSU \u00e9crit \u00e0 la DRAAF"},"content":{"rendered":"<p align=\"justify\"><strong><span style=\"color: #ff6600\"><span style=\"font-family: Arial, sans-serif\"><span style=\"font-size: medium\">Alors que l&rsquo;enseignement agricole s\u2019appr\u00eate \u00e0 f\u00eater les 60 ans de l\u2019\u00c9ducation Socioculturelle (1965 &#8211; 2025) et que le <\/span><\/span><span style=\"font-family: Arial, sans-serif;font-size: medium\">Minist\u00e8re entend mettre cet anniversaire en avant pour rappeler l\u2019importance de cette discipline pour la r\u00e9ussite des \u00e9l\u00e8ves de l\u2019Enseignement agricole public, la DRAAF Nouvelle Aquitaine, remet en cause, une nouvelle fois, le<\/span><span style=\"font-family: Arial, sans-serif;font-size: medium\"> poste r\u00e9gional de charg\u00e9e de mission \u00e0 l\u2019\u00e9ducation artistique et culturelle (EAC).<\/span><\/span><\/strong><\/p>\n<p align=\"justify\"><span style=\"font-family: Arial, sans-serif\"><span style=\"font-size: medium\">Au milieu des ann\u00e9es 80, la cr\u00e9ation du CRARC (Complexe R\u00e9gional d\u2019Animation Rurale et Culturelle d\u2019Aquitaine). est un \u00e9l\u00e9ment important pour le r\u00e9seau ESC. D\u2019abord rattach\u00e9 \u00e0 l\u2019EPLEFPA de Bordeaux-Gironde, il est tr\u00e8s vite reconnu comme op\u00e9rateur culturel majeur par les partenaires institutionnels et rattach\u00e9 directement \u00e0 la DRAAF. Il est depuis officialis\u00e9 dans la convention quadripartite Conseil R\u00e9gional, DRAAF, DRAC et Rectorat de Bordeaux\u2026<\/span><\/span><\/p>\n<p align=\"justify\"><span style=\"font-family: Arial, sans-serif\"><span style=\"font-size: medium\">En 2004, un poste de charg\u00e9 de mission \u00e0 l\u2019\u00c9ducation Artistique Culturelle (EAC), en lien avec le CRARC, est cr\u00e9\u00e9 \u00e0 la DRAAF Aquitaine afin de r\u00e9pondre de fa\u00e7on structur\u00e9e et concert\u00e9e aux missions d\u2019\u00e9ducation artistique et culturelle de l\u2019Enseignement Agricole Public de la r\u00e9gion. <\/span><\/span><\/p>\n<p align=\"justify\"><span style=\"font-family: Arial, sans-serif\"><span style=\"font-size: medium\">Il accompagne ainsi la mise en \u0153uvre du volet culturel au sein de chaque \u00e9tablissement par un travail de maillage culturel du territoire et en permettant ainsi au plus grand nombre d\u2019\u00e9l\u00e8ves, \u00e9tudiant.es et apprenti.es de participer \u00e0 des projets culturels et artistiques riches et de qualit\u00e9.<\/span><\/span><\/p>\n<p align=\"justify\"><span style=\"font-size: medium\"><span style=\"font-family: Arial, sans-serif\">A la vacance du poste en 2015, le<\/span><span style=\"font-family: Arial, sans-serif\">s services du<\/span><span style=\"font-family: Arial, sans-serif\"> M<\/span><span style=\"font-family: Arial, sans-serif\">inist\u00e8re,<\/span><span style=\"font-family: Arial, sans-serif\"> pr\u00e9textant la non \u00e9quivalence <\/span><span style=\"font-family: Arial, sans-serif\">de ce type de poste <\/span><span style=\"font-family: Arial, sans-serif\">dans d\u2019autres r\u00e9gions, <\/span><span style=\"font-family: Arial, sans-serif\">avaient tent\u00e9 de le faire dispara\u00eetre en <\/span><span style=\"font-family: Arial, sans-serif\">ne <\/span><span style=\"font-family: Arial, sans-serif\">le <\/span><span style=\"font-family: Arial, sans-serif\">mentionna<\/span><span style=\"font-family: Arial, sans-serif\">n<\/span><span style=\"font-family: Arial, sans-serif\">t <\/span><span style=\"font-family: Arial, sans-serif\">pas dans<\/span><span style=\"font-family: Arial, sans-serif\"> la circulaire de mobilit\u00e9. <\/span><span style=\"font-family: Arial, sans-serif\">Mais dans le contexte des 50 ans de l\u2019ESC et <\/span><span style=\"font-family: Arial, sans-serif\">de <\/span><span style=\"font-family: Arial, sans-serif\">la <\/span><span style=\"font-family: Arial, sans-serif\">d\u00e9fense des valeurs r\u00e9publicaines suite aux attentats de janvier 2015, <\/span><span style=\"font-family: Arial, sans-serif\">et f<\/span><span style=\"font-family: Arial, sans-serif\">ace \u00e0 la mobilisation des enseignants d\u2019<\/span><span style=\"font-family: Arial, sans-serif\">ESC<\/span><span style=\"font-family: Arial, sans-serif\">, <\/span><span style=\"font-family: Arial, sans-serif\">des institutions, des partenaires \u00e9ducatifs<\/span> <span style=\"font-family: Arial, sans-serif\">et culturels et des organisations syndicales,<\/span> <span style=\"font-family: Arial, sans-serif\">le Ministre avait finalement arbitr\u00e9 en faveur du maintien du poste. <\/span><span style=\"font-family: Arial, sans-serif\">En partie s<\/span><span style=\"font-family: Arial, sans-serif\">oulag\u00e9s par cette annonce le SNETAP-FSU avait tout de m\u00eame d\u00e9nonc\u00e9 la modification partielle du profil de ce poste. <\/span><\/span><\/p>\n<p align=\"justify\"><span style=\"font-family: Arial, sans-serif\"><span style=\"font-size: medium\">En 2019, lors du d\u00e9part de la personne occupant le poste de charg\u00e9 de mission, celui-ci disparaissait \u00e0 nouveau de la note de mobilit\u00e9. Et une nouvelle fois la mobilisation du r\u00e9seau des ESC de Nouvelle-Aquitaine, l\u2019appui du SNETAP-FSU et le soutien de nombreux acteurs \u00e9ducatifs et culturels, des partenaires et des \u00e9lu.es avaient permis de faire \u00e9voluer la situation. La mission et le r\u00e9seau \u00e9taient maintenus mais uniquement sur une d\u00e9charge \u00e0 mi-temps d\u2019un.e enseignant.e d\u2019ESC.<\/span><\/span><\/p>\n<p align=\"justify\"><span style=\"font-family: Arial, sans-serif\"><span style=\"font-size: medium\">En revanche le Directeur r\u00e9gional s\u2019\u00e9tait engag\u00e9 sur l\u2019ouverture \u00e0 temps plein d\u2019un poste de charg\u00e9 de mission \u00ab Actions culturelles et \u00e9ducatives \u00bb \u00e0 la rentr\u00e9e suivante.<\/span><\/span><\/p>\n<p align=\"justify\"><span style=\"font-family: Arial, sans-serif\"><span style=\"font-size: medium\">On voit aujourd\u2019hui ce que valait cette promesse puisque depuis cette date le poste est rest\u00e9 \u00e0 mi-temps. <\/span><\/span><\/p>\n<p align=\"justify\"><span style=\"color: #000000\"><span style=\"font-family: Arial, sans-serif\"><span style=\"font-size: medium\">Pourtant ce 1\/2 poste a la responsabilit\u00e9 de suivre \u00e0 la fois la politique r\u00e9gionale pour l&rsquo;\u00e9ducation artistique et culturelle (EAC) au titre de la DRAAF, l&rsquo;animation et la coordination des r\u00e9seaux ESC, ainsi que le lien avec le r\u00e9seau national ADC, le pilotage du CRARC et enfin l&rsquo;accompagnement des actions culturelles en \u00e9tablissements\u2026 pour une r\u00e9gion de la taille \u00e9quivalente ou sup\u00e9rieure \u00e0 certains pays europ\u00e9ens et qui compte le plus grand nombre d\u2019\u00e9l\u00e8ves dans l\u2019EAP et le plus grand nombre de lyc\u00e9es et CFA.<\/span><\/span><\/span><\/p>\n<p align=\"justify\"><span style=\"font-family: Arial, sans-serif\"><span style=\"font-size: medium\"><span style=\"color: #000000\">Une situation intenable qui a amen\u00e9 l\u2019agent occupant cette fonction \u00e0 la DRAAF<\/span> <span style=\"color: #000000\">\u00e0<\/span> <span style=\"color: #000000\">annoncer <\/span><span style=\"color: #000000\">qu\u2019il ne reconduirait pas sa candidature \u00e0 la mission <\/span><span style=\"color: #000000\">si <\/span><span style=\"color: #000000\">les conditions <\/span><span style=\"color: #000000\">n\u2019\u00e9voluaient pas<\/span><span style=\"color: #000000\">.<\/span><\/span><\/span><\/p>\n<p align=\"justify\"><span style=\"font-family: Arial, sans-serif\"><span style=\"font-size: medium\">Malgr\u00e9 son engagement du passage \u00e0 temps plein de ce poste de charg\u00e9 de mission et l\u2019annonce d\u2019un ETP sur le BOP 215 pour l\u2019EAC, la DRAAF a finalement d\u00e9cid\u00e9 de ne pas ouvrir ce poste.<\/span><\/span><\/p>\n<p align=\"justify\"><span style=\"font-family: Arial, sans-serif\"><span style=\"font-size: medium\">Ce nouveau renoncement ne sera pas sans cons\u00e9quences puisque le CRARC se trouvera sans animateur \u00e0 la rentr\u00e9e prochaine. C\u2019est un coup port\u00e9 au travail des personnels, \u00e0 l\u2019ensemble des projets men\u00e9s par les \u00e9tablissements, aux partenariats mont\u00e9s et entretenus depuis de nombreuses ann\u00e9es\u2026<\/span><\/span><\/p>\n<p align=\"justify\"><span style=\"font-family: Arial, sans-serif\"><span style=\"font-size: medium\">Aujourd\u2019hui il est urgent que le MAA se d\u00e9cide enfin \u00e0 renforcer de fa\u00e7on p\u00e9renne cet \u00e9chelon r\u00e9gional du dispositif de l\u2019\u00e9ducation socioculturelle en lui donnant les moyens d\u2019\u00eatre un v\u00e9ritable partenaire de la politique r\u00e9gionale en mati\u00e8re d\u2019\u00e9ducation artistique et culturelle.<\/span><\/span><\/p>\n<p align=\"justify\"><span style=\"font-family: Arial, sans-serif;color: #ff6600\"><span style=\"font-size: medium\"><b>Comme les enseignant.es ESC du r\u00e9seau CRARC, le SNETAP-FSU s&rsquo;est adress\u00e9 par courrier \u00e0 la Directrice R\u00e9gionale pour lui demander de revoir sa position et d\u2019ouvrir enfin ce poste de charg\u00e9 de mission EAC \u00e0 temps plein conform\u00e9ment \u00e0 ses engagements et ceux de son pr\u00e9d\u00e9cesseur.<\/b><\/span><\/span><\/p>\n","protected":false},"excerpt":{"rendered":"<p>Alors que l&rsquo;enseignement agricole s\u2019appr\u00eate \u00e0 f\u00eater les 60 ans de l\u2019\u00c9ducation Socioculturelle (1965 &#8211; 2025) et que le Minist\u00e8re entend mettre cet anniversaire en avant pour rappeler l\u2019importance de cette discipline pour la r\u00e9ussite des \u00e9l\u00e8ves de l\u2019Enseignement agricole public, la DRAAF Nouvelle Aquitaine, remet en cause, une nouvelle fois, le poste r\u00e9gional de [&hellip;]<\/p>\n","protected":false},"author":128,"featured_media":3671,"comment_status":"closed","ping_status":"closed","sticky":false,"template":"","format":"standard","meta":{"ocean_post_layout":"","ocean_both_sidebars_style":"","ocean_both_sidebars_content_width":0,"ocean_both_sidebars_sidebars_width":0,"ocean_sidebar":"","ocean_second_sidebar":"","ocean_disable_margins":"enable","ocean_add_body_class":"","ocean_shortcode_before_top_bar":"","ocean_shortcode_after_top_bar":"","ocean_shortcode_before_header":"","ocean_shortcode_after_header":"","ocean_has_shortcode":"","ocean_shortcode_after_title":"","ocean_shortcode_before_footer_widgets":"","ocean_shortcode_after_footer_widgets":"","ocean_shortcode_before_footer_bottom":"","ocean_shortcode_after_footer_bottom":"","ocean_display_top_bar":"default","ocean_display_header":"default","ocean_header_style":"","ocean_center_header_left_menu":"","ocean_custom_header_template":"","ocean_custom_logo":0,"ocean_custom_retina_logo":0,"ocean_custom_logo_max_width":0,"ocean_custom_logo_tablet_max_width":0,"ocean_custom_logo_mobile_max_width":0,"ocean_custom_logo_max_height":0,"ocean_custom_logo_tablet_max_height":0,"ocean_custom_logo_mobile_max_height":0,"ocean_header_custom_menu":"","ocean_menu_typo_font_family":"","ocean_menu_typo_font_subset":"","ocean_menu_typo_font_size":0,"ocean_menu_typo_font_size_tablet":0,"ocean_menu_typo_font_size_mobile":0,"ocean_menu_typo_font_size_unit":"px","ocean_menu_typo_font_weight":"","ocean_menu_typo_font_weight_tablet":"","ocean_menu_typo_font_weight_mobile":"","ocean_menu_typo_transform":"","ocean_menu_typo_transform_tablet":"","ocean_menu_typo_transform_mobile":"","ocean_menu_typo_line_height":0,"ocean_menu_typo_line_height_tablet":0,"ocean_menu_typo_line_height_mobile":0,"ocean_menu_typo_line_height_unit":"","ocean_menu_typo_spacing":0,"ocean_menu_typo_spacing_tablet":0,"ocean_menu_typo_spacing_mobile":0,"ocean_menu_typo_spacing_unit":"","ocean_menu_link_color":"","ocean_menu_link_color_hover":"","ocean_menu_link_color_active":"","ocean_menu_link_background":"","ocean_menu_link_hover_background":"","ocean_menu_link_active_background":"","ocean_menu_social_links_bg":"","ocean_menu_social_hover_links_bg":"","ocean_menu_social_links_color":"","ocean_menu_social_hover_links_color":"","ocean_disable_title":"default","ocean_disable_heading":"default","ocean_post_title":"","ocean_post_subheading":"","ocean_post_title_style":"","ocean_post_title_background_color":"","ocean_post_title_background":0,"ocean_post_title_bg_image_position":"","ocean_post_title_bg_image_attachment":"","ocean_post_title_bg_image_repeat":"","ocean_post_title_bg_image_size":"","ocean_post_title_height":0,"ocean_post_title_bg_overlay":0.5,"ocean_post_title_bg_overlay_color":"","ocean_disable_breadcrumbs":"default","ocean_breadcrumbs_color":"","ocean_breadcrumbs_separator_color":"","ocean_breadcrumbs_links_color":"","ocean_breadcrumbs_links_hover_color":"","ocean_display_footer_widgets":"default","ocean_display_footer_bottom":"default","ocean_custom_footer_template":"","ocean_post_oembed":"","ocean_post_self_hosted_media":"","ocean_post_video_embed":"","ocean_link_format":"","ocean_link_format_target":"self","ocean_quote_format":"","ocean_quote_format_link":"post","ocean_gallery_link_images":"on","ocean_gallery_id":[],"footnotes":""},"categories":[1],"tags":[],"post_folder":[],"class_list":["post-3668","post","type-post","status-publish","format-standard","has-post-thumbnail","hentry","category-message-de-service","entry","has-media"],"yoast_head":"<!-- This site is optimized with the Yoast SEO plugin v27.4 - https:\/\/yoast.com\/product\/yoast-seo-wordpress\/ -->\n<title>Poste EAC en danger - Le SNETAP-FSU \u00e9crit \u00e0 la DRAAF - NOUVELLE AQUITAINE<\/title>\n<meta name=\"robots\" content=\"index, follow, max-snippet:-1, max-image-preview:large, max-video-preview:-1\" \/>\n<link rel=\"canonical\" href=\"https:\/\/regions-snetap-fsu.fr\/na\/2024\/06\/03\/poste-eac-en-danger-le-snetap-fsu-ecrit-a-la-draaf\/\" \/>\n<meta property=\"og:locale\" content=\"fr_FR\" \/>\n<meta property=\"og:type\" content=\"article\" \/>\n<meta property=\"og:title\" content=\"Poste EAC en danger - Le SNETAP-FSU \u00e9crit \u00e0 la DRAAF - NOUVELLE AQUITAINE\" \/>\n<meta property=\"og:description\" content=\"Alors que l&rsquo;enseignement agricole s\u2019appr\u00eate \u00e0 f\u00eater les 60 ans de l\u2019\u00c9ducation Socioculturelle (1965 &#8211; 2025) et que le Minist\u00e8re entend mettre cet anniversaire en avant pour rappeler l\u2019importance de cette discipline pour la r\u00e9ussite des \u00e9l\u00e8ves de l\u2019Enseignement agricole public, la DRAAF Nouvelle Aquitaine, remet en cause, une nouvelle fois, le poste r\u00e9gional de [&hellip;]\" \/>\n<meta property=\"og:url\" content=\"https:\/\/regions-snetap-fsu.fr\/na\/2024\/06\/03\/poste-eac-en-danger-le-snetap-fsu-ecrit-a-la-draaf\/\" \/>\n<meta property=\"og:site_name\" content=\"NOUVELLE AQUITAINE\" \/>\n<meta property=\"article:published_time\" content=\"2024-06-02T23:42:43+00:00\" \/>\n<meta property=\"article:modified_time\" content=\"2024-06-03T00:07:31+00:00\" \/>\n<meta property=\"og:image\" content=\"https:\/\/regions-snetap-fsu.fr\/na\/wp-content\/uploads\/sites\/3\/2024\/06\/Visuel-poste-EAC-bis.jpg\" \/>\n\t<meta property=\"og:image:width\" content=\"212\" \/>\n\t<meta property=\"og:image:height\" content=\"207\" \/>\n\t<meta property=\"og:image:type\" content=\"image\/jpeg\" \/>\n<meta name=\"author\" content=\"olivierb\" \/>\n<meta name=\"twitter:card\" content=\"summary_large_image\" \/>\n<meta name=\"twitter:label1\" content=\"\u00c9crit par\" \/>\n\t<meta name=\"twitter:data1\" content=\"olivierb\" \/>\n\t<meta name=\"twitter:label2\" content=\"Dur\u00e9e de lecture estim\u00e9e\" \/>\n\t<meta name=\"twitter:data2\" content=\"4 minutes\" \/>\n<script type=\"application\/ld+json\" class=\"yoast-schema-graph\">{\"@context\":\"https:\\\/\\\/schema.org\",\"@graph\":[{\"@type\":\"Article\",\"@id\":\"https:\\\/\\\/regions-snetap-fsu.fr\\\/na\\\/2024\\\/06\\\/03\\\/poste-eac-en-danger-le-snetap-fsu-ecrit-a-la-draaf\\\/#article\",\"isPartOf\":{\"@id\":\"https:\\\/\\\/regions-snetap-fsu.fr\\\/na\\\/2024\\\/06\\\/03\\\/poste-eac-en-danger-le-snetap-fsu-ecrit-a-la-draaf\\\/\"},\"author\":{\"name\":\"olivierb\",\"@id\":\"https:\\\/\\\/regions-snetap-fsu.fr\\\/na\\\/#\\\/schema\\\/person\\\/bdf1c4fe149dcf915601f9de85ba379f\"},\"headline\":\"Poste EAC en danger &#8211; Le SNETAP-FSU \u00e9crit \u00e0 la DRAAF\",\"datePublished\":\"2024-06-02T23:42:43+00:00\",\"dateModified\":\"2024-06-03T00:07:31+00:00\",\"mainEntityOfPage\":{\"@id\":\"https:\\\/\\\/regions-snetap-fsu.fr\\\/na\\\/2024\\\/06\\\/03\\\/poste-eac-en-danger-le-snetap-fsu-ecrit-a-la-draaf\\\/\"},\"wordCount\":828,\"publisher\":{\"@id\":\"https:\\\/\\\/regions-snetap-fsu.fr\\\/na\\\/#organization\"},\"image\":{\"@id\":\"https:\\\/\\\/regions-snetap-fsu.fr\\\/na\\\/2024\\\/06\\\/03\\\/poste-eac-en-danger-le-snetap-fsu-ecrit-a-la-draaf\\\/#primaryimage\"},\"thumbnailUrl\":\"https:\\\/\\\/regions-snetap-fsu.fr\\\/na\\\/wp-content\\\/uploads\\\/sites\\\/3\\\/2024\\\/06\\\/Visuel-poste-EAC-bis.jpg\",\"articleSection\":[\"Message de service\"],\"inLanguage\":\"fr-FR\"},{\"@type\":\"WebPage\",\"@id\":\"https:\\\/\\\/regions-snetap-fsu.fr\\\/na\\\/2024\\\/06\\\/03\\\/poste-eac-en-danger-le-snetap-fsu-ecrit-a-la-draaf\\\/\",\"url\":\"https:\\\/\\\/regions-snetap-fsu.fr\\\/na\\\/2024\\\/06\\\/03\\\/poste-eac-en-danger-le-snetap-fsu-ecrit-a-la-draaf\\\/\",\"name\":\"Poste EAC en danger - Le SNETAP-FSU \u00e9crit \u00e0 la DRAAF - NOUVELLE AQUITAINE\",\"isPartOf\":{\"@id\":\"https:\\\/\\\/regions-snetap-fsu.fr\\\/na\\\/#website\"},\"primaryImageOfPage\":{\"@id\":\"https:\\\/\\\/regions-snetap-fsu.fr\\\/na\\\/2024\\\/06\\\/03\\\/poste-eac-en-danger-le-snetap-fsu-ecrit-a-la-draaf\\\/#primaryimage\"},\"image\":{\"@id\":\"https:\\\/\\\/regions-snetap-fsu.fr\\\/na\\\/2024\\\/06\\\/03\\\/poste-eac-en-danger-le-snetap-fsu-ecrit-a-la-draaf\\\/#primaryimage\"},\"thumbnailUrl\":\"https:\\\/\\\/regions-snetap-fsu.fr\\\/na\\\/wp-content\\\/uploads\\\/sites\\\/3\\\/2024\\\/06\\\/Visuel-poste-EAC-bis.jpg\",\"datePublished\":\"2024-06-02T23:42:43+00:00\",\"dateModified\":\"2024-06-03T00:07:31+00:00\",\"breadcrumb\":{\"@id\":\"https:\\\/\\\/regions-snetap-fsu.fr\\\/na\\\/2024\\\/06\\\/03\\\/poste-eac-en-danger-le-snetap-fsu-ecrit-a-la-draaf\\\/#breadcrumb\"},\"inLanguage\":\"fr-FR\",\"potentialAction\":[{\"@type\":\"ReadAction\",\"target\":[\"https:\\\/\\\/regions-snetap-fsu.fr\\\/na\\\/2024\\\/06\\\/03\\\/poste-eac-en-danger-le-snetap-fsu-ecrit-a-la-draaf\\\/\"]}]},{\"@type\":\"ImageObject\",\"inLanguage\":\"fr-FR\",\"@id\":\"https:\\\/\\\/regions-snetap-fsu.fr\\\/na\\\/2024\\\/06\\\/03\\\/poste-eac-en-danger-le-snetap-fsu-ecrit-a-la-draaf\\\/#primaryimage\",\"url\":\"https:\\\/\\\/regions-snetap-fsu.fr\\\/na\\\/wp-content\\\/uploads\\\/sites\\\/3\\\/2024\\\/06\\\/Visuel-poste-EAC-bis.jpg\",\"contentUrl\":\"https:\\\/\\\/regions-snetap-fsu.fr\\\/na\\\/wp-content\\\/uploads\\\/sites\\\/3\\\/2024\\\/06\\\/Visuel-poste-EAC-bis.jpg\",\"width\":212,\"height\":207},{\"@type\":\"BreadcrumbList\",\"@id\":\"https:\\\/\\\/regions-snetap-fsu.fr\\\/na\\\/2024\\\/06\\\/03\\\/poste-eac-en-danger-le-snetap-fsu-ecrit-a-la-draaf\\\/#breadcrumb\",\"itemListElement\":[{\"@type\":\"ListItem\",\"position\":1,\"name\":\"Accueil\",\"item\":\"https:\\\/\\\/regions-snetap-fsu.fr\\\/na\\\/\"},{\"@type\":\"ListItem\",\"position\":2,\"name\":\"Poste EAC en danger &#8211; Le SNETAP-FSU \u00e9crit \u00e0 la DRAAF\"}]},{\"@type\":\"WebSite\",\"@id\":\"https:\\\/\\\/regions-snetap-fsu.fr\\\/na\\\/#website\",\"url\":\"https:\\\/\\\/regions-snetap-fsu.fr\\\/na\\\/\",\"name\":\"SNETAP-FSU NOUVELLE AQUITAINE\",\"description\":\"Blog de la Section R\u00e9gionale\",\"publisher\":{\"@id\":\"https:\\\/\\\/regions-snetap-fsu.fr\\\/na\\\/#organization\"},\"potentialAction\":[{\"@type\":\"SearchAction\",\"target\":{\"@type\":\"EntryPoint\",\"urlTemplate\":\"https:\\\/\\\/regions-snetap-fsu.fr\\\/na\\\/?s={search_term_string}\"},\"query-input\":{\"@type\":\"PropertyValueSpecification\",\"valueRequired\":true,\"valueName\":\"search_term_string\"}}],\"inLanguage\":\"fr-FR\"},{\"@type\":\"Organization\",\"@id\":\"https:\\\/\\\/regions-snetap-fsu.fr\\\/na\\\/#organization\",\"name\":\"SNETAP-FSU - Nouvelle Aquitaine\",\"url\":\"https:\\\/\\\/regions-snetap-fsu.fr\\\/na\\\/\",\"logo\":{\"@type\":\"ImageObject\",\"inLanguage\":\"fr-FR\",\"@id\":\"https:\\\/\\\/regions-snetap-fsu.fr\\\/na\\\/#\\\/schema\\\/logo\\\/image\\\/\",\"url\":\"https:\\\/\\\/regions-snetap-fsu.fr\\\/na\\\/wp-content\\\/uploads\\\/sites\\\/3\\\/2020\\\/12\\\/SNETAP-Logo.jpg\",\"contentUrl\":\"https:\\\/\\\/regions-snetap-fsu.fr\\\/na\\\/wp-content\\\/uploads\\\/sites\\\/3\\\/2020\\\/12\\\/SNETAP-Logo.jpg\",\"width\":464,\"height\":334,\"caption\":\"SNETAP-FSU - Nouvelle Aquitaine\"},\"image\":{\"@id\":\"https:\\\/\\\/regions-snetap-fsu.fr\\\/na\\\/#\\\/schema\\\/logo\\\/image\\\/\"}},{\"@type\":\"Person\",\"@id\":\"https:\\\/\\\/regions-snetap-fsu.fr\\\/na\\\/#\\\/schema\\\/person\\\/bdf1c4fe149dcf915601f9de85ba379f\",\"name\":\"olivierb\",\"image\":{\"@type\":\"ImageObject\",\"inLanguage\":\"fr-FR\",\"@id\":\"https:\\\/\\\/secure.gravatar.com\\\/avatar\\\/d9cce0db1146844098d0ec7fae94551015c4ff78117aab56897823bb265a7bc9?s=96&d=mm&r=g\",\"url\":\"https:\\\/\\\/secure.gravatar.com\\\/avatar\\\/d9cce0db1146844098d0ec7fae94551015c4ff78117aab56897823bb265a7bc9?s=96&d=mm&r=g\",\"contentUrl\":\"https:\\\/\\\/secure.gravatar.com\\\/avatar\\\/d9cce0db1146844098d0ec7fae94551015c4ff78117aab56897823bb265a7bc9?s=96&d=mm&r=g\",\"caption\":\"olivierb\"},\"url\":\"https:\\\/\\\/regions-snetap-fsu.fr\\\/na\\\/author\\\/olivierb\\\/\"}]}<\/script>\n<!-- \/ Yoast SEO plugin. -->","yoast_head_json":{"title":"Poste EAC en danger - Le SNETAP-FSU \u00e9crit \u00e0 la DRAAF - NOUVELLE AQUITAINE","robots":{"index":"index","follow":"follow","max-snippet":"max-snippet:-1","max-image-preview":"max-image-preview:large","max-video-preview":"max-video-preview:-1"},"canonical":"https:\/\/regions-snetap-fsu.fr\/na\/2024\/06\/03\/poste-eac-en-danger-le-snetap-fsu-ecrit-a-la-draaf\/","og_locale":"fr_FR","og_type":"article","og_title":"Poste EAC en danger - Le SNETAP-FSU \u00e9crit \u00e0 la DRAAF - NOUVELLE AQUITAINE","og_description":"Alors que l&rsquo;enseignement agricole s\u2019appr\u00eate \u00e0 f\u00eater les 60 ans de l\u2019\u00c9ducation Socioculturelle (1965 &#8211; 2025) et que le Minist\u00e8re entend mettre cet anniversaire en avant pour rappeler l\u2019importance de cette discipline pour la r\u00e9ussite des \u00e9l\u00e8ves de l\u2019Enseignement agricole public, la DRAAF Nouvelle Aquitaine, remet en cause, une nouvelle fois, le poste r\u00e9gional de [&hellip;]","og_url":"https:\/\/regions-snetap-fsu.fr\/na\/2024\/06\/03\/poste-eac-en-danger-le-snetap-fsu-ecrit-a-la-draaf\/","og_site_name":"NOUVELLE AQUITAINE","article_published_time":"2024-06-02T23:42:43+00:00","article_modified_time":"2024-06-03T00:07:31+00:00","og_image":[{"width":212,"height":207,"url":"https:\/\/regions-snetap-fsu.fr\/na\/wp-content\/uploads\/sites\/3\/2024\/06\/Visuel-poste-EAC-bis.jpg","type":"image\/jpeg"}],"author":"olivierb","twitter_card":"summary_large_image","twitter_misc":{"\u00c9crit par":"olivierb","Dur\u00e9e de lecture estim\u00e9e":"4 minutes"},"schema":{"@context":"https:\/\/schema.org","@graph":[{"@type":"Article","@id":"https:\/\/regions-snetap-fsu.fr\/na\/2024\/06\/03\/poste-eac-en-danger-le-snetap-fsu-ecrit-a-la-draaf\/#article","isPartOf":{"@id":"https:\/\/regions-snetap-fsu.fr\/na\/2024\/06\/03\/poste-eac-en-danger-le-snetap-fsu-ecrit-a-la-draaf\/"},"author":{"name":"olivierb","@id":"https:\/\/regions-snetap-fsu.fr\/na\/#\/schema\/person\/bdf1c4fe149dcf915601f9de85ba379f"},"headline":"Poste EAC en danger &#8211; Le SNETAP-FSU \u00e9crit \u00e0 la DRAAF","datePublished":"2024-06-02T23:42:43+00:00","dateModified":"2024-06-03T00:07:31+00:00","mainEntityOfPage":{"@id":"https:\/\/regions-snetap-fsu.fr\/na\/2024\/06\/03\/poste-eac-en-danger-le-snetap-fsu-ecrit-a-la-draaf\/"},"wordCount":828,"publisher":{"@id":"https:\/\/regions-snetap-fsu.fr\/na\/#organization"},"image":{"@id":"https:\/\/regions-snetap-fsu.fr\/na\/2024\/06\/03\/poste-eac-en-danger-le-snetap-fsu-ecrit-a-la-draaf\/#primaryimage"},"thumbnailUrl":"https:\/\/regions-snetap-fsu.fr\/na\/wp-content\/uploads\/sites\/3\/2024\/06\/Visuel-poste-EAC-bis.jpg","articleSection":["Message de service"],"inLanguage":"fr-FR"},{"@type":"WebPage","@id":"https:\/\/regions-snetap-fsu.fr\/na\/2024\/06\/03\/poste-eac-en-danger-le-snetap-fsu-ecrit-a-la-draaf\/","url":"https:\/\/regions-snetap-fsu.fr\/na\/2024\/06\/03\/poste-eac-en-danger-le-snetap-fsu-ecrit-a-la-draaf\/","name":"Poste EAC en danger - Le SNETAP-FSU \u00e9crit \u00e0 la DRAAF - NOUVELLE AQUITAINE","isPartOf":{"@id":"https:\/\/regions-snetap-fsu.fr\/na\/#website"},"primaryImageOfPage":{"@id":"https:\/\/regions-snetap-fsu.fr\/na\/2024\/06\/03\/poste-eac-en-danger-le-snetap-fsu-ecrit-a-la-draaf\/#primaryimage"},"image":{"@id":"https:\/\/regions-snetap-fsu.fr\/na\/2024\/06\/03\/poste-eac-en-danger-le-snetap-fsu-ecrit-a-la-draaf\/#primaryimage"},"thumbnailUrl":"https:\/\/regions-snetap-fsu.fr\/na\/wp-content\/uploads\/sites\/3\/2024\/06\/Visuel-poste-EAC-bis.jpg","datePublished":"2024-06-02T23:42:43+00:00","dateModified":"2024-06-03T00:07:31+00:00","breadcrumb":{"@id":"https:\/\/regions-snetap-fsu.fr\/na\/2024\/06\/03\/poste-eac-en-danger-le-snetap-fsu-ecrit-a-la-draaf\/#breadcrumb"},"inLanguage":"fr-FR","potentialAction":[{"@type":"ReadAction","target":["https:\/\/regions-snetap-fsu.fr\/na\/2024\/06\/03\/poste-eac-en-danger-le-snetap-fsu-ecrit-a-la-draaf\/"]}]},{"@type":"ImageObject","inLanguage":"fr-FR","@id":"https:\/\/regions-snetap-fsu.fr\/na\/2024\/06\/03\/poste-eac-en-danger-le-snetap-fsu-ecrit-a-la-draaf\/#primaryimage","url":"https:\/\/regions-snetap-fsu.fr\/na\/wp-content\/uploads\/sites\/3\/2024\/06\/Visuel-poste-EAC-bis.jpg","contentUrl":"https:\/\/regions-snetap-fsu.fr\/na\/wp-content\/uploads\/sites\/3\/2024\/06\/Visuel-poste-EAC-bis.jpg","width":212,"height":207},{"@type":"BreadcrumbList","@id":"https:\/\/regions-snetap-fsu.fr\/na\/2024\/06\/03\/poste-eac-en-danger-le-snetap-fsu-ecrit-a-la-draaf\/#breadcrumb","itemListElement":[{"@type":"ListItem","position":1,"name":"Accueil","item":"https:\/\/regions-snetap-fsu.fr\/na\/"},{"@type":"ListItem","position":2,"name":"Poste EAC en danger &#8211; Le SNETAP-FSU \u00e9crit \u00e0 la DRAAF"}]},{"@type":"WebSite","@id":"https:\/\/regions-snetap-fsu.fr\/na\/#website","url":"https:\/\/regions-snetap-fsu.fr\/na\/","name":"SNETAP-FSU NOUVELLE AQUITAINE","description":"Blog de la Section R\u00e9gionale","publisher":{"@id":"https:\/\/regions-snetap-fsu.fr\/na\/#organization"},"potentialAction":[{"@type":"SearchAction","target":{"@type":"EntryPoint","urlTemplate":"https:\/\/regions-snetap-fsu.fr\/na\/?s={search_term_string}"},"query-input":{"@type":"PropertyValueSpecification","valueRequired":true,"valueName":"search_term_string"}}],"inLanguage":"fr-FR"},{"@type":"Organization","@id":"https:\/\/regions-snetap-fsu.fr\/na\/#organization","name":"SNETAP-FSU - Nouvelle Aquitaine","url":"https:\/\/regions-snetap-fsu.fr\/na\/","logo":{"@type":"ImageObject","inLanguage":"fr-FR","@id":"https:\/\/regions-snetap-fsu.fr\/na\/#\/schema\/logo\/image\/","url":"https:\/\/regions-snetap-fsu.fr\/na\/wp-content\/uploads\/sites\/3\/2020\/12\/SNETAP-Logo.jpg","contentUrl":"https:\/\/regions-snetap-fsu.fr\/na\/wp-content\/uploads\/sites\/3\/2020\/12\/SNETAP-Logo.jpg","width":464,"height":334,"caption":"SNETAP-FSU - Nouvelle Aquitaine"},"image":{"@id":"https:\/\/regions-snetap-fsu.fr\/na\/#\/schema\/logo\/image\/"}},{"@type":"Person","@id":"https:\/\/regions-snetap-fsu.fr\/na\/#\/schema\/person\/bdf1c4fe149dcf915601f9de85ba379f","name":"olivierb","image":{"@type":"ImageObject","inLanguage":"fr-FR","@id":"https:\/\/secure.gravatar.com\/avatar\/d9cce0db1146844098d0ec7fae94551015c4ff78117aab56897823bb265a7bc9?s=96&d=mm&r=g","url":"https:\/\/secure.gravatar.com\/avatar\/d9cce0db1146844098d0ec7fae94551015c4ff78117aab56897823bb265a7bc9?s=96&d=mm&r=g","contentUrl":"https:\/\/secure.gravatar.com\/avatar\/d9cce0db1146844098d0ec7fae94551015c4ff78117aab56897823bb265a7bc9?s=96&d=mm&r=g","caption":"olivierb"},"url":"https:\/\/regions-snetap-fsu.fr\/na\/author\/olivierb\/"}]}},"_links":{"self":[{"href":"https:\/\/regions-snetap-fsu.fr\/na\/wp-json\/wp\/v2\/posts\/3668","targetHints":{"allow":["GET"]}}],"collection":[{"href":"https:\/\/regions-snetap-fsu.fr\/na\/wp-json\/wp\/v2\/posts"}],"about":[{"href":"https:\/\/regions-snetap-fsu.fr\/na\/wp-json\/wp\/v2\/types\/post"}],"author":[{"embeddable":true,"href":"https:\/\/regions-snetap-fsu.fr\/na\/wp-json\/wp\/v2\/users\/128"}],"replies":[{"embeddable":true,"href":"https:\/\/regions-snetap-fsu.fr\/na\/wp-json\/wp\/v2\/comments?post=3668"}],"version-history":[{"count":1,"href":"https:\/\/regions-snetap-fsu.fr\/na\/wp-json\/wp\/v2\/posts\/3668\/revisions"}],"predecessor-version":[{"id":3669,"href":"https:\/\/regions-snetap-fsu.fr\/na\/wp-json\/wp\/v2\/posts\/3668\/revisions\/3669"}],"wp:featuredmedia":[{"embeddable":true,"href":"https:\/\/regions-snetap-fsu.fr\/na\/wp-json\/wp\/v2\/media\/3671"}],"wp:attachment":[{"href":"https:\/\/regions-snetap-fsu.fr\/na\/wp-json\/wp\/v2\/media?parent=3668"}],"wp:term":[{"taxonomy":"category","embeddable":true,"href":"https:\/\/regions-snetap-fsu.fr\/na\/wp-json\/wp\/v2\/categories?post=3668"},{"taxonomy":"post_tag","embeddable":true,"href":"https:\/\/regions-snetap-fsu.fr\/na\/wp-json\/wp\/v2\/tags?post=3668"},{"taxonomy":"post_folder","embeddable":true,"href":"https:\/\/regions-snetap-fsu.fr\/na\/wp-json\/wp\/v2\/post_folder?post=3668"}],"curies":[{"name":"wp","href":"https:\/\/api.w.org\/{rel}","templated":true}]}}