{"id":3595,"date":"2024-03-27T10:39:05","date_gmt":"2024-03-27T09:39:05","guid":{"rendered":"https:\/\/regions-snetap-fsu.fr\/na\/?p=3595"},"modified":"2024-03-28T14:36:48","modified_gmt":"2024-03-28T13:36:48","slug":"le-snetap-fsu-nouvelle-aquitaine-reunit-en-csr","status":"publish","type":"post","link":"https:\/\/regions-snetap-fsu.fr\/na\/2024\/03\/27\/le-snetap-fsu-nouvelle-aquitaine-reunit-en-csr\/","title":{"rendered":"Le SNETAP-FSU Nouvelle Aquitaine r\u00e9unit en CSR"},"content":{"rendered":"<p align=\"justify\"><strong><span style=\"font-family: Arial, sans-serif;color: #008000\"><span style=\"font-size: medium\">Le SNETAP-FSU Nouvelle Aquitaine a r\u00e9uni le vendredi 15 mars son Conseil Syndical R\u00e9gional en pr\u00e9sentiel au lyc\u00e9e Georges Desclaude \u00e0 Saintes.<\/span><\/span><\/strong><\/p>\n<p align=\"justify\"><img fetchpriority=\"high\" decoding=\"async\" class=\"alignnone wp-image-3597 aligncenter\" src=\"https:\/\/regions-snetap-fsu.fr\/na\/wp-content\/uploads\/sites\/3\/2024\/03\/SBPC4684-300x225.jpg\" alt=\"\" width=\"475\" height=\"356\" srcset=\"https:\/\/regions-snetap-fsu.fr\/na\/wp-content\/uploads\/sites\/3\/2024\/03\/SBPC4684-300x225.jpg 300w, https:\/\/regions-snetap-fsu.fr\/na\/wp-content\/uploads\/sites\/3\/2024\/03\/SBPC4684-1024x768.jpg 1024w, https:\/\/regions-snetap-fsu.fr\/na\/wp-content\/uploads\/sites\/3\/2024\/03\/SBPC4684-768x576.jpg 768w, https:\/\/regions-snetap-fsu.fr\/na\/wp-content\/uploads\/sites\/3\/2024\/03\/SBPC4684-1536x1152.jpg 1536w, https:\/\/regions-snetap-fsu.fr\/na\/wp-content\/uploads\/sites\/3\/2024\/03\/SBPC4684.jpg 2000w\" sizes=\"(max-width: 475px) 100vw, 475px\" \/><\/p>\n<p align=\"justify\"><span style=\"color: #008000\"><span style=\"font-family: Arial, sans-serif\"><span style=\"font-size: medium\"><b>Actions fiches de service<\/b><\/span><\/span><\/span><\/p>\n<p align=\"justify\"><span style=\"color: #000000\"><span style=\"font-family: Arial, sans-serif\"><span style=\"font-size: medium\">Cette r\u00e9union du CSR a \u00e9t\u00e9 l&rsquo;occasion de rappel\u00e9 la n\u00e9cessit\u00e9 de maintenir la mobilisation contre la modification de nos fiches de service.<\/span><\/span><\/span><\/p>\n<p align=\"justify\"><span style=\"font-family: Arial, sans-serif\"><span style=\"font-size: medium\"><span style=\"color: #000000\">Suite \u00e0 l\u2019action au Salon de l\u2019Agriculture et l\u2019interpellation du Ministre, l\u2019Intersyndicale a rencontr\u00e9 son Directeur de Cabinet Adjoint le 1<sup>er<\/sup> mars. <\/span><\/span><\/span><\/p>\n<p align=\"justify\"><span style=\"font-family: Arial, sans-serif\"><span style=\"font-size: medium\">Lors de cette rencontre il a confirm\u00e9 leur intention d\u2019\u00e9tendre la modification des fiches de service aux semaines de stages collectifs en Bac Pro mais demandant en parall\u00e8le \u00e0 la DGER de trouver une solution technique pour maintenir la comptabilisation de la pluri \u2026<\/span><\/span><\/p>\n<p align=\"justify\"><span style=\"font-size: medium\"><span style=\"font-family: Arial, sans-serif\">Une nouvelle rencontre avec la DGER est donc fix\u00e9e au 26 mars.<\/span><\/span><\/p>\n<p align=\"justify\"><span style=\"font-size: medium\"><span style=\"font-family: Arial, sans-serif\">Dans l\u2019attente de ce prochain rendez-vous et de ses conclusions, l\u2019Intersyndicale maintient son boycott des instances<\/span><\/span><\/p>\n<p align=\"justify\"><span style=\"font-family: Arial, sans-serif;color: #008000\"><span style=\"font-size: medium\"><b>Mobilisation 19 mars<\/b><\/span><\/span><\/p>\n<p align=\"justify\"><span style=\"font-family: Arial, sans-serif\"><span style=\"font-size: medium\">Le CSR a appel\u00e9 les personnels de l\u2019Enseignement agricole a participer \u00e0 la mobilisation du 19 mars pour la d\u00e9fense de nos salaires et de nos conditions de travail, \u00e0 la fois par la gr\u00e8ve et par les manifestations.<\/span><\/span><\/p>\n<p align=\"justify\"><span style=\"font-size: medium;color: #008000\"><b><span style=\"font-family: Arial, sans-serif\">Action 1000 banquets<\/span><\/b><\/span><\/p>\n<p align=\"justify\"><span style=\"font-size: medium\"><span style=\"font-family: Arial, sans-serif\">Alors que la crise agricole continue de mobiliser les agriculteur.rices et paysan.nes, l<\/span><\/span><span style=\"font-family: Arial, sans-serif\"><span style=\"font-size: medium\">e SNETAP-FSU, avec la FSU, est impliqu\u00e9<\/span><\/span><span style=\"font-family: Arial, sans-serif\"><span style=\"font-size: medium\">e<\/span><\/span><span style=\"font-family: Arial, sans-serif\"><span style=\"font-size: medium\"> dans le Collectif Uni-Terre qui regroupe de nombr<\/span><\/span><span style=\"font-family: Arial, sans-serif\"><span style=\"font-size: medium\">euses organisations et pr\u00f4ne une alimentation saine et au juste prix et un changement des modes de production.<\/span><\/span><\/p>\n<p align=\"justify\"><span style=\"font-size: medium\"><span style=\"font-family: Arial, sans-serif\">Le Collectif lance pour le samedi 30 mars une op\u00e9ration \u00ab\u00a01000 banquets populaires\u00a0\u00bb. L\u2019objectif est d\u2019organiser partout en France des temps d\u2019\u00e9changes au travers de repas populaires.<\/span><\/span><\/p>\n<p align=\"justify\"><span style=\"font-family: Arial, sans-serif\">Le CSR appelle les sections \u00e0 lancer l\u2019organisation de banquets ou rejoindre les collectifs locaux d\u2019organisation.<\/span><\/p>\n<p align=\"justify\"><span style=\"color: #008000\"><span style=\"font-family: Arial, sans-serif\"><span style=\"font-size: medium\"><b>Boycott de la CCPR et de la F3SCT<\/b><\/span><\/span><\/span><\/p>\n<p align=\"justify\"><span style=\"color: #000000\"><span style=\"font-family: Arial, sans-serif\"><span style=\"font-size: medium\">La CCP r\u00e9gionale \u00e9tait convoqu\u00e9e le 13 mars et la F3SCT \u00e9tait convoqu\u00e9e le 7 mars. Le SNETAP-FSU, avec l\u2019Intersyndicale, a boycott\u00e9 ces r\u00e9unions (conform\u00e9ment aux d\u00e9cisions du CSN). Ces deux instances ne se sont pas r\u00e9unies faute de quorum. Elles sont reconvoqu\u00e9es respectivement le 20 mars et le 8 avril.<\/span><\/span><\/span><\/p>\n<p align=\"justify\"><span style=\"color: #008000\"><span style=\"font-family: Arial, sans-serif\"><span style=\"font-size: medium\"><b>Rencontre Conseil R\u00e9gional <\/b><\/span><\/span><\/span><\/p>\n<p align=\"justify\"><span style=\"font-family: Arial, sans-serif\"><span style=\"font-size: medium\"><span style=\"color: #000000\">La FSU a rencontr\u00e9 le Conseil R\u00e9gional (Vice Pr\u00e9sident M. Nembrini) le 5 f\u00e9vrier dernier sur l<\/span>a r\u00e9forme des LP et de l&rsquo;\u00e9volution de la carte scolaire. Le SNETAP-FSU \u00e9tait repr\u00e9sent\u00e9 lors de cette entrevue.<\/span><\/span><\/p>\n<p align=\"justify\"><span style=\"color: #008000\"><span style=\"font-family: Arial, sans-serif\"><span style=\"font-size: medium\"><b>Carte des formations<\/b><\/span><\/span><\/span><\/p>\n<p align=\"justify\"><span style=\"color: #000000\"><span style=\"font-family: Arial, sans-serif\"><span style=\"font-size: medium\">Le Minist\u00e8re de l\u2019\u00c9ducation nationale a d\u00e9cid\u00e9 unilat\u00e9ralement la suppression du Bac LCQ (Laboratoire Contr\u00f4le Qualit\u00e9) et sa transformation en COPALIM. C\u2019est une r\u00e9forme particuli\u00e8rement probl\u00e9matique pour les petits LP qui n&rsquo;ont pas d&rsquo;atelier technologique, ni d&rsquo;industrie agroalimentaire.<\/span><\/span><\/span><\/p>\n<p align=\"justify\"><span style=\"color: #000000\"><span style=\"font-family: Arial, sans-serif\"><span style=\"font-size: medium\">Le SNETAP-FSU national a d\u00e9j\u00e0 alert\u00e9 la DGER par courrier et souhaite \u00e9galement interpeller le Conseil r\u00e9gional.<\/span><\/span><\/span><\/p>\n<p align=\"justify\"><span style=\"font-family: Arial, sans-serif;color: #008000\"><span style=\"font-size: medium\"><b>Situation des personnels administratifs<\/b><\/span><\/span><\/p>\n<p align=\"justify\"><span style=\"color: #000000\"><span style=\"font-family: Arial, sans-serif\"><span style=\"font-size: medium\">Le SNETAP-FSU Nouvelle Aquitaine poursuit son travail avec les personnels administratifs pour d\u00e9noncer la d\u00e9gradation de leurs conditions et leur charge de travail. Les HMI organis\u00e9es dans les \u00e9tablissements confirment r\u00e9guli\u00e8rement une situation d\u00e9grad\u00e9e.<\/span><\/span><\/span><\/p>\n<p align=\"justify\"><span style=\"color: #000000\"><span style=\"font-family: Arial, sans-serif\"><span style=\"font-size: medium\">Nous attendons la r\u00e9ponse de la DRAAF \u00e0 nos questions et un changement de politique sur ce sujet.<\/span><\/span><\/span><\/p>\n<p align=\"justify\"><span style=\"color: #008000\"><span style=\"font-family: Arial, sans-serif\"><span style=\"font-size: medium\"><b>Conseils m\u00e9dicaux d\u00e9partementaux<\/b><\/span><\/span><\/span><\/p>\n<p align=\"justify\"><span style=\"color: #000000\"><span style=\"font-family: Arial, sans-serif\"><span style=\"font-size: medium\">Le SNETAP-FSU a r\u00e9uni l&rsquo;ensemble des conseillers m\u00e9dicaux (y compris ceux et celles des autres OS) en visio le 10 janvier. Lors de cette r\u00e9union il a \u00e9t\u00e9 propos\u00e9 de mettre en place un stage pour les conseillers avant la fin d&rsquo;ann\u00e9e scolaire.<\/span><\/span><\/span><\/p>\n<p align=\"justify\"><span style=\"color: #008000\"><span style=\"font-family: Arial, sans-serif\"><span style=\"font-size: medium\"><b>Livre noir CFA \/ CFPPA<\/b><\/span><\/span><\/span><\/p>\n<p align=\"justify\"><span style=\"font-family: Arial, sans-serif\"><span style=\"font-size: medium\"><span style=\"color: #000000\">L\u2019enqu\u00eate sur la situation des CFA et CFPPA (questionnaire en ligne) a \u00e9t\u00e9 envoy\u00e9e \u00e0 l\u2019ensemble des sections des CFA \/ CFPPA. <\/span>Nous attendons maintenant les retours \u00e0 ce questionnaire avant d\u2019engager la r\u00e9daction du livre noir et de fixer une date de sa remise \u00e0 la DRAAF.<\/span><\/span><\/p>\n<p align=\"justify\"><img decoding=\"async\" class=\"alignnone size-medium wp-image-3602\" src=\"https:\/\/regions-snetap-fsu.fr\/na\/wp-content\/uploads\/sites\/3\/2024\/03\/IMG_2423-BIS.jpg\" alt=\"\" width=\"1\" height=\"1\" \/><img decoding=\"async\" class=\"alignnone size-medium wp-image-3602\" src=\"https:\/\/regions-snetap-fsu.fr\/na\/wp-content\/uploads\/sites\/3\/2024\/03\/IMG_2423-BIS.jpg\" alt=\"\" width=\"1\" height=\"1\" \/><\/p>\n<p align=\"justify\">\n","protected":false},"excerpt":{"rendered":"<p>Le SNETAP-FSU Nouvelle Aquitaine a r\u00e9uni le vendredi 15 mars son Conseil Syndical R\u00e9gional en pr\u00e9sentiel au lyc\u00e9e Georges Desclaude \u00e0 Saintes. Actions fiches de service Cette r\u00e9union du CSR a \u00e9t\u00e9 l&rsquo;occasion de rappel\u00e9 la n\u00e9cessit\u00e9 de maintenir la mobilisation contre la modification de nos fiches de service. Suite \u00e0 l\u2019action au Salon de [&hellip;]<\/p>\n","protected":false},"author":128,"featured_media":3604,"comment_status":"closed","ping_status":"closed","sticky":false,"template":"","format":"standard","meta":{"ocean_post_layout":"","ocean_both_sidebars_style":"","ocean_both_sidebars_content_width":0,"ocean_both_sidebars_sidebars_width":0,"ocean_sidebar":"","ocean_second_sidebar":"","ocean_disable_margins":"enable","ocean_add_body_class":"","ocean_shortcode_before_top_bar":"","ocean_shortcode_after_top_bar":"","ocean_shortcode_before_header":"","ocean_shortcode_after_header":"","ocean_has_shortcode":"","ocean_shortcode_after_title":"","ocean_shortcode_before_footer_widgets":"","ocean_shortcode_after_footer_widgets":"","ocean_shortcode_before_footer_bottom":"","ocean_shortcode_after_footer_bottom":"","ocean_display_top_bar":"default","ocean_display_header":"default","ocean_header_style":"","ocean_center_header_left_menu":"","ocean_custom_header_template":"","ocean_custom_logo":0,"ocean_custom_retina_logo":0,"ocean_custom_logo_max_width":0,"ocean_custom_logo_tablet_max_width":0,"ocean_custom_logo_mobile_max_width":0,"ocean_custom_logo_max_height":0,"ocean_custom_logo_tablet_max_height":0,"ocean_custom_logo_mobile_max_height":0,"ocean_header_custom_menu":"","ocean_menu_typo_font_family":"","ocean_menu_typo_font_subset":"","ocean_menu_typo_font_size":0,"ocean_menu_typo_font_size_tablet":0,"ocean_menu_typo_font_size_mobile":0,"ocean_menu_typo_font_size_unit":"px","ocean_menu_typo_font_weight":"","ocean_menu_typo_font_weight_tablet":"","ocean_menu_typo_font_weight_mobile":"","ocean_menu_typo_transform":"","ocean_menu_typo_transform_tablet":"","ocean_menu_typo_transform_mobile":"","ocean_menu_typo_line_height":0,"ocean_menu_typo_line_height_tablet":0,"ocean_menu_typo_line_height_mobile":0,"ocean_menu_typo_line_height_unit":"","ocean_menu_typo_spacing":0,"ocean_menu_typo_spacing_tablet":0,"ocean_menu_typo_spacing_mobile":0,"ocean_menu_typo_spacing_unit":"","ocean_menu_link_color":"","ocean_menu_link_color_hover":"","ocean_menu_link_color_active":"","ocean_menu_link_background":"","ocean_menu_link_hover_background":"","ocean_menu_link_active_background":"","ocean_menu_social_links_bg":"","ocean_menu_social_hover_links_bg":"","ocean_menu_social_links_color":"","ocean_menu_social_hover_links_color":"","ocean_disable_title":"default","ocean_disable_heading":"default","ocean_post_title":"","ocean_post_subheading":"","ocean_post_title_style":"","ocean_post_title_background_color":"","ocean_post_title_background":0,"ocean_post_title_bg_image_position":"","ocean_post_title_bg_image_attachment":"","ocean_post_title_bg_image_repeat":"","ocean_post_title_bg_image_size":"","ocean_post_title_height":0,"ocean_post_title_bg_overlay":0.5,"ocean_post_title_bg_overlay_color":"","ocean_disable_breadcrumbs":"default","ocean_breadcrumbs_color":"","ocean_breadcrumbs_separator_color":"","ocean_breadcrumbs_links_color":"","ocean_breadcrumbs_links_hover_color":"","ocean_display_footer_widgets":"default","ocean_display_footer_bottom":"default","ocean_custom_footer_template":"","ocean_post_oembed":"","ocean_post_self_hosted_media":"","ocean_post_video_embed":"","ocean_link_format":"","ocean_link_format_target":"self","ocean_quote_format":"","ocean_quote_format_link":"post","ocean_gallery_link_images":"on","ocean_gallery_id":[],"footnotes":""},"categories":[1],"tags":[],"post_folder":[],"class_list":["post-3595","post","type-post","status-publish","format-standard","has-post-thumbnail","hentry","category-message-de-service","entry","has-media"],"yoast_head":"<!-- This site is optimized with the Yoast SEO plugin v27.4 - https:\/\/yoast.com\/product\/yoast-seo-wordpress\/ -->\n<title>Le SNETAP-FSU Nouvelle Aquitaine r\u00e9unit en CSR - NOUVELLE AQUITAINE<\/title>\n<meta name=\"robots\" content=\"index, follow, max-snippet:-1, max-image-preview:large, max-video-preview:-1\" \/>\n<link rel=\"canonical\" href=\"https:\/\/regions-snetap-fsu.fr\/na\/2024\/03\/27\/le-snetap-fsu-nouvelle-aquitaine-reunit-en-csr\/\" \/>\n<meta property=\"og:locale\" content=\"fr_FR\" \/>\n<meta property=\"og:type\" content=\"article\" \/>\n<meta property=\"og:title\" content=\"Le SNETAP-FSU Nouvelle Aquitaine r\u00e9unit en CSR - NOUVELLE AQUITAINE\" \/>\n<meta property=\"og:description\" content=\"Le SNETAP-FSU Nouvelle Aquitaine a r\u00e9uni le vendredi 15 mars son Conseil Syndical R\u00e9gional en pr\u00e9sentiel au lyc\u00e9e Georges Desclaude \u00e0 Saintes. Actions fiches de service Cette r\u00e9union du CSR a \u00e9t\u00e9 l&rsquo;occasion de rappel\u00e9 la n\u00e9cessit\u00e9 de maintenir la mobilisation contre la modification de nos fiches de service. Suite \u00e0 l\u2019action au Salon de [&hellip;]\" \/>\n<meta property=\"og:url\" content=\"https:\/\/regions-snetap-fsu.fr\/na\/2024\/03\/27\/le-snetap-fsu-nouvelle-aquitaine-reunit-en-csr\/\" \/>\n<meta property=\"og:site_name\" content=\"NOUVELLE AQUITAINE\" \/>\n<meta property=\"article:published_time\" content=\"2024-03-27T09:39:05+00:00\" \/>\n<meta property=\"article:modified_time\" content=\"2024-03-28T13:36:48+00:00\" \/>\n<meta property=\"og:image\" content=\"https:\/\/regions-snetap-fsu.fr\/na\/wp-content\/uploads\/sites\/3\/2024\/03\/IMG_2417-TER-scaled.jpg\" \/>\n\t<meta property=\"og:image:width\" content=\"2560\" \/>\n\t<meta property=\"og:image:height\" content=\"1791\" \/>\n\t<meta property=\"og:image:type\" content=\"image\/jpeg\" \/>\n<meta name=\"author\" content=\"olivierb\" \/>\n<meta name=\"twitter:card\" content=\"summary_large_image\" \/>\n<meta name=\"twitter:label1\" content=\"\u00c9crit par\" \/>\n\t<meta name=\"twitter:data1\" content=\"olivierb\" \/>\n\t<meta name=\"twitter:label2\" content=\"Dur\u00e9e de lecture estim\u00e9e\" \/>\n\t<meta name=\"twitter:data2\" content=\"3 minutes\" \/>\n<script type=\"application\/ld+json\" class=\"yoast-schema-graph\">{\"@context\":\"https:\\\/\\\/schema.org\",\"@graph\":[{\"@type\":\"Article\",\"@id\":\"https:\\\/\\\/regions-snetap-fsu.fr\\\/na\\\/2024\\\/03\\\/27\\\/le-snetap-fsu-nouvelle-aquitaine-reunit-en-csr\\\/#article\",\"isPartOf\":{\"@id\":\"https:\\\/\\\/regions-snetap-fsu.fr\\\/na\\\/2024\\\/03\\\/27\\\/le-snetap-fsu-nouvelle-aquitaine-reunit-en-csr\\\/\"},\"author\":{\"name\":\"olivierb\",\"@id\":\"https:\\\/\\\/regions-snetap-fsu.fr\\\/na\\\/#\\\/schema\\\/person\\\/bdf1c4fe149dcf915601f9de85ba379f\"},\"headline\":\"Le SNETAP-FSU Nouvelle Aquitaine r\u00e9unit en CSR\",\"datePublished\":\"2024-03-27T09:39:05+00:00\",\"dateModified\":\"2024-03-28T13:36:48+00:00\",\"mainEntityOfPage\":{\"@id\":\"https:\\\/\\\/regions-snetap-fsu.fr\\\/na\\\/2024\\\/03\\\/27\\\/le-snetap-fsu-nouvelle-aquitaine-reunit-en-csr\\\/\"},\"wordCount\":652,\"publisher\":{\"@id\":\"https:\\\/\\\/regions-snetap-fsu.fr\\\/na\\\/#organization\"},\"image\":{\"@id\":\"https:\\\/\\\/regions-snetap-fsu.fr\\\/na\\\/2024\\\/03\\\/27\\\/le-snetap-fsu-nouvelle-aquitaine-reunit-en-csr\\\/#primaryimage\"},\"thumbnailUrl\":\"https:\\\/\\\/regions-snetap-fsu.fr\\\/na\\\/wp-content\\\/uploads\\\/sites\\\/3\\\/2024\\\/03\\\/IMG_2417-TER-scaled.jpg\",\"articleSection\":[\"Message de service\"],\"inLanguage\":\"fr-FR\"},{\"@type\":\"WebPage\",\"@id\":\"https:\\\/\\\/regions-snetap-fsu.fr\\\/na\\\/2024\\\/03\\\/27\\\/le-snetap-fsu-nouvelle-aquitaine-reunit-en-csr\\\/\",\"url\":\"https:\\\/\\\/regions-snetap-fsu.fr\\\/na\\\/2024\\\/03\\\/27\\\/le-snetap-fsu-nouvelle-aquitaine-reunit-en-csr\\\/\",\"name\":\"Le SNETAP-FSU Nouvelle Aquitaine r\u00e9unit en CSR - NOUVELLE AQUITAINE\",\"isPartOf\":{\"@id\":\"https:\\\/\\\/regions-snetap-fsu.fr\\\/na\\\/#website\"},\"primaryImageOfPage\":{\"@id\":\"https:\\\/\\\/regions-snetap-fsu.fr\\\/na\\\/2024\\\/03\\\/27\\\/le-snetap-fsu-nouvelle-aquitaine-reunit-en-csr\\\/#primaryimage\"},\"image\":{\"@id\":\"https:\\\/\\\/regions-snetap-fsu.fr\\\/na\\\/2024\\\/03\\\/27\\\/le-snetap-fsu-nouvelle-aquitaine-reunit-en-csr\\\/#primaryimage\"},\"thumbnailUrl\":\"https:\\\/\\\/regions-snetap-fsu.fr\\\/na\\\/wp-content\\\/uploads\\\/sites\\\/3\\\/2024\\\/03\\\/IMG_2417-TER-scaled.jpg\",\"datePublished\":\"2024-03-27T09:39:05+00:00\",\"dateModified\":\"2024-03-28T13:36:48+00:00\",\"breadcrumb\":{\"@id\":\"https:\\\/\\\/regions-snetap-fsu.fr\\\/na\\\/2024\\\/03\\\/27\\\/le-snetap-fsu-nouvelle-aquitaine-reunit-en-csr\\\/#breadcrumb\"},\"inLanguage\":\"fr-FR\",\"potentialAction\":[{\"@type\":\"ReadAction\",\"target\":[\"https:\\\/\\\/regions-snetap-fsu.fr\\\/na\\\/2024\\\/03\\\/27\\\/le-snetap-fsu-nouvelle-aquitaine-reunit-en-csr\\\/\"]}]},{\"@type\":\"ImageObject\",\"inLanguage\":\"fr-FR\",\"@id\":\"https:\\\/\\\/regions-snetap-fsu.fr\\\/na\\\/2024\\\/03\\\/27\\\/le-snetap-fsu-nouvelle-aquitaine-reunit-en-csr\\\/#primaryimage\",\"url\":\"https:\\\/\\\/regions-snetap-fsu.fr\\\/na\\\/wp-content\\\/uploads\\\/sites\\\/3\\\/2024\\\/03\\\/IMG_2417-TER-scaled.jpg\",\"contentUrl\":\"https:\\\/\\\/regions-snetap-fsu.fr\\\/na\\\/wp-content\\\/uploads\\\/sites\\\/3\\\/2024\\\/03\\\/IMG_2417-TER-scaled.jpg\",\"width\":2560,\"height\":1791},{\"@type\":\"BreadcrumbList\",\"@id\":\"https:\\\/\\\/regions-snetap-fsu.fr\\\/na\\\/2024\\\/03\\\/27\\\/le-snetap-fsu-nouvelle-aquitaine-reunit-en-csr\\\/#breadcrumb\",\"itemListElement\":[{\"@type\":\"ListItem\",\"position\":1,\"name\":\"Accueil\",\"item\":\"https:\\\/\\\/regions-snetap-fsu.fr\\\/na\\\/\"},{\"@type\":\"ListItem\",\"position\":2,\"name\":\"Le SNETAP-FSU Nouvelle Aquitaine r\u00e9unit en CSR\"}]},{\"@type\":\"WebSite\",\"@id\":\"https:\\\/\\\/regions-snetap-fsu.fr\\\/na\\\/#website\",\"url\":\"https:\\\/\\\/regions-snetap-fsu.fr\\\/na\\\/\",\"name\":\"SNETAP-FSU NOUVELLE AQUITAINE\",\"description\":\"Blog de la Section R\u00e9gionale\",\"publisher\":{\"@id\":\"https:\\\/\\\/regions-snetap-fsu.fr\\\/na\\\/#organization\"},\"potentialAction\":[{\"@type\":\"SearchAction\",\"target\":{\"@type\":\"EntryPoint\",\"urlTemplate\":\"https:\\\/\\\/regions-snetap-fsu.fr\\\/na\\\/?s={search_term_string}\"},\"query-input\":{\"@type\":\"PropertyValueSpecification\",\"valueRequired\":true,\"valueName\":\"search_term_string\"}}],\"inLanguage\":\"fr-FR\"},{\"@type\":\"Organization\",\"@id\":\"https:\\\/\\\/regions-snetap-fsu.fr\\\/na\\\/#organization\",\"name\":\"SNETAP-FSU - Nouvelle Aquitaine\",\"url\":\"https:\\\/\\\/regions-snetap-fsu.fr\\\/na\\\/\",\"logo\":{\"@type\":\"ImageObject\",\"inLanguage\":\"fr-FR\",\"@id\":\"https:\\\/\\\/regions-snetap-fsu.fr\\\/na\\\/#\\\/schema\\\/logo\\\/image\\\/\",\"url\":\"https:\\\/\\\/regions-snetap-fsu.fr\\\/na\\\/wp-content\\\/uploads\\\/sites\\\/3\\\/2020\\\/12\\\/SNETAP-Logo.jpg\",\"contentUrl\":\"https:\\\/\\\/regions-snetap-fsu.fr\\\/na\\\/wp-content\\\/uploads\\\/sites\\\/3\\\/2020\\\/12\\\/SNETAP-Logo.jpg\",\"width\":464,\"height\":334,\"caption\":\"SNETAP-FSU - Nouvelle Aquitaine\"},\"image\":{\"@id\":\"https:\\\/\\\/regions-snetap-fsu.fr\\\/na\\\/#\\\/schema\\\/logo\\\/image\\\/\"}},{\"@type\":\"Person\",\"@id\":\"https:\\\/\\\/regions-snetap-fsu.fr\\\/na\\\/#\\\/schema\\\/person\\\/bdf1c4fe149dcf915601f9de85ba379f\",\"name\":\"olivierb\",\"image\":{\"@type\":\"ImageObject\",\"inLanguage\":\"fr-FR\",\"@id\":\"https:\\\/\\\/secure.gravatar.com\\\/avatar\\\/d9cce0db1146844098d0ec7fae94551015c4ff78117aab56897823bb265a7bc9?s=96&d=mm&r=g\",\"url\":\"https:\\\/\\\/secure.gravatar.com\\\/avatar\\\/d9cce0db1146844098d0ec7fae94551015c4ff78117aab56897823bb265a7bc9?s=96&d=mm&r=g\",\"contentUrl\":\"https:\\\/\\\/secure.gravatar.com\\\/avatar\\\/d9cce0db1146844098d0ec7fae94551015c4ff78117aab56897823bb265a7bc9?s=96&d=mm&r=g\",\"caption\":\"olivierb\"},\"url\":\"https:\\\/\\\/regions-snetap-fsu.fr\\\/na\\\/author\\\/olivierb\\\/\"}]}<\/script>\n<!-- \/ Yoast SEO plugin. -->","yoast_head_json":{"title":"Le SNETAP-FSU Nouvelle Aquitaine r\u00e9unit en CSR - NOUVELLE AQUITAINE","robots":{"index":"index","follow":"follow","max-snippet":"max-snippet:-1","max-image-preview":"max-image-preview:large","max-video-preview":"max-video-preview:-1"},"canonical":"https:\/\/regions-snetap-fsu.fr\/na\/2024\/03\/27\/le-snetap-fsu-nouvelle-aquitaine-reunit-en-csr\/","og_locale":"fr_FR","og_type":"article","og_title":"Le SNETAP-FSU Nouvelle Aquitaine r\u00e9unit en CSR - NOUVELLE AQUITAINE","og_description":"Le SNETAP-FSU Nouvelle Aquitaine a r\u00e9uni le vendredi 15 mars son Conseil Syndical R\u00e9gional en pr\u00e9sentiel au lyc\u00e9e Georges Desclaude \u00e0 Saintes. Actions fiches de service Cette r\u00e9union du CSR a \u00e9t\u00e9 l&rsquo;occasion de rappel\u00e9 la n\u00e9cessit\u00e9 de maintenir la mobilisation contre la modification de nos fiches de service. Suite \u00e0 l\u2019action au Salon de [&hellip;]","og_url":"https:\/\/regions-snetap-fsu.fr\/na\/2024\/03\/27\/le-snetap-fsu-nouvelle-aquitaine-reunit-en-csr\/","og_site_name":"NOUVELLE AQUITAINE","article_published_time":"2024-03-27T09:39:05+00:00","article_modified_time":"2024-03-28T13:36:48+00:00","og_image":[{"width":2560,"height":1791,"url":"https:\/\/regions-snetap-fsu.fr\/na\/wp-content\/uploads\/sites\/3\/2024\/03\/IMG_2417-TER-scaled.jpg","type":"image\/jpeg"}],"author":"olivierb","twitter_card":"summary_large_image","twitter_misc":{"\u00c9crit par":"olivierb","Dur\u00e9e de lecture estim\u00e9e":"3 minutes"},"schema":{"@context":"https:\/\/schema.org","@graph":[{"@type":"Article","@id":"https:\/\/regions-snetap-fsu.fr\/na\/2024\/03\/27\/le-snetap-fsu-nouvelle-aquitaine-reunit-en-csr\/#article","isPartOf":{"@id":"https:\/\/regions-snetap-fsu.fr\/na\/2024\/03\/27\/le-snetap-fsu-nouvelle-aquitaine-reunit-en-csr\/"},"author":{"name":"olivierb","@id":"https:\/\/regions-snetap-fsu.fr\/na\/#\/schema\/person\/bdf1c4fe149dcf915601f9de85ba379f"},"headline":"Le SNETAP-FSU Nouvelle Aquitaine r\u00e9unit en CSR","datePublished":"2024-03-27T09:39:05+00:00","dateModified":"2024-03-28T13:36:48+00:00","mainEntityOfPage":{"@id":"https:\/\/regions-snetap-fsu.fr\/na\/2024\/03\/27\/le-snetap-fsu-nouvelle-aquitaine-reunit-en-csr\/"},"wordCount":652,"publisher":{"@id":"https:\/\/regions-snetap-fsu.fr\/na\/#organization"},"image":{"@id":"https:\/\/regions-snetap-fsu.fr\/na\/2024\/03\/27\/le-snetap-fsu-nouvelle-aquitaine-reunit-en-csr\/#primaryimage"},"thumbnailUrl":"https:\/\/regions-snetap-fsu.fr\/na\/wp-content\/uploads\/sites\/3\/2024\/03\/IMG_2417-TER-scaled.jpg","articleSection":["Message de service"],"inLanguage":"fr-FR"},{"@type":"WebPage","@id":"https:\/\/regions-snetap-fsu.fr\/na\/2024\/03\/27\/le-snetap-fsu-nouvelle-aquitaine-reunit-en-csr\/","url":"https:\/\/regions-snetap-fsu.fr\/na\/2024\/03\/27\/le-snetap-fsu-nouvelle-aquitaine-reunit-en-csr\/","name":"Le SNETAP-FSU Nouvelle Aquitaine r\u00e9unit en CSR - NOUVELLE AQUITAINE","isPartOf":{"@id":"https:\/\/regions-snetap-fsu.fr\/na\/#website"},"primaryImageOfPage":{"@id":"https:\/\/regions-snetap-fsu.fr\/na\/2024\/03\/27\/le-snetap-fsu-nouvelle-aquitaine-reunit-en-csr\/#primaryimage"},"image":{"@id":"https:\/\/regions-snetap-fsu.fr\/na\/2024\/03\/27\/le-snetap-fsu-nouvelle-aquitaine-reunit-en-csr\/#primaryimage"},"thumbnailUrl":"https:\/\/regions-snetap-fsu.fr\/na\/wp-content\/uploads\/sites\/3\/2024\/03\/IMG_2417-TER-scaled.jpg","datePublished":"2024-03-27T09:39:05+00:00","dateModified":"2024-03-28T13:36:48+00:00","breadcrumb":{"@id":"https:\/\/regions-snetap-fsu.fr\/na\/2024\/03\/27\/le-snetap-fsu-nouvelle-aquitaine-reunit-en-csr\/#breadcrumb"},"inLanguage":"fr-FR","potentialAction":[{"@type":"ReadAction","target":["https:\/\/regions-snetap-fsu.fr\/na\/2024\/03\/27\/le-snetap-fsu-nouvelle-aquitaine-reunit-en-csr\/"]}]},{"@type":"ImageObject","inLanguage":"fr-FR","@id":"https:\/\/regions-snetap-fsu.fr\/na\/2024\/03\/27\/le-snetap-fsu-nouvelle-aquitaine-reunit-en-csr\/#primaryimage","url":"https:\/\/regions-snetap-fsu.fr\/na\/wp-content\/uploads\/sites\/3\/2024\/03\/IMG_2417-TER-scaled.jpg","contentUrl":"https:\/\/regions-snetap-fsu.fr\/na\/wp-content\/uploads\/sites\/3\/2024\/03\/IMG_2417-TER-scaled.jpg","width":2560,"height":1791},{"@type":"BreadcrumbList","@id":"https:\/\/regions-snetap-fsu.fr\/na\/2024\/03\/27\/le-snetap-fsu-nouvelle-aquitaine-reunit-en-csr\/#breadcrumb","itemListElement":[{"@type":"ListItem","position":1,"name":"Accueil","item":"https:\/\/regions-snetap-fsu.fr\/na\/"},{"@type":"ListItem","position":2,"name":"Le SNETAP-FSU Nouvelle Aquitaine r\u00e9unit en CSR"}]},{"@type":"WebSite","@id":"https:\/\/regions-snetap-fsu.fr\/na\/#website","url":"https:\/\/regions-snetap-fsu.fr\/na\/","name":"SNETAP-FSU NOUVELLE AQUITAINE","description":"Blog de la Section R\u00e9gionale","publisher":{"@id":"https:\/\/regions-snetap-fsu.fr\/na\/#organization"},"potentialAction":[{"@type":"SearchAction","target":{"@type":"EntryPoint","urlTemplate":"https:\/\/regions-snetap-fsu.fr\/na\/?s={search_term_string}"},"query-input":{"@type":"PropertyValueSpecification","valueRequired":true,"valueName":"search_term_string"}}],"inLanguage":"fr-FR"},{"@type":"Organization","@id":"https:\/\/regions-snetap-fsu.fr\/na\/#organization","name":"SNETAP-FSU - Nouvelle Aquitaine","url":"https:\/\/regions-snetap-fsu.fr\/na\/","logo":{"@type":"ImageObject","inLanguage":"fr-FR","@id":"https:\/\/regions-snetap-fsu.fr\/na\/#\/schema\/logo\/image\/","url":"https:\/\/regions-snetap-fsu.fr\/na\/wp-content\/uploads\/sites\/3\/2020\/12\/SNETAP-Logo.jpg","contentUrl":"https:\/\/regions-snetap-fsu.fr\/na\/wp-content\/uploads\/sites\/3\/2020\/12\/SNETAP-Logo.jpg","width":464,"height":334,"caption":"SNETAP-FSU - Nouvelle Aquitaine"},"image":{"@id":"https:\/\/regions-snetap-fsu.fr\/na\/#\/schema\/logo\/image\/"}},{"@type":"Person","@id":"https:\/\/regions-snetap-fsu.fr\/na\/#\/schema\/person\/bdf1c4fe149dcf915601f9de85ba379f","name":"olivierb","image":{"@type":"ImageObject","inLanguage":"fr-FR","@id":"https:\/\/secure.gravatar.com\/avatar\/d9cce0db1146844098d0ec7fae94551015c4ff78117aab56897823bb265a7bc9?s=96&d=mm&r=g","url":"https:\/\/secure.gravatar.com\/avatar\/d9cce0db1146844098d0ec7fae94551015c4ff78117aab56897823bb265a7bc9?s=96&d=mm&r=g","contentUrl":"https:\/\/secure.gravatar.com\/avatar\/d9cce0db1146844098d0ec7fae94551015c4ff78117aab56897823bb265a7bc9?s=96&d=mm&r=g","caption":"olivierb"},"url":"https:\/\/regions-snetap-fsu.fr\/na\/author\/olivierb\/"}]}},"_links":{"self":[{"href":"https:\/\/regions-snetap-fsu.fr\/na\/wp-json\/wp\/v2\/posts\/3595","targetHints":{"allow":["GET"]}}],"collection":[{"href":"https:\/\/regions-snetap-fsu.fr\/na\/wp-json\/wp\/v2\/posts"}],"about":[{"href":"https:\/\/regions-snetap-fsu.fr\/na\/wp-json\/wp\/v2\/types\/post"}],"author":[{"embeddable":true,"href":"https:\/\/regions-snetap-fsu.fr\/na\/wp-json\/wp\/v2\/users\/128"}],"replies":[{"embeddable":true,"href":"https:\/\/regions-snetap-fsu.fr\/na\/wp-json\/wp\/v2\/comments?post=3595"}],"version-history":[{"count":4,"href":"https:\/\/regions-snetap-fsu.fr\/na\/wp-json\/wp\/v2\/posts\/3595\/revisions"}],"predecessor-version":[{"id":3610,"href":"https:\/\/regions-snetap-fsu.fr\/na\/wp-json\/wp\/v2\/posts\/3595\/revisions\/3610"}],"wp:featuredmedia":[{"embeddable":true,"href":"https:\/\/regions-snetap-fsu.fr\/na\/wp-json\/wp\/v2\/media\/3604"}],"wp:attachment":[{"href":"https:\/\/regions-snetap-fsu.fr\/na\/wp-json\/wp\/v2\/media?parent=3595"}],"wp:term":[{"taxonomy":"category","embeddable":true,"href":"https:\/\/regions-snetap-fsu.fr\/na\/wp-json\/wp\/v2\/categories?post=3595"},{"taxonomy":"post_tag","embeddable":true,"href":"https:\/\/regions-snetap-fsu.fr\/na\/wp-json\/wp\/v2\/tags?post=3595"},{"taxonomy":"post_folder","embeddable":true,"href":"https:\/\/regions-snetap-fsu.fr\/na\/wp-json\/wp\/v2\/post_folder?post=3595"}],"curies":[{"name":"wp","href":"https:\/\/api.w.org\/{rel}","templated":true}]}}