{"id":3507,"date":"2023-12-11T00:55:18","date_gmt":"2023-12-10T23:55:18","guid":{"rendered":"https:\/\/regions-snetap-fsu.fr\/na\/?p=3507"},"modified":"2023-12-13T00:15:08","modified_gmt":"2023-12-12T23:15:08","slug":"le-snetap-fsu-nouvelle-aquitaine-rencontre-la-directrice-regionale","status":"publish","type":"post","link":"https:\/\/regions-snetap-fsu.fr\/na\/2023\/12\/11\/le-snetap-fsu-nouvelle-aquitaine-rencontre-la-directrice-regionale\/","title":{"rendered":"Le SNETAP-FSU Nouvelle Aquitaine rencontre la Directrice r\u00e9gionale"},"content":{"rendered":"<p align=\"justify\"><span style=\"font-family: Arial, sans-serif;color: #ff6600;font-size: 12pt\"><b>Le Secr\u00e9tariat r\u00e9gional Nouvelle Aquitaine du SNETAP-FSU a rencontr\u00e9 mercredi 29 novembre Madame Alavoine, Directrice r\u00e9gionale de la DRAAF. Elle \u00e9tait accompagn\u00e9e de Madame Genin, Directrice adjointe.<\/b><\/span><\/p>\n<p align=\"justify\"><span style=\"font-family: Arial, sans-serif;font-size: 12pt\">Le SNETAP-FSU avait adress\u00e9 cette demande de premi\u00e8re rencontre avec la nouvelle Directrice r\u00e9gionale \u00e0 l\u2019occasion de sa prise de fonction au mois d\u2019octobre.<\/span><\/p>\n<p align=\"justify\"><span style=\"font-family: Arial, sans-serif;font-size: 12pt\"><span style=\"color: #000000\">Ce rendez vous \u00e9tait l\u2019occasion pour le SNETAP-FSU de rappeler ses attentes vis \u00e0 vis de l\u2019autorit\u00e9 acad\u00e9mique.<\/span><\/span><\/p>\n<p align=\"justify\"><span style=\"font-family: Arial, sans-serif;font-size: 12pt;color: #339966\"><b>Demande de plus et de mieux de dialogue social <\/b><\/span><\/p>\n<p align=\"justify\"><span style=\"font-family: Arial, sans-serif;font-size: 12pt\"><span style=\"color: #000000\">Pour les organisations syndicales, la p\u00e9riode qui vient de s\u2019\u00e9couler avec l\u2019ancien directeur r\u00e9gional n\u2019a pas permis un dialogue serein au sein des diff\u00e9rentes instances r\u00e9gionales. Un changement de ligne et de<\/span><\/span><span style=\"color: #000000;font-family: Arial, sans-serif\"> conditions du dialogue social<\/span><span style=\"color: #000000;font-family: Arial, sans-serif\">\u00a0<\/span><span style=\"color: #000000;font-family: Arial, sans-serif\">est n\u00e9cessaire.<\/span><\/p>\n<p align=\"justify\"><span style=\"font-family: Arial, sans-serif;font-size: 12pt\"><span style=\"color: #000000\">Ce manque de dialogue au plus haut niveau de l\u2019administration r\u00e9gionale s\u2019est ressenti jusque dans la gestion des \u00e9tablissements et les probl\u00e8mes avec certaines \u00e9quipes de direction.<\/span><\/span><\/p>\n<p align=\"justify\"><span style=\"font-family: 'Book Antiqua', serif;font-size: 12pt\"><i><span style=\"color: #000000\">La Directrice r\u00e9gionale n\u2019a pas souhait\u00e9 commenter nos remarques sur les conditions d\u2019\u00e9change avec son pr\u00e9d\u00e9cesseur mais s\u2019est dite particuli\u00e8rement attach\u00e9e au dialogue social. Elle tient \u00e0 la qualit\u00e9 du dialogue dans les instances r\u00e9gionales mais se dit pr\u00eate \u00e9galement \u00e0 rencontrer l\u2019\u00c9lan commun de fa\u00e7on plus r\u00e9guli\u00e8re en dehors des convocations formelles des instances. <\/span><\/i><\/span><\/p>\n<p align=\"justify\"><span style=\"font-family: Arial, sans-serif;font-size: 12pt\"><span style=\"color: #000000\">Le SNETAP-FSU a rappel\u00e9 sa demande d\u2019<\/span>une plus grande fr\u00e9quence des instances comme le CSA U REA ou la FS-SSCT et un agenda concert\u00e9 sur leur programmation. Un rythme de deux r\u00e9unions par an n\u2019est pas suffisant pour la plus grande r\u00e9gion de France, dans laquelle il n\u2019y a pas si longtemps ce sont trois instances distinctes qui se r\u00e9unissaient pour le m\u00eame territoire.<\/span><\/p>\n<p align=\"justify\"><span style=\"font-family: Arial, sans-serif;font-size: 12pt\"><span style=\"color: #000000\">Nous avons soulign\u00e9 le p<\/span>robl\u00e8me plus sp\u00e9cifique de la CCPR, pour laquelle nos repr\u00e9sentant.es charg\u00e9.es de d\u00e9fendre nos coll\u00e8gues contractuel.les ne peuvent avoir acc\u00e8s aux dossiers que le matin-m\u00eame de la tenue des r\u00e9unions. Nous demandons que les documents soient transmis avec la convocation pour permettre le travail efficace de nos \u00e9lu.es.<\/span><\/p>\n<p align=\"justify\"><span style=\"font-family: 'Book Antiqua', serif;font-size: 12pt\"><i><span style=\"color: #000000\">Sur ce sujet, la DRAAF rappelle son souci du respect de la RGPD et de la confidentialit\u00e9 des dossiers des agents mais regardera ce qui se fait dans d\u2019autres r\u00e9gions et des possibilit\u00e9s d\u2019envoi s\u00e9curis\u00e9 des documents.<\/span><\/i><\/span><\/p>\n<p align=\"justify\"><strong><span style=\"font-family: Arial, sans-serif;font-size: 12pt;color: #339966\">Boycott des instances<\/span><\/strong><\/p>\n<p align=\"justify\"><span style=\"font-family: Arial, sans-serif;font-size: 12pt\"><span style=\"color: #000000\">Le SNETAP-FSU a \u00e9galement \u00e9voqu\u00e9 les a<\/span>ctions en cours et rappel\u00e9 le boycott engag\u00e9 par l\u2019Intersyndicale (FSU &#8211; CGT &#8211; SUD &#8211; FO &#8211; UNSA) contre la modification du d\u00e9compte de la pluridisciplinarit\u00e9 dans nos fiches de service. Il a \u00e9galement redit son opposition au Pacte et demand\u00e9 une v\u00e9ritable revalorisation des salaires des personnels de l\u2019enseignement agricole, y compris en CFA et CFPPA.<\/span><\/p>\n<p align=\"justify\"><span style=\"font-family: Arial, sans-serif;font-size: 12pt\"><span style=\"color: #000000\">Sur le Pacte n<\/span>ous demandons une totale transparence sur la r\u00e9partition des briques et des missions aux niveaux r\u00e9gional et local et exigeons un bilan de ce dispositif. Nous rappelons \u00e9galement que le Pacte ne peut devenir un fourre-tout laiss\u00e9 \u00e0 la totale autonomie des chefs d\u2019\u00e9tablissement.<\/span><\/p>\n<p align=\"justify\"><span style=\"font-family: Arial, sans-serif;font-size: 12pt\"><span style=\"color: #000000\">Concernant les CFA <\/span>et les CFPPA le SNETAP-FSU rappelle la demande d\u2019une \u00e9galit\u00e9 de traitement des agents sur l\u2019ensemble des EPL avec notamment le doublement de la prime ISOE comme cela s\u2019est fait \u00e0 l\u2019occasion de plusieurs Conseil d\u2019administration.<\/span><\/p>\n<p align=\"justify\"><span style=\"font-family: 'Book Antiqua', serif;font-size: 12pt\"><i><span style=\"color: #000000\">La Directrice r\u00e9gional ne partage l\u2019analyse du SNETAP-FSU sur le Pacte. Elle y voit au contraire une opportunit\u00e9 pour les personnels et les \u00e9tablissements. Elle reconna\u00eet n\u00e9anmoins que les r\u00e8gles dans l\u2019utilisation de ce dispositif doivent \u00eatre respect\u00e9es et promet un bilan pr\u00e9cis d\u00e8s les instances de la rentr\u00e9e 2024.<\/span><\/i><\/span><\/p>\n<p align=\"justify\"><span style=\"font-family: 'Book Antiqua', serif;font-size: 12pt\"><i><span style=\"color: #000000\">Elle assure au Secr\u00e9tariat r\u00e9gional qu\u2019elle fera remont\u00e9e ses remarques vers la DGER.<\/span><\/i><\/span><\/p>\n<p align=\"justify\"><strong><span style=\"font-family: Arial, sans-serif;font-size: 12pt;color: #339966\">Conditions de travail<\/span><\/strong><\/p>\n<p align=\"justify\"><span style=\"font-family: Arial, sans-serif;font-size: 12pt\"><span style=\"color: #000000\">En parall\u00e8le le SNETAP-FSU a alert\u00e9 la Directrice r\u00e9gionale sur la d\u00e9gradation des conditions de travail des personnels de l\u2019Enseignement agricole public que viendrait encore accentuer une modification de nos fiches de service. <\/span><\/span><\/p>\n<p align=\"justify\"><span style=\"font-family: Arial, sans-serif;font-size: 12pt\"><span style=\"color: #000000\">Mais nous avons aussi tenu \u00e0 mettre en alerte la DRAAF sur les surcharges de travail des personnels administratifs dans l\u2019ensemble des services que ce soit en \u00e9tablissements ou en services d\u00e9concentr\u00e9s. A cette mont\u00e9e en charge, chaque ann\u00e9e, des dossiers \u00e0 traiter avec paradoxalement une baisse des effectifs, se rajoute l\u2019utilisation d\u2019outils informatiques de plus en plus complexes.<\/span><\/span><\/p>\n<p align=\"justify\"><span style=\"font-family: Arial, sans-serif;font-size: 12pt\"><span style=\"color: #000000\">Enfin le SNETAP-FSU a fait part de ses plus grandes inqui\u00e9tudes sur l\u2019application des derni\u00e8res mesures annonc\u00e9es par Carole Grandjean sur la r<\/span>\u00e9forme de la voie professionnelle. <\/span><\/p>\n<p align=\"justify\"><span style=\"font-family: 'Book Antiqua', serif;font-size: 12pt\"><i><span style=\"color: #000000\">La Directrice r\u00e9gionale n\u2019a pour l\u2019heure aucune information sur la d\u00e9clinaison de ces mesures dans l\u2019Enseignement agricole.<\/span><\/i><\/span><\/p>\n","protected":false},"excerpt":{"rendered":"<p>Le Secr\u00e9tariat r\u00e9gional Nouvelle Aquitaine du SNETAP-FSU a rencontr\u00e9 mercredi 29 novembre Madame Alavoine, Directrice r\u00e9gionale de la DRAAF. Elle \u00e9tait accompagn\u00e9e de Madame Genin, Directrice adjointe. Le SNETAP-FSU avait adress\u00e9 cette demande de premi\u00e8re rencontre avec la nouvelle Directrice r\u00e9gionale \u00e0 l\u2019occasion de sa prise de fonction au mois d\u2019octobre. Ce rendez vous \u00e9tait [&hellip;]<\/p>\n","protected":false},"author":128,"featured_media":3509,"comment_status":"closed","ping_status":"closed","sticky":false,"template":"","format":"standard","meta":{"ocean_post_layout":"","ocean_both_sidebars_style":"","ocean_both_sidebars_content_width":0,"ocean_both_sidebars_sidebars_width":0,"ocean_sidebar":"","ocean_second_sidebar":"","ocean_disable_margins":"enable","ocean_add_body_class":"","ocean_shortcode_before_top_bar":"","ocean_shortcode_after_top_bar":"","ocean_shortcode_before_header":"","ocean_shortcode_after_header":"","ocean_has_shortcode":"","ocean_shortcode_after_title":"","ocean_shortcode_before_footer_widgets":"","ocean_shortcode_after_footer_widgets":"","ocean_shortcode_before_footer_bottom":"","ocean_shortcode_after_footer_bottom":"","ocean_display_top_bar":"default","ocean_display_header":"default","ocean_header_style":"","ocean_center_header_left_menu":"","ocean_custom_header_template":"","ocean_custom_logo":0,"ocean_custom_retina_logo":0,"ocean_custom_logo_max_width":0,"ocean_custom_logo_tablet_max_width":0,"ocean_custom_logo_mobile_max_width":0,"ocean_custom_logo_max_height":0,"ocean_custom_logo_tablet_max_height":0,"ocean_custom_logo_mobile_max_height":0,"ocean_header_custom_menu":"","ocean_menu_typo_font_family":"","ocean_menu_typo_font_subset":"","ocean_menu_typo_font_size":0,"ocean_menu_typo_font_size_tablet":0,"ocean_menu_typo_font_size_mobile":0,"ocean_menu_typo_font_size_unit":"px","ocean_menu_typo_font_weight":"","ocean_menu_typo_font_weight_tablet":"","ocean_menu_typo_font_weight_mobile":"","ocean_menu_typo_transform":"","ocean_menu_typo_transform_tablet":"","ocean_menu_typo_transform_mobile":"","ocean_menu_typo_line_height":0,"ocean_menu_typo_line_height_tablet":0,"ocean_menu_typo_line_height_mobile":0,"ocean_menu_typo_line_height_unit":"","ocean_menu_typo_spacing":0,"ocean_menu_typo_spacing_tablet":0,"ocean_menu_typo_spacing_mobile":0,"ocean_menu_typo_spacing_unit":"","ocean_menu_link_color":"","ocean_menu_link_color_hover":"","ocean_menu_link_color_active":"","ocean_menu_link_background":"","ocean_menu_link_hover_background":"","ocean_menu_link_active_background":"","ocean_menu_social_links_bg":"","ocean_menu_social_hover_links_bg":"","ocean_menu_social_links_color":"","ocean_menu_social_hover_links_color":"","ocean_disable_title":"default","ocean_disable_heading":"default","ocean_post_title":"","ocean_post_subheading":"","ocean_post_title_style":"","ocean_post_title_background_color":"","ocean_post_title_background":0,"ocean_post_title_bg_image_position":"","ocean_post_title_bg_image_attachment":"","ocean_post_title_bg_image_repeat":"","ocean_post_title_bg_image_size":"","ocean_post_title_height":0,"ocean_post_title_bg_overlay":0.5,"ocean_post_title_bg_overlay_color":"","ocean_disable_breadcrumbs":"default","ocean_breadcrumbs_color":"","ocean_breadcrumbs_separator_color":"","ocean_breadcrumbs_links_color":"","ocean_breadcrumbs_links_hover_color":"","ocean_display_footer_widgets":"default","ocean_display_footer_bottom":"default","ocean_custom_footer_template":"","ocean_post_oembed":"","ocean_post_self_hosted_media":"","ocean_post_video_embed":"","ocean_link_format":"","ocean_link_format_target":"self","ocean_quote_format":"","ocean_quote_format_link":"post","ocean_gallery_link_images":"off","ocean_gallery_id":[],"footnotes":""},"categories":[1],"tags":[],"post_folder":[],"class_list":["post-3507","post","type-post","status-publish","format-standard","has-post-thumbnail","hentry","category-message-de-service","entry","has-media"],"yoast_head":"<!-- This site is optimized with the Yoast SEO plugin v27.4 - https:\/\/yoast.com\/product\/yoast-seo-wordpress\/ -->\n<title>Le SNETAP-FSU Nouvelle Aquitaine rencontre la Directrice r\u00e9gionale - NOUVELLE AQUITAINE<\/title>\n<meta name=\"robots\" content=\"index, follow, max-snippet:-1, max-image-preview:large, max-video-preview:-1\" \/>\n<link rel=\"canonical\" href=\"https:\/\/regions-snetap-fsu.fr\/na\/2023\/12\/11\/le-snetap-fsu-nouvelle-aquitaine-rencontre-la-directrice-regionale\/\" \/>\n<meta property=\"og:locale\" content=\"fr_FR\" \/>\n<meta property=\"og:type\" content=\"article\" \/>\n<meta property=\"og:title\" content=\"Le SNETAP-FSU Nouvelle Aquitaine rencontre la Directrice r\u00e9gionale - NOUVELLE AQUITAINE\" \/>\n<meta property=\"og:description\" content=\"Le Secr\u00e9tariat r\u00e9gional Nouvelle Aquitaine du SNETAP-FSU a rencontr\u00e9 mercredi 29 novembre Madame Alavoine, Directrice r\u00e9gionale de la DRAAF. Elle \u00e9tait accompagn\u00e9e de Madame Genin, Directrice adjointe. Le SNETAP-FSU avait adress\u00e9 cette demande de premi\u00e8re rencontre avec la nouvelle Directrice r\u00e9gionale \u00e0 l\u2019occasion de sa prise de fonction au mois d\u2019octobre. Ce rendez vous \u00e9tait [&hellip;]\" \/>\n<meta property=\"og:url\" content=\"https:\/\/regions-snetap-fsu.fr\/na\/2023\/12\/11\/le-snetap-fsu-nouvelle-aquitaine-rencontre-la-directrice-regionale\/\" \/>\n<meta property=\"og:site_name\" content=\"NOUVELLE AQUITAINE\" \/>\n<meta property=\"article:published_time\" content=\"2023-12-10T23:55:18+00:00\" \/>\n<meta property=\"article:modified_time\" content=\"2023-12-12T23:15:08+00:00\" \/>\n<meta property=\"og:image\" content=\"https:\/\/regions-snetap-fsu.fr\/na\/wp-content\/uploads\/sites\/3\/2023\/12\/Photo-blog.jpg\" \/>\n\t<meta property=\"og:image:width\" content=\"1080\" \/>\n\t<meta property=\"og:image:height\" content=\"1080\" \/>\n\t<meta property=\"og:image:type\" content=\"image\/jpeg\" \/>\n<meta name=\"author\" content=\"olivierb\" \/>\n<meta name=\"twitter:card\" content=\"summary_large_image\" \/>\n<meta name=\"twitter:label1\" content=\"\u00c9crit par\" \/>\n\t<meta name=\"twitter:data1\" content=\"olivierb\" \/>\n\t<meta name=\"twitter:label2\" content=\"Dur\u00e9e de lecture estim\u00e9e\" \/>\n\t<meta name=\"twitter:data2\" content=\"4 minutes\" \/>\n<script type=\"application\/ld+json\" class=\"yoast-schema-graph\">{\"@context\":\"https:\\\/\\\/schema.org\",\"@graph\":[{\"@type\":\"Article\",\"@id\":\"https:\\\/\\\/regions-snetap-fsu.fr\\\/na\\\/2023\\\/12\\\/11\\\/le-snetap-fsu-nouvelle-aquitaine-rencontre-la-directrice-regionale\\\/#article\",\"isPartOf\":{\"@id\":\"https:\\\/\\\/regions-snetap-fsu.fr\\\/na\\\/2023\\\/12\\\/11\\\/le-snetap-fsu-nouvelle-aquitaine-rencontre-la-directrice-regionale\\\/\"},\"author\":{\"name\":\"olivierb\",\"@id\":\"https:\\\/\\\/regions-snetap-fsu.fr\\\/na\\\/#\\\/schema\\\/person\\\/bdf1c4fe149dcf915601f9de85ba379f\"},\"headline\":\"Le SNETAP-FSU Nouvelle Aquitaine rencontre la Directrice r\u00e9gionale\",\"datePublished\":\"2023-12-10T23:55:18+00:00\",\"dateModified\":\"2023-12-12T23:15:08+00:00\",\"mainEntityOfPage\":{\"@id\":\"https:\\\/\\\/regions-snetap-fsu.fr\\\/na\\\/2023\\\/12\\\/11\\\/le-snetap-fsu-nouvelle-aquitaine-rencontre-la-directrice-regionale\\\/\"},\"wordCount\":814,\"publisher\":{\"@id\":\"https:\\\/\\\/regions-snetap-fsu.fr\\\/na\\\/#organization\"},\"image\":{\"@id\":\"https:\\\/\\\/regions-snetap-fsu.fr\\\/na\\\/2023\\\/12\\\/11\\\/le-snetap-fsu-nouvelle-aquitaine-rencontre-la-directrice-regionale\\\/#primaryimage\"},\"thumbnailUrl\":\"https:\\\/\\\/regions-snetap-fsu.fr\\\/na\\\/wp-content\\\/uploads\\\/sites\\\/3\\\/2023\\\/12\\\/Photo-blog.jpg\",\"articleSection\":[\"Message de service\"],\"inLanguage\":\"fr-FR\"},{\"@type\":\"WebPage\",\"@id\":\"https:\\\/\\\/regions-snetap-fsu.fr\\\/na\\\/2023\\\/12\\\/11\\\/le-snetap-fsu-nouvelle-aquitaine-rencontre-la-directrice-regionale\\\/\",\"url\":\"https:\\\/\\\/regions-snetap-fsu.fr\\\/na\\\/2023\\\/12\\\/11\\\/le-snetap-fsu-nouvelle-aquitaine-rencontre-la-directrice-regionale\\\/\",\"name\":\"Le SNETAP-FSU Nouvelle Aquitaine rencontre la Directrice r\u00e9gionale - NOUVELLE AQUITAINE\",\"isPartOf\":{\"@id\":\"https:\\\/\\\/regions-snetap-fsu.fr\\\/na\\\/#website\"},\"primaryImageOfPage\":{\"@id\":\"https:\\\/\\\/regions-snetap-fsu.fr\\\/na\\\/2023\\\/12\\\/11\\\/le-snetap-fsu-nouvelle-aquitaine-rencontre-la-directrice-regionale\\\/#primaryimage\"},\"image\":{\"@id\":\"https:\\\/\\\/regions-snetap-fsu.fr\\\/na\\\/2023\\\/12\\\/11\\\/le-snetap-fsu-nouvelle-aquitaine-rencontre-la-directrice-regionale\\\/#primaryimage\"},\"thumbnailUrl\":\"https:\\\/\\\/regions-snetap-fsu.fr\\\/na\\\/wp-content\\\/uploads\\\/sites\\\/3\\\/2023\\\/12\\\/Photo-blog.jpg\",\"datePublished\":\"2023-12-10T23:55:18+00:00\",\"dateModified\":\"2023-12-12T23:15:08+00:00\",\"breadcrumb\":{\"@id\":\"https:\\\/\\\/regions-snetap-fsu.fr\\\/na\\\/2023\\\/12\\\/11\\\/le-snetap-fsu-nouvelle-aquitaine-rencontre-la-directrice-regionale\\\/#breadcrumb\"},\"inLanguage\":\"fr-FR\",\"potentialAction\":[{\"@type\":\"ReadAction\",\"target\":[\"https:\\\/\\\/regions-snetap-fsu.fr\\\/na\\\/2023\\\/12\\\/11\\\/le-snetap-fsu-nouvelle-aquitaine-rencontre-la-directrice-regionale\\\/\"]}]},{\"@type\":\"ImageObject\",\"inLanguage\":\"fr-FR\",\"@id\":\"https:\\\/\\\/regions-snetap-fsu.fr\\\/na\\\/2023\\\/12\\\/11\\\/le-snetap-fsu-nouvelle-aquitaine-rencontre-la-directrice-regionale\\\/#primaryimage\",\"url\":\"https:\\\/\\\/regions-snetap-fsu.fr\\\/na\\\/wp-content\\\/uploads\\\/sites\\\/3\\\/2023\\\/12\\\/Photo-blog.jpg\",\"contentUrl\":\"https:\\\/\\\/regions-snetap-fsu.fr\\\/na\\\/wp-content\\\/uploads\\\/sites\\\/3\\\/2023\\\/12\\\/Photo-blog.jpg\",\"width\":1080,\"height\":1080},{\"@type\":\"BreadcrumbList\",\"@id\":\"https:\\\/\\\/regions-snetap-fsu.fr\\\/na\\\/2023\\\/12\\\/11\\\/le-snetap-fsu-nouvelle-aquitaine-rencontre-la-directrice-regionale\\\/#breadcrumb\",\"itemListElement\":[{\"@type\":\"ListItem\",\"position\":1,\"name\":\"Accueil\",\"item\":\"https:\\\/\\\/regions-snetap-fsu.fr\\\/na\\\/\"},{\"@type\":\"ListItem\",\"position\":2,\"name\":\"Le SNETAP-FSU Nouvelle Aquitaine rencontre la Directrice r\u00e9gionale\"}]},{\"@type\":\"WebSite\",\"@id\":\"https:\\\/\\\/regions-snetap-fsu.fr\\\/na\\\/#website\",\"url\":\"https:\\\/\\\/regions-snetap-fsu.fr\\\/na\\\/\",\"name\":\"SNETAP-FSU NOUVELLE AQUITAINE\",\"description\":\"Blog de la Section R\u00e9gionale\",\"publisher\":{\"@id\":\"https:\\\/\\\/regions-snetap-fsu.fr\\\/na\\\/#organization\"},\"potentialAction\":[{\"@type\":\"SearchAction\",\"target\":{\"@type\":\"EntryPoint\",\"urlTemplate\":\"https:\\\/\\\/regions-snetap-fsu.fr\\\/na\\\/?s={search_term_string}\"},\"query-input\":{\"@type\":\"PropertyValueSpecification\",\"valueRequired\":true,\"valueName\":\"search_term_string\"}}],\"inLanguage\":\"fr-FR\"},{\"@type\":\"Organization\",\"@id\":\"https:\\\/\\\/regions-snetap-fsu.fr\\\/na\\\/#organization\",\"name\":\"SNETAP-FSU - Nouvelle Aquitaine\",\"url\":\"https:\\\/\\\/regions-snetap-fsu.fr\\\/na\\\/\",\"logo\":{\"@type\":\"ImageObject\",\"inLanguage\":\"fr-FR\",\"@id\":\"https:\\\/\\\/regions-snetap-fsu.fr\\\/na\\\/#\\\/schema\\\/logo\\\/image\\\/\",\"url\":\"https:\\\/\\\/regions-snetap-fsu.fr\\\/na\\\/wp-content\\\/uploads\\\/sites\\\/3\\\/2020\\\/12\\\/SNETAP-Logo.jpg\",\"contentUrl\":\"https:\\\/\\\/regions-snetap-fsu.fr\\\/na\\\/wp-content\\\/uploads\\\/sites\\\/3\\\/2020\\\/12\\\/SNETAP-Logo.jpg\",\"width\":464,\"height\":334,\"caption\":\"SNETAP-FSU - Nouvelle Aquitaine\"},\"image\":{\"@id\":\"https:\\\/\\\/regions-snetap-fsu.fr\\\/na\\\/#\\\/schema\\\/logo\\\/image\\\/\"}},{\"@type\":\"Person\",\"@id\":\"https:\\\/\\\/regions-snetap-fsu.fr\\\/na\\\/#\\\/schema\\\/person\\\/bdf1c4fe149dcf915601f9de85ba379f\",\"name\":\"olivierb\",\"image\":{\"@type\":\"ImageObject\",\"inLanguage\":\"fr-FR\",\"@id\":\"https:\\\/\\\/secure.gravatar.com\\\/avatar\\\/d9cce0db1146844098d0ec7fae94551015c4ff78117aab56897823bb265a7bc9?s=96&d=mm&r=g\",\"url\":\"https:\\\/\\\/secure.gravatar.com\\\/avatar\\\/d9cce0db1146844098d0ec7fae94551015c4ff78117aab56897823bb265a7bc9?s=96&d=mm&r=g\",\"contentUrl\":\"https:\\\/\\\/secure.gravatar.com\\\/avatar\\\/d9cce0db1146844098d0ec7fae94551015c4ff78117aab56897823bb265a7bc9?s=96&d=mm&r=g\",\"caption\":\"olivierb\"},\"url\":\"https:\\\/\\\/regions-snetap-fsu.fr\\\/na\\\/author\\\/olivierb\\\/\"}]}<\/script>\n<!-- \/ Yoast SEO plugin. -->","yoast_head_json":{"title":"Le SNETAP-FSU Nouvelle Aquitaine rencontre la Directrice r\u00e9gionale - NOUVELLE AQUITAINE","robots":{"index":"index","follow":"follow","max-snippet":"max-snippet:-1","max-image-preview":"max-image-preview:large","max-video-preview":"max-video-preview:-1"},"canonical":"https:\/\/regions-snetap-fsu.fr\/na\/2023\/12\/11\/le-snetap-fsu-nouvelle-aquitaine-rencontre-la-directrice-regionale\/","og_locale":"fr_FR","og_type":"article","og_title":"Le SNETAP-FSU Nouvelle Aquitaine rencontre la Directrice r\u00e9gionale - NOUVELLE AQUITAINE","og_description":"Le Secr\u00e9tariat r\u00e9gional Nouvelle Aquitaine du SNETAP-FSU a rencontr\u00e9 mercredi 29 novembre Madame Alavoine, Directrice r\u00e9gionale de la DRAAF. Elle \u00e9tait accompagn\u00e9e de Madame Genin, Directrice adjointe. Le SNETAP-FSU avait adress\u00e9 cette demande de premi\u00e8re rencontre avec la nouvelle Directrice r\u00e9gionale \u00e0 l\u2019occasion de sa prise de fonction au mois d\u2019octobre. Ce rendez vous \u00e9tait [&hellip;]","og_url":"https:\/\/regions-snetap-fsu.fr\/na\/2023\/12\/11\/le-snetap-fsu-nouvelle-aquitaine-rencontre-la-directrice-regionale\/","og_site_name":"NOUVELLE AQUITAINE","article_published_time":"2023-12-10T23:55:18+00:00","article_modified_time":"2023-12-12T23:15:08+00:00","og_image":[{"width":1080,"height":1080,"url":"https:\/\/regions-snetap-fsu.fr\/na\/wp-content\/uploads\/sites\/3\/2023\/12\/Photo-blog.jpg","type":"image\/jpeg"}],"author":"olivierb","twitter_card":"summary_large_image","twitter_misc":{"\u00c9crit par":"olivierb","Dur\u00e9e de lecture estim\u00e9e":"4 minutes"},"schema":{"@context":"https:\/\/schema.org","@graph":[{"@type":"Article","@id":"https:\/\/regions-snetap-fsu.fr\/na\/2023\/12\/11\/le-snetap-fsu-nouvelle-aquitaine-rencontre-la-directrice-regionale\/#article","isPartOf":{"@id":"https:\/\/regions-snetap-fsu.fr\/na\/2023\/12\/11\/le-snetap-fsu-nouvelle-aquitaine-rencontre-la-directrice-regionale\/"},"author":{"name":"olivierb","@id":"https:\/\/regions-snetap-fsu.fr\/na\/#\/schema\/person\/bdf1c4fe149dcf915601f9de85ba379f"},"headline":"Le SNETAP-FSU Nouvelle Aquitaine rencontre la Directrice r\u00e9gionale","datePublished":"2023-12-10T23:55:18+00:00","dateModified":"2023-12-12T23:15:08+00:00","mainEntityOfPage":{"@id":"https:\/\/regions-snetap-fsu.fr\/na\/2023\/12\/11\/le-snetap-fsu-nouvelle-aquitaine-rencontre-la-directrice-regionale\/"},"wordCount":814,"publisher":{"@id":"https:\/\/regions-snetap-fsu.fr\/na\/#organization"},"image":{"@id":"https:\/\/regions-snetap-fsu.fr\/na\/2023\/12\/11\/le-snetap-fsu-nouvelle-aquitaine-rencontre-la-directrice-regionale\/#primaryimage"},"thumbnailUrl":"https:\/\/regions-snetap-fsu.fr\/na\/wp-content\/uploads\/sites\/3\/2023\/12\/Photo-blog.jpg","articleSection":["Message de service"],"inLanguage":"fr-FR"},{"@type":"WebPage","@id":"https:\/\/regions-snetap-fsu.fr\/na\/2023\/12\/11\/le-snetap-fsu-nouvelle-aquitaine-rencontre-la-directrice-regionale\/","url":"https:\/\/regions-snetap-fsu.fr\/na\/2023\/12\/11\/le-snetap-fsu-nouvelle-aquitaine-rencontre-la-directrice-regionale\/","name":"Le SNETAP-FSU Nouvelle Aquitaine rencontre la Directrice r\u00e9gionale - NOUVELLE AQUITAINE","isPartOf":{"@id":"https:\/\/regions-snetap-fsu.fr\/na\/#website"},"primaryImageOfPage":{"@id":"https:\/\/regions-snetap-fsu.fr\/na\/2023\/12\/11\/le-snetap-fsu-nouvelle-aquitaine-rencontre-la-directrice-regionale\/#primaryimage"},"image":{"@id":"https:\/\/regions-snetap-fsu.fr\/na\/2023\/12\/11\/le-snetap-fsu-nouvelle-aquitaine-rencontre-la-directrice-regionale\/#primaryimage"},"thumbnailUrl":"https:\/\/regions-snetap-fsu.fr\/na\/wp-content\/uploads\/sites\/3\/2023\/12\/Photo-blog.jpg","datePublished":"2023-12-10T23:55:18+00:00","dateModified":"2023-12-12T23:15:08+00:00","breadcrumb":{"@id":"https:\/\/regions-snetap-fsu.fr\/na\/2023\/12\/11\/le-snetap-fsu-nouvelle-aquitaine-rencontre-la-directrice-regionale\/#breadcrumb"},"inLanguage":"fr-FR","potentialAction":[{"@type":"ReadAction","target":["https:\/\/regions-snetap-fsu.fr\/na\/2023\/12\/11\/le-snetap-fsu-nouvelle-aquitaine-rencontre-la-directrice-regionale\/"]}]},{"@type":"ImageObject","inLanguage":"fr-FR","@id":"https:\/\/regions-snetap-fsu.fr\/na\/2023\/12\/11\/le-snetap-fsu-nouvelle-aquitaine-rencontre-la-directrice-regionale\/#primaryimage","url":"https:\/\/regions-snetap-fsu.fr\/na\/wp-content\/uploads\/sites\/3\/2023\/12\/Photo-blog.jpg","contentUrl":"https:\/\/regions-snetap-fsu.fr\/na\/wp-content\/uploads\/sites\/3\/2023\/12\/Photo-blog.jpg","width":1080,"height":1080},{"@type":"BreadcrumbList","@id":"https:\/\/regions-snetap-fsu.fr\/na\/2023\/12\/11\/le-snetap-fsu-nouvelle-aquitaine-rencontre-la-directrice-regionale\/#breadcrumb","itemListElement":[{"@type":"ListItem","position":1,"name":"Accueil","item":"https:\/\/regions-snetap-fsu.fr\/na\/"},{"@type":"ListItem","position":2,"name":"Le SNETAP-FSU Nouvelle Aquitaine rencontre la Directrice r\u00e9gionale"}]},{"@type":"WebSite","@id":"https:\/\/regions-snetap-fsu.fr\/na\/#website","url":"https:\/\/regions-snetap-fsu.fr\/na\/","name":"SNETAP-FSU NOUVELLE AQUITAINE","description":"Blog de la Section R\u00e9gionale","publisher":{"@id":"https:\/\/regions-snetap-fsu.fr\/na\/#organization"},"potentialAction":[{"@type":"SearchAction","target":{"@type":"EntryPoint","urlTemplate":"https:\/\/regions-snetap-fsu.fr\/na\/?s={search_term_string}"},"query-input":{"@type":"PropertyValueSpecification","valueRequired":true,"valueName":"search_term_string"}}],"inLanguage":"fr-FR"},{"@type":"Organization","@id":"https:\/\/regions-snetap-fsu.fr\/na\/#organization","name":"SNETAP-FSU - Nouvelle Aquitaine","url":"https:\/\/regions-snetap-fsu.fr\/na\/","logo":{"@type":"ImageObject","inLanguage":"fr-FR","@id":"https:\/\/regions-snetap-fsu.fr\/na\/#\/schema\/logo\/image\/","url":"https:\/\/regions-snetap-fsu.fr\/na\/wp-content\/uploads\/sites\/3\/2020\/12\/SNETAP-Logo.jpg","contentUrl":"https:\/\/regions-snetap-fsu.fr\/na\/wp-content\/uploads\/sites\/3\/2020\/12\/SNETAP-Logo.jpg","width":464,"height":334,"caption":"SNETAP-FSU - Nouvelle Aquitaine"},"image":{"@id":"https:\/\/regions-snetap-fsu.fr\/na\/#\/schema\/logo\/image\/"}},{"@type":"Person","@id":"https:\/\/regions-snetap-fsu.fr\/na\/#\/schema\/person\/bdf1c4fe149dcf915601f9de85ba379f","name":"olivierb","image":{"@type":"ImageObject","inLanguage":"fr-FR","@id":"https:\/\/secure.gravatar.com\/avatar\/d9cce0db1146844098d0ec7fae94551015c4ff78117aab56897823bb265a7bc9?s=96&d=mm&r=g","url":"https:\/\/secure.gravatar.com\/avatar\/d9cce0db1146844098d0ec7fae94551015c4ff78117aab56897823bb265a7bc9?s=96&d=mm&r=g","contentUrl":"https:\/\/secure.gravatar.com\/avatar\/d9cce0db1146844098d0ec7fae94551015c4ff78117aab56897823bb265a7bc9?s=96&d=mm&r=g","caption":"olivierb"},"url":"https:\/\/regions-snetap-fsu.fr\/na\/author\/olivierb\/"}]}},"_links":{"self":[{"href":"https:\/\/regions-snetap-fsu.fr\/na\/wp-json\/wp\/v2\/posts\/3507","targetHints":{"allow":["GET"]}}],"collection":[{"href":"https:\/\/regions-snetap-fsu.fr\/na\/wp-json\/wp\/v2\/posts"}],"about":[{"href":"https:\/\/regions-snetap-fsu.fr\/na\/wp-json\/wp\/v2\/types\/post"}],"author":[{"embeddable":true,"href":"https:\/\/regions-snetap-fsu.fr\/na\/wp-json\/wp\/v2\/users\/128"}],"replies":[{"embeddable":true,"href":"https:\/\/regions-snetap-fsu.fr\/na\/wp-json\/wp\/v2\/comments?post=3507"}],"version-history":[{"count":3,"href":"https:\/\/regions-snetap-fsu.fr\/na\/wp-json\/wp\/v2\/posts\/3507\/revisions"}],"predecessor-version":[{"id":3511,"href":"https:\/\/regions-snetap-fsu.fr\/na\/wp-json\/wp\/v2\/posts\/3507\/revisions\/3511"}],"wp:featuredmedia":[{"embeddable":true,"href":"https:\/\/regions-snetap-fsu.fr\/na\/wp-json\/wp\/v2\/media\/3509"}],"wp:attachment":[{"href":"https:\/\/regions-snetap-fsu.fr\/na\/wp-json\/wp\/v2\/media?parent=3507"}],"wp:term":[{"taxonomy":"category","embeddable":true,"href":"https:\/\/regions-snetap-fsu.fr\/na\/wp-json\/wp\/v2\/categories?post=3507"},{"taxonomy":"post_tag","embeddable":true,"href":"https:\/\/regions-snetap-fsu.fr\/na\/wp-json\/wp\/v2\/tags?post=3507"},{"taxonomy":"post_folder","embeddable":true,"href":"https:\/\/regions-snetap-fsu.fr\/na\/wp-json\/wp\/v2\/post_folder?post=3507"}],"curies":[{"name":"wp","href":"https:\/\/api.w.org\/{rel}","templated":true}]}}